{"id":9872,"date":"2026-07-16T12:55:53","date_gmt":"2026-07-16T10:55:53","guid":{"rendered":"https:\/\/liebke-foto.de\/maerkischeslicht\/?p=9872"},"modified":"2026-07-16T12:59:19","modified_gmt":"2026-07-16T10:59:19","slug":"aus-meinem-bildergarten-zweiter-teil","status":"publish","type":"post","link":"https:\/\/liebke-foto.de\/maerkischeslicht\/aus-meinem-bildergarten-zweiter-teil\/","title":{"rendered":"Aus meinem Bildergarten, zweiter Teil"},"content":{"rendered":"<div class=\"wp-block-image\">\n<figure class=\"aligncenter size-large\"><a href=\"https:\/\/liebke-foto.de\/maerkischeslicht\/wp-content\/uploads\/2026\/07\/FL85019_C1n.jpg\"><img loading=\"lazy\" decoding=\"async\" width=\"1199\" height=\"800\" src=\"https:\/\/liebke-foto.de\/maerkischeslicht\/wp-content\/uploads\/2026\/07\/FL85019_C1n-1199x800.jpg\" alt=\"Nach dem Gewitterregen in Amalienfelde.\" class=\"wp-image-9873\" srcset=\"https:\/\/liebke-foto.de\/maerkischeslicht\/wp-content\/uploads\/2026\/07\/FL85019_C1n-1199x800.jpg 1199w, https:\/\/liebke-foto.de\/maerkischeslicht\/wp-content\/uploads\/2026\/07\/FL85019_C1n-768x512.jpg 768w, https:\/\/liebke-foto.de\/maerkischeslicht\/wp-content\/uploads\/2026\/07\/FL85019_C1n.jpg 1400w\" sizes=\"auto, (max-width: 1199px) 100vw, 1199px\" \/><\/a><figcaption class=\"wp-element-caption\">Nach dem Gewitterregen in Amalienfelde.<\/figcaption><\/figure>\n<\/div>\n\n\n<p class=\"wp-block-paragraph\"><\/p>\n\n\n\n<h3 class=\"wp-block-heading has-text-align-center\">Wolken sind f\u00fcr mich die sch\u00f6nsten Geschenke<\/h3>\n\n\n\n<p class=\"wp-block-paragraph\"><\/p>\n\n\n\n<p class=\"wp-block-paragraph\">Ein durchweg blauer oder auch grauer Himmel reizt mich gar nicht. Jedenfalls nicht fotografisch. Aber sowie es Wolken gibt, am besten mit Wind, oder auch gern st\u00fcrmisch, dann werde ich richtig kribbelig. Dann lebt die geliebte Landschaft v\u00f6llig auf. Und dann habe ich gro\u00dfe Lust. Auf Bilder, die dort erscheinen und die ich dann so gern einsammele. Mit der Kamera, genau wie es mir die Natur zum Geschenk macht.<\/p>\n\n\n\n<p class=\"wp-block-paragraph\">Da braucht es keine KI oder AI, da reicht mir meine Intelligenz v\u00f6llig. Sehen, Erleben, tief in die Seele lassen. Und auf den Chip von meinen Nikon Z7. Am Rechner wird dann mit allem K\u00f6nnen, was sich (mit zig Fehlschl\u00e4gen in den Jahren) dann doch in mir angesammelt hat, entwickelt. Wie fr\u00fcher meine Farbnegative. Und dann entstehen diese Bilder, die alles ausdr\u00fccken, was ich im Moment des Erlebens und der Aufnahme tief empfunden habe.<\/p>\n\n\n\n<p class=\"wp-block-paragraph\">Diese beiden Bilder bei Amalienfelde im Oberhavel-Kreis sammelte ich nach einem abziehenden Sommergewitter. Der Tag war zum Bersten schw\u00fcl, das Gewitter die erhoffte Entspannung. Das Licht brach danach durch die Wolken und lie\u00df alle Tropfen glitzern, sch\u00f6ner als Diamanten. Verg\u00e4nglich sch\u00f6n, aber ich durfte dabei sein und sie als Geschenk mit nach Hause nehmen. Damit ich sie Euch schenken kann, zeigen, dass es sich \u00fcberall lohnt innezuhalten und das Leben im Land zu genie\u00dfen.<\/p>\n\n\n\n<p class=\"wp-block-paragraph\"><\/p>\n\n\n<div class=\"wp-block-image\">\n<figure class=\"aligncenter size-large\"><a href=\"https:\/\/liebke-foto.de\/maerkischeslicht\/wp-content\/uploads\/2026\/07\/FL85245_C1n.jpg\"><img loading=\"lazy\" decoding=\"async\" width=\"1199\" height=\"800\" src=\"https:\/\/liebke-foto.de\/maerkischeslicht\/wp-content\/uploads\/2026\/07\/FL85245_C1n-1199x800.jpg\" alt=\"Nach dem Gewitter k\u00e4mpft sich das Licht durch die Wolken\" class=\"wp-image-9874\" srcset=\"https:\/\/liebke-foto.de\/maerkischeslicht\/wp-content\/uploads\/2026\/07\/FL85245_C1n-1199x800.jpg 1199w, https:\/\/liebke-foto.de\/maerkischeslicht\/wp-content\/uploads\/2026\/07\/FL85245_C1n-768x512.jpg 768w, https:\/\/liebke-foto.de\/maerkischeslicht\/wp-content\/uploads\/2026\/07\/FL85245_C1n.jpg 1400w\" sizes=\"auto, (max-width: 1199px) 100vw, 1199px\" \/><\/a><figcaption class=\"wp-element-caption\">Nach dem Gewitter k\u00e4mpft sich das Licht durch die Wolken<\/figcaption><\/figure>\n<\/div>\n\n\n<p class=\"wp-block-paragraph\"><\/p>\n\n\n\n<p class=\"wp-block-paragraph\"><\/p>\n\n\n\n<div style=\"padding:20px\" class=\"wp-block-tnp-minimal\"><p>Subscribe to our newsletter!<\/p><div><div class=\"tnp tnp-subscription \">\n<form method=\"post\" action=\"https:\/\/liebke-foto.de\/maerkischeslicht\/wp-admin\/admin-ajax.php?action=tnp&amp;na=s\">\n<input type=\"hidden\" name=\"nlang\" value=\"\">\n<div class=\"tnp-field tnp-field-firstname\"><label for=\"tnp-1\">Vorname oder ganzer Name<\/label>\n<input class=\"tnp-name\" type=\"text\" name=\"nn\" id=\"tnp-1\" value=\"\" placeholder=\"\"><\/div>\n<div class=\"tnp-field tnp-field-email\"><label for=\"tnp-2\">Email<\/label>\n<input class=\"tnp-email\" type=\"email\" name=\"ne\" id=\"tnp-2\" value=\"\" placeholder=\"\" required><\/div>\n<div class=\"tnp-field tnp-privacy-field\"><label><input type=\"checkbox\" name=\"ny\" required class=\"tnp-privacy\"> Indem Du fortf\u00e4hrst, akzeptierst Du unsere Datenschutzerkl\u00e4rung.<\/label><\/div><div class=\"tnp-field tnp-field-button\" style=\"text-align: left\"><input class=\"tnp-submit\" type=\"submit\" value=\"Abonnieren\" style=\"\">\n<\/div>\n<\/form>\n<\/div>\n<\/div><\/div>\n\n\n\n<p class=\"wp-block-paragraph\"><\/p>\n\n\n\n\n\n<p class=\"wp-block-paragraph\"><\/p>\n\n\n","protected":false},"excerpt":{"rendered":"<p>Wolken sind f\u00fcr mich die sch\u00f6nsten Geschenke Ein durchweg blauer oder auch grauer Himmel reizt mich gar nicht. Jedenfalls nicht fotografisch. Aber sowie&#8230;<\/p>\n","protected":false},"author":1,"featured_media":9873,"comment_status":"open","ping_status":"open","sticky":false,"template":"","format":"standard","meta":{"footnotes":""},"categories":[337,9,11,287,10],"tags":[67,28,20],"class_list":["post-9872","post","type-post","status-publish","format-standard","has-post-thumbnail","hentry","category-bildergarten","category-fundstuecke","category-im-land-brandenburg-unterwegs","category-jahreszeiten","category-landschaft-mark-brandenburg-oberhavel-barnim","tag-mark-brandenburg","tag-maerkisches-licht","tag-oberhavel"],"_links":{"self":[{"href":"https:\/\/liebke-foto.de\/maerkischeslicht\/wp-json\/wp\/v2\/posts\/9872","targetHints":{"allow":["GET"]}}],"collection":[{"href":"https:\/\/liebke-foto.de\/maerkischeslicht\/wp-json\/wp\/v2\/posts"}],"about":[{"href":"https:\/\/liebke-foto.de\/maerkischeslicht\/wp-json\/wp\/v2\/types\/post"}],"author":[{"embeddable":true,"href":"https:\/\/liebke-foto.de\/maerkischeslicht\/wp-json\/wp\/v2\/users\/1"}],"replies":[{"embeddable":true,"href":"https:\/\/liebke-foto.de\/maerkischeslicht\/wp-json\/wp\/v2\/comments?post=9872"}],"version-history":[{"count":6,"href":"https:\/\/liebke-foto.de\/maerkischeslicht\/wp-json\/wp\/v2\/posts\/9872\/revisions"}],"predecessor-version":[{"id":9880,"href":"https:\/\/liebke-foto.de\/maerkischeslicht\/wp-json\/wp\/v2\/posts\/9872\/revisions\/9880"}],"wp:featuredmedia":[{"embeddable":true,"href":"https:\/\/liebke-foto.de\/maerkischeslicht\/wp-json\/wp\/v2\/media\/9873"}],"wp:attachment":[{"href":"https:\/\/liebke-foto.de\/maerkischeslicht\/wp-json\/wp\/v2\/media?parent=9872"}],"wp:term":[{"taxonomy":"category","embeddable":true,"href":"https:\/\/liebke-foto.de\/maerkischeslicht\/wp-json\/wp\/v2\/categories?post=9872"},{"taxonomy":"post_tag","embeddable":true,"href":"https:\/\/liebke-foto.de\/maerkischeslicht\/wp-json\/wp\/v2\/tags?post=9872"}],"curies":[{"name":"wp","href":"https:\/\/api.w.org\/{rel}","templated":true}]}}