{"id":9591,"date":"2026-01-26T18:52:44","date_gmt":"2026-01-26T16:52:44","guid":{"rendered":"https:\/\/liebke-foto.de\/maerkischeslicht\/?p=9591"},"modified":"2026-03-13T17:36:47","modified_gmt":"2026-03-13T15:36:47","slug":"ein-pool-fuer-unsere-gefiederten-freunde","status":"publish","type":"post","link":"https:\/\/liebke-foto.de\/maerkischeslicht\/ein-pool-fuer-unsere-gefiederten-freunde\/","title":{"rendered":"Ein Pool f\u00fcr unsere gefiederten Freunde"},"content":{"rendered":"<div class=\"wp-block-image\">\n<figure class=\"aligncenter size-large\"><a href=\"https:\/\/liebke-foto.de\/maerkischeslicht\/wp-content\/uploads\/2026\/01\/FZF3941_DxO.jpg\"><img loading=\"lazy\" decoding=\"async\" width=\"1126\" height=\"800\" src=\"https:\/\/liebke-foto.de\/maerkischeslicht\/wp-content\/uploads\/2026\/01\/FZF3941_DxO-1126x800.jpg\" alt=\"\" class=\"wp-image-9592\" srcset=\"https:\/\/liebke-foto.de\/maerkischeslicht\/wp-content\/uploads\/2026\/01\/FZF3941_DxO-1126x800.jpg 1126w, https:\/\/liebke-foto.de\/maerkischeslicht\/wp-content\/uploads\/2026\/01\/FZF3941_DxO-768x546.jpg 768w, https:\/\/liebke-foto.de\/maerkischeslicht\/wp-content\/uploads\/2026\/01\/FZF3941_DxO.jpg 1400w\" sizes=\"auto, (max-width: 1126px) 100vw, 1126px\" \/><\/a><figcaption class=\"wp-element-caption\">Hier kann jeder gut trinken&#8230;<\/figcaption><\/figure>\n<\/div>\n\n\n<p><\/p>\n\n\n\n<h3 class=\"wp-block-heading has-text-align-center\">&#8222;Und das nun auch noch beheizt, hat keiner in der Umgebung&#8230;<\/h3>\n\n\n\n<p><\/p>\n\n\n\n<p>&#8230;nur wir. Wir, die t\u00e4glich im Berliner Zaubergarten bei den Lebensfreudegef\u00e4hrten Patricia und Frank vorbeischauen. Und gn\u00e4digerweise das gebotene Futter annehmen. Ist immer zu sch\u00f6n, wie die beiden sich dann freuen \ud83d\ude00 &#8222;<\/p>\n\n\n\n<p>Das war schon gut. Aber menno, wenn man kr\u00e4ftig isst kommt auch kr\u00e4ftig Durst danach! Und da waren alle Wasserstellen im Zaubergarten zugefroren. War ja eisig in den letzten Tagen. Und dann kam eine Idee: Einfach am Tag ein Vogelbad mit temperierten Wasser f\u00fcllen und dazu einen Aquarienheizer hineinlegen. 15W Heizleistung reichen da v\u00f6llig f\u00fcr die kleine Fl\u00e4che. Und das kostet kaum Strom.<\/p>\n\n\n\n<p>Kaum hatte ich das geschickt bekommen, installiert und mit Wasser gef\u00fcllt, kamen schon jubelnde Zwitscherkommentare aus der 10m entfernten Hecke. Aha, wird alles beobachtet. Hatte ich aber nicht so ernst genommen. Doch kaum war ich drinnen, war Hochbetrieb am Becken. Die hatten alle so starken Durst. Es kamen sofort viele Blau- und Kohlmeisen. Das Amselp\u00e4rchen nach kurzer Skepsis ebenfalls.<\/p>\n\n\n\n<p>Dann das Rotkehlchen und die Spatzenbande. Auch eine Taube schaffte die Akrobatik an dem kleinen St\u00fcck sicher zu landen und zu trinken. Nun ja, da musste schnell nachgef\u00fcllt werden. Und wir waren seelig diese vielen gl\u00fccklichen Gesch\u00f6pfe erleben zu k\u00f6nnen. Nachdem der Durst gel\u00f6scht war, wurde sogar ausgiebig gebadet. H\u00e4tte ich nicht gedacht, aber sie taten es mit Wonne. <\/p>\n\n\n\n<p>Nach dem Dunkelwerden bauen wir das immer ab, so friert uns das Bad nicht zu. Nur Morgens sa\u00dfen sie schon im grauen Licht und erwarteten das gef\u00fcllte Bad. \ud83d\ude00<\/p>\n\n\n\n<p>Die Heizung: eine hygger Mini Aquarium Heizung, 15W, gekauft \u00fcber Amazon.<\/p>\n\n\n\n<p><\/p>\n\n\n<div class=\"wp-block-image\">\n<figure class=\"aligncenter size-large\"><a href=\"https:\/\/liebke-foto.de\/maerkischeslicht\/wp-content\/uploads\/2026\/01\/FZF4040_DxO.jpg\"><img loading=\"lazy\" decoding=\"async\" width=\"1142\" height=\"800\" src=\"https:\/\/liebke-foto.de\/maerkischeslicht\/wp-content\/uploads\/2026\/01\/FZF4040_DxO-1142x800.jpg\" alt=\"\" class=\"wp-image-9598\" srcset=\"https:\/\/liebke-foto.de\/maerkischeslicht\/wp-content\/uploads\/2026\/01\/FZF4040_DxO-1142x800.jpg 1142w, https:\/\/liebke-foto.de\/maerkischeslicht\/wp-content\/uploads\/2026\/01\/FZF4040_DxO-768x538.jpg 768w, https:\/\/liebke-foto.de\/maerkischeslicht\/wp-content\/uploads\/2026\/01\/FZF4040_DxO.jpg 1400w\" sizes=\"auto, (max-width: 1142px) 100vw, 1142px\" \/><\/a><figcaption class=\"wp-element-caption\">Eine hygger Mini Aquarium Heizung, 15W, gekauft \u00fcber Amazon, liegt flach im Bad, <br \/>das Kabel wurde einfach mit einem losen Stein fixiert<\/figcaption><\/figure>\n<\/div>\n\n\n<p><\/p>\n\n\n\n<p><\/p>\n\n\n<div class=\"wp-block-image\">\n<figure class=\"aligncenter size-large\"><a href=\"https:\/\/liebke-foto.de\/maerkischeslicht\/wp-content\/uploads\/2026\/01\/FZF3943_DxO.jpg\"><img loading=\"lazy\" decoding=\"async\" width=\"1091\" height=\"800\" src=\"https:\/\/liebke-foto.de\/maerkischeslicht\/wp-content\/uploads\/2026\/01\/FZF3943_DxO-1091x800.jpg\" alt=\"\" class=\"wp-image-9593\" srcset=\"https:\/\/liebke-foto.de\/maerkischeslicht\/wp-content\/uploads\/2026\/01\/FZF3943_DxO-1091x800.jpg 1091w, https:\/\/liebke-foto.de\/maerkischeslicht\/wp-content\/uploads\/2026\/01\/FZF3943_DxO-768x563.jpg 768w, https:\/\/liebke-foto.de\/maerkischeslicht\/wp-content\/uploads\/2026\/01\/FZF3943_DxO.jpg 1400w\" sizes=\"auto, (max-width: 1091px) 100vw, 1091px\" \/><\/a><figcaption class=\"wp-element-caption\">Aber ich nehme auch ein Bad, Sprung rein&#8230;<\/figcaption><\/figure>\n<\/div>\n\n\n<p><\/p>\n\n\n<div class=\"wp-block-image\">\n<figure class=\"aligncenter size-large\"><a href=\"https:\/\/liebke-foto.de\/maerkischeslicht\/wp-content\/uploads\/2026\/01\/FZF3975_DxO.jpg\"><img loading=\"lazy\" decoding=\"async\" width=\"1273\" height=\"800\" src=\"https:\/\/liebke-foto.de\/maerkischeslicht\/wp-content\/uploads\/2026\/01\/FZF3975_DxO-1273x800.jpg\" alt=\"\" class=\"wp-image-9594\" srcset=\"https:\/\/liebke-foto.de\/maerkischeslicht\/wp-content\/uploads\/2026\/01\/FZF3975_DxO-1273x800.jpg 1273w, https:\/\/liebke-foto.de\/maerkischeslicht\/wp-content\/uploads\/2026\/01\/FZF3975_DxO-768x483.jpg 768w, https:\/\/liebke-foto.de\/maerkischeslicht\/wp-content\/uploads\/2026\/01\/FZF3975_DxO-542x340.jpg 542w, https:\/\/liebke-foto.de\/maerkischeslicht\/wp-content\/uploads\/2026\/01\/FZF3975_DxO.jpg 1400w\" sizes=\"auto, (max-width: 1273px) 100vw, 1273px\" \/><\/a><figcaption class=\"wp-element-caption\">&#8230;und richtig plantschen!!!<\/figcaption><\/figure>\n<\/div>\n\n\n<p><\/p>\n\n\n\n<p><\/p>\n\n\n<div class=\"wp-block-image\">\n<figure class=\"aligncenter size-large\"><a href=\"https:\/\/liebke-foto.de\/maerkischeslicht\/wp-content\/uploads\/2026\/01\/FZF3993_DxO.jpg\"><img loading=\"lazy\" decoding=\"async\" width=\"1304\" height=\"800\" src=\"https:\/\/liebke-foto.de\/maerkischeslicht\/wp-content\/uploads\/2026\/01\/FZF3993_DxO-1304x800.jpg\" alt=\"\" class=\"wp-image-9595\" srcset=\"https:\/\/liebke-foto.de\/maerkischeslicht\/wp-content\/uploads\/2026\/01\/FZF3993_DxO-1304x800.jpg 1304w, https:\/\/liebke-foto.de\/maerkischeslicht\/wp-content\/uploads\/2026\/01\/FZF3993_DxO-768x471.jpg 768w, https:\/\/liebke-foto.de\/maerkischeslicht\/wp-content\/uploads\/2026\/01\/FZF3993_DxO.jpg 1400w\" sizes=\"auto, (max-width: 1304px) 100vw, 1304px\" \/><\/a><figcaption class=\"wp-element-caption\">Immer diese vorlauten Kohlmeisen.<\/figcaption><\/figure>\n<\/div>\n\n\n<p><\/p>\n\n\n\n<p><\/p>\n\n\n<div class=\"wp-block-image\">\n<figure class=\"aligncenter size-large\"><a href=\"https:\/\/liebke-foto.de\/maerkischeslicht\/wp-content\/uploads\/2026\/01\/FZF3997_DxO.jpg\"><img loading=\"lazy\" decoding=\"async\" width=\"1081\" height=\"800\" src=\"https:\/\/liebke-foto.de\/maerkischeslicht\/wp-content\/uploads\/2026\/01\/FZF3997_DxO-1081x800.jpg\" alt=\"\" class=\"wp-image-9596\" srcset=\"https:\/\/liebke-foto.de\/maerkischeslicht\/wp-content\/uploads\/2026\/01\/FZF3997_DxO-1081x800.jpg 1081w, https:\/\/liebke-foto.de\/maerkischeslicht\/wp-content\/uploads\/2026\/01\/FZF3997_DxO-768x568.jpg 768w, https:\/\/liebke-foto.de\/maerkischeslicht\/wp-content\/uploads\/2026\/01\/FZF3997_DxO.jpg 1400w\" sizes=\"auto, (max-width: 1081px) 100vw, 1081px\" \/><\/a><figcaption class=\"wp-element-caption\">Was die k\u00f6nnen, kann Blaumeise erst recht, sooo!!! \ud83d\ude00<\/figcaption><\/figure>\n<\/div>\n\n\n<p><\/p>\n\n\n\n<p><\/p>\n\n\n<div class=\"wp-block-image\">\n<figure class=\"aligncenter size-large\"><a href=\"https:\/\/liebke-foto.de\/maerkischeslicht\/wp-content\/uploads\/2026\/01\/FZF4032_DxO.jpg\"><img loading=\"lazy\" decoding=\"async\" width=\"1203\" height=\"800\" src=\"https:\/\/liebke-foto.de\/maerkischeslicht\/wp-content\/uploads\/2026\/01\/FZF4032_DxO-1203x800.jpg\" alt=\"\" class=\"wp-image-9597\" srcset=\"https:\/\/liebke-foto.de\/maerkischeslicht\/wp-content\/uploads\/2026\/01\/FZF4032_DxO-1203x800.jpg 1203w, https:\/\/liebke-foto.de\/maerkischeslicht\/wp-content\/uploads\/2026\/01\/FZF4032_DxO-768x511.jpg 768w, https:\/\/liebke-foto.de\/maerkischeslicht\/wp-content\/uploads\/2026\/01\/FZF4032_DxO.jpg 1400w\" sizes=\"auto, (max-width: 1203px) 100vw, 1203px\" \/><\/a><figcaption class=\"wp-element-caption\">Nun ja, elegant ist anders. Aber DAS war sooo gei&#8230;. !! \ud83d\ude00<\/figcaption><\/figure>\n<\/div>\n\n\n<p><\/p>\n\n\n\n<p><\/p>\n\n\n\n<div style=\"padding:20px\" class=\"wp-block-tnp-minimal\"><p>Ich m\u00f6chte eine Nachricht erhalten, wenn es neue Geschichten gibt!<\/p><div><div class=\"tnp tnp-subscription \">\n<form method=\"post\" action=\"https:\/\/liebke-foto.de\/maerkischeslicht\/wp-admin\/admin-ajax.php?action=tnp&amp;na=s\">\n<input type=\"hidden\" name=\"nlang\" value=\"\">\n<div class=\"tnp-field tnp-field-firstname\"><label for=\"tnp-1\">Vorname oder ganzer Name<\/label>\n<input class=\"tnp-name\" type=\"text\" name=\"nn\" id=\"tnp-1\" value=\"\" placeholder=\"\"><\/div>\n<div class=\"tnp-field tnp-field-email\"><label for=\"tnp-2\">Email<\/label>\n<input class=\"tnp-email\" type=\"email\" name=\"ne\" id=\"tnp-2\" value=\"\" placeholder=\"\" required><\/div>\n<div class=\"tnp-field tnp-privacy-field\"><label><input type=\"checkbox\" name=\"ny\" required class=\"tnp-privacy\"> Indem Du fortf\u00e4hrst, akzeptierst Du unsere Datenschutzerkl\u00e4rung.<\/label><\/div><div class=\"tnp-field tnp-field-button\" style=\"text-align: left\"><input class=\"tnp-submit\" type=\"submit\" value=\"Abonnieren\" style=\"\">\n<\/div>\n<\/form>\n<\/div>\n<\/div><\/div>\n\n\n\n<p><\/p>\n\n\n\n\n\n<p><\/p>\n\n\n","protected":false},"excerpt":{"rendered":"<p>&#8222;Und das nun auch noch beheizt, hat keiner in der Umgebung&#8230; &#8230;nur wir. Wir, die t\u00e4glich im Berliner Zaubergarten bei den Lebensfreudegef\u00e4hrten Patricia&#8230;<\/p>\n","protected":false},"author":1,"featured_media":9592,"comment_status":"open","ping_status":"open","sticky":false,"template":"","format":"standard","meta":{"footnotes":""},"categories":[284,296,287],"tags":[],"class_list":["post-9591","post","type-post","status-publish","format-standard","has-post-thumbnail","hentry","category-berlin","category-garten","category-jahreszeiten"],"yoast_head":"<!-- This site is optimized with the Yoast SEO plugin v27.4 - https:\/\/yoast.com\/product\/yoast-seo-wordpress\/ -->\n<title>Ein Pool f\u00fcr unsere gefiederten Freunde - M\u00e4rkisches Licht - Der Fotograf der Stille<\/title>\n<meta name=\"description\" content=\"Ein Pool f\u00fcr unsere gefiederten Freunde\" \/>\n<meta name=\"robots\" content=\"index, follow, max-snippet:-1, max-image-preview:large, max-video-preview:-1\" \/>\n<link rel=\"canonical\" href=\"https:\/\/liebke-foto.de\/maerkischeslicht\/ein-pool-fuer-unsere-gefiederten-freunde\/\" \/>\n<meta property=\"og:locale\" content=\"de_DE\" \/>\n<meta property=\"og:type\" content=\"article\" \/>\n<meta property=\"og:title\" content=\"Ein Pool f\u00fcr unsere gefiederten Freunde - M\u00e4rkisches Licht - Der Fotograf der Stille\" \/>\n<meta property=\"og:description\" content=\"Ein Pool f\u00fcr unsere gefiederten Freunde\" \/>\n<meta property=\"og:url\" content=\"https:\/\/liebke-foto.de\/maerkischeslicht\/ein-pool-fuer-unsere-gefiederten-freunde\/\" \/>\n<meta property=\"og:site_name\" content=\"M\u00e4rkisches Licht - Der Fotograf der Stille\" \/>\n<meta property=\"article:published_time\" content=\"2026-01-26T16:52:44+00:00\" \/>\n<meta property=\"article:modified_time\" content=\"2026-03-13T15:36:47+00:00\" \/>\n<meta property=\"og:image\" content=\"https:\/\/liebke-foto.de\/maerkischeslicht\/wp-content\/uploads\/2026\/01\/FZF3941_DxO.jpg\" \/>\n\t<meta property=\"og:image:width\" content=\"1400\" \/>\n\t<meta property=\"og:image:height\" content=\"995\" \/>\n\t<meta property=\"og:image:type\" content=\"image\/jpeg\" \/>\n<meta name=\"author\" content=\"Frank Liebke\" \/>\n<meta name=\"twitter:card\" content=\"summary_large_image\" \/>\n<meta name=\"twitter:label1\" content=\"Verfasst von\" \/>\n\t<meta name=\"twitter:data1\" content=\"Frank Liebke\" \/>\n\t<meta name=\"twitter:label2\" content=\"Gesch\u00e4tzte Lesezeit\" \/>\n\t<meta name=\"twitter:data2\" content=\"2\u00a0Minuten\" \/>\n<script type=\"application\/ld+json\" class=\"yoast-schema-graph\">{\"@context\":\"https:\\\/\\\/schema.org\",\"@graph\":[{\"@type\":\"Article\",\"@id\":\"https:\\\/\\\/liebke-foto.de\\\/maerkischeslicht\\\/ein-pool-fuer-unsere-gefiederten-freunde\\\/#article\",\"isPartOf\":{\"@id\":\"https:\\\/\\\/liebke-foto.de\\\/maerkischeslicht\\\/ein-pool-fuer-unsere-gefiederten-freunde\\\/\"},\"author\":{\"name\":\"Frank Liebke\",\"@id\":\"https:\\\/\\\/liebke-foto.de\\\/maerkischeslicht\\\/#\\\/schema\\\/person\\\/d71108abc09a723daeeb8526a33137ee\"},\"headline\":\"Ein Pool f\u00fcr unsere gefiederten Freunde\",\"datePublished\":\"2026-01-26T16:52:44+00:00\",\"dateModified\":\"2026-03-13T15:36:47+00:00\",\"mainEntityOfPage\":{\"@id\":\"https:\\\/\\\/liebke-foto.de\\\/maerkischeslicht\\\/ein-pool-fuer-unsere-gefiederten-freunde\\\/\"},\"wordCount\":368,\"commentCount\":0,\"publisher\":{\"@id\":\"https:\\\/\\\/liebke-foto.de\\\/maerkischeslicht\\\/#\\\/schema\\\/person\\\/d71108abc09a723daeeb8526a33137ee\"},\"image\":{\"@id\":\"https:\\\/\\\/liebke-foto.de\\\/maerkischeslicht\\\/ein-pool-fuer-unsere-gefiederten-freunde\\\/#primaryimage\"},\"thumbnailUrl\":\"https:\\\/\\\/liebke-foto.de\\\/maerkischeslicht\\\/wp-content\\\/uploads\\\/2026\\\/01\\\/FZF3941_DxO.jpg\",\"articleSection\":[\"Berlin\",\"Garten\",\"Jahreszeiten\"],\"inLanguage\":\"de\",\"potentialAction\":[{\"@type\":\"CommentAction\",\"name\":\"Comment\",\"target\":[\"https:\\\/\\\/liebke-foto.de\\\/maerkischeslicht\\\/ein-pool-fuer-unsere-gefiederten-freunde\\\/#respond\"]}]},{\"@type\":\"WebPage\",\"@id\":\"https:\\\/\\\/liebke-foto.de\\\/maerkischeslicht\\\/ein-pool-fuer-unsere-gefiederten-freunde\\\/\",\"url\":\"https:\\\/\\\/liebke-foto.de\\\/maerkischeslicht\\\/ein-pool-fuer-unsere-gefiederten-freunde\\\/\",\"name\":\"Ein Pool f\u00fcr unsere gefiederten Freunde - M\u00e4rkisches Licht - Der Fotograf der Stille\",\"isPartOf\":{\"@id\":\"https:\\\/\\\/liebke-foto.de\\\/maerkischeslicht\\\/#website\"},\"primaryImageOfPage\":{\"@id\":\"https:\\\/\\\/liebke-foto.de\\\/maerkischeslicht\\\/ein-pool-fuer-unsere-gefiederten-freunde\\\/#primaryimage\"},\"image\":{\"@id\":\"https:\\\/\\\/liebke-foto.de\\\/maerkischeslicht\\\/ein-pool-fuer-unsere-gefiederten-freunde\\\/#primaryimage\"},\"thumbnailUrl\":\"https:\\\/\\\/liebke-foto.de\\\/maerkischeslicht\\\/wp-content\\\/uploads\\\/2026\\\/01\\\/FZF3941_DxO.jpg\",\"datePublished\":\"2026-01-26T16:52:44+00:00\",\"dateModified\":\"2026-03-13T15:36:47+00:00\",\"description\":\"Ein Pool f\u00fcr unsere gefiederten Freunde\",\"breadcrumb\":{\"@id\":\"https:\\\/\\\/liebke-foto.de\\\/maerkischeslicht\\\/ein-pool-fuer-unsere-gefiederten-freunde\\\/#breadcrumb\"},\"inLanguage\":\"de\",\"potentialAction\":[{\"@type\":\"ReadAction\",\"target\":[\"https:\\\/\\\/liebke-foto.de\\\/maerkischeslicht\\\/ein-pool-fuer-unsere-gefiederten-freunde\\\/\"]}]},{\"@type\":\"ImageObject\",\"inLanguage\":\"de\",\"@id\":\"https:\\\/\\\/liebke-foto.de\\\/maerkischeslicht\\\/ein-pool-fuer-unsere-gefiederten-freunde\\\/#primaryimage\",\"url\":\"https:\\\/\\\/liebke-foto.de\\\/maerkischeslicht\\\/wp-content\\\/uploads\\\/2026\\\/01\\\/FZF3941_DxO.jpg\",\"contentUrl\":\"https:\\\/\\\/liebke-foto.de\\\/maerkischeslicht\\\/wp-content\\\/uploads\\\/2026\\\/01\\\/FZF3941_DxO.jpg\",\"width\":1400,\"height\":995},{\"@type\":\"BreadcrumbList\",\"@id\":\"https:\\\/\\\/liebke-foto.de\\\/maerkischeslicht\\\/ein-pool-fuer-unsere-gefiederten-freunde\\\/#breadcrumb\",\"itemListElement\":[{\"@type\":\"ListItem\",\"position\":1,\"name\":\"Startseite\",\"item\":\"https:\\\/\\\/liebke-foto.de\\\/maerkischeslicht\\\/\"},{\"@type\":\"ListItem\",\"position\":2,\"name\":\"Ein Pool f\u00fcr unsere gefiederten Freunde\"}]},{\"@type\":\"WebSite\",\"@id\":\"https:\\\/\\\/liebke-foto.de\\\/maerkischeslicht\\\/#website\",\"url\":\"https:\\\/\\\/liebke-foto.de\\\/maerkischeslicht\\\/\",\"name\":\"M\u00e4rkisches Licht - Der Fotograf der Stille\",\"description\":\"Die Liebe zum Leben...\",\"publisher\":{\"@id\":\"https:\\\/\\\/liebke-foto.de\\\/maerkischeslicht\\\/#\\\/schema\\\/person\\\/d71108abc09a723daeeb8526a33137ee\"},\"potentialAction\":[{\"@type\":\"SearchAction\",\"target\":{\"@type\":\"EntryPoint\",\"urlTemplate\":\"https:\\\/\\\/liebke-foto.de\\\/maerkischeslicht\\\/?s={search_term_string}\"},\"query-input\":{\"@type\":\"PropertyValueSpecification\",\"valueRequired\":true,\"valueName\":\"search_term_string\"}}],\"inLanguage\":\"de\"},{\"@type\":[\"Person\",\"Organization\"],\"@id\":\"https:\\\/\\\/liebke-foto.de\\\/maerkischeslicht\\\/#\\\/schema\\\/person\\\/d71108abc09a723daeeb8526a33137ee\",\"name\":\"Frank Liebke\",\"image\":{\"@type\":\"ImageObject\",\"inLanguage\":\"de\",\"@id\":\"https:\\\/\\\/liebke-foto.de\\\/maerkischeslicht\\\/wp-content\\\/uploads\\\/2021\\\/12\\\/IMG-20211024-WA0001.jpg\",\"url\":\"https:\\\/\\\/liebke-foto.de\\\/maerkischeslicht\\\/wp-content\\\/uploads\\\/2021\\\/12\\\/IMG-20211024-WA0001.jpg\",\"contentUrl\":\"https:\\\/\\\/liebke-foto.de\\\/maerkischeslicht\\\/wp-content\\\/uploads\\\/2021\\\/12\\\/IMG-20211024-WA0001.jpg\",\"width\":900,\"height\":1600,\"caption\":\"Frank Liebke\"},\"logo\":{\"@id\":\"https:\\\/\\\/liebke-foto.de\\\/maerkischeslicht\\\/wp-content\\\/uploads\\\/2021\\\/12\\\/IMG-20211024-WA0001.jpg\"},\"sameAs\":[\"https:\\\/\\\/liebke-foto.de\"],\"url\":\"https:\\\/\\\/liebke-foto.de\\\/maerkischeslicht\\\/author\\\/adminuser\\\/\"}]}<\/script>\n<!-- \/ Yoast SEO plugin. -->","yoast_head_json":{"title":"Ein Pool f\u00fcr unsere gefiederten Freunde - M\u00e4rkisches Licht - Der Fotograf der Stille","description":"Ein Pool f\u00fcr unsere gefiederten Freunde","robots":{"index":"index","follow":"follow","max-snippet":"max-snippet:-1","max-image-preview":"max-image-preview:large","max-video-preview":"max-video-preview:-1"},"canonical":"https:\/\/liebke-foto.de\/maerkischeslicht\/ein-pool-fuer-unsere-gefiederten-freunde\/","og_locale":"de_DE","og_type":"article","og_title":"Ein Pool f\u00fcr unsere gefiederten Freunde - M\u00e4rkisches Licht - Der Fotograf der Stille","og_description":"Ein Pool f\u00fcr unsere gefiederten Freunde","og_url":"https:\/\/liebke-foto.de\/maerkischeslicht\/ein-pool-fuer-unsere-gefiederten-freunde\/","og_site_name":"M\u00e4rkisches Licht - Der Fotograf der Stille","article_published_time":"2026-01-26T16:52:44+00:00","article_modified_time":"2026-03-13T15:36:47+00:00","og_image":[{"width":1400,"height":995,"url":"https:\/\/liebke-foto.de\/maerkischeslicht\/wp-content\/uploads\/2026\/01\/FZF3941_DxO.jpg","type":"image\/jpeg"}],"author":"Frank Liebke","twitter_card":"summary_large_image","twitter_misc":{"Verfasst von":"Frank Liebke","Gesch\u00e4tzte Lesezeit":"2\u00a0Minuten"},"schema":{"@context":"https:\/\/schema.org","@graph":[{"@type":"Article","@id":"https:\/\/liebke-foto.de\/maerkischeslicht\/ein-pool-fuer-unsere-gefiederten-freunde\/#article","isPartOf":{"@id":"https:\/\/liebke-foto.de\/maerkischeslicht\/ein-pool-fuer-unsere-gefiederten-freunde\/"},"author":{"name":"Frank Liebke","@id":"https:\/\/liebke-foto.de\/maerkischeslicht\/#\/schema\/person\/d71108abc09a723daeeb8526a33137ee"},"headline":"Ein Pool f\u00fcr unsere gefiederten Freunde","datePublished":"2026-01-26T16:52:44+00:00","dateModified":"2026-03-13T15:36:47+00:00","mainEntityOfPage":{"@id":"https:\/\/liebke-foto.de\/maerkischeslicht\/ein-pool-fuer-unsere-gefiederten-freunde\/"},"wordCount":368,"commentCount":0,"publisher":{"@id":"https:\/\/liebke-foto.de\/maerkischeslicht\/#\/schema\/person\/d71108abc09a723daeeb8526a33137ee"},"image":{"@id":"https:\/\/liebke-foto.de\/maerkischeslicht\/ein-pool-fuer-unsere-gefiederten-freunde\/#primaryimage"},"thumbnailUrl":"https:\/\/liebke-foto.de\/maerkischeslicht\/wp-content\/uploads\/2026\/01\/FZF3941_DxO.jpg","articleSection":["Berlin","Garten","Jahreszeiten"],"inLanguage":"de","potentialAction":[{"@type":"CommentAction","name":"Comment","target":["https:\/\/liebke-foto.de\/maerkischeslicht\/ein-pool-fuer-unsere-gefiederten-freunde\/#respond"]}]},{"@type":"WebPage","@id":"https:\/\/liebke-foto.de\/maerkischeslicht\/ein-pool-fuer-unsere-gefiederten-freunde\/","url":"https:\/\/liebke-foto.de\/maerkischeslicht\/ein-pool-fuer-unsere-gefiederten-freunde\/","name":"Ein Pool f\u00fcr unsere gefiederten Freunde - M\u00e4rkisches Licht - Der Fotograf der Stille","isPartOf":{"@id":"https:\/\/liebke-foto.de\/maerkischeslicht\/#website"},"primaryImageOfPage":{"@id":"https:\/\/liebke-foto.de\/maerkischeslicht\/ein-pool-fuer-unsere-gefiederten-freunde\/#primaryimage"},"image":{"@id":"https:\/\/liebke-foto.de\/maerkischeslicht\/ein-pool-fuer-unsere-gefiederten-freunde\/#primaryimage"},"thumbnailUrl":"https:\/\/liebke-foto.de\/maerkischeslicht\/wp-content\/uploads\/2026\/01\/FZF3941_DxO.jpg","datePublished":"2026-01-26T16:52:44+00:00","dateModified":"2026-03-13T15:36:47+00:00","description":"Ein Pool f\u00fcr unsere gefiederten Freunde","breadcrumb":{"@id":"https:\/\/liebke-foto.de\/maerkischeslicht\/ein-pool-fuer-unsere-gefiederten-freunde\/#breadcrumb"},"inLanguage":"de","potentialAction":[{"@type":"ReadAction","target":["https:\/\/liebke-foto.de\/maerkischeslicht\/ein-pool-fuer-unsere-gefiederten-freunde\/"]}]},{"@type":"ImageObject","inLanguage":"de","@id":"https:\/\/liebke-foto.de\/maerkischeslicht\/ein-pool-fuer-unsere-gefiederten-freunde\/#primaryimage","url":"https:\/\/liebke-foto.de\/maerkischeslicht\/wp-content\/uploads\/2026\/01\/FZF3941_DxO.jpg","contentUrl":"https:\/\/liebke-foto.de\/maerkischeslicht\/wp-content\/uploads\/2026\/01\/FZF3941_DxO.jpg","width":1400,"height":995},{"@type":"BreadcrumbList","@id":"https:\/\/liebke-foto.de\/maerkischeslicht\/ein-pool-fuer-unsere-gefiederten-freunde\/#breadcrumb","itemListElement":[{"@type":"ListItem","position":1,"name":"Startseite","item":"https:\/\/liebke-foto.de\/maerkischeslicht\/"},{"@type":"ListItem","position":2,"name":"Ein Pool f\u00fcr unsere gefiederten Freunde"}]},{"@type":"WebSite","@id":"https:\/\/liebke-foto.de\/maerkischeslicht\/#website","url":"https:\/\/liebke-foto.de\/maerkischeslicht\/","name":"M\u00e4rkisches Licht - Der Fotograf der Stille","description":"Die Liebe zum Leben...","publisher":{"@id":"https:\/\/liebke-foto.de\/maerkischeslicht\/#\/schema\/person\/d71108abc09a723daeeb8526a33137ee"},"potentialAction":[{"@type":"SearchAction","target":{"@type":"EntryPoint","urlTemplate":"https:\/\/liebke-foto.de\/maerkischeslicht\/?s={search_term_string}"},"query-input":{"@type":"PropertyValueSpecification","valueRequired":true,"valueName":"search_term_string"}}],"inLanguage":"de"},{"@type":["Person","Organization"],"@id":"https:\/\/liebke-foto.de\/maerkischeslicht\/#\/schema\/person\/d71108abc09a723daeeb8526a33137ee","name":"Frank Liebke","image":{"@type":"ImageObject","inLanguage":"de","@id":"https:\/\/liebke-foto.de\/maerkischeslicht\/wp-content\/uploads\/2021\/12\/IMG-20211024-WA0001.jpg","url":"https:\/\/liebke-foto.de\/maerkischeslicht\/wp-content\/uploads\/2021\/12\/IMG-20211024-WA0001.jpg","contentUrl":"https:\/\/liebke-foto.de\/maerkischeslicht\/wp-content\/uploads\/2021\/12\/IMG-20211024-WA0001.jpg","width":900,"height":1600,"caption":"Frank Liebke"},"logo":{"@id":"https:\/\/liebke-foto.de\/maerkischeslicht\/wp-content\/uploads\/2021\/12\/IMG-20211024-WA0001.jpg"},"sameAs":["https:\/\/liebke-foto.de"],"url":"https:\/\/liebke-foto.de\/maerkischeslicht\/author\/adminuser\/"}]}},"_links":{"self":[{"href":"https:\/\/liebke-foto.de\/maerkischeslicht\/wp-json\/wp\/v2\/posts\/9591","targetHints":{"allow":["GET"]}}],"collection":[{"href":"https:\/\/liebke-foto.de\/maerkischeslicht\/wp-json\/wp\/v2\/posts"}],"about":[{"href":"https:\/\/liebke-foto.de\/maerkischeslicht\/wp-json\/wp\/v2\/types\/post"}],"author":[{"embeddable":true,"href":"https:\/\/liebke-foto.de\/maerkischeslicht\/wp-json\/wp\/v2\/users\/1"}],"replies":[{"embeddable":true,"href":"https:\/\/liebke-foto.de\/maerkischeslicht\/wp-json\/wp\/v2\/comments?post=9591"}],"version-history":[{"count":7,"href":"https:\/\/liebke-foto.de\/maerkischeslicht\/wp-json\/wp\/v2\/posts\/9591\/revisions"}],"predecessor-version":[{"id":9673,"href":"https:\/\/liebke-foto.de\/maerkischeslicht\/wp-json\/wp\/v2\/posts\/9591\/revisions\/9673"}],"wp:featuredmedia":[{"embeddable":true,"href":"https:\/\/liebke-foto.de\/maerkischeslicht\/wp-json\/wp\/v2\/media\/9592"}],"wp:attachment":[{"href":"https:\/\/liebke-foto.de\/maerkischeslicht\/wp-json\/wp\/v2\/media?parent=9591"}],"wp:term":[{"taxonomy":"category","embeddable":true,"href":"https:\/\/liebke-foto.de\/maerkischeslicht\/wp-json\/wp\/v2\/categories?post=9591"},{"taxonomy":"post_tag","embeddable":true,"href":"https:\/\/liebke-foto.de\/maerkischeslicht\/wp-json\/wp\/v2\/tags?post=9591"}],"curies":[{"name":"wp","href":"https:\/\/api.w.org\/{rel}","templated":true}]}}