{"id":9355,"date":"2025-08-25T11:49:09","date_gmt":"2025-08-25T09:49:09","guid":{"rendered":"https:\/\/liebke-foto.de\/maerkischeslicht\/?p=9355"},"modified":"2025-08-25T11:49:11","modified_gmt":"2025-08-25T09:49:11","slug":"und-wie-geht-es-weiter","status":"publish","type":"post","link":"https:\/\/liebke-foto.de\/maerkischeslicht\/und-wie-geht-es-weiter\/","title":{"rendered":"Und wie geht es weiter?"},"content":{"rendered":"<div class=\"wp-block-image\">\n<figure class=\"aligncenter size-full\"><a href=\"https:\/\/liebke-foto.de\/maerkischeslicht\/wp-content\/uploads\/2025\/08\/ich-IMG-20210806-WA0003.jpg\"><img loading=\"lazy\" decoding=\"async\" width=\"1400\" height=\"788\" src=\"https:\/\/liebke-foto.de\/maerkischeslicht\/wp-content\/uploads\/2025\/08\/ich-IMG-20210806-WA0003.jpg\" alt=\"Die Landschaft meiner Heimat, immer sch\u00f6nste Ziele\" class=\"wp-image-9357\" srcset=\"https:\/\/liebke-foto.de\/maerkischeslicht\/wp-content\/uploads\/2025\/08\/ich-IMG-20210806-WA0003.jpg 1400w, https:\/\/liebke-foto.de\/maerkischeslicht\/wp-content\/uploads\/2025\/08\/ich-IMG-20210806-WA0003-768x432.jpg 768w\" sizes=\"auto, (max-width: 1400px) 100vw, 1400px\" \/><\/a><figcaption class=\"wp-element-caption\">Die Landschaft meiner Heimat, immer sch\u00f6nste Ziele<\/figcaption><\/figure>\n<\/div>\n\n\n<h2 class=\"wp-block-heading has-text-align-center\">Am Liebsten gesund und voller Elan<\/h2>\n\n\n\n<p>Nun mit gewordenen 65 Lebensjahren komme ich auch mal (kurz) zum Nachdenken. \u00dcber Geschafftes, wie alles begann (<a href=\"https:\/\/liebke-foto.de\/maerkischeslicht\/wie-es-begann-mit-dem-maerkischen-licht\/\" target=\"_blank\" rel=\"noreferrer noopener\">siehe vorigen Blog<\/a>) und wie mein gegenw\u00e4rtiger Stand ist. Denn die Gegenwart ist doch das Wichtigste, finde ich. Am Vergangenen l\u00e4sst sich wenig \u00e4ndern, aber man kann vieles draus lernen und Entscheidungen treffen. Zum Beispiel, die in der Zukunft positiv wirken k\u00f6nnten. Nur, das wei\u00df man nie genau, denn das ist ja die Zukunft \ud83d\ude09<\/p>\n\n\n\n<p>Aber Jetzt und Hier ist alles was man gerade tut. Und das ist f\u00fcr mich sehr froh, belebend, unterhaltsam und erfrischend. Vor allem mit meiner lieben Lebensfreudegef\u00e4hrtin <a href=\"http:\/\/patriciakoelle.com\" target=\"_blank\" rel=\"noreferrer noopener\">Patricia Koelle<\/a>. Und meiner ersten Immer-Freundin, toleriert von Patricia und geliebt von uns beiden. Die Fotografie. Das Haltbarmachen sch\u00f6nster Erlebnisse und Erinnerungen. <\/p>\n\n\n\n<p>Auch wenn mich nun manchmal ein gewisser Frust beschleicht, eine Resignation, wenn ich \u00fcber alles Menschengemachte so nachdenke. Und sehe, gegenw\u00e4rtig, was alles abl\u00e4uft. V\u00f6llig logisch unlogisch. Erstaunt, dass so ein Bl\u00f6dsinn \u00fcberhaupt m\u00f6glich ist. Menschen Idioten, Lackaffen und Kriegsherrliche zu ihren F\u00fchrern w\u00e4hlen. Nach allem was sie allein im letzten Jahrhundert ertragen werden musste. Dann wei\u00df ich bestimmt, es wird sich daran nie was \u00e4ndern. Irgendwann wird sich der Mensch komplett selbst ausl\u00f6schen.<\/p>\n\n\n\n<p>Aber bis dahin ist hoffentlich noch Zeit. Und die m\u00f6chte ich mit sch\u00f6nen Dingen nutzen. Bilder sammeln, einfangen, um anderen zu zeigen, was sie verlieren werden. Und wie sch\u00f6n doch die Welt IST, und nicht sein kann. Denn alle meine Bilder, meine Erlebnisse sind ungelogen echt!<\/p>\n\n\n\n<p>Trotzdem nutze ich nat\u00fcrlich die modernste Technik. Neue Software zum Konvertieren meiner aufgenommenen Bild-Rohdaten hilft mir immer besser, meine Bilder so zu entwickeln, wie ich sie erlebt habe. Mit all der Magie, die mich vor Ort so fasziniert hat, mich zum Lachen und zum Weinen vor Freude, gleichzeitig, brachte. <\/p>\n\n\n\n<p>Die Umstellung meiner Bearbeitungsstrategie mit dem neuen Konverter einhergehend. Damit viel Lernen. Altes \u00fcber Bord schmei\u00dfen. Die Bildt\u00f6ne mit sanfteren Feinheiten aus den Daten locken. Ein ganz neues und sehr befriedigendes &#8222;Abenteuer&#8220; f\u00fcr mich. <\/p>\n\n\n\n<p>N\u00f6, Aufh\u00f6ren und Rumjammern sind f\u00fcr mich gar keine Option. Die Gesundheit muss ab und an mal repariert werden, aber ich liebe mein gegenw\u00e4rtiges Leben so sehr, dass ich damit genug Anlass habe, mich auf jeden neuen Tag zu freuen. Und das w\u00fcnsche ich Euch auch, Amen \ud83d\ude09 \ud83d\ude00 <\/p>\n\n\n\n<p><\/p>\n\n\n<div class=\"wp-block-image\">\n<figure class=\"aligncenter size-large\"><a href=\"https:\/\/liebke-foto.de\/maerkischeslicht\/wp-content\/uploads\/2025\/08\/FZL3140_DxO.jpg\"><img loading=\"lazy\" decoding=\"async\" width=\"1243\" height=\"800\" src=\"https:\/\/liebke-foto.de\/maerkischeslicht\/wp-content\/uploads\/2025\/08\/FZL3140_DxO-1243x800.jpg\" alt=\"\" class=\"wp-image-9362\" srcset=\"https:\/\/liebke-foto.de\/maerkischeslicht\/wp-content\/uploads\/2025\/08\/FZL3140_DxO-1243x800.jpg 1243w, https:\/\/liebke-foto.de\/maerkischeslicht\/wp-content\/uploads\/2025\/08\/FZL3140_DxO-768x494.jpg 768w, https:\/\/liebke-foto.de\/maerkischeslicht\/wp-content\/uploads\/2025\/08\/FZL3140_DxO.jpg 1400w\" sizes=\"auto, (max-width: 1243px) 100vw, 1243px\" \/><\/a><figcaption class=\"wp-element-caption\">Morgens Gewitter und Regen am Naturgut K\u00f6llnitz am Gro\u00df Schauener See in Sielmanns Naturlandschaften. Und DAS erlebten wir genau so! Alles echt, kein Fake! Denn die Natur kann tolle Dinge. Wenn man bereit ist in Stille zu beobachten. Zeit zum Innehalten. \ud83d\ude42<\/figcaption><\/figure>\n<\/div>","protected":false},"excerpt":{"rendered":"<p>Am Liebsten gesund und voller Elan Nun mit gewordenen 65 Lebensjahren komme ich auch mal (kurz) zum Nachdenken. \u00dcber Geschafftes, wie alles begann&#8230;<\/p>\n","protected":false},"author":1,"featured_media":9357,"comment_status":"open","ping_status":"open","sticky":false,"template":"","format":"standard","meta":{"footnotes":""},"categories":[1,66,10],"tags":[],"class_list":["post-9355","post","type-post","status-publish","format-standard","has-post-thumbnail","hentry","category-allgemein","category-landpartie","category-landschaft-mark-brandenburg-oberhavel-barnim"],"yoast_head":"<!-- This site is optimized with the Yoast SEO plugin v27.4 - https:\/\/yoast.com\/product\/yoast-seo-wordpress\/ -->\n<title>Und wie geht es weiter? - M\u00e4rkisches Licht - Der Fotograf der Stille<\/title>\n<meta name=\"description\" content=\"Und wie geht es weiter?\" \/>\n<meta name=\"robots\" content=\"index, follow, max-snippet:-1, max-image-preview:large, max-video-preview:-1\" \/>\n<link rel=\"canonical\" href=\"https:\/\/liebke-foto.de\/maerkischeslicht\/und-wie-geht-es-weiter\/\" \/>\n<meta property=\"og:locale\" content=\"de_DE\" \/>\n<meta property=\"og:type\" content=\"article\" \/>\n<meta property=\"og:title\" content=\"Und wie geht es weiter? - M\u00e4rkisches Licht - Der Fotograf der Stille\" \/>\n<meta property=\"og:description\" content=\"Und wie geht es weiter?\" \/>\n<meta property=\"og:url\" content=\"https:\/\/liebke-foto.de\/maerkischeslicht\/und-wie-geht-es-weiter\/\" \/>\n<meta property=\"og:site_name\" content=\"M\u00e4rkisches Licht - Der Fotograf der Stille\" \/>\n<meta property=\"article:published_time\" content=\"2025-08-25T09:49:09+00:00\" \/>\n<meta property=\"article:modified_time\" content=\"2025-08-25T09:49:11+00:00\" \/>\n<meta property=\"og:image\" content=\"https:\/\/liebke-foto.de\/maerkischeslicht\/wp-content\/uploads\/2025\/08\/ich-IMG-20210806-WA0003.jpg\" \/>\n\t<meta property=\"og:image:width\" content=\"1400\" \/>\n\t<meta property=\"og:image:height\" content=\"788\" \/>\n\t<meta property=\"og:image:type\" content=\"image\/jpeg\" \/>\n<meta name=\"author\" content=\"Frank Liebke\" \/>\n<meta name=\"twitter:card\" content=\"summary_large_image\" \/>\n<meta name=\"twitter:label1\" content=\"Verfasst von\" \/>\n\t<meta name=\"twitter:data1\" content=\"Frank Liebke\" \/>\n\t<meta name=\"twitter:label2\" content=\"Gesch\u00e4tzte Lesezeit\" \/>\n\t<meta name=\"twitter:data2\" content=\"2\u00a0Minuten\" \/>\n<script type=\"application\/ld+json\" class=\"yoast-schema-graph\">{\"@context\":\"https:\\\/\\\/schema.org\",\"@graph\":[{\"@type\":\"Article\",\"@id\":\"https:\\\/\\\/liebke-foto.de\\\/maerkischeslicht\\\/und-wie-geht-es-weiter\\\/#article\",\"isPartOf\":{\"@id\":\"https:\\\/\\\/liebke-foto.de\\\/maerkischeslicht\\\/und-wie-geht-es-weiter\\\/\"},\"author\":{\"name\":\"Frank Liebke\",\"@id\":\"https:\\\/\\\/liebke-foto.de\\\/maerkischeslicht\\\/#\\\/schema\\\/person\\\/d71108abc09a723daeeb8526a33137ee\"},\"headline\":\"Und wie geht es weiter?\",\"datePublished\":\"2025-08-25T09:49:09+00:00\",\"dateModified\":\"2025-08-25T09:49:11+00:00\",\"mainEntityOfPage\":{\"@id\":\"https:\\\/\\\/liebke-foto.de\\\/maerkischeslicht\\\/und-wie-geht-es-weiter\\\/\"},\"wordCount\":456,\"commentCount\":4,\"publisher\":{\"@id\":\"https:\\\/\\\/liebke-foto.de\\\/maerkischeslicht\\\/#\\\/schema\\\/person\\\/d71108abc09a723daeeb8526a33137ee\"},\"image\":{\"@id\":\"https:\\\/\\\/liebke-foto.de\\\/maerkischeslicht\\\/und-wie-geht-es-weiter\\\/#primaryimage\"},\"thumbnailUrl\":\"https:\\\/\\\/liebke-foto.de\\\/maerkischeslicht\\\/wp-content\\\/uploads\\\/2025\\\/08\\\/ich-IMG-20210806-WA0003.jpg\",\"articleSection\":{\"1\":\"LANDpartie, unterwegs in der Mark Brandenburg\",\"2\":\"Landschaft\"},\"inLanguage\":\"de\",\"potentialAction\":[{\"@type\":\"CommentAction\",\"name\":\"Comment\",\"target\":[\"https:\\\/\\\/liebke-foto.de\\\/maerkischeslicht\\\/und-wie-geht-es-weiter\\\/#respond\"]}]},{\"@type\":\"WebPage\",\"@id\":\"https:\\\/\\\/liebke-foto.de\\\/maerkischeslicht\\\/und-wie-geht-es-weiter\\\/\",\"url\":\"https:\\\/\\\/liebke-foto.de\\\/maerkischeslicht\\\/und-wie-geht-es-weiter\\\/\",\"name\":\"Und wie geht es weiter? - M\u00e4rkisches Licht - Der Fotograf der Stille\",\"isPartOf\":{\"@id\":\"https:\\\/\\\/liebke-foto.de\\\/maerkischeslicht\\\/#website\"},\"primaryImageOfPage\":{\"@id\":\"https:\\\/\\\/liebke-foto.de\\\/maerkischeslicht\\\/und-wie-geht-es-weiter\\\/#primaryimage\"},\"image\":{\"@id\":\"https:\\\/\\\/liebke-foto.de\\\/maerkischeslicht\\\/und-wie-geht-es-weiter\\\/#primaryimage\"},\"thumbnailUrl\":\"https:\\\/\\\/liebke-foto.de\\\/maerkischeslicht\\\/wp-content\\\/uploads\\\/2025\\\/08\\\/ich-IMG-20210806-WA0003.jpg\",\"datePublished\":\"2025-08-25T09:49:09+00:00\",\"dateModified\":\"2025-08-25T09:49:11+00:00\",\"description\":\"Und wie geht es weiter?\",\"breadcrumb\":{\"@id\":\"https:\\\/\\\/liebke-foto.de\\\/maerkischeslicht\\\/und-wie-geht-es-weiter\\\/#breadcrumb\"},\"inLanguage\":\"de\",\"potentialAction\":[{\"@type\":\"ReadAction\",\"target\":[\"https:\\\/\\\/liebke-foto.de\\\/maerkischeslicht\\\/und-wie-geht-es-weiter\\\/\"]}]},{\"@type\":\"ImageObject\",\"inLanguage\":\"de\",\"@id\":\"https:\\\/\\\/liebke-foto.de\\\/maerkischeslicht\\\/und-wie-geht-es-weiter\\\/#primaryimage\",\"url\":\"https:\\\/\\\/liebke-foto.de\\\/maerkischeslicht\\\/wp-content\\\/uploads\\\/2025\\\/08\\\/ich-IMG-20210806-WA0003.jpg\",\"contentUrl\":\"https:\\\/\\\/liebke-foto.de\\\/maerkischeslicht\\\/wp-content\\\/uploads\\\/2025\\\/08\\\/ich-IMG-20210806-WA0003.jpg\",\"width\":1400,\"height\":788},{\"@type\":\"BreadcrumbList\",\"@id\":\"https:\\\/\\\/liebke-foto.de\\\/maerkischeslicht\\\/und-wie-geht-es-weiter\\\/#breadcrumb\",\"itemListElement\":[{\"@type\":\"ListItem\",\"position\":1,\"name\":\"Startseite\",\"item\":\"https:\\\/\\\/liebke-foto.de\\\/maerkischeslicht\\\/\"},{\"@type\":\"ListItem\",\"position\":2,\"name\":\"Und wie geht es weiter?\"}]},{\"@type\":\"WebSite\",\"@id\":\"https:\\\/\\\/liebke-foto.de\\\/maerkischeslicht\\\/#website\",\"url\":\"https:\\\/\\\/liebke-foto.de\\\/maerkischeslicht\\\/\",\"name\":\"M\u00e4rkisches Licht - Der Fotograf der Stille\",\"description\":\"Die Liebe zum Leben...\",\"publisher\":{\"@id\":\"https:\\\/\\\/liebke-foto.de\\\/maerkischeslicht\\\/#\\\/schema\\\/person\\\/d71108abc09a723daeeb8526a33137ee\"},\"potentialAction\":[{\"@type\":\"SearchAction\",\"target\":{\"@type\":\"EntryPoint\",\"urlTemplate\":\"https:\\\/\\\/liebke-foto.de\\\/maerkischeslicht\\\/?s={search_term_string}\"},\"query-input\":{\"@type\":\"PropertyValueSpecification\",\"valueRequired\":true,\"valueName\":\"search_term_string\"}}],\"inLanguage\":\"de\"},{\"@type\":[\"Person\",\"Organization\"],\"@id\":\"https:\\\/\\\/liebke-foto.de\\\/maerkischeslicht\\\/#\\\/schema\\\/person\\\/d71108abc09a723daeeb8526a33137ee\",\"name\":\"Frank Liebke\",\"image\":{\"@type\":\"ImageObject\",\"inLanguage\":\"de\",\"@id\":\"https:\\\/\\\/liebke-foto.de\\\/maerkischeslicht\\\/wp-content\\\/uploads\\\/2021\\\/12\\\/IMG-20211024-WA0001.jpg\",\"url\":\"https:\\\/\\\/liebke-foto.de\\\/maerkischeslicht\\\/wp-content\\\/uploads\\\/2021\\\/12\\\/IMG-20211024-WA0001.jpg\",\"contentUrl\":\"https:\\\/\\\/liebke-foto.de\\\/maerkischeslicht\\\/wp-content\\\/uploads\\\/2021\\\/12\\\/IMG-20211024-WA0001.jpg\",\"width\":900,\"height\":1600,\"caption\":\"Frank Liebke\"},\"logo\":{\"@id\":\"https:\\\/\\\/liebke-foto.de\\\/maerkischeslicht\\\/wp-content\\\/uploads\\\/2021\\\/12\\\/IMG-20211024-WA0001.jpg\"},\"sameAs\":[\"https:\\\/\\\/liebke-foto.de\"],\"url\":\"https:\\\/\\\/liebke-foto.de\\\/maerkischeslicht\\\/author\\\/adminuser\\\/\"}]}<\/script>\n<!-- \/ Yoast SEO plugin. -->","yoast_head_json":{"title":"Und wie geht es weiter? - M\u00e4rkisches Licht - Der Fotograf der Stille","description":"Und wie geht es weiter?","robots":{"index":"index","follow":"follow","max-snippet":"max-snippet:-1","max-image-preview":"max-image-preview:large","max-video-preview":"max-video-preview:-1"},"canonical":"https:\/\/liebke-foto.de\/maerkischeslicht\/und-wie-geht-es-weiter\/","og_locale":"de_DE","og_type":"article","og_title":"Und wie geht es weiter? - M\u00e4rkisches Licht - Der Fotograf der Stille","og_description":"Und wie geht es weiter?","og_url":"https:\/\/liebke-foto.de\/maerkischeslicht\/und-wie-geht-es-weiter\/","og_site_name":"M\u00e4rkisches Licht - Der Fotograf der Stille","article_published_time":"2025-08-25T09:49:09+00:00","article_modified_time":"2025-08-25T09:49:11+00:00","og_image":[{"width":1400,"height":788,"url":"https:\/\/liebke-foto.de\/maerkischeslicht\/wp-content\/uploads\/2025\/08\/ich-IMG-20210806-WA0003.jpg","type":"image\/jpeg"}],"author":"Frank Liebke","twitter_card":"summary_large_image","twitter_misc":{"Verfasst von":"Frank Liebke","Gesch\u00e4tzte Lesezeit":"2\u00a0Minuten"},"schema":{"@context":"https:\/\/schema.org","@graph":[{"@type":"Article","@id":"https:\/\/liebke-foto.de\/maerkischeslicht\/und-wie-geht-es-weiter\/#article","isPartOf":{"@id":"https:\/\/liebke-foto.de\/maerkischeslicht\/und-wie-geht-es-weiter\/"},"author":{"name":"Frank Liebke","@id":"https:\/\/liebke-foto.de\/maerkischeslicht\/#\/schema\/person\/d71108abc09a723daeeb8526a33137ee"},"headline":"Und wie geht es weiter?","datePublished":"2025-08-25T09:49:09+00:00","dateModified":"2025-08-25T09:49:11+00:00","mainEntityOfPage":{"@id":"https:\/\/liebke-foto.de\/maerkischeslicht\/und-wie-geht-es-weiter\/"},"wordCount":456,"commentCount":4,"publisher":{"@id":"https:\/\/liebke-foto.de\/maerkischeslicht\/#\/schema\/person\/d71108abc09a723daeeb8526a33137ee"},"image":{"@id":"https:\/\/liebke-foto.de\/maerkischeslicht\/und-wie-geht-es-weiter\/#primaryimage"},"thumbnailUrl":"https:\/\/liebke-foto.de\/maerkischeslicht\/wp-content\/uploads\/2025\/08\/ich-IMG-20210806-WA0003.jpg","articleSection":{"1":"LANDpartie, unterwegs in der Mark Brandenburg","2":"Landschaft"},"inLanguage":"de","potentialAction":[{"@type":"CommentAction","name":"Comment","target":["https:\/\/liebke-foto.de\/maerkischeslicht\/und-wie-geht-es-weiter\/#respond"]}]},{"@type":"WebPage","@id":"https:\/\/liebke-foto.de\/maerkischeslicht\/und-wie-geht-es-weiter\/","url":"https:\/\/liebke-foto.de\/maerkischeslicht\/und-wie-geht-es-weiter\/","name":"Und wie geht es weiter? - M\u00e4rkisches Licht - Der Fotograf der Stille","isPartOf":{"@id":"https:\/\/liebke-foto.de\/maerkischeslicht\/#website"},"primaryImageOfPage":{"@id":"https:\/\/liebke-foto.de\/maerkischeslicht\/und-wie-geht-es-weiter\/#primaryimage"},"image":{"@id":"https:\/\/liebke-foto.de\/maerkischeslicht\/und-wie-geht-es-weiter\/#primaryimage"},"thumbnailUrl":"https:\/\/liebke-foto.de\/maerkischeslicht\/wp-content\/uploads\/2025\/08\/ich-IMG-20210806-WA0003.jpg","datePublished":"2025-08-25T09:49:09+00:00","dateModified":"2025-08-25T09:49:11+00:00","description":"Und wie geht es weiter?","breadcrumb":{"@id":"https:\/\/liebke-foto.de\/maerkischeslicht\/und-wie-geht-es-weiter\/#breadcrumb"},"inLanguage":"de","potentialAction":[{"@type":"ReadAction","target":["https:\/\/liebke-foto.de\/maerkischeslicht\/und-wie-geht-es-weiter\/"]}]},{"@type":"ImageObject","inLanguage":"de","@id":"https:\/\/liebke-foto.de\/maerkischeslicht\/und-wie-geht-es-weiter\/#primaryimage","url":"https:\/\/liebke-foto.de\/maerkischeslicht\/wp-content\/uploads\/2025\/08\/ich-IMG-20210806-WA0003.jpg","contentUrl":"https:\/\/liebke-foto.de\/maerkischeslicht\/wp-content\/uploads\/2025\/08\/ich-IMG-20210806-WA0003.jpg","width":1400,"height":788},{"@type":"BreadcrumbList","@id":"https:\/\/liebke-foto.de\/maerkischeslicht\/und-wie-geht-es-weiter\/#breadcrumb","itemListElement":[{"@type":"ListItem","position":1,"name":"Startseite","item":"https:\/\/liebke-foto.de\/maerkischeslicht\/"},{"@type":"ListItem","position":2,"name":"Und wie geht es weiter?"}]},{"@type":"WebSite","@id":"https:\/\/liebke-foto.de\/maerkischeslicht\/#website","url":"https:\/\/liebke-foto.de\/maerkischeslicht\/","name":"M\u00e4rkisches Licht - Der Fotograf der Stille","description":"Die Liebe zum Leben...","publisher":{"@id":"https:\/\/liebke-foto.de\/maerkischeslicht\/#\/schema\/person\/d71108abc09a723daeeb8526a33137ee"},"potentialAction":[{"@type":"SearchAction","target":{"@type":"EntryPoint","urlTemplate":"https:\/\/liebke-foto.de\/maerkischeslicht\/?s={search_term_string}"},"query-input":{"@type":"PropertyValueSpecification","valueRequired":true,"valueName":"search_term_string"}}],"inLanguage":"de"},{"@type":["Person","Organization"],"@id":"https:\/\/liebke-foto.de\/maerkischeslicht\/#\/schema\/person\/d71108abc09a723daeeb8526a33137ee","name":"Frank Liebke","image":{"@type":"ImageObject","inLanguage":"de","@id":"https:\/\/liebke-foto.de\/maerkischeslicht\/wp-content\/uploads\/2021\/12\/IMG-20211024-WA0001.jpg","url":"https:\/\/liebke-foto.de\/maerkischeslicht\/wp-content\/uploads\/2021\/12\/IMG-20211024-WA0001.jpg","contentUrl":"https:\/\/liebke-foto.de\/maerkischeslicht\/wp-content\/uploads\/2021\/12\/IMG-20211024-WA0001.jpg","width":900,"height":1600,"caption":"Frank Liebke"},"logo":{"@id":"https:\/\/liebke-foto.de\/maerkischeslicht\/wp-content\/uploads\/2021\/12\/IMG-20211024-WA0001.jpg"},"sameAs":["https:\/\/liebke-foto.de"],"url":"https:\/\/liebke-foto.de\/maerkischeslicht\/author\/adminuser\/"}]}},"_links":{"self":[{"href":"https:\/\/liebke-foto.de\/maerkischeslicht\/wp-json\/wp\/v2\/posts\/9355","targetHints":{"allow":["GET"]}}],"collection":[{"href":"https:\/\/liebke-foto.de\/maerkischeslicht\/wp-json\/wp\/v2\/posts"}],"about":[{"href":"https:\/\/liebke-foto.de\/maerkischeslicht\/wp-json\/wp\/v2\/types\/post"}],"author":[{"embeddable":true,"href":"https:\/\/liebke-foto.de\/maerkischeslicht\/wp-json\/wp\/v2\/users\/1"}],"replies":[{"embeddable":true,"href":"https:\/\/liebke-foto.de\/maerkischeslicht\/wp-json\/wp\/v2\/comments?post=9355"}],"version-history":[{"count":6,"href":"https:\/\/liebke-foto.de\/maerkischeslicht\/wp-json\/wp\/v2\/posts\/9355\/revisions"}],"predecessor-version":[{"id":9363,"href":"https:\/\/liebke-foto.de\/maerkischeslicht\/wp-json\/wp\/v2\/posts\/9355\/revisions\/9363"}],"wp:featuredmedia":[{"embeddable":true,"href":"https:\/\/liebke-foto.de\/maerkischeslicht\/wp-json\/wp\/v2\/media\/9357"}],"wp:attachment":[{"href":"https:\/\/liebke-foto.de\/maerkischeslicht\/wp-json\/wp\/v2\/media?parent=9355"}],"wp:term":[{"taxonomy":"category","embeddable":true,"href":"https:\/\/liebke-foto.de\/maerkischeslicht\/wp-json\/wp\/v2\/categories?post=9355"},{"taxonomy":"post_tag","embeddable":true,"href":"https:\/\/liebke-foto.de\/maerkischeslicht\/wp-json\/wp\/v2\/tags?post=9355"}],"curies":[{"name":"wp","href":"https:\/\/api.w.org\/{rel}","templated":true}]}}