{"id":9336,"date":"2025-08-24T13:30:32","date_gmt":"2025-08-24T11:30:32","guid":{"rendered":"https:\/\/liebke-foto.de\/maerkischeslicht\/?p=9336"},"modified":"2025-08-24T14:10:32","modified_gmt":"2025-08-24T12:10:32","slug":"wie-es-begann-mit-dem-maerkischen-licht","status":"publish","type":"post","link":"https:\/\/liebke-foto.de\/maerkischeslicht\/wie-es-begann-mit-dem-maerkischen-licht\/","title":{"rendered":"Wie es begann mit dem &#8222;M\u00e4rkischen Licht&#8220;"},"content":{"rendered":"<div class=\"wp-block-image\">\n<figure class=\"aligncenter size-large\"><a href=\"https:\/\/liebke-foto.de\/maerkischeslicht\/wp-content\/uploads\/2025\/08\/FZL7489_DxO.jpg\"><img loading=\"lazy\" decoding=\"async\" width=\"1071\" height=\"800\" src=\"https:\/\/liebke-foto.de\/maerkischeslicht\/wp-content\/uploads\/2025\/08\/FZL7489_DxO-1071x800.jpg\" alt=\"\" class=\"wp-image-9337\" srcset=\"https:\/\/liebke-foto.de\/maerkischeslicht\/wp-content\/uploads\/2025\/08\/FZL7489_DxO-1071x800.jpg 1071w, https:\/\/liebke-foto.de\/maerkischeslicht\/wp-content\/uploads\/2025\/08\/FZL7489_DxO-768x574.jpg 768w, https:\/\/liebke-foto.de\/maerkischeslicht\/wp-content\/uploads\/2025\/08\/FZL7489_DxO.jpg 1400w\" sizes=\"auto, (max-width: 1071px) 100vw, 1071px\" \/><\/a><figcaption class=\"wp-element-caption\">Mein allererstes Bild mit einer Gro\u00dfformatkamera auf Planfilm 9cmx12cm. Eine wundervoll herbstleuchtende Buche im Stangenwald unweit von Oranienburg, in Oberhavel.<\/figcaption><\/figure>\n<\/div>\n\n\n<p><\/p>\n\n\n\n<h2 class=\"wp-block-heading has-text-align-center\">Als &#8222;Fl\u00f6mers Str\u00f6mungen&#8220; mich in jungen Jahren schon neu ausrichteten. <\/h2>\n\n\n\n<p class=\"has-text-align-center\"><strong>Mit einer unfassbaren Idee&#8230;<\/strong><\/p>\n\n\n\n<p>Unfassbar f\u00fcr mich weil damit die Option von Kleinbildkamera zu Gro\u00dfbild im Raum stand. Eigentlich unm\u00f6glich. F\u00fcr mich! Denn da war ich noch recht jung, anfang der 30er. Den Kopf voller Bilder, Vorbilder, W\u00fcnsche. Hauptwunsch, ber\u00fchmt zu werden als Fotograf. Unbedingt!! Denn ich war gut! Sehr gut, sogar!! Dachte ich&#8230; (denke ich sogar jetzt noch manchmal&#8230; \ud83d\ude09 \ud83d\ude00 ).<\/p>\n\n\n\n<p>Die Fotografie hatte ich selbst erlernt, jedenfalls alles was dazu geh\u00f6rte, Bilder zu machen. Sie so zu pr\u00e4sentieren, wie ich sie schon bei der Aufnahme gef\u00fchlt habe. Denn genau DAS ist es, was einen guten Fotograf ausmacht. (Ausmachen sollte). Um das aber zufriedenstellend, f\u00fcr mich selbst, hinzubekommen, DAS war ein langer und dornenreicher Weg. Nach kleinen Erfolgen kamen immer die gro\u00dfen Entt\u00e4uschungen. <\/p>\n\n\n\n<p>Jeder kreativ Schaffende, egal auf welchem Gebiet, kennt das. Wenn er oder sie es ehrlich damit meinen. <\/p>\n\n\n\n<p>Angefixt zur farbigen Landschaftsfotografie wurde ich durch R\u00fcgen-Bilder von Klaus Ender. Abgebildet in einer DDR-Fotozeitschrift aus 1976. <\/p>\n\n\n\n<p>Nach der politischen Wende waren meine Vorbilder in GEO und dann vor allem im National Geographic zu sehen. Nun hatte ich auch bald alles im Labor, um gute Abz\u00fcge im farbigen Gro\u00dfformat herzustellen. Trotzdem blieb da eine unterschwellige Unzufriedenheit, denn vom Kleinbildnegativ waren die auch von den besten Filmen nie so scharf und detailreich zu schaffen, wie ich mir das w\u00fcnschte.<\/p>\n\n\n\n<p>Bis ich B\u00fccher vom Amerikaner Ansel Adams und vom Japaner Shinzo Maeda in die Hand bekam. Was ich da sah, haute mich schlichtweg um! Und da sah ich mit einem Mal genau, WAS ICH WOLLTE. Und gleichzeitig erinnerte ich mich an die ganzen Landschaften in meiner unmittelbaren Umgebung. In meiner Heimat Brandenburg. HIER hatte ich MEINE Erlebnisse, an die ich immer gern zur\u00fcckdachte. <\/p>\n\n\n\n<p>Also, was soll ich im Ausland, wenn ich mich in meiner Heimat doch am wohlsten f\u00fchlte und f\u00fchle? Das war der erste Entschluss, mein zuk\u00fcnftiges, schon immer Wirkungsfeld. Nun dazu das Werkzeug. Besagte Vorbilder fotografierten mit sprerrigen Gro\u00dfformatkameras. Umst\u00e4ndlich und langsames Werkzeug. ABER: Die Negative, Dias, die Bilder. Wundervoll detailreich, farbig, herrlich.<\/p>\n\n\n\n<p>In der Zweiten Hand, eine Anzeigenzeitung von Berlin, fand ich eine billige Linhof-Technikardan, dazu zwei Objektive und drei Planfilm-Doppelkasstetten 9cmx12cm-Format im Angebot. Sie war dann recht schnell mein neuester Partner und ich begierig, den Dinosaurier der Fotografie auszuprobieren. Ich f\u00fcllte in der Dunkelkammer die Platten mit Fuji100-Diaplanfilm. Und gut ausger\u00fcstet fuhr ich sehr fr\u00fch an einem Herbstsonntag aus Oranienburg in den Wald. Auf der Suche nach Herbstfarben.<\/p>\n\n\n\n<p>Und den ersten Ort fand ich im Stangenwald mit einer einzigen herrlichen Buche. Deren gelbe Herbstbl\u00e4tter mir entgegenleuchteten. Als wollte sie mich rufen. Im Autoradio lief dezent eins meiner klassischen Lieblingsst\u00fccke. Die Brandenburger Konzerte von Bach. Besser geht es nicht. Ich baute in Ruhe das Stativ auf, setzte die schwere Gro\u00dfbild drauf, mit dem 150er Objektiv. Was einem 50er f\u00fcr Kleinbild entspricht, also die sogenannte Normalbrennweite.<\/p>\n\n\n\n<p>Ungewohnt mit dem schwarzen Tuch \u00fcber dem Kopf, denn ohne h\u00e4tte ich auf der Mattscheibe der Kamera nichts sehen k\u00f6nnen. Das war Fotografie pur. Ohne Ablenkung. Vorne Objektiv, dazwischen lichtdichter Balgen, hinten Mattscheibe mit Planfilmhalter. Nachdem ich alles eingestellt hatte, das Bild sah man ja, optisch korrekt, auf dem Kopf, genau wie eine Optik ein Bild entwirft. Da muss man schnell umdenken, um trotzdem das Bild im Kopf umzukehren.<\/p>\n\n\n\n<p>Kurz gesagt, obiges Aufmacherbild war genau das, was ich da aufgenommen hatte. Das erste Bild mit einer Gro\u00dfformatkamera. Davon begeistert, (es machte unheimlich Spa\u00df so zu fotografieren) fuhr ich zum Oranienburger Schlosspark, um ihn m\u00e4rchenhaft im letzten Nebel aufzunehmen. Damals war er noch offen und man konnte von der Kanalstra\u00dfe aus auch gleich in den hinteren Teil gelangen.<\/p>\n\n\n\n<p><\/p>\n\n\n<div class=\"wp-block-image\">\n<figure class=\"aligncenter size-large\"><a href=\"https:\/\/liebke-foto.de\/maerkischeslicht\/wp-content\/uploads\/2025\/08\/FZL7492_DxO.jpg\"><img loading=\"lazy\" decoding=\"async\" width=\"1081\" height=\"800\" src=\"https:\/\/liebke-foto.de\/maerkischeslicht\/wp-content\/uploads\/2025\/08\/FZL7492_DxO-1081x800.jpg\" alt=\"\" class=\"wp-image-9338\" srcset=\"https:\/\/liebke-foto.de\/maerkischeslicht\/wp-content\/uploads\/2025\/08\/FZL7492_DxO-1081x800.jpg 1081w, https:\/\/liebke-foto.de\/maerkischeslicht\/wp-content\/uploads\/2025\/08\/FZL7492_DxO-768x568.jpg 768w, https:\/\/liebke-foto.de\/maerkischeslicht\/wp-content\/uploads\/2025\/08\/FZL7492_DxO.jpg 1400w\" sizes=\"auto, (max-width: 1081px) 100vw, 1081px\" \/><\/a><figcaption class=\"wp-element-caption\">Schlosspark Oranienburg in den 1990er Jahren<\/figcaption><\/figure>\n<\/div>\n\n\n<p><\/p>\n\n\n\n<p>Und dann zum Briesetal, wo ich mich schon immer sehr wohl und der Natur nah gef\u00fchlt habe. Dort gelangen mir auch noch zwei ansprechende Bilder. Wie gesagt, das war alles in den 1990er Jahren. Die Dias habe ich eben reproduziert, die sind in den Farben immer noch wie damals erhalten geblieben.<\/p>\n\n\n\n<p><\/p>\n\n\n<div class=\"wp-block-image\">\n<figure class=\"aligncenter size-large\"><a href=\"https:\/\/liebke-foto.de\/maerkischeslicht\/wp-content\/uploads\/2025\/08\/FZL7499_DxO.jpg\"><img loading=\"lazy\" decoding=\"async\" width=\"1080\" height=\"800\" src=\"https:\/\/liebke-foto.de\/maerkischeslicht\/wp-content\/uploads\/2025\/08\/FZL7499_DxO-1080x800.jpg\" alt=\"\" class=\"wp-image-9339\" srcset=\"https:\/\/liebke-foto.de\/maerkischeslicht\/wp-content\/uploads\/2025\/08\/FZL7499_DxO-1080x800.jpg 1080w, https:\/\/liebke-foto.de\/maerkischeslicht\/wp-content\/uploads\/2025\/08\/FZL7499_DxO-768x569.jpg 768w, https:\/\/liebke-foto.de\/maerkischeslicht\/wp-content\/uploads\/2025\/08\/FZL7499_DxO.jpg 1400w\" sizes=\"auto, (max-width: 1080px) 100vw, 1080px\" \/><\/a><figcaption class=\"wp-element-caption\">Geliebtes Briesetal. <\/figcaption><\/figure>\n<\/div>\n\n<div class=\"wp-block-image\">\n<figure class=\"aligncenter size-large\"><a href=\"https:\/\/liebke-foto.de\/maerkischeslicht\/wp-content\/uploads\/2025\/08\/FZL7502_DxO.jpg\"><img loading=\"lazy\" decoding=\"async\" width=\"589\" height=\"800\" src=\"https:\/\/liebke-foto.de\/maerkischeslicht\/wp-content\/uploads\/2025\/08\/FZL7502_DxO-589x800.jpg\" alt=\"\" class=\"wp-image-9340\" srcset=\"https:\/\/liebke-foto.de\/maerkischeslicht\/wp-content\/uploads\/2025\/08\/FZL7502_DxO-589x800.jpg 589w, https:\/\/liebke-foto.de\/maerkischeslicht\/wp-content\/uploads\/2025\/08\/FZL7502_DxO.jpg 736w\" sizes=\"auto, (max-width: 589px) 100vw, 589px\" \/><\/a><\/figure>\n<\/div>\n\n\n<p><\/p>\n\n\n\n<p><\/p>\n\n\n\n<p>Und ber\u00fchmt? N\u00f6, war mir irgendwann sowas von egal, ich wollte nur noch meine Bilder und meine Bilderwelt. Denn die Welt war und ist so sch\u00f6n um mich herum, da werde ich nie m\u00fcde, davon die vielen sch\u00f6nen Momente festzuhalten. Meine Bilder wurden aber damals doch im ersten Oberhavel-Bildband nach der Wende gut reproduziert pr\u00e4sentiert. Dar\u00fcber hatte ich mich sehr gefreut! <\/p>\n\n\n\n<p>Und seit etlichen Jahren produziere ich, und seit vier Jahren mit meiner Lebensfreudegef\u00e4hrtin Patricia Koelle zusammen, Kalender, Seelenbegleiter und bald auch einen Bildband einfach selbst. Dank der modernen Technik und guter Druckereien, ist das endlich gut m\u00f6glich. Da brauche ich nicht mehr auf die Gunst irgendeines Verlags warten. Hab auch Kalenderangebote einfach abgelehnt als ich merkte, dass meine Bilder dort eher &#8222;vergewaltigt&#8220; werden sollten, statt ansprechend pr\u00e4sentiert.<\/p>\n\n\n\n<p>Und diese klare Linie, die \u00dcberzeugung und das Selbstbewusstsein erschaffen besondere Qualit\u00e4ten. Unsere Verk\u00e4ufe \u00fcber unseren <a href=\"https:\/\/95328483.shop.strato.de\" target=\"_blank\" rel=\"noreferrer noopener\">Shop<\/a> nach ganz Deutschland, \u00d6sterreich und in die Schweiz sind der beste Beweis. Denn unsere Welt, unser Land, unsere Heimat, sind sch\u00f6n&#8230;<\/p>\n\n\n\n<p><\/p>\n\n\n<div class=\"wp-block-image\">\n<figure class=\"aligncenter size-large\"><a href=\"https:\/\/liebke-foto.de\/maerkischeslicht\/wp-content\/uploads\/2025\/08\/FZL7506_DxO.jpg\"><img loading=\"lazy\" decoding=\"async\" width=\"1257\" height=\"800\" src=\"https:\/\/liebke-foto.de\/maerkischeslicht\/wp-content\/uploads\/2025\/08\/FZL7506_DxO-1257x800.jpg\" alt=\"\" class=\"wp-image-9342\" srcset=\"https:\/\/liebke-foto.de\/maerkischeslicht\/wp-content\/uploads\/2025\/08\/FZL7506_DxO-1257x800.jpg 1257w, https:\/\/liebke-foto.de\/maerkischeslicht\/wp-content\/uploads\/2025\/08\/FZL7506_DxO-768x489.jpg 768w, https:\/\/liebke-foto.de\/maerkischeslicht\/wp-content\/uploads\/2025\/08\/FZL7506_DxO.jpg 1400w\" sizes=\"auto, (max-width: 1257px) 100vw, 1257px\" \/><\/a><figcaption class=\"wp-element-caption\">Pr\u00e4sentation des ersten Oberhavel-Bildbands im Landratsamt Oranienburg. Mit dem damaligen Landrat Schr\u00f6ter (zweiter von rechts), dem Vertreter vom Buchverlag und Icke links. Foto: Franz Schwertner<\/figcaption><\/figure>\n<\/div>\n\n\n<p><\/p>\n\n\n<div class=\"wp-block-image\">\n<figure class=\"aligncenter size-large\"><a href=\"https:\/\/liebke-foto.de\/maerkischeslicht\/wp-content\/uploads\/2025\/08\/FZL7504_DxO.jpg\"><img loading=\"lazy\" decoding=\"async\" width=\"1148\" height=\"800\" src=\"https:\/\/liebke-foto.de\/maerkischeslicht\/wp-content\/uploads\/2025\/08\/FZL7504_DxO-1148x800.jpg\" alt=\"\" class=\"wp-image-9341\" srcset=\"https:\/\/liebke-foto.de\/maerkischeslicht\/wp-content\/uploads\/2025\/08\/FZL7504_DxO-1148x800.jpg 1148w, https:\/\/liebke-foto.de\/maerkischeslicht\/wp-content\/uploads\/2025\/08\/FZL7504_DxO-768x535.jpg 768w, https:\/\/liebke-foto.de\/maerkischeslicht\/wp-content\/uploads\/2025\/08\/FZL7504_DxO.jpg 1400w\" sizes=\"auto, (max-width: 1148px) 100vw, 1148px\" \/><\/a><figcaption class=\"wp-element-caption\">Das Monster (links \ud83d\ude09 ) und ich. Damals noch mit Dauerwelle, denn meine Haare lie\u00dfen sich nicht anders in Form bringen. Und war gerade Mode so. Heute mache ich mir darum keine Gedanken mehr, schon lange nicht. Die Linhof-Technikardan wurde bald von einer Sinar (Bild) ersetzt. Daran hatte man zur Bildeinstellung diesen flexiblen Lupenbalg. Das schwarze Tuch war einfach unhandlich. Und bei starken Wind kaum zu b\u00e4ndigen \ud83d\ude00 .<\/figcaption><\/figure>\n<\/div>\n\n\n<p><\/p>\n","protected":false},"excerpt":{"rendered":"<p>Als &#8222;Fl\u00f6mers Str\u00f6mungen&#8220; mich in jungen Jahren schon neu ausrichteten. Mit einer unfassbaren Idee&#8230; Unfassbar f\u00fcr mich weil damit die Option von Kleinbildkamera&#8230;<\/p>\n","protected":false},"author":1,"featured_media":9341,"comment_status":"open","ping_status":"open","sticky":false,"template":"","format":"standard","meta":{"footnotes":""},"categories":[9,323,11,38,12],"tags":[67,28,62,20],"class_list":["post-9336","post","type-post","status-publish","format-standard","has-post-thumbnail","hentry","category-fundstuecke","category-historie","category-im-land-brandenburg-unterwegs","category-menschliches-aus-der-mark","category-wildes-brandenburg","tag-mark-brandenburg","tag-maerkisches-licht","tag-naturpark-barnim","tag-oberhavel"],"yoast_head":"<!-- This site is optimized with the Yoast SEO plugin v27.4 - https:\/\/yoast.com\/product\/yoast-seo-wordpress\/ -->\n<title>Wie es begann mit dem &quot;M\u00e4rkischen Licht&quot; - M\u00e4rkisches Licht - Der Fotograf der Stille<\/title>\n<meta name=\"description\" content=\"Wie es begann mit dem &quot;M\u00e4rkischen Licht&quot;. Als &quot;Fl\u00f6mers Str\u00f6mungen&quot; mich in jungen Jahren schon neu ausrichteten. Mit einer unfassbaren Idee...\" \/>\n<meta name=\"robots\" content=\"index, follow, max-snippet:-1, max-image-preview:large, max-video-preview:-1\" \/>\n<link rel=\"canonical\" href=\"https:\/\/liebke-foto.de\/maerkischeslicht\/wie-es-begann-mit-dem-maerkischen-licht\/\" \/>\n<meta property=\"og:locale\" content=\"de_DE\" \/>\n<meta property=\"og:type\" content=\"article\" \/>\n<meta property=\"og:title\" content=\"Wie es begann mit dem &quot;M\u00e4rkischen Licht&quot; - M\u00e4rkisches Licht - Der Fotograf der Stille\" \/>\n<meta property=\"og:description\" content=\"Wie es begann mit dem &quot;M\u00e4rkischen Licht&quot;. Als &quot;Fl\u00f6mers Str\u00f6mungen&quot; mich in jungen Jahren schon neu ausrichteten. Mit einer unfassbaren Idee...\" \/>\n<meta property=\"og:url\" content=\"https:\/\/liebke-foto.de\/maerkischeslicht\/wie-es-begann-mit-dem-maerkischen-licht\/\" \/>\n<meta property=\"og:site_name\" content=\"M\u00e4rkisches Licht - Der Fotograf der Stille\" \/>\n<meta property=\"article:published_time\" content=\"2025-08-24T11:30:32+00:00\" \/>\n<meta property=\"article:modified_time\" content=\"2025-08-24T12:10:32+00:00\" \/>\n<meta property=\"og:image\" content=\"https:\/\/liebke-foto.de\/maerkischeslicht\/wp-content\/uploads\/2025\/08\/FZL7504_DxO.jpg\" \/>\n\t<meta property=\"og:image:width\" content=\"1400\" \/>\n\t<meta property=\"og:image:height\" content=\"976\" \/>\n\t<meta property=\"og:image:type\" content=\"image\/jpeg\" \/>\n<meta name=\"author\" content=\"Frank Liebke\" \/>\n<meta name=\"twitter:card\" content=\"summary_large_image\" \/>\n<meta name=\"twitter:label1\" content=\"Verfasst von\" \/>\n\t<meta name=\"twitter:data1\" content=\"Frank Liebke\" \/>\n\t<meta name=\"twitter:label2\" content=\"Gesch\u00e4tzte Lesezeit\" \/>\n\t<meta name=\"twitter:data2\" content=\"5\u00a0Minuten\" \/>\n<script type=\"application\/ld+json\" class=\"yoast-schema-graph\">{\"@context\":\"https:\\\/\\\/schema.org\",\"@graph\":[{\"@type\":\"Article\",\"@id\":\"https:\\\/\\\/liebke-foto.de\\\/maerkischeslicht\\\/wie-es-begann-mit-dem-maerkischen-licht\\\/#article\",\"isPartOf\":{\"@id\":\"https:\\\/\\\/liebke-foto.de\\\/maerkischeslicht\\\/wie-es-begann-mit-dem-maerkischen-licht\\\/\"},\"author\":{\"name\":\"Frank Liebke\",\"@id\":\"https:\\\/\\\/liebke-foto.de\\\/maerkischeslicht\\\/#\\\/schema\\\/person\\\/d71108abc09a723daeeb8526a33137ee\"},\"headline\":\"Wie es begann mit dem &#8222;M\u00e4rkischen Licht&#8220;\",\"datePublished\":\"2025-08-24T11:30:32+00:00\",\"dateModified\":\"2025-08-24T12:10:32+00:00\",\"mainEntityOfPage\":{\"@id\":\"https:\\\/\\\/liebke-foto.de\\\/maerkischeslicht\\\/wie-es-begann-mit-dem-maerkischen-licht\\\/\"},\"wordCount\":1004,\"commentCount\":12,\"publisher\":{\"@id\":\"https:\\\/\\\/liebke-foto.de\\\/maerkischeslicht\\\/#\\\/schema\\\/person\\\/d71108abc09a723daeeb8526a33137ee\"},\"image\":{\"@id\":\"https:\\\/\\\/liebke-foto.de\\\/maerkischeslicht\\\/wie-es-begann-mit-dem-maerkischen-licht\\\/#primaryimage\"},\"thumbnailUrl\":\"https:\\\/\\\/liebke-foto.de\\\/maerkischeslicht\\\/wp-content\\\/uploads\\\/2025\\\/08\\\/FZL7504_DxO.jpg\",\"keywords\":[\"Mark Brandenburg\",\"M\u00e4rkisches Licht\",\"Naturpark Barnim\",\"Oberhavel\"],\"articleSection\":[\"Fundst\u00fccke\",\"Historie\",\"Im Land Brandenburg unterwegs\",\"Menschliches aus der Mark\",\"Wildes Brandenburg\"],\"inLanguage\":\"de\",\"potentialAction\":[{\"@type\":\"CommentAction\",\"name\":\"Comment\",\"target\":[\"https:\\\/\\\/liebke-foto.de\\\/maerkischeslicht\\\/wie-es-begann-mit-dem-maerkischen-licht\\\/#respond\"]}]},{\"@type\":\"WebPage\",\"@id\":\"https:\\\/\\\/liebke-foto.de\\\/maerkischeslicht\\\/wie-es-begann-mit-dem-maerkischen-licht\\\/\",\"url\":\"https:\\\/\\\/liebke-foto.de\\\/maerkischeslicht\\\/wie-es-begann-mit-dem-maerkischen-licht\\\/\",\"name\":\"Wie es begann mit dem \\\"M\u00e4rkischen Licht\\\" - M\u00e4rkisches Licht - Der Fotograf der Stille\",\"isPartOf\":{\"@id\":\"https:\\\/\\\/liebke-foto.de\\\/maerkischeslicht\\\/#website\"},\"primaryImageOfPage\":{\"@id\":\"https:\\\/\\\/liebke-foto.de\\\/maerkischeslicht\\\/wie-es-begann-mit-dem-maerkischen-licht\\\/#primaryimage\"},\"image\":{\"@id\":\"https:\\\/\\\/liebke-foto.de\\\/maerkischeslicht\\\/wie-es-begann-mit-dem-maerkischen-licht\\\/#primaryimage\"},\"thumbnailUrl\":\"https:\\\/\\\/liebke-foto.de\\\/maerkischeslicht\\\/wp-content\\\/uploads\\\/2025\\\/08\\\/FZL7504_DxO.jpg\",\"datePublished\":\"2025-08-24T11:30:32+00:00\",\"dateModified\":\"2025-08-24T12:10:32+00:00\",\"description\":\"Wie es begann mit dem \\\"M\u00e4rkischen Licht\\\". Als \\\"Fl\u00f6mers Str\u00f6mungen\\\" mich in jungen Jahren schon neu ausrichteten. Mit einer unfassbaren Idee...\",\"breadcrumb\":{\"@id\":\"https:\\\/\\\/liebke-foto.de\\\/maerkischeslicht\\\/wie-es-begann-mit-dem-maerkischen-licht\\\/#breadcrumb\"},\"inLanguage\":\"de\",\"potentialAction\":[{\"@type\":\"ReadAction\",\"target\":[\"https:\\\/\\\/liebke-foto.de\\\/maerkischeslicht\\\/wie-es-begann-mit-dem-maerkischen-licht\\\/\"]}]},{\"@type\":\"ImageObject\",\"inLanguage\":\"de\",\"@id\":\"https:\\\/\\\/liebke-foto.de\\\/maerkischeslicht\\\/wie-es-begann-mit-dem-maerkischen-licht\\\/#primaryimage\",\"url\":\"https:\\\/\\\/liebke-foto.de\\\/maerkischeslicht\\\/wp-content\\\/uploads\\\/2025\\\/08\\\/FZL7504_DxO.jpg\",\"contentUrl\":\"https:\\\/\\\/liebke-foto.de\\\/maerkischeslicht\\\/wp-content\\\/uploads\\\/2025\\\/08\\\/FZL7504_DxO.jpg\",\"width\":1400,\"height\":976},{\"@type\":\"BreadcrumbList\",\"@id\":\"https:\\\/\\\/liebke-foto.de\\\/maerkischeslicht\\\/wie-es-begann-mit-dem-maerkischen-licht\\\/#breadcrumb\",\"itemListElement\":[{\"@type\":\"ListItem\",\"position\":1,\"name\":\"Startseite\",\"item\":\"https:\\\/\\\/liebke-foto.de\\\/maerkischeslicht\\\/\"},{\"@type\":\"ListItem\",\"position\":2,\"name\":\"Wie es begann mit dem &#8222;M\u00e4rkischen Licht&#8220;\"}]},{\"@type\":\"WebSite\",\"@id\":\"https:\\\/\\\/liebke-foto.de\\\/maerkischeslicht\\\/#website\",\"url\":\"https:\\\/\\\/liebke-foto.de\\\/maerkischeslicht\\\/\",\"name\":\"M\u00e4rkisches Licht - Der Fotograf der Stille\",\"description\":\"Die Liebe zum Leben...\",\"publisher\":{\"@id\":\"https:\\\/\\\/liebke-foto.de\\\/maerkischeslicht\\\/#\\\/schema\\\/person\\\/d71108abc09a723daeeb8526a33137ee\"},\"potentialAction\":[{\"@type\":\"SearchAction\",\"target\":{\"@type\":\"EntryPoint\",\"urlTemplate\":\"https:\\\/\\\/liebke-foto.de\\\/maerkischeslicht\\\/?s={search_term_string}\"},\"query-input\":{\"@type\":\"PropertyValueSpecification\",\"valueRequired\":true,\"valueName\":\"search_term_string\"}}],\"inLanguage\":\"de\"},{\"@type\":[\"Person\",\"Organization\"],\"@id\":\"https:\\\/\\\/liebke-foto.de\\\/maerkischeslicht\\\/#\\\/schema\\\/person\\\/d71108abc09a723daeeb8526a33137ee\",\"name\":\"Frank Liebke\",\"image\":{\"@type\":\"ImageObject\",\"inLanguage\":\"de\",\"@id\":\"https:\\\/\\\/liebke-foto.de\\\/maerkischeslicht\\\/wp-content\\\/uploads\\\/2021\\\/12\\\/IMG-20211024-WA0001.jpg\",\"url\":\"https:\\\/\\\/liebke-foto.de\\\/maerkischeslicht\\\/wp-content\\\/uploads\\\/2021\\\/12\\\/IMG-20211024-WA0001.jpg\",\"contentUrl\":\"https:\\\/\\\/liebke-foto.de\\\/maerkischeslicht\\\/wp-content\\\/uploads\\\/2021\\\/12\\\/IMG-20211024-WA0001.jpg\",\"width\":900,\"height\":1600,\"caption\":\"Frank Liebke\"},\"logo\":{\"@id\":\"https:\\\/\\\/liebke-foto.de\\\/maerkischeslicht\\\/wp-content\\\/uploads\\\/2021\\\/12\\\/IMG-20211024-WA0001.jpg\"},\"sameAs\":[\"https:\\\/\\\/liebke-foto.de\"],\"url\":\"https:\\\/\\\/liebke-foto.de\\\/maerkischeslicht\\\/author\\\/adminuser\\\/\"}]}<\/script>\n<!-- \/ Yoast SEO plugin. -->","yoast_head_json":{"title":"Wie es begann mit dem \"M\u00e4rkischen Licht\" - M\u00e4rkisches Licht - Der Fotograf der Stille","description":"Wie es begann mit dem \"M\u00e4rkischen Licht\". Als \"Fl\u00f6mers Str\u00f6mungen\" mich in jungen Jahren schon neu ausrichteten. Mit einer unfassbaren Idee...","robots":{"index":"index","follow":"follow","max-snippet":"max-snippet:-1","max-image-preview":"max-image-preview:large","max-video-preview":"max-video-preview:-1"},"canonical":"https:\/\/liebke-foto.de\/maerkischeslicht\/wie-es-begann-mit-dem-maerkischen-licht\/","og_locale":"de_DE","og_type":"article","og_title":"Wie es begann mit dem \"M\u00e4rkischen Licht\" - M\u00e4rkisches Licht - Der Fotograf der Stille","og_description":"Wie es begann mit dem \"M\u00e4rkischen Licht\". Als \"Fl\u00f6mers Str\u00f6mungen\" mich in jungen Jahren schon neu ausrichteten. Mit einer unfassbaren Idee...","og_url":"https:\/\/liebke-foto.de\/maerkischeslicht\/wie-es-begann-mit-dem-maerkischen-licht\/","og_site_name":"M\u00e4rkisches Licht - Der Fotograf der Stille","article_published_time":"2025-08-24T11:30:32+00:00","article_modified_time":"2025-08-24T12:10:32+00:00","og_image":[{"width":1400,"height":976,"url":"https:\/\/liebke-foto.de\/maerkischeslicht\/wp-content\/uploads\/2025\/08\/FZL7504_DxO.jpg","type":"image\/jpeg"}],"author":"Frank Liebke","twitter_card":"summary_large_image","twitter_misc":{"Verfasst von":"Frank Liebke","Gesch\u00e4tzte Lesezeit":"5\u00a0Minuten"},"schema":{"@context":"https:\/\/schema.org","@graph":[{"@type":"Article","@id":"https:\/\/liebke-foto.de\/maerkischeslicht\/wie-es-begann-mit-dem-maerkischen-licht\/#article","isPartOf":{"@id":"https:\/\/liebke-foto.de\/maerkischeslicht\/wie-es-begann-mit-dem-maerkischen-licht\/"},"author":{"name":"Frank Liebke","@id":"https:\/\/liebke-foto.de\/maerkischeslicht\/#\/schema\/person\/d71108abc09a723daeeb8526a33137ee"},"headline":"Wie es begann mit dem &#8222;M\u00e4rkischen Licht&#8220;","datePublished":"2025-08-24T11:30:32+00:00","dateModified":"2025-08-24T12:10:32+00:00","mainEntityOfPage":{"@id":"https:\/\/liebke-foto.de\/maerkischeslicht\/wie-es-begann-mit-dem-maerkischen-licht\/"},"wordCount":1004,"commentCount":12,"publisher":{"@id":"https:\/\/liebke-foto.de\/maerkischeslicht\/#\/schema\/person\/d71108abc09a723daeeb8526a33137ee"},"image":{"@id":"https:\/\/liebke-foto.de\/maerkischeslicht\/wie-es-begann-mit-dem-maerkischen-licht\/#primaryimage"},"thumbnailUrl":"https:\/\/liebke-foto.de\/maerkischeslicht\/wp-content\/uploads\/2025\/08\/FZL7504_DxO.jpg","keywords":["Mark Brandenburg","M\u00e4rkisches Licht","Naturpark Barnim","Oberhavel"],"articleSection":["Fundst\u00fccke","Historie","Im Land Brandenburg unterwegs","Menschliches aus der Mark","Wildes Brandenburg"],"inLanguage":"de","potentialAction":[{"@type":"CommentAction","name":"Comment","target":["https:\/\/liebke-foto.de\/maerkischeslicht\/wie-es-begann-mit-dem-maerkischen-licht\/#respond"]}]},{"@type":"WebPage","@id":"https:\/\/liebke-foto.de\/maerkischeslicht\/wie-es-begann-mit-dem-maerkischen-licht\/","url":"https:\/\/liebke-foto.de\/maerkischeslicht\/wie-es-begann-mit-dem-maerkischen-licht\/","name":"Wie es begann mit dem \"M\u00e4rkischen Licht\" - M\u00e4rkisches Licht - Der Fotograf der Stille","isPartOf":{"@id":"https:\/\/liebke-foto.de\/maerkischeslicht\/#website"},"primaryImageOfPage":{"@id":"https:\/\/liebke-foto.de\/maerkischeslicht\/wie-es-begann-mit-dem-maerkischen-licht\/#primaryimage"},"image":{"@id":"https:\/\/liebke-foto.de\/maerkischeslicht\/wie-es-begann-mit-dem-maerkischen-licht\/#primaryimage"},"thumbnailUrl":"https:\/\/liebke-foto.de\/maerkischeslicht\/wp-content\/uploads\/2025\/08\/FZL7504_DxO.jpg","datePublished":"2025-08-24T11:30:32+00:00","dateModified":"2025-08-24T12:10:32+00:00","description":"Wie es begann mit dem \"M\u00e4rkischen Licht\". Als \"Fl\u00f6mers Str\u00f6mungen\" mich in jungen Jahren schon neu ausrichteten. Mit einer unfassbaren Idee...","breadcrumb":{"@id":"https:\/\/liebke-foto.de\/maerkischeslicht\/wie-es-begann-mit-dem-maerkischen-licht\/#breadcrumb"},"inLanguage":"de","potentialAction":[{"@type":"ReadAction","target":["https:\/\/liebke-foto.de\/maerkischeslicht\/wie-es-begann-mit-dem-maerkischen-licht\/"]}]},{"@type":"ImageObject","inLanguage":"de","@id":"https:\/\/liebke-foto.de\/maerkischeslicht\/wie-es-begann-mit-dem-maerkischen-licht\/#primaryimage","url":"https:\/\/liebke-foto.de\/maerkischeslicht\/wp-content\/uploads\/2025\/08\/FZL7504_DxO.jpg","contentUrl":"https:\/\/liebke-foto.de\/maerkischeslicht\/wp-content\/uploads\/2025\/08\/FZL7504_DxO.jpg","width":1400,"height":976},{"@type":"BreadcrumbList","@id":"https:\/\/liebke-foto.de\/maerkischeslicht\/wie-es-begann-mit-dem-maerkischen-licht\/#breadcrumb","itemListElement":[{"@type":"ListItem","position":1,"name":"Startseite","item":"https:\/\/liebke-foto.de\/maerkischeslicht\/"},{"@type":"ListItem","position":2,"name":"Wie es begann mit dem &#8222;M\u00e4rkischen Licht&#8220;"}]},{"@type":"WebSite","@id":"https:\/\/liebke-foto.de\/maerkischeslicht\/#website","url":"https:\/\/liebke-foto.de\/maerkischeslicht\/","name":"M\u00e4rkisches Licht - Der Fotograf der Stille","description":"Die Liebe zum Leben...","publisher":{"@id":"https:\/\/liebke-foto.de\/maerkischeslicht\/#\/schema\/person\/d71108abc09a723daeeb8526a33137ee"},"potentialAction":[{"@type":"SearchAction","target":{"@type":"EntryPoint","urlTemplate":"https:\/\/liebke-foto.de\/maerkischeslicht\/?s={search_term_string}"},"query-input":{"@type":"PropertyValueSpecification","valueRequired":true,"valueName":"search_term_string"}}],"inLanguage":"de"},{"@type":["Person","Organization"],"@id":"https:\/\/liebke-foto.de\/maerkischeslicht\/#\/schema\/person\/d71108abc09a723daeeb8526a33137ee","name":"Frank Liebke","image":{"@type":"ImageObject","inLanguage":"de","@id":"https:\/\/liebke-foto.de\/maerkischeslicht\/wp-content\/uploads\/2021\/12\/IMG-20211024-WA0001.jpg","url":"https:\/\/liebke-foto.de\/maerkischeslicht\/wp-content\/uploads\/2021\/12\/IMG-20211024-WA0001.jpg","contentUrl":"https:\/\/liebke-foto.de\/maerkischeslicht\/wp-content\/uploads\/2021\/12\/IMG-20211024-WA0001.jpg","width":900,"height":1600,"caption":"Frank Liebke"},"logo":{"@id":"https:\/\/liebke-foto.de\/maerkischeslicht\/wp-content\/uploads\/2021\/12\/IMG-20211024-WA0001.jpg"},"sameAs":["https:\/\/liebke-foto.de"],"url":"https:\/\/liebke-foto.de\/maerkischeslicht\/author\/adminuser\/"}]}},"_links":{"self":[{"href":"https:\/\/liebke-foto.de\/maerkischeslicht\/wp-json\/wp\/v2\/posts\/9336","targetHints":{"allow":["GET"]}}],"collection":[{"href":"https:\/\/liebke-foto.de\/maerkischeslicht\/wp-json\/wp\/v2\/posts"}],"about":[{"href":"https:\/\/liebke-foto.de\/maerkischeslicht\/wp-json\/wp\/v2\/types\/post"}],"author":[{"embeddable":true,"href":"https:\/\/liebke-foto.de\/maerkischeslicht\/wp-json\/wp\/v2\/users\/1"}],"replies":[{"embeddable":true,"href":"https:\/\/liebke-foto.de\/maerkischeslicht\/wp-json\/wp\/v2\/comments?post=9336"}],"version-history":[{"count":11,"href":"https:\/\/liebke-foto.de\/maerkischeslicht\/wp-json\/wp\/v2\/posts\/9336\/revisions"}],"predecessor-version":[{"id":9353,"href":"https:\/\/liebke-foto.de\/maerkischeslicht\/wp-json\/wp\/v2\/posts\/9336\/revisions\/9353"}],"wp:featuredmedia":[{"embeddable":true,"href":"https:\/\/liebke-foto.de\/maerkischeslicht\/wp-json\/wp\/v2\/media\/9341"}],"wp:attachment":[{"href":"https:\/\/liebke-foto.de\/maerkischeslicht\/wp-json\/wp\/v2\/media?parent=9336"}],"wp:term":[{"taxonomy":"category","embeddable":true,"href":"https:\/\/liebke-foto.de\/maerkischeslicht\/wp-json\/wp\/v2\/categories?post=9336"},{"taxonomy":"post_tag","embeddable":true,"href":"https:\/\/liebke-foto.de\/maerkischeslicht\/wp-json\/wp\/v2\/tags?post=9336"}],"curies":[{"name":"wp","href":"https:\/\/api.w.org\/{rel}","templated":true}]}}