{"id":9313,"date":"2025-05-24T08:46:26","date_gmt":"2025-05-24T06:46:26","guid":{"rendered":"https:\/\/liebke-foto.de\/maerkischeslicht\/?p=9313"},"modified":"2025-05-24T08:46:27","modified_gmt":"2025-05-24T06:46:27","slug":"wir-haben-fruehling-und-nicht-herbst","status":"publish","type":"post","link":"https:\/\/liebke-foto.de\/maerkischeslicht\/wir-haben-fruehling-und-nicht-herbst\/","title":{"rendered":"Wir haben Fr\u00fchling und nicht Herbst&#8230;"},"content":{"rendered":"<div class=\"wp-block-image\">\n<figure class=\"aligncenter size-large\"><a href=\"https:\/\/liebke-foto.de\/maerkischeslicht\/wp-content\/uploads\/2025\/05\/FL84860_DxO.jpg\"><img loading=\"lazy\" decoding=\"async\" width=\"1199\" height=\"800\" src=\"https:\/\/liebke-foto.de\/maerkischeslicht\/wp-content\/uploads\/2025\/05\/FL84860_DxO-1199x800.jpg\" alt=\"\" class=\"wp-image-9314\" srcset=\"https:\/\/liebke-foto.de\/maerkischeslicht\/wp-content\/uploads\/2025\/05\/FL84860_DxO-1199x800.jpg 1199w, https:\/\/liebke-foto.de\/maerkischeslicht\/wp-content\/uploads\/2025\/05\/FL84860_DxO-768x512.jpg 768w, https:\/\/liebke-foto.de\/maerkischeslicht\/wp-content\/uploads\/2025\/05\/FL84860_DxO.jpg 1400w\" sizes=\"auto, (max-width: 1199px) 100vw, 1199px\" \/><\/a><figcaption class=\"wp-element-caption\">Kirche Tornow in Oberhavel, Mark Brandenburg<\/figcaption><\/figure>\n<\/div>\n\n\n<p><\/p>\n\n\n\n<h2 class=\"wp-block-heading has-text-align-center\">&#8230; und nicht Fr\u00fchling!! Na ja, DAS wei\u00df ich doch.<\/h2>\n\n\n\n<p>Wenn nichts dazwischen kommt, werde ich im n\u00e4chsten Monat 65 Jahre alt. Und wenn ich da mal dr\u00fcber nachdenke, was zur Zeit doch \u00f6fter vorkommt, sind das schon ganz sch\u00f6n viele Lebensjahre. Dazu kommt, dass ich nie der gesellige Party-Typ war und bin keine &#8222;Rampensau&#8220;, wie man das so allumfassend nennt. Mein Sein ist eher ruhig, im Hintergrund und voller Erlebnisse. F\u00fcr mich. Die ich liebe, auch und gerade in der Erinnerung.<\/p>\n\n\n\n<p>Denn ich bin Fotograf. Nicht weil das ein schicker Beruf ist. F\u00fcr mich war es immer ein sehr gro\u00dfes Bed\u00fcrfnis, diese tiefen Erlebnisse in der Natur, im Land, allgemein dort wo es sch\u00f6n ist. F\u00fcr mich sch\u00f6n ist, ich mich wohlf\u00fchlte und wohlf\u00fchle. Festzuhalten. Damit ich sie mir immer wieder ansehen kann und dabei diese tiefen Erlebnisse nachempfinde. Denn nur die reinen Erinnerungen k\u00f6nnen tr\u00fcgerisch sein.<\/p>\n\n\n\n<p>Ein erhaltenes farbiges Bild aber bleibt wie zur Zeit der Entstehung. Das versuchte ich erst mit Pinsel und Farbe. Die Note eins im Kunstunterricht war jahrelanger Begleiter. Nur ich selbst war nie so richtig mit den Bildern zufrieden. Das \u00e4nderte sich mit meinem neuen Medium, der Fotografie. Die ich selbst in der damaligen DDR, mit ihren nicht so tollen Materialien, in Farbe betrieb. Abz\u00fcge, eben Bilder, wollte ich in der Hand halten k\u00f6nnen. In Farbe, denn die Welt ist nicht Schwarzwei\u00df!<\/p>\n\n\n\n<p>Nun kann ich auf viele Jahrzehnte zur\u00fcckblicken. Und auf einen Bilderschatz, der sicher in die Hundertausende geht, denn es sind seeehr!! viele. Die ich nicht z\u00e4hlen werde, weil es mir egal ist. Es ist mein Schatz, denn die meisten sind zeitlos, die die ich mitgenommen habe, weil ich nicht anders konnte. <\/p>\n\n\n\n<p>Die sich mir aufdr\u00e4ngten. Denn im Gegensatz vieler Kollegen und Fotografinnen plante ich meine Bilder selten. Sie sind mir meistens &#8222;passiert&#8220;, weil die Kameras immer dabei waren wenn ich im Land unterwegs war.<\/p>\n\n\n\n<p>Und so habe ich meine Fotografie, mein Werk, immer gesehen: Es war und ist eine Reise. Jedes Mal, egal an welche Orte, mit Vorfreude und Spannung, was ich dort erleben werde. Genau durch dieses Herangehen wurde ich so oft, eigentlich immer, einfach beschenkt. Und daf\u00fcr bin ich unendlich dankbar! <\/p>\n\n\n\n<p>Das hei\u00dft nun nicht, dass ich nichts &#8222;k\u00f6nnen&#8220; muss, nein. Das Handwerk, sein Tun, sollte jeder Kreative unbedingt k\u00f6nnen. Dazu geh\u00f6rt lernen, am Anfang sehr viel, aber auch im Alter h\u00f6rt das nie auf. Wenn man wirklich kreativ ist und offen f\u00fcrs Leben. Die, die meinen, nun k\u00f6nnen sie alles, nun sind sie &#8222;fertig&#8220;, sind das leider auch wirklich. Fertig. Denn diese Einstellung ist der Anfang vom Ende. Sollten Einige mal dr\u00fcber nachdenken \ud83d\ude09 .<\/p>\n\n\n\n<p>Nun sind viele, die sich gern Bilder anschauen, ob auf Facebook, Instagram, den Blogs oder wo auch immer, der Meinung, wenn man was zeigt sollte es zur Jahreszeit passen. Am Besten immer aktuell sein.<\/p>\n\n\n\n<p>Wozu aber? Ich f\u00fchle mich schon lange nicht mehr als eine Tageszeitung, immer aktuell. (Das ging Herrn C.D.Friedrich, Shinzo Maeda, Ansel Adams wohl \u00e4hnlich.) <\/p>\n\n\n\n<p>Ich m\u00f6chte meine Bilder zeigen. Egal welches Motiv, welche Jahreszeit, Bl\u00fchen, Schnee, Herbstf\u00e4rbung. Immer genau DANN wenn ICH das gern m\u00f6chte. Weil ich das Bild f\u00fchle. Das Erlebte, das Land zu mir spricht. Und das genau passiert gerade in letzter Zeit sehr oft. Wenn ich in meinem Archiv unterwegs bin und MEINE, nur MEINE SCH\u00c4TZE f\u00fcr MICH finde, hebe. <\/p>\n\n\n\n<p>Das ist allein meine Sehnsucht, meine Freude und vielleicht auch meine Kunst. Egal, welche Bezeichnung, die braucht alles nicht.<\/p>\n\n\n\n<p>Es sind meine Bilder, die MICH zu allen Zeiten erfreuen. Und die zeige ich sehr gern und egal wann. Denn sie sind f\u00fcr mich zeitlos. Ist doch Quatsch, im Fr\u00fchling kein Herbstbild zuzulassen, weil drau\u00dfen eben Fr\u00fchling und kein Herbst ist. Das passiert da drau\u00dfen sowieso, aber warum soll ich bis Herbst warten? 2019 habe ich an mir selbst erfahren, wie schnell man nicht mehr da sein k\u00f6nnte. Ich wei\u00df eben heute nicht, was im Herbst ist.<\/p>\n\n\n\n<p>Au\u00dferdem finde ich das Bild sch\u00f6n, f\u00fchle mich damit wohl. Also gibt es bei mir auf den Seiten, die ich betreue, immer nur BILDER, zeitlos. Zum Freuen und Wohlf\u00fchlen, denn unsere Welt ist sch\u00f6n, egal was &#8222;da drau\u00dfen&#8220; immer wieder mal passiert. Daran sollten wir immer denken. <\/p>\n\n\n\n<p>Danke an alle, die bis zu Ende gelesen haben, mich vielleicht auch verstehen. Das w\u00e4re sch\u00f6n, aber keine Bedingung! Ich werde Bilder machen. Und zeigen, auch wenn sich keiner daf\u00fcr interessiert. Denn ich bin so, einfach so. Danke!<\/p>\n\n\n\n<p><\/p>\n\n\n\n<div style=\"padding:20px\" class=\"wp-block-tnp-minimal\"><p>Subscribe to our newsletter!<\/p><div><div class=\"tnp tnp-subscription \">\n<form method=\"post\" action=\"https:\/\/liebke-foto.de\/maerkischeslicht\/wp-admin\/admin-ajax.php?action=tnp&amp;na=s\">\n<input type=\"hidden\" name=\"nlang\" value=\"\">\n<div class=\"tnp-field tnp-field-firstname\"><label for=\"tnp-1\">Vorname oder ganzer Name<\/label>\n<input class=\"tnp-name\" type=\"text\" name=\"nn\" id=\"tnp-1\" value=\"\" placeholder=\"\"><\/div>\n<div class=\"tnp-field tnp-field-email\"><label for=\"tnp-2\">Email<\/label>\n<input class=\"tnp-email\" type=\"email\" name=\"ne\" id=\"tnp-2\" value=\"\" placeholder=\"\" required><\/div>\n<div class=\"tnp-field tnp-privacy-field\"><label><input type=\"checkbox\" name=\"ny\" required class=\"tnp-privacy\"> Indem Du fortf\u00e4hrst, akzeptierst Du unsere Datenschutzerkl\u00e4rung.<\/label><\/div><div class=\"tnp-field tnp-field-button\" style=\"text-align: left\"><input class=\"tnp-submit\" type=\"submit\" value=\"Abonnieren\" style=\"\">\n<\/div>\n<\/form>\n<\/div>\n<\/div><\/div>\n\n\n\n<p><\/p>\n\n\n\n\n","protected":false},"excerpt":{"rendered":"<p>&#8230; und nicht Fr\u00fchling!! Na ja, DAS wei\u00df ich doch. Wenn nichts dazwischen kommt, werde ich im n\u00e4chsten Monat 65 Jahre alt. Und&#8230;<\/p>\n","protected":false},"author":1,"featured_media":9314,"comment_status":"open","ping_status":"open","sticky":false,"template":"","format":"standard","meta":{"footnotes":""},"categories":[287,311,66,10],"tags":[],"class_list":["post-9313","post","type-post","status-publish","format-standard","has-post-thumbnail","hentry","category-jahreszeiten","category-land-brandenburg","category-landpartie","category-landschaft-mark-brandenburg-oberhavel-barnim"],"yoast_head":"<!-- This site is optimized with the Yoast SEO plugin v27.5 - https:\/\/yoast.com\/product\/yoast-seo-wordpress\/ -->\n<title>Wir haben Fr\u00fchling und nicht Herbst... - M\u00e4rkisches Licht - Der Fotograf der Stille<\/title>\n<meta name=\"description\" content=\"Wir haben Fr\u00fchling und nicht Herbst...\" \/>\n<meta name=\"robots\" content=\"index, follow, max-snippet:-1, max-image-preview:large, max-video-preview:-1\" \/>\n<link rel=\"canonical\" href=\"https:\/\/liebke-foto.de\/maerkischeslicht\/wir-haben-fruehling-und-nicht-herbst\/\" \/>\n<meta property=\"og:locale\" content=\"de_DE\" \/>\n<meta property=\"og:type\" content=\"article\" \/>\n<meta property=\"og:title\" content=\"Wir haben Fr\u00fchling und nicht Herbst... - M\u00e4rkisches Licht - Der Fotograf der Stille\" \/>\n<meta property=\"og:description\" content=\"Wir haben Fr\u00fchling und nicht Herbst...\" \/>\n<meta property=\"og:url\" content=\"https:\/\/liebke-foto.de\/maerkischeslicht\/wir-haben-fruehling-und-nicht-herbst\/\" \/>\n<meta property=\"og:site_name\" content=\"M\u00e4rkisches Licht - Der Fotograf der Stille\" \/>\n<meta property=\"article:published_time\" content=\"2025-05-24T06:46:26+00:00\" \/>\n<meta property=\"article:modified_time\" content=\"2025-05-24T06:46:27+00:00\" \/>\n<meta property=\"og:image\" content=\"https:\/\/liebke-foto.de\/maerkischeslicht\/wp-content\/uploads\/2025\/05\/FL84860_DxO.jpg\" \/>\n\t<meta property=\"og:image:width\" content=\"1400\" \/>\n\t<meta property=\"og:image:height\" content=\"934\" \/>\n\t<meta property=\"og:image:type\" content=\"image\/jpeg\" \/>\n<meta name=\"author\" content=\"Frank Liebke\" \/>\n<meta name=\"twitter:card\" content=\"summary_large_image\" \/>\n<meta name=\"twitter:label1\" content=\"Verfasst von\" \/>\n\t<meta name=\"twitter:data1\" content=\"Frank Liebke\" \/>\n\t<meta name=\"twitter:label2\" content=\"Gesch\u00e4tzte Lesezeit\" \/>\n\t<meta name=\"twitter:data2\" content=\"4\u00a0Minuten\" \/>\n<script type=\"application\/ld+json\" class=\"yoast-schema-graph\">{\"@context\":\"https:\\\/\\\/schema.org\",\"@graph\":[{\"@type\":\"Article\",\"@id\":\"https:\\\/\\\/liebke-foto.de\\\/maerkischeslicht\\\/wir-haben-fruehling-und-nicht-herbst\\\/#article\",\"isPartOf\":{\"@id\":\"https:\\\/\\\/liebke-foto.de\\\/maerkischeslicht\\\/wir-haben-fruehling-und-nicht-herbst\\\/\"},\"author\":{\"name\":\"Frank Liebke\",\"@id\":\"https:\\\/\\\/liebke-foto.de\\\/maerkischeslicht\\\/#\\\/schema\\\/person\\\/d71108abc09a723daeeb8526a33137ee\"},\"headline\":\"Wir haben Fr\u00fchling und nicht Herbst&#8230;\",\"datePublished\":\"2025-05-24T06:46:26+00:00\",\"dateModified\":\"2025-05-24T06:46:27+00:00\",\"mainEntityOfPage\":{\"@id\":\"https:\\\/\\\/liebke-foto.de\\\/maerkischeslicht\\\/wir-haben-fruehling-und-nicht-herbst\\\/\"},\"wordCount\":803,\"commentCount\":13,\"publisher\":{\"@id\":\"https:\\\/\\\/liebke-foto.de\\\/maerkischeslicht\\\/#\\\/schema\\\/person\\\/d71108abc09a723daeeb8526a33137ee\"},\"image\":{\"@id\":\"https:\\\/\\\/liebke-foto.de\\\/maerkischeslicht\\\/wir-haben-fruehling-und-nicht-herbst\\\/#primaryimage\"},\"thumbnailUrl\":\"https:\\\/\\\/liebke-foto.de\\\/maerkischeslicht\\\/wp-content\\\/uploads\\\/2025\\\/05\\\/FL84860_DxO.jpg\",\"articleSection\":[\"Jahreszeiten\",\"Land Brandenburg\",\"LANDpartie, unterwegs in der Mark Brandenburg\",\"Landschaft\"],\"inLanguage\":\"de\",\"potentialAction\":[{\"@type\":\"CommentAction\",\"name\":\"Comment\",\"target\":[\"https:\\\/\\\/liebke-foto.de\\\/maerkischeslicht\\\/wir-haben-fruehling-und-nicht-herbst\\\/#respond\"]}]},{\"@type\":\"WebPage\",\"@id\":\"https:\\\/\\\/liebke-foto.de\\\/maerkischeslicht\\\/wir-haben-fruehling-und-nicht-herbst\\\/\",\"url\":\"https:\\\/\\\/liebke-foto.de\\\/maerkischeslicht\\\/wir-haben-fruehling-und-nicht-herbst\\\/\",\"name\":\"Wir haben Fr\u00fchling und nicht Herbst... - M\u00e4rkisches Licht - Der Fotograf der Stille\",\"isPartOf\":{\"@id\":\"https:\\\/\\\/liebke-foto.de\\\/maerkischeslicht\\\/#website\"},\"primaryImageOfPage\":{\"@id\":\"https:\\\/\\\/liebke-foto.de\\\/maerkischeslicht\\\/wir-haben-fruehling-und-nicht-herbst\\\/#primaryimage\"},\"image\":{\"@id\":\"https:\\\/\\\/liebke-foto.de\\\/maerkischeslicht\\\/wir-haben-fruehling-und-nicht-herbst\\\/#primaryimage\"},\"thumbnailUrl\":\"https:\\\/\\\/liebke-foto.de\\\/maerkischeslicht\\\/wp-content\\\/uploads\\\/2025\\\/05\\\/FL84860_DxO.jpg\",\"datePublished\":\"2025-05-24T06:46:26+00:00\",\"dateModified\":\"2025-05-24T06:46:27+00:00\",\"description\":\"Wir haben Fr\u00fchling und nicht Herbst...\",\"breadcrumb\":{\"@id\":\"https:\\\/\\\/liebke-foto.de\\\/maerkischeslicht\\\/wir-haben-fruehling-und-nicht-herbst\\\/#breadcrumb\"},\"inLanguage\":\"de\",\"potentialAction\":[{\"@type\":\"ReadAction\",\"target\":[\"https:\\\/\\\/liebke-foto.de\\\/maerkischeslicht\\\/wir-haben-fruehling-und-nicht-herbst\\\/\"]}]},{\"@type\":\"ImageObject\",\"inLanguage\":\"de\",\"@id\":\"https:\\\/\\\/liebke-foto.de\\\/maerkischeslicht\\\/wir-haben-fruehling-und-nicht-herbst\\\/#primaryimage\",\"url\":\"https:\\\/\\\/liebke-foto.de\\\/maerkischeslicht\\\/wp-content\\\/uploads\\\/2025\\\/05\\\/FL84860_DxO.jpg\",\"contentUrl\":\"https:\\\/\\\/liebke-foto.de\\\/maerkischeslicht\\\/wp-content\\\/uploads\\\/2025\\\/05\\\/FL84860_DxO.jpg\",\"width\":1400,\"height\":934,\"caption\":\"www.liebke-foto.de\"},{\"@type\":\"BreadcrumbList\",\"@id\":\"https:\\\/\\\/liebke-foto.de\\\/maerkischeslicht\\\/wir-haben-fruehling-und-nicht-herbst\\\/#breadcrumb\",\"itemListElement\":[{\"@type\":\"ListItem\",\"position\":1,\"name\":\"Startseite\",\"item\":\"https:\\\/\\\/liebke-foto.de\\\/maerkischeslicht\\\/\"},{\"@type\":\"ListItem\",\"position\":2,\"name\":\"Wir haben Fr\u00fchling und nicht Herbst&#8230;\"}]},{\"@type\":\"WebSite\",\"@id\":\"https:\\\/\\\/liebke-foto.de\\\/maerkischeslicht\\\/#website\",\"url\":\"https:\\\/\\\/liebke-foto.de\\\/maerkischeslicht\\\/\",\"name\":\"M\u00e4rkisches Licht - Der Fotograf der Stille\",\"description\":\"Die Liebe zum Leben...\",\"publisher\":{\"@id\":\"https:\\\/\\\/liebke-foto.de\\\/maerkischeslicht\\\/#\\\/schema\\\/person\\\/d71108abc09a723daeeb8526a33137ee\"},\"potentialAction\":[{\"@type\":\"SearchAction\",\"target\":{\"@type\":\"EntryPoint\",\"urlTemplate\":\"https:\\\/\\\/liebke-foto.de\\\/maerkischeslicht\\\/?s={search_term_string}\"},\"query-input\":{\"@type\":\"PropertyValueSpecification\",\"valueRequired\":true,\"valueName\":\"search_term_string\"}}],\"inLanguage\":\"de\"},{\"@type\":[\"Person\",\"Organization\"],\"@id\":\"https:\\\/\\\/liebke-foto.de\\\/maerkischeslicht\\\/#\\\/schema\\\/person\\\/d71108abc09a723daeeb8526a33137ee\",\"name\":\"Frank Liebke\",\"image\":{\"@type\":\"ImageObject\",\"inLanguage\":\"de\",\"@id\":\"https:\\\/\\\/liebke-foto.de\\\/maerkischeslicht\\\/wp-content\\\/uploads\\\/2021\\\/12\\\/IMG-20211024-WA0001.jpg\",\"url\":\"https:\\\/\\\/liebke-foto.de\\\/maerkischeslicht\\\/wp-content\\\/uploads\\\/2021\\\/12\\\/IMG-20211024-WA0001.jpg\",\"contentUrl\":\"https:\\\/\\\/liebke-foto.de\\\/maerkischeslicht\\\/wp-content\\\/uploads\\\/2021\\\/12\\\/IMG-20211024-WA0001.jpg\",\"width\":900,\"height\":1600,\"caption\":\"Frank Liebke\"},\"logo\":{\"@id\":\"https:\\\/\\\/liebke-foto.de\\\/maerkischeslicht\\\/wp-content\\\/uploads\\\/2021\\\/12\\\/IMG-20211024-WA0001.jpg\"},\"sameAs\":[\"https:\\\/\\\/liebke-foto.de\"],\"url\":\"https:\\\/\\\/liebke-foto.de\\\/maerkischeslicht\\\/author\\\/adminuser\\\/\"}]}<\/script>\n<!-- \/ Yoast SEO plugin. -->","yoast_head_json":{"title":"Wir haben Fr\u00fchling und nicht Herbst... - M\u00e4rkisches Licht - Der Fotograf der Stille","description":"Wir haben Fr\u00fchling und nicht Herbst...","robots":{"index":"index","follow":"follow","max-snippet":"max-snippet:-1","max-image-preview":"max-image-preview:large","max-video-preview":"max-video-preview:-1"},"canonical":"https:\/\/liebke-foto.de\/maerkischeslicht\/wir-haben-fruehling-und-nicht-herbst\/","og_locale":"de_DE","og_type":"article","og_title":"Wir haben Fr\u00fchling und nicht Herbst... - M\u00e4rkisches Licht - Der Fotograf der Stille","og_description":"Wir haben Fr\u00fchling und nicht Herbst...","og_url":"https:\/\/liebke-foto.de\/maerkischeslicht\/wir-haben-fruehling-und-nicht-herbst\/","og_site_name":"M\u00e4rkisches Licht - Der Fotograf der Stille","article_published_time":"2025-05-24T06:46:26+00:00","article_modified_time":"2025-05-24T06:46:27+00:00","og_image":[{"width":1400,"height":934,"url":"https:\/\/liebke-foto.de\/maerkischeslicht\/wp-content\/uploads\/2025\/05\/FL84860_DxO.jpg","type":"image\/jpeg"}],"author":"Frank Liebke","twitter_card":"summary_large_image","twitter_misc":{"Verfasst von":"Frank Liebke","Gesch\u00e4tzte Lesezeit":"4\u00a0Minuten"},"schema":{"@context":"https:\/\/schema.org","@graph":[{"@type":"Article","@id":"https:\/\/liebke-foto.de\/maerkischeslicht\/wir-haben-fruehling-und-nicht-herbst\/#article","isPartOf":{"@id":"https:\/\/liebke-foto.de\/maerkischeslicht\/wir-haben-fruehling-und-nicht-herbst\/"},"author":{"name":"Frank Liebke","@id":"https:\/\/liebke-foto.de\/maerkischeslicht\/#\/schema\/person\/d71108abc09a723daeeb8526a33137ee"},"headline":"Wir haben Fr\u00fchling und nicht Herbst&#8230;","datePublished":"2025-05-24T06:46:26+00:00","dateModified":"2025-05-24T06:46:27+00:00","mainEntityOfPage":{"@id":"https:\/\/liebke-foto.de\/maerkischeslicht\/wir-haben-fruehling-und-nicht-herbst\/"},"wordCount":803,"commentCount":13,"publisher":{"@id":"https:\/\/liebke-foto.de\/maerkischeslicht\/#\/schema\/person\/d71108abc09a723daeeb8526a33137ee"},"image":{"@id":"https:\/\/liebke-foto.de\/maerkischeslicht\/wir-haben-fruehling-und-nicht-herbst\/#primaryimage"},"thumbnailUrl":"https:\/\/liebke-foto.de\/maerkischeslicht\/wp-content\/uploads\/2025\/05\/FL84860_DxO.jpg","articleSection":["Jahreszeiten","Land Brandenburg","LANDpartie, unterwegs in der Mark Brandenburg","Landschaft"],"inLanguage":"de","potentialAction":[{"@type":"CommentAction","name":"Comment","target":["https:\/\/liebke-foto.de\/maerkischeslicht\/wir-haben-fruehling-und-nicht-herbst\/#respond"]}]},{"@type":"WebPage","@id":"https:\/\/liebke-foto.de\/maerkischeslicht\/wir-haben-fruehling-und-nicht-herbst\/","url":"https:\/\/liebke-foto.de\/maerkischeslicht\/wir-haben-fruehling-und-nicht-herbst\/","name":"Wir haben Fr\u00fchling und nicht Herbst... - M\u00e4rkisches Licht - Der Fotograf der Stille","isPartOf":{"@id":"https:\/\/liebke-foto.de\/maerkischeslicht\/#website"},"primaryImageOfPage":{"@id":"https:\/\/liebke-foto.de\/maerkischeslicht\/wir-haben-fruehling-und-nicht-herbst\/#primaryimage"},"image":{"@id":"https:\/\/liebke-foto.de\/maerkischeslicht\/wir-haben-fruehling-und-nicht-herbst\/#primaryimage"},"thumbnailUrl":"https:\/\/liebke-foto.de\/maerkischeslicht\/wp-content\/uploads\/2025\/05\/FL84860_DxO.jpg","datePublished":"2025-05-24T06:46:26+00:00","dateModified":"2025-05-24T06:46:27+00:00","description":"Wir haben Fr\u00fchling und nicht Herbst...","breadcrumb":{"@id":"https:\/\/liebke-foto.de\/maerkischeslicht\/wir-haben-fruehling-und-nicht-herbst\/#breadcrumb"},"inLanguage":"de","potentialAction":[{"@type":"ReadAction","target":["https:\/\/liebke-foto.de\/maerkischeslicht\/wir-haben-fruehling-und-nicht-herbst\/"]}]},{"@type":"ImageObject","inLanguage":"de","@id":"https:\/\/liebke-foto.de\/maerkischeslicht\/wir-haben-fruehling-und-nicht-herbst\/#primaryimage","url":"https:\/\/liebke-foto.de\/maerkischeslicht\/wp-content\/uploads\/2025\/05\/FL84860_DxO.jpg","contentUrl":"https:\/\/liebke-foto.de\/maerkischeslicht\/wp-content\/uploads\/2025\/05\/FL84860_DxO.jpg","width":1400,"height":934,"caption":"www.liebke-foto.de"},{"@type":"BreadcrumbList","@id":"https:\/\/liebke-foto.de\/maerkischeslicht\/wir-haben-fruehling-und-nicht-herbst\/#breadcrumb","itemListElement":[{"@type":"ListItem","position":1,"name":"Startseite","item":"https:\/\/liebke-foto.de\/maerkischeslicht\/"},{"@type":"ListItem","position":2,"name":"Wir haben Fr\u00fchling und nicht Herbst&#8230;"}]},{"@type":"WebSite","@id":"https:\/\/liebke-foto.de\/maerkischeslicht\/#website","url":"https:\/\/liebke-foto.de\/maerkischeslicht\/","name":"M\u00e4rkisches Licht - Der Fotograf der Stille","description":"Die Liebe zum Leben...","publisher":{"@id":"https:\/\/liebke-foto.de\/maerkischeslicht\/#\/schema\/person\/d71108abc09a723daeeb8526a33137ee"},"potentialAction":[{"@type":"SearchAction","target":{"@type":"EntryPoint","urlTemplate":"https:\/\/liebke-foto.de\/maerkischeslicht\/?s={search_term_string}"},"query-input":{"@type":"PropertyValueSpecification","valueRequired":true,"valueName":"search_term_string"}}],"inLanguage":"de"},{"@type":["Person","Organization"],"@id":"https:\/\/liebke-foto.de\/maerkischeslicht\/#\/schema\/person\/d71108abc09a723daeeb8526a33137ee","name":"Frank Liebke","image":{"@type":"ImageObject","inLanguage":"de","@id":"https:\/\/liebke-foto.de\/maerkischeslicht\/wp-content\/uploads\/2021\/12\/IMG-20211024-WA0001.jpg","url":"https:\/\/liebke-foto.de\/maerkischeslicht\/wp-content\/uploads\/2021\/12\/IMG-20211024-WA0001.jpg","contentUrl":"https:\/\/liebke-foto.de\/maerkischeslicht\/wp-content\/uploads\/2021\/12\/IMG-20211024-WA0001.jpg","width":900,"height":1600,"caption":"Frank Liebke"},"logo":{"@id":"https:\/\/liebke-foto.de\/maerkischeslicht\/wp-content\/uploads\/2021\/12\/IMG-20211024-WA0001.jpg"},"sameAs":["https:\/\/liebke-foto.de"],"url":"https:\/\/liebke-foto.de\/maerkischeslicht\/author\/adminuser\/"}]}},"_links":{"self":[{"href":"https:\/\/liebke-foto.de\/maerkischeslicht\/wp-json\/wp\/v2\/posts\/9313","targetHints":{"allow":["GET"]}}],"collection":[{"href":"https:\/\/liebke-foto.de\/maerkischeslicht\/wp-json\/wp\/v2\/posts"}],"about":[{"href":"https:\/\/liebke-foto.de\/maerkischeslicht\/wp-json\/wp\/v2\/types\/post"}],"author":[{"embeddable":true,"href":"https:\/\/liebke-foto.de\/maerkischeslicht\/wp-json\/wp\/v2\/users\/1"}],"replies":[{"embeddable":true,"href":"https:\/\/liebke-foto.de\/maerkischeslicht\/wp-json\/wp\/v2\/comments?post=9313"}],"version-history":[{"count":2,"href":"https:\/\/liebke-foto.de\/maerkischeslicht\/wp-json\/wp\/v2\/posts\/9313\/revisions"}],"predecessor-version":[{"id":9316,"href":"https:\/\/liebke-foto.de\/maerkischeslicht\/wp-json\/wp\/v2\/posts\/9313\/revisions\/9316"}],"wp:featuredmedia":[{"embeddable":true,"href":"https:\/\/liebke-foto.de\/maerkischeslicht\/wp-json\/wp\/v2\/media\/9314"}],"wp:attachment":[{"href":"https:\/\/liebke-foto.de\/maerkischeslicht\/wp-json\/wp\/v2\/media?parent=9313"}],"wp:term":[{"taxonomy":"category","embeddable":true,"href":"https:\/\/liebke-foto.de\/maerkischeslicht\/wp-json\/wp\/v2\/categories?post=9313"},{"taxonomy":"post_tag","embeddable":true,"href":"https:\/\/liebke-foto.de\/maerkischeslicht\/wp-json\/wp\/v2\/tags?post=9313"}],"curies":[{"name":"wp","href":"https:\/\/api.w.org\/{rel}","templated":true}]}}