{"id":9302,"date":"2025-05-23T10:26:30","date_gmt":"2025-05-23T08:26:30","guid":{"rendered":"https:\/\/liebke-foto.de\/maerkischeslicht\/?p=9302"},"modified":"2025-05-23T10:28:25","modified_gmt":"2025-05-23T08:28:25","slug":"fast-jeder-hat-ne-meise","status":"publish","type":"post","link":"https:\/\/liebke-foto.de\/maerkischeslicht\/fast-jeder-hat-ne-meise\/","title":{"rendered":"Fast Jeder hat \u00b4ne Meise"},"content":{"rendered":"<div class=\"wp-block-image\">\n<figure class=\"aligncenter size-large\"><a href=\"https:\/\/liebke-foto.de\/maerkischeslicht\/wp-content\/uploads\/2025\/05\/FZ23150_DxOquer.jpg\"><img loading=\"lazy\" decoding=\"async\" width=\"1120\" height=\"800\" src=\"https:\/\/liebke-foto.de\/maerkischeslicht\/wp-content\/uploads\/2025\/05\/FZ23150_DxOquer-1120x800.jpg\" alt=\"\" class=\"wp-image-9305\" srcset=\"https:\/\/liebke-foto.de\/maerkischeslicht\/wp-content\/uploads\/2025\/05\/FZ23150_DxOquer-1120x800.jpg 1120w, https:\/\/liebke-foto.de\/maerkischeslicht\/wp-content\/uploads\/2025\/05\/FZ23150_DxOquer-768x549.jpg 768w, https:\/\/liebke-foto.de\/maerkischeslicht\/wp-content\/uploads\/2025\/05\/FZ23150_DxOquer.jpg 1400w\" sizes=\"auto, (max-width: 1120px) 100vw, 1120px\" \/><\/a><figcaption class=\"wp-element-caption\">Der letzte Spr\u00f6ssling zaudert noch den endg\u00fcltigen Abflug hinaus.<\/figcaption><\/figure>\n<\/div>\n\n\n<p class=\"wp-block-paragraph\"><\/p>\n\n\n\n<h2 class=\"wp-block-heading has-text-align-center\">Und bei uns im Berliner Zaubergarten sind sie sogar zu Hause<\/h2>\n\n\n\n<p class=\"wp-block-paragraph\">Und haben Nachwuchs, das erste Mal im Vogelhaus. Der Platz ist g\u00fcnstig, sonnig am Morgen, schattig und trocken. Nicht erreichbar f\u00fcr Feinde. Wir hatten da schon im letzten Jahr drauf gehofft, aber das braucht Gew\u00f6hnung und Vertrauen. Umso mehr haben wir uns in diesem Jahr dar\u00fcber gefreut, dass sich ein P\u00e4rchen Blaumeisen f\u00fcr Unseres entschieden hatte.<\/p>\n\n\n\n<p class=\"wp-block-paragraph\">Es war bis jetzt ein gutes Jahr und in unserem sehr naturnahen Garten und der weiteren Umgebung fanden sie genug Futter zur Aufzucht. Wieviel Junge da nun herangewachsen sind, konnten wir nicht feststellen. Aber es waren sicher einige, dem zarten Geschrei zu entnehmen. Und den Futter-Rundumschlag der Eltern, die st\u00e4ndig heranschafften. <\/p>\n\n\n\n<p class=\"wp-block-paragraph\">Heute nun zum fr\u00fchen Morgentee bei 5\u00b0C wurde uns ein Geschenk zuteil. Denn wir erlebten das Herauslocken und den Abflug des letzten Spr\u00f6\u00dflings in die Abenteuerwelt. <\/p>\n\n\n\n<p class=\"wp-block-paragraph\">Es war ein wundervoller Morgen f\u00fcr uns&#8230;<\/p>\n\n\n\n<p class=\"wp-block-paragraph\"><\/p>\n\n\n<div class=\"wp-block-image\">\n<figure class=\"aligncenter size-large\"><a href=\"https:\/\/liebke-foto.de\/maerkischeslicht\/wp-content\/uploads\/2025\/05\/FZ23158_DxO.jpg\"><img loading=\"lazy\" decoding=\"async\" width=\"800\" height=\"800\" src=\"https:\/\/liebke-foto.de\/maerkischeslicht\/wp-content\/uploads\/2025\/05\/FZ23158_DxO-800x800.jpg\" alt=\"\" class=\"wp-image-9306\" srcset=\"https:\/\/liebke-foto.de\/maerkischeslicht\/wp-content\/uploads\/2025\/05\/FZ23158_DxO-800x800.jpg 800w, https:\/\/liebke-foto.de\/maerkischeslicht\/wp-content\/uploads\/2025\/05\/FZ23158_DxO-150x150.jpg 150w, https:\/\/liebke-foto.de\/maerkischeslicht\/wp-content\/uploads\/2025\/05\/FZ23158_DxO-768x768.jpg 768w, https:\/\/liebke-foto.de\/maerkischeslicht\/wp-content\/uploads\/2025\/05\/FZ23158_DxO-600x600.jpg 600w, https:\/\/liebke-foto.de\/maerkischeslicht\/wp-content\/uploads\/2025\/05\/FZ23158_DxO.jpg 1200w\" sizes=\"auto, (max-width: 800px) 100vw, 800px\" \/><\/a><figcaption class=\"wp-element-caption\">Maaaamaaa!!!<\/figcaption><\/figure>\n<\/div>\n\n\n<p class=\"wp-block-paragraph\"><\/p>\n\n\n<div class=\"wp-block-image\">\n<figure class=\"aligncenter size-large\"><a href=\"https:\/\/liebke-foto.de\/maerkischeslicht\/wp-content\/uploads\/2025\/05\/FZ23203_DxO.jpg\"><img loading=\"lazy\" decoding=\"async\" width=\"800\" height=\"800\" src=\"https:\/\/liebke-foto.de\/maerkischeslicht\/wp-content\/uploads\/2025\/05\/FZ23203_DxO-800x800.jpg\" alt=\"\" class=\"wp-image-9308\" srcset=\"https:\/\/liebke-foto.de\/maerkischeslicht\/wp-content\/uploads\/2025\/05\/FZ23203_DxO-800x800.jpg 800w, https:\/\/liebke-foto.de\/maerkischeslicht\/wp-content\/uploads\/2025\/05\/FZ23203_DxO-150x150.jpg 150w, https:\/\/liebke-foto.de\/maerkischeslicht\/wp-content\/uploads\/2025\/05\/FZ23203_DxO-768x768.jpg 768w, https:\/\/liebke-foto.de\/maerkischeslicht\/wp-content\/uploads\/2025\/05\/FZ23203_DxO-600x600.jpg 600w, https:\/\/liebke-foto.de\/maerkischeslicht\/wp-content\/uploads\/2025\/05\/FZ23203_DxO.jpg 1200w\" sizes=\"auto, (max-width: 800px) 100vw, 800px\" \/><\/a><figcaption class=\"wp-element-caption\">Wo ist Papa??<\/figcaption><\/figure>\n<\/div>\n\n\n<p class=\"wp-block-paragraph\"><\/p>\n\n\n<div class=\"wp-block-image\">\n<figure class=\"aligncenter size-large\"><a href=\"https:\/\/liebke-foto.de\/maerkischeslicht\/wp-content\/uploads\/2025\/05\/FZ23177_DxO.jpg\"><img loading=\"lazy\" decoding=\"async\" width=\"800\" height=\"800\" src=\"https:\/\/liebke-foto.de\/maerkischeslicht\/wp-content\/uploads\/2025\/05\/FZ23177_DxO-800x800.jpg\" alt=\"\" class=\"wp-image-9307\" srcset=\"https:\/\/liebke-foto.de\/maerkischeslicht\/wp-content\/uploads\/2025\/05\/FZ23177_DxO-800x800.jpg 800w, https:\/\/liebke-foto.de\/maerkischeslicht\/wp-content\/uploads\/2025\/05\/FZ23177_DxO-150x150.jpg 150w, https:\/\/liebke-foto.de\/maerkischeslicht\/wp-content\/uploads\/2025\/05\/FZ23177_DxO-768x768.jpg 768w, https:\/\/liebke-foto.de\/maerkischeslicht\/wp-content\/uploads\/2025\/05\/FZ23177_DxO-600x600.jpg 600w, https:\/\/liebke-foto.de\/maerkischeslicht\/wp-content\/uploads\/2025\/05\/FZ23177_DxO.jpg 1200w\" sizes=\"auto, (max-width: 800px) 100vw, 800px\" \/><\/a><figcaption class=\"wp-element-caption\">Ein letzter &#8222;Snack&#8220; vom Altvogel.<\/figcaption><\/figure>\n<\/div>\n\n\n<p class=\"wp-block-paragraph\"><\/p>\n\n\n<div class=\"wp-block-image\">\n<figure class=\"aligncenter size-large\"><a href=\"https:\/\/liebke-foto.de\/maerkischeslicht\/wp-content\/uploads\/2025\/05\/FZ23149_DxO.jpg\"><img loading=\"lazy\" decoding=\"async\" width=\"800\" height=\"800\" src=\"https:\/\/liebke-foto.de\/maerkischeslicht\/wp-content\/uploads\/2025\/05\/FZ23149_DxO-800x800.jpg\" alt=\"\" class=\"wp-image-9303\" srcset=\"https:\/\/liebke-foto.de\/maerkischeslicht\/wp-content\/uploads\/2025\/05\/FZ23149_DxO-800x800.jpg 800w, https:\/\/liebke-foto.de\/maerkischeslicht\/wp-content\/uploads\/2025\/05\/FZ23149_DxO-150x150.jpg 150w, https:\/\/liebke-foto.de\/maerkischeslicht\/wp-content\/uploads\/2025\/05\/FZ23149_DxO-768x768.jpg 768w, https:\/\/liebke-foto.de\/maerkischeslicht\/wp-content\/uploads\/2025\/05\/FZ23149_DxO-600x600.jpg 600w, https:\/\/liebke-foto.de\/maerkischeslicht\/wp-content\/uploads\/2025\/05\/FZ23149_DxO.jpg 1200w\" sizes=\"auto, (max-width: 800px) 100vw, 800px\" \/><\/a><figcaption class=\"wp-element-caption\">Okay, Tsch\u00fcss Ihr beiden, bin gleich weg und hole mir meine Leckerbissen selbst \ud83d\ude00<\/figcaption><\/figure>\n<\/div>","protected":false},"excerpt":{"rendered":"<p>Und bei uns im Berliner Zaubergarten sind sie sogar zu Hause Und haben Nachwuchs, das erste Mal im Vogelhaus. Der Platz ist g\u00fcnstig,&#8230;<\/p>\n","protected":false},"author":1,"featured_media":9305,"comment_status":"open","ping_status":"open","sticky":false,"template":"","format":"standard","meta":{"footnotes":""},"categories":[66],"tags":[],"class_list":["post-9302","post","type-post","status-publish","format-standard","has-post-thumbnail","hentry","category-landpartie"],"_links":{"self":[{"href":"https:\/\/liebke-foto.de\/maerkischeslicht\/wp-json\/wp\/v2\/posts\/9302","targetHints":{"allow":["GET"]}}],"collection":[{"href":"https:\/\/liebke-foto.de\/maerkischeslicht\/wp-json\/wp\/v2\/posts"}],"about":[{"href":"https:\/\/liebke-foto.de\/maerkischeslicht\/wp-json\/wp\/v2\/types\/post"}],"author":[{"embeddable":true,"href":"https:\/\/liebke-foto.de\/maerkischeslicht\/wp-json\/wp\/v2\/users\/1"}],"replies":[{"embeddable":true,"href":"https:\/\/liebke-foto.de\/maerkischeslicht\/wp-json\/wp\/v2\/comments?post=9302"}],"version-history":[{"count":3,"href":"https:\/\/liebke-foto.de\/maerkischeslicht\/wp-json\/wp\/v2\/posts\/9302\/revisions"}],"predecessor-version":[{"id":9312,"href":"https:\/\/liebke-foto.de\/maerkischeslicht\/wp-json\/wp\/v2\/posts\/9302\/revisions\/9312"}],"wp:featuredmedia":[{"embeddable":true,"href":"https:\/\/liebke-foto.de\/maerkischeslicht\/wp-json\/wp\/v2\/media\/9305"}],"wp:attachment":[{"href":"https:\/\/liebke-foto.de\/maerkischeslicht\/wp-json\/wp\/v2\/media?parent=9302"}],"wp:term":[{"taxonomy":"category","embeddable":true,"href":"https:\/\/liebke-foto.de\/maerkischeslicht\/wp-json\/wp\/v2\/categories?post=9302"},{"taxonomy":"post_tag","embeddable":true,"href":"https:\/\/liebke-foto.de\/maerkischeslicht\/wp-json\/wp\/v2\/tags?post=9302"}],"curies":[{"name":"wp","href":"https:\/\/api.w.org\/{rel}","templated":true}]}}