{"id":9072,"date":"2024-12-16T18:37:21","date_gmt":"2024-12-16T16:37:21","guid":{"rendered":"https:\/\/liebke-foto.de\/maerkischeslicht\/?p=9072"},"modified":"2024-12-16T18:37:22","modified_gmt":"2024-12-16T16:37:22","slug":"nun-waren-wir-im-tv-bei-rbb-gartenzeit","status":"publish","type":"post","link":"https:\/\/liebke-foto.de\/maerkischeslicht\/nun-waren-wir-im-tv-bei-rbb-gartenzeit\/","title":{"rendered":"Nun waren wir im TV bei RBB-Gartenzeit"},"content":{"rendered":"<div class=\"wp-block-image\">\n<figure class=\"aligncenter size-large\"><a href=\"https:\/\/liebke-foto.de\/maerkischeslicht\/wp-content\/uploads\/2024\/12\/FZL4259_DxO.jpg\"><img loading=\"lazy\" decoding=\"async\" width=\"1200\" height=\"800\" src=\"https:\/\/liebke-foto.de\/maerkischeslicht\/wp-content\/uploads\/2024\/12\/FZL4259_DxO-1200x800.jpg\" alt=\"\" class=\"wp-image-9029\" srcset=\"https:\/\/liebke-foto.de\/maerkischeslicht\/wp-content\/uploads\/2024\/12\/FZL4259_DxO-1200x800.jpg 1200w, https:\/\/liebke-foto.de\/maerkischeslicht\/wp-content\/uploads\/2024\/12\/FZL4259_DxO-768x512.jpg 768w, https:\/\/liebke-foto.de\/maerkischeslicht\/wp-content\/uploads\/2024\/12\/FZL4259_DxO.jpg 1400w\" sizes=\"auto, (max-width: 1200px) 100vw, 1200px\" \/><\/a><figcaption class=\"wp-element-caption\">Britta Wulf vom rbb bespricht die n\u00e4chste der Szenen<\/figcaption><\/figure>\n<\/div>\n\n\n<p><\/p>\n\n\n\n<p><\/p>\n\n\n\n<p>Ich hatte ja vor kurzem hier einen Blog von unserem interessanten Besuch. <a href=\"https:\/\/liebke-foto.de\/maerkischeslicht\/besuch-vom-rbb\/\" target=\"_blank\" rel=\"noreferrer noopener\">Hier (klick\/Tipp)<\/a> habe ich kurz dazu informiert. Gestern wurde der Beitrag in der rbb-Gartenzeit wundervoll, wie wir meinen, pr\u00e4sentiert. Und wir sind wieder mal erstaunt, was professionelle K\u00f6nner an Gehalt in drei Minuten Sendezeit zeigen k\u00f6nnen. Es war ein ungewohntes Gef\u00fchl, mal uns aus einer ganz anderen Perspektive zu sehen und zu h\u00f6ren.<\/p>\n\n\n\n<p><a href=\"https:\/\/www.ardmediathek.de\/video\/Y3JpZDovL3JiYl8wMzZiOTlhZS1lNmRjLTRmYTktOTlhOS03ZDA1Y2Y0ZjY4M2RfcHVibGljYXRpb24?fbclid=IwY2xjawHNGSBleHRuA2FlbQIxMQABHXuqkHqShGz1xWQe1WV668mLKUGDDOoU7S7u_KtPTDNIchtO81E441RAOQ_aem_6Jvh-tg6ChKnlXRrcsb4JA\" target=\"_blank\" rel=\"noreferrer noopener\">Hier in der Mediathek des rbb anzusehen (klicken oder antippen)<\/a><\/p>\n\n\n\n<p>Und als dann noch ein kleiner Auszug aus dem Roman von Patricia mit dem Titel &#8222;Die Tr\u00e4ume der Bienen&#8220; eingeblendet wurde, rollten doch ein paar Tr\u00e4nen bei mir. Gerade diese Roman-Gartenserie verk\u00f6rpert die Liebe zur Natur, zum Garten, der Flora und Fauna wie keine andere. <\/p>\n\n\n\n<p>Und so viele Zuschriften, Kommentare und W\u00fcnsche, die aus ganz Deutschland, \u00d6sterreich, der Schweiz zu Patricia gelangen. Zeigen, dass es sehr viele Menschen ber\u00fchrt. Und uns ber\u00fchrt es zu wissen, dass dadurch viele ihre Welt anders anschauen. Besser geht es kaum, danke!<\/p>\n\n\n<div class=\"wp-block-image\">\n<figure class=\"aligncenter size-large\"><a href=\"https:\/\/liebke-foto.de\/maerkischeslicht\/wp-content\/uploads\/2024\/12\/FZ29235_C1-1.jpg\"><img loading=\"lazy\" decoding=\"async\" width=\"1200\" height=\"800\" src=\"https:\/\/liebke-foto.de\/maerkischeslicht\/wp-content\/uploads\/2024\/12\/FZ29235_C1-1-1200x800.jpg\" alt=\"\" class=\"wp-image-9074\" srcset=\"https:\/\/liebke-foto.de\/maerkischeslicht\/wp-content\/uploads\/2024\/12\/FZ29235_C1-1-1200x800.jpg 1200w, https:\/\/liebke-foto.de\/maerkischeslicht\/wp-content\/uploads\/2024\/12\/FZ29235_C1-1-768x512.jpg 768w, https:\/\/liebke-foto.de\/maerkischeslicht\/wp-content\/uploads\/2024\/12\/FZ29235_C1-1.jpg 1400w\" sizes=\"auto, (max-width: 1200px) 100vw, 1200px\" \/><\/a><\/figure>\n<\/div>\n\n\n<p><\/p>\n\n\n\n<p><\/p>\n\n\n\n<div style=\"padding:20px\" class=\"wp-block-tnp-minimal\"><p>Subscribe to our newsletter!<\/p><div><div class=\"tnp tnp-subscription \">\n<form method=\"post\" action=\"https:\/\/liebke-foto.de\/maerkischeslicht\/wp-admin\/admin-ajax.php?action=tnp&amp;na=s\">\n<input type=\"hidden\" name=\"nlang\" value=\"\">\n<div class=\"tnp-field tnp-field-firstname\"><label for=\"tnp-1\">Vorname oder ganzer Name<\/label>\n<input class=\"tnp-name\" type=\"text\" name=\"nn\" id=\"tnp-1\" value=\"\" placeholder=\"\"><\/div>\n<div class=\"tnp-field tnp-field-email\"><label for=\"tnp-2\">Email<\/label>\n<input class=\"tnp-email\" type=\"email\" name=\"ne\" id=\"tnp-2\" value=\"\" placeholder=\"\" required><\/div>\n<div class=\"tnp-field tnp-privacy-field\"><label><input type=\"checkbox\" name=\"ny\" required class=\"tnp-privacy\"> Indem Du fortf\u00e4hrst, akzeptierst Du unsere Datenschutzerkl\u00e4rung.<\/label><\/div><div class=\"tnp-field tnp-field-button\" style=\"text-align: left\"><input class=\"tnp-submit\" type=\"submit\" value=\"Abonnieren\" style=\"\">\n<\/div>\n<\/form>\n<\/div>\n<\/div><\/div>\n\n\n\n<p><\/p>\n\n\n\n\n\n<p><\/p>\n\n\n","protected":false},"excerpt":{"rendered":"<p>Ich hatte ja vor kurzem hier einen Blog von unserem interessanten Besuch. Hier (klick\/Tipp) habe ich kurz dazu informiert. Gestern wurde der Beitrag&#8230;<\/p>\n","protected":false},"author":1,"featured_media":9029,"comment_status":"open","ping_status":"open","sticky":false,"template":"","format":"standard","meta":{"footnotes":""},"categories":[66],"tags":[],"class_list":["post-9072","post","type-post","status-publish","format-standard","has-post-thumbnail","hentry","category-landpartie"],"yoast_head":"<!-- This site is optimized with the Yoast SEO plugin v27.4 - https:\/\/yoast.com\/product\/yoast-seo-wordpress\/ -->\n<title>Nun waren wir im TV bei RBB-Gartenzeit - M\u00e4rkisches Licht - Der Fotograf der Stille<\/title>\n<meta name=\"description\" content=\"Nun waren wir im TV bei RBB-Gartenzeit\" \/>\n<meta name=\"robots\" content=\"index, follow, max-snippet:-1, max-image-preview:large, max-video-preview:-1\" \/>\n<link rel=\"canonical\" href=\"https:\/\/liebke-foto.de\/maerkischeslicht\/nun-waren-wir-im-tv-bei-rbb-gartenzeit\/\" \/>\n<meta property=\"og:locale\" content=\"de_DE\" \/>\n<meta property=\"og:type\" content=\"article\" \/>\n<meta property=\"og:title\" content=\"Nun waren wir im TV bei RBB-Gartenzeit - M\u00e4rkisches Licht - Der Fotograf der Stille\" \/>\n<meta property=\"og:description\" content=\"Nun waren wir im TV bei RBB-Gartenzeit\" \/>\n<meta property=\"og:url\" content=\"https:\/\/liebke-foto.de\/maerkischeslicht\/nun-waren-wir-im-tv-bei-rbb-gartenzeit\/\" \/>\n<meta property=\"og:site_name\" content=\"M\u00e4rkisches Licht - Der Fotograf der Stille\" \/>\n<meta property=\"article:published_time\" content=\"2024-12-16T16:37:21+00:00\" \/>\n<meta property=\"article:modified_time\" content=\"2024-12-16T16:37:22+00:00\" \/>\n<meta property=\"og:image\" content=\"https:\/\/liebke-foto.de\/maerkischeslicht\/wp-content\/uploads\/2024\/12\/FZL4259_DxO.jpg\" \/>\n\t<meta property=\"og:image:width\" content=\"1400\" \/>\n\t<meta property=\"og:image:height\" content=\"933\" \/>\n\t<meta property=\"og:image:type\" content=\"image\/jpeg\" \/>\n<meta name=\"author\" content=\"Frank Liebke\" \/>\n<meta name=\"twitter:card\" content=\"summary_large_image\" \/>\n<meta name=\"twitter:label1\" content=\"Verfasst von\" \/>\n\t<meta name=\"twitter:data1\" content=\"Frank Liebke\" \/>\n\t<meta name=\"twitter:label2\" content=\"Gesch\u00e4tzte Lesezeit\" \/>\n\t<meta name=\"twitter:data2\" content=\"1\u00a0Minute\" \/>\n<script type=\"application\/ld+json\" class=\"yoast-schema-graph\">{\"@context\":\"https:\\\/\\\/schema.org\",\"@graph\":[{\"@type\":\"Article\",\"@id\":\"https:\\\/\\\/liebke-foto.de\\\/maerkischeslicht\\\/nun-waren-wir-im-tv-bei-rbb-gartenzeit\\\/#article\",\"isPartOf\":{\"@id\":\"https:\\\/\\\/liebke-foto.de\\\/maerkischeslicht\\\/nun-waren-wir-im-tv-bei-rbb-gartenzeit\\\/\"},\"author\":{\"name\":\"Frank Liebke\",\"@id\":\"https:\\\/\\\/liebke-foto.de\\\/maerkischeslicht\\\/#\\\/schema\\\/person\\\/d71108abc09a723daeeb8526a33137ee\"},\"headline\":\"Nun waren wir im TV bei RBB-Gartenzeit\",\"datePublished\":\"2024-12-16T16:37:21+00:00\",\"dateModified\":\"2024-12-16T16:37:22+00:00\",\"mainEntityOfPage\":{\"@id\":\"https:\\\/\\\/liebke-foto.de\\\/maerkischeslicht\\\/nun-waren-wir-im-tv-bei-rbb-gartenzeit\\\/\"},\"wordCount\":197,\"commentCount\":10,\"publisher\":{\"@id\":\"https:\\\/\\\/liebke-foto.de\\\/maerkischeslicht\\\/#\\\/schema\\\/person\\\/d71108abc09a723daeeb8526a33137ee\"},\"image\":{\"@id\":\"https:\\\/\\\/liebke-foto.de\\\/maerkischeslicht\\\/nun-waren-wir-im-tv-bei-rbb-gartenzeit\\\/#primaryimage\"},\"thumbnailUrl\":\"https:\\\/\\\/liebke-foto.de\\\/maerkischeslicht\\\/wp-content\\\/uploads\\\/2024\\\/12\\\/FZL4259_DxO.jpg\",\"articleSection\":[\"LANDpartie, unterwegs in der Mark Brandenburg\"],\"inLanguage\":\"de\",\"potentialAction\":[{\"@type\":\"CommentAction\",\"name\":\"Comment\",\"target\":[\"https:\\\/\\\/liebke-foto.de\\\/maerkischeslicht\\\/nun-waren-wir-im-tv-bei-rbb-gartenzeit\\\/#respond\"]}]},{\"@type\":\"WebPage\",\"@id\":\"https:\\\/\\\/liebke-foto.de\\\/maerkischeslicht\\\/nun-waren-wir-im-tv-bei-rbb-gartenzeit\\\/\",\"url\":\"https:\\\/\\\/liebke-foto.de\\\/maerkischeslicht\\\/nun-waren-wir-im-tv-bei-rbb-gartenzeit\\\/\",\"name\":\"Nun waren wir im TV bei RBB-Gartenzeit - M\u00e4rkisches Licht - Der Fotograf der Stille\",\"isPartOf\":{\"@id\":\"https:\\\/\\\/liebke-foto.de\\\/maerkischeslicht\\\/#website\"},\"primaryImageOfPage\":{\"@id\":\"https:\\\/\\\/liebke-foto.de\\\/maerkischeslicht\\\/nun-waren-wir-im-tv-bei-rbb-gartenzeit\\\/#primaryimage\"},\"image\":{\"@id\":\"https:\\\/\\\/liebke-foto.de\\\/maerkischeslicht\\\/nun-waren-wir-im-tv-bei-rbb-gartenzeit\\\/#primaryimage\"},\"thumbnailUrl\":\"https:\\\/\\\/liebke-foto.de\\\/maerkischeslicht\\\/wp-content\\\/uploads\\\/2024\\\/12\\\/FZL4259_DxO.jpg\",\"datePublished\":\"2024-12-16T16:37:21+00:00\",\"dateModified\":\"2024-12-16T16:37:22+00:00\",\"description\":\"Nun waren wir im TV bei RBB-Gartenzeit\",\"breadcrumb\":{\"@id\":\"https:\\\/\\\/liebke-foto.de\\\/maerkischeslicht\\\/nun-waren-wir-im-tv-bei-rbb-gartenzeit\\\/#breadcrumb\"},\"inLanguage\":\"de\",\"potentialAction\":[{\"@type\":\"ReadAction\",\"target\":[\"https:\\\/\\\/liebke-foto.de\\\/maerkischeslicht\\\/nun-waren-wir-im-tv-bei-rbb-gartenzeit\\\/\"]}]},{\"@type\":\"ImageObject\",\"inLanguage\":\"de\",\"@id\":\"https:\\\/\\\/liebke-foto.de\\\/maerkischeslicht\\\/nun-waren-wir-im-tv-bei-rbb-gartenzeit\\\/#primaryimage\",\"url\":\"https:\\\/\\\/liebke-foto.de\\\/maerkischeslicht\\\/wp-content\\\/uploads\\\/2024\\\/12\\\/FZL4259_DxO.jpg\",\"contentUrl\":\"https:\\\/\\\/liebke-foto.de\\\/maerkischeslicht\\\/wp-content\\\/uploads\\\/2024\\\/12\\\/FZL4259_DxO.jpg\",\"width\":1400,\"height\":933},{\"@type\":\"BreadcrumbList\",\"@id\":\"https:\\\/\\\/liebke-foto.de\\\/maerkischeslicht\\\/nun-waren-wir-im-tv-bei-rbb-gartenzeit\\\/#breadcrumb\",\"itemListElement\":[{\"@type\":\"ListItem\",\"position\":1,\"name\":\"Startseite\",\"item\":\"https:\\\/\\\/liebke-foto.de\\\/maerkischeslicht\\\/\"},{\"@type\":\"ListItem\",\"position\":2,\"name\":\"Nun waren wir im TV bei RBB-Gartenzeit\"}]},{\"@type\":\"WebSite\",\"@id\":\"https:\\\/\\\/liebke-foto.de\\\/maerkischeslicht\\\/#website\",\"url\":\"https:\\\/\\\/liebke-foto.de\\\/maerkischeslicht\\\/\",\"name\":\"M\u00e4rkisches Licht - Der Fotograf der Stille\",\"description\":\"Die Liebe zum Leben...\",\"publisher\":{\"@id\":\"https:\\\/\\\/liebke-foto.de\\\/maerkischeslicht\\\/#\\\/schema\\\/person\\\/d71108abc09a723daeeb8526a33137ee\"},\"potentialAction\":[{\"@type\":\"SearchAction\",\"target\":{\"@type\":\"EntryPoint\",\"urlTemplate\":\"https:\\\/\\\/liebke-foto.de\\\/maerkischeslicht\\\/?s={search_term_string}\"},\"query-input\":{\"@type\":\"PropertyValueSpecification\",\"valueRequired\":true,\"valueName\":\"search_term_string\"}}],\"inLanguage\":\"de\"},{\"@type\":[\"Person\",\"Organization\"],\"@id\":\"https:\\\/\\\/liebke-foto.de\\\/maerkischeslicht\\\/#\\\/schema\\\/person\\\/d71108abc09a723daeeb8526a33137ee\",\"name\":\"Frank Liebke\",\"image\":{\"@type\":\"ImageObject\",\"inLanguage\":\"de\",\"@id\":\"https:\\\/\\\/liebke-foto.de\\\/maerkischeslicht\\\/wp-content\\\/uploads\\\/2021\\\/12\\\/IMG-20211024-WA0001.jpg\",\"url\":\"https:\\\/\\\/liebke-foto.de\\\/maerkischeslicht\\\/wp-content\\\/uploads\\\/2021\\\/12\\\/IMG-20211024-WA0001.jpg\",\"contentUrl\":\"https:\\\/\\\/liebke-foto.de\\\/maerkischeslicht\\\/wp-content\\\/uploads\\\/2021\\\/12\\\/IMG-20211024-WA0001.jpg\",\"width\":900,\"height\":1600,\"caption\":\"Frank Liebke\"},\"logo\":{\"@id\":\"https:\\\/\\\/liebke-foto.de\\\/maerkischeslicht\\\/wp-content\\\/uploads\\\/2021\\\/12\\\/IMG-20211024-WA0001.jpg\"},\"sameAs\":[\"https:\\\/\\\/liebke-foto.de\"],\"url\":\"https:\\\/\\\/liebke-foto.de\\\/maerkischeslicht\\\/author\\\/adminuser\\\/\"}]}<\/script>\n<!-- \/ Yoast SEO plugin. -->","yoast_head_json":{"title":"Nun waren wir im TV bei RBB-Gartenzeit - M\u00e4rkisches Licht - Der Fotograf der Stille","description":"Nun waren wir im TV bei RBB-Gartenzeit","robots":{"index":"index","follow":"follow","max-snippet":"max-snippet:-1","max-image-preview":"max-image-preview:large","max-video-preview":"max-video-preview:-1"},"canonical":"https:\/\/liebke-foto.de\/maerkischeslicht\/nun-waren-wir-im-tv-bei-rbb-gartenzeit\/","og_locale":"de_DE","og_type":"article","og_title":"Nun waren wir im TV bei RBB-Gartenzeit - M\u00e4rkisches Licht - Der Fotograf der Stille","og_description":"Nun waren wir im TV bei RBB-Gartenzeit","og_url":"https:\/\/liebke-foto.de\/maerkischeslicht\/nun-waren-wir-im-tv-bei-rbb-gartenzeit\/","og_site_name":"M\u00e4rkisches Licht - Der Fotograf der Stille","article_published_time":"2024-12-16T16:37:21+00:00","article_modified_time":"2024-12-16T16:37:22+00:00","og_image":[{"width":1400,"height":933,"url":"https:\/\/liebke-foto.de\/maerkischeslicht\/wp-content\/uploads\/2024\/12\/FZL4259_DxO.jpg","type":"image\/jpeg"}],"author":"Frank Liebke","twitter_card":"summary_large_image","twitter_misc":{"Verfasst von":"Frank Liebke","Gesch\u00e4tzte Lesezeit":"1\u00a0Minute"},"schema":{"@context":"https:\/\/schema.org","@graph":[{"@type":"Article","@id":"https:\/\/liebke-foto.de\/maerkischeslicht\/nun-waren-wir-im-tv-bei-rbb-gartenzeit\/#article","isPartOf":{"@id":"https:\/\/liebke-foto.de\/maerkischeslicht\/nun-waren-wir-im-tv-bei-rbb-gartenzeit\/"},"author":{"name":"Frank Liebke","@id":"https:\/\/liebke-foto.de\/maerkischeslicht\/#\/schema\/person\/d71108abc09a723daeeb8526a33137ee"},"headline":"Nun waren wir im TV bei RBB-Gartenzeit","datePublished":"2024-12-16T16:37:21+00:00","dateModified":"2024-12-16T16:37:22+00:00","mainEntityOfPage":{"@id":"https:\/\/liebke-foto.de\/maerkischeslicht\/nun-waren-wir-im-tv-bei-rbb-gartenzeit\/"},"wordCount":197,"commentCount":10,"publisher":{"@id":"https:\/\/liebke-foto.de\/maerkischeslicht\/#\/schema\/person\/d71108abc09a723daeeb8526a33137ee"},"image":{"@id":"https:\/\/liebke-foto.de\/maerkischeslicht\/nun-waren-wir-im-tv-bei-rbb-gartenzeit\/#primaryimage"},"thumbnailUrl":"https:\/\/liebke-foto.de\/maerkischeslicht\/wp-content\/uploads\/2024\/12\/FZL4259_DxO.jpg","articleSection":["LANDpartie, unterwegs in der Mark Brandenburg"],"inLanguage":"de","potentialAction":[{"@type":"CommentAction","name":"Comment","target":["https:\/\/liebke-foto.de\/maerkischeslicht\/nun-waren-wir-im-tv-bei-rbb-gartenzeit\/#respond"]}]},{"@type":"WebPage","@id":"https:\/\/liebke-foto.de\/maerkischeslicht\/nun-waren-wir-im-tv-bei-rbb-gartenzeit\/","url":"https:\/\/liebke-foto.de\/maerkischeslicht\/nun-waren-wir-im-tv-bei-rbb-gartenzeit\/","name":"Nun waren wir im TV bei RBB-Gartenzeit - M\u00e4rkisches Licht - Der Fotograf der Stille","isPartOf":{"@id":"https:\/\/liebke-foto.de\/maerkischeslicht\/#website"},"primaryImageOfPage":{"@id":"https:\/\/liebke-foto.de\/maerkischeslicht\/nun-waren-wir-im-tv-bei-rbb-gartenzeit\/#primaryimage"},"image":{"@id":"https:\/\/liebke-foto.de\/maerkischeslicht\/nun-waren-wir-im-tv-bei-rbb-gartenzeit\/#primaryimage"},"thumbnailUrl":"https:\/\/liebke-foto.de\/maerkischeslicht\/wp-content\/uploads\/2024\/12\/FZL4259_DxO.jpg","datePublished":"2024-12-16T16:37:21+00:00","dateModified":"2024-12-16T16:37:22+00:00","description":"Nun waren wir im TV bei RBB-Gartenzeit","breadcrumb":{"@id":"https:\/\/liebke-foto.de\/maerkischeslicht\/nun-waren-wir-im-tv-bei-rbb-gartenzeit\/#breadcrumb"},"inLanguage":"de","potentialAction":[{"@type":"ReadAction","target":["https:\/\/liebke-foto.de\/maerkischeslicht\/nun-waren-wir-im-tv-bei-rbb-gartenzeit\/"]}]},{"@type":"ImageObject","inLanguage":"de","@id":"https:\/\/liebke-foto.de\/maerkischeslicht\/nun-waren-wir-im-tv-bei-rbb-gartenzeit\/#primaryimage","url":"https:\/\/liebke-foto.de\/maerkischeslicht\/wp-content\/uploads\/2024\/12\/FZL4259_DxO.jpg","contentUrl":"https:\/\/liebke-foto.de\/maerkischeslicht\/wp-content\/uploads\/2024\/12\/FZL4259_DxO.jpg","width":1400,"height":933},{"@type":"BreadcrumbList","@id":"https:\/\/liebke-foto.de\/maerkischeslicht\/nun-waren-wir-im-tv-bei-rbb-gartenzeit\/#breadcrumb","itemListElement":[{"@type":"ListItem","position":1,"name":"Startseite","item":"https:\/\/liebke-foto.de\/maerkischeslicht\/"},{"@type":"ListItem","position":2,"name":"Nun waren wir im TV bei RBB-Gartenzeit"}]},{"@type":"WebSite","@id":"https:\/\/liebke-foto.de\/maerkischeslicht\/#website","url":"https:\/\/liebke-foto.de\/maerkischeslicht\/","name":"M\u00e4rkisches Licht - Der Fotograf der Stille","description":"Die Liebe zum Leben...","publisher":{"@id":"https:\/\/liebke-foto.de\/maerkischeslicht\/#\/schema\/person\/d71108abc09a723daeeb8526a33137ee"},"potentialAction":[{"@type":"SearchAction","target":{"@type":"EntryPoint","urlTemplate":"https:\/\/liebke-foto.de\/maerkischeslicht\/?s={search_term_string}"},"query-input":{"@type":"PropertyValueSpecification","valueRequired":true,"valueName":"search_term_string"}}],"inLanguage":"de"},{"@type":["Person","Organization"],"@id":"https:\/\/liebke-foto.de\/maerkischeslicht\/#\/schema\/person\/d71108abc09a723daeeb8526a33137ee","name":"Frank Liebke","image":{"@type":"ImageObject","inLanguage":"de","@id":"https:\/\/liebke-foto.de\/maerkischeslicht\/wp-content\/uploads\/2021\/12\/IMG-20211024-WA0001.jpg","url":"https:\/\/liebke-foto.de\/maerkischeslicht\/wp-content\/uploads\/2021\/12\/IMG-20211024-WA0001.jpg","contentUrl":"https:\/\/liebke-foto.de\/maerkischeslicht\/wp-content\/uploads\/2021\/12\/IMG-20211024-WA0001.jpg","width":900,"height":1600,"caption":"Frank Liebke"},"logo":{"@id":"https:\/\/liebke-foto.de\/maerkischeslicht\/wp-content\/uploads\/2021\/12\/IMG-20211024-WA0001.jpg"},"sameAs":["https:\/\/liebke-foto.de"],"url":"https:\/\/liebke-foto.de\/maerkischeslicht\/author\/adminuser\/"}]}},"_links":{"self":[{"href":"https:\/\/liebke-foto.de\/maerkischeslicht\/wp-json\/wp\/v2\/posts\/9072","targetHints":{"allow":["GET"]}}],"collection":[{"href":"https:\/\/liebke-foto.de\/maerkischeslicht\/wp-json\/wp\/v2\/posts"}],"about":[{"href":"https:\/\/liebke-foto.de\/maerkischeslicht\/wp-json\/wp\/v2\/types\/post"}],"author":[{"embeddable":true,"href":"https:\/\/liebke-foto.de\/maerkischeslicht\/wp-json\/wp\/v2\/users\/1"}],"replies":[{"embeddable":true,"href":"https:\/\/liebke-foto.de\/maerkischeslicht\/wp-json\/wp\/v2\/comments?post=9072"}],"version-history":[{"count":2,"href":"https:\/\/liebke-foto.de\/maerkischeslicht\/wp-json\/wp\/v2\/posts\/9072\/revisions"}],"predecessor-version":[{"id":9076,"href":"https:\/\/liebke-foto.de\/maerkischeslicht\/wp-json\/wp\/v2\/posts\/9072\/revisions\/9076"}],"wp:featuredmedia":[{"embeddable":true,"href":"https:\/\/liebke-foto.de\/maerkischeslicht\/wp-json\/wp\/v2\/media\/9029"}],"wp:attachment":[{"href":"https:\/\/liebke-foto.de\/maerkischeslicht\/wp-json\/wp\/v2\/media?parent=9072"}],"wp:term":[{"taxonomy":"category","embeddable":true,"href":"https:\/\/liebke-foto.de\/maerkischeslicht\/wp-json\/wp\/v2\/categories?post=9072"},{"taxonomy":"post_tag","embeddable":true,"href":"https:\/\/liebke-foto.de\/maerkischeslicht\/wp-json\/wp\/v2\/tags?post=9072"}],"curies":[{"name":"wp","href":"https:\/\/api.w.org\/{rel}","templated":true}]}}