{"id":8783,"date":"2024-08-03T13:31:35","date_gmt":"2024-08-03T11:31:35","guid":{"rendered":"https:\/\/liebke-foto.de\/maerkischeslicht\/?p=8783"},"modified":"2024-08-03T13:42:16","modified_gmt":"2024-08-03T11:42:16","slug":"kurzbesuch-in-sachsen-anhalt","status":"publish","type":"post","link":"https:\/\/liebke-foto.de\/maerkischeslicht\/kurzbesuch-in-sachsen-anhalt\/","title":{"rendered":"Kurzbesuch in Sachsen-Anhalt"},"content":{"rendered":"<div class=\"wp-block-image\">\n<figure class=\"aligncenter size-large\"><a href=\"https:\/\/liebke-foto.de\/maerkischeslicht\/wp-content\/uploads\/2024\/08\/FZL0287_C1.jpg\"><img loading=\"lazy\" decoding=\"async\" width=\"1200\" height=\"800\" src=\"https:\/\/liebke-foto.de\/maerkischeslicht\/wp-content\/uploads\/2024\/08\/FZL0287_C1-1200x800.jpg\" alt=\"\" class=\"wp-image-8784\" srcset=\"https:\/\/liebke-foto.de\/maerkischeslicht\/wp-content\/uploads\/2024\/08\/FZL0287_C1-1200x800.jpg 1200w, https:\/\/liebke-foto.de\/maerkischeslicht\/wp-content\/uploads\/2024\/08\/FZL0287_C1-768x512.jpg 768w, https:\/\/liebke-foto.de\/maerkischeslicht\/wp-content\/uploads\/2024\/08\/FZL0287_C1.jpg 1400w\" sizes=\"auto, (max-width: 1200px) 100vw, 1200px\" \/><\/a><figcaption class=\"wp-element-caption\">Abends an der Villa Westerberge in Aschersleben<\/figcaption><\/figure>\n<\/div>\n\n\n<h2 class=\"wp-block-heading has-text-align-center\">Wir waren mal wieder auf Tour<\/h2>\n\n\n\n<p><\/p>\n\n\n\n<p>Es war an der Zeit, mal wieder nach Sta\u00dffurt in Sachsen Anhalt zu fahren. Meine lieben Eltern wollten wir besuchen und zu recherchieren gab es f\u00fcr Patricia auch Einiges. Romane brauchen Ideen, Ideen brauchen Bilder und Erlebnisse. <\/p>\n\n\n\n<p>Und so buchten wir eine \u00dcbernachtung in Ascherlsleben, unweit von Sta\u00dffurt. In der <a href=\"https:\/\/villa-westerberge.de\" target=\"_blank\" rel=\"noreferrer noopener\">Villa Westerberge<\/a>, denn wir lieben die Ruhe. Genau wie einige Protagonisten in Patricias Romanen. Der erste der neuen Hafen-Reihe erscheint ja demn\u00e4chst, der zweite ist in Produktion, damit er dann im Fr\u00fchjahr p\u00fcnktlich zu haben ist. Und ja, der dritte muss geschrieben werden. <\/p>\n\n\n\n<p>Die Villa und ihre Umgebung sind sehr inspirierend, ihre <a href=\"https:\/\/villa-westerberge.de\/geschichte\" target=\"_blank\" rel=\"noreferrer noopener\">Geschichte ist hier (klick)<\/a> nachzulesen. Wir hatten nun auch den so ziemlich hei\u00dfesten Tag des bisherigen Sommers erwischt. Und ich merkte, wieder mal, dass meine Kr\u00e4fte endlich sind. Es war sehr anstrengend f\u00fcr uns beide, daf\u00fcr aber der Abend in der Villa eine Erholung und Erfrischung der Sinne. Nach einem Abschluss auf dem Balkon des Lokals (mit Eis, viel Eis \ud83d\ude09 ), spazierten wir noch ein wenig durch den wundervollen, nat\u00fcrlich gehaltenen Park. <\/p>\n\n\n\n<p>Und wie zum Geschenk setzte ein k\u00fchlender Landregen ein, den wir mit jeder Faser genossen. Gegen\u00fcber des kleinen Teichs vor der Villa erlebten wir dann noch einen grandiosen Sonnenuntergang durch alterw\u00fcrdige B\u00e4ume und \u00fcber die Villa zeigte sich sogar kurz ein leichter r\u00f6tlicher Schimmer im bedeckten Himmel. Zu dem sich sogar noch ein zarter Regenbogen gesellte. Nun wartete nur noch das gem\u00fctliche <a href=\"https:\/\/villa-westerberge.de\/zimmer\" target=\"_blank\" rel=\"noreferrer noopener\">Turmzimmer<\/a> mit seinen neun Fenstern auf uns. Und am n\u00e4chsten Morgen ein leckeres und ausgiebiges Fr\u00fchst\u00fcck. <\/p>\n\n\n\n<p>Es hat uns sehr gut gefallen, auch wenn unser Besuch nur kurz war. Daf\u00fcr aber eine w\u00e4rmste Empfehlung! \ud83d\ude42<\/p>\n\n\n\n<p><\/p>\n\n\n<div class=\"wp-block-image\">\n<figure class=\"aligncenter size-large\"><a href=\"https:\/\/liebke-foto.de\/maerkischeslicht\/wp-content\/uploads\/2024\/08\/FZL0297_C1.jpg\"><img loading=\"lazy\" decoding=\"async\" width=\"1400\" height=\"779\" src=\"https:\/\/liebke-foto.de\/maerkischeslicht\/wp-content\/uploads\/2024\/08\/FZL0297_C1-1400x779.jpg\" alt=\"Villa, Teich und Park. Ein wunderbar ruhiges Vergn\u00fcgen. Dazu der erfrischende Landregen, Widerschein vom Sonnenuntergang im Himmel und rechts ein zarter Regenbogen. Das Ende eines guten Sommertages...\" class=\"wp-image-8785\" srcset=\"https:\/\/liebke-foto.de\/maerkischeslicht\/wp-content\/uploads\/2024\/08\/FZL0297_C1-1400x779.jpg 1400w, https:\/\/liebke-foto.de\/maerkischeslicht\/wp-content\/uploads\/2024\/08\/FZL0297_C1-768x428.jpg 768w, https:\/\/liebke-foto.de\/maerkischeslicht\/wp-content\/uploads\/2024\/08\/FZL0297_C1-1536x855.jpg 1536w, https:\/\/liebke-foto.de\/maerkischeslicht\/wp-content\/uploads\/2024\/08\/FZL0297_C1.jpg 1800w\" sizes=\"auto, (max-width: 1400px) 100vw, 1400px\" \/><\/a><figcaption class=\"wp-element-caption\">Villa, Teich und Park. Ein wunderbar ruhiges Vergn\u00fcgen. Dazu der erfrischende Landregen, Widerschein vom Sonnenuntergang im Himmel und rechts ein zarter Regenbogen. Das Ende eines guten Sommertages&#8230;<\/figcaption><\/figure>\n<\/div>\n\n\n<p><\/p>\n\n\n\n<p><\/p>\n\n\n<div class=\"wp-block-image\">\n<figure class=\"aligncenter size-large\"><a href=\"https:\/\/liebke-foto.de\/maerkischeslicht\/wp-content\/uploads\/2024\/08\/FZL0300_C1.jpg\"><img loading=\"lazy\" decoding=\"async\" width=\"1200\" height=\"800\" src=\"https:\/\/liebke-foto.de\/maerkischeslicht\/wp-content\/uploads\/2024\/08\/FZL0300_C1-1200x800.jpg\" alt=\"Auffahrt zur Villa Westerberge. Unser Turmzimmer mit den neun schmalen, gem\u00fctlichen Fenstern lockt zum Ausspannen. \" class=\"wp-image-8786\" srcset=\"https:\/\/liebke-foto.de\/maerkischeslicht\/wp-content\/uploads\/2024\/08\/FZL0300_C1-1200x800.jpg 1200w, https:\/\/liebke-foto.de\/maerkischeslicht\/wp-content\/uploads\/2024\/08\/FZL0300_C1-768x512.jpg 768w, https:\/\/liebke-foto.de\/maerkischeslicht\/wp-content\/uploads\/2024\/08\/FZL0300_C1.jpg 1400w\" sizes=\"auto, (max-width: 1200px) 100vw, 1200px\" \/><\/a><figcaption class=\"wp-element-caption\">Auffahrt zur Villa Westerberge. Unser Turmzimmer mit den neun schmalen, gem\u00fctlichen Fenstern lockt zum Ausspannen. <\/figcaption><\/figure>\n<\/div>\n\n\n<p><\/p>\n\n\n\n<p><\/p>\n\n\n<div class=\"wp-block-image\">\n<figure class=\"aligncenter size-large\"><a href=\"https:\/\/liebke-foto.de\/maerkischeslicht\/wp-content\/uploads\/2024\/08\/FZL0310_C1.jpg\"><img loading=\"lazy\" decoding=\"async\" width=\"1200\" height=\"800\" src=\"https:\/\/liebke-foto.de\/maerkischeslicht\/wp-content\/uploads\/2024\/08\/FZL0310_C1-1200x800.jpg\" alt=\"Und der Tag verabschiedet sich mit einem fulminanten Farbfeuerwerk.\" class=\"wp-image-8788\" srcset=\"https:\/\/liebke-foto.de\/maerkischeslicht\/wp-content\/uploads\/2024\/08\/FZL0310_C1-1200x800.jpg 1200w, https:\/\/liebke-foto.de\/maerkischeslicht\/wp-content\/uploads\/2024\/08\/FZL0310_C1-768x512.jpg 768w, https:\/\/liebke-foto.de\/maerkischeslicht\/wp-content\/uploads\/2024\/08\/FZL0310_C1.jpg 1400w\" sizes=\"auto, (max-width: 1200px) 100vw, 1200px\" \/><\/a><figcaption class=\"wp-element-caption\">Und der Tag verabschiedet sich mit einem fulminanten Farbfeuerwerk.<\/figcaption><\/figure>\n<\/div>\n\n\n<p><\/p>\n\n\n\n<p><\/p>\n\n\n<div class=\"wp-block-image\">\n<figure class=\"aligncenter size-large\"><a href=\"https:\/\/liebke-foto.de\/maerkischeslicht\/wp-content\/uploads\/2024\/08\/FZL0309_C1.jpg\"><img loading=\"lazy\" decoding=\"async\" width=\"1200\" height=\"800\" src=\"https:\/\/liebke-foto.de\/maerkischeslicht\/wp-content\/uploads\/2024\/08\/FZL0309_C1-1200x800.jpg\" alt=\"So gef\u00e4llt uns Architektur. Verspielte Elemente an vielen Stellen. Sch\u00f6nheit \u00fcberall. Und &quot;nebenbei&quot; die geschichtlichen Hinweise zum Ursprung der Villa Westerberge in Aschersleben.\" class=\"wp-image-8787\" srcset=\"https:\/\/liebke-foto.de\/maerkischeslicht\/wp-content\/uploads\/2024\/08\/FZL0309_C1-1200x800.jpg 1200w, https:\/\/liebke-foto.de\/maerkischeslicht\/wp-content\/uploads\/2024\/08\/FZL0309_C1-768x512.jpg 768w, https:\/\/liebke-foto.de\/maerkischeslicht\/wp-content\/uploads\/2024\/08\/FZL0309_C1.jpg 1400w\" sizes=\"auto, (max-width: 1200px) 100vw, 1200px\" \/><\/a><figcaption class=\"wp-element-caption\">So gef\u00e4llt uns Architektur. Verspielte Elemente an vielen Stellen. Sch\u00f6nheit \u00fcberall. Und &#8222;nebenbei&#8220; die geschichtlichen Hinweise zum Ursprung der Villa Westerberge in Aschersleben.<\/figcaption><\/figure>\n<\/div>\n\n\n<p><\/p>\n\n\n\n<p><\/p>\n\n\n\n<p><\/p>\n\n\n\n<div style=\"padding:20px\" class=\"wp-block-tnp-minimal\"><p>Subscribe to our newsletter!<\/p><div><div class=\"tnp tnp-subscription \">\n<form method=\"post\" action=\"https:\/\/liebke-foto.de\/maerkischeslicht\/wp-admin\/admin-ajax.php?action=tnp&amp;na=s\">\n<input type=\"hidden\" name=\"nlang\" value=\"\">\n<div class=\"tnp-field tnp-field-firstname\"><label for=\"tnp-1\">Vorname oder ganzer Name<\/label>\n<input class=\"tnp-name\" type=\"text\" name=\"nn\" id=\"tnp-1\" value=\"\" placeholder=\"\"><\/div>\n<div class=\"tnp-field tnp-field-email\"><label for=\"tnp-2\">Email<\/label>\n<input class=\"tnp-email\" type=\"email\" name=\"ne\" id=\"tnp-2\" value=\"\" placeholder=\"\" required><\/div>\n<div class=\"tnp-field tnp-privacy-field\"><label><input type=\"checkbox\" name=\"ny\" required class=\"tnp-privacy\"> Indem Du fortf\u00e4hrst, akzeptierst Du unsere Datenschutzerkl\u00e4rung.<\/label><\/div><div class=\"tnp-field tnp-field-button\" style=\"text-align: left\"><input class=\"tnp-submit\" type=\"submit\" value=\"Abonnieren\" style=\"\">\n<\/div>\n<\/form>\n<\/div>\n<\/div><\/div>\n\n\n\n<p><\/p>\n\n\n\n\n\n<p><\/p>\n\n\n","protected":false},"excerpt":{"rendered":"<p>Abends an der Villa Westerberge in Aschersleben<\/p>\n","protected":false},"author":1,"featured_media":8785,"comment_status":"open","ping_status":"open","sticky":false,"template":"","format":"standard","meta":{"footnotes":""},"categories":[216,174],"tags":[313,28,165,315],"class_list":["post-8783","post","type-post","status-publish","format-standard","has-post-thumbnail","hentry","category-lebensfreudegefaehrten","category-reisen","tag-aschersleben","tag-maerkisches-licht","tag-patricia-koelle","tag-villa-westerberge"],"yoast_head":"<!-- This site is optimized with the Yoast SEO plugin v27.5 - https:\/\/yoast.com\/product\/yoast-seo-wordpress\/ -->\n<title>Kurzbesuch in Sachsen-Anhalt - M\u00e4rkisches Licht - Der Fotograf der Stille<\/title>\n<meta name=\"description\" content=\"Kurzbesuch in Sachsen-Anhalt. Wir waren mal wieder auf Tour. In der Villa Westerberge in Ascherlsleben \u00fcbernachteten wir.\" \/>\n<meta name=\"robots\" content=\"index, follow, max-snippet:-1, max-image-preview:large, max-video-preview:-1\" \/>\n<link rel=\"canonical\" href=\"https:\/\/liebke-foto.de\/maerkischeslicht\/kurzbesuch-in-sachsen-anhalt\/\" \/>\n<meta property=\"og:locale\" content=\"de_DE\" \/>\n<meta property=\"og:type\" content=\"article\" \/>\n<meta property=\"og:title\" content=\"Kurzbesuch in Sachsen-Anhalt - M\u00e4rkisches Licht - Der Fotograf der Stille\" \/>\n<meta property=\"og:description\" content=\"Kurzbesuch in Sachsen-Anhalt. Wir waren mal wieder auf Tour. In der Villa Westerberge in Ascherlsleben \u00fcbernachteten wir.\" \/>\n<meta property=\"og:url\" content=\"https:\/\/liebke-foto.de\/maerkischeslicht\/kurzbesuch-in-sachsen-anhalt\/\" \/>\n<meta property=\"og:site_name\" content=\"M\u00e4rkisches Licht - Der Fotograf der Stille\" \/>\n<meta property=\"article:published_time\" content=\"2024-08-03T11:31:35+00:00\" \/>\n<meta property=\"article:modified_time\" content=\"2024-08-03T11:42:16+00:00\" \/>\n<meta property=\"og:image\" content=\"https:\/\/liebke-foto.de\/maerkischeslicht\/wp-content\/uploads\/2024\/08\/FZL0297_C1.jpg\" \/>\n\t<meta property=\"og:image:width\" content=\"1800\" \/>\n\t<meta property=\"og:image:height\" content=\"1002\" \/>\n\t<meta property=\"og:image:type\" content=\"image\/jpeg\" \/>\n<meta name=\"author\" content=\"Frank Liebke\" \/>\n<meta name=\"twitter:card\" content=\"summary_large_image\" \/>\n<meta name=\"twitter:label1\" content=\"Verfasst von\" \/>\n\t<meta name=\"twitter:data1\" content=\"Frank Liebke\" \/>\n\t<meta name=\"twitter:label2\" content=\"Gesch\u00e4tzte Lesezeit\" \/>\n\t<meta name=\"twitter:data2\" content=\"2\u00a0Minuten\" \/>\n<script type=\"application\/ld+json\" class=\"yoast-schema-graph\">{\"@context\":\"https:\\\/\\\/schema.org\",\"@graph\":[{\"@type\":\"Article\",\"@id\":\"https:\\\/\\\/liebke-foto.de\\\/maerkischeslicht\\\/kurzbesuch-in-sachsen-anhalt\\\/#article\",\"isPartOf\":{\"@id\":\"https:\\\/\\\/liebke-foto.de\\\/maerkischeslicht\\\/kurzbesuch-in-sachsen-anhalt\\\/\"},\"author\":{\"name\":\"Frank Liebke\",\"@id\":\"https:\\\/\\\/liebke-foto.de\\\/maerkischeslicht\\\/#\\\/schema\\\/person\\\/d71108abc09a723daeeb8526a33137ee\"},\"headline\":\"Kurzbesuch in Sachsen-Anhalt\",\"datePublished\":\"2024-08-03T11:31:35+00:00\",\"dateModified\":\"2024-08-03T11:42:16+00:00\",\"mainEntityOfPage\":{\"@id\":\"https:\\\/\\\/liebke-foto.de\\\/maerkischeslicht\\\/kurzbesuch-in-sachsen-anhalt\\\/\"},\"wordCount\":391,\"commentCount\":0,\"publisher\":{\"@id\":\"https:\\\/\\\/liebke-foto.de\\\/maerkischeslicht\\\/#\\\/schema\\\/person\\\/d71108abc09a723daeeb8526a33137ee\"},\"image\":{\"@id\":\"https:\\\/\\\/liebke-foto.de\\\/maerkischeslicht\\\/kurzbesuch-in-sachsen-anhalt\\\/#primaryimage\"},\"thumbnailUrl\":\"https:\\\/\\\/liebke-foto.de\\\/maerkischeslicht\\\/wp-content\\\/uploads\\\/2024\\\/08\\\/FZL0297_C1.jpg\",\"keywords\":[\"Aschersleben\",\"M\u00e4rkisches Licht\",\"Patricia Koelle\",\"Villa Westerberge\"],\"articleSection\":[\"Lebensfreudegef\u00e4hrten\",\"Reisen\"],\"inLanguage\":\"de\",\"potentialAction\":[{\"@type\":\"CommentAction\",\"name\":\"Comment\",\"target\":[\"https:\\\/\\\/liebke-foto.de\\\/maerkischeslicht\\\/kurzbesuch-in-sachsen-anhalt\\\/#respond\"]}]},{\"@type\":\"WebPage\",\"@id\":\"https:\\\/\\\/liebke-foto.de\\\/maerkischeslicht\\\/kurzbesuch-in-sachsen-anhalt\\\/\",\"url\":\"https:\\\/\\\/liebke-foto.de\\\/maerkischeslicht\\\/kurzbesuch-in-sachsen-anhalt\\\/\",\"name\":\"Kurzbesuch in Sachsen-Anhalt - M\u00e4rkisches Licht - Der Fotograf der Stille\",\"isPartOf\":{\"@id\":\"https:\\\/\\\/liebke-foto.de\\\/maerkischeslicht\\\/#website\"},\"primaryImageOfPage\":{\"@id\":\"https:\\\/\\\/liebke-foto.de\\\/maerkischeslicht\\\/kurzbesuch-in-sachsen-anhalt\\\/#primaryimage\"},\"image\":{\"@id\":\"https:\\\/\\\/liebke-foto.de\\\/maerkischeslicht\\\/kurzbesuch-in-sachsen-anhalt\\\/#primaryimage\"},\"thumbnailUrl\":\"https:\\\/\\\/liebke-foto.de\\\/maerkischeslicht\\\/wp-content\\\/uploads\\\/2024\\\/08\\\/FZL0297_C1.jpg\",\"datePublished\":\"2024-08-03T11:31:35+00:00\",\"dateModified\":\"2024-08-03T11:42:16+00:00\",\"description\":\"Kurzbesuch in Sachsen-Anhalt. Wir waren mal wieder auf Tour. In der Villa Westerberge in Ascherlsleben \u00fcbernachteten wir.\",\"breadcrumb\":{\"@id\":\"https:\\\/\\\/liebke-foto.de\\\/maerkischeslicht\\\/kurzbesuch-in-sachsen-anhalt\\\/#breadcrumb\"},\"inLanguage\":\"de\",\"potentialAction\":[{\"@type\":\"ReadAction\",\"target\":[\"https:\\\/\\\/liebke-foto.de\\\/maerkischeslicht\\\/kurzbesuch-in-sachsen-anhalt\\\/\"]}]},{\"@type\":\"ImageObject\",\"inLanguage\":\"de\",\"@id\":\"https:\\\/\\\/liebke-foto.de\\\/maerkischeslicht\\\/kurzbesuch-in-sachsen-anhalt\\\/#primaryimage\",\"url\":\"https:\\\/\\\/liebke-foto.de\\\/maerkischeslicht\\\/wp-content\\\/uploads\\\/2024\\\/08\\\/FZL0297_C1.jpg\",\"contentUrl\":\"https:\\\/\\\/liebke-foto.de\\\/maerkischeslicht\\\/wp-content\\\/uploads\\\/2024\\\/08\\\/FZL0297_C1.jpg\",\"width\":1800,\"height\":1002},{\"@type\":\"BreadcrumbList\",\"@id\":\"https:\\\/\\\/liebke-foto.de\\\/maerkischeslicht\\\/kurzbesuch-in-sachsen-anhalt\\\/#breadcrumb\",\"itemListElement\":[{\"@type\":\"ListItem\",\"position\":1,\"name\":\"Startseite\",\"item\":\"https:\\\/\\\/liebke-foto.de\\\/maerkischeslicht\\\/\"},{\"@type\":\"ListItem\",\"position\":2,\"name\":\"Kurzbesuch in Sachsen-Anhalt\"}]},{\"@type\":\"WebSite\",\"@id\":\"https:\\\/\\\/liebke-foto.de\\\/maerkischeslicht\\\/#website\",\"url\":\"https:\\\/\\\/liebke-foto.de\\\/maerkischeslicht\\\/\",\"name\":\"M\u00e4rkisches Licht - Der Fotograf der Stille\",\"description\":\"Die Liebe zum Leben...\",\"publisher\":{\"@id\":\"https:\\\/\\\/liebke-foto.de\\\/maerkischeslicht\\\/#\\\/schema\\\/person\\\/d71108abc09a723daeeb8526a33137ee\"},\"potentialAction\":[{\"@type\":\"SearchAction\",\"target\":{\"@type\":\"EntryPoint\",\"urlTemplate\":\"https:\\\/\\\/liebke-foto.de\\\/maerkischeslicht\\\/?s={search_term_string}\"},\"query-input\":{\"@type\":\"PropertyValueSpecification\",\"valueRequired\":true,\"valueName\":\"search_term_string\"}}],\"inLanguage\":\"de\"},{\"@type\":[\"Person\",\"Organization\"],\"@id\":\"https:\\\/\\\/liebke-foto.de\\\/maerkischeslicht\\\/#\\\/schema\\\/person\\\/d71108abc09a723daeeb8526a33137ee\",\"name\":\"Frank Liebke\",\"image\":{\"@type\":\"ImageObject\",\"inLanguage\":\"de\",\"@id\":\"https:\\\/\\\/liebke-foto.de\\\/maerkischeslicht\\\/wp-content\\\/uploads\\\/2021\\\/12\\\/IMG-20211024-WA0001.jpg\",\"url\":\"https:\\\/\\\/liebke-foto.de\\\/maerkischeslicht\\\/wp-content\\\/uploads\\\/2021\\\/12\\\/IMG-20211024-WA0001.jpg\",\"contentUrl\":\"https:\\\/\\\/liebke-foto.de\\\/maerkischeslicht\\\/wp-content\\\/uploads\\\/2021\\\/12\\\/IMG-20211024-WA0001.jpg\",\"width\":900,\"height\":1600,\"caption\":\"Frank Liebke\"},\"logo\":{\"@id\":\"https:\\\/\\\/liebke-foto.de\\\/maerkischeslicht\\\/wp-content\\\/uploads\\\/2021\\\/12\\\/IMG-20211024-WA0001.jpg\"},\"sameAs\":[\"https:\\\/\\\/liebke-foto.de\"],\"url\":\"https:\\\/\\\/liebke-foto.de\\\/maerkischeslicht\\\/author\\\/adminuser\\\/\"}]}<\/script>\n<!-- \/ Yoast SEO plugin. -->","yoast_head_json":{"title":"Kurzbesuch in Sachsen-Anhalt - M\u00e4rkisches Licht - Der Fotograf der Stille","description":"Kurzbesuch in Sachsen-Anhalt. Wir waren mal wieder auf Tour. In der Villa Westerberge in Ascherlsleben \u00fcbernachteten wir.","robots":{"index":"index","follow":"follow","max-snippet":"max-snippet:-1","max-image-preview":"max-image-preview:large","max-video-preview":"max-video-preview:-1"},"canonical":"https:\/\/liebke-foto.de\/maerkischeslicht\/kurzbesuch-in-sachsen-anhalt\/","og_locale":"de_DE","og_type":"article","og_title":"Kurzbesuch in Sachsen-Anhalt - M\u00e4rkisches Licht - Der Fotograf der Stille","og_description":"Kurzbesuch in Sachsen-Anhalt. Wir waren mal wieder auf Tour. In der Villa Westerberge in Ascherlsleben \u00fcbernachteten wir.","og_url":"https:\/\/liebke-foto.de\/maerkischeslicht\/kurzbesuch-in-sachsen-anhalt\/","og_site_name":"M\u00e4rkisches Licht - Der Fotograf der Stille","article_published_time":"2024-08-03T11:31:35+00:00","article_modified_time":"2024-08-03T11:42:16+00:00","og_image":[{"width":1800,"height":1002,"url":"https:\/\/liebke-foto.de\/maerkischeslicht\/wp-content\/uploads\/2024\/08\/FZL0297_C1.jpg","type":"image\/jpeg"}],"author":"Frank Liebke","twitter_card":"summary_large_image","twitter_misc":{"Verfasst von":"Frank Liebke","Gesch\u00e4tzte Lesezeit":"2\u00a0Minuten"},"schema":{"@context":"https:\/\/schema.org","@graph":[{"@type":"Article","@id":"https:\/\/liebke-foto.de\/maerkischeslicht\/kurzbesuch-in-sachsen-anhalt\/#article","isPartOf":{"@id":"https:\/\/liebke-foto.de\/maerkischeslicht\/kurzbesuch-in-sachsen-anhalt\/"},"author":{"name":"Frank Liebke","@id":"https:\/\/liebke-foto.de\/maerkischeslicht\/#\/schema\/person\/d71108abc09a723daeeb8526a33137ee"},"headline":"Kurzbesuch in Sachsen-Anhalt","datePublished":"2024-08-03T11:31:35+00:00","dateModified":"2024-08-03T11:42:16+00:00","mainEntityOfPage":{"@id":"https:\/\/liebke-foto.de\/maerkischeslicht\/kurzbesuch-in-sachsen-anhalt\/"},"wordCount":391,"commentCount":0,"publisher":{"@id":"https:\/\/liebke-foto.de\/maerkischeslicht\/#\/schema\/person\/d71108abc09a723daeeb8526a33137ee"},"image":{"@id":"https:\/\/liebke-foto.de\/maerkischeslicht\/kurzbesuch-in-sachsen-anhalt\/#primaryimage"},"thumbnailUrl":"https:\/\/liebke-foto.de\/maerkischeslicht\/wp-content\/uploads\/2024\/08\/FZL0297_C1.jpg","keywords":["Aschersleben","M\u00e4rkisches Licht","Patricia Koelle","Villa Westerberge"],"articleSection":["Lebensfreudegef\u00e4hrten","Reisen"],"inLanguage":"de","potentialAction":[{"@type":"CommentAction","name":"Comment","target":["https:\/\/liebke-foto.de\/maerkischeslicht\/kurzbesuch-in-sachsen-anhalt\/#respond"]}]},{"@type":"WebPage","@id":"https:\/\/liebke-foto.de\/maerkischeslicht\/kurzbesuch-in-sachsen-anhalt\/","url":"https:\/\/liebke-foto.de\/maerkischeslicht\/kurzbesuch-in-sachsen-anhalt\/","name":"Kurzbesuch in Sachsen-Anhalt - M\u00e4rkisches Licht - Der Fotograf der Stille","isPartOf":{"@id":"https:\/\/liebke-foto.de\/maerkischeslicht\/#website"},"primaryImageOfPage":{"@id":"https:\/\/liebke-foto.de\/maerkischeslicht\/kurzbesuch-in-sachsen-anhalt\/#primaryimage"},"image":{"@id":"https:\/\/liebke-foto.de\/maerkischeslicht\/kurzbesuch-in-sachsen-anhalt\/#primaryimage"},"thumbnailUrl":"https:\/\/liebke-foto.de\/maerkischeslicht\/wp-content\/uploads\/2024\/08\/FZL0297_C1.jpg","datePublished":"2024-08-03T11:31:35+00:00","dateModified":"2024-08-03T11:42:16+00:00","description":"Kurzbesuch in Sachsen-Anhalt. Wir waren mal wieder auf Tour. In der Villa Westerberge in Ascherlsleben \u00fcbernachteten wir.","breadcrumb":{"@id":"https:\/\/liebke-foto.de\/maerkischeslicht\/kurzbesuch-in-sachsen-anhalt\/#breadcrumb"},"inLanguage":"de","potentialAction":[{"@type":"ReadAction","target":["https:\/\/liebke-foto.de\/maerkischeslicht\/kurzbesuch-in-sachsen-anhalt\/"]}]},{"@type":"ImageObject","inLanguage":"de","@id":"https:\/\/liebke-foto.de\/maerkischeslicht\/kurzbesuch-in-sachsen-anhalt\/#primaryimage","url":"https:\/\/liebke-foto.de\/maerkischeslicht\/wp-content\/uploads\/2024\/08\/FZL0297_C1.jpg","contentUrl":"https:\/\/liebke-foto.de\/maerkischeslicht\/wp-content\/uploads\/2024\/08\/FZL0297_C1.jpg","width":1800,"height":1002},{"@type":"BreadcrumbList","@id":"https:\/\/liebke-foto.de\/maerkischeslicht\/kurzbesuch-in-sachsen-anhalt\/#breadcrumb","itemListElement":[{"@type":"ListItem","position":1,"name":"Startseite","item":"https:\/\/liebke-foto.de\/maerkischeslicht\/"},{"@type":"ListItem","position":2,"name":"Kurzbesuch in Sachsen-Anhalt"}]},{"@type":"WebSite","@id":"https:\/\/liebke-foto.de\/maerkischeslicht\/#website","url":"https:\/\/liebke-foto.de\/maerkischeslicht\/","name":"M\u00e4rkisches Licht - Der Fotograf der Stille","description":"Die Liebe zum Leben...","publisher":{"@id":"https:\/\/liebke-foto.de\/maerkischeslicht\/#\/schema\/person\/d71108abc09a723daeeb8526a33137ee"},"potentialAction":[{"@type":"SearchAction","target":{"@type":"EntryPoint","urlTemplate":"https:\/\/liebke-foto.de\/maerkischeslicht\/?s={search_term_string}"},"query-input":{"@type":"PropertyValueSpecification","valueRequired":true,"valueName":"search_term_string"}}],"inLanguage":"de"},{"@type":["Person","Organization"],"@id":"https:\/\/liebke-foto.de\/maerkischeslicht\/#\/schema\/person\/d71108abc09a723daeeb8526a33137ee","name":"Frank Liebke","image":{"@type":"ImageObject","inLanguage":"de","@id":"https:\/\/liebke-foto.de\/maerkischeslicht\/wp-content\/uploads\/2021\/12\/IMG-20211024-WA0001.jpg","url":"https:\/\/liebke-foto.de\/maerkischeslicht\/wp-content\/uploads\/2021\/12\/IMG-20211024-WA0001.jpg","contentUrl":"https:\/\/liebke-foto.de\/maerkischeslicht\/wp-content\/uploads\/2021\/12\/IMG-20211024-WA0001.jpg","width":900,"height":1600,"caption":"Frank Liebke"},"logo":{"@id":"https:\/\/liebke-foto.de\/maerkischeslicht\/wp-content\/uploads\/2021\/12\/IMG-20211024-WA0001.jpg"},"sameAs":["https:\/\/liebke-foto.de"],"url":"https:\/\/liebke-foto.de\/maerkischeslicht\/author\/adminuser\/"}]}},"_links":{"self":[{"href":"https:\/\/liebke-foto.de\/maerkischeslicht\/wp-json\/wp\/v2\/posts\/8783","targetHints":{"allow":["GET"]}}],"collection":[{"href":"https:\/\/liebke-foto.de\/maerkischeslicht\/wp-json\/wp\/v2\/posts"}],"about":[{"href":"https:\/\/liebke-foto.de\/maerkischeslicht\/wp-json\/wp\/v2\/types\/post"}],"author":[{"embeddable":true,"href":"https:\/\/liebke-foto.de\/maerkischeslicht\/wp-json\/wp\/v2\/users\/1"}],"replies":[{"embeddable":true,"href":"https:\/\/liebke-foto.de\/maerkischeslicht\/wp-json\/wp\/v2\/comments?post=8783"}],"version-history":[{"count":3,"href":"https:\/\/liebke-foto.de\/maerkischeslicht\/wp-json\/wp\/v2\/posts\/8783\/revisions"}],"predecessor-version":[{"id":8792,"href":"https:\/\/liebke-foto.de\/maerkischeslicht\/wp-json\/wp\/v2\/posts\/8783\/revisions\/8792"}],"wp:featuredmedia":[{"embeddable":true,"href":"https:\/\/liebke-foto.de\/maerkischeslicht\/wp-json\/wp\/v2\/media\/8785"}],"wp:attachment":[{"href":"https:\/\/liebke-foto.de\/maerkischeslicht\/wp-json\/wp\/v2\/media?parent=8783"}],"wp:term":[{"taxonomy":"category","embeddable":true,"href":"https:\/\/liebke-foto.de\/maerkischeslicht\/wp-json\/wp\/v2\/categories?post=8783"},{"taxonomy":"post_tag","embeddable":true,"href":"https:\/\/liebke-foto.de\/maerkischeslicht\/wp-json\/wp\/v2\/tags?post=8783"}],"curies":[{"name":"wp","href":"https:\/\/api.w.org\/{rel}","templated":true}]}}