{"id":8360,"date":"2024-02-23T20:13:21","date_gmt":"2024-02-23T18:13:21","guid":{"rendered":"https:\/\/liebke-foto.de\/maerkischeslicht\/?p=8360"},"modified":"2024-04-08T15:28:59","modified_gmt":"2024-04-08T13:28:59","slug":"drei-schoenste-jahre-lebensfreudegefaehrten","status":"publish","type":"post","link":"https:\/\/liebke-foto.de\/maerkischeslicht\/drei-schoenste-jahre-lebensfreudegefaehrten\/","title":{"rendered":"Drei sch\u00f6nste Jahre &#8222;Lebensfreudegef\u00e4hrten&#8220;"},"content":{"rendered":"<div class=\"wp-block-image\">\n<figure class=\"aligncenter size-large\"><a href=\"https:\/\/liebke-foto.de\/maerkischeslicht\/wp-content\/uploads\/2024\/02\/WhatsApp-Image-2024-02-23-at-13.41.22.jpg\"><img loading=\"lazy\" decoding=\"async\" width=\"1067\" height=\"800\" src=\"https:\/\/liebke-foto.de\/maerkischeslicht\/wp-content\/uploads\/2024\/02\/WhatsApp-Image-2024-02-23-at-13.41.22-1067x800.jpg\" alt=\"Schon drei Jahre lang einfach nur gl\u00fccklich\" class=\"wp-image-8372\" srcset=\"https:\/\/liebke-foto.de\/maerkischeslicht\/wp-content\/uploads\/2024\/02\/WhatsApp-Image-2024-02-23-at-13.41.22-1067x800.jpg 1067w, https:\/\/liebke-foto.de\/maerkischeslicht\/wp-content\/uploads\/2024\/02\/WhatsApp-Image-2024-02-23-at-13.41.22-768x576.jpg 768w, https:\/\/liebke-foto.de\/maerkischeslicht\/wp-content\/uploads\/2024\/02\/WhatsApp-Image-2024-02-23-at-13.41.22.jpg 1400w\" sizes=\"auto, (max-width: 1067px) 100vw, 1067px\" \/><\/a><figcaption class=\"wp-element-caption\">Schon drei Jahre lang einfach nur gl\u00fccklich, <a href=\"https:\/\/www.fischerverlage.de\/autor\/patricia-koelle-1007513\" target=\"_blank\" rel=\"noreferrer noopener\">Patricia Koelle<\/a> und Frank Liebke, <br \/>die Lebensfreudegef\u00e4hrten (Foto: Patricia Koelle)<\/figcaption><\/figure>\n<\/div>\n\n\n<h2 class=\"wp-block-heading has-text-align-center\">Im M\u00fchlenseegebiet Vehlefanz feierten wir einen lichtvollen Tag<\/h2>\n\n\n\n<p>Alle, die uns hier und anderswo im Internet &#8222;Folgen&#8220;, wissen, wir sind nicht die Selbstdarsteller, die sich mit allem und sich selbst wichtig machen m\u00fcssen. Keine sogenannten &#8222;Influencer&#8220; \ud83d\ude09 \ud83d\ude00 <\/p>\n\n\n\n<p>Aber, wir sind gl\u00fccklich mit uns und unserem Leben. Und wir haben uns gedacht, warum nicht zeigen (ab und an) dass man auch und auch gerade im fortgeschrittenen Alter sich verlieben kann und richtig gl\u00fccklich sein? Dass sowas immer geht? Wir wollen etwas Freude und Hoffnung in die Welt tragen. Denn wir denken, dass dies gerade in der jetzigen Zeit so enorm wichtig ist.<\/p>\n\n\n\n<p>Deshalb heute mal etwas direkt von uns f\u00fcr Euch. Wir hatten es unser ganzes Leben lang nicht besonders leicht. Haben es versucht, so gut es eben ging, f\u00fcr andere da zu sein und auch unsere Pflichten zu erf\u00fcllen, die damit einhergingen. Hatten sehr sch\u00f6ne Zeiten erlebt, aber auch weniger sch\u00f6ne und harte. <\/p>\n\n\n\n<p>Und haben dann uns beiden eine neue Chance gegeben, obwohl wir nun doch lieber allein bleiben wollten.<\/p>\n\n\n\n<p>Zum Gl\u00fcck, wie wir beide wissen. Heute, am 23.02. 2021, also genau vor drei Jahren, haben wir uns das erste Mal zu einen gemeinsamen Ausflug ins Briesetal verabredet. <a href=\"https:\/\/liebke-foto.de\/maerkischeslicht\/vorfruehling-an-der-briese\/\" target=\"_blank\" rel=\"noreferrer noopener\">Dieser Beitrag (klick)<\/a> ist damals von mir noch voller Freude am selben Tag ver\u00f6ffentlich worden. Denn es war ein wundervolles Erlebnis. F\u00fcr uns beide, wie Patricia mir sp\u00e4ter best\u00e4tigte.<\/p>\n\n\n\n<p>Heute nun unser Dreij\u00e4hriges. Nach der ganzen Regen- und Grau-Orgie des Wetters wollten wir nicht in den Wald sondern Himmel, Licht und Land sehen. Also feierten wir unseren Tag im M\u00fchlenseegebiet Vehlefanz. Ganz so, auf unsere stille und zufriedene Weise. Der Himmel beschenkte uns reichlich mit allen sch\u00f6nen Zutaten, die einen herrlichen Ausflug zum weiteren bleibenden Erlebnis machten. <\/p>\n\n\n\n<p>Gekr\u00f6nt wurde der Tag mit einem leckeren St\u00fcck Kuchen aus der <a href=\"https:\/\/www.plentz.de\">B\u00e4ckerei <\/a><a href=\"https:\/\/www.plentz.de\" target=\"_blank\" rel=\"noreferrer noopener\">Plentz<\/a> in Schwante, das wir am sp\u00e4ten Nachmittag, wieder zu Hause, mit sch\u00f6nsten Erinnerungen genossen.<\/p>\n\n\n\n<p>Hoffen wir auf viele weitere gemeinsame Jahre&#8230;.<\/p>\n\n\n\n<p>Viel Spa\u00df beim Schauen \ud83d\ude42<\/p>\n\n\n<div class=\"wp-block-image\">\n<figure class=\"aligncenter size-large\"><a href=\"https:\/\/liebke-foto.de\/maerkischeslicht\/wp-content\/uploads\/2024\/02\/FZL5790_C1.jpg\"><img loading=\"lazy\" decoding=\"async\" width=\"1200\" height=\"800\" src=\"https:\/\/liebke-foto.de\/maerkischeslicht\/wp-content\/uploads\/2024\/02\/FZL5790_C1-1200x800.jpg\" alt=\"\" class=\"wp-image-8361\" srcset=\"https:\/\/liebke-foto.de\/maerkischeslicht\/wp-content\/uploads\/2024\/02\/FZL5790_C1-1200x800.jpg 1200w, https:\/\/liebke-foto.de\/maerkischeslicht\/wp-content\/uploads\/2024\/02\/FZL5790_C1-768x512.jpg 768w, https:\/\/liebke-foto.de\/maerkischeslicht\/wp-content\/uploads\/2024\/02\/FZL5790_C1.jpg 1400w\" sizes=\"auto, (max-width: 1200px) 100vw, 1200px\" \/><\/a><figcaption class=\"wp-element-caption\">Wir nahmen den langen Wanderweg an den Seen vorbei mit Start in Schwante&#8230;<\/figcaption><\/figure>\n<\/div>\n\n\n<p><\/p>\n\n\n\n<p><\/p>\n\n\n<div class=\"wp-block-image\">\n<figure class=\"aligncenter size-large\"><a href=\"https:\/\/liebke-foto.de\/maerkischeslicht\/wp-content\/uploads\/2024\/02\/FZL5801_C1.jpg\"><img loading=\"lazy\" decoding=\"async\" width=\"1200\" height=\"800\" src=\"https:\/\/liebke-foto.de\/maerkischeslicht\/wp-content\/uploads\/2024\/02\/FZL5801_C1-1200x800.jpg\" alt=\"\" class=\"wp-image-8362\" srcset=\"https:\/\/liebke-foto.de\/maerkischeslicht\/wp-content\/uploads\/2024\/02\/FZL5801_C1-1200x800.jpg 1200w, https:\/\/liebke-foto.de\/maerkischeslicht\/wp-content\/uploads\/2024\/02\/FZL5801_C1-768x512.jpg 768w, https:\/\/liebke-foto.de\/maerkischeslicht\/wp-content\/uploads\/2024\/02\/FZL5801_C1.jpg 1400w\" sizes=\"auto, (max-width: 1200px) 100vw, 1200px\" \/><\/a><figcaption class=\"wp-element-caption\">&#8230;freuten uns \u00fcber Sonnenschein, der im Wasser glitzerte&#8230;<\/figcaption><\/figure>\n<\/div>\n\n\n<p><\/p>\n\n\n\n<p><\/p>\n\n\n<div class=\"wp-block-image\">\n<figure class=\"aligncenter size-large\"><a href=\"https:\/\/liebke-foto.de\/maerkischeslicht\/wp-content\/uploads\/2024\/02\/FZL5812_C1.jpg\"><img loading=\"lazy\" decoding=\"async\" width=\"1200\" height=\"800\" src=\"https:\/\/liebke-foto.de\/maerkischeslicht\/wp-content\/uploads\/2024\/02\/FZL5812_C1-1200x800.jpg\" alt=\"\" class=\"wp-image-8363\" srcset=\"https:\/\/liebke-foto.de\/maerkischeslicht\/wp-content\/uploads\/2024\/02\/FZL5812_C1-1200x800.jpg 1200w, https:\/\/liebke-foto.de\/maerkischeslicht\/wp-content\/uploads\/2024\/02\/FZL5812_C1-768x512.jpg 768w, https:\/\/liebke-foto.de\/maerkischeslicht\/wp-content\/uploads\/2024\/02\/FZL5812_C1.jpg 1400w\" sizes=\"auto, (max-width: 1200px) 100vw, 1200px\" \/><\/a><figcaption class=\"wp-element-caption\">&#8230;und \u00fcber K\u00e4tzchen, die vom nahen Fr\u00fchling sprachen.<\/figcaption><\/figure>\n<\/div>\n\n\n<p><\/p>\n\n\n\n<p><\/p>\n\n\n<div class=\"wp-block-image\">\n<figure class=\"aligncenter size-large\"><a href=\"https:\/\/liebke-foto.de\/maerkischeslicht\/wp-content\/uploads\/2024\/02\/FZL5815_C1.jpg\"><img loading=\"lazy\" decoding=\"async\" width=\"1200\" height=\"800\" src=\"https:\/\/liebke-foto.de\/maerkischeslicht\/wp-content\/uploads\/2024\/02\/FZL5815_C1-1200x800.jpg\" alt=\"\" class=\"wp-image-8364\" srcset=\"https:\/\/liebke-foto.de\/maerkischeslicht\/wp-content\/uploads\/2024\/02\/FZL5815_C1-1200x800.jpg 1200w, https:\/\/liebke-foto.de\/maerkischeslicht\/wp-content\/uploads\/2024\/02\/FZL5815_C1-768x512.jpg 768w, https:\/\/liebke-foto.de\/maerkischeslicht\/wp-content\/uploads\/2024\/02\/FZL5815_C1.jpg 1400w\" sizes=\"auto, (max-width: 1200px) 100vw, 1200px\" \/><\/a><figcaption class=\"wp-element-caption\">Der Wasserstand war extrem hoch angestiegen<\/figcaption><\/figure>\n<\/div>\n\n\n<p><\/p>\n\n\n\n<p><\/p>\n\n\n<div class=\"wp-block-image\">\n<figure class=\"aligncenter size-large\"><a href=\"https:\/\/liebke-foto.de\/maerkischeslicht\/wp-content\/uploads\/2024\/02\/FZL5827_C1.jpg\"><img loading=\"lazy\" decoding=\"async\" width=\"1200\" height=\"800\" src=\"https:\/\/liebke-foto.de\/maerkischeslicht\/wp-content\/uploads\/2024\/02\/FZL5827_C1-1200x800.jpg\" alt=\"\" class=\"wp-image-8366\" srcset=\"https:\/\/liebke-foto.de\/maerkischeslicht\/wp-content\/uploads\/2024\/02\/FZL5827_C1-1200x800.jpg 1200w, https:\/\/liebke-foto.de\/maerkischeslicht\/wp-content\/uploads\/2024\/02\/FZL5827_C1-768x512.jpg 768w, https:\/\/liebke-foto.de\/maerkischeslicht\/wp-content\/uploads\/2024\/02\/FZL5827_C1.jpg 1400w\" sizes=\"auto, (max-width: 1200px) 100vw, 1200px\" \/><\/a><figcaption class=\"wp-element-caption\">Der Weg in Richtung Vehlefanz mit seiner h\u00fcbschen Kirche. Gekr\u00f6nt von Wolkenschiffen.<\/figcaption><\/figure>\n<\/div>\n\n\n<p><\/p>\n\n\n\n<p><\/p>\n\n\n<div class=\"wp-block-image\">\n<figure class=\"aligncenter size-large\"><a href=\"https:\/\/liebke-foto.de\/maerkischeslicht\/wp-content\/uploads\/2024\/02\/FZL5832_C1.jpg\"><img loading=\"lazy\" decoding=\"async\" width=\"1200\" height=\"800\" src=\"https:\/\/liebke-foto.de\/maerkischeslicht\/wp-content\/uploads\/2024\/02\/FZL5832_C1-1200x800.jpg\" alt=\"\" class=\"wp-image-8367\" srcset=\"https:\/\/liebke-foto.de\/maerkischeslicht\/wp-content\/uploads\/2024\/02\/FZL5832_C1-1200x800.jpg 1200w, https:\/\/liebke-foto.de\/maerkischeslicht\/wp-content\/uploads\/2024\/02\/FZL5832_C1-768x512.jpg 768w, https:\/\/liebke-foto.de\/maerkischeslicht\/wp-content\/uploads\/2024\/02\/FZL5832_C1.jpg 1400w\" sizes=\"auto, (max-width: 1200px) 100vw, 1200px\" \/><\/a><\/figure>\n<\/div>\n\n\n<p><\/p>\n\n\n\n<p><\/p>\n\n\n<div class=\"wp-block-image\">\n<figure class=\"aligncenter size-large\"><a href=\"https:\/\/liebke-foto.de\/maerkischeslicht\/wp-content\/uploads\/2024\/02\/FZL5845_C1.jpg\"><img loading=\"lazy\" decoding=\"async\" width=\"1200\" height=\"800\" src=\"https:\/\/liebke-foto.de\/maerkischeslicht\/wp-content\/uploads\/2024\/02\/FZL5845_C1-1200x800.jpg\" alt=\"\" class=\"wp-image-8368\" srcset=\"https:\/\/liebke-foto.de\/maerkischeslicht\/wp-content\/uploads\/2024\/02\/FZL5845_C1-1200x800.jpg 1200w, https:\/\/liebke-foto.de\/maerkischeslicht\/wp-content\/uploads\/2024\/02\/FZL5845_C1-768x512.jpg 768w, https:\/\/liebke-foto.de\/maerkischeslicht\/wp-content\/uploads\/2024\/02\/FZL5845_C1.jpg 1400w\" sizes=\"auto, (max-width: 1200px) 100vw, 1200px\" \/><\/a><\/figure>\n<\/div>\n\n\n<p><\/p>\n\n\n\n<p><\/p>\n\n\n<div class=\"wp-block-image\">\n<figure class=\"aligncenter size-large\"><a href=\"https:\/\/liebke-foto.de\/maerkischeslicht\/wp-content\/uploads\/2024\/02\/FZL5847_C1.jpg\"><img loading=\"lazy\" decoding=\"async\" width=\"1200\" height=\"800\" src=\"https:\/\/liebke-foto.de\/maerkischeslicht\/wp-content\/uploads\/2024\/02\/FZL5847_C1-1200x800.jpg\" alt=\"\" class=\"wp-image-8369\" srcset=\"https:\/\/liebke-foto.de\/maerkischeslicht\/wp-content\/uploads\/2024\/02\/FZL5847_C1-1200x800.jpg 1200w, https:\/\/liebke-foto.de\/maerkischeslicht\/wp-content\/uploads\/2024\/02\/FZL5847_C1-768x512.jpg 768w, https:\/\/liebke-foto.de\/maerkischeslicht\/wp-content\/uploads\/2024\/02\/FZL5847_C1.jpg 1400w\" sizes=\"auto, (max-width: 1200px) 100vw, 1200px\" \/><\/a><figcaption class=\"wp-element-caption\">Obwohl schon oft dort gewesen, fanden wir immer wieder neue und sch\u00f6ne Motive. Patricia war auch sehr begeistert von ihrer &#8222;Ernte&#8220;.<\/figcaption><\/figure>\n<\/div>\n\n\n<p><\/p>\n\n\n\n<p><\/p>\n\n\n<div class=\"wp-block-image\">\n<figure class=\"aligncenter size-large\"><a href=\"https:\/\/liebke-foto.de\/maerkischeslicht\/wp-content\/uploads\/2024\/02\/FZL5881_C1.jpg\"><img loading=\"lazy\" decoding=\"async\" width=\"1200\" height=\"800\" src=\"https:\/\/liebke-foto.de\/maerkischeslicht\/wp-content\/uploads\/2024\/02\/FZL5881_C1-1200x800.jpg\" alt=\"\" class=\"wp-image-8371\" srcset=\"https:\/\/liebke-foto.de\/maerkischeslicht\/wp-content\/uploads\/2024\/02\/FZL5881_C1-1200x800.jpg 1200w, https:\/\/liebke-foto.de\/maerkischeslicht\/wp-content\/uploads\/2024\/02\/FZL5881_C1-768x512.jpg 768w, https:\/\/liebke-foto.de\/maerkischeslicht\/wp-content\/uploads\/2024\/02\/FZL5881_C1.jpg 1400w\" sizes=\"auto, (max-width: 1200px) 100vw, 1200px\" \/><\/a><figcaption class=\"wp-element-caption\">Am Wandersteg kann man erkennen, wie hoch der Wasserstand gegenw\u00e4rtig ist. Normal ist der Abstand des Bohlenwegs zur Wasseroberfl\u00e4che deutlich gr\u00f6\u00dfer.<\/figcaption><\/figure>\n<\/div>\n\n\n<p><\/p>\n\n\n\n<p><\/p>\n\n\n\n<div style=\"padding:20px\" class=\"wp-block-tnp-minimal\"><p>Subscribe to our newsletter!<\/p><div><div class=\"tnp tnp-subscription \">\n<form method=\"post\" action=\"https:\/\/liebke-foto.de\/maerkischeslicht\/wp-admin\/admin-ajax.php?action=tnp&amp;na=s\">\n<input type=\"hidden\" name=\"nlang\" value=\"\">\n<div class=\"tnp-field tnp-field-firstname\"><label for=\"tnp-1\">Vorname oder ganzer Name<\/label>\n<input class=\"tnp-name\" type=\"text\" name=\"nn\" id=\"tnp-1\" value=\"\" placeholder=\"\"><\/div>\n<div class=\"tnp-field tnp-field-email\"><label for=\"tnp-2\">Email<\/label>\n<input class=\"tnp-email\" type=\"email\" name=\"ne\" id=\"tnp-2\" value=\"\" placeholder=\"\" required><\/div>\n<div class=\"tnp-field tnp-privacy-field\"><label><input type=\"checkbox\" name=\"ny\" required class=\"tnp-privacy\"> Indem Du fortf\u00e4hrst, akzeptierst Du unsere Datenschutzerkl\u00e4rung.<\/label><\/div><div class=\"tnp-field tnp-field-button\" style=\"text-align: left\"><input class=\"tnp-submit\" type=\"submit\" value=\"Abonnieren\" style=\"\">\n<\/div>\n<\/form>\n<\/div>\n<\/div><\/div>\n\n\n\n<p><\/p>\n\n\n\n\n","protected":false},"excerpt":{"rendered":"<p>Im M\u00fchlenseegebiet Vehlefanz feierten wir einen lichtvollen Tag Alle, die uns hier und anderswo im Internet &#8222;Folgen&#8220;, wissen, wir sind nicht die Selbstdarsteller,&#8230;<\/p>\n","protected":false},"author":1,"featured_media":8372,"comment_status":"open","ping_status":"open","sticky":false,"template":"","format":"standard","meta":{"footnotes":""},"categories":[216,38,174,12],"tags":[217,28,165,26],"class_list":["post-8360","post","type-post","status-publish","format-standard","has-post-thumbnail","hentry","category-lebensfreudegefaehrten","category-menschliches-aus-der-mark","category-reisen","category-wildes-brandenburg","tag-lebensfreudegefaehrten","tag-maerkisches-licht","tag-patricia-koelle","tag-wolken"],"yoast_head":"<!-- This site is optimized with the Yoast SEO plugin v27.5 - https:\/\/yoast.com\/product\/yoast-seo-wordpress\/ -->\n<title>Drei sch\u00f6nste Jahre &quot;Lebensfreudegef\u00e4hrten&quot; - M\u00e4rkisches Licht - Der Fotograf der Stille<\/title>\n<meta name=\"description\" content=\"Drei sch\u00f6nste Jahre &quot;Lebensfreudegef\u00e4hrten&quot;. Im M\u00fchlenseegebiet Vehlefanz feierten wir einen lichtvollen Tag\" \/>\n<meta name=\"robots\" content=\"index, follow, max-snippet:-1, max-image-preview:large, max-video-preview:-1\" \/>\n<link rel=\"canonical\" href=\"https:\/\/liebke-foto.de\/maerkischeslicht\/drei-schoenste-jahre-lebensfreudegefaehrten\/\" \/>\n<meta property=\"og:locale\" content=\"de_DE\" \/>\n<meta property=\"og:type\" content=\"article\" \/>\n<meta property=\"og:title\" content=\"Drei sch\u00f6nste Jahre &quot;Lebensfreudegef\u00e4hrten&quot; - M\u00e4rkisches Licht - Der Fotograf der Stille\" \/>\n<meta property=\"og:description\" content=\"Drei sch\u00f6nste Jahre &quot;Lebensfreudegef\u00e4hrten&quot;. Im M\u00fchlenseegebiet Vehlefanz feierten wir einen lichtvollen Tag\" \/>\n<meta property=\"og:url\" content=\"https:\/\/liebke-foto.de\/maerkischeslicht\/drei-schoenste-jahre-lebensfreudegefaehrten\/\" \/>\n<meta property=\"og:site_name\" content=\"M\u00e4rkisches Licht - Der Fotograf der Stille\" \/>\n<meta property=\"article:published_time\" content=\"2024-02-23T18:13:21+00:00\" \/>\n<meta property=\"article:modified_time\" content=\"2024-04-08T13:28:59+00:00\" \/>\n<meta property=\"og:image\" content=\"https:\/\/liebke-foto.de\/maerkischeslicht\/wp-content\/uploads\/2024\/02\/WhatsApp-Image-2024-02-23-at-13.41.22.jpg\" \/>\n\t<meta property=\"og:image:width\" content=\"1400\" \/>\n\t<meta property=\"og:image:height\" content=\"1050\" \/>\n\t<meta property=\"og:image:type\" content=\"image\/jpeg\" \/>\n<meta name=\"author\" content=\"Frank Liebke\" \/>\n<meta name=\"twitter:card\" content=\"summary_large_image\" \/>\n<meta name=\"twitter:label1\" content=\"Verfasst von\" \/>\n\t<meta name=\"twitter:data1\" content=\"Frank Liebke\" \/>\n\t<meta name=\"twitter:label2\" content=\"Gesch\u00e4tzte Lesezeit\" \/>\n\t<meta name=\"twitter:data2\" content=\"2\u00a0Minuten\" \/>\n<script type=\"application\/ld+json\" class=\"yoast-schema-graph\">{\"@context\":\"https:\\\/\\\/schema.org\",\"@graph\":[{\"@type\":\"Article\",\"@id\":\"https:\\\/\\\/liebke-foto.de\\\/maerkischeslicht\\\/drei-schoenste-jahre-lebensfreudegefaehrten\\\/#article\",\"isPartOf\":{\"@id\":\"https:\\\/\\\/liebke-foto.de\\\/maerkischeslicht\\\/drei-schoenste-jahre-lebensfreudegefaehrten\\\/\"},\"author\":{\"name\":\"Frank Liebke\",\"@id\":\"https:\\\/\\\/liebke-foto.de\\\/maerkischeslicht\\\/#\\\/schema\\\/person\\\/d71108abc09a723daeeb8526a33137ee\"},\"headline\":\"Drei sch\u00f6nste Jahre &#8222;Lebensfreudegef\u00e4hrten&#8220;\",\"datePublished\":\"2024-02-23T18:13:21+00:00\",\"dateModified\":\"2024-04-08T13:28:59+00:00\",\"mainEntityOfPage\":{\"@id\":\"https:\\\/\\\/liebke-foto.de\\\/maerkischeslicht\\\/drei-schoenste-jahre-lebensfreudegefaehrten\\\/\"},\"wordCount\":471,\"commentCount\":14,\"publisher\":{\"@id\":\"https:\\\/\\\/liebke-foto.de\\\/maerkischeslicht\\\/#\\\/schema\\\/person\\\/d71108abc09a723daeeb8526a33137ee\"},\"image\":{\"@id\":\"https:\\\/\\\/liebke-foto.de\\\/maerkischeslicht\\\/drei-schoenste-jahre-lebensfreudegefaehrten\\\/#primaryimage\"},\"thumbnailUrl\":\"https:\\\/\\\/liebke-foto.de\\\/maerkischeslicht\\\/wp-content\\\/uploads\\\/2024\\\/02\\\/WhatsApp-Image-2024-02-23-at-13.41.22.jpg\",\"keywords\":[\"Lebensfreudegef\u00e4hrten\",\"M\u00e4rkisches Licht\",\"Patricia Koelle\",\"Wolken\"],\"articleSection\":[\"Lebensfreudegef\u00e4hrten\",\"Menschliches aus der Mark\",\"Reisen\",\"Wildes Brandenburg\"],\"inLanguage\":\"de\",\"potentialAction\":[{\"@type\":\"CommentAction\",\"name\":\"Comment\",\"target\":[\"https:\\\/\\\/liebke-foto.de\\\/maerkischeslicht\\\/drei-schoenste-jahre-lebensfreudegefaehrten\\\/#respond\"]}]},{\"@type\":\"WebPage\",\"@id\":\"https:\\\/\\\/liebke-foto.de\\\/maerkischeslicht\\\/drei-schoenste-jahre-lebensfreudegefaehrten\\\/\",\"url\":\"https:\\\/\\\/liebke-foto.de\\\/maerkischeslicht\\\/drei-schoenste-jahre-lebensfreudegefaehrten\\\/\",\"name\":\"Drei sch\u00f6nste Jahre \\\"Lebensfreudegef\u00e4hrten\\\" - M\u00e4rkisches Licht - Der Fotograf der Stille\",\"isPartOf\":{\"@id\":\"https:\\\/\\\/liebke-foto.de\\\/maerkischeslicht\\\/#website\"},\"primaryImageOfPage\":{\"@id\":\"https:\\\/\\\/liebke-foto.de\\\/maerkischeslicht\\\/drei-schoenste-jahre-lebensfreudegefaehrten\\\/#primaryimage\"},\"image\":{\"@id\":\"https:\\\/\\\/liebke-foto.de\\\/maerkischeslicht\\\/drei-schoenste-jahre-lebensfreudegefaehrten\\\/#primaryimage\"},\"thumbnailUrl\":\"https:\\\/\\\/liebke-foto.de\\\/maerkischeslicht\\\/wp-content\\\/uploads\\\/2024\\\/02\\\/WhatsApp-Image-2024-02-23-at-13.41.22.jpg\",\"datePublished\":\"2024-02-23T18:13:21+00:00\",\"dateModified\":\"2024-04-08T13:28:59+00:00\",\"description\":\"Drei sch\u00f6nste Jahre \\\"Lebensfreudegef\u00e4hrten\\\". Im M\u00fchlenseegebiet Vehlefanz feierten wir einen lichtvollen Tag\",\"breadcrumb\":{\"@id\":\"https:\\\/\\\/liebke-foto.de\\\/maerkischeslicht\\\/drei-schoenste-jahre-lebensfreudegefaehrten\\\/#breadcrumb\"},\"inLanguage\":\"de\",\"potentialAction\":[{\"@type\":\"ReadAction\",\"target\":[\"https:\\\/\\\/liebke-foto.de\\\/maerkischeslicht\\\/drei-schoenste-jahre-lebensfreudegefaehrten\\\/\"]}]},{\"@type\":\"ImageObject\",\"inLanguage\":\"de\",\"@id\":\"https:\\\/\\\/liebke-foto.de\\\/maerkischeslicht\\\/drei-schoenste-jahre-lebensfreudegefaehrten\\\/#primaryimage\",\"url\":\"https:\\\/\\\/liebke-foto.de\\\/maerkischeslicht\\\/wp-content\\\/uploads\\\/2024\\\/02\\\/WhatsApp-Image-2024-02-23-at-13.41.22.jpg\",\"contentUrl\":\"https:\\\/\\\/liebke-foto.de\\\/maerkischeslicht\\\/wp-content\\\/uploads\\\/2024\\\/02\\\/WhatsApp-Image-2024-02-23-at-13.41.22.jpg\",\"width\":1400,\"height\":1050},{\"@type\":\"BreadcrumbList\",\"@id\":\"https:\\\/\\\/liebke-foto.de\\\/maerkischeslicht\\\/drei-schoenste-jahre-lebensfreudegefaehrten\\\/#breadcrumb\",\"itemListElement\":[{\"@type\":\"ListItem\",\"position\":1,\"name\":\"Startseite\",\"item\":\"https:\\\/\\\/liebke-foto.de\\\/maerkischeslicht\\\/\"},{\"@type\":\"ListItem\",\"position\":2,\"name\":\"Drei sch\u00f6nste Jahre &#8222;Lebensfreudegef\u00e4hrten&#8220;\"}]},{\"@type\":\"WebSite\",\"@id\":\"https:\\\/\\\/liebke-foto.de\\\/maerkischeslicht\\\/#website\",\"url\":\"https:\\\/\\\/liebke-foto.de\\\/maerkischeslicht\\\/\",\"name\":\"M\u00e4rkisches Licht - Der Fotograf der Stille\",\"description\":\"Die Liebe zum Leben...\",\"publisher\":{\"@id\":\"https:\\\/\\\/liebke-foto.de\\\/maerkischeslicht\\\/#\\\/schema\\\/person\\\/d71108abc09a723daeeb8526a33137ee\"},\"potentialAction\":[{\"@type\":\"SearchAction\",\"target\":{\"@type\":\"EntryPoint\",\"urlTemplate\":\"https:\\\/\\\/liebke-foto.de\\\/maerkischeslicht\\\/?s={search_term_string}\"},\"query-input\":{\"@type\":\"PropertyValueSpecification\",\"valueRequired\":true,\"valueName\":\"search_term_string\"}}],\"inLanguage\":\"de\"},{\"@type\":[\"Person\",\"Organization\"],\"@id\":\"https:\\\/\\\/liebke-foto.de\\\/maerkischeslicht\\\/#\\\/schema\\\/person\\\/d71108abc09a723daeeb8526a33137ee\",\"name\":\"Frank Liebke\",\"image\":{\"@type\":\"ImageObject\",\"inLanguage\":\"de\",\"@id\":\"https:\\\/\\\/liebke-foto.de\\\/maerkischeslicht\\\/wp-content\\\/uploads\\\/2021\\\/12\\\/IMG-20211024-WA0001.jpg\",\"url\":\"https:\\\/\\\/liebke-foto.de\\\/maerkischeslicht\\\/wp-content\\\/uploads\\\/2021\\\/12\\\/IMG-20211024-WA0001.jpg\",\"contentUrl\":\"https:\\\/\\\/liebke-foto.de\\\/maerkischeslicht\\\/wp-content\\\/uploads\\\/2021\\\/12\\\/IMG-20211024-WA0001.jpg\",\"width\":900,\"height\":1600,\"caption\":\"Frank Liebke\"},\"logo\":{\"@id\":\"https:\\\/\\\/liebke-foto.de\\\/maerkischeslicht\\\/wp-content\\\/uploads\\\/2021\\\/12\\\/IMG-20211024-WA0001.jpg\"},\"sameAs\":[\"https:\\\/\\\/liebke-foto.de\"],\"url\":\"https:\\\/\\\/liebke-foto.de\\\/maerkischeslicht\\\/author\\\/adminuser\\\/\"}]}<\/script>\n<!-- \/ Yoast SEO plugin. -->","yoast_head_json":{"title":"Drei sch\u00f6nste Jahre \"Lebensfreudegef\u00e4hrten\" - M\u00e4rkisches Licht - Der Fotograf der Stille","description":"Drei sch\u00f6nste Jahre \"Lebensfreudegef\u00e4hrten\". Im M\u00fchlenseegebiet Vehlefanz feierten wir einen lichtvollen Tag","robots":{"index":"index","follow":"follow","max-snippet":"max-snippet:-1","max-image-preview":"max-image-preview:large","max-video-preview":"max-video-preview:-1"},"canonical":"https:\/\/liebke-foto.de\/maerkischeslicht\/drei-schoenste-jahre-lebensfreudegefaehrten\/","og_locale":"de_DE","og_type":"article","og_title":"Drei sch\u00f6nste Jahre \"Lebensfreudegef\u00e4hrten\" - M\u00e4rkisches Licht - Der Fotograf der Stille","og_description":"Drei sch\u00f6nste Jahre \"Lebensfreudegef\u00e4hrten\". Im M\u00fchlenseegebiet Vehlefanz feierten wir einen lichtvollen Tag","og_url":"https:\/\/liebke-foto.de\/maerkischeslicht\/drei-schoenste-jahre-lebensfreudegefaehrten\/","og_site_name":"M\u00e4rkisches Licht - Der Fotograf der Stille","article_published_time":"2024-02-23T18:13:21+00:00","article_modified_time":"2024-04-08T13:28:59+00:00","og_image":[{"width":1400,"height":1050,"url":"https:\/\/liebke-foto.de\/maerkischeslicht\/wp-content\/uploads\/2024\/02\/WhatsApp-Image-2024-02-23-at-13.41.22.jpg","type":"image\/jpeg"}],"author":"Frank Liebke","twitter_card":"summary_large_image","twitter_misc":{"Verfasst von":"Frank Liebke","Gesch\u00e4tzte Lesezeit":"2\u00a0Minuten"},"schema":{"@context":"https:\/\/schema.org","@graph":[{"@type":"Article","@id":"https:\/\/liebke-foto.de\/maerkischeslicht\/drei-schoenste-jahre-lebensfreudegefaehrten\/#article","isPartOf":{"@id":"https:\/\/liebke-foto.de\/maerkischeslicht\/drei-schoenste-jahre-lebensfreudegefaehrten\/"},"author":{"name":"Frank Liebke","@id":"https:\/\/liebke-foto.de\/maerkischeslicht\/#\/schema\/person\/d71108abc09a723daeeb8526a33137ee"},"headline":"Drei sch\u00f6nste Jahre &#8222;Lebensfreudegef\u00e4hrten&#8220;","datePublished":"2024-02-23T18:13:21+00:00","dateModified":"2024-04-08T13:28:59+00:00","mainEntityOfPage":{"@id":"https:\/\/liebke-foto.de\/maerkischeslicht\/drei-schoenste-jahre-lebensfreudegefaehrten\/"},"wordCount":471,"commentCount":14,"publisher":{"@id":"https:\/\/liebke-foto.de\/maerkischeslicht\/#\/schema\/person\/d71108abc09a723daeeb8526a33137ee"},"image":{"@id":"https:\/\/liebke-foto.de\/maerkischeslicht\/drei-schoenste-jahre-lebensfreudegefaehrten\/#primaryimage"},"thumbnailUrl":"https:\/\/liebke-foto.de\/maerkischeslicht\/wp-content\/uploads\/2024\/02\/WhatsApp-Image-2024-02-23-at-13.41.22.jpg","keywords":["Lebensfreudegef\u00e4hrten","M\u00e4rkisches Licht","Patricia Koelle","Wolken"],"articleSection":["Lebensfreudegef\u00e4hrten","Menschliches aus der Mark","Reisen","Wildes Brandenburg"],"inLanguage":"de","potentialAction":[{"@type":"CommentAction","name":"Comment","target":["https:\/\/liebke-foto.de\/maerkischeslicht\/drei-schoenste-jahre-lebensfreudegefaehrten\/#respond"]}]},{"@type":"WebPage","@id":"https:\/\/liebke-foto.de\/maerkischeslicht\/drei-schoenste-jahre-lebensfreudegefaehrten\/","url":"https:\/\/liebke-foto.de\/maerkischeslicht\/drei-schoenste-jahre-lebensfreudegefaehrten\/","name":"Drei sch\u00f6nste Jahre \"Lebensfreudegef\u00e4hrten\" - M\u00e4rkisches Licht - Der Fotograf der Stille","isPartOf":{"@id":"https:\/\/liebke-foto.de\/maerkischeslicht\/#website"},"primaryImageOfPage":{"@id":"https:\/\/liebke-foto.de\/maerkischeslicht\/drei-schoenste-jahre-lebensfreudegefaehrten\/#primaryimage"},"image":{"@id":"https:\/\/liebke-foto.de\/maerkischeslicht\/drei-schoenste-jahre-lebensfreudegefaehrten\/#primaryimage"},"thumbnailUrl":"https:\/\/liebke-foto.de\/maerkischeslicht\/wp-content\/uploads\/2024\/02\/WhatsApp-Image-2024-02-23-at-13.41.22.jpg","datePublished":"2024-02-23T18:13:21+00:00","dateModified":"2024-04-08T13:28:59+00:00","description":"Drei sch\u00f6nste Jahre \"Lebensfreudegef\u00e4hrten\". Im M\u00fchlenseegebiet Vehlefanz feierten wir einen lichtvollen Tag","breadcrumb":{"@id":"https:\/\/liebke-foto.de\/maerkischeslicht\/drei-schoenste-jahre-lebensfreudegefaehrten\/#breadcrumb"},"inLanguage":"de","potentialAction":[{"@type":"ReadAction","target":["https:\/\/liebke-foto.de\/maerkischeslicht\/drei-schoenste-jahre-lebensfreudegefaehrten\/"]}]},{"@type":"ImageObject","inLanguage":"de","@id":"https:\/\/liebke-foto.de\/maerkischeslicht\/drei-schoenste-jahre-lebensfreudegefaehrten\/#primaryimage","url":"https:\/\/liebke-foto.de\/maerkischeslicht\/wp-content\/uploads\/2024\/02\/WhatsApp-Image-2024-02-23-at-13.41.22.jpg","contentUrl":"https:\/\/liebke-foto.de\/maerkischeslicht\/wp-content\/uploads\/2024\/02\/WhatsApp-Image-2024-02-23-at-13.41.22.jpg","width":1400,"height":1050},{"@type":"BreadcrumbList","@id":"https:\/\/liebke-foto.de\/maerkischeslicht\/drei-schoenste-jahre-lebensfreudegefaehrten\/#breadcrumb","itemListElement":[{"@type":"ListItem","position":1,"name":"Startseite","item":"https:\/\/liebke-foto.de\/maerkischeslicht\/"},{"@type":"ListItem","position":2,"name":"Drei sch\u00f6nste Jahre &#8222;Lebensfreudegef\u00e4hrten&#8220;"}]},{"@type":"WebSite","@id":"https:\/\/liebke-foto.de\/maerkischeslicht\/#website","url":"https:\/\/liebke-foto.de\/maerkischeslicht\/","name":"M\u00e4rkisches Licht - Der Fotograf der Stille","description":"Die Liebe zum Leben...","publisher":{"@id":"https:\/\/liebke-foto.de\/maerkischeslicht\/#\/schema\/person\/d71108abc09a723daeeb8526a33137ee"},"potentialAction":[{"@type":"SearchAction","target":{"@type":"EntryPoint","urlTemplate":"https:\/\/liebke-foto.de\/maerkischeslicht\/?s={search_term_string}"},"query-input":{"@type":"PropertyValueSpecification","valueRequired":true,"valueName":"search_term_string"}}],"inLanguage":"de"},{"@type":["Person","Organization"],"@id":"https:\/\/liebke-foto.de\/maerkischeslicht\/#\/schema\/person\/d71108abc09a723daeeb8526a33137ee","name":"Frank Liebke","image":{"@type":"ImageObject","inLanguage":"de","@id":"https:\/\/liebke-foto.de\/maerkischeslicht\/wp-content\/uploads\/2021\/12\/IMG-20211024-WA0001.jpg","url":"https:\/\/liebke-foto.de\/maerkischeslicht\/wp-content\/uploads\/2021\/12\/IMG-20211024-WA0001.jpg","contentUrl":"https:\/\/liebke-foto.de\/maerkischeslicht\/wp-content\/uploads\/2021\/12\/IMG-20211024-WA0001.jpg","width":900,"height":1600,"caption":"Frank Liebke"},"logo":{"@id":"https:\/\/liebke-foto.de\/maerkischeslicht\/wp-content\/uploads\/2021\/12\/IMG-20211024-WA0001.jpg"},"sameAs":["https:\/\/liebke-foto.de"],"url":"https:\/\/liebke-foto.de\/maerkischeslicht\/author\/adminuser\/"}]}},"_links":{"self":[{"href":"https:\/\/liebke-foto.de\/maerkischeslicht\/wp-json\/wp\/v2\/posts\/8360","targetHints":{"allow":["GET"]}}],"collection":[{"href":"https:\/\/liebke-foto.de\/maerkischeslicht\/wp-json\/wp\/v2\/posts"}],"about":[{"href":"https:\/\/liebke-foto.de\/maerkischeslicht\/wp-json\/wp\/v2\/types\/post"}],"author":[{"embeddable":true,"href":"https:\/\/liebke-foto.de\/maerkischeslicht\/wp-json\/wp\/v2\/users\/1"}],"replies":[{"embeddable":true,"href":"https:\/\/liebke-foto.de\/maerkischeslicht\/wp-json\/wp\/v2\/comments?post=8360"}],"version-history":[{"count":7,"href":"https:\/\/liebke-foto.de\/maerkischeslicht\/wp-json\/wp\/v2\/posts\/8360\/revisions"}],"predecessor-version":[{"id":8518,"href":"https:\/\/liebke-foto.de\/maerkischeslicht\/wp-json\/wp\/v2\/posts\/8360\/revisions\/8518"}],"wp:featuredmedia":[{"embeddable":true,"href":"https:\/\/liebke-foto.de\/maerkischeslicht\/wp-json\/wp\/v2\/media\/8372"}],"wp:attachment":[{"href":"https:\/\/liebke-foto.de\/maerkischeslicht\/wp-json\/wp\/v2\/media?parent=8360"}],"wp:term":[{"taxonomy":"category","embeddable":true,"href":"https:\/\/liebke-foto.de\/maerkischeslicht\/wp-json\/wp\/v2\/categories?post=8360"},{"taxonomy":"post_tag","embeddable":true,"href":"https:\/\/liebke-foto.de\/maerkischeslicht\/wp-json\/wp\/v2\/tags?post=8360"}],"curies":[{"name":"wp","href":"https:\/\/api.w.org\/{rel}","templated":true}]}}