{"id":814,"date":"2014-05-28T13:38:21","date_gmt":"2014-05-28T11:38:21","guid":{"rendered":"http:\/\/liebke-foto.de\/maerkischeslicht\/?p=814"},"modified":"2022-07-03T23:30:58","modified_gmt":"2022-07-03T21:30:58","slug":"die-wildnis-vor-der-haustuer-ein-objektiv-test","status":"publish","type":"post","link":"https:\/\/liebke-foto.de\/maerkischeslicht\/die-wildnis-vor-der-haustuer-ein-objektiv-test\/","title":{"rendered":"&#8222;Die Wildnis&#8220; vor der Haust\u00fcr &#8211; ein Objektiv-Test"},"content":{"rendered":"<div class=\"wp-block-image is-style-default\">\n<figure class=\"aligncenter\"><a href=\"https:\/\/liebke-foto.de\/maerkischeslicht\/wp-content\/uploads\/2014\/05\/FL8_0509.jpg\"><img loading=\"lazy\" decoding=\"async\" width=\"1200\" height=\"800\" src=\"https:\/\/liebke-foto.de\/maerkischeslicht\/wp-content\/uploads\/2014\/05\/FL8_0509-1200x800.jpg\" alt=\"FL8_0509\" class=\"wp-image-821\" srcset=\"https:\/\/liebke-foto.de\/maerkischeslicht\/wp-content\/uploads\/2014\/05\/FL8_0509-1200x800.jpg 1200w, https:\/\/liebke-foto.de\/maerkischeslicht\/wp-content\/uploads\/2014\/05\/FL8_0509-1199x800.jpg 1199w, https:\/\/liebke-foto.de\/maerkischeslicht\/wp-content\/uploads\/2014\/05\/FL8_0509.jpg 1400w\" sizes=\"auto, (max-width: 1200px) 100vw, 1200px\" \/><\/a><\/figure>\n<\/div>\n\n\n<p>So vielf\u00e4ltig wie die Natur sind deren Erscheinungsformen. Eine Binsenweisheit f\u00fcrwahr, aber genau das beobachte ich immer mehr in meiner unmittelbarsten Umgebung. Ein paar hundert Meter und ein paar Pedaltritte mehr von meiner Wohnung entfernt und schon bin ich in unseren kleinen Schrebergarten. <\/p>\n\n\n\n<p>Ein Ort der erdet im wahrsten Sinn des Begriffs. Oft hole ich neue Kraft f\u00fcr den Alltag aus diesen &#8222;300qm-geh\u00f6rt-mir&#8220;. Mit dabei immer meine Nikon D800, je nach Laune mit jeweils einer anderen Optik best\u00fcckt.<\/p>\n\n\n\n<p>Meine &#8222;Lieblingslinse&#8220; f\u00fcrs Kreative ist aber immer schon im Telebereich angesiedelt. Zu DDR-Zeiten hatte ich zu meiner Praktica unbedingt das 135er, sp\u00e4ter auch das 200er. Zur 6&#215;6 das 180er und das 300er. Weitwinkel ist eigentlich schwieriger gut einzusetzen, viel drauf und &#8222;schwatzt&#8220; mehr. Also man sollte damit immer gut wissen, welche Perspektive, welcher Winkel und welcher Standpunkt zu einem au\u00dfergew\u00f6hnlich guten Bild f\u00fchrt. <\/p>\n\n\n\n<p>Aber auch im Telebereich ist es nicht viel leichter. Genau die Begrenzung des Ausschnitts. Das &#8222;heraussch\u00e4len&#8220; genau DES GUTEN AUSSCHNITTS aus den vorhandenen M\u00f6glichkeiten aus dem Geschehen vor einem war f\u00fcr mich immer sehr reizvoll. <\/p>\n\n\n\n<p>Und ich liebe diesen Scharf-Unscharf-Look, der mit einem guten Tele und offener Blende zu guten Bildern f\u00fchren kann. <a href=\"https:\/\/liebke-foto.de\/maerkischeslicht\/spazieren-im-seenland\/\" target=\"_blank\" rel=\"noopener noreferrer\">Hier hatte ich im zeitig-zeitigen Fr\u00fchjahr mit der Optik allein + \u00a0Kamera einen Ausflug zum M\u00fchlensee gemacht<\/a>. Nun hatte ich seit einiger Zeit in verschiedenen Foren immer wieder lobpreisende Beschreibungen verschiedener 135mm-Brennweiten mit Lichtst\u00e4rke 2,0 gelesen. Von Zeiss, Canon und auch Nikon hat wohl noch so ein Objektiv im Verkauf. <\/p>\n\n\n\n<p>Allerdings immer sehr teuer, und f\u00fcr mich mit meinen vielen Fotogebieten, die ich abdecke doch etwas einseitig. Aber trotzdem so reizvoll dass ich oft gaaanz kurz vor dem &#8222;Kaufen-Knopf&#8220; stand&#8230;<\/p>\n\n\n\n<p>Aber: Am Besten erscht Testen! \ud83d\ude09<\/p>\n\n\n\n<p>Und dass habe ich getan. Lange Vorrede f\u00fcr einen kleinen Test meines Anfang des Jahres erworbenen 70-200\/2,8VRII. \ud83d\ude09 <\/p>\n\n\n\n<p>DENN: Lichtst\u00e4rke 2,8 reicht f\u00fcr mich in den meisten F\u00e4llen mehr als aus. (Viele nutzen die 2,0 ihres 135er auch selten bis gar nicht, blenden doch um eine Stufe ab). Und wenn bei dieser offenen Blende das Objektiv knackscharf arbeitet, was will ich mehr? Ein guter Brennweitenbereich, vor allem meine Lieblingsbrennweite 200mm inclusive. <\/p>\n\n\n\n<p>Nun gut, ist nicht so kompakt. So ein Rohr ist nicht ohne, aber mich st\u00f6rt das Gewicht und die Gr\u00f6\u00dfe \u00fcberhaupt nicht. Das Ding in Verbindung mit der D800+Batteriehochformatgriff, eine super Einheit. Liegt mir sehr gut in der Hand. So habe ich im Garten einfach ein paar Motive gesucht, die gleichzeitig als Bilder durchgehen. (Ich mag keine Testaufbauten vor Ziegelsteinw\u00e4nden) Denn f\u00fcr mich ist die Praxis einzig ma\u00dfgebend. <\/p>\n\n\n\n<p>Die Bilder hier zu diesem Thema sind au\u00dfer eins alle bei Brennweite 200mm gemacht, alle au\u00dfer eins bei Blende 2,8. Die &#8222;Ausrei\u00dfer&#8220; sind einmal bei 135mm und 2,8 aufgenommen weil ich mal die Sch\u00e4rfewirkung genau bei dieser Brennweite erleben wollte. Und einmal bei 200mm und Blende 8, weil es in dem Fall das Motiv (in die Sonne) verlangt hat. Alle Bilder bei 36MP knackscharf und \u00fcberall ein wundersch\u00f6nes Bokeh, also was will man mehr? Ich bin da sehr zufrieden und ich denke, die Bilder k\u00f6nnen sich auch sehen lassen.<\/p>\n\n\n\n<p>Anfang des Jahres habe ich damit eine Neue Image-Kampagne f\u00fcr die Stadt Hennigsdorf fotografiert. Alles Personen in ihrem Arbeitsumfeld. Alles fast bei offener Blende und langer Brennweite und schwarz-wei\u00df, ohne Blitz. <\/p>\n\n\n\n<p>Im Stahlwerk am Schmelzofen an einer Tastatur den Arbeiter mit 6400 ISO aufgenommen: Alle Bilder sehr scharf und sehr sch\u00f6ne Modulation. Zu dem Thema habe&nbsp;ich hier im Blog in einem Extra-Kapitel was geschrieben: <a href=\"https:\/\/liebke-foto.de\/maerkischeslicht\/hennigsdorf-als-innovationsstandort-werbung-und-making-of\/\" target=\"_blank\" rel=\"noopener noreferrer\">hier Teil eins<\/a> und <a href=\"https:\/\/liebke-foto.de\/maerkischeslicht\/hennigsdorf-als-innovationsstandort-werbung-und-making-of-teil2\/\" target=\"_blank\" rel=\"noopener noreferrer\">hier Teil zwei<\/a>.<\/p>\n\n\n\n<div style=\"padding:20px\" class=\"wp-block-tnp-minimal\"><p>Subscribe to our newsletter!<\/p><div><div class=\"tnp tnp-subscription \">\n<form method=\"post\" action=\"https:\/\/liebke-foto.de\/maerkischeslicht\/wp-admin\/admin-ajax.php?action=tnp&amp;na=s\">\n<input type=\"hidden\" name=\"nlang\" value=\"\">\n<div class=\"tnp-field tnp-field-firstname\"><label for=\"tnp-1\">Vorname oder ganzer Name<\/label>\n<input class=\"tnp-name\" type=\"text\" name=\"nn\" id=\"tnp-1\" value=\"\" placeholder=\"\"><\/div>\n<div class=\"tnp-field tnp-field-email\"><label for=\"tnp-2\">Email<\/label>\n<input class=\"tnp-email\" type=\"email\" name=\"ne\" id=\"tnp-2\" value=\"\" placeholder=\"\" required><\/div>\n<div class=\"tnp-field tnp-privacy-field\"><label><input type=\"checkbox\" name=\"ny\" required class=\"tnp-privacy\"> Indem Du fortf\u00e4hrst, akzeptierst Du unsere Datenschutzerkl\u00e4rung.<\/label><\/div><div class=\"tnp-field tnp-field-button\" style=\"text-align: left\"><input class=\"tnp-submit\" type=\"submit\" value=\"Abonnieren\" style=\"\">\n<\/div>\n<\/form>\n<\/div>\n<\/div><\/div>\n\n\n\n\n","protected":false},"excerpt":{"rendered":"<p>So vielf\u00e4ltig wie die Natur sind deren Erscheinungsformen. Eine Binsenweisheit f\u00fcrwahr, aber genau das beobachte ich immer mehr in meiner unmittelbarsten Umgebung. Ein&#8230;<\/p>\n","protected":false},"author":1,"featured_media":821,"comment_status":"open","ping_status":"closed","sticky":false,"template":"","format":"standard","meta":{"footnotes":""},"categories":[4,12],"tags":[],"class_list":["post-814","post","type-post","status-publish","format-standard","has-post-thumbnail","hentry","category-equipment","category-wildes-brandenburg"],"yoast_head":"<!-- This site is optimized with the Yoast SEO plugin v27.5 - https:\/\/yoast.com\/product\/yoast-seo-wordpress\/ -->\n<title>&quot;Die Wildnis&quot; vor der Haust\u00fcr - ein Objektiv-Test - M\u00e4rkisches Licht - Der Fotograf der Stille<\/title>\n<meta name=\"description\" content=\"&quot;Die Wildnis&quot; vor der Haust\u00fcr - ein Objektiv-Test des Nikkor 70-200\/2,8VRII\" \/>\n<meta name=\"robots\" content=\"index, follow, max-snippet:-1, max-image-preview:large, max-video-preview:-1\" \/>\n<link rel=\"canonical\" href=\"https:\/\/liebke-foto.de\/maerkischeslicht\/die-wildnis-vor-der-haustuer-ein-objektiv-test\/\" \/>\n<meta property=\"og:locale\" content=\"de_DE\" \/>\n<meta property=\"og:type\" content=\"article\" \/>\n<meta property=\"og:title\" content=\"&quot;Die Wildnis&quot; vor der Haust\u00fcr - ein Objektiv-Test - M\u00e4rkisches Licht - Der Fotograf der Stille\" \/>\n<meta property=\"og:description\" content=\"&quot;Die Wildnis&quot; vor der Haust\u00fcr - ein Objektiv-Test des Nikkor 70-200\/2,8VRII\" \/>\n<meta property=\"og:url\" content=\"https:\/\/liebke-foto.de\/maerkischeslicht\/die-wildnis-vor-der-haustuer-ein-objektiv-test\/\" \/>\n<meta property=\"og:site_name\" content=\"M\u00e4rkisches Licht - Der Fotograf der Stille\" \/>\n<meta property=\"article:published_time\" content=\"2014-05-28T11:38:21+00:00\" \/>\n<meta property=\"article:modified_time\" content=\"2022-07-03T21:30:58+00:00\" \/>\n<meta property=\"og:image\" content=\"https:\/\/liebke-foto.de\/maerkischeslicht\/wp-content\/uploads\/2014\/05\/FL8_0509.jpg\" \/>\n\t<meta property=\"og:image:width\" content=\"1400\" \/>\n\t<meta property=\"og:image:height\" content=\"934\" \/>\n\t<meta property=\"og:image:type\" content=\"image\/jpeg\" \/>\n<meta name=\"author\" content=\"Frank Liebke\" \/>\n<meta name=\"twitter:card\" content=\"summary_large_image\" \/>\n<meta name=\"twitter:label1\" content=\"Verfasst von\" \/>\n\t<meta name=\"twitter:data1\" content=\"Frank Liebke\" \/>\n\t<meta name=\"twitter:label2\" content=\"Gesch\u00e4tzte Lesezeit\" \/>\n\t<meta name=\"twitter:data2\" content=\"4\u00a0Minuten\" \/>\n<script type=\"application\/ld+json\" class=\"yoast-schema-graph\">{\"@context\":\"https:\\\/\\\/schema.org\",\"@graph\":[{\"@type\":\"Article\",\"@id\":\"https:\\\/\\\/liebke-foto.de\\\/maerkischeslicht\\\/die-wildnis-vor-der-haustuer-ein-objektiv-test\\\/#article\",\"isPartOf\":{\"@id\":\"https:\\\/\\\/liebke-foto.de\\\/maerkischeslicht\\\/die-wildnis-vor-der-haustuer-ein-objektiv-test\\\/\"},\"author\":{\"name\":\"Frank Liebke\",\"@id\":\"https:\\\/\\\/liebke-foto.de\\\/maerkischeslicht\\\/#\\\/schema\\\/person\\\/d71108abc09a723daeeb8526a33137ee\"},\"headline\":\"&#8222;Die Wildnis&#8220; vor der Haust\u00fcr &#8211; ein Objektiv-Test\",\"datePublished\":\"2014-05-28T11:38:21+00:00\",\"dateModified\":\"2022-07-03T21:30:58+00:00\",\"mainEntityOfPage\":{\"@id\":\"https:\\\/\\\/liebke-foto.de\\\/maerkischeslicht\\\/die-wildnis-vor-der-haustuer-ein-objektiv-test\\\/\"},\"wordCount\":623,\"commentCount\":3,\"publisher\":{\"@id\":\"https:\\\/\\\/liebke-foto.de\\\/maerkischeslicht\\\/#\\\/schema\\\/person\\\/d71108abc09a723daeeb8526a33137ee\"},\"image\":{\"@id\":\"https:\\\/\\\/liebke-foto.de\\\/maerkischeslicht\\\/die-wildnis-vor-der-haustuer-ein-objektiv-test\\\/#primaryimage\"},\"thumbnailUrl\":\"https:\\\/\\\/liebke-foto.de\\\/maerkischeslicht\\\/wp-content\\\/uploads\\\/2014\\\/05\\\/FL8_0509.jpg\",\"articleSection\":[\"Technik\",\"Wildes Brandenburg\"],\"inLanguage\":\"de\",\"potentialAction\":[{\"@type\":\"CommentAction\",\"name\":\"Comment\",\"target\":[\"https:\\\/\\\/liebke-foto.de\\\/maerkischeslicht\\\/die-wildnis-vor-der-haustuer-ein-objektiv-test\\\/#respond\"]}]},{\"@type\":\"WebPage\",\"@id\":\"https:\\\/\\\/liebke-foto.de\\\/maerkischeslicht\\\/die-wildnis-vor-der-haustuer-ein-objektiv-test\\\/\",\"url\":\"https:\\\/\\\/liebke-foto.de\\\/maerkischeslicht\\\/die-wildnis-vor-der-haustuer-ein-objektiv-test\\\/\",\"name\":\"\\\"Die Wildnis\\\" vor der Haust\u00fcr - ein Objektiv-Test - M\u00e4rkisches Licht - Der Fotograf der Stille\",\"isPartOf\":{\"@id\":\"https:\\\/\\\/liebke-foto.de\\\/maerkischeslicht\\\/#website\"},\"primaryImageOfPage\":{\"@id\":\"https:\\\/\\\/liebke-foto.de\\\/maerkischeslicht\\\/die-wildnis-vor-der-haustuer-ein-objektiv-test\\\/#primaryimage\"},\"image\":{\"@id\":\"https:\\\/\\\/liebke-foto.de\\\/maerkischeslicht\\\/die-wildnis-vor-der-haustuer-ein-objektiv-test\\\/#primaryimage\"},\"thumbnailUrl\":\"https:\\\/\\\/liebke-foto.de\\\/maerkischeslicht\\\/wp-content\\\/uploads\\\/2014\\\/05\\\/FL8_0509.jpg\",\"datePublished\":\"2014-05-28T11:38:21+00:00\",\"dateModified\":\"2022-07-03T21:30:58+00:00\",\"description\":\"\\\"Die Wildnis\\\" vor der Haust\u00fcr - ein Objektiv-Test des Nikkor 70-200\\\/2,8VRII\",\"breadcrumb\":{\"@id\":\"https:\\\/\\\/liebke-foto.de\\\/maerkischeslicht\\\/die-wildnis-vor-der-haustuer-ein-objektiv-test\\\/#breadcrumb\"},\"inLanguage\":\"de\",\"potentialAction\":[{\"@type\":\"ReadAction\",\"target\":[\"https:\\\/\\\/liebke-foto.de\\\/maerkischeslicht\\\/die-wildnis-vor-der-haustuer-ein-objektiv-test\\\/\"]}]},{\"@type\":\"ImageObject\",\"inLanguage\":\"de\",\"@id\":\"https:\\\/\\\/liebke-foto.de\\\/maerkischeslicht\\\/die-wildnis-vor-der-haustuer-ein-objektiv-test\\\/#primaryimage\",\"url\":\"https:\\\/\\\/liebke-foto.de\\\/maerkischeslicht\\\/wp-content\\\/uploads\\\/2014\\\/05\\\/FL8_0509.jpg\",\"contentUrl\":\"https:\\\/\\\/liebke-foto.de\\\/maerkischeslicht\\\/wp-content\\\/uploads\\\/2014\\\/05\\\/FL8_0509.jpg\",\"width\":1400,\"height\":934},{\"@type\":\"BreadcrumbList\",\"@id\":\"https:\\\/\\\/liebke-foto.de\\\/maerkischeslicht\\\/die-wildnis-vor-der-haustuer-ein-objektiv-test\\\/#breadcrumb\",\"itemListElement\":[{\"@type\":\"ListItem\",\"position\":1,\"name\":\"Startseite\",\"item\":\"https:\\\/\\\/liebke-foto.de\\\/maerkischeslicht\\\/\"},{\"@type\":\"ListItem\",\"position\":2,\"name\":\"&#8222;Die Wildnis&#8220; vor der Haust\u00fcr &#8211; ein Objektiv-Test\"}]},{\"@type\":\"WebSite\",\"@id\":\"https:\\\/\\\/liebke-foto.de\\\/maerkischeslicht\\\/#website\",\"url\":\"https:\\\/\\\/liebke-foto.de\\\/maerkischeslicht\\\/\",\"name\":\"M\u00e4rkisches Licht - Der Fotograf der Stille\",\"description\":\"Die Liebe zum Leben...\",\"publisher\":{\"@id\":\"https:\\\/\\\/liebke-foto.de\\\/maerkischeslicht\\\/#\\\/schema\\\/person\\\/d71108abc09a723daeeb8526a33137ee\"},\"potentialAction\":[{\"@type\":\"SearchAction\",\"target\":{\"@type\":\"EntryPoint\",\"urlTemplate\":\"https:\\\/\\\/liebke-foto.de\\\/maerkischeslicht\\\/?s={search_term_string}\"},\"query-input\":{\"@type\":\"PropertyValueSpecification\",\"valueRequired\":true,\"valueName\":\"search_term_string\"}}],\"inLanguage\":\"de\"},{\"@type\":[\"Person\",\"Organization\"],\"@id\":\"https:\\\/\\\/liebke-foto.de\\\/maerkischeslicht\\\/#\\\/schema\\\/person\\\/d71108abc09a723daeeb8526a33137ee\",\"name\":\"Frank Liebke\",\"image\":{\"@type\":\"ImageObject\",\"inLanguage\":\"de\",\"@id\":\"https:\\\/\\\/liebke-foto.de\\\/maerkischeslicht\\\/wp-content\\\/uploads\\\/2021\\\/12\\\/IMG-20211024-WA0001.jpg\",\"url\":\"https:\\\/\\\/liebke-foto.de\\\/maerkischeslicht\\\/wp-content\\\/uploads\\\/2021\\\/12\\\/IMG-20211024-WA0001.jpg\",\"contentUrl\":\"https:\\\/\\\/liebke-foto.de\\\/maerkischeslicht\\\/wp-content\\\/uploads\\\/2021\\\/12\\\/IMG-20211024-WA0001.jpg\",\"width\":900,\"height\":1600,\"caption\":\"Frank Liebke\"},\"logo\":{\"@id\":\"https:\\\/\\\/liebke-foto.de\\\/maerkischeslicht\\\/wp-content\\\/uploads\\\/2021\\\/12\\\/IMG-20211024-WA0001.jpg\"},\"sameAs\":[\"https:\\\/\\\/liebke-foto.de\"],\"url\":\"https:\\\/\\\/liebke-foto.de\\\/maerkischeslicht\\\/author\\\/adminuser\\\/\"}]}<\/script>\n<!-- \/ Yoast SEO plugin. -->","yoast_head_json":{"title":"\"Die Wildnis\" vor der Haust\u00fcr - ein Objektiv-Test - M\u00e4rkisches Licht - Der Fotograf der Stille","description":"\"Die Wildnis\" vor der Haust\u00fcr - ein Objektiv-Test des Nikkor 70-200\/2,8VRII","robots":{"index":"index","follow":"follow","max-snippet":"max-snippet:-1","max-image-preview":"max-image-preview:large","max-video-preview":"max-video-preview:-1"},"canonical":"https:\/\/liebke-foto.de\/maerkischeslicht\/die-wildnis-vor-der-haustuer-ein-objektiv-test\/","og_locale":"de_DE","og_type":"article","og_title":"\"Die Wildnis\" vor der Haust\u00fcr - ein Objektiv-Test - M\u00e4rkisches Licht - Der Fotograf der Stille","og_description":"\"Die Wildnis\" vor der Haust\u00fcr - ein Objektiv-Test des Nikkor 70-200\/2,8VRII","og_url":"https:\/\/liebke-foto.de\/maerkischeslicht\/die-wildnis-vor-der-haustuer-ein-objektiv-test\/","og_site_name":"M\u00e4rkisches Licht - Der Fotograf der Stille","article_published_time":"2014-05-28T11:38:21+00:00","article_modified_time":"2022-07-03T21:30:58+00:00","og_image":[{"width":1400,"height":934,"url":"https:\/\/liebke-foto.de\/maerkischeslicht\/wp-content\/uploads\/2014\/05\/FL8_0509.jpg","type":"image\/jpeg"}],"author":"Frank Liebke","twitter_card":"summary_large_image","twitter_misc":{"Verfasst von":"Frank Liebke","Gesch\u00e4tzte Lesezeit":"4\u00a0Minuten"},"schema":{"@context":"https:\/\/schema.org","@graph":[{"@type":"Article","@id":"https:\/\/liebke-foto.de\/maerkischeslicht\/die-wildnis-vor-der-haustuer-ein-objektiv-test\/#article","isPartOf":{"@id":"https:\/\/liebke-foto.de\/maerkischeslicht\/die-wildnis-vor-der-haustuer-ein-objektiv-test\/"},"author":{"name":"Frank Liebke","@id":"https:\/\/liebke-foto.de\/maerkischeslicht\/#\/schema\/person\/d71108abc09a723daeeb8526a33137ee"},"headline":"&#8222;Die Wildnis&#8220; vor der Haust\u00fcr &#8211; ein Objektiv-Test","datePublished":"2014-05-28T11:38:21+00:00","dateModified":"2022-07-03T21:30:58+00:00","mainEntityOfPage":{"@id":"https:\/\/liebke-foto.de\/maerkischeslicht\/die-wildnis-vor-der-haustuer-ein-objektiv-test\/"},"wordCount":623,"commentCount":3,"publisher":{"@id":"https:\/\/liebke-foto.de\/maerkischeslicht\/#\/schema\/person\/d71108abc09a723daeeb8526a33137ee"},"image":{"@id":"https:\/\/liebke-foto.de\/maerkischeslicht\/die-wildnis-vor-der-haustuer-ein-objektiv-test\/#primaryimage"},"thumbnailUrl":"https:\/\/liebke-foto.de\/maerkischeslicht\/wp-content\/uploads\/2014\/05\/FL8_0509.jpg","articleSection":["Technik","Wildes Brandenburg"],"inLanguage":"de","potentialAction":[{"@type":"CommentAction","name":"Comment","target":["https:\/\/liebke-foto.de\/maerkischeslicht\/die-wildnis-vor-der-haustuer-ein-objektiv-test\/#respond"]}]},{"@type":"WebPage","@id":"https:\/\/liebke-foto.de\/maerkischeslicht\/die-wildnis-vor-der-haustuer-ein-objektiv-test\/","url":"https:\/\/liebke-foto.de\/maerkischeslicht\/die-wildnis-vor-der-haustuer-ein-objektiv-test\/","name":"\"Die Wildnis\" vor der Haust\u00fcr - ein Objektiv-Test - M\u00e4rkisches Licht - Der Fotograf der Stille","isPartOf":{"@id":"https:\/\/liebke-foto.de\/maerkischeslicht\/#website"},"primaryImageOfPage":{"@id":"https:\/\/liebke-foto.de\/maerkischeslicht\/die-wildnis-vor-der-haustuer-ein-objektiv-test\/#primaryimage"},"image":{"@id":"https:\/\/liebke-foto.de\/maerkischeslicht\/die-wildnis-vor-der-haustuer-ein-objektiv-test\/#primaryimage"},"thumbnailUrl":"https:\/\/liebke-foto.de\/maerkischeslicht\/wp-content\/uploads\/2014\/05\/FL8_0509.jpg","datePublished":"2014-05-28T11:38:21+00:00","dateModified":"2022-07-03T21:30:58+00:00","description":"\"Die Wildnis\" vor der Haust\u00fcr - ein Objektiv-Test des Nikkor 70-200\/2,8VRII","breadcrumb":{"@id":"https:\/\/liebke-foto.de\/maerkischeslicht\/die-wildnis-vor-der-haustuer-ein-objektiv-test\/#breadcrumb"},"inLanguage":"de","potentialAction":[{"@type":"ReadAction","target":["https:\/\/liebke-foto.de\/maerkischeslicht\/die-wildnis-vor-der-haustuer-ein-objektiv-test\/"]}]},{"@type":"ImageObject","inLanguage":"de","@id":"https:\/\/liebke-foto.de\/maerkischeslicht\/die-wildnis-vor-der-haustuer-ein-objektiv-test\/#primaryimage","url":"https:\/\/liebke-foto.de\/maerkischeslicht\/wp-content\/uploads\/2014\/05\/FL8_0509.jpg","contentUrl":"https:\/\/liebke-foto.de\/maerkischeslicht\/wp-content\/uploads\/2014\/05\/FL8_0509.jpg","width":1400,"height":934},{"@type":"BreadcrumbList","@id":"https:\/\/liebke-foto.de\/maerkischeslicht\/die-wildnis-vor-der-haustuer-ein-objektiv-test\/#breadcrumb","itemListElement":[{"@type":"ListItem","position":1,"name":"Startseite","item":"https:\/\/liebke-foto.de\/maerkischeslicht\/"},{"@type":"ListItem","position":2,"name":"&#8222;Die Wildnis&#8220; vor der Haust\u00fcr &#8211; ein Objektiv-Test"}]},{"@type":"WebSite","@id":"https:\/\/liebke-foto.de\/maerkischeslicht\/#website","url":"https:\/\/liebke-foto.de\/maerkischeslicht\/","name":"M\u00e4rkisches Licht - Der Fotograf der Stille","description":"Die Liebe zum Leben...","publisher":{"@id":"https:\/\/liebke-foto.de\/maerkischeslicht\/#\/schema\/person\/d71108abc09a723daeeb8526a33137ee"},"potentialAction":[{"@type":"SearchAction","target":{"@type":"EntryPoint","urlTemplate":"https:\/\/liebke-foto.de\/maerkischeslicht\/?s={search_term_string}"},"query-input":{"@type":"PropertyValueSpecification","valueRequired":true,"valueName":"search_term_string"}}],"inLanguage":"de"},{"@type":["Person","Organization"],"@id":"https:\/\/liebke-foto.de\/maerkischeslicht\/#\/schema\/person\/d71108abc09a723daeeb8526a33137ee","name":"Frank Liebke","image":{"@type":"ImageObject","inLanguage":"de","@id":"https:\/\/liebke-foto.de\/maerkischeslicht\/wp-content\/uploads\/2021\/12\/IMG-20211024-WA0001.jpg","url":"https:\/\/liebke-foto.de\/maerkischeslicht\/wp-content\/uploads\/2021\/12\/IMG-20211024-WA0001.jpg","contentUrl":"https:\/\/liebke-foto.de\/maerkischeslicht\/wp-content\/uploads\/2021\/12\/IMG-20211024-WA0001.jpg","width":900,"height":1600,"caption":"Frank Liebke"},"logo":{"@id":"https:\/\/liebke-foto.de\/maerkischeslicht\/wp-content\/uploads\/2021\/12\/IMG-20211024-WA0001.jpg"},"sameAs":["https:\/\/liebke-foto.de"],"url":"https:\/\/liebke-foto.de\/maerkischeslicht\/author\/adminuser\/"}]}},"_links":{"self":[{"href":"https:\/\/liebke-foto.de\/maerkischeslicht\/wp-json\/wp\/v2\/posts\/814","targetHints":{"allow":["GET"]}}],"collection":[{"href":"https:\/\/liebke-foto.de\/maerkischeslicht\/wp-json\/wp\/v2\/posts"}],"about":[{"href":"https:\/\/liebke-foto.de\/maerkischeslicht\/wp-json\/wp\/v2\/types\/post"}],"author":[{"embeddable":true,"href":"https:\/\/liebke-foto.de\/maerkischeslicht\/wp-json\/wp\/v2\/users\/1"}],"replies":[{"embeddable":true,"href":"https:\/\/liebke-foto.de\/maerkischeslicht\/wp-json\/wp\/v2\/comments?post=814"}],"version-history":[{"count":16,"href":"https:\/\/liebke-foto.de\/maerkischeslicht\/wp-json\/wp\/v2\/posts\/814\/revisions"}],"predecessor-version":[{"id":6025,"href":"https:\/\/liebke-foto.de\/maerkischeslicht\/wp-json\/wp\/v2\/posts\/814\/revisions\/6025"}],"wp:featuredmedia":[{"embeddable":true,"href":"https:\/\/liebke-foto.de\/maerkischeslicht\/wp-json\/wp\/v2\/media\/821"}],"wp:attachment":[{"href":"https:\/\/liebke-foto.de\/maerkischeslicht\/wp-json\/wp\/v2\/media?parent=814"}],"wp:term":[{"taxonomy":"category","embeddable":true,"href":"https:\/\/liebke-foto.de\/maerkischeslicht\/wp-json\/wp\/v2\/categories?post=814"},{"taxonomy":"post_tag","embeddable":true,"href":"https:\/\/liebke-foto.de\/maerkischeslicht\/wp-json\/wp\/v2\/tags?post=814"}],"curies":[{"name":"wp","href":"https:\/\/api.w.org\/{rel}","templated":true}]}}