{"id":7344,"date":"2023-07-14T16:26:34","date_gmt":"2023-07-14T14:26:34","guid":{"rendered":"https:\/\/liebke-foto.de\/maerkischeslicht\/?p=7344"},"modified":"2023-07-14T16:26:35","modified_gmt":"2023-07-14T14:26:35","slug":"einfach-mal-gucken-2","status":"publish","type":"post","link":"https:\/\/liebke-foto.de\/maerkischeslicht\/einfach-mal-gucken-2\/","title":{"rendered":"Einfach mal gucken&#8230;"},"content":{"rendered":"<div class=\"wp-block-image\">\n<figure class=\"aligncenter size-large\"><a href=\"https:\/\/liebke-foto.de\/maerkischeslicht\/wp-content\/uploads\/2023\/07\/FZL0835_C1.jpg\"><img loading=\"lazy\" decoding=\"async\" width=\"1200\" height=\"800\" src=\"https:\/\/liebke-foto.de\/maerkischeslicht\/wp-content\/uploads\/2023\/07\/FZL0835_C1-1200x800.jpg\" alt=\"\" class=\"wp-image-7354\" srcset=\"https:\/\/liebke-foto.de\/maerkischeslicht\/wp-content\/uploads\/2023\/07\/FZL0835_C1-1200x800.jpg 1200w, https:\/\/liebke-foto.de\/maerkischeslicht\/wp-content\/uploads\/2023\/07\/FZL0835_C1-768x512.jpg 768w, https:\/\/liebke-foto.de\/maerkischeslicht\/wp-content\/uploads\/2023\/07\/FZL0835_C1.jpg 1400w\" sizes=\"auto, (max-width: 1200px) 100vw, 1200px\" \/><\/a><figcaption class=\"wp-element-caption\">An den Karower Teichen, in der N\u00e4he von Berlin und Hobrechtsfelde, f\u00fchlen sich die hier angesiedelten Wildpferde sichtlich wohl. Was Wunder, bei DEM Wetter und solchen Wolken.<\/figcaption><\/figure>\n<\/div>\n\n\n<p><\/p>\n\n\n\n<h2 class=\"wp-block-heading\">&#8230; was im Naturpark Barnim so los ist.<\/h2>\n\n\n\n<p><\/p>\n\n\n\n<p>Ich meine hiermit das Gebiet um die <a href=\"https:\/\/www.berlin.de\/sen\/uvk\/natur-und-gruen\/naturschutz\/schutzgebiete\/naturschutzgebiete\/karower-teiche\/\" target=\"_blank\" rel=\"noreferrer noopener\">Karower Teiche<\/a>, also am Berliner Rand. Das geh\u00f6rt zum <a href=\"https:\/\/www.barnim-naturpark.de\" target=\"_blank\" rel=\"noreferrer noopener\">Naturpark Barnim<\/a>, ist gut zu erreichen und ein idealer Ort, seelisch wieder ruhiger zu werden. Raus aus der lauten Stadt und rein in die Natur, wo man wieder den Wind rauschen, Bienen summen und Grash\u00fcpfer schrammeln h\u00f6rt. Genau das taten wir gestern und genossen den Tag sehr. Wind, schnelle Wolken und eine sehr angenehme Temperatur, es war einfach himmlisch. Patricia und ich hatten auch einen guten Grund zu feiern. Und das tun wir immer auf unsere Weise. In der Natur wo wir uns wohlf\u00fchlen. <\/p>\n\n\n\n<p>Sp\u00e4ter dann mit einem leckeren Essen in der Z\u00fchlsdorfer <a href=\"https:\/\/www.bahnhofstube.de\" target=\"_blank\" rel=\"noreferrer noopener\">Gastst\u00e4tte Bahnhofsstube<\/a>. Nat\u00fcrlich am Bahnhof und von uns sehr zu empfehlen!<\/p>\n\n\n\n<p>Und hier eine kleine Bildersammlung, viel Spa\u00df beim Schauen.<\/p>\n\n\n\n<p><\/p>\n\n\n<div class=\"wp-block-image\">\n<figure class=\"aligncenter size-large\"><a href=\"https:\/\/liebke-foto.de\/maerkischeslicht\/wp-content\/uploads\/2023\/07\/FZL0776_C1.jpg\"><img loading=\"lazy\" decoding=\"async\" width=\"1200\" height=\"800\" src=\"https:\/\/liebke-foto.de\/maerkischeslicht\/wp-content\/uploads\/2023\/07\/FZL0776_C1-1200x800.jpg\" alt=\"Karower Teiche\" class=\"wp-image-7350\" srcset=\"https:\/\/liebke-foto.de\/maerkischeslicht\/wp-content\/uploads\/2023\/07\/FZL0776_C1-1200x800.jpg 1200w, https:\/\/liebke-foto.de\/maerkischeslicht\/wp-content\/uploads\/2023\/07\/FZL0776_C1-768x512.jpg 768w, https:\/\/liebke-foto.de\/maerkischeslicht\/wp-content\/uploads\/2023\/07\/FZL0776_C1.jpg 1400w\" sizes=\"auto, (max-width: 1200px) 100vw, 1200px\" \/><\/a><figcaption class=\"wp-element-caption\">Karower Teiche<\/figcaption><\/figure>\n<\/div>\n\n\n<p><\/p>\n\n\n\n<p><\/p>\n\n\n<div class=\"wp-block-image\">\n<figure class=\"aligncenter size-large\"><a href=\"https:\/\/liebke-foto.de\/maerkischeslicht\/wp-content\/uploads\/2023\/07\/FZL0800_C1.jpg\"><img loading=\"lazy\" decoding=\"async\" width=\"1200\" height=\"800\" src=\"https:\/\/liebke-foto.de\/maerkischeslicht\/wp-content\/uploads\/2023\/07\/FZL0800_C1-1200x800.jpg\" alt=\"Karower Teiche im Naturpark Barnim\" class=\"wp-image-7351\" srcset=\"https:\/\/liebke-foto.de\/maerkischeslicht\/wp-content\/uploads\/2023\/07\/FZL0800_C1-1200x800.jpg 1200w, https:\/\/liebke-foto.de\/maerkischeslicht\/wp-content\/uploads\/2023\/07\/FZL0800_C1-768x512.jpg 768w, https:\/\/liebke-foto.de\/maerkischeslicht\/wp-content\/uploads\/2023\/07\/FZL0800_C1.jpg 1400w\" sizes=\"auto, (max-width: 1200px) 100vw, 1200px\" \/><\/a><figcaption class=\"wp-element-caption\">Karower Teiche im Naturpark Barnim<\/figcaption><\/figure>\n<\/div>\n\n\n<p><\/p>\n\n\n\n<p><\/p>\n\n\n<div class=\"wp-block-image\">\n<figure class=\"aligncenter size-large\"><a href=\"https:\/\/liebke-foto.de\/maerkischeslicht\/wp-content\/uploads\/2023\/07\/FZL0830_C1.jpg\"><img loading=\"lazy\" decoding=\"async\" width=\"1200\" height=\"800\" src=\"https:\/\/liebke-foto.de\/maerkischeslicht\/wp-content\/uploads\/2023\/07\/FZL0830_C1-1200x800.jpg\" alt=\"\" class=\"wp-image-7353\" srcset=\"https:\/\/liebke-foto.de\/maerkischeslicht\/wp-content\/uploads\/2023\/07\/FZL0830_C1-1200x800.jpg 1200w, https:\/\/liebke-foto.de\/maerkischeslicht\/wp-content\/uploads\/2023\/07\/FZL0830_C1-768x512.jpg 768w, https:\/\/liebke-foto.de\/maerkischeslicht\/wp-content\/uploads\/2023\/07\/FZL0830_C1.jpg 1400w\" sizes=\"auto, (max-width: 1200px) 100vw, 1200px\" \/><\/a><figcaption class=\"wp-element-caption\">\u00dcppig bl\u00fchende Sommerwiesen in gro\u00dfer Zahl<\/figcaption><\/figure>\n<\/div>\n\n\n<p><\/p>\n\n\n\n<p><\/p>\n\n\n<div class=\"wp-block-image\">\n<figure class=\"aligncenter size-large\"><a href=\"https:\/\/liebke-foto.de\/maerkischeslicht\/wp-content\/uploads\/2023\/07\/FZL0849_C1.jpg\"><img loading=\"lazy\" decoding=\"async\" width=\"1200\" height=\"800\" src=\"https:\/\/liebke-foto.de\/maerkischeslicht\/wp-content\/uploads\/2023\/07\/FZL0849_C1-1200x800.jpg\" alt=\"\" class=\"wp-image-7355\" srcset=\"https:\/\/liebke-foto.de\/maerkischeslicht\/wp-content\/uploads\/2023\/07\/FZL0849_C1-1200x800.jpg 1200w, https:\/\/liebke-foto.de\/maerkischeslicht\/wp-content\/uploads\/2023\/07\/FZL0849_C1-768x512.jpg 768w, https:\/\/liebke-foto.de\/maerkischeslicht\/wp-content\/uploads\/2023\/07\/FZL0849_C1.jpg 1400w\" sizes=\"auto, (max-width: 1200px) 100vw, 1200px\" \/><\/a><figcaption class=\"wp-element-caption\">Alt, knorrig und trotzdem voller Fr\u00fcchte und Wunder. Wie manche Menschen&#8230;<\/figcaption><\/figure>\n<\/div>\n\n\n<p><\/p>\n\n\n\n<p><\/p>\n\n\n<div class=\"wp-block-image\">\n<figure class=\"aligncenter size-large\"><a href=\"https:\/\/liebke-foto.de\/maerkischeslicht\/wp-content\/uploads\/2023\/07\/FZL0882_C1.jpg\"><img loading=\"lazy\" decoding=\"async\" width=\"1200\" height=\"800\" src=\"https:\/\/liebke-foto.de\/maerkischeslicht\/wp-content\/uploads\/2023\/07\/FZL0882_C1-1200x800.jpg\" alt=\"Wildpferde an den Karower Teichen im Naturpark Barnim\" class=\"wp-image-7356\" srcset=\"https:\/\/liebke-foto.de\/maerkischeslicht\/wp-content\/uploads\/2023\/07\/FZL0882_C1-1200x800.jpg 1200w, https:\/\/liebke-foto.de\/maerkischeslicht\/wp-content\/uploads\/2023\/07\/FZL0882_C1-768x512.jpg 768w, https:\/\/liebke-foto.de\/maerkischeslicht\/wp-content\/uploads\/2023\/07\/FZL0882_C1.jpg 1400w\" sizes=\"auto, (max-width: 1200px) 100vw, 1200px\" \/><\/a><figcaption class=\"wp-element-caption\">Wildpferde an den Karower Teichen im Naturpark Barnim<\/figcaption><\/figure>\n<\/div>\n\n\n<p><\/p>\n\n\n\n<p><\/p>\n\n\n<div class=\"wp-block-image\">\n<figure class=\"aligncenter size-full\"><a href=\"https:\/\/liebke-foto.de\/maerkischeslicht\/wp-content\/uploads\/2023\/07\/KarowerTeiche.jpg\"><img loading=\"lazy\" decoding=\"async\" width=\"1400\" height=\"788\" src=\"https:\/\/liebke-foto.de\/maerkischeslicht\/wp-content\/uploads\/2023\/07\/KarowerTeiche.jpg\" alt=\"\" class=\"wp-image-7358\" srcset=\"https:\/\/liebke-foto.de\/maerkischeslicht\/wp-content\/uploads\/2023\/07\/KarowerTeiche.jpg 1400w, https:\/\/liebke-foto.de\/maerkischeslicht\/wp-content\/uploads\/2023\/07\/KarowerTeiche-768x432.jpg 768w\" sizes=\"auto, (max-width: 1400px) 100vw, 1400px\" \/><\/a><figcaption class=\"wp-element-caption\">Viel Geduld braucht Fotograf, wenn er aufs Licht wartet und die Wildpferde neugierig n\u00e4her kommen.<br \/>Foto: <a href=\"https:\/\/www.fischerverlage.de\/autor\/patricia-koelle-1007513\" target=\"_blank\" rel=\"noreferrer noopener\">Patricia Koelle<\/a><\/figcaption><\/figure>\n<\/div>\n\n\n<p><\/p>\n\n\n\n<p><\/p>\n\n\n<div class=\"wp-block-image\">\n<figure class=\"aligncenter size-large\"><a href=\"https:\/\/liebke-foto.de\/maerkischeslicht\/wp-content\/uploads\/2023\/07\/FZF0631_C1.jpg\"><img loading=\"lazy\" decoding=\"async\" width=\"1200\" height=\"800\" src=\"https:\/\/liebke-foto.de\/maerkischeslicht\/wp-content\/uploads\/2023\/07\/FZF0631_C1-1200x800.jpg\" alt=\"\" class=\"wp-image-7345\" srcset=\"https:\/\/liebke-foto.de\/maerkischeslicht\/wp-content\/uploads\/2023\/07\/FZF0631_C1-1200x800.jpg 1200w, https:\/\/liebke-foto.de\/maerkischeslicht\/wp-content\/uploads\/2023\/07\/FZF0631_C1-768x512.jpg 768w, https:\/\/liebke-foto.de\/maerkischeslicht\/wp-content\/uploads\/2023\/07\/FZF0631_C1.jpg 1400w\" sizes=\"auto, (max-width: 1200px) 100vw, 1200px\" \/><\/a><\/figure>\n<\/div>\n\n\n<p><\/p>\n\n\n\n<p><\/p>\n\n\n<div class=\"wp-block-image\">\n<figure class=\"aligncenter size-large\"><a href=\"https:\/\/liebke-foto.de\/maerkischeslicht\/wp-content\/uploads\/2023\/07\/FZL0815_C1.jpg\"><img loading=\"lazy\" decoding=\"async\" width=\"1200\" height=\"800\" src=\"https:\/\/liebke-foto.de\/maerkischeslicht\/wp-content\/uploads\/2023\/07\/FZL0815_C1-1200x800.jpg\" alt=\"\" class=\"wp-image-7352\" srcset=\"https:\/\/liebke-foto.de\/maerkischeslicht\/wp-content\/uploads\/2023\/07\/FZL0815_C1-1200x800.jpg 1200w, https:\/\/liebke-foto.de\/maerkischeslicht\/wp-content\/uploads\/2023\/07\/FZL0815_C1-768x512.jpg 768w, https:\/\/liebke-foto.de\/maerkischeslicht\/wp-content\/uploads\/2023\/07\/FZL0815_C1.jpg 1400w\" sizes=\"auto, (max-width: 1200px) 100vw, 1200px\" \/><\/a><figcaption class=\"wp-element-caption\">Patricia genie\u00dft wie ich die Ruhe und die Wunder unserer sch\u00f6nen Natur<\/figcaption><\/figure>\n<\/div>\n\n\n<p><\/p>\n\n\n\n<p><\/p>\n\n\n<div class=\"wp-block-image\">\n<figure class=\"aligncenter size-large\"><a href=\"https:\/\/liebke-foto.de\/maerkischeslicht\/wp-content\/uploads\/2023\/07\/FZF0652_C1.jpg\"><img loading=\"lazy\" decoding=\"async\" width=\"1200\" height=\"800\" src=\"https:\/\/liebke-foto.de\/maerkischeslicht\/wp-content\/uploads\/2023\/07\/FZF0652_C1-1200x800.jpg\" alt=\"\" class=\"wp-image-7346\" srcset=\"https:\/\/liebke-foto.de\/maerkischeslicht\/wp-content\/uploads\/2023\/07\/FZF0652_C1-1200x800.jpg 1200w, https:\/\/liebke-foto.de\/maerkischeslicht\/wp-content\/uploads\/2023\/07\/FZF0652_C1-768x512.jpg 768w, https:\/\/liebke-foto.de\/maerkischeslicht\/wp-content\/uploads\/2023\/07\/FZF0652_C1.jpg 1400w\" sizes=\"auto, (max-width: 1200px) 100vw, 1200px\" \/><\/a><figcaption class=\"wp-element-caption\">Party-Treff der Insekten \ud83d\ude00<\/figcaption><\/figure>\n<\/div>\n\n\n<p><\/p>\n\n\n\n<p><\/p>\n\n\n<div class=\"wp-block-image\">\n<figure class=\"aligncenter size-large\"><a href=\"https:\/\/liebke-foto.de\/maerkischeslicht\/wp-content\/uploads\/2023\/07\/FZF0695_C1.jpg\"><img loading=\"lazy\" decoding=\"async\" width=\"1200\" height=\"800\" src=\"https:\/\/liebke-foto.de\/maerkischeslicht\/wp-content\/uploads\/2023\/07\/FZF0695_C1-1200x800.jpg\" alt=\"\" class=\"wp-image-7349\" srcset=\"https:\/\/liebke-foto.de\/maerkischeslicht\/wp-content\/uploads\/2023\/07\/FZF0695_C1-1200x800.jpg 1200w, https:\/\/liebke-foto.de\/maerkischeslicht\/wp-content\/uploads\/2023\/07\/FZF0695_C1-768x512.jpg 768w, https:\/\/liebke-foto.de\/maerkischeslicht\/wp-content\/uploads\/2023\/07\/FZF0695_C1.jpg 1400w\" sizes=\"auto, (max-width: 1200px) 100vw, 1200px\" \/><\/a><\/figure>\n<\/div>\n\n\n<p><\/p>\n\n\n\n<p><\/p>\n\n\n<div class=\"wp-block-image\">\n<figure class=\"aligncenter size-large\"><a href=\"https:\/\/liebke-foto.de\/maerkischeslicht\/wp-content\/uploads\/2023\/07\/FZF0682_C1.jpg\"><img loading=\"lazy\" decoding=\"async\" width=\"1200\" height=\"800\" src=\"https:\/\/liebke-foto.de\/maerkischeslicht\/wp-content\/uploads\/2023\/07\/FZF0682_C1-1200x800.jpg\" alt=\"\" class=\"wp-image-7348\" srcset=\"https:\/\/liebke-foto.de\/maerkischeslicht\/wp-content\/uploads\/2023\/07\/FZF0682_C1-1200x800.jpg 1200w, https:\/\/liebke-foto.de\/maerkischeslicht\/wp-content\/uploads\/2023\/07\/FZF0682_C1-768x512.jpg 768w, https:\/\/liebke-foto.de\/maerkischeslicht\/wp-content\/uploads\/2023\/07\/FZF0682_C1.jpg 1400w\" sizes=\"auto, (max-width: 1200px) 100vw, 1200px\" \/><\/a><\/figure>\n<\/div>\n\n\n<p><\/p>\n\n\n\n<p><\/p>\n\n\n<div class=\"wp-block-image\">\n<figure class=\"aligncenter size-large\"><a href=\"https:\/\/liebke-foto.de\/maerkischeslicht\/wp-content\/uploads\/2023\/07\/FZF0665_C1.jpg\"><img loading=\"lazy\" decoding=\"async\" width=\"1200\" height=\"800\" src=\"https:\/\/liebke-foto.de\/maerkischeslicht\/wp-content\/uploads\/2023\/07\/FZF0665_C1-1200x800.jpg\" alt=\"\" class=\"wp-image-7347\" srcset=\"https:\/\/liebke-foto.de\/maerkischeslicht\/wp-content\/uploads\/2023\/07\/FZF0665_C1-1200x800.jpg 1200w, https:\/\/liebke-foto.de\/maerkischeslicht\/wp-content\/uploads\/2023\/07\/FZF0665_C1-768x512.jpg 768w, https:\/\/liebke-foto.de\/maerkischeslicht\/wp-content\/uploads\/2023\/07\/FZF0665_C1.jpg 1400w\" sizes=\"auto, (max-width: 1200px) 100vw, 1200px\" \/><\/a><\/figure>\n<\/div>\n\n\n<p><\/p>\n\n\n\n<p><\/p>\n\n\n<div class=\"wp-block-image\">\n<figure class=\"aligncenter size-large\"><a href=\"https:\/\/liebke-foto.de\/maerkischeslicht\/wp-content\/uploads\/2023\/07\/FZL0894_C1.jpg\"><img loading=\"lazy\" decoding=\"async\" width=\"1200\" height=\"800\" src=\"https:\/\/liebke-foto.de\/maerkischeslicht\/wp-content\/uploads\/2023\/07\/FZL0894_C1-1200x800.jpg\" alt=\"\" class=\"wp-image-7357\" srcset=\"https:\/\/liebke-foto.de\/maerkischeslicht\/wp-content\/uploads\/2023\/07\/FZL0894_C1-1200x800.jpg 1200w, https:\/\/liebke-foto.de\/maerkischeslicht\/wp-content\/uploads\/2023\/07\/FZL0894_C1-768x512.jpg 768w, https:\/\/liebke-foto.de\/maerkischeslicht\/wp-content\/uploads\/2023\/07\/FZL0894_C1.jpg 1400w\" sizes=\"auto, (max-width: 1200px) 100vw, 1200px\" \/><\/a><\/figure>\n<\/div>\n\n\n<p><\/p>\n\n\n\n<p><\/p>\n\n\n\n<div style=\"padding:20px\" class=\"wp-block-tnp-minimal\"><p>Subscribe to our newsletter!<\/p><div><div class=\"tnp tnp-subscription \">\n<form method=\"post\" action=\"https:\/\/liebke-foto.de\/maerkischeslicht\/wp-admin\/admin-ajax.php?action=tnp&amp;na=s\">\n<input type=\"hidden\" name=\"nlang\" value=\"\">\n<div class=\"tnp-field tnp-field-firstname\"><label for=\"tnp-1\">Vorname oder ganzer Name<\/label>\n<input class=\"tnp-name\" type=\"text\" name=\"nn\" id=\"tnp-1\" value=\"\" placeholder=\"\"><\/div>\n<div class=\"tnp-field tnp-field-email\"><label for=\"tnp-2\">Email<\/label>\n<input class=\"tnp-email\" type=\"email\" name=\"ne\" id=\"tnp-2\" value=\"\" placeholder=\"\" required><\/div>\n<div class=\"tnp-field tnp-privacy-field\"><label><input type=\"checkbox\" name=\"ny\" required class=\"tnp-privacy\"> Indem Du fortf\u00e4hrst, akzeptierst Du unsere Datenschutzerkl\u00e4rung.<\/label><\/div><div class=\"tnp-field tnp-field-button\" style=\"text-align: left\"><input class=\"tnp-submit\" type=\"submit\" value=\"Abonnieren\" style=\"\">\n<\/div>\n<\/form>\n<\/div>\n<\/div><\/div>\n\n\n\n\n","protected":false},"excerpt":{"rendered":"<p>&#8230; was im Naturpark Barnim so los ist. Ich meine hiermit das Gebiet um die Karower Teiche, also am Berliner Rand. Das geh\u00f6rt&#8230;<\/p>\n","protected":false},"author":1,"featured_media":7354,"comment_status":"open","ping_status":"open","sticky":false,"template":"","format":"standard","meta":{"footnotes":""},"categories":[11,10,216,34],"tags":[21,67,28,62],"class_list":["post-7344","post","type-post","status-publish","format-standard","has-post-thumbnail","hentry","category-im-land-brandenburg-unterwegs","category-landschaft-mark-brandenburg-oberhavel-barnim","category-lebensfreudegefaehrten","category-naturpark-barnim","tag-brandenburg","tag-mark-brandenburg","tag-maerkisches-licht","tag-naturpark-barnim"],"yoast_head":"<!-- This site is optimized with the Yoast SEO plugin v27.4 - https:\/\/yoast.com\/product\/yoast-seo-wordpress\/ -->\n<title>Einfach mal gucken... - M\u00e4rkisches Licht - Der Fotograf der Stille<\/title>\n<meta name=\"description\" content=\"Einfach mal gucken was im Naturpark Barnim so los ist. An den Karower Teichen, in der N\u00e4he von Berlin und Hobrechtsfelde.\" \/>\n<meta name=\"robots\" content=\"index, follow, max-snippet:-1, max-image-preview:large, max-video-preview:-1\" \/>\n<link rel=\"canonical\" href=\"https:\/\/liebke-foto.de\/maerkischeslicht\/einfach-mal-gucken-2\/\" \/>\n<meta property=\"og:locale\" content=\"de_DE\" \/>\n<meta property=\"og:type\" content=\"article\" \/>\n<meta property=\"og:title\" content=\"Einfach mal gucken... - M\u00e4rkisches Licht - Der Fotograf der Stille\" \/>\n<meta property=\"og:description\" content=\"Einfach mal gucken was im Naturpark Barnim so los ist. An den Karower Teichen, in der N\u00e4he von Berlin und Hobrechtsfelde.\" \/>\n<meta property=\"og:url\" content=\"https:\/\/liebke-foto.de\/maerkischeslicht\/einfach-mal-gucken-2\/\" \/>\n<meta property=\"og:site_name\" content=\"M\u00e4rkisches Licht - Der Fotograf der Stille\" \/>\n<meta property=\"article:published_time\" content=\"2023-07-14T14:26:34+00:00\" \/>\n<meta property=\"article:modified_time\" content=\"2023-07-14T14:26:35+00:00\" \/>\n<meta property=\"og:image\" content=\"https:\/\/liebke-foto.de\/maerkischeslicht\/wp-content\/uploads\/2023\/07\/FZL0835_C1.jpg\" \/>\n\t<meta property=\"og:image:width\" content=\"1400\" \/>\n\t<meta property=\"og:image:height\" content=\"933\" \/>\n\t<meta property=\"og:image:type\" content=\"image\/jpeg\" \/>\n<meta name=\"author\" content=\"Frank Liebke\" \/>\n<meta name=\"twitter:card\" content=\"summary_large_image\" \/>\n<meta name=\"twitter:label1\" content=\"Verfasst von\" \/>\n\t<meta name=\"twitter:data1\" content=\"Frank Liebke\" \/>\n\t<meta name=\"twitter:label2\" content=\"Gesch\u00e4tzte Lesezeit\" \/>\n\t<meta name=\"twitter:data2\" content=\"1\u00a0Minute\" \/>\n<script type=\"application\/ld+json\" class=\"yoast-schema-graph\">{\"@context\":\"https:\\\/\\\/schema.org\",\"@graph\":[{\"@type\":\"Article\",\"@id\":\"https:\\\/\\\/liebke-foto.de\\\/maerkischeslicht\\\/einfach-mal-gucken-2\\\/#article\",\"isPartOf\":{\"@id\":\"https:\\\/\\\/liebke-foto.de\\\/maerkischeslicht\\\/einfach-mal-gucken-2\\\/\"},\"author\":{\"name\":\"Frank Liebke\",\"@id\":\"https:\\\/\\\/liebke-foto.de\\\/maerkischeslicht\\\/#\\\/schema\\\/person\\\/d71108abc09a723daeeb8526a33137ee\"},\"headline\":\"Einfach mal gucken&#8230;\",\"datePublished\":\"2023-07-14T14:26:34+00:00\",\"dateModified\":\"2023-07-14T14:26:35+00:00\",\"mainEntityOfPage\":{\"@id\":\"https:\\\/\\\/liebke-foto.de\\\/maerkischeslicht\\\/einfach-mal-gucken-2\\\/\"},\"wordCount\":254,\"commentCount\":5,\"publisher\":{\"@id\":\"https:\\\/\\\/liebke-foto.de\\\/maerkischeslicht\\\/#\\\/schema\\\/person\\\/d71108abc09a723daeeb8526a33137ee\"},\"image\":{\"@id\":\"https:\\\/\\\/liebke-foto.de\\\/maerkischeslicht\\\/einfach-mal-gucken-2\\\/#primaryimage\"},\"thumbnailUrl\":\"https:\\\/\\\/liebke-foto.de\\\/maerkischeslicht\\\/wp-content\\\/uploads\\\/2023\\\/07\\\/FZL0835_C1.jpg\",\"keywords\":[\"Brandenburg\",\"Mark Brandenburg\",\"M\u00e4rkisches Licht\",\"Naturpark Barnim\"],\"articleSection\":[\"Im Land Brandenburg unterwegs\",\"Landschaft\",\"Lebensfreudegef\u00e4hrten\",\"Naturpark Barnim\"],\"inLanguage\":\"de\",\"potentialAction\":[{\"@type\":\"CommentAction\",\"name\":\"Comment\",\"target\":[\"https:\\\/\\\/liebke-foto.de\\\/maerkischeslicht\\\/einfach-mal-gucken-2\\\/#respond\"]}]},{\"@type\":\"WebPage\",\"@id\":\"https:\\\/\\\/liebke-foto.de\\\/maerkischeslicht\\\/einfach-mal-gucken-2\\\/\",\"url\":\"https:\\\/\\\/liebke-foto.de\\\/maerkischeslicht\\\/einfach-mal-gucken-2\\\/\",\"name\":\"Einfach mal gucken... - M\u00e4rkisches Licht - Der Fotograf der Stille\",\"isPartOf\":{\"@id\":\"https:\\\/\\\/liebke-foto.de\\\/maerkischeslicht\\\/#website\"},\"primaryImageOfPage\":{\"@id\":\"https:\\\/\\\/liebke-foto.de\\\/maerkischeslicht\\\/einfach-mal-gucken-2\\\/#primaryimage\"},\"image\":{\"@id\":\"https:\\\/\\\/liebke-foto.de\\\/maerkischeslicht\\\/einfach-mal-gucken-2\\\/#primaryimage\"},\"thumbnailUrl\":\"https:\\\/\\\/liebke-foto.de\\\/maerkischeslicht\\\/wp-content\\\/uploads\\\/2023\\\/07\\\/FZL0835_C1.jpg\",\"datePublished\":\"2023-07-14T14:26:34+00:00\",\"dateModified\":\"2023-07-14T14:26:35+00:00\",\"description\":\"Einfach mal gucken was im Naturpark Barnim so los ist. An den Karower Teichen, in der N\u00e4he von Berlin und Hobrechtsfelde.\",\"breadcrumb\":{\"@id\":\"https:\\\/\\\/liebke-foto.de\\\/maerkischeslicht\\\/einfach-mal-gucken-2\\\/#breadcrumb\"},\"inLanguage\":\"de\",\"potentialAction\":[{\"@type\":\"ReadAction\",\"target\":[\"https:\\\/\\\/liebke-foto.de\\\/maerkischeslicht\\\/einfach-mal-gucken-2\\\/\"]}]},{\"@type\":\"ImageObject\",\"inLanguage\":\"de\",\"@id\":\"https:\\\/\\\/liebke-foto.de\\\/maerkischeslicht\\\/einfach-mal-gucken-2\\\/#primaryimage\",\"url\":\"https:\\\/\\\/liebke-foto.de\\\/maerkischeslicht\\\/wp-content\\\/uploads\\\/2023\\\/07\\\/FZL0835_C1.jpg\",\"contentUrl\":\"https:\\\/\\\/liebke-foto.de\\\/maerkischeslicht\\\/wp-content\\\/uploads\\\/2023\\\/07\\\/FZL0835_C1.jpg\",\"width\":1400,\"height\":933},{\"@type\":\"BreadcrumbList\",\"@id\":\"https:\\\/\\\/liebke-foto.de\\\/maerkischeslicht\\\/einfach-mal-gucken-2\\\/#breadcrumb\",\"itemListElement\":[{\"@type\":\"ListItem\",\"position\":1,\"name\":\"Startseite\",\"item\":\"https:\\\/\\\/liebke-foto.de\\\/maerkischeslicht\\\/\"},{\"@type\":\"ListItem\",\"position\":2,\"name\":\"Einfach mal gucken&#8230;\"}]},{\"@type\":\"WebSite\",\"@id\":\"https:\\\/\\\/liebke-foto.de\\\/maerkischeslicht\\\/#website\",\"url\":\"https:\\\/\\\/liebke-foto.de\\\/maerkischeslicht\\\/\",\"name\":\"M\u00e4rkisches Licht - Der Fotograf der Stille\",\"description\":\"Die Liebe zum Leben...\",\"publisher\":{\"@id\":\"https:\\\/\\\/liebke-foto.de\\\/maerkischeslicht\\\/#\\\/schema\\\/person\\\/d71108abc09a723daeeb8526a33137ee\"},\"potentialAction\":[{\"@type\":\"SearchAction\",\"target\":{\"@type\":\"EntryPoint\",\"urlTemplate\":\"https:\\\/\\\/liebke-foto.de\\\/maerkischeslicht\\\/?s={search_term_string}\"},\"query-input\":{\"@type\":\"PropertyValueSpecification\",\"valueRequired\":true,\"valueName\":\"search_term_string\"}}],\"inLanguage\":\"de\"},{\"@type\":[\"Person\",\"Organization\"],\"@id\":\"https:\\\/\\\/liebke-foto.de\\\/maerkischeslicht\\\/#\\\/schema\\\/person\\\/d71108abc09a723daeeb8526a33137ee\",\"name\":\"Frank Liebke\",\"image\":{\"@type\":\"ImageObject\",\"inLanguage\":\"de\",\"@id\":\"https:\\\/\\\/liebke-foto.de\\\/maerkischeslicht\\\/wp-content\\\/uploads\\\/2021\\\/12\\\/IMG-20211024-WA0001.jpg\",\"url\":\"https:\\\/\\\/liebke-foto.de\\\/maerkischeslicht\\\/wp-content\\\/uploads\\\/2021\\\/12\\\/IMG-20211024-WA0001.jpg\",\"contentUrl\":\"https:\\\/\\\/liebke-foto.de\\\/maerkischeslicht\\\/wp-content\\\/uploads\\\/2021\\\/12\\\/IMG-20211024-WA0001.jpg\",\"width\":900,\"height\":1600,\"caption\":\"Frank Liebke\"},\"logo\":{\"@id\":\"https:\\\/\\\/liebke-foto.de\\\/maerkischeslicht\\\/wp-content\\\/uploads\\\/2021\\\/12\\\/IMG-20211024-WA0001.jpg\"},\"sameAs\":[\"https:\\\/\\\/liebke-foto.de\"],\"url\":\"https:\\\/\\\/liebke-foto.de\\\/maerkischeslicht\\\/author\\\/adminuser\\\/\"}]}<\/script>\n<!-- \/ Yoast SEO plugin. -->","yoast_head_json":{"title":"Einfach mal gucken... - M\u00e4rkisches Licht - Der Fotograf der Stille","description":"Einfach mal gucken was im Naturpark Barnim so los ist. An den Karower Teichen, in der N\u00e4he von Berlin und Hobrechtsfelde.","robots":{"index":"index","follow":"follow","max-snippet":"max-snippet:-1","max-image-preview":"max-image-preview:large","max-video-preview":"max-video-preview:-1"},"canonical":"https:\/\/liebke-foto.de\/maerkischeslicht\/einfach-mal-gucken-2\/","og_locale":"de_DE","og_type":"article","og_title":"Einfach mal gucken... - M\u00e4rkisches Licht - Der Fotograf der Stille","og_description":"Einfach mal gucken was im Naturpark Barnim so los ist. An den Karower Teichen, in der N\u00e4he von Berlin und Hobrechtsfelde.","og_url":"https:\/\/liebke-foto.de\/maerkischeslicht\/einfach-mal-gucken-2\/","og_site_name":"M\u00e4rkisches Licht - Der Fotograf der Stille","article_published_time":"2023-07-14T14:26:34+00:00","article_modified_time":"2023-07-14T14:26:35+00:00","og_image":[{"width":1400,"height":933,"url":"https:\/\/liebke-foto.de\/maerkischeslicht\/wp-content\/uploads\/2023\/07\/FZL0835_C1.jpg","type":"image\/jpeg"}],"author":"Frank Liebke","twitter_card":"summary_large_image","twitter_misc":{"Verfasst von":"Frank Liebke","Gesch\u00e4tzte Lesezeit":"1\u00a0Minute"},"schema":{"@context":"https:\/\/schema.org","@graph":[{"@type":"Article","@id":"https:\/\/liebke-foto.de\/maerkischeslicht\/einfach-mal-gucken-2\/#article","isPartOf":{"@id":"https:\/\/liebke-foto.de\/maerkischeslicht\/einfach-mal-gucken-2\/"},"author":{"name":"Frank Liebke","@id":"https:\/\/liebke-foto.de\/maerkischeslicht\/#\/schema\/person\/d71108abc09a723daeeb8526a33137ee"},"headline":"Einfach mal gucken&#8230;","datePublished":"2023-07-14T14:26:34+00:00","dateModified":"2023-07-14T14:26:35+00:00","mainEntityOfPage":{"@id":"https:\/\/liebke-foto.de\/maerkischeslicht\/einfach-mal-gucken-2\/"},"wordCount":254,"commentCount":5,"publisher":{"@id":"https:\/\/liebke-foto.de\/maerkischeslicht\/#\/schema\/person\/d71108abc09a723daeeb8526a33137ee"},"image":{"@id":"https:\/\/liebke-foto.de\/maerkischeslicht\/einfach-mal-gucken-2\/#primaryimage"},"thumbnailUrl":"https:\/\/liebke-foto.de\/maerkischeslicht\/wp-content\/uploads\/2023\/07\/FZL0835_C1.jpg","keywords":["Brandenburg","Mark Brandenburg","M\u00e4rkisches Licht","Naturpark Barnim"],"articleSection":["Im Land Brandenburg unterwegs","Landschaft","Lebensfreudegef\u00e4hrten","Naturpark Barnim"],"inLanguage":"de","potentialAction":[{"@type":"CommentAction","name":"Comment","target":["https:\/\/liebke-foto.de\/maerkischeslicht\/einfach-mal-gucken-2\/#respond"]}]},{"@type":"WebPage","@id":"https:\/\/liebke-foto.de\/maerkischeslicht\/einfach-mal-gucken-2\/","url":"https:\/\/liebke-foto.de\/maerkischeslicht\/einfach-mal-gucken-2\/","name":"Einfach mal gucken... - M\u00e4rkisches Licht - Der Fotograf der Stille","isPartOf":{"@id":"https:\/\/liebke-foto.de\/maerkischeslicht\/#website"},"primaryImageOfPage":{"@id":"https:\/\/liebke-foto.de\/maerkischeslicht\/einfach-mal-gucken-2\/#primaryimage"},"image":{"@id":"https:\/\/liebke-foto.de\/maerkischeslicht\/einfach-mal-gucken-2\/#primaryimage"},"thumbnailUrl":"https:\/\/liebke-foto.de\/maerkischeslicht\/wp-content\/uploads\/2023\/07\/FZL0835_C1.jpg","datePublished":"2023-07-14T14:26:34+00:00","dateModified":"2023-07-14T14:26:35+00:00","description":"Einfach mal gucken was im Naturpark Barnim so los ist. An den Karower Teichen, in der N\u00e4he von Berlin und Hobrechtsfelde.","breadcrumb":{"@id":"https:\/\/liebke-foto.de\/maerkischeslicht\/einfach-mal-gucken-2\/#breadcrumb"},"inLanguage":"de","potentialAction":[{"@type":"ReadAction","target":["https:\/\/liebke-foto.de\/maerkischeslicht\/einfach-mal-gucken-2\/"]}]},{"@type":"ImageObject","inLanguage":"de","@id":"https:\/\/liebke-foto.de\/maerkischeslicht\/einfach-mal-gucken-2\/#primaryimage","url":"https:\/\/liebke-foto.de\/maerkischeslicht\/wp-content\/uploads\/2023\/07\/FZL0835_C1.jpg","contentUrl":"https:\/\/liebke-foto.de\/maerkischeslicht\/wp-content\/uploads\/2023\/07\/FZL0835_C1.jpg","width":1400,"height":933},{"@type":"BreadcrumbList","@id":"https:\/\/liebke-foto.de\/maerkischeslicht\/einfach-mal-gucken-2\/#breadcrumb","itemListElement":[{"@type":"ListItem","position":1,"name":"Startseite","item":"https:\/\/liebke-foto.de\/maerkischeslicht\/"},{"@type":"ListItem","position":2,"name":"Einfach mal gucken&#8230;"}]},{"@type":"WebSite","@id":"https:\/\/liebke-foto.de\/maerkischeslicht\/#website","url":"https:\/\/liebke-foto.de\/maerkischeslicht\/","name":"M\u00e4rkisches Licht - Der Fotograf der Stille","description":"Die Liebe zum Leben...","publisher":{"@id":"https:\/\/liebke-foto.de\/maerkischeslicht\/#\/schema\/person\/d71108abc09a723daeeb8526a33137ee"},"potentialAction":[{"@type":"SearchAction","target":{"@type":"EntryPoint","urlTemplate":"https:\/\/liebke-foto.de\/maerkischeslicht\/?s={search_term_string}"},"query-input":{"@type":"PropertyValueSpecification","valueRequired":true,"valueName":"search_term_string"}}],"inLanguage":"de"},{"@type":["Person","Organization"],"@id":"https:\/\/liebke-foto.de\/maerkischeslicht\/#\/schema\/person\/d71108abc09a723daeeb8526a33137ee","name":"Frank Liebke","image":{"@type":"ImageObject","inLanguage":"de","@id":"https:\/\/liebke-foto.de\/maerkischeslicht\/wp-content\/uploads\/2021\/12\/IMG-20211024-WA0001.jpg","url":"https:\/\/liebke-foto.de\/maerkischeslicht\/wp-content\/uploads\/2021\/12\/IMG-20211024-WA0001.jpg","contentUrl":"https:\/\/liebke-foto.de\/maerkischeslicht\/wp-content\/uploads\/2021\/12\/IMG-20211024-WA0001.jpg","width":900,"height":1600,"caption":"Frank Liebke"},"logo":{"@id":"https:\/\/liebke-foto.de\/maerkischeslicht\/wp-content\/uploads\/2021\/12\/IMG-20211024-WA0001.jpg"},"sameAs":["https:\/\/liebke-foto.de"],"url":"https:\/\/liebke-foto.de\/maerkischeslicht\/author\/adminuser\/"}]}},"_links":{"self":[{"href":"https:\/\/liebke-foto.de\/maerkischeslicht\/wp-json\/wp\/v2\/posts\/7344","targetHints":{"allow":["GET"]}}],"collection":[{"href":"https:\/\/liebke-foto.de\/maerkischeslicht\/wp-json\/wp\/v2\/posts"}],"about":[{"href":"https:\/\/liebke-foto.de\/maerkischeslicht\/wp-json\/wp\/v2\/types\/post"}],"author":[{"embeddable":true,"href":"https:\/\/liebke-foto.de\/maerkischeslicht\/wp-json\/wp\/v2\/users\/1"}],"replies":[{"embeddable":true,"href":"https:\/\/liebke-foto.de\/maerkischeslicht\/wp-json\/wp\/v2\/comments?post=7344"}],"version-history":[{"count":4,"href":"https:\/\/liebke-foto.de\/maerkischeslicht\/wp-json\/wp\/v2\/posts\/7344\/revisions"}],"predecessor-version":[{"id":7362,"href":"https:\/\/liebke-foto.de\/maerkischeslicht\/wp-json\/wp\/v2\/posts\/7344\/revisions\/7362"}],"wp:featuredmedia":[{"embeddable":true,"href":"https:\/\/liebke-foto.de\/maerkischeslicht\/wp-json\/wp\/v2\/media\/7354"}],"wp:attachment":[{"href":"https:\/\/liebke-foto.de\/maerkischeslicht\/wp-json\/wp\/v2\/media?parent=7344"}],"wp:term":[{"taxonomy":"category","embeddable":true,"href":"https:\/\/liebke-foto.de\/maerkischeslicht\/wp-json\/wp\/v2\/categories?post=7344"},{"taxonomy":"post_tag","embeddable":true,"href":"https:\/\/liebke-foto.de\/maerkischeslicht\/wp-json\/wp\/v2\/tags?post=7344"}],"curies":[{"name":"wp","href":"https:\/\/api.w.org\/{rel}","templated":true}]}}