{"id":7333,"date":"2023-07-10T19:42:04","date_gmt":"2023-07-10T17:42:04","guid":{"rendered":"https:\/\/liebke-foto.de\/maerkischeslicht\/?p=7333"},"modified":"2023-07-10T20:31:50","modified_gmt":"2023-07-10T18:31:50","slug":"a5-kalender-koelle-liebke-2024","status":"publish","type":"post","link":"https:\/\/liebke-foto.de\/maerkischeslicht\/a5-kalender-koelle-liebke-2024\/","title":{"rendered":"A5-Kalender Koelle-Liebke 2024"},"content":{"rendered":"<div class=\"wp-block-image\">\n<figure class=\"aligncenter size-large\"><a href=\"https:\/\/liebke-foto.de\/maerkischeslicht\/wp-content\/uploads\/2023\/07\/Titel.jpg\"><img loading=\"lazy\" decoding=\"async\" width=\"564\" height=\"800\" src=\"https:\/\/liebke-foto.de\/maerkischeslicht\/wp-content\/uploads\/2023\/07\/Titel-564x800.jpg\" alt=\"Unser neuer A5-Kalender &quot;Traumlandschaften und Seelenorte 2024&quot; geht in den Druck\" class=\"wp-image-7336\"\/><\/a><figcaption class=\"wp-element-caption\">Unser neuer A5-Kalender &#8222;Traumlandschaften und Seelenorte 2024&#8220; geht in den Druck<\/figcaption><\/figure>\n<\/div>\n\n\n<p><\/p>\n\n\n\n<p>Nun haben wir den sch\u00f6nen Sommer und trotzdem denken wir schon an den Jahreswechsel. Und damit an neue Kalender. Da der A5-Kalender im letzten Jahr so beliebt war, haben wir uns spontan entschlossen, ihn auch in diesem Jahr f\u00fcr 2024 herzustellen. Nun ist er fertig und die Druckdatei ist kurz vor dem Versand zur Druckerei. <a href=\"https:\/\/95328483.shop.strato.de\/p\/vorankuendigung-kalender-a5-hochformat-traumlandschaften-und-seelenorte-2024\" target=\"_blank\" rel=\"noreferrer noopener\">Im Shop<\/a> ist er jetzt direkt angek\u00fcndigt und sowie die Kalender geliefert sind, ist er dort auch bestellber. Nun genau so problemlos wie auch unsere Heftchen.<\/p>\n\n\n\n<p>Im letzten Jahr war ja unsere Idee, die Bl\u00e4tter mit Bildern und Texten, die in Romanen von Patricia Koelle eine Rolle spielen, auszustatten. In diesem Jahr gehen wir einen Schritt weiter. Wieder sind es f\u00fcr uns die Traumlandschaften und Seelenorte, die uns ber\u00fchrten. Aber die Texte hat Patricia selbst genau nur f\u00fcr diesen Kalender entworfen. In Dialogform eines jungen oder junggebliebenen, sich liebenden P\u00e4rchens, bezogen im Gef\u00fchl auf die Bilder des jeweiligen Monats. Ich habe, zum Titel und der letzten Seite, zwei Beispielmonate dazu hier abgebildet. So hat man eine Vorstellung davon. <\/p>\n\n\n\n<p>Den Preis kann ich bei 15,00\u20ac pro St\u00fcck incl. Verpackung und Versand halten. Ohne Abstriche an der Qualit\u00e4t. Er wird dann wieder auf dem recht starken 250g\/m-Papier gedruckt, jede Seite mit UV-Lack gl\u00e4nzend veredelt.<\/p>\n\n\n\n<p>Wir werden hin und wieder \u00fcber unsere Kan\u00e4le daf\u00fcr werben, aber keine Angst, wir machen das nicht st\u00e4ndig und dauernd. Denn wir wissen nur allzugut wie das nerven kann. Wie man das ja so oft leider erleben muss. Und damit die Freude schwindet.<\/p>\n\n\n\n<p>Aber nicht so bei uns, wir sind die Lebensfreudegef\u00e4hrten und wollen Lebensfreude verbreiten. <\/p>\n\n\n\n<p>Na dann, ich hoffe wir h\u00f6ren oder lesen voneinander. Sowie die Kalender da sind, geben wir kurz \u00fcber unsere Kan\u00e4le und nat\u00fcrlich <a href=\"https:\/\/95328483.shop.strato.de\" target=\"_blank\" rel=\"noreferrer noopener\">im Shop<\/a> Bescheid. <\/p>\n\n\n\n<p>Und noch etwas: Es wird in \u00e4hnlicher Form und derselben Gr\u00f6\u00dfe auch einen Gartenkalender geben. <\/p>\n\n\n\n<p>Dazu auch mein Bildkalender &#8222;M\u00e4rkisches Licht&#8220;, in diesem Jahr in zwei Gr\u00f6\u00dfen. In kleinerer Menge in der Gr\u00f6\u00dfe A2, und dazu kommt derselbe in der Gr\u00f6\u00dfe A3. Wenn es soweit ist gibt es auch dazu einen Blog und die Vorank\u00fcndigung. Bitte dazu noch etwas Geduld.<\/p>\n\n\n<div class=\"wp-block-image\">\n<figure class=\"aligncenter size-large\"><a href=\"https:\/\/liebke-foto.de\/maerkischeslicht\/wp-content\/uploads\/2023\/07\/Juni.jpg\"><img loading=\"lazy\" decoding=\"async\" width=\"564\" height=\"800\" src=\"https:\/\/liebke-foto.de\/maerkischeslicht\/wp-content\/uploads\/2023\/07\/Juni-564x800.jpg\" alt=\"\" class=\"wp-image-7334\" srcset=\"https:\/\/liebke-foto.de\/maerkischeslicht\/wp-content\/uploads\/2023\/07\/Juni-564x800.jpg 564w, https:\/\/liebke-foto.de\/maerkischeslicht\/wp-content\/uploads\/2023\/07\/Juni.jpg 705w\" sizes=\"auto, (max-width: 564px) 100vw, 564px\" \/><\/a><\/figure>\n<\/div>\n\n\n<p><\/p>\n\n\n\n<p><\/p>\n\n\n\n<p><\/p>\n\n\n\n<p><\/p>\n\n\n<div class=\"wp-block-image\">\n<figure class=\"aligncenter size-large\"><a href=\"https:\/\/liebke-foto.de\/maerkischeslicht\/wp-content\/uploads\/2023\/07\/Oktober.jpg\"><img loading=\"lazy\" decoding=\"async\" width=\"564\" height=\"800\" src=\"https:\/\/liebke-foto.de\/maerkischeslicht\/wp-content\/uploads\/2023\/07\/Oktober-564x800.jpg\" alt=\"\" class=\"wp-image-7335\" srcset=\"https:\/\/liebke-foto.de\/maerkischeslicht\/wp-content\/uploads\/2023\/07\/Oktober-564x800.jpg 564w, https:\/\/liebke-foto.de\/maerkischeslicht\/wp-content\/uploads\/2023\/07\/Oktober.jpg 705w\" sizes=\"auto, (max-width: 564px) 100vw, 564px\" \/><\/a><\/figure>\n<\/div>\n\n\n<p><\/p>\n\n\n\n<p><\/p>\n\n\n\n<p><\/p>\n\n\n<div class=\"wp-block-image\">\n<figure class=\"aligncenter size-large\"><a href=\"https:\/\/liebke-foto.de\/maerkischeslicht\/wp-content\/uploads\/2023\/07\/Wir.jpg\"><img loading=\"lazy\" decoding=\"async\" width=\"564\" height=\"800\" src=\"https:\/\/liebke-foto.de\/maerkischeslicht\/wp-content\/uploads\/2023\/07\/Wir-564x800.jpg\" alt=\"\" class=\"wp-image-7337\" srcset=\"https:\/\/liebke-foto.de\/maerkischeslicht\/wp-content\/uploads\/2023\/07\/Wir-564x800.jpg 564w, https:\/\/liebke-foto.de\/maerkischeslicht\/wp-content\/uploads\/2023\/07\/Wir.jpg 705w\" sizes=\"auto, (max-width: 564px) 100vw, 564px\" \/><\/a><\/figure>\n<\/div>\n\n\n<p><\/p>\n\n\n\n<p><\/p>\n\n\n\n<p><\/p>\n\n\n\n\n\n\n\n<div style=\"padding:20px\" class=\"wp-block-tnp-minimal\"><p>Subscribe to our newsletter!<\/p><div><div class=\"tnp tnp-subscription \">\n<form method=\"post\" action=\"https:\/\/liebke-foto.de\/maerkischeslicht\/wp-admin\/admin-ajax.php?action=tnp&amp;na=s\">\n<input type=\"hidden\" name=\"nlang\" value=\"\">\n<div class=\"tnp-field tnp-field-firstname\"><label for=\"tnp-1\">Vorname oder ganzer Name<\/label>\n<input class=\"tnp-name\" type=\"text\" name=\"nn\" id=\"tnp-1\" value=\"\" placeholder=\"\"><\/div>\n<div class=\"tnp-field tnp-field-email\"><label for=\"tnp-2\">Email<\/label>\n<input class=\"tnp-email\" type=\"email\" name=\"ne\" id=\"tnp-2\" value=\"\" placeholder=\"\" required><\/div>\n<div class=\"tnp-field tnp-privacy-field\"><label><input type=\"checkbox\" name=\"ny\" required class=\"tnp-privacy\"> Indem Du fortf\u00e4hrst, akzeptierst Du unsere Datenschutzerkl\u00e4rung.<\/label><\/div><div class=\"tnp-field tnp-field-button\" style=\"text-align: left\"><input class=\"tnp-submit\" type=\"submit\" value=\"Abonnieren\" style=\"\">\n<\/div>\n<\/form>\n<\/div>\n<\/div><\/div>\n","protected":false},"excerpt":{"rendered":"<p>Nun haben wir den sch\u00f6nen Sommer und trotzdem denken wir schon an den Jahreswechsel. Und damit an neue Kalender. Da der A5-Kalender im&#8230;<\/p>\n","protected":false},"author":1,"featured_media":7336,"comment_status":"open","ping_status":"open","sticky":false,"template":"","format":"standard","meta":{"footnotes":""},"categories":[10,216,141],"tags":[],"class_list":["post-7333","post","type-post","status-publish","format-standard","has-post-thumbnail","hentry","category-landschaft-mark-brandenburg-oberhavel-barnim","category-lebensfreudegefaehrten","category-ostsee"],"yoast_head":"<!-- This site is optimized with the Yoast SEO plugin v27.4 - https:\/\/yoast.com\/product\/yoast-seo-wordpress\/ -->\n<title>A5-Kalender Koelle-Liebke 2024 - M\u00e4rkisches Licht - Der Fotograf der Stille<\/title>\n<meta name=\"description\" content=\"A5-Kalender Koelle-Liebke 2024. Unser neuer A5-Kalender &quot;Traumlandschaften und Seelenorte 2024&quot; geht in den Druck.\" \/>\n<meta name=\"robots\" content=\"index, follow, max-snippet:-1, max-image-preview:large, max-video-preview:-1\" \/>\n<link rel=\"canonical\" href=\"https:\/\/liebke-foto.de\/maerkischeslicht\/a5-kalender-koelle-liebke-2024\/\" \/>\n<meta property=\"og:locale\" content=\"de_DE\" \/>\n<meta property=\"og:type\" content=\"article\" \/>\n<meta property=\"og:title\" content=\"A5-Kalender Koelle-Liebke 2024 - M\u00e4rkisches Licht - Der Fotograf der Stille\" \/>\n<meta property=\"og:description\" content=\"A5-Kalender Koelle-Liebke 2024. Unser neuer A5-Kalender &quot;Traumlandschaften und Seelenorte 2024&quot; geht in den Druck.\" \/>\n<meta property=\"og:url\" content=\"https:\/\/liebke-foto.de\/maerkischeslicht\/a5-kalender-koelle-liebke-2024\/\" \/>\n<meta property=\"og:site_name\" content=\"M\u00e4rkisches Licht - Der Fotograf der Stille\" \/>\n<meta property=\"article:published_time\" content=\"2023-07-10T17:42:04+00:00\" \/>\n<meta property=\"article:modified_time\" content=\"2023-07-10T18:31:50+00:00\" \/>\n<meta property=\"og:image\" content=\"https:\/\/liebke-foto.de\/maerkischeslicht\/wp-content\/uploads\/2023\/07\/Titel.jpg\" \/>\n\t<meta property=\"og:image:width\" content=\"705\" \/>\n\t<meta property=\"og:image:height\" content=\"1000\" \/>\n\t<meta property=\"og:image:type\" content=\"image\/jpeg\" \/>\n<meta name=\"author\" content=\"Frank Liebke\" \/>\n<meta name=\"twitter:card\" content=\"summary_large_image\" \/>\n<meta name=\"twitter:label1\" content=\"Verfasst von\" \/>\n\t<meta name=\"twitter:data1\" content=\"Frank Liebke\" \/>\n\t<meta name=\"twitter:label2\" content=\"Gesch\u00e4tzte Lesezeit\" \/>\n\t<meta name=\"twitter:data2\" content=\"2\u00a0Minuten\" \/>\n<script type=\"application\/ld+json\" class=\"yoast-schema-graph\">{\"@context\":\"https:\\\/\\\/schema.org\",\"@graph\":[{\"@type\":\"Article\",\"@id\":\"https:\\\/\\\/liebke-foto.de\\\/maerkischeslicht\\\/a5-kalender-koelle-liebke-2024\\\/#article\",\"isPartOf\":{\"@id\":\"https:\\\/\\\/liebke-foto.de\\\/maerkischeslicht\\\/a5-kalender-koelle-liebke-2024\\\/\"},\"author\":{\"name\":\"Frank Liebke\",\"@id\":\"https:\\\/\\\/liebke-foto.de\\\/maerkischeslicht\\\/#\\\/schema\\\/person\\\/d71108abc09a723daeeb8526a33137ee\"},\"headline\":\"A5-Kalender Koelle-Liebke 2024\",\"datePublished\":\"2023-07-10T17:42:04+00:00\",\"dateModified\":\"2023-07-10T18:31:50+00:00\",\"mainEntityOfPage\":{\"@id\":\"https:\\\/\\\/liebke-foto.de\\\/maerkischeslicht\\\/a5-kalender-koelle-liebke-2024\\\/\"},\"wordCount\":393,\"commentCount\":9,\"publisher\":{\"@id\":\"https:\\\/\\\/liebke-foto.de\\\/maerkischeslicht\\\/#\\\/schema\\\/person\\\/d71108abc09a723daeeb8526a33137ee\"},\"image\":{\"@id\":\"https:\\\/\\\/liebke-foto.de\\\/maerkischeslicht\\\/a5-kalender-koelle-liebke-2024\\\/#primaryimage\"},\"thumbnailUrl\":\"https:\\\/\\\/liebke-foto.de\\\/maerkischeslicht\\\/wp-content\\\/uploads\\\/2023\\\/07\\\/Titel-e1690628869889.jpg\",\"articleSection\":[\"Landschaft\",\"Lebensfreudegef\u00e4hrten\",\"Ostsee\"],\"inLanguage\":\"de\",\"potentialAction\":[{\"@type\":\"CommentAction\",\"name\":\"Comment\",\"target\":[\"https:\\\/\\\/liebke-foto.de\\\/maerkischeslicht\\\/a5-kalender-koelle-liebke-2024\\\/#respond\"]}]},{\"@type\":\"WebPage\",\"@id\":\"https:\\\/\\\/liebke-foto.de\\\/maerkischeslicht\\\/a5-kalender-koelle-liebke-2024\\\/\",\"url\":\"https:\\\/\\\/liebke-foto.de\\\/maerkischeslicht\\\/a5-kalender-koelle-liebke-2024\\\/\",\"name\":\"A5-Kalender Koelle-Liebke 2024 - M\u00e4rkisches Licht - Der Fotograf der Stille\",\"isPartOf\":{\"@id\":\"https:\\\/\\\/liebke-foto.de\\\/maerkischeslicht\\\/#website\"},\"primaryImageOfPage\":{\"@id\":\"https:\\\/\\\/liebke-foto.de\\\/maerkischeslicht\\\/a5-kalender-koelle-liebke-2024\\\/#primaryimage\"},\"image\":{\"@id\":\"https:\\\/\\\/liebke-foto.de\\\/maerkischeslicht\\\/a5-kalender-koelle-liebke-2024\\\/#primaryimage\"},\"thumbnailUrl\":\"https:\\\/\\\/liebke-foto.de\\\/maerkischeslicht\\\/wp-content\\\/uploads\\\/2023\\\/07\\\/Titel-e1690628869889.jpg\",\"datePublished\":\"2023-07-10T17:42:04+00:00\",\"dateModified\":\"2023-07-10T18:31:50+00:00\",\"description\":\"A5-Kalender Koelle-Liebke 2024. Unser neuer A5-Kalender \\\"Traumlandschaften und Seelenorte 2024\\\" geht in den Druck.\",\"breadcrumb\":{\"@id\":\"https:\\\/\\\/liebke-foto.de\\\/maerkischeslicht\\\/a5-kalender-koelle-liebke-2024\\\/#breadcrumb\"},\"inLanguage\":\"de\",\"potentialAction\":[{\"@type\":\"ReadAction\",\"target\":[\"https:\\\/\\\/liebke-foto.de\\\/maerkischeslicht\\\/a5-kalender-koelle-liebke-2024\\\/\"]}]},{\"@type\":\"ImageObject\",\"inLanguage\":\"de\",\"@id\":\"https:\\\/\\\/liebke-foto.de\\\/maerkischeslicht\\\/a5-kalender-koelle-liebke-2024\\\/#primaryimage\",\"url\":\"https:\\\/\\\/liebke-foto.de\\\/maerkischeslicht\\\/wp-content\\\/uploads\\\/2023\\\/07\\\/Titel-e1690628869889.jpg\",\"contentUrl\":\"https:\\\/\\\/liebke-foto.de\\\/maerkischeslicht\\\/wp-content\\\/uploads\\\/2023\\\/07\\\/Titel-e1690628869889.jpg\",\"width\":353,\"height\":500,\"caption\":\"Kalender A5-quer, Romane Patricia Koelle, Bilder M\u00e4rkisches Licht Frank Liebke\"},{\"@type\":\"BreadcrumbList\",\"@id\":\"https:\\\/\\\/liebke-foto.de\\\/maerkischeslicht\\\/a5-kalender-koelle-liebke-2024\\\/#breadcrumb\",\"itemListElement\":[{\"@type\":\"ListItem\",\"position\":1,\"name\":\"Startseite\",\"item\":\"https:\\\/\\\/liebke-foto.de\\\/maerkischeslicht\\\/\"},{\"@type\":\"ListItem\",\"position\":2,\"name\":\"A5-Kalender Koelle-Liebke 2024\"}]},{\"@type\":\"WebSite\",\"@id\":\"https:\\\/\\\/liebke-foto.de\\\/maerkischeslicht\\\/#website\",\"url\":\"https:\\\/\\\/liebke-foto.de\\\/maerkischeslicht\\\/\",\"name\":\"M\u00e4rkisches Licht - Der Fotograf der Stille\",\"description\":\"Die Liebe zum Leben...\",\"publisher\":{\"@id\":\"https:\\\/\\\/liebke-foto.de\\\/maerkischeslicht\\\/#\\\/schema\\\/person\\\/d71108abc09a723daeeb8526a33137ee\"},\"potentialAction\":[{\"@type\":\"SearchAction\",\"target\":{\"@type\":\"EntryPoint\",\"urlTemplate\":\"https:\\\/\\\/liebke-foto.de\\\/maerkischeslicht\\\/?s={search_term_string}\"},\"query-input\":{\"@type\":\"PropertyValueSpecification\",\"valueRequired\":true,\"valueName\":\"search_term_string\"}}],\"inLanguage\":\"de\"},{\"@type\":[\"Person\",\"Organization\"],\"@id\":\"https:\\\/\\\/liebke-foto.de\\\/maerkischeslicht\\\/#\\\/schema\\\/person\\\/d71108abc09a723daeeb8526a33137ee\",\"name\":\"Frank Liebke\",\"image\":{\"@type\":\"ImageObject\",\"inLanguage\":\"de\",\"@id\":\"https:\\\/\\\/liebke-foto.de\\\/maerkischeslicht\\\/wp-content\\\/uploads\\\/2021\\\/12\\\/IMG-20211024-WA0001.jpg\",\"url\":\"https:\\\/\\\/liebke-foto.de\\\/maerkischeslicht\\\/wp-content\\\/uploads\\\/2021\\\/12\\\/IMG-20211024-WA0001.jpg\",\"contentUrl\":\"https:\\\/\\\/liebke-foto.de\\\/maerkischeslicht\\\/wp-content\\\/uploads\\\/2021\\\/12\\\/IMG-20211024-WA0001.jpg\",\"width\":900,\"height\":1600,\"caption\":\"Frank Liebke\"},\"logo\":{\"@id\":\"https:\\\/\\\/liebke-foto.de\\\/maerkischeslicht\\\/wp-content\\\/uploads\\\/2021\\\/12\\\/IMG-20211024-WA0001.jpg\"},\"sameAs\":[\"https:\\\/\\\/liebke-foto.de\"],\"url\":\"https:\\\/\\\/liebke-foto.de\\\/maerkischeslicht\\\/author\\\/adminuser\\\/\"}]}<\/script>\n<!-- \/ Yoast SEO plugin. -->","yoast_head_json":{"title":"A5-Kalender Koelle-Liebke 2024 - M\u00e4rkisches Licht - Der Fotograf der Stille","description":"A5-Kalender Koelle-Liebke 2024. Unser neuer A5-Kalender \"Traumlandschaften und Seelenorte 2024\" geht in den Druck.","robots":{"index":"index","follow":"follow","max-snippet":"max-snippet:-1","max-image-preview":"max-image-preview:large","max-video-preview":"max-video-preview:-1"},"canonical":"https:\/\/liebke-foto.de\/maerkischeslicht\/a5-kalender-koelle-liebke-2024\/","og_locale":"de_DE","og_type":"article","og_title":"A5-Kalender Koelle-Liebke 2024 - M\u00e4rkisches Licht - Der Fotograf der Stille","og_description":"A5-Kalender Koelle-Liebke 2024. Unser neuer A5-Kalender \"Traumlandschaften und Seelenorte 2024\" geht in den Druck.","og_url":"https:\/\/liebke-foto.de\/maerkischeslicht\/a5-kalender-koelle-liebke-2024\/","og_site_name":"M\u00e4rkisches Licht - Der Fotograf der Stille","article_published_time":"2023-07-10T17:42:04+00:00","article_modified_time":"2023-07-10T18:31:50+00:00","og_image":[{"width":705,"height":1000,"url":"https:\/\/liebke-foto.de\/maerkischeslicht\/wp-content\/uploads\/2023\/07\/Titel.jpg","type":"image\/jpeg"}],"author":"Frank Liebke","twitter_card":"summary_large_image","twitter_misc":{"Verfasst von":"Frank Liebke","Gesch\u00e4tzte Lesezeit":"2\u00a0Minuten"},"schema":{"@context":"https:\/\/schema.org","@graph":[{"@type":"Article","@id":"https:\/\/liebke-foto.de\/maerkischeslicht\/a5-kalender-koelle-liebke-2024\/#article","isPartOf":{"@id":"https:\/\/liebke-foto.de\/maerkischeslicht\/a5-kalender-koelle-liebke-2024\/"},"author":{"name":"Frank Liebke","@id":"https:\/\/liebke-foto.de\/maerkischeslicht\/#\/schema\/person\/d71108abc09a723daeeb8526a33137ee"},"headline":"A5-Kalender Koelle-Liebke 2024","datePublished":"2023-07-10T17:42:04+00:00","dateModified":"2023-07-10T18:31:50+00:00","mainEntityOfPage":{"@id":"https:\/\/liebke-foto.de\/maerkischeslicht\/a5-kalender-koelle-liebke-2024\/"},"wordCount":393,"commentCount":9,"publisher":{"@id":"https:\/\/liebke-foto.de\/maerkischeslicht\/#\/schema\/person\/d71108abc09a723daeeb8526a33137ee"},"image":{"@id":"https:\/\/liebke-foto.de\/maerkischeslicht\/a5-kalender-koelle-liebke-2024\/#primaryimage"},"thumbnailUrl":"https:\/\/liebke-foto.de\/maerkischeslicht\/wp-content\/uploads\/2023\/07\/Titel-e1690628869889.jpg","articleSection":["Landschaft","Lebensfreudegef\u00e4hrten","Ostsee"],"inLanguage":"de","potentialAction":[{"@type":"CommentAction","name":"Comment","target":["https:\/\/liebke-foto.de\/maerkischeslicht\/a5-kalender-koelle-liebke-2024\/#respond"]}]},{"@type":"WebPage","@id":"https:\/\/liebke-foto.de\/maerkischeslicht\/a5-kalender-koelle-liebke-2024\/","url":"https:\/\/liebke-foto.de\/maerkischeslicht\/a5-kalender-koelle-liebke-2024\/","name":"A5-Kalender Koelle-Liebke 2024 - M\u00e4rkisches Licht - Der Fotograf der Stille","isPartOf":{"@id":"https:\/\/liebke-foto.de\/maerkischeslicht\/#website"},"primaryImageOfPage":{"@id":"https:\/\/liebke-foto.de\/maerkischeslicht\/a5-kalender-koelle-liebke-2024\/#primaryimage"},"image":{"@id":"https:\/\/liebke-foto.de\/maerkischeslicht\/a5-kalender-koelle-liebke-2024\/#primaryimage"},"thumbnailUrl":"https:\/\/liebke-foto.de\/maerkischeslicht\/wp-content\/uploads\/2023\/07\/Titel-e1690628869889.jpg","datePublished":"2023-07-10T17:42:04+00:00","dateModified":"2023-07-10T18:31:50+00:00","description":"A5-Kalender Koelle-Liebke 2024. Unser neuer A5-Kalender \"Traumlandschaften und Seelenorte 2024\" geht in den Druck.","breadcrumb":{"@id":"https:\/\/liebke-foto.de\/maerkischeslicht\/a5-kalender-koelle-liebke-2024\/#breadcrumb"},"inLanguage":"de","potentialAction":[{"@type":"ReadAction","target":["https:\/\/liebke-foto.de\/maerkischeslicht\/a5-kalender-koelle-liebke-2024\/"]}]},{"@type":"ImageObject","inLanguage":"de","@id":"https:\/\/liebke-foto.de\/maerkischeslicht\/a5-kalender-koelle-liebke-2024\/#primaryimage","url":"https:\/\/liebke-foto.de\/maerkischeslicht\/wp-content\/uploads\/2023\/07\/Titel-e1690628869889.jpg","contentUrl":"https:\/\/liebke-foto.de\/maerkischeslicht\/wp-content\/uploads\/2023\/07\/Titel-e1690628869889.jpg","width":353,"height":500,"caption":"Kalender A5-quer, Romane Patricia Koelle, Bilder M\u00e4rkisches Licht Frank Liebke"},{"@type":"BreadcrumbList","@id":"https:\/\/liebke-foto.de\/maerkischeslicht\/a5-kalender-koelle-liebke-2024\/#breadcrumb","itemListElement":[{"@type":"ListItem","position":1,"name":"Startseite","item":"https:\/\/liebke-foto.de\/maerkischeslicht\/"},{"@type":"ListItem","position":2,"name":"A5-Kalender Koelle-Liebke 2024"}]},{"@type":"WebSite","@id":"https:\/\/liebke-foto.de\/maerkischeslicht\/#website","url":"https:\/\/liebke-foto.de\/maerkischeslicht\/","name":"M\u00e4rkisches Licht - Der Fotograf der Stille","description":"Die Liebe zum Leben...","publisher":{"@id":"https:\/\/liebke-foto.de\/maerkischeslicht\/#\/schema\/person\/d71108abc09a723daeeb8526a33137ee"},"potentialAction":[{"@type":"SearchAction","target":{"@type":"EntryPoint","urlTemplate":"https:\/\/liebke-foto.de\/maerkischeslicht\/?s={search_term_string}"},"query-input":{"@type":"PropertyValueSpecification","valueRequired":true,"valueName":"search_term_string"}}],"inLanguage":"de"},{"@type":["Person","Organization"],"@id":"https:\/\/liebke-foto.de\/maerkischeslicht\/#\/schema\/person\/d71108abc09a723daeeb8526a33137ee","name":"Frank Liebke","image":{"@type":"ImageObject","inLanguage":"de","@id":"https:\/\/liebke-foto.de\/maerkischeslicht\/wp-content\/uploads\/2021\/12\/IMG-20211024-WA0001.jpg","url":"https:\/\/liebke-foto.de\/maerkischeslicht\/wp-content\/uploads\/2021\/12\/IMG-20211024-WA0001.jpg","contentUrl":"https:\/\/liebke-foto.de\/maerkischeslicht\/wp-content\/uploads\/2021\/12\/IMG-20211024-WA0001.jpg","width":900,"height":1600,"caption":"Frank Liebke"},"logo":{"@id":"https:\/\/liebke-foto.de\/maerkischeslicht\/wp-content\/uploads\/2021\/12\/IMG-20211024-WA0001.jpg"},"sameAs":["https:\/\/liebke-foto.de"],"url":"https:\/\/liebke-foto.de\/maerkischeslicht\/author\/adminuser\/"}]}},"_links":{"self":[{"href":"https:\/\/liebke-foto.de\/maerkischeslicht\/wp-json\/wp\/v2\/posts\/7333","targetHints":{"allow":["GET"]}}],"collection":[{"href":"https:\/\/liebke-foto.de\/maerkischeslicht\/wp-json\/wp\/v2\/posts"}],"about":[{"href":"https:\/\/liebke-foto.de\/maerkischeslicht\/wp-json\/wp\/v2\/types\/post"}],"author":[{"embeddable":true,"href":"https:\/\/liebke-foto.de\/maerkischeslicht\/wp-json\/wp\/v2\/users\/1"}],"replies":[{"embeddable":true,"href":"https:\/\/liebke-foto.de\/maerkischeslicht\/wp-json\/wp\/v2\/comments?post=7333"}],"version-history":[{"count":5,"href":"https:\/\/liebke-foto.de\/maerkischeslicht\/wp-json\/wp\/v2\/posts\/7333\/revisions"}],"predecessor-version":[{"id":7343,"href":"https:\/\/liebke-foto.de\/maerkischeslicht\/wp-json\/wp\/v2\/posts\/7333\/revisions\/7343"}],"wp:featuredmedia":[{"embeddable":true,"href":"https:\/\/liebke-foto.de\/maerkischeslicht\/wp-json\/wp\/v2\/media\/7336"}],"wp:attachment":[{"href":"https:\/\/liebke-foto.de\/maerkischeslicht\/wp-json\/wp\/v2\/media?parent=7333"}],"wp:term":[{"taxonomy":"category","embeddable":true,"href":"https:\/\/liebke-foto.de\/maerkischeslicht\/wp-json\/wp\/v2\/categories?post=7333"},{"taxonomy":"post_tag","embeddable":true,"href":"https:\/\/liebke-foto.de\/maerkischeslicht\/wp-json\/wp\/v2\/tags?post=7333"}],"curies":[{"name":"wp","href":"https:\/\/api.w.org\/{rel}","templated":true}]}}