{"id":7208,"date":"2023-05-14T18:15:29","date_gmt":"2023-05-14T16:15:29","guid":{"rendered":"https:\/\/liebke-foto.de\/maerkischeslicht\/?p=7208"},"modified":"2024-02-21T13:46:57","modified_gmt":"2024-02-21T11:46:57","slug":"eine-geschichte-die-im-noerdlichen-oberhavel-lebt","status":"publish","type":"post","link":"https:\/\/liebke-foto.de\/maerkischeslicht\/eine-geschichte-die-im-noerdlichen-oberhavel-lebt\/","title":{"rendered":"Eine Geschichte, die im n\u00f6rdlichen Oberhavel lebt"},"content":{"rendered":"<div class=\"wp-block-image\">\n<figure class=\"aligncenter size-full\"><a href=\"https:\/\/liebke-foto.de\/maerkischeslicht\/wp-content\/uploads\/2023\/05\/Meerseidebuch_FZL8636_C1.jpg\"><img loading=\"lazy\" decoding=\"async\" width=\"1400\" height=\"933\" src=\"https:\/\/liebke-foto.de\/maerkischeslicht\/wp-content\/uploads\/2023\/05\/Meerseidebuch_FZL8636_C1.jpg\" alt=\"Mittendrin, im wundervollen neuen Roman &quot;Meerseide&quot; von Paula Carlin, alias Patricia Koelle\" class=\"wp-image-7225\" srcset=\"https:\/\/liebke-foto.de\/maerkischeslicht\/wp-content\/uploads\/2023\/05\/Meerseidebuch_FZL8636_C1.jpg 1400w, https:\/\/liebke-foto.de\/maerkischeslicht\/wp-content\/uploads\/2023\/05\/Meerseidebuch_FZL8636_C1-1200x800.jpg 1200w, https:\/\/liebke-foto.de\/maerkischeslicht\/wp-content\/uploads\/2023\/05\/Meerseidebuch_FZL8636_C1-768x512.jpg 768w\" sizes=\"auto, (max-width: 1400px) 100vw, 1400px\" \/><\/a><figcaption class=\"wp-element-caption\">Mittendrin, im wundervollen neuen Roman &#8222;Meerseide&#8220; von Paula Carlin, alias Patricia Koelle<\/figcaption><\/figure>\n<\/div>\n\n\n<p><\/p>\n\n\n\n<h2 class=\"wp-block-heading has-text-align-center\">\u201eMeerseide\u201c<\/h2>\n\n\n\n<h2 class=\"wp-block-heading\">Handlungsorte der Romane von Paula Carlin (Patricia Koelle)<br \/>                                                       <\/h2>\n\n\n\n<p>Es hat unbestritten einen Vorteil, wenn man Lebensfreudegef\u00e4hrte der Schriftstellerin ist. Da darf ich schon etwas fr\u00fcher einen frisch gedruckten, neuen Roman in der Hand halten und mich in gem\u00fctliche Leseecken verziehen. Mit dabei ein leckerer Espresso oder vorzugsweise Ostfriesentee, dazu Ruhe, Ruhe, und dann kommt die Fantasie; dazu die Bilder, die Geschichte nimmt ihren Lauf&#8230;<\/p>\n\n\n\n<p>Bilder, ein Stichwort f\u00fcr mich. Wir sind viel auf Recherchetour, f\u00fcr neue Geschichten, denn man will als Schriftsteller Orte f\u00fchlen, die sich eignen. Passiert das irgendwo, dann wird aus dem Irgendwo ein Ort zu dem sich auf einmal Personen gesellen, die dort unbedingt dabei sein wollen. Und weiter nimmt eine oder mehrere Geschichten, Ideen dazu, ihren Lauf&#8230;<\/p>\n\n\n\n<p>Da uns die Orte selbst so gut gefallen, habe ich dann nach der R\u00fcckkehr nochmals das sch\u00f6ne Tun, in meinen Bildern zu schwelgen. Um sie auch f\u00fcr Euch aufzubereiten. Ich freue mich immer wie ein Itsch, wenn sie bei Euch auch wundervolle Stimmungen, sch\u00f6ne Gef\u00fchle, Hoffnungen, und Mut zu Neuem entfachen. Und wenn in den Romanen die besuchten Orte wieder auftauchen, f\u00fchlt sich die Seele erfrischt. <\/p>\n\n\n\n<p>Im neuen Roman &#8222;Meerseide&#8220;, der jetzt in die Buchl\u00e4den kommt und vom <a href=\"http:\/\/www.diederichs-verlag.de\" target=\"_blank\" rel=\"noreferrer noopener\">Diederichs Verlag, M\u00fcnchen<\/a> produziert wurde, ist das der Fall. Da geht es um die knapp 40j\u00e4hrige Lilli, die aus ihrem alten Leben endlich ausbricht, und einen Wunschzettel, mitten im April, zum Weihnachtspostamt nach Himmelpfort bringen will. Sich dabei verf\u00e4hrt, von einem Schwan ermutigt wird, weiterzufahren und dann in Blumenow vorerst heimisch werden will. Und in Boltenhof eine Freundin findet&#8230;<\/p>\n\n\n\n<p>Mehr verrate ich nicht, nur soviel, es gibt diese wundervollen Orte tats\u00e4chlich. <a href=\"https:\/\/liebke-foto.de\/maerkischeslicht\/auf-romanrecherche-in-oberhavel\/\" target=\"_blank\" rel=\"noreferrer noopener\">Auf unsere Fahrten ins n\u00f6rdliche Oberhavelland<\/a> habe ich sie Patricia gezeigt, wir haben dort wundervolle Stunden in sch\u00f6nster Natur erlebt. Wo alles noch so richtig urspr\u00fcnglich ist. Die Insekten und anderen Lebewesen mit Respekt behandelt werden und endlose Weiten haben. Und der Mensch so richtig zur Ruhe kommt, erden kann und Barfu\u00df \u00fcber G\u00e4nsebl\u00fcmchenwiesen laufen will. <\/p>\n\n\n\n<p>So habe ich f\u00fcr diesen Blog eine Sammlung stimmungsvoller Bilder zusammengestellt. Die wichtige Orte des Romans zeigen und Eure Fantasie befl\u00fcgeln k\u00f6nnen. F\u00fcr alle, die es f\u00fcr sich innerlich erhalten haben, das neugierige Kind zu bleiben. Und nat\u00fcrlich f\u00fcr alle, die sch\u00f6ne Bilder sehen m\u00f6chten. Dazu w\u00fcnsche ich Euch genauso viel Vergn\u00fcgen, wie ich beim Sammeln hatte und dann beim Lesen des sch\u00f6nen neuen Romans.<\/p>\n\n\n\n<p><\/p>\n\n\n<div class=\"wp-block-image\">\n<figure class=\"aligncenter size-full\"><a href=\"https:\/\/liebke-foto.de\/maerkischeslicht\/wp-content\/uploads\/2023\/05\/Schwan_FZ23681_C1.jpg\"><img loading=\"lazy\" decoding=\"async\" width=\"1400\" height=\"933\" src=\"https:\/\/liebke-foto.de\/maerkischeslicht\/wp-content\/uploads\/2023\/05\/Schwan_FZ23681_C1.jpg\" alt=\"Mitunter ist auch ein Schwan ein guter Ratgeber, wenn man sich mal verf\u00e4hrt ;)\" class=\"wp-image-7229\" srcset=\"https:\/\/liebke-foto.de\/maerkischeslicht\/wp-content\/uploads\/2023\/05\/Schwan_FZ23681_C1.jpg 1400w, https:\/\/liebke-foto.de\/maerkischeslicht\/wp-content\/uploads\/2023\/05\/Schwan_FZ23681_C1-1200x800.jpg 1200w, https:\/\/liebke-foto.de\/maerkischeslicht\/wp-content\/uploads\/2023\/05\/Schwan_FZ23681_C1-768x512.jpg 768w\" sizes=\"auto, (max-width: 1400px) 100vw, 1400px\" \/><\/a><figcaption class=\"wp-element-caption\">Mitunter ist auch ein Schwan ein guter Ratgeber, wenn man sich mal verf\u00e4hrt \ud83d\ude09<\/figcaption><\/figure>\n<\/div>\n\n<div class=\"wp-block-image\">\n<figure class=\"aligncenter size-full\"><a href=\"https:\/\/liebke-foto.de\/maerkischeslicht\/wp-content\/uploads\/2023\/05\/Himmelpfort__FLI8253_C1.jpg\"><img loading=\"lazy\" decoding=\"async\" width=\"1400\" height=\"932\" src=\"https:\/\/liebke-foto.de\/maerkischeslicht\/wp-content\/uploads\/2023\/05\/Himmelpfort__FLI8253_C1.jpg\" alt=\"Blick von der Schleusenbr\u00fccke in Himmelpfort auf den Kanal, der auf der anderen Seite in die Schleuse m\u00fcndet\" class=\"wp-image-7217\" srcset=\"https:\/\/liebke-foto.de\/maerkischeslicht\/wp-content\/uploads\/2023\/05\/Himmelpfort__FLI8253_C1.jpg 1400w, https:\/\/liebke-foto.de\/maerkischeslicht\/wp-content\/uploads\/2023\/05\/Himmelpfort__FLI8253_C1-1202x800.jpg 1202w, https:\/\/liebke-foto.de\/maerkischeslicht\/wp-content\/uploads\/2023\/05\/Himmelpfort__FLI8253_C1-768x511.jpg 768w\" sizes=\"auto, (max-width: 1400px) 100vw, 1400px\" \/><\/a><figcaption class=\"wp-element-caption\">Blick von der Schleusenbr\u00fccke in Himmelpfort auf den Kanal, der auf der anderen Seite in die Schleuse m\u00fcndet<\/figcaption><\/figure>\n<\/div>\n\n<div class=\"wp-block-image\">\n<figure class=\"aligncenter size-full\"><a href=\"https:\/\/liebke-foto.de\/maerkischeslicht\/wp-content\/uploads\/2023\/05\/Himmelpfort__FLI8249_C1.jpg\"><img loading=\"lazy\" decoding=\"async\" width=\"1400\" height=\"932\" src=\"https:\/\/liebke-foto.de\/maerkischeslicht\/wp-content\/uploads\/2023\/05\/Himmelpfort__FLI8249_C1.jpg\" alt=\"Blick auf den Kloster-Kr\u00e4utergarten in Himmelpfort\" class=\"wp-image-7216\" srcset=\"https:\/\/liebke-foto.de\/maerkischeslicht\/wp-content\/uploads\/2023\/05\/Himmelpfort__FLI8249_C1.jpg 1400w, https:\/\/liebke-foto.de\/maerkischeslicht\/wp-content\/uploads\/2023\/05\/Himmelpfort__FLI8249_C1-1202x800.jpg 1202w, https:\/\/liebke-foto.de\/maerkischeslicht\/wp-content\/uploads\/2023\/05\/Himmelpfort__FLI8249_C1-768x511.jpg 768w\" sizes=\"auto, (max-width: 1400px) 100vw, 1400px\" \/><\/a><figcaption class=\"wp-element-caption\">Blick auf den Kloster-Kr\u00e4utergarten in Himmelpfort<\/figcaption><\/figure>\n<\/div>\n\n<div class=\"wp-block-image\">\n<figure class=\"aligncenter size-full\"><a href=\"https:\/\/liebke-foto.de\/maerkischeslicht\/wp-content\/uploads\/2023\/05\/Klosterkraeutergarten_FZ23981_C1.jpg\"><img loading=\"lazy\" decoding=\"async\" width=\"1400\" height=\"933\" src=\"https:\/\/liebke-foto.de\/maerkischeslicht\/wp-content\/uploads\/2023\/05\/Klosterkraeutergarten_FZ23981_C1.jpg\" alt=\"Im Kloster-Kr\u00e4utergarten Himmelpfort\" class=\"wp-image-7239\" srcset=\"https:\/\/liebke-foto.de\/maerkischeslicht\/wp-content\/uploads\/2023\/05\/Klosterkraeutergarten_FZ23981_C1.jpg 1400w, https:\/\/liebke-foto.de\/maerkischeslicht\/wp-content\/uploads\/2023\/05\/Klosterkraeutergarten_FZ23981_C1-1200x800.jpg 1200w, https:\/\/liebke-foto.de\/maerkischeslicht\/wp-content\/uploads\/2023\/05\/Klosterkraeutergarten_FZ23981_C1-768x512.jpg 768w\" sizes=\"auto, (max-width: 1400px) 100vw, 1400px\" \/><\/a><figcaption class=\"wp-element-caption\">Im Kloster-Kr\u00e4utergarten Himmelpfort<\/figcaption><\/figure>\n<\/div>\n\n<div class=\"wp-block-image\">\n<figure class=\"aligncenter size-full\"><a href=\"https:\/\/liebke-foto.de\/maerkischeslicht\/wp-content\/uploads\/2023\/05\/Himmelpfort__FLI8294_C1.jpg\"><img loading=\"lazy\" decoding=\"async\" width=\"1400\" height=\"932\" src=\"https:\/\/liebke-foto.de\/maerkischeslicht\/wp-content\/uploads\/2023\/05\/Himmelpfort__FLI8294_C1.jpg\" alt=\"Die Klosterruine von Himmelpfort mit ihrem wundervollen Rosenbewuchs\" class=\"wp-image-7238\" srcset=\"https:\/\/liebke-foto.de\/maerkischeslicht\/wp-content\/uploads\/2023\/05\/Himmelpfort__FLI8294_C1.jpg 1400w, https:\/\/liebke-foto.de\/maerkischeslicht\/wp-content\/uploads\/2023\/05\/Himmelpfort__FLI8294_C1-1202x800.jpg 1202w, https:\/\/liebke-foto.de\/maerkischeslicht\/wp-content\/uploads\/2023\/05\/Himmelpfort__FLI8294_C1-768x511.jpg 768w\" sizes=\"auto, (max-width: 1400px) 100vw, 1400px\" \/><\/a><figcaption class=\"wp-element-caption\">Die Klosterruine von Himmelpfort mit ihrem wundervollen Rosenbewuchs<\/figcaption><\/figure>\n<\/div>\n\n<div class=\"wp-block-image\">\n<figure class=\"aligncenter size-full\"><a href=\"https:\/\/liebke-foto.de\/maerkischeslicht\/wp-content\/uploads\/2023\/05\/Moderfitz_FZ22494_C1.jpg\"><img loading=\"lazy\" decoding=\"async\" width=\"1400\" height=\"933\" src=\"https:\/\/liebke-foto.de\/maerkischeslicht\/wp-content\/uploads\/2023\/05\/Moderfitz_FZ22494_C1.jpg\" alt=\"Der Moderfitzsee von Himmelpfort\" class=\"wp-image-7240\" srcset=\"https:\/\/liebke-foto.de\/maerkischeslicht\/wp-content\/uploads\/2023\/05\/Moderfitz_FZ22494_C1.jpg 1400w, https:\/\/liebke-foto.de\/maerkischeslicht\/wp-content\/uploads\/2023\/05\/Moderfitz_FZ22494_C1-1200x800.jpg 1200w, https:\/\/liebke-foto.de\/maerkischeslicht\/wp-content\/uploads\/2023\/05\/Moderfitz_FZ22494_C1-768x512.jpg 768w\" sizes=\"auto, (max-width: 1400px) 100vw, 1400px\" \/><\/a><figcaption class=\"wp-element-caption\">Der Moderfitzsee von Himmelpfort<\/figcaption><\/figure>\n<\/div>\n\n<div class=\"wp-block-image\">\n<figure class=\"aligncenter size-full\"><a href=\"https:\/\/liebke-foto.de\/maerkischeslicht\/wp-content\/uploads\/2023\/05\/Lucy_Moderfitzsee_FZ22501_C1.jpg\"><img loading=\"lazy\" decoding=\"async\" width=\"1400\" height=\"933\" src=\"https:\/\/liebke-foto.de\/maerkischeslicht\/wp-content\/uploads\/2023\/05\/Lucy_Moderfitzsee_FZ22501_C1.jpg\" alt=\"Der Moderfitzsee von Himmelpfort, ein Platz zum Tr\u00e4umen und Genie\u00dfen\" class=\"wp-image-7222\" srcset=\"https:\/\/liebke-foto.de\/maerkischeslicht\/wp-content\/uploads\/2023\/05\/Lucy_Moderfitzsee_FZ22501_C1.jpg 1400w, https:\/\/liebke-foto.de\/maerkischeslicht\/wp-content\/uploads\/2023\/05\/Lucy_Moderfitzsee_FZ22501_C1-1200x800.jpg 1200w, https:\/\/liebke-foto.de\/maerkischeslicht\/wp-content\/uploads\/2023\/05\/Lucy_Moderfitzsee_FZ22501_C1-768x512.jpg 768w\" sizes=\"auto, (max-width: 1400px) 100vw, 1400px\" \/><\/a><figcaption class=\"wp-element-caption\">Der Moderfitzsee von Himmelpfort, ein Platz zum Tr\u00e4umen und Genie\u00dfen<\/figcaption><\/figure>\n<\/div>\n\n<div class=\"wp-block-image\">\n<figure class=\"aligncenter size-large\"><a href=\"https:\/\/liebke-foto.de\/maerkischeslicht\/wp-content\/uploads\/2023\/05\/Kirche_Blumenow_FZ26813_C1.jpg\"><img loading=\"lazy\" decoding=\"async\" width=\"1200\" height=\"800\" src=\"https:\/\/liebke-foto.de\/maerkischeslicht\/wp-content\/uploads\/2023\/05\/Kirche_Blumenow_FZ26813_C1-1200x800.jpg\" alt=\"Die Kirche von Blumenow\" class=\"wp-image-7219\" srcset=\"https:\/\/liebke-foto.de\/maerkischeslicht\/wp-content\/uploads\/2023\/05\/Kirche_Blumenow_FZ26813_C1-1200x800.jpg 1200w, https:\/\/liebke-foto.de\/maerkischeslicht\/wp-content\/uploads\/2023\/05\/Kirche_Blumenow_FZ26813_C1-768x512.jpg 768w, https:\/\/liebke-foto.de\/maerkischeslicht\/wp-content\/uploads\/2023\/05\/Kirche_Blumenow_FZ26813_C1.jpg 1400w\" sizes=\"auto, (max-width: 1200px) 100vw, 1200px\" \/><\/a><figcaption class=\"wp-element-caption\">Die Kirche von Blumenow<\/figcaption><\/figure>\n<\/div>\n\n<div class=\"wp-block-image\">\n<figure class=\"aligncenter size-large\"><a href=\"https:\/\/liebke-foto.de\/maerkischeslicht\/wp-content\/uploads\/2023\/05\/Kirche_innen_FZ26863_C1.jpg\"><img loading=\"lazy\" decoding=\"async\" width=\"1200\" height=\"800\" src=\"https:\/\/liebke-foto.de\/maerkischeslicht\/wp-content\/uploads\/2023\/05\/Kirche_innen_FZ26863_C1-1200x800.jpg\" alt=\"Die Kirche von Blumenow\" class=\"wp-image-7220\" srcset=\"https:\/\/liebke-foto.de\/maerkischeslicht\/wp-content\/uploads\/2023\/05\/Kirche_innen_FZ26863_C1-1200x800.jpg 1200w, https:\/\/liebke-foto.de\/maerkischeslicht\/wp-content\/uploads\/2023\/05\/Kirche_innen_FZ26863_C1-768x512.jpg 768w, https:\/\/liebke-foto.de\/maerkischeslicht\/wp-content\/uploads\/2023\/05\/Kirche_innen_FZ26863_C1.jpg 1400w\" sizes=\"auto, (max-width: 1200px) 100vw, 1200px\" \/><\/a><figcaption class=\"wp-element-caption\">Die Kirche von Blumenow<\/figcaption><\/figure>\n<\/div>\n\n<div class=\"wp-block-image\">\n<figure class=\"aligncenter size-large\"><a href=\"https:\/\/liebke-foto.de\/maerkischeslicht\/wp-content\/uploads\/2023\/05\/Friedhof_FZ26826_C1.jpg\"><img loading=\"lazy\" decoding=\"async\" width=\"1200\" height=\"800\" src=\"https:\/\/liebke-foto.de\/maerkischeslicht\/wp-content\/uploads\/2023\/05\/Friedhof_FZ26826_C1-1200x800.jpg\" alt=\"Grabst\u00e4tten auf dem Kirchhof von Blumenow\" class=\"wp-image-7215\" srcset=\"https:\/\/liebke-foto.de\/maerkischeslicht\/wp-content\/uploads\/2023\/05\/Friedhof_FZ26826_C1-1200x800.jpg 1200w, https:\/\/liebke-foto.de\/maerkischeslicht\/wp-content\/uploads\/2023\/05\/Friedhof_FZ26826_C1-768x512.jpg 768w, https:\/\/liebke-foto.de\/maerkischeslicht\/wp-content\/uploads\/2023\/05\/Friedhof_FZ26826_C1.jpg 1400w\" sizes=\"auto, (max-width: 1200px) 100vw, 1200px\" \/><\/a><figcaption class=\"wp-element-caption\">Grabst\u00e4tten auf dem Kirchhof von Blumenow<\/figcaption><\/figure>\n<\/div>\n\n<div class=\"wp-block-image\">\n<figure class=\"aligncenter size-large\"><a href=\"https:\/\/liebke-foto.de\/maerkischeslicht\/wp-content\/uploads\/2023\/05\/Schornstein_FZ26917_C1.jpg\"><img loading=\"lazy\" decoding=\"async\" width=\"1200\" height=\"800\" src=\"https:\/\/liebke-foto.de\/maerkischeslicht\/wp-content\/uploads\/2023\/05\/Schornstein_FZ26917_C1-1200x800.jpg\" alt=\"Selbst Parkplatzschilder sehen in Blumenow etwas anders aus ;) ,\nim Hintergrund der Schornstein der alten Fabrik, mit dem Stochennest\" class=\"wp-image-7228\" srcset=\"https:\/\/liebke-foto.de\/maerkischeslicht\/wp-content\/uploads\/2023\/05\/Schornstein_FZ26917_C1-1200x800.jpg 1200w, https:\/\/liebke-foto.de\/maerkischeslicht\/wp-content\/uploads\/2023\/05\/Schornstein_FZ26917_C1-768x512.jpg 768w, https:\/\/liebke-foto.de\/maerkischeslicht\/wp-content\/uploads\/2023\/05\/Schornstein_FZ26917_C1.jpg 1400w\" sizes=\"auto, (max-width: 1200px) 100vw, 1200px\" \/><\/a><figcaption class=\"wp-element-caption\">Selbst Parkplatzschilder sehen in Blumenow etwas anders aus \ud83d\ude09 ,<br \/>im Hintergrund der Schornstein der alten Fabrik, mit dem Stochennest<\/figcaption><\/figure>\n<\/div>\n\n<div class=\"wp-block-image\">\n<figure class=\"aligncenter size-full\"><a href=\"https:\/\/liebke-foto.de\/maerkischeslicht\/wp-content\/uploads\/2023\/05\/Stoerche_FLZ0239_C1.jpg\"><img loading=\"lazy\" decoding=\"async\" width=\"1400\" height=\"947\" src=\"https:\/\/liebke-foto.de\/maerkischeslicht\/wp-content\/uploads\/2023\/05\/Stoerche_FLZ0239_C1.jpg\" alt=\"Fr\u00f6hliches Geklapper beim Heransegeln des Altstorchs auf dem Blumenower Nest\" class=\"wp-image-7230\" srcset=\"https:\/\/liebke-foto.de\/maerkischeslicht\/wp-content\/uploads\/2023\/05\/Stoerche_FLZ0239_C1.jpg 1400w, https:\/\/liebke-foto.de\/maerkischeslicht\/wp-content\/uploads\/2023\/05\/Stoerche_FLZ0239_C1-1183x800.jpg 1183w, https:\/\/liebke-foto.de\/maerkischeslicht\/wp-content\/uploads\/2023\/05\/Stoerche_FLZ0239_C1-768x519.jpg 768w\" sizes=\"auto, (max-width: 1400px) 100vw, 1400px\" \/><\/a><figcaption class=\"wp-element-caption\">Fr\u00f6hliches Geklapper beim Heransegeln des Altstorchs auf dem Blumenower Nest<\/figcaption><\/figure>\n<\/div>\n\n<div class=\"wp-block-image\">\n<figure class=\"aligncenter size-large\"><a href=\"https:\/\/liebke-foto.de\/maerkischeslicht\/wp-content\/uploads\/2023\/05\/Schaukel_FZ26906_C1.jpg\"><img loading=\"lazy\" decoding=\"async\" width=\"1200\" height=\"800\" src=\"https:\/\/liebke-foto.de\/maerkischeslicht\/wp-content\/uploads\/2023\/05\/Schaukel_FZ26906_C1-1200x800.jpg\" alt=\"Eine Schaukel l\u00e4dt nicht nur Kinder ein...\" class=\"wp-image-7227\" srcset=\"https:\/\/liebke-foto.de\/maerkischeslicht\/wp-content\/uploads\/2023\/05\/Schaukel_FZ26906_C1-1200x800.jpg 1200w, https:\/\/liebke-foto.de\/maerkischeslicht\/wp-content\/uploads\/2023\/05\/Schaukel_FZ26906_C1-768x512.jpg 768w, https:\/\/liebke-foto.de\/maerkischeslicht\/wp-content\/uploads\/2023\/05\/Schaukel_FZ26906_C1.jpg 1400w\" sizes=\"auto, (max-width: 1200px) 100vw, 1200px\" \/><\/a><figcaption class=\"wp-element-caption\">Eine Schaukel l\u00e4dt nicht nur Kinder ein&#8230;<\/figcaption><\/figure>\n<\/div>\n\n<div class=\"wp-block-image\">\n<figure class=\"aligncenter size-large\"><a href=\"https:\/\/liebke-foto.de\/maerkischeslicht\/wp-content\/uploads\/2023\/05\/Lucy_Schaukel_FZ26885_C1.jpg\"><img loading=\"lazy\" decoding=\"async\" width=\"1200\" height=\"800\" src=\"https:\/\/liebke-foto.de\/maerkischeslicht\/wp-content\/uploads\/2023\/05\/Lucy_Schaukel_FZ26885_C1-1200x800.jpg\" alt=\"...denn es ist gut, wenn das Kind in uns leben darf. Gerade auch auf einer Schaukel in Blumenow.\" class=\"wp-image-7223\" srcset=\"https:\/\/liebke-foto.de\/maerkischeslicht\/wp-content\/uploads\/2023\/05\/Lucy_Schaukel_FZ26885_C1-1200x800.jpg 1200w, https:\/\/liebke-foto.de\/maerkischeslicht\/wp-content\/uploads\/2023\/05\/Lucy_Schaukel_FZ26885_C1-768x512.jpg 768w, https:\/\/liebke-foto.de\/maerkischeslicht\/wp-content\/uploads\/2023\/05\/Lucy_Schaukel_FZ26885_C1.jpg 1400w\" sizes=\"auto, (max-width: 1200px) 100vw, 1200px\" \/><\/a><figcaption class=\"wp-element-caption\">&#8230;denn es ist gut, wenn das Kind in uns leben darf. Gerade auch auf einer Schaukel in Blumenow.<\/figcaption><\/figure>\n<\/div>\n\n<div class=\"wp-block-image\">\n<figure class=\"aligncenter size-large\"><a href=\"https:\/\/liebke-foto.de\/maerkischeslicht\/wp-content\/uploads\/2023\/05\/Teich_FZ26895_C1.jpg\"><img loading=\"lazy\" decoding=\"async\" width=\"1200\" height=\"800\" src=\"https:\/\/liebke-foto.de\/maerkischeslicht\/wp-content\/uploads\/2023\/05\/Teich_FZ26895_C1-1200x800.jpg\" alt=\"Ein Teich an einem Grundst\u00fcck in Blumenow.\" class=\"wp-image-7231\" srcset=\"https:\/\/liebke-foto.de\/maerkischeslicht\/wp-content\/uploads\/2023\/05\/Teich_FZ26895_C1-1200x800.jpg 1200w, https:\/\/liebke-foto.de\/maerkischeslicht\/wp-content\/uploads\/2023\/05\/Teich_FZ26895_C1-768x512.jpg 768w, https:\/\/liebke-foto.de\/maerkischeslicht\/wp-content\/uploads\/2023\/05\/Teich_FZ26895_C1.jpg 1400w\" sizes=\"auto, (max-width: 1200px) 100vw, 1200px\" \/><\/a><figcaption class=\"wp-element-caption\">Ein Teich an einem Grundst\u00fcck in Blumenow.<\/figcaption><\/figure>\n<\/div>\n\n<div class=\"wp-block-image\">\n<figure class=\"aligncenter size-large\"><a href=\"https:\/\/liebke-foto.de\/maerkischeslicht\/wp-content\/uploads\/2023\/05\/Boltenhof_Gut_FZ23886_C1.jpg\"><img loading=\"lazy\" decoding=\"async\" width=\"1200\" height=\"800\" src=\"https:\/\/liebke-foto.de\/maerkischeslicht\/wp-content\/uploads\/2023\/05\/Boltenhof_Gut_FZ23886_C1-1200x800.jpg\" alt=\"Gut Boltenhof. \" class=\"wp-image-7212\" srcset=\"https:\/\/liebke-foto.de\/maerkischeslicht\/wp-content\/uploads\/2023\/05\/Boltenhof_Gut_FZ23886_C1-1200x800.jpg 1200w, https:\/\/liebke-foto.de\/maerkischeslicht\/wp-content\/uploads\/2023\/05\/Boltenhof_Gut_FZ23886_C1-768x512.jpg 768w, https:\/\/liebke-foto.de\/maerkischeslicht\/wp-content\/uploads\/2023\/05\/Boltenhof_Gut_FZ23886_C1.jpg 1400w\" sizes=\"auto, (max-width: 1200px) 100vw, 1200px\" \/><\/a><figcaption class=\"wp-element-caption\">Gut Boltenhof. <\/figcaption><\/figure>\n<\/div>\n\n<div class=\"wp-block-image\">\n<figure class=\"aligncenter size-large\"><a href=\"https:\/\/liebke-foto.de\/maerkischeslicht\/wp-content\/uploads\/2023\/05\/Boltenhof_FZ23908_C1.jpg\"><img loading=\"lazy\" decoding=\"async\" width=\"1200\" height=\"800\" src=\"https:\/\/liebke-foto.de\/maerkischeslicht\/wp-content\/uploads\/2023\/05\/Boltenhof_FZ23908_C1-1200x800.jpg\" alt=\"Gut Boltenhof. Auf dem Gel\u00e4nde wird St\u00fcck um St\u00fcck erweitert, aber im l\u00e4ndlichen und behutsamen Sinn. Nachhaltigkeit ist das Stichwort.\" class=\"wp-image-7211\" srcset=\"https:\/\/liebke-foto.de\/maerkischeslicht\/wp-content\/uploads\/2023\/05\/Boltenhof_FZ23908_C1-1200x800.jpg 1200w, https:\/\/liebke-foto.de\/maerkischeslicht\/wp-content\/uploads\/2023\/05\/Boltenhof_FZ23908_C1-768x512.jpg 768w, https:\/\/liebke-foto.de\/maerkischeslicht\/wp-content\/uploads\/2023\/05\/Boltenhof_FZ23908_C1.jpg 1400w\" sizes=\"auto, (max-width: 1200px) 100vw, 1200px\" \/><\/a><figcaption class=\"wp-element-caption\">Gut Boltenhof. Auf dem Gel\u00e4nde wird St\u00fcck um St\u00fcck erweitert, aber im l\u00e4ndlichen und behutsamen Sinn. Nachhaltigkeit ist das Stichwort.<\/figcaption><\/figure>\n<\/div>\n\n<div class=\"wp-block-image\">\n<figure class=\"aligncenter size-large\"><a href=\"https:\/\/liebke-foto.de\/maerkischeslicht\/wp-content\/uploads\/2023\/05\/Lucy_Boltenh_FZ23897_C1.jpg\"><img loading=\"lazy\" decoding=\"async\" width=\"1200\" height=\"800\" src=\"https:\/\/liebke-foto.de\/maerkischeslicht\/wp-content\/uploads\/2023\/05\/Lucy_Boltenh_FZ23897_C1-1200x800.jpg\" alt=\"Patricia macht sich eifrig ihre Bildnotizen. Wir haben uns hier richtig wohl gef\u00fchlt.\" class=\"wp-image-7221\" srcset=\"https:\/\/liebke-foto.de\/maerkischeslicht\/wp-content\/uploads\/2023\/05\/Lucy_Boltenh_FZ23897_C1-1200x800.jpg 1200w, https:\/\/liebke-foto.de\/maerkischeslicht\/wp-content\/uploads\/2023\/05\/Lucy_Boltenh_FZ23897_C1-768x512.jpg 768w, https:\/\/liebke-foto.de\/maerkischeslicht\/wp-content\/uploads\/2023\/05\/Lucy_Boltenh_FZ23897_C1.jpg 1400w\" sizes=\"auto, (max-width: 1200px) 100vw, 1200px\" \/><\/a><figcaption class=\"wp-element-caption\">Patricia macht sich eifrig ihre Bildnotizen. Wir haben uns hier richtig wohl gef\u00fchlt.<\/figcaption><\/figure>\n<\/div>\n\n<div class=\"wp-block-image\">\n<figure class=\"aligncenter size-large\"><a href=\"https:\/\/liebke-foto.de\/maerkischeslicht\/wp-content\/uploads\/2023\/05\/Boltenhof_FZ23880_C1.jpg\"><img loading=\"lazy\" decoding=\"async\" width=\"1200\" height=\"800\" src=\"https:\/\/liebke-foto.de\/maerkischeslicht\/wp-content\/uploads\/2023\/05\/Boltenhof_FZ23880_C1-1200x800.jpg\" alt=\"Immer noch Gut Boltenhof.\" class=\"wp-image-7210\" srcset=\"https:\/\/liebke-foto.de\/maerkischeslicht\/wp-content\/uploads\/2023\/05\/Boltenhof_FZ23880_C1-1200x800.jpg 1200w, https:\/\/liebke-foto.de\/maerkischeslicht\/wp-content\/uploads\/2023\/05\/Boltenhof_FZ23880_C1-768x512.jpg 768w, https:\/\/liebke-foto.de\/maerkischeslicht\/wp-content\/uploads\/2023\/05\/Boltenhof_FZ23880_C1.jpg 1400w\" sizes=\"auto, (max-width: 1200px) 100vw, 1200px\" \/><\/a><figcaption class=\"wp-element-caption\">Immer noch Gut Boltenhof.<\/figcaption><\/figure>\n<\/div>\n\n<div class=\"wp-block-image\">\n<figure class=\"aligncenter size-full\"><a href=\"https:\/\/liebke-foto.de\/maerkischeslicht\/wp-content\/uploads\/2023\/05\/Boltenhof_FLZ0271_C1.jpg\"><img loading=\"lazy\" decoding=\"async\" width=\"1400\" height=\"933\" src=\"https:\/\/liebke-foto.de\/maerkischeslicht\/wp-content\/uploads\/2023\/05\/Boltenhof_FLZ0271_C1.jpg\" alt=\"\u00dcppig bl\u00fchende Stockrosen in Boltenhof.\" class=\"wp-image-7209\" srcset=\"https:\/\/liebke-foto.de\/maerkischeslicht\/wp-content\/uploads\/2023\/05\/Boltenhof_FLZ0271_C1.jpg 1400w, https:\/\/liebke-foto.de\/maerkischeslicht\/wp-content\/uploads\/2023\/05\/Boltenhof_FLZ0271_C1-1200x800.jpg 1200w, https:\/\/liebke-foto.de\/maerkischeslicht\/wp-content\/uploads\/2023\/05\/Boltenhof_FLZ0271_C1-768x512.jpg 768w\" sizes=\"auto, (max-width: 1400px) 100vw, 1400px\" \/><\/a><figcaption class=\"wp-element-caption\">\u00dcppig bl\u00fchende Stockrosen in Boltenhof.<\/figcaption><\/figure>\n<\/div>\n\n<div class=\"wp-block-image\">\n<figure class=\"aligncenter size-large\"><a href=\"https:\/\/liebke-foto.de\/maerkischeslicht\/wp-content\/uploads\/2023\/05\/Boltenhof_Wegweiser_FZ23925_C1.jpg\"><img loading=\"lazy\" decoding=\"async\" width=\"1200\" height=\"800\" src=\"https:\/\/liebke-foto.de\/maerkischeslicht\/wp-content\/uploads\/2023\/05\/Boltenhof_Wegweiser_FZ23925_C1-1200x800.jpg\" alt=\"\" class=\"wp-image-7214\" srcset=\"https:\/\/liebke-foto.de\/maerkischeslicht\/wp-content\/uploads\/2023\/05\/Boltenhof_Wegweiser_FZ23925_C1-1200x800.jpg 1200w, https:\/\/liebke-foto.de\/maerkischeslicht\/wp-content\/uploads\/2023\/05\/Boltenhof_Wegweiser_FZ23925_C1-768x512.jpg 768w, https:\/\/liebke-foto.de\/maerkischeslicht\/wp-content\/uploads\/2023\/05\/Boltenhof_Wegweiser_FZ23925_C1.jpg 1400w\" sizes=\"auto, (max-width: 1200px) 100vw, 1200px\" \/><\/a><figcaption class=\"wp-element-caption\">Keine Schmierereien sondern praktische Kunst&#8230;<\/figcaption><\/figure>\n<\/div>\n\n<div class=\"wp-block-image\">\n<figure class=\"aligncenter size-large\"><a href=\"https:\/\/liebke-foto.de\/maerkischeslicht\/wp-content\/uploads\/2023\/05\/Boltenhof_Wegweiser_FZ23893_C1.jpg\"><img loading=\"lazy\" decoding=\"async\" width=\"1200\" height=\"800\" src=\"https:\/\/liebke-foto.de\/maerkischeslicht\/wp-content\/uploads\/2023\/05\/Boltenhof_Wegweiser_FZ23893_C1-1200x800.jpg\" alt=\"... wie diese Hinweisschilder. Direkt und gleich auf die Hauswand gemalt. So geht Kreativit\u00e4t. Auf Gut Boltenhof.\" class=\"wp-image-7213\" srcset=\"https:\/\/liebke-foto.de\/maerkischeslicht\/wp-content\/uploads\/2023\/05\/Boltenhof_Wegweiser_FZ23893_C1-1200x800.jpg 1200w, https:\/\/liebke-foto.de\/maerkischeslicht\/wp-content\/uploads\/2023\/05\/Boltenhof_Wegweiser_FZ23893_C1-768x512.jpg 768w, https:\/\/liebke-foto.de\/maerkischeslicht\/wp-content\/uploads\/2023\/05\/Boltenhof_Wegweiser_FZ23893_C1.jpg 1400w\" sizes=\"auto, (max-width: 1200px) 100vw, 1200px\" \/><\/a><figcaption class=\"wp-element-caption\">&#8230; wie diese Hinweisschilder. Direkt und gleich auf die Hauswand gemalt. So geht Kreativit\u00e4t. Auf Gut Boltenhof.<\/figcaption><\/figure>\n<\/div>\n\n<div class=\"wp-block-image\">\n<figure class=\"aligncenter size-large\"><a href=\"https:\/\/liebke-foto.de\/maerkischeslicht\/wp-content\/uploads\/2023\/05\/Milchkanne_FZ23877_C1.jpg\"><img loading=\"lazy\" decoding=\"async\" width=\"1200\" height=\"800\" src=\"https:\/\/liebke-foto.de\/maerkischeslicht\/wp-content\/uploads\/2023\/05\/Milchkanne_FZ23877_C1-1200x800.jpg\" alt=\"Wer sagt dass ein Briefkasten auf dem Land eckig und h\u00e4sslich sein muss? In Boltenhof gibt es andere Beispiele, die uns spontan gefallen haben :)\" class=\"wp-image-7226\" srcset=\"https:\/\/liebke-foto.de\/maerkischeslicht\/wp-content\/uploads\/2023\/05\/Milchkanne_FZ23877_C1-1200x800.jpg 1200w, https:\/\/liebke-foto.de\/maerkischeslicht\/wp-content\/uploads\/2023\/05\/Milchkanne_FZ23877_C1-768x512.jpg 768w, https:\/\/liebke-foto.de\/maerkischeslicht\/wp-content\/uploads\/2023\/05\/Milchkanne_FZ23877_C1.jpg 1400w\" sizes=\"auto, (max-width: 1200px) 100vw, 1200px\" \/><\/a><figcaption class=\"wp-element-caption\">Wer sagt dass ein Briefkasten auf dem Land eckig und h\u00e4sslich sein muss? In Boltenhof gibt es andere Beispiele, die uns spontan gefallen haben \ud83d\ude42<\/figcaption><\/figure>\n<\/div>\n\n<div class=\"wp-block-image\">\n<figure class=\"aligncenter size-full\"><a href=\"https:\/\/liebke-foto.de\/maerkischeslicht\/wp-content\/uploads\/2023\/05\/Lucy_Sonnen_FLZ0338_C1.jpg\"><img loading=\"lazy\" decoding=\"async\" width=\"1400\" height=\"956\" src=\"https:\/\/liebke-foto.de\/maerkischeslicht\/wp-content\/uploads\/2023\/05\/Lucy_Sonnen_FLZ0338_C1.jpg\" alt=\"Einmal in einem Feld voller Sonnen stehen und tr\u00e4umen. Das kann man in Brandenburg. Aber immer mit R\u00fccksicht. Nie wurde von uns auch nur eine Pflanze besch\u00e4digt. Und schon gar keine Sonnenblumenstr\u00e4u\u00dfe einfach mitgenommen. Das gebietet der Anstand und Respekt vor der Arbeit und dem Eigentum der Landwirte!\" class=\"wp-image-7224\" srcset=\"https:\/\/liebke-foto.de\/maerkischeslicht\/wp-content\/uploads\/2023\/05\/Lucy_Sonnen_FLZ0338_C1.jpg 1400w, https:\/\/liebke-foto.de\/maerkischeslicht\/wp-content\/uploads\/2023\/05\/Lucy_Sonnen_FLZ0338_C1-1172x800.jpg 1172w, https:\/\/liebke-foto.de\/maerkischeslicht\/wp-content\/uploads\/2023\/05\/Lucy_Sonnen_FLZ0338_C1-768x524.jpg 768w\" sizes=\"auto, (max-width: 1400px) 100vw, 1400px\" \/><\/a><figcaption class=\"wp-element-caption\">Einmal in einem Feld voller Sonnen stehen und tr\u00e4umen. Das kann man in Brandenburg. Aber immer mit R\u00fccksicht. Nie wurde von uns auch nur eine Pflanze besch\u00e4digt. Und schon gar keine Sonnenblumenstr\u00e4u\u00dfe einfach mitgenommen. Das gebietet der Anstand und Respekt vor der Arbeit und dem Eigentum der Landwirte!<\/figcaption><\/figure>\n<\/div>\n\n<div class=\"wp-block-image\">\n<figure class=\"aligncenter size-large\"><a href=\"https:\/\/liebke-foto.de\/maerkischeslicht\/wp-content\/uploads\/2023\/05\/FZ26991_C1.jpg\"><img loading=\"lazy\" decoding=\"async\" width=\"1200\" height=\"800\" src=\"https:\/\/liebke-foto.de\/maerkischeslicht\/wp-content\/uploads\/2023\/05\/FZ26991_C1-1200x800.jpg\" alt=\"Elias Lieblingsplatz an der Havel, bei Blumenow. Unserer \u00fcbrigens auch :)\" class=\"wp-image-7249\" srcset=\"https:\/\/liebke-foto.de\/maerkischeslicht\/wp-content\/uploads\/2023\/05\/FZ26991_C1-1200x800.jpg 1200w, https:\/\/liebke-foto.de\/maerkischeslicht\/wp-content\/uploads\/2023\/05\/FZ26991_C1-768x512.jpg 768w, https:\/\/liebke-foto.de\/maerkischeslicht\/wp-content\/uploads\/2023\/05\/FZ26991_C1.jpg 1400w\" sizes=\"auto, (max-width: 1200px) 100vw, 1200px\" \/><\/a><figcaption class=\"wp-element-caption\">Elias Lieblingsplatz an der Havel, bei Blumenow. Unserer \u00fcbrigens auch \ud83d\ude42<\/figcaption><\/figure>\n<\/div>\n\n<div class=\"wp-block-image\">\n<figure class=\"aligncenter size-large\"><a href=\"https:\/\/liebke-foto.de\/maerkischeslicht\/wp-content\/uploads\/2023\/05\/Tonstich_FZ24036_C1.jpg\"><img loading=\"lazy\" decoding=\"async\" width=\"1200\" height=\"800\" src=\"https:\/\/liebke-foto.de\/maerkischeslicht\/wp-content\/uploads\/2023\/05\/Tonstich_FZ24036_C1-1200x800.jpg\" alt=\"In Zehdenick gibt es eine gro\u00dfe Fl\u00e4che Tonstiche, die nach dem Tonabbau mit Wasser vollgelaufen sind. Und nun ein nat\u00fcrliches Refugium f\u00fcr vielf\u00e4ltige Lebewesen.\" class=\"wp-image-7233\" srcset=\"https:\/\/liebke-foto.de\/maerkischeslicht\/wp-content\/uploads\/2023\/05\/Tonstich_FZ24036_C1-1200x800.jpg 1200w, https:\/\/liebke-foto.de\/maerkischeslicht\/wp-content\/uploads\/2023\/05\/Tonstich_FZ24036_C1-768x512.jpg 768w, https:\/\/liebke-foto.de\/maerkischeslicht\/wp-content\/uploads\/2023\/05\/Tonstich_FZ24036_C1.jpg 1400w\" sizes=\"auto, (max-width: 1200px) 100vw, 1200px\" \/><\/a><figcaption class=\"wp-element-caption\">In Zehdenick gibt es eine gro\u00dfe Fl\u00e4che Tonstiche, die nach dem Tonabbau mit Wasser vollgelaufen sind. Und nun ein nat\u00fcrliches Refugium f\u00fcr vielf\u00e4ltige Lebewesen.<\/figcaption><\/figure>\n<\/div>\n\n<div class=\"wp-block-image\">\n<figure class=\"aligncenter size-full\"><a href=\"https:\/\/liebke-foto.de\/maerkischeslicht\/wp-content\/uploads\/2023\/05\/Tonstich_FL87940_C1.jpg\"><img loading=\"lazy\" decoding=\"async\" width=\"1400\" height=\"934\" src=\"https:\/\/liebke-foto.de\/maerkischeslicht\/wp-content\/uploads\/2023\/05\/Tonstich_FL87940_C1.jpg\" alt=\"Und wenn sich \u00fcber die Zehdenicker Tonstiche der Abend zieht, haben nicht nur Romantiker eine sch\u00f6ne Zeit.\" class=\"wp-image-7232\" srcset=\"https:\/\/liebke-foto.de\/maerkischeslicht\/wp-content\/uploads\/2023\/05\/Tonstich_FL87940_C1.jpg 1400w, https:\/\/liebke-foto.de\/maerkischeslicht\/wp-content\/uploads\/2023\/05\/Tonstich_FL87940_C1-1199x800.jpg 1199w, https:\/\/liebke-foto.de\/maerkischeslicht\/wp-content\/uploads\/2023\/05\/Tonstich_FL87940_C1-768x512.jpg 768w\" sizes=\"auto, (max-width: 1400px) 100vw, 1400px\" \/><\/a><figcaption class=\"wp-element-caption\">Und wenn sich \u00fcber die Zehdenicker Tonstiche der Abend zieht, haben nicht nur Romantiker eine sch\u00f6ne Zeit.<\/figcaption><\/figure>\n<\/div>\n\n\n<div style=\"padding:20px\" class=\"wp-block-tnp-minimal\"><p>Subscribe to our newsletter!<\/p><div><div class=\"tnp tnp-subscription \">\n<form method=\"post\" action=\"https:\/\/liebke-foto.de\/maerkischeslicht\/wp-admin\/admin-ajax.php?action=tnp&amp;na=s\">\n<input type=\"hidden\" name=\"nlang\" value=\"\">\n<div class=\"tnp-field tnp-field-firstname\"><label for=\"tnp-1\">Vorname oder ganzer Name<\/label>\n<input class=\"tnp-name\" type=\"text\" name=\"nn\" id=\"tnp-1\" value=\"\" placeholder=\"\"><\/div>\n<div class=\"tnp-field tnp-field-email\"><label for=\"tnp-2\">Email<\/label>\n<input class=\"tnp-email\" type=\"email\" name=\"ne\" id=\"tnp-2\" value=\"\" placeholder=\"\" required><\/div>\n<div class=\"tnp-field tnp-privacy-field\"><label><input type=\"checkbox\" name=\"ny\" required class=\"tnp-privacy\"> Indem Du fortf\u00e4hrst, akzeptierst Du unsere Datenschutzerkl\u00e4rung.<\/label><\/div><div class=\"tnp-field tnp-field-button\" style=\"text-align: left\"><input class=\"tnp-submit\" type=\"submit\" value=\"Abonnieren\" style=\"\">\n<\/div>\n<\/form>\n<\/div>\n<\/div><\/div>\n\n\n\n\n","protected":false},"excerpt":{"rendered":"<p>\u201eMeerseide\u201c Handlungsorte der Romane von Paula Carlin (Patricia Koelle) Es hat unbestritten einen Vorteil, wenn man Lebensfreudegef\u00e4hrte der Schriftstellerin ist. Da darf ich&#8230;<\/p>\n","protected":false},"author":1,"featured_media":7225,"comment_status":"open","ping_status":"open","sticky":false,"template":"","format":"standard","meta":{"footnotes":""},"categories":[11,66,10,216],"tags":[127,224,21,223,126,225,67,28,222,20,165,221,227,228,26,226],"class_list":["post-7208","post","type-post","status-publish","format-standard","has-post-thumbnail","hentry","category-im-land-brandenburg-unterwegs","category-landpartie","category-landschaft-mark-brandenburg-oberhavel-barnim","category-lebensfreudegefaehrten","tag-blumenow","tag-boltenhof","tag-brandenburg","tag-diederichs-verlag","tag-gut-boltenhof","tag-himmelpfort","tag-mark-brandenburg","tag-maerkisches-licht","tag-meerseide","tag-oberhavel","tag-patricia-koelle","tag-paula-carlin","tag-tonstiche","tag-tonstichlandschaft","tag-wolken","tag-zehdenick"],"yoast_head":"<!-- This site is optimized with the Yoast SEO plugin v27.5 - https:\/\/yoast.com\/product\/yoast-seo-wordpress\/ -->\n<title>Eine Geschichte, die im n\u00f6rdlichen Oberhavel lebt - M\u00e4rkisches Licht - Der Fotograf der Stille<\/title>\n<meta name=\"description\" content=\"Eine Geschichte, die im n\u00f6rdlichen Oberhavel lebt. Mittendrin, im wundervollen Roman &quot;Meerseide&quot; von Paula Carlin, alias Patricia Koelle\" \/>\n<meta name=\"robots\" content=\"index, follow, max-snippet:-1, max-image-preview:large, max-video-preview:-1\" \/>\n<link rel=\"canonical\" href=\"https:\/\/liebke-foto.de\/maerkischeslicht\/eine-geschichte-die-im-noerdlichen-oberhavel-lebt\/\" \/>\n<meta property=\"og:locale\" content=\"de_DE\" \/>\n<meta property=\"og:type\" content=\"article\" \/>\n<meta property=\"og:title\" content=\"Eine Geschichte, die im n\u00f6rdlichen Oberhavel lebt - M\u00e4rkisches Licht - Der Fotograf der Stille\" \/>\n<meta property=\"og:description\" content=\"Eine Geschichte, die im n\u00f6rdlichen Oberhavel lebt. Mittendrin, im wundervollen Roman &quot;Meerseide&quot; von Paula Carlin, alias Patricia Koelle\" \/>\n<meta property=\"og:url\" content=\"https:\/\/liebke-foto.de\/maerkischeslicht\/eine-geschichte-die-im-noerdlichen-oberhavel-lebt\/\" \/>\n<meta property=\"og:site_name\" content=\"M\u00e4rkisches Licht - Der Fotograf der Stille\" \/>\n<meta property=\"article:published_time\" content=\"2023-05-14T16:15:29+00:00\" \/>\n<meta property=\"article:modified_time\" content=\"2024-02-21T11:46:57+00:00\" \/>\n<meta property=\"og:image\" content=\"https:\/\/liebke-foto.de\/maerkischeslicht\/wp-content\/uploads\/2023\/05\/Meerseidebuch_FZL8636_C1.jpg\" \/>\n\t<meta property=\"og:image:width\" content=\"1400\" \/>\n\t<meta property=\"og:image:height\" content=\"933\" \/>\n\t<meta property=\"og:image:type\" content=\"image\/jpeg\" \/>\n<meta name=\"author\" content=\"Frank Liebke\" \/>\n<meta name=\"twitter:card\" content=\"summary_large_image\" \/>\n<meta name=\"twitter:label1\" content=\"Verfasst von\" \/>\n\t<meta name=\"twitter:data1\" content=\"Frank Liebke\" \/>\n\t<meta name=\"twitter:label2\" content=\"Gesch\u00e4tzte Lesezeit\" \/>\n\t<meta name=\"twitter:data2\" content=\"4\u00a0Minuten\" \/>\n<script type=\"application\/ld+json\" class=\"yoast-schema-graph\">{\"@context\":\"https:\\\/\\\/schema.org\",\"@graph\":[{\"@type\":\"Article\",\"@id\":\"https:\\\/\\\/liebke-foto.de\\\/maerkischeslicht\\\/eine-geschichte-die-im-noerdlichen-oberhavel-lebt\\\/#article\",\"isPartOf\":{\"@id\":\"https:\\\/\\\/liebke-foto.de\\\/maerkischeslicht\\\/eine-geschichte-die-im-noerdlichen-oberhavel-lebt\\\/\"},\"author\":{\"name\":\"Frank Liebke\",\"@id\":\"https:\\\/\\\/liebke-foto.de\\\/maerkischeslicht\\\/#\\\/schema\\\/person\\\/d71108abc09a723daeeb8526a33137ee\"},\"headline\":\"Eine Geschichte, die im n\u00f6rdlichen Oberhavel lebt\",\"datePublished\":\"2023-05-14T16:15:29+00:00\",\"dateModified\":\"2024-02-21T11:46:57+00:00\",\"mainEntityOfPage\":{\"@id\":\"https:\\\/\\\/liebke-foto.de\\\/maerkischeslicht\\\/eine-geschichte-die-im-noerdlichen-oberhavel-lebt\\\/\"},\"wordCount\":806,\"commentCount\":13,\"publisher\":{\"@id\":\"https:\\\/\\\/liebke-foto.de\\\/maerkischeslicht\\\/#\\\/schema\\\/person\\\/d71108abc09a723daeeb8526a33137ee\"},\"image\":{\"@id\":\"https:\\\/\\\/liebke-foto.de\\\/maerkischeslicht\\\/eine-geschichte-die-im-noerdlichen-oberhavel-lebt\\\/#primaryimage\"},\"thumbnailUrl\":\"https:\\\/\\\/liebke-foto.de\\\/maerkischeslicht\\\/wp-content\\\/uploads\\\/2023\\\/05\\\/Meerseidebuch_FZL8636_C1.jpg\",\"keywords\":[\"Blumenow\",\"Boltenhof\",\"Brandenburg\",\"Diederichs-Verlag\",\"Gut Boltenhof\",\"Himmelpfort\",\"Mark Brandenburg\",\"M\u00e4rkisches Licht\",\"Meerseide\",\"Oberhavel\",\"Patricia Koelle\",\"Paula Carlin\",\"Tonstiche\",\"Tonstichlandschaft\",\"Wolken\",\"Zehdenick\"],\"articleSection\":[\"Im Land Brandenburg unterwegs\",\"LANDpartie, unterwegs in der Mark Brandenburg\",\"Landschaft\",\"Lebensfreudegef\u00e4hrten\"],\"inLanguage\":\"de\",\"potentialAction\":[{\"@type\":\"CommentAction\",\"name\":\"Comment\",\"target\":[\"https:\\\/\\\/liebke-foto.de\\\/maerkischeslicht\\\/eine-geschichte-die-im-noerdlichen-oberhavel-lebt\\\/#respond\"]}]},{\"@type\":\"WebPage\",\"@id\":\"https:\\\/\\\/liebke-foto.de\\\/maerkischeslicht\\\/eine-geschichte-die-im-noerdlichen-oberhavel-lebt\\\/\",\"url\":\"https:\\\/\\\/liebke-foto.de\\\/maerkischeslicht\\\/eine-geschichte-die-im-noerdlichen-oberhavel-lebt\\\/\",\"name\":\"Eine Geschichte, die im n\u00f6rdlichen Oberhavel lebt - M\u00e4rkisches Licht - Der Fotograf der Stille\",\"isPartOf\":{\"@id\":\"https:\\\/\\\/liebke-foto.de\\\/maerkischeslicht\\\/#website\"},\"primaryImageOfPage\":{\"@id\":\"https:\\\/\\\/liebke-foto.de\\\/maerkischeslicht\\\/eine-geschichte-die-im-noerdlichen-oberhavel-lebt\\\/#primaryimage\"},\"image\":{\"@id\":\"https:\\\/\\\/liebke-foto.de\\\/maerkischeslicht\\\/eine-geschichte-die-im-noerdlichen-oberhavel-lebt\\\/#primaryimage\"},\"thumbnailUrl\":\"https:\\\/\\\/liebke-foto.de\\\/maerkischeslicht\\\/wp-content\\\/uploads\\\/2023\\\/05\\\/Meerseidebuch_FZL8636_C1.jpg\",\"datePublished\":\"2023-05-14T16:15:29+00:00\",\"dateModified\":\"2024-02-21T11:46:57+00:00\",\"description\":\"Eine Geschichte, die im n\u00f6rdlichen Oberhavel lebt. Mittendrin, im wundervollen Roman \\\"Meerseide\\\" von Paula Carlin, alias Patricia Koelle\",\"breadcrumb\":{\"@id\":\"https:\\\/\\\/liebke-foto.de\\\/maerkischeslicht\\\/eine-geschichte-die-im-noerdlichen-oberhavel-lebt\\\/#breadcrumb\"},\"inLanguage\":\"de\",\"potentialAction\":[{\"@type\":\"ReadAction\",\"target\":[\"https:\\\/\\\/liebke-foto.de\\\/maerkischeslicht\\\/eine-geschichte-die-im-noerdlichen-oberhavel-lebt\\\/\"]}]},{\"@type\":\"ImageObject\",\"inLanguage\":\"de\",\"@id\":\"https:\\\/\\\/liebke-foto.de\\\/maerkischeslicht\\\/eine-geschichte-die-im-noerdlichen-oberhavel-lebt\\\/#primaryimage\",\"url\":\"https:\\\/\\\/liebke-foto.de\\\/maerkischeslicht\\\/wp-content\\\/uploads\\\/2023\\\/05\\\/Meerseidebuch_FZL8636_C1.jpg\",\"contentUrl\":\"https:\\\/\\\/liebke-foto.de\\\/maerkischeslicht\\\/wp-content\\\/uploads\\\/2023\\\/05\\\/Meerseidebuch_FZL8636_C1.jpg\",\"width\":1400,\"height\":933},{\"@type\":\"BreadcrumbList\",\"@id\":\"https:\\\/\\\/liebke-foto.de\\\/maerkischeslicht\\\/eine-geschichte-die-im-noerdlichen-oberhavel-lebt\\\/#breadcrumb\",\"itemListElement\":[{\"@type\":\"ListItem\",\"position\":1,\"name\":\"Startseite\",\"item\":\"https:\\\/\\\/liebke-foto.de\\\/maerkischeslicht\\\/\"},{\"@type\":\"ListItem\",\"position\":2,\"name\":\"Eine Geschichte, die im n\u00f6rdlichen Oberhavel lebt\"}]},{\"@type\":\"WebSite\",\"@id\":\"https:\\\/\\\/liebke-foto.de\\\/maerkischeslicht\\\/#website\",\"url\":\"https:\\\/\\\/liebke-foto.de\\\/maerkischeslicht\\\/\",\"name\":\"M\u00e4rkisches Licht - Der Fotograf der Stille\",\"description\":\"Die Liebe zum Leben...\",\"publisher\":{\"@id\":\"https:\\\/\\\/liebke-foto.de\\\/maerkischeslicht\\\/#\\\/schema\\\/person\\\/d71108abc09a723daeeb8526a33137ee\"},\"potentialAction\":[{\"@type\":\"SearchAction\",\"target\":{\"@type\":\"EntryPoint\",\"urlTemplate\":\"https:\\\/\\\/liebke-foto.de\\\/maerkischeslicht\\\/?s={search_term_string}\"},\"query-input\":{\"@type\":\"PropertyValueSpecification\",\"valueRequired\":true,\"valueName\":\"search_term_string\"}}],\"inLanguage\":\"de\"},{\"@type\":[\"Person\",\"Organization\"],\"@id\":\"https:\\\/\\\/liebke-foto.de\\\/maerkischeslicht\\\/#\\\/schema\\\/person\\\/d71108abc09a723daeeb8526a33137ee\",\"name\":\"Frank Liebke\",\"image\":{\"@type\":\"ImageObject\",\"inLanguage\":\"de\",\"@id\":\"https:\\\/\\\/liebke-foto.de\\\/maerkischeslicht\\\/wp-content\\\/uploads\\\/2021\\\/12\\\/IMG-20211024-WA0001.jpg\",\"url\":\"https:\\\/\\\/liebke-foto.de\\\/maerkischeslicht\\\/wp-content\\\/uploads\\\/2021\\\/12\\\/IMG-20211024-WA0001.jpg\",\"contentUrl\":\"https:\\\/\\\/liebke-foto.de\\\/maerkischeslicht\\\/wp-content\\\/uploads\\\/2021\\\/12\\\/IMG-20211024-WA0001.jpg\",\"width\":900,\"height\":1600,\"caption\":\"Frank Liebke\"},\"logo\":{\"@id\":\"https:\\\/\\\/liebke-foto.de\\\/maerkischeslicht\\\/wp-content\\\/uploads\\\/2021\\\/12\\\/IMG-20211024-WA0001.jpg\"},\"sameAs\":[\"https:\\\/\\\/liebke-foto.de\"],\"url\":\"https:\\\/\\\/liebke-foto.de\\\/maerkischeslicht\\\/author\\\/adminuser\\\/\"}]}<\/script>\n<!-- \/ Yoast SEO plugin. -->","yoast_head_json":{"title":"Eine Geschichte, die im n\u00f6rdlichen Oberhavel lebt - M\u00e4rkisches Licht - Der Fotograf der Stille","description":"Eine Geschichte, die im n\u00f6rdlichen Oberhavel lebt. Mittendrin, im wundervollen Roman \"Meerseide\" von Paula Carlin, alias Patricia Koelle","robots":{"index":"index","follow":"follow","max-snippet":"max-snippet:-1","max-image-preview":"max-image-preview:large","max-video-preview":"max-video-preview:-1"},"canonical":"https:\/\/liebke-foto.de\/maerkischeslicht\/eine-geschichte-die-im-noerdlichen-oberhavel-lebt\/","og_locale":"de_DE","og_type":"article","og_title":"Eine Geschichte, die im n\u00f6rdlichen Oberhavel lebt - M\u00e4rkisches Licht - Der Fotograf der Stille","og_description":"Eine Geschichte, die im n\u00f6rdlichen Oberhavel lebt. Mittendrin, im wundervollen Roman \"Meerseide\" von Paula Carlin, alias Patricia Koelle","og_url":"https:\/\/liebke-foto.de\/maerkischeslicht\/eine-geschichte-die-im-noerdlichen-oberhavel-lebt\/","og_site_name":"M\u00e4rkisches Licht - Der Fotograf der Stille","article_published_time":"2023-05-14T16:15:29+00:00","article_modified_time":"2024-02-21T11:46:57+00:00","og_image":[{"width":1400,"height":933,"url":"https:\/\/liebke-foto.de\/maerkischeslicht\/wp-content\/uploads\/2023\/05\/Meerseidebuch_FZL8636_C1.jpg","type":"image\/jpeg"}],"author":"Frank Liebke","twitter_card":"summary_large_image","twitter_misc":{"Verfasst von":"Frank Liebke","Gesch\u00e4tzte Lesezeit":"4\u00a0Minuten"},"schema":{"@context":"https:\/\/schema.org","@graph":[{"@type":"Article","@id":"https:\/\/liebke-foto.de\/maerkischeslicht\/eine-geschichte-die-im-noerdlichen-oberhavel-lebt\/#article","isPartOf":{"@id":"https:\/\/liebke-foto.de\/maerkischeslicht\/eine-geschichte-die-im-noerdlichen-oberhavel-lebt\/"},"author":{"name":"Frank Liebke","@id":"https:\/\/liebke-foto.de\/maerkischeslicht\/#\/schema\/person\/d71108abc09a723daeeb8526a33137ee"},"headline":"Eine Geschichte, die im n\u00f6rdlichen Oberhavel lebt","datePublished":"2023-05-14T16:15:29+00:00","dateModified":"2024-02-21T11:46:57+00:00","mainEntityOfPage":{"@id":"https:\/\/liebke-foto.de\/maerkischeslicht\/eine-geschichte-die-im-noerdlichen-oberhavel-lebt\/"},"wordCount":806,"commentCount":13,"publisher":{"@id":"https:\/\/liebke-foto.de\/maerkischeslicht\/#\/schema\/person\/d71108abc09a723daeeb8526a33137ee"},"image":{"@id":"https:\/\/liebke-foto.de\/maerkischeslicht\/eine-geschichte-die-im-noerdlichen-oberhavel-lebt\/#primaryimage"},"thumbnailUrl":"https:\/\/liebke-foto.de\/maerkischeslicht\/wp-content\/uploads\/2023\/05\/Meerseidebuch_FZL8636_C1.jpg","keywords":["Blumenow","Boltenhof","Brandenburg","Diederichs-Verlag","Gut Boltenhof","Himmelpfort","Mark Brandenburg","M\u00e4rkisches Licht","Meerseide","Oberhavel","Patricia Koelle","Paula Carlin","Tonstiche","Tonstichlandschaft","Wolken","Zehdenick"],"articleSection":["Im Land Brandenburg unterwegs","LANDpartie, unterwegs in der Mark Brandenburg","Landschaft","Lebensfreudegef\u00e4hrten"],"inLanguage":"de","potentialAction":[{"@type":"CommentAction","name":"Comment","target":["https:\/\/liebke-foto.de\/maerkischeslicht\/eine-geschichte-die-im-noerdlichen-oberhavel-lebt\/#respond"]}]},{"@type":"WebPage","@id":"https:\/\/liebke-foto.de\/maerkischeslicht\/eine-geschichte-die-im-noerdlichen-oberhavel-lebt\/","url":"https:\/\/liebke-foto.de\/maerkischeslicht\/eine-geschichte-die-im-noerdlichen-oberhavel-lebt\/","name":"Eine Geschichte, die im n\u00f6rdlichen Oberhavel lebt - M\u00e4rkisches Licht - Der Fotograf der Stille","isPartOf":{"@id":"https:\/\/liebke-foto.de\/maerkischeslicht\/#website"},"primaryImageOfPage":{"@id":"https:\/\/liebke-foto.de\/maerkischeslicht\/eine-geschichte-die-im-noerdlichen-oberhavel-lebt\/#primaryimage"},"image":{"@id":"https:\/\/liebke-foto.de\/maerkischeslicht\/eine-geschichte-die-im-noerdlichen-oberhavel-lebt\/#primaryimage"},"thumbnailUrl":"https:\/\/liebke-foto.de\/maerkischeslicht\/wp-content\/uploads\/2023\/05\/Meerseidebuch_FZL8636_C1.jpg","datePublished":"2023-05-14T16:15:29+00:00","dateModified":"2024-02-21T11:46:57+00:00","description":"Eine Geschichte, die im n\u00f6rdlichen Oberhavel lebt. Mittendrin, im wundervollen Roman \"Meerseide\" von Paula Carlin, alias Patricia Koelle","breadcrumb":{"@id":"https:\/\/liebke-foto.de\/maerkischeslicht\/eine-geschichte-die-im-noerdlichen-oberhavel-lebt\/#breadcrumb"},"inLanguage":"de","potentialAction":[{"@type":"ReadAction","target":["https:\/\/liebke-foto.de\/maerkischeslicht\/eine-geschichte-die-im-noerdlichen-oberhavel-lebt\/"]}]},{"@type":"ImageObject","inLanguage":"de","@id":"https:\/\/liebke-foto.de\/maerkischeslicht\/eine-geschichte-die-im-noerdlichen-oberhavel-lebt\/#primaryimage","url":"https:\/\/liebke-foto.de\/maerkischeslicht\/wp-content\/uploads\/2023\/05\/Meerseidebuch_FZL8636_C1.jpg","contentUrl":"https:\/\/liebke-foto.de\/maerkischeslicht\/wp-content\/uploads\/2023\/05\/Meerseidebuch_FZL8636_C1.jpg","width":1400,"height":933},{"@type":"BreadcrumbList","@id":"https:\/\/liebke-foto.de\/maerkischeslicht\/eine-geschichte-die-im-noerdlichen-oberhavel-lebt\/#breadcrumb","itemListElement":[{"@type":"ListItem","position":1,"name":"Startseite","item":"https:\/\/liebke-foto.de\/maerkischeslicht\/"},{"@type":"ListItem","position":2,"name":"Eine Geschichte, die im n\u00f6rdlichen Oberhavel lebt"}]},{"@type":"WebSite","@id":"https:\/\/liebke-foto.de\/maerkischeslicht\/#website","url":"https:\/\/liebke-foto.de\/maerkischeslicht\/","name":"M\u00e4rkisches Licht - Der Fotograf der Stille","description":"Die Liebe zum Leben...","publisher":{"@id":"https:\/\/liebke-foto.de\/maerkischeslicht\/#\/schema\/person\/d71108abc09a723daeeb8526a33137ee"},"potentialAction":[{"@type":"SearchAction","target":{"@type":"EntryPoint","urlTemplate":"https:\/\/liebke-foto.de\/maerkischeslicht\/?s={search_term_string}"},"query-input":{"@type":"PropertyValueSpecification","valueRequired":true,"valueName":"search_term_string"}}],"inLanguage":"de"},{"@type":["Person","Organization"],"@id":"https:\/\/liebke-foto.de\/maerkischeslicht\/#\/schema\/person\/d71108abc09a723daeeb8526a33137ee","name":"Frank Liebke","image":{"@type":"ImageObject","inLanguage":"de","@id":"https:\/\/liebke-foto.de\/maerkischeslicht\/wp-content\/uploads\/2021\/12\/IMG-20211024-WA0001.jpg","url":"https:\/\/liebke-foto.de\/maerkischeslicht\/wp-content\/uploads\/2021\/12\/IMG-20211024-WA0001.jpg","contentUrl":"https:\/\/liebke-foto.de\/maerkischeslicht\/wp-content\/uploads\/2021\/12\/IMG-20211024-WA0001.jpg","width":900,"height":1600,"caption":"Frank Liebke"},"logo":{"@id":"https:\/\/liebke-foto.de\/maerkischeslicht\/wp-content\/uploads\/2021\/12\/IMG-20211024-WA0001.jpg"},"sameAs":["https:\/\/liebke-foto.de"],"url":"https:\/\/liebke-foto.de\/maerkischeslicht\/author\/adminuser\/"}]}},"_links":{"self":[{"href":"https:\/\/liebke-foto.de\/maerkischeslicht\/wp-json\/wp\/v2\/posts\/7208","targetHints":{"allow":["GET"]}}],"collection":[{"href":"https:\/\/liebke-foto.de\/maerkischeslicht\/wp-json\/wp\/v2\/posts"}],"about":[{"href":"https:\/\/liebke-foto.de\/maerkischeslicht\/wp-json\/wp\/v2\/types\/post"}],"author":[{"embeddable":true,"href":"https:\/\/liebke-foto.de\/maerkischeslicht\/wp-json\/wp\/v2\/users\/1"}],"replies":[{"embeddable":true,"href":"https:\/\/liebke-foto.de\/maerkischeslicht\/wp-json\/wp\/v2\/comments?post=7208"}],"version-history":[{"count":14,"href":"https:\/\/liebke-foto.de\/maerkischeslicht\/wp-json\/wp\/v2\/posts\/7208\/revisions"}],"predecessor-version":[{"id":8283,"href":"https:\/\/liebke-foto.de\/maerkischeslicht\/wp-json\/wp\/v2\/posts\/7208\/revisions\/8283"}],"wp:featuredmedia":[{"embeddable":true,"href":"https:\/\/liebke-foto.de\/maerkischeslicht\/wp-json\/wp\/v2\/media\/7225"}],"wp:attachment":[{"href":"https:\/\/liebke-foto.de\/maerkischeslicht\/wp-json\/wp\/v2\/media?parent=7208"}],"wp:term":[{"taxonomy":"category","embeddable":true,"href":"https:\/\/liebke-foto.de\/maerkischeslicht\/wp-json\/wp\/v2\/categories?post=7208"},{"taxonomy":"post_tag","embeddable":true,"href":"https:\/\/liebke-foto.de\/maerkischeslicht\/wp-json\/wp\/v2\/tags?post=7208"}],"curies":[{"name":"wp","href":"https:\/\/api.w.org\/{rel}","templated":true}]}}