{"id":7010,"date":"2023-02-05T22:16:19","date_gmt":"2023-02-05T20:16:19","guid":{"rendered":"https:\/\/liebke-foto.de\/maerkischeslicht\/?p=7010"},"modified":"2024-07-22T13:11:46","modified_gmt":"2024-07-22T11:11:46","slug":"der-vergessene-blog-03-am-gross-schauener-see-sielmanns-naturlandschaften","status":"publish","type":"post","link":"https:\/\/liebke-foto.de\/maerkischeslicht\/der-vergessene-blog-03-am-gross-schauener-see-sielmanns-naturlandschaften\/","title":{"rendered":"Der vergessene Blog 03"},"content":{"rendered":"<div class=\"wp-block-image\">\n<figure class=\"aligncenter size-full\"><a href=\"https:\/\/liebke-foto.de\/maerkischeslicht\/wp-content\/uploads\/2023\/02\/FL81233_C1.jpg\"><img loading=\"lazy\" decoding=\"async\" width=\"1400\" height=\"934\" src=\"https:\/\/liebke-foto.de\/maerkischeslicht\/wp-content\/uploads\/2023\/02\/FL81233_C1.jpg\" alt=\"Am Gro\u00df Schauener See, &quot;Sielmanns Naturlandschaften&quot;\" class=\"wp-image-7031\" srcset=\"https:\/\/liebke-foto.de\/maerkischeslicht\/wp-content\/uploads\/2023\/02\/FL81233_C1.jpg 1400w, https:\/\/liebke-foto.de\/maerkischeslicht\/wp-content\/uploads\/2023\/02\/FL81233_C1-1199x800.jpg 1199w, https:\/\/liebke-foto.de\/maerkischeslicht\/wp-content\/uploads\/2023\/02\/FL81233_C1-768x512.jpg 768w\" sizes=\"auto, (max-width: 1400px) 100vw, 1400px\" \/><\/a><figcaption class=\"wp-element-caption\">Am Gro\u00df Schauener See, &#8222;Sielmanns Naturlandschaften&#8220;<\/figcaption><\/figure>\n<\/div>\n\n\n<h2 class=\"wp-block-heading\">Im Sommer 2016 an den Gro\u00df Schauener Seen bei Sielmanns Naturlandschaften<\/h2>\n\n\n\n<p>Wie immer in dieser neuen Rubrik gleich noch der <a href=\"https:\/\/liebke-foto.de\/maerkischeslicht\/der-vergessene-blog-01\/\" target=\"_blank\" rel=\"noreferrer noopener\">Link<\/a>, damit ich das nicht jedes Mal neu erkl\u00e4ren muss \ud83d\ude09 <\/p>\n\n\n\n<p>Die letzte DDR-Regierung nach der Wende hatte noch, bevor wir wieder ein Deutschland wurden, ihre Chance genutzt. Und mal etwas sehr Richtiges clever und umsichtig festgelegt. Die Ausweisung von gro\u00dfen Fl\u00e4chen als Naturpark und gesch\u00fctzte Natur. Es w\u00fcrde jetzt zu weit f\u00fchren, das detailiert zu bezeichnen, zumal ich da sicher nicht so sattelfest bin und alles richtig mache. Aber, ich denke, Ihr wisst was ich meine. Das kann man ja per Google alles finden und nachlesen.<\/p>\n\n\n\n<p>In meiner Jugend, begonnen auch schon in der Kindheit, hatte ich in Sta\u00dffurt an der Bode und in Aschersleben, meine Familie. Da bin ich aufgewachsen, viel Natur um mich und zum Gl\u00fcck Eltern, die selbst die Natur liebten. So hatte ich einen gro\u00dfen Freiraum, vorrausgesetzt die paar Pflichten wurden am Tag erf\u00fcllt. Und so trieb ich mich mit Freunden, meistens aber allein, in der weitl\u00e4ufigen Natur herum. Fing mit gro\u00dfer Ausdauer und Tricks, Stichlinge f\u00fcr unseren Gartenteich. <\/p>\n\n\n\n<p>Und liebte einfach mein Leben. Sp\u00e4ter, als ich mich f\u00fcr die Fotografie sehr stark interessierte, sparte ich mir eine erste Kamera. In der Lehrlingszeit wurde mein Traum, eine Spiegelreflex, dann endlich wahr. Dazu sp\u00e4ter ein 200er Tele und dazu ein Konverter. Der verdoppelte auf 400mm, das reichte f\u00fcr erste Schritte und Erfahrungen in der Tierfotografie. <\/p>\n\n\n\n<p>Wohlgemerkt, ich spreche von den 70er Jahren. Eine Zeit noch ohne Internet, Whatsapp und Facebook. Dazu Filmmaterial, eher grenzwertig f\u00fcr meine Leidenschaft der Farbfotografie. Hier in der DDR. Der Spruch zu den ORWO-Farbfilmen seinerzeit, &#8222;Sei nicht so empfindlich, greif zu ORWO&#8220;, sagte f\u00fcr Insider alles \ud83d\ude09 <\/p>\n\n\n\n<p>Meine Vorbilder in dieser Zeit waren die Tierfotografen Helmut Drechsler und Frank Bannasch. Herrn Drechsler konnte ich leider nie pers\u00f6nlich erleben, denn er starb bei einen misteri\u00f6sen Unfall in Afrika. In dem Jahr wurde ich gerade geboren. Herrn Bannasch aber erlebte ich bei einem Diavortrag im Klubhaus Sta\u00dffurt. Dort sah ich begeistert, wie gute Tierfotografie ist. <\/p>\n\n\n\n<p>Wir redeten danach miteinander und er lud mich spontan ein in sein zu Hause in Rathmannsdorf. Das war ein bleibendes Erlebnis f\u00fcr mich. Und ich lernte nochmals dass es bei aller Lust auf ein gutes Tierfoto nie!! dem Tier schaden darf! DAS habe ich absolut beherzigt und so wurde ich nicht noch ein weiterer uns\u00e4glicher Tierj\u00e4ger mit der Kamera. Nat\u00fcrlich nehme ich gern gebotene Bilder mit nach Hause, aber ohne Ansitz, ohne dem Tier zu nahe zu sein und zu schaden.<\/p>\n\n\n\n<p>Zu der Zeit gab es im Fernsehen genau 5 Programme. Zwei im Osten, drei im Westen. Und ja, ob es nun den Ost-Politikern passte oder nicht, wir waren West-Fernseher. Denn, was bei uns so gezeigt wurde, war leider oft zum fremdsch\u00e4men. Schon in den 60ern war f\u00fcr Naturliebhaber der name Grzimeck ein Begriff. Ich glaube, seine Sendung war zu der Zeit das Einzige zur Natur. <\/p>\n\n\n\n<p>In seiner Sendung zeigte er uns Filme von der Tierwelt in Afrika. Die sehr gut waren. <\/p>\n\n\n\n<p>Und dann kam Sielmann. Dieser Mann hatte sofort meine uneingeschr\u00e4nkte Sympatie. Auch der meiner Eltern. Und so war seine Sendung (selten leider) f\u00fcr mich spannender als alles andere. Und wir sa\u00dfen zusammen immer vor dem Fernseher. Er hatte diese sympatische Art, ihm nahm ich seine Liebe zur Natur und zu den Tieren immer gern ab. Glaubte ihm. <\/p>\n\n\n\n<p>Und entt\u00e4uschte nie! Nach der Wende sorgten er und seine Organisation zus\u00e4tzlich f\u00fcr die Schaffung von gesch\u00fctzten Naturr\u00e4umen. Und genau einer davon ist in der N\u00e4he von Storkow, am Gro\u00df Schauener See.<\/p>\n\n\n\n<p>Puhh, das war eine Geburt, was? \ud83d\ude00 Wer jetzt noch dabei ist, da danke ich. Und belohne nun endlich mit einer Vielzahl Bilder. In dem Jahr 2016 lebte ich in Zeesen bei K\u00f6nigs Wusterhausen. Eine meistens nicht so sch\u00f6ne Zeit. Und dar\u00fcber hinweg halfen meine Ausfl\u00fcge, kleine Expeditionen in Natur und Tierreich. <\/p>\n\n\n\n<p>An diesem Morgen wollte ich das Erwachen des Tages erleben. Und wurde mit sch\u00f6nsten Lichtspielen belohnt. Wie auf einer \u00fcbergro\u00dfen Theaterb\u00fchne wechselten die Lichter, die Natur selbst war der absolute &#8222;Star&#8220;. Und auch die Erlebnisse mit den tierischen Bewohnern waren gut auf &#8222;Augenh\u00f6he&#8220;. <\/p>\n\n\n\n<p>Nun, das sind meine Mitbringsel, genie\u00dft sie \ud83d\ude42<\/p>\n\n\n\n<p><\/p>\n\n\n<div class=\"wp-block-image\">\n<figure class=\"aligncenter size-large\"><a href=\"https:\/\/liebke-foto.de\/maerkischeslicht\/wp-content\/uploads\/2023\/02\/FL81131_C1.jpg\"><img loading=\"lazy\" decoding=\"async\" width=\"1199\" height=\"800\" src=\"https:\/\/liebke-foto.de\/maerkischeslicht\/wp-content\/uploads\/2023\/02\/FL81131_C1-1199x800.jpg\" alt=\"\" class=\"wp-image-7025\" srcset=\"https:\/\/liebke-foto.de\/maerkischeslicht\/wp-content\/uploads\/2023\/02\/FL81131_C1-1199x800.jpg 1199w, https:\/\/liebke-foto.de\/maerkischeslicht\/wp-content\/uploads\/2023\/02\/FL81131_C1-768x512.jpg 768w, https:\/\/liebke-foto.de\/maerkischeslicht\/wp-content\/uploads\/2023\/02\/FL81131_C1.jpg 1400w\" sizes=\"auto, (max-width: 1199px) 100vw, 1199px\" \/><\/a><figcaption class=\"wp-element-caption\">Zuerst wandelte sich das Grau im Himmel in die verschiedensten Rott\u00f6ne<\/figcaption><\/figure>\n<\/div>\n\n\n<p><\/p>\n\n\n<div class=\"wp-block-image\">\n<figure class=\"aligncenter size-full\"><a href=\"https:\/\/liebke-foto.de\/maerkischeslicht\/wp-content\/uploads\/2023\/02\/DSC7456_C1.jpg\"><img loading=\"lazy\" decoding=\"async\" width=\"1400\" height=\"754\" src=\"https:\/\/liebke-foto.de\/maerkischeslicht\/wp-content\/uploads\/2023\/02\/DSC7456_C1.jpg\" alt=\"\" class=\"wp-image-7011\" srcset=\"https:\/\/liebke-foto.de\/maerkischeslicht\/wp-content\/uploads\/2023\/02\/DSC7456_C1.jpg 1400w, https:\/\/liebke-foto.de\/maerkischeslicht\/wp-content\/uploads\/2023\/02\/DSC7456_C1-768x414.jpg 768w\" sizes=\"auto, (max-width: 1400px) 100vw, 1400px\" \/><\/a><figcaption class=\"wp-element-caption\">Graugansflug \u00fcber den Gro\u00df Schauener See<\/figcaption><\/figure>\n<\/div>\n\n<div class=\"wp-block-image\">\n<figure class=\"aligncenter size-large\"><a href=\"https:\/\/liebke-foto.de\/maerkischeslicht\/wp-content\/uploads\/2023\/02\/DSC7471_C1.jpg\"><img loading=\"lazy\" decoding=\"async\" width=\"1279\" height=\"800\" src=\"https:\/\/liebke-foto.de\/maerkischeslicht\/wp-content\/uploads\/2023\/02\/DSC7471_C1-1279x800.jpg\" alt=\"\" class=\"wp-image-7012\" srcset=\"https:\/\/liebke-foto.de\/maerkischeslicht\/wp-content\/uploads\/2023\/02\/DSC7471_C1-1279x800.jpg 1279w, https:\/\/liebke-foto.de\/maerkischeslicht\/wp-content\/uploads\/2023\/02\/DSC7471_C1-768x481.jpg 768w, https:\/\/liebke-foto.de\/maerkischeslicht\/wp-content\/uploads\/2023\/02\/DSC7471_C1-542x340.jpg 542w, https:\/\/liebke-foto.de\/maerkischeslicht\/wp-content\/uploads\/2023\/02\/DSC7471_C1.jpg 1400w\" sizes=\"auto, (max-width: 1279px) 100vw, 1279px\" \/><\/a><figcaption class=\"wp-element-caption\">Kraniche<\/figcaption><\/figure>\n<\/div>\n\n<div class=\"wp-block-image\">\n<figure class=\"aligncenter size-large\"><a href=\"https:\/\/liebke-foto.de\/maerkischeslicht\/wp-content\/uploads\/2023\/02\/DSC7503_C1.jpg\"><img loading=\"lazy\" decoding=\"async\" width=\"1198\" height=\"800\" src=\"https:\/\/liebke-foto.de\/maerkischeslicht\/wp-content\/uploads\/2023\/02\/DSC7503_C1-1198x800.jpg\" alt=\"\" class=\"wp-image-7013\" srcset=\"https:\/\/liebke-foto.de\/maerkischeslicht\/wp-content\/uploads\/2023\/02\/DSC7503_C1-1198x800.jpg 1198w, https:\/\/liebke-foto.de\/maerkischeslicht\/wp-content\/uploads\/2023\/02\/DSC7503_C1-768x513.jpg 768w, https:\/\/liebke-foto.de\/maerkischeslicht\/wp-content\/uploads\/2023\/02\/DSC7503_C1.jpg 1400w\" sizes=\"auto, (max-width: 1198px) 100vw, 1198px\" \/><\/a><figcaption class=\"wp-element-caption\">Gro\u00dfer Wochowsee<\/figcaption><\/figure>\n<\/div>\n\n<div class=\"wp-block-image\">\n<figure class=\"aligncenter size-large\"><a href=\"https:\/\/liebke-foto.de\/maerkischeslicht\/wp-content\/uploads\/2023\/02\/FL81133_C1.jpg\"><img loading=\"lazy\" decoding=\"async\" width=\"1199\" height=\"800\" src=\"https:\/\/liebke-foto.de\/maerkischeslicht\/wp-content\/uploads\/2023\/02\/FL81133_C1-1199x800.jpg\" alt=\"\" class=\"wp-image-7026\" srcset=\"https:\/\/liebke-foto.de\/maerkischeslicht\/wp-content\/uploads\/2023\/02\/FL81133_C1-1199x800.jpg 1199w, https:\/\/liebke-foto.de\/maerkischeslicht\/wp-content\/uploads\/2023\/02\/FL81133_C1-768x512.jpg 768w, https:\/\/liebke-foto.de\/maerkischeslicht\/wp-content\/uploads\/2023\/02\/FL81133_C1.jpg 1400w\" sizes=\"auto, (max-width: 1199px) 100vw, 1199px\" \/><\/a><figcaption class=\"wp-element-caption\">Dann konnte man bald erahnen, an welcher Stelle die Sonne \u00fcber den Horizont steigt, am Gro\u00df Schauener See<\/figcaption><\/figure>\n<\/div>\n\n<div class=\"wp-block-image\">\n<figure class=\"aligncenter size-large\"><a href=\"https:\/\/liebke-foto.de\/maerkischeslicht\/wp-content\/uploads\/2023\/02\/FL81176_C1.jpg\"><img loading=\"lazy\" decoding=\"async\" width=\"1199\" height=\"800\" src=\"https:\/\/liebke-foto.de\/maerkischeslicht\/wp-content\/uploads\/2023\/02\/FL81176_C1-1199x800.jpg\" alt=\"\" class=\"wp-image-7029\" srcset=\"https:\/\/liebke-foto.de\/maerkischeslicht\/wp-content\/uploads\/2023\/02\/FL81176_C1-1199x800.jpg 1199w, https:\/\/liebke-foto.de\/maerkischeslicht\/wp-content\/uploads\/2023\/02\/FL81176_C1-768x512.jpg 768w, https:\/\/liebke-foto.de\/maerkischeslicht\/wp-content\/uploads\/2023\/02\/FL81176_C1.jpg 1400w\" sizes=\"auto, (max-width: 1199px) 100vw, 1199px\" \/><\/a><figcaption class=\"wp-element-caption\">Gro\u00df Schauener See<\/figcaption><\/figure>\n<\/div>\n\n<div class=\"wp-block-image\">\n<figure class=\"aligncenter size-large\"><a href=\"https:\/\/liebke-foto.de\/maerkischeslicht\/wp-content\/uploads\/2023\/02\/FL81147_C1.jpg\"><img loading=\"lazy\" decoding=\"async\" width=\"1199\" height=\"800\" src=\"https:\/\/liebke-foto.de\/maerkischeslicht\/wp-content\/uploads\/2023\/02\/FL81147_C1-1199x800.jpg\" alt=\"\" class=\"wp-image-7027\" srcset=\"https:\/\/liebke-foto.de\/maerkischeslicht\/wp-content\/uploads\/2023\/02\/FL81147_C1-1199x800.jpg 1199w, https:\/\/liebke-foto.de\/maerkischeslicht\/wp-content\/uploads\/2023\/02\/FL81147_C1-768x512.jpg 768w, https:\/\/liebke-foto.de\/maerkischeslicht\/wp-content\/uploads\/2023\/02\/FL81147_C1.jpg 1400w\" sizes=\"auto, (max-width: 1199px) 100vw, 1199px\" \/><\/a><figcaption class=\"wp-element-caption\">Die Wolkendecke wurde immer wieder dichter, so dass es keinen Sonnenball am Horizont zu beobachten gab<\/figcaption><\/figure>\n<\/div>\n\n<div class=\"wp-block-image\">\n<figure class=\"aligncenter size-large\"><a href=\"https:\/\/liebke-foto.de\/maerkischeslicht\/wp-content\/uploads\/2023\/02\/DSC7617_C1.jpg\"><img loading=\"lazy\" decoding=\"async\" width=\"1198\" height=\"800\" src=\"https:\/\/liebke-foto.de\/maerkischeslicht\/wp-content\/uploads\/2023\/02\/DSC7617_C1-1198x800.jpg\" alt=\"\" class=\"wp-image-7017\" srcset=\"https:\/\/liebke-foto.de\/maerkischeslicht\/wp-content\/uploads\/2023\/02\/DSC7617_C1-1198x800.jpg 1198w, https:\/\/liebke-foto.de\/maerkischeslicht\/wp-content\/uploads\/2023\/02\/DSC7617_C1-768x513.jpg 768w, https:\/\/liebke-foto.de\/maerkischeslicht\/wp-content\/uploads\/2023\/02\/DSC7617_C1.jpg 1400w\" sizes=\"auto, (max-width: 1198px) 100vw, 1198px\" \/><\/a><figcaption class=\"wp-element-caption\">Fischer auf dem Gro\u00dfen Wochowsee<\/figcaption><\/figure>\n<\/div>\n\n<div class=\"wp-block-image\">\n<figure class=\"aligncenter size-large\"><a href=\"https:\/\/liebke-foto.de\/maerkischeslicht\/wp-content\/uploads\/2023\/02\/DSC7602_C1.jpg\"><img loading=\"lazy\" decoding=\"async\" width=\"1198\" height=\"800\" src=\"https:\/\/liebke-foto.de\/maerkischeslicht\/wp-content\/uploads\/2023\/02\/DSC7602_C1-1198x800.jpg\" alt=\"\" class=\"wp-image-7016\" srcset=\"https:\/\/liebke-foto.de\/maerkischeslicht\/wp-content\/uploads\/2023\/02\/DSC7602_C1-1198x800.jpg 1198w, https:\/\/liebke-foto.de\/maerkischeslicht\/wp-content\/uploads\/2023\/02\/DSC7602_C1-768x513.jpg 768w, https:\/\/liebke-foto.de\/maerkischeslicht\/wp-content\/uploads\/2023\/02\/DSC7602_C1.jpg 1400w\" sizes=\"auto, (max-width: 1198px) 100vw, 1198px\" \/><\/a><figcaption class=\"wp-element-caption\">Noch ein Fischer, Graureiher am Gro\u00dfen Wochowsee<\/figcaption><\/figure>\n<\/div>\n\n<div class=\"wp-block-image\">\n<figure class=\"aligncenter size-large\"><a href=\"https:\/\/liebke-foto.de\/maerkischeslicht\/wp-content\/uploads\/2023\/02\/DSC7575_C1.jpg\"><img loading=\"lazy\" decoding=\"async\" width=\"1198\" height=\"800\" src=\"https:\/\/liebke-foto.de\/maerkischeslicht\/wp-content\/uploads\/2023\/02\/DSC7575_C1-1198x800.jpg\" alt=\"\" class=\"wp-image-7015\" srcset=\"https:\/\/liebke-foto.de\/maerkischeslicht\/wp-content\/uploads\/2023\/02\/DSC7575_C1-1198x800.jpg 1198w, https:\/\/liebke-foto.de\/maerkischeslicht\/wp-content\/uploads\/2023\/02\/DSC7575_C1-768x513.jpg 768w, https:\/\/liebke-foto.de\/maerkischeslicht\/wp-content\/uploads\/2023\/02\/DSC7575_C1.jpg 1400w\" sizes=\"auto, (max-width: 1198px) 100vw, 1198px\" \/><\/a><figcaption class=\"wp-element-caption\">Morgennebel in Richtung Selchow<\/figcaption><\/figure>\n<\/div>\n\n<div class=\"wp-block-image\">\n<figure class=\"aligncenter size-large\"><a href=\"https:\/\/liebke-foto.de\/maerkischeslicht\/wp-content\/uploads\/2023\/02\/DSC7634_C1.jpg\"><img loading=\"lazy\" decoding=\"async\" width=\"1198\" height=\"800\" src=\"https:\/\/liebke-foto.de\/maerkischeslicht\/wp-content\/uploads\/2023\/02\/DSC7634_C1-1198x800.jpg\" alt=\"\" class=\"wp-image-7018\" srcset=\"https:\/\/liebke-foto.de\/maerkischeslicht\/wp-content\/uploads\/2023\/02\/DSC7634_C1-1198x800.jpg 1198w, https:\/\/liebke-foto.de\/maerkischeslicht\/wp-content\/uploads\/2023\/02\/DSC7634_C1-768x513.jpg 768w, https:\/\/liebke-foto.de\/maerkischeslicht\/wp-content\/uploads\/2023\/02\/DSC7634_C1.jpg 1400w\" sizes=\"auto, (max-width: 1198px) 100vw, 1198px\" \/><\/a><figcaption class=\"wp-element-caption\">Morgens am Gro\u00dfen Wochowsee, das f\u00fcr mich eigentliche und wervollste Gold. Das Licht, Sielmanns Naturlandschaften<\/figcaption><\/figure>\n<\/div>\n\n<div class=\"wp-block-image\">\n<figure class=\"aligncenter size-large\"><a href=\"https:\/\/liebke-foto.de\/maerkischeslicht\/wp-content\/uploads\/2023\/02\/DSC7640_C1.jpg\"><img loading=\"lazy\" decoding=\"async\" width=\"1198\" height=\"800\" src=\"https:\/\/liebke-foto.de\/maerkischeslicht\/wp-content\/uploads\/2023\/02\/DSC7640_C1-1198x800.jpg\" alt=\"\" class=\"wp-image-7019\" srcset=\"https:\/\/liebke-foto.de\/maerkischeslicht\/wp-content\/uploads\/2023\/02\/DSC7640_C1-1198x800.jpg 1198w, https:\/\/liebke-foto.de\/maerkischeslicht\/wp-content\/uploads\/2023\/02\/DSC7640_C1-768x513.jpg 768w, https:\/\/liebke-foto.de\/maerkischeslicht\/wp-content\/uploads\/2023\/02\/DSC7640_C1.jpg 1400w\" sizes=\"auto, (max-width: 1198px) 100vw, 1198px\" \/><\/a><figcaption class=\"wp-element-caption\">Gro\u00df Schauener See<\/figcaption><\/figure>\n<\/div>\n\n<div class=\"wp-block-image\">\n<figure class=\"aligncenter size-large\"><a href=\"https:\/\/liebke-foto.de\/maerkischeslicht\/wp-content\/uploads\/2023\/02\/DSC7649_C1.jpg\"><img loading=\"lazy\" decoding=\"async\" width=\"1198\" height=\"800\" src=\"https:\/\/liebke-foto.de\/maerkischeslicht\/wp-content\/uploads\/2023\/02\/DSC7649_C1-1198x800.jpg\" alt=\"\" class=\"wp-image-7020\" srcset=\"https:\/\/liebke-foto.de\/maerkischeslicht\/wp-content\/uploads\/2023\/02\/DSC7649_C1-1198x800.jpg 1198w, https:\/\/liebke-foto.de\/maerkischeslicht\/wp-content\/uploads\/2023\/02\/DSC7649_C1-768x513.jpg 768w, https:\/\/liebke-foto.de\/maerkischeslicht\/wp-content\/uploads\/2023\/02\/DSC7649_C1.jpg 1400w\" sizes=\"auto, (max-width: 1198px) 100vw, 1198px\" \/><\/a><figcaption class=\"wp-element-caption\">Kranich \u00fcber dem Gro\u00dfen Wochowsee<\/figcaption><\/figure>\n<\/div>\n\n<div class=\"wp-block-image\">\n<figure class=\"aligncenter size-large\"><a href=\"https:\/\/liebke-foto.de\/maerkischeslicht\/wp-content\/uploads\/2023\/02\/DSC7659_C1.jpg\"><img loading=\"lazy\" decoding=\"async\" width=\"1198\" height=\"800\" src=\"https:\/\/liebke-foto.de\/maerkischeslicht\/wp-content\/uploads\/2023\/02\/DSC7659_C1-1198x800.jpg\" alt=\"\" class=\"wp-image-7021\" srcset=\"https:\/\/liebke-foto.de\/maerkischeslicht\/wp-content\/uploads\/2023\/02\/DSC7659_C1-1198x800.jpg 1198w, https:\/\/liebke-foto.de\/maerkischeslicht\/wp-content\/uploads\/2023\/02\/DSC7659_C1-768x513.jpg 768w, https:\/\/liebke-foto.de\/maerkischeslicht\/wp-content\/uploads\/2023\/02\/DSC7659_C1.jpg 1400w\" sizes=\"auto, (max-width: 1198px) 100vw, 1198px\" \/><\/a><figcaption class=\"wp-element-caption\">Kraniche \u00fcber dem Gro\u00dfen Wochowsee, der Linke hat mich, trotz Abstand mit 500er Tele, erblickt.<\/figcaption><\/figure>\n<\/div>\n\n<div class=\"wp-block-image\">\n<figure class=\"aligncenter size-large\"><a href=\"https:\/\/liebke-foto.de\/maerkischeslicht\/wp-content\/uploads\/2023\/02\/FL81182_C1.jpg\"><img loading=\"lazy\" decoding=\"async\" width=\"1199\" height=\"800\" src=\"https:\/\/liebke-foto.de\/maerkischeslicht\/wp-content\/uploads\/2023\/02\/FL81182_C1-1199x800.jpg\" alt=\"\" class=\"wp-image-7030\" srcset=\"https:\/\/liebke-foto.de\/maerkischeslicht\/wp-content\/uploads\/2023\/02\/FL81182_C1-1199x800.jpg 1199w, https:\/\/liebke-foto.de\/maerkischeslicht\/wp-content\/uploads\/2023\/02\/FL81182_C1-768x512.jpg 768w, https:\/\/liebke-foto.de\/maerkischeslicht\/wp-content\/uploads\/2023\/02\/FL81182_C1.jpg 1400w\" sizes=\"auto, (max-width: 1199px) 100vw, 1199px\" \/><\/a><figcaption class=\"wp-element-caption\">Gro\u00df Schauener See, kein Sonnenball, aber Lichtspiele m\u00e4rchenhaft sch\u00f6n. Das erste Bild oben war dann aber auch der Knaller \ud83d\ude00<\/figcaption><\/figure>\n<\/div>\n\n<div class=\"wp-block-image\">\n<figure class=\"aligncenter size-large\"><a href=\"https:\/\/liebke-foto.de\/maerkischeslicht\/wp-content\/uploads\/2023\/02\/DSC7707_C1.jpg\"><img loading=\"lazy\" decoding=\"async\" width=\"1198\" height=\"800\" src=\"https:\/\/liebke-foto.de\/maerkischeslicht\/wp-content\/uploads\/2023\/02\/DSC7707_C1-1198x800.jpg\" alt=\"\" class=\"wp-image-7022\" srcset=\"https:\/\/liebke-foto.de\/maerkischeslicht\/wp-content\/uploads\/2023\/02\/DSC7707_C1-1198x800.jpg 1198w, https:\/\/liebke-foto.de\/maerkischeslicht\/wp-content\/uploads\/2023\/02\/DSC7707_C1-768x513.jpg 768w, https:\/\/liebke-foto.de\/maerkischeslicht\/wp-content\/uploads\/2023\/02\/DSC7707_C1.jpg 1400w\" sizes=\"auto, (max-width: 1198px) 100vw, 1198px\" \/><\/a><figcaption class=\"wp-element-caption\">Macrofotografie mit dem 500er. F\u00fcr mich sind diese Gesch\u00f6pfe der Natur die wirklichen Wunder.<\/figcaption><\/figure>\n<\/div>\n\n<div class=\"wp-block-image\">\n<figure class=\"aligncenter size-large\"><a href=\"https:\/\/liebke-foto.de\/maerkischeslicht\/wp-content\/uploads\/2023\/02\/DSC7714_C1.jpg\"><img loading=\"lazy\" decoding=\"async\" width=\"1198\" height=\"800\" src=\"https:\/\/liebke-foto.de\/maerkischeslicht\/wp-content\/uploads\/2023\/02\/DSC7714_C1-1198x800.jpg\" alt=\"\" class=\"wp-image-7023\" srcset=\"https:\/\/liebke-foto.de\/maerkischeslicht\/wp-content\/uploads\/2023\/02\/DSC7714_C1-1198x800.jpg 1198w, https:\/\/liebke-foto.de\/maerkischeslicht\/wp-content\/uploads\/2023\/02\/DSC7714_C1-768x513.jpg 768w, https:\/\/liebke-foto.de\/maerkischeslicht\/wp-content\/uploads\/2023\/02\/DSC7714_C1.jpg 1400w\" sizes=\"auto, (max-width: 1198px) 100vw, 1198px\" \/><\/a><\/figure>\n<\/div>\n\n\n<p><\/p>\n\n\n\n<p><\/p>\n\n\n<div class=\"wp-block-image\">\n<figure class=\"aligncenter size-large\"><a href=\"https:\/\/liebke-foto.de\/maerkischeslicht\/wp-content\/uploads\/2023\/02\/DSC7734_C1.jpg\"><img loading=\"lazy\" decoding=\"async\" width=\"1198\" height=\"800\" src=\"https:\/\/liebke-foto.de\/maerkischeslicht\/wp-content\/uploads\/2023\/02\/DSC7734_C1-1198x800.jpg\" alt=\"\" class=\"wp-image-7024\" srcset=\"https:\/\/liebke-foto.de\/maerkischeslicht\/wp-content\/uploads\/2023\/02\/DSC7734_C1-1198x800.jpg 1198w, https:\/\/liebke-foto.de\/maerkischeslicht\/wp-content\/uploads\/2023\/02\/DSC7734_C1-768x513.jpg 768w, https:\/\/liebke-foto.de\/maerkischeslicht\/wp-content\/uploads\/2023\/02\/DSC7734_C1.jpg 1400w\" sizes=\"auto, (max-width: 1198px) 100vw, 1198px\" \/><\/a><figcaption class=\"wp-element-caption\">Ich liebe diese filigranen Gr\u00e4ser, benetzt mit dem Tau des Morgens<\/figcaption><\/figure>\n<\/div>","protected":false},"excerpt":{"rendered":"<p>Im Sommer 2016 an den Gro\u00df Schauener Seen bei Sielmanns Naturlandschaften Wie immer in dieser neuen Rubrik gleich noch der Link, damit ich&#8230;<\/p>\n","protected":false},"author":1,"featured_media":7031,"comment_status":"open","ping_status":"open","sticky":false,"template":"","format":"image","meta":{"footnotes":""},"categories":[215,11,10],"tags":[21,76,67,28,75,26],"class_list":["post-7010","post","type-post","status-publish","format-image","has-post-thumbnail","hentry","category-der-vergessene-blog","category-im-land-brandenburg-unterwegs","category-landschaft-mark-brandenburg-oberhavel-barnim","tag-brandenburg","tag-gross-schauener-seen","tag-mark-brandenburg","tag-maerkisches-licht","tag-sielmanns-naturlandschaften","tag-wolken","post_format-post-format-image"],"yoast_head":"<!-- This site is optimized with the Yoast SEO plugin v27.4 - https:\/\/yoast.com\/product\/yoast-seo-wordpress\/ -->\n<title>Der vergessene Blog 03 - M\u00e4rkisches Licht - Der Fotograf der Stille<\/title>\n<meta name=\"description\" content=\"Der vergessene Blog 03 Am Gro\u00df Schauener See &quot;Sielmanns Naturlandschaften&quot;\" \/>\n<meta name=\"robots\" content=\"index, follow, max-snippet:-1, max-image-preview:large, max-video-preview:-1\" \/>\n<link rel=\"canonical\" href=\"https:\/\/liebke-foto.de\/maerkischeslicht\/der-vergessene-blog-03-am-gross-schauener-see-sielmanns-naturlandschaften\/\" \/>\n<meta property=\"og:locale\" content=\"de_DE\" \/>\n<meta property=\"og:type\" content=\"article\" \/>\n<meta property=\"og:title\" content=\"Der vergessene Blog 03 - M\u00e4rkisches Licht - Der Fotograf der Stille\" \/>\n<meta property=\"og:description\" content=\"Der vergessene Blog 03 Am Gro\u00df Schauener See &quot;Sielmanns Naturlandschaften&quot;\" \/>\n<meta property=\"og:url\" content=\"https:\/\/liebke-foto.de\/maerkischeslicht\/der-vergessene-blog-03-am-gross-schauener-see-sielmanns-naturlandschaften\/\" \/>\n<meta property=\"og:site_name\" content=\"M\u00e4rkisches Licht - Der Fotograf der Stille\" \/>\n<meta property=\"article:published_time\" content=\"2023-02-05T20:16:19+00:00\" \/>\n<meta property=\"article:modified_time\" content=\"2024-07-22T11:11:46+00:00\" \/>\n<meta property=\"og:image\" content=\"https:\/\/liebke-foto.de\/maerkischeslicht\/wp-content\/uploads\/2023\/02\/FL81233_C1.jpg\" \/>\n\t<meta property=\"og:image:width\" content=\"1400\" \/>\n\t<meta property=\"og:image:height\" content=\"934\" \/>\n\t<meta property=\"og:image:type\" content=\"image\/jpeg\" \/>\n<meta name=\"author\" content=\"Frank Liebke\" \/>\n<meta name=\"twitter:card\" content=\"summary_large_image\" \/>\n<meta name=\"twitter:label1\" content=\"Verfasst von\" \/>\n\t<meta name=\"twitter:data1\" content=\"Frank Liebke\" \/>\n\t<meta name=\"twitter:label2\" content=\"Gesch\u00e4tzte Lesezeit\" \/>\n\t<meta name=\"twitter:data2\" content=\"5\u00a0Minuten\" \/>\n<script type=\"application\/ld+json\" class=\"yoast-schema-graph\">{\"@context\":\"https:\\\/\\\/schema.org\",\"@graph\":[{\"@type\":\"Article\",\"@id\":\"https:\\\/\\\/liebke-foto.de\\\/maerkischeslicht\\\/der-vergessene-blog-03-am-gross-schauener-see-sielmanns-naturlandschaften\\\/#article\",\"isPartOf\":{\"@id\":\"https:\\\/\\\/liebke-foto.de\\\/maerkischeslicht\\\/der-vergessene-blog-03-am-gross-schauener-see-sielmanns-naturlandschaften\\\/\"},\"author\":{\"name\":\"Frank Liebke\",\"@id\":\"https:\\\/\\\/liebke-foto.de\\\/maerkischeslicht\\\/#\\\/schema\\\/person\\\/d71108abc09a723daeeb8526a33137ee\"},\"headline\":\"Der vergessene Blog 03\",\"datePublished\":\"2023-02-05T20:16:19+00:00\",\"dateModified\":\"2024-07-22T11:11:46+00:00\",\"mainEntityOfPage\":{\"@id\":\"https:\\\/\\\/liebke-foto.de\\\/maerkischeslicht\\\/der-vergessene-blog-03-am-gross-schauener-see-sielmanns-naturlandschaften\\\/\"},\"wordCount\":913,\"commentCount\":11,\"publisher\":{\"@id\":\"https:\\\/\\\/liebke-foto.de\\\/maerkischeslicht\\\/#\\\/schema\\\/person\\\/d71108abc09a723daeeb8526a33137ee\"},\"image\":{\"@id\":\"https:\\\/\\\/liebke-foto.de\\\/maerkischeslicht\\\/der-vergessene-blog-03-am-gross-schauener-see-sielmanns-naturlandschaften\\\/#primaryimage\"},\"thumbnailUrl\":\"https:\\\/\\\/liebke-foto.de\\\/maerkischeslicht\\\/wp-content\\\/uploads\\\/2023\\\/02\\\/FL81233_C1.jpg\",\"keywords\":[\"Brandenburg\",\"Gro\u00df Schauener Seen\",\"Mark Brandenburg\",\"M\u00e4rkisches Licht\",\"Sielmanns Naturlandschaften\",\"Wolken\"],\"articleSection\":[\"Der vergessene Blog\",\"Im Land Brandenburg unterwegs\",\"Landschaft\"],\"inLanguage\":\"de\",\"potentialAction\":[{\"@type\":\"CommentAction\",\"name\":\"Comment\",\"target\":[\"https:\\\/\\\/liebke-foto.de\\\/maerkischeslicht\\\/der-vergessene-blog-03-am-gross-schauener-see-sielmanns-naturlandschaften\\\/#respond\"]}]},{\"@type\":\"WebPage\",\"@id\":\"https:\\\/\\\/liebke-foto.de\\\/maerkischeslicht\\\/der-vergessene-blog-03-am-gross-schauener-see-sielmanns-naturlandschaften\\\/\",\"url\":\"https:\\\/\\\/liebke-foto.de\\\/maerkischeslicht\\\/der-vergessene-blog-03-am-gross-schauener-see-sielmanns-naturlandschaften\\\/\",\"name\":\"Der vergessene Blog 03 - M\u00e4rkisches Licht - Der Fotograf der Stille\",\"isPartOf\":{\"@id\":\"https:\\\/\\\/liebke-foto.de\\\/maerkischeslicht\\\/#website\"},\"primaryImageOfPage\":{\"@id\":\"https:\\\/\\\/liebke-foto.de\\\/maerkischeslicht\\\/der-vergessene-blog-03-am-gross-schauener-see-sielmanns-naturlandschaften\\\/#primaryimage\"},\"image\":{\"@id\":\"https:\\\/\\\/liebke-foto.de\\\/maerkischeslicht\\\/der-vergessene-blog-03-am-gross-schauener-see-sielmanns-naturlandschaften\\\/#primaryimage\"},\"thumbnailUrl\":\"https:\\\/\\\/liebke-foto.de\\\/maerkischeslicht\\\/wp-content\\\/uploads\\\/2023\\\/02\\\/FL81233_C1.jpg\",\"datePublished\":\"2023-02-05T20:16:19+00:00\",\"dateModified\":\"2024-07-22T11:11:46+00:00\",\"description\":\"Der vergessene Blog 03 Am Gro\u00df Schauener See \\\"Sielmanns Naturlandschaften\\\"\",\"breadcrumb\":{\"@id\":\"https:\\\/\\\/liebke-foto.de\\\/maerkischeslicht\\\/der-vergessene-blog-03-am-gross-schauener-see-sielmanns-naturlandschaften\\\/#breadcrumb\"},\"inLanguage\":\"de\",\"potentialAction\":[{\"@type\":\"ReadAction\",\"target\":[\"https:\\\/\\\/liebke-foto.de\\\/maerkischeslicht\\\/der-vergessene-blog-03-am-gross-schauener-see-sielmanns-naturlandschaften\\\/\"]}]},{\"@type\":\"ImageObject\",\"inLanguage\":\"de\",\"@id\":\"https:\\\/\\\/liebke-foto.de\\\/maerkischeslicht\\\/der-vergessene-blog-03-am-gross-schauener-see-sielmanns-naturlandschaften\\\/#primaryimage\",\"url\":\"https:\\\/\\\/liebke-foto.de\\\/maerkischeslicht\\\/wp-content\\\/uploads\\\/2023\\\/02\\\/FL81233_C1.jpg\",\"contentUrl\":\"https:\\\/\\\/liebke-foto.de\\\/maerkischeslicht\\\/wp-content\\\/uploads\\\/2023\\\/02\\\/FL81233_C1.jpg\",\"width\":1400,\"height\":934,\"caption\":\"Am Gro\u00df Schauener See, \\\"Sielmanns Naturlandschaften\\\"\"},{\"@type\":\"BreadcrumbList\",\"@id\":\"https:\\\/\\\/liebke-foto.de\\\/maerkischeslicht\\\/der-vergessene-blog-03-am-gross-schauener-see-sielmanns-naturlandschaften\\\/#breadcrumb\",\"itemListElement\":[{\"@type\":\"ListItem\",\"position\":1,\"name\":\"Startseite\",\"item\":\"https:\\\/\\\/liebke-foto.de\\\/maerkischeslicht\\\/\"},{\"@type\":\"ListItem\",\"position\":2,\"name\":\"Der vergessene Blog 03\"}]},{\"@type\":\"WebSite\",\"@id\":\"https:\\\/\\\/liebke-foto.de\\\/maerkischeslicht\\\/#website\",\"url\":\"https:\\\/\\\/liebke-foto.de\\\/maerkischeslicht\\\/\",\"name\":\"M\u00e4rkisches Licht - Der Fotograf der Stille\",\"description\":\"Die Liebe zum Leben...\",\"publisher\":{\"@id\":\"https:\\\/\\\/liebke-foto.de\\\/maerkischeslicht\\\/#\\\/schema\\\/person\\\/d71108abc09a723daeeb8526a33137ee\"},\"potentialAction\":[{\"@type\":\"SearchAction\",\"target\":{\"@type\":\"EntryPoint\",\"urlTemplate\":\"https:\\\/\\\/liebke-foto.de\\\/maerkischeslicht\\\/?s={search_term_string}\"},\"query-input\":{\"@type\":\"PropertyValueSpecification\",\"valueRequired\":true,\"valueName\":\"search_term_string\"}}],\"inLanguage\":\"de\"},{\"@type\":[\"Person\",\"Organization\"],\"@id\":\"https:\\\/\\\/liebke-foto.de\\\/maerkischeslicht\\\/#\\\/schema\\\/person\\\/d71108abc09a723daeeb8526a33137ee\",\"name\":\"Frank Liebke\",\"image\":{\"@type\":\"ImageObject\",\"inLanguage\":\"de\",\"@id\":\"https:\\\/\\\/liebke-foto.de\\\/maerkischeslicht\\\/wp-content\\\/uploads\\\/2021\\\/12\\\/IMG-20211024-WA0001.jpg\",\"url\":\"https:\\\/\\\/liebke-foto.de\\\/maerkischeslicht\\\/wp-content\\\/uploads\\\/2021\\\/12\\\/IMG-20211024-WA0001.jpg\",\"contentUrl\":\"https:\\\/\\\/liebke-foto.de\\\/maerkischeslicht\\\/wp-content\\\/uploads\\\/2021\\\/12\\\/IMG-20211024-WA0001.jpg\",\"width\":900,\"height\":1600,\"caption\":\"Frank Liebke\"},\"logo\":{\"@id\":\"https:\\\/\\\/liebke-foto.de\\\/maerkischeslicht\\\/wp-content\\\/uploads\\\/2021\\\/12\\\/IMG-20211024-WA0001.jpg\"},\"sameAs\":[\"https:\\\/\\\/liebke-foto.de\"],\"url\":\"https:\\\/\\\/liebke-foto.de\\\/maerkischeslicht\\\/author\\\/adminuser\\\/\"}]}<\/script>\n<!-- \/ Yoast SEO plugin. -->","yoast_head_json":{"title":"Der vergessene Blog 03 - M\u00e4rkisches Licht - Der Fotograf der Stille","description":"Der vergessene Blog 03 Am Gro\u00df Schauener See \"Sielmanns Naturlandschaften\"","robots":{"index":"index","follow":"follow","max-snippet":"max-snippet:-1","max-image-preview":"max-image-preview:large","max-video-preview":"max-video-preview:-1"},"canonical":"https:\/\/liebke-foto.de\/maerkischeslicht\/der-vergessene-blog-03-am-gross-schauener-see-sielmanns-naturlandschaften\/","og_locale":"de_DE","og_type":"article","og_title":"Der vergessene Blog 03 - M\u00e4rkisches Licht - Der Fotograf der Stille","og_description":"Der vergessene Blog 03 Am Gro\u00df Schauener See \"Sielmanns Naturlandschaften\"","og_url":"https:\/\/liebke-foto.de\/maerkischeslicht\/der-vergessene-blog-03-am-gross-schauener-see-sielmanns-naturlandschaften\/","og_site_name":"M\u00e4rkisches Licht - Der Fotograf der Stille","article_published_time":"2023-02-05T20:16:19+00:00","article_modified_time":"2024-07-22T11:11:46+00:00","og_image":[{"width":1400,"height":934,"url":"https:\/\/liebke-foto.de\/maerkischeslicht\/wp-content\/uploads\/2023\/02\/FL81233_C1.jpg","type":"image\/jpeg"}],"author":"Frank Liebke","twitter_card":"summary_large_image","twitter_misc":{"Verfasst von":"Frank Liebke","Gesch\u00e4tzte Lesezeit":"5\u00a0Minuten"},"schema":{"@context":"https:\/\/schema.org","@graph":[{"@type":"Article","@id":"https:\/\/liebke-foto.de\/maerkischeslicht\/der-vergessene-blog-03-am-gross-schauener-see-sielmanns-naturlandschaften\/#article","isPartOf":{"@id":"https:\/\/liebke-foto.de\/maerkischeslicht\/der-vergessene-blog-03-am-gross-schauener-see-sielmanns-naturlandschaften\/"},"author":{"name":"Frank Liebke","@id":"https:\/\/liebke-foto.de\/maerkischeslicht\/#\/schema\/person\/d71108abc09a723daeeb8526a33137ee"},"headline":"Der vergessene Blog 03","datePublished":"2023-02-05T20:16:19+00:00","dateModified":"2024-07-22T11:11:46+00:00","mainEntityOfPage":{"@id":"https:\/\/liebke-foto.de\/maerkischeslicht\/der-vergessene-blog-03-am-gross-schauener-see-sielmanns-naturlandschaften\/"},"wordCount":913,"commentCount":11,"publisher":{"@id":"https:\/\/liebke-foto.de\/maerkischeslicht\/#\/schema\/person\/d71108abc09a723daeeb8526a33137ee"},"image":{"@id":"https:\/\/liebke-foto.de\/maerkischeslicht\/der-vergessene-blog-03-am-gross-schauener-see-sielmanns-naturlandschaften\/#primaryimage"},"thumbnailUrl":"https:\/\/liebke-foto.de\/maerkischeslicht\/wp-content\/uploads\/2023\/02\/FL81233_C1.jpg","keywords":["Brandenburg","Gro\u00df Schauener Seen","Mark Brandenburg","M\u00e4rkisches Licht","Sielmanns Naturlandschaften","Wolken"],"articleSection":["Der vergessene Blog","Im Land Brandenburg unterwegs","Landschaft"],"inLanguage":"de","potentialAction":[{"@type":"CommentAction","name":"Comment","target":["https:\/\/liebke-foto.de\/maerkischeslicht\/der-vergessene-blog-03-am-gross-schauener-see-sielmanns-naturlandschaften\/#respond"]}]},{"@type":"WebPage","@id":"https:\/\/liebke-foto.de\/maerkischeslicht\/der-vergessene-blog-03-am-gross-schauener-see-sielmanns-naturlandschaften\/","url":"https:\/\/liebke-foto.de\/maerkischeslicht\/der-vergessene-blog-03-am-gross-schauener-see-sielmanns-naturlandschaften\/","name":"Der vergessene Blog 03 - M\u00e4rkisches Licht - Der Fotograf der Stille","isPartOf":{"@id":"https:\/\/liebke-foto.de\/maerkischeslicht\/#website"},"primaryImageOfPage":{"@id":"https:\/\/liebke-foto.de\/maerkischeslicht\/der-vergessene-blog-03-am-gross-schauener-see-sielmanns-naturlandschaften\/#primaryimage"},"image":{"@id":"https:\/\/liebke-foto.de\/maerkischeslicht\/der-vergessene-blog-03-am-gross-schauener-see-sielmanns-naturlandschaften\/#primaryimage"},"thumbnailUrl":"https:\/\/liebke-foto.de\/maerkischeslicht\/wp-content\/uploads\/2023\/02\/FL81233_C1.jpg","datePublished":"2023-02-05T20:16:19+00:00","dateModified":"2024-07-22T11:11:46+00:00","description":"Der vergessene Blog 03 Am Gro\u00df Schauener See \"Sielmanns Naturlandschaften\"","breadcrumb":{"@id":"https:\/\/liebke-foto.de\/maerkischeslicht\/der-vergessene-blog-03-am-gross-schauener-see-sielmanns-naturlandschaften\/#breadcrumb"},"inLanguage":"de","potentialAction":[{"@type":"ReadAction","target":["https:\/\/liebke-foto.de\/maerkischeslicht\/der-vergessene-blog-03-am-gross-schauener-see-sielmanns-naturlandschaften\/"]}]},{"@type":"ImageObject","inLanguage":"de","@id":"https:\/\/liebke-foto.de\/maerkischeslicht\/der-vergessene-blog-03-am-gross-schauener-see-sielmanns-naturlandschaften\/#primaryimage","url":"https:\/\/liebke-foto.de\/maerkischeslicht\/wp-content\/uploads\/2023\/02\/FL81233_C1.jpg","contentUrl":"https:\/\/liebke-foto.de\/maerkischeslicht\/wp-content\/uploads\/2023\/02\/FL81233_C1.jpg","width":1400,"height":934,"caption":"Am Gro\u00df Schauener See, \"Sielmanns Naturlandschaften\""},{"@type":"BreadcrumbList","@id":"https:\/\/liebke-foto.de\/maerkischeslicht\/der-vergessene-blog-03-am-gross-schauener-see-sielmanns-naturlandschaften\/#breadcrumb","itemListElement":[{"@type":"ListItem","position":1,"name":"Startseite","item":"https:\/\/liebke-foto.de\/maerkischeslicht\/"},{"@type":"ListItem","position":2,"name":"Der vergessene Blog 03"}]},{"@type":"WebSite","@id":"https:\/\/liebke-foto.de\/maerkischeslicht\/#website","url":"https:\/\/liebke-foto.de\/maerkischeslicht\/","name":"M\u00e4rkisches Licht - Der Fotograf der Stille","description":"Die Liebe zum Leben...","publisher":{"@id":"https:\/\/liebke-foto.de\/maerkischeslicht\/#\/schema\/person\/d71108abc09a723daeeb8526a33137ee"},"potentialAction":[{"@type":"SearchAction","target":{"@type":"EntryPoint","urlTemplate":"https:\/\/liebke-foto.de\/maerkischeslicht\/?s={search_term_string}"},"query-input":{"@type":"PropertyValueSpecification","valueRequired":true,"valueName":"search_term_string"}}],"inLanguage":"de"},{"@type":["Person","Organization"],"@id":"https:\/\/liebke-foto.de\/maerkischeslicht\/#\/schema\/person\/d71108abc09a723daeeb8526a33137ee","name":"Frank Liebke","image":{"@type":"ImageObject","inLanguage":"de","@id":"https:\/\/liebke-foto.de\/maerkischeslicht\/wp-content\/uploads\/2021\/12\/IMG-20211024-WA0001.jpg","url":"https:\/\/liebke-foto.de\/maerkischeslicht\/wp-content\/uploads\/2021\/12\/IMG-20211024-WA0001.jpg","contentUrl":"https:\/\/liebke-foto.de\/maerkischeslicht\/wp-content\/uploads\/2021\/12\/IMG-20211024-WA0001.jpg","width":900,"height":1600,"caption":"Frank Liebke"},"logo":{"@id":"https:\/\/liebke-foto.de\/maerkischeslicht\/wp-content\/uploads\/2021\/12\/IMG-20211024-WA0001.jpg"},"sameAs":["https:\/\/liebke-foto.de"],"url":"https:\/\/liebke-foto.de\/maerkischeslicht\/author\/adminuser\/"}]}},"_links":{"self":[{"href":"https:\/\/liebke-foto.de\/maerkischeslicht\/wp-json\/wp\/v2\/posts\/7010","targetHints":{"allow":["GET"]}}],"collection":[{"href":"https:\/\/liebke-foto.de\/maerkischeslicht\/wp-json\/wp\/v2\/posts"}],"about":[{"href":"https:\/\/liebke-foto.de\/maerkischeslicht\/wp-json\/wp\/v2\/types\/post"}],"author":[{"embeddable":true,"href":"https:\/\/liebke-foto.de\/maerkischeslicht\/wp-json\/wp\/v2\/users\/1"}],"replies":[{"embeddable":true,"href":"https:\/\/liebke-foto.de\/maerkischeslicht\/wp-json\/wp\/v2\/comments?post=7010"}],"version-history":[{"count":10,"href":"https:\/\/liebke-foto.de\/maerkischeslicht\/wp-json\/wp\/v2\/posts\/7010\/revisions"}],"predecessor-version":[{"id":8781,"href":"https:\/\/liebke-foto.de\/maerkischeslicht\/wp-json\/wp\/v2\/posts\/7010\/revisions\/8781"}],"wp:featuredmedia":[{"embeddable":true,"href":"https:\/\/liebke-foto.de\/maerkischeslicht\/wp-json\/wp\/v2\/media\/7031"}],"wp:attachment":[{"href":"https:\/\/liebke-foto.de\/maerkischeslicht\/wp-json\/wp\/v2\/media?parent=7010"}],"wp:term":[{"taxonomy":"category","embeddable":true,"href":"https:\/\/liebke-foto.de\/maerkischeslicht\/wp-json\/wp\/v2\/categories?post=7010"},{"taxonomy":"post_tag","embeddable":true,"href":"https:\/\/liebke-foto.de\/maerkischeslicht\/wp-json\/wp\/v2\/tags?post=7010"}],"curies":[{"name":"wp","href":"https:\/\/api.w.org\/{rel}","templated":true}]}}