{"id":6874,"date":"2023-01-17T19:02:26","date_gmt":"2023-01-17T17:02:26","guid":{"rendered":"https:\/\/liebke-foto.de\/maerkischeslicht\/?p=6874"},"modified":"2024-02-21T13:48:15","modified_gmt":"2024-02-21T11:48:15","slug":"schloss-bredenfelde-patricias-stuetzpunkt-zur-romanrecherche","status":"publish","type":"post","link":"https:\/\/liebke-foto.de\/maerkischeslicht\/schloss-bredenfelde-patricias-stuetzpunkt-zur-romanrecherche\/","title":{"rendered":"Schloss Bredenfelde, Patricia\u00b4s &#8222;St\u00fctzpunkt&#8220; zur Romanrecherche"},"content":{"rendered":"<div class=\"wp-block-image\">\n<figure class=\"aligncenter size-large\"><a href=\"https:\/\/liebke-foto.de\/maerkischeslicht\/wp-content\/uploads\/2023\/01\/FZ22517_C1.jpg\"><img loading=\"lazy\" decoding=\"async\" width=\"1200\" height=\"800\" src=\"https:\/\/liebke-foto.de\/maerkischeslicht\/wp-content\/uploads\/2023\/01\/FZ22517_C1-1200x800.jpg\" alt=\"\" class=\"wp-image-6878\" srcset=\"https:\/\/liebke-foto.de\/maerkischeslicht\/wp-content\/uploads\/2023\/01\/FZ22517_C1-1200x800.jpg 1200w, https:\/\/liebke-foto.de\/maerkischeslicht\/wp-content\/uploads\/2023\/01\/FZ22517_C1-768x512.jpg 768w, https:\/\/liebke-foto.de\/maerkischeslicht\/wp-content\/uploads\/2023\/01\/FZ22517_C1.jpg 1400w\" sizes=\"auto, (max-width: 1200px) 100vw, 1200px\" \/><\/a><figcaption class=\"wp-element-caption\">&#8222;Unser&#8220; Schloss im Abendlicht. In dieser Umgebung konnte es nur gute Inspiration f\u00fcr den neuen Roman geben.<\/figcaption><\/figure>\n<\/div>\n\n\n<h2 class=\"wp-block-heading\">Schloss Bredenfelde, m\u00e4rchenhaft sch\u00f6n<\/h2>\n\n\n\n<p>Nach dem Roman ist vor dem Roman. Bevor es dazu kommt ist viel zu tun, vor allem zu schreiben. Erstaunlich, wie Bestseller Romanautorin Patricia Koelle, meine Lebensfreudegef\u00e4hrtin, das immer wieder schafft. Nach jedem Buch denke ich, na, eine Steigerung geht nicht mehr, das war so super. Um dann beim N\u00e4chsten zu erkennen, die Ideen gehen ihr nie aus. Und jeder Roman ist anders, ohne an Qualit\u00e4t zu verlieren. Da ziehe ich den Hut!<\/p>\n\n\n\n<p>Nun, Teil drei spielt zum Teil in Mecklenburg Vorpommern. Es passieren Dinge in Ivenack (genau, das mit den <a href=\"https:\/\/liebke-foto.de\/maerkischeslicht\/ivenack-ein-kleinod-in-mecklenburg-vorpommern\/\" target=\"_blank\" rel=\"noreferrer noopener\">tausendj\u00e4hrigen Eichen&#8230;<\/a>) und eben in Bredenfelde. Und da musste ich echt selbst suchen, wo das genau liegt, nie vorher geh\u00f6rt. Und dann auf der Hinfahrt auch zweimal verfahren, aber das mal sp\u00e4ter. Heute m\u00f6chte ich das sch\u00f6ne Schloss vorstellen. Nicht ausf\u00fchrlich, dazu brauchte ich doch ein paar Seiten mehr. Aber \u00fcber diesen Link <a href=\"https:\/\/www.schloss-bredenfelde.de\" target=\"_blank\" rel=\"noreferrer noopener\">(Schloss Bredenfelde)<\/a> ist mehr zu erfahren. <\/p>\n\n\n\n<p>Wir hatten einfach fabelhaftes Wetter, allerdings auch sehr warm und trocken. Und so waren die Abende sehr angenehm. Das Licht hatte immer wieder einen wunderbaren Auftritt, und irgendwie versuchte ich diese Eindr\u00fccke festzuhalten. <\/p>\n\n\n\n<p>Aber, schaut selbst&#8230;<\/p>\n\n\n<div class=\"wp-block-image\">\n<figure class=\"aligncenter size-large\"><a href=\"https:\/\/liebke-foto.de\/maerkischeslicht\/wp-content\/uploads\/2023\/01\/FZ22414_C1.jpg\"><img loading=\"lazy\" decoding=\"async\" width=\"1200\" height=\"800\" src=\"https:\/\/liebke-foto.de\/maerkischeslicht\/wp-content\/uploads\/2023\/01\/FZ22414_C1-1200x800.jpg\" alt=\"\" class=\"wp-image-6883\" srcset=\"https:\/\/liebke-foto.de\/maerkischeslicht\/wp-content\/uploads\/2023\/01\/FZ22414_C1-1200x800.jpg 1200w, https:\/\/liebke-foto.de\/maerkischeslicht\/wp-content\/uploads\/2023\/01\/FZ22414_C1-768x512.jpg 768w, https:\/\/liebke-foto.de\/maerkischeslicht\/wp-content\/uploads\/2023\/01\/FZ22414_C1-1536x1024.jpg 1536w, https:\/\/liebke-foto.de\/maerkischeslicht\/wp-content\/uploads\/2023\/01\/FZ22414_C1.jpg 1600w\" sizes=\"auto, (max-width: 1200px) 100vw, 1200px\" \/><\/a><figcaption class=\"wp-element-caption\">Patricia notiert sich immer gleich die neuesten Ideen in eins ihrer sch\u00f6nen Notizb\u00fccher. <\/figcaption><\/figure>\n<\/div>\n\n\n<p><\/p>\n\n\n<div class=\"wp-block-image\">\n<figure class=\"aligncenter size-large\"><a href=\"https:\/\/liebke-foto.de\/maerkischeslicht\/wp-content\/uploads\/2023\/01\/FZ22530_C1.jpg\"><img loading=\"lazy\" decoding=\"async\" width=\"1200\" height=\"800\" src=\"https:\/\/liebke-foto.de\/maerkischeslicht\/wp-content\/uploads\/2023\/01\/FZ22530_C1-1200x800.jpg\" alt=\"\" class=\"wp-image-6879\" srcset=\"https:\/\/liebke-foto.de\/maerkischeslicht\/wp-content\/uploads\/2023\/01\/FZ22530_C1-1200x800.jpg 1200w, https:\/\/liebke-foto.de\/maerkischeslicht\/wp-content\/uploads\/2023\/01\/FZ22530_C1-768x512.jpg 768w, https:\/\/liebke-foto.de\/maerkischeslicht\/wp-content\/uploads\/2023\/01\/FZ22530_C1.jpg 1400w\" sizes=\"auto, (max-width: 1200px) 100vw, 1200px\" \/><\/a><figcaption class=\"wp-element-caption\">Der Haupteingang im leuchtenden Abendlicht.<\/figcaption><\/figure>\n<\/div>\n\n\n<p><\/p>\n\n\n<div class=\"wp-block-image\">\n<figure class=\"aligncenter size-large\"><a href=\"https:\/\/liebke-foto.de\/maerkischeslicht\/wp-content\/uploads\/2023\/01\/FZ22502_C1.jpg\"><img loading=\"lazy\" decoding=\"async\" width=\"1200\" height=\"800\" src=\"https:\/\/liebke-foto.de\/maerkischeslicht\/wp-content\/uploads\/2023\/01\/FZ22502_C1-1200x800.jpg\" alt=\"\" class=\"wp-image-6877\" srcset=\"https:\/\/liebke-foto.de\/maerkischeslicht\/wp-content\/uploads\/2023\/01\/FZ22502_C1-1200x800.jpg 1200w, https:\/\/liebke-foto.de\/maerkischeslicht\/wp-content\/uploads\/2023\/01\/FZ22502_C1-768x512.jpg 768w, https:\/\/liebke-foto.de\/maerkischeslicht\/wp-content\/uploads\/2023\/01\/FZ22502_C1.jpg 1400w\" sizes=\"auto, (max-width: 1200px) 100vw, 1200px\" \/><\/a><\/figure>\n<\/div>\n\n\n<p><\/p>\n\n\n<div class=\"wp-block-image\">\n<figure class=\"aligncenter size-large\"><a href=\"https:\/\/liebke-foto.de\/maerkischeslicht\/wp-content\/uploads\/2023\/01\/FZ22133_C1.jpg\"><img loading=\"lazy\" decoding=\"async\" width=\"1200\" height=\"800\" src=\"https:\/\/liebke-foto.de\/maerkischeslicht\/wp-content\/uploads\/2023\/01\/FZ22133_C1-1200x800.jpg\" alt=\"\" class=\"wp-image-6875\" srcset=\"https:\/\/liebke-foto.de\/maerkischeslicht\/wp-content\/uploads\/2023\/01\/FZ22133_C1-1200x800.jpg 1200w, https:\/\/liebke-foto.de\/maerkischeslicht\/wp-content\/uploads\/2023\/01\/FZ22133_C1-768x512.jpg 768w, https:\/\/liebke-foto.de\/maerkischeslicht\/wp-content\/uploads\/2023\/01\/FZ22133_C1.jpg 1400w\" sizes=\"auto, (max-width: 1200px) 100vw, 1200px\" \/><\/a><\/figure>\n<\/div>\n\n\n<p><\/p>\n\n\n<div class=\"wp-block-image\">\n<figure class=\"aligncenter size-large\"><a href=\"https:\/\/liebke-foto.de\/maerkischeslicht\/wp-content\/uploads\/2023\/01\/FZ22163_C1.jpg\"><img loading=\"lazy\" decoding=\"async\" width=\"1200\" height=\"800\" src=\"https:\/\/liebke-foto.de\/maerkischeslicht\/wp-content\/uploads\/2023\/01\/FZ22163_C1-1200x800.jpg\" alt=\"\" class=\"wp-image-6876\" srcset=\"https:\/\/liebke-foto.de\/maerkischeslicht\/wp-content\/uploads\/2023\/01\/FZ22163_C1-1200x800.jpg 1200w, https:\/\/liebke-foto.de\/maerkischeslicht\/wp-content\/uploads\/2023\/01\/FZ22163_C1-768x512.jpg 768w, https:\/\/liebke-foto.de\/maerkischeslicht\/wp-content\/uploads\/2023\/01\/FZ22163_C1.jpg 1400w\" sizes=\"auto, (max-width: 1200px) 100vw, 1200px\" \/><\/a><\/figure>\n<\/div>\n\n\n<p><\/p>\n\n\n<div class=\"wp-block-image\">\n<figure class=\"aligncenter size-large\"><a href=\"https:\/\/liebke-foto.de\/maerkischeslicht\/wp-content\/uploads\/2023\/01\/FZ22535_C1.jpg\"><img loading=\"lazy\" decoding=\"async\" width=\"1200\" height=\"800\" src=\"https:\/\/liebke-foto.de\/maerkischeslicht\/wp-content\/uploads\/2023\/01\/FZ22535_C1-1200x800.jpg\" alt=\"\" class=\"wp-image-6880\" srcset=\"https:\/\/liebke-foto.de\/maerkischeslicht\/wp-content\/uploads\/2023\/01\/FZ22535_C1-1200x800.jpg 1200w, https:\/\/liebke-foto.de\/maerkischeslicht\/wp-content\/uploads\/2023\/01\/FZ22535_C1-768x512.jpg 768w, https:\/\/liebke-foto.de\/maerkischeslicht\/wp-content\/uploads\/2023\/01\/FZ22535_C1.jpg 1400w\" sizes=\"auto, (max-width: 1200px) 100vw, 1200px\" \/><\/a><figcaption class=\"wp-element-caption\">Auf dem Schlossgel\u00e4nde \u00fcberraschten immer aufs Neue liebevolle Details, wie dieser h\u00fcbsche Brunnen.<\/figcaption><\/figure>\n<\/div>\n\n\n<p><\/p>\n\n\n<div class=\"wp-block-image\">\n<figure class=\"aligncenter size-large\"><a href=\"https:\/\/liebke-foto.de\/maerkischeslicht\/wp-content\/uploads\/2023\/01\/FZ22544_C1.jpg\"><img loading=\"lazy\" decoding=\"async\" width=\"1134\" height=\"800\" src=\"https:\/\/liebke-foto.de\/maerkischeslicht\/wp-content\/uploads\/2023\/01\/FZ22544_C1-1134x800.jpg\" alt=\"\" class=\"wp-image-6881\" srcset=\"https:\/\/liebke-foto.de\/maerkischeslicht\/wp-content\/uploads\/2023\/01\/FZ22544_C1-1134x800.jpg 1134w, https:\/\/liebke-foto.de\/maerkischeslicht\/wp-content\/uploads\/2023\/01\/FZ22544_C1-768x542.jpg 768w, https:\/\/liebke-foto.de\/maerkischeslicht\/wp-content\/uploads\/2023\/01\/FZ22544_C1.jpg 1400w\" sizes=\"auto, (max-width: 1134px) 100vw, 1134px\" \/><\/a><figcaption class=\"wp-element-caption\">Wir schauten oft hoch, aber keine Rapunzel im Turm.<\/figcaption><\/figure>\n<\/div>\n\n\n<p><\/p>\n\n\n<div class=\"wp-block-image\">\n<figure class=\"aligncenter size-large\"><a href=\"https:\/\/liebke-foto.de\/maerkischeslicht\/wp-content\/uploads\/2023\/01\/FZ22227_C1.jpg\"><img loading=\"lazy\" decoding=\"async\" width=\"1200\" height=\"800\" src=\"https:\/\/liebke-foto.de\/maerkischeslicht\/wp-content\/uploads\/2023\/01\/FZ22227_C1-1200x800.jpg\" alt=\"\" class=\"wp-image-6885\" srcset=\"https:\/\/liebke-foto.de\/maerkischeslicht\/wp-content\/uploads\/2023\/01\/FZ22227_C1-1200x800.jpg 1200w, https:\/\/liebke-foto.de\/maerkischeslicht\/wp-content\/uploads\/2023\/01\/FZ22227_C1-768x512.jpg 768w, https:\/\/liebke-foto.de\/maerkischeslicht\/wp-content\/uploads\/2023\/01\/FZ22227_C1.jpg 1400w\" sizes=\"auto, (max-width: 1200px) 100vw, 1200px\" \/><\/a><figcaption class=\"wp-element-caption\">Abends gingen wir immer Fern sehen, das beste Naturprogramm gleich hinter dem kleinen Waldstreifen \ud83d\ude42<\/figcaption><\/figure>\n<\/div>\n\n\n<div style=\"padding:20px\" class=\"wp-block-tnp-minimal\"><p>Subscribe to our newsletter!<\/p><div><div class=\"tnp tnp-subscription \">\n<form method=\"post\" action=\"https:\/\/liebke-foto.de\/maerkischeslicht\/wp-admin\/admin-ajax.php?action=tnp&amp;na=s\">\n<input type=\"hidden\" name=\"nlang\" value=\"\">\n<div class=\"tnp-field tnp-field-firstname\"><label for=\"tnp-1\">Vorname oder ganzer Name<\/label>\n<input class=\"tnp-name\" type=\"text\" name=\"nn\" id=\"tnp-1\" value=\"\" placeholder=\"\"><\/div>\n<div class=\"tnp-field tnp-field-email\"><label for=\"tnp-2\">Email<\/label>\n<input class=\"tnp-email\" type=\"email\" name=\"ne\" id=\"tnp-2\" value=\"\" placeholder=\"\" required><\/div>\n<div class=\"tnp-field tnp-privacy-field\"><label><input type=\"checkbox\" name=\"ny\" required class=\"tnp-privacy\"> Indem Du fortf\u00e4hrst, akzeptierst Du unsere Datenschutzerkl\u00e4rung.<\/label><\/div><div class=\"tnp-field tnp-field-button\" style=\"text-align: left\"><input class=\"tnp-submit\" type=\"submit\" value=\"Abonnieren\" style=\"\">\n<\/div>\n<\/form>\n<\/div>\n<\/div><\/div>\n\n\n\n\n","protected":false},"excerpt":{"rendered":"<p>Schloss Bredenfelde, m\u00e4rchenhaft sch\u00f6n Nach dem Roman ist vor dem Roman. Bevor es dazu kommt ist viel zu tun, vor allem zu schreiben&#8230;.<\/p>\n","protected":false},"author":1,"featured_media":6878,"comment_status":"open","ping_status":"open","sticky":false,"template":"","format":"image","meta":{"footnotes":""},"categories":[66],"tags":[213,144,165,214,212],"class_list":["post-6874","post","type-post","status-publish","format-image","has-post-thumbnail","hentry","category-landpartie","tag-bredenfelde","tag-mecklenburg-vorpommern","tag-patricia-koelle","tag-roman-waldreihe-fischer-verlag","tag-schloss-bredenfelde","post_format-post-format-image"],"yoast_head":"<!-- This site is optimized with the Yoast SEO plugin v27.4 - https:\/\/yoast.com\/product\/yoast-seo-wordpress\/ -->\n<title>Schloss Bredenfelde, Patricia\u00b4s &quot;St\u00fctzpunkt&quot; zur Romanrecherche - M\u00e4rkisches Licht - Der Fotograf der Stille<\/title>\n<meta name=\"description\" content=\"Schloss Bredenfelde, Patricia\u00b4s &quot;St\u00fctzpunkt&quot; zur Romanrecherche. Schloss Bredenfelde, m\u00e4rchenhaft sch\u00f6n.\" \/>\n<meta name=\"robots\" content=\"index, follow, max-snippet:-1, max-image-preview:large, max-video-preview:-1\" \/>\n<link rel=\"canonical\" href=\"https:\/\/liebke-foto.de\/maerkischeslicht\/schloss-bredenfelde-patricias-stuetzpunkt-zur-romanrecherche\/\" \/>\n<meta property=\"og:locale\" content=\"de_DE\" \/>\n<meta property=\"og:type\" content=\"article\" \/>\n<meta property=\"og:title\" content=\"Schloss Bredenfelde, Patricia\u00b4s &quot;St\u00fctzpunkt&quot; zur Romanrecherche - M\u00e4rkisches Licht - Der Fotograf der Stille\" \/>\n<meta property=\"og:description\" content=\"Schloss Bredenfelde, Patricia\u00b4s &quot;St\u00fctzpunkt&quot; zur Romanrecherche. Schloss Bredenfelde, m\u00e4rchenhaft sch\u00f6n.\" \/>\n<meta property=\"og:url\" content=\"https:\/\/liebke-foto.de\/maerkischeslicht\/schloss-bredenfelde-patricias-stuetzpunkt-zur-romanrecherche\/\" \/>\n<meta property=\"og:site_name\" content=\"M\u00e4rkisches Licht - Der Fotograf der Stille\" \/>\n<meta property=\"article:published_time\" content=\"2023-01-17T17:02:26+00:00\" \/>\n<meta property=\"article:modified_time\" content=\"2024-02-21T11:48:15+00:00\" \/>\n<meta property=\"og:image\" content=\"https:\/\/liebke-foto.de\/maerkischeslicht\/wp-content\/uploads\/2023\/01\/FZ22517_C1.jpg\" \/>\n\t<meta property=\"og:image:width\" content=\"1400\" \/>\n\t<meta property=\"og:image:height\" content=\"933\" \/>\n\t<meta property=\"og:image:type\" content=\"image\/jpeg\" \/>\n<meta name=\"author\" content=\"Frank Liebke\" \/>\n<meta name=\"twitter:card\" content=\"summary_large_image\" \/>\n<meta name=\"twitter:label1\" content=\"Verfasst von\" \/>\n\t<meta name=\"twitter:data1\" content=\"Frank Liebke\" \/>\n\t<meta name=\"twitter:label2\" content=\"Gesch\u00e4tzte Lesezeit\" \/>\n\t<meta name=\"twitter:data2\" content=\"1\u00a0Minute\" \/>\n<script type=\"application\/ld+json\" class=\"yoast-schema-graph\">{\"@context\":\"https:\\\/\\\/schema.org\",\"@graph\":[{\"@type\":\"Article\",\"@id\":\"https:\\\/\\\/liebke-foto.de\\\/maerkischeslicht\\\/schloss-bredenfelde-patricias-stuetzpunkt-zur-romanrecherche\\\/#article\",\"isPartOf\":{\"@id\":\"https:\\\/\\\/liebke-foto.de\\\/maerkischeslicht\\\/schloss-bredenfelde-patricias-stuetzpunkt-zur-romanrecherche\\\/\"},\"author\":{\"name\":\"Frank Liebke\",\"@id\":\"https:\\\/\\\/liebke-foto.de\\\/maerkischeslicht\\\/#\\\/schema\\\/person\\\/d71108abc09a723daeeb8526a33137ee\"},\"headline\":\"Schloss Bredenfelde, Patricia\u00b4s &#8222;St\u00fctzpunkt&#8220; zur Romanrecherche\",\"datePublished\":\"2023-01-17T17:02:26+00:00\",\"dateModified\":\"2024-02-21T11:48:15+00:00\",\"mainEntityOfPage\":{\"@id\":\"https:\\\/\\\/liebke-foto.de\\\/maerkischeslicht\\\/schloss-bredenfelde-patricias-stuetzpunkt-zur-romanrecherche\\\/\"},\"wordCount\":292,\"commentCount\":12,\"publisher\":{\"@id\":\"https:\\\/\\\/liebke-foto.de\\\/maerkischeslicht\\\/#\\\/schema\\\/person\\\/d71108abc09a723daeeb8526a33137ee\"},\"image\":{\"@id\":\"https:\\\/\\\/liebke-foto.de\\\/maerkischeslicht\\\/schloss-bredenfelde-patricias-stuetzpunkt-zur-romanrecherche\\\/#primaryimage\"},\"thumbnailUrl\":\"https:\\\/\\\/liebke-foto.de\\\/maerkischeslicht\\\/wp-content\\\/uploads\\\/2023\\\/01\\\/FZ22517_C1.jpg\",\"keywords\":[\"Bredenfelde\",\"Mecklenburg Vorpommern\",\"Patricia Koelle\",\"Roman Waldreihe Fischer Verlag\",\"Schloss Bredenfelde\"],\"articleSection\":[\"LANDpartie, unterwegs in der Mark Brandenburg\"],\"inLanguage\":\"de\",\"potentialAction\":[{\"@type\":\"CommentAction\",\"name\":\"Comment\",\"target\":[\"https:\\\/\\\/liebke-foto.de\\\/maerkischeslicht\\\/schloss-bredenfelde-patricias-stuetzpunkt-zur-romanrecherche\\\/#respond\"]}]},{\"@type\":\"WebPage\",\"@id\":\"https:\\\/\\\/liebke-foto.de\\\/maerkischeslicht\\\/schloss-bredenfelde-patricias-stuetzpunkt-zur-romanrecherche\\\/\",\"url\":\"https:\\\/\\\/liebke-foto.de\\\/maerkischeslicht\\\/schloss-bredenfelde-patricias-stuetzpunkt-zur-romanrecherche\\\/\",\"name\":\"Schloss Bredenfelde, Patricia\u00b4s \\\"St\u00fctzpunkt\\\" zur Romanrecherche - M\u00e4rkisches Licht - Der Fotograf der Stille\",\"isPartOf\":{\"@id\":\"https:\\\/\\\/liebke-foto.de\\\/maerkischeslicht\\\/#website\"},\"primaryImageOfPage\":{\"@id\":\"https:\\\/\\\/liebke-foto.de\\\/maerkischeslicht\\\/schloss-bredenfelde-patricias-stuetzpunkt-zur-romanrecherche\\\/#primaryimage\"},\"image\":{\"@id\":\"https:\\\/\\\/liebke-foto.de\\\/maerkischeslicht\\\/schloss-bredenfelde-patricias-stuetzpunkt-zur-romanrecherche\\\/#primaryimage\"},\"thumbnailUrl\":\"https:\\\/\\\/liebke-foto.de\\\/maerkischeslicht\\\/wp-content\\\/uploads\\\/2023\\\/01\\\/FZ22517_C1.jpg\",\"datePublished\":\"2023-01-17T17:02:26+00:00\",\"dateModified\":\"2024-02-21T11:48:15+00:00\",\"description\":\"Schloss Bredenfelde, Patricia\u00b4s \\\"St\u00fctzpunkt\\\" zur Romanrecherche. Schloss Bredenfelde, m\u00e4rchenhaft sch\u00f6n.\",\"breadcrumb\":{\"@id\":\"https:\\\/\\\/liebke-foto.de\\\/maerkischeslicht\\\/schloss-bredenfelde-patricias-stuetzpunkt-zur-romanrecherche\\\/#breadcrumb\"},\"inLanguage\":\"de\",\"potentialAction\":[{\"@type\":\"ReadAction\",\"target\":[\"https:\\\/\\\/liebke-foto.de\\\/maerkischeslicht\\\/schloss-bredenfelde-patricias-stuetzpunkt-zur-romanrecherche\\\/\"]}]},{\"@type\":\"ImageObject\",\"inLanguage\":\"de\",\"@id\":\"https:\\\/\\\/liebke-foto.de\\\/maerkischeslicht\\\/schloss-bredenfelde-patricias-stuetzpunkt-zur-romanrecherche\\\/#primaryimage\",\"url\":\"https:\\\/\\\/liebke-foto.de\\\/maerkischeslicht\\\/wp-content\\\/uploads\\\/2023\\\/01\\\/FZ22517_C1.jpg\",\"contentUrl\":\"https:\\\/\\\/liebke-foto.de\\\/maerkischeslicht\\\/wp-content\\\/uploads\\\/2023\\\/01\\\/FZ22517_C1.jpg\",\"width\":1400,\"height\":933},{\"@type\":\"BreadcrumbList\",\"@id\":\"https:\\\/\\\/liebke-foto.de\\\/maerkischeslicht\\\/schloss-bredenfelde-patricias-stuetzpunkt-zur-romanrecherche\\\/#breadcrumb\",\"itemListElement\":[{\"@type\":\"ListItem\",\"position\":1,\"name\":\"Startseite\",\"item\":\"https:\\\/\\\/liebke-foto.de\\\/maerkischeslicht\\\/\"},{\"@type\":\"ListItem\",\"position\":2,\"name\":\"Schloss Bredenfelde, Patricia\u00b4s &#8222;St\u00fctzpunkt&#8220; zur Romanrecherche\"}]},{\"@type\":\"WebSite\",\"@id\":\"https:\\\/\\\/liebke-foto.de\\\/maerkischeslicht\\\/#website\",\"url\":\"https:\\\/\\\/liebke-foto.de\\\/maerkischeslicht\\\/\",\"name\":\"M\u00e4rkisches Licht - Der Fotograf der Stille\",\"description\":\"Die Liebe zum Leben...\",\"publisher\":{\"@id\":\"https:\\\/\\\/liebke-foto.de\\\/maerkischeslicht\\\/#\\\/schema\\\/person\\\/d71108abc09a723daeeb8526a33137ee\"},\"potentialAction\":[{\"@type\":\"SearchAction\",\"target\":{\"@type\":\"EntryPoint\",\"urlTemplate\":\"https:\\\/\\\/liebke-foto.de\\\/maerkischeslicht\\\/?s={search_term_string}\"},\"query-input\":{\"@type\":\"PropertyValueSpecification\",\"valueRequired\":true,\"valueName\":\"search_term_string\"}}],\"inLanguage\":\"de\"},{\"@type\":[\"Person\",\"Organization\"],\"@id\":\"https:\\\/\\\/liebke-foto.de\\\/maerkischeslicht\\\/#\\\/schema\\\/person\\\/d71108abc09a723daeeb8526a33137ee\",\"name\":\"Frank Liebke\",\"image\":{\"@type\":\"ImageObject\",\"inLanguage\":\"de\",\"@id\":\"https:\\\/\\\/liebke-foto.de\\\/maerkischeslicht\\\/wp-content\\\/uploads\\\/2021\\\/12\\\/IMG-20211024-WA0001.jpg\",\"url\":\"https:\\\/\\\/liebke-foto.de\\\/maerkischeslicht\\\/wp-content\\\/uploads\\\/2021\\\/12\\\/IMG-20211024-WA0001.jpg\",\"contentUrl\":\"https:\\\/\\\/liebke-foto.de\\\/maerkischeslicht\\\/wp-content\\\/uploads\\\/2021\\\/12\\\/IMG-20211024-WA0001.jpg\",\"width\":900,\"height\":1600,\"caption\":\"Frank Liebke\"},\"logo\":{\"@id\":\"https:\\\/\\\/liebke-foto.de\\\/maerkischeslicht\\\/wp-content\\\/uploads\\\/2021\\\/12\\\/IMG-20211024-WA0001.jpg\"},\"sameAs\":[\"https:\\\/\\\/liebke-foto.de\"],\"url\":\"https:\\\/\\\/liebke-foto.de\\\/maerkischeslicht\\\/author\\\/adminuser\\\/\"}]}<\/script>\n<!-- \/ Yoast SEO plugin. -->","yoast_head_json":{"title":"Schloss Bredenfelde, Patricia\u00b4s \"St\u00fctzpunkt\" zur Romanrecherche - M\u00e4rkisches Licht - Der Fotograf der Stille","description":"Schloss Bredenfelde, Patricia\u00b4s \"St\u00fctzpunkt\" zur Romanrecherche. Schloss Bredenfelde, m\u00e4rchenhaft sch\u00f6n.","robots":{"index":"index","follow":"follow","max-snippet":"max-snippet:-1","max-image-preview":"max-image-preview:large","max-video-preview":"max-video-preview:-1"},"canonical":"https:\/\/liebke-foto.de\/maerkischeslicht\/schloss-bredenfelde-patricias-stuetzpunkt-zur-romanrecherche\/","og_locale":"de_DE","og_type":"article","og_title":"Schloss Bredenfelde, Patricia\u00b4s \"St\u00fctzpunkt\" zur Romanrecherche - M\u00e4rkisches Licht - Der Fotograf der Stille","og_description":"Schloss Bredenfelde, Patricia\u00b4s \"St\u00fctzpunkt\" zur Romanrecherche. Schloss Bredenfelde, m\u00e4rchenhaft sch\u00f6n.","og_url":"https:\/\/liebke-foto.de\/maerkischeslicht\/schloss-bredenfelde-patricias-stuetzpunkt-zur-romanrecherche\/","og_site_name":"M\u00e4rkisches Licht - Der Fotograf der Stille","article_published_time":"2023-01-17T17:02:26+00:00","article_modified_time":"2024-02-21T11:48:15+00:00","og_image":[{"width":1400,"height":933,"url":"https:\/\/liebke-foto.de\/maerkischeslicht\/wp-content\/uploads\/2023\/01\/FZ22517_C1.jpg","type":"image\/jpeg"}],"author":"Frank Liebke","twitter_card":"summary_large_image","twitter_misc":{"Verfasst von":"Frank Liebke","Gesch\u00e4tzte Lesezeit":"1\u00a0Minute"},"schema":{"@context":"https:\/\/schema.org","@graph":[{"@type":"Article","@id":"https:\/\/liebke-foto.de\/maerkischeslicht\/schloss-bredenfelde-patricias-stuetzpunkt-zur-romanrecherche\/#article","isPartOf":{"@id":"https:\/\/liebke-foto.de\/maerkischeslicht\/schloss-bredenfelde-patricias-stuetzpunkt-zur-romanrecherche\/"},"author":{"name":"Frank Liebke","@id":"https:\/\/liebke-foto.de\/maerkischeslicht\/#\/schema\/person\/d71108abc09a723daeeb8526a33137ee"},"headline":"Schloss Bredenfelde, Patricia\u00b4s &#8222;St\u00fctzpunkt&#8220; zur Romanrecherche","datePublished":"2023-01-17T17:02:26+00:00","dateModified":"2024-02-21T11:48:15+00:00","mainEntityOfPage":{"@id":"https:\/\/liebke-foto.de\/maerkischeslicht\/schloss-bredenfelde-patricias-stuetzpunkt-zur-romanrecherche\/"},"wordCount":292,"commentCount":12,"publisher":{"@id":"https:\/\/liebke-foto.de\/maerkischeslicht\/#\/schema\/person\/d71108abc09a723daeeb8526a33137ee"},"image":{"@id":"https:\/\/liebke-foto.de\/maerkischeslicht\/schloss-bredenfelde-patricias-stuetzpunkt-zur-romanrecherche\/#primaryimage"},"thumbnailUrl":"https:\/\/liebke-foto.de\/maerkischeslicht\/wp-content\/uploads\/2023\/01\/FZ22517_C1.jpg","keywords":["Bredenfelde","Mecklenburg Vorpommern","Patricia Koelle","Roman Waldreihe Fischer Verlag","Schloss Bredenfelde"],"articleSection":["LANDpartie, unterwegs in der Mark Brandenburg"],"inLanguage":"de","potentialAction":[{"@type":"CommentAction","name":"Comment","target":["https:\/\/liebke-foto.de\/maerkischeslicht\/schloss-bredenfelde-patricias-stuetzpunkt-zur-romanrecherche\/#respond"]}]},{"@type":"WebPage","@id":"https:\/\/liebke-foto.de\/maerkischeslicht\/schloss-bredenfelde-patricias-stuetzpunkt-zur-romanrecherche\/","url":"https:\/\/liebke-foto.de\/maerkischeslicht\/schloss-bredenfelde-patricias-stuetzpunkt-zur-romanrecherche\/","name":"Schloss Bredenfelde, Patricia\u00b4s \"St\u00fctzpunkt\" zur Romanrecherche - M\u00e4rkisches Licht - Der Fotograf der Stille","isPartOf":{"@id":"https:\/\/liebke-foto.de\/maerkischeslicht\/#website"},"primaryImageOfPage":{"@id":"https:\/\/liebke-foto.de\/maerkischeslicht\/schloss-bredenfelde-patricias-stuetzpunkt-zur-romanrecherche\/#primaryimage"},"image":{"@id":"https:\/\/liebke-foto.de\/maerkischeslicht\/schloss-bredenfelde-patricias-stuetzpunkt-zur-romanrecherche\/#primaryimage"},"thumbnailUrl":"https:\/\/liebke-foto.de\/maerkischeslicht\/wp-content\/uploads\/2023\/01\/FZ22517_C1.jpg","datePublished":"2023-01-17T17:02:26+00:00","dateModified":"2024-02-21T11:48:15+00:00","description":"Schloss Bredenfelde, Patricia\u00b4s \"St\u00fctzpunkt\" zur Romanrecherche. Schloss Bredenfelde, m\u00e4rchenhaft sch\u00f6n.","breadcrumb":{"@id":"https:\/\/liebke-foto.de\/maerkischeslicht\/schloss-bredenfelde-patricias-stuetzpunkt-zur-romanrecherche\/#breadcrumb"},"inLanguage":"de","potentialAction":[{"@type":"ReadAction","target":["https:\/\/liebke-foto.de\/maerkischeslicht\/schloss-bredenfelde-patricias-stuetzpunkt-zur-romanrecherche\/"]}]},{"@type":"ImageObject","inLanguage":"de","@id":"https:\/\/liebke-foto.de\/maerkischeslicht\/schloss-bredenfelde-patricias-stuetzpunkt-zur-romanrecherche\/#primaryimage","url":"https:\/\/liebke-foto.de\/maerkischeslicht\/wp-content\/uploads\/2023\/01\/FZ22517_C1.jpg","contentUrl":"https:\/\/liebke-foto.de\/maerkischeslicht\/wp-content\/uploads\/2023\/01\/FZ22517_C1.jpg","width":1400,"height":933},{"@type":"BreadcrumbList","@id":"https:\/\/liebke-foto.de\/maerkischeslicht\/schloss-bredenfelde-patricias-stuetzpunkt-zur-romanrecherche\/#breadcrumb","itemListElement":[{"@type":"ListItem","position":1,"name":"Startseite","item":"https:\/\/liebke-foto.de\/maerkischeslicht\/"},{"@type":"ListItem","position":2,"name":"Schloss Bredenfelde, Patricia\u00b4s &#8222;St\u00fctzpunkt&#8220; zur Romanrecherche"}]},{"@type":"WebSite","@id":"https:\/\/liebke-foto.de\/maerkischeslicht\/#website","url":"https:\/\/liebke-foto.de\/maerkischeslicht\/","name":"M\u00e4rkisches Licht - Der Fotograf der Stille","description":"Die Liebe zum Leben...","publisher":{"@id":"https:\/\/liebke-foto.de\/maerkischeslicht\/#\/schema\/person\/d71108abc09a723daeeb8526a33137ee"},"potentialAction":[{"@type":"SearchAction","target":{"@type":"EntryPoint","urlTemplate":"https:\/\/liebke-foto.de\/maerkischeslicht\/?s={search_term_string}"},"query-input":{"@type":"PropertyValueSpecification","valueRequired":true,"valueName":"search_term_string"}}],"inLanguage":"de"},{"@type":["Person","Organization"],"@id":"https:\/\/liebke-foto.de\/maerkischeslicht\/#\/schema\/person\/d71108abc09a723daeeb8526a33137ee","name":"Frank Liebke","image":{"@type":"ImageObject","inLanguage":"de","@id":"https:\/\/liebke-foto.de\/maerkischeslicht\/wp-content\/uploads\/2021\/12\/IMG-20211024-WA0001.jpg","url":"https:\/\/liebke-foto.de\/maerkischeslicht\/wp-content\/uploads\/2021\/12\/IMG-20211024-WA0001.jpg","contentUrl":"https:\/\/liebke-foto.de\/maerkischeslicht\/wp-content\/uploads\/2021\/12\/IMG-20211024-WA0001.jpg","width":900,"height":1600,"caption":"Frank Liebke"},"logo":{"@id":"https:\/\/liebke-foto.de\/maerkischeslicht\/wp-content\/uploads\/2021\/12\/IMG-20211024-WA0001.jpg"},"sameAs":["https:\/\/liebke-foto.de"],"url":"https:\/\/liebke-foto.de\/maerkischeslicht\/author\/adminuser\/"}]}},"_links":{"self":[{"href":"https:\/\/liebke-foto.de\/maerkischeslicht\/wp-json\/wp\/v2\/posts\/6874","targetHints":{"allow":["GET"]}}],"collection":[{"href":"https:\/\/liebke-foto.de\/maerkischeslicht\/wp-json\/wp\/v2\/posts"}],"about":[{"href":"https:\/\/liebke-foto.de\/maerkischeslicht\/wp-json\/wp\/v2\/types\/post"}],"author":[{"embeddable":true,"href":"https:\/\/liebke-foto.de\/maerkischeslicht\/wp-json\/wp\/v2\/users\/1"}],"replies":[{"embeddable":true,"href":"https:\/\/liebke-foto.de\/maerkischeslicht\/wp-json\/wp\/v2\/comments?post=6874"}],"version-history":[{"count":6,"href":"https:\/\/liebke-foto.de\/maerkischeslicht\/wp-json\/wp\/v2\/posts\/6874\/revisions"}],"predecessor-version":[{"id":8284,"href":"https:\/\/liebke-foto.de\/maerkischeslicht\/wp-json\/wp\/v2\/posts\/6874\/revisions\/8284"}],"wp:featuredmedia":[{"embeddable":true,"href":"https:\/\/liebke-foto.de\/maerkischeslicht\/wp-json\/wp\/v2\/media\/6878"}],"wp:attachment":[{"href":"https:\/\/liebke-foto.de\/maerkischeslicht\/wp-json\/wp\/v2\/media?parent=6874"}],"wp:term":[{"taxonomy":"category","embeddable":true,"href":"https:\/\/liebke-foto.de\/maerkischeslicht\/wp-json\/wp\/v2\/categories?post=6874"},{"taxonomy":"post_tag","embeddable":true,"href":"https:\/\/liebke-foto.de\/maerkischeslicht\/wp-json\/wp\/v2\/tags?post=6874"}],"curies":[{"name":"wp","href":"https:\/\/api.w.org\/{rel}","templated":true}]}}