{"id":6693,"date":"2022-11-13T20:57:38","date_gmt":"2022-11-13T18:57:38","guid":{"rendered":"https:\/\/liebke-foto.de\/maerkischeslicht\/?p=6693"},"modified":"2023-10-16T13:52:54","modified_gmt":"2023-10-16T11:52:54","slug":"landpartie-und-recherchefahrt-nach-annenwalde-in-die-uckermark","status":"publish","type":"post","link":"https:\/\/liebke-foto.de\/maerkischeslicht\/landpartie-und-recherchefahrt-nach-annenwalde-in-die-uckermark\/","title":{"rendered":"LANDpartie und Recherchefahrt nach Annenwalde, in die Uckermark"},"content":{"rendered":"<div class=\"wp-block-image\">\n<figure class=\"aligncenter size-large\"><a href=\"https:\/\/liebke-foto.de\/maerkischeslicht\/wp-content\/uploads\/2022\/11\/FZL4436_C1.jpg\"><img loading=\"lazy\" decoding=\"async\" width=\"1200\" height=\"800\" src=\"https:\/\/liebke-foto.de\/maerkischeslicht\/wp-content\/uploads\/2022\/11\/FZL4436_C1-1200x800.jpg\" alt=\"Hier gibt es sch\u00f6ne Dinge aus geschmolzenem Glas. Und einiges mehr, in der Glash\u00fctte Annenwalde.\" class=\"wp-image-6696\" srcset=\"https:\/\/liebke-foto.de\/maerkischeslicht\/wp-content\/uploads\/2022\/11\/FZL4436_C1-1200x800.jpg 1200w, https:\/\/liebke-foto.de\/maerkischeslicht\/wp-content\/uploads\/2022\/11\/FZL4436_C1-768x512.jpg 768w, https:\/\/liebke-foto.de\/maerkischeslicht\/wp-content\/uploads\/2022\/11\/FZL4436_C1.jpg 1400w\" sizes=\"auto, (max-width: 1200px) 100vw, 1200px\" \/><\/a><figcaption class=\"wp-element-caption\">Hier gibt es sch\u00f6ne Dinge aus geschmolzenem Glas. Und einiges mehr, in der Glash\u00fctte Annenwalde.<\/figcaption><\/figure>\n<\/div>\n\n\n<h2 class=\"wp-block-heading\">Wo die Kunst zu Hause ist<\/h2>\n\n\n\n<p>Wir wollten es leuchten sehen. Den Herbst erst einmal, nochmal, bevor er doch zu Ende geht. Obwohl es in diesem Jahr sehr lange erstaunlich warm blieb und dadurch die Bl\u00e4tter deutlich l\u00e4nger als buntes Herbstkleid leuchteten. Und wir wollten endlich sch\u00f6nes Glas leuchten sehen. In der Glash\u00fctte Annenwalde. Das ist ein Ortsteil von Templin, und auch fast ebenso nah ist man in Lychen. Beides Perlen der Uckermark. Wissen viele, nun ein paar mehr \ud83d\ude09 . <\/p>\n\n\n\n<p>Kommt man aber nach <a href=\"https:\/\/www.annenwalde-densow.de\" target=\"_blank\" rel=\"noreferrer noopener\">Annenwalde<\/a>, hat man als kreativer Mensch sofort das Gef\u00fchl dieser bestimmten Schwingung, die \u00fcber die Landschaft und dem Ort liegt. Klein und sehr fein! Hier haben sich noch ein paar weitere K\u00fcnstler angesiedelt. Und das ist ein gutes Zeichen f\u00fcr uns. Mir fielen ein paar Herbstbilder in die Kamera und in <a href=\"https:\/\/patriciakoelle.com\/?fbclid=IwAR23L7TZT-nO_G7yDT3urfP5PZyj5_j1nm5jRjJE63eM42dy2gIslfQIbMA\" target=\"_blank\" rel=\"noreferrer noopener\">Patricia<\/a> passierten neue und viele Ideen. Mal sehen, was daraus wird. Wir waren in der <a href=\"https:\/\/glashuette-annenwalde.de\" target=\"_blank\" rel=\"noreferrer noopener\">Glash\u00fctte Annenwalde<\/a> verzaubert ob der ganzen sch\u00f6nen Dinge. Ein paar davon mussten mit in unser Heim. Sch\u00f6n und trotzdem erschwinglich. Dann spazierten wir durchs Dorf, sahen uns die Schinkelkirche und ihren Glockenstuhl an. <\/p>\n\n\n\n<p>Und mussten noch unbedingt die <a href=\"https:\/\/annenwalder-keramik.de\" target=\"_blank\" rel=\"noreferrer noopener\">Annenwalder Keramik <\/a> besuchen. Auch dort konnten wir gar nicht anders als ein paar Lieblingsst\u00fccke (man verliebt sich sofort in die sch\u00f6nen Dinge) zu erwerben. Ich habe die Webseiten verlinkt, wenn Ihr auf die farbigen Worte klickt, seid Ihr schon auf den genannten Seiten. Deshalb beschr\u00e4nke ich mich mit meinen Beschreibungen, das w\u00fcrde bei mir gleich wieder ellenlang werden \ud83d\ude09 Also, Interesse? Dann klickt dort und lest alles Wichtige auf diesen Seiten.<\/p>\n\n\n\n<p>Die R\u00fccktour nahmen wir dann \u00fcber Himmelpfort, durchquerten vorher noch Lychen. Und waren uns einig, dass wir diesen Ort auch nochmal extra besuchen m\u00fcssen. Vielleicht zusammen mit Templin, aber sicher erst im n\u00e4chsten Jahr. Himmelpfort war auch wichtig f\u00fcr Patricias Buch und vor Bredereiche machten wir unsere kleine Tee-Rast an der Havel. Diesen herrlichen Herbsttag mussten wir nutzen bis zur Neige. <\/p>\n\n\n\n<p>Ich w\u00fcrde mich sehr freuen, wenn ich Euch mit unseren Eindr\u00fccken in Form meiner nun folgenden Bilder eine freudige Auszeit bereiten kann. Und etwas Spannung erzeugen auf neue Geschichten von Patricia sowie zu eigenen Reisen ins sch\u00f6ne Brandenburg motivieren. <\/p>\n\n\n\n<p><\/p>\n\n\n\n<p><\/p>\n\n\n<div class=\"wp-block-image\">\n<figure class=\"aligncenter size-large\"><a href=\"https:\/\/liebke-foto.de\/maerkischeslicht\/wp-content\/uploads\/2022\/11\/FZL4397_C1.jpg\"><img loading=\"lazy\" decoding=\"async\" width=\"1200\" height=\"800\" src=\"https:\/\/liebke-foto.de\/maerkischeslicht\/wp-content\/uploads\/2022\/11\/FZL4397_C1-1200x800.jpg\" alt=\"\" class=\"wp-image-6708\" srcset=\"https:\/\/liebke-foto.de\/maerkischeslicht\/wp-content\/uploads\/2022\/11\/FZL4397_C1-1200x800.jpg 1200w, https:\/\/liebke-foto.de\/maerkischeslicht\/wp-content\/uploads\/2022\/11\/FZL4397_C1-768x512.jpg 768w, https:\/\/liebke-foto.de\/maerkischeslicht\/wp-content\/uploads\/2022\/11\/FZL4397_C1.jpg 1400w\" sizes=\"auto, (max-width: 1200px) 100vw, 1200px\" \/><\/a><figcaption class=\"wp-element-caption\">In Krewelin halten wir fast bei jeder Nordfahrt und freuen uns an Ruhe, frischer Luft, dem Wasser und mit Gl\u00fcck auch \u00fcber den Wiedehopf.<\/figcaption><\/figure>\n<\/div>\n\n\n<p><\/p>\n\n\n<div class=\"wp-block-image\">\n<figure class=\"aligncenter size-large\"><a href=\"https:\/\/liebke-foto.de\/maerkischeslicht\/wp-content\/uploads\/2022\/11\/FZL4422_C1.jpg\"><img loading=\"lazy\" decoding=\"async\" width=\"1200\" height=\"800\" src=\"https:\/\/liebke-foto.de\/maerkischeslicht\/wp-content\/uploads\/2022\/11\/FZL4422_C1-1200x800.jpg\" alt=\"\" class=\"wp-image-6695\" srcset=\"https:\/\/liebke-foto.de\/maerkischeslicht\/wp-content\/uploads\/2022\/11\/FZL4422_C1-1200x800.jpg 1200w, https:\/\/liebke-foto.de\/maerkischeslicht\/wp-content\/uploads\/2022\/11\/FZL4422_C1-768x512.jpg 768w, https:\/\/liebke-foto.de\/maerkischeslicht\/wp-content\/uploads\/2022\/11\/FZL4422_C1.jpg 1400w\" sizes=\"auto, (max-width: 1200px) 100vw, 1200px\" \/><\/a><figcaption class=\"wp-element-caption\">Auch in Annenwalde war der Herr Schinkel, die Kirche ist Zeuge. Davor der Glockenstuhl, der Wegweiser links l\u00e4sst das Potential der K\u00fcnstler erahnen.<\/figcaption><\/figure>\n<\/div>\n\n\n<p><\/p>\n\n\n<div class=\"wp-block-image\">\n<figure class=\"aligncenter size-large\"><a href=\"https:\/\/liebke-foto.de\/maerkischeslicht\/wp-content\/uploads\/2022\/11\/FZL4406_C1.jpg\"><img loading=\"lazy\" decoding=\"async\" width=\"1061\" height=\"800\" src=\"https:\/\/liebke-foto.de\/maerkischeslicht\/wp-content\/uploads\/2022\/11\/FZL4406_C1-1061x800.jpg\" alt=\"\" class=\"wp-image-6694\" srcset=\"https:\/\/liebke-foto.de\/maerkischeslicht\/wp-content\/uploads\/2022\/11\/FZL4406_C1-1061x800.jpg 1061w, https:\/\/liebke-foto.de\/maerkischeslicht\/wp-content\/uploads\/2022\/11\/FZL4406_C1-768x579.jpg 768w, https:\/\/liebke-foto.de\/maerkischeslicht\/wp-content\/uploads\/2022\/11\/FZL4406_C1.jpg 1400w\" sizes=\"auto, (max-width: 1061px) 100vw, 1061px\" \/><\/a><figcaption class=\"wp-element-caption\">Die Landschaft in und um Annenwalde-Densow, sorgt daf\u00fcr dass der Motivf\u00e4nger in H\u00f6chstform ist.<\/figcaption><\/figure>\n<\/div>\n\n\n<p><\/p>\n\n\n<div class=\"wp-block-image\">\n<figure class=\"aligncenter size-large\"><a href=\"https:\/\/liebke-foto.de\/maerkischeslicht\/wp-content\/uploads\/2022\/11\/FZL4458_C1.jpg\"><img loading=\"lazy\" decoding=\"async\" width=\"1200\" height=\"800\" src=\"https:\/\/liebke-foto.de\/maerkischeslicht\/wp-content\/uploads\/2022\/11\/FZL4458_C1-1200x800.jpg\" alt=\"\" class=\"wp-image-6702\" srcset=\"https:\/\/liebke-foto.de\/maerkischeslicht\/wp-content\/uploads\/2022\/11\/FZL4458_C1-1200x800.jpg 1200w, https:\/\/liebke-foto.de\/maerkischeslicht\/wp-content\/uploads\/2022\/11\/FZL4458_C1-768x512.jpg 768w, https:\/\/liebke-foto.de\/maerkischeslicht\/wp-content\/uploads\/2022\/11\/FZL4458_C1.jpg 1400w\" sizes=\"auto, (max-width: 1200px) 100vw, 1200px\" \/><\/a><\/figure>\n<\/div>\n\n\n<p><\/p>\n\n\n<div class=\"wp-block-image\">\n<figure class=\"aligncenter size-large\"><a href=\"https:\/\/liebke-foto.de\/maerkischeslicht\/wp-content\/uploads\/2022\/11\/FZL4453_C1.jpg\"><img loading=\"lazy\" decoding=\"async\" width=\"1200\" height=\"800\" src=\"https:\/\/liebke-foto.de\/maerkischeslicht\/wp-content\/uploads\/2022\/11\/FZL4453_C1-1200x800.jpg\" alt=\"\" class=\"wp-image-6700\" srcset=\"https:\/\/liebke-foto.de\/maerkischeslicht\/wp-content\/uploads\/2022\/11\/FZL4453_C1-1200x800.jpg 1200w, https:\/\/liebke-foto.de\/maerkischeslicht\/wp-content\/uploads\/2022\/11\/FZL4453_C1-768x512.jpg 768w, https:\/\/liebke-foto.de\/maerkischeslicht\/wp-content\/uploads\/2022\/11\/FZL4453_C1.jpg 1400w\" sizes=\"auto, (max-width: 1200px) 100vw, 1200px\" \/><\/a><\/figure>\n<\/div>\n\n\n<p><\/p>\n\n\n<div class=\"wp-block-image\">\n<figure class=\"aligncenter size-large\"><a href=\"https:\/\/liebke-foto.de\/maerkischeslicht\/wp-content\/uploads\/2022\/11\/FZL4456_C1.jpg\"><img loading=\"lazy\" decoding=\"async\" width=\"1200\" height=\"800\" src=\"https:\/\/liebke-foto.de\/maerkischeslicht\/wp-content\/uploads\/2022\/11\/FZL4456_C1-1200x800.jpg\" alt=\"\" class=\"wp-image-6701\" srcset=\"https:\/\/liebke-foto.de\/maerkischeslicht\/wp-content\/uploads\/2022\/11\/FZL4456_C1-1200x800.jpg 1200w, https:\/\/liebke-foto.de\/maerkischeslicht\/wp-content\/uploads\/2022\/11\/FZL4456_C1-768x512.jpg 768w, https:\/\/liebke-foto.de\/maerkischeslicht\/wp-content\/uploads\/2022\/11\/FZL4456_C1.jpg 1400w\" sizes=\"auto, (max-width: 1200px) 100vw, 1200px\" \/><\/a><\/figure>\n<\/div>\n\n\n<p><\/p>\n\n\n<div class=\"wp-block-image\">\n<figure class=\"aligncenter size-large\"><a href=\"https:\/\/liebke-foto.de\/maerkischeslicht\/wp-content\/uploads\/2022\/11\/FZL4442_C1.jpg\"><img loading=\"lazy\" decoding=\"async\" width=\"1200\" height=\"800\" src=\"https:\/\/liebke-foto.de\/maerkischeslicht\/wp-content\/uploads\/2022\/11\/FZL4442_C1-1200x800.jpg\" alt=\"\" class=\"wp-image-6697\" srcset=\"https:\/\/liebke-foto.de\/maerkischeslicht\/wp-content\/uploads\/2022\/11\/FZL4442_C1-1200x800.jpg 1200w, https:\/\/liebke-foto.de\/maerkischeslicht\/wp-content\/uploads\/2022\/11\/FZL4442_C1-768x512.jpg 768w, https:\/\/liebke-foto.de\/maerkischeslicht\/wp-content\/uploads\/2022\/11\/FZL4442_C1.jpg 1400w\" sizes=\"auto, (max-width: 1200px) 100vw, 1200px\" \/><\/a><\/figure>\n<\/div>\n\n\n<p><\/p>\n\n\n<div class=\"wp-block-image\">\n<figure class=\"aligncenter size-large\"><a href=\"https:\/\/liebke-foto.de\/maerkischeslicht\/wp-content\/uploads\/2022\/11\/FZL4447_C1.jpg\"><img loading=\"lazy\" decoding=\"async\" width=\"1200\" height=\"800\" src=\"https:\/\/liebke-foto.de\/maerkischeslicht\/wp-content\/uploads\/2022\/11\/FZL4447_C1-1200x800.jpg\" alt=\"\" class=\"wp-image-6698\" srcset=\"https:\/\/liebke-foto.de\/maerkischeslicht\/wp-content\/uploads\/2022\/11\/FZL4447_C1-1200x800.jpg 1200w, https:\/\/liebke-foto.de\/maerkischeslicht\/wp-content\/uploads\/2022\/11\/FZL4447_C1-768x512.jpg 768w, https:\/\/liebke-foto.de\/maerkischeslicht\/wp-content\/uploads\/2022\/11\/FZL4447_C1.jpg 1400w\" sizes=\"auto, (max-width: 1200px) 100vw, 1200px\" \/><\/a><\/figure>\n<\/div>\n\n\n<p><\/p>\n\n\n<div class=\"wp-block-image\">\n<figure class=\"aligncenter size-large\"><a href=\"https:\/\/liebke-foto.de\/maerkischeslicht\/wp-content\/uploads\/2022\/11\/FZL4450_C1.jpg\"><img loading=\"lazy\" decoding=\"async\" width=\"1200\" height=\"800\" src=\"https:\/\/liebke-foto.de\/maerkischeslicht\/wp-content\/uploads\/2022\/11\/FZL4450_C1-1200x800.jpg\" alt=\"\" class=\"wp-image-6699\" srcset=\"https:\/\/liebke-foto.de\/maerkischeslicht\/wp-content\/uploads\/2022\/11\/FZL4450_C1-1200x800.jpg 1200w, https:\/\/liebke-foto.de\/maerkischeslicht\/wp-content\/uploads\/2022\/11\/FZL4450_C1-768x512.jpg 768w, https:\/\/liebke-foto.de\/maerkischeslicht\/wp-content\/uploads\/2022\/11\/FZL4450_C1.jpg 1400w\" sizes=\"auto, (max-width: 1200px) 100vw, 1200px\" \/><\/a><\/figure>\n<\/div>\n\n\n<p><\/p>\n\n\n\n<p><\/p>\n\n\n<div class=\"wp-block-image\">\n<figure class=\"aligncenter size-large\"><a href=\"https:\/\/liebke-foto.de\/maerkischeslicht\/wp-content\/uploads\/2022\/11\/FZL4537_C1.jpg\"><img loading=\"lazy\" decoding=\"async\" width=\"1200\" height=\"800\" src=\"https:\/\/liebke-foto.de\/maerkischeslicht\/wp-content\/uploads\/2022\/11\/FZL4537_C1-1200x800.jpg\" alt=\"\" class=\"wp-image-6710\" srcset=\"https:\/\/liebke-foto.de\/maerkischeslicht\/wp-content\/uploads\/2022\/11\/FZL4537_C1-1200x800.jpg 1200w, https:\/\/liebke-foto.de\/maerkischeslicht\/wp-content\/uploads\/2022\/11\/FZL4537_C1-768x512.jpg 768w, https:\/\/liebke-foto.de\/maerkischeslicht\/wp-content\/uploads\/2022\/11\/FZL4537_C1.jpg 1400w\" sizes=\"auto, (max-width: 1200px) 100vw, 1200px\" \/><\/a><figcaption class=\"wp-element-caption\">Die herbstliche Havel im sch\u00f6nsten Licht zwischen Himmelpfort und Bredereiche..<\/figcaption><\/figure>\n<\/div>\n\n\n<p><\/p>\n\n\n<div class=\"wp-block-image\">\n<figure class=\"aligncenter size-large\"><a href=\"https:\/\/liebke-foto.de\/maerkischeslicht\/wp-content\/uploads\/2022\/11\/FZL4503_C1.jpg\"><img loading=\"lazy\" decoding=\"async\" width=\"1200\" height=\"800\" src=\"https:\/\/liebke-foto.de\/maerkischeslicht\/wp-content\/uploads\/2022\/11\/FZL4503_C1-1200x800.jpg\" alt=\"\" class=\"wp-image-6707\" srcset=\"https:\/\/liebke-foto.de\/maerkischeslicht\/wp-content\/uploads\/2022\/11\/FZL4503_C1-1200x800.jpg 1200w, https:\/\/liebke-foto.de\/maerkischeslicht\/wp-content\/uploads\/2022\/11\/FZL4503_C1-768x512.jpg 768w, https:\/\/liebke-foto.de\/maerkischeslicht\/wp-content\/uploads\/2022\/11\/FZL4503_C1.jpg 1400w\" sizes=\"auto, (max-width: 1200px) 100vw, 1200px\" \/><\/a><figcaption class=\"wp-element-caption\">Patricia im Herbst-M\u00e4rchenwald<\/figcaption><\/figure>\n<\/div>\n\n\n<p><\/p>\n\n\n<div class=\"wp-block-image\">\n<figure class=\"aligncenter size-large\"><a href=\"https:\/\/liebke-foto.de\/maerkischeslicht\/wp-content\/uploads\/2022\/11\/FZL4521_C1.jpg\"><img loading=\"lazy\" decoding=\"async\" width=\"1200\" height=\"800\" src=\"https:\/\/liebke-foto.de\/maerkischeslicht\/wp-content\/uploads\/2022\/11\/FZL4521_C1-1200x800.jpg\" alt=\"\" class=\"wp-image-6709\" srcset=\"https:\/\/liebke-foto.de\/maerkischeslicht\/wp-content\/uploads\/2022\/11\/FZL4521_C1-1200x800.jpg 1200w, https:\/\/liebke-foto.de\/maerkischeslicht\/wp-content\/uploads\/2022\/11\/FZL4521_C1-768x512.jpg 768w, https:\/\/liebke-foto.de\/maerkischeslicht\/wp-content\/uploads\/2022\/11\/FZL4521_C1.jpg 1400w\" sizes=\"auto, (max-width: 1200px) 100vw, 1200px\" \/><\/a><figcaption class=\"wp-element-caption\">Unsere Havel, bei Bredereiche.<\/figcaption><\/figure>\n<\/div>\n\n\n<p><\/p>\n\n\n<div class=\"wp-block-image\">\n<figure class=\"aligncenter size-large\"><a href=\"https:\/\/liebke-foto.de\/maerkischeslicht\/wp-content\/uploads\/2022\/11\/FZL4538_C1.jpg\"><img loading=\"lazy\" decoding=\"async\" width=\"1200\" height=\"800\" src=\"https:\/\/liebke-foto.de\/maerkischeslicht\/wp-content\/uploads\/2022\/11\/FZL4538_C1-1200x800.jpg\" alt=\"\" class=\"wp-image-6711\" srcset=\"https:\/\/liebke-foto.de\/maerkischeslicht\/wp-content\/uploads\/2022\/11\/FZL4538_C1-1200x800.jpg 1200w, https:\/\/liebke-foto.de\/maerkischeslicht\/wp-content\/uploads\/2022\/11\/FZL4538_C1-768x512.jpg 768w, https:\/\/liebke-foto.de\/maerkischeslicht\/wp-content\/uploads\/2022\/11\/FZL4538_C1.jpg 1400w\" sizes=\"auto, (max-width: 1200px) 100vw, 1200px\" \/><\/a><figcaption class=\"wp-element-caption\">Wenn der Herbst in die Havel f\u00e4llt gibt es bunte \u00dcberraschungen.<\/figcaption><\/figure>\n<\/div>\n\n\n<p><\/p>\n\n\n\n<p><\/p>\n\n\n<div class=\"wp-block-image\">\n<figure class=\"aligncenter size-large\"><a href=\"https:\/\/liebke-foto.de\/maerkischeslicht\/wp-content\/uploads\/2022\/11\/FZL4550_C1.jpg\"><img loading=\"lazy\" decoding=\"async\" width=\"1200\" height=\"800\" src=\"https:\/\/liebke-foto.de\/maerkischeslicht\/wp-content\/uploads\/2022\/11\/FZL4550_C1-1200x800.jpg\" alt=\"\" class=\"wp-image-6703\" srcset=\"https:\/\/liebke-foto.de\/maerkischeslicht\/wp-content\/uploads\/2022\/11\/FZL4550_C1-1200x800.jpg 1200w, https:\/\/liebke-foto.de\/maerkischeslicht\/wp-content\/uploads\/2022\/11\/FZL4550_C1-768x512.jpg 768w, https:\/\/liebke-foto.de\/maerkischeslicht\/wp-content\/uploads\/2022\/11\/FZL4550_C1.jpg 1400w\" sizes=\"auto, (max-width: 1200px) 100vw, 1200px\" \/><\/a><figcaption class=\"wp-element-caption\">Die herrliche Glasschale musste im Licht fotografiert werden, damit sie ihr Leuchten ins Bild schicken konnte.<\/figcaption><\/figure>\n<\/div>\n\n\n<p><\/p>\n\n\n<div class=\"wp-block-image\">\n<figure class=\"aligncenter size-large\"><a href=\"https:\/\/liebke-foto.de\/maerkischeslicht\/wp-content\/uploads\/2022\/11\/FZL4574_C1.jpg\"><img loading=\"lazy\" decoding=\"async\" width=\"1132\" height=\"800\" src=\"https:\/\/liebke-foto.de\/maerkischeslicht\/wp-content\/uploads\/2022\/11\/FZL4574_C1-1132x800.jpg\" alt=\"\" class=\"wp-image-6704\" srcset=\"https:\/\/liebke-foto.de\/maerkischeslicht\/wp-content\/uploads\/2022\/11\/FZL4574_C1-1132x800.jpg 1132w, https:\/\/liebke-foto.de\/maerkischeslicht\/wp-content\/uploads\/2022\/11\/FZL4574_C1-768x543.jpg 768w, https:\/\/liebke-foto.de\/maerkischeslicht\/wp-content\/uploads\/2022\/11\/FZL4574_C1.jpg 1400w\" sizes=\"auto, (max-width: 1132px) 100vw, 1132px\" \/><\/a><figcaption class=\"wp-element-caption\">Ein wundervoll geschliffener Glasblock, der gut in eine Faust passt. Aufgeh\u00e4ngt im gro\u00dfen S\u00fcdfenster unseres Hauses ist er der Spielball des Sonnenlichts. Worauf viele kleine Regenb\u00f6gen durchs Zimmer h\u00fcpfen.<\/figcaption><\/figure>\n<\/div>\n\n\n<p><\/p>\n\n\n<div class=\"wp-block-image\">\n<figure class=\"aligncenter size-full\"><a href=\"https:\/\/liebke-foto.de\/maerkischeslicht\/wp-content\/uploads\/2022\/11\/FZL4592_C1.jpg\"><img loading=\"lazy\" decoding=\"async\" width=\"1400\" height=\"756\" src=\"https:\/\/liebke-foto.de\/maerkischeslicht\/wp-content\/uploads\/2022\/11\/FZL4592_C1.jpg\" alt=\"\" class=\"wp-image-6705\" srcset=\"https:\/\/liebke-foto.de\/maerkischeslicht\/wp-content\/uploads\/2022\/11\/FZL4592_C1.jpg 1400w, https:\/\/liebke-foto.de\/maerkischeslicht\/wp-content\/uploads\/2022\/11\/FZL4592_C1-768x415.jpg 768w\" sizes=\"auto, (max-width: 1400px) 100vw, 1400px\" \/><\/a><figcaption class=\"wp-element-caption\">Immer wieder ein Wunder f\u00fcr mich, dass man Glasplatten, die ja knallhart sind, im hei\u00dfen Zustand zu solche Sch\u00f6nheiten verwandeln kann. Vorrausgesetzt man kann, so wie die K\u00fcnstler in der Glash\u00fctte Annenwalde \ud83d\ude42<\/figcaption><\/figure>\n<\/div>\n\n\n<p><\/p>\n\n\n<div class=\"wp-block-image\">\n<figure class=\"aligncenter size-large\"><a href=\"https:\/\/liebke-foto.de\/maerkischeslicht\/wp-content\/uploads\/2022\/11\/FZL4596_C1.jpg\"><img loading=\"lazy\" decoding=\"async\" width=\"1249\" height=\"800\" src=\"https:\/\/liebke-foto.de\/maerkischeslicht\/wp-content\/uploads\/2022\/11\/FZL4596_C1-1249x800.jpg\" alt=\"\" class=\"wp-image-6706\" srcset=\"https:\/\/liebke-foto.de\/maerkischeslicht\/wp-content\/uploads\/2022\/11\/FZL4596_C1-1249x800.jpg 1249w, https:\/\/liebke-foto.de\/maerkischeslicht\/wp-content\/uploads\/2022\/11\/FZL4596_C1-768x492.jpg 768w, https:\/\/liebke-foto.de\/maerkischeslicht\/wp-content\/uploads\/2022\/11\/FZL4596_C1.jpg 1400w\" sizes=\"auto, (max-width: 1249px) 100vw, 1249px\" \/><\/a><figcaption class=\"wp-element-caption\">Zwei Kr\u00fcge als Beispiel f\u00fcr die Annenwalder Keramik. Ist das nicht wundervoll?<\/figcaption><\/figure>\n<\/div>\n\n\n<p><\/p>\n\n\n\n<div style=\"padding:20px\" class=\"wp-block-tnp-minimal\"><p>Subscribe to our newsletter!<\/p><div><div class=\"tnp tnp-subscription \">\n<form method=\"post\" action=\"https:\/\/liebke-foto.de\/maerkischeslicht\/wp-admin\/admin-ajax.php?action=tnp&amp;na=s\">\n<input type=\"hidden\" name=\"nlang\" value=\"\">\n<div class=\"tnp-field tnp-field-firstname\"><label for=\"tnp-1\">Vorname oder ganzer Name<\/label>\n<input class=\"tnp-name\" type=\"text\" name=\"nn\" id=\"tnp-1\" value=\"\" placeholder=\"\"><\/div>\n<div class=\"tnp-field tnp-field-email\"><label for=\"tnp-2\">Email<\/label>\n<input class=\"tnp-email\" type=\"email\" name=\"ne\" id=\"tnp-2\" value=\"\" placeholder=\"\" required><\/div>\n<div class=\"tnp-field tnp-privacy-field\"><label><input type=\"checkbox\" name=\"ny\" required class=\"tnp-privacy\"> Indem Du fortf\u00e4hrst, akzeptierst Du unsere Datenschutzerkl\u00e4rung.<\/label><\/div><div class=\"tnp-field tnp-field-button\" style=\"text-align: left\"><input class=\"tnp-submit\" type=\"submit\" value=\"Abonnieren\" style=\"\">\n<\/div>\n<\/form>\n<\/div>\n<\/div><\/div>\n\n\n\n\n","protected":false},"excerpt":{"rendered":"<p>Wo die Kunst zu Hause ist Wir wollten es leuchten sehen. Den Herbst erst einmal, nochmal, bevor er doch zu Ende geht. Obwohl&#8230;<\/p>\n","protected":false},"author":1,"featured_media":6696,"comment_status":"open","ping_status":"open","sticky":false,"template":"","format":"image","meta":{"footnotes":""},"categories":[11,66,10,38,174],"tags":[196,21,197,198],"class_list":["post-6693","post","type-post","status-publish","format-image","has-post-thumbnail","hentry","category-im-land-brandenburg-unterwegs","category-landpartie","category-landschaft-mark-brandenburg-oberhavel-barnim","category-menschliches-aus-der-mark","category-reisen","tag-annenwalde","tag-brandenburg","tag-glashuette","tag-keramik-annenwalde","post_format-post-format-image"],"yoast_head":"<!-- This site is optimized with the Yoast SEO plugin v27.4 - https:\/\/yoast.com\/product\/yoast-seo-wordpress\/ -->\n<title>LANDpartie und Recherchefahrt nach Annenwalde, in die Uckermark - M\u00e4rkisches Licht - Der Fotograf der Stille<\/title>\n<meta name=\"description\" content=\"LANDpartie und Recherchefahrt nach Annenwalde, in die Uckermark.\" \/>\n<meta name=\"robots\" content=\"index, follow, max-snippet:-1, max-image-preview:large, max-video-preview:-1\" \/>\n<link rel=\"canonical\" href=\"https:\/\/liebke-foto.de\/maerkischeslicht\/landpartie-und-recherchefahrt-nach-annenwalde-in-die-uckermark\/\" \/>\n<meta property=\"og:locale\" content=\"de_DE\" \/>\n<meta property=\"og:type\" content=\"article\" \/>\n<meta property=\"og:title\" content=\"LANDpartie und Recherchefahrt nach Annenwalde, in die Uckermark - M\u00e4rkisches Licht - Der Fotograf der Stille\" \/>\n<meta property=\"og:description\" content=\"LANDpartie und Recherchefahrt nach Annenwalde, in die Uckermark.\" \/>\n<meta property=\"og:url\" content=\"https:\/\/liebke-foto.de\/maerkischeslicht\/landpartie-und-recherchefahrt-nach-annenwalde-in-die-uckermark\/\" \/>\n<meta property=\"og:site_name\" content=\"M\u00e4rkisches Licht - Der Fotograf der Stille\" \/>\n<meta property=\"article:published_time\" content=\"2022-11-13T18:57:38+00:00\" \/>\n<meta property=\"article:modified_time\" content=\"2023-10-16T11:52:54+00:00\" \/>\n<meta property=\"og:image\" content=\"https:\/\/liebke-foto.de\/maerkischeslicht\/wp-content\/uploads\/2022\/11\/FZL4436_C1.jpg\" \/>\n\t<meta property=\"og:image:width\" content=\"1400\" \/>\n\t<meta property=\"og:image:height\" content=\"933\" \/>\n\t<meta property=\"og:image:type\" content=\"image\/jpeg\" \/>\n<meta name=\"author\" content=\"Frank Liebke\" \/>\n<meta name=\"twitter:card\" content=\"summary_large_image\" \/>\n<meta name=\"twitter:label1\" content=\"Verfasst von\" \/>\n\t<meta name=\"twitter:data1\" content=\"Frank Liebke\" \/>\n\t<meta name=\"twitter:label2\" content=\"Gesch\u00e4tzte Lesezeit\" \/>\n\t<meta name=\"twitter:data2\" content=\"3\u00a0Minuten\" \/>\n<script type=\"application\/ld+json\" class=\"yoast-schema-graph\">{\"@context\":\"https:\\\/\\\/schema.org\",\"@graph\":[{\"@type\":\"Article\",\"@id\":\"https:\\\/\\\/liebke-foto.de\\\/maerkischeslicht\\\/landpartie-und-recherchefahrt-nach-annenwalde-in-die-uckermark\\\/#article\",\"isPartOf\":{\"@id\":\"https:\\\/\\\/liebke-foto.de\\\/maerkischeslicht\\\/landpartie-und-recherchefahrt-nach-annenwalde-in-die-uckermark\\\/\"},\"author\":{\"name\":\"Frank Liebke\",\"@id\":\"https:\\\/\\\/liebke-foto.de\\\/maerkischeslicht\\\/#\\\/schema\\\/person\\\/d71108abc09a723daeeb8526a33137ee\"},\"headline\":\"LANDpartie und Recherchefahrt nach Annenwalde, in die Uckermark\",\"datePublished\":\"2022-11-13T18:57:38+00:00\",\"dateModified\":\"2023-10-16T11:52:54+00:00\",\"mainEntityOfPage\":{\"@id\":\"https:\\\/\\\/liebke-foto.de\\\/maerkischeslicht\\\/landpartie-und-recherchefahrt-nach-annenwalde-in-die-uckermark\\\/\"},\"wordCount\":608,\"commentCount\":8,\"publisher\":{\"@id\":\"https:\\\/\\\/liebke-foto.de\\\/maerkischeslicht\\\/#\\\/schema\\\/person\\\/d71108abc09a723daeeb8526a33137ee\"},\"image\":{\"@id\":\"https:\\\/\\\/liebke-foto.de\\\/maerkischeslicht\\\/landpartie-und-recherchefahrt-nach-annenwalde-in-die-uckermark\\\/#primaryimage\"},\"thumbnailUrl\":\"https:\\\/\\\/liebke-foto.de\\\/maerkischeslicht\\\/wp-content\\\/uploads\\\/2022\\\/11\\\/FZL4436_C1.jpg\",\"keywords\":[\"Annenwalde\",\"Brandenburg\",\"Glash\u00fctte\",\"Keramik Annenwalde\"],\"articleSection\":[\"Im Land Brandenburg unterwegs\",\"LANDpartie, unterwegs in der Mark Brandenburg\",\"Landschaft\",\"Menschliches aus der Mark\",\"Reisen\"],\"inLanguage\":\"de\",\"potentialAction\":[{\"@type\":\"CommentAction\",\"name\":\"Comment\",\"target\":[\"https:\\\/\\\/liebke-foto.de\\\/maerkischeslicht\\\/landpartie-und-recherchefahrt-nach-annenwalde-in-die-uckermark\\\/#respond\"]}]},{\"@type\":\"WebPage\",\"@id\":\"https:\\\/\\\/liebke-foto.de\\\/maerkischeslicht\\\/landpartie-und-recherchefahrt-nach-annenwalde-in-die-uckermark\\\/\",\"url\":\"https:\\\/\\\/liebke-foto.de\\\/maerkischeslicht\\\/landpartie-und-recherchefahrt-nach-annenwalde-in-die-uckermark\\\/\",\"name\":\"LANDpartie und Recherchefahrt nach Annenwalde, in die Uckermark - M\u00e4rkisches Licht - Der Fotograf der Stille\",\"isPartOf\":{\"@id\":\"https:\\\/\\\/liebke-foto.de\\\/maerkischeslicht\\\/#website\"},\"primaryImageOfPage\":{\"@id\":\"https:\\\/\\\/liebke-foto.de\\\/maerkischeslicht\\\/landpartie-und-recherchefahrt-nach-annenwalde-in-die-uckermark\\\/#primaryimage\"},\"image\":{\"@id\":\"https:\\\/\\\/liebke-foto.de\\\/maerkischeslicht\\\/landpartie-und-recherchefahrt-nach-annenwalde-in-die-uckermark\\\/#primaryimage\"},\"thumbnailUrl\":\"https:\\\/\\\/liebke-foto.de\\\/maerkischeslicht\\\/wp-content\\\/uploads\\\/2022\\\/11\\\/FZL4436_C1.jpg\",\"datePublished\":\"2022-11-13T18:57:38+00:00\",\"dateModified\":\"2023-10-16T11:52:54+00:00\",\"description\":\"LANDpartie und Recherchefahrt nach Annenwalde, in die Uckermark.\",\"breadcrumb\":{\"@id\":\"https:\\\/\\\/liebke-foto.de\\\/maerkischeslicht\\\/landpartie-und-recherchefahrt-nach-annenwalde-in-die-uckermark\\\/#breadcrumb\"},\"inLanguage\":\"de\",\"potentialAction\":[{\"@type\":\"ReadAction\",\"target\":[\"https:\\\/\\\/liebke-foto.de\\\/maerkischeslicht\\\/landpartie-und-recherchefahrt-nach-annenwalde-in-die-uckermark\\\/\"]}]},{\"@type\":\"ImageObject\",\"inLanguage\":\"de\",\"@id\":\"https:\\\/\\\/liebke-foto.de\\\/maerkischeslicht\\\/landpartie-und-recherchefahrt-nach-annenwalde-in-die-uckermark\\\/#primaryimage\",\"url\":\"https:\\\/\\\/liebke-foto.de\\\/maerkischeslicht\\\/wp-content\\\/uploads\\\/2022\\\/11\\\/FZL4436_C1.jpg\",\"contentUrl\":\"https:\\\/\\\/liebke-foto.de\\\/maerkischeslicht\\\/wp-content\\\/uploads\\\/2022\\\/11\\\/FZL4436_C1.jpg\",\"width\":1400,\"height\":933},{\"@type\":\"BreadcrumbList\",\"@id\":\"https:\\\/\\\/liebke-foto.de\\\/maerkischeslicht\\\/landpartie-und-recherchefahrt-nach-annenwalde-in-die-uckermark\\\/#breadcrumb\",\"itemListElement\":[{\"@type\":\"ListItem\",\"position\":1,\"name\":\"Startseite\",\"item\":\"https:\\\/\\\/liebke-foto.de\\\/maerkischeslicht\\\/\"},{\"@type\":\"ListItem\",\"position\":2,\"name\":\"LANDpartie und Recherchefahrt nach Annenwalde, in die Uckermark\"}]},{\"@type\":\"WebSite\",\"@id\":\"https:\\\/\\\/liebke-foto.de\\\/maerkischeslicht\\\/#website\",\"url\":\"https:\\\/\\\/liebke-foto.de\\\/maerkischeslicht\\\/\",\"name\":\"M\u00e4rkisches Licht - Der Fotograf der Stille\",\"description\":\"Die Liebe zum Leben...\",\"publisher\":{\"@id\":\"https:\\\/\\\/liebke-foto.de\\\/maerkischeslicht\\\/#\\\/schema\\\/person\\\/d71108abc09a723daeeb8526a33137ee\"},\"potentialAction\":[{\"@type\":\"SearchAction\",\"target\":{\"@type\":\"EntryPoint\",\"urlTemplate\":\"https:\\\/\\\/liebke-foto.de\\\/maerkischeslicht\\\/?s={search_term_string}\"},\"query-input\":{\"@type\":\"PropertyValueSpecification\",\"valueRequired\":true,\"valueName\":\"search_term_string\"}}],\"inLanguage\":\"de\"},{\"@type\":[\"Person\",\"Organization\"],\"@id\":\"https:\\\/\\\/liebke-foto.de\\\/maerkischeslicht\\\/#\\\/schema\\\/person\\\/d71108abc09a723daeeb8526a33137ee\",\"name\":\"Frank Liebke\",\"image\":{\"@type\":\"ImageObject\",\"inLanguage\":\"de\",\"@id\":\"https:\\\/\\\/liebke-foto.de\\\/maerkischeslicht\\\/wp-content\\\/uploads\\\/2021\\\/12\\\/IMG-20211024-WA0001.jpg\",\"url\":\"https:\\\/\\\/liebke-foto.de\\\/maerkischeslicht\\\/wp-content\\\/uploads\\\/2021\\\/12\\\/IMG-20211024-WA0001.jpg\",\"contentUrl\":\"https:\\\/\\\/liebke-foto.de\\\/maerkischeslicht\\\/wp-content\\\/uploads\\\/2021\\\/12\\\/IMG-20211024-WA0001.jpg\",\"width\":900,\"height\":1600,\"caption\":\"Frank Liebke\"},\"logo\":{\"@id\":\"https:\\\/\\\/liebke-foto.de\\\/maerkischeslicht\\\/wp-content\\\/uploads\\\/2021\\\/12\\\/IMG-20211024-WA0001.jpg\"},\"sameAs\":[\"https:\\\/\\\/liebke-foto.de\"],\"url\":\"https:\\\/\\\/liebke-foto.de\\\/maerkischeslicht\\\/author\\\/adminuser\\\/\"}]}<\/script>\n<!-- \/ Yoast SEO plugin. -->","yoast_head_json":{"title":"LANDpartie und Recherchefahrt nach Annenwalde, in die Uckermark - M\u00e4rkisches Licht - Der Fotograf der Stille","description":"LANDpartie und Recherchefahrt nach Annenwalde, in die Uckermark.","robots":{"index":"index","follow":"follow","max-snippet":"max-snippet:-1","max-image-preview":"max-image-preview:large","max-video-preview":"max-video-preview:-1"},"canonical":"https:\/\/liebke-foto.de\/maerkischeslicht\/landpartie-und-recherchefahrt-nach-annenwalde-in-die-uckermark\/","og_locale":"de_DE","og_type":"article","og_title":"LANDpartie und Recherchefahrt nach Annenwalde, in die Uckermark - M\u00e4rkisches Licht - Der Fotograf der Stille","og_description":"LANDpartie und Recherchefahrt nach Annenwalde, in die Uckermark.","og_url":"https:\/\/liebke-foto.de\/maerkischeslicht\/landpartie-und-recherchefahrt-nach-annenwalde-in-die-uckermark\/","og_site_name":"M\u00e4rkisches Licht - Der Fotograf der Stille","article_published_time":"2022-11-13T18:57:38+00:00","article_modified_time":"2023-10-16T11:52:54+00:00","og_image":[{"width":1400,"height":933,"url":"https:\/\/liebke-foto.de\/maerkischeslicht\/wp-content\/uploads\/2022\/11\/FZL4436_C1.jpg","type":"image\/jpeg"}],"author":"Frank Liebke","twitter_card":"summary_large_image","twitter_misc":{"Verfasst von":"Frank Liebke","Gesch\u00e4tzte Lesezeit":"3\u00a0Minuten"},"schema":{"@context":"https:\/\/schema.org","@graph":[{"@type":"Article","@id":"https:\/\/liebke-foto.de\/maerkischeslicht\/landpartie-und-recherchefahrt-nach-annenwalde-in-die-uckermark\/#article","isPartOf":{"@id":"https:\/\/liebke-foto.de\/maerkischeslicht\/landpartie-und-recherchefahrt-nach-annenwalde-in-die-uckermark\/"},"author":{"name":"Frank Liebke","@id":"https:\/\/liebke-foto.de\/maerkischeslicht\/#\/schema\/person\/d71108abc09a723daeeb8526a33137ee"},"headline":"LANDpartie und Recherchefahrt nach Annenwalde, in die Uckermark","datePublished":"2022-11-13T18:57:38+00:00","dateModified":"2023-10-16T11:52:54+00:00","mainEntityOfPage":{"@id":"https:\/\/liebke-foto.de\/maerkischeslicht\/landpartie-und-recherchefahrt-nach-annenwalde-in-die-uckermark\/"},"wordCount":608,"commentCount":8,"publisher":{"@id":"https:\/\/liebke-foto.de\/maerkischeslicht\/#\/schema\/person\/d71108abc09a723daeeb8526a33137ee"},"image":{"@id":"https:\/\/liebke-foto.de\/maerkischeslicht\/landpartie-und-recherchefahrt-nach-annenwalde-in-die-uckermark\/#primaryimage"},"thumbnailUrl":"https:\/\/liebke-foto.de\/maerkischeslicht\/wp-content\/uploads\/2022\/11\/FZL4436_C1.jpg","keywords":["Annenwalde","Brandenburg","Glash\u00fctte","Keramik Annenwalde"],"articleSection":["Im Land Brandenburg unterwegs","LANDpartie, unterwegs in der Mark Brandenburg","Landschaft","Menschliches aus der Mark","Reisen"],"inLanguage":"de","potentialAction":[{"@type":"CommentAction","name":"Comment","target":["https:\/\/liebke-foto.de\/maerkischeslicht\/landpartie-und-recherchefahrt-nach-annenwalde-in-die-uckermark\/#respond"]}]},{"@type":"WebPage","@id":"https:\/\/liebke-foto.de\/maerkischeslicht\/landpartie-und-recherchefahrt-nach-annenwalde-in-die-uckermark\/","url":"https:\/\/liebke-foto.de\/maerkischeslicht\/landpartie-und-recherchefahrt-nach-annenwalde-in-die-uckermark\/","name":"LANDpartie und Recherchefahrt nach Annenwalde, in die Uckermark - M\u00e4rkisches Licht - Der Fotograf der Stille","isPartOf":{"@id":"https:\/\/liebke-foto.de\/maerkischeslicht\/#website"},"primaryImageOfPage":{"@id":"https:\/\/liebke-foto.de\/maerkischeslicht\/landpartie-und-recherchefahrt-nach-annenwalde-in-die-uckermark\/#primaryimage"},"image":{"@id":"https:\/\/liebke-foto.de\/maerkischeslicht\/landpartie-und-recherchefahrt-nach-annenwalde-in-die-uckermark\/#primaryimage"},"thumbnailUrl":"https:\/\/liebke-foto.de\/maerkischeslicht\/wp-content\/uploads\/2022\/11\/FZL4436_C1.jpg","datePublished":"2022-11-13T18:57:38+00:00","dateModified":"2023-10-16T11:52:54+00:00","description":"LANDpartie und Recherchefahrt nach Annenwalde, in die Uckermark.","breadcrumb":{"@id":"https:\/\/liebke-foto.de\/maerkischeslicht\/landpartie-und-recherchefahrt-nach-annenwalde-in-die-uckermark\/#breadcrumb"},"inLanguage":"de","potentialAction":[{"@type":"ReadAction","target":["https:\/\/liebke-foto.de\/maerkischeslicht\/landpartie-und-recherchefahrt-nach-annenwalde-in-die-uckermark\/"]}]},{"@type":"ImageObject","inLanguage":"de","@id":"https:\/\/liebke-foto.de\/maerkischeslicht\/landpartie-und-recherchefahrt-nach-annenwalde-in-die-uckermark\/#primaryimage","url":"https:\/\/liebke-foto.de\/maerkischeslicht\/wp-content\/uploads\/2022\/11\/FZL4436_C1.jpg","contentUrl":"https:\/\/liebke-foto.de\/maerkischeslicht\/wp-content\/uploads\/2022\/11\/FZL4436_C1.jpg","width":1400,"height":933},{"@type":"BreadcrumbList","@id":"https:\/\/liebke-foto.de\/maerkischeslicht\/landpartie-und-recherchefahrt-nach-annenwalde-in-die-uckermark\/#breadcrumb","itemListElement":[{"@type":"ListItem","position":1,"name":"Startseite","item":"https:\/\/liebke-foto.de\/maerkischeslicht\/"},{"@type":"ListItem","position":2,"name":"LANDpartie und Recherchefahrt nach Annenwalde, in die Uckermark"}]},{"@type":"WebSite","@id":"https:\/\/liebke-foto.de\/maerkischeslicht\/#website","url":"https:\/\/liebke-foto.de\/maerkischeslicht\/","name":"M\u00e4rkisches Licht - Der Fotograf der Stille","description":"Die Liebe zum Leben...","publisher":{"@id":"https:\/\/liebke-foto.de\/maerkischeslicht\/#\/schema\/person\/d71108abc09a723daeeb8526a33137ee"},"potentialAction":[{"@type":"SearchAction","target":{"@type":"EntryPoint","urlTemplate":"https:\/\/liebke-foto.de\/maerkischeslicht\/?s={search_term_string}"},"query-input":{"@type":"PropertyValueSpecification","valueRequired":true,"valueName":"search_term_string"}}],"inLanguage":"de"},{"@type":["Person","Organization"],"@id":"https:\/\/liebke-foto.de\/maerkischeslicht\/#\/schema\/person\/d71108abc09a723daeeb8526a33137ee","name":"Frank Liebke","image":{"@type":"ImageObject","inLanguage":"de","@id":"https:\/\/liebke-foto.de\/maerkischeslicht\/wp-content\/uploads\/2021\/12\/IMG-20211024-WA0001.jpg","url":"https:\/\/liebke-foto.de\/maerkischeslicht\/wp-content\/uploads\/2021\/12\/IMG-20211024-WA0001.jpg","contentUrl":"https:\/\/liebke-foto.de\/maerkischeslicht\/wp-content\/uploads\/2021\/12\/IMG-20211024-WA0001.jpg","width":900,"height":1600,"caption":"Frank Liebke"},"logo":{"@id":"https:\/\/liebke-foto.de\/maerkischeslicht\/wp-content\/uploads\/2021\/12\/IMG-20211024-WA0001.jpg"},"sameAs":["https:\/\/liebke-foto.de"],"url":"https:\/\/liebke-foto.de\/maerkischeslicht\/author\/adminuser\/"}]}},"_links":{"self":[{"href":"https:\/\/liebke-foto.de\/maerkischeslicht\/wp-json\/wp\/v2\/posts\/6693","targetHints":{"allow":["GET"]}}],"collection":[{"href":"https:\/\/liebke-foto.de\/maerkischeslicht\/wp-json\/wp\/v2\/posts"}],"about":[{"href":"https:\/\/liebke-foto.de\/maerkischeslicht\/wp-json\/wp\/v2\/types\/post"}],"author":[{"embeddable":true,"href":"https:\/\/liebke-foto.de\/maerkischeslicht\/wp-json\/wp\/v2\/users\/1"}],"replies":[{"embeddable":true,"href":"https:\/\/liebke-foto.de\/maerkischeslicht\/wp-json\/wp\/v2\/comments?post=6693"}],"version-history":[{"count":11,"href":"https:\/\/liebke-foto.de\/maerkischeslicht\/wp-json\/wp\/v2\/posts\/6693\/revisions"}],"predecessor-version":[{"id":7730,"href":"https:\/\/liebke-foto.de\/maerkischeslicht\/wp-json\/wp\/v2\/posts\/6693\/revisions\/7730"}],"wp:featuredmedia":[{"embeddable":true,"href":"https:\/\/liebke-foto.de\/maerkischeslicht\/wp-json\/wp\/v2\/media\/6696"}],"wp:attachment":[{"href":"https:\/\/liebke-foto.de\/maerkischeslicht\/wp-json\/wp\/v2\/media?parent=6693"}],"wp:term":[{"taxonomy":"category","embeddable":true,"href":"https:\/\/liebke-foto.de\/maerkischeslicht\/wp-json\/wp\/v2\/categories?post=6693"},{"taxonomy":"post_tag","embeddable":true,"href":"https:\/\/liebke-foto.de\/maerkischeslicht\/wp-json\/wp\/v2\/tags?post=6693"}],"curies":[{"name":"wp","href":"https:\/\/api.w.org\/{rel}","templated":true}]}}