{"id":6678,"date":"2022-10-26T20:14:20","date_gmt":"2022-10-26T18:14:20","guid":{"rendered":"https:\/\/liebke-foto.de\/maerkischeslicht\/?p=6678"},"modified":"2022-10-26T20:14:22","modified_gmt":"2022-10-26T18:14:22","slug":"herbstmomente-in-lucys-zaubergarten-in-berlin","status":"publish","type":"post","link":"https:\/\/liebke-foto.de\/maerkischeslicht\/herbstmomente-in-lucys-zaubergarten-in-berlin\/","title":{"rendered":"Herbstmomente in Lucy\u00b4s Zaubergarten in Berlin"},"content":{"rendered":"<div class=\"wp-block-image\">\n<figure class=\"aligncenter size-large\"><a href=\"https:\/\/liebke-foto.de\/maerkischeslicht\/wp-content\/uploads\/2022\/10\/FZL4229_C1.jpg\"><img loading=\"lazy\" decoding=\"async\" width=\"1156\" height=\"800\" src=\"https:\/\/liebke-foto.de\/maerkischeslicht\/wp-content\/uploads\/2022\/10\/FZL4229_C1-1156x800.jpg\" alt=\"\" class=\"wp-image-6685\" srcset=\"https:\/\/liebke-foto.de\/maerkischeslicht\/wp-content\/uploads\/2022\/10\/FZL4229_C1-1156x800.jpg 1156w, https:\/\/liebke-foto.de\/maerkischeslicht\/wp-content\/uploads\/2022\/10\/FZL4229_C1-768x532.jpg 768w, https:\/\/liebke-foto.de\/maerkischeslicht\/wp-content\/uploads\/2022\/10\/FZL4229_C1.jpg 1400w\" sizes=\"auto, (max-width: 1156px) 100vw, 1156px\" \/><\/a><figcaption>(Gegen-)lichtspiele mit wilden Wein<\/figcaption><\/figure>\n<\/div>\n\n\n<p>Ende Oktober ist es. Wenn man aber am Tag drau\u00dfen ist und die Sonne ihre W\u00e4rme \u00fcber das Land aussch\u00fcttet, k\u00f6nnte es auch gerade knapp Sp\u00e4tsommer sein. Aber die leuchtenden Herbstfarben von Laub, Blumen und Pflanzen machen doch ganz klar: Es ist Ende Oktober. Ein bisschen Gartenarbeit und Vorbereitungen treffen f\u00fcr doch noch kommende erste Frostn\u00e4chte. Es h\u00e4lt einen nicht lange am Schreibtisch. <\/p>\n\n\n\n<p>Und die Kamera hatte ich nur mal kurz geholt, um ein paar kleine Erinnerungen vom Farbenrausch festzuhalten. Sind dann einige mehr geworden. Alles in <a href=\"https:\/\/koellegarten.life\" target=\"_blank\" rel=\"noreferrer noopener\">Lucy\u00b4s Zaubergarten<\/a>, Insider wissen nat\u00fcrlich, es ist der Garten von Patricia Koelle in Berlin. Ich w\u00fcnsche viel Spa\u00df beim Anschauen und Tr\u00e4umen.<\/p>\n\n\n<div class=\"wp-block-image\">\n<figure class=\"aligncenter size-large\"><a href=\"https:\/\/liebke-foto.de\/maerkischeslicht\/wp-content\/uploads\/2022\/10\/FZL4210_C1.jpg\"><img loading=\"lazy\" decoding=\"async\" width=\"1113\" height=\"800\" src=\"https:\/\/liebke-foto.de\/maerkischeslicht\/wp-content\/uploads\/2022\/10\/FZL4210_C1-1113x800.jpg\" alt=\"\" class=\"wp-image-6684\" srcset=\"https:\/\/liebke-foto.de\/maerkischeslicht\/wp-content\/uploads\/2022\/10\/FZL4210_C1-1113x800.jpg 1113w, https:\/\/liebke-foto.de\/maerkischeslicht\/wp-content\/uploads\/2022\/10\/FZL4210_C1-768x552.jpg 768w, https:\/\/liebke-foto.de\/maerkischeslicht\/wp-content\/uploads\/2022\/10\/FZL4210_C1.jpg 1400w\" sizes=\"auto, (max-width: 1113px) 100vw, 1113px\" \/><\/a><figcaption>Zweisamkeit, auch im wilden Wein an der Terrasse<\/figcaption><\/figure>\n<\/div>\n\n<div class=\"wp-block-image\">\n<figure class=\"aligncenter size-large\"><a href=\"https:\/\/liebke-foto.de\/maerkischeslicht\/wp-content\/uploads\/2022\/10\/FZL4192_C1.jpg\"><img loading=\"lazy\" decoding=\"async\" width=\"1122\" height=\"800\" src=\"https:\/\/liebke-foto.de\/maerkischeslicht\/wp-content\/uploads\/2022\/10\/FZL4192_C1-1122x800.jpg\" alt=\"\" class=\"wp-image-6682\" srcset=\"https:\/\/liebke-foto.de\/maerkischeslicht\/wp-content\/uploads\/2022\/10\/FZL4192_C1-1122x800.jpg 1122w, https:\/\/liebke-foto.de\/maerkischeslicht\/wp-content\/uploads\/2022\/10\/FZL4192_C1-768x547.jpg 768w, https:\/\/liebke-foto.de\/maerkischeslicht\/wp-content\/uploads\/2022\/10\/FZL4192_C1.jpg 1400w\" sizes=\"auto, (max-width: 1122px) 100vw, 1122px\" \/><\/a><figcaption>Kresse geh\u00f6rt zu unseren Lieblingsgew\u00e4chsen, sie ist einfach wundersch\u00f6n<\/figcaption><\/figure>\n<\/div>\n\n<div class=\"wp-block-image\">\n<figure class=\"aligncenter size-large\"><a href=\"https:\/\/liebke-foto.de\/maerkischeslicht\/wp-content\/uploads\/2022\/10\/FZL4190_C1.jpg\"><img loading=\"lazy\" decoding=\"async\" width=\"1202\" height=\"800\" src=\"https:\/\/liebke-foto.de\/maerkischeslicht\/wp-content\/uploads\/2022\/10\/FZL4190_C1-1202x800.jpg\" alt=\"\" class=\"wp-image-6681\" srcset=\"https:\/\/liebke-foto.de\/maerkischeslicht\/wp-content\/uploads\/2022\/10\/FZL4190_C1-1202x800.jpg 1202w, https:\/\/liebke-foto.de\/maerkischeslicht\/wp-content\/uploads\/2022\/10\/FZL4190_C1-768x511.jpg 768w, https:\/\/liebke-foto.de\/maerkischeslicht\/wp-content\/uploads\/2022\/10\/FZL4190_C1.jpg 1400w\" sizes=\"auto, (max-width: 1202px) 100vw, 1202px\" \/><\/a><figcaption>Schattentheater \ud83d\ude42<\/figcaption><\/figure>\n<\/div>\n\n<div class=\"wp-block-image\">\n<figure class=\"aligncenter size-large\"><a href=\"https:\/\/liebke-foto.de\/maerkischeslicht\/wp-content\/uploads\/2022\/10\/FZL4202_C1.jpg\"><img loading=\"lazy\" decoding=\"async\" width=\"1112\" height=\"800\" src=\"https:\/\/liebke-foto.de\/maerkischeslicht\/wp-content\/uploads\/2022\/10\/FZL4202_C1-1112x800.jpg\" alt=\"\" class=\"wp-image-6683\" srcset=\"https:\/\/liebke-foto.de\/maerkischeslicht\/wp-content\/uploads\/2022\/10\/FZL4202_C1-1112x800.jpg 1112w, https:\/\/liebke-foto.de\/maerkischeslicht\/wp-content\/uploads\/2022\/10\/FZL4202_C1-768x552.jpg 768w, https:\/\/liebke-foto.de\/maerkischeslicht\/wp-content\/uploads\/2022\/10\/FZL4202_C1.jpg 1400w\" sizes=\"auto, (max-width: 1112px) 100vw, 1112px\" \/><\/a><figcaption>Manche h\u00e4ngen einfach so rum \ud83d\ude09<\/figcaption><\/figure>\n<\/div>\n\n<div class=\"wp-block-image\">\n<figure class=\"aligncenter size-large\"><a href=\"https:\/\/liebke-foto.de\/maerkischeslicht\/wp-content\/uploads\/2022\/10\/FZL4171_C1.jpg\"><img loading=\"lazy\" decoding=\"async\" width=\"1097\" height=\"800\" src=\"https:\/\/liebke-foto.de\/maerkischeslicht\/wp-content\/uploads\/2022\/10\/FZL4171_C1-1097x800.jpg\" alt=\"\" class=\"wp-image-6680\" srcset=\"https:\/\/liebke-foto.de\/maerkischeslicht\/wp-content\/uploads\/2022\/10\/FZL4171_C1-1097x800.jpg 1097w, https:\/\/liebke-foto.de\/maerkischeslicht\/wp-content\/uploads\/2022\/10\/FZL4171_C1-768x560.jpg 768w, https:\/\/liebke-foto.de\/maerkischeslicht\/wp-content\/uploads\/2022\/10\/FZL4171_C1.jpg 1400w\" sizes=\"auto, (max-width: 1097px) 100vw, 1097px\" \/><\/a><figcaption>Im Herbst zeigen die Laternenblumen ihren wahren Kern<\/figcaption><\/figure>\n<\/div>\n\n<div class=\"wp-block-image\">\n<figure class=\"aligncenter size-full\"><a href=\"https:\/\/liebke-foto.de\/maerkischeslicht\/wp-content\/uploads\/2022\/10\/20221026_135028.jpg\"><img loading=\"lazy\" decoding=\"async\" width=\"1400\" height=\"788\" src=\"https:\/\/liebke-foto.de\/maerkischeslicht\/wp-content\/uploads\/2022\/10\/20221026_135028.jpg\" alt=\"\" class=\"wp-image-6686\" srcset=\"https:\/\/liebke-foto.de\/maerkischeslicht\/wp-content\/uploads\/2022\/10\/20221026_135028.jpg 1400w, https:\/\/liebke-foto.de\/maerkischeslicht\/wp-content\/uploads\/2022\/10\/20221026_135028-768x432.jpg 768w\" sizes=\"auto, (max-width: 1400px) 100vw, 1400px\" \/><\/a><figcaption>Patricia hat mich &#8222;erwischt&#8220; \ud83d\ude00  (Foto: Patricia Koelle)<\/figcaption><\/figure>\n<\/div>\n\n\n<p>Noch ein paar Worte zur Technik: Ich konnte mir zum Jahresanfang das s\u00fcndhaft teure Objektiv Nikkor 24-120\/4S zu meiner Nikon Z7 leisten. Es hat genau den von mir am meisten ben\u00f6tigten Brennweitenbereich. Zudem eine wunderbare Nahaufnahme-Distanz, fast Macrof\u00e4hig. Von Anfang an war ich von der \u00fcberragenden Qualit\u00e4t in Zusammenhang mit dem 45MP-Sensor der Z7 begeistert! Absolut. Eine solche Qualit\u00e4t habe ich noch nie vorher in meinen Daten gehabt. Vor Z.<\/p>\n\n\n\n<p>Das kann man kaum erkl\u00e4ren, das muss man erlebt haben. Am Besten auf einen gro\u00dfen Bildschirm bei 100% Gr\u00f6\u00dfe. Wenn es auch immer Maulhelden gibt, die da \u00fcber die Preise rumjammern m\u00fcssen um dann zu beweisen, dass man dieselbe Qualit\u00e4t mit billigsten Gl\u00e4sern erreicht, ist das einfach mal schlichtweg gelogen. Diese neuen Objektive sind es wert. Und nein, ich kann mir auch nicht alles leisten, erkenne aber trotzdem neidlos diesen Leistungsprung an. Und der ist gewaltig!<\/p>\n\n\n\n<p>Ich habe gerade in den letzten Jahren gemerkt dass ich ganz lange Teleobjektive sehr selten einsetze. Meine Motive sind einfach so, dass die sehr selten gebraucht werden. Und so bin ich mittlerweile auch am Abspecken. Leider nicht am eigenen Gewicht (das Essen ist aber auch immer sooo lecker \ud83d\ude09 ), nein.<\/p>\n\n\n\n<p> Ich reduziere das Gewicht meiner Fotoausr\u00fcstung, bin dadurch flexibler und sehr viel beweglicher. Habe in der Lenzerwische und auch vor kurzem auf Poel nur noch mit einer Nikon und dem neuen Objektiv fotografiert. Und bin vollstens zufrieden. <\/p>\n\n\n\n<p>Mein neuer A2-Kalender hat im Titel ein Bild was ich in diesem Jahr in der Lenzerwische aufgenommen habe. A2 ist eine Gr\u00f6\u00dfe von 42,0 cm x 59,4 cm bei Offsetdruckaufl\u00f6sung 300dpi. Jeder der den Kalender gekauft hat wird mir sicher diese enorme Qualit\u00e4t des Bildes best\u00e4tigen. Und das in echt und nicht interpoliert! Wo ja Leute der Meinung sind, auch mit 10MP kann man mit den neuen Interpolierern diese Gr\u00f6\u00dfe problemlos erreichen. Kann man, vielleicht. Aber dann sieht man im Vergleich einen Qualit\u00e4tsunterschied, das m\u00f6chte man lieber nicht. Und wer den nicht sieht, na ja, man kann sich auch was sch\u00f6nreden. <\/p>\n\n\n\n<p>Genug der Abschweife, ICH bin mit dieser Entscheidung sehr zufrieden. Und so macht mir das Fotografieren noch mehr Spa\u00df \ud83d\ude00<\/p>\n\n\n\n<div style=\"padding:20px\" class=\"wp-block-tnp-minimal\"><p>Subscribe to our newsletter!<\/p><div><div class=\"tnp tnp-subscription \">\n<form method=\"post\" action=\"https:\/\/liebke-foto.de\/maerkischeslicht\/wp-admin\/admin-ajax.php?action=tnp&amp;na=s\">\n<input type=\"hidden\" name=\"nlang\" value=\"\">\n<div class=\"tnp-field tnp-field-firstname\"><label for=\"tnp-1\">Vorname oder ganzer Name<\/label>\n<input class=\"tnp-name\" type=\"text\" name=\"nn\" id=\"tnp-1\" value=\"\" placeholder=\"\"><\/div>\n<div class=\"tnp-field tnp-field-email\"><label for=\"tnp-2\">Email<\/label>\n<input class=\"tnp-email\" type=\"email\" name=\"ne\" id=\"tnp-2\" value=\"\" placeholder=\"\" required><\/div>\n<div class=\"tnp-field tnp-privacy-field\"><label><input type=\"checkbox\" name=\"ny\" required class=\"tnp-privacy\"> Indem Du fortf\u00e4hrst, akzeptierst Du unsere Datenschutzerkl\u00e4rung.<\/label><\/div><div class=\"tnp-field tnp-field-button\" style=\"text-align: left\"><input class=\"tnp-submit\" type=\"submit\" value=\"Abonnieren\" style=\"\">\n<\/div>\n<\/form>\n<\/div>\n<\/div><\/div>\n\n\n\n\n","protected":false},"excerpt":{"rendered":"<p>Ende Oktober ist es. Wenn man aber am Tag drau\u00dfen ist und die Sonne ihre W\u00e4rme \u00fcber das Land aussch\u00fcttet, k\u00f6nnte es auch&#8230;<\/p>\n","protected":false},"author":1,"featured_media":6685,"comment_status":"open","ping_status":"open","sticky":false,"template":"","format":"image","meta":{"footnotes":""},"categories":[66],"tags":[],"class_list":["post-6678","post","type-post","status-publish","format-image","has-post-thumbnail","hentry","category-landpartie","post_format-post-format-image"],"yoast_head":"<!-- This site is optimized with the Yoast SEO plugin v27.4 - https:\/\/yoast.com\/product\/yoast-seo-wordpress\/ -->\n<title>Herbstmomente in Lucy\u00b4s Zaubergarten in Berlin - M\u00e4rkisches Licht - Der Fotograf der Stille<\/title>\n<meta name=\"description\" content=\"Herbstmomente in Lucy\u00b4s Zaubergarten in Berlin\" \/>\n<meta name=\"robots\" content=\"index, follow, max-snippet:-1, max-image-preview:large, max-video-preview:-1\" \/>\n<link rel=\"canonical\" href=\"https:\/\/liebke-foto.de\/maerkischeslicht\/herbstmomente-in-lucys-zaubergarten-in-berlin\/\" \/>\n<meta property=\"og:locale\" content=\"de_DE\" \/>\n<meta property=\"og:type\" content=\"article\" \/>\n<meta property=\"og:title\" content=\"Herbstmomente in Lucy\u00b4s Zaubergarten in Berlin - M\u00e4rkisches Licht - Der Fotograf der Stille\" \/>\n<meta property=\"og:description\" content=\"Herbstmomente in Lucy\u00b4s Zaubergarten in Berlin\" \/>\n<meta property=\"og:url\" content=\"https:\/\/liebke-foto.de\/maerkischeslicht\/herbstmomente-in-lucys-zaubergarten-in-berlin\/\" \/>\n<meta property=\"og:site_name\" content=\"M\u00e4rkisches Licht - Der Fotograf der Stille\" \/>\n<meta property=\"article:published_time\" content=\"2022-10-26T18:14:20+00:00\" \/>\n<meta property=\"article:modified_time\" content=\"2022-10-26T18:14:22+00:00\" \/>\n<meta property=\"og:image\" content=\"https:\/\/liebke-foto.de\/maerkischeslicht\/wp-content\/uploads\/2022\/10\/FZL4229_C1.jpg\" \/>\n\t<meta property=\"og:image:width\" content=\"1400\" \/>\n\t<meta property=\"og:image:height\" content=\"969\" \/>\n\t<meta property=\"og:image:type\" content=\"image\/jpeg\" \/>\n<meta name=\"author\" content=\"Frank Liebke\" \/>\n<meta name=\"twitter:card\" content=\"summary_large_image\" \/>\n<meta name=\"twitter:label1\" content=\"Verfasst von\" \/>\n\t<meta name=\"twitter:data1\" content=\"Frank Liebke\" \/>\n\t<meta name=\"twitter:label2\" content=\"Gesch\u00e4tzte Lesezeit\" \/>\n\t<meta name=\"twitter:data2\" content=\"3\u00a0Minuten\" \/>\n<script type=\"application\/ld+json\" class=\"yoast-schema-graph\">{\"@context\":\"https:\\\/\\\/schema.org\",\"@graph\":[{\"@type\":\"Article\",\"@id\":\"https:\\\/\\\/liebke-foto.de\\\/maerkischeslicht\\\/herbstmomente-in-lucys-zaubergarten-in-berlin\\\/#article\",\"isPartOf\":{\"@id\":\"https:\\\/\\\/liebke-foto.de\\\/maerkischeslicht\\\/herbstmomente-in-lucys-zaubergarten-in-berlin\\\/\"},\"author\":{\"name\":\"Frank Liebke\",\"@id\":\"https:\\\/\\\/liebke-foto.de\\\/maerkischeslicht\\\/#\\\/schema\\\/person\\\/d71108abc09a723daeeb8526a33137ee\"},\"headline\":\"Herbstmomente in Lucy\u00b4s Zaubergarten in Berlin\",\"datePublished\":\"2022-10-26T18:14:20+00:00\",\"dateModified\":\"2022-10-26T18:14:22+00:00\",\"mainEntityOfPage\":{\"@id\":\"https:\\\/\\\/liebke-foto.de\\\/maerkischeslicht\\\/herbstmomente-in-lucys-zaubergarten-in-berlin\\\/\"},\"wordCount\":554,\"commentCount\":2,\"publisher\":{\"@id\":\"https:\\\/\\\/liebke-foto.de\\\/maerkischeslicht\\\/#\\\/schema\\\/person\\\/d71108abc09a723daeeb8526a33137ee\"},\"image\":{\"@id\":\"https:\\\/\\\/liebke-foto.de\\\/maerkischeslicht\\\/herbstmomente-in-lucys-zaubergarten-in-berlin\\\/#primaryimage\"},\"thumbnailUrl\":\"https:\\\/\\\/liebke-foto.de\\\/maerkischeslicht\\\/wp-content\\\/uploads\\\/2022\\\/10\\\/FZL4229_C1.jpg\",\"articleSection\":[\"LANDpartie, unterwegs in der Mark Brandenburg\"],\"inLanguage\":\"de\",\"potentialAction\":[{\"@type\":\"CommentAction\",\"name\":\"Comment\",\"target\":[\"https:\\\/\\\/liebke-foto.de\\\/maerkischeslicht\\\/herbstmomente-in-lucys-zaubergarten-in-berlin\\\/#respond\"]}]},{\"@type\":\"WebPage\",\"@id\":\"https:\\\/\\\/liebke-foto.de\\\/maerkischeslicht\\\/herbstmomente-in-lucys-zaubergarten-in-berlin\\\/\",\"url\":\"https:\\\/\\\/liebke-foto.de\\\/maerkischeslicht\\\/herbstmomente-in-lucys-zaubergarten-in-berlin\\\/\",\"name\":\"Herbstmomente in Lucy\u00b4s Zaubergarten in Berlin - M\u00e4rkisches Licht - Der Fotograf der Stille\",\"isPartOf\":{\"@id\":\"https:\\\/\\\/liebke-foto.de\\\/maerkischeslicht\\\/#website\"},\"primaryImageOfPage\":{\"@id\":\"https:\\\/\\\/liebke-foto.de\\\/maerkischeslicht\\\/herbstmomente-in-lucys-zaubergarten-in-berlin\\\/#primaryimage\"},\"image\":{\"@id\":\"https:\\\/\\\/liebke-foto.de\\\/maerkischeslicht\\\/herbstmomente-in-lucys-zaubergarten-in-berlin\\\/#primaryimage\"},\"thumbnailUrl\":\"https:\\\/\\\/liebke-foto.de\\\/maerkischeslicht\\\/wp-content\\\/uploads\\\/2022\\\/10\\\/FZL4229_C1.jpg\",\"datePublished\":\"2022-10-26T18:14:20+00:00\",\"dateModified\":\"2022-10-26T18:14:22+00:00\",\"description\":\"Herbstmomente in Lucy\u00b4s Zaubergarten in Berlin\",\"breadcrumb\":{\"@id\":\"https:\\\/\\\/liebke-foto.de\\\/maerkischeslicht\\\/herbstmomente-in-lucys-zaubergarten-in-berlin\\\/#breadcrumb\"},\"inLanguage\":\"de\",\"potentialAction\":[{\"@type\":\"ReadAction\",\"target\":[\"https:\\\/\\\/liebke-foto.de\\\/maerkischeslicht\\\/herbstmomente-in-lucys-zaubergarten-in-berlin\\\/\"]}]},{\"@type\":\"ImageObject\",\"inLanguage\":\"de\",\"@id\":\"https:\\\/\\\/liebke-foto.de\\\/maerkischeslicht\\\/herbstmomente-in-lucys-zaubergarten-in-berlin\\\/#primaryimage\",\"url\":\"https:\\\/\\\/liebke-foto.de\\\/maerkischeslicht\\\/wp-content\\\/uploads\\\/2022\\\/10\\\/FZL4229_C1.jpg\",\"contentUrl\":\"https:\\\/\\\/liebke-foto.de\\\/maerkischeslicht\\\/wp-content\\\/uploads\\\/2022\\\/10\\\/FZL4229_C1.jpg\",\"width\":1400,\"height\":969},{\"@type\":\"BreadcrumbList\",\"@id\":\"https:\\\/\\\/liebke-foto.de\\\/maerkischeslicht\\\/herbstmomente-in-lucys-zaubergarten-in-berlin\\\/#breadcrumb\",\"itemListElement\":[{\"@type\":\"ListItem\",\"position\":1,\"name\":\"Startseite\",\"item\":\"https:\\\/\\\/liebke-foto.de\\\/maerkischeslicht\\\/\"},{\"@type\":\"ListItem\",\"position\":2,\"name\":\"Herbstmomente in Lucy\u00b4s Zaubergarten in Berlin\"}]},{\"@type\":\"WebSite\",\"@id\":\"https:\\\/\\\/liebke-foto.de\\\/maerkischeslicht\\\/#website\",\"url\":\"https:\\\/\\\/liebke-foto.de\\\/maerkischeslicht\\\/\",\"name\":\"M\u00e4rkisches Licht - Der Fotograf der Stille\",\"description\":\"Die Liebe zum Leben...\",\"publisher\":{\"@id\":\"https:\\\/\\\/liebke-foto.de\\\/maerkischeslicht\\\/#\\\/schema\\\/person\\\/d71108abc09a723daeeb8526a33137ee\"},\"potentialAction\":[{\"@type\":\"SearchAction\",\"target\":{\"@type\":\"EntryPoint\",\"urlTemplate\":\"https:\\\/\\\/liebke-foto.de\\\/maerkischeslicht\\\/?s={search_term_string}\"},\"query-input\":{\"@type\":\"PropertyValueSpecification\",\"valueRequired\":true,\"valueName\":\"search_term_string\"}}],\"inLanguage\":\"de\"},{\"@type\":[\"Person\",\"Organization\"],\"@id\":\"https:\\\/\\\/liebke-foto.de\\\/maerkischeslicht\\\/#\\\/schema\\\/person\\\/d71108abc09a723daeeb8526a33137ee\",\"name\":\"Frank Liebke\",\"image\":{\"@type\":\"ImageObject\",\"inLanguage\":\"de\",\"@id\":\"https:\\\/\\\/liebke-foto.de\\\/maerkischeslicht\\\/wp-content\\\/uploads\\\/2021\\\/12\\\/IMG-20211024-WA0001.jpg\",\"url\":\"https:\\\/\\\/liebke-foto.de\\\/maerkischeslicht\\\/wp-content\\\/uploads\\\/2021\\\/12\\\/IMG-20211024-WA0001.jpg\",\"contentUrl\":\"https:\\\/\\\/liebke-foto.de\\\/maerkischeslicht\\\/wp-content\\\/uploads\\\/2021\\\/12\\\/IMG-20211024-WA0001.jpg\",\"width\":900,\"height\":1600,\"caption\":\"Frank Liebke\"},\"logo\":{\"@id\":\"https:\\\/\\\/liebke-foto.de\\\/maerkischeslicht\\\/wp-content\\\/uploads\\\/2021\\\/12\\\/IMG-20211024-WA0001.jpg\"},\"sameAs\":[\"https:\\\/\\\/liebke-foto.de\"],\"url\":\"https:\\\/\\\/liebke-foto.de\\\/maerkischeslicht\\\/author\\\/adminuser\\\/\"}]}<\/script>\n<!-- \/ Yoast SEO plugin. -->","yoast_head_json":{"title":"Herbstmomente in Lucy\u00b4s Zaubergarten in Berlin - M\u00e4rkisches Licht - Der Fotograf der Stille","description":"Herbstmomente in Lucy\u00b4s Zaubergarten in Berlin","robots":{"index":"index","follow":"follow","max-snippet":"max-snippet:-1","max-image-preview":"max-image-preview:large","max-video-preview":"max-video-preview:-1"},"canonical":"https:\/\/liebke-foto.de\/maerkischeslicht\/herbstmomente-in-lucys-zaubergarten-in-berlin\/","og_locale":"de_DE","og_type":"article","og_title":"Herbstmomente in Lucy\u00b4s Zaubergarten in Berlin - M\u00e4rkisches Licht - Der Fotograf der Stille","og_description":"Herbstmomente in Lucy\u00b4s Zaubergarten in Berlin","og_url":"https:\/\/liebke-foto.de\/maerkischeslicht\/herbstmomente-in-lucys-zaubergarten-in-berlin\/","og_site_name":"M\u00e4rkisches Licht - Der Fotograf der Stille","article_published_time":"2022-10-26T18:14:20+00:00","article_modified_time":"2022-10-26T18:14:22+00:00","og_image":[{"width":1400,"height":969,"url":"https:\/\/liebke-foto.de\/maerkischeslicht\/wp-content\/uploads\/2022\/10\/FZL4229_C1.jpg","type":"image\/jpeg"}],"author":"Frank Liebke","twitter_card":"summary_large_image","twitter_misc":{"Verfasst von":"Frank Liebke","Gesch\u00e4tzte Lesezeit":"3\u00a0Minuten"},"schema":{"@context":"https:\/\/schema.org","@graph":[{"@type":"Article","@id":"https:\/\/liebke-foto.de\/maerkischeslicht\/herbstmomente-in-lucys-zaubergarten-in-berlin\/#article","isPartOf":{"@id":"https:\/\/liebke-foto.de\/maerkischeslicht\/herbstmomente-in-lucys-zaubergarten-in-berlin\/"},"author":{"name":"Frank Liebke","@id":"https:\/\/liebke-foto.de\/maerkischeslicht\/#\/schema\/person\/d71108abc09a723daeeb8526a33137ee"},"headline":"Herbstmomente in Lucy\u00b4s Zaubergarten in Berlin","datePublished":"2022-10-26T18:14:20+00:00","dateModified":"2022-10-26T18:14:22+00:00","mainEntityOfPage":{"@id":"https:\/\/liebke-foto.de\/maerkischeslicht\/herbstmomente-in-lucys-zaubergarten-in-berlin\/"},"wordCount":554,"commentCount":2,"publisher":{"@id":"https:\/\/liebke-foto.de\/maerkischeslicht\/#\/schema\/person\/d71108abc09a723daeeb8526a33137ee"},"image":{"@id":"https:\/\/liebke-foto.de\/maerkischeslicht\/herbstmomente-in-lucys-zaubergarten-in-berlin\/#primaryimage"},"thumbnailUrl":"https:\/\/liebke-foto.de\/maerkischeslicht\/wp-content\/uploads\/2022\/10\/FZL4229_C1.jpg","articleSection":["LANDpartie, unterwegs in der Mark Brandenburg"],"inLanguage":"de","potentialAction":[{"@type":"CommentAction","name":"Comment","target":["https:\/\/liebke-foto.de\/maerkischeslicht\/herbstmomente-in-lucys-zaubergarten-in-berlin\/#respond"]}]},{"@type":"WebPage","@id":"https:\/\/liebke-foto.de\/maerkischeslicht\/herbstmomente-in-lucys-zaubergarten-in-berlin\/","url":"https:\/\/liebke-foto.de\/maerkischeslicht\/herbstmomente-in-lucys-zaubergarten-in-berlin\/","name":"Herbstmomente in Lucy\u00b4s Zaubergarten in Berlin - M\u00e4rkisches Licht - Der Fotograf der Stille","isPartOf":{"@id":"https:\/\/liebke-foto.de\/maerkischeslicht\/#website"},"primaryImageOfPage":{"@id":"https:\/\/liebke-foto.de\/maerkischeslicht\/herbstmomente-in-lucys-zaubergarten-in-berlin\/#primaryimage"},"image":{"@id":"https:\/\/liebke-foto.de\/maerkischeslicht\/herbstmomente-in-lucys-zaubergarten-in-berlin\/#primaryimage"},"thumbnailUrl":"https:\/\/liebke-foto.de\/maerkischeslicht\/wp-content\/uploads\/2022\/10\/FZL4229_C1.jpg","datePublished":"2022-10-26T18:14:20+00:00","dateModified":"2022-10-26T18:14:22+00:00","description":"Herbstmomente in Lucy\u00b4s Zaubergarten in Berlin","breadcrumb":{"@id":"https:\/\/liebke-foto.de\/maerkischeslicht\/herbstmomente-in-lucys-zaubergarten-in-berlin\/#breadcrumb"},"inLanguage":"de","potentialAction":[{"@type":"ReadAction","target":["https:\/\/liebke-foto.de\/maerkischeslicht\/herbstmomente-in-lucys-zaubergarten-in-berlin\/"]}]},{"@type":"ImageObject","inLanguage":"de","@id":"https:\/\/liebke-foto.de\/maerkischeslicht\/herbstmomente-in-lucys-zaubergarten-in-berlin\/#primaryimage","url":"https:\/\/liebke-foto.de\/maerkischeslicht\/wp-content\/uploads\/2022\/10\/FZL4229_C1.jpg","contentUrl":"https:\/\/liebke-foto.de\/maerkischeslicht\/wp-content\/uploads\/2022\/10\/FZL4229_C1.jpg","width":1400,"height":969},{"@type":"BreadcrumbList","@id":"https:\/\/liebke-foto.de\/maerkischeslicht\/herbstmomente-in-lucys-zaubergarten-in-berlin\/#breadcrumb","itemListElement":[{"@type":"ListItem","position":1,"name":"Startseite","item":"https:\/\/liebke-foto.de\/maerkischeslicht\/"},{"@type":"ListItem","position":2,"name":"Herbstmomente in Lucy\u00b4s Zaubergarten in Berlin"}]},{"@type":"WebSite","@id":"https:\/\/liebke-foto.de\/maerkischeslicht\/#website","url":"https:\/\/liebke-foto.de\/maerkischeslicht\/","name":"M\u00e4rkisches Licht - Der Fotograf der Stille","description":"Die Liebe zum Leben...","publisher":{"@id":"https:\/\/liebke-foto.de\/maerkischeslicht\/#\/schema\/person\/d71108abc09a723daeeb8526a33137ee"},"potentialAction":[{"@type":"SearchAction","target":{"@type":"EntryPoint","urlTemplate":"https:\/\/liebke-foto.de\/maerkischeslicht\/?s={search_term_string}"},"query-input":{"@type":"PropertyValueSpecification","valueRequired":true,"valueName":"search_term_string"}}],"inLanguage":"de"},{"@type":["Person","Organization"],"@id":"https:\/\/liebke-foto.de\/maerkischeslicht\/#\/schema\/person\/d71108abc09a723daeeb8526a33137ee","name":"Frank Liebke","image":{"@type":"ImageObject","inLanguage":"de","@id":"https:\/\/liebke-foto.de\/maerkischeslicht\/wp-content\/uploads\/2021\/12\/IMG-20211024-WA0001.jpg","url":"https:\/\/liebke-foto.de\/maerkischeslicht\/wp-content\/uploads\/2021\/12\/IMG-20211024-WA0001.jpg","contentUrl":"https:\/\/liebke-foto.de\/maerkischeslicht\/wp-content\/uploads\/2021\/12\/IMG-20211024-WA0001.jpg","width":900,"height":1600,"caption":"Frank Liebke"},"logo":{"@id":"https:\/\/liebke-foto.de\/maerkischeslicht\/wp-content\/uploads\/2021\/12\/IMG-20211024-WA0001.jpg"},"sameAs":["https:\/\/liebke-foto.de"],"url":"https:\/\/liebke-foto.de\/maerkischeslicht\/author\/adminuser\/"}]}},"_links":{"self":[{"href":"https:\/\/liebke-foto.de\/maerkischeslicht\/wp-json\/wp\/v2\/posts\/6678","targetHints":{"allow":["GET"]}}],"collection":[{"href":"https:\/\/liebke-foto.de\/maerkischeslicht\/wp-json\/wp\/v2\/posts"}],"about":[{"href":"https:\/\/liebke-foto.de\/maerkischeslicht\/wp-json\/wp\/v2\/types\/post"}],"author":[{"embeddable":true,"href":"https:\/\/liebke-foto.de\/maerkischeslicht\/wp-json\/wp\/v2\/users\/1"}],"replies":[{"embeddable":true,"href":"https:\/\/liebke-foto.de\/maerkischeslicht\/wp-json\/wp\/v2\/comments?post=6678"}],"version-history":[{"count":4,"href":"https:\/\/liebke-foto.de\/maerkischeslicht\/wp-json\/wp\/v2\/posts\/6678\/revisions"}],"predecessor-version":[{"id":6689,"href":"https:\/\/liebke-foto.de\/maerkischeslicht\/wp-json\/wp\/v2\/posts\/6678\/revisions\/6689"}],"wp:featuredmedia":[{"embeddable":true,"href":"https:\/\/liebke-foto.de\/maerkischeslicht\/wp-json\/wp\/v2\/media\/6685"}],"wp:attachment":[{"href":"https:\/\/liebke-foto.de\/maerkischeslicht\/wp-json\/wp\/v2\/media?parent=6678"}],"wp:term":[{"taxonomy":"category","embeddable":true,"href":"https:\/\/liebke-foto.de\/maerkischeslicht\/wp-json\/wp\/v2\/categories?post=6678"},{"taxonomy":"post_tag","embeddable":true,"href":"https:\/\/liebke-foto.de\/maerkischeslicht\/wp-json\/wp\/v2\/tags?post=6678"}],"curies":[{"name":"wp","href":"https:\/\/api.w.org\/{rel}","templated":true}]}}