{"id":6655,"date":"2022-10-24T22:14:13","date_gmt":"2022-10-24T20:14:13","guid":{"rendered":"https:\/\/liebke-foto.de\/maerkischeslicht\/?p=6655"},"modified":"2023-05-05T12:18:49","modified_gmt":"2023-05-05T10:18:49","slug":"brandenburg-oder-die-see-oder-alles-oder-gar-kein-oder","status":"publish","type":"post","link":"https:\/\/liebke-foto.de\/maerkischeslicht\/brandenburg-oder-die-see-oder-alles-oder-gar-kein-oder\/","title":{"rendered":"Brandenburg oder die See, oder alles oder gar kein oder??"},"content":{"rendered":"<div class=\"wp-block-image\">\n<figure class=\"aligncenter size-large\"><a href=\"https:\/\/liebke-foto.de\/maerkischeslicht\/wp-content\/uploads\/2022\/10\/DSC8432_C1.jpg\"><img loading=\"lazy\" decoding=\"async\" width=\"1198\" height=\"800\" src=\"https:\/\/liebke-foto.de\/maerkischeslicht\/wp-content\/uploads\/2022\/10\/DSC8432_C1-1198x800.jpg\" alt=\"\" class=\"wp-image-6656\" srcset=\"https:\/\/liebke-foto.de\/maerkischeslicht\/wp-content\/uploads\/2022\/10\/DSC8432_C1-1198x800.jpg 1198w, https:\/\/liebke-foto.de\/maerkischeslicht\/wp-content\/uploads\/2022\/10\/DSC8432_C1-768x513.jpg 768w, https:\/\/liebke-foto.de\/maerkischeslicht\/wp-content\/uploads\/2022\/10\/DSC8432_C1.jpg 1300w\" sizes=\"auto, (max-width: 1198px) 100vw, 1198px\" \/><\/a><figcaption class=\"wp-element-caption\">Auch eine einfache Fliege m\u00f6chte jeden Tag erleben d\u00fcrfen<\/figcaption><\/figure>\n<\/div>\n\n\n<p>Es ist zum verr\u00fcckt werden. Nun bin ich gute 62 Jahre alt oder jung, wie man will. Und ich f\u00fchle mich wie ein Jugendlicher in der Pubert\u00e4t?? Man sollte doch in dem Alter sowas wie weise geworden sein. Oder? Aber warum auch. Das Beste was einem passieren kann ist doch dass das Erwachsenwerden die sch\u00f6nen freien Ideen aus der Kindheit nicht ausradieren konnte. Denn als Kind, egal ob introvertiert wie ich und viele, oder extrovertiert wie andere und mehr, hat man in sich das Urgef\u00fchl f\u00fcr alles was sch\u00f6n ist und was gef\u00e4llt. Nichts bringt einem davon ab dass ein Maik\u00e4fer ein herrlicher Freund ist, ob nun &#8222;Schornsteinfeger&#8220; oder &#8222;B\u00e4cker&#8220;. Je nach Antlitz und der Farbe seiner F\u00fchler wurde er oder sie so genannt von uns. Ganz selbstverst\u00e4ndlich, Ihr erinnert Euch? <\/p>\n\n\n\n<p>Und jedes andere Kind wusste wovon man redet. Genauso die ganzen Grash\u00fcpfer, Marienk\u00e4fer, Molche, Stichlinge und alles was da kreucht und fleucht. Vor allem auch die Vielzahl der Schmetterlinge. Ein Paradies, jeden Tag aufs Neue. <\/p>\n\n\n\n<p>Und dann irgendwann kommt man in die Schule und damit beginnt das ganze Desaster des Lebens. Ich habe schon oft das Gef\u00fchl gehabt, alles was dann kam war nur dazu da uns die Tr\u00e4ume aus dem Gehirn zu radieren. Und wir waren gefangen in den Pflichten, in allem was man so zu machen hatte. Sp\u00e4ter in der Lehrausbildung ging es weiter und bei der Armee, bei mir die NVA in der DDR, wieder weiter. Danach mein Traumjob, Fotograf. Obwohl das gar nicht ging. Ich nie eine Ausbildung machen konnte und auch nicht studieren, obwohl ich mich auf drei Jahre Armeedienst verpflichtet hatte. Denn im Wehrkreiskommando sagte man mir klar, wenn Du nicht drei Jahre gehst, kannst du nicht Fotografie studieren. <\/p>\n\n\n\n<p>Nach den drei Jahren war mir klar dass ich auch so nicht studieren konnte. Denn es fehlte mir an Beziehungen. Alle zwei Jahre wurde in Leipzig immatrikuliert. 10 Pl\u00e4tze standen zur Verf\u00fcgung, zu meiner Zeit. Davon bekamen Studenten aus den Staaten, die die DDR anerkannten, Afrika zum Beispiel, Studienpl\u00e4tze. Die zwei oder drei, die dann noch f\u00fcr unsere Leute waren, gingen an die, die ihre Beziehungen zu den Berliner oder Leipziger &#8222;Starfotografen&#8220; gut &#8222;ausgebaut&#8220; haben. Nun, mir war nicht nach schleimen und arschlecken, anbiedern und zu Kreuze kriechen schon gar nicht. Und so machte ich meinen Weg \u00fcber die Tageszeitung, denn dort hatte ich mit viel Gl\u00fcck einen Job als Fotoreporter bekommen. <\/p>\n\n\n\n<p>Und auch da war ich st\u00e4ndig unter politischen Druck. Die Stasi wollte meine Position auch gern nutzen. Die f\u00fchrte ich an der Nase rum und schmiss sie unmissverst\u00e4ndlich raus. Komischerweise hatte das kein Nachspiel. Ich habe mich lange gewundert, dass ich nie abgeholt wurde, denn auch in der Redaktion war ich ein Querulant. <\/p>\n\n\n\n<p>Nach der Wende dann eine andere Gesellschaft, neu f\u00fcr uns. Aber mehr nach meinem Verst\u00e4ndnis, dass sich Qualit\u00e4t mehr durchsetzt als gute Beziehungen. Nun, heute wei\u00df ich, man sollte beides beherrschen. Nichts f\u00fcr mich. Seit 1998 bin ich freischaffend, alles was ich kann und zeige habe ich mir selbst und hart erarbeitet. <a href=\"https:\/\/liebke-foto.de\/maerkischeslicht\/krank\/\" target=\"_blank\" rel=\"noreferrer noopener\">2019 bin ich nochmal mit dem Leben davon gekommen<\/a>. Und seit 2021 habe ich das Gef\u00fchl, das ich als Kind so selbstverst\u00e4ndlich versp\u00fchrte, wiedergewonnen. <\/p>\n\n\n\n<p>Als ich endlich frei war, ganz frei. Und Patricia kennenlernte. Die genauso denkt und mich einfach ich sein l\u00e4sst. Genau wie ich sie, sie sein lasse. Das absolut Wichtigste in einer guten Beziehung. Wir erleben zusammen die Welt wie Kinder. Freuen uns \u00fcber Regenb\u00f6gen, \u00fcber Herbstst\u00fcrme, bunte Bl\u00e4tter, Grash\u00fcpfer, Schmetterlinge, Rosenk\u00e4fer. \u00dcber B\u00fccher, Geschichten und M\u00e4rchen. Und manchmal muss ich mich zwicken, weil ich denke ich bin selber in einem. Einem M\u00e4rchen, denn so sch\u00f6n ist mein Sein seit damals. <\/p>\n\n\n\n<p>Wird Zeit zum Grund meiner vielen Worte zu kommen. Immer habe ich, weil mir kein Verlag, und kein anderer den R\u00fccken st\u00e4rkt und mir sagt, was ich machen soll und was gut ist, selbst Entscheidungen treffen m\u00fcssen. Irgendwie muss der Mensch Geld verdienen, sonst klappt das nicht mit dem Leben. Und wenn man Fr\u00fchrentner ist wie ich, klingt das erstmal gut. Man kann jeden Tag machen was man will. ABER: Die Rente ist einfach so mies und unanst\u00e4ndig niedrig dass es keinen Grund gibt, auszuruhen.<\/p>\n\n\n\n<p> Will ich eh nicht, mache zu gerne Bilder. Aber ich muss weiter verkaufen, bin in der Pflicht. Muss sehen, dass meine Sachen irgendwie gekauft werden. Nichts mit Freiheit! Oder doch? Ich hab gelernt mit wenig und nichts klarzukommen. Bevor ich mich verbiegen muss, hungere ich. Und komischerweise geht das dann doch. Ich mache einen kleinen Kalender, mit Patricia zusammen. Und das wird ein absoluter Renner! Ich mache einen gro\u00dfen Kalender, von dem ich wenige nur noch frei verkaufen kann weil ich die Auflage, der Kosten wegen, klein gehalten habe. Und er ist schon fast ganz verkauft. <\/p>\n\n\n\n<p>Also mache ich doch irgendwas so richtig richtig. Und nun, ENDLICH, beim Thema: Ich liebe die Mark Brandenburg. Ich fotografiere, sammele Erlebnisse im Zauberlicht, ohne Auftrag. Nur weil ich gar nicht anders kann. Und ich merke, zum Beispiel auf Facebook und meinem Blog hier, dass die Bilder viele Menschen positiv bewegen. Sie f\u00fchlen sich mitgenommen, best\u00e4tigt. Vielen geben sie Mut in sehr schwierigen Zeiten. <\/p>\n\n\n\n<p>Es ist eben nicht nur die &#8222;Streusandb\u00fcchse&#8220; wie sie Fontane nannte. Es ist ein gro\u00dfes und wunderbares Land. Voller Natur, sch\u00f6ner St\u00e4dte und D\u00f6rfer, Fl\u00fcsse, und tausende Seen. Ein Land in dem viele sehr gern Urlaub machen.<\/p>\n\n\n\n<p>Aber, ich liebe auch die See. Schon immer, schon als Kind. See, Meer, Schiffe, Sand, Strand, Quallen, Muscheln, all das. Und ich freue mich \u00fcber jede Reise, die ich mit meiner <a href=\"https:\/\/lebensfreudegef\u00e4hrten.de\" target=\"_blank\" rel=\"noreferrer noopener\">Lebensfreudegef\u00e4hrtin<\/a> Patricia zusammen mache. Ob Poel, Darss, R\u00fcgen oder Amrum. Und ich m\u00f6chte von allen berichten. Nicht in die Schublade &#8222;Brandenburg&#8220; gesteckt werden, sondern \u00fcberall wo wir uns wohlf\u00fchlen und Bilder in meine Kamera wandern. Da m\u00f6chte ich mich ohne Schuld wohlf\u00fchlen und Bilder mit Erlebnissen sammeln. <\/p>\n\n\n\n<p>Und Euch zeigen. Und ich hoffe einfach, dass Ihr das alles versteht und mir und meinen Seiten trotzdem treu bleibt. Denn, wenn auch keiner mehr ein Bild von mir liked, werde ich trotzdem das alles tun, was ich tun muss. Von innen heraus. Denn das hab ich schon als Kind getan und mich rundum wohlgef\u00fchlt. Und das mache ich weiter, bis zu meinem letzten Atemzug. Ich liebe das Land mit all seinen \u00dcberraschungen und hoffe, dass es eine gute Wende hin zu mehr Achtsamkeit der Natur gibt. Danke \ud83d\ude42<\/p>\n\n\n<div class=\"wp-block-image\">\n<figure class=\"aligncenter size-large\"><a href=\"https:\/\/liebke-foto.de\/maerkischeslicht\/wp-content\/uploads\/2022\/10\/FZ24782_C1.jpg\"><img loading=\"lazy\" decoding=\"async\" width=\"1200\" height=\"800\" src=\"https:\/\/liebke-foto.de\/maerkischeslicht\/wp-content\/uploads\/2022\/10\/FZ24782_C1-1200x800.jpg\" alt=\"\" class=\"wp-image-6660\" srcset=\"https:\/\/liebke-foto.de\/maerkischeslicht\/wp-content\/uploads\/2022\/10\/FZ24782_C1-1200x800.jpg 1200w, https:\/\/liebke-foto.de\/maerkischeslicht\/wp-content\/uploads\/2022\/10\/FZ24782_C1-768x512.jpg 768w, https:\/\/liebke-foto.de\/maerkischeslicht\/wp-content\/uploads\/2022\/10\/FZ24782_C1.jpg 1400w\" sizes=\"auto, (max-width: 1200px) 100vw, 1200px\" \/><\/a><figcaption class=\"wp-element-caption\">Wunschfinder Regenbogen an der Elbe in der Lenzerwische<\/figcaption><\/figure>\n<\/div>\n\n<div class=\"wp-block-image\">\n<figure class=\"aligncenter size-large\"><a href=\"https:\/\/liebke-foto.de\/maerkischeslicht\/wp-content\/uploads\/2022\/10\/FZ25098_C1.jpg\"><img loading=\"lazy\" decoding=\"async\" width=\"1200\" height=\"800\" src=\"https:\/\/liebke-foto.de\/maerkischeslicht\/wp-content\/uploads\/2022\/10\/FZ25098_C1-1200x800.jpg\" alt=\"\" class=\"wp-image-6661\" srcset=\"https:\/\/liebke-foto.de\/maerkischeslicht\/wp-content\/uploads\/2022\/10\/FZ25098_C1-1200x800.jpg 1200w, https:\/\/liebke-foto.de\/maerkischeslicht\/wp-content\/uploads\/2022\/10\/FZ25098_C1-768x512.jpg 768w, https:\/\/liebke-foto.de\/maerkischeslicht\/wp-content\/uploads\/2022\/10\/FZ25098_C1.jpg 1400w\" sizes=\"auto, (max-width: 1200px) 100vw, 1200px\" \/><\/a><figcaption class=\"wp-element-caption\">Morgennebelzauber im magischen Licht in der Lenzerwische<\/figcaption><\/figure>\n<\/div>\n\n<div class=\"wp-block-image\">\n<figure class=\"aligncenter size-large\"><a href=\"https:\/\/liebke-foto.de\/maerkischeslicht\/wp-content\/uploads\/2022\/10\/FL8_5520_C1.jpg\"><img loading=\"lazy\" decoding=\"async\" width=\"1199\" height=\"800\" src=\"https:\/\/liebke-foto.de\/maerkischeslicht\/wp-content\/uploads\/2022\/10\/FL8_5520_C1-1199x800.jpg\" alt=\"\" class=\"wp-image-6662\" srcset=\"https:\/\/liebke-foto.de\/maerkischeslicht\/wp-content\/uploads\/2022\/10\/FL8_5520_C1-1199x800.jpg 1199w, https:\/\/liebke-foto.de\/maerkischeslicht\/wp-content\/uploads\/2022\/10\/FL8_5520_C1-768x512.jpg 768w, https:\/\/liebke-foto.de\/maerkischeslicht\/wp-content\/uploads\/2022\/10\/FL8_5520_C1.jpg 1400w\" sizes=\"auto, (max-width: 1199px) 100vw, 1199px\" \/><\/a><figcaption class=\"wp-element-caption\">Herbstfarben am Liepnitzsee bei Wandlitz<\/figcaption><\/figure>\n<\/div>\n\n<div class=\"wp-block-image\">\n<figure class=\"aligncenter size-large\"><a href=\"https:\/\/liebke-foto.de\/maerkischeslicht\/wp-content\/uploads\/2022\/10\/FLZ7281_C1.jpg\"><img loading=\"lazy\" decoding=\"async\" width=\"1200\" height=\"800\" src=\"https:\/\/liebke-foto.de\/maerkischeslicht\/wp-content\/uploads\/2022\/10\/FLZ7281_C1-1200x800.jpg\" alt=\"\" class=\"wp-image-6664\" srcset=\"https:\/\/liebke-foto.de\/maerkischeslicht\/wp-content\/uploads\/2022\/10\/FLZ7281_C1-1200x800.jpg 1200w, https:\/\/liebke-foto.de\/maerkischeslicht\/wp-content\/uploads\/2022\/10\/FLZ7281_C1-768x512.jpg 768w, https:\/\/liebke-foto.de\/maerkischeslicht\/wp-content\/uploads\/2022\/10\/FLZ7281_C1.jpg 1400w\" sizes=\"auto, (max-width: 1200px) 100vw, 1200px\" \/><\/a><figcaption class=\"wp-element-caption\">Sonnenaufgang hinterm Deich auf Amrum<\/figcaption><\/figure>\n<\/div>\n\n<div class=\"wp-block-image\">\n<figure class=\"aligncenter size-large\"><a href=\"https:\/\/liebke-foto.de\/maerkischeslicht\/wp-content\/uploads\/2022\/10\/FLZ6307_C1.jpg\"><img loading=\"lazy\" decoding=\"async\" width=\"1200\" height=\"800\" src=\"https:\/\/liebke-foto.de\/maerkischeslicht\/wp-content\/uploads\/2022\/10\/FLZ6307_C1-1200x800.jpg\" alt=\"\" class=\"wp-image-6663\" srcset=\"https:\/\/liebke-foto.de\/maerkischeslicht\/wp-content\/uploads\/2022\/10\/FLZ6307_C1-1200x800.jpg 1200w, https:\/\/liebke-foto.de\/maerkischeslicht\/wp-content\/uploads\/2022\/10\/FLZ6307_C1-768x512.jpg 768w, https:\/\/liebke-foto.de\/maerkischeslicht\/wp-content\/uploads\/2022\/10\/FLZ6307_C1.jpg 1400w\" sizes=\"auto, (max-width: 1200px) 100vw, 1200px\" \/><\/a><figcaption class=\"wp-element-caption\">Sonnenuntergang bei bewegter See auf Amrum<\/figcaption><\/figure>\n<\/div>\n\n<div class=\"wp-block-image\">\n<figure class=\"aligncenter size-large\"><a href=\"https:\/\/liebke-foto.de\/maerkischeslicht\/wp-content\/uploads\/2022\/10\/FLZ7097_C1.jpg\"><img loading=\"lazy\" decoding=\"async\" width=\"1200\" height=\"800\" src=\"https:\/\/liebke-foto.de\/maerkischeslicht\/wp-content\/uploads\/2022\/10\/FLZ7097_C1-1200x800.jpg\" alt=\"\" class=\"wp-image-6665\" srcset=\"https:\/\/liebke-foto.de\/maerkischeslicht\/wp-content\/uploads\/2022\/10\/FLZ7097_C1-1200x800.jpg 1200w, https:\/\/liebke-foto.de\/maerkischeslicht\/wp-content\/uploads\/2022\/10\/FLZ7097_C1-768x512.jpg 768w, https:\/\/liebke-foto.de\/maerkischeslicht\/wp-content\/uploads\/2022\/10\/FLZ7097_C1.jpg 1300w\" sizes=\"auto, (max-width: 1200px) 100vw, 1200px\" \/><\/a><figcaption class=\"wp-element-caption\">Zaubersteine in ruhiger See auf Poel<\/figcaption><\/figure>\n<\/div>\n\n<div class=\"wp-block-image\">\n<figure class=\"aligncenter size-large\"><a href=\"https:\/\/liebke-foto.de\/maerkischeslicht\/wp-content\/uploads\/2022\/10\/FZ20997_C1.jpg\"><img loading=\"lazy\" decoding=\"async\" width=\"1200\" height=\"800\" src=\"https:\/\/liebke-foto.de\/maerkischeslicht\/wp-content\/uploads\/2022\/10\/FZ20997_C1-1200x800.jpg\" alt=\"\" class=\"wp-image-6666\" srcset=\"https:\/\/liebke-foto.de\/maerkischeslicht\/wp-content\/uploads\/2022\/10\/FZ20997_C1-1200x800.jpg 1200w, https:\/\/liebke-foto.de\/maerkischeslicht\/wp-content\/uploads\/2022\/10\/FZ20997_C1-768x512.jpg 768w, https:\/\/liebke-foto.de\/maerkischeslicht\/wp-content\/uploads\/2022\/10\/FZ20997_C1.jpg 1400w\" sizes=\"auto, (max-width: 1200px) 100vw, 1200px\" \/><\/a><figcaption class=\"wp-element-caption\">Der beste Aussichtspunkt auf Poel<\/figcaption><\/figure>\n<\/div>\n\n<div class=\"wp-block-image\">\n<figure class=\"aligncenter size-large\"><a href=\"https:\/\/liebke-foto.de\/maerkischeslicht\/wp-content\/uploads\/2022\/10\/FLZ2237_C1.jpg\"><img loading=\"lazy\" decoding=\"async\" width=\"1138\" height=\"800\" src=\"https:\/\/liebke-foto.de\/maerkischeslicht\/wp-content\/uploads\/2022\/10\/FLZ2237_C1-1138x800.jpg\" alt=\"\" class=\"wp-image-6667\" srcset=\"https:\/\/liebke-foto.de\/maerkischeslicht\/wp-content\/uploads\/2022\/10\/FLZ2237_C1-1138x800.jpg 1138w, https:\/\/liebke-foto.de\/maerkischeslicht\/wp-content\/uploads\/2022\/10\/FLZ2237_C1-768x540.jpg 768w, https:\/\/liebke-foto.de\/maerkischeslicht\/wp-content\/uploads\/2022\/10\/FLZ2237_C1.jpg 1300w\" sizes=\"auto, (max-width: 1138px) 100vw, 1138px\" \/><\/a><figcaption class=\"wp-element-caption\">Zeesboot bei Althagen auf dem Darss<\/figcaption><\/figure>\n<\/div>\n\n<div class=\"wp-block-image\">\n<figure class=\"aligncenter size-large\"><a href=\"https:\/\/liebke-foto.de\/maerkischeslicht\/wp-content\/uploads\/2022\/10\/FZ26202_C1.jpg\"><img loading=\"lazy\" decoding=\"async\" width=\"1200\" height=\"800\" src=\"https:\/\/liebke-foto.de\/maerkischeslicht\/wp-content\/uploads\/2022\/10\/FZ26202_C1-1200x800.jpg\" alt=\"\" class=\"wp-image-6668\" srcset=\"https:\/\/liebke-foto.de\/maerkischeslicht\/wp-content\/uploads\/2022\/10\/FZ26202_C1-1200x800.jpg 1200w, https:\/\/liebke-foto.de\/maerkischeslicht\/wp-content\/uploads\/2022\/10\/FZ26202_C1-768x512.jpg 768w, https:\/\/liebke-foto.de\/maerkischeslicht\/wp-content\/uploads\/2022\/10\/FZ26202_C1.jpg 1400w\" sizes=\"auto, (max-width: 1200px) 100vw, 1200px\" \/><\/a><figcaption class=\"wp-element-caption\">Wundervoller Abend bei Ahrenshoop<\/figcaption><\/figure>\n<\/div>\n\n<div class=\"wp-block-image\">\n<figure class=\"aligncenter size-large\"><a href=\"https:\/\/liebke-foto.de\/maerkischeslicht\/wp-content\/uploads\/2022\/10\/FZ28967_C1.jpg\"><img loading=\"lazy\" decoding=\"async\" width=\"1200\" height=\"800\" src=\"https:\/\/liebke-foto.de\/maerkischeslicht\/wp-content\/uploads\/2022\/10\/FZ28967_C1-1200x800.jpg\" alt=\"\" class=\"wp-image-6669\" srcset=\"https:\/\/liebke-foto.de\/maerkischeslicht\/wp-content\/uploads\/2022\/10\/FZ28967_C1-1200x800.jpg 1200w, https:\/\/liebke-foto.de\/maerkischeslicht\/wp-content\/uploads\/2022\/10\/FZ28967_C1-768x512.jpg 768w, https:\/\/liebke-foto.de\/maerkischeslicht\/wp-content\/uploads\/2022\/10\/FZ28967_C1.jpg 1300w\" sizes=\"auto, (max-width: 1200px) 100vw, 1200px\" \/><\/a><figcaption class=\"wp-element-caption\">Frischer Morgen in Sellin auf R\u00fcgen<\/figcaption><\/figure>\n<\/div>\n\n<div class=\"wp-block-image\">\n<figure class=\"aligncenter size-large\"><a href=\"https:\/\/liebke-foto.de\/maerkischeslicht\/wp-content\/uploads\/2022\/10\/FZ29246_C1.jpg\"><img loading=\"lazy\" decoding=\"async\" width=\"1200\" height=\"800\" src=\"https:\/\/liebke-foto.de\/maerkischeslicht\/wp-content\/uploads\/2022\/10\/FZ29246_C1-1200x800.jpg\" alt=\"\" class=\"wp-image-6670\" srcset=\"https:\/\/liebke-foto.de\/maerkischeslicht\/wp-content\/uploads\/2022\/10\/FZ29246_C1-1200x800.jpg 1200w, https:\/\/liebke-foto.de\/maerkischeslicht\/wp-content\/uploads\/2022\/10\/FZ29246_C1-768x512.jpg 768w, https:\/\/liebke-foto.de\/maerkischeslicht\/wp-content\/uploads\/2022\/10\/FZ29246_C1.jpg 1300w\" sizes=\"auto, (max-width: 1200px) 100vw, 1200px\" \/><\/a><figcaption class=\"wp-element-caption\">R\u00fcgen<\/figcaption><\/figure>\n<\/div>\n\n<div class=\"wp-block-image\">\n<figure class=\"aligncenter size-large\"><a href=\"https:\/\/liebke-foto.de\/maerkischeslicht\/wp-content\/uploads\/2022\/10\/FZ23180_C1.jpg\"><img loading=\"lazy\" decoding=\"async\" width=\"1200\" height=\"800\" src=\"https:\/\/liebke-foto.de\/maerkischeslicht\/wp-content\/uploads\/2022\/10\/FZ23180_C1-1200x800.jpg\" alt=\"\" class=\"wp-image-6671\" srcset=\"https:\/\/liebke-foto.de\/maerkischeslicht\/wp-content\/uploads\/2022\/10\/FZ23180_C1-1200x800.jpg 1200w, https:\/\/liebke-foto.de\/maerkischeslicht\/wp-content\/uploads\/2022\/10\/FZ23180_C1-768x512.jpg 768w, https:\/\/liebke-foto.de\/maerkischeslicht\/wp-content\/uploads\/2022\/10\/FZ23180_C1.jpg 1400w\" sizes=\"auto, (max-width: 1200px) 100vw, 1200px\" \/><\/a><figcaption class=\"wp-element-caption\">Blick zum Gespensterwald von Nienhagen<\/figcaption><\/figure>\n<\/div>\n\n<div class=\"wp-block-image\">\n<figure class=\"aligncenter size-large\"><a href=\"https:\/\/liebke-foto.de\/maerkischeslicht\/wp-content\/uploads\/2022\/10\/FL84722_C1.jpg\"><img loading=\"lazy\" decoding=\"async\" width=\"1198\" height=\"800\" src=\"https:\/\/liebke-foto.de\/maerkischeslicht\/wp-content\/uploads\/2022\/10\/FL84722_C1-1198x800.jpg\" alt=\"\" class=\"wp-image-6672\" srcset=\"https:\/\/liebke-foto.de\/maerkischeslicht\/wp-content\/uploads\/2022\/10\/FL84722_C1-1198x800.jpg 1198w, https:\/\/liebke-foto.de\/maerkischeslicht\/wp-content\/uploads\/2022\/10\/FL84722_C1-768x513.jpg 768w, https:\/\/liebke-foto.de\/maerkischeslicht\/wp-content\/uploads\/2022\/10\/FL84722_C1.jpg 1300w\" sizes=\"auto, (max-width: 1198px) 100vw, 1198px\" \/><\/a><figcaption class=\"wp-element-caption\">Zweisamkeit auf Usedom<\/figcaption><\/figure>\n<\/div>\n\n<div class=\"wp-block-image\">\n<figure class=\"aligncenter size-large\"><a href=\"https:\/\/liebke-foto.de\/maerkischeslicht\/wp-content\/uploads\/2022\/10\/FL84788_C1.jpg\"><img loading=\"lazy\" decoding=\"async\" width=\"1198\" height=\"800\" src=\"https:\/\/liebke-foto.de\/maerkischeslicht\/wp-content\/uploads\/2022\/10\/FL84788_C1-1198x800.jpg\" alt=\"\" class=\"wp-image-6673\" srcset=\"https:\/\/liebke-foto.de\/maerkischeslicht\/wp-content\/uploads\/2022\/10\/FL84788_C1-1198x800.jpg 1198w, https:\/\/liebke-foto.de\/maerkischeslicht\/wp-content\/uploads\/2022\/10\/FL84788_C1-768x513.jpg 768w, https:\/\/liebke-foto.de\/maerkischeslicht\/wp-content\/uploads\/2022\/10\/FL84788_C1.jpg 1300w\" sizes=\"auto, (max-width: 1198px) 100vw, 1198px\" \/><\/a><figcaption class=\"wp-element-caption\">So wie ich die Ostsee liebe und dann auch Usedom lieben kann, nat\u00fcrlich<\/figcaption><\/figure>\n<\/div>\n\n\n<div style=\"padding:20px\" class=\"wp-block-tnp-minimal\"><p>Subscribe to our newsletter!<\/p><div><div class=\"tnp tnp-subscription \">\n<form method=\"post\" action=\"https:\/\/liebke-foto.de\/maerkischeslicht\/wp-admin\/admin-ajax.php?action=tnp&amp;na=s\">\n<input type=\"hidden\" name=\"nlang\" value=\"\">\n<div class=\"tnp-field tnp-field-firstname\"><label for=\"tnp-1\">Vorname oder ganzer Name<\/label>\n<input class=\"tnp-name\" type=\"text\" name=\"nn\" id=\"tnp-1\" value=\"\" placeholder=\"\"><\/div>\n<div class=\"tnp-field tnp-field-email\"><label for=\"tnp-2\">Email<\/label>\n<input class=\"tnp-email\" type=\"email\" name=\"ne\" id=\"tnp-2\" value=\"\" placeholder=\"\" required><\/div>\n<div class=\"tnp-field tnp-privacy-field\"><label><input type=\"checkbox\" name=\"ny\" required class=\"tnp-privacy\"> Indem Du fortf\u00e4hrst, akzeptierst Du unsere Datenschutzerkl\u00e4rung.<\/label><\/div><div class=\"tnp-field tnp-field-button\" style=\"text-align: left\"><input class=\"tnp-submit\" type=\"submit\" value=\"Abonnieren\" style=\"\">\n<\/div>\n<\/form>\n<\/div>\n<\/div><\/div>\n\n\n\n\n","protected":false},"excerpt":{"rendered":"<p>Es ist zum verr\u00fcckt werden. Nun bin ich gute 62 Jahre alt oder jung, wie man will. Und ich f\u00fchle mich wie ein&#8230;<\/p>\n","protected":false},"author":1,"featured_media":6656,"comment_status":"open","ping_status":"open","sticky":false,"template":"","format":"image","meta":{"footnotes":""},"categories":[1,11,10,141],"tags":[21,67,28,26],"class_list":["post-6655","post","type-post","status-publish","format-image","has-post-thumbnail","hentry","category-allgemein","category-im-land-brandenburg-unterwegs","category-landschaft-mark-brandenburg-oberhavel-barnim","category-ostsee","tag-brandenburg","tag-mark-brandenburg","tag-maerkisches-licht","tag-wolken","post_format-post-format-image"],"yoast_head":"<!-- This site is optimized with the Yoast SEO plugin v27.4 - https:\/\/yoast.com\/product\/yoast-seo-wordpress\/ -->\n<title>Brandenburg oder die See, oder alles oder gar kein oder?? - M\u00e4rkisches Licht - Der Fotograf der Stille<\/title>\n<meta name=\"description\" content=\"Brandenburg oder die See, oder alles oder gar kein oder?? So viele Fragen...\" \/>\n<meta name=\"robots\" content=\"index, follow, max-snippet:-1, max-image-preview:large, max-video-preview:-1\" \/>\n<link rel=\"canonical\" href=\"https:\/\/liebke-foto.de\/maerkischeslicht\/brandenburg-oder-die-see-oder-alles-oder-gar-kein-oder\/\" \/>\n<meta property=\"og:locale\" content=\"de_DE\" \/>\n<meta property=\"og:type\" content=\"article\" \/>\n<meta property=\"og:title\" content=\"Brandenburg oder die See, oder alles oder gar kein oder?? - M\u00e4rkisches Licht - Der Fotograf der Stille\" \/>\n<meta property=\"og:description\" content=\"Brandenburg oder die See, oder alles oder gar kein oder?? So viele Fragen...\" \/>\n<meta property=\"og:url\" content=\"https:\/\/liebke-foto.de\/maerkischeslicht\/brandenburg-oder-die-see-oder-alles-oder-gar-kein-oder\/\" \/>\n<meta property=\"og:site_name\" content=\"M\u00e4rkisches Licht - Der Fotograf der Stille\" \/>\n<meta property=\"article:published_time\" content=\"2022-10-24T20:14:13+00:00\" \/>\n<meta property=\"article:modified_time\" content=\"2023-05-05T10:18:49+00:00\" \/>\n<meta property=\"og:image\" content=\"https:\/\/liebke-foto.de\/maerkischeslicht\/wp-content\/uploads\/2022\/10\/DSC8432_C1.jpg\" \/>\n\t<meta property=\"og:image:width\" content=\"1300\" \/>\n\t<meta property=\"og:image:height\" content=\"868\" \/>\n\t<meta property=\"og:image:type\" content=\"image\/jpeg\" \/>\n<meta name=\"author\" content=\"Frank Liebke\" \/>\n<meta name=\"twitter:card\" content=\"summary_large_image\" \/>\n<meta name=\"twitter:label1\" content=\"Verfasst von\" \/>\n\t<meta name=\"twitter:data1\" content=\"Frank Liebke\" \/>\n\t<meta name=\"twitter:label2\" content=\"Gesch\u00e4tzte Lesezeit\" \/>\n\t<meta name=\"twitter:data2\" content=\"6\u00a0Minuten\" \/>\n<script type=\"application\/ld+json\" class=\"yoast-schema-graph\">{\"@context\":\"https:\\\/\\\/schema.org\",\"@graph\":[{\"@type\":\"Article\",\"@id\":\"https:\\\/\\\/liebke-foto.de\\\/maerkischeslicht\\\/brandenburg-oder-die-see-oder-alles-oder-gar-kein-oder\\\/#article\",\"isPartOf\":{\"@id\":\"https:\\\/\\\/liebke-foto.de\\\/maerkischeslicht\\\/brandenburg-oder-die-see-oder-alles-oder-gar-kein-oder\\\/\"},\"author\":{\"name\":\"Frank Liebke\",\"@id\":\"https:\\\/\\\/liebke-foto.de\\\/maerkischeslicht\\\/#\\\/schema\\\/person\\\/d71108abc09a723daeeb8526a33137ee\"},\"headline\":\"Brandenburg oder die See, oder alles oder gar kein oder??\",\"datePublished\":\"2022-10-24T20:14:13+00:00\",\"dateModified\":\"2023-05-05T10:18:49+00:00\",\"mainEntityOfPage\":{\"@id\":\"https:\\\/\\\/liebke-foto.de\\\/maerkischeslicht\\\/brandenburg-oder-die-see-oder-alles-oder-gar-kein-oder\\\/\"},\"wordCount\":1223,\"commentCount\":6,\"publisher\":{\"@id\":\"https:\\\/\\\/liebke-foto.de\\\/maerkischeslicht\\\/#\\\/schema\\\/person\\\/d71108abc09a723daeeb8526a33137ee\"},\"image\":{\"@id\":\"https:\\\/\\\/liebke-foto.de\\\/maerkischeslicht\\\/brandenburg-oder-die-see-oder-alles-oder-gar-kein-oder\\\/#primaryimage\"},\"thumbnailUrl\":\"https:\\\/\\\/liebke-foto.de\\\/maerkischeslicht\\\/wp-content\\\/uploads\\\/2022\\\/10\\\/DSC8432_C1.jpg\",\"keywords\":[\"Brandenburg\",\"Mark Brandenburg\",\"M\u00e4rkisches Licht\",\"Wolken\"],\"articleSection\":{\"1\":\"Im Land Brandenburg unterwegs\",\"2\":\"Landschaft\",\"3\":\"Ostsee\"},\"inLanguage\":\"de\",\"potentialAction\":[{\"@type\":\"CommentAction\",\"name\":\"Comment\",\"target\":[\"https:\\\/\\\/liebke-foto.de\\\/maerkischeslicht\\\/brandenburg-oder-die-see-oder-alles-oder-gar-kein-oder\\\/#respond\"]}]},{\"@type\":\"WebPage\",\"@id\":\"https:\\\/\\\/liebke-foto.de\\\/maerkischeslicht\\\/brandenburg-oder-die-see-oder-alles-oder-gar-kein-oder\\\/\",\"url\":\"https:\\\/\\\/liebke-foto.de\\\/maerkischeslicht\\\/brandenburg-oder-die-see-oder-alles-oder-gar-kein-oder\\\/\",\"name\":\"Brandenburg oder die See, oder alles oder gar kein oder?? - M\u00e4rkisches Licht - Der Fotograf der Stille\",\"isPartOf\":{\"@id\":\"https:\\\/\\\/liebke-foto.de\\\/maerkischeslicht\\\/#website\"},\"primaryImageOfPage\":{\"@id\":\"https:\\\/\\\/liebke-foto.de\\\/maerkischeslicht\\\/brandenburg-oder-die-see-oder-alles-oder-gar-kein-oder\\\/#primaryimage\"},\"image\":{\"@id\":\"https:\\\/\\\/liebke-foto.de\\\/maerkischeslicht\\\/brandenburg-oder-die-see-oder-alles-oder-gar-kein-oder\\\/#primaryimage\"},\"thumbnailUrl\":\"https:\\\/\\\/liebke-foto.de\\\/maerkischeslicht\\\/wp-content\\\/uploads\\\/2022\\\/10\\\/DSC8432_C1.jpg\",\"datePublished\":\"2022-10-24T20:14:13+00:00\",\"dateModified\":\"2023-05-05T10:18:49+00:00\",\"description\":\"Brandenburg oder die See, oder alles oder gar kein oder?? So viele Fragen...\",\"breadcrumb\":{\"@id\":\"https:\\\/\\\/liebke-foto.de\\\/maerkischeslicht\\\/brandenburg-oder-die-see-oder-alles-oder-gar-kein-oder\\\/#breadcrumb\"},\"inLanguage\":\"de\",\"potentialAction\":[{\"@type\":\"ReadAction\",\"target\":[\"https:\\\/\\\/liebke-foto.de\\\/maerkischeslicht\\\/brandenburg-oder-die-see-oder-alles-oder-gar-kein-oder\\\/\"]}]},{\"@type\":\"ImageObject\",\"inLanguage\":\"de\",\"@id\":\"https:\\\/\\\/liebke-foto.de\\\/maerkischeslicht\\\/brandenburg-oder-die-see-oder-alles-oder-gar-kein-oder\\\/#primaryimage\",\"url\":\"https:\\\/\\\/liebke-foto.de\\\/maerkischeslicht\\\/wp-content\\\/uploads\\\/2022\\\/10\\\/DSC8432_C1.jpg\",\"contentUrl\":\"https:\\\/\\\/liebke-foto.de\\\/maerkischeslicht\\\/wp-content\\\/uploads\\\/2022\\\/10\\\/DSC8432_C1.jpg\",\"width\":1300,\"height\":868},{\"@type\":\"BreadcrumbList\",\"@id\":\"https:\\\/\\\/liebke-foto.de\\\/maerkischeslicht\\\/brandenburg-oder-die-see-oder-alles-oder-gar-kein-oder\\\/#breadcrumb\",\"itemListElement\":[{\"@type\":\"ListItem\",\"position\":1,\"name\":\"Startseite\",\"item\":\"https:\\\/\\\/liebke-foto.de\\\/maerkischeslicht\\\/\"},{\"@type\":\"ListItem\",\"position\":2,\"name\":\"Brandenburg oder die See, oder alles oder gar kein oder??\"}]},{\"@type\":\"WebSite\",\"@id\":\"https:\\\/\\\/liebke-foto.de\\\/maerkischeslicht\\\/#website\",\"url\":\"https:\\\/\\\/liebke-foto.de\\\/maerkischeslicht\\\/\",\"name\":\"M\u00e4rkisches Licht - Der Fotograf der Stille\",\"description\":\"Die Liebe zum Leben...\",\"publisher\":{\"@id\":\"https:\\\/\\\/liebke-foto.de\\\/maerkischeslicht\\\/#\\\/schema\\\/person\\\/d71108abc09a723daeeb8526a33137ee\"},\"potentialAction\":[{\"@type\":\"SearchAction\",\"target\":{\"@type\":\"EntryPoint\",\"urlTemplate\":\"https:\\\/\\\/liebke-foto.de\\\/maerkischeslicht\\\/?s={search_term_string}\"},\"query-input\":{\"@type\":\"PropertyValueSpecification\",\"valueRequired\":true,\"valueName\":\"search_term_string\"}}],\"inLanguage\":\"de\"},{\"@type\":[\"Person\",\"Organization\"],\"@id\":\"https:\\\/\\\/liebke-foto.de\\\/maerkischeslicht\\\/#\\\/schema\\\/person\\\/d71108abc09a723daeeb8526a33137ee\",\"name\":\"Frank Liebke\",\"image\":{\"@type\":\"ImageObject\",\"inLanguage\":\"de\",\"@id\":\"https:\\\/\\\/liebke-foto.de\\\/maerkischeslicht\\\/wp-content\\\/uploads\\\/2021\\\/12\\\/IMG-20211024-WA0001.jpg\",\"url\":\"https:\\\/\\\/liebke-foto.de\\\/maerkischeslicht\\\/wp-content\\\/uploads\\\/2021\\\/12\\\/IMG-20211024-WA0001.jpg\",\"contentUrl\":\"https:\\\/\\\/liebke-foto.de\\\/maerkischeslicht\\\/wp-content\\\/uploads\\\/2021\\\/12\\\/IMG-20211024-WA0001.jpg\",\"width\":900,\"height\":1600,\"caption\":\"Frank Liebke\"},\"logo\":{\"@id\":\"https:\\\/\\\/liebke-foto.de\\\/maerkischeslicht\\\/wp-content\\\/uploads\\\/2021\\\/12\\\/IMG-20211024-WA0001.jpg\"},\"sameAs\":[\"https:\\\/\\\/liebke-foto.de\"],\"url\":\"https:\\\/\\\/liebke-foto.de\\\/maerkischeslicht\\\/author\\\/adminuser\\\/\"}]}<\/script>\n<!-- \/ Yoast SEO plugin. -->","yoast_head_json":{"title":"Brandenburg oder die See, oder alles oder gar kein oder?? - M\u00e4rkisches Licht - Der Fotograf der Stille","description":"Brandenburg oder die See, oder alles oder gar kein oder?? So viele Fragen...","robots":{"index":"index","follow":"follow","max-snippet":"max-snippet:-1","max-image-preview":"max-image-preview:large","max-video-preview":"max-video-preview:-1"},"canonical":"https:\/\/liebke-foto.de\/maerkischeslicht\/brandenburg-oder-die-see-oder-alles-oder-gar-kein-oder\/","og_locale":"de_DE","og_type":"article","og_title":"Brandenburg oder die See, oder alles oder gar kein oder?? - M\u00e4rkisches Licht - Der Fotograf der Stille","og_description":"Brandenburg oder die See, oder alles oder gar kein oder?? So viele Fragen...","og_url":"https:\/\/liebke-foto.de\/maerkischeslicht\/brandenburg-oder-die-see-oder-alles-oder-gar-kein-oder\/","og_site_name":"M\u00e4rkisches Licht - Der Fotograf der Stille","article_published_time":"2022-10-24T20:14:13+00:00","article_modified_time":"2023-05-05T10:18:49+00:00","og_image":[{"width":1300,"height":868,"url":"https:\/\/liebke-foto.de\/maerkischeslicht\/wp-content\/uploads\/2022\/10\/DSC8432_C1.jpg","type":"image\/jpeg"}],"author":"Frank Liebke","twitter_card":"summary_large_image","twitter_misc":{"Verfasst von":"Frank Liebke","Gesch\u00e4tzte Lesezeit":"6\u00a0Minuten"},"schema":{"@context":"https:\/\/schema.org","@graph":[{"@type":"Article","@id":"https:\/\/liebke-foto.de\/maerkischeslicht\/brandenburg-oder-die-see-oder-alles-oder-gar-kein-oder\/#article","isPartOf":{"@id":"https:\/\/liebke-foto.de\/maerkischeslicht\/brandenburg-oder-die-see-oder-alles-oder-gar-kein-oder\/"},"author":{"name":"Frank Liebke","@id":"https:\/\/liebke-foto.de\/maerkischeslicht\/#\/schema\/person\/d71108abc09a723daeeb8526a33137ee"},"headline":"Brandenburg oder die See, oder alles oder gar kein oder??","datePublished":"2022-10-24T20:14:13+00:00","dateModified":"2023-05-05T10:18:49+00:00","mainEntityOfPage":{"@id":"https:\/\/liebke-foto.de\/maerkischeslicht\/brandenburg-oder-die-see-oder-alles-oder-gar-kein-oder\/"},"wordCount":1223,"commentCount":6,"publisher":{"@id":"https:\/\/liebke-foto.de\/maerkischeslicht\/#\/schema\/person\/d71108abc09a723daeeb8526a33137ee"},"image":{"@id":"https:\/\/liebke-foto.de\/maerkischeslicht\/brandenburg-oder-die-see-oder-alles-oder-gar-kein-oder\/#primaryimage"},"thumbnailUrl":"https:\/\/liebke-foto.de\/maerkischeslicht\/wp-content\/uploads\/2022\/10\/DSC8432_C1.jpg","keywords":["Brandenburg","Mark Brandenburg","M\u00e4rkisches Licht","Wolken"],"articleSection":{"1":"Im Land Brandenburg unterwegs","2":"Landschaft","3":"Ostsee"},"inLanguage":"de","potentialAction":[{"@type":"CommentAction","name":"Comment","target":["https:\/\/liebke-foto.de\/maerkischeslicht\/brandenburg-oder-die-see-oder-alles-oder-gar-kein-oder\/#respond"]}]},{"@type":"WebPage","@id":"https:\/\/liebke-foto.de\/maerkischeslicht\/brandenburg-oder-die-see-oder-alles-oder-gar-kein-oder\/","url":"https:\/\/liebke-foto.de\/maerkischeslicht\/brandenburg-oder-die-see-oder-alles-oder-gar-kein-oder\/","name":"Brandenburg oder die See, oder alles oder gar kein oder?? - M\u00e4rkisches Licht - Der Fotograf der Stille","isPartOf":{"@id":"https:\/\/liebke-foto.de\/maerkischeslicht\/#website"},"primaryImageOfPage":{"@id":"https:\/\/liebke-foto.de\/maerkischeslicht\/brandenburg-oder-die-see-oder-alles-oder-gar-kein-oder\/#primaryimage"},"image":{"@id":"https:\/\/liebke-foto.de\/maerkischeslicht\/brandenburg-oder-die-see-oder-alles-oder-gar-kein-oder\/#primaryimage"},"thumbnailUrl":"https:\/\/liebke-foto.de\/maerkischeslicht\/wp-content\/uploads\/2022\/10\/DSC8432_C1.jpg","datePublished":"2022-10-24T20:14:13+00:00","dateModified":"2023-05-05T10:18:49+00:00","description":"Brandenburg oder die See, oder alles oder gar kein oder?? So viele Fragen...","breadcrumb":{"@id":"https:\/\/liebke-foto.de\/maerkischeslicht\/brandenburg-oder-die-see-oder-alles-oder-gar-kein-oder\/#breadcrumb"},"inLanguage":"de","potentialAction":[{"@type":"ReadAction","target":["https:\/\/liebke-foto.de\/maerkischeslicht\/brandenburg-oder-die-see-oder-alles-oder-gar-kein-oder\/"]}]},{"@type":"ImageObject","inLanguage":"de","@id":"https:\/\/liebke-foto.de\/maerkischeslicht\/brandenburg-oder-die-see-oder-alles-oder-gar-kein-oder\/#primaryimage","url":"https:\/\/liebke-foto.de\/maerkischeslicht\/wp-content\/uploads\/2022\/10\/DSC8432_C1.jpg","contentUrl":"https:\/\/liebke-foto.de\/maerkischeslicht\/wp-content\/uploads\/2022\/10\/DSC8432_C1.jpg","width":1300,"height":868},{"@type":"BreadcrumbList","@id":"https:\/\/liebke-foto.de\/maerkischeslicht\/brandenburg-oder-die-see-oder-alles-oder-gar-kein-oder\/#breadcrumb","itemListElement":[{"@type":"ListItem","position":1,"name":"Startseite","item":"https:\/\/liebke-foto.de\/maerkischeslicht\/"},{"@type":"ListItem","position":2,"name":"Brandenburg oder die See, oder alles oder gar kein oder??"}]},{"@type":"WebSite","@id":"https:\/\/liebke-foto.de\/maerkischeslicht\/#website","url":"https:\/\/liebke-foto.de\/maerkischeslicht\/","name":"M\u00e4rkisches Licht - Der Fotograf der Stille","description":"Die Liebe zum Leben...","publisher":{"@id":"https:\/\/liebke-foto.de\/maerkischeslicht\/#\/schema\/person\/d71108abc09a723daeeb8526a33137ee"},"potentialAction":[{"@type":"SearchAction","target":{"@type":"EntryPoint","urlTemplate":"https:\/\/liebke-foto.de\/maerkischeslicht\/?s={search_term_string}"},"query-input":{"@type":"PropertyValueSpecification","valueRequired":true,"valueName":"search_term_string"}}],"inLanguage":"de"},{"@type":["Person","Organization"],"@id":"https:\/\/liebke-foto.de\/maerkischeslicht\/#\/schema\/person\/d71108abc09a723daeeb8526a33137ee","name":"Frank Liebke","image":{"@type":"ImageObject","inLanguage":"de","@id":"https:\/\/liebke-foto.de\/maerkischeslicht\/wp-content\/uploads\/2021\/12\/IMG-20211024-WA0001.jpg","url":"https:\/\/liebke-foto.de\/maerkischeslicht\/wp-content\/uploads\/2021\/12\/IMG-20211024-WA0001.jpg","contentUrl":"https:\/\/liebke-foto.de\/maerkischeslicht\/wp-content\/uploads\/2021\/12\/IMG-20211024-WA0001.jpg","width":900,"height":1600,"caption":"Frank Liebke"},"logo":{"@id":"https:\/\/liebke-foto.de\/maerkischeslicht\/wp-content\/uploads\/2021\/12\/IMG-20211024-WA0001.jpg"},"sameAs":["https:\/\/liebke-foto.de"],"url":"https:\/\/liebke-foto.de\/maerkischeslicht\/author\/adminuser\/"}]}},"_links":{"self":[{"href":"https:\/\/liebke-foto.de\/maerkischeslicht\/wp-json\/wp\/v2\/posts\/6655","targetHints":{"allow":["GET"]}}],"collection":[{"href":"https:\/\/liebke-foto.de\/maerkischeslicht\/wp-json\/wp\/v2\/posts"}],"about":[{"href":"https:\/\/liebke-foto.de\/maerkischeslicht\/wp-json\/wp\/v2\/types\/post"}],"author":[{"embeddable":true,"href":"https:\/\/liebke-foto.de\/maerkischeslicht\/wp-json\/wp\/v2\/users\/1"}],"replies":[{"embeddable":true,"href":"https:\/\/liebke-foto.de\/maerkischeslicht\/wp-json\/wp\/v2\/comments?post=6655"}],"version-history":[{"count":8,"href":"https:\/\/liebke-foto.de\/maerkischeslicht\/wp-json\/wp\/v2\/posts\/6655\/revisions"}],"predecessor-version":[{"id":7184,"href":"https:\/\/liebke-foto.de\/maerkischeslicht\/wp-json\/wp\/v2\/posts\/6655\/revisions\/7184"}],"wp:featuredmedia":[{"embeddable":true,"href":"https:\/\/liebke-foto.de\/maerkischeslicht\/wp-json\/wp\/v2\/media\/6656"}],"wp:attachment":[{"href":"https:\/\/liebke-foto.de\/maerkischeslicht\/wp-json\/wp\/v2\/media?parent=6655"}],"wp:term":[{"taxonomy":"category","embeddable":true,"href":"https:\/\/liebke-foto.de\/maerkischeslicht\/wp-json\/wp\/v2\/categories?post=6655"},{"taxonomy":"post_tag","embeddable":true,"href":"https:\/\/liebke-foto.de\/maerkischeslicht\/wp-json\/wp\/v2\/tags?post=6655"}],"curies":[{"name":"wp","href":"https:\/\/api.w.org\/{rel}","templated":true}]}}