{"id":655,"date":"2014-05-18T16:05:17","date_gmt":"2014-05-18T14:05:17","guid":{"rendered":"http:\/\/liebke-foto.de\/maerkischeslicht\/?p=655"},"modified":"2023-07-23T17:00:40","modified_gmt":"2023-07-23T15:00:40","slug":"osterfahrt-nach-hakenberg-und-umgebung","status":"publish","type":"post","link":"https:\/\/liebke-foto.de\/maerkischeslicht\/osterfahrt-nach-hakenberg-und-umgebung\/","title":{"rendered":"Osterfahrt nach Hakenberg und Umgebung"},"content":{"rendered":"<div class=\"wp-block-image\">\n<figure class=\"aligncenter\"><a href=\"https:\/\/liebke-foto.de\/maerkischeslicht\/wp-content\/uploads\/2014\/05\/FL8_9821.jpg\"><img loading=\"lazy\" decoding=\"async\" width=\"1400\" height=\"934\" src=\"https:\/\/liebke-foto.de\/maerkischeslicht\/wp-content\/uploads\/2014\/05\/FL8_9821.jpg\" alt=\"Die &quot;Goldelse&quot; auf der Siegess\u00e4ule\" class=\"wp-image-671\" title=\"Die &quot;Goldelse&quot; auf der Siegess\u00e4ule\" srcset=\"https:\/\/liebke-foto.de\/maerkischeslicht\/wp-content\/uploads\/2014\/05\/FL8_9821.jpg 1400w, https:\/\/liebke-foto.de\/maerkischeslicht\/wp-content\/uploads\/2014\/05\/FL8_9821-1200x800.jpg 1200w, https:\/\/liebke-foto.de\/maerkischeslicht\/wp-content\/uploads\/2014\/05\/FL8_9821-1199x800.jpg 1199w, https:\/\/liebke-foto.de\/maerkischeslicht\/wp-content\/uploads\/2014\/05\/FL8_9821-450x300.jpg 450w\" sizes=\"auto, (max-width: 1400px) 100vw, 1400px\" \/><\/a><figcaption class=\"wp-element-caption\">Die &#8222;Goldelse&#8220; auf der Siegess\u00e4ule<\/figcaption><\/figure>\n<\/div>\n\n\n<p>Nach Hakenberg, Ostprignitz-Ruppin, wo die legend\u00e4re Schlacht bei Ferbellin tobte, wollte ich schon lange mal fahren und dem historischen Ort einen Fotobesuch abstatten. Das Wetter klarte auf und wurde gegen aller Vorhersagen ganz ordentlich. Und so fand ich die Siegess\u00e4ule in Hakenberg entspannend Besucher-leer vor und konnte in Ruhe die Vergangenheit auf mich wirken lassen. Die Besteigung der S\u00e4ule ist etwas eng und anstrengend, die Aussicht aber dann sehr sch\u00f6n.<\/p>\n\n\n\n<p>Auf der Hinfahrt machte ich einen kurzen Abstecher nach Linumhorst, konnte dort ein gutes Foto der aufbl\u00fchenden pr\u00e4chtigen Allee aufnehmen. Diese Linumhorster Stra\u00dfe wurde 2011 vom BUND zur Allee des Jahres gek\u00fcrt.<\/p>\n\n\n<div class=\"wp-block-image\">\n<figure class=\"aligncenter\"><a href=\"https:\/\/liebke-foto.de\/maerkischeslicht\/wp-content\/uploads\/2014\/05\/FL8_9687.jpg\"><img loading=\"lazy\" decoding=\"async\" width=\"1400\" height=\"934\" src=\"https:\/\/liebke-foto.de\/maerkischeslicht\/wp-content\/uploads\/2014\/05\/FL8_9687.jpg\" alt=\"Diese Linumhorster Stra\u00dfe\" class=\"wp-image-663\" title=\"Diese Linumhorster Stra\u00dfe wurde 2011 vom BUND zur Allee des Jahres gek\u00fchrt\" srcset=\"https:\/\/liebke-foto.de\/maerkischeslicht\/wp-content\/uploads\/2014\/05\/FL8_9687.jpg 1400w, https:\/\/liebke-foto.de\/maerkischeslicht\/wp-content\/uploads\/2014\/05\/FL8_9687-1200x800.jpg 1200w, https:\/\/liebke-foto.de\/maerkischeslicht\/wp-content\/uploads\/2014\/05\/FL8_9687-1199x800.jpg 1199w, https:\/\/liebke-foto.de\/maerkischeslicht\/wp-content\/uploads\/2014\/05\/FL8_9687-450x300.jpg 450w\" sizes=\"auto, (max-width: 1400px) 100vw, 1400px\" \/><\/a><\/figure>\n<\/div>\n\n\n<p>Hinter Linumhorst sollte man das Auto am besten abstellen (au\u00dfer man hat einen Jeep oder Trabi \ud83d\ude09 ) wenn man einen Besuch des Rhins in erw\u00e4gung zieht. Bis zur Rhinbr\u00fccke und dar\u00fcber hinaus ist die ehemalige Stra\u00dfe der Natur \u00fcberlassen worden, die L\u00f6cher und Dellen darin so gro\u00df, dass sich ein Kleinwagen drin verstecken kann. Aber der Autoverkehr ist sp\u00e4testens ab Br\u00fccke ohnehin tabu.<\/p>\n\n\n<div class=\"wp-block-image\">\n<figure class=\"aligncenter\"><a href=\"https:\/\/liebke-foto.de\/maerkischeslicht\/wp-content\/uploads\/2014\/05\/FL8_9689.jpg\"><img loading=\"lazy\" decoding=\"async\" width=\"1400\" height=\"934\" src=\"https:\/\/liebke-foto.de\/maerkischeslicht\/wp-content\/uploads\/2014\/05\/FL8_9689.jpg\" alt=\"Der Rhin-Blick von der Br\u00fccke.\" class=\"wp-image-664\" title=\"Der Rhin-Blick von der Br\u00fccke.\" srcset=\"https:\/\/liebke-foto.de\/maerkischeslicht\/wp-content\/uploads\/2014\/05\/FL8_9689.jpg 1400w, https:\/\/liebke-foto.de\/maerkischeslicht\/wp-content\/uploads\/2014\/05\/FL8_9689-1200x800.jpg 1200w, https:\/\/liebke-foto.de\/maerkischeslicht\/wp-content\/uploads\/2014\/05\/FL8_9689-1199x800.jpg 1199w, https:\/\/liebke-foto.de\/maerkischeslicht\/wp-content\/uploads\/2014\/05\/FL8_9689-450x300.jpg 450w\" sizes=\"auto, (max-width: 1400px) 100vw, 1400px\" \/><\/a><\/figure>\n<\/div>\n\n\n<p>Weiter kommt man durch den bekannten Storchenort Linum, wo die St\u00f6rche schon flei\u00dfig sind und nicht nur klappern ;).<\/p>\n\n\n<div class=\"wp-block-image\">\n<figure class=\"aligncenter\"><a href=\"https:\/\/liebke-foto.de\/maerkischeslicht\/wp-content\/uploads\/2014\/05\/FL8_9724.jpg\"><img loading=\"lazy\" decoding=\"async\" width=\"1400\" height=\"934\" src=\"https:\/\/liebke-foto.de\/maerkischeslicht\/wp-content\/uploads\/2014\/05\/FL8_9724.jpg\" alt=\"Storchenhochzeit auf der Kirche in Linum, Ostprignitz-Ruppin\" class=\"wp-image-665\" title=\"Storchenhochzeit auf der Kirche in Linum, Ostprignitz-Ruppin\" srcset=\"https:\/\/liebke-foto.de\/maerkischeslicht\/wp-content\/uploads\/2014\/05\/FL8_9724.jpg 1400w, https:\/\/liebke-foto.de\/maerkischeslicht\/wp-content\/uploads\/2014\/05\/FL8_9724-1200x800.jpg 1200w, https:\/\/liebke-foto.de\/maerkischeslicht\/wp-content\/uploads\/2014\/05\/FL8_9724-1199x800.jpg 1199w, https:\/\/liebke-foto.de\/maerkischeslicht\/wp-content\/uploads\/2014\/05\/FL8_9724-450x300.jpg 450w\" sizes=\"auto, (max-width: 1400px) 100vw, 1400px\" \/><\/a><\/figure>\n<\/div>\n\n\n<p><\/p>\n\n\n\n<p><\/p>\n\n\n<div class=\"wp-block-image\">\n<figure class=\"aligncenter\"><a href=\"https:\/\/liebke-foto.de\/maerkischeslicht\/wp-content\/uploads\/2014\/05\/FL8_9736.jpg\"><img loading=\"lazy\" decoding=\"async\" width=\"1400\" height=\"934\" src=\"https:\/\/liebke-foto.de\/maerkischeslicht\/wp-content\/uploads\/2014\/05\/FL8_9736.jpg\" alt=\"Die Kirche, Wahrzeichen von Linum, unter anderem Sitz der St\u00f6rche\" class=\"wp-image-666\" title=\"Die Kirche, Wahrzeichen von Linum, unter anderem Sitz der St\u00f6rche...\" srcset=\"https:\/\/liebke-foto.de\/maerkischeslicht\/wp-content\/uploads\/2014\/05\/FL8_9736.jpg 1400w, https:\/\/liebke-foto.de\/maerkischeslicht\/wp-content\/uploads\/2014\/05\/FL8_9736-1200x800.jpg 1200w, https:\/\/liebke-foto.de\/maerkischeslicht\/wp-content\/uploads\/2014\/05\/FL8_9736-1199x800.jpg 1199w, https:\/\/liebke-foto.de\/maerkischeslicht\/wp-content\/uploads\/2014\/05\/FL8_9736-450x300.jpg 450w\" sizes=\"auto, (max-width: 1400px) 100vw, 1400px\" \/><\/a><\/figure>\n<\/div>\n\n\n<p> Aber schon ein paar Kilometer weiter zeigt die Siegess\u00e4ule das nahende Ziel an. Am kleinen Denkmal biege ich links ein und bin auf einer pr\u00e4chtigen Allee nach ein paar hundert Metern an der S\u00e4ule. <\/p>\n\n\n\n<p>Gut, beim n\u00e4heren Betrachten: Nicht ganz so gro\u00df und Pomp\u00f6s wie die Berliner Schwester, aber auch nicht ohne.<\/p>\n\n\n<div class=\"wp-block-image\">\n<figure class=\"aligncenter\"><a href=\"https:\/\/liebke-foto.de\/maerkischeslicht\/wp-content\/uploads\/2014\/05\/FL8_9768.jpg\"><img loading=\"lazy\" decoding=\"async\" width=\"1400\" height=\"934\" src=\"https:\/\/liebke-foto.de\/maerkischeslicht\/wp-content\/uploads\/2014\/05\/FL8_9768.jpg\" alt=\"Die Siegess\u00e4ule von Hakenberg, Ferbellin\" class=\"wp-image-667\" title=\"Die Siegess\u00e4ule von Hakenberg, Ferbellin\" srcset=\"https:\/\/liebke-foto.de\/maerkischeslicht\/wp-content\/uploads\/2014\/05\/FL8_9768.jpg 1400w, https:\/\/liebke-foto.de\/maerkischeslicht\/wp-content\/uploads\/2014\/05\/FL8_9768-1200x800.jpg 1200w, https:\/\/liebke-foto.de\/maerkischeslicht\/wp-content\/uploads\/2014\/05\/FL8_9768-1199x800.jpg 1199w, https:\/\/liebke-foto.de\/maerkischeslicht\/wp-content\/uploads\/2014\/05\/FL8_9768-450x300.jpg 450w\" sizes=\"auto, (max-width: 1400px) 100vw, 1400px\" \/><\/a><\/figure>\n<\/div>\n\n\n<p>Die Ortschronistin Margarete Rapp schreibt zum geschichtstr\u00e4chtigen Ort, auf einer Tafel mit Stellungsplan am Parkplatz an der S\u00e4ule verewigt:<\/p>\n\n\n\n<h2 class=\"wp-block-heading\"><strong><em>&#8222;Die Schlacht bei Ferbellin in Hakenberg&#8220;<\/em><\/strong><\/h2>\n\n\n\n<p><strong><em>Am 18. Juni 1675 fand hier auf diesem Gel\u00e4nde die &#8222;Schlacht bei Ferbellin&#8220; statt. Sie endete mit dem Sieg des kurbrandenburgischen Heeres unter Kurf\u00fcrst Friedrich Wilhelm (1620-1688) gegen die \u00fcberlegenen Schweden.<\/em><\/strong><\/p>\n\n\n\n<p><em><strong>Obwohl der Drei\u00dfigj\u00e4hrige Krieg 1648 mit dem Westf\u00e4lischen Frieden sein Ende gefunden hatte, schwelte der Streit zwischen Schweden und Brandenburg weiter. Der erneute Einfall der Schweden 1674 in Brandenburg war ein Werk der franz\u00f6sischen Diplomatie unter Ludwig dem XIV., dem die Schweden verpflichtet waren, gegen alle seine Feinde Hilfe zu leisten.&nbsp;<\/strong><\/em><\/p>\n\n\n\n<p><em><strong>Der Kurf\u00fcrst befand sich zu dieser Zeit im Rheinland im Krieg gegen die Franzosen und sollte hier abgelenkt werden. Bevor der Kurf\u00fcrst mit seinem Heer Brandenburg erreichte, hatten die Schweden viel Zeit. Die ganze Region von Ruppin, Ferbellin, Kremen, Oranienburg, Nauen, Rathenow und Havelberg waren in ihrer Hand. In den besetzten Gebieten w\u00fcteten sie wie eine entmenschte Soldateska, die die Schreckensszenen des Drei\u00dfigj\u00e4hrigen Krieges noch in den Schatten stellten.<\/strong><\/em><\/p>\n\n\n\n<p><strong><em>Am 18. Juni 1675 erreichten die Brandenburger den hiesigen Kampfplatz mit einer St\u00e4rke von noch 5600 Dragonern und 13 Gesch\u00fctzen.<\/em><\/strong><\/p>\n\n\n\n<p><strong><em>Die Schweden dagegen verf\u00fcgten noch \u00fcber 4000 Reiter, 7000 Fu\u00dfsoldaten und 38 Gesch\u00fctze, ein sehr ungleiches Verh\u00e4ltnis.<\/em><\/strong><\/p>\n\n\n\n<p><strong><em>Nach stundenlangem erbittertem Kampf endete die Schlacht mit dem Sieg der Brandenburger. Auf dem hiesigen Schlachtfeld blieben 3000 Tote zur\u00fcck.<\/em><\/strong><\/p>\n\n\n\n<p><em><strong>Der Sieg der Brandenburger bedeutete einen Wendepunkt in der brandenburgischen und europ\u00e4ischen Geschichte.<\/strong><\/em><\/p>\n\n\n\n<p><em><strong>Die damals noch als beste Streitmacht Europas geltende schwedische Armee wurde endg\u00fcltig aus Brandenburg vertrieben.<\/strong><\/em><\/p>\n\n\n\n<p><em><strong>Der Kurf\u00fcrst Friedrich Wilhelm wurde zum &#8222;Gro\u00dfen Kurf\u00fcrsten&#8220; und erhielt fortan hohe Anerkennung in Europa. Man spricht von dieser Schlacht als dem Grundstein der Gr\u00f6\u00dfe Preu\u00dfens.<\/strong><\/em><\/p>\n\n\n\n<p>Soweit die Chronistin, Th. Fontane hat dieser Begebenheit ein ganzes Kapitel seiner &#8222;Wanderungen durch die Mark Brandenburg&#8220; gewidmet.<\/p>\n\n\n<div class=\"wp-block-image\">\n<figure class=\"aligncenter\"><a href=\"https:\/\/liebke-foto.de\/maerkischeslicht\/wp-content\/uploads\/2014\/05\/FL8_9789.jpg\"><img loading=\"lazy\" decoding=\"async\" width=\"1400\" height=\"934\" src=\"https:\/\/liebke-foto.de\/maerkischeslicht\/wp-content\/uploads\/2014\/05\/FL8_9789.jpg\" alt=\"Die Siegess\u00e4ule von Hakenberg, Ferbellin\" class=\"wp-image-669\" title=\"Die Siegess\u00e4ule von Hakenberg, Ferbellin\" srcset=\"https:\/\/liebke-foto.de\/maerkischeslicht\/wp-content\/uploads\/2014\/05\/FL8_9789.jpg 1400w, https:\/\/liebke-foto.de\/maerkischeslicht\/wp-content\/uploads\/2014\/05\/FL8_9789-1200x800.jpg 1200w, https:\/\/liebke-foto.de\/maerkischeslicht\/wp-content\/uploads\/2014\/05\/FL8_9789-1199x800.jpg 1199w, https:\/\/liebke-foto.de\/maerkischeslicht\/wp-content\/uploads\/2014\/05\/FL8_9789-450x300.jpg 450w\" sizes=\"auto, (max-width: 1400px) 100vw, 1400px\" \/><\/a><\/figure>\n<\/div>\n\n\n<p><\/p>\n\n\n\n<p><\/p>\n\n\n<div class=\"wp-block-image\">\n<figure class=\"aligncenter\"><a href=\"https:\/\/liebke-foto.de\/maerkischeslicht\/wp-content\/uploads\/2014\/05\/FL8_9784.jpg\"><img loading=\"lazy\" decoding=\"async\" width=\"1400\" height=\"934\" src=\"https:\/\/liebke-foto.de\/maerkischeslicht\/wp-content\/uploads\/2014\/05\/FL8_9784.jpg\" alt=\"Die &quot;Goldelse&quot; von Hakenberg, Ferbellin\" class=\"wp-image-668\" title=\"Die &quot;Goldelse&quot; von Hakenberg, Ferbellin\" srcset=\"https:\/\/liebke-foto.de\/maerkischeslicht\/wp-content\/uploads\/2014\/05\/FL8_9784.jpg 1400w, https:\/\/liebke-foto.de\/maerkischeslicht\/wp-content\/uploads\/2014\/05\/FL8_9784-1200x800.jpg 1200w, https:\/\/liebke-foto.de\/maerkischeslicht\/wp-content\/uploads\/2014\/05\/FL8_9784-1199x800.jpg 1199w, https:\/\/liebke-foto.de\/maerkischeslicht\/wp-content\/uploads\/2014\/05\/FL8_9784-450x300.jpg 450w\" sizes=\"auto, (max-width: 1400px) 100vw, 1400px\" \/><\/a><\/figure>\n<\/div>\n\n\n<p><\/p>\n\n\n\n<p><\/p>\n\n\n<div class=\"wp-block-image\">\n<figure class=\"aligncenter\"><a href=\"https:\/\/liebke-foto.de\/maerkischeslicht\/wp-content\/uploads\/2014\/05\/FL8_9795.jpg\"><img loading=\"lazy\" decoding=\"async\" width=\"1400\" height=\"934\" src=\"https:\/\/liebke-foto.de\/maerkischeslicht\/wp-content\/uploads\/2014\/05\/FL8_9795.jpg\" alt=\"Siegges\u00e4ule Hakenberg, der Gro\u00dfe Kurf\u00fcrst\" class=\"wp-image-670\" title=\"Siegges\u00e4ule Hakenberg, der Gro\u00dfe Kurf\u00fcrst\" srcset=\"https:\/\/liebke-foto.de\/maerkischeslicht\/wp-content\/uploads\/2014\/05\/FL8_9795.jpg 1400w, https:\/\/liebke-foto.de\/maerkischeslicht\/wp-content\/uploads\/2014\/05\/FL8_9795-1200x800.jpg 1200w, https:\/\/liebke-foto.de\/maerkischeslicht\/wp-content\/uploads\/2014\/05\/FL8_9795-1199x800.jpg 1199w, https:\/\/liebke-foto.de\/maerkischeslicht\/wp-content\/uploads\/2014\/05\/FL8_9795-450x300.jpg 450w\" sizes=\"auto, (max-width: 1400px) 100vw, 1400px\" \/><\/a><\/figure>\n<\/div>\n\n\n<p><\/p>\n\n\n\n<p><\/p>\n\n\n<div class=\"wp-block-image\">\n<figure class=\"aligncenter\"><a href=\"https:\/\/liebke-foto.de\/maerkischeslicht\/wp-content\/uploads\/2014\/05\/FL8_9844.jpg\"><img loading=\"lazy\" decoding=\"async\" width=\"1400\" height=\"934\" src=\"https:\/\/liebke-foto.de\/maerkischeslicht\/wp-content\/uploads\/2014\/05\/FL8_9844.jpg\" alt=\"Blick von der Siegess\u00e4ule Hakenberg ins Ruppiner Land\" class=\"wp-image-672\" title=\"Blick von der Siegess\u00e4ule Hakenberg ins Ruppiner Land\" srcset=\"https:\/\/liebke-foto.de\/maerkischeslicht\/wp-content\/uploads\/2014\/05\/FL8_9844.jpg 1400w, https:\/\/liebke-foto.de\/maerkischeslicht\/wp-content\/uploads\/2014\/05\/FL8_9844-1200x800.jpg 1200w, https:\/\/liebke-foto.de\/maerkischeslicht\/wp-content\/uploads\/2014\/05\/FL8_9844-1199x800.jpg 1199w, https:\/\/liebke-foto.de\/maerkischeslicht\/wp-content\/uploads\/2014\/05\/FL8_9844-450x300.jpg 450w\" sizes=\"auto, (max-width: 1400px) 100vw, 1400px\" \/><\/a><\/figure>\n<\/div>\n\n\n<p><\/p>\n\n\n\n<p><\/p>\n\n\n<div class=\"wp-block-image\">\n<figure class=\"aligncenter\"><a href=\"https:\/\/liebke-foto.de\/maerkischeslicht\/wp-content\/uploads\/2014\/05\/FL8_9857.jpg\"><img loading=\"lazy\" decoding=\"async\" width=\"1400\" height=\"934\" src=\"https:\/\/liebke-foto.de\/maerkischeslicht\/wp-content\/uploads\/2014\/05\/FL8_9857.jpg\" alt=\"Blick von der Siegess\u00e4ule nach Hakenberg und das ehemalige Schlachtfeld\" class=\"wp-image-673\" title=\"Blick von der Siegess\u00e4ule nach Hakenberg und das ehemalige Schlachtfeld\" srcset=\"https:\/\/liebke-foto.de\/maerkischeslicht\/wp-content\/uploads\/2014\/05\/FL8_9857.jpg 1400w, https:\/\/liebke-foto.de\/maerkischeslicht\/wp-content\/uploads\/2014\/05\/FL8_9857-1200x800.jpg 1200w, https:\/\/liebke-foto.de\/maerkischeslicht\/wp-content\/uploads\/2014\/05\/FL8_9857-1199x800.jpg 1199w, https:\/\/liebke-foto.de\/maerkischeslicht\/wp-content\/uploads\/2014\/05\/FL8_9857-450x300.jpg 450w\" sizes=\"auto, (max-width: 1400px) 100vw, 1400px\" \/><\/a><\/figure>\n<\/div>\n\n\n<p><\/p>\n\n\n\n<p><\/p>\n\n\n<div class=\"wp-block-image\">\n<figure class=\"aligncenter\"><a href=\"https:\/\/liebke-foto.de\/maerkischeslicht\/wp-content\/uploads\/2014\/05\/FL8_9861.jpg\"><img loading=\"lazy\" decoding=\"async\" width=\"1400\" height=\"934\" src=\"https:\/\/liebke-foto.de\/maerkischeslicht\/wp-content\/uploads\/2014\/05\/FL8_9861.jpg\" alt=\"Blick von der Siegess\u00e4ule nach Hakenberg und das ehemalige Schlachtfeld\" class=\"wp-image-674\" title=\"Blick von der Siegess\u00e4ule nach Hakenberg und das ehemalige Schlachtfeld\" srcset=\"https:\/\/liebke-foto.de\/maerkischeslicht\/wp-content\/uploads\/2014\/05\/FL8_9861.jpg 1400w, https:\/\/liebke-foto.de\/maerkischeslicht\/wp-content\/uploads\/2014\/05\/FL8_9861-1200x800.jpg 1200w, https:\/\/liebke-foto.de\/maerkischeslicht\/wp-content\/uploads\/2014\/05\/FL8_9861-1199x800.jpg 1199w, https:\/\/liebke-foto.de\/maerkischeslicht\/wp-content\/uploads\/2014\/05\/FL8_9861-450x300.jpg 450w\" sizes=\"auto, (max-width: 1400px) 100vw, 1400px\" \/><\/a><\/figure>\n<\/div>\n\n\n<p><\/p>\n\n\n\n<p><\/p>\n\n\n\n<p>    Ein kleines Denkmal, erbaut 1800, an der Landstra\u00dfe und Einfahrt zur Siegess\u00e4ule steht auf dem Standort des Durchbruchs der schwedischen Kampflinie. An der Stelle, wo die Siegess\u00e4ule selbst 1875 erbaut wurde, standen die Gesch\u00fctze der Brandenburger w\u00e4hrend der Schlacht. <\/p>\n\n\n\n<p>Und in der Hakenberger Dorfkirche soll sich eine Kugelsammlung aus ebendieser Schlacht befinden. Soll, weil ich sie selbst nicht gesehen habe, muss ich bei meinem n\u00e4chsten Mal nachholen.<\/p>\n\n\n\n<p>Zum Abschluss meines Besuchs strich das warme weiche Fr\u00fchlingslicht noch einmal wunderbar \u00fcber die geschichtstr\u00e4chtige Landschaft, eine nunmehr friedliche Landschaft unter m\u00e4rkischem Licht.<\/p>\n\n\n<div class=\"wp-block-image\">\n<figure class=\"aligncenter\"><a href=\"https:\/\/liebke-foto.de\/maerkischeslicht\/wp-content\/uploads\/2014\/05\/FL8_9877.jpg\"><img loading=\"lazy\" decoding=\"async\" width=\"1400\" height=\"934\" src=\"https:\/\/liebke-foto.de\/maerkischeslicht\/wp-content\/uploads\/2014\/05\/FL8_9877.jpg\" alt=\"Das warme M\u00e4rkische Licht der Abendsonne \u00fcber das nun friedliche Feld\" class=\"wp-image-675\" title=\"Das warme M\u00e4rkische Licht der Abendsonne \u00fcber das nun friedliche Feld\" srcset=\"https:\/\/liebke-foto.de\/maerkischeslicht\/wp-content\/uploads\/2014\/05\/FL8_9877.jpg 1400w, https:\/\/liebke-foto.de\/maerkischeslicht\/wp-content\/uploads\/2014\/05\/FL8_9877-1200x800.jpg 1200w, https:\/\/liebke-foto.de\/maerkischeslicht\/wp-content\/uploads\/2014\/05\/FL8_9877-1199x800.jpg 1199w, https:\/\/liebke-foto.de\/maerkischeslicht\/wp-content\/uploads\/2014\/05\/FL8_9877-450x300.jpg 450w\" sizes=\"auto, (max-width: 1400px) 100vw, 1400px\" \/><\/a><\/figure>\n<\/div>\n\n\n<div style=\"padding:20px\" class=\"wp-block-tnp-minimal\"><p>Subscribe to our newsletter!<\/p><div><div class=\"tnp tnp-subscription \">\n<form method=\"post\" action=\"https:\/\/liebke-foto.de\/maerkischeslicht\/wp-admin\/admin-ajax.php?action=tnp&amp;na=s\">\n<input type=\"hidden\" name=\"nlang\" value=\"\">\n<div class=\"tnp-field tnp-field-firstname\"><label for=\"tnp-1\">Vorname oder ganzer Name<\/label>\n<input class=\"tnp-name\" type=\"text\" name=\"nn\" id=\"tnp-1\" value=\"\" placeholder=\"\"><\/div>\n<div class=\"tnp-field tnp-field-email\"><label for=\"tnp-2\">Email<\/label>\n<input class=\"tnp-email\" type=\"email\" name=\"ne\" id=\"tnp-2\" value=\"\" placeholder=\"\" required><\/div>\n<div class=\"tnp-field tnp-privacy-field\"><label><input type=\"checkbox\" name=\"ny\" required class=\"tnp-privacy\"> Indem Du fortf\u00e4hrst, akzeptierst Du unsere Datenschutzerkl\u00e4rung.<\/label><\/div><div class=\"tnp-field tnp-field-button\" style=\"text-align: left\"><input class=\"tnp-submit\" type=\"submit\" value=\"Abonnieren\" style=\"\">\n<\/div>\n<\/form>\n<\/div>\n<\/div><\/div>\n\n\n\n\n","protected":false},"excerpt":{"rendered":"<p>Nach Hakenberg, Ostprignitz-Ruppin, wo die legend\u00e4re Schlacht bei Ferbellin tobte, wollte ich schon lange mal fahren und dem historischen Ort einen Fotobesuch abstatten&#8230;.<\/p>\n","protected":false},"author":1,"featured_media":671,"comment_status":"open","ping_status":"closed","sticky":false,"template":"","format":"standard","meta":{"footnotes":""},"categories":[11],"tags":[],"class_list":["post-655","post","type-post","status-publish","format-standard","has-post-thumbnail","hentry","category-im-land-brandenburg-unterwegs"],"yoast_head":"<!-- This site is optimized with the Yoast SEO plugin v27.5 - https:\/\/yoast.com\/product\/yoast-seo-wordpress\/ -->\n<title>Osterfahrt nach Hakenberg und Umgebung - M\u00e4rkisches Licht - Der Fotograf der Stille<\/title>\n<meta name=\"description\" content=\"Osterfahrt nach Hakenberg und Umgebung\" \/>\n<meta name=\"robots\" content=\"index, follow, max-snippet:-1, max-image-preview:large, max-video-preview:-1\" \/>\n<link rel=\"canonical\" href=\"https:\/\/liebke-foto.de\/maerkischeslicht\/osterfahrt-nach-hakenberg-und-umgebung\/\" \/>\n<meta property=\"og:locale\" content=\"de_DE\" \/>\n<meta property=\"og:type\" content=\"article\" \/>\n<meta property=\"og:title\" content=\"Osterfahrt nach Hakenberg und Umgebung - M\u00e4rkisches Licht - Der Fotograf der Stille\" \/>\n<meta property=\"og:description\" content=\"Osterfahrt nach Hakenberg und Umgebung\" \/>\n<meta property=\"og:url\" content=\"https:\/\/liebke-foto.de\/maerkischeslicht\/osterfahrt-nach-hakenberg-und-umgebung\/\" \/>\n<meta property=\"og:site_name\" content=\"M\u00e4rkisches Licht - Der Fotograf der Stille\" \/>\n<meta property=\"article:published_time\" content=\"2014-05-18T14:05:17+00:00\" \/>\n<meta property=\"article:modified_time\" content=\"2023-07-23T15:00:40+00:00\" \/>\n<meta property=\"og:image\" content=\"https:\/\/liebke-foto.de\/maerkischeslicht\/wp-content\/uploads\/2014\/05\/FL8_9821.jpg\" \/>\n\t<meta property=\"og:image:width\" content=\"1400\" \/>\n\t<meta property=\"og:image:height\" content=\"934\" \/>\n\t<meta property=\"og:image:type\" content=\"image\/jpeg\" \/>\n<meta name=\"author\" content=\"Frank Liebke\" \/>\n<meta name=\"twitter:card\" content=\"summary_large_image\" \/>\n<meta name=\"twitter:label1\" content=\"Verfasst von\" \/>\n\t<meta name=\"twitter:data1\" content=\"Frank Liebke\" \/>\n\t<meta name=\"twitter:label2\" content=\"Gesch\u00e4tzte Lesezeit\" \/>\n\t<meta name=\"twitter:data2\" content=\"7\u00a0Minuten\" \/>\n<script type=\"application\/ld+json\" class=\"yoast-schema-graph\">{\"@context\":\"https:\\\/\\\/schema.org\",\"@graph\":[{\"@type\":\"Article\",\"@id\":\"https:\\\/\\\/liebke-foto.de\\\/maerkischeslicht\\\/osterfahrt-nach-hakenberg-und-umgebung\\\/#article\",\"isPartOf\":{\"@id\":\"https:\\\/\\\/liebke-foto.de\\\/maerkischeslicht\\\/osterfahrt-nach-hakenberg-und-umgebung\\\/\"},\"author\":{\"name\":\"Frank Liebke\",\"@id\":\"https:\\\/\\\/liebke-foto.de\\\/maerkischeslicht\\\/#\\\/schema\\\/person\\\/d71108abc09a723daeeb8526a33137ee\"},\"headline\":\"Osterfahrt nach Hakenberg und Umgebung\",\"datePublished\":\"2014-05-18T14:05:17+00:00\",\"dateModified\":\"2023-07-23T15:00:40+00:00\",\"mainEntityOfPage\":{\"@id\":\"https:\\\/\\\/liebke-foto.de\\\/maerkischeslicht\\\/osterfahrt-nach-hakenberg-und-umgebung\\\/\"},\"wordCount\":691,\"commentCount\":4,\"publisher\":{\"@id\":\"https:\\\/\\\/liebke-foto.de\\\/maerkischeslicht\\\/#\\\/schema\\\/person\\\/d71108abc09a723daeeb8526a33137ee\"},\"image\":{\"@id\":\"https:\\\/\\\/liebke-foto.de\\\/maerkischeslicht\\\/osterfahrt-nach-hakenberg-und-umgebung\\\/#primaryimage\"},\"thumbnailUrl\":\"https:\\\/\\\/liebke-foto.de\\\/maerkischeslicht\\\/wp-content\\\/uploads\\\/2014\\\/05\\\/FL8_9821.jpg\",\"articleSection\":[\"Im Land Brandenburg unterwegs\"],\"inLanguage\":\"de\",\"potentialAction\":[{\"@type\":\"CommentAction\",\"name\":\"Comment\",\"target\":[\"https:\\\/\\\/liebke-foto.de\\\/maerkischeslicht\\\/osterfahrt-nach-hakenberg-und-umgebung\\\/#respond\"]}]},{\"@type\":\"WebPage\",\"@id\":\"https:\\\/\\\/liebke-foto.de\\\/maerkischeslicht\\\/osterfahrt-nach-hakenberg-und-umgebung\\\/\",\"url\":\"https:\\\/\\\/liebke-foto.de\\\/maerkischeslicht\\\/osterfahrt-nach-hakenberg-und-umgebung\\\/\",\"name\":\"Osterfahrt nach Hakenberg und Umgebung - M\u00e4rkisches Licht - Der Fotograf der Stille\",\"isPartOf\":{\"@id\":\"https:\\\/\\\/liebke-foto.de\\\/maerkischeslicht\\\/#website\"},\"primaryImageOfPage\":{\"@id\":\"https:\\\/\\\/liebke-foto.de\\\/maerkischeslicht\\\/osterfahrt-nach-hakenberg-und-umgebung\\\/#primaryimage\"},\"image\":{\"@id\":\"https:\\\/\\\/liebke-foto.de\\\/maerkischeslicht\\\/osterfahrt-nach-hakenberg-und-umgebung\\\/#primaryimage\"},\"thumbnailUrl\":\"https:\\\/\\\/liebke-foto.de\\\/maerkischeslicht\\\/wp-content\\\/uploads\\\/2014\\\/05\\\/FL8_9821.jpg\",\"datePublished\":\"2014-05-18T14:05:17+00:00\",\"dateModified\":\"2023-07-23T15:00:40+00:00\",\"description\":\"Osterfahrt nach Hakenberg und Umgebung\",\"breadcrumb\":{\"@id\":\"https:\\\/\\\/liebke-foto.de\\\/maerkischeslicht\\\/osterfahrt-nach-hakenberg-und-umgebung\\\/#breadcrumb\"},\"inLanguage\":\"de\",\"potentialAction\":[{\"@type\":\"ReadAction\",\"target\":[\"https:\\\/\\\/liebke-foto.de\\\/maerkischeslicht\\\/osterfahrt-nach-hakenberg-und-umgebung\\\/\"]}]},{\"@type\":\"ImageObject\",\"inLanguage\":\"de\",\"@id\":\"https:\\\/\\\/liebke-foto.de\\\/maerkischeslicht\\\/osterfahrt-nach-hakenberg-und-umgebung\\\/#primaryimage\",\"url\":\"https:\\\/\\\/liebke-foto.de\\\/maerkischeslicht\\\/wp-content\\\/uploads\\\/2014\\\/05\\\/FL8_9821.jpg\",\"contentUrl\":\"https:\\\/\\\/liebke-foto.de\\\/maerkischeslicht\\\/wp-content\\\/uploads\\\/2014\\\/05\\\/FL8_9821.jpg\",\"width\":1400,\"height\":934,\"caption\":\"Die \\\"Goldelse\\\" auf der Siegess\u00e4ule\"},{\"@type\":\"BreadcrumbList\",\"@id\":\"https:\\\/\\\/liebke-foto.de\\\/maerkischeslicht\\\/osterfahrt-nach-hakenberg-und-umgebung\\\/#breadcrumb\",\"itemListElement\":[{\"@type\":\"ListItem\",\"position\":1,\"name\":\"Startseite\",\"item\":\"https:\\\/\\\/liebke-foto.de\\\/maerkischeslicht\\\/\"},{\"@type\":\"ListItem\",\"position\":2,\"name\":\"Osterfahrt nach Hakenberg und Umgebung\"}]},{\"@type\":\"WebSite\",\"@id\":\"https:\\\/\\\/liebke-foto.de\\\/maerkischeslicht\\\/#website\",\"url\":\"https:\\\/\\\/liebke-foto.de\\\/maerkischeslicht\\\/\",\"name\":\"M\u00e4rkisches Licht - Der Fotograf der Stille\",\"description\":\"Die Liebe zum Leben...\",\"publisher\":{\"@id\":\"https:\\\/\\\/liebke-foto.de\\\/maerkischeslicht\\\/#\\\/schema\\\/person\\\/d71108abc09a723daeeb8526a33137ee\"},\"potentialAction\":[{\"@type\":\"SearchAction\",\"target\":{\"@type\":\"EntryPoint\",\"urlTemplate\":\"https:\\\/\\\/liebke-foto.de\\\/maerkischeslicht\\\/?s={search_term_string}\"},\"query-input\":{\"@type\":\"PropertyValueSpecification\",\"valueRequired\":true,\"valueName\":\"search_term_string\"}}],\"inLanguage\":\"de\"},{\"@type\":[\"Person\",\"Organization\"],\"@id\":\"https:\\\/\\\/liebke-foto.de\\\/maerkischeslicht\\\/#\\\/schema\\\/person\\\/d71108abc09a723daeeb8526a33137ee\",\"name\":\"Frank Liebke\",\"image\":{\"@type\":\"ImageObject\",\"inLanguage\":\"de\",\"@id\":\"https:\\\/\\\/liebke-foto.de\\\/maerkischeslicht\\\/wp-content\\\/uploads\\\/2021\\\/12\\\/IMG-20211024-WA0001.jpg\",\"url\":\"https:\\\/\\\/liebke-foto.de\\\/maerkischeslicht\\\/wp-content\\\/uploads\\\/2021\\\/12\\\/IMG-20211024-WA0001.jpg\",\"contentUrl\":\"https:\\\/\\\/liebke-foto.de\\\/maerkischeslicht\\\/wp-content\\\/uploads\\\/2021\\\/12\\\/IMG-20211024-WA0001.jpg\",\"width\":900,\"height\":1600,\"caption\":\"Frank Liebke\"},\"logo\":{\"@id\":\"https:\\\/\\\/liebke-foto.de\\\/maerkischeslicht\\\/wp-content\\\/uploads\\\/2021\\\/12\\\/IMG-20211024-WA0001.jpg\"},\"sameAs\":[\"https:\\\/\\\/liebke-foto.de\"],\"url\":\"https:\\\/\\\/liebke-foto.de\\\/maerkischeslicht\\\/author\\\/adminuser\\\/\"}]}<\/script>\n<!-- \/ Yoast SEO plugin. -->","yoast_head_json":{"title":"Osterfahrt nach Hakenberg und Umgebung - M\u00e4rkisches Licht - Der Fotograf der Stille","description":"Osterfahrt nach Hakenberg und Umgebung","robots":{"index":"index","follow":"follow","max-snippet":"max-snippet:-1","max-image-preview":"max-image-preview:large","max-video-preview":"max-video-preview:-1"},"canonical":"https:\/\/liebke-foto.de\/maerkischeslicht\/osterfahrt-nach-hakenberg-und-umgebung\/","og_locale":"de_DE","og_type":"article","og_title":"Osterfahrt nach Hakenberg und Umgebung - M\u00e4rkisches Licht - Der Fotograf der Stille","og_description":"Osterfahrt nach Hakenberg und Umgebung","og_url":"https:\/\/liebke-foto.de\/maerkischeslicht\/osterfahrt-nach-hakenberg-und-umgebung\/","og_site_name":"M\u00e4rkisches Licht - Der Fotograf der Stille","article_published_time":"2014-05-18T14:05:17+00:00","article_modified_time":"2023-07-23T15:00:40+00:00","og_image":[{"width":1400,"height":934,"url":"https:\/\/liebke-foto.de\/maerkischeslicht\/wp-content\/uploads\/2014\/05\/FL8_9821.jpg","type":"image\/jpeg"}],"author":"Frank Liebke","twitter_card":"summary_large_image","twitter_misc":{"Verfasst von":"Frank Liebke","Gesch\u00e4tzte Lesezeit":"7\u00a0Minuten"},"schema":{"@context":"https:\/\/schema.org","@graph":[{"@type":"Article","@id":"https:\/\/liebke-foto.de\/maerkischeslicht\/osterfahrt-nach-hakenberg-und-umgebung\/#article","isPartOf":{"@id":"https:\/\/liebke-foto.de\/maerkischeslicht\/osterfahrt-nach-hakenberg-und-umgebung\/"},"author":{"name":"Frank Liebke","@id":"https:\/\/liebke-foto.de\/maerkischeslicht\/#\/schema\/person\/d71108abc09a723daeeb8526a33137ee"},"headline":"Osterfahrt nach Hakenberg und Umgebung","datePublished":"2014-05-18T14:05:17+00:00","dateModified":"2023-07-23T15:00:40+00:00","mainEntityOfPage":{"@id":"https:\/\/liebke-foto.de\/maerkischeslicht\/osterfahrt-nach-hakenberg-und-umgebung\/"},"wordCount":691,"commentCount":4,"publisher":{"@id":"https:\/\/liebke-foto.de\/maerkischeslicht\/#\/schema\/person\/d71108abc09a723daeeb8526a33137ee"},"image":{"@id":"https:\/\/liebke-foto.de\/maerkischeslicht\/osterfahrt-nach-hakenberg-und-umgebung\/#primaryimage"},"thumbnailUrl":"https:\/\/liebke-foto.de\/maerkischeslicht\/wp-content\/uploads\/2014\/05\/FL8_9821.jpg","articleSection":["Im Land Brandenburg unterwegs"],"inLanguage":"de","potentialAction":[{"@type":"CommentAction","name":"Comment","target":["https:\/\/liebke-foto.de\/maerkischeslicht\/osterfahrt-nach-hakenberg-und-umgebung\/#respond"]}]},{"@type":"WebPage","@id":"https:\/\/liebke-foto.de\/maerkischeslicht\/osterfahrt-nach-hakenberg-und-umgebung\/","url":"https:\/\/liebke-foto.de\/maerkischeslicht\/osterfahrt-nach-hakenberg-und-umgebung\/","name":"Osterfahrt nach Hakenberg und Umgebung - M\u00e4rkisches Licht - Der Fotograf der Stille","isPartOf":{"@id":"https:\/\/liebke-foto.de\/maerkischeslicht\/#website"},"primaryImageOfPage":{"@id":"https:\/\/liebke-foto.de\/maerkischeslicht\/osterfahrt-nach-hakenberg-und-umgebung\/#primaryimage"},"image":{"@id":"https:\/\/liebke-foto.de\/maerkischeslicht\/osterfahrt-nach-hakenberg-und-umgebung\/#primaryimage"},"thumbnailUrl":"https:\/\/liebke-foto.de\/maerkischeslicht\/wp-content\/uploads\/2014\/05\/FL8_9821.jpg","datePublished":"2014-05-18T14:05:17+00:00","dateModified":"2023-07-23T15:00:40+00:00","description":"Osterfahrt nach Hakenberg und Umgebung","breadcrumb":{"@id":"https:\/\/liebke-foto.de\/maerkischeslicht\/osterfahrt-nach-hakenberg-und-umgebung\/#breadcrumb"},"inLanguage":"de","potentialAction":[{"@type":"ReadAction","target":["https:\/\/liebke-foto.de\/maerkischeslicht\/osterfahrt-nach-hakenberg-und-umgebung\/"]}]},{"@type":"ImageObject","inLanguage":"de","@id":"https:\/\/liebke-foto.de\/maerkischeslicht\/osterfahrt-nach-hakenberg-und-umgebung\/#primaryimage","url":"https:\/\/liebke-foto.de\/maerkischeslicht\/wp-content\/uploads\/2014\/05\/FL8_9821.jpg","contentUrl":"https:\/\/liebke-foto.de\/maerkischeslicht\/wp-content\/uploads\/2014\/05\/FL8_9821.jpg","width":1400,"height":934,"caption":"Die \"Goldelse\" auf der Siegess\u00e4ule"},{"@type":"BreadcrumbList","@id":"https:\/\/liebke-foto.de\/maerkischeslicht\/osterfahrt-nach-hakenberg-und-umgebung\/#breadcrumb","itemListElement":[{"@type":"ListItem","position":1,"name":"Startseite","item":"https:\/\/liebke-foto.de\/maerkischeslicht\/"},{"@type":"ListItem","position":2,"name":"Osterfahrt nach Hakenberg und Umgebung"}]},{"@type":"WebSite","@id":"https:\/\/liebke-foto.de\/maerkischeslicht\/#website","url":"https:\/\/liebke-foto.de\/maerkischeslicht\/","name":"M\u00e4rkisches Licht - Der Fotograf der Stille","description":"Die Liebe zum Leben...","publisher":{"@id":"https:\/\/liebke-foto.de\/maerkischeslicht\/#\/schema\/person\/d71108abc09a723daeeb8526a33137ee"},"potentialAction":[{"@type":"SearchAction","target":{"@type":"EntryPoint","urlTemplate":"https:\/\/liebke-foto.de\/maerkischeslicht\/?s={search_term_string}"},"query-input":{"@type":"PropertyValueSpecification","valueRequired":true,"valueName":"search_term_string"}}],"inLanguage":"de"},{"@type":["Person","Organization"],"@id":"https:\/\/liebke-foto.de\/maerkischeslicht\/#\/schema\/person\/d71108abc09a723daeeb8526a33137ee","name":"Frank Liebke","image":{"@type":"ImageObject","inLanguage":"de","@id":"https:\/\/liebke-foto.de\/maerkischeslicht\/wp-content\/uploads\/2021\/12\/IMG-20211024-WA0001.jpg","url":"https:\/\/liebke-foto.de\/maerkischeslicht\/wp-content\/uploads\/2021\/12\/IMG-20211024-WA0001.jpg","contentUrl":"https:\/\/liebke-foto.de\/maerkischeslicht\/wp-content\/uploads\/2021\/12\/IMG-20211024-WA0001.jpg","width":900,"height":1600,"caption":"Frank Liebke"},"logo":{"@id":"https:\/\/liebke-foto.de\/maerkischeslicht\/wp-content\/uploads\/2021\/12\/IMG-20211024-WA0001.jpg"},"sameAs":["https:\/\/liebke-foto.de"],"url":"https:\/\/liebke-foto.de\/maerkischeslicht\/author\/adminuser\/"}]}},"_links":{"self":[{"href":"https:\/\/liebke-foto.de\/maerkischeslicht\/wp-json\/wp\/v2\/posts\/655","targetHints":{"allow":["GET"]}}],"collection":[{"href":"https:\/\/liebke-foto.de\/maerkischeslicht\/wp-json\/wp\/v2\/posts"}],"about":[{"href":"https:\/\/liebke-foto.de\/maerkischeslicht\/wp-json\/wp\/v2\/types\/post"}],"author":[{"embeddable":true,"href":"https:\/\/liebke-foto.de\/maerkischeslicht\/wp-json\/wp\/v2\/users\/1"}],"replies":[{"embeddable":true,"href":"https:\/\/liebke-foto.de\/maerkischeslicht\/wp-json\/wp\/v2\/comments?post=655"}],"version-history":[{"count":23,"href":"https:\/\/liebke-foto.de\/maerkischeslicht\/wp-json\/wp\/v2\/posts\/655\/revisions"}],"predecessor-version":[{"id":7446,"href":"https:\/\/liebke-foto.de\/maerkischeslicht\/wp-json\/wp\/v2\/posts\/655\/revisions\/7446"}],"wp:featuredmedia":[{"embeddable":true,"href":"https:\/\/liebke-foto.de\/maerkischeslicht\/wp-json\/wp\/v2\/media\/671"}],"wp:attachment":[{"href":"https:\/\/liebke-foto.de\/maerkischeslicht\/wp-json\/wp\/v2\/media?parent=655"}],"wp:term":[{"taxonomy":"category","embeddable":true,"href":"https:\/\/liebke-foto.de\/maerkischeslicht\/wp-json\/wp\/v2\/categories?post=655"},{"taxonomy":"post_tag","embeddable":true,"href":"https:\/\/liebke-foto.de\/maerkischeslicht\/wp-json\/wp\/v2\/tags?post=655"}],"curies":[{"name":"wp","href":"https:\/\/api.w.org\/{rel}","templated":true}]}}