{"id":6523,"date":"2022-10-05T19:51:36","date_gmt":"2022-10-05T17:51:36","guid":{"rendered":"https:\/\/liebke-foto.de\/maerkischeslicht\/?p=6523"},"modified":"2022-11-28T02:13:23","modified_gmt":"2022-11-28T00:13:23","slug":"landpartie-in-die-fruehherbstliche-natur-in-bernoewe-und-oranienburg","status":"publish","type":"post","link":"https:\/\/liebke-foto.de\/maerkischeslicht\/landpartie-in-die-fruehherbstliche-natur-in-bernoewe-und-oranienburg\/","title":{"rendered":"LANDpartie in die fr\u00fchherbstliche Natur in Bern\u00f6we und Oranienburg"},"content":{"rendered":"<div class=\"wp-block-image\">\n<figure class=\"aligncenter size-large\"><a href=\"https:\/\/liebke-foto.de\/maerkischeslicht\/wp-content\/uploads\/2022\/10\/FZ21457_C1.jpg\"><img loading=\"lazy\" decoding=\"async\" width=\"1200\" height=\"800\" src=\"https:\/\/liebke-foto.de\/maerkischeslicht\/wp-content\/uploads\/2022\/10\/FZ21457_C1-1200x800.jpg\" alt=\"Der Lehnitzsee leuchtet in fr\u00fchherbstlichen Farben\" class=\"wp-image-6529\" srcset=\"https:\/\/liebke-foto.de\/maerkischeslicht\/wp-content\/uploads\/2022\/10\/FZ21457_C1-1200x800.jpg 1200w, https:\/\/liebke-foto.de\/maerkischeslicht\/wp-content\/uploads\/2022\/10\/FZ21457_C1-768x512.jpg 768w, https:\/\/liebke-foto.de\/maerkischeslicht\/wp-content\/uploads\/2022\/10\/FZ21457_C1.jpg 1400w\" sizes=\"auto, (max-width: 1200px) 100vw, 1200px\" \/><\/a><figcaption class=\"wp-element-caption\">Der Lehnitzsee leuchtet in fr\u00fchherbstlichen Farben<\/figcaption><\/figure>\n<\/div>\n\n\n<p>Wenn im Oktober das Gr\u00fcn in der Natur anf\u00e4ngt, sich in w\u00e4rmere Farben zu verwandeln, werden wir jedes Jahr aufs Neue ganz kribbelig. Und trotzdem wir genug zu tun haben, muss die Zeit sein, die Nase in die duftende Natur zu stecken und die Seele mit bunten Erlebnissen zu f\u00fcttern. Egal was auch in der Zukunft passiert, erlebtes Sch\u00f6ne bleibt immer in der Erinnerung. Die uns keiner nehmen kann. Und in unruhigen Zeiten Kraft gibt. Bei uns speziell f\u00fcr Worte, B\u00fccher und Bilder. Gut geeignet um anderen wiederum von unseren Kr\u00e4ften abzugeben. Unsere Mission irgendwie. Und eine sehr Sch\u00f6ne, wie wir meinen. <\/p>\n\n\n\n<p>Zu weit ins Land wollten wir nicht. Und so war das Endziel der h\u00fcbsche kleine Ort <a href=\"https:\/\/de.wikipedia.org\/wiki\/Bern\u00f6we\" target=\"_blank\" rel=\"noreferrer noopener\">Bern\u00f6we<\/a>. Gelegen am Oder-Havel-Kanal zum einen, mitten im Wald zum anderen. Und der Radweg Berlin-Kopenhagen f\u00fcrt fast durch den Ort, knapp haarscharf dran vorbei. <\/p>\n\n\n\n<p>Dann machten wir einen kleinen Abstecher in ein Waldst\u00fcck in der N\u00e4he. Von der B\u00e4ke durchflossen. Hier ist der Herbst noch gar nicht so sp\u00fcrbar. Meine Erfahrung sagt dass es aber zum Oktober-Ende zu einem Farberausch f\u00fchren kann, wie ich es schon oft erlebte. In diesem Jahr scheint es den Pilzen hervorragend zu gehen, wir sahen wirklich massenhaft Essbare, hatten aber keinen Korb dabei. Aber ich die Kamera und Patricia ihr Handy. Und f\u00fcr ein sch\u00f6nes Bild mussten nur gut aussehen..<\/p>\n\n\n\n<p>Drittes Ziel war dann die Liebesinsel am Lehnitzsee. Und da \u00fcberraschte uns schon der Blick von der Br\u00fccke zum See. Schiffe und Boote zogen ihren Weg, der Himmel malte Figuren und formte das Licht aufs Sch\u00f6nste. Und lie\u00df alle Farben leuchten. Wir beobachteten das Wettrennen von Jungschw\u00e4nen mit einem Radfahrer. Den die Schw\u00e4ne m\u00fchelos gewannen. Waren wonnetrunken vom Licht, den Farben und unserem Gl\u00fcck zu leben. Und st\u00e4rkten unseren ersch\u00f6pften K\u00f6rper mit starken Assamtee und unsere Seelen mit sch\u00f6nsten Bildern vom herbstlichen Lehnitzsee. Ein paar davon habe ich mitgebracht, um sie Euch zu zeigen. Und dazu w\u00fcnsche ich viel Freude.<\/p>\n\n\n<div class=\"wp-block-image\">\n<figure class=\"aligncenter size-large\"><a href=\"https:\/\/liebke-foto.de\/maerkischeslicht\/wp-content\/uploads\/2022\/10\/FZ21322_C1.jpg\"><img loading=\"lazy\" decoding=\"async\" width=\"1200\" height=\"800\" src=\"https:\/\/liebke-foto.de\/maerkischeslicht\/wp-content\/uploads\/2022\/10\/FZ21322_C1-1200x800.jpg\" alt=\"\" class=\"wp-image-6524\" srcset=\"https:\/\/liebke-foto.de\/maerkischeslicht\/wp-content\/uploads\/2022\/10\/FZ21322_C1-1200x800.jpg 1200w, https:\/\/liebke-foto.de\/maerkischeslicht\/wp-content\/uploads\/2022\/10\/FZ21322_C1-768x512.jpg 768w, https:\/\/liebke-foto.de\/maerkischeslicht\/wp-content\/uploads\/2022\/10\/FZ21322_C1.jpg 1400w\" sizes=\"auto, (max-width: 1200px) 100vw, 1200px\" \/><\/a><figcaption class=\"wp-element-caption\">In Bern\u00f6we gibt es auch die M\u00f6glichkeit, Hausboote auszuleihen. <\/figcaption><\/figure>\n<\/div>\n\n<div class=\"wp-block-image\">\n<figure class=\"aligncenter size-large\"><a href=\"https:\/\/liebke-foto.de\/maerkischeslicht\/wp-content\/uploads\/2022\/10\/FZ21341_C1.jpg\"><img loading=\"lazy\" decoding=\"async\" width=\"1200\" height=\"800\" src=\"https:\/\/liebke-foto.de\/maerkischeslicht\/wp-content\/uploads\/2022\/10\/FZ21341_C1-1200x800.jpg\" alt=\"\" class=\"wp-image-6525\" srcset=\"https:\/\/liebke-foto.de\/maerkischeslicht\/wp-content\/uploads\/2022\/10\/FZ21341_C1-1200x800.jpg 1200w, https:\/\/liebke-foto.de\/maerkischeslicht\/wp-content\/uploads\/2022\/10\/FZ21341_C1-768x512.jpg 768w, https:\/\/liebke-foto.de\/maerkischeslicht\/wp-content\/uploads\/2022\/10\/FZ21341_C1.jpg 1400w\" sizes=\"auto, (max-width: 1200px) 100vw, 1200px\" \/><\/a><\/figure>\n<\/div>\n\n\n<p><\/p>\n\n\n\n<p><\/p>\n\n\n<div class=\"wp-block-image\">\n<figure class=\"aligncenter size-large\"><a href=\"https:\/\/liebke-foto.de\/maerkischeslicht\/wp-content\/uploads\/2022\/10\/FZ21357_C1.jpg\"><img loading=\"lazy\" decoding=\"async\" width=\"1200\" height=\"800\" src=\"https:\/\/liebke-foto.de\/maerkischeslicht\/wp-content\/uploads\/2022\/10\/FZ21357_C1-1200x800.jpg\" alt=\"\" class=\"wp-image-6526\" srcset=\"https:\/\/liebke-foto.de\/maerkischeslicht\/wp-content\/uploads\/2022\/10\/FZ21357_C1-1200x800.jpg 1200w, https:\/\/liebke-foto.de\/maerkischeslicht\/wp-content\/uploads\/2022\/10\/FZ21357_C1-768x512.jpg 768w, https:\/\/liebke-foto.de\/maerkischeslicht\/wp-content\/uploads\/2022\/10\/FZ21357_C1.jpg 1400w\" sizes=\"auto, (max-width: 1200px) 100vw, 1200px\" \/><\/a><figcaption class=\"wp-element-caption\">Auf dem Oder-Havel-Kanal ist Fahrbetrieb.<\/figcaption><\/figure>\n<\/div>\n\n<div class=\"wp-block-image\">\n<figure class=\"aligncenter size-large\"><a href=\"https:\/\/liebke-foto.de\/maerkischeslicht\/wp-content\/uploads\/2022\/10\/FZ21385_C1.jpg\"><img loading=\"lazy\" decoding=\"async\" width=\"1200\" height=\"800\" src=\"https:\/\/liebke-foto.de\/maerkischeslicht\/wp-content\/uploads\/2022\/10\/FZ21385_C1-1200x800.jpg\" alt=\"\" class=\"wp-image-6527\" srcset=\"https:\/\/liebke-foto.de\/maerkischeslicht\/wp-content\/uploads\/2022\/10\/FZ21385_C1-1200x800.jpg 1200w, https:\/\/liebke-foto.de\/maerkischeslicht\/wp-content\/uploads\/2022\/10\/FZ21385_C1-768x512.jpg 768w, https:\/\/liebke-foto.de\/maerkischeslicht\/wp-content\/uploads\/2022\/10\/FZ21385_C1.jpg 1400w\" sizes=\"auto, (max-width: 1200px) 100vw, 1200px\" \/><\/a><figcaption class=\"wp-element-caption\">An der B\u00e4ke<\/figcaption><\/figure>\n<\/div>\n\n<div class=\"wp-block-image\">\n<figure class=\"aligncenter size-large\"><a href=\"https:\/\/liebke-foto.de\/maerkischeslicht\/wp-content\/uploads\/2022\/10\/FZ21418_C1.jpg\"><img loading=\"lazy\" decoding=\"async\" width=\"1200\" height=\"800\" src=\"https:\/\/liebke-foto.de\/maerkischeslicht\/wp-content\/uploads\/2022\/10\/FZ21418_C1-1200x800.jpg\" alt=\"\" class=\"wp-image-6528\" srcset=\"https:\/\/liebke-foto.de\/maerkischeslicht\/wp-content\/uploads\/2022\/10\/FZ21418_C1-1200x800.jpg 1200w, https:\/\/liebke-foto.de\/maerkischeslicht\/wp-content\/uploads\/2022\/10\/FZ21418_C1-768x512.jpg 768w, https:\/\/liebke-foto.de\/maerkischeslicht\/wp-content\/uploads\/2022\/10\/FZ21418_C1.jpg 1400w\" sizes=\"auto, (max-width: 1200px) 100vw, 1200px\" \/><\/a><\/figure>\n<\/div>\n\n\n<p><\/p>\n\n\n\n<p><\/p>\n\n\n<div class=\"wp-block-image\">\n<figure class=\"aligncenter size-large\"><a href=\"https:\/\/liebke-foto.de\/maerkischeslicht\/wp-content\/uploads\/2022\/10\/FZ21484_C1.jpg\"><img loading=\"lazy\" decoding=\"async\" width=\"1219\" height=\"800\" src=\"https:\/\/liebke-foto.de\/maerkischeslicht\/wp-content\/uploads\/2022\/10\/FZ21484_C1-1219x800.jpg\" alt=\"\" class=\"wp-image-6530\" srcset=\"https:\/\/liebke-foto.de\/maerkischeslicht\/wp-content\/uploads\/2022\/10\/FZ21484_C1-1219x800.jpg 1219w, https:\/\/liebke-foto.de\/maerkischeslicht\/wp-content\/uploads\/2022\/10\/FZ21484_C1-768x504.jpg 768w, https:\/\/liebke-foto.de\/maerkischeslicht\/wp-content\/uploads\/2022\/10\/FZ21484_C1.jpg 1400w\" sizes=\"auto, (max-width: 1219px) 100vw, 1219px\" \/><\/a><figcaption class=\"wp-element-caption\">Los, los, los, den schaffen wir locker!!&#8230;<\/figcaption><\/figure>\n<\/div>\n\n<div class=\"wp-block-image\">\n<figure class=\"aligncenter size-large\"><a href=\"https:\/\/liebke-foto.de\/maerkischeslicht\/wp-content\/uploads\/2022\/10\/FZ21485_C1.jpg\"><img loading=\"lazy\" decoding=\"async\" width=\"1219\" height=\"800\" src=\"https:\/\/liebke-foto.de\/maerkischeslicht\/wp-content\/uploads\/2022\/10\/FZ21485_C1-1219x800.jpg\" alt=\"\" class=\"wp-image-6531\" srcset=\"https:\/\/liebke-foto.de\/maerkischeslicht\/wp-content\/uploads\/2022\/10\/FZ21485_C1-1219x800.jpg 1219w, https:\/\/liebke-foto.de\/maerkischeslicht\/wp-content\/uploads\/2022\/10\/FZ21485_C1-768x504.jpg 768w, https:\/\/liebke-foto.de\/maerkischeslicht\/wp-content\/uploads\/2022\/10\/FZ21485_C1.jpg 1400w\" sizes=\"auto, (max-width: 1219px) 100vw, 1219px\" \/><\/a><figcaption class=\"wp-element-caption\">\u00c4tsch, wir sind doch schneller \ud83d\ude00 \ud83d\ude00 <\/figcaption><\/figure>\n<\/div>\n\n<div class=\"wp-block-image\">\n<figure class=\"aligncenter size-large\"><a href=\"https:\/\/liebke-foto.de\/maerkischeslicht\/wp-content\/uploads\/2022\/10\/FZ21513_C1.jpg\"><img loading=\"lazy\" decoding=\"async\" width=\"1200\" height=\"800\" src=\"https:\/\/liebke-foto.de\/maerkischeslicht\/wp-content\/uploads\/2022\/10\/FZ21513_C1-1200x800.jpg\" alt=\"Am Lehnitzsee f\u00e4rbt sich schon alles ins herbstliche Bunt.\" class=\"wp-image-6532\" srcset=\"https:\/\/liebke-foto.de\/maerkischeslicht\/wp-content\/uploads\/2022\/10\/FZ21513_C1-1200x800.jpg 1200w, https:\/\/liebke-foto.de\/maerkischeslicht\/wp-content\/uploads\/2022\/10\/FZ21513_C1-768x512.jpg 768w, https:\/\/liebke-foto.de\/maerkischeslicht\/wp-content\/uploads\/2022\/10\/FZ21513_C1.jpg 1400w\" sizes=\"auto, (max-width: 1200px) 100vw, 1200px\" \/><\/a><figcaption class=\"wp-element-caption\">Am Lehnitzsee f\u00e4rbt sich schon alles ins herbstliche Bunt.<\/figcaption><\/figure>\n<\/div>\n\n<div class=\"wp-block-image\">\n<figure class=\"aligncenter size-large\"><a href=\"https:\/\/liebke-foto.de\/maerkischeslicht\/wp-content\/uploads\/2022\/10\/FZ21544_C1.jpg\"><img loading=\"lazy\" decoding=\"async\" width=\"1200\" height=\"800\" src=\"https:\/\/liebke-foto.de\/maerkischeslicht\/wp-content\/uploads\/2022\/10\/FZ21544_C1-1200x800.jpg\" alt=\"Jetzt ein kr\u00e4ftiger Pott Assam-Tee. Das st\u00e4rkt die Seele und macht Geist und K\u00f6rper frisch\" class=\"wp-image-6533\" srcset=\"https:\/\/liebke-foto.de\/maerkischeslicht\/wp-content\/uploads\/2022\/10\/FZ21544_C1-1200x800.jpg 1200w, https:\/\/liebke-foto.de\/maerkischeslicht\/wp-content\/uploads\/2022\/10\/FZ21544_C1-768x512.jpg 768w, https:\/\/liebke-foto.de\/maerkischeslicht\/wp-content\/uploads\/2022\/10\/FZ21544_C1.jpg 1400w\" sizes=\"auto, (max-width: 1200px) 100vw, 1200px\" \/><\/a><figcaption class=\"wp-element-caption\">Jetzt ein kr\u00e4ftiger Pott Assam-Tee. Das st\u00e4rkt die Seele und macht Geist und K\u00f6rper frisch<\/figcaption><\/figure>\n<\/div>\n\n<div class=\"wp-block-image\">\n<figure class=\"aligncenter size-large\"><a href=\"https:\/\/liebke-foto.de\/maerkischeslicht\/wp-content\/uploads\/2022\/10\/FZ21558_C1.jpg\"><img loading=\"lazy\" decoding=\"async\" width=\"1200\" height=\"800\" src=\"https:\/\/liebke-foto.de\/maerkischeslicht\/wp-content\/uploads\/2022\/10\/FZ21558_C1-1200x800.jpg\" alt=\"\" class=\"wp-image-6534\" srcset=\"https:\/\/liebke-foto.de\/maerkischeslicht\/wp-content\/uploads\/2022\/10\/FZ21558_C1-1200x800.jpg 1200w, https:\/\/liebke-foto.de\/maerkischeslicht\/wp-content\/uploads\/2022\/10\/FZ21558_C1-768x512.jpg 768w, https:\/\/liebke-foto.de\/maerkischeslicht\/wp-content\/uploads\/2022\/10\/FZ21558_C1.jpg 1400w\" sizes=\"auto, (max-width: 1200px) 100vw, 1200px\" \/><\/a><figcaption class=\"wp-element-caption\">Erfrischt mit Tee und dieser Herbstblick zum Lehnitzsee von der Liebesinsel. Wunschlos gl\u00fccklich mit wenig, was eigentlich viel und f\u00fcr uns alles ist. \ud83d\ude42<\/figcaption><\/figure>\n<\/div>\n\n\n<div style=\"padding:20px\" class=\"wp-block-tnp-minimal\"><p>Subscribe to our newsletter!<\/p><div><div class=\"tnp tnp-subscription \">\n<form method=\"post\" action=\"https:\/\/liebke-foto.de\/maerkischeslicht\/wp-admin\/admin-ajax.php?action=tnp&amp;na=s\">\n<input type=\"hidden\" name=\"nlang\" value=\"\">\n<div class=\"tnp-field tnp-field-firstname\"><label for=\"tnp-1\">Vorname oder ganzer Name<\/label>\n<input class=\"tnp-name\" type=\"text\" name=\"nn\" id=\"tnp-1\" value=\"\" placeholder=\"\"><\/div>\n<div class=\"tnp-field tnp-field-email\"><label for=\"tnp-2\">Email<\/label>\n<input class=\"tnp-email\" type=\"email\" name=\"ne\" id=\"tnp-2\" value=\"\" placeholder=\"\" required><\/div>\n<div class=\"tnp-field tnp-privacy-field\"><label><input type=\"checkbox\" name=\"ny\" required class=\"tnp-privacy\"> Indem Du fortf\u00e4hrst, akzeptierst Du unsere Datenschutzerkl\u00e4rung.<\/label><\/div><div class=\"tnp-field tnp-field-button\" style=\"text-align: left\"><input class=\"tnp-submit\" type=\"submit\" value=\"Abonnieren\" style=\"\">\n<\/div>\n<\/form>\n<\/div>\n<\/div><\/div>\n\n\n\n\n","protected":false},"excerpt":{"rendered":"<p>Wenn im Oktober das Gr\u00fcn in der Natur anf\u00e4ngt, sich in w\u00e4rmere Farben zu verwandeln, werden wir jedes Jahr aufs Neue ganz kribbelig&#8230;.<\/p>\n","protected":false},"author":1,"featured_media":6529,"comment_status":"open","ping_status":"open","sticky":false,"template":"","format":"image","meta":{"footnotes":""},"categories":[11,66,10,34],"tags":[21,67,28,62,20,15],"class_list":["post-6523","post","type-post","status-publish","format-image","has-post-thumbnail","hentry","category-im-land-brandenburg-unterwegs","category-landpartie","category-landschaft-mark-brandenburg-oberhavel-barnim","category-naturpark-barnim","tag-brandenburg","tag-mark-brandenburg","tag-maerkisches-licht","tag-naturpark-barnim","tag-oberhavel","tag-oranienburg","post_format-post-format-image"],"yoast_head":"<!-- This site is optimized with the Yoast SEO plugin v27.4 - https:\/\/yoast.com\/product\/yoast-seo-wordpress\/ -->\n<title>LANDpartie in die fr\u00fchherbstliche Natur in Bern\u00f6we und Oranienburg - M\u00e4rkisches Licht - Der Fotograf der Stille<\/title>\n<meta name=\"description\" content=\"LANDpartie in die fr\u00fchherbstliche Natur in Bern\u00f6we und Oranienburg.Wenn im Oktober das Gr\u00fcn in der Natur anf\u00e4ngt, sich in w\u00e4rmere Farben zu\" \/>\n<meta name=\"robots\" content=\"index, follow, max-snippet:-1, max-image-preview:large, max-video-preview:-1\" \/>\n<link rel=\"canonical\" href=\"https:\/\/liebke-foto.de\/maerkischeslicht\/landpartie-in-die-fruehherbstliche-natur-in-bernoewe-und-oranienburg\/\" \/>\n<meta property=\"og:locale\" content=\"de_DE\" \/>\n<meta property=\"og:type\" content=\"article\" \/>\n<meta property=\"og:title\" content=\"LANDpartie in die fr\u00fchherbstliche Natur in Bern\u00f6we und Oranienburg - M\u00e4rkisches Licht - Der Fotograf der Stille\" \/>\n<meta property=\"og:description\" content=\"LANDpartie in die fr\u00fchherbstliche Natur in Bern\u00f6we und Oranienburg.Wenn im Oktober das Gr\u00fcn in der Natur anf\u00e4ngt, sich in w\u00e4rmere Farben zu\" \/>\n<meta property=\"og:url\" content=\"https:\/\/liebke-foto.de\/maerkischeslicht\/landpartie-in-die-fruehherbstliche-natur-in-bernoewe-und-oranienburg\/\" \/>\n<meta property=\"og:site_name\" content=\"M\u00e4rkisches Licht - Der Fotograf der Stille\" \/>\n<meta property=\"article:published_time\" content=\"2022-10-05T17:51:36+00:00\" \/>\n<meta property=\"article:modified_time\" content=\"2022-11-28T00:13:23+00:00\" \/>\n<meta property=\"og:image\" content=\"https:\/\/liebke-foto.de\/maerkischeslicht\/wp-content\/uploads\/2022\/10\/FZ21457_C1.jpg\" \/>\n\t<meta property=\"og:image:width\" content=\"1400\" \/>\n\t<meta property=\"og:image:height\" content=\"933\" \/>\n\t<meta property=\"og:image:type\" content=\"image\/jpeg\" \/>\n<meta name=\"author\" content=\"Frank Liebke\" \/>\n<meta name=\"twitter:card\" content=\"summary_large_image\" \/>\n<meta name=\"twitter:label1\" content=\"Verfasst von\" \/>\n\t<meta name=\"twitter:data1\" content=\"Frank Liebke\" \/>\n\t<meta name=\"twitter:label2\" content=\"Gesch\u00e4tzte Lesezeit\" \/>\n\t<meta name=\"twitter:data2\" content=\"2\u00a0Minuten\" \/>\n<script type=\"application\/ld+json\" class=\"yoast-schema-graph\">{\"@context\":\"https:\\\/\\\/schema.org\",\"@graph\":[{\"@type\":\"Article\",\"@id\":\"https:\\\/\\\/liebke-foto.de\\\/maerkischeslicht\\\/landpartie-in-die-fruehherbstliche-natur-in-bernoewe-und-oranienburg\\\/#article\",\"isPartOf\":{\"@id\":\"https:\\\/\\\/liebke-foto.de\\\/maerkischeslicht\\\/landpartie-in-die-fruehherbstliche-natur-in-bernoewe-und-oranienburg\\\/\"},\"author\":{\"name\":\"Frank Liebke\",\"@id\":\"https:\\\/\\\/liebke-foto.de\\\/maerkischeslicht\\\/#\\\/schema\\\/person\\\/d71108abc09a723daeeb8526a33137ee\"},\"headline\":\"LANDpartie in die fr\u00fchherbstliche Natur in Bern\u00f6we und Oranienburg\",\"datePublished\":\"2022-10-05T17:51:36+00:00\",\"dateModified\":\"2022-11-28T00:13:23+00:00\",\"mainEntityOfPage\":{\"@id\":\"https:\\\/\\\/liebke-foto.de\\\/maerkischeslicht\\\/landpartie-in-die-fruehherbstliche-natur-in-bernoewe-und-oranienburg\\\/\"},\"wordCount\":464,\"commentCount\":0,\"publisher\":{\"@id\":\"https:\\\/\\\/liebke-foto.de\\\/maerkischeslicht\\\/#\\\/schema\\\/person\\\/d71108abc09a723daeeb8526a33137ee\"},\"image\":{\"@id\":\"https:\\\/\\\/liebke-foto.de\\\/maerkischeslicht\\\/landpartie-in-die-fruehherbstliche-natur-in-bernoewe-und-oranienburg\\\/#primaryimage\"},\"thumbnailUrl\":\"https:\\\/\\\/liebke-foto.de\\\/maerkischeslicht\\\/wp-content\\\/uploads\\\/2022\\\/10\\\/FZ21457_C1.jpg\",\"keywords\":[\"Brandenburg\",\"Mark Brandenburg\",\"M\u00e4rkisches Licht\",\"Naturpark Barnim\",\"Oberhavel\",\"Oranienburg\"],\"articleSection\":[\"Im Land Brandenburg unterwegs\",\"LANDpartie, unterwegs in der Mark Brandenburg\",\"Landschaft\",\"Naturpark Barnim\"],\"inLanguage\":\"de\",\"potentialAction\":[{\"@type\":\"CommentAction\",\"name\":\"Comment\",\"target\":[\"https:\\\/\\\/liebke-foto.de\\\/maerkischeslicht\\\/landpartie-in-die-fruehherbstliche-natur-in-bernoewe-und-oranienburg\\\/#respond\"]}]},{\"@type\":\"WebPage\",\"@id\":\"https:\\\/\\\/liebke-foto.de\\\/maerkischeslicht\\\/landpartie-in-die-fruehherbstliche-natur-in-bernoewe-und-oranienburg\\\/\",\"url\":\"https:\\\/\\\/liebke-foto.de\\\/maerkischeslicht\\\/landpartie-in-die-fruehherbstliche-natur-in-bernoewe-und-oranienburg\\\/\",\"name\":\"LANDpartie in die fr\u00fchherbstliche Natur in Bern\u00f6we und Oranienburg - M\u00e4rkisches Licht - Der Fotograf der Stille\",\"isPartOf\":{\"@id\":\"https:\\\/\\\/liebke-foto.de\\\/maerkischeslicht\\\/#website\"},\"primaryImageOfPage\":{\"@id\":\"https:\\\/\\\/liebke-foto.de\\\/maerkischeslicht\\\/landpartie-in-die-fruehherbstliche-natur-in-bernoewe-und-oranienburg\\\/#primaryimage\"},\"image\":{\"@id\":\"https:\\\/\\\/liebke-foto.de\\\/maerkischeslicht\\\/landpartie-in-die-fruehherbstliche-natur-in-bernoewe-und-oranienburg\\\/#primaryimage\"},\"thumbnailUrl\":\"https:\\\/\\\/liebke-foto.de\\\/maerkischeslicht\\\/wp-content\\\/uploads\\\/2022\\\/10\\\/FZ21457_C1.jpg\",\"datePublished\":\"2022-10-05T17:51:36+00:00\",\"dateModified\":\"2022-11-28T00:13:23+00:00\",\"description\":\"LANDpartie in die fr\u00fchherbstliche Natur in Bern\u00f6we und Oranienburg.Wenn im Oktober das Gr\u00fcn in der Natur anf\u00e4ngt, sich in w\u00e4rmere Farben zu\",\"breadcrumb\":{\"@id\":\"https:\\\/\\\/liebke-foto.de\\\/maerkischeslicht\\\/landpartie-in-die-fruehherbstliche-natur-in-bernoewe-und-oranienburg\\\/#breadcrumb\"},\"inLanguage\":\"de\",\"potentialAction\":[{\"@type\":\"ReadAction\",\"target\":[\"https:\\\/\\\/liebke-foto.de\\\/maerkischeslicht\\\/landpartie-in-die-fruehherbstliche-natur-in-bernoewe-und-oranienburg\\\/\"]}]},{\"@type\":\"ImageObject\",\"inLanguage\":\"de\",\"@id\":\"https:\\\/\\\/liebke-foto.de\\\/maerkischeslicht\\\/landpartie-in-die-fruehherbstliche-natur-in-bernoewe-und-oranienburg\\\/#primaryimage\",\"url\":\"https:\\\/\\\/liebke-foto.de\\\/maerkischeslicht\\\/wp-content\\\/uploads\\\/2022\\\/10\\\/FZ21457_C1.jpg\",\"contentUrl\":\"https:\\\/\\\/liebke-foto.de\\\/maerkischeslicht\\\/wp-content\\\/uploads\\\/2022\\\/10\\\/FZ21457_C1.jpg\",\"width\":1400,\"height\":933},{\"@type\":\"BreadcrumbList\",\"@id\":\"https:\\\/\\\/liebke-foto.de\\\/maerkischeslicht\\\/landpartie-in-die-fruehherbstliche-natur-in-bernoewe-und-oranienburg\\\/#breadcrumb\",\"itemListElement\":[{\"@type\":\"ListItem\",\"position\":1,\"name\":\"Startseite\",\"item\":\"https:\\\/\\\/liebke-foto.de\\\/maerkischeslicht\\\/\"},{\"@type\":\"ListItem\",\"position\":2,\"name\":\"LANDpartie in die fr\u00fchherbstliche Natur in Bern\u00f6we und Oranienburg\"}]},{\"@type\":\"WebSite\",\"@id\":\"https:\\\/\\\/liebke-foto.de\\\/maerkischeslicht\\\/#website\",\"url\":\"https:\\\/\\\/liebke-foto.de\\\/maerkischeslicht\\\/\",\"name\":\"M\u00e4rkisches Licht - Der Fotograf der Stille\",\"description\":\"Die Liebe zum Leben...\",\"publisher\":{\"@id\":\"https:\\\/\\\/liebke-foto.de\\\/maerkischeslicht\\\/#\\\/schema\\\/person\\\/d71108abc09a723daeeb8526a33137ee\"},\"potentialAction\":[{\"@type\":\"SearchAction\",\"target\":{\"@type\":\"EntryPoint\",\"urlTemplate\":\"https:\\\/\\\/liebke-foto.de\\\/maerkischeslicht\\\/?s={search_term_string}\"},\"query-input\":{\"@type\":\"PropertyValueSpecification\",\"valueRequired\":true,\"valueName\":\"search_term_string\"}}],\"inLanguage\":\"de\"},{\"@type\":[\"Person\",\"Organization\"],\"@id\":\"https:\\\/\\\/liebke-foto.de\\\/maerkischeslicht\\\/#\\\/schema\\\/person\\\/d71108abc09a723daeeb8526a33137ee\",\"name\":\"Frank Liebke\",\"image\":{\"@type\":\"ImageObject\",\"inLanguage\":\"de\",\"@id\":\"https:\\\/\\\/liebke-foto.de\\\/maerkischeslicht\\\/wp-content\\\/uploads\\\/2021\\\/12\\\/IMG-20211024-WA0001.jpg\",\"url\":\"https:\\\/\\\/liebke-foto.de\\\/maerkischeslicht\\\/wp-content\\\/uploads\\\/2021\\\/12\\\/IMG-20211024-WA0001.jpg\",\"contentUrl\":\"https:\\\/\\\/liebke-foto.de\\\/maerkischeslicht\\\/wp-content\\\/uploads\\\/2021\\\/12\\\/IMG-20211024-WA0001.jpg\",\"width\":900,\"height\":1600,\"caption\":\"Frank Liebke\"},\"logo\":{\"@id\":\"https:\\\/\\\/liebke-foto.de\\\/maerkischeslicht\\\/wp-content\\\/uploads\\\/2021\\\/12\\\/IMG-20211024-WA0001.jpg\"},\"sameAs\":[\"https:\\\/\\\/liebke-foto.de\"],\"url\":\"https:\\\/\\\/liebke-foto.de\\\/maerkischeslicht\\\/author\\\/adminuser\\\/\"}]}<\/script>\n<!-- \/ Yoast SEO plugin. -->","yoast_head_json":{"title":"LANDpartie in die fr\u00fchherbstliche Natur in Bern\u00f6we und Oranienburg - M\u00e4rkisches Licht - Der Fotograf der Stille","description":"LANDpartie in die fr\u00fchherbstliche Natur in Bern\u00f6we und Oranienburg.Wenn im Oktober das Gr\u00fcn in der Natur anf\u00e4ngt, sich in w\u00e4rmere Farben zu","robots":{"index":"index","follow":"follow","max-snippet":"max-snippet:-1","max-image-preview":"max-image-preview:large","max-video-preview":"max-video-preview:-1"},"canonical":"https:\/\/liebke-foto.de\/maerkischeslicht\/landpartie-in-die-fruehherbstliche-natur-in-bernoewe-und-oranienburg\/","og_locale":"de_DE","og_type":"article","og_title":"LANDpartie in die fr\u00fchherbstliche Natur in Bern\u00f6we und Oranienburg - M\u00e4rkisches Licht - Der Fotograf der Stille","og_description":"LANDpartie in die fr\u00fchherbstliche Natur in Bern\u00f6we und Oranienburg.Wenn im Oktober das Gr\u00fcn in der Natur anf\u00e4ngt, sich in w\u00e4rmere Farben zu","og_url":"https:\/\/liebke-foto.de\/maerkischeslicht\/landpartie-in-die-fruehherbstliche-natur-in-bernoewe-und-oranienburg\/","og_site_name":"M\u00e4rkisches Licht - Der Fotograf der Stille","article_published_time":"2022-10-05T17:51:36+00:00","article_modified_time":"2022-11-28T00:13:23+00:00","og_image":[{"width":1400,"height":933,"url":"https:\/\/liebke-foto.de\/maerkischeslicht\/wp-content\/uploads\/2022\/10\/FZ21457_C1.jpg","type":"image\/jpeg"}],"author":"Frank Liebke","twitter_card":"summary_large_image","twitter_misc":{"Verfasst von":"Frank Liebke","Gesch\u00e4tzte Lesezeit":"2\u00a0Minuten"},"schema":{"@context":"https:\/\/schema.org","@graph":[{"@type":"Article","@id":"https:\/\/liebke-foto.de\/maerkischeslicht\/landpartie-in-die-fruehherbstliche-natur-in-bernoewe-und-oranienburg\/#article","isPartOf":{"@id":"https:\/\/liebke-foto.de\/maerkischeslicht\/landpartie-in-die-fruehherbstliche-natur-in-bernoewe-und-oranienburg\/"},"author":{"name":"Frank Liebke","@id":"https:\/\/liebke-foto.de\/maerkischeslicht\/#\/schema\/person\/d71108abc09a723daeeb8526a33137ee"},"headline":"LANDpartie in die fr\u00fchherbstliche Natur in Bern\u00f6we und Oranienburg","datePublished":"2022-10-05T17:51:36+00:00","dateModified":"2022-11-28T00:13:23+00:00","mainEntityOfPage":{"@id":"https:\/\/liebke-foto.de\/maerkischeslicht\/landpartie-in-die-fruehherbstliche-natur-in-bernoewe-und-oranienburg\/"},"wordCount":464,"commentCount":0,"publisher":{"@id":"https:\/\/liebke-foto.de\/maerkischeslicht\/#\/schema\/person\/d71108abc09a723daeeb8526a33137ee"},"image":{"@id":"https:\/\/liebke-foto.de\/maerkischeslicht\/landpartie-in-die-fruehherbstliche-natur-in-bernoewe-und-oranienburg\/#primaryimage"},"thumbnailUrl":"https:\/\/liebke-foto.de\/maerkischeslicht\/wp-content\/uploads\/2022\/10\/FZ21457_C1.jpg","keywords":["Brandenburg","Mark Brandenburg","M\u00e4rkisches Licht","Naturpark Barnim","Oberhavel","Oranienburg"],"articleSection":["Im Land Brandenburg unterwegs","LANDpartie, unterwegs in der Mark Brandenburg","Landschaft","Naturpark Barnim"],"inLanguage":"de","potentialAction":[{"@type":"CommentAction","name":"Comment","target":["https:\/\/liebke-foto.de\/maerkischeslicht\/landpartie-in-die-fruehherbstliche-natur-in-bernoewe-und-oranienburg\/#respond"]}]},{"@type":"WebPage","@id":"https:\/\/liebke-foto.de\/maerkischeslicht\/landpartie-in-die-fruehherbstliche-natur-in-bernoewe-und-oranienburg\/","url":"https:\/\/liebke-foto.de\/maerkischeslicht\/landpartie-in-die-fruehherbstliche-natur-in-bernoewe-und-oranienburg\/","name":"LANDpartie in die fr\u00fchherbstliche Natur in Bern\u00f6we und Oranienburg - M\u00e4rkisches Licht - Der Fotograf der Stille","isPartOf":{"@id":"https:\/\/liebke-foto.de\/maerkischeslicht\/#website"},"primaryImageOfPage":{"@id":"https:\/\/liebke-foto.de\/maerkischeslicht\/landpartie-in-die-fruehherbstliche-natur-in-bernoewe-und-oranienburg\/#primaryimage"},"image":{"@id":"https:\/\/liebke-foto.de\/maerkischeslicht\/landpartie-in-die-fruehherbstliche-natur-in-bernoewe-und-oranienburg\/#primaryimage"},"thumbnailUrl":"https:\/\/liebke-foto.de\/maerkischeslicht\/wp-content\/uploads\/2022\/10\/FZ21457_C1.jpg","datePublished":"2022-10-05T17:51:36+00:00","dateModified":"2022-11-28T00:13:23+00:00","description":"LANDpartie in die fr\u00fchherbstliche Natur in Bern\u00f6we und Oranienburg.Wenn im Oktober das Gr\u00fcn in der Natur anf\u00e4ngt, sich in w\u00e4rmere Farben zu","breadcrumb":{"@id":"https:\/\/liebke-foto.de\/maerkischeslicht\/landpartie-in-die-fruehherbstliche-natur-in-bernoewe-und-oranienburg\/#breadcrumb"},"inLanguage":"de","potentialAction":[{"@type":"ReadAction","target":["https:\/\/liebke-foto.de\/maerkischeslicht\/landpartie-in-die-fruehherbstliche-natur-in-bernoewe-und-oranienburg\/"]}]},{"@type":"ImageObject","inLanguage":"de","@id":"https:\/\/liebke-foto.de\/maerkischeslicht\/landpartie-in-die-fruehherbstliche-natur-in-bernoewe-und-oranienburg\/#primaryimage","url":"https:\/\/liebke-foto.de\/maerkischeslicht\/wp-content\/uploads\/2022\/10\/FZ21457_C1.jpg","contentUrl":"https:\/\/liebke-foto.de\/maerkischeslicht\/wp-content\/uploads\/2022\/10\/FZ21457_C1.jpg","width":1400,"height":933},{"@type":"BreadcrumbList","@id":"https:\/\/liebke-foto.de\/maerkischeslicht\/landpartie-in-die-fruehherbstliche-natur-in-bernoewe-und-oranienburg\/#breadcrumb","itemListElement":[{"@type":"ListItem","position":1,"name":"Startseite","item":"https:\/\/liebke-foto.de\/maerkischeslicht\/"},{"@type":"ListItem","position":2,"name":"LANDpartie in die fr\u00fchherbstliche Natur in Bern\u00f6we und Oranienburg"}]},{"@type":"WebSite","@id":"https:\/\/liebke-foto.de\/maerkischeslicht\/#website","url":"https:\/\/liebke-foto.de\/maerkischeslicht\/","name":"M\u00e4rkisches Licht - Der Fotograf der Stille","description":"Die Liebe zum Leben...","publisher":{"@id":"https:\/\/liebke-foto.de\/maerkischeslicht\/#\/schema\/person\/d71108abc09a723daeeb8526a33137ee"},"potentialAction":[{"@type":"SearchAction","target":{"@type":"EntryPoint","urlTemplate":"https:\/\/liebke-foto.de\/maerkischeslicht\/?s={search_term_string}"},"query-input":{"@type":"PropertyValueSpecification","valueRequired":true,"valueName":"search_term_string"}}],"inLanguage":"de"},{"@type":["Person","Organization"],"@id":"https:\/\/liebke-foto.de\/maerkischeslicht\/#\/schema\/person\/d71108abc09a723daeeb8526a33137ee","name":"Frank Liebke","image":{"@type":"ImageObject","inLanguage":"de","@id":"https:\/\/liebke-foto.de\/maerkischeslicht\/wp-content\/uploads\/2021\/12\/IMG-20211024-WA0001.jpg","url":"https:\/\/liebke-foto.de\/maerkischeslicht\/wp-content\/uploads\/2021\/12\/IMG-20211024-WA0001.jpg","contentUrl":"https:\/\/liebke-foto.de\/maerkischeslicht\/wp-content\/uploads\/2021\/12\/IMG-20211024-WA0001.jpg","width":900,"height":1600,"caption":"Frank Liebke"},"logo":{"@id":"https:\/\/liebke-foto.de\/maerkischeslicht\/wp-content\/uploads\/2021\/12\/IMG-20211024-WA0001.jpg"},"sameAs":["https:\/\/liebke-foto.de"],"url":"https:\/\/liebke-foto.de\/maerkischeslicht\/author\/adminuser\/"}]}},"_links":{"self":[{"href":"https:\/\/liebke-foto.de\/maerkischeslicht\/wp-json\/wp\/v2\/posts\/6523","targetHints":{"allow":["GET"]}}],"collection":[{"href":"https:\/\/liebke-foto.de\/maerkischeslicht\/wp-json\/wp\/v2\/posts"}],"about":[{"href":"https:\/\/liebke-foto.de\/maerkischeslicht\/wp-json\/wp\/v2\/types\/post"}],"author":[{"embeddable":true,"href":"https:\/\/liebke-foto.de\/maerkischeslicht\/wp-json\/wp\/v2\/users\/1"}],"replies":[{"embeddable":true,"href":"https:\/\/liebke-foto.de\/maerkischeslicht\/wp-json\/wp\/v2\/comments?post=6523"}],"version-history":[{"count":2,"href":"https:\/\/liebke-foto.de\/maerkischeslicht\/wp-json\/wp\/v2\/posts\/6523\/revisions"}],"predecessor-version":[{"id":6802,"href":"https:\/\/liebke-foto.de\/maerkischeslicht\/wp-json\/wp\/v2\/posts\/6523\/revisions\/6802"}],"wp:featuredmedia":[{"embeddable":true,"href":"https:\/\/liebke-foto.de\/maerkischeslicht\/wp-json\/wp\/v2\/media\/6529"}],"wp:attachment":[{"href":"https:\/\/liebke-foto.de\/maerkischeslicht\/wp-json\/wp\/v2\/media?parent=6523"}],"wp:term":[{"taxonomy":"category","embeddable":true,"href":"https:\/\/liebke-foto.de\/maerkischeslicht\/wp-json\/wp\/v2\/categories?post=6523"},{"taxonomy":"post_tag","embeddable":true,"href":"https:\/\/liebke-foto.de\/maerkischeslicht\/wp-json\/wp\/v2\/tags?post=6523"}],"curies":[{"name":"wp","href":"https:\/\/api.w.org\/{rel}","templated":true}]}}