{"id":6409,"date":"2022-09-15T18:48:52","date_gmt":"2022-09-15T16:48:52","guid":{"rendered":"https:\/\/liebke-foto.de\/maerkischeslicht\/?p=6409"},"modified":"2022-10-08T21:06:29","modified_gmt":"2022-10-08T19:06:29","slug":"unterwegs-im-naturpark-barnim","status":"publish","type":"post","link":"https:\/\/liebke-foto.de\/maerkischeslicht\/unterwegs-im-naturpark-barnim\/","title":{"rendered":"Unterwegs in Hobrechtsfelde"},"content":{"rendered":"<div class=\"wp-block-image\">\n<figure class=\"aligncenter size-large\"><a href=\"https:\/\/liebke-foto.de\/maerkischeslicht\/wp-content\/uploads\/2022\/09\/FLZ0825_C1.jpg\"><img loading=\"lazy\" decoding=\"async\" width=\"1200\" height=\"800\" src=\"https:\/\/liebke-foto.de\/maerkischeslicht\/wp-content\/uploads\/2022\/09\/FLZ0825_C1-1200x800.jpg\" alt=\"Sp\u00e4tsommerliches Detail in der Sch\u00f6nower Heide\" class=\"wp-image-6420\" srcset=\"https:\/\/liebke-foto.de\/maerkischeslicht\/wp-content\/uploads\/2022\/09\/FLZ0825_C1-1200x800.jpg 1200w, https:\/\/liebke-foto.de\/maerkischeslicht\/wp-content\/uploads\/2022\/09\/FLZ0825_C1-768x512.jpg 768w, https:\/\/liebke-foto.de\/maerkischeslicht\/wp-content\/uploads\/2022\/09\/FLZ0825_C1.jpg 1400w\" sizes=\"auto, (max-width: 1200px) 100vw, 1200px\" \/><\/a><figcaption>Sp\u00e4tsommerliches Detail in der Sch\u00f6nower Heide<\/figcaption><\/figure>\n<\/div>\n\n\n<h2 class=\"wp-block-heading\">In der Sch\u00f6nower Heide und den Karower Teichen bei Hobrechtsfelde<\/h2>\n\n\n\n<p>Wir hatten es endlich geschafft. Vorgenommen hatten wir uns schon lange eine Tour in die Sch\u00f6nower Heide bei Hobrechtsfelde, mit Abstecher zu den Karower Teichen. Nach der langen und trocken hei\u00dfen D\u00fcrre hatten wir an dem Tag bedeckten Himmel und Regen. F\u00fcr das Land ein Segen, f\u00fcr uns in diesem Fall mal weniger.<\/p>\n\n\n\n<p>Aber wir waren uns einig, egal welches Wetter, wir lassen uns von nichts abhalten. Erstens sind wir nicht aus Zucker, zweitens m\u00f6gen wir so ziemlich jedes Wetter. Und auch tr\u00fcbe Tage haben ihre lichtvollen Reize, wie sich auch bald beweisen sollte.<\/p>\n\n\n\n<p>Kaum aus Berlin raus, begann es kr\u00e4ftig und ausdauernd zu regnen. Da wir sowieso etwas sp\u00e4ter los wollten um das sp\u00e4te Licht am Nachmittag auch nutzen zu k\u00f6nnen, kehrten wir in das tolle Lokal <a href=\"http:\/\/www.gasthaus-gorinsee.de\" target=\"_blank\" rel=\"noreferrer noopener\">&#8222;Gasthaus am Gorinsee&#8220;<\/a> zu einem deftigen Mittagessen ein. Ohne Reue, denn danach konnten wir uns \u00dcberfl\u00fcssiges &#8222;abwandern&#8220; \ud83d\ude00 . Das Lokal liegt direkt am gleichnamigen See und ist absolut empfehlenswert!<\/p>\n\n\n\n<p><a href=\"https:\/\/patriciakoelle.com\" target=\"_blank\" rel=\"noreferrer noopener\">Patricia<\/a> kannte diese Gegend noch gar nicht und war sehr gespannt. Und wie zur Begr\u00fc\u00dfung kam in der Sch\u00f6nower Heide ein kapitaler Hirsch aus dem Unterholz, machte sich einen gem\u00fctlichen Ruheplatz bequem und legte sich erst mal nieder. Wir schauten den Prachtkerl unverholen, und gl\u00fccklich \u00fcber diese Begegnung, ausgiebig bewundernd zu. Und er uns. Ob auch bewundernd lie\u00df sich nicht ausmachen \ud83d\ude00 . <\/p>\n\n\n\n<p>Insgesamt war die Heide ein genussvolles Erlebnis f\u00fcr uns. Und der neue H\u00fcgel, der den ehemaligen Beobachtungsturm ersetzt, ein h\u00fcbscher \u00fcberdachter Pausenort und &#8222;Schau-ins-Land&#8220;. Zudem Rollstulgerecht und auf einen so hohen H\u00fcgel, dass jeder dort bequem die Wasserstelle beobachten kann. Denn dort treffen oft die vierbeinigen Heidebewohner zum trinken ein. Einer war auch dort in der N\u00e4he zu sehen, begr\u00fc\u00dft durch lautstarkes Froschquaken vom Teich.<\/p>\n\n\n\n<p>Leider rennt die sch\u00f6ne Zeit davon, den Besuch von Hobrechtsfelde mussten wir erst einmal verschieben. Aber schon die Fahrt durch den h\u00fcbschen Ort versprach Sch\u00f6nes. Die Karower Teiche wollten wir aber noch ein bisschen im Abendlicht beschauen. Und noch ein bisschen die Seele baumeln lassen, bevor es zur\u00fcck nach Hause ging. <\/p>\n\n\n\n<p>Einstimmiges Fazit von uns?: Hier geht es bald noch einmal her, unbedingt. Vielleicht im Herbst zur Laubf\u00e4rbung. So Zeit dazu ist. Und bis dahin, erst mal Euch viel Freude beim Bilderschauen \ud83d\ude42<\/p>\n\n\n<div class=\"wp-block-image\">\n<figure class=\"aligncenter size-large\"><a href=\"https:\/\/liebke-foto.de\/maerkischeslicht\/wp-content\/uploads\/2022\/09\/FLZ0724_C1.jpg\"><img loading=\"lazy\" decoding=\"async\" width=\"1075\" height=\"800\" src=\"https:\/\/liebke-foto.de\/maerkischeslicht\/wp-content\/uploads\/2022\/09\/FLZ0724_C1-1075x800.jpg\" alt=\"\" class=\"wp-image-6399\" srcset=\"https:\/\/liebke-foto.de\/maerkischeslicht\/wp-content\/uploads\/2022\/09\/FLZ0724_C1-1075x800.jpg 1075w, https:\/\/liebke-foto.de\/maerkischeslicht\/wp-content\/uploads\/2022\/09\/FLZ0724_C1-768x572.jpg 768w, https:\/\/liebke-foto.de\/maerkischeslicht\/wp-content\/uploads\/2022\/09\/FLZ0724_C1.jpg 1400w\" sizes=\"auto, (max-width: 1075px) 100vw, 1075px\" \/><\/a><figcaption>Der K\u00f6nig der W\u00e4lder. Sich absolut seiner Pr\u00e4senz bewusst. Ein herrlicher Anblick.<\/figcaption><\/figure>\n<\/div>\n\n<div class=\"wp-block-image\">\n<figure class=\"aligncenter size-large\"><a href=\"https:\/\/liebke-foto.de\/maerkischeslicht\/wp-content\/uploads\/2022\/09\/FLZ0664_C1.jpg\"><img loading=\"lazy\" decoding=\"async\" width=\"1200\" height=\"800\" src=\"https:\/\/liebke-foto.de\/maerkischeslicht\/wp-content\/uploads\/2022\/09\/FLZ0664_C1-1200x800.jpg\" alt=\"\" class=\"wp-image-6412\" srcset=\"https:\/\/liebke-foto.de\/maerkischeslicht\/wp-content\/uploads\/2022\/09\/FLZ0664_C1-1200x800.jpg 1200w, https:\/\/liebke-foto.de\/maerkischeslicht\/wp-content\/uploads\/2022\/09\/FLZ0664_C1-768x512.jpg 768w, https:\/\/liebke-foto.de\/maerkischeslicht\/wp-content\/uploads\/2022\/09\/FLZ0664_C1.jpg 1400w\" sizes=\"auto, (max-width: 1200px) 100vw, 1200px\" \/><\/a><figcaption>Patricia fotografiert meinen Lieblingsbaum in der Sch\u00f6nower Heide. <\/figcaption><\/figure>\n<\/div>\n\n<div class=\"wp-block-image\">\n<figure class=\"aligncenter size-large\"><a href=\"https:\/\/liebke-foto.de\/maerkischeslicht\/wp-content\/uploads\/2022\/09\/FLZ0661_C1.jpg\"><img loading=\"lazy\" decoding=\"async\" width=\"1200\" height=\"800\" src=\"https:\/\/liebke-foto.de\/maerkischeslicht\/wp-content\/uploads\/2022\/09\/FLZ0661_C1-1200x800.jpg\" alt=\"\" class=\"wp-image-6410\" srcset=\"https:\/\/liebke-foto.de\/maerkischeslicht\/wp-content\/uploads\/2022\/09\/FLZ0661_C1-1200x800.jpg 1200w, https:\/\/liebke-foto.de\/maerkischeslicht\/wp-content\/uploads\/2022\/09\/FLZ0661_C1-768x512.jpg 768w, https:\/\/liebke-foto.de\/maerkischeslicht\/wp-content\/uploads\/2022\/09\/FLZ0661_C1.jpg 1400w\" sizes=\"auto, (max-width: 1200px) 100vw, 1200px\" \/><\/a><figcaption>Hier von der anderen Seite. <br \/>&#8222;Mein Freund, ich sah Dich zum ersten Mal vor \u00fcber zehn Jahren. Bist gut gewachsen und hast Dich pr\u00e4chtig entwickelt.&#8220;<\/figcaption><\/figure>\n<\/div>\n\n<div class=\"wp-block-image\">\n<figure class=\"aligncenter size-large\"><a href=\"https:\/\/liebke-foto.de\/maerkischeslicht\/wp-content\/uploads\/2022\/09\/FLZ0817_C1.jpg\"><img loading=\"lazy\" decoding=\"async\" width=\"1200\" height=\"800\" src=\"https:\/\/liebke-foto.de\/maerkischeslicht\/wp-content\/uploads\/2022\/09\/FLZ0817_C1-1200x800.jpg\" alt=\"\" class=\"wp-image-6418\" srcset=\"https:\/\/liebke-foto.de\/maerkischeslicht\/wp-content\/uploads\/2022\/09\/FLZ0817_C1-1200x800.jpg 1200w, https:\/\/liebke-foto.de\/maerkischeslicht\/wp-content\/uploads\/2022\/09\/FLZ0817_C1-768x512.jpg 768w, https:\/\/liebke-foto.de\/maerkischeslicht\/wp-content\/uploads\/2022\/09\/FLZ0817_C1.jpg 1400w\" sizes=\"auto, (max-width: 1200px) 100vw, 1200px\" \/><\/a><figcaption>Langsam kommt das zauberhafte Licht in die Sch\u00f6nower Heide und bringt die Farben zum Leuchten.<\/figcaption><\/figure>\n<\/div>\n\n<div class=\"wp-block-image\">\n<figure class=\"aligncenter size-large\"><a href=\"https:\/\/liebke-foto.de\/maerkischeslicht\/wp-content\/uploads\/2022\/09\/FLZ0700_C1.jpg\"><img loading=\"lazy\" decoding=\"async\" width=\"1200\" height=\"800\" src=\"https:\/\/liebke-foto.de\/maerkischeslicht\/wp-content\/uploads\/2022\/09\/FLZ0700_C1-1200x800.jpg\" alt=\"\" class=\"wp-image-6416\" srcset=\"https:\/\/liebke-foto.de\/maerkischeslicht\/wp-content\/uploads\/2022\/09\/FLZ0700_C1-1200x800.jpg 1200w, https:\/\/liebke-foto.de\/maerkischeslicht\/wp-content\/uploads\/2022\/09\/FLZ0700_C1-768x512.jpg 768w, https:\/\/liebke-foto.de\/maerkischeslicht\/wp-content\/uploads\/2022\/09\/FLZ0700_C1.jpg 1400w\" sizes=\"auto, (max-width: 1200px) 100vw, 1200px\" \/><\/a><figcaption>Entdeckt, ein Vogelbeerbaum. Der in Patricias neuestem Roman &#8222;<a href=\"https:\/\/www.amazon.de\/Das-Licht-B\u00e4umen-Sehnsuchtswald-Roman-Sehnsuchtswald-Reihe\/dp\/3596707226\/ref=sr_1_2?crid=UNG3COT9DGUN&amp;keywords=koelle+das+licht+in+den+b\u00e4umen&amp;qid=1663260378&amp;sprefix=Koelle%2Caps%2C82&amp;sr=8-2\" target=\"_blank\" rel=\"noreferrer noopener\">Das Licht in den B\u00e4umen<\/a>&#8222;, herausgegeben vom Fischer-Verlag, eine wichtige Rolle spielt. Da muss er nat\u00fcrlich en Detail mitgenommen werden.<\/figcaption><\/figure>\n<\/div>\n\n<div class=\"wp-block-image\">\n<figure class=\"aligncenter size-large\"><a href=\"https:\/\/liebke-foto.de\/maerkischeslicht\/wp-content\/uploads\/2022\/09\/FLZ0688_C1.jpg\"><img loading=\"lazy\" decoding=\"async\" width=\"1034\" height=\"800\" src=\"https:\/\/liebke-foto.de\/maerkischeslicht\/wp-content\/uploads\/2022\/09\/FLZ0688_C1-1034x800.jpg\" alt=\"\" class=\"wp-image-6414\" srcset=\"https:\/\/liebke-foto.de\/maerkischeslicht\/wp-content\/uploads\/2022\/09\/FLZ0688_C1-1034x800.jpg 1034w, https:\/\/liebke-foto.de\/maerkischeslicht\/wp-content\/uploads\/2022\/09\/FLZ0688_C1-768x594.jpg 768w, https:\/\/liebke-foto.de\/maerkischeslicht\/wp-content\/uploads\/2022\/09\/FLZ0688_C1.jpg 1400w\" sizes=\"auto, (max-width: 1034px) 100vw, 1034px\" \/><\/a><figcaption>Ich konnte auch nicht widerstehen&#8230;<\/figcaption><\/figure>\n<\/div>\n\n<div class=\"wp-block-image\">\n<figure class=\"aligncenter size-large\"><a href=\"https:\/\/liebke-foto.de\/maerkischeslicht\/wp-content\/uploads\/2022\/09\/FLZ0693_C1.jpg\"><img loading=\"lazy\" decoding=\"async\" width=\"1200\" height=\"800\" src=\"https:\/\/liebke-foto.de\/maerkischeslicht\/wp-content\/uploads\/2022\/09\/FLZ0693_C1-1200x800.jpg\" alt=\"\" class=\"wp-image-6415\" srcset=\"https:\/\/liebke-foto.de\/maerkischeslicht\/wp-content\/uploads\/2022\/09\/FLZ0693_C1-1200x800.jpg 1200w, https:\/\/liebke-foto.de\/maerkischeslicht\/wp-content\/uploads\/2022\/09\/FLZ0693_C1-768x512.jpg 768w, https:\/\/liebke-foto.de\/maerkischeslicht\/wp-content\/uploads\/2022\/09\/FLZ0693_C1.jpg 1400w\" sizes=\"auto, (max-width: 1200px) 100vw, 1200px\" \/><\/a><figcaption>&#8230; bei so viel Sch\u00f6nheit.<\/figcaption><\/figure>\n<\/div>\n\n<div class=\"wp-block-image\">\n<figure class=\"aligncenter size-large\"><a href=\"https:\/\/liebke-foto.de\/maerkischeslicht\/wp-content\/uploads\/2022\/09\/FLZ0714_C1.jpg\"><img loading=\"lazy\" decoding=\"async\" width=\"1200\" height=\"800\" src=\"https:\/\/liebke-foto.de\/maerkischeslicht\/wp-content\/uploads\/2022\/09\/FLZ0714_C1-1200x800.jpg\" alt=\"\" class=\"wp-image-6417\" srcset=\"https:\/\/liebke-foto.de\/maerkischeslicht\/wp-content\/uploads\/2022\/09\/FLZ0714_C1-1200x800.jpg 1200w, https:\/\/liebke-foto.de\/maerkischeslicht\/wp-content\/uploads\/2022\/09\/FLZ0714_C1-768x512.jpg 768w, https:\/\/liebke-foto.de\/maerkischeslicht\/wp-content\/uploads\/2022\/09\/FLZ0714_C1.jpg 1400w\" sizes=\"auto, (max-width: 1200px) 100vw, 1200px\" \/><\/a><figcaption>Und Funkeln, sch\u00f6ner als jeder Diamant.<\/figcaption><\/figure>\n<\/div>\n\n<div class=\"wp-block-image\">\n<figure class=\"aligncenter size-large\"><a href=\"https:\/\/liebke-foto.de\/maerkischeslicht\/wp-content\/uploads\/2022\/09\/FLZ0819_C1.jpg\"><img loading=\"lazy\" decoding=\"async\" width=\"1200\" height=\"800\" src=\"https:\/\/liebke-foto.de\/maerkischeslicht\/wp-content\/uploads\/2022\/09\/FLZ0819_C1-1200x800.jpg\" alt=\"\" class=\"wp-image-6419\" srcset=\"https:\/\/liebke-foto.de\/maerkischeslicht\/wp-content\/uploads\/2022\/09\/FLZ0819_C1-1200x800.jpg 1200w, https:\/\/liebke-foto.de\/maerkischeslicht\/wp-content\/uploads\/2022\/09\/FLZ0819_C1-768x512.jpg 768w, https:\/\/liebke-foto.de\/maerkischeslicht\/wp-content\/uploads\/2022\/09\/FLZ0819_C1.jpg 1400w\" sizes=\"auto, (max-width: 1200px) 100vw, 1200px\" \/><\/a><figcaption>Eine gute Regenerierung des ehemaligen russischen Truppen\u00fcbungsplatzes.<\/figcaption><\/figure>\n<\/div>\n\n<div class=\"wp-block-image\">\n<figure class=\"aligncenter size-large\"><a href=\"https:\/\/liebke-foto.de\/maerkischeslicht\/wp-content\/uploads\/2022\/09\/FLZ0870_C1.jpg\"><img loading=\"lazy\" decoding=\"async\" width=\"1200\" height=\"800\" src=\"https:\/\/liebke-foto.de\/maerkischeslicht\/wp-content\/uploads\/2022\/09\/FLZ0870_C1-1200x800.jpg\" alt=\"\" class=\"wp-image-6421\" srcset=\"https:\/\/liebke-foto.de\/maerkischeslicht\/wp-content\/uploads\/2022\/09\/FLZ0870_C1-1200x800.jpg 1200w, https:\/\/liebke-foto.de\/maerkischeslicht\/wp-content\/uploads\/2022\/09\/FLZ0870_C1-768x512.jpg 768w, https:\/\/liebke-foto.de\/maerkischeslicht\/wp-content\/uploads\/2022\/09\/FLZ0870_C1.jpg 1400w\" sizes=\"auto, (max-width: 1200px) 100vw, 1200px\" \/><\/a><figcaption>Abendliches warmes Streiflicht an den Karower Teichen<\/figcaption><\/figure>\n<\/div>\n\n<div class=\"wp-block-image\">\n<figure class=\"aligncenter size-large\"><a href=\"https:\/\/liebke-foto.de\/maerkischeslicht\/wp-content\/uploads\/2022\/09\/FLZ0919_C1.jpg\"><img loading=\"lazy\" decoding=\"async\" width=\"1200\" height=\"800\" src=\"https:\/\/liebke-foto.de\/maerkischeslicht\/wp-content\/uploads\/2022\/09\/FLZ0919_C1-1200x800.jpg\" alt=\"\" class=\"wp-image-6425\" srcset=\"https:\/\/liebke-foto.de\/maerkischeslicht\/wp-content\/uploads\/2022\/09\/FLZ0919_C1-1200x800.jpg 1200w, https:\/\/liebke-foto.de\/maerkischeslicht\/wp-content\/uploads\/2022\/09\/FLZ0919_C1-768x512.jpg 768w, https:\/\/liebke-foto.de\/maerkischeslicht\/wp-content\/uploads\/2022\/09\/FLZ0919_C1.jpg 1400w\" sizes=\"auto, (max-width: 1200px) 100vw, 1200px\" \/><\/a><figcaption>Am Wanderweg zu den Teichen<\/figcaption><\/figure>\n<\/div>\n\n<div class=\"wp-block-image\">\n<figure class=\"aligncenter size-large\"><a href=\"https:\/\/liebke-foto.de\/maerkischeslicht\/wp-content\/uploads\/2022\/09\/FLZ0892_C1.jpg\"><img loading=\"lazy\" decoding=\"async\" width=\"1200\" height=\"800\" src=\"https:\/\/liebke-foto.de\/maerkischeslicht\/wp-content\/uploads\/2022\/09\/FLZ0892_C1-1200x800.jpg\" alt=\"\" class=\"wp-image-6424\" srcset=\"https:\/\/liebke-foto.de\/maerkischeslicht\/wp-content\/uploads\/2022\/09\/FLZ0892_C1-1200x800.jpg 1200w, https:\/\/liebke-foto.de\/maerkischeslicht\/wp-content\/uploads\/2022\/09\/FLZ0892_C1-768x512.jpg 768w, https:\/\/liebke-foto.de\/maerkischeslicht\/wp-content\/uploads\/2022\/09\/FLZ0892_C1.jpg 1400w\" sizes=\"auto, (max-width: 1200px) 100vw, 1200px\" \/><\/a><figcaption>Am Wasserstand an den Karower Teichen war auch der hitzige Sommer nachzusp\u00fcren<\/figcaption><\/figure>\n<\/div>\n\n<div class=\"wp-block-image\">\n<figure class=\"aligncenter size-large\"><a href=\"https:\/\/liebke-foto.de\/maerkischeslicht\/wp-content\/uploads\/2022\/09\/FLZ0886_C1.jpg\"><img loading=\"lazy\" decoding=\"async\" width=\"1200\" height=\"800\" src=\"https:\/\/liebke-foto.de\/maerkischeslicht\/wp-content\/uploads\/2022\/09\/FLZ0886_C1-1200x800.jpg\" alt=\"\" class=\"wp-image-6423\" srcset=\"https:\/\/liebke-foto.de\/maerkischeslicht\/wp-content\/uploads\/2022\/09\/FLZ0886_C1-1200x800.jpg 1200w, https:\/\/liebke-foto.de\/maerkischeslicht\/wp-content\/uploads\/2022\/09\/FLZ0886_C1-768x512.jpg 768w, https:\/\/liebke-foto.de\/maerkischeslicht\/wp-content\/uploads\/2022\/09\/FLZ0886_C1.jpg 1400w\" sizes=\"auto, (max-width: 1200px) 100vw, 1200px\" \/><\/a><figcaption>Flimmernde Details im Abendlicht<\/figcaption><\/figure>\n<\/div>\n\n<div class=\"wp-block-image\">\n<figure class=\"aligncenter size-large\"><a href=\"https:\/\/liebke-foto.de\/maerkischeslicht\/wp-content\/uploads\/2022\/09\/FLZ0882_C1.jpg\"><img loading=\"lazy\" decoding=\"async\" width=\"1200\" height=\"800\" src=\"https:\/\/liebke-foto.de\/maerkischeslicht\/wp-content\/uploads\/2022\/09\/FLZ0882_C1-1200x800.jpg\" alt=\"\" class=\"wp-image-6422\" srcset=\"https:\/\/liebke-foto.de\/maerkischeslicht\/wp-content\/uploads\/2022\/09\/FLZ0882_C1-1200x800.jpg 1200w, https:\/\/liebke-foto.de\/maerkischeslicht\/wp-content\/uploads\/2022\/09\/FLZ0882_C1-768x512.jpg 768w, https:\/\/liebke-foto.de\/maerkischeslicht\/wp-content\/uploads\/2022\/09\/FLZ0882_C1.jpg 1400w\" sizes=\"auto, (max-width: 1200px) 100vw, 1200px\" \/><\/a><figcaption>Tanzende Lichtflecken im Strahlen der Abendsonne auf dem R\u00fcckweg<\/figcaption><\/figure>\n<\/div>\n\n\n<div style=\"padding:20px\" class=\"wp-block-tnp-minimal\"><p>Subscribe to our newsletter!<\/p><div><div class=\"tnp tnp-subscription \">\n<form method=\"post\" action=\"https:\/\/liebke-foto.de\/maerkischeslicht\/wp-admin\/admin-ajax.php?action=tnp&amp;na=s\">\n<input type=\"hidden\" name=\"nlang\" value=\"\">\n<div class=\"tnp-field tnp-field-firstname\"><label for=\"tnp-1\">Vorname oder ganzer Name<\/label>\n<input class=\"tnp-name\" type=\"text\" name=\"nn\" id=\"tnp-1\" value=\"\" placeholder=\"\"><\/div>\n<div class=\"tnp-field tnp-field-email\"><label for=\"tnp-2\">Email<\/label>\n<input class=\"tnp-email\" type=\"email\" name=\"ne\" id=\"tnp-2\" value=\"\" placeholder=\"\" required><\/div>\n<div class=\"tnp-field tnp-privacy-field\"><label><input type=\"checkbox\" name=\"ny\" required class=\"tnp-privacy\"> Indem Du fortf\u00e4hrst, akzeptierst Du unsere Datenschutzerkl\u00e4rung.<\/label><\/div><div class=\"tnp-field tnp-field-button\" style=\"text-align: left\"><input class=\"tnp-submit\" type=\"submit\" value=\"Abonnieren\" style=\"\">\n<\/div>\n<\/form>\n<\/div>\n<\/div><\/div>\n\n\n\n\n","protected":false},"excerpt":{"rendered":"<p>In der Sch\u00f6nower Heide und den Karower Teichen bei Hobrechtsfelde Wir hatten es endlich geschafft. Vorgenommen hatten wir uns schon lange eine Tour&#8230;<\/p>\n","protected":false},"author":1,"featured_media":6418,"comment_status":"open","ping_status":"open","sticky":false,"template":"","format":"image","meta":{"footnotes":""},"categories":[11,66,10,34,12],"tags":[21,67,28,62,165],"class_list":["post-6409","post","type-post","status-publish","format-image","has-post-thumbnail","hentry","category-im-land-brandenburg-unterwegs","category-landpartie","category-landschaft-mark-brandenburg-oberhavel-barnim","category-naturpark-barnim","category-wildes-brandenburg","tag-brandenburg","tag-mark-brandenburg","tag-maerkisches-licht","tag-naturpark-barnim","tag-patricia-koelle","post_format-post-format-image"],"yoast_head":"<!-- This site is optimized with the Yoast SEO plugin v27.4 - https:\/\/yoast.com\/product\/yoast-seo-wordpress\/ -->\n<title>Unterwegs in Hobrechtsfelde - M\u00e4rkisches Licht - Der Fotograf der Stille<\/title>\n<meta name=\"description\" content=\"Unterwegs im Naturpark Barnim. In der Sch\u00f6nower Heide und den Karower Teichen bei Hobrechtsfelde\" \/>\n<meta name=\"robots\" content=\"index, follow, max-snippet:-1, max-image-preview:large, max-video-preview:-1\" \/>\n<link rel=\"canonical\" href=\"https:\/\/liebke-foto.de\/maerkischeslicht\/unterwegs-im-naturpark-barnim\/\" \/>\n<meta property=\"og:locale\" content=\"de_DE\" \/>\n<meta property=\"og:type\" content=\"article\" \/>\n<meta property=\"og:title\" content=\"Unterwegs in Hobrechtsfelde - M\u00e4rkisches Licht - Der Fotograf der Stille\" \/>\n<meta property=\"og:description\" content=\"Unterwegs im Naturpark Barnim. In der Sch\u00f6nower Heide und den Karower Teichen bei Hobrechtsfelde\" \/>\n<meta property=\"og:url\" content=\"https:\/\/liebke-foto.de\/maerkischeslicht\/unterwegs-im-naturpark-barnim\/\" \/>\n<meta property=\"og:site_name\" content=\"M\u00e4rkisches Licht - Der Fotograf der Stille\" \/>\n<meta property=\"article:published_time\" content=\"2022-09-15T16:48:52+00:00\" \/>\n<meta property=\"article:modified_time\" content=\"2022-10-08T19:06:29+00:00\" \/>\n<meta property=\"og:image\" content=\"https:\/\/liebke-foto.de\/maerkischeslicht\/wp-content\/uploads\/2022\/09\/FLZ0817_C1.jpg\" \/>\n\t<meta property=\"og:image:width\" content=\"1400\" \/>\n\t<meta property=\"og:image:height\" content=\"933\" \/>\n\t<meta property=\"og:image:type\" content=\"image\/jpeg\" \/>\n<meta name=\"author\" content=\"Frank Liebke\" \/>\n<meta name=\"twitter:card\" content=\"summary_large_image\" \/>\n<meta name=\"twitter:label1\" content=\"Verfasst von\" \/>\n\t<meta name=\"twitter:data1\" content=\"Frank Liebke\" \/>\n\t<meta name=\"twitter:label2\" content=\"Gesch\u00e4tzte Lesezeit\" \/>\n\t<meta name=\"twitter:data2\" content=\"3\u00a0Minuten\" \/>\n<script type=\"application\/ld+json\" class=\"yoast-schema-graph\">{\"@context\":\"https:\\\/\\\/schema.org\",\"@graph\":[{\"@type\":\"Article\",\"@id\":\"https:\\\/\\\/liebke-foto.de\\\/maerkischeslicht\\\/unterwegs-im-naturpark-barnim\\\/#article\",\"isPartOf\":{\"@id\":\"https:\\\/\\\/liebke-foto.de\\\/maerkischeslicht\\\/unterwegs-im-naturpark-barnim\\\/\"},\"author\":{\"name\":\"Frank Liebke\",\"@id\":\"https:\\\/\\\/liebke-foto.de\\\/maerkischeslicht\\\/#\\\/schema\\\/person\\\/d71108abc09a723daeeb8526a33137ee\"},\"headline\":\"Unterwegs in Hobrechtsfelde\",\"datePublished\":\"2022-09-15T16:48:52+00:00\",\"dateModified\":\"2022-10-08T19:06:29+00:00\",\"mainEntityOfPage\":{\"@id\":\"https:\\\/\\\/liebke-foto.de\\\/maerkischeslicht\\\/unterwegs-im-naturpark-barnim\\\/\"},\"wordCount\":581,\"commentCount\":8,\"publisher\":{\"@id\":\"https:\\\/\\\/liebke-foto.de\\\/maerkischeslicht\\\/#\\\/schema\\\/person\\\/d71108abc09a723daeeb8526a33137ee\"},\"image\":{\"@id\":\"https:\\\/\\\/liebke-foto.de\\\/maerkischeslicht\\\/unterwegs-im-naturpark-barnim\\\/#primaryimage\"},\"thumbnailUrl\":\"https:\\\/\\\/liebke-foto.de\\\/maerkischeslicht\\\/wp-content\\\/uploads\\\/2022\\\/09\\\/FLZ0817_C1.jpg\",\"keywords\":[\"Brandenburg\",\"Mark Brandenburg\",\"M\u00e4rkisches Licht\",\"Naturpark Barnim\",\"Patricia Koelle\"],\"articleSection\":[\"Im Land Brandenburg unterwegs\",\"LANDpartie, unterwegs in der Mark Brandenburg\",\"Landschaft\",\"Naturpark Barnim\",\"Wildes Brandenburg\"],\"inLanguage\":\"de\",\"potentialAction\":[{\"@type\":\"CommentAction\",\"name\":\"Comment\",\"target\":[\"https:\\\/\\\/liebke-foto.de\\\/maerkischeslicht\\\/unterwegs-im-naturpark-barnim\\\/#respond\"]}]},{\"@type\":\"WebPage\",\"@id\":\"https:\\\/\\\/liebke-foto.de\\\/maerkischeslicht\\\/unterwegs-im-naturpark-barnim\\\/\",\"url\":\"https:\\\/\\\/liebke-foto.de\\\/maerkischeslicht\\\/unterwegs-im-naturpark-barnim\\\/\",\"name\":\"Unterwegs in Hobrechtsfelde - M\u00e4rkisches Licht - Der Fotograf der Stille\",\"isPartOf\":{\"@id\":\"https:\\\/\\\/liebke-foto.de\\\/maerkischeslicht\\\/#website\"},\"primaryImageOfPage\":{\"@id\":\"https:\\\/\\\/liebke-foto.de\\\/maerkischeslicht\\\/unterwegs-im-naturpark-barnim\\\/#primaryimage\"},\"image\":{\"@id\":\"https:\\\/\\\/liebke-foto.de\\\/maerkischeslicht\\\/unterwegs-im-naturpark-barnim\\\/#primaryimage\"},\"thumbnailUrl\":\"https:\\\/\\\/liebke-foto.de\\\/maerkischeslicht\\\/wp-content\\\/uploads\\\/2022\\\/09\\\/FLZ0817_C1.jpg\",\"datePublished\":\"2022-09-15T16:48:52+00:00\",\"dateModified\":\"2022-10-08T19:06:29+00:00\",\"description\":\"Unterwegs im Naturpark Barnim. In der Sch\u00f6nower Heide und den Karower Teichen bei Hobrechtsfelde\",\"breadcrumb\":{\"@id\":\"https:\\\/\\\/liebke-foto.de\\\/maerkischeslicht\\\/unterwegs-im-naturpark-barnim\\\/#breadcrumb\"},\"inLanguage\":\"de\",\"potentialAction\":[{\"@type\":\"ReadAction\",\"target\":[\"https:\\\/\\\/liebke-foto.de\\\/maerkischeslicht\\\/unterwegs-im-naturpark-barnim\\\/\"]}]},{\"@type\":\"ImageObject\",\"inLanguage\":\"de\",\"@id\":\"https:\\\/\\\/liebke-foto.de\\\/maerkischeslicht\\\/unterwegs-im-naturpark-barnim\\\/#primaryimage\",\"url\":\"https:\\\/\\\/liebke-foto.de\\\/maerkischeslicht\\\/wp-content\\\/uploads\\\/2022\\\/09\\\/FLZ0817_C1.jpg\",\"contentUrl\":\"https:\\\/\\\/liebke-foto.de\\\/maerkischeslicht\\\/wp-content\\\/uploads\\\/2022\\\/09\\\/FLZ0817_C1.jpg\",\"width\":1400,\"height\":933},{\"@type\":\"BreadcrumbList\",\"@id\":\"https:\\\/\\\/liebke-foto.de\\\/maerkischeslicht\\\/unterwegs-im-naturpark-barnim\\\/#breadcrumb\",\"itemListElement\":[{\"@type\":\"ListItem\",\"position\":1,\"name\":\"Startseite\",\"item\":\"https:\\\/\\\/liebke-foto.de\\\/maerkischeslicht\\\/\"},{\"@type\":\"ListItem\",\"position\":2,\"name\":\"Unterwegs in Hobrechtsfelde\"}]},{\"@type\":\"WebSite\",\"@id\":\"https:\\\/\\\/liebke-foto.de\\\/maerkischeslicht\\\/#website\",\"url\":\"https:\\\/\\\/liebke-foto.de\\\/maerkischeslicht\\\/\",\"name\":\"M\u00e4rkisches Licht - Der Fotograf der Stille\",\"description\":\"Die Liebe zum Leben...\",\"publisher\":{\"@id\":\"https:\\\/\\\/liebke-foto.de\\\/maerkischeslicht\\\/#\\\/schema\\\/person\\\/d71108abc09a723daeeb8526a33137ee\"},\"potentialAction\":[{\"@type\":\"SearchAction\",\"target\":{\"@type\":\"EntryPoint\",\"urlTemplate\":\"https:\\\/\\\/liebke-foto.de\\\/maerkischeslicht\\\/?s={search_term_string}\"},\"query-input\":{\"@type\":\"PropertyValueSpecification\",\"valueRequired\":true,\"valueName\":\"search_term_string\"}}],\"inLanguage\":\"de\"},{\"@type\":[\"Person\",\"Organization\"],\"@id\":\"https:\\\/\\\/liebke-foto.de\\\/maerkischeslicht\\\/#\\\/schema\\\/person\\\/d71108abc09a723daeeb8526a33137ee\",\"name\":\"Frank Liebke\",\"image\":{\"@type\":\"ImageObject\",\"inLanguage\":\"de\",\"@id\":\"https:\\\/\\\/liebke-foto.de\\\/maerkischeslicht\\\/wp-content\\\/uploads\\\/2021\\\/12\\\/IMG-20211024-WA0001.jpg\",\"url\":\"https:\\\/\\\/liebke-foto.de\\\/maerkischeslicht\\\/wp-content\\\/uploads\\\/2021\\\/12\\\/IMG-20211024-WA0001.jpg\",\"contentUrl\":\"https:\\\/\\\/liebke-foto.de\\\/maerkischeslicht\\\/wp-content\\\/uploads\\\/2021\\\/12\\\/IMG-20211024-WA0001.jpg\",\"width\":900,\"height\":1600,\"caption\":\"Frank Liebke\"},\"logo\":{\"@id\":\"https:\\\/\\\/liebke-foto.de\\\/maerkischeslicht\\\/wp-content\\\/uploads\\\/2021\\\/12\\\/IMG-20211024-WA0001.jpg\"},\"sameAs\":[\"https:\\\/\\\/liebke-foto.de\"],\"url\":\"https:\\\/\\\/liebke-foto.de\\\/maerkischeslicht\\\/author\\\/adminuser\\\/\"}]}<\/script>\n<!-- \/ Yoast SEO plugin. -->","yoast_head_json":{"title":"Unterwegs in Hobrechtsfelde - M\u00e4rkisches Licht - Der Fotograf der Stille","description":"Unterwegs im Naturpark Barnim. In der Sch\u00f6nower Heide und den Karower Teichen bei Hobrechtsfelde","robots":{"index":"index","follow":"follow","max-snippet":"max-snippet:-1","max-image-preview":"max-image-preview:large","max-video-preview":"max-video-preview:-1"},"canonical":"https:\/\/liebke-foto.de\/maerkischeslicht\/unterwegs-im-naturpark-barnim\/","og_locale":"de_DE","og_type":"article","og_title":"Unterwegs in Hobrechtsfelde - M\u00e4rkisches Licht - Der Fotograf der Stille","og_description":"Unterwegs im Naturpark Barnim. In der Sch\u00f6nower Heide und den Karower Teichen bei Hobrechtsfelde","og_url":"https:\/\/liebke-foto.de\/maerkischeslicht\/unterwegs-im-naturpark-barnim\/","og_site_name":"M\u00e4rkisches Licht - Der Fotograf der Stille","article_published_time":"2022-09-15T16:48:52+00:00","article_modified_time":"2022-10-08T19:06:29+00:00","og_image":[{"width":1400,"height":933,"url":"https:\/\/liebke-foto.de\/maerkischeslicht\/wp-content\/uploads\/2022\/09\/FLZ0817_C1.jpg","type":"image\/jpeg"}],"author":"Frank Liebke","twitter_card":"summary_large_image","twitter_misc":{"Verfasst von":"Frank Liebke","Gesch\u00e4tzte Lesezeit":"3\u00a0Minuten"},"schema":{"@context":"https:\/\/schema.org","@graph":[{"@type":"Article","@id":"https:\/\/liebke-foto.de\/maerkischeslicht\/unterwegs-im-naturpark-barnim\/#article","isPartOf":{"@id":"https:\/\/liebke-foto.de\/maerkischeslicht\/unterwegs-im-naturpark-barnim\/"},"author":{"name":"Frank Liebke","@id":"https:\/\/liebke-foto.de\/maerkischeslicht\/#\/schema\/person\/d71108abc09a723daeeb8526a33137ee"},"headline":"Unterwegs in Hobrechtsfelde","datePublished":"2022-09-15T16:48:52+00:00","dateModified":"2022-10-08T19:06:29+00:00","mainEntityOfPage":{"@id":"https:\/\/liebke-foto.de\/maerkischeslicht\/unterwegs-im-naturpark-barnim\/"},"wordCount":581,"commentCount":8,"publisher":{"@id":"https:\/\/liebke-foto.de\/maerkischeslicht\/#\/schema\/person\/d71108abc09a723daeeb8526a33137ee"},"image":{"@id":"https:\/\/liebke-foto.de\/maerkischeslicht\/unterwegs-im-naturpark-barnim\/#primaryimage"},"thumbnailUrl":"https:\/\/liebke-foto.de\/maerkischeslicht\/wp-content\/uploads\/2022\/09\/FLZ0817_C1.jpg","keywords":["Brandenburg","Mark Brandenburg","M\u00e4rkisches Licht","Naturpark Barnim","Patricia Koelle"],"articleSection":["Im Land Brandenburg unterwegs","LANDpartie, unterwegs in der Mark Brandenburg","Landschaft","Naturpark Barnim","Wildes Brandenburg"],"inLanguage":"de","potentialAction":[{"@type":"CommentAction","name":"Comment","target":["https:\/\/liebke-foto.de\/maerkischeslicht\/unterwegs-im-naturpark-barnim\/#respond"]}]},{"@type":"WebPage","@id":"https:\/\/liebke-foto.de\/maerkischeslicht\/unterwegs-im-naturpark-barnim\/","url":"https:\/\/liebke-foto.de\/maerkischeslicht\/unterwegs-im-naturpark-barnim\/","name":"Unterwegs in Hobrechtsfelde - M\u00e4rkisches Licht - Der Fotograf der Stille","isPartOf":{"@id":"https:\/\/liebke-foto.de\/maerkischeslicht\/#website"},"primaryImageOfPage":{"@id":"https:\/\/liebke-foto.de\/maerkischeslicht\/unterwegs-im-naturpark-barnim\/#primaryimage"},"image":{"@id":"https:\/\/liebke-foto.de\/maerkischeslicht\/unterwegs-im-naturpark-barnim\/#primaryimage"},"thumbnailUrl":"https:\/\/liebke-foto.de\/maerkischeslicht\/wp-content\/uploads\/2022\/09\/FLZ0817_C1.jpg","datePublished":"2022-09-15T16:48:52+00:00","dateModified":"2022-10-08T19:06:29+00:00","description":"Unterwegs im Naturpark Barnim. In der Sch\u00f6nower Heide und den Karower Teichen bei Hobrechtsfelde","breadcrumb":{"@id":"https:\/\/liebke-foto.de\/maerkischeslicht\/unterwegs-im-naturpark-barnim\/#breadcrumb"},"inLanguage":"de","potentialAction":[{"@type":"ReadAction","target":["https:\/\/liebke-foto.de\/maerkischeslicht\/unterwegs-im-naturpark-barnim\/"]}]},{"@type":"ImageObject","inLanguage":"de","@id":"https:\/\/liebke-foto.de\/maerkischeslicht\/unterwegs-im-naturpark-barnim\/#primaryimage","url":"https:\/\/liebke-foto.de\/maerkischeslicht\/wp-content\/uploads\/2022\/09\/FLZ0817_C1.jpg","contentUrl":"https:\/\/liebke-foto.de\/maerkischeslicht\/wp-content\/uploads\/2022\/09\/FLZ0817_C1.jpg","width":1400,"height":933},{"@type":"BreadcrumbList","@id":"https:\/\/liebke-foto.de\/maerkischeslicht\/unterwegs-im-naturpark-barnim\/#breadcrumb","itemListElement":[{"@type":"ListItem","position":1,"name":"Startseite","item":"https:\/\/liebke-foto.de\/maerkischeslicht\/"},{"@type":"ListItem","position":2,"name":"Unterwegs in Hobrechtsfelde"}]},{"@type":"WebSite","@id":"https:\/\/liebke-foto.de\/maerkischeslicht\/#website","url":"https:\/\/liebke-foto.de\/maerkischeslicht\/","name":"M\u00e4rkisches Licht - Der Fotograf der Stille","description":"Die Liebe zum Leben...","publisher":{"@id":"https:\/\/liebke-foto.de\/maerkischeslicht\/#\/schema\/person\/d71108abc09a723daeeb8526a33137ee"},"potentialAction":[{"@type":"SearchAction","target":{"@type":"EntryPoint","urlTemplate":"https:\/\/liebke-foto.de\/maerkischeslicht\/?s={search_term_string}"},"query-input":{"@type":"PropertyValueSpecification","valueRequired":true,"valueName":"search_term_string"}}],"inLanguage":"de"},{"@type":["Person","Organization"],"@id":"https:\/\/liebke-foto.de\/maerkischeslicht\/#\/schema\/person\/d71108abc09a723daeeb8526a33137ee","name":"Frank Liebke","image":{"@type":"ImageObject","inLanguage":"de","@id":"https:\/\/liebke-foto.de\/maerkischeslicht\/wp-content\/uploads\/2021\/12\/IMG-20211024-WA0001.jpg","url":"https:\/\/liebke-foto.de\/maerkischeslicht\/wp-content\/uploads\/2021\/12\/IMG-20211024-WA0001.jpg","contentUrl":"https:\/\/liebke-foto.de\/maerkischeslicht\/wp-content\/uploads\/2021\/12\/IMG-20211024-WA0001.jpg","width":900,"height":1600,"caption":"Frank Liebke"},"logo":{"@id":"https:\/\/liebke-foto.de\/maerkischeslicht\/wp-content\/uploads\/2021\/12\/IMG-20211024-WA0001.jpg"},"sameAs":["https:\/\/liebke-foto.de"],"url":"https:\/\/liebke-foto.de\/maerkischeslicht\/author\/adminuser\/"}]}},"_links":{"self":[{"href":"https:\/\/liebke-foto.de\/maerkischeslicht\/wp-json\/wp\/v2\/posts\/6409","targetHints":{"allow":["GET"]}}],"collection":[{"href":"https:\/\/liebke-foto.de\/maerkischeslicht\/wp-json\/wp\/v2\/posts"}],"about":[{"href":"https:\/\/liebke-foto.de\/maerkischeslicht\/wp-json\/wp\/v2\/types\/post"}],"author":[{"embeddable":true,"href":"https:\/\/liebke-foto.de\/maerkischeslicht\/wp-json\/wp\/v2\/users\/1"}],"replies":[{"embeddable":true,"href":"https:\/\/liebke-foto.de\/maerkischeslicht\/wp-json\/wp\/v2\/comments?post=6409"}],"version-history":[{"count":11,"href":"https:\/\/liebke-foto.de\/maerkischeslicht\/wp-json\/wp\/v2\/posts\/6409\/revisions"}],"predecessor-version":[{"id":6558,"href":"https:\/\/liebke-foto.de\/maerkischeslicht\/wp-json\/wp\/v2\/posts\/6409\/revisions\/6558"}],"wp:featuredmedia":[{"embeddable":true,"href":"https:\/\/liebke-foto.de\/maerkischeslicht\/wp-json\/wp\/v2\/media\/6418"}],"wp:attachment":[{"href":"https:\/\/liebke-foto.de\/maerkischeslicht\/wp-json\/wp\/v2\/media?parent=6409"}],"wp:term":[{"taxonomy":"category","embeddable":true,"href":"https:\/\/liebke-foto.de\/maerkischeslicht\/wp-json\/wp\/v2\/categories?post=6409"},{"taxonomy":"post_tag","embeddable":true,"href":"https:\/\/liebke-foto.de\/maerkischeslicht\/wp-json\/wp\/v2\/tags?post=6409"}],"curies":[{"name":"wp","href":"https:\/\/api.w.org\/{rel}","templated":true}]}}