{"id":6396,"date":"2022-09-14T16:07:55","date_gmt":"2022-09-14T14:07:55","guid":{"rendered":"https:\/\/liebke-foto.de\/maerkischeslicht\/?p=6396"},"modified":"2022-11-08T12:20:25","modified_gmt":"2022-11-08T10:20:25","slug":"der-koenig-in-der-schoenower-heide","status":"publish","type":"post","link":"https:\/\/liebke-foto.de\/maerkischeslicht\/der-koenig-in-der-schoenower-heide\/","title":{"rendered":"Der K\u00f6nig in der Sch\u00f6nower Heide"},"content":{"rendered":"<div class=\"wp-block-image\">\n<figure class=\"aligncenter size-large\"><a href=\"https:\/\/liebke-foto.de\/maerkischeslicht\/wp-content\/uploads\/2022\/09\/FLZ0724_C1.jpg\"><img loading=\"lazy\" decoding=\"async\" width=\"1075\" height=\"800\" src=\"https:\/\/liebke-foto.de\/maerkischeslicht\/wp-content\/uploads\/2022\/09\/FLZ0724_C1-1075x800.jpg\" alt=\"\" class=\"wp-image-6399\" srcset=\"https:\/\/liebke-foto.de\/maerkischeslicht\/wp-content\/uploads\/2022\/09\/FLZ0724_C1-1075x800.jpg 1075w, https:\/\/liebke-foto.de\/maerkischeslicht\/wp-content\/uploads\/2022\/09\/FLZ0724_C1-768x572.jpg 768w, https:\/\/liebke-foto.de\/maerkischeslicht\/wp-content\/uploads\/2022\/09\/FLZ0724_C1.jpg 1400w\" sizes=\"auto, (max-width: 1075px) 100vw, 1075px\" \/><\/a><figcaption class=\"wp-element-caption\">Ein ruhiges Pl\u00e4tzchen gefunden zum Ausruhen<\/figcaption><\/figure>\n<\/div>\n\n\n<p>Gestern wollten wir uns mal wieder die Sch\u00f6nower Heide, n\u00f6rdlich von Berlin, ansehen. Und da hatten wir das Gl\u00fcck. Gem\u00e4chlich kam im abgez\u00e4unten Revier ein prachtvoller Hirsch aus dem Unterholz. Verhielt kurz, pr\u00fcfte den Boden und legte sich nieder. Obwohl ich die Gelegenheit nutzte ein paar Bilder einzufangen und Patricia mit ihrem tollen Handy filmte, waren wir ihm absolut egal. <\/p>\n\n\n\n<p>Schaut ihn Euch an, diesen Prachtkerl.<\/p>\n\n\n<div class=\"wp-block-image\">\n<figure class=\"aligncenter size-large\"><a href=\"https:\/\/liebke-foto.de\/maerkischeslicht\/wp-content\/uploads\/2022\/09\/FLZ0720_C1.jpg\"><img loading=\"lazy\" decoding=\"async\" width=\"1075\" height=\"800\" src=\"https:\/\/liebke-foto.de\/maerkischeslicht\/wp-content\/uploads\/2022\/09\/FLZ0720_C1-1075x800.jpg\" alt=\"\" class=\"wp-image-6397\" srcset=\"https:\/\/liebke-foto.de\/maerkischeslicht\/wp-content\/uploads\/2022\/09\/FLZ0720_C1-1075x800.jpg 1075w, https:\/\/liebke-foto.de\/maerkischeslicht\/wp-content\/uploads\/2022\/09\/FLZ0720_C1-768x572.jpg 768w, https:\/\/liebke-foto.de\/maerkischeslicht\/wp-content\/uploads\/2022\/09\/FLZ0720_C1.jpg 1400w\" sizes=\"auto, (max-width: 1075px) 100vw, 1075px\" \/><\/a><\/figure>\n<\/div>\n\n\n<p><\/p>\n\n\n<div class=\"wp-block-image\">\n<figure class=\"aligncenter size-large\"><a href=\"https:\/\/liebke-foto.de\/maerkischeslicht\/wp-content\/uploads\/2022\/09\/FLZ0721_C1.jpg\"><img loading=\"lazy\" decoding=\"async\" width=\"1075\" height=\"800\" src=\"https:\/\/liebke-foto.de\/maerkischeslicht\/wp-content\/uploads\/2022\/09\/FLZ0721_C1-1075x800.jpg\" alt=\"\" class=\"wp-image-6398\" srcset=\"https:\/\/liebke-foto.de\/maerkischeslicht\/wp-content\/uploads\/2022\/09\/FLZ0721_C1-1075x800.jpg 1075w, https:\/\/liebke-foto.de\/maerkischeslicht\/wp-content\/uploads\/2022\/09\/FLZ0721_C1-768x572.jpg 768w, https:\/\/liebke-foto.de\/maerkischeslicht\/wp-content\/uploads\/2022\/09\/FLZ0721_C1.jpg 1400w\" sizes=\"auto, (max-width: 1075px) 100vw, 1075px\" \/><\/a><\/figure>\n<\/div>\n\n\n<p><\/p>\n\n\n<div class=\"wp-block-image\">\n<figure class=\"aligncenter size-large\"><a href=\"https:\/\/liebke-foto.de\/maerkischeslicht\/wp-content\/uploads\/2022\/09\/FLZ0736_C1.jpg\"><img loading=\"lazy\" decoding=\"async\" width=\"1075\" height=\"800\" src=\"https:\/\/liebke-foto.de\/maerkischeslicht\/wp-content\/uploads\/2022\/09\/FLZ0736_C1-1075x800.jpg\" alt=\"\" class=\"wp-image-6400\" srcset=\"https:\/\/liebke-foto.de\/maerkischeslicht\/wp-content\/uploads\/2022\/09\/FLZ0736_C1-1075x800.jpg 1075w, https:\/\/liebke-foto.de\/maerkischeslicht\/wp-content\/uploads\/2022\/09\/FLZ0736_C1-768x572.jpg 768w, https:\/\/liebke-foto.de\/maerkischeslicht\/wp-content\/uploads\/2022\/09\/FLZ0736_C1.jpg 1400w\" sizes=\"auto, (max-width: 1075px) 100vw, 1075px\" \/><\/a><\/figure>\n<\/div>\n\n\n<p><\/p>\n\n\n<div class=\"wp-block-image\">\n<figure class=\"aligncenter size-large\"><a href=\"https:\/\/liebke-foto.de\/maerkischeslicht\/wp-content\/uploads\/2022\/09\/FLZ0743_C1.jpg\"><img loading=\"lazy\" decoding=\"async\" width=\"1142\" height=\"800\" src=\"https:\/\/liebke-foto.de\/maerkischeslicht\/wp-content\/uploads\/2022\/09\/FLZ0743_C1-1142x800.jpg\" alt=\"\" class=\"wp-image-6401\" srcset=\"https:\/\/liebke-foto.de\/maerkischeslicht\/wp-content\/uploads\/2022\/09\/FLZ0743_C1-1142x800.jpg 1142w, https:\/\/liebke-foto.de\/maerkischeslicht\/wp-content\/uploads\/2022\/09\/FLZ0743_C1-768x538.jpg 768w, https:\/\/liebke-foto.de\/maerkischeslicht\/wp-content\/uploads\/2022\/09\/FLZ0743_C1.jpg 1400w\" sizes=\"auto, (max-width: 1142px) 100vw, 1142px\" \/><\/a><\/figure>\n<\/div>\n\n\n<p><\/p>\n\n\n<div class=\"wp-block-image\">\n<figure class=\"aligncenter size-large\"><a href=\"https:\/\/liebke-foto.de\/maerkischeslicht\/wp-content\/uploads\/2022\/09\/FLZ0754_C1.jpg\"><img loading=\"lazy\" decoding=\"async\" width=\"1075\" height=\"800\" src=\"https:\/\/liebke-foto.de\/maerkischeslicht\/wp-content\/uploads\/2022\/09\/FLZ0754_C1-1075x800.jpg\" alt=\"\" class=\"wp-image-6402\" srcset=\"https:\/\/liebke-foto.de\/maerkischeslicht\/wp-content\/uploads\/2022\/09\/FLZ0754_C1-1075x800.jpg 1075w, https:\/\/liebke-foto.de\/maerkischeslicht\/wp-content\/uploads\/2022\/09\/FLZ0754_C1-768x572.jpg 768w, https:\/\/liebke-foto.de\/maerkischeslicht\/wp-content\/uploads\/2022\/09\/FLZ0754_C1.jpg 1400w\" sizes=\"auto, (max-width: 1075px) 100vw, 1075px\" \/><\/a><figcaption class=\"wp-element-caption\">Nun ist es genug, schaut weiter \ud83d\ude00<\/figcaption><\/figure>\n<\/div>\n\n\n<div style=\"padding:20px\" class=\"wp-block-tnp-minimal\"><p>Subscribe to our newsletter!<\/p><div><div class=\"tnp tnp-subscription \">\n<form method=\"post\" action=\"https:\/\/liebke-foto.de\/maerkischeslicht\/wp-admin\/admin-ajax.php?action=tnp&amp;na=s\">\n<input type=\"hidden\" name=\"nlang\" value=\"\">\n<div class=\"tnp-field tnp-field-firstname\"><label for=\"tnp-1\">Vorname oder ganzer Name<\/label>\n<input class=\"tnp-name\" type=\"text\" name=\"nn\" id=\"tnp-1\" value=\"\" placeholder=\"\"><\/div>\n<div class=\"tnp-field tnp-field-email\"><label for=\"tnp-2\">Email<\/label>\n<input class=\"tnp-email\" type=\"email\" name=\"ne\" id=\"tnp-2\" value=\"\" placeholder=\"\" required><\/div>\n<div class=\"tnp-field tnp-privacy-field\"><label><input type=\"checkbox\" name=\"ny\" required class=\"tnp-privacy\"> Indem Du fortf\u00e4hrst, akzeptierst Du unsere Datenschutzerkl\u00e4rung.<\/label><\/div><div class=\"tnp-field tnp-field-button\" style=\"text-align: left\"><input class=\"tnp-submit\" type=\"submit\" value=\"Abonnieren\" style=\"\">\n<\/div>\n<\/form>\n<\/div>\n<\/div><\/div>\n\n\n\n\n","protected":false},"excerpt":{"rendered":"<p>Gestern wollten wir uns mal wieder die Sch\u00f6nower Heide, n\u00f6rdlich von Berlin, ansehen. Und da hatten wir das Gl\u00fcck. Gem\u00e4chlich kam im abgez\u00e4unten&#8230;<\/p>\n","protected":false},"author":1,"featured_media":6401,"comment_status":"open","ping_status":"open","sticky":false,"template":"","format":"image","meta":{"footnotes":""},"categories":[11,66,34],"tags":[],"class_list":["post-6396","post","type-post","status-publish","format-image","has-post-thumbnail","hentry","category-im-land-brandenburg-unterwegs","category-landpartie","category-naturpark-barnim","post_format-post-format-image"],"yoast_head":"<!-- This site is optimized with the Yoast SEO plugin v27.4 - https:\/\/yoast.com\/product\/yoast-seo-wordpress\/ -->\n<title>Der K\u00f6nig in der Sch\u00f6nower Heide - M\u00e4rkisches Licht - Der Fotograf der Stille<\/title>\n<meta name=\"description\" content=\"Der K\u00f6nig in der Sch\u00f6nower Heide. Unterwegs im Naturpark Barnim\" \/>\n<meta name=\"robots\" content=\"index, follow, max-snippet:-1, max-image-preview:large, max-video-preview:-1\" \/>\n<link rel=\"canonical\" href=\"https:\/\/liebke-foto.de\/maerkischeslicht\/der-koenig-in-der-schoenower-heide\/\" \/>\n<meta property=\"og:locale\" content=\"de_DE\" \/>\n<meta property=\"og:type\" content=\"article\" \/>\n<meta property=\"og:title\" content=\"Der K\u00f6nig in der Sch\u00f6nower Heide - M\u00e4rkisches Licht - Der Fotograf der Stille\" \/>\n<meta property=\"og:description\" content=\"Der K\u00f6nig in der Sch\u00f6nower Heide. Unterwegs im Naturpark Barnim\" \/>\n<meta property=\"og:url\" content=\"https:\/\/liebke-foto.de\/maerkischeslicht\/der-koenig-in-der-schoenower-heide\/\" \/>\n<meta property=\"og:site_name\" content=\"M\u00e4rkisches Licht - Der Fotograf der Stille\" \/>\n<meta property=\"article:published_time\" content=\"2022-09-14T14:07:55+00:00\" \/>\n<meta property=\"article:modified_time\" content=\"2022-11-08T10:20:25+00:00\" \/>\n<meta property=\"og:image\" content=\"https:\/\/liebke-foto.de\/maerkischeslicht\/wp-content\/uploads\/2022\/09\/FLZ0743_C1.jpg\" \/>\n\t<meta property=\"og:image:width\" content=\"1400\" \/>\n\t<meta property=\"og:image:height\" content=\"981\" \/>\n\t<meta property=\"og:image:type\" content=\"image\/jpeg\" \/>\n<meta name=\"author\" content=\"Frank Liebke\" \/>\n<meta name=\"twitter:card\" content=\"summary_large_image\" \/>\n<meta name=\"twitter:label1\" content=\"Verfasst von\" \/>\n\t<meta name=\"twitter:data1\" content=\"Frank Liebke\" \/>\n<script type=\"application\/ld+json\" class=\"yoast-schema-graph\">{\"@context\":\"https:\\\/\\\/schema.org\",\"@graph\":[{\"@type\":\"Article\",\"@id\":\"https:\\\/\\\/liebke-foto.de\\\/maerkischeslicht\\\/der-koenig-in-der-schoenower-heide\\\/#article\",\"isPartOf\":{\"@id\":\"https:\\\/\\\/liebke-foto.de\\\/maerkischeslicht\\\/der-koenig-in-der-schoenower-heide\\\/\"},\"author\":{\"name\":\"Frank Liebke\",\"@id\":\"https:\\\/\\\/liebke-foto.de\\\/maerkischeslicht\\\/#\\\/schema\\\/person\\\/d71108abc09a723daeeb8526a33137ee\"},\"headline\":\"Der K\u00f6nig in der Sch\u00f6nower Heide\",\"datePublished\":\"2022-09-14T14:07:55+00:00\",\"dateModified\":\"2022-11-08T10:20:25+00:00\",\"mainEntityOfPage\":{\"@id\":\"https:\\\/\\\/liebke-foto.de\\\/maerkischeslicht\\\/der-koenig-in-der-schoenower-heide\\\/\"},\"wordCount\":100,\"commentCount\":2,\"publisher\":{\"@id\":\"https:\\\/\\\/liebke-foto.de\\\/maerkischeslicht\\\/#\\\/schema\\\/person\\\/d71108abc09a723daeeb8526a33137ee\"},\"image\":{\"@id\":\"https:\\\/\\\/liebke-foto.de\\\/maerkischeslicht\\\/der-koenig-in-der-schoenower-heide\\\/#primaryimage\"},\"thumbnailUrl\":\"https:\\\/\\\/liebke-foto.de\\\/maerkischeslicht\\\/wp-content\\\/uploads\\\/2022\\\/09\\\/FLZ0743_C1.jpg\",\"articleSection\":[\"Im Land Brandenburg unterwegs\",\"LANDpartie, unterwegs in der Mark Brandenburg\",\"Naturpark Barnim\"],\"inLanguage\":\"de\",\"potentialAction\":[{\"@type\":\"CommentAction\",\"name\":\"Comment\",\"target\":[\"https:\\\/\\\/liebke-foto.de\\\/maerkischeslicht\\\/der-koenig-in-der-schoenower-heide\\\/#respond\"]}]},{\"@type\":\"WebPage\",\"@id\":\"https:\\\/\\\/liebke-foto.de\\\/maerkischeslicht\\\/der-koenig-in-der-schoenower-heide\\\/\",\"url\":\"https:\\\/\\\/liebke-foto.de\\\/maerkischeslicht\\\/der-koenig-in-der-schoenower-heide\\\/\",\"name\":\"Der K\u00f6nig in der Sch\u00f6nower Heide - M\u00e4rkisches Licht - Der Fotograf der Stille\",\"isPartOf\":{\"@id\":\"https:\\\/\\\/liebke-foto.de\\\/maerkischeslicht\\\/#website\"},\"primaryImageOfPage\":{\"@id\":\"https:\\\/\\\/liebke-foto.de\\\/maerkischeslicht\\\/der-koenig-in-der-schoenower-heide\\\/#primaryimage\"},\"image\":{\"@id\":\"https:\\\/\\\/liebke-foto.de\\\/maerkischeslicht\\\/der-koenig-in-der-schoenower-heide\\\/#primaryimage\"},\"thumbnailUrl\":\"https:\\\/\\\/liebke-foto.de\\\/maerkischeslicht\\\/wp-content\\\/uploads\\\/2022\\\/09\\\/FLZ0743_C1.jpg\",\"datePublished\":\"2022-09-14T14:07:55+00:00\",\"dateModified\":\"2022-11-08T10:20:25+00:00\",\"description\":\"Der K\u00f6nig in der Sch\u00f6nower Heide. Unterwegs im Naturpark Barnim\",\"breadcrumb\":{\"@id\":\"https:\\\/\\\/liebke-foto.de\\\/maerkischeslicht\\\/der-koenig-in-der-schoenower-heide\\\/#breadcrumb\"},\"inLanguage\":\"de\",\"potentialAction\":[{\"@type\":\"ReadAction\",\"target\":[\"https:\\\/\\\/liebke-foto.de\\\/maerkischeslicht\\\/der-koenig-in-der-schoenower-heide\\\/\"]}]},{\"@type\":\"ImageObject\",\"inLanguage\":\"de\",\"@id\":\"https:\\\/\\\/liebke-foto.de\\\/maerkischeslicht\\\/der-koenig-in-der-schoenower-heide\\\/#primaryimage\",\"url\":\"https:\\\/\\\/liebke-foto.de\\\/maerkischeslicht\\\/wp-content\\\/uploads\\\/2022\\\/09\\\/FLZ0743_C1.jpg\",\"contentUrl\":\"https:\\\/\\\/liebke-foto.de\\\/maerkischeslicht\\\/wp-content\\\/uploads\\\/2022\\\/09\\\/FLZ0743_C1.jpg\",\"width\":1400,\"height\":981},{\"@type\":\"BreadcrumbList\",\"@id\":\"https:\\\/\\\/liebke-foto.de\\\/maerkischeslicht\\\/der-koenig-in-der-schoenower-heide\\\/#breadcrumb\",\"itemListElement\":[{\"@type\":\"ListItem\",\"position\":1,\"name\":\"Startseite\",\"item\":\"https:\\\/\\\/liebke-foto.de\\\/maerkischeslicht\\\/\"},{\"@type\":\"ListItem\",\"position\":2,\"name\":\"Der K\u00f6nig in der Sch\u00f6nower Heide\"}]},{\"@type\":\"WebSite\",\"@id\":\"https:\\\/\\\/liebke-foto.de\\\/maerkischeslicht\\\/#website\",\"url\":\"https:\\\/\\\/liebke-foto.de\\\/maerkischeslicht\\\/\",\"name\":\"M\u00e4rkisches Licht - Der Fotograf der Stille\",\"description\":\"Die Liebe zum Leben...\",\"publisher\":{\"@id\":\"https:\\\/\\\/liebke-foto.de\\\/maerkischeslicht\\\/#\\\/schema\\\/person\\\/d71108abc09a723daeeb8526a33137ee\"},\"potentialAction\":[{\"@type\":\"SearchAction\",\"target\":{\"@type\":\"EntryPoint\",\"urlTemplate\":\"https:\\\/\\\/liebke-foto.de\\\/maerkischeslicht\\\/?s={search_term_string}\"},\"query-input\":{\"@type\":\"PropertyValueSpecification\",\"valueRequired\":true,\"valueName\":\"search_term_string\"}}],\"inLanguage\":\"de\"},{\"@type\":[\"Person\",\"Organization\"],\"@id\":\"https:\\\/\\\/liebke-foto.de\\\/maerkischeslicht\\\/#\\\/schema\\\/person\\\/d71108abc09a723daeeb8526a33137ee\",\"name\":\"Frank Liebke\",\"image\":{\"@type\":\"ImageObject\",\"inLanguage\":\"de\",\"@id\":\"https:\\\/\\\/liebke-foto.de\\\/maerkischeslicht\\\/wp-content\\\/uploads\\\/2021\\\/12\\\/IMG-20211024-WA0001.jpg\",\"url\":\"https:\\\/\\\/liebke-foto.de\\\/maerkischeslicht\\\/wp-content\\\/uploads\\\/2021\\\/12\\\/IMG-20211024-WA0001.jpg\",\"contentUrl\":\"https:\\\/\\\/liebke-foto.de\\\/maerkischeslicht\\\/wp-content\\\/uploads\\\/2021\\\/12\\\/IMG-20211024-WA0001.jpg\",\"width\":900,\"height\":1600,\"caption\":\"Frank Liebke\"},\"logo\":{\"@id\":\"https:\\\/\\\/liebke-foto.de\\\/maerkischeslicht\\\/wp-content\\\/uploads\\\/2021\\\/12\\\/IMG-20211024-WA0001.jpg\"},\"sameAs\":[\"https:\\\/\\\/liebke-foto.de\"],\"url\":\"https:\\\/\\\/liebke-foto.de\\\/maerkischeslicht\\\/author\\\/adminuser\\\/\"}]}<\/script>\n<!-- \/ Yoast SEO plugin. -->","yoast_head_json":{"title":"Der K\u00f6nig in der Sch\u00f6nower Heide - M\u00e4rkisches Licht - Der Fotograf der Stille","description":"Der K\u00f6nig in der Sch\u00f6nower Heide. Unterwegs im Naturpark Barnim","robots":{"index":"index","follow":"follow","max-snippet":"max-snippet:-1","max-image-preview":"max-image-preview:large","max-video-preview":"max-video-preview:-1"},"canonical":"https:\/\/liebke-foto.de\/maerkischeslicht\/der-koenig-in-der-schoenower-heide\/","og_locale":"de_DE","og_type":"article","og_title":"Der K\u00f6nig in der Sch\u00f6nower Heide - M\u00e4rkisches Licht - Der Fotograf der Stille","og_description":"Der K\u00f6nig in der Sch\u00f6nower Heide. Unterwegs im Naturpark Barnim","og_url":"https:\/\/liebke-foto.de\/maerkischeslicht\/der-koenig-in-der-schoenower-heide\/","og_site_name":"M\u00e4rkisches Licht - Der Fotograf der Stille","article_published_time":"2022-09-14T14:07:55+00:00","article_modified_time":"2022-11-08T10:20:25+00:00","og_image":[{"width":1400,"height":981,"url":"https:\/\/liebke-foto.de\/maerkischeslicht\/wp-content\/uploads\/2022\/09\/FLZ0743_C1.jpg","type":"image\/jpeg"}],"author":"Frank Liebke","twitter_card":"summary_large_image","twitter_misc":{"Verfasst von":"Frank Liebke"},"schema":{"@context":"https:\/\/schema.org","@graph":[{"@type":"Article","@id":"https:\/\/liebke-foto.de\/maerkischeslicht\/der-koenig-in-der-schoenower-heide\/#article","isPartOf":{"@id":"https:\/\/liebke-foto.de\/maerkischeslicht\/der-koenig-in-der-schoenower-heide\/"},"author":{"name":"Frank Liebke","@id":"https:\/\/liebke-foto.de\/maerkischeslicht\/#\/schema\/person\/d71108abc09a723daeeb8526a33137ee"},"headline":"Der K\u00f6nig in der Sch\u00f6nower Heide","datePublished":"2022-09-14T14:07:55+00:00","dateModified":"2022-11-08T10:20:25+00:00","mainEntityOfPage":{"@id":"https:\/\/liebke-foto.de\/maerkischeslicht\/der-koenig-in-der-schoenower-heide\/"},"wordCount":100,"commentCount":2,"publisher":{"@id":"https:\/\/liebke-foto.de\/maerkischeslicht\/#\/schema\/person\/d71108abc09a723daeeb8526a33137ee"},"image":{"@id":"https:\/\/liebke-foto.de\/maerkischeslicht\/der-koenig-in-der-schoenower-heide\/#primaryimage"},"thumbnailUrl":"https:\/\/liebke-foto.de\/maerkischeslicht\/wp-content\/uploads\/2022\/09\/FLZ0743_C1.jpg","articleSection":["Im Land Brandenburg unterwegs","LANDpartie, unterwegs in der Mark Brandenburg","Naturpark Barnim"],"inLanguage":"de","potentialAction":[{"@type":"CommentAction","name":"Comment","target":["https:\/\/liebke-foto.de\/maerkischeslicht\/der-koenig-in-der-schoenower-heide\/#respond"]}]},{"@type":"WebPage","@id":"https:\/\/liebke-foto.de\/maerkischeslicht\/der-koenig-in-der-schoenower-heide\/","url":"https:\/\/liebke-foto.de\/maerkischeslicht\/der-koenig-in-der-schoenower-heide\/","name":"Der K\u00f6nig in der Sch\u00f6nower Heide - M\u00e4rkisches Licht - Der Fotograf der Stille","isPartOf":{"@id":"https:\/\/liebke-foto.de\/maerkischeslicht\/#website"},"primaryImageOfPage":{"@id":"https:\/\/liebke-foto.de\/maerkischeslicht\/der-koenig-in-der-schoenower-heide\/#primaryimage"},"image":{"@id":"https:\/\/liebke-foto.de\/maerkischeslicht\/der-koenig-in-der-schoenower-heide\/#primaryimage"},"thumbnailUrl":"https:\/\/liebke-foto.de\/maerkischeslicht\/wp-content\/uploads\/2022\/09\/FLZ0743_C1.jpg","datePublished":"2022-09-14T14:07:55+00:00","dateModified":"2022-11-08T10:20:25+00:00","description":"Der K\u00f6nig in der Sch\u00f6nower Heide. Unterwegs im Naturpark Barnim","breadcrumb":{"@id":"https:\/\/liebke-foto.de\/maerkischeslicht\/der-koenig-in-der-schoenower-heide\/#breadcrumb"},"inLanguage":"de","potentialAction":[{"@type":"ReadAction","target":["https:\/\/liebke-foto.de\/maerkischeslicht\/der-koenig-in-der-schoenower-heide\/"]}]},{"@type":"ImageObject","inLanguage":"de","@id":"https:\/\/liebke-foto.de\/maerkischeslicht\/der-koenig-in-der-schoenower-heide\/#primaryimage","url":"https:\/\/liebke-foto.de\/maerkischeslicht\/wp-content\/uploads\/2022\/09\/FLZ0743_C1.jpg","contentUrl":"https:\/\/liebke-foto.de\/maerkischeslicht\/wp-content\/uploads\/2022\/09\/FLZ0743_C1.jpg","width":1400,"height":981},{"@type":"BreadcrumbList","@id":"https:\/\/liebke-foto.de\/maerkischeslicht\/der-koenig-in-der-schoenower-heide\/#breadcrumb","itemListElement":[{"@type":"ListItem","position":1,"name":"Startseite","item":"https:\/\/liebke-foto.de\/maerkischeslicht\/"},{"@type":"ListItem","position":2,"name":"Der K\u00f6nig in der Sch\u00f6nower Heide"}]},{"@type":"WebSite","@id":"https:\/\/liebke-foto.de\/maerkischeslicht\/#website","url":"https:\/\/liebke-foto.de\/maerkischeslicht\/","name":"M\u00e4rkisches Licht - Der Fotograf der Stille","description":"Die Liebe zum Leben...","publisher":{"@id":"https:\/\/liebke-foto.de\/maerkischeslicht\/#\/schema\/person\/d71108abc09a723daeeb8526a33137ee"},"potentialAction":[{"@type":"SearchAction","target":{"@type":"EntryPoint","urlTemplate":"https:\/\/liebke-foto.de\/maerkischeslicht\/?s={search_term_string}"},"query-input":{"@type":"PropertyValueSpecification","valueRequired":true,"valueName":"search_term_string"}}],"inLanguage":"de"},{"@type":["Person","Organization"],"@id":"https:\/\/liebke-foto.de\/maerkischeslicht\/#\/schema\/person\/d71108abc09a723daeeb8526a33137ee","name":"Frank Liebke","image":{"@type":"ImageObject","inLanguage":"de","@id":"https:\/\/liebke-foto.de\/maerkischeslicht\/wp-content\/uploads\/2021\/12\/IMG-20211024-WA0001.jpg","url":"https:\/\/liebke-foto.de\/maerkischeslicht\/wp-content\/uploads\/2021\/12\/IMG-20211024-WA0001.jpg","contentUrl":"https:\/\/liebke-foto.de\/maerkischeslicht\/wp-content\/uploads\/2021\/12\/IMG-20211024-WA0001.jpg","width":900,"height":1600,"caption":"Frank Liebke"},"logo":{"@id":"https:\/\/liebke-foto.de\/maerkischeslicht\/wp-content\/uploads\/2021\/12\/IMG-20211024-WA0001.jpg"},"sameAs":["https:\/\/liebke-foto.de"],"url":"https:\/\/liebke-foto.de\/maerkischeslicht\/author\/adminuser\/"}]}},"_links":{"self":[{"href":"https:\/\/liebke-foto.de\/maerkischeslicht\/wp-json\/wp\/v2\/posts\/6396","targetHints":{"allow":["GET"]}}],"collection":[{"href":"https:\/\/liebke-foto.de\/maerkischeslicht\/wp-json\/wp\/v2\/posts"}],"about":[{"href":"https:\/\/liebke-foto.de\/maerkischeslicht\/wp-json\/wp\/v2\/types\/post"}],"author":[{"embeddable":true,"href":"https:\/\/liebke-foto.de\/maerkischeslicht\/wp-json\/wp\/v2\/users\/1"}],"replies":[{"embeddable":true,"href":"https:\/\/liebke-foto.de\/maerkischeslicht\/wp-json\/wp\/v2\/comments?post=6396"}],"version-history":[{"count":7,"href":"https:\/\/liebke-foto.de\/maerkischeslicht\/wp-json\/wp\/v2\/posts\/6396\/revisions"}],"predecessor-version":[{"id":6692,"href":"https:\/\/liebke-foto.de\/maerkischeslicht\/wp-json\/wp\/v2\/posts\/6396\/revisions\/6692"}],"wp:featuredmedia":[{"embeddable":true,"href":"https:\/\/liebke-foto.de\/maerkischeslicht\/wp-json\/wp\/v2\/media\/6401"}],"wp:attachment":[{"href":"https:\/\/liebke-foto.de\/maerkischeslicht\/wp-json\/wp\/v2\/media?parent=6396"}],"wp:term":[{"taxonomy":"category","embeddable":true,"href":"https:\/\/liebke-foto.de\/maerkischeslicht\/wp-json\/wp\/v2\/categories?post=6396"},{"taxonomy":"post_tag","embeddable":true,"href":"https:\/\/liebke-foto.de\/maerkischeslicht\/wp-json\/wp\/v2\/tags?post=6396"}],"curies":[{"name":"wp","href":"https:\/\/api.w.org\/{rel}","templated":true}]}}