{"id":6348,"date":"2022-08-27T13:54:47","date_gmt":"2022-08-27T11:54:47","guid":{"rendered":"https:\/\/liebke-foto.de\/maerkischeslicht\/?p=6348"},"modified":"2022-08-27T14:18:10","modified_gmt":"2022-08-27T12:18:10","slug":"es-wird-wieder-einen-a2-kalender-maerkisches-licht-geben","status":"publish","type":"post","link":"https:\/\/liebke-foto.de\/maerkischeslicht\/es-wird-wieder-einen-a2-kalender-maerkisches-licht-geben\/","title":{"rendered":"Es wird wieder einen A2-Kalender &#8222;M\u00e4rkisches Licht&#8220; geben"},"content":{"rendered":"<div class=\"wp-block-image\">\n<figure class=\"aligncenter size-large\"><a href=\"https:\/\/liebke-foto.de\/maerkischeslicht\/wp-content\/uploads\/2022\/08\/A2_kal-ML2023_Liebke_Vorschau-1.jpg\"><img loading=\"lazy\" decoding=\"async\" width=\"1131\" height=\"800\" src=\"https:\/\/liebke-foto.de\/maerkischeslicht\/wp-content\/uploads\/2022\/08\/A2_kal-ML2023_Liebke_Vorschau-1-1131x800.jpg\" alt=\"Es wird wieder einen A2-Kalender &quot;M\u00e4rkisches Licht&quot; geben\" class=\"wp-image-6349\" srcset=\"https:\/\/liebke-foto.de\/maerkischeslicht\/wp-content\/uploads\/2022\/08\/A2_kal-ML2023_Liebke_Vorschau-1-1131x800.jpg 1131w, https:\/\/liebke-foto.de\/maerkischeslicht\/wp-content\/uploads\/2022\/08\/A2_kal-ML2023_Liebke_Vorschau-1-768x543.jpg 768w, https:\/\/liebke-foto.de\/maerkischeslicht\/wp-content\/uploads\/2022\/08\/A2_kal-ML2023_Liebke_Vorschau-1.jpg 1400w\" sizes=\"auto, (max-width: 1131px) 100vw, 1131px\" \/><\/a><figcaption>A2-Kalender &#8222;M\u00e4rkisches Licht&#8220; 2023<\/figcaption><\/figure>\n<\/div>\n\n\n<h2 class=\"wp-block-heading\">Hier zeige ich schon mal die Vorschau dazu<\/h2>\n\n\n\n<p>Der A5-Gemeinschaftskalender mit der Romanautorin <a href=\"https:\/\/meerschreibfrau.blog\" target=\"_blank\" rel=\"noreferrer noopener\">Patricia Koelle<\/a> war eine neue Idee von uns. Und wir freuen uns sehr, dass er schon bis jetzt einen sehr gro\u00dfen Anklang gefunden hat.<\/p>\n\n\n\n<p>Nun h\u00e4ufen sich die Fragen von Liebhabern meiner M\u00e4rkisches-Licht-Kalender im gr\u00f6\u00dferen Format. <\/p>\n\n\n\n<p>Ja, auch den gibt es wieder, die fertige Datei geht demn\u00e4chst in die Druckerei. Und dann gibt es hier im Blog und dann auch auf Facebook die Infos dazu. Wie alles um uns herum wird er auch teurer werden, nicht nur die Papierpreise sind gestiegen. Das gef\u00e4llt mir nicht, aber es ist leider nicht zu \u00e4ndern. Sicher werden einige deshalb nicht mehr bestellen, was ich gut verstehen kann. So werde ich die Auflage etwas kleiner halten. Wenn er bestellbar ist, melde ich mich mit einem neuen Blog. Abonenten meines Newsletters werden dann automatisch per Mail benachrichtigt.<\/p>\n\n\n\n<p>Und nun viel Freude mit den Vorschaubildern.<\/p>\n\n\n<div class=\"wp-block-image\">\n<figure class=\"aligncenter size-large\"><a href=\"https:\/\/liebke-foto.de\/maerkischeslicht\/wp-content\/uploads\/2022\/08\/Januar-1.jpg\"><img loading=\"lazy\" decoding=\"async\" width=\"1131\" height=\"800\" src=\"https:\/\/liebke-foto.de\/maerkischeslicht\/wp-content\/uploads\/2022\/08\/Januar-1-1131x800.jpg\" alt=\"\" class=\"wp-image-6354\" srcset=\"https:\/\/liebke-foto.de\/maerkischeslicht\/wp-content\/uploads\/2022\/08\/Januar-1-1131x800.jpg 1131w, https:\/\/liebke-foto.de\/maerkischeslicht\/wp-content\/uploads\/2022\/08\/Januar-1-768x543.jpg 768w, https:\/\/liebke-foto.de\/maerkischeslicht\/wp-content\/uploads\/2022\/08\/Januar-1.jpg 1400w\" sizes=\"auto, (max-width: 1131px) 100vw, 1131px\" \/><\/a><\/figure>\n<\/div>\n\n<div class=\"wp-block-image\">\n<figure class=\"aligncenter size-large\"><a href=\"https:\/\/liebke-foto.de\/maerkischeslicht\/wp-content\/uploads\/2022\/08\/Februar-1.jpg\"><img loading=\"lazy\" decoding=\"async\" width=\"1131\" height=\"800\" src=\"https:\/\/liebke-foto.de\/maerkischeslicht\/wp-content\/uploads\/2022\/08\/Februar-1-1131x800.jpg\" alt=\"\" class=\"wp-image-6353\" srcset=\"https:\/\/liebke-foto.de\/maerkischeslicht\/wp-content\/uploads\/2022\/08\/Februar-1-1131x800.jpg 1131w, https:\/\/liebke-foto.de\/maerkischeslicht\/wp-content\/uploads\/2022\/08\/Februar-1-768x543.jpg 768w, https:\/\/liebke-foto.de\/maerkischeslicht\/wp-content\/uploads\/2022\/08\/Februar-1.jpg 1400w\" sizes=\"auto, (max-width: 1131px) 100vw, 1131px\" \/><\/a><\/figure>\n<\/div>\n\n<div class=\"wp-block-image\">\n<figure class=\"aligncenter size-large\"><a href=\"https:\/\/liebke-foto.de\/maerkischeslicht\/wp-content\/uploads\/2022\/08\/Maerz-1.jpg\"><img loading=\"lazy\" decoding=\"async\" width=\"1131\" height=\"800\" src=\"https:\/\/liebke-foto.de\/maerkischeslicht\/wp-content\/uploads\/2022\/08\/Maerz-1-1131x800.jpg\" alt=\"\" class=\"wp-image-6358\" srcset=\"https:\/\/liebke-foto.de\/maerkischeslicht\/wp-content\/uploads\/2022\/08\/Maerz-1-1131x800.jpg 1131w, https:\/\/liebke-foto.de\/maerkischeslicht\/wp-content\/uploads\/2022\/08\/Maerz-1-768x543.jpg 768w, https:\/\/liebke-foto.de\/maerkischeslicht\/wp-content\/uploads\/2022\/08\/Maerz-1.jpg 1400w\" sizes=\"auto, (max-width: 1131px) 100vw, 1131px\" \/><\/a><\/figure>\n<\/div>\n\n<div class=\"wp-block-image\">\n<figure class=\"aligncenter size-large\"><a href=\"https:\/\/liebke-foto.de\/maerkischeslicht\/wp-content\/uploads\/2022\/08\/April-1.jpg\"><img loading=\"lazy\" decoding=\"async\" width=\"1131\" height=\"800\" src=\"https:\/\/liebke-foto.de\/maerkischeslicht\/wp-content\/uploads\/2022\/08\/April-1-1131x800.jpg\" alt=\"\" class=\"wp-image-6350\" srcset=\"https:\/\/liebke-foto.de\/maerkischeslicht\/wp-content\/uploads\/2022\/08\/April-1-1131x800.jpg 1131w, https:\/\/liebke-foto.de\/maerkischeslicht\/wp-content\/uploads\/2022\/08\/April-1-768x543.jpg 768w, https:\/\/liebke-foto.de\/maerkischeslicht\/wp-content\/uploads\/2022\/08\/April-1.jpg 1400w\" sizes=\"auto, (max-width: 1131px) 100vw, 1131px\" \/><\/a><\/figure>\n<\/div>\n\n<div class=\"wp-block-image\">\n<figure class=\"aligncenter size-large\"><a href=\"https:\/\/liebke-foto.de\/maerkischeslicht\/wp-content\/uploads\/2022\/08\/Mai-1.jpg\"><img loading=\"lazy\" decoding=\"async\" width=\"1131\" height=\"800\" src=\"https:\/\/liebke-foto.de\/maerkischeslicht\/wp-content\/uploads\/2022\/08\/Mai-1-1131x800.jpg\" alt=\"\" class=\"wp-image-6357\" srcset=\"https:\/\/liebke-foto.de\/maerkischeslicht\/wp-content\/uploads\/2022\/08\/Mai-1-1131x800.jpg 1131w, https:\/\/liebke-foto.de\/maerkischeslicht\/wp-content\/uploads\/2022\/08\/Mai-1-768x543.jpg 768w, https:\/\/liebke-foto.de\/maerkischeslicht\/wp-content\/uploads\/2022\/08\/Mai-1.jpg 1400w\" sizes=\"auto, (max-width: 1131px) 100vw, 1131px\" \/><\/a><\/figure>\n<\/div>\n\n<div class=\"wp-block-image\">\n<figure class=\"aligncenter size-large\"><a href=\"https:\/\/liebke-foto.de\/maerkischeslicht\/wp-content\/uploads\/2022\/08\/Juni-1.jpg\"><img loading=\"lazy\" decoding=\"async\" width=\"1131\" height=\"800\" src=\"https:\/\/liebke-foto.de\/maerkischeslicht\/wp-content\/uploads\/2022\/08\/Juni-1-1131x800.jpg\" alt=\"\" class=\"wp-image-6356\" srcset=\"https:\/\/liebke-foto.de\/maerkischeslicht\/wp-content\/uploads\/2022\/08\/Juni-1-1131x800.jpg 1131w, https:\/\/liebke-foto.de\/maerkischeslicht\/wp-content\/uploads\/2022\/08\/Juni-1-768x543.jpg 768w, https:\/\/liebke-foto.de\/maerkischeslicht\/wp-content\/uploads\/2022\/08\/Juni-1.jpg 1400w\" sizes=\"auto, (max-width: 1131px) 100vw, 1131px\" \/><\/a><\/figure>\n<\/div>\n\n<div class=\"wp-block-image\">\n<figure class=\"aligncenter size-large\"><a href=\"https:\/\/liebke-foto.de\/maerkischeslicht\/wp-content\/uploads\/2022\/08\/Juli-1.jpg\"><img loading=\"lazy\" decoding=\"async\" width=\"1131\" height=\"800\" src=\"https:\/\/liebke-foto.de\/maerkischeslicht\/wp-content\/uploads\/2022\/08\/Juli-1-1131x800.jpg\" alt=\"\" class=\"wp-image-6355\" srcset=\"https:\/\/liebke-foto.de\/maerkischeslicht\/wp-content\/uploads\/2022\/08\/Juli-1-1131x800.jpg 1131w, https:\/\/liebke-foto.de\/maerkischeslicht\/wp-content\/uploads\/2022\/08\/Juli-1-768x543.jpg 768w, https:\/\/liebke-foto.de\/maerkischeslicht\/wp-content\/uploads\/2022\/08\/Juli-1.jpg 1400w\" sizes=\"auto, (max-width: 1131px) 100vw, 1131px\" \/><\/a><\/figure>\n<\/div>\n\n<div class=\"wp-block-image\">\n<figure class=\"aligncenter size-large\"><a href=\"https:\/\/liebke-foto.de\/maerkischeslicht\/wp-content\/uploads\/2022\/08\/August-1.jpg\"><img loading=\"lazy\" decoding=\"async\" width=\"1131\" height=\"800\" src=\"https:\/\/liebke-foto.de\/maerkischeslicht\/wp-content\/uploads\/2022\/08\/August-1-1131x800.jpg\" alt=\"\" class=\"wp-image-6351\" srcset=\"https:\/\/liebke-foto.de\/maerkischeslicht\/wp-content\/uploads\/2022\/08\/August-1-1131x800.jpg 1131w, https:\/\/liebke-foto.de\/maerkischeslicht\/wp-content\/uploads\/2022\/08\/August-1-768x543.jpg 768w, https:\/\/liebke-foto.de\/maerkischeslicht\/wp-content\/uploads\/2022\/08\/August-1.jpg 1400w\" sizes=\"auto, (max-width: 1131px) 100vw, 1131px\" \/><\/a><\/figure>\n<\/div>\n\n<div class=\"wp-block-image\">\n<figure class=\"aligncenter size-large\"><a href=\"https:\/\/liebke-foto.de\/maerkischeslicht\/wp-content\/uploads\/2022\/08\/September-1.jpg\"><img loading=\"lazy\" decoding=\"async\" width=\"1131\" height=\"800\" src=\"https:\/\/liebke-foto.de\/maerkischeslicht\/wp-content\/uploads\/2022\/08\/September-1-1131x800.jpg\" alt=\"\" class=\"wp-image-6361\" srcset=\"https:\/\/liebke-foto.de\/maerkischeslicht\/wp-content\/uploads\/2022\/08\/September-1-1131x800.jpg 1131w, https:\/\/liebke-foto.de\/maerkischeslicht\/wp-content\/uploads\/2022\/08\/September-1-768x543.jpg 768w, https:\/\/liebke-foto.de\/maerkischeslicht\/wp-content\/uploads\/2022\/08\/September-1.jpg 1400w\" sizes=\"auto, (max-width: 1131px) 100vw, 1131px\" \/><\/a><\/figure>\n<\/div>\n\n<div class=\"wp-block-image\">\n<figure class=\"aligncenter size-large\"><a href=\"https:\/\/liebke-foto.de\/maerkischeslicht\/wp-content\/uploads\/2022\/08\/Oktober-1.jpg\"><img loading=\"lazy\" decoding=\"async\" width=\"1131\" height=\"800\" src=\"https:\/\/liebke-foto.de\/maerkischeslicht\/wp-content\/uploads\/2022\/08\/Oktober-1-1131x800.jpg\" alt=\"\" class=\"wp-image-6360\" srcset=\"https:\/\/liebke-foto.de\/maerkischeslicht\/wp-content\/uploads\/2022\/08\/Oktober-1-1131x800.jpg 1131w, https:\/\/liebke-foto.de\/maerkischeslicht\/wp-content\/uploads\/2022\/08\/Oktober-1-768x543.jpg 768w, https:\/\/liebke-foto.de\/maerkischeslicht\/wp-content\/uploads\/2022\/08\/Oktober-1.jpg 1400w\" sizes=\"auto, (max-width: 1131px) 100vw, 1131px\" \/><\/a><\/figure>\n<\/div>\n\n<div class=\"wp-block-image\">\n<figure class=\"aligncenter size-large\"><a href=\"https:\/\/liebke-foto.de\/maerkischeslicht\/wp-content\/uploads\/2022\/08\/November-1.jpg\"><img loading=\"lazy\" decoding=\"async\" width=\"1131\" height=\"800\" src=\"https:\/\/liebke-foto.de\/maerkischeslicht\/wp-content\/uploads\/2022\/08\/November-1-1131x800.jpg\" alt=\"\" class=\"wp-image-6359\" srcset=\"https:\/\/liebke-foto.de\/maerkischeslicht\/wp-content\/uploads\/2022\/08\/November-1-1131x800.jpg 1131w, https:\/\/liebke-foto.de\/maerkischeslicht\/wp-content\/uploads\/2022\/08\/November-1-768x543.jpg 768w, https:\/\/liebke-foto.de\/maerkischeslicht\/wp-content\/uploads\/2022\/08\/November-1.jpg 1400w\" sizes=\"auto, (max-width: 1131px) 100vw, 1131px\" \/><\/a><\/figure>\n<\/div>\n\n<div class=\"wp-block-image\">\n<figure class=\"aligncenter size-large\"><a href=\"https:\/\/liebke-foto.de\/maerkischeslicht\/wp-content\/uploads\/2022\/08\/Dezember-1.jpg\"><img loading=\"lazy\" decoding=\"async\" width=\"1131\" height=\"800\" src=\"https:\/\/liebke-foto.de\/maerkischeslicht\/wp-content\/uploads\/2022\/08\/Dezember-1-1131x800.jpg\" alt=\"\" class=\"wp-image-6352\" srcset=\"https:\/\/liebke-foto.de\/maerkischeslicht\/wp-content\/uploads\/2022\/08\/Dezember-1-1131x800.jpg 1131w, https:\/\/liebke-foto.de\/maerkischeslicht\/wp-content\/uploads\/2022\/08\/Dezember-1-768x543.jpg 768w, https:\/\/liebke-foto.de\/maerkischeslicht\/wp-content\/uploads\/2022\/08\/Dezember-1.jpg 1400w\" sizes=\"auto, (max-width: 1131px) 100vw, 1131px\" \/><\/a><\/figure>\n<\/div>\n\n\n<div style=\"padding:20px\" class=\"wp-block-tnp-minimal\"><p>Subscribe to our newsletter!<\/p><div><div class=\"tnp tnp-subscription \">\n<form method=\"post\" action=\"https:\/\/liebke-foto.de\/maerkischeslicht\/wp-admin\/admin-ajax.php?action=tnp&amp;na=s\">\n<input type=\"hidden\" name=\"nlang\" value=\"\">\n<div class=\"tnp-field tnp-field-firstname\"><label for=\"tnp-1\">Vorname oder ganzer Name<\/label>\n<input class=\"tnp-name\" type=\"text\" name=\"nn\" id=\"tnp-1\" value=\"\" placeholder=\"\"><\/div>\n<div class=\"tnp-field tnp-field-email\"><label for=\"tnp-2\">Email<\/label>\n<input class=\"tnp-email\" type=\"email\" name=\"ne\" id=\"tnp-2\" value=\"\" placeholder=\"\" required><\/div>\n<div class=\"tnp-field tnp-privacy-field\"><label><input type=\"checkbox\" name=\"ny\" required class=\"tnp-privacy\"> Indem Du fortf\u00e4hrst, akzeptierst Du unsere Datenschutzerkl\u00e4rung.<\/label><\/div><div class=\"tnp-field tnp-field-button\" style=\"text-align: left\"><input class=\"tnp-submit\" type=\"submit\" value=\"Abonnieren\" style=\"\">\n<\/div>\n<\/form>\n<\/div>\n<\/div><\/div>\n\n\n\n\n","protected":false},"excerpt":{"rendered":"<p>Hier zeige ich schon mal die Vorschau dazu Der A5-Gemeinschaftskalender mit der Romanautorin Patricia Koelle war eine neue Idee von uns. Und wir&#8230;<\/p>\n","protected":false},"author":1,"featured_media":6349,"comment_status":"open","ping_status":"open","sticky":false,"template":"","format":"image","meta":{"footnotes":""},"categories":[1,11],"tags":[],"class_list":["post-6348","post","type-post","status-publish","format-image","has-post-thumbnail","hentry","category-allgemein","category-im-land-brandenburg-unterwegs","post_format-post-format-image"],"yoast_head":"<!-- This site is optimized with the Yoast SEO plugin v27.4 - https:\/\/yoast.com\/product\/yoast-seo-wordpress\/ -->\n<title>Es wird wieder einen A2-Kalender &quot;M\u00e4rkisches Licht&quot; geben - M\u00e4rkisches Licht - Der Fotograf der Stille<\/title>\n<meta name=\"description\" content=\"Es wird wieder einen A2-Kalender &quot;M\u00e4rkisches Licht&quot; geben. Hier zeige ich schon mal die Vorschau dazu.\" \/>\n<meta name=\"robots\" content=\"index, follow, max-snippet:-1, max-image-preview:large, max-video-preview:-1\" \/>\n<link rel=\"canonical\" href=\"https:\/\/liebke-foto.de\/maerkischeslicht\/es-wird-wieder-einen-a2-kalender-maerkisches-licht-geben\/\" \/>\n<meta property=\"og:locale\" content=\"de_DE\" \/>\n<meta property=\"og:type\" content=\"article\" \/>\n<meta property=\"og:title\" content=\"Es wird wieder einen A2-Kalender &quot;M\u00e4rkisches Licht&quot; geben - M\u00e4rkisches Licht - Der Fotograf der Stille\" \/>\n<meta property=\"og:description\" content=\"Es wird wieder einen A2-Kalender &quot;M\u00e4rkisches Licht&quot; geben. Hier zeige ich schon mal die Vorschau dazu.\" \/>\n<meta property=\"og:url\" content=\"https:\/\/liebke-foto.de\/maerkischeslicht\/es-wird-wieder-einen-a2-kalender-maerkisches-licht-geben\/\" \/>\n<meta property=\"og:site_name\" content=\"M\u00e4rkisches Licht - Der Fotograf der Stille\" \/>\n<meta property=\"article:published_time\" content=\"2022-08-27T11:54:47+00:00\" \/>\n<meta property=\"article:modified_time\" content=\"2022-08-27T12:18:10+00:00\" \/>\n<meta property=\"og:image\" content=\"https:\/\/liebke-foto.de\/maerkischeslicht\/wp-content\/uploads\/2022\/08\/A2_kal-ML2023_Liebke_Vorschau-1.jpg\" \/>\n\t<meta property=\"og:image:width\" content=\"1400\" \/>\n\t<meta property=\"og:image:height\" content=\"990\" \/>\n\t<meta property=\"og:image:type\" content=\"image\/jpeg\" \/>\n<meta name=\"author\" content=\"Frank Liebke\" \/>\n<meta name=\"twitter:card\" content=\"summary_large_image\" \/>\n<meta name=\"twitter:label1\" content=\"Verfasst von\" \/>\n\t<meta name=\"twitter:data1\" content=\"Frank Liebke\" \/>\n\t<meta name=\"twitter:label2\" content=\"Gesch\u00e4tzte Lesezeit\" \/>\n\t<meta name=\"twitter:data2\" content=\"1\u00a0Minute\" \/>\n<script type=\"application\/ld+json\" class=\"yoast-schema-graph\">{\"@context\":\"https:\\\/\\\/schema.org\",\"@graph\":[{\"@type\":\"Article\",\"@id\":\"https:\\\/\\\/liebke-foto.de\\\/maerkischeslicht\\\/es-wird-wieder-einen-a2-kalender-maerkisches-licht-geben\\\/#article\",\"isPartOf\":{\"@id\":\"https:\\\/\\\/liebke-foto.de\\\/maerkischeslicht\\\/es-wird-wieder-einen-a2-kalender-maerkisches-licht-geben\\\/\"},\"author\":{\"name\":\"Frank Liebke\",\"@id\":\"https:\\\/\\\/liebke-foto.de\\\/maerkischeslicht\\\/#\\\/schema\\\/person\\\/d71108abc09a723daeeb8526a33137ee\"},\"headline\":\"Es wird wieder einen A2-Kalender &#8222;M\u00e4rkisches Licht&#8220; geben\",\"datePublished\":\"2022-08-27T11:54:47+00:00\",\"dateModified\":\"2022-08-27T12:18:10+00:00\",\"mainEntityOfPage\":{\"@id\":\"https:\\\/\\\/liebke-foto.de\\\/maerkischeslicht\\\/es-wird-wieder-einen-a2-kalender-maerkisches-licht-geben\\\/\"},\"wordCount\":180,\"commentCount\":2,\"publisher\":{\"@id\":\"https:\\\/\\\/liebke-foto.de\\\/maerkischeslicht\\\/#\\\/schema\\\/person\\\/d71108abc09a723daeeb8526a33137ee\"},\"image\":{\"@id\":\"https:\\\/\\\/liebke-foto.de\\\/maerkischeslicht\\\/es-wird-wieder-einen-a2-kalender-maerkisches-licht-geben\\\/#primaryimage\"},\"thumbnailUrl\":\"https:\\\/\\\/liebke-foto.de\\\/maerkischeslicht\\\/wp-content\\\/uploads\\\/2022\\\/08\\\/A2_kal-ML2023_Liebke_Vorschau-1.jpg\",\"articleSection\":{\"1\":\"Im Land Brandenburg unterwegs\"},\"inLanguage\":\"de\",\"potentialAction\":[{\"@type\":\"CommentAction\",\"name\":\"Comment\",\"target\":[\"https:\\\/\\\/liebke-foto.de\\\/maerkischeslicht\\\/es-wird-wieder-einen-a2-kalender-maerkisches-licht-geben\\\/#respond\"]}]},{\"@type\":\"WebPage\",\"@id\":\"https:\\\/\\\/liebke-foto.de\\\/maerkischeslicht\\\/es-wird-wieder-einen-a2-kalender-maerkisches-licht-geben\\\/\",\"url\":\"https:\\\/\\\/liebke-foto.de\\\/maerkischeslicht\\\/es-wird-wieder-einen-a2-kalender-maerkisches-licht-geben\\\/\",\"name\":\"Es wird wieder einen A2-Kalender \\\"M\u00e4rkisches Licht\\\" geben - M\u00e4rkisches Licht - Der Fotograf der Stille\",\"isPartOf\":{\"@id\":\"https:\\\/\\\/liebke-foto.de\\\/maerkischeslicht\\\/#website\"},\"primaryImageOfPage\":{\"@id\":\"https:\\\/\\\/liebke-foto.de\\\/maerkischeslicht\\\/es-wird-wieder-einen-a2-kalender-maerkisches-licht-geben\\\/#primaryimage\"},\"image\":{\"@id\":\"https:\\\/\\\/liebke-foto.de\\\/maerkischeslicht\\\/es-wird-wieder-einen-a2-kalender-maerkisches-licht-geben\\\/#primaryimage\"},\"thumbnailUrl\":\"https:\\\/\\\/liebke-foto.de\\\/maerkischeslicht\\\/wp-content\\\/uploads\\\/2022\\\/08\\\/A2_kal-ML2023_Liebke_Vorschau-1.jpg\",\"datePublished\":\"2022-08-27T11:54:47+00:00\",\"dateModified\":\"2022-08-27T12:18:10+00:00\",\"description\":\"Es wird wieder einen A2-Kalender \\\"M\u00e4rkisches Licht\\\" geben. Hier zeige ich schon mal die Vorschau dazu.\",\"breadcrumb\":{\"@id\":\"https:\\\/\\\/liebke-foto.de\\\/maerkischeslicht\\\/es-wird-wieder-einen-a2-kalender-maerkisches-licht-geben\\\/#breadcrumb\"},\"inLanguage\":\"de\",\"potentialAction\":[{\"@type\":\"ReadAction\",\"target\":[\"https:\\\/\\\/liebke-foto.de\\\/maerkischeslicht\\\/es-wird-wieder-einen-a2-kalender-maerkisches-licht-geben\\\/\"]}]},{\"@type\":\"ImageObject\",\"inLanguage\":\"de\",\"@id\":\"https:\\\/\\\/liebke-foto.de\\\/maerkischeslicht\\\/es-wird-wieder-einen-a2-kalender-maerkisches-licht-geben\\\/#primaryimage\",\"url\":\"https:\\\/\\\/liebke-foto.de\\\/maerkischeslicht\\\/wp-content\\\/uploads\\\/2022\\\/08\\\/A2_kal-ML2023_Liebke_Vorschau-1.jpg\",\"contentUrl\":\"https:\\\/\\\/liebke-foto.de\\\/maerkischeslicht\\\/wp-content\\\/uploads\\\/2022\\\/08\\\/A2_kal-ML2023_Liebke_Vorschau-1.jpg\",\"width\":1400,\"height\":990},{\"@type\":\"BreadcrumbList\",\"@id\":\"https:\\\/\\\/liebke-foto.de\\\/maerkischeslicht\\\/es-wird-wieder-einen-a2-kalender-maerkisches-licht-geben\\\/#breadcrumb\",\"itemListElement\":[{\"@type\":\"ListItem\",\"position\":1,\"name\":\"Startseite\",\"item\":\"https:\\\/\\\/liebke-foto.de\\\/maerkischeslicht\\\/\"},{\"@type\":\"ListItem\",\"position\":2,\"name\":\"Es wird wieder einen A2-Kalender &#8222;M\u00e4rkisches Licht&#8220; geben\"}]},{\"@type\":\"WebSite\",\"@id\":\"https:\\\/\\\/liebke-foto.de\\\/maerkischeslicht\\\/#website\",\"url\":\"https:\\\/\\\/liebke-foto.de\\\/maerkischeslicht\\\/\",\"name\":\"M\u00e4rkisches Licht - Der Fotograf der Stille\",\"description\":\"Die Liebe zum Leben...\",\"publisher\":{\"@id\":\"https:\\\/\\\/liebke-foto.de\\\/maerkischeslicht\\\/#\\\/schema\\\/person\\\/d71108abc09a723daeeb8526a33137ee\"},\"potentialAction\":[{\"@type\":\"SearchAction\",\"target\":{\"@type\":\"EntryPoint\",\"urlTemplate\":\"https:\\\/\\\/liebke-foto.de\\\/maerkischeslicht\\\/?s={search_term_string}\"},\"query-input\":{\"@type\":\"PropertyValueSpecification\",\"valueRequired\":true,\"valueName\":\"search_term_string\"}}],\"inLanguage\":\"de\"},{\"@type\":[\"Person\",\"Organization\"],\"@id\":\"https:\\\/\\\/liebke-foto.de\\\/maerkischeslicht\\\/#\\\/schema\\\/person\\\/d71108abc09a723daeeb8526a33137ee\",\"name\":\"Frank Liebke\",\"image\":{\"@type\":\"ImageObject\",\"inLanguage\":\"de\",\"@id\":\"https:\\\/\\\/liebke-foto.de\\\/maerkischeslicht\\\/wp-content\\\/uploads\\\/2021\\\/12\\\/IMG-20211024-WA0001.jpg\",\"url\":\"https:\\\/\\\/liebke-foto.de\\\/maerkischeslicht\\\/wp-content\\\/uploads\\\/2021\\\/12\\\/IMG-20211024-WA0001.jpg\",\"contentUrl\":\"https:\\\/\\\/liebke-foto.de\\\/maerkischeslicht\\\/wp-content\\\/uploads\\\/2021\\\/12\\\/IMG-20211024-WA0001.jpg\",\"width\":900,\"height\":1600,\"caption\":\"Frank Liebke\"},\"logo\":{\"@id\":\"https:\\\/\\\/liebke-foto.de\\\/maerkischeslicht\\\/wp-content\\\/uploads\\\/2021\\\/12\\\/IMG-20211024-WA0001.jpg\"},\"sameAs\":[\"https:\\\/\\\/liebke-foto.de\"],\"url\":\"https:\\\/\\\/liebke-foto.de\\\/maerkischeslicht\\\/author\\\/adminuser\\\/\"}]}<\/script>\n<!-- \/ Yoast SEO plugin. -->","yoast_head_json":{"title":"Es wird wieder einen A2-Kalender \"M\u00e4rkisches Licht\" geben - M\u00e4rkisches Licht - Der Fotograf der Stille","description":"Es wird wieder einen A2-Kalender \"M\u00e4rkisches Licht\" geben. Hier zeige ich schon mal die Vorschau dazu.","robots":{"index":"index","follow":"follow","max-snippet":"max-snippet:-1","max-image-preview":"max-image-preview:large","max-video-preview":"max-video-preview:-1"},"canonical":"https:\/\/liebke-foto.de\/maerkischeslicht\/es-wird-wieder-einen-a2-kalender-maerkisches-licht-geben\/","og_locale":"de_DE","og_type":"article","og_title":"Es wird wieder einen A2-Kalender \"M\u00e4rkisches Licht\" geben - M\u00e4rkisches Licht - Der Fotograf der Stille","og_description":"Es wird wieder einen A2-Kalender \"M\u00e4rkisches Licht\" geben. Hier zeige ich schon mal die Vorschau dazu.","og_url":"https:\/\/liebke-foto.de\/maerkischeslicht\/es-wird-wieder-einen-a2-kalender-maerkisches-licht-geben\/","og_site_name":"M\u00e4rkisches Licht - Der Fotograf der Stille","article_published_time":"2022-08-27T11:54:47+00:00","article_modified_time":"2022-08-27T12:18:10+00:00","og_image":[{"width":1400,"height":990,"url":"https:\/\/liebke-foto.de\/maerkischeslicht\/wp-content\/uploads\/2022\/08\/A2_kal-ML2023_Liebke_Vorschau-1.jpg","type":"image\/jpeg"}],"author":"Frank Liebke","twitter_card":"summary_large_image","twitter_misc":{"Verfasst von":"Frank Liebke","Gesch\u00e4tzte Lesezeit":"1\u00a0Minute"},"schema":{"@context":"https:\/\/schema.org","@graph":[{"@type":"Article","@id":"https:\/\/liebke-foto.de\/maerkischeslicht\/es-wird-wieder-einen-a2-kalender-maerkisches-licht-geben\/#article","isPartOf":{"@id":"https:\/\/liebke-foto.de\/maerkischeslicht\/es-wird-wieder-einen-a2-kalender-maerkisches-licht-geben\/"},"author":{"name":"Frank Liebke","@id":"https:\/\/liebke-foto.de\/maerkischeslicht\/#\/schema\/person\/d71108abc09a723daeeb8526a33137ee"},"headline":"Es wird wieder einen A2-Kalender &#8222;M\u00e4rkisches Licht&#8220; geben","datePublished":"2022-08-27T11:54:47+00:00","dateModified":"2022-08-27T12:18:10+00:00","mainEntityOfPage":{"@id":"https:\/\/liebke-foto.de\/maerkischeslicht\/es-wird-wieder-einen-a2-kalender-maerkisches-licht-geben\/"},"wordCount":180,"commentCount":2,"publisher":{"@id":"https:\/\/liebke-foto.de\/maerkischeslicht\/#\/schema\/person\/d71108abc09a723daeeb8526a33137ee"},"image":{"@id":"https:\/\/liebke-foto.de\/maerkischeslicht\/es-wird-wieder-einen-a2-kalender-maerkisches-licht-geben\/#primaryimage"},"thumbnailUrl":"https:\/\/liebke-foto.de\/maerkischeslicht\/wp-content\/uploads\/2022\/08\/A2_kal-ML2023_Liebke_Vorschau-1.jpg","articleSection":{"1":"Im Land Brandenburg unterwegs"},"inLanguage":"de","potentialAction":[{"@type":"CommentAction","name":"Comment","target":["https:\/\/liebke-foto.de\/maerkischeslicht\/es-wird-wieder-einen-a2-kalender-maerkisches-licht-geben\/#respond"]}]},{"@type":"WebPage","@id":"https:\/\/liebke-foto.de\/maerkischeslicht\/es-wird-wieder-einen-a2-kalender-maerkisches-licht-geben\/","url":"https:\/\/liebke-foto.de\/maerkischeslicht\/es-wird-wieder-einen-a2-kalender-maerkisches-licht-geben\/","name":"Es wird wieder einen A2-Kalender \"M\u00e4rkisches Licht\" geben - M\u00e4rkisches Licht - Der Fotograf der Stille","isPartOf":{"@id":"https:\/\/liebke-foto.de\/maerkischeslicht\/#website"},"primaryImageOfPage":{"@id":"https:\/\/liebke-foto.de\/maerkischeslicht\/es-wird-wieder-einen-a2-kalender-maerkisches-licht-geben\/#primaryimage"},"image":{"@id":"https:\/\/liebke-foto.de\/maerkischeslicht\/es-wird-wieder-einen-a2-kalender-maerkisches-licht-geben\/#primaryimage"},"thumbnailUrl":"https:\/\/liebke-foto.de\/maerkischeslicht\/wp-content\/uploads\/2022\/08\/A2_kal-ML2023_Liebke_Vorschau-1.jpg","datePublished":"2022-08-27T11:54:47+00:00","dateModified":"2022-08-27T12:18:10+00:00","description":"Es wird wieder einen A2-Kalender \"M\u00e4rkisches Licht\" geben. Hier zeige ich schon mal die Vorschau dazu.","breadcrumb":{"@id":"https:\/\/liebke-foto.de\/maerkischeslicht\/es-wird-wieder-einen-a2-kalender-maerkisches-licht-geben\/#breadcrumb"},"inLanguage":"de","potentialAction":[{"@type":"ReadAction","target":["https:\/\/liebke-foto.de\/maerkischeslicht\/es-wird-wieder-einen-a2-kalender-maerkisches-licht-geben\/"]}]},{"@type":"ImageObject","inLanguage":"de","@id":"https:\/\/liebke-foto.de\/maerkischeslicht\/es-wird-wieder-einen-a2-kalender-maerkisches-licht-geben\/#primaryimage","url":"https:\/\/liebke-foto.de\/maerkischeslicht\/wp-content\/uploads\/2022\/08\/A2_kal-ML2023_Liebke_Vorschau-1.jpg","contentUrl":"https:\/\/liebke-foto.de\/maerkischeslicht\/wp-content\/uploads\/2022\/08\/A2_kal-ML2023_Liebke_Vorschau-1.jpg","width":1400,"height":990},{"@type":"BreadcrumbList","@id":"https:\/\/liebke-foto.de\/maerkischeslicht\/es-wird-wieder-einen-a2-kalender-maerkisches-licht-geben\/#breadcrumb","itemListElement":[{"@type":"ListItem","position":1,"name":"Startseite","item":"https:\/\/liebke-foto.de\/maerkischeslicht\/"},{"@type":"ListItem","position":2,"name":"Es wird wieder einen A2-Kalender &#8222;M\u00e4rkisches Licht&#8220; geben"}]},{"@type":"WebSite","@id":"https:\/\/liebke-foto.de\/maerkischeslicht\/#website","url":"https:\/\/liebke-foto.de\/maerkischeslicht\/","name":"M\u00e4rkisches Licht - Der Fotograf der Stille","description":"Die Liebe zum Leben...","publisher":{"@id":"https:\/\/liebke-foto.de\/maerkischeslicht\/#\/schema\/person\/d71108abc09a723daeeb8526a33137ee"},"potentialAction":[{"@type":"SearchAction","target":{"@type":"EntryPoint","urlTemplate":"https:\/\/liebke-foto.de\/maerkischeslicht\/?s={search_term_string}"},"query-input":{"@type":"PropertyValueSpecification","valueRequired":true,"valueName":"search_term_string"}}],"inLanguage":"de"},{"@type":["Person","Organization"],"@id":"https:\/\/liebke-foto.de\/maerkischeslicht\/#\/schema\/person\/d71108abc09a723daeeb8526a33137ee","name":"Frank Liebke","image":{"@type":"ImageObject","inLanguage":"de","@id":"https:\/\/liebke-foto.de\/maerkischeslicht\/wp-content\/uploads\/2021\/12\/IMG-20211024-WA0001.jpg","url":"https:\/\/liebke-foto.de\/maerkischeslicht\/wp-content\/uploads\/2021\/12\/IMG-20211024-WA0001.jpg","contentUrl":"https:\/\/liebke-foto.de\/maerkischeslicht\/wp-content\/uploads\/2021\/12\/IMG-20211024-WA0001.jpg","width":900,"height":1600,"caption":"Frank Liebke"},"logo":{"@id":"https:\/\/liebke-foto.de\/maerkischeslicht\/wp-content\/uploads\/2021\/12\/IMG-20211024-WA0001.jpg"},"sameAs":["https:\/\/liebke-foto.de"],"url":"https:\/\/liebke-foto.de\/maerkischeslicht\/author\/adminuser\/"}]}},"_links":{"self":[{"href":"https:\/\/liebke-foto.de\/maerkischeslicht\/wp-json\/wp\/v2\/posts\/6348","targetHints":{"allow":["GET"]}}],"collection":[{"href":"https:\/\/liebke-foto.de\/maerkischeslicht\/wp-json\/wp\/v2\/posts"}],"about":[{"href":"https:\/\/liebke-foto.de\/maerkischeslicht\/wp-json\/wp\/v2\/types\/post"}],"author":[{"embeddable":true,"href":"https:\/\/liebke-foto.de\/maerkischeslicht\/wp-json\/wp\/v2\/users\/1"}],"replies":[{"embeddable":true,"href":"https:\/\/liebke-foto.de\/maerkischeslicht\/wp-json\/wp\/v2\/comments?post=6348"}],"version-history":[{"count":5,"href":"https:\/\/liebke-foto.de\/maerkischeslicht\/wp-json\/wp\/v2\/posts\/6348\/revisions"}],"predecessor-version":[{"id":6367,"href":"https:\/\/liebke-foto.de\/maerkischeslicht\/wp-json\/wp\/v2\/posts\/6348\/revisions\/6367"}],"wp:featuredmedia":[{"embeddable":true,"href":"https:\/\/liebke-foto.de\/maerkischeslicht\/wp-json\/wp\/v2\/media\/6349"}],"wp:attachment":[{"href":"https:\/\/liebke-foto.de\/maerkischeslicht\/wp-json\/wp\/v2\/media?parent=6348"}],"wp:term":[{"taxonomy":"category","embeddable":true,"href":"https:\/\/liebke-foto.de\/maerkischeslicht\/wp-json\/wp\/v2\/categories?post=6348"},{"taxonomy":"post_tag","embeddable":true,"href":"https:\/\/liebke-foto.de\/maerkischeslicht\/wp-json\/wp\/v2\/tags?post=6348"}],"curies":[{"name":"wp","href":"https:\/\/api.w.org\/{rel}","templated":true}]}}