{"id":6306,"date":"2022-08-11T15:52:01","date_gmt":"2022-08-11T13:52:01","guid":{"rendered":"https:\/\/liebke-foto.de\/maerkischeslicht\/?p=6306"},"modified":"2023-07-29T13:08:58","modified_gmt":"2023-07-29T11:08:58","slug":"der-a5-koelle-liebke-kalender-kann-bestellt-werden","status":"publish","type":"post","link":"https:\/\/liebke-foto.de\/maerkischeslicht\/der-a5-koelle-liebke-kalender-kann-bestellt-werden\/","title":{"rendered":"Der A5 Koelle-Liebke Kalender kann bestellt werden!"},"content":{"rendered":"<div class=\"wp-block-image\">\n<figure class=\"aligncenter size-full\"><a href=\"https:\/\/liebke-foto.de\/maerkischeslicht\/wp-content\/uploads\/2022\/08\/Titel.jpg\"><img loading=\"lazy\" decoding=\"async\" width=\"564\" height=\"800\" src=\"https:\/\/liebke-foto.de\/maerkischeslicht\/wp-content\/uploads\/2022\/08\/Titel.jpg\" alt=\"Kalender A5-quer, Romane Patricia Koelle, Bilder und Design: M\u00e4rkisches Licht Frank Liebke\" class=\"wp-image-6322\"\/><\/a><figcaption class=\"wp-element-caption\">Kalender A5-quer, Romane Patricia Koelle, Bilder und Design: M\u00e4rkisches Licht Frank Liebke<\/figcaption><\/figure>\n<\/div>\n\n\n<p>Nun ist es soweit. Wie schon angek\u00fcndigt, ist der <a href=\"https:\/\/liebke-foto.de\/maerkischeslicht\/a5-kalender-2023-koelle-liebke\/\" target=\"_blank\" rel=\"noreferrer noopener\">Kalender<\/a> geliefert. Er kostet 15,00 \u20ac incl. Verpackung und Versand (f\u00fcr Interessenten aus \u00d6sterreich und der Schweiz 18,00 \u20ac). <br \/>Gedruckt auf kr\u00e4ftiges 250g-Papier, gl\u00e4nzend im Format A5-hoch. Es wurde schon ein vielfaches Interesse gemeldet. Jeder, der ihn wirklich kaufen m\u00f6chte, schreibt mir bitte eine E-Mail, <\/p>\n\n\n\n<p>NUR AN DIESE ADRESSE!:<br \/><a href=\"mailto:frank@fotoliebke.de\" target=\"_blank\" rel=\"noreferrer noopener\">frank@fotoliebke.de<\/a><\/p>\n\n\n\n<p>Darauf antworte ich per Mail mit meinen \u00dcberweisungsdaten. Ist das Geld auf dem Konto eingegangen, wird der oder werden die Kalender sofort verpackt und umgehend verschickt. <\/p>\n\n\n\n<p>Bestellte und von uns gelieferte Ware ist vom Umtausch ausgeschlossen! Es gelten unsere Gesch\u00e4ftsbedingungen!<\/p>\n\n\n\n<p>Das praktiziere ich nun schon seit Jahren, mit Zufriedenheit aller K\u00e4ufer. Und ich habe die Sicherheit, nicht meinem Geld nachlaufen zu m\u00fcssen. Denn die &#8222;Schwarzen Schafe&#8220; habe ich zum Anfang auch hier erlebt und das m\u00f6chte ich nicht. Nun freuen wir uns \u00fcber die Bestellungen, und hier zeige ich noch mal Vorschauen der Kalenderseiten. Viel Spa\u00df beim Anschauen:<\/p>\n\n\n<div class=\"wp-block-image\">\n<figure class=\"aligncenter size-full\"><a href=\"https:\/\/liebke-foto.de\/maerkischeslicht\/wp-content\/uploads\/2022\/08\/April.jpg\"><img loading=\"lazy\" decoding=\"async\" width=\"564\" height=\"800\" src=\"https:\/\/liebke-foto.de\/maerkischeslicht\/wp-content\/uploads\/2022\/08\/April.jpg\" alt=\"Kalender A5-quer, Romane Patricia Koelle, Bilder und Design: M\u00e4rkisches Licht Frank Liebke\" class=\"wp-image-6308\"\/><\/a><\/figure>\n<\/div>\n\n\n<p><\/p>\n\n\n<div class=\"wp-block-image\">\n<figure class=\"aligncenter size-full\"><a href=\"https:\/\/liebke-foto.de\/maerkischeslicht\/wp-content\/uploads\/2022\/08\/Mai.jpg\"><img loading=\"lazy\" decoding=\"async\" width=\"564\" height=\"800\" src=\"https:\/\/liebke-foto.de\/maerkischeslicht\/wp-content\/uploads\/2022\/08\/Mai.jpg\" alt=\"\" class=\"wp-image-6317\"\/><\/a><\/figure>\n<\/div>\n\n\n<p><\/p>\n\n\n<div class=\"wp-block-image\">\n<figure class=\"aligncenter size-full\"><a href=\"https:\/\/liebke-foto.de\/maerkischeslicht\/wp-content\/uploads\/2022\/08\/Juli.jpg\"><img loading=\"lazy\" decoding=\"async\" width=\"564\" height=\"800\" src=\"https:\/\/liebke-foto.de\/maerkischeslicht\/wp-content\/uploads\/2022\/08\/Juli.jpg\" alt=\"\" class=\"wp-image-6314\"\/><\/a><\/figure>\n<\/div>\n\n\n<p><\/p>\n\n\n<div class=\"wp-block-image\">\n<figure class=\"aligncenter size-full\"><a href=\"https:\/\/liebke-foto.de\/maerkischeslicht\/wp-content\/uploads\/2022\/08\/August.jpg\"><img loading=\"lazy\" decoding=\"async\" width=\"564\" height=\"800\" src=\"https:\/\/liebke-foto.de\/maerkischeslicht\/wp-content\/uploads\/2022\/08\/August.jpg\" alt=\"\" class=\"wp-image-6309\"\/><\/a><\/figure>\n<\/div>\n\n\n<p><\/p>\n\n\n<div class=\"wp-block-image\">\n<figure class=\"aligncenter size-full\"><a href=\"https:\/\/liebke-foto.de\/maerkischeslicht\/wp-content\/uploads\/2022\/08\/September.jpg\"><img loading=\"lazy\" decoding=\"async\" width=\"564\" height=\"800\" src=\"https:\/\/liebke-foto.de\/maerkischeslicht\/wp-content\/uploads\/2022\/08\/September.jpg\" alt=\"\" class=\"wp-image-6321\"\/><\/a><\/figure>\n<\/div>\n\n\n<p><\/p>\n\n\n<div class=\"wp-block-image\">\n<figure class=\"aligncenter size-full\"><a href=\"https:\/\/liebke-foto.de\/maerkischeslicht\/wp-content\/uploads\/2022\/08\/Patricia.jpg\"><img loading=\"lazy\" decoding=\"async\" width=\"564\" height=\"800\" src=\"https:\/\/liebke-foto.de\/maerkischeslicht\/wp-content\/uploads\/2022\/08\/Patricia.jpg\" alt=\"Kalender A5-quer, Romane Patricia Koelle, Bilder und Design: M\u00e4rkisches Licht Frank Liebke\" class=\"wp-image-6320\"\/><\/a><figcaption class=\"wp-element-caption\">Kalender A5-quer, Romane Patricia Koelle, Bilder und Design: M\u00e4rkisches Licht Frank Liebke<\/figcaption><\/figure>\n<\/div>\n\n\n<p><\/p>\n\n\n<div class=\"wp-block-image\">\n<figure class=\"aligncenter size-full\"><a href=\"https:\/\/liebke-foto.de\/maerkischeslicht\/wp-content\/uploads\/2022\/08\/Frank.jpg\"><img loading=\"lazy\" decoding=\"async\" width=\"564\" height=\"800\" src=\"https:\/\/liebke-foto.de\/maerkischeslicht\/wp-content\/uploads\/2022\/08\/Frank.jpg\" alt=\"Kalender A5-quer, Romane Patricia Koelle, Bilder und Design: M\u00e4rkisches Licht Frank Liebke\" class=\"wp-image-6312\"\/><\/a><figcaption class=\"wp-element-caption\">Kalender A5-quer, Romane Patricia Koelle, Bilder und Design: M\u00e4rkisches Licht Frank Liebke<\/figcaption><\/figure>\n<\/div>\n\n\n<div style=\"padding:20px\" class=\"wp-block-tnp-minimal\"><p>Subscribe to our newsletter!<\/p><div><div class=\"tnp tnp-subscription \">\n<form method=\"post\" action=\"https:\/\/liebke-foto.de\/maerkischeslicht\/wp-admin\/admin-ajax.php?action=tnp&amp;na=s\">\n<input type=\"hidden\" name=\"nlang\" value=\"\">\n<div class=\"tnp-field tnp-field-firstname\"><label for=\"tnp-1\">Vorname oder ganzer Name<\/label>\n<input class=\"tnp-name\" type=\"text\" name=\"nn\" id=\"tnp-1\" value=\"\" placeholder=\"\"><\/div>\n<div class=\"tnp-field tnp-field-email\"><label for=\"tnp-2\">Email<\/label>\n<input class=\"tnp-email\" type=\"email\" name=\"ne\" id=\"tnp-2\" value=\"\" placeholder=\"\" required><\/div>\n<div class=\"tnp-field tnp-privacy-field\"><label><input type=\"checkbox\" name=\"ny\" required class=\"tnp-privacy\"> Indem Du fortf\u00e4hrst, akzeptierst Du unsere Datenschutzerkl\u00e4rung.<\/label><\/div><div class=\"tnp-field tnp-field-button\" style=\"text-align: left\"><input class=\"tnp-submit\" type=\"submit\" value=\"Abonnieren\" style=\"\">\n<\/div>\n<\/form>\n<\/div>\n<\/div><\/div>\n\n\n\n\n","protected":false},"excerpt":{"rendered":"<p>Nun ist es soweit. Wie schon angek\u00fcndigt, ist der Kalender geliefert. Er kostet 15,00 \u20ac incl. Verpackung und Versand (f\u00fcr Interessenten aus \u00d6sterreich&#8230;<\/p>\n","protected":false},"author":1,"featured_media":6274,"comment_status":"open","ping_status":"open","sticky":false,"template":"","format":"image","meta":{"footnotes":""},"categories":[66],"tags":[],"class_list":["post-6306","post","type-post","status-publish","format-image","has-post-thumbnail","hentry","category-landpartie","post_format-post-format-image"],"yoast_head":"<!-- This site is optimized with the Yoast SEO plugin v27.4 - https:\/\/yoast.com\/product\/yoast-seo-wordpress\/ -->\n<title>Der A5 Koelle-Liebke Kalender kann bestellt werden! - M\u00e4rkisches Licht - Der Fotograf der Stille<\/title>\n<meta name=\"description\" content=\"Der A5 Koelle-Liebke Kalender kann bestellt werden! Nun, ist der Kalender gedruckt und geliefert. Kostet 15,00\u20ac incl. Verpackung und Versand.\" \/>\n<meta name=\"robots\" content=\"index, follow, max-snippet:-1, max-image-preview:large, max-video-preview:-1\" \/>\n<link rel=\"canonical\" href=\"https:\/\/liebke-foto.de\/maerkischeslicht\/der-a5-koelle-liebke-kalender-kann-bestellt-werden\/\" \/>\n<meta property=\"og:locale\" content=\"de_DE\" \/>\n<meta property=\"og:type\" content=\"article\" \/>\n<meta property=\"og:title\" content=\"Der A5 Koelle-Liebke Kalender kann bestellt werden! - M\u00e4rkisches Licht - Der Fotograf der Stille\" \/>\n<meta property=\"og:description\" content=\"Der A5 Koelle-Liebke Kalender kann bestellt werden! Nun, ist der Kalender gedruckt und geliefert. Kostet 15,00\u20ac incl. Verpackung und Versand.\" \/>\n<meta property=\"og:url\" content=\"https:\/\/liebke-foto.de\/maerkischeslicht\/der-a5-koelle-liebke-kalender-kann-bestellt-werden\/\" \/>\n<meta property=\"og:site_name\" content=\"M\u00e4rkisches Licht - Der Fotograf der Stille\" \/>\n<meta property=\"article:published_time\" content=\"2022-08-11T13:52:01+00:00\" \/>\n<meta property=\"article:modified_time\" content=\"2023-07-29T11:08:58+00:00\" \/>\n<meta property=\"og:image\" content=\"https:\/\/liebke-foto.de\/maerkischeslicht\/wp-content\/uploads\/2022\/07\/Titel-e1690628930443.jpg\" \/>\n\t<meta property=\"og:image:width\" content=\"353\" \/>\n\t<meta property=\"og:image:height\" content=\"500\" \/>\n\t<meta property=\"og:image:type\" content=\"image\/jpeg\" \/>\n<meta name=\"author\" content=\"Frank Liebke\" \/>\n<meta name=\"twitter:card\" content=\"summary_large_image\" \/>\n<meta name=\"twitter:label1\" content=\"Verfasst von\" \/>\n\t<meta name=\"twitter:data1\" content=\"Frank Liebke\" \/>\n\t<meta name=\"twitter:label2\" content=\"Gesch\u00e4tzte Lesezeit\" \/>\n\t<meta name=\"twitter:data2\" content=\"1\u00a0Minute\" \/>\n<script type=\"application\/ld+json\" class=\"yoast-schema-graph\">{\"@context\":\"https:\\\/\\\/schema.org\",\"@graph\":[{\"@type\":\"Article\",\"@id\":\"https:\\\/\\\/liebke-foto.de\\\/maerkischeslicht\\\/der-a5-koelle-liebke-kalender-kann-bestellt-werden\\\/#article\",\"isPartOf\":{\"@id\":\"https:\\\/\\\/liebke-foto.de\\\/maerkischeslicht\\\/der-a5-koelle-liebke-kalender-kann-bestellt-werden\\\/\"},\"author\":{\"name\":\"Frank Liebke\",\"@id\":\"https:\\\/\\\/liebke-foto.de\\\/maerkischeslicht\\\/#\\\/schema\\\/person\\\/d71108abc09a723daeeb8526a33137ee\"},\"headline\":\"Der A5 Koelle-Liebke Kalender kann bestellt werden!\",\"datePublished\":\"2022-08-11T13:52:01+00:00\",\"dateModified\":\"2023-07-29T11:08:58+00:00\",\"mainEntityOfPage\":{\"@id\":\"https:\\\/\\\/liebke-foto.de\\\/maerkischeslicht\\\/der-a5-koelle-liebke-kalender-kann-bestellt-werden\\\/\"},\"wordCount\":220,\"commentCount\":4,\"publisher\":{\"@id\":\"https:\\\/\\\/liebke-foto.de\\\/maerkischeslicht\\\/#\\\/schema\\\/person\\\/d71108abc09a723daeeb8526a33137ee\"},\"image\":{\"@id\":\"https:\\\/\\\/liebke-foto.de\\\/maerkischeslicht\\\/der-a5-koelle-liebke-kalender-kann-bestellt-werden\\\/#primaryimage\"},\"thumbnailUrl\":\"https:\\\/\\\/liebke-foto.de\\\/maerkischeslicht\\\/wp-content\\\/uploads\\\/2022\\\/07\\\/Titel-e1690628930443.jpg\",\"articleSection\":[\"LANDpartie, unterwegs in der Mark Brandenburg\"],\"inLanguage\":\"de\",\"potentialAction\":[{\"@type\":\"CommentAction\",\"name\":\"Comment\",\"target\":[\"https:\\\/\\\/liebke-foto.de\\\/maerkischeslicht\\\/der-a5-koelle-liebke-kalender-kann-bestellt-werden\\\/#respond\"]}]},{\"@type\":\"WebPage\",\"@id\":\"https:\\\/\\\/liebke-foto.de\\\/maerkischeslicht\\\/der-a5-koelle-liebke-kalender-kann-bestellt-werden\\\/\",\"url\":\"https:\\\/\\\/liebke-foto.de\\\/maerkischeslicht\\\/der-a5-koelle-liebke-kalender-kann-bestellt-werden\\\/\",\"name\":\"Der A5 Koelle-Liebke Kalender kann bestellt werden! - M\u00e4rkisches Licht - Der Fotograf der Stille\",\"isPartOf\":{\"@id\":\"https:\\\/\\\/liebke-foto.de\\\/maerkischeslicht\\\/#website\"},\"primaryImageOfPage\":{\"@id\":\"https:\\\/\\\/liebke-foto.de\\\/maerkischeslicht\\\/der-a5-koelle-liebke-kalender-kann-bestellt-werden\\\/#primaryimage\"},\"image\":{\"@id\":\"https:\\\/\\\/liebke-foto.de\\\/maerkischeslicht\\\/der-a5-koelle-liebke-kalender-kann-bestellt-werden\\\/#primaryimage\"},\"thumbnailUrl\":\"https:\\\/\\\/liebke-foto.de\\\/maerkischeslicht\\\/wp-content\\\/uploads\\\/2022\\\/07\\\/Titel-e1690628930443.jpg\",\"datePublished\":\"2022-08-11T13:52:01+00:00\",\"dateModified\":\"2023-07-29T11:08:58+00:00\",\"description\":\"Der A5 Koelle-Liebke Kalender kann bestellt werden! Nun, ist der Kalender gedruckt und geliefert. Kostet 15,00\u20ac incl. Verpackung und Versand.\",\"breadcrumb\":{\"@id\":\"https:\\\/\\\/liebke-foto.de\\\/maerkischeslicht\\\/der-a5-koelle-liebke-kalender-kann-bestellt-werden\\\/#breadcrumb\"},\"inLanguage\":\"de\",\"potentialAction\":[{\"@type\":\"ReadAction\",\"target\":[\"https:\\\/\\\/liebke-foto.de\\\/maerkischeslicht\\\/der-a5-koelle-liebke-kalender-kann-bestellt-werden\\\/\"]}]},{\"@type\":\"ImageObject\",\"inLanguage\":\"de\",\"@id\":\"https:\\\/\\\/liebke-foto.de\\\/maerkischeslicht\\\/der-a5-koelle-liebke-kalender-kann-bestellt-werden\\\/#primaryimage\",\"url\":\"https:\\\/\\\/liebke-foto.de\\\/maerkischeslicht\\\/wp-content\\\/uploads\\\/2022\\\/07\\\/Titel-e1690628930443.jpg\",\"contentUrl\":\"https:\\\/\\\/liebke-foto.de\\\/maerkischeslicht\\\/wp-content\\\/uploads\\\/2022\\\/07\\\/Titel-e1690628930443.jpg\",\"width\":353,\"height\":500,\"caption\":\"Kalender A5-quer, Romane Patricia Koelle, Bilder M\u00e4rkisches Licht Frank Liebke\"},{\"@type\":\"BreadcrumbList\",\"@id\":\"https:\\\/\\\/liebke-foto.de\\\/maerkischeslicht\\\/der-a5-koelle-liebke-kalender-kann-bestellt-werden\\\/#breadcrumb\",\"itemListElement\":[{\"@type\":\"ListItem\",\"position\":1,\"name\":\"Startseite\",\"item\":\"https:\\\/\\\/liebke-foto.de\\\/maerkischeslicht\\\/\"},{\"@type\":\"ListItem\",\"position\":2,\"name\":\"Der A5 Koelle-Liebke Kalender kann bestellt werden!\"}]},{\"@type\":\"WebSite\",\"@id\":\"https:\\\/\\\/liebke-foto.de\\\/maerkischeslicht\\\/#website\",\"url\":\"https:\\\/\\\/liebke-foto.de\\\/maerkischeslicht\\\/\",\"name\":\"M\u00e4rkisches Licht - Der Fotograf der Stille\",\"description\":\"Die Liebe zum Leben...\",\"publisher\":{\"@id\":\"https:\\\/\\\/liebke-foto.de\\\/maerkischeslicht\\\/#\\\/schema\\\/person\\\/d71108abc09a723daeeb8526a33137ee\"},\"potentialAction\":[{\"@type\":\"SearchAction\",\"target\":{\"@type\":\"EntryPoint\",\"urlTemplate\":\"https:\\\/\\\/liebke-foto.de\\\/maerkischeslicht\\\/?s={search_term_string}\"},\"query-input\":{\"@type\":\"PropertyValueSpecification\",\"valueRequired\":true,\"valueName\":\"search_term_string\"}}],\"inLanguage\":\"de\"},{\"@type\":[\"Person\",\"Organization\"],\"@id\":\"https:\\\/\\\/liebke-foto.de\\\/maerkischeslicht\\\/#\\\/schema\\\/person\\\/d71108abc09a723daeeb8526a33137ee\",\"name\":\"Frank Liebke\",\"image\":{\"@type\":\"ImageObject\",\"inLanguage\":\"de\",\"@id\":\"https:\\\/\\\/liebke-foto.de\\\/maerkischeslicht\\\/wp-content\\\/uploads\\\/2021\\\/12\\\/IMG-20211024-WA0001.jpg\",\"url\":\"https:\\\/\\\/liebke-foto.de\\\/maerkischeslicht\\\/wp-content\\\/uploads\\\/2021\\\/12\\\/IMG-20211024-WA0001.jpg\",\"contentUrl\":\"https:\\\/\\\/liebke-foto.de\\\/maerkischeslicht\\\/wp-content\\\/uploads\\\/2021\\\/12\\\/IMG-20211024-WA0001.jpg\",\"width\":900,\"height\":1600,\"caption\":\"Frank Liebke\"},\"logo\":{\"@id\":\"https:\\\/\\\/liebke-foto.de\\\/maerkischeslicht\\\/wp-content\\\/uploads\\\/2021\\\/12\\\/IMG-20211024-WA0001.jpg\"},\"sameAs\":[\"https:\\\/\\\/liebke-foto.de\"],\"url\":\"https:\\\/\\\/liebke-foto.de\\\/maerkischeslicht\\\/author\\\/adminuser\\\/\"}]}<\/script>\n<!-- \/ Yoast SEO plugin. -->","yoast_head_json":{"title":"Der A5 Koelle-Liebke Kalender kann bestellt werden! - M\u00e4rkisches Licht - Der Fotograf der Stille","description":"Der A5 Koelle-Liebke Kalender kann bestellt werden! Nun, ist der Kalender gedruckt und geliefert. Kostet 15,00\u20ac incl. Verpackung und Versand.","robots":{"index":"index","follow":"follow","max-snippet":"max-snippet:-1","max-image-preview":"max-image-preview:large","max-video-preview":"max-video-preview:-1"},"canonical":"https:\/\/liebke-foto.de\/maerkischeslicht\/der-a5-koelle-liebke-kalender-kann-bestellt-werden\/","og_locale":"de_DE","og_type":"article","og_title":"Der A5 Koelle-Liebke Kalender kann bestellt werden! - M\u00e4rkisches Licht - Der Fotograf der Stille","og_description":"Der A5 Koelle-Liebke Kalender kann bestellt werden! Nun, ist der Kalender gedruckt und geliefert. Kostet 15,00\u20ac incl. Verpackung und Versand.","og_url":"https:\/\/liebke-foto.de\/maerkischeslicht\/der-a5-koelle-liebke-kalender-kann-bestellt-werden\/","og_site_name":"M\u00e4rkisches Licht - Der Fotograf der Stille","article_published_time":"2022-08-11T13:52:01+00:00","article_modified_time":"2023-07-29T11:08:58+00:00","og_image":[{"width":353,"height":500,"url":"https:\/\/liebke-foto.de\/maerkischeslicht\/wp-content\/uploads\/2022\/07\/Titel-e1690628930443.jpg","type":"image\/jpeg"}],"author":"Frank Liebke","twitter_card":"summary_large_image","twitter_misc":{"Verfasst von":"Frank Liebke","Gesch\u00e4tzte Lesezeit":"1\u00a0Minute"},"schema":{"@context":"https:\/\/schema.org","@graph":[{"@type":"Article","@id":"https:\/\/liebke-foto.de\/maerkischeslicht\/der-a5-koelle-liebke-kalender-kann-bestellt-werden\/#article","isPartOf":{"@id":"https:\/\/liebke-foto.de\/maerkischeslicht\/der-a5-koelle-liebke-kalender-kann-bestellt-werden\/"},"author":{"name":"Frank Liebke","@id":"https:\/\/liebke-foto.de\/maerkischeslicht\/#\/schema\/person\/d71108abc09a723daeeb8526a33137ee"},"headline":"Der A5 Koelle-Liebke Kalender kann bestellt werden!","datePublished":"2022-08-11T13:52:01+00:00","dateModified":"2023-07-29T11:08:58+00:00","mainEntityOfPage":{"@id":"https:\/\/liebke-foto.de\/maerkischeslicht\/der-a5-koelle-liebke-kalender-kann-bestellt-werden\/"},"wordCount":220,"commentCount":4,"publisher":{"@id":"https:\/\/liebke-foto.de\/maerkischeslicht\/#\/schema\/person\/d71108abc09a723daeeb8526a33137ee"},"image":{"@id":"https:\/\/liebke-foto.de\/maerkischeslicht\/der-a5-koelle-liebke-kalender-kann-bestellt-werden\/#primaryimage"},"thumbnailUrl":"https:\/\/liebke-foto.de\/maerkischeslicht\/wp-content\/uploads\/2022\/07\/Titel-e1690628930443.jpg","articleSection":["LANDpartie, unterwegs in der Mark Brandenburg"],"inLanguage":"de","potentialAction":[{"@type":"CommentAction","name":"Comment","target":["https:\/\/liebke-foto.de\/maerkischeslicht\/der-a5-koelle-liebke-kalender-kann-bestellt-werden\/#respond"]}]},{"@type":"WebPage","@id":"https:\/\/liebke-foto.de\/maerkischeslicht\/der-a5-koelle-liebke-kalender-kann-bestellt-werden\/","url":"https:\/\/liebke-foto.de\/maerkischeslicht\/der-a5-koelle-liebke-kalender-kann-bestellt-werden\/","name":"Der A5 Koelle-Liebke Kalender kann bestellt werden! - M\u00e4rkisches Licht - Der Fotograf der Stille","isPartOf":{"@id":"https:\/\/liebke-foto.de\/maerkischeslicht\/#website"},"primaryImageOfPage":{"@id":"https:\/\/liebke-foto.de\/maerkischeslicht\/der-a5-koelle-liebke-kalender-kann-bestellt-werden\/#primaryimage"},"image":{"@id":"https:\/\/liebke-foto.de\/maerkischeslicht\/der-a5-koelle-liebke-kalender-kann-bestellt-werden\/#primaryimage"},"thumbnailUrl":"https:\/\/liebke-foto.de\/maerkischeslicht\/wp-content\/uploads\/2022\/07\/Titel-e1690628930443.jpg","datePublished":"2022-08-11T13:52:01+00:00","dateModified":"2023-07-29T11:08:58+00:00","description":"Der A5 Koelle-Liebke Kalender kann bestellt werden! Nun, ist der Kalender gedruckt und geliefert. Kostet 15,00\u20ac incl. Verpackung und Versand.","breadcrumb":{"@id":"https:\/\/liebke-foto.de\/maerkischeslicht\/der-a5-koelle-liebke-kalender-kann-bestellt-werden\/#breadcrumb"},"inLanguage":"de","potentialAction":[{"@type":"ReadAction","target":["https:\/\/liebke-foto.de\/maerkischeslicht\/der-a5-koelle-liebke-kalender-kann-bestellt-werden\/"]}]},{"@type":"ImageObject","inLanguage":"de","@id":"https:\/\/liebke-foto.de\/maerkischeslicht\/der-a5-koelle-liebke-kalender-kann-bestellt-werden\/#primaryimage","url":"https:\/\/liebke-foto.de\/maerkischeslicht\/wp-content\/uploads\/2022\/07\/Titel-e1690628930443.jpg","contentUrl":"https:\/\/liebke-foto.de\/maerkischeslicht\/wp-content\/uploads\/2022\/07\/Titel-e1690628930443.jpg","width":353,"height":500,"caption":"Kalender A5-quer, Romane Patricia Koelle, Bilder M\u00e4rkisches Licht Frank Liebke"},{"@type":"BreadcrumbList","@id":"https:\/\/liebke-foto.de\/maerkischeslicht\/der-a5-koelle-liebke-kalender-kann-bestellt-werden\/#breadcrumb","itemListElement":[{"@type":"ListItem","position":1,"name":"Startseite","item":"https:\/\/liebke-foto.de\/maerkischeslicht\/"},{"@type":"ListItem","position":2,"name":"Der A5 Koelle-Liebke Kalender kann bestellt werden!"}]},{"@type":"WebSite","@id":"https:\/\/liebke-foto.de\/maerkischeslicht\/#website","url":"https:\/\/liebke-foto.de\/maerkischeslicht\/","name":"M\u00e4rkisches Licht - Der Fotograf der Stille","description":"Die Liebe zum Leben...","publisher":{"@id":"https:\/\/liebke-foto.de\/maerkischeslicht\/#\/schema\/person\/d71108abc09a723daeeb8526a33137ee"},"potentialAction":[{"@type":"SearchAction","target":{"@type":"EntryPoint","urlTemplate":"https:\/\/liebke-foto.de\/maerkischeslicht\/?s={search_term_string}"},"query-input":{"@type":"PropertyValueSpecification","valueRequired":true,"valueName":"search_term_string"}}],"inLanguage":"de"},{"@type":["Person","Organization"],"@id":"https:\/\/liebke-foto.de\/maerkischeslicht\/#\/schema\/person\/d71108abc09a723daeeb8526a33137ee","name":"Frank Liebke","image":{"@type":"ImageObject","inLanguage":"de","@id":"https:\/\/liebke-foto.de\/maerkischeslicht\/wp-content\/uploads\/2021\/12\/IMG-20211024-WA0001.jpg","url":"https:\/\/liebke-foto.de\/maerkischeslicht\/wp-content\/uploads\/2021\/12\/IMG-20211024-WA0001.jpg","contentUrl":"https:\/\/liebke-foto.de\/maerkischeslicht\/wp-content\/uploads\/2021\/12\/IMG-20211024-WA0001.jpg","width":900,"height":1600,"caption":"Frank Liebke"},"logo":{"@id":"https:\/\/liebke-foto.de\/maerkischeslicht\/wp-content\/uploads\/2021\/12\/IMG-20211024-WA0001.jpg"},"sameAs":["https:\/\/liebke-foto.de"],"url":"https:\/\/liebke-foto.de\/maerkischeslicht\/author\/adminuser\/"}]}},"_links":{"self":[{"href":"https:\/\/liebke-foto.de\/maerkischeslicht\/wp-json\/wp\/v2\/posts\/6306","targetHints":{"allow":["GET"]}}],"collection":[{"href":"https:\/\/liebke-foto.de\/maerkischeslicht\/wp-json\/wp\/v2\/posts"}],"about":[{"href":"https:\/\/liebke-foto.de\/maerkischeslicht\/wp-json\/wp\/v2\/types\/post"}],"author":[{"embeddable":true,"href":"https:\/\/liebke-foto.de\/maerkischeslicht\/wp-json\/wp\/v2\/users\/1"}],"replies":[{"embeddable":true,"href":"https:\/\/liebke-foto.de\/maerkischeslicht\/wp-json\/wp\/v2\/comments?post=6306"}],"version-history":[{"count":10,"href":"https:\/\/liebke-foto.de\/maerkischeslicht\/wp-json\/wp\/v2\/posts\/6306\/revisions"}],"predecessor-version":[{"id":6809,"href":"https:\/\/liebke-foto.de\/maerkischeslicht\/wp-json\/wp\/v2\/posts\/6306\/revisions\/6809"}],"wp:featuredmedia":[{"embeddable":true,"href":"https:\/\/liebke-foto.de\/maerkischeslicht\/wp-json\/wp\/v2\/media\/6274"}],"wp:attachment":[{"href":"https:\/\/liebke-foto.de\/maerkischeslicht\/wp-json\/wp\/v2\/media?parent=6306"}],"wp:term":[{"taxonomy":"category","embeddable":true,"href":"https:\/\/liebke-foto.de\/maerkischeslicht\/wp-json\/wp\/v2\/categories?post=6306"},{"taxonomy":"post_tag","embeddable":true,"href":"https:\/\/liebke-foto.de\/maerkischeslicht\/wp-json\/wp\/v2\/tags?post=6306"}],"curies":[{"name":"wp","href":"https:\/\/api.w.org\/{rel}","templated":true}]}}