{"id":6266,"date":"2022-07-17T20:57:33","date_gmt":"2022-07-17T18:57:33","guid":{"rendered":"https:\/\/liebke-foto.de\/maerkischeslicht\/?p=6266"},"modified":"2022-12-29T16:43:38","modified_gmt":"2022-12-29T14:43:38","slug":"a5-kalender-2023-koelle-liebke","status":"publish","type":"post","link":"https:\/\/liebke-foto.de\/maerkischeslicht\/a5-kalender-2023-koelle-liebke\/","title":{"rendered":"A5-Kalender 2023 Koelle-Liebke"},"content":{"rendered":"<div class=\"wp-block-image\">\n<figure class=\"aligncenter size-large\"><a href=\"https:\/\/liebke-foto.de\/maerkischeslicht\/wp-content\/uploads\/2022\/07\/Titel.jpg\"><img loading=\"lazy\" decoding=\"async\" width=\"564\" height=\"800\" src=\"https:\/\/liebke-foto.de\/maerkischeslicht\/wp-content\/uploads\/2022\/07\/Titel-564x800.jpg\" alt=\"\" class=\"wp-image-6274\"\/><\/a><figcaption class=\"wp-element-caption\">Kalender A5-hoch, Romane Patricia Koelle, Bilder M\u00e4rkisches Licht Frank Liebke<\/figcaption><\/figure>\n<\/div>\n\n\n<h2 class=\"wp-block-heading\">Wir haben es getan&#8230;<\/h2>\n\n\n\n<p>&#8230; n\u00e4mlich eine gemeinsame Idee gemeinsam umgesetzt. Mit gemeinsamen Inhalt \ud83d\ude00 Zum (gemeinsamen?) tr\u00e4umen. <a href=\"https:\/\/patriciakoelle.com\" target=\"_blank\" rel=\"noreferrer noopener\">Patricia Koelle<\/a> hat ja nun schon eine ganz lange Reihe Romane ver\u00f6ffentlicht. Haupts\u00e4chlich im <a href=\"https:\/\/www.fischerverlage.de\/autor\/patricia-koelle-1007513\" target=\"_blank\" rel=\"noreferrer noopener\">Fischer-Verlag<\/a>. Romane, die Wellness f\u00fcr die Seele sind. Ich habe mich am Anfang, zugegeben, gegen diesen anspruchsvollen Ausdruck etwas gestr\u00e4ubt. Aber nachdem ich so von den ganzen Handlungen darin, vor allem von den Charakteren, hingerissen bin. Jedes Buch mittlerweile wenigstens dreimal gelesen habe. (Wie schon Erwin Strittmatter sagte: &#8222;Ein gutes Buch geht nie zu Ende&#8220;.) Und mich dabei immer sehr wohl gef\u00fchlt habe. Ja, bestimmt. Wellness f\u00fcr die Seele. <\/p>\n\n\n\n<p>Wir waren, seit wir uns kennengelernt haben und zusammen sind, an so vielen Orten gemeinsam. Viele Orte, die in den Romanen vorkommen. Ein gro\u00dfer Wunsch von mir, sie selbst einmal zu erleben. Und es sind dabei jedes Mal eine Menge Bilder mit nach Hause gekommen. Also, warum nicht einen h\u00fcbschen, nicht zu gro\u00dfen Kalender herausbringen. In jedem Monat ein Zitat aus einem Buch, dazu ein passendes, stimmungsvolles Bild vom Ort der Handlung. <\/p>\n\n\n\n<p>Nun ist die fertige Druckdatei heute von mir zur Druckerei geschickt worden. Und bald werden sich bei uns die fertigen Kalender stapeln.<\/p>\n\n\n\n<p>Ich habe hier nur mal das Titelbild, f\u00fcnf Monatsseiten und unsere Werbeseiten in den Blog gestellt. Damit jeder von Euch eine Vorstellung bekommt, was wir da ausgebusselt haben. Ein gelungenes Kind, finde ich. Er wird dann nat\u00fcrlich auch zum Kauf angeboten. Kostet 15,00 \u20ac incl. Verpackung und Versand. Gedruckt auf kr\u00e4ftiges 250g-Papier, gl\u00e4nzend im Format A5-Hoch. Wir lassen erst einmal eine kleine Auflage drucken, einige, die ihn schon mal sehen durften, sind begeistert und wollen ihn unbedingt haben. <\/p>\n\n\n\n<p>Wer ebenfalls ein wirkliches Interesse an den Kalender hat, sprich, ihn erwerben m\u00f6chte, kann gern hier im Kommentar oder als Kommentar in Facebook (bitte ohne Zappel-Gifs oder andere riesige und nervende Gimmicks) sein Interesse anmelden. Dann haben wir schon mal eine Vorstellung, ob die Auflage reichen wird oder ob wir noch nachdrucken m\u00fcssen. Was dann auch kein Problem ist. Wenn das dann soweit ist, mache ich noch einen eigenen Blog dazu, mit einer E-Mailadresse, die nur f\u00fcr die Bestellung geschaltet wird.<\/p>\n\n\n\n<p>Auch wenn wir gerade Sommer haben, Hitze und viele ihren verdienten Urlaub genie\u00dfen, Weihnachten kommt auch wieder. Und dieser Kalender ist sicher f\u00fcr Viele das au\u00dfergew\u00f6hnliche und perfekte Geschenk. Und die Gr\u00f6\u00dfe A5 l\u00e4sst sich zudem sehr gut und kosteng\u00fcnstig verschicken.<\/p>\n\n\n\n<p>(Bestellte und von uns gelieferte Ware ist vom Umtausch ausgeschlossen! Es gelten unsere Gesch\u00e4ftsbedingungen!)<\/p>\n\n\n\n<p>Nun viel Spa\u00df mit der Vorschau \ud83d\ude42<\/p>\n\n\n<div class=\"wp-block-image\">\n<figure class=\"aligncenter size-large\"><a href=\"https:\/\/liebke-foto.de\/maerkischeslicht\/wp-content\/uploads\/2022\/07\/April.jpg\"><img loading=\"lazy\" decoding=\"async\" width=\"564\" height=\"800\" src=\"https:\/\/liebke-foto.de\/maerkischeslicht\/wp-content\/uploads\/2022\/07\/April-564x800.jpg\" alt=\"\" class=\"wp-image-6267\" srcset=\"https:\/\/liebke-foto.de\/maerkischeslicht\/wp-content\/uploads\/2022\/07\/April-564x800.jpg 564w, https:\/\/liebke-foto.de\/maerkischeslicht\/wp-content\/uploads\/2022\/07\/April.jpg 705w\" sizes=\"auto, (max-width: 564px) 100vw, 564px\" \/><\/a><\/figure>\n<\/div>\n\n\n<p><\/p>\n\n\n<div class=\"wp-block-image\">\n<figure class=\"aligncenter size-large\"><a href=\"https:\/\/liebke-foto.de\/maerkischeslicht\/wp-content\/uploads\/2022\/07\/August.jpg\"><img loading=\"lazy\" decoding=\"async\" width=\"564\" height=\"800\" src=\"https:\/\/liebke-foto.de\/maerkischeslicht\/wp-content\/uploads\/2022\/07\/August-564x800.jpg\" alt=\"\" class=\"wp-image-6268\" srcset=\"https:\/\/liebke-foto.de\/maerkischeslicht\/wp-content\/uploads\/2022\/07\/August-564x800.jpg 564w, https:\/\/liebke-foto.de\/maerkischeslicht\/wp-content\/uploads\/2022\/07\/August.jpg 705w\" sizes=\"auto, (max-width: 564px) 100vw, 564px\" \/><\/a><\/figure>\n<\/div>\n\n\n<p><\/p>\n\n\n<div class=\"wp-block-image\">\n<figure class=\"aligncenter size-large\"><a href=\"https:\/\/liebke-foto.de\/maerkischeslicht\/wp-content\/uploads\/2022\/07\/Juli.jpg\"><img loading=\"lazy\" decoding=\"async\" width=\"564\" height=\"800\" src=\"https:\/\/liebke-foto.de\/maerkischeslicht\/wp-content\/uploads\/2022\/07\/Juli-564x800.jpg\" alt=\"\" class=\"wp-image-6270\" srcset=\"https:\/\/liebke-foto.de\/maerkischeslicht\/wp-content\/uploads\/2022\/07\/Juli-564x800.jpg 564w, https:\/\/liebke-foto.de\/maerkischeslicht\/wp-content\/uploads\/2022\/07\/Juli.jpg 705w\" sizes=\"auto, (max-width: 564px) 100vw, 564px\" \/><\/a><figcaption class=\"wp-element-caption\"><br \/><\/figcaption><\/figure>\n<\/div>\n\n\n<p><\/p>\n\n\n<div class=\"wp-block-image\">\n<figure class=\"aligncenter size-large\"><a href=\"https:\/\/liebke-foto.de\/maerkischeslicht\/wp-content\/uploads\/2022\/07\/September.jpg\"><img loading=\"lazy\" decoding=\"async\" width=\"564\" height=\"800\" src=\"https:\/\/liebke-foto.de\/maerkischeslicht\/wp-content\/uploads\/2022\/07\/September-564x800.jpg\" alt=\"\" class=\"wp-image-6273\" srcset=\"https:\/\/liebke-foto.de\/maerkischeslicht\/wp-content\/uploads\/2022\/07\/September-564x800.jpg 564w, https:\/\/liebke-foto.de\/maerkischeslicht\/wp-content\/uploads\/2022\/07\/September.jpg 705w\" sizes=\"auto, (max-width: 564px) 100vw, 564px\" \/><\/a><\/figure>\n<\/div>\n\n\n<p><\/p>\n\n\n<div class=\"wp-block-image\">\n<figure class=\"aligncenter size-large\"><a href=\"https:\/\/liebke-foto.de\/maerkischeslicht\/wp-content\/uploads\/2022\/07\/Mai.jpg\"><img loading=\"lazy\" decoding=\"async\" width=\"564\" height=\"800\" src=\"https:\/\/liebke-foto.de\/maerkischeslicht\/wp-content\/uploads\/2022\/07\/Mai-564x800.jpg\" alt=\"\" class=\"wp-image-6271\" srcset=\"https:\/\/liebke-foto.de\/maerkischeslicht\/wp-content\/uploads\/2022\/07\/Mai-564x800.jpg 564w, https:\/\/liebke-foto.de\/maerkischeslicht\/wp-content\/uploads\/2022\/07\/Mai.jpg 705w\" sizes=\"auto, (max-width: 564px) 100vw, 564px\" \/><\/a><\/figure>\n<\/div>\n\n\n<p><\/p>\n\n\n<div class=\"wp-block-image\">\n<figure class=\"aligncenter size-large\"><a href=\"https:\/\/liebke-foto.de\/maerkischeslicht\/wp-content\/uploads\/2022\/07\/Patricia.jpg\"><img loading=\"lazy\" decoding=\"async\" width=\"564\" height=\"800\" src=\"https:\/\/liebke-foto.de\/maerkischeslicht\/wp-content\/uploads\/2022\/07\/Patricia-564x800.jpg\" alt=\"\" class=\"wp-image-6272\" srcset=\"https:\/\/liebke-foto.de\/maerkischeslicht\/wp-content\/uploads\/2022\/07\/Patricia-564x800.jpg 564w, https:\/\/liebke-foto.de\/maerkischeslicht\/wp-content\/uploads\/2022\/07\/Patricia.jpg 705w\" sizes=\"auto, (max-width: 564px) 100vw, 564px\" \/><\/a><\/figure>\n<\/div>\n\n\n<p><\/p>\n\n\n<div class=\"wp-block-image\">\n<figure class=\"aligncenter size-large\"><a href=\"https:\/\/liebke-foto.de\/maerkischeslicht\/wp-content\/uploads\/2022\/07\/Frank.jpg\"><img loading=\"lazy\" decoding=\"async\" width=\"564\" height=\"800\" src=\"https:\/\/liebke-foto.de\/maerkischeslicht\/wp-content\/uploads\/2022\/07\/Frank-564x800.jpg\" alt=\"\" class=\"wp-image-6269\" srcset=\"https:\/\/liebke-foto.de\/maerkischeslicht\/wp-content\/uploads\/2022\/07\/Frank-564x800.jpg 564w, https:\/\/liebke-foto.de\/maerkischeslicht\/wp-content\/uploads\/2022\/07\/Frank.jpg 705w\" sizes=\"auto, (max-width: 564px) 100vw, 564px\" \/><\/a><\/figure>\n<\/div>\n\n\n<div style=\"padding:20px\" class=\"wp-block-tnp-minimal\"><p>Subscribe to our newsletter!<\/p><div><div class=\"tnp tnp-subscription \">\n<form method=\"post\" action=\"https:\/\/liebke-foto.de\/maerkischeslicht\/wp-admin\/admin-ajax.php?action=tnp&amp;na=s\">\n<input type=\"hidden\" name=\"nlang\" value=\"\">\n<div class=\"tnp-field tnp-field-firstname\"><label for=\"tnp-1\">Vorname oder ganzer Name<\/label>\n<input class=\"tnp-name\" type=\"text\" name=\"nn\" id=\"tnp-1\" value=\"\" placeholder=\"\"><\/div>\n<div class=\"tnp-field tnp-field-email\"><label for=\"tnp-2\">Email<\/label>\n<input class=\"tnp-email\" type=\"email\" name=\"ne\" id=\"tnp-2\" value=\"\" placeholder=\"\" required><\/div>\n<div class=\"tnp-field tnp-privacy-field\"><label><input type=\"checkbox\" name=\"ny\" required class=\"tnp-privacy\"> Indem Du fortf\u00e4hrst, akzeptierst Du unsere Datenschutzerkl\u00e4rung.<\/label><\/div><div class=\"tnp-field tnp-field-button\" style=\"text-align: left\"><input class=\"tnp-submit\" type=\"submit\" value=\"Abonnieren\" style=\"\">\n<\/div>\n<\/form>\n<\/div>\n<\/div><\/div>\n\n\n\n\n","protected":false},"excerpt":{"rendered":"<p>Wir haben es getan&#8230; &#8230; n\u00e4mlich eine gemeinsame Idee gemeinsam umgesetzt. Mit gemeinsamen Inhalt \ud83d\ude00 Zum (gemeinsamen?) tr\u00e4umen. Patricia Koelle hat ja nun&#8230;<\/p>\n","protected":false},"author":1,"featured_media":6274,"comment_status":"open","ping_status":"open","sticky":false,"template":"","format":"image","meta":{"footnotes":""},"categories":[66,174],"tags":[21,181,182,183,28,165],"class_list":["post-6266","post","type-post","status-publish","format-image","has-post-thumbnail","hentry","category-landpartie","category-reisen","tag-brandenburg","tag-kalender-2023","tag-koelle","tag-liebke","tag-maerkisches-licht","tag-patricia-koelle","post_format-post-format-image"],"yoast_head":"<!-- This site is optimized with the Yoast SEO plugin v27.4 - https:\/\/yoast.com\/product\/yoast-seo-wordpress\/ -->\n<title>A5-Kalender 2023 Koelle-Liebke - M\u00e4rkisches Licht - Der Fotograf der Stille<\/title>\n<meta name=\"description\" content=\"A5-Kalender 2023 Koelle-Liebke, wir haben es getan. Unser erstes, gemeinsames Projekt ist bald zu haben.\" \/>\n<meta name=\"robots\" content=\"index, follow, max-snippet:-1, max-image-preview:large, max-video-preview:-1\" \/>\n<link rel=\"canonical\" href=\"https:\/\/liebke-foto.de\/maerkischeslicht\/a5-kalender-2023-koelle-liebke\/\" \/>\n<meta property=\"og:locale\" content=\"de_DE\" \/>\n<meta property=\"og:type\" content=\"article\" \/>\n<meta property=\"og:title\" content=\"A5-Kalender 2023 Koelle-Liebke - M\u00e4rkisches Licht - Der Fotograf der Stille\" \/>\n<meta property=\"og:description\" content=\"A5-Kalender 2023 Koelle-Liebke, wir haben es getan. Unser erstes, gemeinsames Projekt ist bald zu haben.\" \/>\n<meta property=\"og:url\" content=\"https:\/\/liebke-foto.de\/maerkischeslicht\/a5-kalender-2023-koelle-liebke\/\" \/>\n<meta property=\"og:site_name\" content=\"M\u00e4rkisches Licht - Der Fotograf der Stille\" \/>\n<meta property=\"article:published_time\" content=\"2022-07-17T18:57:33+00:00\" \/>\n<meta property=\"article:modified_time\" content=\"2022-12-29T14:43:38+00:00\" \/>\n<meta property=\"og:image\" content=\"https:\/\/liebke-foto.de\/maerkischeslicht\/wp-content\/uploads\/2022\/07\/Titel.jpg\" \/>\n\t<meta property=\"og:image:width\" content=\"705\" \/>\n\t<meta property=\"og:image:height\" content=\"1000\" \/>\n\t<meta property=\"og:image:type\" content=\"image\/jpeg\" \/>\n<meta name=\"author\" content=\"Frank Liebke\" \/>\n<meta name=\"twitter:card\" content=\"summary_large_image\" \/>\n<meta name=\"twitter:label1\" content=\"Verfasst von\" \/>\n\t<meta name=\"twitter:data1\" content=\"Frank Liebke\" \/>\n\t<meta name=\"twitter:label2\" content=\"Gesch\u00e4tzte Lesezeit\" \/>\n\t<meta name=\"twitter:data2\" content=\"2\u00a0Minuten\" \/>\n<script type=\"application\/ld+json\" class=\"yoast-schema-graph\">{\"@context\":\"https:\\\/\\\/schema.org\",\"@graph\":[{\"@type\":\"Article\",\"@id\":\"https:\\\/\\\/liebke-foto.de\\\/maerkischeslicht\\\/a5-kalender-2023-koelle-liebke\\\/#article\",\"isPartOf\":{\"@id\":\"https:\\\/\\\/liebke-foto.de\\\/maerkischeslicht\\\/a5-kalender-2023-koelle-liebke\\\/\"},\"author\":{\"name\":\"Frank Liebke\",\"@id\":\"https:\\\/\\\/liebke-foto.de\\\/maerkischeslicht\\\/#\\\/schema\\\/person\\\/d71108abc09a723daeeb8526a33137ee\"},\"headline\":\"A5-Kalender 2023 Koelle-Liebke\",\"datePublished\":\"2022-07-17T18:57:33+00:00\",\"dateModified\":\"2022-12-29T14:43:38+00:00\",\"mainEntityOfPage\":{\"@id\":\"https:\\\/\\\/liebke-foto.de\\\/maerkischeslicht\\\/a5-kalender-2023-koelle-liebke\\\/\"},\"wordCount\":460,\"commentCount\":61,\"publisher\":{\"@id\":\"https:\\\/\\\/liebke-foto.de\\\/maerkischeslicht\\\/#\\\/schema\\\/person\\\/d71108abc09a723daeeb8526a33137ee\"},\"image\":{\"@id\":\"https:\\\/\\\/liebke-foto.de\\\/maerkischeslicht\\\/a5-kalender-2023-koelle-liebke\\\/#primaryimage\"},\"thumbnailUrl\":\"https:\\\/\\\/liebke-foto.de\\\/maerkischeslicht\\\/wp-content\\\/uploads\\\/2022\\\/07\\\/Titel-e1690628930443.jpg\",\"keywords\":[\"Brandenburg\",\"Kalender 2023\",\"Koelle\",\"Liebke\",\"M\u00e4rkisches Licht\",\"Patricia Koelle\"],\"articleSection\":[\"LANDpartie, unterwegs in der Mark Brandenburg\",\"Reisen\"],\"inLanguage\":\"de\",\"potentialAction\":[{\"@type\":\"CommentAction\",\"name\":\"Comment\",\"target\":[\"https:\\\/\\\/liebke-foto.de\\\/maerkischeslicht\\\/a5-kalender-2023-koelle-liebke\\\/#respond\"]}]},{\"@type\":\"WebPage\",\"@id\":\"https:\\\/\\\/liebke-foto.de\\\/maerkischeslicht\\\/a5-kalender-2023-koelle-liebke\\\/\",\"url\":\"https:\\\/\\\/liebke-foto.de\\\/maerkischeslicht\\\/a5-kalender-2023-koelle-liebke\\\/\",\"name\":\"A5-Kalender 2023 Koelle-Liebke - M\u00e4rkisches Licht - Der Fotograf der Stille\",\"isPartOf\":{\"@id\":\"https:\\\/\\\/liebke-foto.de\\\/maerkischeslicht\\\/#website\"},\"primaryImageOfPage\":{\"@id\":\"https:\\\/\\\/liebke-foto.de\\\/maerkischeslicht\\\/a5-kalender-2023-koelle-liebke\\\/#primaryimage\"},\"image\":{\"@id\":\"https:\\\/\\\/liebke-foto.de\\\/maerkischeslicht\\\/a5-kalender-2023-koelle-liebke\\\/#primaryimage\"},\"thumbnailUrl\":\"https:\\\/\\\/liebke-foto.de\\\/maerkischeslicht\\\/wp-content\\\/uploads\\\/2022\\\/07\\\/Titel-e1690628930443.jpg\",\"datePublished\":\"2022-07-17T18:57:33+00:00\",\"dateModified\":\"2022-12-29T14:43:38+00:00\",\"description\":\"A5-Kalender 2023 Koelle-Liebke, wir haben es getan. Unser erstes, gemeinsames Projekt ist bald zu haben.\",\"breadcrumb\":{\"@id\":\"https:\\\/\\\/liebke-foto.de\\\/maerkischeslicht\\\/a5-kalender-2023-koelle-liebke\\\/#breadcrumb\"},\"inLanguage\":\"de\",\"potentialAction\":[{\"@type\":\"ReadAction\",\"target\":[\"https:\\\/\\\/liebke-foto.de\\\/maerkischeslicht\\\/a5-kalender-2023-koelle-liebke\\\/\"]}]},{\"@type\":\"ImageObject\",\"inLanguage\":\"de\",\"@id\":\"https:\\\/\\\/liebke-foto.de\\\/maerkischeslicht\\\/a5-kalender-2023-koelle-liebke\\\/#primaryimage\",\"url\":\"https:\\\/\\\/liebke-foto.de\\\/maerkischeslicht\\\/wp-content\\\/uploads\\\/2022\\\/07\\\/Titel-e1690628930443.jpg\",\"contentUrl\":\"https:\\\/\\\/liebke-foto.de\\\/maerkischeslicht\\\/wp-content\\\/uploads\\\/2022\\\/07\\\/Titel-e1690628930443.jpg\",\"width\":353,\"height\":500,\"caption\":\"Kalender A5-quer, Romane Patricia Koelle, Bilder M\u00e4rkisches Licht Frank Liebke\"},{\"@type\":\"BreadcrumbList\",\"@id\":\"https:\\\/\\\/liebke-foto.de\\\/maerkischeslicht\\\/a5-kalender-2023-koelle-liebke\\\/#breadcrumb\",\"itemListElement\":[{\"@type\":\"ListItem\",\"position\":1,\"name\":\"Startseite\",\"item\":\"https:\\\/\\\/liebke-foto.de\\\/maerkischeslicht\\\/\"},{\"@type\":\"ListItem\",\"position\":2,\"name\":\"A5-Kalender 2023 Koelle-Liebke\"}]},{\"@type\":\"WebSite\",\"@id\":\"https:\\\/\\\/liebke-foto.de\\\/maerkischeslicht\\\/#website\",\"url\":\"https:\\\/\\\/liebke-foto.de\\\/maerkischeslicht\\\/\",\"name\":\"M\u00e4rkisches Licht - Der Fotograf der Stille\",\"description\":\"Die Liebe zum Leben...\",\"publisher\":{\"@id\":\"https:\\\/\\\/liebke-foto.de\\\/maerkischeslicht\\\/#\\\/schema\\\/person\\\/d71108abc09a723daeeb8526a33137ee\"},\"potentialAction\":[{\"@type\":\"SearchAction\",\"target\":{\"@type\":\"EntryPoint\",\"urlTemplate\":\"https:\\\/\\\/liebke-foto.de\\\/maerkischeslicht\\\/?s={search_term_string}\"},\"query-input\":{\"@type\":\"PropertyValueSpecification\",\"valueRequired\":true,\"valueName\":\"search_term_string\"}}],\"inLanguage\":\"de\"},{\"@type\":[\"Person\",\"Organization\"],\"@id\":\"https:\\\/\\\/liebke-foto.de\\\/maerkischeslicht\\\/#\\\/schema\\\/person\\\/d71108abc09a723daeeb8526a33137ee\",\"name\":\"Frank Liebke\",\"image\":{\"@type\":\"ImageObject\",\"inLanguage\":\"de\",\"@id\":\"https:\\\/\\\/liebke-foto.de\\\/maerkischeslicht\\\/wp-content\\\/uploads\\\/2021\\\/12\\\/IMG-20211024-WA0001.jpg\",\"url\":\"https:\\\/\\\/liebke-foto.de\\\/maerkischeslicht\\\/wp-content\\\/uploads\\\/2021\\\/12\\\/IMG-20211024-WA0001.jpg\",\"contentUrl\":\"https:\\\/\\\/liebke-foto.de\\\/maerkischeslicht\\\/wp-content\\\/uploads\\\/2021\\\/12\\\/IMG-20211024-WA0001.jpg\",\"width\":900,\"height\":1600,\"caption\":\"Frank Liebke\"},\"logo\":{\"@id\":\"https:\\\/\\\/liebke-foto.de\\\/maerkischeslicht\\\/wp-content\\\/uploads\\\/2021\\\/12\\\/IMG-20211024-WA0001.jpg\"},\"sameAs\":[\"https:\\\/\\\/liebke-foto.de\"],\"url\":\"https:\\\/\\\/liebke-foto.de\\\/maerkischeslicht\\\/author\\\/adminuser\\\/\"}]}<\/script>\n<!-- \/ Yoast SEO plugin. -->","yoast_head_json":{"title":"A5-Kalender 2023 Koelle-Liebke - M\u00e4rkisches Licht - Der Fotograf der Stille","description":"A5-Kalender 2023 Koelle-Liebke, wir haben es getan. Unser erstes, gemeinsames Projekt ist bald zu haben.","robots":{"index":"index","follow":"follow","max-snippet":"max-snippet:-1","max-image-preview":"max-image-preview:large","max-video-preview":"max-video-preview:-1"},"canonical":"https:\/\/liebke-foto.de\/maerkischeslicht\/a5-kalender-2023-koelle-liebke\/","og_locale":"de_DE","og_type":"article","og_title":"A5-Kalender 2023 Koelle-Liebke - M\u00e4rkisches Licht - Der Fotograf der Stille","og_description":"A5-Kalender 2023 Koelle-Liebke, wir haben es getan. Unser erstes, gemeinsames Projekt ist bald zu haben.","og_url":"https:\/\/liebke-foto.de\/maerkischeslicht\/a5-kalender-2023-koelle-liebke\/","og_site_name":"M\u00e4rkisches Licht - Der Fotograf der Stille","article_published_time":"2022-07-17T18:57:33+00:00","article_modified_time":"2022-12-29T14:43:38+00:00","og_image":[{"width":705,"height":1000,"url":"https:\/\/liebke-foto.de\/maerkischeslicht\/wp-content\/uploads\/2022\/07\/Titel.jpg","type":"image\/jpeg"}],"author":"Frank Liebke","twitter_card":"summary_large_image","twitter_misc":{"Verfasst von":"Frank Liebke","Gesch\u00e4tzte Lesezeit":"2\u00a0Minuten"},"schema":{"@context":"https:\/\/schema.org","@graph":[{"@type":"Article","@id":"https:\/\/liebke-foto.de\/maerkischeslicht\/a5-kalender-2023-koelle-liebke\/#article","isPartOf":{"@id":"https:\/\/liebke-foto.de\/maerkischeslicht\/a5-kalender-2023-koelle-liebke\/"},"author":{"name":"Frank Liebke","@id":"https:\/\/liebke-foto.de\/maerkischeslicht\/#\/schema\/person\/d71108abc09a723daeeb8526a33137ee"},"headline":"A5-Kalender 2023 Koelle-Liebke","datePublished":"2022-07-17T18:57:33+00:00","dateModified":"2022-12-29T14:43:38+00:00","mainEntityOfPage":{"@id":"https:\/\/liebke-foto.de\/maerkischeslicht\/a5-kalender-2023-koelle-liebke\/"},"wordCount":460,"commentCount":61,"publisher":{"@id":"https:\/\/liebke-foto.de\/maerkischeslicht\/#\/schema\/person\/d71108abc09a723daeeb8526a33137ee"},"image":{"@id":"https:\/\/liebke-foto.de\/maerkischeslicht\/a5-kalender-2023-koelle-liebke\/#primaryimage"},"thumbnailUrl":"https:\/\/liebke-foto.de\/maerkischeslicht\/wp-content\/uploads\/2022\/07\/Titel-e1690628930443.jpg","keywords":["Brandenburg","Kalender 2023","Koelle","Liebke","M\u00e4rkisches Licht","Patricia Koelle"],"articleSection":["LANDpartie, unterwegs in der Mark Brandenburg","Reisen"],"inLanguage":"de","potentialAction":[{"@type":"CommentAction","name":"Comment","target":["https:\/\/liebke-foto.de\/maerkischeslicht\/a5-kalender-2023-koelle-liebke\/#respond"]}]},{"@type":"WebPage","@id":"https:\/\/liebke-foto.de\/maerkischeslicht\/a5-kalender-2023-koelle-liebke\/","url":"https:\/\/liebke-foto.de\/maerkischeslicht\/a5-kalender-2023-koelle-liebke\/","name":"A5-Kalender 2023 Koelle-Liebke - M\u00e4rkisches Licht - Der Fotograf der Stille","isPartOf":{"@id":"https:\/\/liebke-foto.de\/maerkischeslicht\/#website"},"primaryImageOfPage":{"@id":"https:\/\/liebke-foto.de\/maerkischeslicht\/a5-kalender-2023-koelle-liebke\/#primaryimage"},"image":{"@id":"https:\/\/liebke-foto.de\/maerkischeslicht\/a5-kalender-2023-koelle-liebke\/#primaryimage"},"thumbnailUrl":"https:\/\/liebke-foto.de\/maerkischeslicht\/wp-content\/uploads\/2022\/07\/Titel-e1690628930443.jpg","datePublished":"2022-07-17T18:57:33+00:00","dateModified":"2022-12-29T14:43:38+00:00","description":"A5-Kalender 2023 Koelle-Liebke, wir haben es getan. Unser erstes, gemeinsames Projekt ist bald zu haben.","breadcrumb":{"@id":"https:\/\/liebke-foto.de\/maerkischeslicht\/a5-kalender-2023-koelle-liebke\/#breadcrumb"},"inLanguage":"de","potentialAction":[{"@type":"ReadAction","target":["https:\/\/liebke-foto.de\/maerkischeslicht\/a5-kalender-2023-koelle-liebke\/"]}]},{"@type":"ImageObject","inLanguage":"de","@id":"https:\/\/liebke-foto.de\/maerkischeslicht\/a5-kalender-2023-koelle-liebke\/#primaryimage","url":"https:\/\/liebke-foto.de\/maerkischeslicht\/wp-content\/uploads\/2022\/07\/Titel-e1690628930443.jpg","contentUrl":"https:\/\/liebke-foto.de\/maerkischeslicht\/wp-content\/uploads\/2022\/07\/Titel-e1690628930443.jpg","width":353,"height":500,"caption":"Kalender A5-quer, Romane Patricia Koelle, Bilder M\u00e4rkisches Licht Frank Liebke"},{"@type":"BreadcrumbList","@id":"https:\/\/liebke-foto.de\/maerkischeslicht\/a5-kalender-2023-koelle-liebke\/#breadcrumb","itemListElement":[{"@type":"ListItem","position":1,"name":"Startseite","item":"https:\/\/liebke-foto.de\/maerkischeslicht\/"},{"@type":"ListItem","position":2,"name":"A5-Kalender 2023 Koelle-Liebke"}]},{"@type":"WebSite","@id":"https:\/\/liebke-foto.de\/maerkischeslicht\/#website","url":"https:\/\/liebke-foto.de\/maerkischeslicht\/","name":"M\u00e4rkisches Licht - Der Fotograf der Stille","description":"Die Liebe zum Leben...","publisher":{"@id":"https:\/\/liebke-foto.de\/maerkischeslicht\/#\/schema\/person\/d71108abc09a723daeeb8526a33137ee"},"potentialAction":[{"@type":"SearchAction","target":{"@type":"EntryPoint","urlTemplate":"https:\/\/liebke-foto.de\/maerkischeslicht\/?s={search_term_string}"},"query-input":{"@type":"PropertyValueSpecification","valueRequired":true,"valueName":"search_term_string"}}],"inLanguage":"de"},{"@type":["Person","Organization"],"@id":"https:\/\/liebke-foto.de\/maerkischeslicht\/#\/schema\/person\/d71108abc09a723daeeb8526a33137ee","name":"Frank Liebke","image":{"@type":"ImageObject","inLanguage":"de","@id":"https:\/\/liebke-foto.de\/maerkischeslicht\/wp-content\/uploads\/2021\/12\/IMG-20211024-WA0001.jpg","url":"https:\/\/liebke-foto.de\/maerkischeslicht\/wp-content\/uploads\/2021\/12\/IMG-20211024-WA0001.jpg","contentUrl":"https:\/\/liebke-foto.de\/maerkischeslicht\/wp-content\/uploads\/2021\/12\/IMG-20211024-WA0001.jpg","width":900,"height":1600,"caption":"Frank Liebke"},"logo":{"@id":"https:\/\/liebke-foto.de\/maerkischeslicht\/wp-content\/uploads\/2021\/12\/IMG-20211024-WA0001.jpg"},"sameAs":["https:\/\/liebke-foto.de"],"url":"https:\/\/liebke-foto.de\/maerkischeslicht\/author\/adminuser\/"}]}},"_links":{"self":[{"href":"https:\/\/liebke-foto.de\/maerkischeslicht\/wp-json\/wp\/v2\/posts\/6266","targetHints":{"allow":["GET"]}}],"collection":[{"href":"https:\/\/liebke-foto.de\/maerkischeslicht\/wp-json\/wp\/v2\/posts"}],"about":[{"href":"https:\/\/liebke-foto.de\/maerkischeslicht\/wp-json\/wp\/v2\/types\/post"}],"author":[{"embeddable":true,"href":"https:\/\/liebke-foto.de\/maerkischeslicht\/wp-json\/wp\/v2\/users\/1"}],"replies":[{"embeddable":true,"href":"https:\/\/liebke-foto.de\/maerkischeslicht\/wp-json\/wp\/v2\/comments?post=6266"}],"version-history":[{"count":8,"href":"https:\/\/liebke-foto.de\/maerkischeslicht\/wp-json\/wp\/v2\/posts\/6266\/revisions"}],"predecessor-version":[{"id":6808,"href":"https:\/\/liebke-foto.de\/maerkischeslicht\/wp-json\/wp\/v2\/posts\/6266\/revisions\/6808"}],"wp:featuredmedia":[{"embeddable":true,"href":"https:\/\/liebke-foto.de\/maerkischeslicht\/wp-json\/wp\/v2\/media\/6274"}],"wp:attachment":[{"href":"https:\/\/liebke-foto.de\/maerkischeslicht\/wp-json\/wp\/v2\/media?parent=6266"}],"wp:term":[{"taxonomy":"category","embeddable":true,"href":"https:\/\/liebke-foto.de\/maerkischeslicht\/wp-json\/wp\/v2\/categories?post=6266"},{"taxonomy":"post_tag","embeddable":true,"href":"https:\/\/liebke-foto.de\/maerkischeslicht\/wp-json\/wp\/v2\/tags?post=6266"}],"curies":[{"name":"wp","href":"https:\/\/api.w.org\/{rel}","templated":true}]}}