{"id":606,"date":"2014-04-14T17:45:49","date_gmt":"2014-04-14T15:45:49","guid":{"rendered":"http:\/\/liebke-foto.de\/maerkischeslicht\/?p=606"},"modified":"2022-07-03T19:58:50","modified_gmt":"2022-07-03T17:58:50","slug":"maerkisches-licht-in-seiner-schoensten-form","status":"publish","type":"post","link":"https:\/\/liebke-foto.de\/maerkischeslicht\/maerkisches-licht-in-seiner-schoensten-form\/","title":{"rendered":"M\u00e4rkisches Licht in seiner sch\u00f6nsten Form&#8230;"},"content":{"rendered":"\n<p>\u2026 gibt es immer in den Wechsel-Jahreszeiten. Die st\u00fcrmischen Herbsttage mit fallenden bunten Bl\u00e4ttern oder wie jetzt die Fr\u00fchlingszeit. Wenn die B\u00e4ume diesen leichten Hauch einer gr\u00fcnen Farbe bekommen, der Tag f\u00fcr Tag intesiver wird. <\/p>\n\n\n\n<p>Auch hierbei die st\u00fcrmischen Tage mit st\u00e4ndig wechselndem Wetter. Wolken geben sich dem Wettlauf am Himmel hin, formen unberechenbar Guckl\u00f6cher f\u00fcr die Sonne, die dann ihren Auftritt feiert und die Landschaft zur Theaterb\u00fchne macht. Mit den Licht-Spots immer eine neue Szene heraushebt.<\/p>\n\n\n<div class=\"wp-block-image\">\n<figure class=\"aligncenter\"><a href=\"https:\/\/liebke-foto.de\/maerkischeslicht\/wp-content\/uploads\/2014\/04\/FL8_8313.jpg\"><img loading=\"lazy\" decoding=\"async\" width=\"1200\" height=\"801\" src=\"https:\/\/liebke-foto.de\/maerkischeslicht\/wp-content\/uploads\/2014\/04\/FL8_8313.jpg\" alt=\"Lehnitzsee Oranienburg \" class=\"wp-image-608\" title=\"Lehnitzsee Oranienburg \" srcset=\"https:\/\/liebke-foto.de\/maerkischeslicht\/wp-content\/uploads\/2014\/04\/FL8_8313.jpg 1200w, https:\/\/liebke-foto.de\/maerkischeslicht\/wp-content\/uploads\/2014\/04\/FL8_8313-1198x800.jpg 1198w, https:\/\/liebke-foto.de\/maerkischeslicht\/wp-content\/uploads\/2014\/04\/FL8_8313-450x300.jpg 450w\" sizes=\"auto, (max-width: 1200px) 100vw, 1200px\" \/><\/a><figcaption>Lehnitzsee Oranienburg<\/figcaption><\/figure>\n<\/div>\n\n\n<p><em>&nbsp;Diese besonderen Tage im Jahr sind nicht so selbstverst\u00e4ndlich und abgez\u00e4hlt.<\/em><\/p>\n\n\n\n<p>F\u00fcr mich als Fotograf immer aufs Neue eine Zeit der inneren Unruhe. St\u00e4ndig im Bewusstsein, man k\u00f6nnte die entscheidenden Augenblicke verpassen. Sehr oft mit vielen Entt\u00e4uschungen gepaart. Wie oft habe ich Kilometer abgespult oder bin schon lange vor dem Sonnenaufgang unterwegs, in Erwartung spektakul\u00e4r sch\u00f6ner Momente und Motive, nur um zu erfahren, dass der Himmel eben den ganzen Tag grau bleiben wird, es keinen Sonnenaufgang geben wird (\u00fcber den Wolken allerdings immer \ud83d\ude09 ). <\/p>\n\n\n\n<p>Und wenn man dann resigniert durchfrohren und nicht sehr trocken aufgegeben hat, zu Hause bei seiner Tasse Tee sitzt, dann doch das kurze, aber wundersch\u00f6ne Naturspektakel noch seinen Auftritt feiert. In solchen Momenten der Entt\u00e4uschung (und die gibt es sehr oft im Fotografenleben) fragt man sich immer wieder, &#8222;warum mache ich das, warum tue ich mir das eigentlich an?!!&#8220;<\/p>\n\n\n\n<p>Fr\u00fcher gab es da so einen Ergeiz, immer der Beste sein zu wollen, der Erste, usw\u2026<br \/>Das kostet gute Energie, die in dem Moment, wo man sie ben\u00f6tigt, nicht mehr ausreichend da ist. Und das Schlimmste, man verliert irgendwann den Weg aus den Augen, die Freude am Fotografieren, die ja mal der Ausl\u00f6ser f\u00fcr das alles war. Seit ich das begriff, habe ich meine alte Leidenschaft zur Fotografie wiedergewonnen. <\/p>\n\n\n\n<p>Und seit dem habe ich wieder Erfolge, nicht in Heller und Pfennig, aber f\u00fcr mich eine gro\u00dfe Zufriedenheit, wenn mir ein au\u00dfergew\u00f6hnlich gutes Motiv zum Bild gelungen ist. Da tankt die Seele Freude, ich bin gut drauf und das \u00fcbertr\u00e4gt sich auch auf andere. Was will man mehr&#8230;<\/p>\n\n\n\n<p>An dem Tag, als diese Fotoserie entstand, wusste ich beim Losfahren auch nicht, was ich Abends an &#8222;Beute&#8220; mit heimbringen w\u00fcrde. Der Wetterbericht im Web lie\u00df Gutes erhoffen, Sturm und Regenwolken mit hervorblitzender Sonne waren angesagt. Mein Endziel hie\u00df an dem Tag Zehdenick (was ich leider nicht ganz erreichte); und wo es gut erschien, wollte ich spontan anhalten und &#8222;Licht fangen&#8220;. <\/p>\n\n\n\n<p>Die Lehnitzer Seite am gleichnamigen See, von Oranienburg aus betrachtet, k\u00f6nnte auch mal wieder vielversprechend sein. Also hin. Alles grau, fast lichtlos. Aber da mich ja kein fester Termin trieb, konnte ich auch auf dem Anleger stehen bleiben und warten. Und siehe, es wurde belohnt, die Wolken rasten f\u00f6rmlich und immer wieder strichen Spots auf die gegen\u00fcberliegende Uferseite. Sogar der knallblaue Himmel kam stellenweise zum Vorschein. Fotos, nein viel besser, BILDER!<\/p>\n\n\n\n<p><br \/>In der N\u00e4he vom Heidelberger Platz konnte ich gerade noch von einem Haus mit \u00dcber-Osterschmuck ein paar Aufnahmen machen (so viel hatte ich noch nie an einem Ort gesehen, war aber schick \ud83d\ude09 ), dann ging der Platzregen los. In Schmachtenhagen und durch in Richtung Zehlendorf soviel Wasser, als sollte das Lehnitzseemotiv schon eine Vorahnung auf das Kommende sein. <\/p>\n\n\n\n<p>Vor Zehlendorf dann ein Feldweg und die Gelegenheit, das mal festzuhalten. Dann war es genug, der Wind schob den Vorhang wieder zur Seite und das Licht kam zur\u00fcck. Die Fotos k\u00f6nnen diese Momente besser nacherlebbar machen als meine Ausdrucksm\u00f6glichkeiten per Tastatur \ud83d\ude09 .<\/p>\n\n\n\n<p>Hinter Zehlendorf in Richtung Liebenwalde liegt vor dem Waldgebiet ein wundersch\u00f6nes Geh\u00f6ft mit Ackerland drumherum, so wie man sich als Kind eine Bauernwirtschaft vorstellte. Viele Jahre bin ich daran vorbeigefahren und wollte es immer schon mal f\u00fcr die Ewigkeit festhalten. Diesmal nun bin ich stehengeblieben, hatte unwahrscheinlich Gl\u00fcck mit dem Licht und ein Traumfoto mehr. <\/p>\n\n\n\n<p>Der das Gebiet begrenzende Bahndamm der alten Heidekrautbahn nach Liebenwalde war dann noch Ziel meiner kleinen Wanderung, dahinter f\u00fchlten sich Kraniche und Damwild sicher und unbeobachtet. F\u00fcr mich die passende Erg\u00e4nzung dieser herrlichen Landschaft, wandernde Wolken und sonnige Lichterspots waren auch hier die &#8222;Sahne auf dem Kuchen&#8220;, f\u00fcr mich das typische M\u00e4rkische Licht eben.<\/p>\n\n\n\n<p><br \/>Selbst die Kraniche stiegen auf einmal gemeinsam auf in den Himmel und drehten im Schwarm noch einige Kreise wie um das Licht zu feiern.<\/p>\n\n\n\n<p>In Kreuzbruch sonnten sich die K\u00fche (oder Rinder) vom <a href=\"http:\/\/www.hofladen-graeben.de\" target=\"_blank\" rel=\"noopener\">Hofladen<\/a>&nbsp;auf ihrer schmackhaften Weide, ein Pony lie\u00df im Galopp seiner Freude freien Lauf, der Storch schlug sich in der Wiese den Bauch voll, bis es ihm zu bunt wurde. Wundersch\u00f6n!<\/p>\n\n\n\n<p>In Krewelin wurde ich (und meine Kamera) nochmal kr\u00e4ftig gefordert. So viele Motivm\u00f6glichkeiten, die sich dort boten, wollte ich nat\u00fcrlich gut aussch\u00f6pfen. Es war aber auch schon recht sp\u00e4t, je tiefer die Sonne dem Horizont kam, um so seltener schaffte sie es durch die Wolken bis zur Erde durchzudringen. <\/p>\n\n\n\n<p>So kam es, dass ich oft ein verhei\u00dfungsvolles Bild sah, aber bis ich bereit war das Licht so schnell verschwand, als ob jemand einen Schalter umlegte. Aus. Dann hie\u00df es warten, in der Regel reichten ein paar Minuten, dann hatte ich meine zweite Chanche, aber manchmal reichten 20 Minuten nicht. <\/p>\n\n\n\n<p>Und der Sturm war mitunter so stark, dass die Kamera samt Teleobjektiv kaum ruhig zu halten war. Es ergaben sich noch ein paar sehr gute Momente, aber dann war der Himmel nur noch bleigrau, d\u00fcster, kalt. Zeit zum Einpacken, irgendwie auch ersch\u00f6pft. Schade, Zehdenick hatte ich nicht mehr erreicht, aber das n\u00e4chste Mal sicher \ud83d\ude09<\/p>\n\n\n\n<p><br \/>Bei meiner R\u00fcckfahrt \u00fcber Nassenheide riss der Himmel pl\u00f6tzlich zu einem phantastischem Schauspiel auf, f\u00fcr mich die beiden letzten Bilder an diesem herrlichen Tag. UND: Ich wei\u00df nat\u00fcrlich seit langer Zeit schon warum ich das mache, ich liebe genau DAS! \ud83d\ude42<\/p>\n\n\n\n<p>Noch ein Punkt in eigener Sache: Es ist sicher f\u00fcr alle meine Facebook-Freunde und -Follover das Beste und Bequemste, wenn ich die ganzen Bilder dort poste und bereitstelle. Aber ich habe eben genau auf dieser Plattform ein ungutes Gef\u00fchl, eben wegen Facebook. <\/p>\n\n\n\n<p>EUCH gebe ich gern die Bilder zum Ansehen und Teilen, aber ich kann mich nicht damit anfreunden, was FB so damit vor hat. Deshalb mein Blog, aber auch weil ich mich hier per Text mal so richtig &#8222;ausd\u00f6nsen&#8220; kann, mal so einiges zu den Erlebnissen beim &#8222;Lichtfangen&#8220; mitteilen und manchmal auch was von der Seele schreiben kann. Dabei sind die Bilder HIER auf meinen Server geparkt, da behalte ich einfach besser die \u00dcbersicht. <\/p>\n\n\n\n<p>Und nicht zuletzt kann ich hier auch besser selbst entscheiden, in welcher Gr\u00f6\u00dfe UND Qualit\u00e4t ich die Euch dann pr\u00e4sentiere. W\u00e4r sch\u00f6n wenn Ihr das versteht, es mir nicht \u00fcbel nehmt und bei FB weiter meine &#8222;Fans&#8220; bleibt. Dort werde ich ja trotzdem weiter Fotos posten, nur solche gr\u00f6\u00dferen Sachen wie diese hier machen sich im Blog f\u00fcr mich angenehmer. <\/p>\n\n\n\n<p>Wenn Ihr dann auch diese Blogbeitr\u00e4ge in FB kommentiert, teilt, bin ich Euch sehr dankbar. Je weiter meine Seite bekannt gemacht wird, um so mehr Menschen in GANZ Deutschland und dar\u00fcber hinaus haben die M\u00f6glichkeit diese Sch\u00f6nheit unserer Mark unter m\u00e4rkischen Licht zu genie\u00dfen. <\/p>\n\n\n\n<p>Und dann sicher auch mal zu besuchen. Ein ganz dickes Dankesch\u00f6n an Euch alle, ich hoffe, die Bilder machen Euch ebenso viel Spa\u00df beim Anschauen (mit einem hei\u00dfen Tee oder Schokolade) wie mir, frierend vor der Himmelsschau aber innerlich hei\u00df in Erwartung meiner &#8222;Beute&#8220; \ud83d\ude09<\/p>\n\n\n\n<figure class=\"wp-block-image size-large\"><a href=\"https:\/\/liebke-foto.de\/maerkischeslicht\/wp-content\/uploads\/2014\/04\/FL8_8309.jpg\"><img loading=\"lazy\" decoding=\"async\" width=\"1200\" height=\"801\" src=\"https:\/\/liebke-foto.de\/maerkischeslicht\/wp-content\/uploads\/2014\/04\/FL8_8309.jpg\" alt=\"Lehnitzsee Oranienburg\" class=\"wp-image-611\" srcset=\"https:\/\/liebke-foto.de\/maerkischeslicht\/wp-content\/uploads\/2014\/04\/FL8_8309.jpg 1200w, https:\/\/liebke-foto.de\/maerkischeslicht\/wp-content\/uploads\/2014\/04\/FL8_8309-1198x800.jpg 1198w, https:\/\/liebke-foto.de\/maerkischeslicht\/wp-content\/uploads\/2014\/04\/FL8_8309-450x300.jpg 450w\" sizes=\"auto, (max-width: 1200px) 100vw, 1200px\" \/><\/a><figcaption>Lehnitzsee Oranienburg<\/figcaption><\/figure>\n\n\n\n<figure class=\"wp-block-image size-large\"><a href=\"https:\/\/liebke-foto.de\/maerkischeslicht\/wp-content\/uploads\/2014\/04\/FL8_8328.jpg\"><img loading=\"lazy\" decoding=\"async\" width=\"1200\" height=\"801\" src=\"https:\/\/liebke-foto.de\/maerkischeslicht\/wp-content\/uploads\/2014\/04\/FL8_8328.jpg\" alt=\"Lehnitzsee Oranienburg\" class=\"wp-image-612\" srcset=\"https:\/\/liebke-foto.de\/maerkischeslicht\/wp-content\/uploads\/2014\/04\/FL8_8328.jpg 1200w, https:\/\/liebke-foto.de\/maerkischeslicht\/wp-content\/uploads\/2014\/04\/FL8_8328-1198x800.jpg 1198w, https:\/\/liebke-foto.de\/maerkischeslicht\/wp-content\/uploads\/2014\/04\/FL8_8328-450x300.jpg 450w\" sizes=\"auto, (max-width: 1200px) 100vw, 1200px\" \/><\/a><figcaption>Lehnitzsee Oranienburg<\/figcaption><\/figure>\n\n\n\n<figure class=\"wp-block-image size-large\"><a href=\"https:\/\/liebke-foto.de\/maerkischeslicht\/wp-content\/uploads\/2014\/04\/FL8_8356.jpg\"><img loading=\"lazy\" decoding=\"async\" width=\"1200\" height=\"801\" src=\"https:\/\/liebke-foto.de\/maerkischeslicht\/wp-content\/uploads\/2014\/04\/FL8_8356.jpg\" alt=\"Schmachtenhagen im Regen\" class=\"wp-image-613\" srcset=\"https:\/\/liebke-foto.de\/maerkischeslicht\/wp-content\/uploads\/2014\/04\/FL8_8356.jpg 1200w, https:\/\/liebke-foto.de\/maerkischeslicht\/wp-content\/uploads\/2014\/04\/FL8_8356-1198x800.jpg 1198w, https:\/\/liebke-foto.de\/maerkischeslicht\/wp-content\/uploads\/2014\/04\/FL8_8356-450x300.jpg 450w\" sizes=\"auto, (max-width: 1200px) 100vw, 1200px\" \/><\/a><figcaption>Schmachtenhagen im Regen<\/figcaption><\/figure>\n\n\n\n<figure class=\"wp-block-image size-large\"><a href=\"https:\/\/liebke-foto.de\/maerkischeslicht\/wp-content\/uploads\/2014\/04\/FL8_8359.jpg\"><img loading=\"lazy\" decoding=\"async\" width=\"1200\" height=\"801\" src=\"https:\/\/liebke-foto.de\/maerkischeslicht\/wp-content\/uploads\/2014\/04\/FL8_8359.jpg\" alt=\"Schmachtenhagen im Regen\" class=\"wp-image-614\" srcset=\"https:\/\/liebke-foto.de\/maerkischeslicht\/wp-content\/uploads\/2014\/04\/FL8_8359.jpg 1200w, https:\/\/liebke-foto.de\/maerkischeslicht\/wp-content\/uploads\/2014\/04\/FL8_8359-1198x800.jpg 1198w, https:\/\/liebke-foto.de\/maerkischeslicht\/wp-content\/uploads\/2014\/04\/FL8_8359-450x300.jpg 450w\" sizes=\"auto, (max-width: 1200px) 100vw, 1200px\" \/><\/a><figcaption>Schmachtenhagen im Regen<\/figcaption><\/figure>\n\n\n\n<figure class=\"wp-block-image size-large\"><a href=\"https:\/\/liebke-foto.de\/maerkischeslicht\/wp-content\/uploads\/2014\/04\/FL8_8380.jpg\"><img loading=\"lazy\" decoding=\"async\" width=\"1200\" height=\"801\" src=\"https:\/\/liebke-foto.de\/maerkischeslicht\/wp-content\/uploads\/2014\/04\/FL8_8380.jpg\" alt=\"Licht am Radweg\" class=\"wp-image-615\" srcset=\"https:\/\/liebke-foto.de\/maerkischeslicht\/wp-content\/uploads\/2014\/04\/FL8_8380.jpg 1200w, https:\/\/liebke-foto.de\/maerkischeslicht\/wp-content\/uploads\/2014\/04\/FL8_8380-1198x800.jpg 1198w, https:\/\/liebke-foto.de\/maerkischeslicht\/wp-content\/uploads\/2014\/04\/FL8_8380-450x300.jpg 450w\" sizes=\"auto, (max-width: 1200px) 100vw, 1200px\" \/><\/a><figcaption>Licht am Radweg<\/figcaption><\/figure>\n\n\n\n<figure class=\"wp-block-image size-large\"><a href=\"https:\/\/liebke-foto.de\/maerkischeslicht\/wp-content\/uploads\/2014\/04\/FL8_8413.jpg\"><img loading=\"lazy\" decoding=\"async\" width=\"1400\" height=\"934\" src=\"https:\/\/liebke-foto.de\/maerkischeslicht\/wp-content\/uploads\/2014\/04\/FL8_8413.jpg\" alt=\"Schmachtenhagen\" class=\"wp-image-616\" srcset=\"https:\/\/liebke-foto.de\/maerkischeslicht\/wp-content\/uploads\/2014\/04\/FL8_8413.jpg 1400w, https:\/\/liebke-foto.de\/maerkischeslicht\/wp-content\/uploads\/2014\/04\/FL8_8413-1200x800.jpg 1200w, https:\/\/liebke-foto.de\/maerkischeslicht\/wp-content\/uploads\/2014\/04\/FL8_8413-1199x800.jpg 1199w, https:\/\/liebke-foto.de\/maerkischeslicht\/wp-content\/uploads\/2014\/04\/FL8_8413-450x300.jpg 450w\" sizes=\"auto, (max-width: 1400px) 100vw, 1400px\" \/><\/a><figcaption>Schmachtenhagen<\/figcaption><\/figure>\n\n\n\n<figure class=\"wp-block-image size-large\"><a href=\"https:\/\/liebke-foto.de\/maerkischeslicht\/wp-content\/uploads\/2014\/04\/FL8_8427.jpg\"><img loading=\"lazy\" decoding=\"async\" width=\"1400\" height=\"934\" src=\"https:\/\/liebke-foto.de\/maerkischeslicht\/wp-content\/uploads\/2014\/04\/FL8_8427.jpg\" alt=\"Blick auf Wensickendorf\" class=\"wp-image-617\" srcset=\"https:\/\/liebke-foto.de\/maerkischeslicht\/wp-content\/uploads\/2014\/04\/FL8_8427.jpg 1400w, https:\/\/liebke-foto.de\/maerkischeslicht\/wp-content\/uploads\/2014\/04\/FL8_8427-1200x800.jpg 1200w, https:\/\/liebke-foto.de\/maerkischeslicht\/wp-content\/uploads\/2014\/04\/FL8_8427-1199x800.jpg 1199w, https:\/\/liebke-foto.de\/maerkischeslicht\/wp-content\/uploads\/2014\/04\/FL8_8427-450x300.jpg 450w\" sizes=\"auto, (max-width: 1400px) 100vw, 1400px\" \/><\/a><figcaption>Blick auf Wensickendorf<\/figcaption><\/figure>\n\n\n\n<figure class=\"wp-block-image size-large\"><a href=\"https:\/\/liebke-foto.de\/maerkischeslicht\/wp-content\/uploads\/2014\/04\/FL8_8442.jpg\"><img loading=\"lazy\" decoding=\"async\" width=\"1400\" height=\"934\" src=\"https:\/\/liebke-foto.de\/maerkischeslicht\/wp-content\/uploads\/2014\/04\/FL8_8442.jpg\" alt=\"Schmachtenhagen\" class=\"wp-image-618\" srcset=\"https:\/\/liebke-foto.de\/maerkischeslicht\/wp-content\/uploads\/2014\/04\/FL8_8442.jpg 1400w, https:\/\/liebke-foto.de\/maerkischeslicht\/wp-content\/uploads\/2014\/04\/FL8_8442-1200x800.jpg 1200w, https:\/\/liebke-foto.de\/maerkischeslicht\/wp-content\/uploads\/2014\/04\/FL8_8442-1199x800.jpg 1199w, https:\/\/liebke-foto.de\/maerkischeslicht\/wp-content\/uploads\/2014\/04\/FL8_8442-450x300.jpg 450w\" sizes=\"auto, (max-width: 1400px) 100vw, 1400px\" \/><\/a><figcaption>Schmachtenhagen<\/figcaption><\/figure>\n\n\n\n<figure class=\"wp-block-image size-large\"><a href=\"https:\/\/liebke-foto.de\/maerkischeslicht\/wp-content\/uploads\/2014\/04\/FL8_8449.jpg\"><img loading=\"lazy\" decoding=\"async\" width=\"1400\" height=\"934\" src=\"https:\/\/liebke-foto.de\/maerkischeslicht\/wp-content\/uploads\/2014\/04\/FL8_8449.jpg\" alt=\"Zehlendorf\" class=\"wp-image-619\" srcset=\"https:\/\/liebke-foto.de\/maerkischeslicht\/wp-content\/uploads\/2014\/04\/FL8_8449.jpg 1400w, https:\/\/liebke-foto.de\/maerkischeslicht\/wp-content\/uploads\/2014\/04\/FL8_8449-1200x800.jpg 1200w, https:\/\/liebke-foto.de\/maerkischeslicht\/wp-content\/uploads\/2014\/04\/FL8_8449-1199x800.jpg 1199w, https:\/\/liebke-foto.de\/maerkischeslicht\/wp-content\/uploads\/2014\/04\/FL8_8449-450x300.jpg 450w\" sizes=\"auto, (max-width: 1400px) 100vw, 1400px\" \/><\/a><figcaption>Zehlendorf<\/figcaption><\/figure>\n\n\n\n<figure class=\"wp-block-image size-large\"><a href=\"https:\/\/liebke-foto.de\/maerkischeslicht\/wp-content\/uploads\/2014\/04\/FL8_8470.jpg\"><img loading=\"lazy\" decoding=\"async\" width=\"1400\" height=\"934\" src=\"https:\/\/liebke-foto.de\/maerkischeslicht\/wp-content\/uploads\/2014\/04\/FL8_8470.jpg\" alt=\"Zehlendorf\" class=\"wp-image-620\" srcset=\"https:\/\/liebke-foto.de\/maerkischeslicht\/wp-content\/uploads\/2014\/04\/FL8_8470.jpg 1400w, https:\/\/liebke-foto.de\/maerkischeslicht\/wp-content\/uploads\/2014\/04\/FL8_8470-1200x800.jpg 1200w, https:\/\/liebke-foto.de\/maerkischeslicht\/wp-content\/uploads\/2014\/04\/FL8_8470-1199x800.jpg 1199w, https:\/\/liebke-foto.de\/maerkischeslicht\/wp-content\/uploads\/2014\/04\/FL8_8470-450x300.jpg 450w\" sizes=\"auto, (max-width: 1400px) 100vw, 1400px\" \/><\/a><figcaption>Zehlendorf<\/figcaption><\/figure>\n\n\n\n<figure class=\"wp-block-image size-large\"><a href=\"https:\/\/liebke-foto.de\/maerkischeslicht\/wp-content\/uploads\/2014\/04\/FL8_8497.jpg\"><img loading=\"lazy\" decoding=\"async\" width=\"1400\" height=\"934\" src=\"https:\/\/liebke-foto.de\/maerkischeslicht\/wp-content\/uploads\/2014\/04\/FL8_8497.jpg\" alt=\"Zehlendorf Geh\u00f6ft\" class=\"wp-image-621\" srcset=\"https:\/\/liebke-foto.de\/maerkischeslicht\/wp-content\/uploads\/2014\/04\/FL8_8497.jpg 1400w, https:\/\/liebke-foto.de\/maerkischeslicht\/wp-content\/uploads\/2014\/04\/FL8_8497-1200x800.jpg 1200w, https:\/\/liebke-foto.de\/maerkischeslicht\/wp-content\/uploads\/2014\/04\/FL8_8497-1199x800.jpg 1199w, https:\/\/liebke-foto.de\/maerkischeslicht\/wp-content\/uploads\/2014\/04\/FL8_8497-450x300.jpg 450w\" sizes=\"auto, (max-width: 1400px) 100vw, 1400px\" \/><\/a><figcaption>Zehlendorf Geh\u00f6ft<\/figcaption><\/figure>\n\n\n\n<figure class=\"wp-block-image size-large\"><a href=\"https:\/\/liebke-foto.de\/maerkischeslicht\/wp-content\/uploads\/2014\/04\/FL8_8507.jpg\"><img loading=\"lazy\" decoding=\"async\" width=\"1400\" height=\"934\" src=\"https:\/\/liebke-foto.de\/maerkischeslicht\/wp-content\/uploads\/2014\/04\/FL8_8507.jpg\" alt=\"Kraniche\" class=\"wp-image-622\" srcset=\"https:\/\/liebke-foto.de\/maerkischeslicht\/wp-content\/uploads\/2014\/04\/FL8_8507.jpg 1400w, https:\/\/liebke-foto.de\/maerkischeslicht\/wp-content\/uploads\/2014\/04\/FL8_8507-1200x800.jpg 1200w, https:\/\/liebke-foto.de\/maerkischeslicht\/wp-content\/uploads\/2014\/04\/FL8_8507-1199x800.jpg 1199w, https:\/\/liebke-foto.de\/maerkischeslicht\/wp-content\/uploads\/2014\/04\/FL8_8507-450x300.jpg 450w\" sizes=\"auto, (max-width: 1400px) 100vw, 1400px\" \/><\/a><figcaption>Kraniche<\/figcaption><\/figure>\n\n\n\n<figure class=\"wp-block-image size-large\"><a href=\"https:\/\/liebke-foto.de\/maerkischeslicht\/wp-content\/uploads\/2014\/04\/FL8_8525.jpg\"><img loading=\"lazy\" decoding=\"async\" width=\"1400\" height=\"934\" src=\"https:\/\/liebke-foto.de\/maerkischeslicht\/wp-content\/uploads\/2014\/04\/FL8_8525.jpg\" alt=\"Damwild\" class=\"wp-image-623\" srcset=\"https:\/\/liebke-foto.de\/maerkischeslicht\/wp-content\/uploads\/2014\/04\/FL8_8525.jpg 1400w, https:\/\/liebke-foto.de\/maerkischeslicht\/wp-content\/uploads\/2014\/04\/FL8_8525-1200x800.jpg 1200w, https:\/\/liebke-foto.de\/maerkischeslicht\/wp-content\/uploads\/2014\/04\/FL8_8525-1199x800.jpg 1199w, https:\/\/liebke-foto.de\/maerkischeslicht\/wp-content\/uploads\/2014\/04\/FL8_8525-450x300.jpg 450w\" sizes=\"auto, (max-width: 1400px) 100vw, 1400px\" \/><\/a><figcaption>Damwild<\/figcaption><\/figure>\n\n\n\n<figure class=\"wp-block-image size-large\"><a href=\"https:\/\/liebke-foto.de\/maerkischeslicht\/wp-content\/uploads\/2014\/04\/FL8_8531.jpg\"><img loading=\"lazy\" decoding=\"async\" width=\"1400\" height=\"934\" src=\"https:\/\/liebke-foto.de\/maerkischeslicht\/wp-content\/uploads\/2014\/04\/FL8_8531.jpg\" alt=\"Kraniche Zehlendorf\" class=\"wp-image-624\" srcset=\"https:\/\/liebke-foto.de\/maerkischeslicht\/wp-content\/uploads\/2014\/04\/FL8_8531.jpg 1400w, https:\/\/liebke-foto.de\/maerkischeslicht\/wp-content\/uploads\/2014\/04\/FL8_8531-1200x800.jpg 1200w, https:\/\/liebke-foto.de\/maerkischeslicht\/wp-content\/uploads\/2014\/04\/FL8_8531-1199x800.jpg 1199w, https:\/\/liebke-foto.de\/maerkischeslicht\/wp-content\/uploads\/2014\/04\/FL8_8531-450x300.jpg 450w\" sizes=\"auto, (max-width: 1400px) 100vw, 1400px\" \/><\/a><figcaption>Kraniche Zehlendorf<\/figcaption><\/figure>\n\n\n\n<figure class=\"wp-block-image size-large\"><a href=\"https:\/\/liebke-foto.de\/maerkischeslicht\/wp-content\/uploads\/2014\/04\/FL8_8538.jpg\"><img loading=\"lazy\" decoding=\"async\" width=\"1400\" height=\"934\" src=\"https:\/\/liebke-foto.de\/maerkischeslicht\/wp-content\/uploads\/2014\/04\/FL8_8538.jpg\" alt=\"Kraniche Zehlendorf\" class=\"wp-image-625\" srcset=\"https:\/\/liebke-foto.de\/maerkischeslicht\/wp-content\/uploads\/2014\/04\/FL8_8538.jpg 1400w, https:\/\/liebke-foto.de\/maerkischeslicht\/wp-content\/uploads\/2014\/04\/FL8_8538-1200x800.jpg 1200w, https:\/\/liebke-foto.de\/maerkischeslicht\/wp-content\/uploads\/2014\/04\/FL8_8538-1199x800.jpg 1199w, https:\/\/liebke-foto.de\/maerkischeslicht\/wp-content\/uploads\/2014\/04\/FL8_8538-450x300.jpg 450w\" sizes=\"auto, (max-width: 1400px) 100vw, 1400px\" \/><\/a><figcaption>Kraniche Zehlendorf<\/figcaption><\/figure>\n\n\n\n<figure class=\"wp-block-image size-large\"><a href=\"https:\/\/liebke-foto.de\/maerkischeslicht\/wp-content\/uploads\/2014\/04\/FL8_8581.jpg\"><img loading=\"lazy\" decoding=\"async\" width=\"1400\" height=\"934\" src=\"https:\/\/liebke-foto.de\/maerkischeslicht\/wp-content\/uploads\/2014\/04\/FL8_8581.jpg\" alt=\"Hofladen Kreuzbruch\" class=\"wp-image-626\" srcset=\"https:\/\/liebke-foto.de\/maerkischeslicht\/wp-content\/uploads\/2014\/04\/FL8_8581.jpg 1400w, https:\/\/liebke-foto.de\/maerkischeslicht\/wp-content\/uploads\/2014\/04\/FL8_8581-1200x800.jpg 1200w, https:\/\/liebke-foto.de\/maerkischeslicht\/wp-content\/uploads\/2014\/04\/FL8_8581-1199x800.jpg 1199w, https:\/\/liebke-foto.de\/maerkischeslicht\/wp-content\/uploads\/2014\/04\/FL8_8581-450x300.jpg 450w\" sizes=\"auto, (max-width: 1400px) 100vw, 1400px\" \/><\/a><figcaption>Hofladen Kreuzbruch<\/figcaption><\/figure>\n\n\n\n<figure class=\"wp-block-image size-large\"><a href=\"https:\/\/liebke-foto.de\/maerkischeslicht\/wp-content\/uploads\/2014\/04\/FL8_8592.jpg\"><img loading=\"lazy\" decoding=\"async\" width=\"1400\" height=\"934\" src=\"https:\/\/liebke-foto.de\/maerkischeslicht\/wp-content\/uploads\/2014\/04\/FL8_8592.jpg\" alt=\"Hofladen Kreuzbruch\" class=\"wp-image-627\" srcset=\"https:\/\/liebke-foto.de\/maerkischeslicht\/wp-content\/uploads\/2014\/04\/FL8_8592.jpg 1400w, https:\/\/liebke-foto.de\/maerkischeslicht\/wp-content\/uploads\/2014\/04\/FL8_8592-1200x800.jpg 1200w, https:\/\/liebke-foto.de\/maerkischeslicht\/wp-content\/uploads\/2014\/04\/FL8_8592-1199x800.jpg 1199w, https:\/\/liebke-foto.de\/maerkischeslicht\/wp-content\/uploads\/2014\/04\/FL8_8592-450x300.jpg 450w\" sizes=\"auto, (max-width: 1400px) 100vw, 1400px\" \/><\/a><figcaption>Hofladen Kreuzbruch<\/figcaption><\/figure>\n\n\n\n<figure class=\"wp-block-image size-large\"><a href=\"https:\/\/liebke-foto.de\/maerkischeslicht\/wp-content\/uploads\/2014\/04\/FL8_8597.jpg\"><img loading=\"lazy\" decoding=\"async\" width=\"1400\" height=\"960\" src=\"https:\/\/liebke-foto.de\/maerkischeslicht\/wp-content\/uploads\/2014\/04\/FL8_8597.jpg\" alt=\"Hofladen Kreuzbruch\" class=\"wp-image-628\" srcset=\"https:\/\/liebke-foto.de\/maerkischeslicht\/wp-content\/uploads\/2014\/04\/FL8_8597.jpg 1400w, https:\/\/liebke-foto.de\/maerkischeslicht\/wp-content\/uploads\/2014\/04\/FL8_8597-1166x800.jpg 1166w\" sizes=\"auto, (max-width: 1400px) 100vw, 1400px\" \/><\/a><figcaption>Hofladen Kreuzbruch<\/figcaption><\/figure>\n\n\n\n<figure class=\"wp-block-image size-large\"><a href=\"https:\/\/liebke-foto.de\/maerkischeslicht\/wp-content\/uploads\/2014\/04\/FL8_8605.jpg\"><img loading=\"lazy\" decoding=\"async\" width=\"1400\" height=\"934\" src=\"https:\/\/liebke-foto.de\/maerkischeslicht\/wp-content\/uploads\/2014\/04\/FL8_8605.jpg\" alt=\"Kreuzbruch\" class=\"wp-image-629\" srcset=\"https:\/\/liebke-foto.de\/maerkischeslicht\/wp-content\/uploads\/2014\/04\/FL8_8605.jpg 1400w, https:\/\/liebke-foto.de\/maerkischeslicht\/wp-content\/uploads\/2014\/04\/FL8_8605-1200x800.jpg 1200w, https:\/\/liebke-foto.de\/maerkischeslicht\/wp-content\/uploads\/2014\/04\/FL8_8605-1199x800.jpg 1199w, https:\/\/liebke-foto.de\/maerkischeslicht\/wp-content\/uploads\/2014\/04\/FL8_8605-450x300.jpg 450w\" sizes=\"auto, (max-width: 1400px) 100vw, 1400px\" \/><\/a><figcaption>Kreuzbruch<\/figcaption><\/figure>\n\n\n\n<figure class=\"wp-block-image size-large\"><a href=\"https:\/\/liebke-foto.de\/maerkischeslicht\/wp-content\/uploads\/2014\/04\/FL8_8617.jpg\"><img loading=\"lazy\" decoding=\"async\" width=\"1400\" height=\"934\" src=\"https:\/\/liebke-foto.de\/maerkischeslicht\/wp-content\/uploads\/2014\/04\/FL8_8617.jpg\" alt=\"Krewelin\" class=\"wp-image-630\" srcset=\"https:\/\/liebke-foto.de\/maerkischeslicht\/wp-content\/uploads\/2014\/04\/FL8_8617.jpg 1400w, https:\/\/liebke-foto.de\/maerkischeslicht\/wp-content\/uploads\/2014\/04\/FL8_8617-1200x800.jpg 1200w, https:\/\/liebke-foto.de\/maerkischeslicht\/wp-content\/uploads\/2014\/04\/FL8_8617-1199x800.jpg 1199w, https:\/\/liebke-foto.de\/maerkischeslicht\/wp-content\/uploads\/2014\/04\/FL8_8617-450x300.jpg 450w\" sizes=\"auto, (max-width: 1400px) 100vw, 1400px\" \/><\/a><figcaption>Krewelin<\/figcaption><\/figure>\n\n\n\n<figure class=\"wp-block-image size-large\"><a href=\"https:\/\/liebke-foto.de\/maerkischeslicht\/wp-content\/uploads\/2014\/04\/FL8_8653.jpg\"><img loading=\"lazy\" decoding=\"async\" width=\"1400\" height=\"934\" src=\"https:\/\/liebke-foto.de\/maerkischeslicht\/wp-content\/uploads\/2014\/04\/FL8_8653.jpg\" alt=\"Krewelin\" class=\"wp-image-631\" srcset=\"https:\/\/liebke-foto.de\/maerkischeslicht\/wp-content\/uploads\/2014\/04\/FL8_8653.jpg 1400w, https:\/\/liebke-foto.de\/maerkischeslicht\/wp-content\/uploads\/2014\/04\/FL8_8653-1200x800.jpg 1200w, https:\/\/liebke-foto.de\/maerkischeslicht\/wp-content\/uploads\/2014\/04\/FL8_8653-1199x800.jpg 1199w, https:\/\/liebke-foto.de\/maerkischeslicht\/wp-content\/uploads\/2014\/04\/FL8_8653-450x300.jpg 450w\" sizes=\"auto, (max-width: 1400px) 100vw, 1400px\" \/><\/a><figcaption>Krewelin<\/figcaption><\/figure>\n\n\n\n<figure class=\"wp-block-image size-large\"><a href=\"https:\/\/liebke-foto.de\/maerkischeslicht\/wp-content\/uploads\/2014\/04\/FL8_8666.jpg\"><img loading=\"lazy\" decoding=\"async\" width=\"1400\" height=\"934\" src=\"https:\/\/liebke-foto.de\/maerkischeslicht\/wp-content\/uploads\/2014\/04\/FL8_8666.jpg\" alt=\"Krewelin Vosskanal und Havel\" class=\"wp-image-632\" srcset=\"https:\/\/liebke-foto.de\/maerkischeslicht\/wp-content\/uploads\/2014\/04\/FL8_8666.jpg 1400w, https:\/\/liebke-foto.de\/maerkischeslicht\/wp-content\/uploads\/2014\/04\/FL8_8666-1200x800.jpg 1200w, https:\/\/liebke-foto.de\/maerkischeslicht\/wp-content\/uploads\/2014\/04\/FL8_8666-1199x800.jpg 1199w, https:\/\/liebke-foto.de\/maerkischeslicht\/wp-content\/uploads\/2014\/04\/FL8_8666-450x300.jpg 450w\" sizes=\"auto, (max-width: 1400px) 100vw, 1400px\" \/><\/a><figcaption>Krewelin Vosskanal und Havel<\/figcaption><\/figure>\n\n\n\n<figure class=\"wp-block-image size-large\"><a href=\"https:\/\/liebke-foto.de\/maerkischeslicht\/wp-content\/uploads\/2014\/04\/FL8_8671.jpg\"><img loading=\"lazy\" decoding=\"async\" width=\"1400\" height=\"934\" src=\"https:\/\/liebke-foto.de\/maerkischeslicht\/wp-content\/uploads\/2014\/04\/FL8_8671.jpg\" alt=\"Krewelin Vosskanal\" class=\"wp-image-633\" srcset=\"https:\/\/liebke-foto.de\/maerkischeslicht\/wp-content\/uploads\/2014\/04\/FL8_8671.jpg 1400w, https:\/\/liebke-foto.de\/maerkischeslicht\/wp-content\/uploads\/2014\/04\/FL8_8671-1200x800.jpg 1200w, https:\/\/liebke-foto.de\/maerkischeslicht\/wp-content\/uploads\/2014\/04\/FL8_8671-1199x800.jpg 1199w, https:\/\/liebke-foto.de\/maerkischeslicht\/wp-content\/uploads\/2014\/04\/FL8_8671-450x300.jpg 450w\" sizes=\"auto, (max-width: 1400px) 100vw, 1400px\" \/><\/a><figcaption>Krewelin Vosskanal<\/figcaption><\/figure>\n\n\n\n<figure class=\"wp-block-image size-large\"><a href=\"https:\/\/liebke-foto.de\/maerkischeslicht\/wp-content\/uploads\/2014\/04\/FL8_8696.jpg\"><img loading=\"lazy\" decoding=\"async\" width=\"1400\" height=\"934\" src=\"https:\/\/liebke-foto.de\/maerkischeslicht\/wp-content\/uploads\/2014\/04\/FL8_8696.jpg\" alt=\"Krewelin\" class=\"wp-image-634\" srcset=\"https:\/\/liebke-foto.de\/maerkischeslicht\/wp-content\/uploads\/2014\/04\/FL8_8696.jpg 1400w, https:\/\/liebke-foto.de\/maerkischeslicht\/wp-content\/uploads\/2014\/04\/FL8_8696-1200x800.jpg 1200w, https:\/\/liebke-foto.de\/maerkischeslicht\/wp-content\/uploads\/2014\/04\/FL8_8696-1199x800.jpg 1199w, https:\/\/liebke-foto.de\/maerkischeslicht\/wp-content\/uploads\/2014\/04\/FL8_8696-450x300.jpg 450w\" sizes=\"auto, (max-width: 1400px) 100vw, 1400px\" \/><\/a><figcaption>Krewelin Vosskanal<\/figcaption><\/figure>\n\n\n\n<figure class=\"wp-block-image size-large\"><a href=\"https:\/\/liebke-foto.de\/maerkischeslicht\/wp-content\/uploads\/2014\/04\/FL8_8701.jpg\"><img loading=\"lazy\" decoding=\"async\" width=\"1200\" height=\"801\" src=\"https:\/\/liebke-foto.de\/maerkischeslicht\/wp-content\/uploads\/2014\/04\/FL8_8701.jpg\" alt=\"Krewelin\" class=\"wp-image-635\" srcset=\"https:\/\/liebke-foto.de\/maerkischeslicht\/wp-content\/uploads\/2014\/04\/FL8_8701.jpg 1200w, https:\/\/liebke-foto.de\/maerkischeslicht\/wp-content\/uploads\/2014\/04\/FL8_8701-1198x800.jpg 1198w, https:\/\/liebke-foto.de\/maerkischeslicht\/wp-content\/uploads\/2014\/04\/FL8_8701-450x300.jpg 450w\" sizes=\"auto, (max-width: 1200px) 100vw, 1200px\" \/><\/a><figcaption>Krewelin Vosskanal<\/figcaption><\/figure>\n\n\n\n<figure class=\"wp-block-image size-large\"><a href=\"https:\/\/liebke-foto.de\/maerkischeslicht\/wp-content\/uploads\/2014\/04\/FL8_8707.jpg\"><img loading=\"lazy\" decoding=\"async\" width=\"1400\" height=\"934\" src=\"https:\/\/liebke-foto.de\/maerkischeslicht\/wp-content\/uploads\/2014\/04\/FL8_8707.jpg\" alt=\"Die Havel bei Krewelin\" class=\"wp-image-636\" srcset=\"https:\/\/liebke-foto.de\/maerkischeslicht\/wp-content\/uploads\/2014\/04\/FL8_8707.jpg 1400w, https:\/\/liebke-foto.de\/maerkischeslicht\/wp-content\/uploads\/2014\/04\/FL8_8707-1200x800.jpg 1200w, https:\/\/liebke-foto.de\/maerkischeslicht\/wp-content\/uploads\/2014\/04\/FL8_8707-1199x800.jpg 1199w, https:\/\/liebke-foto.de\/maerkischeslicht\/wp-content\/uploads\/2014\/04\/FL8_8707-450x300.jpg 450w\" sizes=\"auto, (max-width: 1400px) 100vw, 1400px\" \/><\/a><figcaption>Die Havel bei Krewelin<\/figcaption><\/figure>\n\n\n\n<figure class=\"wp-block-image size-large\"><a href=\"https:\/\/liebke-foto.de\/maerkischeslicht\/wp-content\/uploads\/2014\/04\/FL8_8731.jpg\"><img loading=\"lazy\" decoding=\"async\" width=\"1400\" height=\"934\" src=\"https:\/\/liebke-foto.de\/maerkischeslicht\/wp-content\/uploads\/2014\/04\/FL8_8731.jpg\" alt=\"Krewelin\" class=\"wp-image-637\" srcset=\"https:\/\/liebke-foto.de\/maerkischeslicht\/wp-content\/uploads\/2014\/04\/FL8_8731.jpg 1400w, https:\/\/liebke-foto.de\/maerkischeslicht\/wp-content\/uploads\/2014\/04\/FL8_8731-1200x800.jpg 1200w, https:\/\/liebke-foto.de\/maerkischeslicht\/wp-content\/uploads\/2014\/04\/FL8_8731-1199x800.jpg 1199w, https:\/\/liebke-foto.de\/maerkischeslicht\/wp-content\/uploads\/2014\/04\/FL8_8731-450x300.jpg 450w\" sizes=\"auto, (max-width: 1400px) 100vw, 1400px\" \/><\/a><figcaption>Krewelin<\/figcaption><\/figure>\n\n\n\n<figure class=\"wp-block-image size-large\"><a href=\"https:\/\/liebke-foto.de\/maerkischeslicht\/wp-content\/uploads\/2014\/04\/FL8_8738.jpg\"><img loading=\"lazy\" decoding=\"async\" width=\"1400\" height=\"934\" src=\"https:\/\/liebke-foto.de\/maerkischeslicht\/wp-content\/uploads\/2014\/04\/FL8_8738.jpg\" alt=\"Die Havel bei Krewelin\" class=\"wp-image-638\" srcset=\"https:\/\/liebke-foto.de\/maerkischeslicht\/wp-content\/uploads\/2014\/04\/FL8_8738.jpg 1400w, https:\/\/liebke-foto.de\/maerkischeslicht\/wp-content\/uploads\/2014\/04\/FL8_8738-1200x800.jpg 1200w, https:\/\/liebke-foto.de\/maerkischeslicht\/wp-content\/uploads\/2014\/04\/FL8_8738-1199x800.jpg 1199w, https:\/\/liebke-foto.de\/maerkischeslicht\/wp-content\/uploads\/2014\/04\/FL8_8738-450x300.jpg 450w\" sizes=\"auto, (max-width: 1400px) 100vw, 1400px\" \/><\/a><figcaption>Die Havel bei Krewelin<\/figcaption><\/figure>\n\n\n\n<figure class=\"wp-block-image size-large\"><a href=\"https:\/\/liebke-foto.de\/maerkischeslicht\/wp-content\/uploads\/2014\/04\/FL8_8783.jpg\"><img loading=\"lazy\" decoding=\"async\" width=\"1400\" height=\"934\" src=\"https:\/\/liebke-foto.de\/maerkischeslicht\/wp-content\/uploads\/2014\/04\/FL8_8783.jpg\" alt=\"Nassenheide\" class=\"wp-image-639\" srcset=\"https:\/\/liebke-foto.de\/maerkischeslicht\/wp-content\/uploads\/2014\/04\/FL8_8783.jpg 1400w, https:\/\/liebke-foto.de\/maerkischeslicht\/wp-content\/uploads\/2014\/04\/FL8_8783-1200x800.jpg 1200w, https:\/\/liebke-foto.de\/maerkischeslicht\/wp-content\/uploads\/2014\/04\/FL8_8783-1199x800.jpg 1199w, https:\/\/liebke-foto.de\/maerkischeslicht\/wp-content\/uploads\/2014\/04\/FL8_8783-450x300.jpg 450w\" sizes=\"auto, (max-width: 1400px) 100vw, 1400px\" \/><\/a><figcaption>Nassenheide<\/figcaption><\/figure>\n\n\n\n<figure class=\"wp-block-image size-large\"><a href=\"https:\/\/liebke-foto.de\/maerkischeslicht\/wp-content\/uploads\/2014\/04\/FL8_8788.jpg\"><img loading=\"lazy\" decoding=\"async\" width=\"1400\" height=\"934\" src=\"https:\/\/liebke-foto.de\/maerkischeslicht\/wp-content\/uploads\/2014\/04\/FL8_8788.jpg\" alt=\"Nassenheide\" class=\"wp-image-640\" srcset=\"https:\/\/liebke-foto.de\/maerkischeslicht\/wp-content\/uploads\/2014\/04\/FL8_8788.jpg 1400w, https:\/\/liebke-foto.de\/maerkischeslicht\/wp-content\/uploads\/2014\/04\/FL8_8788-1200x800.jpg 1200w, https:\/\/liebke-foto.de\/maerkischeslicht\/wp-content\/uploads\/2014\/04\/FL8_8788-1199x800.jpg 1199w, https:\/\/liebke-foto.de\/maerkischeslicht\/wp-content\/uploads\/2014\/04\/FL8_8788-450x300.jpg 450w\" sizes=\"auto, (max-width: 1400px) 100vw, 1400px\" \/><\/a><figcaption>Nassenheide<\/figcaption><\/figure>\n\n\n\n<div style=\"padding:20px\" class=\"wp-block-tnp-minimal\"><p>Subscribe to our newsletter!<\/p><div><div class=\"tnp tnp-subscription \">\n<form method=\"post\" action=\"https:\/\/liebke-foto.de\/maerkischeslicht\/wp-admin\/admin-ajax.php?action=tnp&amp;na=s\">\n<input type=\"hidden\" name=\"nlang\" value=\"\">\n<div class=\"tnp-field tnp-field-firstname\"><label for=\"tnp-1\">Vorname oder ganzer Name<\/label>\n<input class=\"tnp-name\" type=\"text\" name=\"nn\" id=\"tnp-1\" value=\"\" placeholder=\"\"><\/div>\n<div class=\"tnp-field tnp-field-email\"><label for=\"tnp-2\">Email<\/label>\n<input class=\"tnp-email\" type=\"email\" name=\"ne\" id=\"tnp-2\" value=\"\" placeholder=\"\" required><\/div>\n<div class=\"tnp-field tnp-privacy-field\"><label><input type=\"checkbox\" name=\"ny\" required class=\"tnp-privacy\"> Indem Du fortf\u00e4hrst, akzeptierst Du unsere Datenschutzerkl\u00e4rung.<\/label><\/div><div class=\"tnp-field tnp-field-button\" style=\"text-align: left\"><input class=\"tnp-submit\" type=\"submit\" value=\"Abonnieren\" style=\"\">\n<\/div>\n<\/form>\n<\/div>\n<\/div><\/div>\n\n\n\n\n","protected":false},"excerpt":{"rendered":"<p>\u2026 gibt es immer in den Wechsel-Jahreszeiten. Die st\u00fcrmischen Herbsttage mit fallenden bunten Bl\u00e4ttern oder wie jetzt die Fr\u00fchlingszeit. Wenn die B\u00e4ume diesen&#8230;<\/p>\n","protected":false},"author":1,"featured_media":638,"comment_status":"open","ping_status":"closed","sticky":false,"template":"","format":"gallery","meta":{"footnotes":""},"categories":[11,10,34,12],"tags":[21,28,26],"class_list":["post-606","post","type-post","status-publish","format-gallery","has-post-thumbnail","hentry","category-im-land-brandenburg-unterwegs","category-landschaft-mark-brandenburg-oberhavel-barnim","category-naturpark-barnim","category-wildes-brandenburg","tag-brandenburg","tag-maerkisches-licht","tag-wolken","post_format-post-format-gallery"],"yoast_head":"<!-- This site is optimized with the Yoast SEO plugin v27.5 - https:\/\/yoast.com\/product\/yoast-seo-wordpress\/ -->\n<title>M\u00e4rkisches Licht in seiner sch\u00f6nsten Form... - M\u00e4rkisches Licht - Der Fotograf der Stille<\/title>\n<meta name=\"description\" content=\"M\u00e4rkisches Licht in seiner sch\u00f6nsten Form...\" \/>\n<meta name=\"robots\" content=\"index, follow, max-snippet:-1, max-image-preview:large, max-video-preview:-1\" \/>\n<link rel=\"canonical\" href=\"https:\/\/liebke-foto.de\/maerkischeslicht\/maerkisches-licht-in-seiner-schoensten-form\/\" \/>\n<meta property=\"og:locale\" content=\"de_DE\" \/>\n<meta property=\"og:type\" content=\"article\" \/>\n<meta property=\"og:title\" content=\"M\u00e4rkisches Licht in seiner sch\u00f6nsten Form... - M\u00e4rkisches Licht - Der Fotograf der Stille\" \/>\n<meta property=\"og:description\" content=\"M\u00e4rkisches Licht in seiner sch\u00f6nsten Form...\" \/>\n<meta property=\"og:url\" content=\"https:\/\/liebke-foto.de\/maerkischeslicht\/maerkisches-licht-in-seiner-schoensten-form\/\" \/>\n<meta property=\"og:site_name\" content=\"M\u00e4rkisches Licht - Der Fotograf der Stille\" \/>\n<meta property=\"article:published_time\" content=\"2014-04-14T15:45:49+00:00\" \/>\n<meta property=\"article:modified_time\" content=\"2022-07-03T17:58:50+00:00\" \/>\n<meta property=\"og:image\" content=\"https:\/\/liebke-foto.de\/maerkischeslicht\/wp-content\/uploads\/2014\/04\/FL8_8738.jpg\" \/>\n\t<meta property=\"og:image:width\" content=\"1400\" \/>\n\t<meta property=\"og:image:height\" content=\"934\" \/>\n\t<meta property=\"og:image:type\" content=\"image\/jpeg\" \/>\n<meta name=\"author\" content=\"Frank Liebke\" \/>\n<meta name=\"twitter:card\" content=\"summary_large_image\" \/>\n<meta name=\"twitter:label1\" content=\"Verfasst von\" \/>\n\t<meta name=\"twitter:data1\" content=\"Frank Liebke\" \/>\n\t<meta name=\"twitter:label2\" content=\"Gesch\u00e4tzte Lesezeit\" \/>\n\t<meta name=\"twitter:data2\" content=\"14\u00a0Minuten\" \/>\n<script type=\"application\/ld+json\" class=\"yoast-schema-graph\">{\"@context\":\"https:\\\/\\\/schema.org\",\"@graph\":[{\"@type\":\"Article\",\"@id\":\"https:\\\/\\\/liebke-foto.de\\\/maerkischeslicht\\\/maerkisches-licht-in-seiner-schoensten-form\\\/#article\",\"isPartOf\":{\"@id\":\"https:\\\/\\\/liebke-foto.de\\\/maerkischeslicht\\\/maerkisches-licht-in-seiner-schoensten-form\\\/\"},\"author\":{\"name\":\"Frank Liebke\",\"@id\":\"https:\\\/\\\/liebke-foto.de\\\/maerkischeslicht\\\/#\\\/schema\\\/person\\\/d71108abc09a723daeeb8526a33137ee\"},\"headline\":\"M\u00e4rkisches Licht in seiner sch\u00f6nsten Form&#8230;\",\"datePublished\":\"2014-04-14T15:45:49+00:00\",\"dateModified\":\"2022-07-03T17:58:50+00:00\",\"mainEntityOfPage\":{\"@id\":\"https:\\\/\\\/liebke-foto.de\\\/maerkischeslicht\\\/maerkisches-licht-in-seiner-schoensten-form\\\/\"},\"wordCount\":1350,\"commentCount\":2,\"publisher\":{\"@id\":\"https:\\\/\\\/liebke-foto.de\\\/maerkischeslicht\\\/#\\\/schema\\\/person\\\/d71108abc09a723daeeb8526a33137ee\"},\"image\":{\"@id\":\"https:\\\/\\\/liebke-foto.de\\\/maerkischeslicht\\\/maerkisches-licht-in-seiner-schoensten-form\\\/#primaryimage\"},\"thumbnailUrl\":\"https:\\\/\\\/liebke-foto.de\\\/maerkischeslicht\\\/wp-content\\\/uploads\\\/2014\\\/04\\\/FL8_8738.jpg\",\"keywords\":[\"Brandenburg\",\"M\u00e4rkisches Licht\",\"Wolken\"],\"articleSection\":[\"Im Land Brandenburg unterwegs\",\"Landschaft\",\"Naturpark Barnim\",\"Wildes Brandenburg\"],\"inLanguage\":\"de\",\"potentialAction\":[{\"@type\":\"CommentAction\",\"name\":\"Comment\",\"target\":[\"https:\\\/\\\/liebke-foto.de\\\/maerkischeslicht\\\/maerkisches-licht-in-seiner-schoensten-form\\\/#respond\"]}]},{\"@type\":\"WebPage\",\"@id\":\"https:\\\/\\\/liebke-foto.de\\\/maerkischeslicht\\\/maerkisches-licht-in-seiner-schoensten-form\\\/\",\"url\":\"https:\\\/\\\/liebke-foto.de\\\/maerkischeslicht\\\/maerkisches-licht-in-seiner-schoensten-form\\\/\",\"name\":\"M\u00e4rkisches Licht in seiner sch\u00f6nsten Form... - M\u00e4rkisches Licht - Der Fotograf der Stille\",\"isPartOf\":{\"@id\":\"https:\\\/\\\/liebke-foto.de\\\/maerkischeslicht\\\/#website\"},\"primaryImageOfPage\":{\"@id\":\"https:\\\/\\\/liebke-foto.de\\\/maerkischeslicht\\\/maerkisches-licht-in-seiner-schoensten-form\\\/#primaryimage\"},\"image\":{\"@id\":\"https:\\\/\\\/liebke-foto.de\\\/maerkischeslicht\\\/maerkisches-licht-in-seiner-schoensten-form\\\/#primaryimage\"},\"thumbnailUrl\":\"https:\\\/\\\/liebke-foto.de\\\/maerkischeslicht\\\/wp-content\\\/uploads\\\/2014\\\/04\\\/FL8_8738.jpg\",\"datePublished\":\"2014-04-14T15:45:49+00:00\",\"dateModified\":\"2022-07-03T17:58:50+00:00\",\"description\":\"M\u00e4rkisches Licht in seiner sch\u00f6nsten Form...\",\"breadcrumb\":{\"@id\":\"https:\\\/\\\/liebke-foto.de\\\/maerkischeslicht\\\/maerkisches-licht-in-seiner-schoensten-form\\\/#breadcrumb\"},\"inLanguage\":\"de\",\"potentialAction\":[{\"@type\":\"ReadAction\",\"target\":[\"https:\\\/\\\/liebke-foto.de\\\/maerkischeslicht\\\/maerkisches-licht-in-seiner-schoensten-form\\\/\"]}]},{\"@type\":\"ImageObject\",\"inLanguage\":\"de\",\"@id\":\"https:\\\/\\\/liebke-foto.de\\\/maerkischeslicht\\\/maerkisches-licht-in-seiner-schoensten-form\\\/#primaryimage\",\"url\":\"https:\\\/\\\/liebke-foto.de\\\/maerkischeslicht\\\/wp-content\\\/uploads\\\/2014\\\/04\\\/FL8_8738.jpg\",\"contentUrl\":\"https:\\\/\\\/liebke-foto.de\\\/maerkischeslicht\\\/wp-content\\\/uploads\\\/2014\\\/04\\\/FL8_8738.jpg\",\"width\":1400,\"height\":934,\"caption\":\"Die Havel bei Krewelin\"},{\"@type\":\"BreadcrumbList\",\"@id\":\"https:\\\/\\\/liebke-foto.de\\\/maerkischeslicht\\\/maerkisches-licht-in-seiner-schoensten-form\\\/#breadcrumb\",\"itemListElement\":[{\"@type\":\"ListItem\",\"position\":1,\"name\":\"Startseite\",\"item\":\"https:\\\/\\\/liebke-foto.de\\\/maerkischeslicht\\\/\"},{\"@type\":\"ListItem\",\"position\":2,\"name\":\"M\u00e4rkisches Licht in seiner sch\u00f6nsten Form&#8230;\"}]},{\"@type\":\"WebSite\",\"@id\":\"https:\\\/\\\/liebke-foto.de\\\/maerkischeslicht\\\/#website\",\"url\":\"https:\\\/\\\/liebke-foto.de\\\/maerkischeslicht\\\/\",\"name\":\"M\u00e4rkisches Licht - Der Fotograf der Stille\",\"description\":\"Die Liebe zum Leben...\",\"publisher\":{\"@id\":\"https:\\\/\\\/liebke-foto.de\\\/maerkischeslicht\\\/#\\\/schema\\\/person\\\/d71108abc09a723daeeb8526a33137ee\"},\"potentialAction\":[{\"@type\":\"SearchAction\",\"target\":{\"@type\":\"EntryPoint\",\"urlTemplate\":\"https:\\\/\\\/liebke-foto.de\\\/maerkischeslicht\\\/?s={search_term_string}\"},\"query-input\":{\"@type\":\"PropertyValueSpecification\",\"valueRequired\":true,\"valueName\":\"search_term_string\"}}],\"inLanguage\":\"de\"},{\"@type\":[\"Person\",\"Organization\"],\"@id\":\"https:\\\/\\\/liebke-foto.de\\\/maerkischeslicht\\\/#\\\/schema\\\/person\\\/d71108abc09a723daeeb8526a33137ee\",\"name\":\"Frank Liebke\",\"image\":{\"@type\":\"ImageObject\",\"inLanguage\":\"de\",\"@id\":\"https:\\\/\\\/liebke-foto.de\\\/maerkischeslicht\\\/wp-content\\\/uploads\\\/2021\\\/12\\\/IMG-20211024-WA0001.jpg\",\"url\":\"https:\\\/\\\/liebke-foto.de\\\/maerkischeslicht\\\/wp-content\\\/uploads\\\/2021\\\/12\\\/IMG-20211024-WA0001.jpg\",\"contentUrl\":\"https:\\\/\\\/liebke-foto.de\\\/maerkischeslicht\\\/wp-content\\\/uploads\\\/2021\\\/12\\\/IMG-20211024-WA0001.jpg\",\"width\":900,\"height\":1600,\"caption\":\"Frank Liebke\"},\"logo\":{\"@id\":\"https:\\\/\\\/liebke-foto.de\\\/maerkischeslicht\\\/wp-content\\\/uploads\\\/2021\\\/12\\\/IMG-20211024-WA0001.jpg\"},\"sameAs\":[\"https:\\\/\\\/liebke-foto.de\"],\"url\":\"https:\\\/\\\/liebke-foto.de\\\/maerkischeslicht\\\/author\\\/adminuser\\\/\"}]}<\/script>\n<!-- \/ Yoast SEO plugin. -->","yoast_head_json":{"title":"M\u00e4rkisches Licht in seiner sch\u00f6nsten Form... - M\u00e4rkisches Licht - Der Fotograf der Stille","description":"M\u00e4rkisches Licht in seiner sch\u00f6nsten Form...","robots":{"index":"index","follow":"follow","max-snippet":"max-snippet:-1","max-image-preview":"max-image-preview:large","max-video-preview":"max-video-preview:-1"},"canonical":"https:\/\/liebke-foto.de\/maerkischeslicht\/maerkisches-licht-in-seiner-schoensten-form\/","og_locale":"de_DE","og_type":"article","og_title":"M\u00e4rkisches Licht in seiner sch\u00f6nsten Form... - M\u00e4rkisches Licht - Der Fotograf der Stille","og_description":"M\u00e4rkisches Licht in seiner sch\u00f6nsten Form...","og_url":"https:\/\/liebke-foto.de\/maerkischeslicht\/maerkisches-licht-in-seiner-schoensten-form\/","og_site_name":"M\u00e4rkisches Licht - Der Fotograf der Stille","article_published_time":"2014-04-14T15:45:49+00:00","article_modified_time":"2022-07-03T17:58:50+00:00","og_image":[{"width":1400,"height":934,"url":"https:\/\/liebke-foto.de\/maerkischeslicht\/wp-content\/uploads\/2014\/04\/FL8_8738.jpg","type":"image\/jpeg"}],"author":"Frank Liebke","twitter_card":"summary_large_image","twitter_misc":{"Verfasst von":"Frank Liebke","Gesch\u00e4tzte Lesezeit":"14\u00a0Minuten"},"schema":{"@context":"https:\/\/schema.org","@graph":[{"@type":"Article","@id":"https:\/\/liebke-foto.de\/maerkischeslicht\/maerkisches-licht-in-seiner-schoensten-form\/#article","isPartOf":{"@id":"https:\/\/liebke-foto.de\/maerkischeslicht\/maerkisches-licht-in-seiner-schoensten-form\/"},"author":{"name":"Frank Liebke","@id":"https:\/\/liebke-foto.de\/maerkischeslicht\/#\/schema\/person\/d71108abc09a723daeeb8526a33137ee"},"headline":"M\u00e4rkisches Licht in seiner sch\u00f6nsten Form&#8230;","datePublished":"2014-04-14T15:45:49+00:00","dateModified":"2022-07-03T17:58:50+00:00","mainEntityOfPage":{"@id":"https:\/\/liebke-foto.de\/maerkischeslicht\/maerkisches-licht-in-seiner-schoensten-form\/"},"wordCount":1350,"commentCount":2,"publisher":{"@id":"https:\/\/liebke-foto.de\/maerkischeslicht\/#\/schema\/person\/d71108abc09a723daeeb8526a33137ee"},"image":{"@id":"https:\/\/liebke-foto.de\/maerkischeslicht\/maerkisches-licht-in-seiner-schoensten-form\/#primaryimage"},"thumbnailUrl":"https:\/\/liebke-foto.de\/maerkischeslicht\/wp-content\/uploads\/2014\/04\/FL8_8738.jpg","keywords":["Brandenburg","M\u00e4rkisches Licht","Wolken"],"articleSection":["Im Land Brandenburg unterwegs","Landschaft","Naturpark Barnim","Wildes Brandenburg"],"inLanguage":"de","potentialAction":[{"@type":"CommentAction","name":"Comment","target":["https:\/\/liebke-foto.de\/maerkischeslicht\/maerkisches-licht-in-seiner-schoensten-form\/#respond"]}]},{"@type":"WebPage","@id":"https:\/\/liebke-foto.de\/maerkischeslicht\/maerkisches-licht-in-seiner-schoensten-form\/","url":"https:\/\/liebke-foto.de\/maerkischeslicht\/maerkisches-licht-in-seiner-schoensten-form\/","name":"M\u00e4rkisches Licht in seiner sch\u00f6nsten Form... - M\u00e4rkisches Licht - Der Fotograf der Stille","isPartOf":{"@id":"https:\/\/liebke-foto.de\/maerkischeslicht\/#website"},"primaryImageOfPage":{"@id":"https:\/\/liebke-foto.de\/maerkischeslicht\/maerkisches-licht-in-seiner-schoensten-form\/#primaryimage"},"image":{"@id":"https:\/\/liebke-foto.de\/maerkischeslicht\/maerkisches-licht-in-seiner-schoensten-form\/#primaryimage"},"thumbnailUrl":"https:\/\/liebke-foto.de\/maerkischeslicht\/wp-content\/uploads\/2014\/04\/FL8_8738.jpg","datePublished":"2014-04-14T15:45:49+00:00","dateModified":"2022-07-03T17:58:50+00:00","description":"M\u00e4rkisches Licht in seiner sch\u00f6nsten Form...","breadcrumb":{"@id":"https:\/\/liebke-foto.de\/maerkischeslicht\/maerkisches-licht-in-seiner-schoensten-form\/#breadcrumb"},"inLanguage":"de","potentialAction":[{"@type":"ReadAction","target":["https:\/\/liebke-foto.de\/maerkischeslicht\/maerkisches-licht-in-seiner-schoensten-form\/"]}]},{"@type":"ImageObject","inLanguage":"de","@id":"https:\/\/liebke-foto.de\/maerkischeslicht\/maerkisches-licht-in-seiner-schoensten-form\/#primaryimage","url":"https:\/\/liebke-foto.de\/maerkischeslicht\/wp-content\/uploads\/2014\/04\/FL8_8738.jpg","contentUrl":"https:\/\/liebke-foto.de\/maerkischeslicht\/wp-content\/uploads\/2014\/04\/FL8_8738.jpg","width":1400,"height":934,"caption":"Die Havel bei Krewelin"},{"@type":"BreadcrumbList","@id":"https:\/\/liebke-foto.de\/maerkischeslicht\/maerkisches-licht-in-seiner-schoensten-form\/#breadcrumb","itemListElement":[{"@type":"ListItem","position":1,"name":"Startseite","item":"https:\/\/liebke-foto.de\/maerkischeslicht\/"},{"@type":"ListItem","position":2,"name":"M\u00e4rkisches Licht in seiner sch\u00f6nsten Form&#8230;"}]},{"@type":"WebSite","@id":"https:\/\/liebke-foto.de\/maerkischeslicht\/#website","url":"https:\/\/liebke-foto.de\/maerkischeslicht\/","name":"M\u00e4rkisches Licht - Der Fotograf der Stille","description":"Die Liebe zum Leben...","publisher":{"@id":"https:\/\/liebke-foto.de\/maerkischeslicht\/#\/schema\/person\/d71108abc09a723daeeb8526a33137ee"},"potentialAction":[{"@type":"SearchAction","target":{"@type":"EntryPoint","urlTemplate":"https:\/\/liebke-foto.de\/maerkischeslicht\/?s={search_term_string}"},"query-input":{"@type":"PropertyValueSpecification","valueRequired":true,"valueName":"search_term_string"}}],"inLanguage":"de"},{"@type":["Person","Organization"],"@id":"https:\/\/liebke-foto.de\/maerkischeslicht\/#\/schema\/person\/d71108abc09a723daeeb8526a33137ee","name":"Frank Liebke","image":{"@type":"ImageObject","inLanguage":"de","@id":"https:\/\/liebke-foto.de\/maerkischeslicht\/wp-content\/uploads\/2021\/12\/IMG-20211024-WA0001.jpg","url":"https:\/\/liebke-foto.de\/maerkischeslicht\/wp-content\/uploads\/2021\/12\/IMG-20211024-WA0001.jpg","contentUrl":"https:\/\/liebke-foto.de\/maerkischeslicht\/wp-content\/uploads\/2021\/12\/IMG-20211024-WA0001.jpg","width":900,"height":1600,"caption":"Frank Liebke"},"logo":{"@id":"https:\/\/liebke-foto.de\/maerkischeslicht\/wp-content\/uploads\/2021\/12\/IMG-20211024-WA0001.jpg"},"sameAs":["https:\/\/liebke-foto.de"],"url":"https:\/\/liebke-foto.de\/maerkischeslicht\/author\/adminuser\/"}]}},"_links":{"self":[{"href":"https:\/\/liebke-foto.de\/maerkischeslicht\/wp-json\/wp\/v2\/posts\/606","targetHints":{"allow":["GET"]}}],"collection":[{"href":"https:\/\/liebke-foto.de\/maerkischeslicht\/wp-json\/wp\/v2\/posts"}],"about":[{"href":"https:\/\/liebke-foto.de\/maerkischeslicht\/wp-json\/wp\/v2\/types\/post"}],"author":[{"embeddable":true,"href":"https:\/\/liebke-foto.de\/maerkischeslicht\/wp-json\/wp\/v2\/users\/1"}],"replies":[{"embeddable":true,"href":"https:\/\/liebke-foto.de\/maerkischeslicht\/wp-json\/wp\/v2\/comments?post=606"}],"version-history":[{"count":24,"href":"https:\/\/liebke-foto.de\/maerkischeslicht\/wp-json\/wp\/v2\/posts\/606\/revisions"}],"predecessor-version":[{"id":6018,"href":"https:\/\/liebke-foto.de\/maerkischeslicht\/wp-json\/wp\/v2\/posts\/606\/revisions\/6018"}],"wp:featuredmedia":[{"embeddable":true,"href":"https:\/\/liebke-foto.de\/maerkischeslicht\/wp-json\/wp\/v2\/media\/638"}],"wp:attachment":[{"href":"https:\/\/liebke-foto.de\/maerkischeslicht\/wp-json\/wp\/v2\/media?parent=606"}],"wp:term":[{"taxonomy":"category","embeddable":true,"href":"https:\/\/liebke-foto.de\/maerkischeslicht\/wp-json\/wp\/v2\/categories?post=606"},{"taxonomy":"post_tag","embeddable":true,"href":"https:\/\/liebke-foto.de\/maerkischeslicht\/wp-json\/wp\/v2\/tags?post=606"}],"curies":[{"name":"wp","href":"https:\/\/api.w.org\/{rel}","templated":true}]}}