{"id":5724,"date":"2022-06-26T19:48:08","date_gmt":"2022-06-26T17:48:08","guid":{"rendered":"https:\/\/liebke-foto.de\/maerkischeslicht\/?p=5724"},"modified":"2024-02-21T14:14:23","modified_gmt":"2024-02-21T12:14:23","slug":"zur-sonnenwende-feiern-wir-das-licht","status":"publish","type":"post","link":"https:\/\/liebke-foto.de\/maerkischeslicht\/zur-sonnenwende-feiern-wir-das-licht\/","title":{"rendered":"Rheinsberg. Zur Sonnenwende feiern wir das Licht&#8230;"},"content":{"rendered":"<div class=\"wp-block-image\">\n<figure class=\"aligncenter size-large\"><a href=\"https:\/\/liebke-foto.de\/maerkischeslicht\/wp-content\/uploads\/2022\/06\/FZ20292_C1.jpg\"><img loading=\"lazy\" decoding=\"async\" width=\"1200\" height=\"800\" src=\"https:\/\/liebke-foto.de\/maerkischeslicht\/wp-content\/uploads\/2022\/06\/FZ20292_C1-1200x800.jpg\" alt=\"Abendliche Sonnenlichtspiele auf dem Grienericksee vor Schloss Rheinsberg\" class=\"wp-image-5739\" srcset=\"https:\/\/liebke-foto.de\/maerkischeslicht\/wp-content\/uploads\/2022\/06\/FZ20292_C1-1200x800.jpg 1200w, https:\/\/liebke-foto.de\/maerkischeslicht\/wp-content\/uploads\/2022\/06\/FZ20292_C1-768x512.jpg 768w, https:\/\/liebke-foto.de\/maerkischeslicht\/wp-content\/uploads\/2022\/06\/FZ20292_C1.jpg 1400w\" sizes=\"auto, (max-width: 1200px) 100vw, 1200px\" \/><\/a><figcaption class=\"wp-element-caption\">Abendliche Sonnenlichtspiele auf dem Grienericksee vor Schloss Rheinsberg<\/figcaption><\/figure>\n<\/div>\n\n\n<h2 class=\"wp-block-heading has-text-align-center\">&#8230;und meinen Geburtstag. <\/h2>\n\n\n\n<h2 class=\"wp-block-heading has-text-align-center\">In Rheinsberg und Warenthin am gro\u00dfen Rheinsberger See.<\/h2>\n\n\n\n<p>Einen Tag nach der Sonnenwende und einen Tag vor meinen Geburtstag packten wir unsere Sachen f\u00fcr einen kleinen Urlaub am Rheinsberger See. Mein Geschenk von <a href=\"https:\/\/patriciakoelle.com\/2022\/05\/05\/bestsellerplatz-fur-die-marienkafer\/\" target=\"_blank\" rel=\"noreferrer noopener\">Patricia<\/a>, ich wollte schon lange mal wieder das sch\u00f6ne Schloss <a href=\"https:\/\/de.wikipedia.org\/wiki\/Rheinsberg\" target=\"_blank\" rel=\"noreferrer noopener\">Rheinsberg<\/a> und ein bisschen Umgebung besuchen. <\/p>\n\n\n\n<p>Zur Planungszeit ahnten wir nicht dass es so hei\u00df werden w\u00fcrde und der Himmel dazu fast durchg\u00e4ngig wolkenlos blau. Die Hitze um die Mittagszeit war schon arg, aber das Licht einfach hinrei\u00dfend. Und zum Abend zogen die Engel alle Register und tauchten die Umgebung in ein Lichtfeuerwerk. <\/p>\n\n\n\n<p>&#8222;Nebenbei&#8220; waren das auch alles Motive f\u00fcr mein neues 24-120\/4S-Nikkor. Ellenlange &#8222;Test&#8220; mache ich sowieso nicht, ich hab das Objektiv ja f\u00fcr die Praxis erworben und so soll es gleich mal richtig zeigen was es kann. Um gleich zu sagen, es &#8222;kann&#8220;, mehr als erwartet. <\/p>\n\n\n\n<p>Und reiht sich damit gut in die Objektivreihe der Neuen von Nikon f\u00fcr ihre spiegellosen Kameras. Die Bilder mit meiner Z7 sind so unglaublich knackscharf und dabei auf 45MP extrem detailreich. Dabei trotzdem ein Schmelz an Zeichnung und im st\u00e4rksten Gegenlich kaum Geisterbilder sondern gut durchgezeichnete Schatten. <\/p>\n\n\n\n<p>Yeaaahhh Nikon, Danke!! Ihr habt mir einen gro\u00dfen Geburtstagswunsch erf\u00fcllt. Nicht billig das Teil, aber jeden Cent wert. F\u00fcr mich und meine Motive, meine Art das Gesehene in Bilder zu verwandeln. Klasse. <\/p>\n\n\n\n<p>Danke Patricia, dass Du mir mir dazu geraten und mir Geduld beschworen hast, denn es war erst nach vier Monaten lieferbar. Und da wollte ich schon aufgeben und abbestellen. Nun habe ich ein Objektiv, mit dem ich die meisten Bilder machen will und kann. Die l\u00e4ngere Brennweite wird wohl \u00f6fter in der Tasche bleiben.<\/p>\n\n\n<div class=\"wp-block-image\">\n<figure class=\"aligncenter size-large\"><a href=\"https:\/\/liebke-foto.de\/maerkischeslicht\/wp-content\/uploads\/2022\/06\/FZ20035_C1.jpg\"><img loading=\"lazy\" decoding=\"async\" width=\"1200\" height=\"800\" src=\"https:\/\/liebke-foto.de\/maerkischeslicht\/wp-content\/uploads\/2022\/06\/FZ20035_C1-1200x800.jpg\" alt=\"Das Gast- und Logierhaus Mischke, mit Bootsanlegesteg.\" class=\"wp-image-5732\" srcset=\"https:\/\/liebke-foto.de\/maerkischeslicht\/wp-content\/uploads\/2022\/06\/FZ20035_C1-1200x800.jpg 1200w, https:\/\/liebke-foto.de\/maerkischeslicht\/wp-content\/uploads\/2022\/06\/FZ20035_C1-768x512.jpg 768w, https:\/\/liebke-foto.de\/maerkischeslicht\/wp-content\/uploads\/2022\/06\/FZ20035_C1.jpg 1400w\" sizes=\"auto, (max-width: 1200px) 100vw, 1200px\" \/><\/a><figcaption class=\"wp-element-caption\">Das Gast- und Logierhaus Mischke, mit Bootsanlegesteg.<\/figcaption><\/figure>\n<\/div>\n\n<div class=\"wp-block-image\">\n<figure class=\"aligncenter size-large\"><a href=\"https:\/\/liebke-foto.de\/maerkischeslicht\/wp-content\/uploads\/2022\/06\/FZ20056_C1.jpg\"><img loading=\"lazy\" decoding=\"async\" width=\"1200\" height=\"800\" src=\"https:\/\/liebke-foto.de\/maerkischeslicht\/wp-content\/uploads\/2022\/06\/FZ20056_C1-1200x800.jpg\" alt=\"Am gro\u00dfen Rheinsberger See\" class=\"wp-image-5733\" srcset=\"https:\/\/liebke-foto.de\/maerkischeslicht\/wp-content\/uploads\/2022\/06\/FZ20056_C1-1200x800.jpg 1200w, https:\/\/liebke-foto.de\/maerkischeslicht\/wp-content\/uploads\/2022\/06\/FZ20056_C1-768x512.jpg 768w, https:\/\/liebke-foto.de\/maerkischeslicht\/wp-content\/uploads\/2022\/06\/FZ20056_C1.jpg 1400w\" sizes=\"auto, (max-width: 1200px) 100vw, 1200px\" \/><\/a><figcaption class=\"wp-element-caption\">Am gro\u00dfen Rheinsberger See<\/figcaption><\/figure>\n<\/div>\n\n\n<p>Am Rheinsberger See hatten wir ein Zimmer im Gast- und Logierhaus gebucht und bis zum Einchecken noch gute zwei Stunden Zeit. Und so besuchten wir nat\u00fcrlich, richtig, Schloss Rheinsberg am Grienericksee. Trotz des harten Lichts um die Mittagszeit (in der man nat\u00fcrlich nicht fotografiert, aber ich bin ich und mache eben das was ich will \ud83d\ude09 ) sind uns sch\u00f6ne Bilder gelungen.<\/p>\n\n\n<div class=\"wp-block-image\">\n<figure class=\"aligncenter size-large\"><a href=\"https:\/\/liebke-foto.de\/maerkischeslicht\/wp-content\/uploads\/2022\/06\/FZ29824_C1.jpg\"><img loading=\"lazy\" decoding=\"async\" width=\"1200\" height=\"800\" src=\"https:\/\/liebke-foto.de\/maerkischeslicht\/wp-content\/uploads\/2022\/06\/FZ29824_C1-1200x800.jpg\" alt=\"Und so klappt es, dass alle mit drauf sind vor historischer Kulisse. Mit Hilfe von Patricia.\" class=\"wp-image-5728\" srcset=\"https:\/\/liebke-foto.de\/maerkischeslicht\/wp-content\/uploads\/2022\/06\/FZ29824_C1-1200x800.jpg 1200w, https:\/\/liebke-foto.de\/maerkischeslicht\/wp-content\/uploads\/2022\/06\/FZ29824_C1-768x512.jpg 768w, https:\/\/liebke-foto.de\/maerkischeslicht\/wp-content\/uploads\/2022\/06\/FZ29824_C1.jpg 1400w\" sizes=\"auto, (max-width: 1200px) 100vw, 1200px\" \/><\/a><figcaption class=\"wp-element-caption\">Und so klappt es, dass alle mit drauf sind vor historischer Kulisse. Mit Hilfe von Patricia.<\/figcaption><\/figure>\n<\/div>\n\n<div class=\"wp-block-image\">\n<figure class=\"aligncenter size-large\"><a href=\"https:\/\/liebke-foto.de\/maerkischeslicht\/wp-content\/uploads\/2022\/06\/FZ20012_C1.jpg\"><img loading=\"lazy\" decoding=\"async\" width=\"1200\" height=\"800\" src=\"https:\/\/liebke-foto.de\/maerkischeslicht\/wp-content\/uploads\/2022\/06\/FZ20012_C1-1200x800.jpg\" alt=\"Viele Kanten und Ecken im Schloss Rheinsberg sahen die Schwalben als Einladung f\u00fcr ihren Nestbau. Kein Respekt vorm K\u00f6nig ;)\" class=\"wp-image-5731\" srcset=\"https:\/\/liebke-foto.de\/maerkischeslicht\/wp-content\/uploads\/2022\/06\/FZ20012_C1-1200x800.jpg 1200w, https:\/\/liebke-foto.de\/maerkischeslicht\/wp-content\/uploads\/2022\/06\/FZ20012_C1-768x512.jpg 768w, https:\/\/liebke-foto.de\/maerkischeslicht\/wp-content\/uploads\/2022\/06\/FZ20012_C1.jpg 1400w\" sizes=\"auto, (max-width: 1200px) 100vw, 1200px\" \/><\/a><figcaption class=\"wp-element-caption\">Viele Kanten und Ecken im Schloss Rheinsberg sahen die Schwalben als Einladung f\u00fcr ihren Nestbau. Kein Respekt vorm K\u00f6nig \ud83d\ude09<\/figcaption><\/figure>\n<\/div>\n\n<div class=\"wp-block-image\">\n<figure class=\"aligncenter size-large\"><a href=\"https:\/\/liebke-foto.de\/maerkischeslicht\/wp-content\/uploads\/2022\/06\/FZ29904_C1.jpg\"><img loading=\"lazy\" decoding=\"async\" width=\"1200\" height=\"800\" src=\"https:\/\/liebke-foto.de\/maerkischeslicht\/wp-content\/uploads\/2022\/06\/FZ29904_C1-1200x800.jpg\" alt=\"Patricia sah ein Bild im Hochformat...\" class=\"wp-image-5729\" srcset=\"https:\/\/liebke-foto.de\/maerkischeslicht\/wp-content\/uploads\/2022\/06\/FZ29904_C1-1200x800.jpg 1200w, https:\/\/liebke-foto.de\/maerkischeslicht\/wp-content\/uploads\/2022\/06\/FZ29904_C1-768x512.jpg 768w, https:\/\/liebke-foto.de\/maerkischeslicht\/wp-content\/uploads\/2022\/06\/FZ29904_C1.jpg 1400w\" sizes=\"auto, (max-width: 1200px) 100vw, 1200px\" \/><\/a><figcaption class=\"wp-element-caption\">Patricia sah ein Bild im Hochformat&#8230;<\/figcaption><\/figure>\n<\/div>\n\n<div class=\"wp-block-image\">\n<figure class=\"aligncenter size-large\"><a href=\"https:\/\/liebke-foto.de\/maerkischeslicht\/wp-content\/uploads\/2022\/06\/FZ29900_C1.jpg\"><img loading=\"lazy\" decoding=\"async\" width=\"1200\" height=\"800\" src=\"https:\/\/liebke-foto.de\/maerkischeslicht\/wp-content\/uploads\/2022\/06\/FZ29900_C1-1200x800.jpg\" alt=\"... und ich wiederum meins im Querformat :D\" class=\"wp-image-5747\" srcset=\"https:\/\/liebke-foto.de\/maerkischeslicht\/wp-content\/uploads\/2022\/06\/FZ29900_C1-1200x800.jpg 1200w, https:\/\/liebke-foto.de\/maerkischeslicht\/wp-content\/uploads\/2022\/06\/FZ29900_C1-768x512.jpg 768w, https:\/\/liebke-foto.de\/maerkischeslicht\/wp-content\/uploads\/2022\/06\/FZ29900_C1.jpg 1400w\" sizes=\"auto, (max-width: 1200px) 100vw, 1200px\" \/><\/a><figcaption class=\"wp-element-caption\">&#8230; und ich wiederum meins im Querformat \ud83d\ude00<\/figcaption><\/figure>\n<\/div>\n\n<div class=\"wp-block-image\">\n<figure class=\"aligncenter size-large\"><a href=\"https:\/\/liebke-foto.de\/maerkischeslicht\/wp-content\/uploads\/2022\/06\/FZ29927_C1.jpg\"><img loading=\"lazy\" decoding=\"async\" width=\"1200\" height=\"800\" src=\"https:\/\/liebke-foto.de\/maerkischeslicht\/wp-content\/uploads\/2022\/06\/FZ29927_C1-1200x800.jpg\" alt=\"Die Graugansfamilien f\u00fchlen sich am Grienericksee in Schlossn\u00e4he sehr wohl. Wenn da nicht auf einmal zwei Hunde, unangeleint, auf sie zust\u00fcrmten und die G\u00e4nse ins Wasser scheuchten. Unsere Ansage an die Halter, dass es hier im Gel\u00e4nde dazugeh\u00f6rt, laut Parkordnung, die Hunde an der kurzen Leine zu f\u00fchren, wurde mit boshaften Worten an uns beantwortet. Und diese Erwiederungen gingen dann schon ganz sch\u00f6n unter die G\u00fcrtellinie, was uns doch sehr entt\u00e4uschte!\" class=\"wp-image-5748\" srcset=\"https:\/\/liebke-foto.de\/maerkischeslicht\/wp-content\/uploads\/2022\/06\/FZ29927_C1-1200x800.jpg 1200w, https:\/\/liebke-foto.de\/maerkischeslicht\/wp-content\/uploads\/2022\/06\/FZ29927_C1-768x512.jpg 768w, https:\/\/liebke-foto.de\/maerkischeslicht\/wp-content\/uploads\/2022\/06\/FZ29927_C1.jpg 1400w\" sizes=\"auto, (max-width: 1200px) 100vw, 1200px\" \/><\/a><figcaption class=\"wp-element-caption\">Die Graugansfamilien f\u00fchlen sich am Grienericksee in Schlossn\u00e4he sehr wohl. Wenn da nicht auf einmal zwei Hunde, unangeleint, auf sie zust\u00fcrmten und die G\u00e4nse ins Wasser scheuchten. <br \/><br \/>Unsere Ansage an die Halter, dass es hier im Gel\u00e4nde dazugeh\u00f6rt, laut Parkordnung, die Hunde an der kurzen Leine zu f\u00fchren, wurde mit boshaften Worten an uns beantwortet. Und diese Erwiederungen gingen dann schon ganz sch\u00f6n unter die G\u00fcrtellinie, was uns doch sehr entt\u00e4uschte!<\/figcaption><\/figure>\n<\/div>\n\n<div class=\"wp-block-image\">\n<figure class=\"aligncenter size-large\"><a href=\"https:\/\/liebke-foto.de\/maerkischeslicht\/wp-content\/uploads\/2022\/06\/FZ29969_C1.jpg\"><img loading=\"lazy\" decoding=\"async\" width=\"1200\" height=\"800\" src=\"https:\/\/liebke-foto.de\/maerkischeslicht\/wp-content\/uploads\/2022\/06\/FZ29969_C1-1200x800.jpg\" alt=\"Die Seerosen auf dem Grienericksee leuchten im Licht mit dem Schloss\" class=\"wp-image-5749\" srcset=\"https:\/\/liebke-foto.de\/maerkischeslicht\/wp-content\/uploads\/2022\/06\/FZ29969_C1-1200x800.jpg 1200w, https:\/\/liebke-foto.de\/maerkischeslicht\/wp-content\/uploads\/2022\/06\/FZ29969_C1-768x512.jpg 768w, https:\/\/liebke-foto.de\/maerkischeslicht\/wp-content\/uploads\/2022\/06\/FZ29969_C1.jpg 1400w\" sizes=\"auto, (max-width: 1200px) 100vw, 1200px\" \/><\/a><figcaption class=\"wp-element-caption\">Die Seerosen auf dem Grienericksee leuchten im Licht mit dem Schloss<\/figcaption><\/figure>\n<\/div>\n\n\n<p>Das Gasthaus, ein Familienbetrieb mit Tradition, liegt im Ort Warenthin. Gem\u00fctlich, sehr freundlich, wunderbar, einfach empfehlenswert! Und eine Gastronomie mit einem gesegneten Koch. Wir haben dort wirklich f\u00fcrstlich gespeist im lauschigen Garten. <\/p>\n\n\n\n<p>Ein paar Mal waren wir auf dem Steg und sahen nur auf den See. Herrliche Weite mit leichter frischer Briese. Und eine Stille&#8230;<\/p>\n\n\n\n<p>Gegen Abend sind wir wieder zum Schlossgel\u00e4nde gefahren um alles im wundervollen Abendlich zu genie\u00dfen. Das Schloss geh\u00f6rt zur <a href=\"https:\/\/www.spsg.de\/schloesser-gaerten\/objekt\/schloss-rheinsberg\/\" target=\"_blank\" rel=\"noreferrer noopener\">Stiftung Preussische Schl\u00f6sser und G\u00e4rten Berlin &#8211; Brandenburg<\/a> und diente als Vorbild f\u00fcr das Potsdamer Sanssouci. Hier weilte Friedrich der Gro\u00dfe in seinen Jugendjahren. Er meinte wohl selbst dazu, es waren mit die besten seines Lebens. N\u00e4heres \u00fcber das Schloss im vorhergehenden Link. <\/p>\n\n\n\n<p>Ja, wir feierten die Sonnenwende auf unsere Weise, wir feierten einfach das Licht. Das wir so sehr lieben. Ganz still f\u00fcr uns. Und mit vielen Bildern f\u00fcr Euch und uns. Mit sch\u00f6nstem Tagesausklang auf einem Steg am Rheinsberger See in Warenthin. Um uns nur absolute Stille und Licht in seiner sch\u00f6nsten Form&#8230;<\/p>\n\n\n<div class=\"wp-block-image\">\n<figure class=\"aligncenter size-large\"><a href=\"https:\/\/liebke-foto.de\/maerkischeslicht\/wp-content\/uploads\/2022\/06\/FZ20139_C1.jpg\"><img loading=\"lazy\" decoding=\"async\" width=\"1200\" height=\"800\" src=\"https:\/\/liebke-foto.de\/maerkischeslicht\/wp-content\/uploads\/2022\/06\/FZ20139_C1-1200x800.jpg\" alt=\"Abendlicht \u00fcber dem Obelisk am Grienericksee\" class=\"wp-image-5734\" srcset=\"https:\/\/liebke-foto.de\/maerkischeslicht\/wp-content\/uploads\/2022\/06\/FZ20139_C1-1200x800.jpg 1200w, https:\/\/liebke-foto.de\/maerkischeslicht\/wp-content\/uploads\/2022\/06\/FZ20139_C1-768x512.jpg 768w, https:\/\/liebke-foto.de\/maerkischeslicht\/wp-content\/uploads\/2022\/06\/FZ20139_C1.jpg 1400w\" sizes=\"auto, (max-width: 1200px) 100vw, 1200px\" \/><\/a><figcaption class=\"wp-element-caption\">Abendlicht \u00fcber dem Obelisk am Grienericksee<\/figcaption><\/figure>\n<\/div>\n\n<div class=\"wp-block-image\">\n<figure class=\"aligncenter size-large\"><a href=\"https:\/\/liebke-foto.de\/maerkischeslicht\/wp-content\/uploads\/2022\/06\/FZ20156_C1.jpg\"><img loading=\"lazy\" decoding=\"async\" width=\"1200\" height=\"800\" src=\"https:\/\/liebke-foto.de\/maerkischeslicht\/wp-content\/uploads\/2022\/06\/FZ20156_C1-1200x800.jpg\" alt=\"Im Schlosspark Rheinsberg\" class=\"wp-image-5735\" srcset=\"https:\/\/liebke-foto.de\/maerkischeslicht\/wp-content\/uploads\/2022\/06\/FZ20156_C1-1200x800.jpg 1200w, https:\/\/liebke-foto.de\/maerkischeslicht\/wp-content\/uploads\/2022\/06\/FZ20156_C1-768x512.jpg 768w, https:\/\/liebke-foto.de\/maerkischeslicht\/wp-content\/uploads\/2022\/06\/FZ20156_C1.jpg 1400w\" sizes=\"auto, (max-width: 1200px) 100vw, 1200px\" \/><\/a><figcaption class=\"wp-element-caption\">Im Schlosspark Rheinsberg<\/figcaption><\/figure>\n<\/div>\n\n<div class=\"wp-block-image\">\n<figure class=\"aligncenter size-large is-resized\"><a href=\"https:\/\/liebke-foto.de\/maerkischeslicht\/wp-content\/uploads\/2022\/06\/FZ20160_C1.jpg\"><img loading=\"lazy\" decoding=\"async\" width=\"1200\" height=\"800\" src=\"https:\/\/liebke-foto.de\/maerkischeslicht\/wp-content\/uploads\/2022\/06\/FZ20160_C1-1200x800.jpg\" alt=\"Meterhohe Hecken bestimmen die Struktur des Schlossparkgel\u00e4ndes mit. Und dabei gibt es immer wieder \u00fcberraschend sch\u00f6ne Ausblicke.\" class=\"wp-image-5736\" style=\"width:840px;height:560px\" srcset=\"https:\/\/liebke-foto.de\/maerkischeslicht\/wp-content\/uploads\/2022\/06\/FZ20160_C1-1200x800.jpg 1200w, https:\/\/liebke-foto.de\/maerkischeslicht\/wp-content\/uploads\/2022\/06\/FZ20160_C1-768x512.jpg 768w, https:\/\/liebke-foto.de\/maerkischeslicht\/wp-content\/uploads\/2022\/06\/FZ20160_C1.jpg 1400w\" sizes=\"auto, (max-width: 1200px) 100vw, 1200px\" \/><\/a><figcaption class=\"wp-element-caption\">Meterhohe Hecken bestimmen die Struktur des Schlossparkgel\u00e4ndes mit. Und dabei gibt es immer wieder \u00fcberraschend sch\u00f6ne Ausblicke.<\/figcaption><\/figure>\n<\/div>\n\n<div class=\"wp-block-image\">\n<figure class=\"aligncenter size-large\"><a href=\"https:\/\/liebke-foto.de\/maerkischeslicht\/wp-content\/uploads\/2022\/06\/FZ20244_C1.jpg\"><img loading=\"lazy\" decoding=\"async\" width=\"1200\" height=\"800\" src=\"https:\/\/liebke-foto.de\/maerkischeslicht\/wp-content\/uploads\/2022\/06\/FZ20244_C1-1200x800.jpg\" alt=\"Graugansparade am Schlossfl\u00fcgel :D\" class=\"wp-image-5737\" srcset=\"https:\/\/liebke-foto.de\/maerkischeslicht\/wp-content\/uploads\/2022\/06\/FZ20244_C1-1200x800.jpg 1200w, https:\/\/liebke-foto.de\/maerkischeslicht\/wp-content\/uploads\/2022\/06\/FZ20244_C1-768x512.jpg 768w, https:\/\/liebke-foto.de\/maerkischeslicht\/wp-content\/uploads\/2022\/06\/FZ20244_C1.jpg 1400w\" sizes=\"auto, (max-width: 1200px) 100vw, 1200px\" \/><\/a><figcaption class=\"wp-element-caption\">Graugansparade am Schlossfl\u00fcgel \ud83d\ude00<\/figcaption><\/figure>\n<\/div>\n\n<div class=\"wp-block-image\">\n<figure class=\"aligncenter size-large\"><a href=\"https:\/\/liebke-foto.de\/maerkischeslicht\/wp-content\/uploads\/2022\/06\/FZ20217_C1.jpg\"><img loading=\"lazy\" decoding=\"async\" width=\"1200\" height=\"800\" src=\"https:\/\/liebke-foto.de\/maerkischeslicht\/wp-content\/uploads\/2022\/06\/FZ20217_C1-1200x800.jpg\" alt=\"Motive fanden wir ohne Ende\" class=\"wp-image-5727\" srcset=\"https:\/\/liebke-foto.de\/maerkischeslicht\/wp-content\/uploads\/2022\/06\/FZ20217_C1-1200x800.jpg 1200w, https:\/\/liebke-foto.de\/maerkischeslicht\/wp-content\/uploads\/2022\/06\/FZ20217_C1-768x512.jpg 768w, https:\/\/liebke-foto.de\/maerkischeslicht\/wp-content\/uploads\/2022\/06\/FZ20217_C1.jpg 1400w\" sizes=\"auto, (max-width: 1200px) 100vw, 1200px\" \/><\/a><figcaption class=\"wp-element-caption\">Motive fanden wir ohne Ende<\/figcaption><\/figure>\n<\/div>\n\n<div class=\"wp-block-image\">\n<figure class=\"aligncenter size-large\"><a href=\"https:\/\/liebke-foto.de\/maerkischeslicht\/wp-content\/uploads\/2022\/06\/FLZ9124_C1.jpg\"><img loading=\"lazy\" decoding=\"async\" width=\"1200\" height=\"800\" src=\"https:\/\/liebke-foto.de\/maerkischeslicht\/wp-content\/uploads\/2022\/06\/FLZ9124_C1-1200x800.jpg\" alt=\"Ein Grauhreiher lie\u00df sich beim Abendfischen nicht von uns st\u00f6ren :)\" class=\"wp-image-5730\" srcset=\"https:\/\/liebke-foto.de\/maerkischeslicht\/wp-content\/uploads\/2022\/06\/FLZ9124_C1-1200x800.jpg 1200w, https:\/\/liebke-foto.de\/maerkischeslicht\/wp-content\/uploads\/2022\/06\/FLZ9124_C1-768x512.jpg 768w, https:\/\/liebke-foto.de\/maerkischeslicht\/wp-content\/uploads\/2022\/06\/FLZ9124_C1.jpg 1400w\" sizes=\"auto, (max-width: 1200px) 100vw, 1200px\" \/><\/a><figcaption class=\"wp-element-caption\">Ein Grauhreiher lie\u00df sich beim Abendfischen nicht von uns st\u00f6ren \ud83d\ude42<\/figcaption><\/figure>\n<\/div>\n\n<div class=\"wp-block-image\">\n<figure class=\"aligncenter size-large\"><a href=\"https:\/\/liebke-foto.de\/maerkischeslicht\/wp-content\/uploads\/2022\/06\/FZ20265_C1.jpg\"><img loading=\"lazy\" decoding=\"async\" width=\"1200\" height=\"800\" src=\"https:\/\/liebke-foto.de\/maerkischeslicht\/wp-content\/uploads\/2022\/06\/FZ20265_C1-1200x800.jpg\" alt=\"Wir feiern das Licht der Sonnenwende am Schloss Rheinsberg\" class=\"wp-image-5738\" srcset=\"https:\/\/liebke-foto.de\/maerkischeslicht\/wp-content\/uploads\/2022\/06\/FZ20265_C1-1200x800.jpg 1200w, https:\/\/liebke-foto.de\/maerkischeslicht\/wp-content\/uploads\/2022\/06\/FZ20265_C1-768x512.jpg 768w, https:\/\/liebke-foto.de\/maerkischeslicht\/wp-content\/uploads\/2022\/06\/FZ20265_C1.jpg 1400w\" sizes=\"auto, (max-width: 1200px) 100vw, 1200px\" \/><\/a><figcaption class=\"wp-element-caption\">Wir feiern das Licht der Sonnenwende am Schloss Rheinsberg<\/figcaption><\/figure>\n<\/div>\n\n<div class=\"wp-block-image\">\n<figure class=\"aligncenter size-large\"><a href=\"https:\/\/liebke-foto.de\/maerkischeslicht\/wp-content\/uploads\/2022\/06\/FZ20303_C1.jpg\"><img loading=\"lazy\" decoding=\"async\" width=\"1200\" height=\"800\" src=\"https:\/\/liebke-foto.de\/maerkischeslicht\/wp-content\/uploads\/2022\/06\/FZ20303_C1-1200x800.jpg\" alt=\"Lichtspiele am Schloss Rheinsberg\" class=\"wp-image-5740\" srcset=\"https:\/\/liebke-foto.de\/maerkischeslicht\/wp-content\/uploads\/2022\/06\/FZ20303_C1-1200x800.jpg 1200w, https:\/\/liebke-foto.de\/maerkischeslicht\/wp-content\/uploads\/2022\/06\/FZ20303_C1-768x512.jpg 768w, https:\/\/liebke-foto.de\/maerkischeslicht\/wp-content\/uploads\/2022\/06\/FZ20303_C1.jpg 1400w\" sizes=\"auto, (max-width: 1200px) 100vw, 1200px\" \/><\/a><figcaption class=\"wp-element-caption\">Lichtspiele am Schloss Rheinsberg<\/figcaption><\/figure>\n<\/div>\n\n<div class=\"wp-block-image\">\n<figure class=\"aligncenter size-large\"><a href=\"https:\/\/liebke-foto.de\/maerkischeslicht\/wp-content\/uploads\/2022\/06\/FZ20344_C1.jpg\"><img loading=\"lazy\" decoding=\"async\" width=\"1200\" height=\"800\" src=\"https:\/\/liebke-foto.de\/maerkischeslicht\/wp-content\/uploads\/2022\/06\/FZ20344_C1-1200x800.jpg\" alt=\"Schloss Rheinsberg im Abendlicht\" class=\"wp-image-5741\" srcset=\"https:\/\/liebke-foto.de\/maerkischeslicht\/wp-content\/uploads\/2022\/06\/FZ20344_C1-1200x800.jpg 1200w, https:\/\/liebke-foto.de\/maerkischeslicht\/wp-content\/uploads\/2022\/06\/FZ20344_C1-768x512.jpg 768w, https:\/\/liebke-foto.de\/maerkischeslicht\/wp-content\/uploads\/2022\/06\/FZ20344_C1.jpg 1400w\" sizes=\"auto, (max-width: 1200px) 100vw, 1200px\" \/><\/a><figcaption class=\"wp-element-caption\">Schloss Rheinsberg im Abendlicht<\/figcaption><\/figure>\n<\/div>\n\n<div class=\"wp-block-image\">\n<figure class=\"aligncenter size-large\"><a href=\"https:\/\/liebke-foto.de\/maerkischeslicht\/wp-content\/uploads\/2022\/06\/FZ20378_C1.jpg\"><img loading=\"lazy\" decoding=\"async\" width=\"1200\" height=\"800\" src=\"https:\/\/liebke-foto.de\/maerkischeslicht\/wp-content\/uploads\/2022\/06\/FZ20378_C1-1200x800.jpg\" alt=\"\" class=\"wp-image-5742\" srcset=\"https:\/\/liebke-foto.de\/maerkischeslicht\/wp-content\/uploads\/2022\/06\/FZ20378_C1-1200x800.jpg 1200w, https:\/\/liebke-foto.de\/maerkischeslicht\/wp-content\/uploads\/2022\/06\/FZ20378_C1-768x512.jpg 768w, https:\/\/liebke-foto.de\/maerkischeslicht\/wp-content\/uploads\/2022\/06\/FZ20378_C1.jpg 1400w\" sizes=\"auto, (max-width: 1200px) 100vw, 1200px\" \/><\/a><\/figure>\n<\/div>\n\n\n<p><\/p>\n\n\n<div class=\"wp-block-image\">\n<figure class=\"aligncenter size-large\"><a href=\"https:\/\/liebke-foto.de\/maerkischeslicht\/wp-content\/uploads\/2022\/06\/FZ20382_C1.jpg\"><img loading=\"lazy\" decoding=\"async\" width=\"1200\" height=\"800\" src=\"https:\/\/liebke-foto.de\/maerkischeslicht\/wp-content\/uploads\/2022\/06\/FZ20382_C1-1200x800.jpg\" alt=\"Schloss Rheinsberg im Abendlicht\" class=\"wp-image-5743\" srcset=\"https:\/\/liebke-foto.de\/maerkischeslicht\/wp-content\/uploads\/2022\/06\/FZ20382_C1-1200x800.jpg 1200w, https:\/\/liebke-foto.de\/maerkischeslicht\/wp-content\/uploads\/2022\/06\/FZ20382_C1-768x512.jpg 768w, https:\/\/liebke-foto.de\/maerkischeslicht\/wp-content\/uploads\/2022\/06\/FZ20382_C1.jpg 1400w\" sizes=\"auto, (max-width: 1200px) 100vw, 1200px\" \/><\/a><figcaption class=\"wp-element-caption\">Schloss Rheinsberg im Abendlicht<\/figcaption><\/figure>\n<\/div>\n\n<div class=\"wp-block-image\">\n<figure class=\"aligncenter size-large\"><a href=\"https:\/\/liebke-foto.de\/maerkischeslicht\/wp-content\/uploads\/2022\/06\/FZ20401_C1.jpg\"><img loading=\"lazy\" decoding=\"async\" width=\"1200\" height=\"800\" src=\"https:\/\/liebke-foto.de\/maerkischeslicht\/wp-content\/uploads\/2022\/06\/FZ20401_C1-1200x800.jpg\" alt=\"Der Obelisk gegen\u00fcber dem Schloss Rheinsberg\" class=\"wp-image-5744\" srcset=\"https:\/\/liebke-foto.de\/maerkischeslicht\/wp-content\/uploads\/2022\/06\/FZ20401_C1-1200x800.jpg 1200w, https:\/\/liebke-foto.de\/maerkischeslicht\/wp-content\/uploads\/2022\/06\/FZ20401_C1-768x512.jpg 768w, https:\/\/liebke-foto.de\/maerkischeslicht\/wp-content\/uploads\/2022\/06\/FZ20401_C1.jpg 1400w\" sizes=\"auto, (max-width: 1200px) 100vw, 1200px\" \/><\/a><figcaption class=\"wp-element-caption\">Der Obelisk gegen\u00fcber dem Schloss Rheinsberg<\/figcaption><\/figure>\n<\/div>\n\n<div class=\"wp-block-image\">\n<figure class=\"aligncenter size-large\"><a href=\"https:\/\/liebke-foto.de\/maerkischeslicht\/wp-content\/uploads\/2022\/06\/FZ20546_C1.jpg\"><img loading=\"lazy\" decoding=\"async\" width=\"1200\" height=\"800\" src=\"https:\/\/liebke-foto.de\/maerkischeslicht\/wp-content\/uploads\/2022\/06\/FZ20546_C1-1200x800.jpg\" alt=\"Geburtstagsabend auf dem Steg am Rheinsberger See. Absolute Stille. Dann trug eine Tenorstimme sehr ausdrucksvoll &quot;Sah\u00b4ein Knab ein R\u00f6slein stehn...&quot; mit allen Strophen \u00fcber den Wasserspiegel aus Richtung Insel. Es war ein tiefgehendes Ereignis.\" class=\"wp-image-5745\" srcset=\"https:\/\/liebke-foto.de\/maerkischeslicht\/wp-content\/uploads\/2022\/06\/FZ20546_C1-1200x800.jpg 1200w, https:\/\/liebke-foto.de\/maerkischeslicht\/wp-content\/uploads\/2022\/06\/FZ20546_C1-768x512.jpg 768w, https:\/\/liebke-foto.de\/maerkischeslicht\/wp-content\/uploads\/2022\/06\/FZ20546_C1.jpg 1400w\" sizes=\"auto, (max-width: 1200px) 100vw, 1200px\" \/><\/a><figcaption class=\"wp-element-caption\">Geburtstagsabend auf dem Steg am Rheinsberger See. Absolute Stille. Dann trug eine Tenorstimme sehr ausdrucksvoll &#8222;Sah\u00b4ein Knab ein R\u00f6slein stehn&#8230;&#8220; mit allen Strophen \u00fcber den Wasserspiegel aus Richtung Insel. Es war ein tiefgehendes Ereignis.<\/figcaption><\/figure>\n<\/div>\n\n\n<div style=\"padding:20px\" class=\"wp-block-tnp-minimal\"><p>Subscribe to our newsletter!<\/p><div><div class=\"tnp tnp-subscription \">\n<form method=\"post\" action=\"https:\/\/liebke-foto.de\/maerkischeslicht\/wp-admin\/admin-ajax.php?action=tnp&amp;na=s\">\n<input type=\"hidden\" name=\"nlang\" value=\"\">\n<div class=\"tnp-field tnp-field-firstname\"><label for=\"tnp-1\">Vorname oder ganzer Name<\/label>\n<input class=\"tnp-name\" type=\"text\" name=\"nn\" id=\"tnp-1\" value=\"\" placeholder=\"\"><\/div>\n<div class=\"tnp-field tnp-field-email\"><label for=\"tnp-2\">Email<\/label>\n<input class=\"tnp-email\" type=\"email\" name=\"ne\" id=\"tnp-2\" value=\"\" placeholder=\"\" required><\/div>\n<div class=\"tnp-field tnp-privacy-field\"><label><input type=\"checkbox\" name=\"ny\" required class=\"tnp-privacy\"> Indem Du fortf\u00e4hrst, akzeptierst Du unsere Datenschutzerkl\u00e4rung.<\/label><\/div><div class=\"tnp-field tnp-field-button\" style=\"text-align: left\"><input class=\"tnp-submit\" type=\"submit\" value=\"Abonnieren\" style=\"\">\n<\/div>\n<\/form>\n<\/div>\n<\/div><\/div>\n\n\n\n\n","protected":false},"excerpt":{"rendered":"<p>&#8230;und meinen Geburtstag. In Rheinsberg und Warenthin am gro\u00dfen Rheinsberger See. Einen Tag nach der Sonnenwende und einen Tag vor meinen Geburtstag packten&#8230;<\/p>\n","protected":false},"author":1,"featured_media":5741,"comment_status":"open","ping_status":"open","sticky":false,"template":"","format":"image","meta":{"footnotes":""},"categories":[11,66,10,174],"tags":[179,177,180,178,74],"class_list":["post-5724","post","type-post","status-publish","format-image","has-post-thumbnail","hentry","category-im-land-brandenburg-unterwegs","category-landpartie","category-landschaft-mark-brandenburg-oberhavel-barnim","category-reisen","tag-obelisk","tag-rheinsberg","tag-rheinsberger-see","tag-schloss-rheinsberg","tag-schlosspark","post_format-post-format-image"],"yoast_head":"<!-- This site is optimized with the Yoast SEO plugin v27.4 - https:\/\/yoast.com\/product\/yoast-seo-wordpress\/ -->\n<title>Rheinsberg. Zur Sonnenwende feiern wir das Licht... - M\u00e4rkisches Licht - Der Fotograf der Stille<\/title>\n<meta name=\"description\" content=\"Zur Sonnenwende feiern wir das Licht und meinen Geburtstag. In Rheinsberg und Warenthin am gro\u00dfen Rheinsberger See.\" \/>\n<meta name=\"robots\" content=\"index, follow, max-snippet:-1, max-image-preview:large, max-video-preview:-1\" \/>\n<link rel=\"canonical\" href=\"https:\/\/liebke-foto.de\/maerkischeslicht\/zur-sonnenwende-feiern-wir-das-licht\/\" \/>\n<meta property=\"og:locale\" content=\"de_DE\" \/>\n<meta property=\"og:type\" content=\"article\" \/>\n<meta property=\"og:title\" content=\"Rheinsberg. Zur Sonnenwende feiern wir das Licht... - M\u00e4rkisches Licht - Der Fotograf der Stille\" \/>\n<meta property=\"og:description\" content=\"Zur Sonnenwende feiern wir das Licht und meinen Geburtstag. In Rheinsberg und Warenthin am gro\u00dfen Rheinsberger See.\" \/>\n<meta property=\"og:url\" content=\"https:\/\/liebke-foto.de\/maerkischeslicht\/zur-sonnenwende-feiern-wir-das-licht\/\" \/>\n<meta property=\"og:site_name\" content=\"M\u00e4rkisches Licht - Der Fotograf der Stille\" \/>\n<meta property=\"article:published_time\" content=\"2022-06-26T17:48:08+00:00\" \/>\n<meta property=\"article:modified_time\" content=\"2024-02-21T12:14:23+00:00\" \/>\n<meta property=\"og:image\" content=\"https:\/\/liebke-foto.de\/maerkischeslicht\/wp-content\/uploads\/2022\/06\/FZ20344_C1.jpg\" \/>\n\t<meta property=\"og:image:width\" content=\"1400\" \/>\n\t<meta property=\"og:image:height\" content=\"933\" \/>\n\t<meta property=\"og:image:type\" content=\"image\/jpeg\" \/>\n<meta name=\"author\" content=\"Frank Liebke\" \/>\n<meta name=\"twitter:card\" content=\"summary_large_image\" \/>\n<meta name=\"twitter:label1\" content=\"Verfasst von\" \/>\n\t<meta name=\"twitter:data1\" content=\"Frank Liebke\" \/>\n\t<meta name=\"twitter:label2\" content=\"Gesch\u00e4tzte Lesezeit\" \/>\n\t<meta name=\"twitter:data2\" content=\"9\u00a0Minuten\" \/>\n<script type=\"application\/ld+json\" class=\"yoast-schema-graph\">{\"@context\":\"https:\\\/\\\/schema.org\",\"@graph\":[{\"@type\":\"Article\",\"@id\":\"https:\\\/\\\/liebke-foto.de\\\/maerkischeslicht\\\/zur-sonnenwende-feiern-wir-das-licht\\\/#article\",\"isPartOf\":{\"@id\":\"https:\\\/\\\/liebke-foto.de\\\/maerkischeslicht\\\/zur-sonnenwende-feiern-wir-das-licht\\\/\"},\"author\":{\"name\":\"Frank Liebke\",\"@id\":\"https:\\\/\\\/liebke-foto.de\\\/maerkischeslicht\\\/#\\\/schema\\\/person\\\/d71108abc09a723daeeb8526a33137ee\"},\"headline\":\"Rheinsberg. Zur Sonnenwende feiern wir das Licht&#8230;\",\"datePublished\":\"2022-06-26T17:48:08+00:00\",\"dateModified\":\"2024-02-21T12:14:23+00:00\",\"mainEntityOfPage\":{\"@id\":\"https:\\\/\\\/liebke-foto.de\\\/maerkischeslicht\\\/zur-sonnenwende-feiern-wir-das-licht\\\/\"},\"wordCount\":826,\"commentCount\":8,\"publisher\":{\"@id\":\"https:\\\/\\\/liebke-foto.de\\\/maerkischeslicht\\\/#\\\/schema\\\/person\\\/d71108abc09a723daeeb8526a33137ee\"},\"image\":{\"@id\":\"https:\\\/\\\/liebke-foto.de\\\/maerkischeslicht\\\/zur-sonnenwende-feiern-wir-das-licht\\\/#primaryimage\"},\"thumbnailUrl\":\"https:\\\/\\\/liebke-foto.de\\\/maerkischeslicht\\\/wp-content\\\/uploads\\\/2022\\\/06\\\/FZ20344_C1.jpg\",\"keywords\":[\"Obelisk\",\"Rheinsberg\",\"Rheinsberger See\",\"Schloss Rheinsberg\",\"Schlosspark\"],\"articleSection\":[\"Im Land Brandenburg unterwegs\",\"LANDpartie, unterwegs in der Mark Brandenburg\",\"Landschaft\",\"Reisen\"],\"inLanguage\":\"de\",\"potentialAction\":[{\"@type\":\"CommentAction\",\"name\":\"Comment\",\"target\":[\"https:\\\/\\\/liebke-foto.de\\\/maerkischeslicht\\\/zur-sonnenwende-feiern-wir-das-licht\\\/#respond\"]}]},{\"@type\":\"WebPage\",\"@id\":\"https:\\\/\\\/liebke-foto.de\\\/maerkischeslicht\\\/zur-sonnenwende-feiern-wir-das-licht\\\/\",\"url\":\"https:\\\/\\\/liebke-foto.de\\\/maerkischeslicht\\\/zur-sonnenwende-feiern-wir-das-licht\\\/\",\"name\":\"Rheinsberg. Zur Sonnenwende feiern wir das Licht... - M\u00e4rkisches Licht - Der Fotograf der Stille\",\"isPartOf\":{\"@id\":\"https:\\\/\\\/liebke-foto.de\\\/maerkischeslicht\\\/#website\"},\"primaryImageOfPage\":{\"@id\":\"https:\\\/\\\/liebke-foto.de\\\/maerkischeslicht\\\/zur-sonnenwende-feiern-wir-das-licht\\\/#primaryimage\"},\"image\":{\"@id\":\"https:\\\/\\\/liebke-foto.de\\\/maerkischeslicht\\\/zur-sonnenwende-feiern-wir-das-licht\\\/#primaryimage\"},\"thumbnailUrl\":\"https:\\\/\\\/liebke-foto.de\\\/maerkischeslicht\\\/wp-content\\\/uploads\\\/2022\\\/06\\\/FZ20344_C1.jpg\",\"datePublished\":\"2022-06-26T17:48:08+00:00\",\"dateModified\":\"2024-02-21T12:14:23+00:00\",\"description\":\"Zur Sonnenwende feiern wir das Licht und meinen Geburtstag. In Rheinsberg und Warenthin am gro\u00dfen Rheinsberger See.\",\"breadcrumb\":{\"@id\":\"https:\\\/\\\/liebke-foto.de\\\/maerkischeslicht\\\/zur-sonnenwende-feiern-wir-das-licht\\\/#breadcrumb\"},\"inLanguage\":\"de\",\"potentialAction\":[{\"@type\":\"ReadAction\",\"target\":[\"https:\\\/\\\/liebke-foto.de\\\/maerkischeslicht\\\/zur-sonnenwende-feiern-wir-das-licht\\\/\"]}]},{\"@type\":\"ImageObject\",\"inLanguage\":\"de\",\"@id\":\"https:\\\/\\\/liebke-foto.de\\\/maerkischeslicht\\\/zur-sonnenwende-feiern-wir-das-licht\\\/#primaryimage\",\"url\":\"https:\\\/\\\/liebke-foto.de\\\/maerkischeslicht\\\/wp-content\\\/uploads\\\/2022\\\/06\\\/FZ20344_C1.jpg\",\"contentUrl\":\"https:\\\/\\\/liebke-foto.de\\\/maerkischeslicht\\\/wp-content\\\/uploads\\\/2022\\\/06\\\/FZ20344_C1.jpg\",\"width\":1400,\"height\":933},{\"@type\":\"BreadcrumbList\",\"@id\":\"https:\\\/\\\/liebke-foto.de\\\/maerkischeslicht\\\/zur-sonnenwende-feiern-wir-das-licht\\\/#breadcrumb\",\"itemListElement\":[{\"@type\":\"ListItem\",\"position\":1,\"name\":\"Startseite\",\"item\":\"https:\\\/\\\/liebke-foto.de\\\/maerkischeslicht\\\/\"},{\"@type\":\"ListItem\",\"position\":2,\"name\":\"Rheinsberg. Zur Sonnenwende feiern wir das Licht&#8230;\"}]},{\"@type\":\"WebSite\",\"@id\":\"https:\\\/\\\/liebke-foto.de\\\/maerkischeslicht\\\/#website\",\"url\":\"https:\\\/\\\/liebke-foto.de\\\/maerkischeslicht\\\/\",\"name\":\"M\u00e4rkisches Licht - Der Fotograf der Stille\",\"description\":\"Die Liebe zum Leben...\",\"publisher\":{\"@id\":\"https:\\\/\\\/liebke-foto.de\\\/maerkischeslicht\\\/#\\\/schema\\\/person\\\/d71108abc09a723daeeb8526a33137ee\"},\"potentialAction\":[{\"@type\":\"SearchAction\",\"target\":{\"@type\":\"EntryPoint\",\"urlTemplate\":\"https:\\\/\\\/liebke-foto.de\\\/maerkischeslicht\\\/?s={search_term_string}\"},\"query-input\":{\"@type\":\"PropertyValueSpecification\",\"valueRequired\":true,\"valueName\":\"search_term_string\"}}],\"inLanguage\":\"de\"},{\"@type\":[\"Person\",\"Organization\"],\"@id\":\"https:\\\/\\\/liebke-foto.de\\\/maerkischeslicht\\\/#\\\/schema\\\/person\\\/d71108abc09a723daeeb8526a33137ee\",\"name\":\"Frank Liebke\",\"image\":{\"@type\":\"ImageObject\",\"inLanguage\":\"de\",\"@id\":\"https:\\\/\\\/liebke-foto.de\\\/maerkischeslicht\\\/wp-content\\\/uploads\\\/2021\\\/12\\\/IMG-20211024-WA0001.jpg\",\"url\":\"https:\\\/\\\/liebke-foto.de\\\/maerkischeslicht\\\/wp-content\\\/uploads\\\/2021\\\/12\\\/IMG-20211024-WA0001.jpg\",\"contentUrl\":\"https:\\\/\\\/liebke-foto.de\\\/maerkischeslicht\\\/wp-content\\\/uploads\\\/2021\\\/12\\\/IMG-20211024-WA0001.jpg\",\"width\":900,\"height\":1600,\"caption\":\"Frank Liebke\"},\"logo\":{\"@id\":\"https:\\\/\\\/liebke-foto.de\\\/maerkischeslicht\\\/wp-content\\\/uploads\\\/2021\\\/12\\\/IMG-20211024-WA0001.jpg\"},\"sameAs\":[\"https:\\\/\\\/liebke-foto.de\"],\"url\":\"https:\\\/\\\/liebke-foto.de\\\/maerkischeslicht\\\/author\\\/adminuser\\\/\"}]}<\/script>\n<!-- \/ Yoast SEO plugin. -->","yoast_head_json":{"title":"Rheinsberg. Zur Sonnenwende feiern wir das Licht... - M\u00e4rkisches Licht - Der Fotograf der Stille","description":"Zur Sonnenwende feiern wir das Licht und meinen Geburtstag. In Rheinsberg und Warenthin am gro\u00dfen Rheinsberger See.","robots":{"index":"index","follow":"follow","max-snippet":"max-snippet:-1","max-image-preview":"max-image-preview:large","max-video-preview":"max-video-preview:-1"},"canonical":"https:\/\/liebke-foto.de\/maerkischeslicht\/zur-sonnenwende-feiern-wir-das-licht\/","og_locale":"de_DE","og_type":"article","og_title":"Rheinsberg. Zur Sonnenwende feiern wir das Licht... - M\u00e4rkisches Licht - Der Fotograf der Stille","og_description":"Zur Sonnenwende feiern wir das Licht und meinen Geburtstag. In Rheinsberg und Warenthin am gro\u00dfen Rheinsberger See.","og_url":"https:\/\/liebke-foto.de\/maerkischeslicht\/zur-sonnenwende-feiern-wir-das-licht\/","og_site_name":"M\u00e4rkisches Licht - Der Fotograf der Stille","article_published_time":"2022-06-26T17:48:08+00:00","article_modified_time":"2024-02-21T12:14:23+00:00","og_image":[{"width":1400,"height":933,"url":"https:\/\/liebke-foto.de\/maerkischeslicht\/wp-content\/uploads\/2022\/06\/FZ20344_C1.jpg","type":"image\/jpeg"}],"author":"Frank Liebke","twitter_card":"summary_large_image","twitter_misc":{"Verfasst von":"Frank Liebke","Gesch\u00e4tzte Lesezeit":"9\u00a0Minuten"},"schema":{"@context":"https:\/\/schema.org","@graph":[{"@type":"Article","@id":"https:\/\/liebke-foto.de\/maerkischeslicht\/zur-sonnenwende-feiern-wir-das-licht\/#article","isPartOf":{"@id":"https:\/\/liebke-foto.de\/maerkischeslicht\/zur-sonnenwende-feiern-wir-das-licht\/"},"author":{"name":"Frank Liebke","@id":"https:\/\/liebke-foto.de\/maerkischeslicht\/#\/schema\/person\/d71108abc09a723daeeb8526a33137ee"},"headline":"Rheinsberg. Zur Sonnenwende feiern wir das Licht&#8230;","datePublished":"2022-06-26T17:48:08+00:00","dateModified":"2024-02-21T12:14:23+00:00","mainEntityOfPage":{"@id":"https:\/\/liebke-foto.de\/maerkischeslicht\/zur-sonnenwende-feiern-wir-das-licht\/"},"wordCount":826,"commentCount":8,"publisher":{"@id":"https:\/\/liebke-foto.de\/maerkischeslicht\/#\/schema\/person\/d71108abc09a723daeeb8526a33137ee"},"image":{"@id":"https:\/\/liebke-foto.de\/maerkischeslicht\/zur-sonnenwende-feiern-wir-das-licht\/#primaryimage"},"thumbnailUrl":"https:\/\/liebke-foto.de\/maerkischeslicht\/wp-content\/uploads\/2022\/06\/FZ20344_C1.jpg","keywords":["Obelisk","Rheinsberg","Rheinsberger See","Schloss Rheinsberg","Schlosspark"],"articleSection":["Im Land Brandenburg unterwegs","LANDpartie, unterwegs in der Mark Brandenburg","Landschaft","Reisen"],"inLanguage":"de","potentialAction":[{"@type":"CommentAction","name":"Comment","target":["https:\/\/liebke-foto.de\/maerkischeslicht\/zur-sonnenwende-feiern-wir-das-licht\/#respond"]}]},{"@type":"WebPage","@id":"https:\/\/liebke-foto.de\/maerkischeslicht\/zur-sonnenwende-feiern-wir-das-licht\/","url":"https:\/\/liebke-foto.de\/maerkischeslicht\/zur-sonnenwende-feiern-wir-das-licht\/","name":"Rheinsberg. Zur Sonnenwende feiern wir das Licht... - M\u00e4rkisches Licht - Der Fotograf der Stille","isPartOf":{"@id":"https:\/\/liebke-foto.de\/maerkischeslicht\/#website"},"primaryImageOfPage":{"@id":"https:\/\/liebke-foto.de\/maerkischeslicht\/zur-sonnenwende-feiern-wir-das-licht\/#primaryimage"},"image":{"@id":"https:\/\/liebke-foto.de\/maerkischeslicht\/zur-sonnenwende-feiern-wir-das-licht\/#primaryimage"},"thumbnailUrl":"https:\/\/liebke-foto.de\/maerkischeslicht\/wp-content\/uploads\/2022\/06\/FZ20344_C1.jpg","datePublished":"2022-06-26T17:48:08+00:00","dateModified":"2024-02-21T12:14:23+00:00","description":"Zur Sonnenwende feiern wir das Licht und meinen Geburtstag. In Rheinsberg und Warenthin am gro\u00dfen Rheinsberger See.","breadcrumb":{"@id":"https:\/\/liebke-foto.de\/maerkischeslicht\/zur-sonnenwende-feiern-wir-das-licht\/#breadcrumb"},"inLanguage":"de","potentialAction":[{"@type":"ReadAction","target":["https:\/\/liebke-foto.de\/maerkischeslicht\/zur-sonnenwende-feiern-wir-das-licht\/"]}]},{"@type":"ImageObject","inLanguage":"de","@id":"https:\/\/liebke-foto.de\/maerkischeslicht\/zur-sonnenwende-feiern-wir-das-licht\/#primaryimage","url":"https:\/\/liebke-foto.de\/maerkischeslicht\/wp-content\/uploads\/2022\/06\/FZ20344_C1.jpg","contentUrl":"https:\/\/liebke-foto.de\/maerkischeslicht\/wp-content\/uploads\/2022\/06\/FZ20344_C1.jpg","width":1400,"height":933},{"@type":"BreadcrumbList","@id":"https:\/\/liebke-foto.de\/maerkischeslicht\/zur-sonnenwende-feiern-wir-das-licht\/#breadcrumb","itemListElement":[{"@type":"ListItem","position":1,"name":"Startseite","item":"https:\/\/liebke-foto.de\/maerkischeslicht\/"},{"@type":"ListItem","position":2,"name":"Rheinsberg. Zur Sonnenwende feiern wir das Licht&#8230;"}]},{"@type":"WebSite","@id":"https:\/\/liebke-foto.de\/maerkischeslicht\/#website","url":"https:\/\/liebke-foto.de\/maerkischeslicht\/","name":"M\u00e4rkisches Licht - Der Fotograf der Stille","description":"Die Liebe zum Leben...","publisher":{"@id":"https:\/\/liebke-foto.de\/maerkischeslicht\/#\/schema\/person\/d71108abc09a723daeeb8526a33137ee"},"potentialAction":[{"@type":"SearchAction","target":{"@type":"EntryPoint","urlTemplate":"https:\/\/liebke-foto.de\/maerkischeslicht\/?s={search_term_string}"},"query-input":{"@type":"PropertyValueSpecification","valueRequired":true,"valueName":"search_term_string"}}],"inLanguage":"de"},{"@type":["Person","Organization"],"@id":"https:\/\/liebke-foto.de\/maerkischeslicht\/#\/schema\/person\/d71108abc09a723daeeb8526a33137ee","name":"Frank Liebke","image":{"@type":"ImageObject","inLanguage":"de","@id":"https:\/\/liebke-foto.de\/maerkischeslicht\/wp-content\/uploads\/2021\/12\/IMG-20211024-WA0001.jpg","url":"https:\/\/liebke-foto.de\/maerkischeslicht\/wp-content\/uploads\/2021\/12\/IMG-20211024-WA0001.jpg","contentUrl":"https:\/\/liebke-foto.de\/maerkischeslicht\/wp-content\/uploads\/2021\/12\/IMG-20211024-WA0001.jpg","width":900,"height":1600,"caption":"Frank Liebke"},"logo":{"@id":"https:\/\/liebke-foto.de\/maerkischeslicht\/wp-content\/uploads\/2021\/12\/IMG-20211024-WA0001.jpg"},"sameAs":["https:\/\/liebke-foto.de"],"url":"https:\/\/liebke-foto.de\/maerkischeslicht\/author\/adminuser\/"}]}},"_links":{"self":[{"href":"https:\/\/liebke-foto.de\/maerkischeslicht\/wp-json\/wp\/v2\/posts\/5724","targetHints":{"allow":["GET"]}}],"collection":[{"href":"https:\/\/liebke-foto.de\/maerkischeslicht\/wp-json\/wp\/v2\/posts"}],"about":[{"href":"https:\/\/liebke-foto.de\/maerkischeslicht\/wp-json\/wp\/v2\/types\/post"}],"author":[{"embeddable":true,"href":"https:\/\/liebke-foto.de\/maerkischeslicht\/wp-json\/wp\/v2\/users\/1"}],"replies":[{"embeddable":true,"href":"https:\/\/liebke-foto.de\/maerkischeslicht\/wp-json\/wp\/v2\/comments?post=5724"}],"version-history":[{"count":15,"href":"https:\/\/liebke-foto.de\/maerkischeslicht\/wp-json\/wp\/v2\/posts\/5724\/revisions"}],"predecessor-version":[{"id":8297,"href":"https:\/\/liebke-foto.de\/maerkischeslicht\/wp-json\/wp\/v2\/posts\/5724\/revisions\/8297"}],"wp:featuredmedia":[{"embeddable":true,"href":"https:\/\/liebke-foto.de\/maerkischeslicht\/wp-json\/wp\/v2\/media\/5741"}],"wp:attachment":[{"href":"https:\/\/liebke-foto.de\/maerkischeslicht\/wp-json\/wp\/v2\/media?parent=5724"}],"wp:term":[{"taxonomy":"category","embeddable":true,"href":"https:\/\/liebke-foto.de\/maerkischeslicht\/wp-json\/wp\/v2\/categories?post=5724"},{"taxonomy":"post_tag","embeddable":true,"href":"https:\/\/liebke-foto.de\/maerkischeslicht\/wp-json\/wp\/v2\/tags?post=5724"}],"curies":[{"name":"wp","href":"https:\/\/api.w.org\/{rel}","templated":true}]}}