{"id":531,"date":"2014-04-07T12:05:59","date_gmt":"2014-04-07T10:05:59","guid":{"rendered":"http:\/\/liebke-foto.de\/maerkischeslicht\/?p=531"},"modified":"2022-07-03T17:03:19","modified_gmt":"2022-07-03T15:03:19","slug":"cooles-hoffest-an-der-milchtankstelle-schwante","status":"publish","type":"post","link":"https:\/\/liebke-foto.de\/maerkischeslicht\/cooles-hoffest-an-der-milchtankstelle-schwante\/","title":{"rendered":"Cooles Hoffest an der Milchtankstelle Schwante"},"content":{"rendered":"<div class=\"wp-block-image is-style-default\">\n<figure class=\"aligncenter\"><a href=\"https:\/\/liebke-foto.de\/maerkischeslicht\/wp-content\/uploads\/2014\/04\/001.jpg\"><img loading=\"lazy\" decoding=\"async\" width=\"1100\" height=\"732\" src=\"https:\/\/liebke-foto.de\/maerkischeslicht\/wp-content\/uploads\/2014\/04\/001.jpg\" alt=\"Zur offiziellen Er\u00f6ffung hatte der Chef der LSV (links) prominente G\u00e4ste an seiner Seite...\" class=\"wp-image-543\" srcset=\"https:\/\/liebke-foto.de\/maerkischeslicht\/wp-content\/uploads\/2014\/04\/001.jpg 1100w, https:\/\/liebke-foto.de\/maerkischeslicht\/wp-content\/uploads\/2014\/04\/001-450x300.jpg 450w\" sizes=\"auto, (max-width: 1100px) 100vw, 1100px\" \/><\/a><\/figure>\n<\/div>\n\n\n<p>\u00a0Sauer war ich, richtig sauer! Die ganze Woche freute ich mich wie ein Kind auf das Hoffest in Schwante, an der Milchtankstelle. Das neue Bauernhof-Eis aus der selbst produzierten Milch sollte am Samstag offiziell vorgestellt werden. Ich wollte viele sch\u00f6ne Momente im Bild festhalten, nat\u00fcrlich bei strahlendem Sonnenwetter. Dachte ich! <\/p>\n\n\n\n<p>Der Blick auf die Wetterkarte im Internet verhie\u00df nichts Gutes. Auf der Hinfahrt gegen Mittag hatte ich dann schon die ersten Spritzeltropfen auf der Windschutzscheibe. Und das machte mich richtig sauer. Da kommt doch keiner. Also kannst Du es vergessen mit sch\u00f6nen Bildern nach Hause zu kommen, Herr &#8222;M\u00e4rkisches Licht&#8220;!!<\/p>\n\n\n\n<p>Aber als ich Schwante durchfuhr in Richtung Vehlefanz huschte doch schnell ein Grinsen \u00fcber mein Gesicht. Der Parkplatz war schon gut gef\u00fcllt, Kinder hatten die Strohburg gekapert, Leute \u00fcber Leute\u2026<br \/>Hatte ich mir schon fast gedacht, ist eben Verlass auf &#8222;meine&#8220; Brandenburger und Berliner. <\/p>\n\n\n\n<p>Wenn was Gutes los ist in der Mark kann auch ein bisschen Regen niemanden abhalten ins Drau\u00dfen zu fahren. Schlechtes Wetter gibt es nicht, nur unpassende Kleidung. Und wie zur Vers\u00f6hnung kam dann sogar noch Kl\u00e4rchen durch die Sahara-Wolkenwand&#8230;<\/p>\n\n\n\n<p>Es war einfach eine Menge los zum Hoffest. Ob Kaffee, Kuchen, Bier Cola Wasser\u2026, selbst produziertes vom Grill. Keiner kam zu kurz. Die Treckerfreunde Vehlefanz sorgten mit ihrer Ausstellung f\u00fcr erweitertes Landleben-Flair. F\u00fcr die Kinder (und die gro\u00dfgewordenen Kinder \ud83d\ude09 ) waren die alten Ger\u00e4te Spielplatz und Technikschau. Selbstredend war auch supermoderne Technik zum Ansehen und Tr\u00e4umen aufgefahren.<\/p>\n\n\n\n<p>Zur offiziellen Er\u00f6ffnung gab es kurze Reden vom Chef der LSV Thomas Richter, Malte Voigts&nbsp;vom Spargelhof Kremmen, dem B\u00fcrgermeister, vom B\u00e4cker Plentz, angenehm aufgelockert wurde die &#8222;M\u00e4nnerunde&#8220; von einer bezaubernd h\u00fcbschen K\u00f6nigin (Zu meiner Schande muss ich gestehen dass ich es vers\u00e4umte weder Titel noch Namen aufgeschrieben zu haben. Wenn ich das noch rausbekomme, reiche ich das nat\u00fcrlich gerne nach \ud83d\ude09 ).<\/p>\n\n\n\n<p>Mario, den ich <a href=\"https:\/\/liebke-foto.de\/maerkischeslicht\/hier-kann-die-seele-freude-tanken\/\" target=\"_blank\" rel=\"noopener noreferrer\">hier<\/a> schon mal vorstellte, gab ein paar Stallf\u00fchrungen f\u00fcr die Besucher. Erstaunlich was dieser Mann so aus dem Effeff zum Besten geben konnte. Ob Fachwissen, Anekdoten\u2026, alles freih\u00e4ndig. Und man merkte, der ist mit Leib und Seele seinem Beruf, seiner Berufung und &#8222;seinen&#8220; K\u00fchen und Wasserb\u00fcffeln verfallen. <\/p>\n\n\n\n<p>Wie zur Best\u00e4tigung gab es dann noch einen kr\u00e4ftigen Schmatz von einem der Lieblingsb\u00fcffel. Das und viele andere Eindr\u00fccke gibt es in meiner Bilderschau zu sehen, einfach mal durchklicken und freuen\u2026 \ud83d\ude09<\/p>\n\n\n\n<p>Sp\u00e4ter gaben sich noch ein Kasper und eine Gretel mit recht frechen Spr\u00fcchen die Ehre und versuchten, das teilweise perplexe Publikum aufzumischen. Aber war nicht so gemeint, die sind so, n\u00e4mlich Schauspieler am&nbsp;Monbijoupark-Theater GmbH (vormals Hexenkessel Hoftheater), ans\u00e4ssig im Schloss Schwante.<\/p>\n\n\n\n<p>Wenn alles klappt wird das Eis zuk\u00fcnftig an verschiedenen Stellen in der Region verkauft. Im n\u00e4chsten Jahr sogar ein kleines Eiskaffee auf dem Platz gebaut werden. F\u00fcr mich war die &#8222;Ausbeute&#8220; an Fotos (und nat\u00fcrlich lecker Eis \ud83d\ude09 ) sehr zufriedenstellend. Ich werde das Projekt auf jeden Fall weiter verfolgen und wenn es Neues gibt, hier wieder davon berichten. Bis bald\u2026, Euer Herr M\u00e4rkisches Licht \ud83d\ude42<\/p>\n\n\n<div class=\"wp-block-image\">\n<figure class=\"aligncenter size-large\"><a href=\"https:\/\/liebke-foto.de\/maerkischeslicht\/wp-content\/uploads\/2014\/04\/002.jpg\"><img loading=\"lazy\" decoding=\"async\" width=\"1100\" height=\"732\" src=\"https:\/\/liebke-foto.de\/maerkischeslicht\/wp-content\/uploads\/2014\/04\/002.jpg\" alt=\"\" class=\"wp-image-544\" srcset=\"https:\/\/liebke-foto.de\/maerkischeslicht\/wp-content\/uploads\/2014\/04\/002.jpg 1100w, https:\/\/liebke-foto.de\/maerkischeslicht\/wp-content\/uploads\/2014\/04\/002-450x300.jpg 450w\" sizes=\"auto, (max-width: 1100px) 100vw, 1100px\" \/><\/a><\/figure>\n<\/div>\n\n<div class=\"wp-block-image\">\n<figure class=\"aligncenter size-large\"><a href=\"https:\/\/liebke-foto.de\/maerkischeslicht\/wp-content\/uploads\/2014\/04\/003.jpg\"><img loading=\"lazy\" decoding=\"async\" width=\"1100\" height=\"734\" src=\"https:\/\/liebke-foto.de\/maerkischeslicht\/wp-content\/uploads\/2014\/04\/003.jpg\" alt=\"Lecker Gebratenes\" class=\"wp-image-545\" srcset=\"https:\/\/liebke-foto.de\/maerkischeslicht\/wp-content\/uploads\/2014\/04\/003.jpg 1100w, https:\/\/liebke-foto.de\/maerkischeslicht\/wp-content\/uploads\/2014\/04\/003-450x300.jpg 450w\" sizes=\"auto, (max-width: 1100px) 100vw, 1100px\" \/><\/a><\/figure>\n<\/div>\n\n<div class=\"wp-block-image\">\n<figure class=\"aligncenter size-large\"><a href=\"https:\/\/liebke-foto.de\/maerkischeslicht\/wp-content\/uploads\/2014\/04\/004.jpg\"><img loading=\"lazy\" decoding=\"async\" width=\"1100\" height=\"734\" src=\"https:\/\/liebke-foto.de\/maerkischeslicht\/wp-content\/uploads\/2014\/04\/004.jpg\" alt=\"\" class=\"wp-image-546\" srcset=\"https:\/\/liebke-foto.de\/maerkischeslicht\/wp-content\/uploads\/2014\/04\/004.jpg 1100w, https:\/\/liebke-foto.de\/maerkischeslicht\/wp-content\/uploads\/2014\/04\/004-450x300.jpg 450w\" sizes=\"auto, (max-width: 1100px) 100vw, 1100px\" \/><\/a><\/figure>\n<\/div>\n\n<div class=\"wp-block-image\">\n<figure class=\"aligncenter size-large\"><a href=\"https:\/\/liebke-foto.de\/maerkischeslicht\/wp-content\/uploads\/2014\/04\/005.jpg\"><img loading=\"lazy\" decoding=\"async\" width=\"1100\" height=\"734\" src=\"https:\/\/liebke-foto.de\/maerkischeslicht\/wp-content\/uploads\/2014\/04\/005.jpg\" alt=\"\" class=\"wp-image-547\" srcset=\"https:\/\/liebke-foto.de\/maerkischeslicht\/wp-content\/uploads\/2014\/04\/005.jpg 1100w, https:\/\/liebke-foto.de\/maerkischeslicht\/wp-content\/uploads\/2014\/04\/005-450x300.jpg 450w\" sizes=\"auto, (max-width: 1100px) 100vw, 1100px\" \/><\/a><\/figure>\n<\/div>\n\n<div class=\"wp-block-image\">\n<figure class=\"aligncenter size-large\"><a href=\"https:\/\/liebke-foto.de\/maerkischeslicht\/wp-content\/uploads\/2014\/04\/006.jpg\"><img loading=\"lazy\" decoding=\"async\" width=\"1100\" height=\"734\" src=\"https:\/\/liebke-foto.de\/maerkischeslicht\/wp-content\/uploads\/2014\/04\/006.jpg\" alt=\"Ruhe vor dem (An-)Sturm...\" class=\"wp-image-548\" srcset=\"https:\/\/liebke-foto.de\/maerkischeslicht\/wp-content\/uploads\/2014\/04\/006.jpg 1100w, https:\/\/liebke-foto.de\/maerkischeslicht\/wp-content\/uploads\/2014\/04\/006-450x300.jpg 450w\" sizes=\"auto, (max-width: 1100px) 100vw, 1100px\" \/><\/a><\/figure>\n<\/div>\n\n<div class=\"wp-block-image\">\n<figure class=\"aligncenter size-large\"><a href=\"https:\/\/liebke-foto.de\/maerkischeslicht\/wp-content\/uploads\/2014\/04\/007.jpg\"><img loading=\"lazy\" decoding=\"async\" width=\"1100\" height=\"734\" src=\"https:\/\/liebke-foto.de\/maerkischeslicht\/wp-content\/uploads\/2014\/04\/007.jpg\" alt=\"\" class=\"wp-image-549\" srcset=\"https:\/\/liebke-foto.de\/maerkischeslicht\/wp-content\/uploads\/2014\/04\/007.jpg 1100w, https:\/\/liebke-foto.de\/maerkischeslicht\/wp-content\/uploads\/2014\/04\/007-450x300.jpg 450w\" sizes=\"auto, (max-width: 1100px) 100vw, 1100px\" \/><\/a><\/figure>\n<\/div>\n\n<div class=\"wp-block-image\">\n<figure class=\"aligncenter size-large\"><a href=\"https:\/\/liebke-foto.de\/maerkischeslicht\/wp-content\/uploads\/2014\/04\/008.jpg\"><img loading=\"lazy\" decoding=\"async\" width=\"734\" height=\"1100\" src=\"https:\/\/liebke-foto.de\/maerkischeslicht\/wp-content\/uploads\/2014\/04\/008.jpg\" alt=\"\" class=\"wp-image-550\" srcset=\"https:\/\/liebke-foto.de\/maerkischeslicht\/wp-content\/uploads\/2014\/04\/008.jpg 734w, https:\/\/liebke-foto.de\/maerkischeslicht\/wp-content\/uploads\/2014\/04\/008-533x800.jpg 533w\" sizes=\"auto, (max-width: 734px) 100vw, 734px\" \/><\/a><\/figure>\n<\/div>\n\n<div class=\"wp-block-image\">\n<figure class=\"aligncenter size-large\"><a href=\"https:\/\/liebke-foto.de\/maerkischeslicht\/wp-content\/uploads\/2014\/04\/009.jpg\"><img loading=\"lazy\" decoding=\"async\" width=\"1100\" height=\"734\" src=\"https:\/\/liebke-foto.de\/maerkischeslicht\/wp-content\/uploads\/2014\/04\/009.jpg\" alt=\"\" class=\"wp-image-551\" srcset=\"https:\/\/liebke-foto.de\/maerkischeslicht\/wp-content\/uploads\/2014\/04\/009.jpg 1100w, https:\/\/liebke-foto.de\/maerkischeslicht\/wp-content\/uploads\/2014\/04\/009-450x300.jpg 450w\" sizes=\"auto, (max-width: 1100px) 100vw, 1100px\" \/><\/a><\/figure>\n<\/div>\n\n<div class=\"wp-block-image\">\n<figure class=\"aligncenter size-large\"><a href=\"https:\/\/liebke-foto.de\/maerkischeslicht\/wp-content\/uploads\/2014\/04\/010.jpg\"><img loading=\"lazy\" decoding=\"async\" width=\"1100\" height=\"734\" src=\"https:\/\/liebke-foto.de\/maerkischeslicht\/wp-content\/uploads\/2014\/04\/010.jpg\" alt=\"\" class=\"wp-image-552\" srcset=\"https:\/\/liebke-foto.de\/maerkischeslicht\/wp-content\/uploads\/2014\/04\/010.jpg 1100w, https:\/\/liebke-foto.de\/maerkischeslicht\/wp-content\/uploads\/2014\/04\/010-450x300.jpg 450w\" sizes=\"auto, (max-width: 1100px) 100vw, 1100px\" \/><\/a><\/figure>\n<\/div>\n\n<div class=\"wp-block-image\">\n<figure class=\"aligncenter size-large\"><a href=\"https:\/\/liebke-foto.de\/maerkischeslicht\/wp-content\/uploads\/2014\/04\/011.jpg\"><img loading=\"lazy\" decoding=\"async\" width=\"1100\" height=\"734\" src=\"https:\/\/liebke-foto.de\/maerkischeslicht\/wp-content\/uploads\/2014\/04\/011.jpg\" alt=\"\" class=\"wp-image-553\" srcset=\"https:\/\/liebke-foto.de\/maerkischeslicht\/wp-content\/uploads\/2014\/04\/011.jpg 1100w, https:\/\/liebke-foto.de\/maerkischeslicht\/wp-content\/uploads\/2014\/04\/011-450x300.jpg 450w\" sizes=\"auto, (max-width: 1100px) 100vw, 1100px\" \/><\/a><\/figure>\n<\/div>\n\n<div class=\"wp-block-image\">\n<figure class=\"aligncenter size-large\"><a href=\"https:\/\/liebke-foto.de\/maerkischeslicht\/wp-content\/uploads\/2014\/04\/012.jpg\"><img loading=\"lazy\" decoding=\"async\" width=\"1100\" height=\"734\" src=\"https:\/\/liebke-foto.de\/maerkischeslicht\/wp-content\/uploads\/2014\/04\/012.jpg\" alt=\"\" class=\"wp-image-554\" srcset=\"https:\/\/liebke-foto.de\/maerkischeslicht\/wp-content\/uploads\/2014\/04\/012.jpg 1100w, https:\/\/liebke-foto.de\/maerkischeslicht\/wp-content\/uploads\/2014\/04\/012-450x300.jpg 450w\" sizes=\"auto, (max-width: 1100px) 100vw, 1100px\" \/><\/a><\/figure>\n<\/div>\n\n<div class=\"wp-block-image\">\n<figure class=\"aligncenter size-large\"><a href=\"https:\/\/liebke-foto.de\/maerkischeslicht\/wp-content\/uploads\/2014\/04\/013.jpg\"><img loading=\"lazy\" decoding=\"async\" width=\"1100\" height=\"734\" src=\"https:\/\/liebke-foto.de\/maerkischeslicht\/wp-content\/uploads\/2014\/04\/013.jpg\" alt=\"\" class=\"wp-image-555\" srcset=\"https:\/\/liebke-foto.de\/maerkischeslicht\/wp-content\/uploads\/2014\/04\/013.jpg 1100w, https:\/\/liebke-foto.de\/maerkischeslicht\/wp-content\/uploads\/2014\/04\/013-450x300.jpg 450w\" sizes=\"auto, (max-width: 1100px) 100vw, 1100px\" \/><\/a><\/figure>\n<\/div>\n\n<div class=\"wp-block-image\">\n<figure class=\"aligncenter size-large\"><a href=\"https:\/\/liebke-foto.de\/maerkischeslicht\/wp-content\/uploads\/2014\/04\/014.jpg\"><img loading=\"lazy\" decoding=\"async\" width=\"1100\" height=\"734\" src=\"https:\/\/liebke-foto.de\/maerkischeslicht\/wp-content\/uploads\/2014\/04\/014.jpg\" alt=\"\" class=\"wp-image-556\" srcset=\"https:\/\/liebke-foto.de\/maerkischeslicht\/wp-content\/uploads\/2014\/04\/014.jpg 1100w, https:\/\/liebke-foto.de\/maerkischeslicht\/wp-content\/uploads\/2014\/04\/014-450x300.jpg 450w\" sizes=\"auto, (max-width: 1100px) 100vw, 1100px\" \/><\/a><\/figure>\n<\/div>\n\n<div class=\"wp-block-image\">\n<figure class=\"aligncenter size-large\"><a href=\"https:\/\/liebke-foto.de\/maerkischeslicht\/wp-content\/uploads\/2014\/04\/015.jpg\"><img loading=\"lazy\" decoding=\"async\" width=\"1100\" height=\"732\" src=\"https:\/\/liebke-foto.de\/maerkischeslicht\/wp-content\/uploads\/2014\/04\/015.jpg\" alt=\"\" class=\"wp-image-557\" srcset=\"https:\/\/liebke-foto.de\/maerkischeslicht\/wp-content\/uploads\/2014\/04\/015.jpg 1100w, https:\/\/liebke-foto.de\/maerkischeslicht\/wp-content\/uploads\/2014\/04\/015-450x300.jpg 450w\" sizes=\"auto, (max-width: 1100px) 100vw, 1100px\" \/><\/a><\/figure>\n<\/div>\n\n<div class=\"wp-block-image\">\n<figure class=\"aligncenter size-large\"><a href=\"https:\/\/liebke-foto.de\/maerkischeslicht\/wp-content\/uploads\/2014\/04\/016.jpg\"><img loading=\"lazy\" decoding=\"async\" width=\"1100\" height=\"732\" src=\"https:\/\/liebke-foto.de\/maerkischeslicht\/wp-content\/uploads\/2014\/04\/016.jpg\" alt=\"\" class=\"wp-image-558\" srcset=\"https:\/\/liebke-foto.de\/maerkischeslicht\/wp-content\/uploads\/2014\/04\/016.jpg 1100w, https:\/\/liebke-foto.de\/maerkischeslicht\/wp-content\/uploads\/2014\/04\/016-450x300.jpg 450w\" sizes=\"auto, (max-width: 1100px) 100vw, 1100px\" \/><\/a><\/figure>\n<\/div>\n\n<div class=\"wp-block-image\">\n<figure class=\"aligncenter size-large\"><a href=\"https:\/\/liebke-foto.de\/maerkischeslicht\/wp-content\/uploads\/2014\/04\/017.jpg\"><img loading=\"lazy\" decoding=\"async\" width=\"1100\" height=\"732\" src=\"https:\/\/liebke-foto.de\/maerkischeslicht\/wp-content\/uploads\/2014\/04\/017.jpg\" alt=\"\" class=\"wp-image-559\" srcset=\"https:\/\/liebke-foto.de\/maerkischeslicht\/wp-content\/uploads\/2014\/04\/017.jpg 1100w, https:\/\/liebke-foto.de\/maerkischeslicht\/wp-content\/uploads\/2014\/04\/017-450x300.jpg 450w\" sizes=\"auto, (max-width: 1100px) 100vw, 1100px\" \/><\/a><\/figure>\n<\/div>\n\n<div class=\"wp-block-image\">\n<figure class=\"aligncenter size-large\"><a href=\"https:\/\/liebke-foto.de\/maerkischeslicht\/wp-content\/uploads\/2014\/04\/018.jpg\"><img loading=\"lazy\" decoding=\"async\" width=\"1100\" height=\"732\" src=\"https:\/\/liebke-foto.de\/maerkischeslicht\/wp-content\/uploads\/2014\/04\/018.jpg\" alt=\"\" class=\"wp-image-560\" srcset=\"https:\/\/liebke-foto.de\/maerkischeslicht\/wp-content\/uploads\/2014\/04\/018.jpg 1100w, https:\/\/liebke-foto.de\/maerkischeslicht\/wp-content\/uploads\/2014\/04\/018-450x300.jpg 450w\" sizes=\"auto, (max-width: 1100px) 100vw, 1100px\" \/><\/a><\/figure>\n<\/div>\n\n<div class=\"wp-block-image\">\n<figure class=\"aligncenter size-large\"><a href=\"https:\/\/liebke-foto.de\/maerkischeslicht\/wp-content\/uploads\/2014\/04\/019.jpg\"><img loading=\"lazy\" decoding=\"async\" width=\"1100\" height=\"732\" src=\"https:\/\/liebke-foto.de\/maerkischeslicht\/wp-content\/uploads\/2014\/04\/019.jpg\" alt=\"\" class=\"wp-image-561\" srcset=\"https:\/\/liebke-foto.de\/maerkischeslicht\/wp-content\/uploads\/2014\/04\/019.jpg 1100w, https:\/\/liebke-foto.de\/maerkischeslicht\/wp-content\/uploads\/2014\/04\/019-450x300.jpg 450w\" sizes=\"auto, (max-width: 1100px) 100vw, 1100px\" \/><\/a><\/figure>\n<\/div>\n\n<div class=\"wp-block-image\">\n<figure class=\"aligncenter size-large\"><a href=\"https:\/\/liebke-foto.de\/maerkischeslicht\/wp-content\/uploads\/2014\/04\/020.jpg\"><img loading=\"lazy\" decoding=\"async\" width=\"1100\" height=\"734\" src=\"https:\/\/liebke-foto.de\/maerkischeslicht\/wp-content\/uploads\/2014\/04\/020.jpg\" alt=\"\" class=\"wp-image-562\" srcset=\"https:\/\/liebke-foto.de\/maerkischeslicht\/wp-content\/uploads\/2014\/04\/020.jpg 1100w, https:\/\/liebke-foto.de\/maerkischeslicht\/wp-content\/uploads\/2014\/04\/020-450x300.jpg 450w\" sizes=\"auto, (max-width: 1100px) 100vw, 1100px\" \/><\/a><\/figure>\n<\/div>\n\n<div class=\"wp-block-image\">\n<figure class=\"aligncenter size-large\"><a href=\"https:\/\/liebke-foto.de\/maerkischeslicht\/wp-content\/uploads\/2014\/04\/021.jpg\"><img loading=\"lazy\" decoding=\"async\" width=\"1100\" height=\"732\" src=\"https:\/\/liebke-foto.de\/maerkischeslicht\/wp-content\/uploads\/2014\/04\/021.jpg\" alt=\"\" class=\"wp-image-563\" srcset=\"https:\/\/liebke-foto.de\/maerkischeslicht\/wp-content\/uploads\/2014\/04\/021.jpg 1100w, https:\/\/liebke-foto.de\/maerkischeslicht\/wp-content\/uploads\/2014\/04\/021-450x300.jpg 450w\" sizes=\"auto, (max-width: 1100px) 100vw, 1100px\" \/><\/a><\/figure>\n<\/div>\n\n<div class=\"wp-block-image\">\n<figure class=\"aligncenter size-large\"><a href=\"https:\/\/liebke-foto.de\/maerkischeslicht\/wp-content\/uploads\/2014\/04\/022.jpg\"><img loading=\"lazy\" decoding=\"async\" width=\"1100\" height=\"734\" src=\"https:\/\/liebke-foto.de\/maerkischeslicht\/wp-content\/uploads\/2014\/04\/022.jpg\" alt=\"\" class=\"wp-image-564\" srcset=\"https:\/\/liebke-foto.de\/maerkischeslicht\/wp-content\/uploads\/2014\/04\/022.jpg 1100w, https:\/\/liebke-foto.de\/maerkischeslicht\/wp-content\/uploads\/2014\/04\/022-450x300.jpg 450w\" sizes=\"auto, (max-width: 1100px) 100vw, 1100px\" \/><\/a><\/figure>\n<\/div>\n\n<div class=\"wp-block-image\">\n<figure class=\"aligncenter size-large\"><a href=\"https:\/\/liebke-foto.de\/maerkischeslicht\/wp-content\/uploads\/2014\/04\/023.jpg\"><img loading=\"lazy\" decoding=\"async\" width=\"1100\" height=\"734\" src=\"https:\/\/liebke-foto.de\/maerkischeslicht\/wp-content\/uploads\/2014\/04\/023.jpg\" alt=\"Bauernhof - Eis an der Milchtankstelle Vehlefanz \/ Oberhavel\" class=\"wp-image-565\" srcset=\"https:\/\/liebke-foto.de\/maerkischeslicht\/wp-content\/uploads\/2014\/04\/023.jpg 1100w, https:\/\/liebke-foto.de\/maerkischeslicht\/wp-content\/uploads\/2014\/04\/023-450x300.jpg 450w\" sizes=\"auto, (max-width: 1100px) 100vw, 1100px\" \/><\/a><\/figure>\n<\/div>\n\n<div class=\"wp-block-image\">\n<figure class=\"aligncenter size-large\"><a href=\"https:\/\/liebke-foto.de\/maerkischeslicht\/wp-content\/uploads\/2014\/04\/024.jpg\"><img loading=\"lazy\" decoding=\"async\" width=\"1100\" height=\"732\" src=\"https:\/\/liebke-foto.de\/maerkischeslicht\/wp-content\/uploads\/2014\/04\/024.jpg\" alt=\"\" class=\"wp-image-566\" srcset=\"https:\/\/liebke-foto.de\/maerkischeslicht\/wp-content\/uploads\/2014\/04\/024.jpg 1100w, https:\/\/liebke-foto.de\/maerkischeslicht\/wp-content\/uploads\/2014\/04\/024-450x300.jpg 450w\" sizes=\"auto, (max-width: 1100px) 100vw, 1100px\" \/><\/a><\/figure>\n<\/div>\n\n<div class=\"wp-block-image\">\n<figure class=\"aligncenter size-large\"><a href=\"https:\/\/liebke-foto.de\/maerkischeslicht\/wp-content\/uploads\/2014\/04\/025.jpg\"><img loading=\"lazy\" decoding=\"async\" width=\"1100\" height=\"732\" src=\"https:\/\/liebke-foto.de\/maerkischeslicht\/wp-content\/uploads\/2014\/04\/025.jpg\" alt=\"\" class=\"wp-image-567\" srcset=\"https:\/\/liebke-foto.de\/maerkischeslicht\/wp-content\/uploads\/2014\/04\/025.jpg 1100w, https:\/\/liebke-foto.de\/maerkischeslicht\/wp-content\/uploads\/2014\/04\/025-450x300.jpg 450w\" sizes=\"auto, (max-width: 1100px) 100vw, 1100px\" \/><\/a><\/figure>\n<\/div>\n\n<div class=\"wp-block-image\">\n<figure class=\"aligncenter size-large\"><a href=\"https:\/\/liebke-foto.de\/maerkischeslicht\/wp-content\/uploads\/2014\/04\/026.jpg\"><img loading=\"lazy\" decoding=\"async\" width=\"1100\" height=\"732\" src=\"https:\/\/liebke-foto.de\/maerkischeslicht\/wp-content\/uploads\/2014\/04\/026.jpg\" alt=\"\" class=\"wp-image-568\" srcset=\"https:\/\/liebke-foto.de\/maerkischeslicht\/wp-content\/uploads\/2014\/04\/026.jpg 1100w, https:\/\/liebke-foto.de\/maerkischeslicht\/wp-content\/uploads\/2014\/04\/026-450x300.jpg 450w\" sizes=\"auto, (max-width: 1100px) 100vw, 1100px\" \/><\/a><\/figure>\n<\/div>\n\n<div class=\"wp-block-image\">\n<figure class=\"aligncenter size-large\"><a href=\"https:\/\/liebke-foto.de\/maerkischeslicht\/wp-content\/uploads\/2014\/04\/027.jpg\"><img loading=\"lazy\" decoding=\"async\" width=\"1100\" height=\"732\" src=\"https:\/\/liebke-foto.de\/maerkischeslicht\/wp-content\/uploads\/2014\/04\/027.jpg\" alt=\"\" class=\"wp-image-569\" srcset=\"https:\/\/liebke-foto.de\/maerkischeslicht\/wp-content\/uploads\/2014\/04\/027.jpg 1100w, https:\/\/liebke-foto.de\/maerkischeslicht\/wp-content\/uploads\/2014\/04\/027-450x300.jpg 450w\" sizes=\"auto, (max-width: 1100px) 100vw, 1100px\" \/><\/a><\/figure>\n<\/div>\n\n<div class=\"wp-block-image\">\n<figure class=\"aligncenter size-large\"><a href=\"https:\/\/liebke-foto.de\/maerkischeslicht\/wp-content\/uploads\/2014\/04\/028.jpg\"><img loading=\"lazy\" decoding=\"async\" width=\"1100\" height=\"734\" src=\"https:\/\/liebke-foto.de\/maerkischeslicht\/wp-content\/uploads\/2014\/04\/028.jpg\" alt=\"\" class=\"wp-image-570\" srcset=\"https:\/\/liebke-foto.de\/maerkischeslicht\/wp-content\/uploads\/2014\/04\/028.jpg 1100w, https:\/\/liebke-foto.de\/maerkischeslicht\/wp-content\/uploads\/2014\/04\/028-450x300.jpg 450w\" sizes=\"auto, (max-width: 1100px) 100vw, 1100px\" \/><\/a><\/figure>\n<\/div>\n\n<div class=\"wp-block-image\">\n<figure class=\"aligncenter size-large\"><a href=\"https:\/\/liebke-foto.de\/maerkischeslicht\/wp-content\/uploads\/2014\/04\/029.jpg\"><img loading=\"lazy\" decoding=\"async\" width=\"1100\" height=\"734\" src=\"https:\/\/liebke-foto.de\/maerkischeslicht\/wp-content\/uploads\/2014\/04\/029.jpg\" alt=\"\" class=\"wp-image-571\" srcset=\"https:\/\/liebke-foto.de\/maerkischeslicht\/wp-content\/uploads\/2014\/04\/029.jpg 1100w, https:\/\/liebke-foto.de\/maerkischeslicht\/wp-content\/uploads\/2014\/04\/029-450x300.jpg 450w\" sizes=\"auto, (max-width: 1100px) 100vw, 1100px\" \/><\/a><\/figure>\n<\/div>\n\n<div class=\"wp-block-image\">\n<figure class=\"aligncenter size-large\"><a href=\"https:\/\/liebke-foto.de\/maerkischeslicht\/wp-content\/uploads\/2014\/04\/030.jpg\"><img loading=\"lazy\" decoding=\"async\" width=\"1100\" height=\"732\" src=\"https:\/\/liebke-foto.de\/maerkischeslicht\/wp-content\/uploads\/2014\/04\/030.jpg\" alt=\"\" class=\"wp-image-572\" srcset=\"https:\/\/liebke-foto.de\/maerkischeslicht\/wp-content\/uploads\/2014\/04\/030.jpg 1100w, https:\/\/liebke-foto.de\/maerkischeslicht\/wp-content\/uploads\/2014\/04\/030-450x300.jpg 450w\" sizes=\"auto, (max-width: 1100px) 100vw, 1100px\" \/><\/a><\/figure>\n<\/div>\n\n<div class=\"wp-block-image\">\n<figure class=\"aligncenter size-large\"><a href=\"https:\/\/liebke-foto.de\/maerkischeslicht\/wp-content\/uploads\/2014\/04\/031.jpg\"><img loading=\"lazy\" decoding=\"async\" width=\"1100\" height=\"732\" src=\"https:\/\/liebke-foto.de\/maerkischeslicht\/wp-content\/uploads\/2014\/04\/031.jpg\" alt=\"\" class=\"wp-image-573\" srcset=\"https:\/\/liebke-foto.de\/maerkischeslicht\/wp-content\/uploads\/2014\/04\/031.jpg 1100w, https:\/\/liebke-foto.de\/maerkischeslicht\/wp-content\/uploads\/2014\/04\/031-450x300.jpg 450w\" sizes=\"auto, (max-width: 1100px) 100vw, 1100px\" \/><\/a><\/figure>\n<\/div>\n\n<div class=\"wp-block-image\">\n<figure class=\"aligncenter size-large\"><a href=\"https:\/\/liebke-foto.de\/maerkischeslicht\/wp-content\/uploads\/2014\/04\/032.jpg\"><img loading=\"lazy\" decoding=\"async\" width=\"1100\" height=\"732\" src=\"https:\/\/liebke-foto.de\/maerkischeslicht\/wp-content\/uploads\/2014\/04\/032.jpg\" alt=\"\" class=\"wp-image-574\" srcset=\"https:\/\/liebke-foto.de\/maerkischeslicht\/wp-content\/uploads\/2014\/04\/032.jpg 1100w, https:\/\/liebke-foto.de\/maerkischeslicht\/wp-content\/uploads\/2014\/04\/032-450x300.jpg 450w\" sizes=\"auto, (max-width: 1100px) 100vw, 1100px\" \/><\/a><\/figure>\n<\/div>\n\n<div class=\"wp-block-image\">\n<figure class=\"aligncenter size-large\"><a href=\"https:\/\/liebke-foto.de\/maerkischeslicht\/wp-content\/uploads\/2014\/04\/033.jpg\"><img loading=\"lazy\" decoding=\"async\" width=\"1100\" height=\"732\" src=\"https:\/\/liebke-foto.de\/maerkischeslicht\/wp-content\/uploads\/2014\/04\/033.jpg\" alt=\"\" class=\"wp-image-575\" srcset=\"https:\/\/liebke-foto.de\/maerkischeslicht\/wp-content\/uploads\/2014\/04\/033.jpg 1100w, https:\/\/liebke-foto.de\/maerkischeslicht\/wp-content\/uploads\/2014\/04\/033-450x300.jpg 450w\" sizes=\"auto, (max-width: 1100px) 100vw, 1100px\" \/><\/a><\/figure>\n<\/div>\n\n<div class=\"wp-block-image\">\n<figure class=\"aligncenter size-large\"><a href=\"https:\/\/liebke-foto.de\/maerkischeslicht\/wp-content\/uploads\/2014\/04\/034.jpg\"><img loading=\"lazy\" decoding=\"async\" width=\"1100\" height=\"732\" src=\"https:\/\/liebke-foto.de\/maerkischeslicht\/wp-content\/uploads\/2014\/04\/034.jpg\" alt=\"\" class=\"wp-image-576\" srcset=\"https:\/\/liebke-foto.de\/maerkischeslicht\/wp-content\/uploads\/2014\/04\/034.jpg 1100w, https:\/\/liebke-foto.de\/maerkischeslicht\/wp-content\/uploads\/2014\/04\/034-450x300.jpg 450w\" sizes=\"auto, (max-width: 1100px) 100vw, 1100px\" \/><\/a><\/figure>\n<\/div>\n\n<div class=\"wp-block-image\">\n<figure class=\"aligncenter size-large\"><a href=\"https:\/\/liebke-foto.de\/maerkischeslicht\/wp-content\/uploads\/2014\/04\/035.jpg\"><img loading=\"lazy\" decoding=\"async\" width=\"1100\" height=\"732\" src=\"https:\/\/liebke-foto.de\/maerkischeslicht\/wp-content\/uploads\/2014\/04\/035.jpg\" alt=\"\" class=\"wp-image-577\" srcset=\"https:\/\/liebke-foto.de\/maerkischeslicht\/wp-content\/uploads\/2014\/04\/035.jpg 1100w, https:\/\/liebke-foto.de\/maerkischeslicht\/wp-content\/uploads\/2014\/04\/035-450x300.jpg 450w\" sizes=\"auto, (max-width: 1100px) 100vw, 1100px\" \/><\/a><\/figure>\n<\/div>\n\n<div class=\"wp-block-image\">\n<figure class=\"aligncenter size-large\"><a href=\"https:\/\/liebke-foto.de\/maerkischeslicht\/wp-content\/uploads\/2014\/04\/036.jpg\"><img loading=\"lazy\" decoding=\"async\" width=\"1100\" height=\"734\" src=\"https:\/\/liebke-foto.de\/maerkischeslicht\/wp-content\/uploads\/2014\/04\/036.jpg\" alt=\"\" class=\"wp-image-578\" srcset=\"https:\/\/liebke-foto.de\/maerkischeslicht\/wp-content\/uploads\/2014\/04\/036.jpg 1100w, https:\/\/liebke-foto.de\/maerkischeslicht\/wp-content\/uploads\/2014\/04\/036-450x300.jpg 450w\" sizes=\"auto, (max-width: 1100px) 100vw, 1100px\" \/><\/a><\/figure>\n<\/div>\n\n<div class=\"wp-block-image\">\n<figure class=\"aligncenter size-large\"><a href=\"https:\/\/liebke-foto.de\/maerkischeslicht\/wp-content\/uploads\/2014\/04\/037.jpg\"><img loading=\"lazy\" decoding=\"async\" width=\"1100\" height=\"732\" src=\"https:\/\/liebke-foto.de\/maerkischeslicht\/wp-content\/uploads\/2014\/04\/037.jpg\" alt=\"\" class=\"wp-image-579\" srcset=\"https:\/\/liebke-foto.de\/maerkischeslicht\/wp-content\/uploads\/2014\/04\/037.jpg 1100w, https:\/\/liebke-foto.de\/maerkischeslicht\/wp-content\/uploads\/2014\/04\/037-450x300.jpg 450w\" sizes=\"auto, (max-width: 1100px) 100vw, 1100px\" \/><\/a><\/figure>\n<\/div>\n\n<div class=\"wp-block-image\">\n<figure class=\"aligncenter size-large\"><a href=\"https:\/\/liebke-foto.de\/maerkischeslicht\/wp-content\/uploads\/2014\/04\/038.jpg\"><img loading=\"lazy\" decoding=\"async\" width=\"1100\" height=\"734\" src=\"https:\/\/liebke-foto.de\/maerkischeslicht\/wp-content\/uploads\/2014\/04\/038.jpg\" alt=\"\" class=\"wp-image-580\" srcset=\"https:\/\/liebke-foto.de\/maerkischeslicht\/wp-content\/uploads\/2014\/04\/038.jpg 1100w, https:\/\/liebke-foto.de\/maerkischeslicht\/wp-content\/uploads\/2014\/04\/038-450x300.jpg 450w\" sizes=\"auto, (max-width: 1100px) 100vw, 1100px\" \/><\/a><\/figure>\n<\/div>\n\n<div class=\"wp-block-image\">\n<figure class=\"aligncenter size-large\"><a href=\"https:\/\/liebke-foto.de\/maerkischeslicht\/wp-content\/uploads\/2014\/04\/039.jpg\"><img loading=\"lazy\" decoding=\"async\" width=\"1100\" height=\"734\" src=\"https:\/\/liebke-foto.de\/maerkischeslicht\/wp-content\/uploads\/2014\/04\/039.jpg\" alt=\"\" class=\"wp-image-581\" srcset=\"https:\/\/liebke-foto.de\/maerkischeslicht\/wp-content\/uploads\/2014\/04\/039.jpg 1100w, https:\/\/liebke-foto.de\/maerkischeslicht\/wp-content\/uploads\/2014\/04\/039-450x300.jpg 450w\" sizes=\"auto, (max-width: 1100px) 100vw, 1100px\" \/><\/a><\/figure>\n<\/div>\n\n<div class=\"wp-block-image\">\n<figure class=\"aligncenter size-large\"><a href=\"https:\/\/liebke-foto.de\/maerkischeslicht\/wp-content\/uploads\/2014\/04\/040.jpg\"><img loading=\"lazy\" decoding=\"async\" width=\"1100\" height=\"732\" src=\"https:\/\/liebke-foto.de\/maerkischeslicht\/wp-content\/uploads\/2014\/04\/040.jpg\" alt=\"\" class=\"wp-image-582\" srcset=\"https:\/\/liebke-foto.de\/maerkischeslicht\/wp-content\/uploads\/2014\/04\/040.jpg 1100w, https:\/\/liebke-foto.de\/maerkischeslicht\/wp-content\/uploads\/2014\/04\/040-450x300.jpg 450w\" sizes=\"auto, (max-width: 1100px) 100vw, 1100px\" \/><\/a><\/figure>\n<\/div>\n\n<div class=\"wp-block-image\">\n<figure class=\"aligncenter size-large\"><a href=\"https:\/\/liebke-foto.de\/maerkischeslicht\/wp-content\/uploads\/2014\/04\/041.jpg\"><img loading=\"lazy\" decoding=\"async\" width=\"1100\" height=\"734\" src=\"https:\/\/liebke-foto.de\/maerkischeslicht\/wp-content\/uploads\/2014\/04\/041.jpg\" alt=\"\" class=\"wp-image-583\" srcset=\"https:\/\/liebke-foto.de\/maerkischeslicht\/wp-content\/uploads\/2014\/04\/041.jpg 1100w, https:\/\/liebke-foto.de\/maerkischeslicht\/wp-content\/uploads\/2014\/04\/041-450x300.jpg 450w\" sizes=\"auto, (max-width: 1100px) 100vw, 1100px\" \/><\/a><\/figure>\n<\/div>\n\n\n<div style=\"padding:20px\" class=\"wp-block-tnp-minimal\"><p>Subscribe to our newsletter!<\/p><div><div class=\"tnp tnp-subscription \">\n<form method=\"post\" action=\"https:\/\/liebke-foto.de\/maerkischeslicht\/wp-admin\/admin-ajax.php?action=tnp&amp;na=s\">\n<input type=\"hidden\" name=\"nlang\" value=\"\">\n<div class=\"tnp-field tnp-field-firstname\"><label for=\"tnp-1\">Vorname oder ganzer Name<\/label>\n<input class=\"tnp-name\" type=\"text\" name=\"nn\" id=\"tnp-1\" value=\"\" placeholder=\"\"><\/div>\n<div class=\"tnp-field tnp-field-email\"><label for=\"tnp-2\">Email<\/label>\n<input class=\"tnp-email\" type=\"email\" name=\"ne\" id=\"tnp-2\" value=\"\" placeholder=\"\" required><\/div>\n<div class=\"tnp-field tnp-privacy-field\"><label><input type=\"checkbox\" name=\"ny\" required class=\"tnp-privacy\"> Indem Du fortf\u00e4hrst, akzeptierst Du unsere Datenschutzerkl\u00e4rung.<\/label><\/div><div class=\"tnp-field tnp-field-button\" style=\"text-align: left\"><input class=\"tnp-submit\" type=\"submit\" value=\"Abonnieren\" style=\"\">\n<\/div>\n<\/form>\n<\/div>\n<\/div><\/div>\n\n\n\n\n","protected":false},"excerpt":{"rendered":"<p>\u00a0Sauer war ich, richtig sauer! Die ganze Woche freute ich mich wie ein Kind auf das Hoffest in Schwante, an der Milchtankstelle. Das&#8230;<\/p>\n","protected":false},"author":1,"featured_media":565,"comment_status":"open","ping_status":"open","sticky":false,"template":"","format":"gallery","meta":{"footnotes":""},"categories":[11,66,38],"tags":[],"class_list":["post-531","post","type-post","status-publish","format-gallery","has-post-thumbnail","hentry","category-im-land-brandenburg-unterwegs","category-landpartie","category-menschliches-aus-der-mark","post_format-post-format-gallery"],"yoast_head":"<!-- This site is optimized with the Yoast SEO plugin v27.5 - https:\/\/yoast.com\/product\/yoast-seo-wordpress\/ -->\n<title>Cooles Hoffest an der Milchtankstelle Schwante - M\u00e4rkisches Licht - Der Fotograf der Stille<\/title>\n<meta name=\"description\" content=\"Cooles Hoffest an der Milchtankstelle Schwante\" \/>\n<meta name=\"robots\" content=\"index, follow, max-snippet:-1, max-image-preview:large, max-video-preview:-1\" \/>\n<link rel=\"canonical\" href=\"https:\/\/liebke-foto.de\/maerkischeslicht\/cooles-hoffest-an-der-milchtankstelle-schwante\/\" \/>\n<meta property=\"og:locale\" content=\"de_DE\" \/>\n<meta property=\"og:type\" content=\"article\" \/>\n<meta property=\"og:title\" content=\"Cooles Hoffest an der Milchtankstelle Schwante - M\u00e4rkisches Licht - Der Fotograf der Stille\" \/>\n<meta property=\"og:description\" content=\"Cooles Hoffest an der Milchtankstelle Schwante\" \/>\n<meta property=\"og:url\" content=\"https:\/\/liebke-foto.de\/maerkischeslicht\/cooles-hoffest-an-der-milchtankstelle-schwante\/\" \/>\n<meta property=\"og:site_name\" content=\"M\u00e4rkisches Licht - Der Fotograf der Stille\" \/>\n<meta property=\"article:published_time\" content=\"2014-04-07T10:05:59+00:00\" \/>\n<meta property=\"article:modified_time\" content=\"2022-07-03T15:03:19+00:00\" \/>\n<meta property=\"og:image\" content=\"https:\/\/liebke-foto.de\/maerkischeslicht\/wp-content\/uploads\/2014\/04\/023.jpg\" \/>\n\t<meta property=\"og:image:width\" content=\"1100\" \/>\n\t<meta property=\"og:image:height\" content=\"734\" \/>\n\t<meta property=\"og:image:type\" content=\"image\/jpeg\" \/>\n<meta name=\"author\" content=\"Frank Liebke\" \/>\n<meta name=\"twitter:card\" content=\"summary_large_image\" \/>\n<meta name=\"twitter:label1\" content=\"Verfasst von\" \/>\n\t<meta name=\"twitter:data1\" content=\"Frank Liebke\" \/>\n\t<meta name=\"twitter:label2\" content=\"Gesch\u00e4tzte Lesezeit\" \/>\n\t<meta name=\"twitter:data2\" content=\"11\u00a0Minuten\" \/>\n<script type=\"application\/ld+json\" class=\"yoast-schema-graph\">{\"@context\":\"https:\\\/\\\/schema.org\",\"@graph\":[{\"@type\":\"Article\",\"@id\":\"https:\\\/\\\/liebke-foto.de\\\/maerkischeslicht\\\/cooles-hoffest-an-der-milchtankstelle-schwante\\\/#article\",\"isPartOf\":{\"@id\":\"https:\\\/\\\/liebke-foto.de\\\/maerkischeslicht\\\/cooles-hoffest-an-der-milchtankstelle-schwante\\\/\"},\"author\":{\"name\":\"Frank Liebke\",\"@id\":\"https:\\\/\\\/liebke-foto.de\\\/maerkischeslicht\\\/#\\\/schema\\\/person\\\/d71108abc09a723daeeb8526a33137ee\"},\"headline\":\"Cooles Hoffest an der Milchtankstelle Schwante\",\"datePublished\":\"2014-04-07T10:05:59+00:00\",\"dateModified\":\"2022-07-03T15:03:19+00:00\",\"mainEntityOfPage\":{\"@id\":\"https:\\\/\\\/liebke-foto.de\\\/maerkischeslicht\\\/cooles-hoffest-an-der-milchtankstelle-schwante\\\/\"},\"wordCount\":539,\"commentCount\":0,\"publisher\":{\"@id\":\"https:\\\/\\\/liebke-foto.de\\\/maerkischeslicht\\\/#\\\/schema\\\/person\\\/d71108abc09a723daeeb8526a33137ee\"},\"image\":{\"@id\":\"https:\\\/\\\/liebke-foto.de\\\/maerkischeslicht\\\/cooles-hoffest-an-der-milchtankstelle-schwante\\\/#primaryimage\"},\"thumbnailUrl\":\"https:\\\/\\\/liebke-foto.de\\\/maerkischeslicht\\\/wp-content\\\/uploads\\\/2014\\\/04\\\/023.jpg\",\"articleSection\":[\"Im Land Brandenburg unterwegs\",\"LANDpartie, unterwegs in der Mark Brandenburg\",\"Menschliches aus der Mark\"],\"inLanguage\":\"de\",\"potentialAction\":[{\"@type\":\"CommentAction\",\"name\":\"Comment\",\"target\":[\"https:\\\/\\\/liebke-foto.de\\\/maerkischeslicht\\\/cooles-hoffest-an-der-milchtankstelle-schwante\\\/#respond\"]}]},{\"@type\":\"WebPage\",\"@id\":\"https:\\\/\\\/liebke-foto.de\\\/maerkischeslicht\\\/cooles-hoffest-an-der-milchtankstelle-schwante\\\/\",\"url\":\"https:\\\/\\\/liebke-foto.de\\\/maerkischeslicht\\\/cooles-hoffest-an-der-milchtankstelle-schwante\\\/\",\"name\":\"Cooles Hoffest an der Milchtankstelle Schwante - M\u00e4rkisches Licht - Der Fotograf der Stille\",\"isPartOf\":{\"@id\":\"https:\\\/\\\/liebke-foto.de\\\/maerkischeslicht\\\/#website\"},\"primaryImageOfPage\":{\"@id\":\"https:\\\/\\\/liebke-foto.de\\\/maerkischeslicht\\\/cooles-hoffest-an-der-milchtankstelle-schwante\\\/#primaryimage\"},\"image\":{\"@id\":\"https:\\\/\\\/liebke-foto.de\\\/maerkischeslicht\\\/cooles-hoffest-an-der-milchtankstelle-schwante\\\/#primaryimage\"},\"thumbnailUrl\":\"https:\\\/\\\/liebke-foto.de\\\/maerkischeslicht\\\/wp-content\\\/uploads\\\/2014\\\/04\\\/023.jpg\",\"datePublished\":\"2014-04-07T10:05:59+00:00\",\"dateModified\":\"2022-07-03T15:03:19+00:00\",\"description\":\"Cooles Hoffest an der Milchtankstelle Schwante\",\"breadcrumb\":{\"@id\":\"https:\\\/\\\/liebke-foto.de\\\/maerkischeslicht\\\/cooles-hoffest-an-der-milchtankstelle-schwante\\\/#breadcrumb\"},\"inLanguage\":\"de\",\"potentialAction\":[{\"@type\":\"ReadAction\",\"target\":[\"https:\\\/\\\/liebke-foto.de\\\/maerkischeslicht\\\/cooles-hoffest-an-der-milchtankstelle-schwante\\\/\"]}]},{\"@type\":\"ImageObject\",\"inLanguage\":\"de\",\"@id\":\"https:\\\/\\\/liebke-foto.de\\\/maerkischeslicht\\\/cooles-hoffest-an-der-milchtankstelle-schwante\\\/#primaryimage\",\"url\":\"https:\\\/\\\/liebke-foto.de\\\/maerkischeslicht\\\/wp-content\\\/uploads\\\/2014\\\/04\\\/023.jpg\",\"contentUrl\":\"https:\\\/\\\/liebke-foto.de\\\/maerkischeslicht\\\/wp-content\\\/uploads\\\/2014\\\/04\\\/023.jpg\",\"width\":1100,\"height\":734,\"caption\":\"Bauernhof - Eis an der Milchtankstelle Vehlefanz \\\/ Oberhavel\"},{\"@type\":\"BreadcrumbList\",\"@id\":\"https:\\\/\\\/liebke-foto.de\\\/maerkischeslicht\\\/cooles-hoffest-an-der-milchtankstelle-schwante\\\/#breadcrumb\",\"itemListElement\":[{\"@type\":\"ListItem\",\"position\":1,\"name\":\"Startseite\",\"item\":\"https:\\\/\\\/liebke-foto.de\\\/maerkischeslicht\\\/\"},{\"@type\":\"ListItem\",\"position\":2,\"name\":\"Cooles Hoffest an der Milchtankstelle Schwante\"}]},{\"@type\":\"WebSite\",\"@id\":\"https:\\\/\\\/liebke-foto.de\\\/maerkischeslicht\\\/#website\",\"url\":\"https:\\\/\\\/liebke-foto.de\\\/maerkischeslicht\\\/\",\"name\":\"M\u00e4rkisches Licht - Der Fotograf der Stille\",\"description\":\"Die Liebe zum Leben...\",\"publisher\":{\"@id\":\"https:\\\/\\\/liebke-foto.de\\\/maerkischeslicht\\\/#\\\/schema\\\/person\\\/d71108abc09a723daeeb8526a33137ee\"},\"potentialAction\":[{\"@type\":\"SearchAction\",\"target\":{\"@type\":\"EntryPoint\",\"urlTemplate\":\"https:\\\/\\\/liebke-foto.de\\\/maerkischeslicht\\\/?s={search_term_string}\"},\"query-input\":{\"@type\":\"PropertyValueSpecification\",\"valueRequired\":true,\"valueName\":\"search_term_string\"}}],\"inLanguage\":\"de\"},{\"@type\":[\"Person\",\"Organization\"],\"@id\":\"https:\\\/\\\/liebke-foto.de\\\/maerkischeslicht\\\/#\\\/schema\\\/person\\\/d71108abc09a723daeeb8526a33137ee\",\"name\":\"Frank Liebke\",\"image\":{\"@type\":\"ImageObject\",\"inLanguage\":\"de\",\"@id\":\"https:\\\/\\\/liebke-foto.de\\\/maerkischeslicht\\\/wp-content\\\/uploads\\\/2021\\\/12\\\/IMG-20211024-WA0001.jpg\",\"url\":\"https:\\\/\\\/liebke-foto.de\\\/maerkischeslicht\\\/wp-content\\\/uploads\\\/2021\\\/12\\\/IMG-20211024-WA0001.jpg\",\"contentUrl\":\"https:\\\/\\\/liebke-foto.de\\\/maerkischeslicht\\\/wp-content\\\/uploads\\\/2021\\\/12\\\/IMG-20211024-WA0001.jpg\",\"width\":900,\"height\":1600,\"caption\":\"Frank Liebke\"},\"logo\":{\"@id\":\"https:\\\/\\\/liebke-foto.de\\\/maerkischeslicht\\\/wp-content\\\/uploads\\\/2021\\\/12\\\/IMG-20211024-WA0001.jpg\"},\"sameAs\":[\"https:\\\/\\\/liebke-foto.de\"],\"url\":\"https:\\\/\\\/liebke-foto.de\\\/maerkischeslicht\\\/author\\\/adminuser\\\/\"}]}<\/script>\n<!-- \/ Yoast SEO plugin. -->","yoast_head_json":{"title":"Cooles Hoffest an der Milchtankstelle Schwante - M\u00e4rkisches Licht - Der Fotograf der Stille","description":"Cooles Hoffest an der Milchtankstelle Schwante","robots":{"index":"index","follow":"follow","max-snippet":"max-snippet:-1","max-image-preview":"max-image-preview:large","max-video-preview":"max-video-preview:-1"},"canonical":"https:\/\/liebke-foto.de\/maerkischeslicht\/cooles-hoffest-an-der-milchtankstelle-schwante\/","og_locale":"de_DE","og_type":"article","og_title":"Cooles Hoffest an der Milchtankstelle Schwante - M\u00e4rkisches Licht - Der Fotograf der Stille","og_description":"Cooles Hoffest an der Milchtankstelle Schwante","og_url":"https:\/\/liebke-foto.de\/maerkischeslicht\/cooles-hoffest-an-der-milchtankstelle-schwante\/","og_site_name":"M\u00e4rkisches Licht - Der Fotograf der Stille","article_published_time":"2014-04-07T10:05:59+00:00","article_modified_time":"2022-07-03T15:03:19+00:00","og_image":[{"width":1100,"height":734,"url":"https:\/\/liebke-foto.de\/maerkischeslicht\/wp-content\/uploads\/2014\/04\/023.jpg","type":"image\/jpeg"}],"author":"Frank Liebke","twitter_card":"summary_large_image","twitter_misc":{"Verfasst von":"Frank Liebke","Gesch\u00e4tzte Lesezeit":"11\u00a0Minuten"},"schema":{"@context":"https:\/\/schema.org","@graph":[{"@type":"Article","@id":"https:\/\/liebke-foto.de\/maerkischeslicht\/cooles-hoffest-an-der-milchtankstelle-schwante\/#article","isPartOf":{"@id":"https:\/\/liebke-foto.de\/maerkischeslicht\/cooles-hoffest-an-der-milchtankstelle-schwante\/"},"author":{"name":"Frank Liebke","@id":"https:\/\/liebke-foto.de\/maerkischeslicht\/#\/schema\/person\/d71108abc09a723daeeb8526a33137ee"},"headline":"Cooles Hoffest an der Milchtankstelle Schwante","datePublished":"2014-04-07T10:05:59+00:00","dateModified":"2022-07-03T15:03:19+00:00","mainEntityOfPage":{"@id":"https:\/\/liebke-foto.de\/maerkischeslicht\/cooles-hoffest-an-der-milchtankstelle-schwante\/"},"wordCount":539,"commentCount":0,"publisher":{"@id":"https:\/\/liebke-foto.de\/maerkischeslicht\/#\/schema\/person\/d71108abc09a723daeeb8526a33137ee"},"image":{"@id":"https:\/\/liebke-foto.de\/maerkischeslicht\/cooles-hoffest-an-der-milchtankstelle-schwante\/#primaryimage"},"thumbnailUrl":"https:\/\/liebke-foto.de\/maerkischeslicht\/wp-content\/uploads\/2014\/04\/023.jpg","articleSection":["Im Land Brandenburg unterwegs","LANDpartie, unterwegs in der Mark Brandenburg","Menschliches aus der Mark"],"inLanguage":"de","potentialAction":[{"@type":"CommentAction","name":"Comment","target":["https:\/\/liebke-foto.de\/maerkischeslicht\/cooles-hoffest-an-der-milchtankstelle-schwante\/#respond"]}]},{"@type":"WebPage","@id":"https:\/\/liebke-foto.de\/maerkischeslicht\/cooles-hoffest-an-der-milchtankstelle-schwante\/","url":"https:\/\/liebke-foto.de\/maerkischeslicht\/cooles-hoffest-an-der-milchtankstelle-schwante\/","name":"Cooles Hoffest an der Milchtankstelle Schwante - M\u00e4rkisches Licht - Der Fotograf der Stille","isPartOf":{"@id":"https:\/\/liebke-foto.de\/maerkischeslicht\/#website"},"primaryImageOfPage":{"@id":"https:\/\/liebke-foto.de\/maerkischeslicht\/cooles-hoffest-an-der-milchtankstelle-schwante\/#primaryimage"},"image":{"@id":"https:\/\/liebke-foto.de\/maerkischeslicht\/cooles-hoffest-an-der-milchtankstelle-schwante\/#primaryimage"},"thumbnailUrl":"https:\/\/liebke-foto.de\/maerkischeslicht\/wp-content\/uploads\/2014\/04\/023.jpg","datePublished":"2014-04-07T10:05:59+00:00","dateModified":"2022-07-03T15:03:19+00:00","description":"Cooles Hoffest an der Milchtankstelle Schwante","breadcrumb":{"@id":"https:\/\/liebke-foto.de\/maerkischeslicht\/cooles-hoffest-an-der-milchtankstelle-schwante\/#breadcrumb"},"inLanguage":"de","potentialAction":[{"@type":"ReadAction","target":["https:\/\/liebke-foto.de\/maerkischeslicht\/cooles-hoffest-an-der-milchtankstelle-schwante\/"]}]},{"@type":"ImageObject","inLanguage":"de","@id":"https:\/\/liebke-foto.de\/maerkischeslicht\/cooles-hoffest-an-der-milchtankstelle-schwante\/#primaryimage","url":"https:\/\/liebke-foto.de\/maerkischeslicht\/wp-content\/uploads\/2014\/04\/023.jpg","contentUrl":"https:\/\/liebke-foto.de\/maerkischeslicht\/wp-content\/uploads\/2014\/04\/023.jpg","width":1100,"height":734,"caption":"Bauernhof - Eis an der Milchtankstelle Vehlefanz \/ Oberhavel"},{"@type":"BreadcrumbList","@id":"https:\/\/liebke-foto.de\/maerkischeslicht\/cooles-hoffest-an-der-milchtankstelle-schwante\/#breadcrumb","itemListElement":[{"@type":"ListItem","position":1,"name":"Startseite","item":"https:\/\/liebke-foto.de\/maerkischeslicht\/"},{"@type":"ListItem","position":2,"name":"Cooles Hoffest an der Milchtankstelle Schwante"}]},{"@type":"WebSite","@id":"https:\/\/liebke-foto.de\/maerkischeslicht\/#website","url":"https:\/\/liebke-foto.de\/maerkischeslicht\/","name":"M\u00e4rkisches Licht - Der Fotograf der Stille","description":"Die Liebe zum Leben...","publisher":{"@id":"https:\/\/liebke-foto.de\/maerkischeslicht\/#\/schema\/person\/d71108abc09a723daeeb8526a33137ee"},"potentialAction":[{"@type":"SearchAction","target":{"@type":"EntryPoint","urlTemplate":"https:\/\/liebke-foto.de\/maerkischeslicht\/?s={search_term_string}"},"query-input":{"@type":"PropertyValueSpecification","valueRequired":true,"valueName":"search_term_string"}}],"inLanguage":"de"},{"@type":["Person","Organization"],"@id":"https:\/\/liebke-foto.de\/maerkischeslicht\/#\/schema\/person\/d71108abc09a723daeeb8526a33137ee","name":"Frank Liebke","image":{"@type":"ImageObject","inLanguage":"de","@id":"https:\/\/liebke-foto.de\/maerkischeslicht\/wp-content\/uploads\/2021\/12\/IMG-20211024-WA0001.jpg","url":"https:\/\/liebke-foto.de\/maerkischeslicht\/wp-content\/uploads\/2021\/12\/IMG-20211024-WA0001.jpg","contentUrl":"https:\/\/liebke-foto.de\/maerkischeslicht\/wp-content\/uploads\/2021\/12\/IMG-20211024-WA0001.jpg","width":900,"height":1600,"caption":"Frank Liebke"},"logo":{"@id":"https:\/\/liebke-foto.de\/maerkischeslicht\/wp-content\/uploads\/2021\/12\/IMG-20211024-WA0001.jpg"},"sameAs":["https:\/\/liebke-foto.de"],"url":"https:\/\/liebke-foto.de\/maerkischeslicht\/author\/adminuser\/"}]}},"_links":{"self":[{"href":"https:\/\/liebke-foto.de\/maerkischeslicht\/wp-json\/wp\/v2\/posts\/531","targetHints":{"allow":["GET"]}}],"collection":[{"href":"https:\/\/liebke-foto.de\/maerkischeslicht\/wp-json\/wp\/v2\/posts"}],"about":[{"href":"https:\/\/liebke-foto.de\/maerkischeslicht\/wp-json\/wp\/v2\/types\/post"}],"author":[{"embeddable":true,"href":"https:\/\/liebke-foto.de\/maerkischeslicht\/wp-json\/wp\/v2\/users\/1"}],"replies":[{"embeddable":true,"href":"https:\/\/liebke-foto.de\/maerkischeslicht\/wp-json\/wp\/v2\/comments?post=531"}],"version-history":[{"count":24,"href":"https:\/\/liebke-foto.de\/maerkischeslicht\/wp-json\/wp\/v2\/posts\/531\/revisions"}],"predecessor-version":[{"id":6016,"href":"https:\/\/liebke-foto.de\/maerkischeslicht\/wp-json\/wp\/v2\/posts\/531\/revisions\/6016"}],"wp:featuredmedia":[{"embeddable":true,"href":"https:\/\/liebke-foto.de\/maerkischeslicht\/wp-json\/wp\/v2\/media\/565"}],"wp:attachment":[{"href":"https:\/\/liebke-foto.de\/maerkischeslicht\/wp-json\/wp\/v2\/media?parent=531"}],"wp:term":[{"taxonomy":"category","embeddable":true,"href":"https:\/\/liebke-foto.de\/maerkischeslicht\/wp-json\/wp\/v2\/categories?post=531"},{"taxonomy":"post_tag","embeddable":true,"href":"https:\/\/liebke-foto.de\/maerkischeslicht\/wp-json\/wp\/v2\/tags?post=531"}],"curies":[{"name":"wp","href":"https:\/\/api.w.org\/{rel}","templated":true}]}}