{"id":5300,"date":"2021-12-31T16:56:57","date_gmt":"2021-12-31T14:56:57","guid":{"rendered":"https:\/\/liebke-foto.de\/maerkischeslicht\/?p=5300"},"modified":"2024-07-13T23:23:53","modified_gmt":"2024-07-13T21:23:53","slug":"mein-jahresrueckblick-2021","status":"publish","type":"post","link":"https:\/\/liebke-foto.de\/maerkischeslicht\/mein-jahresrueckblick-2021\/","title":{"rendered":"Mein Jahresr\u00fcckblick 2021"},"content":{"rendered":"<div class=\"wp-block-image\">\n<figure class=\"aligncenter size-full\"><a href=\"https:\/\/liebke-foto.de\/maerkischeslicht\/wp-content\/uploads\/2021\/12\/FZ23630_C1-1200x800-1.jpg\"><img loading=\"lazy\" decoding=\"async\" width=\"1200\" height=\"800\" src=\"https:\/\/liebke-foto.de\/maerkischeslicht\/wp-content\/uploads\/2021\/12\/FZ23630_C1-1200x800-1.jpg\" alt=\"\" class=\"wp-image-5339\" srcset=\"https:\/\/liebke-foto.de\/maerkischeslicht\/wp-content\/uploads\/2021\/12\/FZ23630_C1-1200x800-1.jpg 1200w, https:\/\/liebke-foto.de\/maerkischeslicht\/wp-content\/uploads\/2021\/12\/FZ23630_C1-1200x800-1-768x512.jpg 768w\" sizes=\"auto, (max-width: 1200px) 100vw, 1200px\" \/><\/a><figcaption class=\"wp-element-caption\">Seht oben, im Himmel \u00fcber der Havel in Krewelin. Peter hat uns seinen Segen gegeben.<\/figcaption><\/figure>\n<\/div>\n\n\n<h2 class=\"wp-block-heading has-text-align-center\">Eine Sammlung sch\u00f6nster Erlebnisse<\/h2>\n\n\n\n<p>Puuuhh, nun bin ich doch \u00fcberfordert! Um ehrlich zu sein, ich wollte schnell ein paar Bilder aus unseren Jahreserlebnissen zusammensuchen, ein paar nette Texte dazu, und fertig. Und dann? Ich komme von ein Erlebnis zum n\u00e4chsten und habe mich damit selbst vollkommen \u00fcberfordert eben. <\/p>\n\n\n\n<p>Dieses Jahr 2021 war \u00fcbervoll an sch\u00f6nsten Erlebnissen! Und immer sind dabei so viele Seelen-Bilder entstanden, dass es mir unm\u00f6glich ist, auch nur einen g\u00fcltigen Bruchteil davon hier in den Blog unterzubringen. <\/p>\n\n\n\n<p>Daraus allein k\u00f6nnte man ein sch\u00f6nes B\u00fcchlein, einen Bildband, herstellen und der w\u00fcrde sicher vielen Freude bereiten. Also, was tun? Alles nur ann\u00e4hernd machbare w\u00fcrde die L\u00e4nge des Blogs sprengen. Also erz\u00e4hle ich eine kleine Geschichte und erg\u00e4nze sie mit ein paar unserer Lieblingbilder.<\/p>\n\n\n\n<p>Patricia und ich haben uns durch Zufall und \u00fcber meine <a href=\"https:\/\/liebke-foto.de\/maerkischeslicht\/zu-gast-bei-den-elfen-und-kobolden-im-briesewald\/\" target=\"_blank\" rel=\"noreferrer noopener\">Kobolde im Briesetal<\/a> kennengelernt. Sie hatte sch\u00f6ne und aber auch schwere Zeiten hinter sich, ich auf andere Art ebenso. Bei allem was wir taten wollten wir eins unbedingt nicht mehr: Eine neue Beziehung. Und so habe ich sie einfach mal eingeladen, ihr MEIN Briesetal zu zeigen.<\/p>\n\n\n\n<h2 class=\"wp-block-heading has-text-align-center\">Sehr gern noch mehr aus unserem sch\u00f6nen Land, der Mark Brandenburg<\/h2>\n\n\n\n<p>Dabei merkten wir sehr schnell dass wir in vielen Dingen dieselbe Meinung und Lebenseinstellung vertraten. Und so wurde der Ausflugs-Dienstag ins Land ein fester sch\u00f6ner Termin, den wir immer mehr schon herbeisehnten. <\/p>\n\n\n\n<p>Daraus sind \u00fcbervoll ausgenutzte gemeinsame Zeiten geworden. Zum Genie\u00dfen bis in die tiefste Seele. Obwohl wir es ja nicht wollten, sind wir uns n\u00e4her gekommen und nun schon fast ein Jahr die Lebensfreudepartner.<\/p>\n\n\n\n<p>Ich bin oft in ihrem Zauberreich und Zaubergarten im Norden Berlins, wo sie ihre Kreativwerkstatt hat, in der sch\u00f6nste Romane entstehen, die im <a href=\"https:\/\/www.fischerverlage.de\/autor\/patricia-koelle-1007513\" target=\"_blank\" rel=\"noreferrer noopener\">Fischer-Verlag<\/a> dann hergestellt und den Weg zu ihren Lesern finden. <\/p>\n\n\n\n<p>Sehr erfolgreich \u00fcbrigens, oft in der Spiegel-Bestsellerliste ganz oben und viele haben schon mehrere Auflagen erlebt. Ein gutes Zeichen, dass sie damit das Herz ihrer Leserinnen und Leser erobert. Meins auch \ud83d\ude42 <\/p>\n\n\n\n<p>Gern wollte ich mal die Originalschaupl\u00e4tze an der Ostsee sehen. So haben wir immer mal ein paar Tage Arbeitsurlaub dort gemacht, wo sie recherchierte und ich meine Seelen- und Sehnsuchtsbilder sammeln konnte. <\/p>\n\n\n\n<p>Und nun ist der 31.Dezember 2021. Silvester. Wir sind beide nicht die Party-Typen, ist auch bei Introvertierten eher selten der Fall. Daf\u00fcr aber sehr kreativ, wobei wir uns gegenseitig noch befl\u00fcgeln. Jeder ist mit seinen Werken besch\u00e4ftigt, zwischendurch treffen wir uns zu einem Tee und einen Berliner dazu (wobei ich seit Kindheit diese runden, schmatzigen Dinger als Pfannkuchen kenne). <\/p>\n\n\n\n<p>Dazu noch ein kleines Zigarillo-Paffchen im Garten, bei den gegenw\u00e4rtigen 12\u00b0Celsius sehr angenehm. Wohlf\u00fchlsein \ud83d\ude42 <\/p>\n\n\n\n<p>Ich glaube ich hatte noch nie, oder sehr selten vor langer Zeit, ein so \u00fcbervolles, buntes, sch\u00f6nes Jahr. <\/p>\n\n\n\n<p>Patricias Mann, der Peter, den ich hier und da schon mal zitierte. War mit einer argen Krankheit belastet, die j\u00e4hrlich schlimmer wurde und weshalb die \u00c4rzte eine kurze Lebenserwartung diagnostizierten. <\/p>\n\n\n\n<p>Dessen Lebenseinstellung gibt mir so oft Kraft und Mut. Er scherte sich einen Deut um die Prognosen. Hatte eine liebende Frau an seiner Seite, die alles f\u00fcr ihn tat. Und hielt mehr als 20 Jahre durch. <\/p>\n\n\n\n<p>Ein Wunder? Sicher, irgendwie. Aber auch ein Zeichen, dass wenn man unbedingt leben will, das auch schafft. Schaffen kann. Klappt nicht immer, leider. Aber eben doch. Er ist nun schon ein paar Jahre nicht mehr unter uns, aber trotzdem ist er immer bei uns. Wie ein guter Geist. <\/p>\n\n\n\n<p>Anders kann ich mir das gar nicht vorstellen, dass unser Jahr so gl\u00fccklich und harmonisch, und viel zu schnell, verlief. Wir haben jede Minute tief genossen! Und ohne ein b\u00f6ses Wort, sowas hat bei uns gar keine Chance.<\/p>\n\n\n\n<p>Genau nach Peters Motto: &#8222;Jeder Tag ist ein Geschenk! Du musst es aber auch auspacken \ud83d\ude09 \ud83d\ude00 &#8222;. Ja, das haben wir getan. Es war ein \u00fcbervolles und gutes Jahr! Und im n\u00e4chsten Jahr soll es genau so weiter gehen. Jedes Geschenk wird ausgepackt und tief erlebt. <\/p>\n\n\n\n<p>Ich w\u00fcnsche Euch dass Ihr gut ins neue Jahr kommt. Vor allem gesund und fr\u00f6hlich. Denn fr\u00f6hlich sein ist auch eine Einstellung, wie ich erlebt habe. Seid lieb zueinander \ud83d\ude42<\/p>\n\n\n\n<p>Und nun noch ein paar Bilder aus diesem Jahr, ohne Wertung aber jedes mit sch\u00f6nsten Erinnerungen.<\/p>\n\n\n<div class=\"wp-block-image\">\n<figure class=\"aligncenter size-large\"><a href=\"https:\/\/liebke-foto.de\/maerkischeslicht\/wp-content\/uploads\/2021\/12\/FLZ3359_C1.jpg\"><img loading=\"lazy\" decoding=\"async\" width=\"1200\" height=\"800\" src=\"https:\/\/liebke-foto.de\/maerkischeslicht\/wp-content\/uploads\/2021\/12\/FLZ3359_C1-1200x800.jpg\" alt=\"\" class=\"wp-image-5315\" srcset=\"https:\/\/liebke-foto.de\/maerkischeslicht\/wp-content\/uploads\/2021\/12\/FLZ3359_C1-1200x800.jpg 1200w, https:\/\/liebke-foto.de\/maerkischeslicht\/wp-content\/uploads\/2021\/12\/FLZ3359_C1-768x512.jpg 768w, https:\/\/liebke-foto.de\/maerkischeslicht\/wp-content\/uploads\/2021\/12\/FLZ3359_C1.jpg 1300w\" sizes=\"auto, (max-width: 1200px) 100vw, 1200px\" \/><\/a><figcaption class=\"wp-element-caption\">Die Magie der Kobolde und Elfen im Briesetal hat einiges bewirkt \ud83d\ude09<\/figcaption><\/figure>\n<\/div>\n\n<div class=\"wp-block-image\">\n<figure class=\"aligncenter size-full\"><a href=\"https:\/\/liebke-foto.de\/maerkischeslicht\/wp-content\/uploads\/2021\/12\/FZ20750_C1-1200x800-1.jpg\"><img loading=\"lazy\" decoding=\"async\" width=\"1200\" height=\"800\" src=\"https:\/\/liebke-foto.de\/maerkischeslicht\/wp-content\/uploads\/2021\/12\/FZ20750_C1-1200x800-1.jpg\" alt=\"\" class=\"wp-image-5328\" srcset=\"https:\/\/liebke-foto.de\/maerkischeslicht\/wp-content\/uploads\/2021\/12\/FZ20750_C1-1200x800-1.jpg 1200w, https:\/\/liebke-foto.de\/maerkischeslicht\/wp-content\/uploads\/2021\/12\/FZ20750_C1-1200x800-1-768x512.jpg 768w\" sizes=\"auto, (max-width: 1200px) 100vw, 1200px\" \/><\/a><figcaption class=\"wp-element-caption\">Buschwindr\u00f6schen im Liebenberger Bruch<\/figcaption><\/figure>\n<\/div>\n\n<div class=\"wp-block-image\">\n<figure class=\"aligncenter size-large\"><a href=\"https:\/\/liebke-foto.de\/maerkischeslicht\/wp-content\/uploads\/2021\/12\/FLZ3629_C1.jpg\"><img loading=\"lazy\" decoding=\"async\" width=\"1235\" height=\"800\" src=\"https:\/\/liebke-foto.de\/maerkischeslicht\/wp-content\/uploads\/2021\/12\/FLZ3629_C1-1235x800.jpg\" alt=\"\" class=\"wp-image-5316\" srcset=\"https:\/\/liebke-foto.de\/maerkischeslicht\/wp-content\/uploads\/2021\/12\/FLZ3629_C1-1235x800.jpg 1235w, https:\/\/liebke-foto.de\/maerkischeslicht\/wp-content\/uploads\/2021\/12\/FLZ3629_C1-768x498.jpg 768w, https:\/\/liebke-foto.de\/maerkischeslicht\/wp-content\/uploads\/2021\/12\/FLZ3629_C1.jpg 1400w\" sizes=\"auto, (max-width: 1235px) 100vw, 1235px\" \/><\/a><figcaption class=\"wp-element-caption\">Kleine Auswahl von Patricia Koelles Romane im Fischer-Verlag<\/figcaption><\/figure>\n<\/div>\n\n<div class=\"wp-block-image\">\n<figure class=\"aligncenter size-full\"><a href=\"https:\/\/liebke-foto.de\/maerkischeslicht\/wp-content\/uploads\/2021\/12\/FLZ7264_C1.jpg\"><img loading=\"lazy\" decoding=\"async\" width=\"1300\" height=\"787\" src=\"https:\/\/liebke-foto.de\/maerkischeslicht\/wp-content\/uploads\/2021\/12\/FLZ7264_C1.jpg\" alt=\"\" class=\"wp-image-5322\" srcset=\"https:\/\/liebke-foto.de\/maerkischeslicht\/wp-content\/uploads\/2021\/12\/FLZ7264_C1.jpg 1300w, https:\/\/liebke-foto.de\/maerkischeslicht\/wp-content\/uploads\/2021\/12\/FLZ7264_C1-768x465.jpg 768w\" sizes=\"auto, (max-width: 1300px) 100vw, 1300px\" \/><\/a><figcaption class=\"wp-element-caption\">Erziehung von Jungschw\u00e4nen auf dem Tornow-See bei Boltenm\u00fchle<\/figcaption><\/figure>\n<\/div>\n\n<div class=\"wp-block-image\">\n<figure class=\"aligncenter size-full\"><a href=\"https:\/\/liebke-foto.de\/maerkischeslicht\/wp-content\/uploads\/2021\/12\/FZ21402_C1-1200x800-1.jpg\"><img loading=\"lazy\" decoding=\"async\" width=\"1200\" height=\"800\" src=\"https:\/\/liebke-foto.de\/maerkischeslicht\/wp-content\/uploads\/2021\/12\/FZ21402_C1-1200x800-1.jpg\" alt=\"\" class=\"wp-image-5330\" srcset=\"https:\/\/liebke-foto.de\/maerkischeslicht\/wp-content\/uploads\/2021\/12\/FZ21402_C1-1200x800-1.jpg 1200w, https:\/\/liebke-foto.de\/maerkischeslicht\/wp-content\/uploads\/2021\/12\/FZ21402_C1-1200x800-1-768x512.jpg 768w\" sizes=\"auto, (max-width: 1200px) 100vw, 1200px\" \/><\/a><figcaption class=\"wp-element-caption\">Pr\u00e4chtige Fr\u00fchlingsfarben mit Blick auf Vehlefanz<\/figcaption><\/figure>\n<\/div>\n\n<div class=\"wp-block-image\">\n<figure class=\"aligncenter size-full\"><a href=\"https:\/\/liebke-foto.de\/maerkischeslicht\/wp-content\/uploads\/2021\/12\/FZ21784_C1-1200x800-1.jpg\"><img loading=\"lazy\" decoding=\"async\" width=\"1200\" height=\"800\" src=\"https:\/\/liebke-foto.de\/maerkischeslicht\/wp-content\/uploads\/2021\/12\/FZ21784_C1-1200x800-1.jpg\" alt=\"\" class=\"wp-image-5332\" srcset=\"https:\/\/liebke-foto.de\/maerkischeslicht\/wp-content\/uploads\/2021\/12\/FZ21784_C1-1200x800-1.jpg 1200w, https:\/\/liebke-foto.de\/maerkischeslicht\/wp-content\/uploads\/2021\/12\/FZ21784_C1-1200x800-1-768x512.jpg 768w\" sizes=\"auto, (max-width: 1200px) 100vw, 1200px\" \/><\/a><figcaption class=\"wp-element-caption\">Kloster Chorin, ein Ort mit Geschichte(n)<\/figcaption><\/figure>\n<\/div>\n\n<div class=\"wp-block-image\">\n<figure class=\"aligncenter size-full\"><a href=\"https:\/\/liebke-foto.de\/maerkischeslicht\/wp-content\/uploads\/2021\/12\/FZ21988_C1-1200x800-1.jpg\"><img loading=\"lazy\" decoding=\"async\" width=\"1200\" height=\"800\" src=\"https:\/\/liebke-foto.de\/maerkischeslicht\/wp-content\/uploads\/2021\/12\/FZ21988_C1-1200x800-1.jpg\" alt=\"\" class=\"wp-image-5333\" srcset=\"https:\/\/liebke-foto.de\/maerkischeslicht\/wp-content\/uploads\/2021\/12\/FZ21988_C1-1200x800-1.jpg 1200w, https:\/\/liebke-foto.de\/maerkischeslicht\/wp-content\/uploads\/2021\/12\/FZ21988_C1-1200x800-1-768x512.jpg 768w\" sizes=\"auto, (max-width: 1200px) 100vw, 1200px\" \/><\/a><figcaption class=\"wp-element-caption\">Mohn gesucht, Raps gefunden. In einem Himmelstheater voller Dramatik<\/figcaption><\/figure>\n<\/div>\n\n<div class=\"wp-block-image\">\n<figure class=\"aligncenter size-full\"><a href=\"https:\/\/liebke-foto.de\/maerkischeslicht\/wp-content\/uploads\/2021\/12\/FZ22359_C1-1200x800-1.jpg\"><img loading=\"lazy\" decoding=\"async\" width=\"1200\" height=\"800\" src=\"https:\/\/liebke-foto.de\/maerkischeslicht\/wp-content\/uploads\/2021\/12\/FZ22359_C1-1200x800-1.jpg\" alt=\"\" class=\"wp-image-5334\" srcset=\"https:\/\/liebke-foto.de\/maerkischeslicht\/wp-content\/uploads\/2021\/12\/FZ22359_C1-1200x800-1.jpg 1200w, https:\/\/liebke-foto.de\/maerkischeslicht\/wp-content\/uploads\/2021\/12\/FZ22359_C1-1200x800-1-768x512.jpg 768w\" sizes=\"auto, (max-width: 1200px) 100vw, 1200px\" \/><\/a><figcaption class=\"wp-element-caption\">Mohn gefunden an der Havel bei Krewelin. Und eine Schwanenfamilie mit krassen Schwanenvater dazu \ud83d\ude00<\/figcaption><\/figure>\n<\/div>\n\n<div class=\"wp-block-image\">\n<figure class=\"aligncenter size-full\"><a href=\"https:\/\/liebke-foto.de\/maerkischeslicht\/wp-content\/uploads\/2021\/12\/FLZ0241_C1-1167x800-1.jpg\"><img loading=\"lazy\" decoding=\"async\" width=\"1167\" height=\"800\" src=\"https:\/\/liebke-foto.de\/maerkischeslicht\/wp-content\/uploads\/2021\/12\/FLZ0241_C1-1167x800-1.jpg\" alt=\"\" class=\"wp-image-5318\" srcset=\"https:\/\/liebke-foto.de\/maerkischeslicht\/wp-content\/uploads\/2021\/12\/FLZ0241_C1-1167x800-1.jpg 1167w, https:\/\/liebke-foto.de\/maerkischeslicht\/wp-content\/uploads\/2021\/12\/FLZ0241_C1-1167x800-1-768x526.jpg 768w\" sizes=\"auto, (max-width: 1167px) 100vw, 1167px\" \/><\/a><figcaption class=\"wp-element-caption\">Storchenf\u00fctterung in Boltenhof<\/figcaption><\/figure>\n<\/div>\n\n<div class=\"wp-block-image\">\n<figure class=\"aligncenter size-large\"><a href=\"https:\/\/liebke-foto.de\/maerkischeslicht\/wp-content\/uploads\/2021\/12\/FLZ5387_C1.jpg\"><img loading=\"lazy\" decoding=\"async\" width=\"1200\" height=\"800\" src=\"https:\/\/liebke-foto.de\/maerkischeslicht\/wp-content\/uploads\/2021\/12\/FLZ5387_C1-1200x800.jpg\" alt=\"\" class=\"wp-image-5310\" srcset=\"https:\/\/liebke-foto.de\/maerkischeslicht\/wp-content\/uploads\/2021\/12\/FLZ5387_C1-1200x800.jpg 1200w, https:\/\/liebke-foto.de\/maerkischeslicht\/wp-content\/uploads\/2021\/12\/FLZ5387_C1-768x512.jpg 768w, https:\/\/liebke-foto.de\/maerkischeslicht\/wp-content\/uploads\/2021\/12\/FLZ5387_C1.jpg 1300w\" sizes=\"auto, (max-width: 1200px) 100vw, 1200px\" \/><\/a><figcaption class=\"wp-element-caption\">Sonnenaufgang an der Ostsee in Sellin auf R\u00fcgen<\/figcaption><\/figure>\n<\/div>\n\n<div class=\"wp-block-image\">\n<figure class=\"aligncenter size-large\"><a href=\"https:\/\/liebke-foto.de\/maerkischeslicht\/wp-content\/uploads\/2021\/12\/FLZ2237_C1.jpg\"><img loading=\"lazy\" decoding=\"async\" width=\"1138\" height=\"800\" src=\"https:\/\/liebke-foto.de\/maerkischeslicht\/wp-content\/uploads\/2021\/12\/FLZ2237_C1-1138x800.jpg\" alt=\"\" class=\"wp-image-5313\" srcset=\"https:\/\/liebke-foto.de\/maerkischeslicht\/wp-content\/uploads\/2021\/12\/FLZ2237_C1-1138x800.jpg 1138w, https:\/\/liebke-foto.de\/maerkischeslicht\/wp-content\/uploads\/2021\/12\/FLZ2237_C1-768x540.jpg 768w, https:\/\/liebke-foto.de\/maerkischeslicht\/wp-content\/uploads\/2021\/12\/FLZ2237_C1.jpg 1300w\" sizes=\"auto, (max-width: 1138px) 100vw, 1138px\" \/><\/a><figcaption class=\"wp-element-caption\">So sah Fl\u00f6mer auf dem Steg die Zeesboote ein- und ausfahren. Welches Wort dazu wohl auf dem Steg geschrieben stand?<\/figcaption><\/figure>\n<\/div>\n\n<div class=\"wp-block-image\">\n<figure class=\"aligncenter size-large\"><a href=\"https:\/\/liebke-foto.de\/maerkischeslicht\/wp-content\/uploads\/2021\/12\/FZ20117_C1.jpg\"><img loading=\"lazy\" decoding=\"async\" width=\"1200\" height=\"800\" src=\"https:\/\/liebke-foto.de\/maerkischeslicht\/wp-content\/uploads\/2021\/12\/FZ20117_C1-1200x800.jpg\" alt=\"\" class=\"wp-image-5312\" srcset=\"https:\/\/liebke-foto.de\/maerkischeslicht\/wp-content\/uploads\/2021\/12\/FZ20117_C1-1200x800.jpg 1200w, https:\/\/liebke-foto.de\/maerkischeslicht\/wp-content\/uploads\/2021\/12\/FZ20117_C1-768x512.jpg 768w, https:\/\/liebke-foto.de\/maerkischeslicht\/wp-content\/uploads\/2021\/12\/FZ20117_C1.jpg 1300w\" sizes=\"auto, (max-width: 1200px) 100vw, 1200px\" \/><\/a><figcaption class=\"wp-element-caption\">Lichtzauber am Strand auf der Insel Poel<\/figcaption><\/figure>\n<\/div>\n\n<div class=\"wp-block-image\">\n<figure class=\"aligncenter size-large\"><a href=\"https:\/\/liebke-foto.de\/maerkischeslicht\/wp-content\/uploads\/2021\/12\/FLZ7175_C1.jpg\"><img loading=\"lazy\" decoding=\"async\" width=\"1200\" height=\"800\" src=\"https:\/\/liebke-foto.de\/maerkischeslicht\/wp-content\/uploads\/2021\/12\/FLZ7175_C1-1200x800.jpg\" alt=\"\" class=\"wp-image-5311\" srcset=\"https:\/\/liebke-foto.de\/maerkischeslicht\/wp-content\/uploads\/2021\/12\/FLZ7175_C1-1200x800.jpg 1200w, https:\/\/liebke-foto.de\/maerkischeslicht\/wp-content\/uploads\/2021\/12\/FLZ7175_C1-768x512.jpg 768w, https:\/\/liebke-foto.de\/maerkischeslicht\/wp-content\/uploads\/2021\/12\/FLZ7175_C1.jpg 1300w\" sizes=\"auto, (max-width: 1200px) 100vw, 1200px\" \/><\/a><figcaption class=\"wp-element-caption\">Aufgang des fast vollen Mondes \u00fcber der Insel Poel<\/figcaption><\/figure>\n<\/div>\n\n<div class=\"wp-block-image\">\n<figure class=\"aligncenter size-full\"><a href=\"https:\/\/liebke-foto.de\/maerkischeslicht\/wp-content\/uploads\/2021\/12\/FZ25463_C1-1200x800-1.jpg\"><img loading=\"lazy\" decoding=\"async\" width=\"1200\" height=\"800\" src=\"https:\/\/liebke-foto.de\/maerkischeslicht\/wp-content\/uploads\/2021\/12\/FZ25463_C1-1200x800-1.jpg\" alt=\"\" class=\"wp-image-5344\" srcset=\"https:\/\/liebke-foto.de\/maerkischeslicht\/wp-content\/uploads\/2021\/12\/FZ25463_C1-1200x800-1.jpg 1200w, https:\/\/liebke-foto.de\/maerkischeslicht\/wp-content\/uploads\/2021\/12\/FZ25463_C1-1200x800-1-768x512.jpg 768w\" sizes=\"auto, (max-width: 1200px) 100vw, 1200px\" \/><\/a><figcaption class=\"wp-element-caption\">Der Elbefluss in Brandenburg kurz vor D\u00f6mitz<\/figcaption><\/figure>\n<\/div>\n\n<div class=\"wp-block-image\">\n<figure class=\"aligncenter size-full\"><a href=\"https:\/\/liebke-foto.de\/maerkischeslicht\/wp-content\/uploads\/2021\/12\/FZ24896_C1-1200x800-1.jpg\"><img loading=\"lazy\" decoding=\"async\" width=\"1200\" height=\"800\" src=\"https:\/\/liebke-foto.de\/maerkischeslicht\/wp-content\/uploads\/2021\/12\/FZ24896_C1-1200x800-1.jpg\" alt=\"\" class=\"wp-image-5342\" srcset=\"https:\/\/liebke-foto.de\/maerkischeslicht\/wp-content\/uploads\/2021\/12\/FZ24896_C1-1200x800-1.jpg 1200w, https:\/\/liebke-foto.de\/maerkischeslicht\/wp-content\/uploads\/2021\/12\/FZ24896_C1-1200x800-1-768x512.jpg 768w\" sizes=\"auto, (max-width: 1200px) 100vw, 1200px\" \/><\/a><figcaption class=\"wp-element-caption\">Landhaus Elbeflair in der Lenzerwische hinterm Elbdeich<\/figcaption><\/figure>\n<\/div>\n\n<div class=\"wp-block-image\">\n<figure class=\"aligncenter size-full\"><a href=\"https:\/\/liebke-foto.de\/maerkischeslicht\/wp-content\/uploads\/2021\/12\/FZ25082_C1-1200x800-1.jpg\"><img loading=\"lazy\" decoding=\"async\" width=\"1200\" height=\"800\" src=\"https:\/\/liebke-foto.de\/maerkischeslicht\/wp-content\/uploads\/2021\/12\/FZ25082_C1-1200x800-1.jpg\" alt=\"\" class=\"wp-image-5343\" srcset=\"https:\/\/liebke-foto.de\/maerkischeslicht\/wp-content\/uploads\/2021\/12\/FZ25082_C1-1200x800-1.jpg 1200w, https:\/\/liebke-foto.de\/maerkischeslicht\/wp-content\/uploads\/2021\/12\/FZ25082_C1-1200x800-1-768x512.jpg 768w\" sizes=\"auto, (max-width: 1200px) 100vw, 1200px\" \/><\/a><figcaption class=\"wp-element-caption\">Die Binnend\u00fchne bei Klein Schm\u00f6len<\/figcaption><\/figure>\n<\/div>\n\n<div class=\"wp-block-image\">\n<figure class=\"aligncenter size-full\"><a href=\"https:\/\/liebke-foto.de\/maerkischeslicht\/wp-content\/uploads\/2021\/12\/Juli-1132x800-1.jpg\"><img loading=\"lazy\" decoding=\"async\" width=\"1132\" height=\"800\" src=\"https:\/\/liebke-foto.de\/maerkischeslicht\/wp-content\/uploads\/2021\/12\/Juli-1132x800-1.jpg\" alt=\"\" class=\"wp-image-5346\" srcset=\"https:\/\/liebke-foto.de\/maerkischeslicht\/wp-content\/uploads\/2021\/12\/Juli-1132x800-1.jpg 1132w, https:\/\/liebke-foto.de\/maerkischeslicht\/wp-content\/uploads\/2021\/12\/Juli-1132x800-1-768x543.jpg 768w\" sizes=\"auto, (max-width: 1132px) 100vw, 1132px\" \/><\/a><figcaption class=\"wp-element-caption\">Ein neuer A2-Kalender, hier das Motiv der Lenzerwische<\/figcaption><\/figure>\n<\/div>\n\n<div class=\"wp-block-image\">\n<figure class=\"aligncenter size-full\"><a href=\"https:\/\/liebke-foto.de\/maerkischeslicht\/wp-content\/uploads\/2021\/12\/FZ22874_C1-1200x800-1.jpg\"><img loading=\"lazy\" decoding=\"async\" width=\"1200\" height=\"800\" src=\"https:\/\/liebke-foto.de\/maerkischeslicht\/wp-content\/uploads\/2021\/12\/FZ22874_C1-1200x800-1.jpg\" alt=\"\" class=\"wp-image-5336\" srcset=\"https:\/\/liebke-foto.de\/maerkischeslicht\/wp-content\/uploads\/2021\/12\/FZ22874_C1-1200x800-1.jpg 1200w, https:\/\/liebke-foto.de\/maerkischeslicht\/wp-content\/uploads\/2021\/12\/FZ22874_C1-1200x800-1-768x512.jpg 768w\" sizes=\"auto, (max-width: 1200px) 100vw, 1200px\" \/><\/a><figcaption class=\"wp-element-caption\">Dezember, Vorweihnacht und Jahresausklang in L\u00fcbars in Nordberlin<\/figcaption><\/figure>\n<\/div>\n\n\n<div style=\"padding:20px\" class=\"wp-block-tnp-minimal\"><p>Subscribe to our newsletter!<\/p><div><div class=\"tnp tnp-subscription \">\n<form method=\"post\" action=\"https:\/\/liebke-foto.de\/maerkischeslicht\/wp-admin\/admin-ajax.php?action=tnp&amp;na=s\">\n<input type=\"hidden\" name=\"nlang\" value=\"\">\n<div class=\"tnp-field tnp-field-firstname\"><label for=\"tnp-1\">Vorname oder ganzer Name<\/label>\n<input class=\"tnp-name\" type=\"text\" name=\"nn\" id=\"tnp-1\" value=\"\" placeholder=\"\"><\/div>\n<div class=\"tnp-field tnp-field-email\"><label for=\"tnp-2\">Email<\/label>\n<input class=\"tnp-email\" type=\"email\" name=\"ne\" id=\"tnp-2\" value=\"\" placeholder=\"\" required><\/div>\n<div class=\"tnp-field tnp-privacy-field\"><label><input type=\"checkbox\" name=\"ny\" required class=\"tnp-privacy\"> Indem Du fortf\u00e4hrst, akzeptierst Du unsere Datenschutzerkl\u00e4rung.<\/label><\/div><div class=\"tnp-field tnp-field-button\" style=\"text-align: left\"><input class=\"tnp-submit\" type=\"submit\" value=\"Abonnieren\" style=\"\">\n<\/div>\n<\/form>\n<\/div>\n<\/div><\/div>\n\n\n\n\n","protected":false},"excerpt":{"rendered":"<p>Eine Sammlung sch\u00f6nster Erlebnisse Puuuhh, nun bin ich doch \u00fcberfordert! Um ehrlich zu sein, ich wollte schnell ein paar Bilder aus unseren Jahreserlebnissen&#8230;<\/p>\n","protected":false},"author":1,"featured_media":5310,"comment_status":"open","ping_status":"open","sticky":false,"template":"","format":"image","meta":{"footnotes":""},"categories":[11,10,141,174],"tags":[121,120,119,67,122,165],"class_list":["post-5300","post","type-post","status-publish","format-image","has-post-thumbnail","hentry","category-im-land-brandenburg-unterwegs","category-landschaft-mark-brandenburg-oberhavel-barnim","category-ostsee","category-reisen","tag-121","tag-jahresrueckblick","tag-jahresrueckblick-2021","tag-mark-brandenburg","tag-maerkisches-licht-2021","tag-patricia-koelle","post_format-post-format-image"],"yoast_head":"<!-- This site is optimized with the Yoast SEO plugin v27.4 - https:\/\/yoast.com\/product\/yoast-seo-wordpress\/ -->\n<title>Mein Jahresr\u00fcckblick 2021 - M\u00e4rkisches Licht - Der Fotograf der Stille<\/title>\n<meta name=\"description\" content=\"Mein Jahresr\u00fcckblick 2021. Eine Sammlung sch\u00f6nster Erlebnisse. Und immer sind dabei so viele Seelen-Bilder entstanden\" \/>\n<meta name=\"robots\" content=\"index, follow, max-snippet:-1, max-image-preview:large, max-video-preview:-1\" \/>\n<link rel=\"canonical\" href=\"https:\/\/liebke-foto.de\/maerkischeslicht\/mein-jahresrueckblick-2021\/\" \/>\n<meta property=\"og:locale\" content=\"de_DE\" \/>\n<meta property=\"og:type\" content=\"article\" \/>\n<meta property=\"og:title\" content=\"Mein Jahresr\u00fcckblick 2021 - M\u00e4rkisches Licht - Der Fotograf der Stille\" \/>\n<meta property=\"og:description\" content=\"Mein Jahresr\u00fcckblick 2021. Eine Sammlung sch\u00f6nster Erlebnisse. Und immer sind dabei so viele Seelen-Bilder entstanden\" \/>\n<meta property=\"og:url\" content=\"https:\/\/liebke-foto.de\/maerkischeslicht\/mein-jahresrueckblick-2021\/\" \/>\n<meta property=\"og:site_name\" content=\"M\u00e4rkisches Licht - Der Fotograf der Stille\" \/>\n<meta property=\"article:published_time\" content=\"2021-12-31T14:56:57+00:00\" \/>\n<meta property=\"article:modified_time\" content=\"2024-07-13T21:23:53+00:00\" \/>\n<meta property=\"og:image\" content=\"https:\/\/liebke-foto.de\/maerkischeslicht\/wp-content\/uploads\/2021\/12\/FLZ5387_C1.jpg\" \/>\n\t<meta property=\"og:image:width\" content=\"1300\" \/>\n\t<meta property=\"og:image:height\" content=\"867\" \/>\n\t<meta property=\"og:image:type\" content=\"image\/jpeg\" \/>\n<meta name=\"author\" content=\"Frank Liebke\" \/>\n<meta name=\"twitter:card\" content=\"summary_large_image\" \/>\n<meta name=\"twitter:label1\" content=\"Verfasst von\" \/>\n\t<meta name=\"twitter:data1\" content=\"Frank Liebke\" \/>\n\t<meta name=\"twitter:label2\" content=\"Gesch\u00e4tzte Lesezeit\" \/>\n\t<meta name=\"twitter:data2\" content=\"9\u00a0Minuten\" \/>\n<script type=\"application\/ld+json\" class=\"yoast-schema-graph\">{\"@context\":\"https:\\\/\\\/schema.org\",\"@graph\":[{\"@type\":\"Article\",\"@id\":\"https:\\\/\\\/liebke-foto.de\\\/maerkischeslicht\\\/mein-jahresrueckblick-2021\\\/#article\",\"isPartOf\":{\"@id\":\"https:\\\/\\\/liebke-foto.de\\\/maerkischeslicht\\\/mein-jahresrueckblick-2021\\\/\"},\"author\":{\"name\":\"Frank Liebke\",\"@id\":\"https:\\\/\\\/liebke-foto.de\\\/maerkischeslicht\\\/#\\\/schema\\\/person\\\/d71108abc09a723daeeb8526a33137ee\"},\"headline\":\"Mein Jahresr\u00fcckblick 2021\",\"datePublished\":\"2021-12-31T14:56:57+00:00\",\"dateModified\":\"2024-07-13T21:23:53+00:00\",\"mainEntityOfPage\":{\"@id\":\"https:\\\/\\\/liebke-foto.de\\\/maerkischeslicht\\\/mein-jahresrueckblick-2021\\\/\"},\"wordCount\":905,\"commentCount\":0,\"publisher\":{\"@id\":\"https:\\\/\\\/liebke-foto.de\\\/maerkischeslicht\\\/#\\\/schema\\\/person\\\/d71108abc09a723daeeb8526a33137ee\"},\"image\":{\"@id\":\"https:\\\/\\\/liebke-foto.de\\\/maerkischeslicht\\\/mein-jahresrueckblick-2021\\\/#primaryimage\"},\"thumbnailUrl\":\"https:\\\/\\\/liebke-foto.de\\\/maerkischeslicht\\\/wp-content\\\/uploads\\\/2021\\\/12\\\/FLZ5387_C1.jpg\",\"keywords\":[\"2021\",\"Jahresr\u00fcckblick\",\"Jahresr\u00fcckblick 2021\",\"Mark Brandenburg\",\"M\u00e4rkisches Licht 2021\",\"Patricia Koelle\"],\"articleSection\":[\"Im Land Brandenburg unterwegs\",\"Landschaft\",\"Ostsee\",\"Reisen\"],\"inLanguage\":\"de\",\"potentialAction\":[{\"@type\":\"CommentAction\",\"name\":\"Comment\",\"target\":[\"https:\\\/\\\/liebke-foto.de\\\/maerkischeslicht\\\/mein-jahresrueckblick-2021\\\/#respond\"]}]},{\"@type\":\"WebPage\",\"@id\":\"https:\\\/\\\/liebke-foto.de\\\/maerkischeslicht\\\/mein-jahresrueckblick-2021\\\/\",\"url\":\"https:\\\/\\\/liebke-foto.de\\\/maerkischeslicht\\\/mein-jahresrueckblick-2021\\\/\",\"name\":\"Mein Jahresr\u00fcckblick 2021 - M\u00e4rkisches Licht - Der Fotograf der Stille\",\"isPartOf\":{\"@id\":\"https:\\\/\\\/liebke-foto.de\\\/maerkischeslicht\\\/#website\"},\"primaryImageOfPage\":{\"@id\":\"https:\\\/\\\/liebke-foto.de\\\/maerkischeslicht\\\/mein-jahresrueckblick-2021\\\/#primaryimage\"},\"image\":{\"@id\":\"https:\\\/\\\/liebke-foto.de\\\/maerkischeslicht\\\/mein-jahresrueckblick-2021\\\/#primaryimage\"},\"thumbnailUrl\":\"https:\\\/\\\/liebke-foto.de\\\/maerkischeslicht\\\/wp-content\\\/uploads\\\/2021\\\/12\\\/FLZ5387_C1.jpg\",\"datePublished\":\"2021-12-31T14:56:57+00:00\",\"dateModified\":\"2024-07-13T21:23:53+00:00\",\"description\":\"Mein Jahresr\u00fcckblick 2021. Eine Sammlung sch\u00f6nster Erlebnisse. Und immer sind dabei so viele Seelen-Bilder entstanden\",\"breadcrumb\":{\"@id\":\"https:\\\/\\\/liebke-foto.de\\\/maerkischeslicht\\\/mein-jahresrueckblick-2021\\\/#breadcrumb\"},\"inLanguage\":\"de\",\"potentialAction\":[{\"@type\":\"ReadAction\",\"target\":[\"https:\\\/\\\/liebke-foto.de\\\/maerkischeslicht\\\/mein-jahresrueckblick-2021\\\/\"]}]},{\"@type\":\"ImageObject\",\"inLanguage\":\"de\",\"@id\":\"https:\\\/\\\/liebke-foto.de\\\/maerkischeslicht\\\/mein-jahresrueckblick-2021\\\/#primaryimage\",\"url\":\"https:\\\/\\\/liebke-foto.de\\\/maerkischeslicht\\\/wp-content\\\/uploads\\\/2021\\\/12\\\/FLZ5387_C1.jpg\",\"contentUrl\":\"https:\\\/\\\/liebke-foto.de\\\/maerkischeslicht\\\/wp-content\\\/uploads\\\/2021\\\/12\\\/FLZ5387_C1.jpg\",\"width\":1300,\"height\":867},{\"@type\":\"BreadcrumbList\",\"@id\":\"https:\\\/\\\/liebke-foto.de\\\/maerkischeslicht\\\/mein-jahresrueckblick-2021\\\/#breadcrumb\",\"itemListElement\":[{\"@type\":\"ListItem\",\"position\":1,\"name\":\"Startseite\",\"item\":\"https:\\\/\\\/liebke-foto.de\\\/maerkischeslicht\\\/\"},{\"@type\":\"ListItem\",\"position\":2,\"name\":\"Mein Jahresr\u00fcckblick 2021\"}]},{\"@type\":\"WebSite\",\"@id\":\"https:\\\/\\\/liebke-foto.de\\\/maerkischeslicht\\\/#website\",\"url\":\"https:\\\/\\\/liebke-foto.de\\\/maerkischeslicht\\\/\",\"name\":\"M\u00e4rkisches Licht - Der Fotograf der Stille\",\"description\":\"Die Liebe zum Leben...\",\"publisher\":{\"@id\":\"https:\\\/\\\/liebke-foto.de\\\/maerkischeslicht\\\/#\\\/schema\\\/person\\\/d71108abc09a723daeeb8526a33137ee\"},\"potentialAction\":[{\"@type\":\"SearchAction\",\"target\":{\"@type\":\"EntryPoint\",\"urlTemplate\":\"https:\\\/\\\/liebke-foto.de\\\/maerkischeslicht\\\/?s={search_term_string}\"},\"query-input\":{\"@type\":\"PropertyValueSpecification\",\"valueRequired\":true,\"valueName\":\"search_term_string\"}}],\"inLanguage\":\"de\"},{\"@type\":[\"Person\",\"Organization\"],\"@id\":\"https:\\\/\\\/liebke-foto.de\\\/maerkischeslicht\\\/#\\\/schema\\\/person\\\/d71108abc09a723daeeb8526a33137ee\",\"name\":\"Frank Liebke\",\"image\":{\"@type\":\"ImageObject\",\"inLanguage\":\"de\",\"@id\":\"https:\\\/\\\/liebke-foto.de\\\/maerkischeslicht\\\/wp-content\\\/uploads\\\/2021\\\/12\\\/IMG-20211024-WA0001.jpg\",\"url\":\"https:\\\/\\\/liebke-foto.de\\\/maerkischeslicht\\\/wp-content\\\/uploads\\\/2021\\\/12\\\/IMG-20211024-WA0001.jpg\",\"contentUrl\":\"https:\\\/\\\/liebke-foto.de\\\/maerkischeslicht\\\/wp-content\\\/uploads\\\/2021\\\/12\\\/IMG-20211024-WA0001.jpg\",\"width\":900,\"height\":1600,\"caption\":\"Frank Liebke\"},\"logo\":{\"@id\":\"https:\\\/\\\/liebke-foto.de\\\/maerkischeslicht\\\/wp-content\\\/uploads\\\/2021\\\/12\\\/IMG-20211024-WA0001.jpg\"},\"sameAs\":[\"https:\\\/\\\/liebke-foto.de\"],\"url\":\"https:\\\/\\\/liebke-foto.de\\\/maerkischeslicht\\\/author\\\/adminuser\\\/\"}]}<\/script>\n<!-- \/ Yoast SEO plugin. -->","yoast_head_json":{"title":"Mein Jahresr\u00fcckblick 2021 - M\u00e4rkisches Licht - Der Fotograf der Stille","description":"Mein Jahresr\u00fcckblick 2021. Eine Sammlung sch\u00f6nster Erlebnisse. Und immer sind dabei so viele Seelen-Bilder entstanden","robots":{"index":"index","follow":"follow","max-snippet":"max-snippet:-1","max-image-preview":"max-image-preview:large","max-video-preview":"max-video-preview:-1"},"canonical":"https:\/\/liebke-foto.de\/maerkischeslicht\/mein-jahresrueckblick-2021\/","og_locale":"de_DE","og_type":"article","og_title":"Mein Jahresr\u00fcckblick 2021 - M\u00e4rkisches Licht - Der Fotograf der Stille","og_description":"Mein Jahresr\u00fcckblick 2021. Eine Sammlung sch\u00f6nster Erlebnisse. Und immer sind dabei so viele Seelen-Bilder entstanden","og_url":"https:\/\/liebke-foto.de\/maerkischeslicht\/mein-jahresrueckblick-2021\/","og_site_name":"M\u00e4rkisches Licht - Der Fotograf der Stille","article_published_time":"2021-12-31T14:56:57+00:00","article_modified_time":"2024-07-13T21:23:53+00:00","og_image":[{"width":1300,"height":867,"url":"https:\/\/liebke-foto.de\/maerkischeslicht\/wp-content\/uploads\/2021\/12\/FLZ5387_C1.jpg","type":"image\/jpeg"}],"author":"Frank Liebke","twitter_card":"summary_large_image","twitter_misc":{"Verfasst von":"Frank Liebke","Gesch\u00e4tzte Lesezeit":"9\u00a0Minuten"},"schema":{"@context":"https:\/\/schema.org","@graph":[{"@type":"Article","@id":"https:\/\/liebke-foto.de\/maerkischeslicht\/mein-jahresrueckblick-2021\/#article","isPartOf":{"@id":"https:\/\/liebke-foto.de\/maerkischeslicht\/mein-jahresrueckblick-2021\/"},"author":{"name":"Frank Liebke","@id":"https:\/\/liebke-foto.de\/maerkischeslicht\/#\/schema\/person\/d71108abc09a723daeeb8526a33137ee"},"headline":"Mein Jahresr\u00fcckblick 2021","datePublished":"2021-12-31T14:56:57+00:00","dateModified":"2024-07-13T21:23:53+00:00","mainEntityOfPage":{"@id":"https:\/\/liebke-foto.de\/maerkischeslicht\/mein-jahresrueckblick-2021\/"},"wordCount":905,"commentCount":0,"publisher":{"@id":"https:\/\/liebke-foto.de\/maerkischeslicht\/#\/schema\/person\/d71108abc09a723daeeb8526a33137ee"},"image":{"@id":"https:\/\/liebke-foto.de\/maerkischeslicht\/mein-jahresrueckblick-2021\/#primaryimage"},"thumbnailUrl":"https:\/\/liebke-foto.de\/maerkischeslicht\/wp-content\/uploads\/2021\/12\/FLZ5387_C1.jpg","keywords":["2021","Jahresr\u00fcckblick","Jahresr\u00fcckblick 2021","Mark Brandenburg","M\u00e4rkisches Licht 2021","Patricia Koelle"],"articleSection":["Im Land Brandenburg unterwegs","Landschaft","Ostsee","Reisen"],"inLanguage":"de","potentialAction":[{"@type":"CommentAction","name":"Comment","target":["https:\/\/liebke-foto.de\/maerkischeslicht\/mein-jahresrueckblick-2021\/#respond"]}]},{"@type":"WebPage","@id":"https:\/\/liebke-foto.de\/maerkischeslicht\/mein-jahresrueckblick-2021\/","url":"https:\/\/liebke-foto.de\/maerkischeslicht\/mein-jahresrueckblick-2021\/","name":"Mein Jahresr\u00fcckblick 2021 - M\u00e4rkisches Licht - Der Fotograf der Stille","isPartOf":{"@id":"https:\/\/liebke-foto.de\/maerkischeslicht\/#website"},"primaryImageOfPage":{"@id":"https:\/\/liebke-foto.de\/maerkischeslicht\/mein-jahresrueckblick-2021\/#primaryimage"},"image":{"@id":"https:\/\/liebke-foto.de\/maerkischeslicht\/mein-jahresrueckblick-2021\/#primaryimage"},"thumbnailUrl":"https:\/\/liebke-foto.de\/maerkischeslicht\/wp-content\/uploads\/2021\/12\/FLZ5387_C1.jpg","datePublished":"2021-12-31T14:56:57+00:00","dateModified":"2024-07-13T21:23:53+00:00","description":"Mein Jahresr\u00fcckblick 2021. Eine Sammlung sch\u00f6nster Erlebnisse. Und immer sind dabei so viele Seelen-Bilder entstanden","breadcrumb":{"@id":"https:\/\/liebke-foto.de\/maerkischeslicht\/mein-jahresrueckblick-2021\/#breadcrumb"},"inLanguage":"de","potentialAction":[{"@type":"ReadAction","target":["https:\/\/liebke-foto.de\/maerkischeslicht\/mein-jahresrueckblick-2021\/"]}]},{"@type":"ImageObject","inLanguage":"de","@id":"https:\/\/liebke-foto.de\/maerkischeslicht\/mein-jahresrueckblick-2021\/#primaryimage","url":"https:\/\/liebke-foto.de\/maerkischeslicht\/wp-content\/uploads\/2021\/12\/FLZ5387_C1.jpg","contentUrl":"https:\/\/liebke-foto.de\/maerkischeslicht\/wp-content\/uploads\/2021\/12\/FLZ5387_C1.jpg","width":1300,"height":867},{"@type":"BreadcrumbList","@id":"https:\/\/liebke-foto.de\/maerkischeslicht\/mein-jahresrueckblick-2021\/#breadcrumb","itemListElement":[{"@type":"ListItem","position":1,"name":"Startseite","item":"https:\/\/liebke-foto.de\/maerkischeslicht\/"},{"@type":"ListItem","position":2,"name":"Mein Jahresr\u00fcckblick 2021"}]},{"@type":"WebSite","@id":"https:\/\/liebke-foto.de\/maerkischeslicht\/#website","url":"https:\/\/liebke-foto.de\/maerkischeslicht\/","name":"M\u00e4rkisches Licht - Der Fotograf der Stille","description":"Die Liebe zum Leben...","publisher":{"@id":"https:\/\/liebke-foto.de\/maerkischeslicht\/#\/schema\/person\/d71108abc09a723daeeb8526a33137ee"},"potentialAction":[{"@type":"SearchAction","target":{"@type":"EntryPoint","urlTemplate":"https:\/\/liebke-foto.de\/maerkischeslicht\/?s={search_term_string}"},"query-input":{"@type":"PropertyValueSpecification","valueRequired":true,"valueName":"search_term_string"}}],"inLanguage":"de"},{"@type":["Person","Organization"],"@id":"https:\/\/liebke-foto.de\/maerkischeslicht\/#\/schema\/person\/d71108abc09a723daeeb8526a33137ee","name":"Frank Liebke","image":{"@type":"ImageObject","inLanguage":"de","@id":"https:\/\/liebke-foto.de\/maerkischeslicht\/wp-content\/uploads\/2021\/12\/IMG-20211024-WA0001.jpg","url":"https:\/\/liebke-foto.de\/maerkischeslicht\/wp-content\/uploads\/2021\/12\/IMG-20211024-WA0001.jpg","contentUrl":"https:\/\/liebke-foto.de\/maerkischeslicht\/wp-content\/uploads\/2021\/12\/IMG-20211024-WA0001.jpg","width":900,"height":1600,"caption":"Frank Liebke"},"logo":{"@id":"https:\/\/liebke-foto.de\/maerkischeslicht\/wp-content\/uploads\/2021\/12\/IMG-20211024-WA0001.jpg"},"sameAs":["https:\/\/liebke-foto.de"],"url":"https:\/\/liebke-foto.de\/maerkischeslicht\/author\/adminuser\/"}]}},"_links":{"self":[{"href":"https:\/\/liebke-foto.de\/maerkischeslicht\/wp-json\/wp\/v2\/posts\/5300","targetHints":{"allow":["GET"]}}],"collection":[{"href":"https:\/\/liebke-foto.de\/maerkischeslicht\/wp-json\/wp\/v2\/posts"}],"about":[{"href":"https:\/\/liebke-foto.de\/maerkischeslicht\/wp-json\/wp\/v2\/types\/post"}],"author":[{"embeddable":true,"href":"https:\/\/liebke-foto.de\/maerkischeslicht\/wp-json\/wp\/v2\/users\/1"}],"replies":[{"embeddable":true,"href":"https:\/\/liebke-foto.de\/maerkischeslicht\/wp-json\/wp\/v2\/comments?post=5300"}],"version-history":[{"count":12,"href":"https:\/\/liebke-foto.de\/maerkischeslicht\/wp-json\/wp\/v2\/posts\/5300\/revisions"}],"predecessor-version":[{"id":8746,"href":"https:\/\/liebke-foto.de\/maerkischeslicht\/wp-json\/wp\/v2\/posts\/5300\/revisions\/8746"}],"wp:featuredmedia":[{"embeddable":true,"href":"https:\/\/liebke-foto.de\/maerkischeslicht\/wp-json\/wp\/v2\/media\/5310"}],"wp:attachment":[{"href":"https:\/\/liebke-foto.de\/maerkischeslicht\/wp-json\/wp\/v2\/media?parent=5300"}],"wp:term":[{"taxonomy":"category","embeddable":true,"href":"https:\/\/liebke-foto.de\/maerkischeslicht\/wp-json\/wp\/v2\/categories?post=5300"},{"taxonomy":"post_tag","embeddable":true,"href":"https:\/\/liebke-foto.de\/maerkischeslicht\/wp-json\/wp\/v2\/tags?post=5300"}],"curies":[{"name":"wp","href":"https:\/\/api.w.org\/{rel}","templated":true}]}}