{"id":4915,"date":"2021-10-10T16:08:41","date_gmt":"2021-10-10T14:08:41","guid":{"rendered":"https:\/\/liebke-foto.de\/maerkischeslicht\/?p=4915"},"modified":"2022-10-08T21:36:28","modified_gmt":"2022-10-08T19:36:28","slug":"gedanken-an-einem-sonntag","status":"publish","type":"post","link":"https:\/\/liebke-foto.de\/maerkischeslicht\/gedanken-an-einem-sonntag\/","title":{"rendered":"Gedanken an einem Sonntag"},"content":{"rendered":"<div class=\"wp-block-image\">\n<figure class=\"aligncenter size-large\"><a href=\"https:\/\/liebke-foto.de\/maerkischeslicht\/wp-content\/uploads\/2021\/10\/LIE1589_C1.jpg\"><img loading=\"lazy\" decoding=\"async\" width=\"1198\" height=\"800\" src=\"https:\/\/liebke-foto.de\/maerkischeslicht\/wp-content\/uploads\/2021\/10\/LIE1589_C1-1198x800.jpg\" alt=\"Herbstmorgen an den Karower Teichen\" class=\"wp-image-4916\" srcset=\"https:\/\/liebke-foto.de\/maerkischeslicht\/wp-content\/uploads\/2021\/10\/LIE1589_C1-1198x800.jpg 1198w, https:\/\/liebke-foto.de\/maerkischeslicht\/wp-content\/uploads\/2021\/10\/LIE1589_C1-768x513.jpg 768w, https:\/\/liebke-foto.de\/maerkischeslicht\/wp-content\/uploads\/2021\/10\/LIE1589_C1.jpg 1300w\" sizes=\"auto, (max-width: 1198px) 100vw, 1198px\" \/><\/a><figcaption>Herbstmorgen an den Karower Teichen<\/figcaption><\/figure>\n<\/div>\n\n\n<p>Heute will ich mal was loswerden. Ich bin ja auch auf anderen Blogs unterwegs und mache mir mitunter Gedanken dar\u00fcber, was dort so geschrieben steht. Viele sind voller Lebensfreude und Ideen, einige aber strotzen so vor Selbstmitleid und hadern unaufh\u00f6rlich mit allem was sie umgibt. Oft ist dabei die Gesundheit, vor allem die jeweils eigene, Thema Nummer eins. Klar, wir werden \u00e4lter, alle. Und damit einher kommen kleinere und gr\u00f6\u00dfere Wehwehchen. Mitunter auch Krankheiten, die sich mit den Jahren einschleppen, chronisch werden und dabei die Lebensqualit\u00e4t einschr\u00e4nken. <\/p>\n\n\n\n<p>Ja, ich k\u00f6nnte jeden Tag mit in den Chor der Jammerer einstimmen, hab in den letzten Jahren wirklich genug durchgemacht, sogar dem gewissen Gevatter nochmal von der Schippe gesprungen. Klar, ich k\u00f6nnte genug jammern \u00fcber alles was mir jeden Tag weh tut, was mir nicht gut geht usw. Aber, ohne Quatsch, wen interessiert es? Und ganz ehrlich, wenn ich auf die Seite eines kreativen Menschen gehe, will ich genau DAS lesen? Damit es mir noch schlechter geht und ich, Gott sei Dank!, erinnert werde an meine eigenen Leiden? <\/p>\n\n\n\n<p>Will ich nicht, und das wollen viele auch nicht. Zumal es jeden runterzieht, sogar mich, wenn ich das jeden Tag schreiben wollte. Denn damit besch\u00e4ftige ich mich dann jedes Mal aufs Neue mit diesen Problemen. N\u00f6, will ich nicht, basta. Will ich auch nicht lesen. Aber, ich will mit meinen Bildern anderen Mut und Hoffnung geben, an einem Tag ein kleines L\u00e4cheln aufs Gesicht zaubern von Jemanden, der wirklich gro\u00dfe Probleme mit sich tr\u00e4gt. Und die f\u00fcr einen Moment vergessen machen. <\/p>\n\n\n\n<p>Und das kann ich, vielleicht ist das ja sogar meine Mission. Vielleicht bin ich deshalb noch am Leben, um anderen Menschen Mut und Hoffnung zu geben. Ein sch\u00f6ner, nein, ein ganz fantastisch sch\u00f6ner Gedanke. Mit dem was ich gerne tue, was ich liebe, anderen zu helfen. Das motiviert jeden Tag aufs neue, da vergisst man alles nicht so sch\u00f6ne, da macht man was. Man verschenkt Liebe, Leben und Sch\u00f6nheit. Und bekommt daf\u00fcr Freude zur\u00fcck. Ein wunderbares Geschenk f\u00fcr mich. <\/p>\n\n\n\n<p><br \/>Ich habe durch etliche Erz\u00e4hlungen Kenntnis von einem starken Mann, f\u00fcr mich einen Helden, erhalten. Nennen wir ihn Peter. Er war gesundheitlich arg getroffen, ben\u00f6tigte einen Rollstuhl und viel Lebenshilfe von seiner liebenden Frau. Was sie ihm sehr gerne gab. Viele Jahre, jahrzehntelang. Dieser Peter h\u00e4tte nun sogar gute Gr\u00fcnde zu jammern gehabt und mit dem Leben im Zwist zu sein. Und genau der aber feierte jeden neuen Tag! <\/p>\n\n\n\n<p>Sein Motto: &#8222;Jeder Tag ist ein Geschenk! Man muss es aber auch auspacken! \ud83d\ude09 &#8220; Leben eben, das Beste draus machen. Wir k\u00f6nnen uns doch eigentlich so sehr dr\u00fcber freuen, dass wir jeden neuen Tag erleben d\u00fcrfen. Also sollte man auch jeden Tag mit guten Erlebnissen und Gedanken ausf\u00fcllen. <\/p>\n\n\n\n<p>Das ist mir Vorbild geworden, so versuche ich den Rest meines Lebens zu gestalten. Und das w\u00fcnsche ich Euch auch. Wenn auch mal was nicht so geht wie man es will oder fr\u00fcher gewohnt war, lebt hier und jetzt. Intensiv, und verschwendet keine Zeit. <\/p>\n\n\n\n<p>Ich w\u00fcnsch\u00b4 Euch was Gutes&#8230;<\/p>\n\n\n<div class=\"wp-block-image\">\n<figure class=\"aligncenter size-large\"><a href=\"https:\/\/liebke-foto.de\/maerkischeslicht\/wp-content\/uploads\/2021\/10\/FL81233_C1.jpg\"><img loading=\"lazy\" decoding=\"async\" width=\"1198\" height=\"800\" src=\"https:\/\/liebke-foto.de\/maerkischeslicht\/wp-content\/uploads\/2021\/10\/FL81233_C1-1198x800.jpg\" alt=\"Am Gro\u00df Schauener See, &quot;Sielmanns Naturlandschaften&quot;\" class=\"wp-image-4918\" srcset=\"https:\/\/liebke-foto.de\/maerkischeslicht\/wp-content\/uploads\/2021\/10\/FL81233_C1-1198x800.jpg 1198w, https:\/\/liebke-foto.de\/maerkischeslicht\/wp-content\/uploads\/2021\/10\/FL81233_C1-768x513.jpg 768w, https:\/\/liebke-foto.de\/maerkischeslicht\/wp-content\/uploads\/2021\/10\/FL81233_C1.jpg 1300w\" sizes=\"auto, (max-width: 1198px) 100vw, 1198px\" \/><\/a><figcaption>Jeder neue Tag ist ein Geschenk, aber Du musst es auch auspacken&#8230;<\/figcaption><\/figure>\n<\/div>\n\n\n<div style=\"padding:20px\" class=\"wp-block-tnp-minimal\"><p>Subscribe to our newsletter!<\/p><div><div class=\"tnp tnp-subscription \">\n<form method=\"post\" action=\"https:\/\/liebke-foto.de\/maerkischeslicht\/wp-admin\/admin-ajax.php?action=tnp&amp;na=s\">\n<input type=\"hidden\" name=\"nlang\" value=\"\">\n<div class=\"tnp-field tnp-field-firstname\"><label for=\"tnp-1\">Vorname oder ganzer Name<\/label>\n<input class=\"tnp-name\" type=\"text\" name=\"nn\" id=\"tnp-1\" value=\"\" placeholder=\"\"><\/div>\n<div class=\"tnp-field tnp-field-email\"><label for=\"tnp-2\">Email<\/label>\n<input class=\"tnp-email\" type=\"email\" name=\"ne\" id=\"tnp-2\" value=\"\" placeholder=\"\" required><\/div>\n<div class=\"tnp-field tnp-privacy-field\"><label><input type=\"checkbox\" name=\"ny\" required class=\"tnp-privacy\"> Indem Du fortf\u00e4hrst, akzeptierst Du unsere Datenschutzerkl\u00e4rung.<\/label><\/div><div class=\"tnp-field tnp-field-button\" style=\"text-align: left\"><input class=\"tnp-submit\" type=\"submit\" value=\"Abonnieren\" style=\"\">\n<\/div>\n<\/form>\n<\/div>\n<\/div><\/div>\n\n\n\n\n","protected":false},"excerpt":{"rendered":"<p>Heute will ich mal was loswerden. Ich bin ja auch auf anderen Blogs unterwegs und mache mir mitunter Gedanken dar\u00fcber, was dort so&#8230;<\/p>\n","protected":false},"author":1,"featured_media":4916,"comment_status":"open","ping_status":"open","sticky":false,"template":"","format":"image","meta":{"footnotes":""},"categories":[11,66,10,38,34],"tags":[76,75],"class_list":["post-4915","post","type-post","status-publish","format-image","has-post-thumbnail","hentry","category-im-land-brandenburg-unterwegs","category-landpartie","category-landschaft-mark-brandenburg-oberhavel-barnim","category-menschliches-aus-der-mark","category-naturpark-barnim","tag-gross-schauener-seen","tag-sielmanns-naturlandschaften","post_format-post-format-image"],"yoast_head":"<!-- This site is optimized with the Yoast SEO plugin v27.4 - https:\/\/yoast.com\/product\/yoast-seo-wordpress\/ -->\n<title>Gedanken an einem Sonntag - M\u00e4rkisches Licht - Der Fotograf der Stille<\/title>\n<meta name=\"description\" content=\"Gedanken an einem Sonntag, Ja, ich k\u00f6nnte jeden Tag mit in den Chor der Jammerer einstimmen, hab in den letzten Jahren wirklich genug durch\" \/>\n<meta name=\"robots\" content=\"index, follow, max-snippet:-1, max-image-preview:large, max-video-preview:-1\" \/>\n<link rel=\"canonical\" href=\"https:\/\/liebke-foto.de\/maerkischeslicht\/gedanken-an-einem-sonntag\/\" \/>\n<meta property=\"og:locale\" content=\"de_DE\" \/>\n<meta property=\"og:type\" content=\"article\" \/>\n<meta property=\"og:title\" content=\"Gedanken an einem Sonntag - M\u00e4rkisches Licht - Der Fotograf der Stille\" \/>\n<meta property=\"og:description\" content=\"Gedanken an einem Sonntag, Ja, ich k\u00f6nnte jeden Tag mit in den Chor der Jammerer einstimmen, hab in den letzten Jahren wirklich genug durch\" \/>\n<meta property=\"og:url\" content=\"https:\/\/liebke-foto.de\/maerkischeslicht\/gedanken-an-einem-sonntag\/\" \/>\n<meta property=\"og:site_name\" content=\"M\u00e4rkisches Licht - Der Fotograf der Stille\" \/>\n<meta property=\"article:published_time\" content=\"2021-10-10T14:08:41+00:00\" \/>\n<meta property=\"article:modified_time\" content=\"2022-10-08T19:36:28+00:00\" \/>\n<meta property=\"og:image\" content=\"https:\/\/liebke-foto.de\/maerkischeslicht\/wp-content\/uploads\/2021\/10\/LIE1589_C1.jpg\" \/>\n\t<meta property=\"og:image:width\" content=\"1300\" \/>\n\t<meta property=\"og:image:height\" content=\"868\" \/>\n\t<meta property=\"og:image:type\" content=\"image\/jpeg\" \/>\n<meta name=\"author\" content=\"Frank Liebke\" \/>\n<meta name=\"twitter:card\" content=\"summary_large_image\" \/>\n<meta name=\"twitter:label1\" content=\"Verfasst von\" \/>\n\t<meta name=\"twitter:data1\" content=\"Frank Liebke\" \/>\n\t<meta name=\"twitter:label2\" content=\"Gesch\u00e4tzte Lesezeit\" \/>\n\t<meta name=\"twitter:data2\" content=\"4\u00a0Minuten\" \/>\n<script type=\"application\/ld+json\" class=\"yoast-schema-graph\">{\"@context\":\"https:\\\/\\\/schema.org\",\"@graph\":[{\"@type\":\"Article\",\"@id\":\"https:\\\/\\\/liebke-foto.de\\\/maerkischeslicht\\\/gedanken-an-einem-sonntag\\\/#article\",\"isPartOf\":{\"@id\":\"https:\\\/\\\/liebke-foto.de\\\/maerkischeslicht\\\/gedanken-an-einem-sonntag\\\/\"},\"author\":{\"name\":\"Frank Liebke\",\"@id\":\"https:\\\/\\\/liebke-foto.de\\\/maerkischeslicht\\\/#\\\/schema\\\/person\\\/d71108abc09a723daeeb8526a33137ee\"},\"headline\":\"Gedanken an einem Sonntag\",\"datePublished\":\"2021-10-10T14:08:41+00:00\",\"dateModified\":\"2022-10-08T19:36:28+00:00\",\"mainEntityOfPage\":{\"@id\":\"https:\\\/\\\/liebke-foto.de\\\/maerkischeslicht\\\/gedanken-an-einem-sonntag\\\/\"},\"wordCount\":558,\"commentCount\":5,\"publisher\":{\"@id\":\"https:\\\/\\\/liebke-foto.de\\\/maerkischeslicht\\\/#\\\/schema\\\/person\\\/d71108abc09a723daeeb8526a33137ee\"},\"image\":{\"@id\":\"https:\\\/\\\/liebke-foto.de\\\/maerkischeslicht\\\/gedanken-an-einem-sonntag\\\/#primaryimage\"},\"thumbnailUrl\":\"https:\\\/\\\/liebke-foto.de\\\/maerkischeslicht\\\/wp-content\\\/uploads\\\/2021\\\/10\\\/LIE1589_C1.jpg\",\"keywords\":[\"Gro\u00df Schauener Seen\",\"Sielmanns Naturlandschaften\"],\"articleSection\":[\"Im Land Brandenburg unterwegs\",\"LANDpartie, unterwegs in der Mark Brandenburg\",\"Landschaft\",\"Menschliches aus der Mark\",\"Naturpark Barnim\"],\"inLanguage\":\"de\",\"potentialAction\":[{\"@type\":\"CommentAction\",\"name\":\"Comment\",\"target\":[\"https:\\\/\\\/liebke-foto.de\\\/maerkischeslicht\\\/gedanken-an-einem-sonntag\\\/#respond\"]}]},{\"@type\":\"WebPage\",\"@id\":\"https:\\\/\\\/liebke-foto.de\\\/maerkischeslicht\\\/gedanken-an-einem-sonntag\\\/\",\"url\":\"https:\\\/\\\/liebke-foto.de\\\/maerkischeslicht\\\/gedanken-an-einem-sonntag\\\/\",\"name\":\"Gedanken an einem Sonntag - M\u00e4rkisches Licht - Der Fotograf der Stille\",\"isPartOf\":{\"@id\":\"https:\\\/\\\/liebke-foto.de\\\/maerkischeslicht\\\/#website\"},\"primaryImageOfPage\":{\"@id\":\"https:\\\/\\\/liebke-foto.de\\\/maerkischeslicht\\\/gedanken-an-einem-sonntag\\\/#primaryimage\"},\"image\":{\"@id\":\"https:\\\/\\\/liebke-foto.de\\\/maerkischeslicht\\\/gedanken-an-einem-sonntag\\\/#primaryimage\"},\"thumbnailUrl\":\"https:\\\/\\\/liebke-foto.de\\\/maerkischeslicht\\\/wp-content\\\/uploads\\\/2021\\\/10\\\/LIE1589_C1.jpg\",\"datePublished\":\"2021-10-10T14:08:41+00:00\",\"dateModified\":\"2022-10-08T19:36:28+00:00\",\"description\":\"Gedanken an einem Sonntag, Ja, ich k\u00f6nnte jeden Tag mit in den Chor der Jammerer einstimmen, hab in den letzten Jahren wirklich genug durch\",\"breadcrumb\":{\"@id\":\"https:\\\/\\\/liebke-foto.de\\\/maerkischeslicht\\\/gedanken-an-einem-sonntag\\\/#breadcrumb\"},\"inLanguage\":\"de\",\"potentialAction\":[{\"@type\":\"ReadAction\",\"target\":[\"https:\\\/\\\/liebke-foto.de\\\/maerkischeslicht\\\/gedanken-an-einem-sonntag\\\/\"]}]},{\"@type\":\"ImageObject\",\"inLanguage\":\"de\",\"@id\":\"https:\\\/\\\/liebke-foto.de\\\/maerkischeslicht\\\/gedanken-an-einem-sonntag\\\/#primaryimage\",\"url\":\"https:\\\/\\\/liebke-foto.de\\\/maerkischeslicht\\\/wp-content\\\/uploads\\\/2021\\\/10\\\/LIE1589_C1.jpg\",\"contentUrl\":\"https:\\\/\\\/liebke-foto.de\\\/maerkischeslicht\\\/wp-content\\\/uploads\\\/2021\\\/10\\\/LIE1589_C1.jpg\",\"width\":1300,\"height\":868,\"caption\":\"Herbstmorgen an den Karower teichen im Naturpark Barnim\"},{\"@type\":\"BreadcrumbList\",\"@id\":\"https:\\\/\\\/liebke-foto.de\\\/maerkischeslicht\\\/gedanken-an-einem-sonntag\\\/#breadcrumb\",\"itemListElement\":[{\"@type\":\"ListItem\",\"position\":1,\"name\":\"Startseite\",\"item\":\"https:\\\/\\\/liebke-foto.de\\\/maerkischeslicht\\\/\"},{\"@type\":\"ListItem\",\"position\":2,\"name\":\"Gedanken an einem Sonntag\"}]},{\"@type\":\"WebSite\",\"@id\":\"https:\\\/\\\/liebke-foto.de\\\/maerkischeslicht\\\/#website\",\"url\":\"https:\\\/\\\/liebke-foto.de\\\/maerkischeslicht\\\/\",\"name\":\"M\u00e4rkisches Licht - Der Fotograf der Stille\",\"description\":\"Die Liebe zum Leben...\",\"publisher\":{\"@id\":\"https:\\\/\\\/liebke-foto.de\\\/maerkischeslicht\\\/#\\\/schema\\\/person\\\/d71108abc09a723daeeb8526a33137ee\"},\"potentialAction\":[{\"@type\":\"SearchAction\",\"target\":{\"@type\":\"EntryPoint\",\"urlTemplate\":\"https:\\\/\\\/liebke-foto.de\\\/maerkischeslicht\\\/?s={search_term_string}\"},\"query-input\":{\"@type\":\"PropertyValueSpecification\",\"valueRequired\":true,\"valueName\":\"search_term_string\"}}],\"inLanguage\":\"de\"},{\"@type\":[\"Person\",\"Organization\"],\"@id\":\"https:\\\/\\\/liebke-foto.de\\\/maerkischeslicht\\\/#\\\/schema\\\/person\\\/d71108abc09a723daeeb8526a33137ee\",\"name\":\"Frank Liebke\",\"image\":{\"@type\":\"ImageObject\",\"inLanguage\":\"de\",\"@id\":\"https:\\\/\\\/liebke-foto.de\\\/maerkischeslicht\\\/wp-content\\\/uploads\\\/2021\\\/12\\\/IMG-20211024-WA0001.jpg\",\"url\":\"https:\\\/\\\/liebke-foto.de\\\/maerkischeslicht\\\/wp-content\\\/uploads\\\/2021\\\/12\\\/IMG-20211024-WA0001.jpg\",\"contentUrl\":\"https:\\\/\\\/liebke-foto.de\\\/maerkischeslicht\\\/wp-content\\\/uploads\\\/2021\\\/12\\\/IMG-20211024-WA0001.jpg\",\"width\":900,\"height\":1600,\"caption\":\"Frank Liebke\"},\"logo\":{\"@id\":\"https:\\\/\\\/liebke-foto.de\\\/maerkischeslicht\\\/wp-content\\\/uploads\\\/2021\\\/12\\\/IMG-20211024-WA0001.jpg\"},\"sameAs\":[\"https:\\\/\\\/liebke-foto.de\"],\"url\":\"https:\\\/\\\/liebke-foto.de\\\/maerkischeslicht\\\/author\\\/adminuser\\\/\"}]}<\/script>\n<!-- \/ Yoast SEO plugin. -->","yoast_head_json":{"title":"Gedanken an einem Sonntag - M\u00e4rkisches Licht - Der Fotograf der Stille","description":"Gedanken an einem Sonntag, Ja, ich k\u00f6nnte jeden Tag mit in den Chor der Jammerer einstimmen, hab in den letzten Jahren wirklich genug durch","robots":{"index":"index","follow":"follow","max-snippet":"max-snippet:-1","max-image-preview":"max-image-preview:large","max-video-preview":"max-video-preview:-1"},"canonical":"https:\/\/liebke-foto.de\/maerkischeslicht\/gedanken-an-einem-sonntag\/","og_locale":"de_DE","og_type":"article","og_title":"Gedanken an einem Sonntag - M\u00e4rkisches Licht - Der Fotograf der Stille","og_description":"Gedanken an einem Sonntag, Ja, ich k\u00f6nnte jeden Tag mit in den Chor der Jammerer einstimmen, hab in den letzten Jahren wirklich genug durch","og_url":"https:\/\/liebke-foto.de\/maerkischeslicht\/gedanken-an-einem-sonntag\/","og_site_name":"M\u00e4rkisches Licht - Der Fotograf der Stille","article_published_time":"2021-10-10T14:08:41+00:00","article_modified_time":"2022-10-08T19:36:28+00:00","og_image":[{"width":1300,"height":868,"url":"https:\/\/liebke-foto.de\/maerkischeslicht\/wp-content\/uploads\/2021\/10\/LIE1589_C1.jpg","type":"image\/jpeg"}],"author":"Frank Liebke","twitter_card":"summary_large_image","twitter_misc":{"Verfasst von":"Frank Liebke","Gesch\u00e4tzte Lesezeit":"4\u00a0Minuten"},"schema":{"@context":"https:\/\/schema.org","@graph":[{"@type":"Article","@id":"https:\/\/liebke-foto.de\/maerkischeslicht\/gedanken-an-einem-sonntag\/#article","isPartOf":{"@id":"https:\/\/liebke-foto.de\/maerkischeslicht\/gedanken-an-einem-sonntag\/"},"author":{"name":"Frank Liebke","@id":"https:\/\/liebke-foto.de\/maerkischeslicht\/#\/schema\/person\/d71108abc09a723daeeb8526a33137ee"},"headline":"Gedanken an einem Sonntag","datePublished":"2021-10-10T14:08:41+00:00","dateModified":"2022-10-08T19:36:28+00:00","mainEntityOfPage":{"@id":"https:\/\/liebke-foto.de\/maerkischeslicht\/gedanken-an-einem-sonntag\/"},"wordCount":558,"commentCount":5,"publisher":{"@id":"https:\/\/liebke-foto.de\/maerkischeslicht\/#\/schema\/person\/d71108abc09a723daeeb8526a33137ee"},"image":{"@id":"https:\/\/liebke-foto.de\/maerkischeslicht\/gedanken-an-einem-sonntag\/#primaryimage"},"thumbnailUrl":"https:\/\/liebke-foto.de\/maerkischeslicht\/wp-content\/uploads\/2021\/10\/LIE1589_C1.jpg","keywords":["Gro\u00df Schauener Seen","Sielmanns Naturlandschaften"],"articleSection":["Im Land Brandenburg unterwegs","LANDpartie, unterwegs in der Mark Brandenburg","Landschaft","Menschliches aus der Mark","Naturpark Barnim"],"inLanguage":"de","potentialAction":[{"@type":"CommentAction","name":"Comment","target":["https:\/\/liebke-foto.de\/maerkischeslicht\/gedanken-an-einem-sonntag\/#respond"]}]},{"@type":"WebPage","@id":"https:\/\/liebke-foto.de\/maerkischeslicht\/gedanken-an-einem-sonntag\/","url":"https:\/\/liebke-foto.de\/maerkischeslicht\/gedanken-an-einem-sonntag\/","name":"Gedanken an einem Sonntag - M\u00e4rkisches Licht - Der Fotograf der Stille","isPartOf":{"@id":"https:\/\/liebke-foto.de\/maerkischeslicht\/#website"},"primaryImageOfPage":{"@id":"https:\/\/liebke-foto.de\/maerkischeslicht\/gedanken-an-einem-sonntag\/#primaryimage"},"image":{"@id":"https:\/\/liebke-foto.de\/maerkischeslicht\/gedanken-an-einem-sonntag\/#primaryimage"},"thumbnailUrl":"https:\/\/liebke-foto.de\/maerkischeslicht\/wp-content\/uploads\/2021\/10\/LIE1589_C1.jpg","datePublished":"2021-10-10T14:08:41+00:00","dateModified":"2022-10-08T19:36:28+00:00","description":"Gedanken an einem Sonntag, Ja, ich k\u00f6nnte jeden Tag mit in den Chor der Jammerer einstimmen, hab in den letzten Jahren wirklich genug durch","breadcrumb":{"@id":"https:\/\/liebke-foto.de\/maerkischeslicht\/gedanken-an-einem-sonntag\/#breadcrumb"},"inLanguage":"de","potentialAction":[{"@type":"ReadAction","target":["https:\/\/liebke-foto.de\/maerkischeslicht\/gedanken-an-einem-sonntag\/"]}]},{"@type":"ImageObject","inLanguage":"de","@id":"https:\/\/liebke-foto.de\/maerkischeslicht\/gedanken-an-einem-sonntag\/#primaryimage","url":"https:\/\/liebke-foto.de\/maerkischeslicht\/wp-content\/uploads\/2021\/10\/LIE1589_C1.jpg","contentUrl":"https:\/\/liebke-foto.de\/maerkischeslicht\/wp-content\/uploads\/2021\/10\/LIE1589_C1.jpg","width":1300,"height":868,"caption":"Herbstmorgen an den Karower teichen im Naturpark Barnim"},{"@type":"BreadcrumbList","@id":"https:\/\/liebke-foto.de\/maerkischeslicht\/gedanken-an-einem-sonntag\/#breadcrumb","itemListElement":[{"@type":"ListItem","position":1,"name":"Startseite","item":"https:\/\/liebke-foto.de\/maerkischeslicht\/"},{"@type":"ListItem","position":2,"name":"Gedanken an einem Sonntag"}]},{"@type":"WebSite","@id":"https:\/\/liebke-foto.de\/maerkischeslicht\/#website","url":"https:\/\/liebke-foto.de\/maerkischeslicht\/","name":"M\u00e4rkisches Licht - Der Fotograf der Stille","description":"Die Liebe zum Leben...","publisher":{"@id":"https:\/\/liebke-foto.de\/maerkischeslicht\/#\/schema\/person\/d71108abc09a723daeeb8526a33137ee"},"potentialAction":[{"@type":"SearchAction","target":{"@type":"EntryPoint","urlTemplate":"https:\/\/liebke-foto.de\/maerkischeslicht\/?s={search_term_string}"},"query-input":{"@type":"PropertyValueSpecification","valueRequired":true,"valueName":"search_term_string"}}],"inLanguage":"de"},{"@type":["Person","Organization"],"@id":"https:\/\/liebke-foto.de\/maerkischeslicht\/#\/schema\/person\/d71108abc09a723daeeb8526a33137ee","name":"Frank Liebke","image":{"@type":"ImageObject","inLanguage":"de","@id":"https:\/\/liebke-foto.de\/maerkischeslicht\/wp-content\/uploads\/2021\/12\/IMG-20211024-WA0001.jpg","url":"https:\/\/liebke-foto.de\/maerkischeslicht\/wp-content\/uploads\/2021\/12\/IMG-20211024-WA0001.jpg","contentUrl":"https:\/\/liebke-foto.de\/maerkischeslicht\/wp-content\/uploads\/2021\/12\/IMG-20211024-WA0001.jpg","width":900,"height":1600,"caption":"Frank Liebke"},"logo":{"@id":"https:\/\/liebke-foto.de\/maerkischeslicht\/wp-content\/uploads\/2021\/12\/IMG-20211024-WA0001.jpg"},"sameAs":["https:\/\/liebke-foto.de"],"url":"https:\/\/liebke-foto.de\/maerkischeslicht\/author\/adminuser\/"}]}},"_links":{"self":[{"href":"https:\/\/liebke-foto.de\/maerkischeslicht\/wp-json\/wp\/v2\/posts\/4915","targetHints":{"allow":["GET"]}}],"collection":[{"href":"https:\/\/liebke-foto.de\/maerkischeslicht\/wp-json\/wp\/v2\/posts"}],"about":[{"href":"https:\/\/liebke-foto.de\/maerkischeslicht\/wp-json\/wp\/v2\/types\/post"}],"author":[{"embeddable":true,"href":"https:\/\/liebke-foto.de\/maerkischeslicht\/wp-json\/wp\/v2\/users\/1"}],"replies":[{"embeddable":true,"href":"https:\/\/liebke-foto.de\/maerkischeslicht\/wp-json\/wp\/v2\/comments?post=4915"}],"version-history":[{"count":10,"href":"https:\/\/liebke-foto.de\/maerkischeslicht\/wp-json\/wp\/v2\/posts\/4915\/revisions"}],"predecessor-version":[{"id":6566,"href":"https:\/\/liebke-foto.de\/maerkischeslicht\/wp-json\/wp\/v2\/posts\/4915\/revisions\/6566"}],"wp:featuredmedia":[{"embeddable":true,"href":"https:\/\/liebke-foto.de\/maerkischeslicht\/wp-json\/wp\/v2\/media\/4916"}],"wp:attachment":[{"href":"https:\/\/liebke-foto.de\/maerkischeslicht\/wp-json\/wp\/v2\/media?parent=4915"}],"wp:term":[{"taxonomy":"category","embeddable":true,"href":"https:\/\/liebke-foto.de\/maerkischeslicht\/wp-json\/wp\/v2\/categories?post=4915"},{"taxonomy":"post_tag","embeddable":true,"href":"https:\/\/liebke-foto.de\/maerkischeslicht\/wp-json\/wp\/v2\/tags?post=4915"}],"curies":[{"name":"wp","href":"https:\/\/api.w.org\/{rel}","templated":true}]}}