{"id":4779,"date":"2021-09-27T21:11:06","date_gmt":"2021-09-27T19:11:06","guid":{"rendered":"https:\/\/liebke-foto.de\/maerkischeslicht\/?p=4779"},"modified":"2022-10-08T22:20:43","modified_gmt":"2022-10-08T20:20:43","slug":"eichwerder-moorwiesen-im-fruehherbst","status":"publish","type":"post","link":"https:\/\/liebke-foto.de\/maerkischeslicht\/eichwerder-moorwiesen-im-fruehherbst\/","title":{"rendered":"Eichwerder Moorwiesen im Fr\u00fchherbst"},"content":{"rendered":"<div class=\"wp-block-image\">\n<figure class=\"aligncenter size-large\"><a href=\"https:\/\/liebke-foto.de\/maerkischeslicht\/wp-content\/uploads\/2021\/09\/FZ27877_C1.jpg\"><img loading=\"lazy\" decoding=\"async\" width=\"1200\" height=\"800\" src=\"https:\/\/liebke-foto.de\/maerkischeslicht\/wp-content\/uploads\/2021\/09\/FZ27877_C1-1200x800.jpg\" alt=\"Fr\u00fchherbst in den Eichwerder Moorwiesen im Naturpark Barnim.\" class=\"wp-image-4811\" srcset=\"https:\/\/liebke-foto.de\/maerkischeslicht\/wp-content\/uploads\/2021\/09\/FZ27877_C1-1200x800.jpg 1200w, https:\/\/liebke-foto.de\/maerkischeslicht\/wp-content\/uploads\/2021\/09\/FZ27877_C1-768x512.jpg 768w, https:\/\/liebke-foto.de\/maerkischeslicht\/wp-content\/uploads\/2021\/09\/FZ27877_C1.jpg 1300w\" sizes=\"auto, (max-width: 1200px) 100vw, 1200px\" \/><\/a><figcaption>Langsam beginnt in den Eichwerder Moorwiesen der Herbst.<\/figcaption><\/figure>\n<\/div>\n\n\n<p>Ein neuer Besuch der Eichwerder Moorwiesen soll es sein. Es ist schon wieder Herbst. F\u00fcr mich eine Jahreszeit der Gegens\u00e4tze mit einem \u00dcberschwang an Gef\u00fchlen. Aber positiv. Leider gibt es f\u00fcr manche Leute diese gar nicht. Herbst = Winter! N\u00f6, das nun aber nicht. Und wer so denkt, tut mir irgendwie leid, denn ich finde, jede Jahreszeit h\u00e4lt so viele und sch\u00f6ne \u00dcberraschungen f\u00fcr jeden bereit. Wenn er denn in der Lage ist, sie auch zu sehen. Aber gerade der Herbst ist doch nochmal ein kr\u00e4ftiger Accord der Natur, durchwoben mit einer Farbenpracht, an der ich mich jedes Jahr aufs Neue berauschen lasse. In diesem Jahr nun dazu sogar mit einem lieben Menschen an der Seite, der fast in allem genau wie ich f\u00fchlt. Gibt es denn mehr Gl\u00fcck? Ich f\u00fchle mich jedenfalls t\u00e4glich reichlich beschenkt. <\/p>\n\n\n\n<p>In meiner &#8222;Arbeit&#8220; als Natur- und Landschaftsfotograf bin ich auch vielen Einfl\u00fcssen von Kollegen ausgesetzt. Wobei ich nach langen Jahren der Erfahrungen nur noch Einfl\u00fcsse wirklich guter Kollegen zulasse. Da komme ich oft ins Gr\u00fcbeln und schaue gern mal in meine Bibliothek, in der ein paar Sch\u00e4tze in Form von Bildb\u00e4nden schlummern. Waren das noch vor etlichen Jahren recht viele, hat sich die Anzahl doch bis zur Gegenwart stark verringert. Nun sind da nur noch die f\u00fcr mich wirklich zeitlos guten B\u00fccher im Regal, alles was mir nichts mehr gibt, habe ich verschenkt oder entsorgt. Eine verr\u00fcckte Entwicklung. <\/p>\n\n\n\n<p>In jungen Jahren hatte ich sehr viele Vorbilder. Und bin an ihnen gewachsen. Ihre Bildb\u00e4nde waren f\u00fcr mich Lehrst\u00fccke, in der Form: &#8222;Wooow, wie hat er oder sie das nur gemacht? Wahnsinnig sch\u00f6n!&#8220; Und dann habe ich so lange an meiner Technik und vor allem am Sehen gearbeitet, bis ich mich ebenb\u00fcrtig f\u00fchlte. Das war wohlgemerkt noch lange vor Internet und Google. Bildb\u00e4nde gab es in der Bibliothek, durch Empfehlung, und zu der Zeit habe ich auch regelm\u00e4\u00dfig Fotozeitschriften gekauft. Hab dort in Inseraten Buchh\u00e4ndler ausfndig gemacht, mir Kataloge schicken lassen und dann auf gut Gl\u00fcck bestellt. Und so kam ich zu B\u00fcchern meiner Vorbilder: Ansel Adams, David Muench und Shinzo Maeda. Die drei sind aus der Flut von Angeboten \u00fcbriggeblieben. Und gelernt und vor allem angereizt, wurde ich von allen. <\/p>\n\n\n\n<p>\u00dcbrig geblieben, in der Farbfotografie, ist da nur noch der <a data-type=\"URL\" data-id=\"https:\/\/www.onlandscape.co.uk\/2011\/03\/master-photographer-shinzo-maeda\/\" rel=\"noreferrer noopener\" href=\"https:\/\/www.onlandscape.co.uk\/2011\/03\/master-photographer-shinzo-maeda\/\" target=\"_blank\">Shinzo Maeda<\/a>. Ein japanischer Meisterfotograf, vor dem ich gr\u00f6\u00dfte Hochachtung habe. Leider ist er seit 1998 nicht mehr unter uns. Aber seine Bildsprache ist Wegweiser f\u00fcr viele. Ehrlich und mit gr\u00f6\u00dfter Demut vor den Wundern der Natur, auch, oder gerade auch vor den Kleinsten. Unscheinbaren. <\/p>\n\n\n\n<p>Er war in den 90er Jahren mit daran &#8222;Schuld&#8220;, dass ich mir eine Plattenkamera im 9x12cm-Format zulegte. Und einen Vergr\u00f6\u00dferer, der meine gro\u00dfen Negative auch aufs Bild bringen konnte. Diese Art der Fotografie hatte schon was von Meditation, denn ein Stativ war unumg\u00e4nglich. Die gro\u00dfe Kamera musste dann darauf gut befestigt und auf das Motiv ausgerichtet werden. <\/p>\n\n\n\n<p>Ein schwarzes Tuch hat sich der Fotograf \u00fcber Kopf und Kamerar\u00fcckteil gelegt, denn scharf gestellt wurde auf eine recht dunkle Mattscheibe. Auf der das Bild zu allem \u00dcberfluss auf dem Kopf stehend angezeigt wurde. Wenn dann alles richtig eingerichtet war, wurde der Planfilmhalter eingeschoben. Der Verschluss gespannt, ein Abdeckschieber vor dem Film gezogen und schlie\u00dflich ausgel\u00f6st. In der Hoffnung, dass alles geklappt hat, denn das sah man erst im Labor nach dem Entwickeln des Films. Spannend, oft aufregend, abenteuerlich. Jedes gute Bild war in der Tat hart erarbeitet. Und ich hatte recht viele gute geschaffen. \ud83d\ude42 <\/p>\n\n\n\n<p>Heute hat man eine viel bessere Qualit\u00e4t in Form einer digitalen Kleinbildkamera mit 45 Megapixel, kann sofort nach dem &#8222;Klick&#8220; das fertige Bild am Display auswerten, Vorz\u00fcge die ich nie mehr missen will. Aber: Diese Kameras machen auch nur das Bild, das der Fotograf gesehen hat. Und hat er das nicht, ist da auch kein Bild. Jedenfalls keins, das dem Anspruch gerecht wird. So ist auch ein Fotograf aus der Zeit des Films noch heute ein Vorbild f\u00fcr mich, denn er hat Bilder gesehen, in erster Linie. Und die dann auf Diafilm f\u00fcr die Ewigkeit festgehalten. <\/p>\n\n\n\n<p><br \/>Und so war ich in einer Schaffenskrise und wollte mal alles irgendwie anders machen. Hab die Polfilter einfach vollkommen weggelassen, mich auf die Natur und ihre farbigen Reize eingelassen. Wieder das Sehen trainiert und das dann folgende Komponieren ins Viereck. In den Eichwerder Moorwiesen haben wir uns einfach mal umgeschaut und treiben lassen. Die Farben zeigen deutlich dass es Herbst wird und manche reizten stark. <\/p>\n\n\n\n<p>Aufs Stativ verzichte ich fast immer. Zum einen haben die Kameras mittlerweile einen so guten VR eingebaut, dass eine ruhige Hand scharfe Bilder bringt. Dazu kommt, dass man mit einem Stativ doch immer im Handycap ist, denn aus der Hand lassen sich kleine Positions\u00e4nderungen im Handumdrehen bewerkstelligen. Zudem ist auf dem Wandersteg in den Moorwiesen zwar das Radfahren verboten, aber wie so oft wird es vollkommen ignoriert. Ich w\u00e4re st\u00e4ndig dabei, das Stativ einzuklappen, damit die Radler, oder auch Wanderer, vorbei k\u00f6nnten. <\/p>\n\n\n\n<p><br \/>Nun denn, es ist meine Arbeitsweise und ich komme damit gut klar. Bin mit meinen zwei Nikons Z7, eine best\u00fcckt mit dem Z 24-70er, die andere mit dem 70-300er Zoom. Die eine mit 80ISO und meistens Blende 8-11, die andere mit ISO 160-200 und oft Offenblende. Die Bilder gestochen scharf. Und auch mit den meisten Motiven bin ich eigentlich recht zufrieden. Aber schaut selbst, w\u00fcrde mich freuen, wenn sie Euch auch ein wenig gefallen. Viel Spa\u00df beim schauen \ud83d\ude00<\/p>\n\n\n<div class=\"wp-block-image\">\n<figure class=\"aligncenter size-large\"><a href=\"https:\/\/liebke-foto.de\/maerkischeslicht\/wp-content\/uploads\/2021\/09\/FLZ4076_C1.jpg\"><img loading=\"lazy\" decoding=\"async\" width=\"1200\" height=\"800\" src=\"https:\/\/liebke-foto.de\/maerkischeslicht\/wp-content\/uploads\/2021\/09\/FLZ4076_C1-1200x800.jpg\" alt=\"Buntes Laub, Eichwerder Moorwiesen, L\u00fcbars, Naturpark Barnim,\" class=\"wp-image-4780\" srcset=\"https:\/\/liebke-foto.de\/maerkischeslicht\/wp-content\/uploads\/2021\/09\/FLZ4076_C1-1200x800.jpg 1200w, https:\/\/liebke-foto.de\/maerkischeslicht\/wp-content\/uploads\/2021\/09\/FLZ4076_C1-768x512.jpg 768w, https:\/\/liebke-foto.de\/maerkischeslicht\/wp-content\/uploads\/2021\/09\/FLZ4076_C1.jpg 1300w\" sizes=\"auto, (max-width: 1200px) 100vw, 1200px\" \/><\/a><figcaption>Eichwerder Moorwiesen bei L\u00fcbars.<\/figcaption><\/figure>\n<\/div>\n\n<div class=\"wp-block-image\">\n<figure class=\"aligncenter size-large\"><a href=\"https:\/\/liebke-foto.de\/maerkischeslicht\/wp-content\/uploads\/2021\/09\/FLZ4084_C1.jpg\"><img loading=\"lazy\" decoding=\"async\" width=\"1200\" height=\"800\" src=\"https:\/\/liebke-foto.de\/maerkischeslicht\/wp-content\/uploads\/2021\/09\/FLZ4084_C1-1200x800.jpg\" alt=\"Letzte Fr\u00fcchte f\u00fcr die V\u00f6gel, Eichwerder Moorwiesen, L\u00fcbars, Naturpark Barnim,\" class=\"wp-image-4781\" srcset=\"https:\/\/liebke-foto.de\/maerkischeslicht\/wp-content\/uploads\/2021\/09\/FLZ4084_C1-1200x800.jpg 1200w, https:\/\/liebke-foto.de\/maerkischeslicht\/wp-content\/uploads\/2021\/09\/FLZ4084_C1-768x512.jpg 768w, https:\/\/liebke-foto.de\/maerkischeslicht\/wp-content\/uploads\/2021\/09\/FLZ4084_C1.jpg 1300w\" sizes=\"auto, (max-width: 1200px) 100vw, 1200px\" \/><\/a><figcaption>Bei L\u00fcbars.<\/figcaption><\/figure>\n<\/div>\n\n<div class=\"wp-block-image\">\n<figure class=\"aligncenter size-large\"><a href=\"https:\/\/liebke-foto.de\/maerkischeslicht\/wp-content\/uploads\/2021\/09\/FLZ4087_C1.jpg\"><img loading=\"lazy\" decoding=\"async\" width=\"1154\" height=\"800\" src=\"https:\/\/liebke-foto.de\/maerkischeslicht\/wp-content\/uploads\/2021\/09\/FLZ4087_C1-1154x800.jpg\" alt=\"Ein herbstlicher Weg in den Eichwerder Moorwiesen im Naturpark Barnim bei L\u00fcbars. \" class=\"wp-image-4782\" srcset=\"https:\/\/liebke-foto.de\/maerkischeslicht\/wp-content\/uploads\/2021\/09\/FLZ4087_C1-1154x800.jpg 1154w, https:\/\/liebke-foto.de\/maerkischeslicht\/wp-content\/uploads\/2021\/09\/FLZ4087_C1-768x532.jpg 768w, https:\/\/liebke-foto.de\/maerkischeslicht\/wp-content\/uploads\/2021\/09\/FLZ4087_C1.jpg 1300w\" sizes=\"auto, (max-width: 1154px) 100vw, 1154px\" \/><\/a><figcaption>L\u00fcbars<\/figcaption><\/figure>\n<\/div>\n\n<div class=\"wp-block-image\">\n<figure class=\"aligncenter size-large\"><a href=\"https:\/\/liebke-foto.de\/maerkischeslicht\/wp-content\/uploads\/2021\/09\/FLZ4095_C1.jpg\"><img loading=\"lazy\" decoding=\"async\" width=\"1200\" height=\"800\" src=\"https:\/\/liebke-foto.de\/maerkischeslicht\/wp-content\/uploads\/2021\/09\/FLZ4095_C1-1200x800.jpg\" alt=\"Herbst, buntes Laub, Urwald, Eichwerder Moorwiesen, L\u00fcbars, Naturpark Barnim,\" class=\"wp-image-4783\" srcset=\"https:\/\/liebke-foto.de\/maerkischeslicht\/wp-content\/uploads\/2021\/09\/FLZ4095_C1-1200x800.jpg 1200w, https:\/\/liebke-foto.de\/maerkischeslicht\/wp-content\/uploads\/2021\/09\/FLZ4095_C1-768x512.jpg 768w, https:\/\/liebke-foto.de\/maerkischeslicht\/wp-content\/uploads\/2021\/09\/FLZ4095_C1.jpg 1300w\" sizes=\"auto, (max-width: 1200px) 100vw, 1200px\" \/><\/a><\/figure>\n<\/div>\n\n<div class=\"wp-block-image\">\n<figure class=\"aligncenter size-large\"><a href=\"https:\/\/liebke-foto.de\/maerkischeslicht\/wp-content\/uploads\/2021\/09\/FLZ4098_C1.jpg\"><img loading=\"lazy\" decoding=\"async\" width=\"1200\" height=\"800\" src=\"https:\/\/liebke-foto.de\/maerkischeslicht\/wp-content\/uploads\/2021\/09\/FLZ4098_C1-1200x800.jpg\" alt=\"Naturpark Barnim bei L\u00fcbars. \" class=\"wp-image-4784\" srcset=\"https:\/\/liebke-foto.de\/maerkischeslicht\/wp-content\/uploads\/2021\/09\/FLZ4098_C1-1200x800.jpg 1200w, https:\/\/liebke-foto.de\/maerkischeslicht\/wp-content\/uploads\/2021\/09\/FLZ4098_C1-768x512.jpg 768w, https:\/\/liebke-foto.de\/maerkischeslicht\/wp-content\/uploads\/2021\/09\/FLZ4098_C1.jpg 1300w\" sizes=\"auto, (max-width: 1200px) 100vw, 1200px\" \/><\/a><figcaption>Eichwerder Moorwiesen bei L\u00fcbars.<\/figcaption><\/figure>\n<\/div>\n\n<div class=\"wp-block-image\">\n<figure class=\"aligncenter size-large\"><a href=\"https:\/\/liebke-foto.de\/maerkischeslicht\/wp-content\/uploads\/2021\/09\/FLZ4165_C1.jpg\"><img loading=\"lazy\" decoding=\"async\" width=\"1200\" height=\"800\" src=\"https:\/\/liebke-foto.de\/maerkischeslicht\/wp-content\/uploads\/2021\/09\/FLZ4165_C1-1200x800.jpg\" alt=\"Patricia Koelle, Romanautorin, auf Recherche im Naturpark Barnim\" class=\"wp-image-4852\" srcset=\"https:\/\/liebke-foto.de\/maerkischeslicht\/wp-content\/uploads\/2021\/09\/FLZ4165_C1-1200x800.jpg 1200w, https:\/\/liebke-foto.de\/maerkischeslicht\/wp-content\/uploads\/2021\/09\/FLZ4165_C1-768x512.jpg 768w, https:\/\/liebke-foto.de\/maerkischeslicht\/wp-content\/uploads\/2021\/09\/FLZ4165_C1.jpg 1300w\" sizes=\"auto, (max-width: 1200px) 100vw, 1200px\" \/><\/a><figcaption>Lucy, alias Patricia Koelle, ist  auch gleich wieder auf Recherche.<br \/><\/figcaption><\/figure>\n<\/div>\n\n<div class=\"wp-block-image\">\n<figure class=\"aligncenter size-large\"><a href=\"https:\/\/liebke-foto.de\/maerkischeslicht\/wp-content\/uploads\/2021\/09\/FLZ4099_C1.jpg\"><img loading=\"lazy\" decoding=\"async\" width=\"1200\" height=\"800\" src=\"https:\/\/liebke-foto.de\/maerkischeslicht\/wp-content\/uploads\/2021\/09\/FLZ4099_C1-1200x800.jpg\" alt=\"Naturpark Barnim bei L\u00fcbars. \" class=\"wp-image-4785\" srcset=\"https:\/\/liebke-foto.de\/maerkischeslicht\/wp-content\/uploads\/2021\/09\/FLZ4099_C1-1200x800.jpg 1200w, https:\/\/liebke-foto.de\/maerkischeslicht\/wp-content\/uploads\/2021\/09\/FLZ4099_C1-768x512.jpg 768w, https:\/\/liebke-foto.de\/maerkischeslicht\/wp-content\/uploads\/2021\/09\/FLZ4099_C1.jpg 1300w\" sizes=\"auto, (max-width: 1200px) 100vw, 1200px\" \/><\/a><figcaption>Eichwerder Moorwiesen<\/figcaption><\/figure>\n<\/div>\n\n<div class=\"wp-block-image\">\n<figure class=\"aligncenter size-large\"><a href=\"https:\/\/liebke-foto.de\/maerkischeslicht\/wp-content\/uploads\/2021\/09\/FLZ4120_C1.jpg\"><img loading=\"lazy\" decoding=\"async\" width=\"1200\" height=\"800\" src=\"https:\/\/liebke-foto.de\/maerkischeslicht\/wp-content\/uploads\/2021\/09\/FLZ4120_C1-1200x800.jpg\" alt=\"Naturpark Barnim bei L\u00fcbars.Rot-Gr\u00fcn-Kontrast der Herbstbl\u00e4tter.\" class=\"wp-image-4786\" srcset=\"https:\/\/liebke-foto.de\/maerkischeslicht\/wp-content\/uploads\/2021\/09\/FLZ4120_C1-1200x800.jpg 1200w, https:\/\/liebke-foto.de\/maerkischeslicht\/wp-content\/uploads\/2021\/09\/FLZ4120_C1-768x512.jpg 768w, https:\/\/liebke-foto.de\/maerkischeslicht\/wp-content\/uploads\/2021\/09\/FLZ4120_C1.jpg 1300w\" sizes=\"auto, (max-width: 1200px) 100vw, 1200px\" \/><\/a><\/figure>\n<\/div>\n\n<div class=\"wp-block-image\">\n<figure class=\"aligncenter size-large\"><a href=\"https:\/\/liebke-foto.de\/maerkischeslicht\/wp-content\/uploads\/2021\/09\/FLZ4123_C1.jpg\"><img loading=\"lazy\" decoding=\"async\" width=\"1200\" height=\"800\" src=\"https:\/\/liebke-foto.de\/maerkischeslicht\/wp-content\/uploads\/2021\/09\/FLZ4123_C1-1200x800.jpg\" alt=\"Naturpark Barnim bei L\u00fcbars. \" class=\"wp-image-4787\" srcset=\"https:\/\/liebke-foto.de\/maerkischeslicht\/wp-content\/uploads\/2021\/09\/FLZ4123_C1-1200x800.jpg 1200w, https:\/\/liebke-foto.de\/maerkischeslicht\/wp-content\/uploads\/2021\/09\/FLZ4123_C1-768x512.jpg 768w, https:\/\/liebke-foto.de\/maerkischeslicht\/wp-content\/uploads\/2021\/09\/FLZ4123_C1.jpg 1300w\" sizes=\"auto, (max-width: 1200px) 100vw, 1200px\" \/><\/a><\/figure>\n<\/div>\n\n<div class=\"wp-block-image\">\n<figure class=\"aligncenter size-large\"><a href=\"https:\/\/liebke-foto.de\/maerkischeslicht\/wp-content\/uploads\/2021\/09\/FLZ4128_C1.jpg\"><img loading=\"lazy\" decoding=\"async\" width=\"1200\" height=\"800\" src=\"https:\/\/liebke-foto.de\/maerkischeslicht\/wp-content\/uploads\/2021\/09\/FLZ4128_C1-1200x800.jpg\" alt=\"Naturpark Barnim bei L\u00fcbars. \" class=\"wp-image-4788\" srcset=\"https:\/\/liebke-foto.de\/maerkischeslicht\/wp-content\/uploads\/2021\/09\/FLZ4128_C1-1200x800.jpg 1200w, https:\/\/liebke-foto.de\/maerkischeslicht\/wp-content\/uploads\/2021\/09\/FLZ4128_C1-768x512.jpg 768w, https:\/\/liebke-foto.de\/maerkischeslicht\/wp-content\/uploads\/2021\/09\/FLZ4128_C1.jpg 1300w\" sizes=\"auto, (max-width: 1200px) 100vw, 1200px\" \/><\/a><\/figure>\n<\/div>\n\n<div class=\"wp-block-image\">\n<figure class=\"aligncenter size-large\"><a href=\"https:\/\/liebke-foto.de\/maerkischeslicht\/wp-content\/uploads\/2021\/09\/FLZ4135_C1.jpg\"><img loading=\"lazy\" decoding=\"async\" width=\"1200\" height=\"800\" src=\"https:\/\/liebke-foto.de\/maerkischeslicht\/wp-content\/uploads\/2021\/09\/FLZ4135_C1-1200x800.jpg\" alt=\"Naturpark Barnim bei L\u00fcbars. \" class=\"wp-image-4789\" srcset=\"https:\/\/liebke-foto.de\/maerkischeslicht\/wp-content\/uploads\/2021\/09\/FLZ4135_C1-1200x800.jpg 1200w, https:\/\/liebke-foto.de\/maerkischeslicht\/wp-content\/uploads\/2021\/09\/FLZ4135_C1-768x512.jpg 768w, https:\/\/liebke-foto.de\/maerkischeslicht\/wp-content\/uploads\/2021\/09\/FLZ4135_C1.jpg 1300w\" sizes=\"auto, (max-width: 1200px) 100vw, 1200px\" \/><\/a><\/figure>\n<\/div>\n\n<div class=\"wp-block-image\">\n<figure class=\"aligncenter size-large\"><a href=\"https:\/\/liebke-foto.de\/maerkischeslicht\/wp-content\/uploads\/2021\/09\/FLZ4136_C1.jpg\"><img loading=\"lazy\" decoding=\"async\" width=\"1200\" height=\"800\" src=\"https:\/\/liebke-foto.de\/maerkischeslicht\/wp-content\/uploads\/2021\/09\/FLZ4136_C1-1200x800.jpg\" alt=\"Naturpark Barnim bei L\u00fcbars. \" class=\"wp-image-4790\" srcset=\"https:\/\/liebke-foto.de\/maerkischeslicht\/wp-content\/uploads\/2021\/09\/FLZ4136_C1-1200x800.jpg 1200w, https:\/\/liebke-foto.de\/maerkischeslicht\/wp-content\/uploads\/2021\/09\/FLZ4136_C1-768x512.jpg 768w, https:\/\/liebke-foto.de\/maerkischeslicht\/wp-content\/uploads\/2021\/09\/FLZ4136_C1.jpg 1300w\" sizes=\"auto, (max-width: 1200px) 100vw, 1200px\" \/><\/a><figcaption>Eichwerder Moorwiesen<\/figcaption><\/figure>\n<\/div>\n\n<div class=\"wp-block-image\">\n<figure class=\"aligncenter size-large\"><a href=\"https:\/\/liebke-foto.de\/maerkischeslicht\/wp-content\/uploads\/2021\/09\/FLZ4139_C1.jpg\"><img loading=\"lazy\" decoding=\"async\" width=\"1200\" height=\"800\" src=\"https:\/\/liebke-foto.de\/maerkischeslicht\/wp-content\/uploads\/2021\/09\/FLZ4139_C1-1200x800.jpg\" alt=\"Flechten auf einem Baumstamm\" class=\"wp-image-4791\" srcset=\"https:\/\/liebke-foto.de\/maerkischeslicht\/wp-content\/uploads\/2021\/09\/FLZ4139_C1-1200x800.jpg 1200w, https:\/\/liebke-foto.de\/maerkischeslicht\/wp-content\/uploads\/2021\/09\/FLZ4139_C1-768x512.jpg 768w, https:\/\/liebke-foto.de\/maerkischeslicht\/wp-content\/uploads\/2021\/09\/FLZ4139_C1.jpg 1300w\" sizes=\"auto, (max-width: 1200px) 100vw, 1200px\" \/><\/a><figcaption>Die Natur zeigt oft ein &#8222;Gesicht&#8220; \ud83d\ude00<\/figcaption><\/figure>\n<\/div>\n\n<div class=\"wp-block-image\">\n<figure class=\"aligncenter size-large\"><a href=\"https:\/\/liebke-foto.de\/maerkischeslicht\/wp-content\/uploads\/2021\/09\/FLZ4145_C1.jpg\"><img loading=\"lazy\" decoding=\"async\" width=\"1200\" height=\"800\" src=\"https:\/\/liebke-foto.de\/maerkischeslicht\/wp-content\/uploads\/2021\/09\/FLZ4145_C1-1200x800.jpg\" alt=\"Rote Herbstbl\u00e4tter und Altweibersommer\" class=\"wp-image-4792\" srcset=\"https:\/\/liebke-foto.de\/maerkischeslicht\/wp-content\/uploads\/2021\/09\/FLZ4145_C1-1200x800.jpg 1200w, https:\/\/liebke-foto.de\/maerkischeslicht\/wp-content\/uploads\/2021\/09\/FLZ4145_C1-768x512.jpg 768w, https:\/\/liebke-foto.de\/maerkischeslicht\/wp-content\/uploads\/2021\/09\/FLZ4145_C1.jpg 1300w\" sizes=\"auto, (max-width: 1200px) 100vw, 1200px\" \/><\/a><figcaption>Komplement\u00e4rfarben in nat\u00fcrlichster Sch\u00f6nheit.<\/figcaption><\/figure>\n<\/div>\n\n<div class=\"wp-block-image\">\n<figure class=\"aligncenter size-large\"><a href=\"https:\/\/liebke-foto.de\/maerkischeslicht\/wp-content\/uploads\/2021\/09\/FLZ4150_C1.jpg\"><img loading=\"lazy\" decoding=\"async\" width=\"1200\" height=\"800\" src=\"https:\/\/liebke-foto.de\/maerkischeslicht\/wp-content\/uploads\/2021\/09\/FLZ4150_C1-1200x800.jpg\" alt=\"Naturpark Barnim bei L\u00fcbars. \" class=\"wp-image-4793\" srcset=\"https:\/\/liebke-foto.de\/maerkischeslicht\/wp-content\/uploads\/2021\/09\/FLZ4150_C1-1200x800.jpg 1200w, https:\/\/liebke-foto.de\/maerkischeslicht\/wp-content\/uploads\/2021\/09\/FLZ4150_C1-768x512.jpg 768w, https:\/\/liebke-foto.de\/maerkischeslicht\/wp-content\/uploads\/2021\/09\/FLZ4150_C1.jpg 1300w\" sizes=\"auto, (max-width: 1200px) 100vw, 1200px\" \/><\/a><figcaption>Eichwerder Moorwiesen bei L\u00fcbars.<\/figcaption><\/figure>\n<\/div>\n\n<div class=\"wp-block-image\">\n<figure class=\"aligncenter size-large\"><a href=\"https:\/\/liebke-foto.de\/maerkischeslicht\/wp-content\/uploads\/2021\/09\/FLZ4152_C1.jpg\"><img loading=\"lazy\" decoding=\"async\" width=\"1200\" height=\"800\" src=\"https:\/\/liebke-foto.de\/maerkischeslicht\/wp-content\/uploads\/2021\/09\/FLZ4152_C1-1200x800.jpg\" alt=\"Naturpark Barnim bei L\u00fcbars. \" class=\"wp-image-4794\" srcset=\"https:\/\/liebke-foto.de\/maerkischeslicht\/wp-content\/uploads\/2021\/09\/FLZ4152_C1-1200x800.jpg 1200w, https:\/\/liebke-foto.de\/maerkischeslicht\/wp-content\/uploads\/2021\/09\/FLZ4152_C1-768x512.jpg 768w, https:\/\/liebke-foto.de\/maerkischeslicht\/wp-content\/uploads\/2021\/09\/FLZ4152_C1.jpg 1300w\" sizes=\"auto, (max-width: 1200px) 100vw, 1200px\" \/><\/a><figcaption>Blattgold<\/figcaption><\/figure>\n<\/div>\n\n<div class=\"wp-block-image\">\n<figure class=\"aligncenter size-large\"><a href=\"https:\/\/liebke-foto.de\/maerkischeslicht\/wp-content\/uploads\/2021\/09\/FLZ4158_C1.jpg\"><img loading=\"lazy\" decoding=\"async\" width=\"1200\" height=\"800\" src=\"https:\/\/liebke-foto.de\/maerkischeslicht\/wp-content\/uploads\/2021\/09\/FLZ4158_C1-1200x800.jpg\" alt=\"Naturpark Barnim bei L\u00fcbars. \" class=\"wp-image-4795\" srcset=\"https:\/\/liebke-foto.de\/maerkischeslicht\/wp-content\/uploads\/2021\/09\/FLZ4158_C1-1200x800.jpg 1200w, https:\/\/liebke-foto.de\/maerkischeslicht\/wp-content\/uploads\/2021\/09\/FLZ4158_C1-768x512.jpg 768w, https:\/\/liebke-foto.de\/maerkischeslicht\/wp-content\/uploads\/2021\/09\/FLZ4158_C1.jpg 1300w\" sizes=\"auto, (max-width: 1200px) 100vw, 1200px\" \/><\/a><figcaption>Eichwerder Moorwiesen<\/figcaption><\/figure>\n<\/div>\n\n<div class=\"wp-block-image\">\n<figure class=\"aligncenter size-large\"><a href=\"https:\/\/liebke-foto.de\/maerkischeslicht\/wp-content\/uploads\/2021\/09\/FLZ4175_C1.jpg\"><img loading=\"lazy\" decoding=\"async\" width=\"800\" height=\"800\" src=\"https:\/\/liebke-foto.de\/maerkischeslicht\/wp-content\/uploads\/2021\/09\/FLZ4175_C1-800x800.jpg\" alt=\"Floristische Sch\u00f6nheiten im Naturpark Barnim bei L\u00fcbars. \" class=\"wp-image-4796\" srcset=\"https:\/\/liebke-foto.de\/maerkischeslicht\/wp-content\/uploads\/2021\/09\/FLZ4175_C1-800x800.jpg 800w, https:\/\/liebke-foto.de\/maerkischeslicht\/wp-content\/uploads\/2021\/09\/FLZ4175_C1-150x150.jpg 150w, https:\/\/liebke-foto.de\/maerkischeslicht\/wp-content\/uploads\/2021\/09\/FLZ4175_C1-768x768.jpg 768w, https:\/\/liebke-foto.de\/maerkischeslicht\/wp-content\/uploads\/2021\/09\/FLZ4175_C1-600x600.jpg 600w, https:\/\/liebke-foto.de\/maerkischeslicht\/wp-content\/uploads\/2021\/09\/FLZ4175_C1.jpg 1300w\" sizes=\"auto, (max-width: 800px) 100vw, 800px\" \/><\/a><\/figure>\n<\/div>\n\n<div class=\"wp-block-image\">\n<figure class=\"aligncenter size-large\"><a href=\"https:\/\/liebke-foto.de\/maerkischeslicht\/wp-content\/uploads\/2021\/09\/FLZ4180_C1.jpg\"><img loading=\"lazy\" decoding=\"async\" width=\"1200\" height=\"800\" src=\"https:\/\/liebke-foto.de\/maerkischeslicht\/wp-content\/uploads\/2021\/09\/FLZ4180_C1-1200x800.jpg\" alt=\"Naturpark Barnim bei L\u00fcbars. \" class=\"wp-image-4797\" srcset=\"https:\/\/liebke-foto.de\/maerkischeslicht\/wp-content\/uploads\/2021\/09\/FLZ4180_C1-1200x800.jpg 1200w, https:\/\/liebke-foto.de\/maerkischeslicht\/wp-content\/uploads\/2021\/09\/FLZ4180_C1-768x512.jpg 768w, https:\/\/liebke-foto.de\/maerkischeslicht\/wp-content\/uploads\/2021\/09\/FLZ4180_C1.jpg 1300w\" sizes=\"auto, (max-width: 1200px) 100vw, 1200px\" \/><\/a><\/figure>\n<\/div>\n\n<div class=\"wp-block-image\">\n<figure class=\"aligncenter size-large\"><a href=\"https:\/\/liebke-foto.de\/maerkischeslicht\/wp-content\/uploads\/2021\/09\/FLZ4184_C1.jpg\"><img loading=\"lazy\" decoding=\"async\" width=\"1200\" height=\"800\" src=\"https:\/\/liebke-foto.de\/maerkischeslicht\/wp-content\/uploads\/2021\/09\/FLZ4184_C1-1200x800.jpg\" alt=\"Eichwerder Moorwiesen im Naturpark Barnim bei L\u00fcbars. \" class=\"wp-image-4798\" srcset=\"https:\/\/liebke-foto.de\/maerkischeslicht\/wp-content\/uploads\/2021\/09\/FLZ4184_C1-1200x800.jpg 1200w, https:\/\/liebke-foto.de\/maerkischeslicht\/wp-content\/uploads\/2021\/09\/FLZ4184_C1-768x512.jpg 768w, https:\/\/liebke-foto.de\/maerkischeslicht\/wp-content\/uploads\/2021\/09\/FLZ4184_C1.jpg 1300w\" sizes=\"auto, (max-width: 1200px) 100vw, 1200px\" \/><\/a><\/figure>\n<\/div>\n\n<div class=\"wp-block-image\">\n<figure class=\"aligncenter size-large\"><a href=\"https:\/\/liebke-foto.de\/maerkischeslicht\/wp-content\/uploads\/2021\/09\/FLZ4192_C1.jpg\"><img loading=\"lazy\" decoding=\"async\" width=\"1200\" height=\"800\" src=\"https:\/\/liebke-foto.de\/maerkischeslicht\/wp-content\/uploads\/2021\/09\/FLZ4192_C1-1200x800.jpg\" alt=\"Eichwerder Moorwiesen im Naturpark Barnim bei L\u00fcbars. \" class=\"wp-image-4799\" srcset=\"https:\/\/liebke-foto.de\/maerkischeslicht\/wp-content\/uploads\/2021\/09\/FLZ4192_C1-1200x800.jpg 1200w, https:\/\/liebke-foto.de\/maerkischeslicht\/wp-content\/uploads\/2021\/09\/FLZ4192_C1-768x512.jpg 768w, https:\/\/liebke-foto.de\/maerkischeslicht\/wp-content\/uploads\/2021\/09\/FLZ4192_C1.jpg 1300w\" sizes=\"auto, (max-width: 1200px) 100vw, 1200px\" \/><\/a><\/figure>\n<\/div>\n\n<div class=\"wp-block-image\">\n<figure class=\"aligncenter size-large\"><a href=\"https:\/\/liebke-foto.de\/maerkischeslicht\/wp-content\/uploads\/2021\/09\/FLZ4248_C1.jpg\"><img loading=\"lazy\" decoding=\"async\" width=\"1182\" height=\"800\" src=\"https:\/\/liebke-foto.de\/maerkischeslicht\/wp-content\/uploads\/2021\/09\/FLZ4248_C1-1182x800.jpg\" alt=\"Eichwerder Moorwiesen im Naturpark Barnim bei L\u00fcbars. Gr\u00fcnspecht bei Futtersuche\" class=\"wp-image-4800\" srcset=\"https:\/\/liebke-foto.de\/maerkischeslicht\/wp-content\/uploads\/2021\/09\/FLZ4248_C1-1182x800.jpg 1182w, https:\/\/liebke-foto.de\/maerkischeslicht\/wp-content\/uploads\/2021\/09\/FLZ4248_C1-768x520.jpg 768w, https:\/\/liebke-foto.de\/maerkischeslicht\/wp-content\/uploads\/2021\/09\/FLZ4248_C1.jpg 1300w\" sizes=\"auto, (max-width: 1182px) 100vw, 1182px\" \/><\/a><figcaption>Meister Gr\u00fcnspecht holt mit seiner Zunge die Beute aus dem abgestorbenen Baum<\/figcaption><\/figure>\n<\/div>\n\n<div class=\"wp-block-image\">\n<figure class=\"aligncenter size-large\"><a href=\"https:\/\/liebke-foto.de\/maerkischeslicht\/wp-content\/uploads\/2021\/09\/FLZ4260_C1.jpg\"><img loading=\"lazy\" decoding=\"async\" width=\"1200\" height=\"800\" src=\"https:\/\/liebke-foto.de\/maerkischeslicht\/wp-content\/uploads\/2021\/09\/FLZ4260_C1-1200x800.jpg\" alt=\"Eichwerder Moorwiesen im Naturpark Barnim bei L\u00fcbars. \" class=\"wp-image-4801\" srcset=\"https:\/\/liebke-foto.de\/maerkischeslicht\/wp-content\/uploads\/2021\/09\/FLZ4260_C1-1200x800.jpg 1200w, https:\/\/liebke-foto.de\/maerkischeslicht\/wp-content\/uploads\/2021\/09\/FLZ4260_C1-768x512.jpg 768w, https:\/\/liebke-foto.de\/maerkischeslicht\/wp-content\/uploads\/2021\/09\/FLZ4260_C1.jpg 1300w\" sizes=\"auto, (max-width: 1200px) 100vw, 1200px\" \/><\/a><figcaption>Bei L\u00fcbars.<\/figcaption><\/figure>\n<\/div>\n\n<div class=\"wp-block-image\">\n<figure class=\"aligncenter size-large\"><a href=\"https:\/\/liebke-foto.de\/maerkischeslicht\/wp-content\/uploads\/2021\/09\/FLZ4265_C1.jpg\"><img loading=\"lazy\" decoding=\"async\" width=\"1200\" height=\"800\" src=\"https:\/\/liebke-foto.de\/maerkischeslicht\/wp-content\/uploads\/2021\/09\/FLZ4265_C1-1200x800.jpg\" alt=\"Eichwerder Moorwiesen im Naturpark Barnim bei L\u00fcbars. \" class=\"wp-image-4802\" srcset=\"https:\/\/liebke-foto.de\/maerkischeslicht\/wp-content\/uploads\/2021\/09\/FLZ4265_C1-1200x800.jpg 1200w, https:\/\/liebke-foto.de\/maerkischeslicht\/wp-content\/uploads\/2021\/09\/FLZ4265_C1-768x512.jpg 768w, https:\/\/liebke-foto.de\/maerkischeslicht\/wp-content\/uploads\/2021\/09\/FLZ4265_C1.jpg 1300w\" sizes=\"auto, (max-width: 1200px) 100vw, 1200px\" \/><\/a><\/figure>\n<\/div>\n\n<div class=\"wp-block-image\">\n<figure class=\"aligncenter size-large\"><a href=\"https:\/\/liebke-foto.de\/maerkischeslicht\/wp-content\/uploads\/2021\/09\/FLZ4270_C1.jpg\"><img loading=\"lazy\" decoding=\"async\" width=\"1200\" height=\"800\" src=\"https:\/\/liebke-foto.de\/maerkischeslicht\/wp-content\/uploads\/2021\/09\/FLZ4270_C1-1200x800.jpg\" alt=\"Eichwerder Moorwiesen im Naturpark Barnim bei L\u00fcbars. \" class=\"wp-image-4803\" srcset=\"https:\/\/liebke-foto.de\/maerkischeslicht\/wp-content\/uploads\/2021\/09\/FLZ4270_C1-1200x800.jpg 1200w, https:\/\/liebke-foto.de\/maerkischeslicht\/wp-content\/uploads\/2021\/09\/FLZ4270_C1-768x512.jpg 768w, https:\/\/liebke-foto.de\/maerkischeslicht\/wp-content\/uploads\/2021\/09\/FLZ4270_C1.jpg 1300w\" sizes=\"auto, (max-width: 1200px) 100vw, 1200px\" \/><\/a><figcaption>Wandersteg in den Eichwerder Moorwiesen<\/figcaption><\/figure>\n<\/div>\n\n<div class=\"wp-block-image\">\n<figure class=\"aligncenter size-large\"><a href=\"https:\/\/liebke-foto.de\/maerkischeslicht\/wp-content\/uploads\/2021\/09\/FLZ4306_C1.jpg\"><img loading=\"lazy\" decoding=\"async\" width=\"1153\" height=\"800\" src=\"https:\/\/liebke-foto.de\/maerkischeslicht\/wp-content\/uploads\/2021\/09\/FLZ4306_C1-1153x800.jpg\" alt=\"Libelle. Eichwerder Moorwiesen im Naturpark Barnim bei L\u00fcbars. \" class=\"wp-image-4804\" srcset=\"https:\/\/liebke-foto.de\/maerkischeslicht\/wp-content\/uploads\/2021\/09\/FLZ4306_C1-1153x800.jpg 1153w, https:\/\/liebke-foto.de\/maerkischeslicht\/wp-content\/uploads\/2021\/09\/FLZ4306_C1-768x533.jpg 768w, https:\/\/liebke-foto.de\/maerkischeslicht\/wp-content\/uploads\/2021\/09\/FLZ4306_C1.jpg 1300w\" sizes=\"auto, (max-width: 1153px) 100vw, 1153px\" \/><\/a><figcaption>Eine Libelle beobachtete und begleitete uns neugierig.<\/figcaption><\/figure>\n<\/div>\n\n<div class=\"wp-block-image\">\n<figure class=\"aligncenter size-large\"><a href=\"https:\/\/liebke-foto.de\/maerkischeslicht\/wp-content\/uploads\/2021\/09\/FLZ4307_C1.jpg\"><img loading=\"lazy\" decoding=\"async\" width=\"1200\" height=\"800\" src=\"https:\/\/liebke-foto.de\/maerkischeslicht\/wp-content\/uploads\/2021\/09\/FLZ4307_C1-1200x800.jpg\" alt=\"Herbstblatt auf dem Wasser. Eichwerder Moorwiesen im Naturpark Barnim bei L\u00fcbars. \" class=\"wp-image-4805\" srcset=\"https:\/\/liebke-foto.de\/maerkischeslicht\/wp-content\/uploads\/2021\/09\/FLZ4307_C1-1200x800.jpg 1200w, https:\/\/liebke-foto.de\/maerkischeslicht\/wp-content\/uploads\/2021\/09\/FLZ4307_C1-768x512.jpg 768w, https:\/\/liebke-foto.de\/maerkischeslicht\/wp-content\/uploads\/2021\/09\/FLZ4307_C1.jpg 1300w\" sizes=\"auto, (max-width: 1200px) 100vw, 1200px\" \/><\/a><\/figure>\n<\/div>\n\n<div class=\"wp-block-image\">\n<figure class=\"aligncenter size-large\"><a href=\"https:\/\/liebke-foto.de\/maerkischeslicht\/wp-content\/uploads\/2021\/09\/FLZ4311_C1.jpg\"><img loading=\"lazy\" decoding=\"async\" width=\"1200\" height=\"800\" src=\"https:\/\/liebke-foto.de\/maerkischeslicht\/wp-content\/uploads\/2021\/09\/FLZ4311_C1-1200x800.jpg\" alt=\"Eichwerder Moorwiesen im Naturpark Barnim bei L\u00fcbars. \" class=\"wp-image-4806\" srcset=\"https:\/\/liebke-foto.de\/maerkischeslicht\/wp-content\/uploads\/2021\/09\/FLZ4311_C1-1200x800.jpg 1200w, https:\/\/liebke-foto.de\/maerkischeslicht\/wp-content\/uploads\/2021\/09\/FLZ4311_C1-768x512.jpg 768w, https:\/\/liebke-foto.de\/maerkischeslicht\/wp-content\/uploads\/2021\/09\/FLZ4311_C1.jpg 1300w\" sizes=\"auto, (max-width: 1200px) 100vw, 1200px\" \/><\/a><\/figure>\n<\/div>\n\n<div class=\"wp-block-image\">\n<figure class=\"aligncenter size-large\"><a href=\"https:\/\/liebke-foto.de\/maerkischeslicht\/wp-content\/uploads\/2021\/09\/FLZ4316_C1.jpg\"><img loading=\"lazy\" decoding=\"async\" width=\"1200\" height=\"800\" src=\"https:\/\/liebke-foto.de\/maerkischeslicht\/wp-content\/uploads\/2021\/09\/FLZ4316_C1-1200x800.jpg\" alt=\"Eichwerder Moorwiesen im Naturpark Barnim bei L\u00fcbars. \" class=\"wp-image-4807\" srcset=\"https:\/\/liebke-foto.de\/maerkischeslicht\/wp-content\/uploads\/2021\/09\/FLZ4316_C1-1200x800.jpg 1200w, https:\/\/liebke-foto.de\/maerkischeslicht\/wp-content\/uploads\/2021\/09\/FLZ4316_C1-768x512.jpg 768w, https:\/\/liebke-foto.de\/maerkischeslicht\/wp-content\/uploads\/2021\/09\/FLZ4316_C1.jpg 1300w\" sizes=\"auto, (max-width: 1200px) 100vw, 1200px\" \/><\/a><figcaption>Blattstilleben<\/figcaption><\/figure>\n<\/div>\n\n<div class=\"wp-block-image\">\n<figure class=\"aligncenter size-large\"><a href=\"https:\/\/liebke-foto.de\/maerkischeslicht\/wp-content\/uploads\/2021\/09\/FLZ4330_C1.jpg\"><img loading=\"lazy\" decoding=\"async\" width=\"1200\" height=\"800\" src=\"https:\/\/liebke-foto.de\/maerkischeslicht\/wp-content\/uploads\/2021\/09\/FLZ4330_C1-1200x800.jpg\" alt=\"Eichwerder Moorwiesen im Naturpark Barnim bei L\u00fcbars. \" class=\"wp-image-4808\" srcset=\"https:\/\/liebke-foto.de\/maerkischeslicht\/wp-content\/uploads\/2021\/09\/FLZ4330_C1-1200x800.jpg 1200w, https:\/\/liebke-foto.de\/maerkischeslicht\/wp-content\/uploads\/2021\/09\/FLZ4330_C1-768x512.jpg 768w, https:\/\/liebke-foto.de\/maerkischeslicht\/wp-content\/uploads\/2021\/09\/FLZ4330_C1.jpg 1300w\" sizes=\"auto, (max-width: 1200px) 100vw, 1200px\" \/><\/a><figcaption>Eichwerder Moorwiesen<\/figcaption><\/figure>\n<\/div>\n\n<div class=\"wp-block-image\">\n<figure class=\"aligncenter size-large\"><a href=\"https:\/\/liebke-foto.de\/maerkischeslicht\/wp-content\/uploads\/2021\/09\/FLZ4338_C1.jpg\"><img loading=\"lazy\" decoding=\"async\" width=\"1200\" height=\"800\" src=\"https:\/\/liebke-foto.de\/maerkischeslicht\/wp-content\/uploads\/2021\/09\/FLZ4338_C1-1200x800.jpg\" alt=\"Eichwerder Moorwiesen im Naturpark Barnim bei L\u00fcbars. \" class=\"wp-image-4809\" srcset=\"https:\/\/liebke-foto.de\/maerkischeslicht\/wp-content\/uploads\/2021\/09\/FLZ4338_C1-1200x800.jpg 1200w, https:\/\/liebke-foto.de\/maerkischeslicht\/wp-content\/uploads\/2021\/09\/FLZ4338_C1-768x512.jpg 768w, https:\/\/liebke-foto.de\/maerkischeslicht\/wp-content\/uploads\/2021\/09\/FLZ4338_C1.jpg 1300w\" sizes=\"auto, (max-width: 1200px) 100vw, 1200px\" \/><\/a><\/figure>\n<\/div>\n\n<div class=\"wp-block-image\">\n<figure class=\"aligncenter size-large\"><a href=\"https:\/\/liebke-foto.de\/maerkischeslicht\/wp-content\/uploads\/2021\/09\/FZ27891_C1.jpg\"><img loading=\"lazy\" decoding=\"async\" width=\"1200\" height=\"800\" src=\"https:\/\/liebke-foto.de\/maerkischeslicht\/wp-content\/uploads\/2021\/09\/FZ27891_C1-1200x800.jpg\" alt=\"Eichwerder Moorwiesen im Naturpark Barnim bei L\u00fcbars. \" class=\"wp-image-4812\" srcset=\"https:\/\/liebke-foto.de\/maerkischeslicht\/wp-content\/uploads\/2021\/09\/FZ27891_C1-1200x800.jpg 1200w, https:\/\/liebke-foto.de\/maerkischeslicht\/wp-content\/uploads\/2021\/09\/FZ27891_C1-768x512.jpg 768w, https:\/\/liebke-foto.de\/maerkischeslicht\/wp-content\/uploads\/2021\/09\/FZ27891_C1.jpg 1300w\" sizes=\"auto, (max-width: 1200px) 100vw, 1200px\" \/><\/a><figcaption>Herbst in den Eichwerder Moorwiesen bei L\u00fcbars.<\/figcaption><\/figure>\n<\/div>\n\n<div class=\"wp-block-image\">\n<figure class=\"aligncenter size-large\"><a href=\"https:\/\/liebke-foto.de\/maerkischeslicht\/wp-content\/uploads\/2021\/09\/FZ27901_C1.jpg\"><img loading=\"lazy\" decoding=\"async\" width=\"1200\" height=\"800\" src=\"https:\/\/liebke-foto.de\/maerkischeslicht\/wp-content\/uploads\/2021\/09\/FZ27901_C1-1200x800.jpg\" alt=\"Eichwerder Moorwiesen im Naturpark Barnim bei L\u00fcbars. \" class=\"wp-image-4813\" srcset=\"https:\/\/liebke-foto.de\/maerkischeslicht\/wp-content\/uploads\/2021\/09\/FZ27901_C1-1200x800.jpg 1200w, https:\/\/liebke-foto.de\/maerkischeslicht\/wp-content\/uploads\/2021\/09\/FZ27901_C1-768x512.jpg 768w, https:\/\/liebke-foto.de\/maerkischeslicht\/wp-content\/uploads\/2021\/09\/FZ27901_C1.jpg 1300w\" sizes=\"auto, (max-width: 1200px) 100vw, 1200px\" \/><\/a><\/figure>\n<\/div>\n\n<div class=\"wp-block-image\">\n<figure class=\"aligncenter size-large\"><a href=\"https:\/\/liebke-foto.de\/maerkischeslicht\/wp-content\/uploads\/2021\/09\/FLZ4366_C1.jpg\"><img loading=\"lazy\" decoding=\"async\" width=\"1200\" height=\"800\" src=\"https:\/\/liebke-foto.de\/maerkischeslicht\/wp-content\/uploads\/2021\/09\/FLZ4366_C1-1200x800.jpg\" alt=\"Brennesseln. Eichwerder Moorwiesen \" class=\"wp-image-4810\" srcset=\"https:\/\/liebke-foto.de\/maerkischeslicht\/wp-content\/uploads\/2021\/09\/FLZ4366_C1-1200x800.jpg 1200w, https:\/\/liebke-foto.de\/maerkischeslicht\/wp-content\/uploads\/2021\/09\/FLZ4366_C1-768x512.jpg 768w, https:\/\/liebke-foto.de\/maerkischeslicht\/wp-content\/uploads\/2021\/09\/FLZ4366_C1.jpg 1300w\" sizes=\"auto, (max-width: 1200px) 100vw, 1200px\" \/><\/a><figcaption>Das letzte Bild, absichtlich. Weil sie sicher nicht &#8222;das Letzte&#8220; sind. Seht Euch an wie graziel und wundersch\u00f6n die Brennesseln im Licht leuchten.<br \/>Hier in den Eichwerder Moorwiesen bei L\u00fcbars.<\/figcaption><\/figure>\n<\/div>\n\n\n<div style=\"padding:20px\" class=\"wp-block-tnp-minimal\"><p>Subscribe to our newsletter!<\/p><div><div class=\"tnp tnp-subscription \">\n<form method=\"post\" action=\"https:\/\/liebke-foto.de\/maerkischeslicht\/wp-admin\/admin-ajax.php?action=tnp&amp;na=s\">\n<input type=\"hidden\" name=\"nlang\" value=\"\">\n<div class=\"tnp-field tnp-field-firstname\"><label for=\"tnp-1\">Vorname oder ganzer Name<\/label>\n<input class=\"tnp-name\" type=\"text\" name=\"nn\" id=\"tnp-1\" value=\"\" placeholder=\"\"><\/div>\n<div class=\"tnp-field tnp-field-email\"><label for=\"tnp-2\">Email<\/label>\n<input class=\"tnp-email\" type=\"email\" name=\"ne\" id=\"tnp-2\" value=\"\" placeholder=\"\" required><\/div>\n<div class=\"tnp-field tnp-privacy-field\"><label><input type=\"checkbox\" name=\"ny\" required class=\"tnp-privacy\"> Indem Du fortf\u00e4hrst, akzeptierst Du unsere Datenschutzerkl\u00e4rung.<\/label><\/div><div class=\"tnp-field tnp-field-button\" style=\"text-align: left\"><input class=\"tnp-submit\" type=\"submit\" value=\"Abonnieren\" style=\"\">\n<\/div>\n<\/form>\n<\/div>\n<\/div><\/div>\n\n\n\n\n","protected":false},"excerpt":{"rendered":"<p>Ein neuer Besuch der Eichwerder Moorwiesen soll es sein. Es ist schon wieder Herbst. F\u00fcr mich eine Jahreszeit der Gegens\u00e4tze mit einem \u00dcberschwang&#8230;<\/p>\n","protected":false},"author":1,"featured_media":4803,"comment_status":"open","ping_status":"open","sticky":false,"template":"","format":"image","meta":{"footnotes":""},"categories":[10,4],"tags":[28],"class_list":["post-4779","post","type-post","status-publish","format-image","has-post-thumbnail","hentry","category-landschaft-mark-brandenburg-oberhavel-barnim","category-equipment","tag-maerkisches-licht","post_format-post-format-image"],"yoast_head":"<!-- This site is optimized with the Yoast SEO plugin v27.4 - https:\/\/yoast.com\/product\/yoast-seo-wordpress\/ -->\n<title>Eichwerder Moorwiesen im Fr\u00fchherbst - M\u00e4rkisches Licht - Der Fotograf der Stille<\/title>\n<meta name=\"description\" content=\"Eichwerder Moorwiesen im Fr\u00fchherbst 2021, Naturpark Barnim. Die ersten F\u00e4rbungen der Natur in Bildern eingefangen.\" \/>\n<meta name=\"robots\" content=\"index, follow, max-snippet:-1, max-image-preview:large, max-video-preview:-1\" \/>\n<link rel=\"canonical\" href=\"https:\/\/liebke-foto.de\/maerkischeslicht\/eichwerder-moorwiesen-im-fruehherbst\/\" \/>\n<meta property=\"og:locale\" content=\"de_DE\" \/>\n<meta property=\"og:type\" content=\"article\" \/>\n<meta property=\"og:title\" content=\"Eichwerder Moorwiesen im Fr\u00fchherbst - M\u00e4rkisches Licht - Der Fotograf der Stille\" \/>\n<meta property=\"og:description\" content=\"Eichwerder Moorwiesen im Fr\u00fchherbst 2021, Naturpark Barnim. Die ersten F\u00e4rbungen der Natur in Bildern eingefangen.\" \/>\n<meta property=\"og:url\" content=\"https:\/\/liebke-foto.de\/maerkischeslicht\/eichwerder-moorwiesen-im-fruehherbst\/\" \/>\n<meta property=\"og:site_name\" content=\"M\u00e4rkisches Licht - Der Fotograf der Stille\" \/>\n<meta property=\"article:published_time\" content=\"2021-09-27T19:11:06+00:00\" \/>\n<meta property=\"article:modified_time\" content=\"2022-10-08T20:20:43+00:00\" \/>\n<meta property=\"og:image\" content=\"https:\/\/liebke-foto.de\/maerkischeslicht\/wp-content\/uploads\/2021\/09\/FLZ4270_C1.jpg\" \/>\n\t<meta property=\"og:image:width\" content=\"1300\" \/>\n\t<meta property=\"og:image:height\" content=\"867\" \/>\n\t<meta property=\"og:image:type\" content=\"image\/jpeg\" \/>\n<meta name=\"author\" content=\"Frank Liebke\" \/>\n<meta name=\"twitter:card\" content=\"summary_large_image\" \/>\n<meta name=\"twitter:label1\" content=\"Verfasst von\" \/>\n\t<meta name=\"twitter:data1\" content=\"Frank Liebke\" \/>\n\t<meta name=\"twitter:label2\" content=\"Gesch\u00e4tzte Lesezeit\" \/>\n\t<meta name=\"twitter:data2\" content=\"13\u00a0Minuten\" \/>\n<script type=\"application\/ld+json\" class=\"yoast-schema-graph\">{\"@context\":\"https:\\\/\\\/schema.org\",\"@graph\":[{\"@type\":\"Article\",\"@id\":\"https:\\\/\\\/liebke-foto.de\\\/maerkischeslicht\\\/eichwerder-moorwiesen-im-fruehherbst\\\/#article\",\"isPartOf\":{\"@id\":\"https:\\\/\\\/liebke-foto.de\\\/maerkischeslicht\\\/eichwerder-moorwiesen-im-fruehherbst\\\/\"},\"author\":{\"name\":\"Frank Liebke\",\"@id\":\"https:\\\/\\\/liebke-foto.de\\\/maerkischeslicht\\\/#\\\/schema\\\/person\\\/d71108abc09a723daeeb8526a33137ee\"},\"headline\":\"Eichwerder Moorwiesen im Fr\u00fchherbst\",\"datePublished\":\"2021-09-27T19:11:06+00:00\",\"dateModified\":\"2022-10-08T20:20:43+00:00\",\"mainEntityOfPage\":{\"@id\":\"https:\\\/\\\/liebke-foto.de\\\/maerkischeslicht\\\/eichwerder-moorwiesen-im-fruehherbst\\\/\"},\"wordCount\":1086,\"commentCount\":0,\"publisher\":{\"@id\":\"https:\\\/\\\/liebke-foto.de\\\/maerkischeslicht\\\/#\\\/schema\\\/person\\\/d71108abc09a723daeeb8526a33137ee\"},\"image\":{\"@id\":\"https:\\\/\\\/liebke-foto.de\\\/maerkischeslicht\\\/eichwerder-moorwiesen-im-fruehherbst\\\/#primaryimage\"},\"thumbnailUrl\":\"https:\\\/\\\/liebke-foto.de\\\/maerkischeslicht\\\/wp-content\\\/uploads\\\/2021\\\/09\\\/FLZ4270_C1.jpg\",\"keywords\":[\"M\u00e4rkisches Licht\"],\"articleSection\":[\"Landschaft\",\"Technik\"],\"inLanguage\":\"de\",\"potentialAction\":[{\"@type\":\"CommentAction\",\"name\":\"Comment\",\"target\":[\"https:\\\/\\\/liebke-foto.de\\\/maerkischeslicht\\\/eichwerder-moorwiesen-im-fruehherbst\\\/#respond\"]}]},{\"@type\":\"WebPage\",\"@id\":\"https:\\\/\\\/liebke-foto.de\\\/maerkischeslicht\\\/eichwerder-moorwiesen-im-fruehherbst\\\/\",\"url\":\"https:\\\/\\\/liebke-foto.de\\\/maerkischeslicht\\\/eichwerder-moorwiesen-im-fruehherbst\\\/\",\"name\":\"Eichwerder Moorwiesen im Fr\u00fchherbst - M\u00e4rkisches Licht - Der Fotograf der Stille\",\"isPartOf\":{\"@id\":\"https:\\\/\\\/liebke-foto.de\\\/maerkischeslicht\\\/#website\"},\"primaryImageOfPage\":{\"@id\":\"https:\\\/\\\/liebke-foto.de\\\/maerkischeslicht\\\/eichwerder-moorwiesen-im-fruehherbst\\\/#primaryimage\"},\"image\":{\"@id\":\"https:\\\/\\\/liebke-foto.de\\\/maerkischeslicht\\\/eichwerder-moorwiesen-im-fruehherbst\\\/#primaryimage\"},\"thumbnailUrl\":\"https:\\\/\\\/liebke-foto.de\\\/maerkischeslicht\\\/wp-content\\\/uploads\\\/2021\\\/09\\\/FLZ4270_C1.jpg\",\"datePublished\":\"2021-09-27T19:11:06+00:00\",\"dateModified\":\"2022-10-08T20:20:43+00:00\",\"description\":\"Eichwerder Moorwiesen im Fr\u00fchherbst 2021, Naturpark Barnim. Die ersten F\u00e4rbungen der Natur in Bildern eingefangen.\",\"breadcrumb\":{\"@id\":\"https:\\\/\\\/liebke-foto.de\\\/maerkischeslicht\\\/eichwerder-moorwiesen-im-fruehherbst\\\/#breadcrumb\"},\"inLanguage\":\"de\",\"potentialAction\":[{\"@type\":\"ReadAction\",\"target\":[\"https:\\\/\\\/liebke-foto.de\\\/maerkischeslicht\\\/eichwerder-moorwiesen-im-fruehherbst\\\/\"]}]},{\"@type\":\"ImageObject\",\"inLanguage\":\"de\",\"@id\":\"https:\\\/\\\/liebke-foto.de\\\/maerkischeslicht\\\/eichwerder-moorwiesen-im-fruehherbst\\\/#primaryimage\",\"url\":\"https:\\\/\\\/liebke-foto.de\\\/maerkischeslicht\\\/wp-content\\\/uploads\\\/2021\\\/09\\\/FLZ4270_C1.jpg\",\"contentUrl\":\"https:\\\/\\\/liebke-foto.de\\\/maerkischeslicht\\\/wp-content\\\/uploads\\\/2021\\\/09\\\/FLZ4270_C1.jpg\",\"width\":1300,\"height\":867},{\"@type\":\"BreadcrumbList\",\"@id\":\"https:\\\/\\\/liebke-foto.de\\\/maerkischeslicht\\\/eichwerder-moorwiesen-im-fruehherbst\\\/#breadcrumb\",\"itemListElement\":[{\"@type\":\"ListItem\",\"position\":1,\"name\":\"Startseite\",\"item\":\"https:\\\/\\\/liebke-foto.de\\\/maerkischeslicht\\\/\"},{\"@type\":\"ListItem\",\"position\":2,\"name\":\"Eichwerder Moorwiesen im Fr\u00fchherbst\"}]},{\"@type\":\"WebSite\",\"@id\":\"https:\\\/\\\/liebke-foto.de\\\/maerkischeslicht\\\/#website\",\"url\":\"https:\\\/\\\/liebke-foto.de\\\/maerkischeslicht\\\/\",\"name\":\"M\u00e4rkisches Licht - Der Fotograf der Stille\",\"description\":\"Die Liebe zum Leben...\",\"publisher\":{\"@id\":\"https:\\\/\\\/liebke-foto.de\\\/maerkischeslicht\\\/#\\\/schema\\\/person\\\/d71108abc09a723daeeb8526a33137ee\"},\"potentialAction\":[{\"@type\":\"SearchAction\",\"target\":{\"@type\":\"EntryPoint\",\"urlTemplate\":\"https:\\\/\\\/liebke-foto.de\\\/maerkischeslicht\\\/?s={search_term_string}\"},\"query-input\":{\"@type\":\"PropertyValueSpecification\",\"valueRequired\":true,\"valueName\":\"search_term_string\"}}],\"inLanguage\":\"de\"},{\"@type\":[\"Person\",\"Organization\"],\"@id\":\"https:\\\/\\\/liebke-foto.de\\\/maerkischeslicht\\\/#\\\/schema\\\/person\\\/d71108abc09a723daeeb8526a33137ee\",\"name\":\"Frank Liebke\",\"image\":{\"@type\":\"ImageObject\",\"inLanguage\":\"de\",\"@id\":\"https:\\\/\\\/liebke-foto.de\\\/maerkischeslicht\\\/wp-content\\\/uploads\\\/2021\\\/12\\\/IMG-20211024-WA0001.jpg\",\"url\":\"https:\\\/\\\/liebke-foto.de\\\/maerkischeslicht\\\/wp-content\\\/uploads\\\/2021\\\/12\\\/IMG-20211024-WA0001.jpg\",\"contentUrl\":\"https:\\\/\\\/liebke-foto.de\\\/maerkischeslicht\\\/wp-content\\\/uploads\\\/2021\\\/12\\\/IMG-20211024-WA0001.jpg\",\"width\":900,\"height\":1600,\"caption\":\"Frank Liebke\"},\"logo\":{\"@id\":\"https:\\\/\\\/liebke-foto.de\\\/maerkischeslicht\\\/wp-content\\\/uploads\\\/2021\\\/12\\\/IMG-20211024-WA0001.jpg\"},\"sameAs\":[\"https:\\\/\\\/liebke-foto.de\"],\"url\":\"https:\\\/\\\/liebke-foto.de\\\/maerkischeslicht\\\/author\\\/adminuser\\\/\"}]}<\/script>\n<!-- \/ Yoast SEO plugin. -->","yoast_head_json":{"title":"Eichwerder Moorwiesen im Fr\u00fchherbst - M\u00e4rkisches Licht - Der Fotograf der Stille","description":"Eichwerder Moorwiesen im Fr\u00fchherbst 2021, Naturpark Barnim. Die ersten F\u00e4rbungen der Natur in Bildern eingefangen.","robots":{"index":"index","follow":"follow","max-snippet":"max-snippet:-1","max-image-preview":"max-image-preview:large","max-video-preview":"max-video-preview:-1"},"canonical":"https:\/\/liebke-foto.de\/maerkischeslicht\/eichwerder-moorwiesen-im-fruehherbst\/","og_locale":"de_DE","og_type":"article","og_title":"Eichwerder Moorwiesen im Fr\u00fchherbst - M\u00e4rkisches Licht - Der Fotograf der Stille","og_description":"Eichwerder Moorwiesen im Fr\u00fchherbst 2021, Naturpark Barnim. Die ersten F\u00e4rbungen der Natur in Bildern eingefangen.","og_url":"https:\/\/liebke-foto.de\/maerkischeslicht\/eichwerder-moorwiesen-im-fruehherbst\/","og_site_name":"M\u00e4rkisches Licht - Der Fotograf der Stille","article_published_time":"2021-09-27T19:11:06+00:00","article_modified_time":"2022-10-08T20:20:43+00:00","og_image":[{"width":1300,"height":867,"url":"https:\/\/liebke-foto.de\/maerkischeslicht\/wp-content\/uploads\/2021\/09\/FLZ4270_C1.jpg","type":"image\/jpeg"}],"author":"Frank Liebke","twitter_card":"summary_large_image","twitter_misc":{"Verfasst von":"Frank Liebke","Gesch\u00e4tzte Lesezeit":"13\u00a0Minuten"},"schema":{"@context":"https:\/\/schema.org","@graph":[{"@type":"Article","@id":"https:\/\/liebke-foto.de\/maerkischeslicht\/eichwerder-moorwiesen-im-fruehherbst\/#article","isPartOf":{"@id":"https:\/\/liebke-foto.de\/maerkischeslicht\/eichwerder-moorwiesen-im-fruehherbst\/"},"author":{"name":"Frank Liebke","@id":"https:\/\/liebke-foto.de\/maerkischeslicht\/#\/schema\/person\/d71108abc09a723daeeb8526a33137ee"},"headline":"Eichwerder Moorwiesen im Fr\u00fchherbst","datePublished":"2021-09-27T19:11:06+00:00","dateModified":"2022-10-08T20:20:43+00:00","mainEntityOfPage":{"@id":"https:\/\/liebke-foto.de\/maerkischeslicht\/eichwerder-moorwiesen-im-fruehherbst\/"},"wordCount":1086,"commentCount":0,"publisher":{"@id":"https:\/\/liebke-foto.de\/maerkischeslicht\/#\/schema\/person\/d71108abc09a723daeeb8526a33137ee"},"image":{"@id":"https:\/\/liebke-foto.de\/maerkischeslicht\/eichwerder-moorwiesen-im-fruehherbst\/#primaryimage"},"thumbnailUrl":"https:\/\/liebke-foto.de\/maerkischeslicht\/wp-content\/uploads\/2021\/09\/FLZ4270_C1.jpg","keywords":["M\u00e4rkisches Licht"],"articleSection":["Landschaft","Technik"],"inLanguage":"de","potentialAction":[{"@type":"CommentAction","name":"Comment","target":["https:\/\/liebke-foto.de\/maerkischeslicht\/eichwerder-moorwiesen-im-fruehherbst\/#respond"]}]},{"@type":"WebPage","@id":"https:\/\/liebke-foto.de\/maerkischeslicht\/eichwerder-moorwiesen-im-fruehherbst\/","url":"https:\/\/liebke-foto.de\/maerkischeslicht\/eichwerder-moorwiesen-im-fruehherbst\/","name":"Eichwerder Moorwiesen im Fr\u00fchherbst - M\u00e4rkisches Licht - Der Fotograf der Stille","isPartOf":{"@id":"https:\/\/liebke-foto.de\/maerkischeslicht\/#website"},"primaryImageOfPage":{"@id":"https:\/\/liebke-foto.de\/maerkischeslicht\/eichwerder-moorwiesen-im-fruehherbst\/#primaryimage"},"image":{"@id":"https:\/\/liebke-foto.de\/maerkischeslicht\/eichwerder-moorwiesen-im-fruehherbst\/#primaryimage"},"thumbnailUrl":"https:\/\/liebke-foto.de\/maerkischeslicht\/wp-content\/uploads\/2021\/09\/FLZ4270_C1.jpg","datePublished":"2021-09-27T19:11:06+00:00","dateModified":"2022-10-08T20:20:43+00:00","description":"Eichwerder Moorwiesen im Fr\u00fchherbst 2021, Naturpark Barnim. Die ersten F\u00e4rbungen der Natur in Bildern eingefangen.","breadcrumb":{"@id":"https:\/\/liebke-foto.de\/maerkischeslicht\/eichwerder-moorwiesen-im-fruehherbst\/#breadcrumb"},"inLanguage":"de","potentialAction":[{"@type":"ReadAction","target":["https:\/\/liebke-foto.de\/maerkischeslicht\/eichwerder-moorwiesen-im-fruehherbst\/"]}]},{"@type":"ImageObject","inLanguage":"de","@id":"https:\/\/liebke-foto.de\/maerkischeslicht\/eichwerder-moorwiesen-im-fruehherbst\/#primaryimage","url":"https:\/\/liebke-foto.de\/maerkischeslicht\/wp-content\/uploads\/2021\/09\/FLZ4270_C1.jpg","contentUrl":"https:\/\/liebke-foto.de\/maerkischeslicht\/wp-content\/uploads\/2021\/09\/FLZ4270_C1.jpg","width":1300,"height":867},{"@type":"BreadcrumbList","@id":"https:\/\/liebke-foto.de\/maerkischeslicht\/eichwerder-moorwiesen-im-fruehherbst\/#breadcrumb","itemListElement":[{"@type":"ListItem","position":1,"name":"Startseite","item":"https:\/\/liebke-foto.de\/maerkischeslicht\/"},{"@type":"ListItem","position":2,"name":"Eichwerder Moorwiesen im Fr\u00fchherbst"}]},{"@type":"WebSite","@id":"https:\/\/liebke-foto.de\/maerkischeslicht\/#website","url":"https:\/\/liebke-foto.de\/maerkischeslicht\/","name":"M\u00e4rkisches Licht - Der Fotograf der Stille","description":"Die Liebe zum Leben...","publisher":{"@id":"https:\/\/liebke-foto.de\/maerkischeslicht\/#\/schema\/person\/d71108abc09a723daeeb8526a33137ee"},"potentialAction":[{"@type":"SearchAction","target":{"@type":"EntryPoint","urlTemplate":"https:\/\/liebke-foto.de\/maerkischeslicht\/?s={search_term_string}"},"query-input":{"@type":"PropertyValueSpecification","valueRequired":true,"valueName":"search_term_string"}}],"inLanguage":"de"},{"@type":["Person","Organization"],"@id":"https:\/\/liebke-foto.de\/maerkischeslicht\/#\/schema\/person\/d71108abc09a723daeeb8526a33137ee","name":"Frank Liebke","image":{"@type":"ImageObject","inLanguage":"de","@id":"https:\/\/liebke-foto.de\/maerkischeslicht\/wp-content\/uploads\/2021\/12\/IMG-20211024-WA0001.jpg","url":"https:\/\/liebke-foto.de\/maerkischeslicht\/wp-content\/uploads\/2021\/12\/IMG-20211024-WA0001.jpg","contentUrl":"https:\/\/liebke-foto.de\/maerkischeslicht\/wp-content\/uploads\/2021\/12\/IMG-20211024-WA0001.jpg","width":900,"height":1600,"caption":"Frank Liebke"},"logo":{"@id":"https:\/\/liebke-foto.de\/maerkischeslicht\/wp-content\/uploads\/2021\/12\/IMG-20211024-WA0001.jpg"},"sameAs":["https:\/\/liebke-foto.de"],"url":"https:\/\/liebke-foto.de\/maerkischeslicht\/author\/adminuser\/"}]}},"_links":{"self":[{"href":"https:\/\/liebke-foto.de\/maerkischeslicht\/wp-json\/wp\/v2\/posts\/4779","targetHints":{"allow":["GET"]}}],"collection":[{"href":"https:\/\/liebke-foto.de\/maerkischeslicht\/wp-json\/wp\/v2\/posts"}],"about":[{"href":"https:\/\/liebke-foto.de\/maerkischeslicht\/wp-json\/wp\/v2\/types\/post"}],"author":[{"embeddable":true,"href":"https:\/\/liebke-foto.de\/maerkischeslicht\/wp-json\/wp\/v2\/users\/1"}],"replies":[{"embeddable":true,"href":"https:\/\/liebke-foto.de\/maerkischeslicht\/wp-json\/wp\/v2\/comments?post=4779"}],"version-history":[{"count":35,"href":"https:\/\/liebke-foto.de\/maerkischeslicht\/wp-json\/wp\/v2\/posts\/4779\/revisions"}],"predecessor-version":[{"id":6572,"href":"https:\/\/liebke-foto.de\/maerkischeslicht\/wp-json\/wp\/v2\/posts\/4779\/revisions\/6572"}],"wp:featuredmedia":[{"embeddable":true,"href":"https:\/\/liebke-foto.de\/maerkischeslicht\/wp-json\/wp\/v2\/media\/4803"}],"wp:attachment":[{"href":"https:\/\/liebke-foto.de\/maerkischeslicht\/wp-json\/wp\/v2\/media?parent=4779"}],"wp:term":[{"taxonomy":"category","embeddable":true,"href":"https:\/\/liebke-foto.de\/maerkischeslicht\/wp-json\/wp\/v2\/categories?post=4779"},{"taxonomy":"post_tag","embeddable":true,"href":"https:\/\/liebke-foto.de\/maerkischeslicht\/wp-json\/wp\/v2\/tags?post=4779"}],"curies":[{"name":"wp","href":"https:\/\/api.w.org\/{rel}","templated":true}]}}