{"id":4738,"date":"2021-08-29T13:21:24","date_gmt":"2021-08-29T11:21:24","guid":{"rendered":"https:\/\/liebke-foto.de\/maerkischeslicht\/?p=4738"},"modified":"2024-02-21T16:40:57","modified_gmt":"2024-02-21T14:40:57","slug":"lenzerwische-am-elbedeich-abreisetag-und-ausklang","status":"publish","type":"post","link":"https:\/\/liebke-foto.de\/maerkischeslicht\/lenzerwische-am-elbedeich-abreisetag-und-ausklang\/","title":{"rendered":"Lenzerwische am Elbedeich"},"content":{"rendered":"<div class=\"wp-block-image\">\n<figure class=\"aligncenter size-large\"><a href=\"https:\/\/liebke-foto.de\/maerkischeslicht\/wp-content\/uploads\/2021\/08\/FZ25542_C1.jpg\"><img loading=\"lazy\" decoding=\"async\" width=\"1200\" height=\"800\" src=\"https:\/\/liebke-foto.de\/maerkischeslicht\/wp-content\/uploads\/2021\/08\/FZ25542_C1-1200x800.jpg\" alt=\"Abschied mit ein bisschen Wehmut und einem letzten Blick auf die Elbe, von der Lenzerwische.\" class=\"wp-image-4740\" srcset=\"https:\/\/liebke-foto.de\/maerkischeslicht\/wp-content\/uploads\/2021\/08\/FZ25542_C1-1200x800.jpg 1200w, https:\/\/liebke-foto.de\/maerkischeslicht\/wp-content\/uploads\/2021\/08\/FZ25542_C1-768x512.jpg 768w, https:\/\/liebke-foto.de\/maerkischeslicht\/wp-content\/uploads\/2021\/08\/FZ25542_C1.jpg 1300w\" sizes=\"auto, (max-width: 1200px) 100vw, 1200px\" \/><\/a><figcaption class=\"wp-element-caption\">Abschied mit ein bisschen Wehmut und einem letzten Blick auf die Elbe.<\/figcaption><\/figure>\n<\/div>\n\n\n<p><\/p>\n\n\n\n<h2 class=\"wp-block-heading has-text-align-center\">Lenzerwische am Elbedeich &#8211; Abreisetag und Ausklang<\/h2>\n\n\n\n<p>Sch\u00f6nste Zeiten, wie hier an der Lenzerwische am Elbedeich, gehen am schnellsten vorbei. Aber man erlebt jede Minute intensiv. Am Abreisetag musste es noch sein dass wir der Elbe einen vorerst letzten Besuch abstatteten. Denn soviel ist gewiss, zum letzten Mal waren wir sicher nicht dort. Es war eine fantastisch sch\u00f6ne Zeit voller Eindr\u00fccke. Unvergesslich. <\/p>\n\n\n\n<p>Nun hatte &#8222;er da oben&#8220;  uns den Abschied sicher leichter machen wollen mit &#8222;schlechtem Wetter&#8220;, sprich Regen und Sturm. Als ob ER uns nicht besser kennen m\u00fcsste, auch das war unser Wetter. Wir sind so ziemlich bei jeder Witterung unterwegs, dicht am Boden mit unseren F\u00fc\u00dfen, die Nase im Wind und die Seele voller Freude am (Er-)Leben \ud83d\ude00 . <\/p>\n\n\n\n<p>Jetzt habe ich f\u00fcr Euch nur noch diese drei Bilder vom Tag 4, die anderen Beitr\u00e4ge \u00fcber die Lenzerwische am Elbedeich habt Ihr sicher schon gelesen und geschaut. Nun sind wir beide ja sehr kreative, doch auch sehr introvertierte Menschen und f\u00fchlen uns so am wohlsten in unserer Haut. Und so entstehen mit Patricia Koelles Ideen und Geschichten sch\u00f6nste B\u00fccher, die einfach mal die sch\u00f6nen Seiten des Lebens zeigen. Und dabei Denkanst\u00f6\u00dfe f\u00fcr das eigene Tun geben. Kann ich einfach so behaupten, denn seit ich sie kennenlernen durfte, hat das bei mir einen kreativen Schub ausgel\u00f6st wie lange vorher nicht. Und sie best\u00e4tigte mir dasselbe f\u00fcr sich. Nun, besser kann es fast nicht sein, aber es wird bei jedem Abenteuer noch mehr. <\/p>\n\n\n\n<p>Das Leben macht Spa\u00df, bei mir jetzt wieder und sehr stark. Hab mich Jahre nicht so wohl gef\u00fchlt wie in diesem. Und es sind lange nicht so viele Blogs aus meiner Tastatur geflossen, wo ich manchmal sp\u00e4ter, wenn ich sie nochmal lese, das Gef\u00fchl habe, das hat jemand anderes aber nicht ich, geschrieben. Vielleicht war es das gro\u00dfe ES, wie es Erwin Strittmatter im &#8222;Wundert\u00e4ter&#8220; beschrieb, eben das gro\u00dfe Leben. Wer wei\u00df. <\/p>\n\n\n\n<p>Klar, es geht nicht immer alles wie am Schn\u00fcrchen und ja, es ist viel Arbeit. Einen Roman zu schreiben sowieso und Bilder einfangen und herstellen, die sp\u00e4ter das Herz einiger Menschen ber\u00fchren, auch. Kennt jeder wirklich Kreative. Und genauso w\u00fcrde kein Kreativer sich vorstellen k\u00f6nnen, deshalb etwas anderes zu machen. Es ist wie ein Rausch, dieser Schaffensprozess, von der Idee bis hin zum fertigen Produkt, das man dann aus der Hand geben kann. Mit gutem Gewissen, denn man hat das M\u00f6glichste getan. Und wenn es dann auch noch gut ankommt, gef\u00e4llt, f\u00fcr den Kreativen das gr\u00f6\u00dfte Geschenk. <\/p>\n\n\n\n<p><\/p>\n\n\n\n<p>Patricia hat neue Ideen gesammelt und Bilder, Filme f\u00fcr ihre B\u00fccher aufgenommen, die dann zu Hause in Form gebracht wurden. Ich habe so viele Bilder am St\u00fcck wie lange nicht aufgenommen, gesammelt. Um die Sch\u00f6nsten zu Hause am Rechner in die Form zu entwickeln, damit sie der Stimmung vor Ort ungef\u00e4hr gerecht werden. Wohlgemerkt, entwickelt, nicht verfremdet oder &#8222;gebastelt&#8220;. Alle meine Bilder geben genau das Licht, die Stimmung und meine Empfindung im Moment des Erlebens und der Aufnahme wieder. Ich habe schon sehr lange kein Stativ mehr verwendet. So f\u00fchle ich mich freier und kann per Hand meine besten Ausschnitte auch am besten ausw\u00e4hlen. Die neue Technik ist da auch sehr hilfreich. Durch den integrierten VR und einer recht ruhigen Hand sind sie trotzdem gestochen scharf. <\/p>\n\n\n\n<p>Alle Aufnahmen sind mit meinen zwei Nikon Z7 gemacht, an einer das Z-Nikkor 4\/24-70S, an der anderen dieses Mal haupts\u00e4chlich das 200-500\/5,6VR oder manchmal auch das 70-300\/5,6VR. Dazu Polfilter. Die eine Z7 mit dem mittleren Zoom fast durchg\u00e4ngig bei ISO80 und Blende 11 genutzt. Bei der anderen mit den Telezooms kamen h\u00f6rere ISO-Werte zum Gebrauch, aber au\u00dfer bei der Schwalbenf\u00fctterung meistens zwischen 250 und 400 ISO. Mit dem Z-Nikkor hat sich Nikon nochmal selbst \u00fcbertroffen, genau wie auch mit den anderen neuen. Eine Brillianz, verbunden mit einer Aufl\u00f6sung kleinster Details, und das am 45MP-Chip der Z7 sichtbar gemacht. <\/p>\n\n\n\n<p>Das haut einen schier um! Das gab es vorher einfach nicht, zumal mit Zoom, obwohl alle Objektive vorher schon so gut waren, dass man es nicht f\u00fcr m\u00f6glich hielt nochmals eine so brachiale Steigerung dabei zu erleben. Und ja, ich bin absoluter Nutzer mit gr\u00f6\u00dftem Gefallen dieser Neuerungen. Warum auch nicht. Zu Zeiten, als man noch einen Film in die Kamera legte, war jede sch\u00e4rfere neue Filmemulsion freudigst begr\u00fc\u00dft worden. Und bessere Objektive. Das ging bei mir soweit, dass ich irgendwann auf Mittel- und Gro\u00dfformat und Negativfilm umstieg. Um auch in einem Bild von 40cmx50cm Gr\u00f6\u00dfe und dar\u00fcber hinaus, nicht im Korndschungel zu versinken, sondern gestochen scharfe Bilder in der Hand zu halten. Daran hat sich bei mir auch nichts ge\u00e4ndert. <\/p>\n\n\n\n<p><br \/>Klar, es gibt Liebhaber, Technikliebhaber und Liebhaber des alten Kinofilms, die es mitunter wieder m\u00f6gen, dass die Ergebnisse den Kinofilmtouch haben, sprich, nicht so brutal knackscharf. Und andere, die sich und anderen in einer Dauerschleife beweisen m\u00fcssen, dass man auch mit 20, 30, 60 Jahre alte und \u00e4ltere Objektive &#8222;fotografieren kann&#8220;. \ud83d\ude00 Solln sie, wenns Spa\u00df macht. Au\u00dferdem ist es ja sooo billig, alte &#8222;Sch\u00e4tze&#8220; auf dem Flohmarkt f\u00fcr wenigst Geld mittels Adapter an die neue spiegellose Kamera zu adaptieren. Und Wunder, es geht! Man kann damit fotografieren! Wow!! <\/p>\n\n\n\n<p>Und auch die Adapter kosten Geld, zumal f\u00fcr die verschiedensten Objektivanschl\u00fcsse zu hause dann eine &#8222;Adapter-Flut&#8220; lagern m\u00fcsste. Welche Erkenntnis. Man kann auch mit einem alten VW-K\u00e4fer oder Trabant fahren, ja, das geht. Machen auch viele, einfach weil es Spa\u00df macht. Und so soll es ja auch sein. Ich kenne nur keinen von denen, die deshalb den enormen Fortschritt in der Automobilindustrie wegwischen und \u00fcber die hohen Preise eine Neuwagens oder gut Gebrauchten die Nase r\u00fcmpfen. Ist eben so, so geht Wirtschaft. Und wie gesagt, ich erhebe mich gar nicht, und erst recht nicht abgehoben oder h\u00f6nisch \u00fcber diese Mitmenschen. <\/p>\n\n\n\n<p>Sollen sie ihr Altglas sammeln und damit irgendwelche Bilder knipsen, wenns Spa\u00df macht ist das doch okay. Aber sich in jedem dritten Satz dar\u00fcber freuen was man an den &#8222;alten Sch\u00e4tzen&#8220; \u00fcbern Flohmarkt so alles gespart hat und dass die neuen Objektive sooo unversch\u00e4mt und unangemessen teuer sind. DAS nervt dann doch. Da k\u00f6nnte man mutma\u00dfen, da schwingt der Neid auf die mit, die sie sich doch leisten (k\u00f6nnen), oder sogar einfach mal von der Kamerafirma zum Testen geliehen bekommen haben. Warum die und nicht ich?? scheint die Frage zu stehen. M\u00fc\u00dfig dr\u00fcber nachzudenken. Ich kann mir auch nur das leisten was geht, aber ich bin sehr oft drau\u00dfen und mache Bilder.<\/p>\n\n\n\n<p> Und denen sieht man dann nicht mehr an mit welcher Technik die entstanden sind. Aber es sind doch Bilder, zumindest bilde ich mir das ein, denn f\u00fcr mich sind es welche. Und in erster Linie mache ich diese Bilder nur f\u00fcr mich, es ist dieser gewisse kreative Prozess. Das geht gar nicht anders. Und wenn sie dann noch anderen, sogar mitunter vielen anderen, gefallen, dann ist da auch eine gro\u00dfe Freude in mir mit dem Gef\u00fchl, vielleicht auch andere Menschen damit gl\u00fccklich zu machen. Das ist f\u00fcr mich Leben in der sch\u00f6nsten Form. <\/p>\n\n\n\n<p><br \/>Ach ja, ein Argument f\u00fcr die super pr\u00e4ziese Technik wollte ich noch anbringen: Meine Kalender im A2-Format brauchen schon mal mehr als 2, 4 oder 6 MP. Und eins ist ein Trugschluss an sich: Auch wenn man mit den modernen Programmen schon mal aus 2MP deren 6 oder gar 10MP machen kann, werden doch nur die Details, die so ein magerer Chip aufnehmen kann hochinterpoliert. Im direkten Vergleich sieht man schon den Unterschied einer interpolierten Gr\u00f6\u00dfe oder echten 36MP oder gar h\u00f6her. Wenn man dann wie ich vor ein paar Jahren den Vergleich in zwei verschiedenen Bildern hat, die auf eine Endgr\u00f6\u00dfe von 2,5m x 1,5m gebracht wurden. <\/p>\n\n\n\n<p>Das eine aus einer Datei von 10MP, die anderen aus 36MP und direkt davor steht in der Ausstellung, dann muss man nichts mehr erkl\u00e4ren. Zeigte das 10MP-Bild doch schon kleinste Bl\u00f6cke, so waren die Bilder von den 36MP-Daten so scharf, detailreich, dass man das Schilf am Seerand glaubte rascheln zu h\u00f6ren. So pr\u00e4ziese kam das im Druck. Und genau deshalb jetzt alles nur mit 45MP, man wei\u00df nie was aus den Bildern mal werden soll. Nicht umsonst baut Phase One R\u00fcckteile mit gar 150MP! <\/p>\n\n\n\n<p>Okay, bin etwas abgeschweift, nun noch eine kleine Nachlese von Bildern, die wir im Laufe der Tage nur so f\u00fcr uns aufgenommen haben, oder zur Werbung f\u00fcr Patricias neues Buch, und zur Recherche, zur Darstellung der Orte f\u00fcr die Leser und f\u00fcr deren Fantasie. Wir sind wie geschrieben eher introvertiert und schon gar keine Selbstdarsteller! Aber irgendwie reizt es mich nun doch, auch mal dise Seiten von uns zu zeigen. Viel Spa\u00df und bis zum n\u00e4chsten Mal \ud83d\ude42<\/p>\n\n\n<div class=\"wp-block-image\">\n<figure class=\"aligncenter size-large\"><a href=\"https:\/\/liebke-foto.de\/maerkischeslicht\/wp-content\/uploads\/2021\/08\/FZ25536_C1.jpg\"><img loading=\"lazy\" decoding=\"async\" width=\"1200\" height=\"800\" src=\"https:\/\/liebke-foto.de\/maerkischeslicht\/wp-content\/uploads\/2021\/08\/FZ25536_C1-1200x800.jpg\" alt=\"Tsch\u00fc\u00df Lenzerwische, wir kommen wieder.\" class=\"wp-image-4739\" srcset=\"https:\/\/liebke-foto.de\/maerkischeslicht\/wp-content\/uploads\/2021\/08\/FZ25536_C1-1200x800.jpg 1200w, https:\/\/liebke-foto.de\/maerkischeslicht\/wp-content\/uploads\/2021\/08\/FZ25536_C1-768x512.jpg 768w, https:\/\/liebke-foto.de\/maerkischeslicht\/wp-content\/uploads\/2021\/08\/FZ25536_C1.jpg 1300w\" sizes=\"auto, (max-width: 1200px) 100vw, 1200px\" \/><\/a><figcaption class=\"wp-element-caption\">Tsch\u00fc\u00df Lenzerwische, wir kommen wieder \ud83d\ude42<\/figcaption><\/figure>\n<\/div>\n\n<div class=\"wp-block-image\">\n<figure class=\"aligncenter size-large\"><a href=\"https:\/\/liebke-foto.de\/maerkischeslicht\/wp-content\/uploads\/2021\/08\/FZ25375_C1.jpg\"><img loading=\"lazy\" decoding=\"async\" width=\"1200\" height=\"800\" src=\"https:\/\/liebke-foto.de\/maerkischeslicht\/wp-content\/uploads\/2021\/08\/FZ25375_C1-1200x800.jpg\" alt=\"Werbefotos f\u00fcr Patricia Koelles neuen Roman &quot;Das Geheimnis der Grash\u00fcpfer&quot; des Fischer-Verlags. In der Lenzerwische.\" class=\"wp-image-4691\" srcset=\"https:\/\/liebke-foto.de\/maerkischeslicht\/wp-content\/uploads\/2021\/08\/FZ25375_C1-1200x800.jpg 1200w, https:\/\/liebke-foto.de\/maerkischeslicht\/wp-content\/uploads\/2021\/08\/FZ25375_C1-768x512.jpg 768w, https:\/\/liebke-foto.de\/maerkischeslicht\/wp-content\/uploads\/2021\/08\/FZ25375_C1.jpg 1300w\" sizes=\"auto, (max-width: 1200px) 100vw, 1200px\" \/><\/a><figcaption class=\"wp-element-caption\">Werbefotos f\u00fcr Patricia Koelles neuen Roman &#8222;Das Geheimnis der Grash\u00fcpfer&#8220; des Fischer-Verlags<\/figcaption><\/figure>\n<\/div>\n\n<div class=\"wp-block-image\">\n<figure class=\"aligncenter size-large\"><a href=\"https:\/\/liebke-foto.de\/maerkischeslicht\/wp-content\/uploads\/2021\/08\/FZ25382_C1.jpg\"><img loading=\"lazy\" decoding=\"async\" width=\"1200\" height=\"800\" src=\"https:\/\/liebke-foto.de\/maerkischeslicht\/wp-content\/uploads\/2021\/08\/FZ25382_C1-1200x800.jpg\" alt=\"Werbefotos f\u00fcr Patricia Koelles neuen Roman &quot;Das Geheimnis der Grash\u00fcpfer&quot; des Fischer-Verlags. In der Lenzerwische.\" class=\"wp-image-4692\" srcset=\"https:\/\/liebke-foto.de\/maerkischeslicht\/wp-content\/uploads\/2021\/08\/FZ25382_C1-1200x800.jpg 1200w, https:\/\/liebke-foto.de\/maerkischeslicht\/wp-content\/uploads\/2021\/08\/FZ25382_C1-768x512.jpg 768w, https:\/\/liebke-foto.de\/maerkischeslicht\/wp-content\/uploads\/2021\/08\/FZ25382_C1.jpg 1300w\" sizes=\"auto, (max-width: 1200px) 100vw, 1200px\" \/><\/a><figcaption class=\"wp-element-caption\">Werbefotos f\u00fcr Patricia Koelles neuen Roman &#8222;Das Geheimnis der Grash\u00fcpfer&#8220; des Fischer-Verlags<\/figcaption><\/figure>\n<\/div>\n\n<div class=\"wp-block-image\">\n<figure class=\"aligncenter size-large\"><a href=\"https:\/\/liebke-foto.de\/maerkischeslicht\/wp-content\/uploads\/2021\/08\/FZ25299_C1.jpg\"><img loading=\"lazy\" decoding=\"async\" width=\"1200\" height=\"800\" src=\"https:\/\/liebke-foto.de\/maerkischeslicht\/wp-content\/uploads\/2021\/08\/FZ25299_C1-1200x800.jpg\" alt=\"Fotos und Takes f\u00fcr Trailer werden von Patricia Koelle gesammelt. Lenzerwische.\" class=\"wp-image-4688\" srcset=\"https:\/\/liebke-foto.de\/maerkischeslicht\/wp-content\/uploads\/2021\/08\/FZ25299_C1-1200x800.jpg 1200w, https:\/\/liebke-foto.de\/maerkischeslicht\/wp-content\/uploads\/2021\/08\/FZ25299_C1-768x512.jpg 768w, https:\/\/liebke-foto.de\/maerkischeslicht\/wp-content\/uploads\/2021\/08\/FZ25299_C1.jpg 1300w\" sizes=\"auto, (max-width: 1200px) 100vw, 1200px\" \/><\/a><figcaption class=\"wp-element-caption\">Fotos und Takes f\u00fcr Trailer werden von Patricia Koelle gesammelt<\/figcaption><\/figure>\n<\/div>\n\n<div class=\"wp-block-image\">\n<figure class=\"aligncenter size-large\"><a href=\"https:\/\/liebke-foto.de\/maerkischeslicht\/wp-content\/uploads\/2021\/08\/DSC_0939.jpg\"><img loading=\"lazy\" decoding=\"async\" width=\"601\" height=\"800\" src=\"https:\/\/liebke-foto.de\/maerkischeslicht\/wp-content\/uploads\/2021\/08\/DSC_0939-601x800.jpg\" alt=\"In der Lenzerwische. Am Tag der Ankunft noch vor dem Einchecken, Lucys Geburtstagskuchen im Hotel Alte Fischerkate M\u00f6dlich.\" class=\"wp-image-4756\" srcset=\"https:\/\/liebke-foto.de\/maerkischeslicht\/wp-content\/uploads\/2021\/08\/DSC_0939-601x800.jpg 601w, https:\/\/liebke-foto.de\/maerkischeslicht\/wp-content\/uploads\/2021\/08\/DSC_0939-768x1023.jpg 768w, https:\/\/liebke-foto.de\/maerkischeslicht\/wp-content\/uploads\/2021\/08\/DSC_0939.jpg 901w\" sizes=\"auto, (max-width: 601px) 100vw, 601px\" \/><\/a><figcaption class=\"wp-element-caption\">Am Tag der Ankunft noch vor dem Einchecken, Lucys Geburtstagskuchen im Hotel Alte Fischerkate M\u00f6dlich<\/figcaption><\/figure>\n<\/div>\n\n<div class=\"wp-block-image\">\n<figure class=\"aligncenter size-large\"><a href=\"https:\/\/liebke-foto.de\/maerkischeslicht\/wp-content\/uploads\/2021\/08\/IMG-20210805-WA0004.jpg\"><img loading=\"lazy\" decoding=\"async\" width=\"1422\" height=\"800\" src=\"https:\/\/liebke-foto.de\/maerkischeslicht\/wp-content\/uploads\/2021\/08\/IMG-20210805-WA0004-1422x800.jpg\" alt=\"Zufriedener Zwischenstop im Hotel Alte Fischerkate M\u00f6dlich in der Lenzerwische.\" class=\"wp-image-4757\" srcset=\"https:\/\/liebke-foto.de\/maerkischeslicht\/wp-content\/uploads\/2021\/08\/IMG-20210805-WA0004-1422x800.jpg 1422w, https:\/\/liebke-foto.de\/maerkischeslicht\/wp-content\/uploads\/2021\/08\/IMG-20210805-WA0004-1400x788.jpg 1400w, https:\/\/liebke-foto.de\/maerkischeslicht\/wp-content\/uploads\/2021\/08\/IMG-20210805-WA0004-768x432.jpg 768w, https:\/\/liebke-foto.de\/maerkischeslicht\/wp-content\/uploads\/2021\/08\/IMG-20210805-WA0004-1536x864.jpg 1536w, https:\/\/liebke-foto.de\/maerkischeslicht\/wp-content\/uploads\/2021\/08\/IMG-20210805-WA0004.jpg 2016w\" sizes=\"auto, (max-width: 1422px) 100vw, 1422px\" \/><\/a><figcaption class=\"wp-element-caption\">Zufriedener Zwischenstop im Hotel Alte Fischerkate M\u00f6dlich<\/figcaption><\/figure>\n<\/div>\n\n<div class=\"wp-block-image\">\n<figure class=\"aligncenter size-large\"><a href=\"https:\/\/liebke-foto.de\/maerkischeslicht\/wp-content\/uploads\/2021\/08\/IMG-20210805-WA0005.jpg\"><img loading=\"lazy\" decoding=\"async\" width=\"1422\" height=\"800\" src=\"https:\/\/liebke-foto.de\/maerkischeslicht\/wp-content\/uploads\/2021\/08\/IMG-20210805-WA0005-1422x800.jpg\" alt=\"Das M\u00e4rkische Licht leuchtete vier Tage in seiner sch\u00f6nsten Form , Foto: Patricia Koelle. An der Elbe in der Lenzerwische.\" class=\"wp-image-4758\" srcset=\"https:\/\/liebke-foto.de\/maerkischeslicht\/wp-content\/uploads\/2021\/08\/IMG-20210805-WA0005-1422x800.jpg 1422w, https:\/\/liebke-foto.de\/maerkischeslicht\/wp-content\/uploads\/2021\/08\/IMG-20210805-WA0005-1400x788.jpg 1400w, https:\/\/liebke-foto.de\/maerkischeslicht\/wp-content\/uploads\/2021\/08\/IMG-20210805-WA0005-768x432.jpg 768w, https:\/\/liebke-foto.de\/maerkischeslicht\/wp-content\/uploads\/2021\/08\/IMG-20210805-WA0005-1536x864.jpg 1536w, https:\/\/liebke-foto.de\/maerkischeslicht\/wp-content\/uploads\/2021\/08\/IMG-20210805-WA0005.jpg 1600w\" sizes=\"auto, (max-width: 1422px) 100vw, 1422px\" \/><\/a><figcaption class=\"wp-element-caption\">Das M\u00e4rkische Licht leuchtete vier Tage in seiner sch\u00f6nsten Form , Foto: Patricia Koelle<\/figcaption><\/figure>\n<\/div>\n\n<div class=\"wp-block-image\">\n<figure class=\"aligncenter size-large\"><a href=\"https:\/\/liebke-foto.de\/maerkischeslicht\/wp-content\/uploads\/2021\/08\/FZ24799_C1-1.jpg\"><img loading=\"lazy\" decoding=\"async\" width=\"1200\" height=\"800\" src=\"https:\/\/liebke-foto.de\/maerkischeslicht\/wp-content\/uploads\/2021\/08\/FZ24799_C1-1-1200x800.jpg\" alt=\"St\u00fccke f\u00fcr den neuen Filmtrailer am Elbedeich in der Lenzerwische.\" class=\"wp-image-4747\" srcset=\"https:\/\/liebke-foto.de\/maerkischeslicht\/wp-content\/uploads\/2021\/08\/FZ24799_C1-1-1200x800.jpg 1200w, https:\/\/liebke-foto.de\/maerkischeslicht\/wp-content\/uploads\/2021\/08\/FZ24799_C1-1-768x512.jpg 768w, https:\/\/liebke-foto.de\/maerkischeslicht\/wp-content\/uploads\/2021\/08\/FZ24799_C1-1.jpg 1300w\" sizes=\"auto, (max-width: 1200px) 100vw, 1200px\" \/><\/a><figcaption class=\"wp-element-caption\">St\u00fccke f\u00fcr den neuen Filmtrailer am Elbedeich<\/figcaption><\/figure>\n<\/div>\n\n<div class=\"wp-block-image\">\n<figure class=\"aligncenter size-large\"><a href=\"https:\/\/liebke-foto.de\/maerkischeslicht\/wp-content\/uploads\/2021\/08\/FZ24548_C1-1.jpg\"><img loading=\"lazy\" decoding=\"async\" width=\"1200\" height=\"800\" src=\"https:\/\/liebke-foto.de\/maerkischeslicht\/wp-content\/uploads\/2021\/08\/FZ24548_C1-1-1200x800.jpg\" alt=\"An der Stepenitz in meinem Geburtsort Wittenberge. Patricia Koelle.\" class=\"wp-image-4745\" srcset=\"https:\/\/liebke-foto.de\/maerkischeslicht\/wp-content\/uploads\/2021\/08\/FZ24548_C1-1-1200x800.jpg 1200w, https:\/\/liebke-foto.de\/maerkischeslicht\/wp-content\/uploads\/2021\/08\/FZ24548_C1-1-768x512.jpg 768w, https:\/\/liebke-foto.de\/maerkischeslicht\/wp-content\/uploads\/2021\/08\/FZ24548_C1-1.jpg 1300w\" sizes=\"auto, (max-width: 1200px) 100vw, 1200px\" \/><\/a><figcaption class=\"wp-element-caption\">An der Stepenitz in meinem Geburtsort Wittenberge<\/figcaption><\/figure>\n<\/div>\n\n<div class=\"wp-block-image\">\n<figure class=\"aligncenter size-large\"><a href=\"https:\/\/liebke-foto.de\/maerkischeslicht\/wp-content\/uploads\/2021\/08\/FZ24702_C1.jpg\"><img loading=\"lazy\" decoding=\"async\" width=\"1200\" height=\"800\" src=\"https:\/\/liebke-foto.de\/maerkischeslicht\/wp-content\/uploads\/2021\/08\/FZ24702_C1-1200x800.jpg\" alt=\"Erster Tee, gesch\u00fctzt im Caf\u00e9 hinterm Elbdeich im Landhaus Elbeflair in der Lenzerwische.\" class=\"wp-image-4746\" srcset=\"https:\/\/liebke-foto.de\/maerkischeslicht\/wp-content\/uploads\/2021\/08\/FZ24702_C1-1200x800.jpg 1200w, https:\/\/liebke-foto.de\/maerkischeslicht\/wp-content\/uploads\/2021\/08\/FZ24702_C1-768x512.jpg 768w, https:\/\/liebke-foto.de\/maerkischeslicht\/wp-content\/uploads\/2021\/08\/FZ24702_C1.jpg 1300w\" sizes=\"auto, (max-width: 1200px) 100vw, 1200px\" \/><\/a><figcaption class=\"wp-element-caption\">Erster Tee, gesch\u00fctzt im Caf\u00e9 hinterm Elbdeich im Landhaus Elbeflair<\/figcaption><\/figure>\n<\/div>\n\n<div class=\"wp-block-image\">\n<figure class=\"aligncenter size-large\"><a href=\"https:\/\/liebke-foto.de\/maerkischeslicht\/wp-content\/uploads\/2021\/08\/IMG-20210808-WA0007.jpg\"><img loading=\"lazy\" decoding=\"async\" width=\"1422\" height=\"800\" src=\"https:\/\/liebke-foto.de\/maerkischeslicht\/wp-content\/uploads\/2021\/08\/IMG-20210808-WA0007-1422x800.jpg\" alt=\"Tee und Torte am dritten Tag im sch\u00f6nen Caf\u00e9 Kietz in der Lenzerwische, Foto: Patricia Koelle, mit Frank Liebke, Fotograf.\" class=\"wp-image-4771\" srcset=\"https:\/\/liebke-foto.de\/maerkischeslicht\/wp-content\/uploads\/2021\/08\/IMG-20210808-WA0007-1422x800.jpg 1422w, https:\/\/liebke-foto.de\/maerkischeslicht\/wp-content\/uploads\/2021\/08\/IMG-20210808-WA0007-1400x788.jpg 1400w, https:\/\/liebke-foto.de\/maerkischeslicht\/wp-content\/uploads\/2021\/08\/IMG-20210808-WA0007-768x432.jpg 768w, https:\/\/liebke-foto.de\/maerkischeslicht\/wp-content\/uploads\/2021\/08\/IMG-20210808-WA0007-1536x864.jpg 1536w, https:\/\/liebke-foto.de\/maerkischeslicht\/wp-content\/uploads\/2021\/08\/IMG-20210808-WA0007.jpg 1600w\" sizes=\"auto, (max-width: 1422px) 100vw, 1422px\" \/><\/a><figcaption class=\"wp-element-caption\">Tee und Torte am dritten Tag im sch\u00f6nen Caf\u00e9 Kietz in der Lenzerwische, Foto: Patricia Koelle<\/figcaption><\/figure>\n<\/div>\n\n<div class=\"wp-block-image\">\n<figure class=\"aligncenter size-large\"><a href=\"https:\/\/liebke-foto.de\/maerkischeslicht\/wp-content\/uploads\/2021\/08\/IMG-20210805-WA0011.jpg\"><img loading=\"lazy\" decoding=\"async\" width=\"1422\" height=\"800\" src=\"https:\/\/liebke-foto.de\/maerkischeslicht\/wp-content\/uploads\/2021\/08\/IMG-20210805-WA0011-1422x800.jpg\" alt=\"Ausspannen und die Ruhe genie\u00dfen, direkt am Elbedeich, hinten das Landhaus Elbeflair, Foto: Patricia Koelle\nMit Frank Liebke, Fotograf, in der Lenzerwische.\" class=\"wp-image-4760\" srcset=\"https:\/\/liebke-foto.de\/maerkischeslicht\/wp-content\/uploads\/2021\/08\/IMG-20210805-WA0011-1422x800.jpg 1422w, https:\/\/liebke-foto.de\/maerkischeslicht\/wp-content\/uploads\/2021\/08\/IMG-20210805-WA0011-1400x788.jpg 1400w, https:\/\/liebke-foto.de\/maerkischeslicht\/wp-content\/uploads\/2021\/08\/IMG-20210805-WA0011-768x432.jpg 768w, https:\/\/liebke-foto.de\/maerkischeslicht\/wp-content\/uploads\/2021\/08\/IMG-20210805-WA0011-1536x864.jpg 1536w, https:\/\/liebke-foto.de\/maerkischeslicht\/wp-content\/uploads\/2021\/08\/IMG-20210805-WA0011.jpg 1600w\" sizes=\"auto, (max-width: 1422px) 100vw, 1422px\" \/><\/a><figcaption class=\"wp-element-caption\">Ausspannen und die Ruhe genie\u00dfen, direkt am Elbedeich, hinten das Landhaus Elbeflair, Foto: Patricia Koelle<\/figcaption><\/figure>\n<\/div>\n\n<div class=\"wp-block-image\">\n<figure class=\"aligncenter size-large\"><a href=\"https:\/\/liebke-foto.de\/maerkischeslicht\/wp-content\/uploads\/2021\/08\/IMG-20210805-WA0013.jpg\"><img loading=\"lazy\" decoding=\"async\" width=\"1422\" height=\"800\" src=\"https:\/\/liebke-foto.de\/maerkischeslicht\/wp-content\/uploads\/2021\/08\/IMG-20210805-WA0013-1422x800.jpg\" alt=\"Praktischer M\u00fcckenschutz, wenn man schon eine leichte &quot;Platte&quot; hat wie ich :D , Foto: Patricia Koelle\nFotograf Frank Liebke in der Lenzerwische.\" class=\"wp-image-4761\" srcset=\"https:\/\/liebke-foto.de\/maerkischeslicht\/wp-content\/uploads\/2021\/08\/IMG-20210805-WA0013-1422x800.jpg 1422w, https:\/\/liebke-foto.de\/maerkischeslicht\/wp-content\/uploads\/2021\/08\/IMG-20210805-WA0013-1400x788.jpg 1400w, https:\/\/liebke-foto.de\/maerkischeslicht\/wp-content\/uploads\/2021\/08\/IMG-20210805-WA0013-768x432.jpg 768w, https:\/\/liebke-foto.de\/maerkischeslicht\/wp-content\/uploads\/2021\/08\/IMG-20210805-WA0013-1536x864.jpg 1536w, https:\/\/liebke-foto.de\/maerkischeslicht\/wp-content\/uploads\/2021\/08\/IMG-20210805-WA0013.jpg 1600w\" sizes=\"auto, (max-width: 1422px) 100vw, 1422px\" \/><\/a><figcaption class=\"wp-element-caption\">Praktischer M\u00fcckenschutz, wenn man schon eine leichte &#8222;Platte&#8220; hat wie ich \ud83d\ude00 , Foto: Patricia Koelle<\/figcaption><\/figure>\n<\/div>\n\n<div class=\"wp-block-image\">\n<figure class=\"aligncenter size-large\"><a href=\"https:\/\/liebke-foto.de\/maerkischeslicht\/wp-content\/uploads\/2021\/08\/FZ25101_C1-1.jpg\"><img loading=\"lazy\" decoding=\"async\" width=\"1200\" height=\"800\" src=\"https:\/\/liebke-foto.de\/maerkischeslicht\/wp-content\/uploads\/2021\/08\/FZ25101_C1-1-1200x800.jpg\" alt=\"Auf der Binnend\u00fcne mit klarer Aussicht, mit Patricia Koelle auf der Binnend\u00fcne Klein Schm\u00f6len.\" class=\"wp-image-4751\" srcset=\"https:\/\/liebke-foto.de\/maerkischeslicht\/wp-content\/uploads\/2021\/08\/FZ25101_C1-1-1200x800.jpg 1200w, https:\/\/liebke-foto.de\/maerkischeslicht\/wp-content\/uploads\/2021\/08\/FZ25101_C1-1-768x512.jpg 768w, https:\/\/liebke-foto.de\/maerkischeslicht\/wp-content\/uploads\/2021\/08\/FZ25101_C1-1.jpg 1300w\" sizes=\"auto, (max-width: 1200px) 100vw, 1200px\" \/><\/a><figcaption class=\"wp-element-caption\">Auf der Binnend\u00fcne mit klarer Aussicht<\/figcaption><\/figure>\n<\/div>\n\n<div class=\"wp-block-image\">\n<figure class=\"aligncenter size-large\"><a href=\"https:\/\/liebke-foto.de\/maerkischeslicht\/wp-content\/uploads\/2021\/08\/FZ24986_C1-1.jpg\"><img loading=\"lazy\" decoding=\"async\" width=\"1200\" height=\"800\" src=\"https:\/\/liebke-foto.de\/maerkischeslicht\/wp-content\/uploads\/2021\/08\/FZ24986_C1-1-1200x800.jpg\" alt=\"Auf der Binnend\u00fcne mit klarer Aussicht, mit Patricia Koelle auf der Binnend\u00fcne Klein Schm\u00f6len.\" class=\"wp-image-4749\" srcset=\"https:\/\/liebke-foto.de\/maerkischeslicht\/wp-content\/uploads\/2021\/08\/FZ24986_C1-1-1200x800.jpg 1200w, https:\/\/liebke-foto.de\/maerkischeslicht\/wp-content\/uploads\/2021\/08\/FZ24986_C1-1-768x512.jpg 768w, https:\/\/liebke-foto.de\/maerkischeslicht\/wp-content\/uploads\/2021\/08\/FZ24986_C1-1.jpg 1300w\" sizes=\"auto, (max-width: 1200px) 100vw, 1200px\" \/><\/a><figcaption class=\"wp-element-caption\">Es gab so viele Angebote der Natur und Landschaft, die im Film verewigt wurden<\/figcaption><\/figure>\n<\/div>\n\n<div class=\"wp-block-image\">\n<figure class=\"aligncenter size-large\"><a href=\"https:\/\/liebke-foto.de\/maerkischeslicht\/wp-content\/uploads\/2021\/08\/IMG-20210808-WA0001.jpg\"><img loading=\"lazy\" decoding=\"async\" width=\"1422\" height=\"800\" src=\"https:\/\/liebke-foto.de\/maerkischeslicht\/wp-content\/uploads\/2021\/08\/IMG-20210808-WA0001-1422x800.jpg\" alt=\"Dritter Tag, entspannt an der Elbe , in der Lenzerwische. Foto: Patricia Koelle. Fotograf Frank Liebke an der Elbe.\" class=\"wp-image-4769\" srcset=\"https:\/\/liebke-foto.de\/maerkischeslicht\/wp-content\/uploads\/2021\/08\/IMG-20210808-WA0001-1422x800.jpg 1422w, https:\/\/liebke-foto.de\/maerkischeslicht\/wp-content\/uploads\/2021\/08\/IMG-20210808-WA0001-1400x788.jpg 1400w, https:\/\/liebke-foto.de\/maerkischeslicht\/wp-content\/uploads\/2021\/08\/IMG-20210808-WA0001-768x432.jpg 768w, https:\/\/liebke-foto.de\/maerkischeslicht\/wp-content\/uploads\/2021\/08\/IMG-20210808-WA0001-1536x864.jpg 1536w, https:\/\/liebke-foto.de\/maerkischeslicht\/wp-content\/uploads\/2021\/08\/IMG-20210808-WA0001.jpg 2016w\" sizes=\"auto, (max-width: 1422px) 100vw, 1422px\" \/><\/a><figcaption class=\"wp-element-caption\">Dritter Tag, entspannt an der Elbe , Foto: Patricia Koelle<\/figcaption><\/figure>\n<\/div>\n\n<div class=\"wp-block-image\">\n<figure class=\"aligncenter size-large\"><a href=\"https:\/\/liebke-foto.de\/maerkischeslicht\/wp-content\/uploads\/2021\/08\/IMG-20210805-WA0014.jpg\"><img loading=\"lazy\" decoding=\"async\" width=\"450\" height=\"800\" src=\"https:\/\/liebke-foto.de\/maerkischeslicht\/wp-content\/uploads\/2021\/08\/IMG-20210805-WA0014-450x800.jpg\" alt=\"Alles ist irgendwie interessant, wenn man kreativ lebt , Foto: Patricia Koelle\nFotograf Frank Liebke in Putlitz.\" class=\"wp-image-4762\" srcset=\"https:\/\/liebke-foto.de\/maerkischeslicht\/wp-content\/uploads\/2021\/08\/IMG-20210805-WA0014-450x800.jpg 450w, https:\/\/liebke-foto.de\/maerkischeslicht\/wp-content\/uploads\/2021\/08\/IMG-20210805-WA0014-768x1365.jpg 768w, https:\/\/liebke-foto.de\/maerkischeslicht\/wp-content\/uploads\/2021\/08\/IMG-20210805-WA0014-864x1536.jpg 864w, https:\/\/liebke-foto.de\/maerkischeslicht\/wp-content\/uploads\/2021\/08\/IMG-20210805-WA0014.jpg 900w\" sizes=\"auto, (max-width: 450px) 100vw, 450px\" \/><\/a><figcaption class=\"wp-element-caption\">Alles ist irgendwie interessant, wenn man kreativ lebt , Foto: Patricia Koelle<\/figcaption><\/figure>\n<\/div>\n\n<div class=\"wp-block-image\">\n<figure class=\"aligncenter size-large\"><a href=\"https:\/\/liebke-foto.de\/maerkischeslicht\/wp-content\/uploads\/2021\/08\/IMG-20210806-WA0006.jpg\"><img loading=\"lazy\" decoding=\"async\" width=\"450\" height=\"800\" src=\"https:\/\/liebke-foto.de\/maerkischeslicht\/wp-content\/uploads\/2021\/08\/IMG-20210806-WA0006-450x800.jpg\" alt=\"Auf der Festung D\u00f6mitz, Foto: Patricia Koelle. Fotograf Frank Liebke sucht seinen besten Standpunkt f\u00fcrs Foto.\" class=\"wp-image-4768\" srcset=\"https:\/\/liebke-foto.de\/maerkischeslicht\/wp-content\/uploads\/2021\/08\/IMG-20210806-WA0006-450x800.jpg 450w, https:\/\/liebke-foto.de\/maerkischeslicht\/wp-content\/uploads\/2021\/08\/IMG-20210806-WA0006-768x1365.jpg 768w, https:\/\/liebke-foto.de\/maerkischeslicht\/wp-content\/uploads\/2021\/08\/IMG-20210806-WA0006-864x1536.jpg 864w, https:\/\/liebke-foto.de\/maerkischeslicht\/wp-content\/uploads\/2021\/08\/IMG-20210806-WA0006.jpg 900w\" sizes=\"auto, (max-width: 450px) 100vw, 450px\" \/><\/a><figcaption class=\"wp-element-caption\">Auf der Festung D\u00f6mitz, Foto: Patricia Koelle<\/figcaption><\/figure>\n<\/div>\n\n<div class=\"wp-block-image\">\n<figure class=\"aligncenter size-large\"><a href=\"https:\/\/liebke-foto.de\/maerkischeslicht\/wp-content\/uploads\/2021\/08\/FZ25447_C1-1.jpg\"><img loading=\"lazy\" decoding=\"async\" width=\"1200\" height=\"800\" src=\"https:\/\/liebke-foto.de\/maerkischeslicht\/wp-content\/uploads\/2021\/08\/FZ25447_C1-1-1200x800.jpg\" alt=\"Ruhe und Entspannung an der Elbe in der Lenzerwische. Autorin Patricia Koelle.\" class=\"wp-image-4755\" srcset=\"https:\/\/liebke-foto.de\/maerkischeslicht\/wp-content\/uploads\/2021\/08\/FZ25447_C1-1-1200x800.jpg 1200w, https:\/\/liebke-foto.de\/maerkischeslicht\/wp-content\/uploads\/2021\/08\/FZ25447_C1-1-768x512.jpg 768w, https:\/\/liebke-foto.de\/maerkischeslicht\/wp-content\/uploads\/2021\/08\/FZ25447_C1-1.jpg 1300w\" sizes=\"auto, (max-width: 1200px) 100vw, 1200px\" \/><\/a><figcaption class=\"wp-element-caption\">Ruhe und Entspannung an der Elbe<\/figcaption><\/figure>\n<\/div>\n\n<div class=\"wp-block-image\">\n<figure class=\"aligncenter size-large\"><a href=\"https:\/\/liebke-foto.de\/maerkischeslicht\/wp-content\/uploads\/2021\/08\/IMG-20210806-WA0002.jpg\"><img loading=\"lazy\" decoding=\"async\" width=\"1422\" height=\"800\" src=\"https:\/\/liebke-foto.de\/maerkischeslicht\/wp-content\/uploads\/2021\/08\/IMG-20210806-WA0002-1422x800.jpg\" alt=\"Tee-Rast mit sch\u00f6nsten Weitblick auf der Binnend\u00fcne, Foto: Patricia Koelle. Pause in der Binnend\u00fcne Klein Schm\u00f6len f\u00fcr Fotograf Frank Liebke.\" class=\"wp-image-4764\" srcset=\"https:\/\/liebke-foto.de\/maerkischeslicht\/wp-content\/uploads\/2021\/08\/IMG-20210806-WA0002-1422x800.jpg 1422w, https:\/\/liebke-foto.de\/maerkischeslicht\/wp-content\/uploads\/2021\/08\/IMG-20210806-WA0002-1400x788.jpg 1400w, https:\/\/liebke-foto.de\/maerkischeslicht\/wp-content\/uploads\/2021\/08\/IMG-20210806-WA0002-768x432.jpg 768w, https:\/\/liebke-foto.de\/maerkischeslicht\/wp-content\/uploads\/2021\/08\/IMG-20210806-WA0002-1536x864.jpg 1536w, https:\/\/liebke-foto.de\/maerkischeslicht\/wp-content\/uploads\/2021\/08\/IMG-20210806-WA0002.jpg 1600w\" sizes=\"auto, (max-width: 1422px) 100vw, 1422px\" \/><\/a><figcaption class=\"wp-element-caption\">Tee-Rast mit sch\u00f6nsten Weitblick auf der Binnend\u00fcne, Foto: Patricia Koelle<\/figcaption><\/figure>\n<\/div>\n\n<div class=\"wp-block-image\">\n<figure class=\"aligncenter size-large\"><a href=\"https:\/\/liebke-foto.de\/maerkischeslicht\/wp-content\/uploads\/2021\/08\/IMG-20210806-WA0004.jpg\"><img loading=\"lazy\" decoding=\"async\" width=\"1422\" height=\"800\" src=\"https:\/\/liebke-foto.de\/maerkischeslicht\/wp-content\/uploads\/2021\/08\/IMG-20210806-WA0004-1422x800.jpg\" alt=\"Nat\u00fcrlich musste das mit in die Bilderschatzkiste, Foto: Patricia Koelle. Fotograf Frank Liebke auf der Binnend\u00fcne Klein Schm\u00f6len.\" class=\"wp-image-4766\" srcset=\"https:\/\/liebke-foto.de\/maerkischeslicht\/wp-content\/uploads\/2021\/08\/IMG-20210806-WA0004-1422x800.jpg 1422w, https:\/\/liebke-foto.de\/maerkischeslicht\/wp-content\/uploads\/2021\/08\/IMG-20210806-WA0004-1400x788.jpg 1400w, https:\/\/liebke-foto.de\/maerkischeslicht\/wp-content\/uploads\/2021\/08\/IMG-20210806-WA0004-768x432.jpg 768w, https:\/\/liebke-foto.de\/maerkischeslicht\/wp-content\/uploads\/2021\/08\/IMG-20210806-WA0004-1536x864.jpg 1536w, https:\/\/liebke-foto.de\/maerkischeslicht\/wp-content\/uploads\/2021\/08\/IMG-20210806-WA0004.jpg 1600w\" sizes=\"auto, (max-width: 1422px) 100vw, 1422px\" \/><\/a><figcaption class=\"wp-element-caption\">Nat\u00fcrlich musste das mit in die Bilderschatzkiste, Foto: Patricia Koelle<\/figcaption><\/figure>\n<\/div>\n\n<div class=\"wp-block-image\">\n<figure class=\"aligncenter size-large\"><a href=\"https:\/\/liebke-foto.de\/maerkischeslicht\/wp-content\/uploads\/2021\/08\/IMG-20210806-WA0000.jpg\"><img loading=\"lazy\" decoding=\"async\" width=\"1422\" height=\"800\" src=\"https:\/\/liebke-foto.de\/maerkischeslicht\/wp-content\/uploads\/2021\/08\/IMG-20210806-WA0000-1422x800.jpg\" alt=\"Fotograf Frank Liebke bei der abendlichen Bildauswertung der gesammelten Sch\u00e4tze im Landhaus Elbeflair in der Lenzerwische. Foto: Patricia Koelle\" class=\"wp-image-4763\" srcset=\"https:\/\/liebke-foto.de\/maerkischeslicht\/wp-content\/uploads\/2021\/08\/IMG-20210806-WA0000-1422x800.jpg 1422w, https:\/\/liebke-foto.de\/maerkischeslicht\/wp-content\/uploads\/2021\/08\/IMG-20210806-WA0000-1400x788.jpg 1400w, https:\/\/liebke-foto.de\/maerkischeslicht\/wp-content\/uploads\/2021\/08\/IMG-20210806-WA0000-768x432.jpg 768w, https:\/\/liebke-foto.de\/maerkischeslicht\/wp-content\/uploads\/2021\/08\/IMG-20210806-WA0000-1536x864.jpg 1536w, https:\/\/liebke-foto.de\/maerkischeslicht\/wp-content\/uploads\/2021\/08\/IMG-20210806-WA0000.jpg 1600w\" sizes=\"auto, (max-width: 1422px) 100vw, 1422px\" \/><\/a><figcaption class=\"wp-element-caption\">Abendliche Bildauswertung der gesammelten Sch\u00e4tze im Landhaus Elbeflair, Foto: Patricia Koelle<\/figcaption><\/figure>\n<\/div>\n\n<div class=\"wp-block-image\">\n<figure class=\"aligncenter size-large\"><a href=\"https:\/\/liebke-foto.de\/maerkischeslicht\/wp-content\/uploads\/2021\/08\/FZ24889_C1-1.jpg\"><img loading=\"lazy\" decoding=\"async\" width=\"1200\" height=\"800\" src=\"https:\/\/liebke-foto.de\/maerkischeslicht\/wp-content\/uploads\/2021\/08\/FZ24889_C1-1-1200x800.jpg\" alt=\"Was immer bleibt bei allen unseren Abenteuern, das gro\u00dfe Staunen \u00fcber die Wunder der Natur in Demut. Hier auf dem Elbedeich, Elberadweg in der Lenzerwische.\" class=\"wp-image-4748\" srcset=\"https:\/\/liebke-foto.de\/maerkischeslicht\/wp-content\/uploads\/2021\/08\/FZ24889_C1-1-1200x800.jpg 1200w, https:\/\/liebke-foto.de\/maerkischeslicht\/wp-content\/uploads\/2021\/08\/FZ24889_C1-1-768x512.jpg 768w, https:\/\/liebke-foto.de\/maerkischeslicht\/wp-content\/uploads\/2021\/08\/FZ24889_C1-1.jpg 1300w\" sizes=\"auto, (max-width: 1200px) 100vw, 1200px\" \/><\/a><figcaption class=\"wp-element-caption\">Was immer bleibt bei allen unseren Abenteuern, das gro\u00dfe Staunen \u00fcber die Wunder der Natur in Demut<\/figcaption><\/figure>\n<\/div>\n\n\n<p>Und hier geht es zum <a href=\"https:\/\/liebke-foto.de\/maerkischeslicht\/unser-kurzurlaub-in-der-lenzerwische-tag-1\/\" target=\"_blank\" rel=\"noreferrer noopener\">ersten Blog dieser Serie: Klick<\/a><\/p>\n\n\n\n<div style=\"padding:20px\" class=\"wp-block-tnp-minimal\"><p>Subscribe to our newsletter!<\/p><div><div class=\"tnp tnp-subscription \">\n<form method=\"post\" action=\"https:\/\/liebke-foto.de\/maerkischeslicht\/wp-admin\/admin-ajax.php?action=tnp&amp;na=s\">\n<input type=\"hidden\" name=\"nlang\" value=\"\">\n<div class=\"tnp-field tnp-field-firstname\"><label for=\"tnp-1\">Vorname oder ganzer Name<\/label>\n<input class=\"tnp-name\" type=\"text\" name=\"nn\" id=\"tnp-1\" value=\"\" placeholder=\"\"><\/div>\n<div class=\"tnp-field tnp-field-email\"><label for=\"tnp-2\">Email<\/label>\n<input class=\"tnp-email\" type=\"email\" name=\"ne\" id=\"tnp-2\" value=\"\" placeholder=\"\" required><\/div>\n<div class=\"tnp-field tnp-privacy-field\"><label><input type=\"checkbox\" name=\"ny\" required class=\"tnp-privacy\"> Indem Du fortf\u00e4hrst, akzeptierst Du unsere Datenschutzerkl\u00e4rung.<\/label><\/div><div class=\"tnp-field tnp-field-button\" style=\"text-align: left\"><input class=\"tnp-submit\" type=\"submit\" value=\"Abonnieren\" style=\"\">\n<\/div>\n<\/form>\n<\/div>\n<\/div><\/div>\n\n\n\n\n","protected":false},"excerpt":{"rendered":"<p>Lenzerwische am Elbedeich &#8211; Abreisetag und Ausklang Sch\u00f6nste Zeiten, wie hier an der Lenzerwische am Elbedeich, gehen am schnellsten vorbei. Aber man erlebt&#8230;<\/p>\n","protected":false},"author":1,"featured_media":4740,"comment_status":"open","ping_status":"open","sticky":false,"template":"","format":"image","meta":{"footnotes":""},"categories":[11,66,10,38,12],"tags":[],"class_list":["post-4738","post","type-post","status-publish","format-image","has-post-thumbnail","hentry","category-im-land-brandenburg-unterwegs","category-landpartie","category-landschaft-mark-brandenburg-oberhavel-barnim","category-menschliches-aus-der-mark","category-wildes-brandenburg","post_format-post-format-image"],"yoast_head":"<!-- This site is optimized with the Yoast SEO plugin v27.4 - https:\/\/yoast.com\/product\/yoast-seo-wordpress\/ -->\n<title>Lenzerwische am Elbedeich - M\u00e4rkisches Licht - Der Fotograf der Stille<\/title>\n<meta name=\"description\" content=\"Lenzerwische am Elbedeich. Der letzte Tag in dieser herrlichen landschaftlichen Gegend am Landhaus Elbeflair.\" \/>\n<meta name=\"robots\" content=\"index, follow, max-snippet:-1, max-image-preview:large, max-video-preview:-1\" \/>\n<link rel=\"canonical\" href=\"https:\/\/liebke-foto.de\/maerkischeslicht\/lenzerwische-am-elbedeich-abreisetag-und-ausklang\/\" \/>\n<meta property=\"og:locale\" content=\"de_DE\" \/>\n<meta property=\"og:type\" content=\"article\" \/>\n<meta property=\"og:title\" content=\"Lenzerwische am Elbedeich - M\u00e4rkisches Licht - Der Fotograf der Stille\" \/>\n<meta property=\"og:description\" content=\"Lenzerwische am Elbedeich. Der letzte Tag in dieser herrlichen landschaftlichen Gegend am Landhaus Elbeflair.\" \/>\n<meta property=\"og:url\" content=\"https:\/\/liebke-foto.de\/maerkischeslicht\/lenzerwische-am-elbedeich-abreisetag-und-ausklang\/\" \/>\n<meta property=\"og:site_name\" content=\"M\u00e4rkisches Licht - Der Fotograf der Stille\" \/>\n<meta property=\"article:published_time\" content=\"2021-08-29T11:21:24+00:00\" \/>\n<meta property=\"article:modified_time\" content=\"2024-02-21T14:40:57+00:00\" \/>\n<meta property=\"og:image\" content=\"https:\/\/liebke-foto.de\/maerkischeslicht\/wp-content\/uploads\/2021\/08\/FZ25542_C1.jpg\" \/>\n\t<meta property=\"og:image:width\" content=\"1300\" \/>\n\t<meta property=\"og:image:height\" content=\"867\" \/>\n\t<meta property=\"og:image:type\" content=\"image\/jpeg\" \/>\n<meta name=\"author\" content=\"Frank Liebke\" \/>\n<meta name=\"twitter:card\" content=\"summary_large_image\" \/>\n<meta name=\"twitter:label1\" content=\"Verfasst von\" \/>\n\t<meta name=\"twitter:data1\" content=\"Frank Liebke\" \/>\n\t<meta name=\"twitter:label2\" content=\"Gesch\u00e4tzte Lesezeit\" \/>\n\t<meta name=\"twitter:data2\" content=\"15\u00a0Minuten\" \/>\n<script type=\"application\/ld+json\" class=\"yoast-schema-graph\">{\"@context\":\"https:\\\/\\\/schema.org\",\"@graph\":[{\"@type\":\"Article\",\"@id\":\"https:\\\/\\\/liebke-foto.de\\\/maerkischeslicht\\\/lenzerwische-am-elbedeich-abreisetag-und-ausklang\\\/#article\",\"isPartOf\":{\"@id\":\"https:\\\/\\\/liebke-foto.de\\\/maerkischeslicht\\\/lenzerwische-am-elbedeich-abreisetag-und-ausklang\\\/\"},\"author\":{\"name\":\"Frank Liebke\",\"@id\":\"https:\\\/\\\/liebke-foto.de\\\/maerkischeslicht\\\/#\\\/schema\\\/person\\\/d71108abc09a723daeeb8526a33137ee\"},\"headline\":\"Lenzerwische am Elbedeich\",\"datePublished\":\"2021-08-29T11:21:24+00:00\",\"dateModified\":\"2024-02-21T14:40:57+00:00\",\"mainEntityOfPage\":{\"@id\":\"https:\\\/\\\/liebke-foto.de\\\/maerkischeslicht\\\/lenzerwische-am-elbedeich-abreisetag-und-ausklang\\\/\"},\"wordCount\":1807,\"commentCount\":0,\"publisher\":{\"@id\":\"https:\\\/\\\/liebke-foto.de\\\/maerkischeslicht\\\/#\\\/schema\\\/person\\\/d71108abc09a723daeeb8526a33137ee\"},\"image\":{\"@id\":\"https:\\\/\\\/liebke-foto.de\\\/maerkischeslicht\\\/lenzerwische-am-elbedeich-abreisetag-und-ausklang\\\/#primaryimage\"},\"thumbnailUrl\":\"https:\\\/\\\/liebke-foto.de\\\/maerkischeslicht\\\/wp-content\\\/uploads\\\/2021\\\/08\\\/FZ25542_C1.jpg\",\"articleSection\":[\"Im Land Brandenburg unterwegs\",\"LANDpartie, unterwegs in der Mark Brandenburg\",\"Landschaft\",\"Menschliches aus der Mark\",\"Wildes Brandenburg\"],\"inLanguage\":\"de\",\"potentialAction\":[{\"@type\":\"CommentAction\",\"name\":\"Comment\",\"target\":[\"https:\\\/\\\/liebke-foto.de\\\/maerkischeslicht\\\/lenzerwische-am-elbedeich-abreisetag-und-ausklang\\\/#respond\"]}]},{\"@type\":\"WebPage\",\"@id\":\"https:\\\/\\\/liebke-foto.de\\\/maerkischeslicht\\\/lenzerwische-am-elbedeich-abreisetag-und-ausklang\\\/\",\"url\":\"https:\\\/\\\/liebke-foto.de\\\/maerkischeslicht\\\/lenzerwische-am-elbedeich-abreisetag-und-ausklang\\\/\",\"name\":\"Lenzerwische am Elbedeich - M\u00e4rkisches Licht - Der Fotograf der Stille\",\"isPartOf\":{\"@id\":\"https:\\\/\\\/liebke-foto.de\\\/maerkischeslicht\\\/#website\"},\"primaryImageOfPage\":{\"@id\":\"https:\\\/\\\/liebke-foto.de\\\/maerkischeslicht\\\/lenzerwische-am-elbedeich-abreisetag-und-ausklang\\\/#primaryimage\"},\"image\":{\"@id\":\"https:\\\/\\\/liebke-foto.de\\\/maerkischeslicht\\\/lenzerwische-am-elbedeich-abreisetag-und-ausklang\\\/#primaryimage\"},\"thumbnailUrl\":\"https:\\\/\\\/liebke-foto.de\\\/maerkischeslicht\\\/wp-content\\\/uploads\\\/2021\\\/08\\\/FZ25542_C1.jpg\",\"datePublished\":\"2021-08-29T11:21:24+00:00\",\"dateModified\":\"2024-02-21T14:40:57+00:00\",\"description\":\"Lenzerwische am Elbedeich. Der letzte Tag in dieser herrlichen landschaftlichen Gegend am Landhaus Elbeflair.\",\"breadcrumb\":{\"@id\":\"https:\\\/\\\/liebke-foto.de\\\/maerkischeslicht\\\/lenzerwische-am-elbedeich-abreisetag-und-ausklang\\\/#breadcrumb\"},\"inLanguage\":\"de\",\"potentialAction\":[{\"@type\":\"ReadAction\",\"target\":[\"https:\\\/\\\/liebke-foto.de\\\/maerkischeslicht\\\/lenzerwische-am-elbedeich-abreisetag-und-ausklang\\\/\"]}]},{\"@type\":\"ImageObject\",\"inLanguage\":\"de\",\"@id\":\"https:\\\/\\\/liebke-foto.de\\\/maerkischeslicht\\\/lenzerwische-am-elbedeich-abreisetag-und-ausklang\\\/#primaryimage\",\"url\":\"https:\\\/\\\/liebke-foto.de\\\/maerkischeslicht\\\/wp-content\\\/uploads\\\/2021\\\/08\\\/FZ25542_C1.jpg\",\"contentUrl\":\"https:\\\/\\\/liebke-foto.de\\\/maerkischeslicht\\\/wp-content\\\/uploads\\\/2021\\\/08\\\/FZ25542_C1.jpg\",\"width\":1300,\"height\":867},{\"@type\":\"BreadcrumbList\",\"@id\":\"https:\\\/\\\/liebke-foto.de\\\/maerkischeslicht\\\/lenzerwische-am-elbedeich-abreisetag-und-ausklang\\\/#breadcrumb\",\"itemListElement\":[{\"@type\":\"ListItem\",\"position\":1,\"name\":\"Startseite\",\"item\":\"https:\\\/\\\/liebke-foto.de\\\/maerkischeslicht\\\/\"},{\"@type\":\"ListItem\",\"position\":2,\"name\":\"Lenzerwische am Elbedeich\"}]},{\"@type\":\"WebSite\",\"@id\":\"https:\\\/\\\/liebke-foto.de\\\/maerkischeslicht\\\/#website\",\"url\":\"https:\\\/\\\/liebke-foto.de\\\/maerkischeslicht\\\/\",\"name\":\"M\u00e4rkisches Licht - Der Fotograf der Stille\",\"description\":\"Die Liebe zum Leben...\",\"publisher\":{\"@id\":\"https:\\\/\\\/liebke-foto.de\\\/maerkischeslicht\\\/#\\\/schema\\\/person\\\/d71108abc09a723daeeb8526a33137ee\"},\"potentialAction\":[{\"@type\":\"SearchAction\",\"target\":{\"@type\":\"EntryPoint\",\"urlTemplate\":\"https:\\\/\\\/liebke-foto.de\\\/maerkischeslicht\\\/?s={search_term_string}\"},\"query-input\":{\"@type\":\"PropertyValueSpecification\",\"valueRequired\":true,\"valueName\":\"search_term_string\"}}],\"inLanguage\":\"de\"},{\"@type\":[\"Person\",\"Organization\"],\"@id\":\"https:\\\/\\\/liebke-foto.de\\\/maerkischeslicht\\\/#\\\/schema\\\/person\\\/d71108abc09a723daeeb8526a33137ee\",\"name\":\"Frank Liebke\",\"image\":{\"@type\":\"ImageObject\",\"inLanguage\":\"de\",\"@id\":\"https:\\\/\\\/liebke-foto.de\\\/maerkischeslicht\\\/wp-content\\\/uploads\\\/2021\\\/12\\\/IMG-20211024-WA0001.jpg\",\"url\":\"https:\\\/\\\/liebke-foto.de\\\/maerkischeslicht\\\/wp-content\\\/uploads\\\/2021\\\/12\\\/IMG-20211024-WA0001.jpg\",\"contentUrl\":\"https:\\\/\\\/liebke-foto.de\\\/maerkischeslicht\\\/wp-content\\\/uploads\\\/2021\\\/12\\\/IMG-20211024-WA0001.jpg\",\"width\":900,\"height\":1600,\"caption\":\"Frank Liebke\"},\"logo\":{\"@id\":\"https:\\\/\\\/liebke-foto.de\\\/maerkischeslicht\\\/wp-content\\\/uploads\\\/2021\\\/12\\\/IMG-20211024-WA0001.jpg\"},\"sameAs\":[\"https:\\\/\\\/liebke-foto.de\"],\"url\":\"https:\\\/\\\/liebke-foto.de\\\/maerkischeslicht\\\/author\\\/adminuser\\\/\"}]}<\/script>\n<!-- \/ Yoast SEO plugin. -->","yoast_head_json":{"title":"Lenzerwische am Elbedeich - M\u00e4rkisches Licht - Der Fotograf der Stille","description":"Lenzerwische am Elbedeich. Der letzte Tag in dieser herrlichen landschaftlichen Gegend am Landhaus Elbeflair.","robots":{"index":"index","follow":"follow","max-snippet":"max-snippet:-1","max-image-preview":"max-image-preview:large","max-video-preview":"max-video-preview:-1"},"canonical":"https:\/\/liebke-foto.de\/maerkischeslicht\/lenzerwische-am-elbedeich-abreisetag-und-ausklang\/","og_locale":"de_DE","og_type":"article","og_title":"Lenzerwische am Elbedeich - M\u00e4rkisches Licht - Der Fotograf der Stille","og_description":"Lenzerwische am Elbedeich. Der letzte Tag in dieser herrlichen landschaftlichen Gegend am Landhaus Elbeflair.","og_url":"https:\/\/liebke-foto.de\/maerkischeslicht\/lenzerwische-am-elbedeich-abreisetag-und-ausklang\/","og_site_name":"M\u00e4rkisches Licht - Der Fotograf der Stille","article_published_time":"2021-08-29T11:21:24+00:00","article_modified_time":"2024-02-21T14:40:57+00:00","og_image":[{"width":1300,"height":867,"url":"https:\/\/liebke-foto.de\/maerkischeslicht\/wp-content\/uploads\/2021\/08\/FZ25542_C1.jpg","type":"image\/jpeg"}],"author":"Frank Liebke","twitter_card":"summary_large_image","twitter_misc":{"Verfasst von":"Frank Liebke","Gesch\u00e4tzte Lesezeit":"15\u00a0Minuten"},"schema":{"@context":"https:\/\/schema.org","@graph":[{"@type":"Article","@id":"https:\/\/liebke-foto.de\/maerkischeslicht\/lenzerwische-am-elbedeich-abreisetag-und-ausklang\/#article","isPartOf":{"@id":"https:\/\/liebke-foto.de\/maerkischeslicht\/lenzerwische-am-elbedeich-abreisetag-und-ausklang\/"},"author":{"name":"Frank Liebke","@id":"https:\/\/liebke-foto.de\/maerkischeslicht\/#\/schema\/person\/d71108abc09a723daeeb8526a33137ee"},"headline":"Lenzerwische am Elbedeich","datePublished":"2021-08-29T11:21:24+00:00","dateModified":"2024-02-21T14:40:57+00:00","mainEntityOfPage":{"@id":"https:\/\/liebke-foto.de\/maerkischeslicht\/lenzerwische-am-elbedeich-abreisetag-und-ausklang\/"},"wordCount":1807,"commentCount":0,"publisher":{"@id":"https:\/\/liebke-foto.de\/maerkischeslicht\/#\/schema\/person\/d71108abc09a723daeeb8526a33137ee"},"image":{"@id":"https:\/\/liebke-foto.de\/maerkischeslicht\/lenzerwische-am-elbedeich-abreisetag-und-ausklang\/#primaryimage"},"thumbnailUrl":"https:\/\/liebke-foto.de\/maerkischeslicht\/wp-content\/uploads\/2021\/08\/FZ25542_C1.jpg","articleSection":["Im Land Brandenburg unterwegs","LANDpartie, unterwegs in der Mark Brandenburg","Landschaft","Menschliches aus der Mark","Wildes Brandenburg"],"inLanguage":"de","potentialAction":[{"@type":"CommentAction","name":"Comment","target":["https:\/\/liebke-foto.de\/maerkischeslicht\/lenzerwische-am-elbedeich-abreisetag-und-ausklang\/#respond"]}]},{"@type":"WebPage","@id":"https:\/\/liebke-foto.de\/maerkischeslicht\/lenzerwische-am-elbedeich-abreisetag-und-ausklang\/","url":"https:\/\/liebke-foto.de\/maerkischeslicht\/lenzerwische-am-elbedeich-abreisetag-und-ausklang\/","name":"Lenzerwische am Elbedeich - M\u00e4rkisches Licht - Der Fotograf der Stille","isPartOf":{"@id":"https:\/\/liebke-foto.de\/maerkischeslicht\/#website"},"primaryImageOfPage":{"@id":"https:\/\/liebke-foto.de\/maerkischeslicht\/lenzerwische-am-elbedeich-abreisetag-und-ausklang\/#primaryimage"},"image":{"@id":"https:\/\/liebke-foto.de\/maerkischeslicht\/lenzerwische-am-elbedeich-abreisetag-und-ausklang\/#primaryimage"},"thumbnailUrl":"https:\/\/liebke-foto.de\/maerkischeslicht\/wp-content\/uploads\/2021\/08\/FZ25542_C1.jpg","datePublished":"2021-08-29T11:21:24+00:00","dateModified":"2024-02-21T14:40:57+00:00","description":"Lenzerwische am Elbedeich. Der letzte Tag in dieser herrlichen landschaftlichen Gegend am Landhaus Elbeflair.","breadcrumb":{"@id":"https:\/\/liebke-foto.de\/maerkischeslicht\/lenzerwische-am-elbedeich-abreisetag-und-ausklang\/#breadcrumb"},"inLanguage":"de","potentialAction":[{"@type":"ReadAction","target":["https:\/\/liebke-foto.de\/maerkischeslicht\/lenzerwische-am-elbedeich-abreisetag-und-ausklang\/"]}]},{"@type":"ImageObject","inLanguage":"de","@id":"https:\/\/liebke-foto.de\/maerkischeslicht\/lenzerwische-am-elbedeich-abreisetag-und-ausklang\/#primaryimage","url":"https:\/\/liebke-foto.de\/maerkischeslicht\/wp-content\/uploads\/2021\/08\/FZ25542_C1.jpg","contentUrl":"https:\/\/liebke-foto.de\/maerkischeslicht\/wp-content\/uploads\/2021\/08\/FZ25542_C1.jpg","width":1300,"height":867},{"@type":"BreadcrumbList","@id":"https:\/\/liebke-foto.de\/maerkischeslicht\/lenzerwische-am-elbedeich-abreisetag-und-ausklang\/#breadcrumb","itemListElement":[{"@type":"ListItem","position":1,"name":"Startseite","item":"https:\/\/liebke-foto.de\/maerkischeslicht\/"},{"@type":"ListItem","position":2,"name":"Lenzerwische am Elbedeich"}]},{"@type":"WebSite","@id":"https:\/\/liebke-foto.de\/maerkischeslicht\/#website","url":"https:\/\/liebke-foto.de\/maerkischeslicht\/","name":"M\u00e4rkisches Licht - Der Fotograf der Stille","description":"Die Liebe zum Leben...","publisher":{"@id":"https:\/\/liebke-foto.de\/maerkischeslicht\/#\/schema\/person\/d71108abc09a723daeeb8526a33137ee"},"potentialAction":[{"@type":"SearchAction","target":{"@type":"EntryPoint","urlTemplate":"https:\/\/liebke-foto.de\/maerkischeslicht\/?s={search_term_string}"},"query-input":{"@type":"PropertyValueSpecification","valueRequired":true,"valueName":"search_term_string"}}],"inLanguage":"de"},{"@type":["Person","Organization"],"@id":"https:\/\/liebke-foto.de\/maerkischeslicht\/#\/schema\/person\/d71108abc09a723daeeb8526a33137ee","name":"Frank Liebke","image":{"@type":"ImageObject","inLanguage":"de","@id":"https:\/\/liebke-foto.de\/maerkischeslicht\/wp-content\/uploads\/2021\/12\/IMG-20211024-WA0001.jpg","url":"https:\/\/liebke-foto.de\/maerkischeslicht\/wp-content\/uploads\/2021\/12\/IMG-20211024-WA0001.jpg","contentUrl":"https:\/\/liebke-foto.de\/maerkischeslicht\/wp-content\/uploads\/2021\/12\/IMG-20211024-WA0001.jpg","width":900,"height":1600,"caption":"Frank Liebke"},"logo":{"@id":"https:\/\/liebke-foto.de\/maerkischeslicht\/wp-content\/uploads\/2021\/12\/IMG-20211024-WA0001.jpg"},"sameAs":["https:\/\/liebke-foto.de"],"url":"https:\/\/liebke-foto.de\/maerkischeslicht\/author\/adminuser\/"}]}},"_links":{"self":[{"href":"https:\/\/liebke-foto.de\/maerkischeslicht\/wp-json\/wp\/v2\/posts\/4738","targetHints":{"allow":["GET"]}}],"collection":[{"href":"https:\/\/liebke-foto.de\/maerkischeslicht\/wp-json\/wp\/v2\/posts"}],"about":[{"href":"https:\/\/liebke-foto.de\/maerkischeslicht\/wp-json\/wp\/v2\/types\/post"}],"author":[{"embeddable":true,"href":"https:\/\/liebke-foto.de\/maerkischeslicht\/wp-json\/wp\/v2\/users\/1"}],"replies":[{"embeddable":true,"href":"https:\/\/liebke-foto.de\/maerkischeslicht\/wp-json\/wp\/v2\/comments?post=4738"}],"version-history":[{"count":22,"href":"https:\/\/liebke-foto.de\/maerkischeslicht\/wp-json\/wp\/v2\/posts\/4738\/revisions"}],"predecessor-version":[{"id":8317,"href":"https:\/\/liebke-foto.de\/maerkischeslicht\/wp-json\/wp\/v2\/posts\/4738\/revisions\/8317"}],"wp:featuredmedia":[{"embeddable":true,"href":"https:\/\/liebke-foto.de\/maerkischeslicht\/wp-json\/wp\/v2\/media\/4740"}],"wp:attachment":[{"href":"https:\/\/liebke-foto.de\/maerkischeslicht\/wp-json\/wp\/v2\/media?parent=4738"}],"wp:term":[{"taxonomy":"category","embeddable":true,"href":"https:\/\/liebke-foto.de\/maerkischeslicht\/wp-json\/wp\/v2\/categories?post=4738"},{"taxonomy":"post_tag","embeddable":true,"href":"https:\/\/liebke-foto.de\/maerkischeslicht\/wp-json\/wp\/v2\/tags?post=4738"}],"curies":[{"name":"wp","href":"https:\/\/api.w.org\/{rel}","templated":true}]}}