{"id":4655,"date":"2021-08-22T16:52:03","date_gmt":"2021-08-22T14:52:03","guid":{"rendered":"https:\/\/liebke-foto.de\/maerkischeslicht\/?p=4655"},"modified":"2024-02-21T17:03:54","modified_gmt":"2024-02-21T15:03:54","slug":"unser-kurzurlaub-in-der-lenzerwische-tag-2","status":"publish","type":"post","link":"https:\/\/liebke-foto.de\/maerkischeslicht\/unser-kurzurlaub-in-der-lenzerwische-tag-2\/","title":{"rendered":"Binnend\u00fcnen Klein Schm\u00f6len"},"content":{"rendered":"<div class=\"wp-block-image\">\n<figure class=\"aligncenter size-large\"><a href=\"https:\/\/liebke-foto.de\/maerkischeslicht\/wp-content\/uploads\/2021\/08\/FZ25174_C1.jpg\"><img loading=\"lazy\" decoding=\"async\" width=\"1200\" height=\"800\" src=\"https:\/\/liebke-foto.de\/maerkischeslicht\/wp-content\/uploads\/2021\/08\/FZ25174_C1-1200x800.jpg\" alt=\"Das Naturschutzgebiet Binnend\u00fcnen in Mecklenburg Vorpommern bei Klein Schm\u00f6len, direkt am letzten nordwestlichen Zipfel der Mark Brandenburg war am zweiten Tag unser Hauptziel\" class=\"wp-image-4679\" srcset=\"https:\/\/liebke-foto.de\/maerkischeslicht\/wp-content\/uploads\/2021\/08\/FZ25174_C1-1200x800.jpg 1200w, https:\/\/liebke-foto.de\/maerkischeslicht\/wp-content\/uploads\/2021\/08\/FZ25174_C1-768x512.jpg 768w, https:\/\/liebke-foto.de\/maerkischeslicht\/wp-content\/uploads\/2021\/08\/FZ25174_C1.jpg 1300w\" sizes=\"auto, (max-width: 1200px) 100vw, 1200px\" \/><\/a><figcaption class=\"wp-element-caption\">Das Naturschutzgebiet Binnend\u00fcnen in Mecklenburg Vorpommern bei Klein Schm\u00f6len, direkt am letzten nordwestlichen Zipfel der Mark Brandenburg war am zweiten Tag unser Hauptziel<\/figcaption><\/figure>\n<\/div>\n\n\n<p><\/p>\n\n\n\n<h2 class=\"wp-block-heading has-text-align-center\">Klein Schm\u00f6len &#8211; Festung D\u00f6mitz<\/h2>\n\n\n\n<p>Urlaub h\u00f6rt sich immer so ganz nach Freiheit an, und f\u00fcr mich war es das ja auch. F\u00fcr Lucy (Patricia Koelle) aber auch vor allem eine neue Recherchereise in die Lenzerwische. Unter anderem f\u00fcr ihren neuen Roman <a data-type=\"URL\" data-id=\"https:\/\/www.fischerverlage.de\/buch\/patricia-koelle-das-geheimnis-der-grashuepfer-9783596706242\" rel=\"noreferrer noopener\" href=\"https:\/\/www.fischerverlage.de\/buch\/patricia-koelle-das-geheimnis-der-grashuepfer-9783596706242\" target=\"_blank\">&#8222;Das Geheimnis der Grash\u00fcpfer&#8220;<\/a> aus der Inselg\u00e4rtenreihe der im September im Fischerverlag erscheint. Und wie schon im ersten Teil gesagt, war es f\u00fcr mich eine wunderbare Reise mit liebster Begleitung in eine f\u00fcr mich fast ganz neue Gegend. Wir hatten aber auch ein unversch\u00e4mtes Gl\u00fcck mit dem Wetter. <\/p>\n\n\n\n<p>Der Tag begann immer mit einem weichen Sonnenlicht wie im Fr\u00fchherbst. Alles begann in einem Goldton zu leuchten und unser erster Weg nach der Dusche und einem gem\u00fctlichen Tee war zum Deich. In einem immer wiederkehrenden Staunen, wie zwei Kinder zu Weihnachten zur Bescherung, wurden wir mit den sch\u00f6nsten Naturwundern beschenkt. Auf der toten Eiche begr\u00fc\u00dfte uns wieder der Storch, irgendwie immer mit Gefiederpflege besch\u00e4ftigt. Die Kamera konnte ich dabei nie im Zimmer lassen, ich habe schon lange nicht mehr so viel fotografiert wie auf dieser Reise. Und ich will Euch nat\u00fcrlich immer gern daran teilhaben lassen. <\/p>\n\n\n\n<p><br \/>Die Ruhe nutzten wir auch zum Arbeiten, Lucy machte Aufnahmen f\u00fcr ihre Trailer. Und dann war auch die richtige Zeit f\u00fcr ein Werbefoto mit dem neuen Roman. <\/p>\n\n\n<div class=\"wp-block-image\">\n<figure class=\"aligncenter size-large\"><a href=\"https:\/\/liebke-foto.de\/maerkischeslicht\/wp-content\/uploads\/2021\/08\/FZ24889_C1.jpg\"><img loading=\"lazy\" decoding=\"async\" width=\"1200\" height=\"800\" src=\"https:\/\/liebke-foto.de\/maerkischeslicht\/wp-content\/uploads\/2021\/08\/FZ24889_C1-1200x800.jpg\" alt=\"So erlebten wir jeden Morgen am Elbedeich, in absoluter Stille, im gl\u00fccklichen Staunen\" class=\"wp-image-4682\" srcset=\"https:\/\/liebke-foto.de\/maerkischeslicht\/wp-content\/uploads\/2021\/08\/FZ24889_C1-1200x800.jpg 1200w, https:\/\/liebke-foto.de\/maerkischeslicht\/wp-content\/uploads\/2021\/08\/FZ24889_C1-768x512.jpg 768w, https:\/\/liebke-foto.de\/maerkischeslicht\/wp-content\/uploads\/2021\/08\/FZ24889_C1.jpg 1300w\" sizes=\"auto, (max-width: 1200px) 100vw, 1200px\" \/><\/a><figcaption class=\"wp-element-caption\">So erlebten wir jeden Morgen am Elbedeich, in absoluter Stille, im gl\u00fccklichen Staunen<\/figcaption><\/figure>\n<\/div>\n\n<div class=\"wp-block-image\">\n<figure class=\"aligncenter size-large\"><a href=\"https:\/\/liebke-foto.de\/maerkischeslicht\/wp-content\/uploads\/2021\/08\/FLZ0880_C1.jpg\"><img loading=\"lazy\" decoding=\"async\" width=\"1200\" height=\"800\" src=\"https:\/\/liebke-foto.de\/maerkischeslicht\/wp-content\/uploads\/2021\/08\/FLZ0880_C1-1200x800.jpg\" alt=\"Lenzerwische\" class=\"wp-image-4639\" srcset=\"https:\/\/liebke-foto.de\/maerkischeslicht\/wp-content\/uploads\/2021\/08\/FLZ0880_C1-1200x800.jpg 1200w, https:\/\/liebke-foto.de\/maerkischeslicht\/wp-content\/uploads\/2021\/08\/FLZ0880_C1-768x512.jpg 768w, https:\/\/liebke-foto.de\/maerkischeslicht\/wp-content\/uploads\/2021\/08\/FLZ0880_C1.jpg 1300w\" sizes=\"auto, (max-width: 1200px) 100vw, 1200px\" \/><\/a><figcaption class=\"wp-element-caption\">Morgentoilette perfekt, okay, dann Abflug \ud83d\ude00<\/figcaption><\/figure>\n<\/div>\n\n<div class=\"wp-block-image\">\n<figure class=\"aligncenter size-large\"><a href=\"https:\/\/liebke-foto.de\/maerkischeslicht\/wp-content\/uploads\/2021\/08\/FZ24876_C1.jpg\"><img loading=\"lazy\" decoding=\"async\" width=\"1200\" height=\"800\" src=\"https:\/\/liebke-foto.de\/maerkischeslicht\/wp-content\/uploads\/2021\/08\/FZ24876_C1-1200x800.jpg\" alt=\"Lenzerwische, Baumveteranen, hundertj\u00e4hrige Eichen\" class=\"wp-image-4642\" srcset=\"https:\/\/liebke-foto.de\/maerkischeslicht\/wp-content\/uploads\/2021\/08\/FZ24876_C1-1200x800.jpg 1200w, https:\/\/liebke-foto.de\/maerkischeslicht\/wp-content\/uploads\/2021\/08\/FZ24876_C1-768x512.jpg 768w, https:\/\/liebke-foto.de\/maerkischeslicht\/wp-content\/uploads\/2021\/08\/FZ24876_C1.jpg 1300w\" sizes=\"auto, (max-width: 1200px) 100vw, 1200px\" \/><\/a><figcaption class=\"wp-element-caption\">Baumveteranen, hundertj\u00e4hrige Eichen<\/figcaption><\/figure>\n<\/div>\n\n<div class=\"wp-block-image\">\n<figure class=\"aligncenter size-large\"><a href=\"https:\/\/liebke-foto.de\/maerkischeslicht\/wp-content\/uploads\/2021\/08\/FZ24891_C1.jpg\"><img loading=\"lazy\" decoding=\"async\" width=\"1200\" height=\"800\" src=\"https:\/\/liebke-foto.de\/maerkischeslicht\/wp-content\/uploads\/2021\/08\/FZ24891_C1-1200x800.jpg\" alt=\"Im goldigen Morgenlicht zeigt sich die Lenzerwische am Elbedeich\" class=\"wp-image-4644\" srcset=\"https:\/\/liebke-foto.de\/maerkischeslicht\/wp-content\/uploads\/2021\/08\/FZ24891_C1-1200x800.jpg 1200w, https:\/\/liebke-foto.de\/maerkischeslicht\/wp-content\/uploads\/2021\/08\/FZ24891_C1-768x512.jpg 768w, https:\/\/liebke-foto.de\/maerkischeslicht\/wp-content\/uploads\/2021\/08\/FZ24891_C1.jpg 1300w\" sizes=\"auto, (max-width: 1200px) 100vw, 1200px\" \/><\/a><figcaption class=\"wp-element-caption\">Im goldigen Morgenlicht zeigt sich die Lenzerwische am Elbedeich<\/figcaption><\/figure>\n<\/div>\n\n<div class=\"wp-block-image\">\n<figure class=\"aligncenter size-large\"><a href=\"https:\/\/liebke-foto.de\/maerkischeslicht\/wp-content\/uploads\/2021\/08\/FZ25299_C1.jpg\"><img loading=\"lazy\" decoding=\"async\" width=\"1200\" height=\"800\" src=\"https:\/\/liebke-foto.de\/maerkischeslicht\/wp-content\/uploads\/2021\/08\/FZ25299_C1-1200x800.jpg\" alt=\"Lenzerwische, Arbeit am neuen Trailer f\u00fcr den neuen Roman &quot;Das Geheimnis der Grash\u00fcpfer&quot;\" class=\"wp-image-4688\" srcset=\"https:\/\/liebke-foto.de\/maerkischeslicht\/wp-content\/uploads\/2021\/08\/FZ25299_C1-1200x800.jpg 1200w, https:\/\/liebke-foto.de\/maerkischeslicht\/wp-content\/uploads\/2021\/08\/FZ25299_C1-768x512.jpg 768w, https:\/\/liebke-foto.de\/maerkischeslicht\/wp-content\/uploads\/2021\/08\/FZ25299_C1.jpg 1300w\" sizes=\"auto, (max-width: 1200px) 100vw, 1200px\" \/><\/a><figcaption class=\"wp-element-caption\">Arbeit am neuen Trailer f\u00fcr den neuen Roman &#8222;Das Geheimnis der Grash\u00fcpfer&#8220;<\/figcaption><\/figure>\n<\/div>\n\n<div class=\"wp-block-image\">\n<figure class=\"aligncenter size-large\"><a href=\"https:\/\/liebke-foto.de\/maerkischeslicht\/wp-content\/uploads\/2021\/08\/FZ25309_C1.jpg\"><img loading=\"lazy\" decoding=\"async\" width=\"1200\" height=\"800\" src=\"https:\/\/liebke-foto.de\/maerkischeslicht\/wp-content\/uploads\/2021\/08\/FZ25309_C1-1200x800.jpg\" alt=\"Lenzerwische\" class=\"wp-image-4689\" srcset=\"https:\/\/liebke-foto.de\/maerkischeslicht\/wp-content\/uploads\/2021\/08\/FZ25309_C1-1200x800.jpg 1200w, https:\/\/liebke-foto.de\/maerkischeslicht\/wp-content\/uploads\/2021\/08\/FZ25309_C1-768x512.jpg 768w, https:\/\/liebke-foto.de\/maerkischeslicht\/wp-content\/uploads\/2021\/08\/FZ25309_C1.jpg 1300w\" sizes=\"auto, (max-width: 1200px) 100vw, 1200px\" \/><\/a><figcaption class=\"wp-element-caption\">Das Geheimnis der Grash\u00fcpfer, Roman von Patricia Koelle im Fischer-Verlag<\/figcaption><\/figure>\n<\/div>\n\n<div class=\"wp-block-image\">\n<figure class=\"aligncenter size-large\"><a href=\"https:\/\/liebke-foto.de\/maerkischeslicht\/wp-content\/uploads\/2021\/08\/FZ25382_C1.jpg\"><img loading=\"lazy\" decoding=\"async\" width=\"1200\" height=\"800\" src=\"https:\/\/liebke-foto.de\/maerkischeslicht\/wp-content\/uploads\/2021\/08\/FZ25382_C1-1200x800.jpg\" alt=\"Patricia Koelle mit einem Vorexemplar ihres neuen Romans &quot;Das Geheimnis der Grash\u00fcpfer&quot; vor einem der Schaupl\u00e4tze, dem Landhaus Elbeflair. \" class=\"wp-image-4692\" srcset=\"https:\/\/liebke-foto.de\/maerkischeslicht\/wp-content\/uploads\/2021\/08\/FZ25382_C1-1200x800.jpg 1200w, https:\/\/liebke-foto.de\/maerkischeslicht\/wp-content\/uploads\/2021\/08\/FZ25382_C1-768x512.jpg 768w, https:\/\/liebke-foto.de\/maerkischeslicht\/wp-content\/uploads\/2021\/08\/FZ25382_C1.jpg 1300w\" sizes=\"auto, (max-width: 1200px) 100vw, 1200px\" \/><\/a><figcaption class=\"wp-element-caption\">Patricia Koelle mit einem Vorexemplar ihres neuen Romans &#8222;Das Geheimnis der Grash\u00fcpfer&#8220; vor einem der Schaupl\u00e4tze, dem Landhaus Elbeflair. <\/figcaption><\/figure>\n<\/div>\n\n\n<p>Gut gefr\u00fchst\u00fcckt, mit gro\u00dfen Tatendrang starteten wir am zweiten Tag zu einer Fahrt in das <a href=\"https:\/\/de.wikipedia.org\/wiki\/Naturschutzgebiet_Binnend\u00fcnen_bei_Klein_Schm\u00f6len\" target=\"_blank\" rel=\"noreferrer noopener\">Naturschutzgebiet Binnend\u00fcne bei Klein Schm\u00f6len<\/a>. Okay, wenn man es sehr genau nimmt, liegt das nun nicht mehr in der Mark Brandenburg, sondern schlie\u00dft sich ihr nordwestlich im Bundesland Mecklenburg-Vorpommern an. Nun nehme ich das mit den Grenzen nicht zu kleinkariert und bin der Meinung, das M\u00e4rkische Licht scheint drau\u00dfen in der Mark, ist aber auch ganz tief in meinem Herzen. Und so ist es immer dort, wo ich bin. Vor allem wenn es meiner Seele gut geht wie auf dieser Reise. Ich hatte keine Vorstellung von dem Gebiet und hatte es mir einfach mal versagt schon vorher per Google einen Eindruck zu verschaffen. <\/p>\n\n\n\n<p>Wir wollten es ganz spontan erleben. Und unser Wetter, gestartet mit blauen Himmel, entwickelte sich jeden Tag zu unserem Lieblingswetter. Was hei\u00dfen soll, es zogen, erst verhalten, im Laufe des Tages die Wolken auf und tauchten das Land in immer neue Lichtspiele. Wie eine Theaterauff\u00fchrung leuchteten dann irgendwann die Lichtstrahlen wie Spots auf die verschiedensten Flecken. Da musste ich sehr schnell reagieren, denn kaum gesehen, war das Licht urpl\u00f6tzlich weg, um auf geheimnisvolle Weise schon den n\u00e4chsten Spot an anderer Stelle zu setzen. Herrlich! <\/p>\n\n\n\n<p><br \/>Die h\u00f6chste D\u00fcne war auch zu erwandern, das schaffte mich dann k\u00f6rperlich so, dass wir oben an einem wunderbaren Aussichtspunkt eine Rast mit obligatorischer Teepause machten. Und die Weitblicke im Rund ausgiebig genossen. Und zu allem eine tiefe Stille, die wir einfach ganz tief in uns aufnahmen. Was braucht man mehr&#8230;<\/p>\n\n\n<div class=\"wp-block-image\">\n<figure class=\"aligncenter size-large\"><a href=\"https:\/\/liebke-foto.de\/maerkischeslicht\/wp-content\/uploads\/2021\/08\/FLZ0898_C1.jpg\"><img loading=\"lazy\" decoding=\"async\" width=\"1200\" height=\"800\" src=\"https:\/\/liebke-foto.de\/maerkischeslicht\/wp-content\/uploads\/2021\/08\/FLZ0898_C1-1200x800.jpg\" alt=\"Das Naturschutzgebiet Binnend\u00fcnen in Mecklenburg Vorpommern bei Klein Schm\u00f6len\" class=\"wp-image-4656\" srcset=\"https:\/\/liebke-foto.de\/maerkischeslicht\/wp-content\/uploads\/2021\/08\/FLZ0898_C1-1200x800.jpg 1200w, https:\/\/liebke-foto.de\/maerkischeslicht\/wp-content\/uploads\/2021\/08\/FLZ0898_C1-768x512.jpg 768w, https:\/\/liebke-foto.de\/maerkischeslicht\/wp-content\/uploads\/2021\/08\/FLZ0898_C1.jpg 1300w\" sizes=\"auto, (max-width: 1200px) 100vw, 1200px\" \/><\/a><figcaption class=\"wp-element-caption\">Das Naturschutzgebiet Binnend\u00fcnen in Mecklenburg Vorpommern bei Klein Schm\u00f6len<\/figcaption><\/figure>\n<\/div>\n\n<div class=\"wp-block-image\">\n<figure class=\"aligncenter size-large\"><a href=\"https:\/\/liebke-foto.de\/maerkischeslicht\/wp-content\/uploads\/2021\/08\/FLZ0911_C1.jpg\"><img loading=\"lazy\" decoding=\"async\" width=\"1200\" height=\"800\" src=\"https:\/\/liebke-foto.de\/maerkischeslicht\/wp-content\/uploads\/2021\/08\/FLZ0911_C1-1200x800.jpg\" alt=\"\" class=\"wp-image-4657\" srcset=\"https:\/\/liebke-foto.de\/maerkischeslicht\/wp-content\/uploads\/2021\/08\/FLZ0911_C1-1200x800.jpg 1200w, https:\/\/liebke-foto.de\/maerkischeslicht\/wp-content\/uploads\/2021\/08\/FLZ0911_C1-768x512.jpg 768w, https:\/\/liebke-foto.de\/maerkischeslicht\/wp-content\/uploads\/2021\/08\/FLZ0911_C1.jpg 1300w\" sizes=\"auto, (max-width: 1200px) 100vw, 1200px\" \/><\/a><\/figure>\n<\/div>\n\n\n<p><\/p>\n\n\n\n<p><\/p>\n\n\n<div class=\"wp-block-image\">\n<figure class=\"aligncenter size-large\"><a href=\"https:\/\/liebke-foto.de\/maerkischeslicht\/wp-content\/uploads\/2021\/08\/FLZ0913_C1.jpg\"><img loading=\"lazy\" decoding=\"async\" width=\"1200\" height=\"800\" src=\"https:\/\/liebke-foto.de\/maerkischeslicht\/wp-content\/uploads\/2021\/08\/FLZ0913_C1-1200x800.jpg\" alt=\"\" class=\"wp-image-4658\" srcset=\"https:\/\/liebke-foto.de\/maerkischeslicht\/wp-content\/uploads\/2021\/08\/FLZ0913_C1-1200x800.jpg 1200w, https:\/\/liebke-foto.de\/maerkischeslicht\/wp-content\/uploads\/2021\/08\/FLZ0913_C1-768x512.jpg 768w, https:\/\/liebke-foto.de\/maerkischeslicht\/wp-content\/uploads\/2021\/08\/FLZ0913_C1.jpg 1300w\" sizes=\"auto, (max-width: 1200px) 100vw, 1200px\" \/><\/a><\/figure>\n<\/div>\n\n\n<p><\/p>\n\n\n\n<p><\/p>\n\n\n<div class=\"wp-block-image\">\n<figure class=\"aligncenter size-large\"><a href=\"https:\/\/liebke-foto.de\/maerkischeslicht\/wp-content\/uploads\/2021\/08\/FZ24967_C1.jpg\"><img loading=\"lazy\" decoding=\"async\" width=\"1200\" height=\"800\" src=\"https:\/\/liebke-foto.de\/maerkischeslicht\/wp-content\/uploads\/2021\/08\/FZ24967_C1-1200x800.jpg\" alt=\"Blick zur Binnend\u00fcne, zumindest ein Teil davon\" class=\"wp-image-4664\" srcset=\"https:\/\/liebke-foto.de\/maerkischeslicht\/wp-content\/uploads\/2021\/08\/FZ24967_C1-1200x800.jpg 1200w, https:\/\/liebke-foto.de\/maerkischeslicht\/wp-content\/uploads\/2021\/08\/FZ24967_C1-768x512.jpg 768w, https:\/\/liebke-foto.de\/maerkischeslicht\/wp-content\/uploads\/2021\/08\/FZ24967_C1.jpg 1300w\" sizes=\"auto, (max-width: 1200px) 100vw, 1200px\" \/><\/a><figcaption class=\"wp-element-caption\">Blick zur Binnend\u00fcne, zumindest ein Teil davon<\/figcaption><\/figure>\n<\/div>\n\n<div class=\"wp-block-image\">\n<figure class=\"aligncenter size-large\"><a href=\"https:\/\/liebke-foto.de\/maerkischeslicht\/wp-content\/uploads\/2021\/08\/FZ24988_C1.jpg\"><img loading=\"lazy\" decoding=\"async\" width=\"1200\" height=\"800\" src=\"https:\/\/liebke-foto.de\/maerkischeslicht\/wp-content\/uploads\/2021\/08\/FZ24988_C1-1200x800.jpg\" alt=\"\" class=\"wp-image-4666\" srcset=\"https:\/\/liebke-foto.de\/maerkischeslicht\/wp-content\/uploads\/2021\/08\/FZ24988_C1-1200x800.jpg 1200w, https:\/\/liebke-foto.de\/maerkischeslicht\/wp-content\/uploads\/2021\/08\/FZ24988_C1-768x512.jpg 768w, https:\/\/liebke-foto.de\/maerkischeslicht\/wp-content\/uploads\/2021\/08\/FZ24988_C1.jpg 1300w\" sizes=\"auto, (max-width: 1200px) 100vw, 1200px\" \/><\/a><\/figure>\n<\/div>\n\n\n<p><\/p>\n\n\n\n<p><\/p>\n\n\n<div class=\"wp-block-image\">\n<figure class=\"aligncenter size-large\"><a href=\"https:\/\/liebke-foto.de\/maerkischeslicht\/wp-content\/uploads\/2021\/08\/FZ24986_C1.jpg\"><img loading=\"lazy\" decoding=\"async\" width=\"1200\" height=\"800\" src=\"https:\/\/liebke-foto.de\/maerkischeslicht\/wp-content\/uploads\/2021\/08\/FZ24986_C1-1200x800.jpg\" alt=\"Das Naturschutzgebiet Binnend\u00fcnen in Mecklenburg Vorpommern bei Klein Schm\u00f6len.\" class=\"wp-image-4683\" srcset=\"https:\/\/liebke-foto.de\/maerkischeslicht\/wp-content\/uploads\/2021\/08\/FZ24986_C1-1200x800.jpg 1200w, https:\/\/liebke-foto.de\/maerkischeslicht\/wp-content\/uploads\/2021\/08\/FZ24986_C1-768x512.jpg 768w, https:\/\/liebke-foto.de\/maerkischeslicht\/wp-content\/uploads\/2021\/08\/FZ24986_C1.jpg 1300w\" sizes=\"auto, (max-width: 1200px) 100vw, 1200px\" \/><\/a><figcaption class=\"wp-element-caption\">Viele Vorbilder f\u00fcr Themen der Romane, hier gab es eine Bl\u00fchvielfalt, Natur wie sie darf und soll<\/figcaption><\/figure>\n<\/div>\n\n<div class=\"wp-block-image\">\n<figure class=\"aligncenter size-large\"><a href=\"https:\/\/liebke-foto.de\/maerkischeslicht\/wp-content\/uploads\/2021\/08\/FZ25020_C1.jpg\"><img loading=\"lazy\" decoding=\"async\" width=\"1200\" height=\"800\" src=\"https:\/\/liebke-foto.de\/maerkischeslicht\/wp-content\/uploads\/2021\/08\/FZ25020_C1-1200x800.jpg\" alt=\"Das Naturschutzgebiet Binnend\u00fcnen in Mecklenburg Vorpommern bei Klein Schm\u00f6len.\" class=\"wp-image-4669\" srcset=\"https:\/\/liebke-foto.de\/maerkischeslicht\/wp-content\/uploads\/2021\/08\/FZ25020_C1-1200x800.jpg 1200w, https:\/\/liebke-foto.de\/maerkischeslicht\/wp-content\/uploads\/2021\/08\/FZ25020_C1-768x512.jpg 768w, https:\/\/liebke-foto.de\/maerkischeslicht\/wp-content\/uploads\/2021\/08\/FZ25020_C1.jpg 1300w\" sizes=\"auto, (max-width: 1200px) 100vw, 1200px\" \/><\/a><figcaption class=\"wp-element-caption\">Der Weg zur Bergh\u00f6he, sieht harmlos aus, hatte es aber echt in sich \ud83d\ude00<\/figcaption><\/figure>\n<\/div>\n\n<div class=\"wp-block-image\">\n<figure class=\"aligncenter size-large\"><a href=\"https:\/\/liebke-foto.de\/maerkischeslicht\/wp-content\/uploads\/2021\/08\/FZ25033_C1.jpg\"><img loading=\"lazy\" decoding=\"async\" width=\"1200\" height=\"800\" src=\"https:\/\/liebke-foto.de\/maerkischeslicht\/wp-content\/uploads\/2021\/08\/FZ25033_C1-1200x800.jpg\" alt=\"Das Naturschutzgebiet Binnend\u00fcnen in Mecklenburg Vorpommern bei Klein Schm\u00f6len.\" class=\"wp-image-4670\" srcset=\"https:\/\/liebke-foto.de\/maerkischeslicht\/wp-content\/uploads\/2021\/08\/FZ25033_C1-1200x800.jpg 1200w, https:\/\/liebke-foto.de\/maerkischeslicht\/wp-content\/uploads\/2021\/08\/FZ25033_C1-768x512.jpg 768w, https:\/\/liebke-foto.de\/maerkischeslicht\/wp-content\/uploads\/2021\/08\/FZ25033_C1.jpg 1300w\" sizes=\"auto, (max-width: 1200px) 100vw, 1200px\" \/><\/a><\/figure>\n<\/div>\n\n\n<p><\/p>\n\n\n\n<p><\/p>\n\n\n<div class=\"wp-block-image\">\n<figure class=\"aligncenter size-large\"><a href=\"https:\/\/liebke-foto.de\/maerkischeslicht\/wp-content\/uploads\/2021\/08\/FZ25044_C1.jpg\"><img loading=\"lazy\" decoding=\"async\" width=\"1200\" height=\"800\" src=\"https:\/\/liebke-foto.de\/maerkischeslicht\/wp-content\/uploads\/2021\/08\/FZ25044_C1-1200x800.jpg\" alt=\"Das Naturschutzgebiet Binnend\u00fcnen in Mecklenburg Vorpommern bei Klein Schm\u00f6len.\" class=\"wp-image-4671\" srcset=\"https:\/\/liebke-foto.de\/maerkischeslicht\/wp-content\/uploads\/2021\/08\/FZ25044_C1-1200x800.jpg 1200w, https:\/\/liebke-foto.de\/maerkischeslicht\/wp-content\/uploads\/2021\/08\/FZ25044_C1-768x512.jpg 768w, https:\/\/liebke-foto.de\/maerkischeslicht\/wp-content\/uploads\/2021\/08\/FZ25044_C1.jpg 1300w\" sizes=\"auto, (max-width: 1200px) 100vw, 1200px\" \/><\/a><\/figure>\n<\/div>\n\n\n<p><\/p>\n\n\n\n<p><\/p>\n\n\n<div class=\"wp-block-image\">\n<figure class=\"aligncenter size-large\"><a href=\"https:\/\/liebke-foto.de\/maerkischeslicht\/wp-content\/uploads\/2021\/08\/FZ25053_C1.jpg\"><img loading=\"lazy\" decoding=\"async\" width=\"1200\" height=\"800\" src=\"https:\/\/liebke-foto.de\/maerkischeslicht\/wp-content\/uploads\/2021\/08\/FZ25053_C1-1200x800.jpg\" alt=\"Das Naturschutzgebiet Binnend\u00fcnen in Mecklenburg Vorpommern bei Klein Schm\u00f6len.\" class=\"wp-image-4672\" srcset=\"https:\/\/liebke-foto.de\/maerkischeslicht\/wp-content\/uploads\/2021\/08\/FZ25053_C1-1200x800.jpg 1200w, https:\/\/liebke-foto.de\/maerkischeslicht\/wp-content\/uploads\/2021\/08\/FZ25053_C1-768x512.jpg 768w, https:\/\/liebke-foto.de\/maerkischeslicht\/wp-content\/uploads\/2021\/08\/FZ25053_C1.jpg 1300w\" sizes=\"auto, (max-width: 1200px) 100vw, 1200px\" \/><\/a><figcaption class=\"wp-element-caption\">Ausblick \u00fcber die Binnend\u00fcnen in Mecklenburg Vorpommern bei Klein Schm\u00f6len.<\/figcaption><\/figure>\n<\/div>\n\n<div class=\"wp-block-image\">\n<figure class=\"aligncenter size-large\"><a href=\"https:\/\/liebke-foto.de\/maerkischeslicht\/wp-content\/uploads\/2021\/08\/FZ25072_C1.jpg\"><img loading=\"lazy\" decoding=\"async\" width=\"1200\" height=\"800\" src=\"https:\/\/liebke-foto.de\/maerkischeslicht\/wp-content\/uploads\/2021\/08\/FZ25072_C1-1200x800.jpg\" alt=\"\" class=\"wp-image-4673\" srcset=\"https:\/\/liebke-foto.de\/maerkischeslicht\/wp-content\/uploads\/2021\/08\/FZ25072_C1-1200x800.jpg 1200w, https:\/\/liebke-foto.de\/maerkischeslicht\/wp-content\/uploads\/2021\/08\/FZ25072_C1-768x512.jpg 768w, https:\/\/liebke-foto.de\/maerkischeslicht\/wp-content\/uploads\/2021\/08\/FZ25072_C1.jpg 1300w\" sizes=\"auto, (max-width: 1200px) 100vw, 1200px\" \/><\/a><\/figure>\n<\/div>\n\n\n<p><\/p>\n\n\n\n<p><\/p>\n\n\n<div class=\"wp-block-image\">\n<figure class=\"aligncenter size-large\"><a href=\"https:\/\/liebke-foto.de\/maerkischeslicht\/wp-content\/uploads\/2021\/08\/FZ25082_C1.jpg\"><img loading=\"lazy\" decoding=\"async\" width=\"1200\" height=\"800\" src=\"https:\/\/liebke-foto.de\/maerkischeslicht\/wp-content\/uploads\/2021\/08\/FZ25082_C1-1200x800.jpg\" alt=\"Das Naturschutzgebiet Binnend\u00fcnen in Mecklenburg Vorpommern bei Klein Schm\u00f6len.\" class=\"wp-image-4674\" srcset=\"https:\/\/liebke-foto.de\/maerkischeslicht\/wp-content\/uploads\/2021\/08\/FZ25082_C1-1200x800.jpg 1200w, https:\/\/liebke-foto.de\/maerkischeslicht\/wp-content\/uploads\/2021\/08\/FZ25082_C1-768x512.jpg 768w, https:\/\/liebke-foto.de\/maerkischeslicht\/wp-content\/uploads\/2021\/08\/FZ25082_C1.jpg 1300w\" sizes=\"auto, (max-width: 1200px) 100vw, 1200px\" \/><\/a><figcaption class=\"wp-element-caption\">Das Naturschutzgebiet Binnend\u00fcnen in Mecklenburg Vorpommern bei Klein Schm\u00f6len.<\/figcaption><\/figure>\n<\/div>\n\n<div class=\"wp-block-image\">\n<figure class=\"aligncenter size-large\"><a href=\"https:\/\/liebke-foto.de\/maerkischeslicht\/wp-content\/uploads\/2021\/08\/FZ25085_C1.jpg\"><img loading=\"lazy\" decoding=\"async\" width=\"1200\" height=\"800\" src=\"https:\/\/liebke-foto.de\/maerkischeslicht\/wp-content\/uploads\/2021\/08\/FZ25085_C1-1200x800.jpg\" alt=\"\" class=\"wp-image-4684\" srcset=\"https:\/\/liebke-foto.de\/maerkischeslicht\/wp-content\/uploads\/2021\/08\/FZ25085_C1-1200x800.jpg 1200w, https:\/\/liebke-foto.de\/maerkischeslicht\/wp-content\/uploads\/2021\/08\/FZ25085_C1-768x512.jpg 768w, https:\/\/liebke-foto.de\/maerkischeslicht\/wp-content\/uploads\/2021\/08\/FZ25085_C1.jpg 1300w\" sizes=\"auto, (max-width: 1200px) 100vw, 1200px\" \/><\/a><\/figure>\n<\/div>\n\n\n<p><\/p>\n\n\n\n<p><\/p>\n\n\n<div class=\"wp-block-image\">\n<figure class=\"aligncenter size-large\"><a href=\"https:\/\/liebke-foto.de\/maerkischeslicht\/wp-content\/uploads\/2021\/08\/FZ25129_C1.jpg\"><img loading=\"lazy\" decoding=\"async\" width=\"1200\" height=\"800\" src=\"https:\/\/liebke-foto.de\/maerkischeslicht\/wp-content\/uploads\/2021\/08\/FZ25129_C1-1200x800.jpg\" alt=\"\" class=\"wp-image-4676\" srcset=\"https:\/\/liebke-foto.de\/maerkischeslicht\/wp-content\/uploads\/2021\/08\/FZ25129_C1-1200x800.jpg 1200w, https:\/\/liebke-foto.de\/maerkischeslicht\/wp-content\/uploads\/2021\/08\/FZ25129_C1-768x512.jpg 768w, https:\/\/liebke-foto.de\/maerkischeslicht\/wp-content\/uploads\/2021\/08\/FZ25129_C1.jpg 1300w\" sizes=\"auto, (max-width: 1200px) 100vw, 1200px\" \/><\/a><\/figure>\n<\/div>\n\n\n<p><\/p>\n\n\n\n<p><\/p>\n\n\n<div class=\"wp-block-image\">\n<figure class=\"aligncenter size-large\"><a href=\"https:\/\/liebke-foto.de\/maerkischeslicht\/wp-content\/uploads\/2021\/08\/FLZ0917_C1.jpg\"><img loading=\"lazy\" decoding=\"async\" width=\"1200\" height=\"800\" src=\"https:\/\/liebke-foto.de\/maerkischeslicht\/wp-content\/uploads\/2021\/08\/FLZ0917_C1-1200x800.jpg\" alt=\"\" class=\"wp-image-4659\" srcset=\"https:\/\/liebke-foto.de\/maerkischeslicht\/wp-content\/uploads\/2021\/08\/FLZ0917_C1-1200x800.jpg 1200w, https:\/\/liebke-foto.de\/maerkischeslicht\/wp-content\/uploads\/2021\/08\/FLZ0917_C1-768x512.jpg 768w, https:\/\/liebke-foto.de\/maerkischeslicht\/wp-content\/uploads\/2021\/08\/FLZ0917_C1.jpg 1300w\" sizes=\"auto, (max-width: 1200px) 100vw, 1200px\" \/><\/a><\/figure>\n<\/div>\n\n\n<p><\/p>\n\n\n\n<p><\/p>\n\n\n<div class=\"wp-block-image\">\n<figure class=\"aligncenter size-large\"><a href=\"https:\/\/liebke-foto.de\/maerkischeslicht\/wp-content\/uploads\/2021\/08\/FLZ0932_C1.jpg\"><img loading=\"lazy\" decoding=\"async\" width=\"1200\" height=\"800\" src=\"https:\/\/liebke-foto.de\/maerkischeslicht\/wp-content\/uploads\/2021\/08\/FLZ0932_C1-1200x800.jpg\" alt=\"\" class=\"wp-image-4660\" srcset=\"https:\/\/liebke-foto.de\/maerkischeslicht\/wp-content\/uploads\/2021\/08\/FLZ0932_C1-1200x800.jpg 1200w, https:\/\/liebke-foto.de\/maerkischeslicht\/wp-content\/uploads\/2021\/08\/FLZ0932_C1-768x512.jpg 768w, https:\/\/liebke-foto.de\/maerkischeslicht\/wp-content\/uploads\/2021\/08\/FLZ0932_C1.jpg 1300w\" sizes=\"auto, (max-width: 1200px) 100vw, 1200px\" \/><\/a><\/figure>\n<\/div>\n\n\n<p><\/p>\n\n\n\n<p><\/p>\n\n\n<div class=\"wp-block-image\">\n<figure class=\"aligncenter size-large\"><a href=\"https:\/\/liebke-foto.de\/maerkischeslicht\/wp-content\/uploads\/2021\/08\/FLZ0947_C1.jpg\"><img loading=\"lazy\" decoding=\"async\" width=\"1214\" height=\"800\" src=\"https:\/\/liebke-foto.de\/maerkischeslicht\/wp-content\/uploads\/2021\/08\/FLZ0947_C1-1214x800.jpg\" alt=\"Libelle in der Binnend\u00fcne, Klein Schm\u00f6len\" class=\"wp-image-4661\" srcset=\"https:\/\/liebke-foto.de\/maerkischeslicht\/wp-content\/uploads\/2021\/08\/FLZ0947_C1-1214x800.jpg 1214w, https:\/\/liebke-foto.de\/maerkischeslicht\/wp-content\/uploads\/2021\/08\/FLZ0947_C1-768x506.jpg 768w, https:\/\/liebke-foto.de\/maerkischeslicht\/wp-content\/uploads\/2021\/08\/FLZ0947_C1.jpg 1300w\" sizes=\"auto, (max-width: 1214px) 100vw, 1214px\" \/><\/a><figcaption class=\"wp-element-caption\">Libelle<\/figcaption><\/figure>\n<\/div>\n\n<div class=\"wp-block-image\">\n<figure class=\"aligncenter size-large\"><a href=\"https:\/\/liebke-foto.de\/maerkischeslicht\/wp-content\/uploads\/2021\/08\/FLZ0954_C1.jpg\"><img loading=\"lazy\" decoding=\"async\" width=\"1200\" height=\"800\" src=\"https:\/\/liebke-foto.de\/maerkischeslicht\/wp-content\/uploads\/2021\/08\/FLZ0954_C1-1200x800.jpg\" alt=\"Das Naturschutzgebiet Binnend\u00fcnen in Mecklenburg Vorpommern bei Klein Schm\u00f6len.\" class=\"wp-image-4662\" srcset=\"https:\/\/liebke-foto.de\/maerkischeslicht\/wp-content\/uploads\/2021\/08\/FLZ0954_C1-1200x800.jpg 1200w, https:\/\/liebke-foto.de\/maerkischeslicht\/wp-content\/uploads\/2021\/08\/FLZ0954_C1-768x512.jpg 768w, https:\/\/liebke-foto.de\/maerkischeslicht\/wp-content\/uploads\/2021\/08\/FLZ0954_C1.jpg 1300w\" sizes=\"auto, (max-width: 1200px) 100vw, 1200px\" \/><\/a><figcaption class=\"wp-element-caption\">Das Naturschutzgebiet Binnend\u00fcnen in Mecklenburg Vorpommern bei Klein Schm\u00f6len.<\/figcaption><\/figure>\n<\/div>\n\n\n<p>Frisch gest\u00e4rkt nach der Pause mussten wir nur noch vom &#8222;Berg&#8220; runter. Aber das war, trotz Wanderweg, eine etwas kribbelige Angelegenheit. Der Sand war so fein, trocken und heftig, dass man immer aufpassen musste, um nicht &#8222;auszurutschen&#8220;. Man hatte schwer Halt. Wer das Wandern im trockenen Ostseesand kennengelernt hat, wei\u00df was ich meine. Nur hier eben nicht eben sondern heftig bergab. <\/p>\n\n\n\n<p><br \/>Nun, einmal hier, warm war es auch. Dazu gab es einen st\u00e4ndigen und erfrischenden Wind. Und so beschlossen wir spontan noch etwas zu verl\u00e4ngern. Ein h\u00fcbscher See mit dem eigenartigen Namen Brack wurde unser n\u00e4chstes Ziel. <\/p>\n\n\n\n<p>M\u00e4rchenhafte Natur, am liebsten w\u00e4ren wir reingesprungen. Aber wir hatten noch einen R\u00fcckweg vor uns, der erst mal geschafft werden musste. Und nun kam auch der Hunger dazu. Bei so guter Bewegung und sauberer, frischer Luft, kein Wunder. Also zur\u00fcck nun zum Parkplatz. <\/p>\n\n\n<div class=\"wp-block-image\">\n<figure class=\"aligncenter size-large\"><a href=\"https:\/\/liebke-foto.de\/maerkischeslicht\/wp-content\/uploads\/2021\/08\/FZ25164_C1.jpg\"><img loading=\"lazy\" decoding=\"async\" width=\"1200\" height=\"800\" src=\"https:\/\/liebke-foto.de\/maerkischeslicht\/wp-content\/uploads\/2021\/08\/FZ25164_C1-1200x800.jpg\" alt=\"Der Brack in der N\u00e4he von Klein Schm\u00f6len\" class=\"wp-image-4677\" srcset=\"https:\/\/liebke-foto.de\/maerkischeslicht\/wp-content\/uploads\/2021\/08\/FZ25164_C1-1200x800.jpg 1200w, https:\/\/liebke-foto.de\/maerkischeslicht\/wp-content\/uploads\/2021\/08\/FZ25164_C1-768x512.jpg 768w, https:\/\/liebke-foto.de\/maerkischeslicht\/wp-content\/uploads\/2021\/08\/FZ25164_C1.jpg 1300w\" sizes=\"auto, (max-width: 1200px) 100vw, 1200px\" \/><\/a><figcaption class=\"wp-element-caption\">Der Brack in der N\u00e4he von Klein Schm\u00f6len<\/figcaption><\/figure>\n<\/div>\n\n<div class=\"wp-block-image\">\n<figure class=\"aligncenter size-large\"><a href=\"https:\/\/liebke-foto.de\/maerkischeslicht\/wp-content\/uploads\/2021\/08\/FZ25166_C1.jpg\"><img loading=\"lazy\" decoding=\"async\" width=\"1200\" height=\"800\" src=\"https:\/\/liebke-foto.de\/maerkischeslicht\/wp-content\/uploads\/2021\/08\/FZ25166_C1-1200x800.jpg\" alt=\"\" class=\"wp-image-4678\" srcset=\"https:\/\/liebke-foto.de\/maerkischeslicht\/wp-content\/uploads\/2021\/08\/FZ25166_C1-1200x800.jpg 1200w, https:\/\/liebke-foto.de\/maerkischeslicht\/wp-content\/uploads\/2021\/08\/FZ25166_C1-768x512.jpg 768w, https:\/\/liebke-foto.de\/maerkischeslicht\/wp-content\/uploads\/2021\/08\/FZ25166_C1.jpg 1300w\" sizes=\"auto, (max-width: 1200px) 100vw, 1200px\" \/><\/a><\/figure>\n<\/div>\n\n\n<p><\/p>\n\n\n\n<p><\/p>\n\n\n\n<p><\/p>\n\n\n<div class=\"wp-block-image\">\n<figure class=\"aligncenter size-large\"><a href=\"https:\/\/liebke-foto.de\/maerkischeslicht\/wp-content\/uploads\/2021\/08\/FLZ0989_C1-1.jpg\"><img loading=\"lazy\" decoding=\"async\" width=\"1200\" height=\"800\" src=\"https:\/\/liebke-foto.de\/maerkischeslicht\/wp-content\/uploads\/2021\/08\/FLZ0989_C1-1-1200x800.jpg\" alt=\"Binnend\u00fcnenlandschaft, Klein Schm\u00f6len\" class=\"wp-image-4663\" srcset=\"https:\/\/liebke-foto.de\/maerkischeslicht\/wp-content\/uploads\/2021\/08\/FLZ0989_C1-1-1200x800.jpg 1200w, https:\/\/liebke-foto.de\/maerkischeslicht\/wp-content\/uploads\/2021\/08\/FLZ0989_C1-1-768x512.jpg 768w, https:\/\/liebke-foto.de\/maerkischeslicht\/wp-content\/uploads\/2021\/08\/FLZ0989_C1-1.jpg 1300w\" sizes=\"auto, (max-width: 1200px) 100vw, 1200px\" \/><\/a><figcaption class=\"wp-element-caption\">Noch ein letzter Abschiedsblick auf die Binnend\u00fcnenlandschaft<\/figcaption><\/figure>\n<\/div>\n\n\n<p>D\u00f6mitz war der n\u00e4chste gr\u00f6\u00dfere Ort, an dem wir auch Gastst\u00e4tten vermuteten, Gastst\u00e4tten mit Mittagstisch nicht nur zu Mittag, wohlgemerkt. Au\u00dferdem gibt es dort die <a href=\"https:\/\/de.wikipedia.org\/wiki\/Festung_D\u00f6mitz\" target=\"_blank\" rel=\"noreferrer noopener\">Festung D\u00f6mitz<\/a>, die wir auch besuchen wollten. Nun denkt der im Speckg\u00fcrtel der Hauptstadt wohnende verw\u00f6hnte B\u00fcrger, dass, zumindest ein gr\u00f6\u00dferes Restaurant, auch den Tag \u00fcber in der Lage ist, dem hungrigen Gast ein kr\u00e4ftiges Essen zu servieren. Aber, Denken ist Gl\u00fcckssache. Jedenfalls f\u00fcr uns an dem Tag und in D\u00f6mitz wohl normal. <\/p>\n\n\n\n<p>Und bevor es jetzt b\u00f6se Worte gibt, nein, wir haben dann nicht erst noch alle Gastst\u00e4tten des Ortes diesbez\u00fcglich ausprobiert. Wir hatten in der Werderstra\u00dfe ein h\u00fcbsches Lokal ausgemacht und auch gleich gegen\u00fcber einen letzten Parkplatz erwischt. Der Aushang am Eingang versprach leckere Dinge, dass uns prompt das Wasser im Munde lief. <\/p>\n\n\n\n<p>Impfpass und Maske dabei, gingen wir erwartungsvoll hinein und erhielten dann die verbale kalte Dusche. &#8222;Mittagessen?? Nein! Geht nicht, K\u00fcche ist erst heute Abend wieder auf. Aber sie k\u00f6nnen gern drau\u00dfen einen Kaffee und Kuchen bestellen&#8220;. Kuchen?? <\/p>\n\n\n\n<p>Es war noch nicht mal drei Uhr Nachmittags und wir hatten nach der langen Wanderung richtig Hunger auf ein kr\u00e4ftiges Essen. Entt\u00e4uscht, ohne gebotene Alternative, gingen wir wieder zum Auto. Und nun war es auch f\u00fcr uns Unkundige gar nicht so einfach ein Restaurant zu finden. Pr\u00e4ziser, eins das offen hat UND auch noch Mittagstisch. <\/p>\n\n\n\n<p>Einige waren geschlossen, davon wieder einige scheinbar schon l\u00e4nger. Wir f\u00fchlten uns nach gef\u00fchlter l\u00e4ngerer &#8222;Einbahnstra\u00dfenkutscherei&#8220; verloren in einer ungastlichen Welt. Der Himmel, als ob er sauer war \u00fcber diese ganze Sache, zog sich auch immer bedrohlicher zu. Und dann die Rettung. <\/p>\n\n\n\n<p>Es gab doch ein schmuckes Lokal in m\u00e4rchenhaft sch\u00f6ner Lage an einem kleinen Fl\u00fcsschen. Parkplatz war auch in der N\u00e4he und wir bekamen im Biergarten auch gleich den gerade frei gewordenen Tisch. Aufatmen, freuen und gl\u00fccklich sein. Nach einer kalten Coke kamen auch die Lebensgeister wieder und das leckere Essen, serviert von freundlicher Bedienung, hat uns dann doch wieder etwas mit dem Ort vers\u00f6hnt. \ud83d\ude09 <\/p>\n\n\n\n<p>Das war so gut dass wir gleich den n\u00e4chsten Tag auch das Essen dort planten, was super geklappt hatte. Und da soll diese hervorragende Gastst\u00e4tte nat\u00fcrlich auch benannt und verlinkt werden. Falls jemand in die N\u00e4he von D\u00f6mitz kommt, am Elberadweg entlang zum Beispiel. Sehr empfehlenswert: Es handelt sich um die &#8222;Gastst\u00e4tte zur Torbr\u00fccke&#8220; in der Schweriner Stra\u00dfe 9. Leider konnte ich keine Webseite finden, und somit auch nicht verlinken.<\/p>\n\n\n\n<p>Trotz des nun etwas dunkleren Wetters besuchten wir noch die <a href=\"https:\/\/de.wikipedia.org\/wiki\/Festung_D\u00f6mitz\" target=\"_blank\" rel=\"noreferrer noopener\">Festung D\u00f6mitz<\/a>. So konnte Lucy noch alles bekommen was sie brauchte und ein paar Bilder gingen auch. Das Wetter ist ja mit diesem Himmel eine sehr interessante Zutat. Aber zu lange hielten wir uns, nach ein paar Regeng\u00fcssen entmutigt, dann doch nicht mehr auf. Irgendwie hat D\u00f6mitz uns einen eher abweisenden Eindruck hinterlassen, obwohl die Stadt auch viele sch\u00f6ne und vor allem historische &#8222;Ecken&#8220; vorzuweisen hat.<\/p>\n\n\n<div class=\"wp-block-image\">\n<figure class=\"aligncenter size-large\"><a href=\"https:\/\/liebke-foto.de\/maerkischeslicht\/wp-content\/uploads\/2021\/08\/FZ25192_C1.jpg\"><img loading=\"lazy\" decoding=\"async\" width=\"1200\" height=\"800\" src=\"https:\/\/liebke-foto.de\/maerkischeslicht\/wp-content\/uploads\/2021\/08\/FZ25192_C1-1200x800.jpg\" alt=\"Festungsanlage D\u00f6mitz\" class=\"wp-image-4645\" srcset=\"https:\/\/liebke-foto.de\/maerkischeslicht\/wp-content\/uploads\/2021\/08\/FZ25192_C1-1200x800.jpg 1200w, https:\/\/liebke-foto.de\/maerkischeslicht\/wp-content\/uploads\/2021\/08\/FZ25192_C1-768x512.jpg 768w, https:\/\/liebke-foto.de\/maerkischeslicht\/wp-content\/uploads\/2021\/08\/FZ25192_C1.jpg 1300w\" sizes=\"auto, (max-width: 1200px) 100vw, 1200px\" \/><\/a><figcaption class=\"wp-element-caption\">Innenhof und eine der Mauern der Festungsanlage D\u00f6mitz<\/figcaption><\/figure>\n<\/div>\n\n<div class=\"wp-block-image\">\n<figure class=\"aligncenter size-large\"><a href=\"https:\/\/liebke-foto.de\/maerkischeslicht\/wp-content\/uploads\/2021\/08\/FLZ1027_C1.jpg\"><img loading=\"lazy\" decoding=\"async\" width=\"1200\" height=\"800\" src=\"https:\/\/liebke-foto.de\/maerkischeslicht\/wp-content\/uploads\/2021\/08\/FLZ1027_C1-1200x800.jpg\" alt=\"Im Durchgang zur Festung D\u00f6mitz hat sich ein Schwalbenpaar ihr Brutrevier gebaut\" class=\"wp-image-4699\" srcset=\"https:\/\/liebke-foto.de\/maerkischeslicht\/wp-content\/uploads\/2021\/08\/FLZ1027_C1-1200x800.jpg 1200w, https:\/\/liebke-foto.de\/maerkischeslicht\/wp-content\/uploads\/2021\/08\/FLZ1027_C1-768x512.jpg 768w, https:\/\/liebke-foto.de\/maerkischeslicht\/wp-content\/uploads\/2021\/08\/FLZ1027_C1.jpg 1300w\" sizes=\"auto, (max-width: 1200px) 100vw, 1200px\" \/><\/a><figcaption class=\"wp-element-caption\">Im Durchgang zur Festung D\u00f6mitz hat sich ein Schwalbenpaar ihr Brutrevier gebaut<\/figcaption><\/figure>\n<\/div>\n\n<div class=\"wp-block-image\">\n<figure class=\"aligncenter size-large\"><a href=\"https:\/\/liebke-foto.de\/maerkischeslicht\/wp-content\/uploads\/2021\/08\/FZ25189_C1.jpg\"><img loading=\"lazy\" decoding=\"async\" width=\"1200\" height=\"800\" src=\"https:\/\/liebke-foto.de\/maerkischeslicht\/wp-content\/uploads\/2021\/08\/FZ25189_C1-1200x800.jpg\" alt=\"D\u00f6mitz\" class=\"wp-image-4700\" srcset=\"https:\/\/liebke-foto.de\/maerkischeslicht\/wp-content\/uploads\/2021\/08\/FZ25189_C1-1200x800.jpg 1200w, https:\/\/liebke-foto.de\/maerkischeslicht\/wp-content\/uploads\/2021\/08\/FZ25189_C1-768x512.jpg 768w, https:\/\/liebke-foto.de\/maerkischeslicht\/wp-content\/uploads\/2021\/08\/FZ25189_C1.jpg 1300w\" sizes=\"auto, (max-width: 1200px) 100vw, 1200px\" \/><\/a><figcaption class=\"wp-element-caption\">Blick auf D\u00f6mitz<\/figcaption><\/figure>\n<\/div>\n\n<div class=\"wp-block-image\">\n<figure class=\"aligncenter size-large\"><a href=\"https:\/\/liebke-foto.de\/maerkischeslicht\/wp-content\/uploads\/2021\/08\/FZ25198_C1.jpg\"><img loading=\"lazy\" decoding=\"async\" width=\"1200\" height=\"800\" src=\"https:\/\/liebke-foto.de\/maerkischeslicht\/wp-content\/uploads\/2021\/08\/FZ25198_C1-1200x800.jpg\" alt=\"Festungsanlage D\u00f6mitz\" class=\"wp-image-4702\" srcset=\"https:\/\/liebke-foto.de\/maerkischeslicht\/wp-content\/uploads\/2021\/08\/FZ25198_C1-1200x800.jpg 1200w, https:\/\/liebke-foto.de\/maerkischeslicht\/wp-content\/uploads\/2021\/08\/FZ25198_C1-768x512.jpg 768w, https:\/\/liebke-foto.de\/maerkischeslicht\/wp-content\/uploads\/2021\/08\/FZ25198_C1.jpg 1300w\" sizes=\"auto, (max-width: 1200px) 100vw, 1200px\" \/><\/a><figcaption class=\"wp-element-caption\">Festungsanlage D\u00f6mitz<\/figcaption><\/figure>\n<\/div>\n\n<div class=\"wp-block-image\">\n<figure class=\"aligncenter size-large\"><a href=\"https:\/\/liebke-foto.de\/maerkischeslicht\/wp-content\/uploads\/2021\/08\/FZ25206_C1.jpg\"><img loading=\"lazy\" decoding=\"async\" width=\"1200\" height=\"800\" src=\"https:\/\/liebke-foto.de\/maerkischeslicht\/wp-content\/uploads\/2021\/08\/FZ25206_C1-1200x800.jpg\" alt=\"Festungsanlage D\u00f6mitz\" class=\"wp-image-4703\" srcset=\"https:\/\/liebke-foto.de\/maerkischeslicht\/wp-content\/uploads\/2021\/08\/FZ25206_C1-1200x800.jpg 1200w, https:\/\/liebke-foto.de\/maerkischeslicht\/wp-content\/uploads\/2021\/08\/FZ25206_C1-768x512.jpg 768w, https:\/\/liebke-foto.de\/maerkischeslicht\/wp-content\/uploads\/2021\/08\/FZ25206_C1.jpg 1300w\" sizes=\"auto, (max-width: 1200px) 100vw, 1200px\" \/><\/a><figcaption class=\"wp-element-caption\">Wehrhafte Mauern der Festungsanlage D\u00f6mitz<\/figcaption><\/figure>\n<\/div>\n\n\n<p>Viele Motive waren nicht m\u00f6glich, denn gerade im Innenhof der Festung wurde eine gro\u00dfe B\u00fchne best\u00fcckt und der Soundcheck f\u00fcr das kommende Konzert lief auch an. Also, dann nichts wie weg. Krach gab es auch zu Hause genug. Im Landhaus Elbeflair schmeckte dann auch der Tee, zusammen mit dem St\u00fcck Torte, einfach himmlisch. Danach waren wir gut dabei unsere gesammelten Sch\u00e4tze anzusehen, zu ordnen und zu bearbeiten. Ich hatte gerade alle Bilder auf dem Laptop gesichert, da entwickelte sich noch ein sagenhaftes Lichtschauspiel. <\/p>\n\n\n\n<p>Obwohl mittlerweile k\u00f6rperlich fertig, nahmen wir unser &#8222;Ger\u00e4tezeugs&#8220; und liefen zum Deich. Was wir dort dann erlebten, war ein Naturlichtspiel vom Feinsten. Ein friedlicher Ausklang des Tages, ganz nach unserem Geschmack. Und eins wei\u00df ich. Mit mittlerweile 61 Jahren gelebt, wei\u00df man meistens endlich was man noch im Leben will. Und vor allem auch, was man ganz bestimmt nicht mehr will. <\/p>\n\n\n\n<p>Auf jeden Fall aber hiervon noch viel mehr! \ud83d\ude00<\/p>\n\n\n<div class=\"wp-block-image\">\n<figure class=\"aligncenter size-large\"><a href=\"https:\/\/liebke-foto.de\/maerkischeslicht\/wp-content\/uploads\/2021\/08\/FZ25259_C1.jpg\"><img loading=\"lazy\" decoding=\"async\" width=\"1200\" height=\"800\" src=\"https:\/\/liebke-foto.de\/maerkischeslicht\/wp-content\/uploads\/2021\/08\/FZ25259_C1-1200x800.jpg\" alt=\"Lenzerwische\" class=\"wp-image-4600\" srcset=\"https:\/\/liebke-foto.de\/maerkischeslicht\/wp-content\/uploads\/2021\/08\/FZ25259_C1-1200x800.jpg 1200w, https:\/\/liebke-foto.de\/maerkischeslicht\/wp-content\/uploads\/2021\/08\/FZ25259_C1-768x512.jpg 768w, https:\/\/liebke-foto.de\/maerkischeslicht\/wp-content\/uploads\/2021\/08\/FZ25259_C1.jpg 1300w\" sizes=\"auto, (max-width: 1200px) 100vw, 1200px\" \/><\/a><figcaption class=\"wp-element-caption\">Vom Zimmerfenster sah ich dass die Sonne den Wolkenkampf am Abend doch nochmal gewonnen hatte \ud83d\ude00<\/figcaption><\/figure>\n<\/div>\n\n<div class=\"wp-block-image\">\n<figure class=\"aligncenter size-large\"><a href=\"https:\/\/liebke-foto.de\/maerkischeslicht\/wp-content\/uploads\/2021\/08\/FZ25277_C1-1.jpg\"><img loading=\"lazy\" decoding=\"async\" width=\"1200\" height=\"800\" src=\"https:\/\/liebke-foto.de\/maerkischeslicht\/wp-content\/uploads\/2021\/08\/FZ25277_C1-1-1200x800.jpg\" alt=\"Lenzerwische\" class=\"wp-image-4708\" srcset=\"https:\/\/liebke-foto.de\/maerkischeslicht\/wp-content\/uploads\/2021\/08\/FZ25277_C1-1-1200x800.jpg 1200w, https:\/\/liebke-foto.de\/maerkischeslicht\/wp-content\/uploads\/2021\/08\/FZ25277_C1-1-768x512.jpg 768w, https:\/\/liebke-foto.de\/maerkischeslicht\/wp-content\/uploads\/2021\/08\/FZ25277_C1-1.jpg 1300w\" sizes=\"auto, (max-width: 1200px) 100vw, 1200px\" \/><\/a><figcaption class=\"wp-element-caption\">Lenzerwische<\/figcaption><\/figure>\n<\/div>\n\n<div class=\"wp-block-image\">\n<figure class=\"aligncenter size-large\"><a href=\"https:\/\/liebke-foto.de\/maerkischeslicht\/wp-content\/uploads\/2021\/08\/FZ25282_C1-1.jpg\"><img loading=\"lazy\" decoding=\"async\" width=\"1200\" height=\"800\" src=\"https:\/\/liebke-foto.de\/maerkischeslicht\/wp-content\/uploads\/2021\/08\/FZ25282_C1-1-1200x800.jpg\" alt=\"\" class=\"wp-image-4709\" srcset=\"https:\/\/liebke-foto.de\/maerkischeslicht\/wp-content\/uploads\/2021\/08\/FZ25282_C1-1-1200x800.jpg 1200w, https:\/\/liebke-foto.de\/maerkischeslicht\/wp-content\/uploads\/2021\/08\/FZ25282_C1-1-768x512.jpg 768w, https:\/\/liebke-foto.de\/maerkischeslicht\/wp-content\/uploads\/2021\/08\/FZ25282_C1-1.jpg 1300w\" sizes=\"auto, (max-width: 1200px) 100vw, 1200px\" \/><\/a><\/figure>\n<\/div>\n\n\n<p><\/p>\n\n\n\n<p><\/p>\n\n\n<div class=\"wp-block-image\">\n<figure class=\"aligncenter size-large\"><a href=\"https:\/\/liebke-foto.de\/maerkischeslicht\/wp-content\/uploads\/2021\/08\/FZ25271_C1-1.jpg\"><img loading=\"lazy\" decoding=\"async\" width=\"1200\" height=\"800\" src=\"https:\/\/liebke-foto.de\/maerkischeslicht\/wp-content\/uploads\/2021\/08\/FZ25271_C1-1-1200x800.jpg\" alt=\"Magisches Licht f\u00fcr Kobolde und Elfen in der Lenzerwische\" class=\"wp-image-4707\" srcset=\"https:\/\/liebke-foto.de\/maerkischeslicht\/wp-content\/uploads\/2021\/08\/FZ25271_C1-1-1200x800.jpg 1200w, https:\/\/liebke-foto.de\/maerkischeslicht\/wp-content\/uploads\/2021\/08\/FZ25271_C1-1-768x512.jpg 768w, https:\/\/liebke-foto.de\/maerkischeslicht\/wp-content\/uploads\/2021\/08\/FZ25271_C1-1.jpg 1300w\" sizes=\"auto, (max-width: 1200px) 100vw, 1200px\" \/><\/a><figcaption class=\"wp-element-caption\">Magisches Licht f\u00fcr Kobolde und Elfen in der Lenzerwische<\/figcaption><\/figure>\n<\/div>\n\n<div class=\"wp-block-image\">\n<figure class=\"aligncenter size-large\"><a href=\"https:\/\/liebke-foto.de\/maerkischeslicht\/wp-content\/uploads\/2021\/08\/FZ25289_C1-1.jpg\"><img loading=\"lazy\" decoding=\"async\" width=\"1200\" height=\"800\" src=\"https:\/\/liebke-foto.de\/maerkischeslicht\/wp-content\/uploads\/2021\/08\/FZ25289_C1-1-1200x800.jpg\" alt=\"Direkt am Elberadweg auf dem Deich\" class=\"wp-image-4710\" srcset=\"https:\/\/liebke-foto.de\/maerkischeslicht\/wp-content\/uploads\/2021\/08\/FZ25289_C1-1-1200x800.jpg 1200w, https:\/\/liebke-foto.de\/maerkischeslicht\/wp-content\/uploads\/2021\/08\/FZ25289_C1-1-768x512.jpg 768w, https:\/\/liebke-foto.de\/maerkischeslicht\/wp-content\/uploads\/2021\/08\/FZ25289_C1-1.jpg 1300w\" sizes=\"auto, (max-width: 1200px) 100vw, 1200px\" \/><\/a><figcaption class=\"wp-element-caption\">Direkt am Elberadweg auf dem Deich<\/figcaption><\/figure>\n<\/div>\n\n<div class=\"wp-block-image\">\n<figure class=\"aligncenter size-large\"><a href=\"https:\/\/liebke-foto.de\/maerkischeslicht\/wp-content\/uploads\/2021\/08\/FZ25266_C1-1.jpg\"><img loading=\"lazy\" decoding=\"async\" width=\"1255\" height=\"800\" src=\"https:\/\/liebke-foto.de\/maerkischeslicht\/wp-content\/uploads\/2021\/08\/FZ25266_C1-1-1255x800.jpg\" alt=\"\" class=\"wp-image-4706\" srcset=\"https:\/\/liebke-foto.de\/maerkischeslicht\/wp-content\/uploads\/2021\/08\/FZ25266_C1-1-1255x800.jpg 1255w, https:\/\/liebke-foto.de\/maerkischeslicht\/wp-content\/uploads\/2021\/08\/FZ25266_C1-1-768x490.jpg 768w, https:\/\/liebke-foto.de\/maerkischeslicht\/wp-content\/uploads\/2021\/08\/FZ25266_C1-1.jpg 1300w\" sizes=\"auto, (max-width: 1255px) 100vw, 1255px\" \/><\/a><\/figure>\n<\/div>\n\n<div class=\"wp-block-image\">\n<figure class=\"aligncenter size-large\"><a href=\"https:\/\/liebke-foto.de\/maerkischeslicht\/wp-content\/uploads\/2021\/08\/FZ25296_C1.jpg\"><img loading=\"lazy\" decoding=\"async\" width=\"1200\" height=\"800\" src=\"https:\/\/liebke-foto.de\/maerkischeslicht\/wp-content\/uploads\/2021\/08\/FZ25296_C1-1200x800.jpg\" alt=\"Lenzerwische, Letztes Abendlicht am Landhaus Elbeflair\" class=\"wp-image-4601\" srcset=\"https:\/\/liebke-foto.de\/maerkischeslicht\/wp-content\/uploads\/2021\/08\/FZ25296_C1-1200x800.jpg 1200w, https:\/\/liebke-foto.de\/maerkischeslicht\/wp-content\/uploads\/2021\/08\/FZ25296_C1-768x512.jpg 768w, https:\/\/liebke-foto.de\/maerkischeslicht\/wp-content\/uploads\/2021\/08\/FZ25296_C1.jpg 1300w\" sizes=\"auto, (max-width: 1200px) 100vw, 1200px\" \/><\/a><figcaption class=\"wp-element-caption\">Letztes Abendlicht am Landhaus Elbeflair<\/figcaption><\/figure>\n<\/div>\n\n<div class=\"wp-block-image\">\n<figure class=\"aligncenter size-large\"><a href=\"https:\/\/liebke-foto.de\/maerkischeslicht\/wp-content\/uploads\/2021\/08\/FLZ1075_C1-1.jpg\"><img loading=\"lazy\" decoding=\"async\" width=\"1200\" height=\"800\" src=\"https:\/\/liebke-foto.de\/maerkischeslicht\/wp-content\/uploads\/2021\/08\/FLZ1075_C1-1-1200x800.jpg\" alt=\"Lenzerwische, Letztes Nachgl\u00fchen, der Tag vergeht...\" class=\"wp-image-4704\" srcset=\"https:\/\/liebke-foto.de\/maerkischeslicht\/wp-content\/uploads\/2021\/08\/FLZ1075_C1-1-1200x800.jpg 1200w, https:\/\/liebke-foto.de\/maerkischeslicht\/wp-content\/uploads\/2021\/08\/FLZ1075_C1-1-768x512.jpg 768w, https:\/\/liebke-foto.de\/maerkischeslicht\/wp-content\/uploads\/2021\/08\/FLZ1075_C1-1.jpg 1300w\" sizes=\"auto, (max-width: 1200px) 100vw, 1200px\" \/><\/a><figcaption class=\"wp-element-caption\">Letztes Nachgl\u00fchen, der Tag vergeht&#8230;<\/figcaption><\/figure>\n<\/div>\n\n\n<div style=\"padding:20px\" class=\"wp-block-tnp-minimal\"><p>Subscribe to our newsletter!<\/p><div><div class=\"tnp tnp-subscription \">\n<form method=\"post\" action=\"https:\/\/liebke-foto.de\/maerkischeslicht\/wp-admin\/admin-ajax.php?action=tnp&amp;na=s\">\n<input type=\"hidden\" name=\"nlang\" value=\"\">\n<div class=\"tnp-field tnp-field-firstname\"><label for=\"tnp-1\">Vorname oder ganzer Name<\/label>\n<input class=\"tnp-name\" type=\"text\" name=\"nn\" id=\"tnp-1\" value=\"\" placeholder=\"\"><\/div>\n<div class=\"tnp-field tnp-field-email\"><label for=\"tnp-2\">Email<\/label>\n<input class=\"tnp-email\" type=\"email\" name=\"ne\" id=\"tnp-2\" value=\"\" placeholder=\"\" required><\/div>\n<div class=\"tnp-field tnp-privacy-field\"><label><input type=\"checkbox\" name=\"ny\" required class=\"tnp-privacy\"> Indem Du fortf\u00e4hrst, akzeptierst Du unsere Datenschutzerkl\u00e4rung.<\/label><\/div><div class=\"tnp-field tnp-field-button\" style=\"text-align: left\"><input class=\"tnp-submit\" type=\"submit\" value=\"Abonnieren\" style=\"\">\n<\/div>\n<\/form>\n<\/div>\n<\/div><\/div>\n\n\n\n\n","protected":false},"excerpt":{"rendered":"<p>Klein Schm\u00f6len &#8211; Festung D\u00f6mitz Urlaub h\u00f6rt sich immer so ganz nach Freiheit an, und f\u00fcr mich war es das ja auch. F\u00fcr&#8230;<\/p>\n","protected":false},"author":1,"featured_media":4679,"comment_status":"open","ping_status":"open","sticky":false,"template":"","format":"image","meta":{"footnotes":""},"categories":[11,66,10,174,12],"tags":[],"class_list":["post-4655","post","type-post","status-publish","format-image","has-post-thumbnail","hentry","category-im-land-brandenburg-unterwegs","category-landpartie","category-landschaft-mark-brandenburg-oberhavel-barnim","category-reisen","category-wildes-brandenburg","post_format-post-format-image"],"yoast_head":"<!-- This site is optimized with the Yoast SEO plugin v27.4 - https:\/\/yoast.com\/product\/yoast-seo-wordpress\/ -->\n<title>Binnend\u00fcnen Klein Schm\u00f6len - M\u00e4rkisches Licht - Der Fotograf der Stille<\/title>\n<meta name=\"description\" content=\"Binnend\u00fcnen Klein Schm\u00f6len, Mecklenburg-Vorpommern, Klein Schm\u00f6len - Festung D\u00f6mitzLenzerwische, D\u00f6mitz, Elbe, Elde,\" \/>\n<meta name=\"robots\" content=\"index, follow, max-snippet:-1, max-image-preview:large, max-video-preview:-1\" \/>\n<link rel=\"canonical\" href=\"https:\/\/liebke-foto.de\/maerkischeslicht\/unser-kurzurlaub-in-der-lenzerwische-tag-2\/\" \/>\n<meta property=\"og:locale\" content=\"de_DE\" \/>\n<meta property=\"og:type\" content=\"article\" \/>\n<meta property=\"og:title\" content=\"Binnend\u00fcnen Klein Schm\u00f6len - M\u00e4rkisches Licht - Der Fotograf der Stille\" \/>\n<meta property=\"og:description\" content=\"Binnend\u00fcnen Klein Schm\u00f6len, Mecklenburg-Vorpommern, Klein Schm\u00f6len - Festung D\u00f6mitzLenzerwische, D\u00f6mitz, Elbe, Elde,\" \/>\n<meta property=\"og:url\" content=\"https:\/\/liebke-foto.de\/maerkischeslicht\/unser-kurzurlaub-in-der-lenzerwische-tag-2\/\" \/>\n<meta property=\"og:site_name\" content=\"M\u00e4rkisches Licht - Der Fotograf der Stille\" \/>\n<meta property=\"article:published_time\" content=\"2021-08-22T14:52:03+00:00\" \/>\n<meta property=\"article:modified_time\" content=\"2024-02-21T15:03:54+00:00\" \/>\n<meta property=\"og:image\" content=\"https:\/\/liebke-foto.de\/maerkischeslicht\/wp-content\/uploads\/2021\/08\/FZ25174_C1.jpg\" \/>\n\t<meta property=\"og:image:width\" content=\"1300\" \/>\n\t<meta property=\"og:image:height\" content=\"867\" \/>\n\t<meta property=\"og:image:type\" content=\"image\/jpeg\" \/>\n<meta name=\"author\" content=\"Frank Liebke\" \/>\n<meta name=\"twitter:card\" content=\"summary_large_image\" \/>\n<meta name=\"twitter:label1\" content=\"Verfasst von\" \/>\n\t<meta name=\"twitter:data1\" content=\"Frank Liebke\" \/>\n\t<meta name=\"twitter:label2\" content=\"Gesch\u00e4tzte Lesezeit\" \/>\n\t<meta name=\"twitter:data2\" content=\"18\u00a0Minuten\" \/>\n<script type=\"application\/ld+json\" class=\"yoast-schema-graph\">{\"@context\":\"https:\\\/\\\/schema.org\",\"@graph\":[{\"@type\":\"Article\",\"@id\":\"https:\\\/\\\/liebke-foto.de\\\/maerkischeslicht\\\/unser-kurzurlaub-in-der-lenzerwische-tag-2\\\/#article\",\"isPartOf\":{\"@id\":\"https:\\\/\\\/liebke-foto.de\\\/maerkischeslicht\\\/unser-kurzurlaub-in-der-lenzerwische-tag-2\\\/\"},\"author\":{\"name\":\"Frank Liebke\",\"@id\":\"https:\\\/\\\/liebke-foto.de\\\/maerkischeslicht\\\/#\\\/schema\\\/person\\\/d71108abc09a723daeeb8526a33137ee\"},\"headline\":\"Binnend\u00fcnen Klein Schm\u00f6len\",\"datePublished\":\"2021-08-22T14:52:03+00:00\",\"dateModified\":\"2024-02-21T15:03:54+00:00\",\"mainEntityOfPage\":{\"@id\":\"https:\\\/\\\/liebke-foto.de\\\/maerkischeslicht\\\/unser-kurzurlaub-in-der-lenzerwische-tag-2\\\/\"},\"wordCount\":1636,\"commentCount\":0,\"publisher\":{\"@id\":\"https:\\\/\\\/liebke-foto.de\\\/maerkischeslicht\\\/#\\\/schema\\\/person\\\/d71108abc09a723daeeb8526a33137ee\"},\"image\":{\"@id\":\"https:\\\/\\\/liebke-foto.de\\\/maerkischeslicht\\\/unser-kurzurlaub-in-der-lenzerwische-tag-2\\\/#primaryimage\"},\"thumbnailUrl\":\"https:\\\/\\\/liebke-foto.de\\\/maerkischeslicht\\\/wp-content\\\/uploads\\\/2021\\\/08\\\/FZ25174_C1.jpg\",\"articleSection\":[\"Im Land Brandenburg unterwegs\",\"LANDpartie, unterwegs in der Mark Brandenburg\",\"Landschaft\",\"Reisen\",\"Wildes Brandenburg\"],\"inLanguage\":\"de\",\"potentialAction\":[{\"@type\":\"CommentAction\",\"name\":\"Comment\",\"target\":[\"https:\\\/\\\/liebke-foto.de\\\/maerkischeslicht\\\/unser-kurzurlaub-in-der-lenzerwische-tag-2\\\/#respond\"]}]},{\"@type\":\"WebPage\",\"@id\":\"https:\\\/\\\/liebke-foto.de\\\/maerkischeslicht\\\/unser-kurzurlaub-in-der-lenzerwische-tag-2\\\/\",\"url\":\"https:\\\/\\\/liebke-foto.de\\\/maerkischeslicht\\\/unser-kurzurlaub-in-der-lenzerwische-tag-2\\\/\",\"name\":\"Binnend\u00fcnen Klein Schm\u00f6len - M\u00e4rkisches Licht - Der Fotograf der Stille\",\"isPartOf\":{\"@id\":\"https:\\\/\\\/liebke-foto.de\\\/maerkischeslicht\\\/#website\"},\"primaryImageOfPage\":{\"@id\":\"https:\\\/\\\/liebke-foto.de\\\/maerkischeslicht\\\/unser-kurzurlaub-in-der-lenzerwische-tag-2\\\/#primaryimage\"},\"image\":{\"@id\":\"https:\\\/\\\/liebke-foto.de\\\/maerkischeslicht\\\/unser-kurzurlaub-in-der-lenzerwische-tag-2\\\/#primaryimage\"},\"thumbnailUrl\":\"https:\\\/\\\/liebke-foto.de\\\/maerkischeslicht\\\/wp-content\\\/uploads\\\/2021\\\/08\\\/FZ25174_C1.jpg\",\"datePublished\":\"2021-08-22T14:52:03+00:00\",\"dateModified\":\"2024-02-21T15:03:54+00:00\",\"description\":\"Binnend\u00fcnen Klein Schm\u00f6len, Mecklenburg-Vorpommern, Klein Schm\u00f6len - Festung D\u00f6mitzLenzerwische, D\u00f6mitz, Elbe, Elde,\",\"breadcrumb\":{\"@id\":\"https:\\\/\\\/liebke-foto.de\\\/maerkischeslicht\\\/unser-kurzurlaub-in-der-lenzerwische-tag-2\\\/#breadcrumb\"},\"inLanguage\":\"de\",\"potentialAction\":[{\"@type\":\"ReadAction\",\"target\":[\"https:\\\/\\\/liebke-foto.de\\\/maerkischeslicht\\\/unser-kurzurlaub-in-der-lenzerwische-tag-2\\\/\"]}]},{\"@type\":\"ImageObject\",\"inLanguage\":\"de\",\"@id\":\"https:\\\/\\\/liebke-foto.de\\\/maerkischeslicht\\\/unser-kurzurlaub-in-der-lenzerwische-tag-2\\\/#primaryimage\",\"url\":\"https:\\\/\\\/liebke-foto.de\\\/maerkischeslicht\\\/wp-content\\\/uploads\\\/2021\\\/08\\\/FZ25174_C1.jpg\",\"contentUrl\":\"https:\\\/\\\/liebke-foto.de\\\/maerkischeslicht\\\/wp-content\\\/uploads\\\/2021\\\/08\\\/FZ25174_C1.jpg\",\"width\":1300,\"height\":867},{\"@type\":\"BreadcrumbList\",\"@id\":\"https:\\\/\\\/liebke-foto.de\\\/maerkischeslicht\\\/unser-kurzurlaub-in-der-lenzerwische-tag-2\\\/#breadcrumb\",\"itemListElement\":[{\"@type\":\"ListItem\",\"position\":1,\"name\":\"Startseite\",\"item\":\"https:\\\/\\\/liebke-foto.de\\\/maerkischeslicht\\\/\"},{\"@type\":\"ListItem\",\"position\":2,\"name\":\"Binnend\u00fcnen Klein Schm\u00f6len\"}]},{\"@type\":\"WebSite\",\"@id\":\"https:\\\/\\\/liebke-foto.de\\\/maerkischeslicht\\\/#website\",\"url\":\"https:\\\/\\\/liebke-foto.de\\\/maerkischeslicht\\\/\",\"name\":\"M\u00e4rkisches Licht - Der Fotograf der Stille\",\"description\":\"Die Liebe zum Leben...\",\"publisher\":{\"@id\":\"https:\\\/\\\/liebke-foto.de\\\/maerkischeslicht\\\/#\\\/schema\\\/person\\\/d71108abc09a723daeeb8526a33137ee\"},\"potentialAction\":[{\"@type\":\"SearchAction\",\"target\":{\"@type\":\"EntryPoint\",\"urlTemplate\":\"https:\\\/\\\/liebke-foto.de\\\/maerkischeslicht\\\/?s={search_term_string}\"},\"query-input\":{\"@type\":\"PropertyValueSpecification\",\"valueRequired\":true,\"valueName\":\"search_term_string\"}}],\"inLanguage\":\"de\"},{\"@type\":[\"Person\",\"Organization\"],\"@id\":\"https:\\\/\\\/liebke-foto.de\\\/maerkischeslicht\\\/#\\\/schema\\\/person\\\/d71108abc09a723daeeb8526a33137ee\",\"name\":\"Frank Liebke\",\"image\":{\"@type\":\"ImageObject\",\"inLanguage\":\"de\",\"@id\":\"https:\\\/\\\/liebke-foto.de\\\/maerkischeslicht\\\/wp-content\\\/uploads\\\/2021\\\/12\\\/IMG-20211024-WA0001.jpg\",\"url\":\"https:\\\/\\\/liebke-foto.de\\\/maerkischeslicht\\\/wp-content\\\/uploads\\\/2021\\\/12\\\/IMG-20211024-WA0001.jpg\",\"contentUrl\":\"https:\\\/\\\/liebke-foto.de\\\/maerkischeslicht\\\/wp-content\\\/uploads\\\/2021\\\/12\\\/IMG-20211024-WA0001.jpg\",\"width\":900,\"height\":1600,\"caption\":\"Frank Liebke\"},\"logo\":{\"@id\":\"https:\\\/\\\/liebke-foto.de\\\/maerkischeslicht\\\/wp-content\\\/uploads\\\/2021\\\/12\\\/IMG-20211024-WA0001.jpg\"},\"sameAs\":[\"https:\\\/\\\/liebke-foto.de\"],\"url\":\"https:\\\/\\\/liebke-foto.de\\\/maerkischeslicht\\\/author\\\/adminuser\\\/\"}]}<\/script>\n<!-- \/ Yoast SEO plugin. -->","yoast_head_json":{"title":"Binnend\u00fcnen Klein Schm\u00f6len - M\u00e4rkisches Licht - Der Fotograf der Stille","description":"Binnend\u00fcnen Klein Schm\u00f6len, Mecklenburg-Vorpommern, Klein Schm\u00f6len - Festung D\u00f6mitzLenzerwische, D\u00f6mitz, Elbe, Elde,","robots":{"index":"index","follow":"follow","max-snippet":"max-snippet:-1","max-image-preview":"max-image-preview:large","max-video-preview":"max-video-preview:-1"},"canonical":"https:\/\/liebke-foto.de\/maerkischeslicht\/unser-kurzurlaub-in-der-lenzerwische-tag-2\/","og_locale":"de_DE","og_type":"article","og_title":"Binnend\u00fcnen Klein Schm\u00f6len - M\u00e4rkisches Licht - Der Fotograf der Stille","og_description":"Binnend\u00fcnen Klein Schm\u00f6len, Mecklenburg-Vorpommern, Klein Schm\u00f6len - Festung D\u00f6mitzLenzerwische, D\u00f6mitz, Elbe, Elde,","og_url":"https:\/\/liebke-foto.de\/maerkischeslicht\/unser-kurzurlaub-in-der-lenzerwische-tag-2\/","og_site_name":"M\u00e4rkisches Licht - Der Fotograf der Stille","article_published_time":"2021-08-22T14:52:03+00:00","article_modified_time":"2024-02-21T15:03:54+00:00","og_image":[{"width":1300,"height":867,"url":"https:\/\/liebke-foto.de\/maerkischeslicht\/wp-content\/uploads\/2021\/08\/FZ25174_C1.jpg","type":"image\/jpeg"}],"author":"Frank Liebke","twitter_card":"summary_large_image","twitter_misc":{"Verfasst von":"Frank Liebke","Gesch\u00e4tzte Lesezeit":"18\u00a0Minuten"},"schema":{"@context":"https:\/\/schema.org","@graph":[{"@type":"Article","@id":"https:\/\/liebke-foto.de\/maerkischeslicht\/unser-kurzurlaub-in-der-lenzerwische-tag-2\/#article","isPartOf":{"@id":"https:\/\/liebke-foto.de\/maerkischeslicht\/unser-kurzurlaub-in-der-lenzerwische-tag-2\/"},"author":{"name":"Frank Liebke","@id":"https:\/\/liebke-foto.de\/maerkischeslicht\/#\/schema\/person\/d71108abc09a723daeeb8526a33137ee"},"headline":"Binnend\u00fcnen Klein Schm\u00f6len","datePublished":"2021-08-22T14:52:03+00:00","dateModified":"2024-02-21T15:03:54+00:00","mainEntityOfPage":{"@id":"https:\/\/liebke-foto.de\/maerkischeslicht\/unser-kurzurlaub-in-der-lenzerwische-tag-2\/"},"wordCount":1636,"commentCount":0,"publisher":{"@id":"https:\/\/liebke-foto.de\/maerkischeslicht\/#\/schema\/person\/d71108abc09a723daeeb8526a33137ee"},"image":{"@id":"https:\/\/liebke-foto.de\/maerkischeslicht\/unser-kurzurlaub-in-der-lenzerwische-tag-2\/#primaryimage"},"thumbnailUrl":"https:\/\/liebke-foto.de\/maerkischeslicht\/wp-content\/uploads\/2021\/08\/FZ25174_C1.jpg","articleSection":["Im Land Brandenburg unterwegs","LANDpartie, unterwegs in der Mark Brandenburg","Landschaft","Reisen","Wildes Brandenburg"],"inLanguage":"de","potentialAction":[{"@type":"CommentAction","name":"Comment","target":["https:\/\/liebke-foto.de\/maerkischeslicht\/unser-kurzurlaub-in-der-lenzerwische-tag-2\/#respond"]}]},{"@type":"WebPage","@id":"https:\/\/liebke-foto.de\/maerkischeslicht\/unser-kurzurlaub-in-der-lenzerwische-tag-2\/","url":"https:\/\/liebke-foto.de\/maerkischeslicht\/unser-kurzurlaub-in-der-lenzerwische-tag-2\/","name":"Binnend\u00fcnen Klein Schm\u00f6len - M\u00e4rkisches Licht - Der Fotograf der Stille","isPartOf":{"@id":"https:\/\/liebke-foto.de\/maerkischeslicht\/#website"},"primaryImageOfPage":{"@id":"https:\/\/liebke-foto.de\/maerkischeslicht\/unser-kurzurlaub-in-der-lenzerwische-tag-2\/#primaryimage"},"image":{"@id":"https:\/\/liebke-foto.de\/maerkischeslicht\/unser-kurzurlaub-in-der-lenzerwische-tag-2\/#primaryimage"},"thumbnailUrl":"https:\/\/liebke-foto.de\/maerkischeslicht\/wp-content\/uploads\/2021\/08\/FZ25174_C1.jpg","datePublished":"2021-08-22T14:52:03+00:00","dateModified":"2024-02-21T15:03:54+00:00","description":"Binnend\u00fcnen Klein Schm\u00f6len, Mecklenburg-Vorpommern, Klein Schm\u00f6len - Festung D\u00f6mitzLenzerwische, D\u00f6mitz, Elbe, Elde,","breadcrumb":{"@id":"https:\/\/liebke-foto.de\/maerkischeslicht\/unser-kurzurlaub-in-der-lenzerwische-tag-2\/#breadcrumb"},"inLanguage":"de","potentialAction":[{"@type":"ReadAction","target":["https:\/\/liebke-foto.de\/maerkischeslicht\/unser-kurzurlaub-in-der-lenzerwische-tag-2\/"]}]},{"@type":"ImageObject","inLanguage":"de","@id":"https:\/\/liebke-foto.de\/maerkischeslicht\/unser-kurzurlaub-in-der-lenzerwische-tag-2\/#primaryimage","url":"https:\/\/liebke-foto.de\/maerkischeslicht\/wp-content\/uploads\/2021\/08\/FZ25174_C1.jpg","contentUrl":"https:\/\/liebke-foto.de\/maerkischeslicht\/wp-content\/uploads\/2021\/08\/FZ25174_C1.jpg","width":1300,"height":867},{"@type":"BreadcrumbList","@id":"https:\/\/liebke-foto.de\/maerkischeslicht\/unser-kurzurlaub-in-der-lenzerwische-tag-2\/#breadcrumb","itemListElement":[{"@type":"ListItem","position":1,"name":"Startseite","item":"https:\/\/liebke-foto.de\/maerkischeslicht\/"},{"@type":"ListItem","position":2,"name":"Binnend\u00fcnen Klein Schm\u00f6len"}]},{"@type":"WebSite","@id":"https:\/\/liebke-foto.de\/maerkischeslicht\/#website","url":"https:\/\/liebke-foto.de\/maerkischeslicht\/","name":"M\u00e4rkisches Licht - Der Fotograf der Stille","description":"Die Liebe zum Leben...","publisher":{"@id":"https:\/\/liebke-foto.de\/maerkischeslicht\/#\/schema\/person\/d71108abc09a723daeeb8526a33137ee"},"potentialAction":[{"@type":"SearchAction","target":{"@type":"EntryPoint","urlTemplate":"https:\/\/liebke-foto.de\/maerkischeslicht\/?s={search_term_string}"},"query-input":{"@type":"PropertyValueSpecification","valueRequired":true,"valueName":"search_term_string"}}],"inLanguage":"de"},{"@type":["Person","Organization"],"@id":"https:\/\/liebke-foto.de\/maerkischeslicht\/#\/schema\/person\/d71108abc09a723daeeb8526a33137ee","name":"Frank Liebke","image":{"@type":"ImageObject","inLanguage":"de","@id":"https:\/\/liebke-foto.de\/maerkischeslicht\/wp-content\/uploads\/2021\/12\/IMG-20211024-WA0001.jpg","url":"https:\/\/liebke-foto.de\/maerkischeslicht\/wp-content\/uploads\/2021\/12\/IMG-20211024-WA0001.jpg","contentUrl":"https:\/\/liebke-foto.de\/maerkischeslicht\/wp-content\/uploads\/2021\/12\/IMG-20211024-WA0001.jpg","width":900,"height":1600,"caption":"Frank Liebke"},"logo":{"@id":"https:\/\/liebke-foto.de\/maerkischeslicht\/wp-content\/uploads\/2021\/12\/IMG-20211024-WA0001.jpg"},"sameAs":["https:\/\/liebke-foto.de"],"url":"https:\/\/liebke-foto.de\/maerkischeslicht\/author\/adminuser\/"}]}},"_links":{"self":[{"href":"https:\/\/liebke-foto.de\/maerkischeslicht\/wp-json\/wp\/v2\/posts\/4655","targetHints":{"allow":["GET"]}}],"collection":[{"href":"https:\/\/liebke-foto.de\/maerkischeslicht\/wp-json\/wp\/v2\/posts"}],"about":[{"href":"https:\/\/liebke-foto.de\/maerkischeslicht\/wp-json\/wp\/v2\/types\/post"}],"author":[{"embeddable":true,"href":"https:\/\/liebke-foto.de\/maerkischeslicht\/wp-json\/wp\/v2\/users\/1"}],"replies":[{"embeddable":true,"href":"https:\/\/liebke-foto.de\/maerkischeslicht\/wp-json\/wp\/v2\/comments?post=4655"}],"version-history":[{"count":21,"href":"https:\/\/liebke-foto.de\/maerkischeslicht\/wp-json\/wp\/v2\/posts\/4655\/revisions"}],"predecessor-version":[{"id":8323,"href":"https:\/\/liebke-foto.de\/maerkischeslicht\/wp-json\/wp\/v2\/posts\/4655\/revisions\/8323"}],"wp:featuredmedia":[{"embeddable":true,"href":"https:\/\/liebke-foto.de\/maerkischeslicht\/wp-json\/wp\/v2\/media\/4679"}],"wp:attachment":[{"href":"https:\/\/liebke-foto.de\/maerkischeslicht\/wp-json\/wp\/v2\/media?parent=4655"}],"wp:term":[{"taxonomy":"category","embeddable":true,"href":"https:\/\/liebke-foto.de\/maerkischeslicht\/wp-json\/wp\/v2\/categories?post=4655"},{"taxonomy":"post_tag","embeddable":true,"href":"https:\/\/liebke-foto.de\/maerkischeslicht\/wp-json\/wp\/v2\/tags?post=4655"}],"curies":[{"name":"wp","href":"https:\/\/api.w.org\/{rel}","templated":true}]}}