{"id":4614,"date":"2021-08-19T11:51:35","date_gmt":"2021-08-19T09:51:35","guid":{"rendered":"https:\/\/liebke-foto.de\/maerkischeslicht\/?p=4614"},"modified":"2024-02-21T17:08:45","modified_gmt":"2024-02-21T15:08:45","slug":"landhaus-elbeflair-in-der-lenzerwische","status":"publish","type":"post","link":"https:\/\/liebke-foto.de\/maerkischeslicht\/landhaus-elbeflair-in-der-lenzerwische\/","title":{"rendered":"Landhaus Elbeflair"},"content":{"rendered":"<div class=\"wp-block-image\">\n<figure class=\"aligncenter size-large\"><a href=\"https:\/\/liebke-foto.de\/maerkischeslicht\/wp-content\/uploads\/2021\/08\/FZ24723_C1.jpg\"><img loading=\"lazy\" decoding=\"async\" width=\"1200\" height=\"800\" src=\"https:\/\/liebke-foto.de\/maerkischeslicht\/wp-content\/uploads\/2021\/08\/FZ24723_C1-1200x800.jpg\" alt=\"Direkt hinterm Elbedeich und Elberadweg in der Lenzerwische liegt, geduckt und gesch\u00fctzt, das wundersch\u00f6ne Landhaus Elbeflair.\" class=\"wp-image-4582\" srcset=\"https:\/\/liebke-foto.de\/maerkischeslicht\/wp-content\/uploads\/2021\/08\/FZ24723_C1-1200x800.jpg 1200w, https:\/\/liebke-foto.de\/maerkischeslicht\/wp-content\/uploads\/2021\/08\/FZ24723_C1-768x512.jpg 768w, https:\/\/liebke-foto.de\/maerkischeslicht\/wp-content\/uploads\/2021\/08\/FZ24723_C1.jpg 1300w\" sizes=\"auto, (max-width: 1200px) 100vw, 1200px\" \/><\/a><figcaption class=\"wp-element-caption\">Direkt hinterm Elbedeich und Elberadweg in der Lenzerwische liegt, geduckt und gesch\u00fctzt, das wundersch\u00f6ne Landhaus Elbeflair<\/figcaption><\/figure>\n<\/div>\n\n\n<h2 class=\"wp-block-heading has-text-align-center\">In der Lenzerwische<\/h2>\n\n\n\n<p>Zu unserem Kurzurlaub in der Lenzerwische ben\u00f6tigten wir nat\u00fcrlich eine Unterkunft. Aber da fiel unsere Wahl auf das Landhaus Elbeflair. Lucy (<a data-type=\"URL\" data-id=\"https:\/\/meerschreibfrau.blog\" rel=\"noreferrer noopener\" href=\"https:\/\/meerschreibfrau.blog\" target=\"_blank\">Patricia Koelle<\/a>) hatte dort schon einmal eine Zeit verbracht. F\u00fcr die Recherche zu ihrem Roman <a data-type=\"URL\" data-id=\"https:\/\/www.fischerverlage.de\/buch\/patricia-koelle-das-geheimnis-der-grashuepfer-9783596706242\" rel=\"noreferrer noopener\" href=\"https:\/\/www.fischerverlage.de\/buch\/patricia-koelle-das-geheimnis-der-grashuepfer-9783596706242\" target=\"_blank\">&#8222;Das Geheimnis der Grash\u00fcpfer&#8220;<\/a> aus dem Fischerverlag. <\/p>\n\n\n\n<p>Der nun im September erscheinen wird. Nun ja, Kurzurlaub. Eigentlich eine Recherchereise. Die aber so voller sch\u00f6ner Erlebnisse ist, dass es sich wie ein Urlaub anf\u00fchlt. Zumindest f\u00fcr mich. Und dass dabei so viele Bilder &#8222;passieren&#8220; \ud83d\ude09 . <\/p>\n\n\n\n<p>Und das Landhaus und die Wische spielen ja auch keine unbedeutende Rolle im neuen Roman. Es war relativ leicht zu finden und dann standen wir schon vor einem Traum von Anwesen. Wie einem M\u00e4rchen entstiegen stand es da. Die Zimmer waren gem\u00fctlich eingerichtet und hatten sch\u00f6nste Ausblicke in den Garten und die Landschaft. Und eine unbeschreibliche Ruhe. Ankommen, Tee trinken (oder Kaffee) und entspannen. Man hat das Gef\u00fchl, die Seele wird gestreichelt. Und Frau Schwarnweber, ihr Mann und ihr Team sorgen f\u00fcr einen mehr als nur angenehmen Aufenthalt. Undaufdringlicher Charme l\u00e4sst ein &#8222;Zu Hause &#8211; Gef\u00fchl&#8220; aufkommen. <\/p>\n\n\n\n<p>Sp\u00e4ter aber hatten mich die vielen sch\u00f6nen Sichten zu immer neuen Bildern angeregt, so dass ich hier mal einen kleinen, nicht ganz umfassenden, aber stimmungsvollen Eindruck vermitteln kann.<\/p>\n\n\n<div class=\"wp-block-image\">\n<figure class=\"aligncenter size-large\"><a href=\"https:\/\/liebke-foto.de\/maerkischeslicht\/wp-content\/uploads\/2021\/08\/FZ24954_C1.jpg\"><img loading=\"lazy\" decoding=\"async\" width=\"1200\" height=\"800\" src=\"https:\/\/liebke-foto.de\/maerkischeslicht\/wp-content\/uploads\/2021\/08\/FZ24954_C1-1200x800.jpg\" alt=\"Landhaus Elbeflair in der Lenzerwische. So ist der erste Eindruck wenn man vom Parkplatz zum Landhaus geht.\" class=\"wp-image-4597\" srcset=\"https:\/\/liebke-foto.de\/maerkischeslicht\/wp-content\/uploads\/2021\/08\/FZ24954_C1-1200x800.jpg 1200w, https:\/\/liebke-foto.de\/maerkischeslicht\/wp-content\/uploads\/2021\/08\/FZ24954_C1-768x512.jpg 768w, https:\/\/liebke-foto.de\/maerkischeslicht\/wp-content\/uploads\/2021\/08\/FZ24954_C1.jpg 1300w\" sizes=\"auto, (max-width: 1200px) 100vw, 1200px\" \/><\/a><figcaption class=\"wp-element-caption\">So ist der erste Eindruck wenn man vom Parkplatz zum Landhaus geht<\/figcaption><\/figure>\n<\/div>\n\n<div class=\"wp-block-image\">\n<figure class=\"aligncenter size-large\"><a href=\"https:\/\/liebke-foto.de\/maerkischeslicht\/wp-content\/uploads\/2021\/08\/FZ24958_C1.jpg\"><img loading=\"lazy\" decoding=\"async\" width=\"1200\" height=\"800\" src=\"https:\/\/liebke-foto.de\/maerkischeslicht\/wp-content\/uploads\/2021\/08\/FZ24958_C1-1200x800.jpg\" alt=\"Landhaus Elbeflair in der Lenzerwische. Die Eingangsseite.\" class=\"wp-image-4598\" srcset=\"https:\/\/liebke-foto.de\/maerkischeslicht\/wp-content\/uploads\/2021\/08\/FZ24958_C1-1200x800.jpg 1200w, https:\/\/liebke-foto.de\/maerkischeslicht\/wp-content\/uploads\/2021\/08\/FZ24958_C1-768x512.jpg 768w, https:\/\/liebke-foto.de\/maerkischeslicht\/wp-content\/uploads\/2021\/08\/FZ24958_C1.jpg 1300w\" sizes=\"auto, (max-width: 1200px) 100vw, 1200px\" \/><\/a><figcaption class=\"wp-element-caption\">Die Eingangsseite<\/figcaption><\/figure>\n<\/div>\n\n<div class=\"wp-block-image\">\n<figure class=\"aligncenter size-large\"><a href=\"https:\/\/liebke-foto.de\/maerkischeslicht\/wp-content\/uploads\/2021\/08\/FZ24961_C1.jpg\"><img loading=\"lazy\" decoding=\"async\" width=\"1200\" height=\"800\" src=\"https:\/\/liebke-foto.de\/maerkischeslicht\/wp-content\/uploads\/2021\/08\/FZ24961_C1-1200x800.jpg\" alt=\"Landhaus Elbeflair in der Lenzerwische. Die Eingangsseite ist ein romantischer Anblick.\" class=\"wp-image-4599\" srcset=\"https:\/\/liebke-foto.de\/maerkischeslicht\/wp-content\/uploads\/2021\/08\/FZ24961_C1-1200x800.jpg 1200w, https:\/\/liebke-foto.de\/maerkischeslicht\/wp-content\/uploads\/2021\/08\/FZ24961_C1-768x512.jpg 768w, https:\/\/liebke-foto.de\/maerkischeslicht\/wp-content\/uploads\/2021\/08\/FZ24961_C1.jpg 1300w\" sizes=\"auto, (max-width: 1200px) 100vw, 1200px\" \/><\/a><\/figure>\n<\/div>\n\n\n<p><\/p>\n\n\n\n<p><\/p>\n\n\n<div class=\"wp-block-image\">\n<figure class=\"aligncenter size-large\"><a href=\"https:\/\/liebke-foto.de\/maerkischeslicht\/wp-content\/uploads\/2021\/08\/FZ24911_C1.jpg\"><img loading=\"lazy\" decoding=\"async\" width=\"1200\" height=\"800\" src=\"https:\/\/liebke-foto.de\/maerkischeslicht\/wp-content\/uploads\/2021\/08\/FZ24911_C1-1200x800.jpg\" alt=\"Landhaus Elbeflair, Lenzerwische, Schauplatz eines Romans, Inselg\u00e4rten Reihe, Patricia Koelle, \" class=\"wp-image-4588\" srcset=\"https:\/\/liebke-foto.de\/maerkischeslicht\/wp-content\/uploads\/2021\/08\/FZ24911_C1-1200x800.jpg 1200w, https:\/\/liebke-foto.de\/maerkischeslicht\/wp-content\/uploads\/2021\/08\/FZ24911_C1-768x512.jpg 768w, https:\/\/liebke-foto.de\/maerkischeslicht\/wp-content\/uploads\/2021\/08\/FZ24911_C1.jpg 1300w\" sizes=\"auto, (max-width: 1200px) 100vw, 1200px\" \/><\/a><figcaption class=\"wp-element-caption\">Hier f\u00fchlen sich nicht nur die Menschen wohl, naturnah ist die Einladung f\u00fcr Bienen, Grash\u00fcpfer und Co.<\/figcaption><\/figure>\n<\/div>\n\n<div class=\"wp-block-image\">\n<figure class=\"aligncenter size-large\"><a href=\"https:\/\/liebke-foto.de\/maerkischeslicht\/wp-content\/uploads\/2021\/08\/FZ24917_C1.jpg\"><img loading=\"lazy\" decoding=\"async\" width=\"1200\" height=\"800\" src=\"https:\/\/liebke-foto.de\/maerkischeslicht\/wp-content\/uploads\/2021\/08\/FZ24917_C1-1200x800.jpg\" alt=\"Landhaus Elbeflair in der Lenzerwische. Der kleine h\u00fcbsche Teich hinterm Landhaus l\u00e4dt zum Tr\u00e4umen ein.\" class=\"wp-image-4589\" srcset=\"https:\/\/liebke-foto.de\/maerkischeslicht\/wp-content\/uploads\/2021\/08\/FZ24917_C1-1200x800.jpg 1200w, https:\/\/liebke-foto.de\/maerkischeslicht\/wp-content\/uploads\/2021\/08\/FZ24917_C1-768x512.jpg 768w, https:\/\/liebke-foto.de\/maerkischeslicht\/wp-content\/uploads\/2021\/08\/FZ24917_C1.jpg 1300w\" sizes=\"auto, (max-width: 1200px) 100vw, 1200px\" \/><\/a><figcaption class=\"wp-element-caption\">Der kleine h\u00fcbsche Teich hinterm Landhaus<\/figcaption><\/figure>\n<\/div>\n\n<div class=\"wp-block-image\">\n<figure class=\"aligncenter size-large\"><a href=\"https:\/\/liebke-foto.de\/maerkischeslicht\/wp-content\/uploads\/2021\/08\/FZ24925_C1.jpg\"><img loading=\"lazy\" decoding=\"async\" width=\"1200\" height=\"800\" src=\"https:\/\/liebke-foto.de\/maerkischeslicht\/wp-content\/uploads\/2021\/08\/FZ24925_C1-1200x800.jpg\" alt=\"Landhaus Elbeflair in der Lenzerwische. Die romantische Parkanlage.\" class=\"wp-image-4590\" srcset=\"https:\/\/liebke-foto.de\/maerkischeslicht\/wp-content\/uploads\/2021\/08\/FZ24925_C1-1200x800.jpg 1200w, https:\/\/liebke-foto.de\/maerkischeslicht\/wp-content\/uploads\/2021\/08\/FZ24925_C1-768x512.jpg 768w, https:\/\/liebke-foto.de\/maerkischeslicht\/wp-content\/uploads\/2021\/08\/FZ24925_C1.jpg 1300w\" sizes=\"auto, (max-width: 1200px) 100vw, 1200px\" \/><\/a><figcaption class=\"wp-element-caption\">Die romantische Parkanlage.<\/figcaption><\/figure>\n<\/div>\n\n<div class=\"wp-block-image\">\n<figure class=\"aligncenter size-large\"><a href=\"https:\/\/liebke-foto.de\/maerkischeslicht\/wp-content\/uploads\/2021\/08\/FZ24941_C1.jpg\"><img loading=\"lazy\" decoding=\"async\" width=\"1200\" height=\"800\" src=\"https:\/\/liebke-foto.de\/maerkischeslicht\/wp-content\/uploads\/2021\/08\/FZ24941_C1-1200x800.jpg\" alt=\"Landhaus Elbeflair in der Lenzerwische. Gut \u00fcberdacht vom pr\u00e4chtigen Nussbaum am Eingang.\" class=\"wp-image-4594\" srcset=\"https:\/\/liebke-foto.de\/maerkischeslicht\/wp-content\/uploads\/2021\/08\/FZ24941_C1-1200x800.jpg 1200w, https:\/\/liebke-foto.de\/maerkischeslicht\/wp-content\/uploads\/2021\/08\/FZ24941_C1-768x512.jpg 768w, https:\/\/liebke-foto.de\/maerkischeslicht\/wp-content\/uploads\/2021\/08\/FZ24941_C1.jpg 1300w\" sizes=\"auto, (max-width: 1200px) 100vw, 1200px\" \/><\/a><figcaption class=\"wp-element-caption\">Gut \u00fcberdacht vom pr\u00e4chtigen Nussbaum am Eingang<\/figcaption><\/figure>\n<\/div>\n\n<div class=\"wp-block-image\">\n<figure class=\"aligncenter size-large\"><a href=\"https:\/\/liebke-foto.de\/maerkischeslicht\/wp-content\/uploads\/2021\/08\/FZ24932_C1.jpg\"><img loading=\"lazy\" decoding=\"async\" width=\"1200\" height=\"800\" src=\"https:\/\/liebke-foto.de\/maerkischeslicht\/wp-content\/uploads\/2021\/08\/FZ24932_C1-1200x800.jpg\" alt=\"Landhaus Elbeflair in der Lenzerwische. Der kleine h\u00fcbsche Teich hinterm Landhaus.\" class=\"wp-image-4592\" srcset=\"https:\/\/liebke-foto.de\/maerkischeslicht\/wp-content\/uploads\/2021\/08\/FZ24932_C1-1200x800.jpg 1200w, https:\/\/liebke-foto.de\/maerkischeslicht\/wp-content\/uploads\/2021\/08\/FZ24932_C1-768x512.jpg 768w, https:\/\/liebke-foto.de\/maerkischeslicht\/wp-content\/uploads\/2021\/08\/FZ24932_C1.jpg 1300w\" sizes=\"auto, (max-width: 1200px) 100vw, 1200px\" \/><\/a><\/figure>\n<\/div>\n\n\n<p><\/p>\n\n\n\n<p><\/p>\n\n\n<div class=\"wp-block-image\">\n<figure class=\"aligncenter size-large\"><a href=\"https:\/\/liebke-foto.de\/maerkischeslicht\/wp-content\/uploads\/2021\/08\/FZ24937_C1.jpg\"><img loading=\"lazy\" decoding=\"async\" width=\"1200\" height=\"800\" src=\"https:\/\/liebke-foto.de\/maerkischeslicht\/wp-content\/uploads\/2021\/08\/FZ24937_C1-1200x800.jpg\" alt=\"Landhaus Elbeflair, Lenzerwische, Nussbaum am Eingang,\" class=\"wp-image-4593\" srcset=\"https:\/\/liebke-foto.de\/maerkischeslicht\/wp-content\/uploads\/2021\/08\/FZ24937_C1-1200x800.jpg 1200w, https:\/\/liebke-foto.de\/maerkischeslicht\/wp-content\/uploads\/2021\/08\/FZ24937_C1-768x512.jpg 768w, https:\/\/liebke-foto.de\/maerkischeslicht\/wp-content\/uploads\/2021\/08\/FZ24937_C1.jpg 1300w\" sizes=\"auto, (max-width: 1200px) 100vw, 1200px\" \/><\/a><figcaption class=\"wp-element-caption\">Gut \u00fcberdacht vom pr\u00e4chtigen Nussbaum am Eingang<\/figcaption><\/figure>\n<\/div>\n\n<div class=\"wp-block-image\">\n<figure class=\"aligncenter size-large\"><a href=\"https:\/\/liebke-foto.de\/maerkischeslicht\/wp-content\/uploads\/2021\/08\/FZ24871_C1.jpg\"><img loading=\"lazy\" decoding=\"async\" width=\"1200\" height=\"800\" src=\"https:\/\/liebke-foto.de\/maerkischeslicht\/wp-content\/uploads\/2021\/08\/FZ24871_C1-1200x800.jpg\" alt=\"Landhaus Elbeflair in der Lenzerwische, Morgengl\u00fchen im Garten\" class=\"wp-image-4583\" srcset=\"https:\/\/liebke-foto.de\/maerkischeslicht\/wp-content\/uploads\/2021\/08\/FZ24871_C1-1200x800.jpg 1200w, https:\/\/liebke-foto.de\/maerkischeslicht\/wp-content\/uploads\/2021\/08\/FZ24871_C1-768x512.jpg 768w, https:\/\/liebke-foto.de\/maerkischeslicht\/wp-content\/uploads\/2021\/08\/FZ24871_C1.jpg 1300w\" sizes=\"auto, (max-width: 1200px) 100vw, 1200px\" \/><\/a><figcaption class=\"wp-element-caption\">Morgenausblick aus meinem Zimmer. Schon das weckt die Lebensgeister und den Elan<\/figcaption><\/figure>\n<\/div>\n\n<div class=\"wp-block-image\">\n<figure class=\"aligncenter size-large\"><a href=\"https:\/\/liebke-foto.de\/maerkischeslicht\/wp-content\/uploads\/2021\/08\/FZ24896_C1.jpg\"><img loading=\"lazy\" decoding=\"async\" width=\"1200\" height=\"800\" src=\"https:\/\/liebke-foto.de\/maerkischeslicht\/wp-content\/uploads\/2021\/08\/FZ24896_C1-1200x800.jpg\" alt=\"Landhaus Elbeflair in der Lenzerwische. Blick vom Elbedeich zum Landhaus Elbeflair.\" class=\"wp-image-4584\" srcset=\"https:\/\/liebke-foto.de\/maerkischeslicht\/wp-content\/uploads\/2021\/08\/FZ24896_C1-1200x800.jpg 1200w, https:\/\/liebke-foto.de\/maerkischeslicht\/wp-content\/uploads\/2021\/08\/FZ24896_C1-768x512.jpg 768w, https:\/\/liebke-foto.de\/maerkischeslicht\/wp-content\/uploads\/2021\/08\/FZ24896_C1.jpg 1300w\" sizes=\"auto, (max-width: 1200px) 100vw, 1200px\" \/><\/a><figcaption class=\"wp-element-caption\">Blick vom Elbedeich zum Landhaus Elbeflair<\/figcaption><\/figure>\n<\/div>\n\n<div class=\"wp-block-image\">\n<figure class=\"aligncenter size-large\"><a href=\"https:\/\/liebke-foto.de\/maerkischeslicht\/wp-content\/uploads\/2021\/08\/FZ24946_C1.jpg\"><img loading=\"lazy\" decoding=\"async\" width=\"1200\" height=\"800\" src=\"https:\/\/liebke-foto.de\/maerkischeslicht\/wp-content\/uploads\/2021\/08\/FZ24946_C1-1200x800.jpg\" alt=\"Landhaus Elbeflair in der Lenzerwische. Das sch\u00f6ne Detail.\" class=\"wp-image-4595\" srcset=\"https:\/\/liebke-foto.de\/maerkischeslicht\/wp-content\/uploads\/2021\/08\/FZ24946_C1-1200x800.jpg 1200w, https:\/\/liebke-foto.de\/maerkischeslicht\/wp-content\/uploads\/2021\/08\/FZ24946_C1-768x512.jpg 768w, https:\/\/liebke-foto.de\/maerkischeslicht\/wp-content\/uploads\/2021\/08\/FZ24946_C1.jpg 1300w\" sizes=\"auto, (max-width: 1200px) 100vw, 1200px\" \/><\/a><figcaption class=\"wp-element-caption\">Landhaus Elbeflair in der Lenzerwische. Das sch\u00f6ne Detail.<\/figcaption><\/figure>\n<\/div>\n\n<div class=\"wp-block-image\">\n<figure class=\"aligncenter size-large\"><a href=\"https:\/\/liebke-foto.de\/maerkischeslicht\/wp-content\/uploads\/2021\/08\/FZ24900_C1.jpg\"><img loading=\"lazy\" decoding=\"async\" width=\"1200\" height=\"800\" src=\"https:\/\/liebke-foto.de\/maerkischeslicht\/wp-content\/uploads\/2021\/08\/FZ24900_C1-1200x800.jpg\" alt=\"Landhaus Elbeflair, Lenzerwische, Blick vom Elbedeich zum Landhaus Elbeflair, \" class=\"wp-image-4585\" srcset=\"https:\/\/liebke-foto.de\/maerkischeslicht\/wp-content\/uploads\/2021\/08\/FZ24900_C1-1200x800.jpg 1200w, https:\/\/liebke-foto.de\/maerkischeslicht\/wp-content\/uploads\/2021\/08\/FZ24900_C1-768x512.jpg 768w, https:\/\/liebke-foto.de\/maerkischeslicht\/wp-content\/uploads\/2021\/08\/FZ24900_C1.jpg 1300w\" sizes=\"auto, (max-width: 1200px) 100vw, 1200px\" \/><\/a><figcaption class=\"wp-element-caption\">Gleich hinter dem Elberadweg der Blick zum Landhaus Elbeflair<\/figcaption><\/figure>\n<\/div>\n\n<div class=\"wp-block-image\">\n<figure class=\"aligncenter size-large\"><a href=\"https:\/\/liebke-foto.de\/maerkischeslicht\/wp-content\/uploads\/2021\/08\/FZ24903_C1.jpg\"><img loading=\"lazy\" decoding=\"async\" width=\"1200\" height=\"800\" src=\"https:\/\/liebke-foto.de\/maerkischeslicht\/wp-content\/uploads\/2021\/08\/FZ24903_C1-1200x800.jpg\" alt=\"Landhaus Elbeflair in der Lenzerwische. Blick vom Elbedeich zum Landhaus Elbeflair.\" class=\"wp-image-4586\" srcset=\"https:\/\/liebke-foto.de\/maerkischeslicht\/wp-content\/uploads\/2021\/08\/FZ24903_C1-1200x800.jpg 1200w, https:\/\/liebke-foto.de\/maerkischeslicht\/wp-content\/uploads\/2021\/08\/FZ24903_C1-768x512.jpg 768w, https:\/\/liebke-foto.de\/maerkischeslicht\/wp-content\/uploads\/2021\/08\/FZ24903_C1.jpg 1300w\" sizes=\"auto, (max-width: 1200px) 100vw, 1200px\" \/><\/a><figcaption class=\"wp-element-caption\">Blick vom Elbedeich zum Landhaus Elbeflair<\/figcaption><\/figure>\n<\/div>\n\n<div class=\"wp-block-image\">\n<figure class=\"aligncenter size-large\"><a href=\"https:\/\/liebke-foto.de\/maerkischeslicht\/wp-content\/uploads\/2021\/08\/FZ24905_C1.jpg\"><img loading=\"lazy\" decoding=\"async\" width=\"1200\" height=\"800\" src=\"https:\/\/liebke-foto.de\/maerkischeslicht\/wp-content\/uploads\/2021\/08\/FZ24905_C1-1200x800.jpg\" alt=\"Landhaus Elbeflair, Lenzerwische, \" class=\"wp-image-4587\" srcset=\"https:\/\/liebke-foto.de\/maerkischeslicht\/wp-content\/uploads\/2021\/08\/FZ24905_C1-1200x800.jpg 1200w, https:\/\/liebke-foto.de\/maerkischeslicht\/wp-content\/uploads\/2021\/08\/FZ24905_C1-768x512.jpg 768w, https:\/\/liebke-foto.de\/maerkischeslicht\/wp-content\/uploads\/2021\/08\/FZ24905_C1.jpg 1300w\" sizes=\"auto, (max-width: 1200px) 100vw, 1200px\" \/><\/a><figcaption class=\"wp-element-caption\">\u00dcberall einladende Pl\u00e4tze <\/figcaption><\/figure>\n<\/div>\n\n<div class=\"wp-block-image\">\n<figure class=\"aligncenter size-large\"><a href=\"https:\/\/liebke-foto.de\/maerkischeslicht\/wp-content\/uploads\/2021\/08\/FZ24928_C1.jpg\"><img loading=\"lazy\" decoding=\"async\" width=\"1200\" height=\"800\" src=\"https:\/\/liebke-foto.de\/maerkischeslicht\/wp-content\/uploads\/2021\/08\/FZ24928_C1-1200x800.jpg\" alt=\"Landhaus Elbeflair in der Lenzerwische. Auf dem Gel\u00e4nde des Landhauses gibt es einige ruhige Sitzgelegenheiten zum Seele baumeln lassen.\" class=\"wp-image-4591\" srcset=\"https:\/\/liebke-foto.de\/maerkischeslicht\/wp-content\/uploads\/2021\/08\/FZ24928_C1-1200x800.jpg 1200w, https:\/\/liebke-foto.de\/maerkischeslicht\/wp-content\/uploads\/2021\/08\/FZ24928_C1-768x512.jpg 768w, https:\/\/liebke-foto.de\/maerkischeslicht\/wp-content\/uploads\/2021\/08\/FZ24928_C1.jpg 1300w\" sizes=\"auto, (max-width: 1200px) 100vw, 1200px\" \/><\/a><figcaption class=\"wp-element-caption\">Auf dem Gel\u00e4nde des Landhauses gibt es einige ruhige Sitzgelegenheiten zum Seele baumeln lassen.<\/figcaption><\/figure>\n<\/div>\n\n<div class=\"wp-block-image\">\n<figure class=\"aligncenter size-large\"><a href=\"https:\/\/liebke-foto.de\/maerkischeslicht\/wp-content\/uploads\/2021\/08\/FZ24950_C1.jpg\"><img loading=\"lazy\" decoding=\"async\" width=\"1200\" height=\"800\" src=\"https:\/\/liebke-foto.de\/maerkischeslicht\/wp-content\/uploads\/2021\/08\/FZ24950_C1-1200x800.jpg\" alt=\"Landhaus Elbeflair in der Lenzerwische. Liebevolle Details \u00fcberall.\" class=\"wp-image-4596\" srcset=\"https:\/\/liebke-foto.de\/maerkischeslicht\/wp-content\/uploads\/2021\/08\/FZ24950_C1-1200x800.jpg 1200w, https:\/\/liebke-foto.de\/maerkischeslicht\/wp-content\/uploads\/2021\/08\/FZ24950_C1-768x512.jpg 768w, https:\/\/liebke-foto.de\/maerkischeslicht\/wp-content\/uploads\/2021\/08\/FZ24950_C1.jpg 1300w\" sizes=\"auto, (max-width: 1200px) 100vw, 1200px\" \/><\/a><figcaption class=\"wp-element-caption\">Liebevolle Details \u00fcberall<\/figcaption><\/figure>\n<\/div>\n\n<div class=\"wp-block-image\">\n<figure class=\"aligncenter size-large\"><a href=\"https:\/\/liebke-foto.de\/maerkischeslicht\/wp-content\/uploads\/2021\/08\/FZ25277_C1.jpg\"><img loading=\"lazy\" decoding=\"async\" width=\"1200\" height=\"800\" src=\"https:\/\/liebke-foto.de\/maerkischeslicht\/wp-content\/uploads\/2021\/08\/FZ25277_C1-1200x800.jpg\" alt=\"Landhaus Elbeflair in der Lenzerwische. Gleich hinterm Deich eine m\u00e4rchenhafte Landschaft der Lenzerwische.\" class=\"wp-image-4649\" srcset=\"https:\/\/liebke-foto.de\/maerkischeslicht\/wp-content\/uploads\/2021\/08\/FZ25277_C1-1200x800.jpg 1200w, https:\/\/liebke-foto.de\/maerkischeslicht\/wp-content\/uploads\/2021\/08\/FZ25277_C1-768x512.jpg 768w, https:\/\/liebke-foto.de\/maerkischeslicht\/wp-content\/uploads\/2021\/08\/FZ25277_C1.jpg 1300w\" sizes=\"auto, (max-width: 1200px) 100vw, 1200px\" \/><\/a><figcaption class=\"wp-element-caption\">Deichlandschaft Lenzerwische<\/figcaption><\/figure>\n<\/div>\n\n<div class=\"wp-block-image\">\n<figure class=\"aligncenter size-large\"><a href=\"https:\/\/liebke-foto.de\/maerkischeslicht\/wp-content\/uploads\/2021\/08\/FZ25271_C1.jpg\"><img loading=\"lazy\" decoding=\"async\" width=\"1200\" height=\"800\" src=\"https:\/\/liebke-foto.de\/maerkischeslicht\/wp-content\/uploads\/2021\/08\/FZ25271_C1-1200x800.jpg\" alt=\"Landhaus Elbeflair in der Lenzerwische. Gleich hinterm Deich eine m\u00e4rchenhafte Landschaft der Lenzerwische.\" class=\"wp-image-4648\" srcset=\"https:\/\/liebke-foto.de\/maerkischeslicht\/wp-content\/uploads\/2021\/08\/FZ25271_C1-1200x800.jpg 1200w, https:\/\/liebke-foto.de\/maerkischeslicht\/wp-content\/uploads\/2021\/08\/FZ25271_C1-768x512.jpg 768w, https:\/\/liebke-foto.de\/maerkischeslicht\/wp-content\/uploads\/2021\/08\/FZ25271_C1.jpg 1300w\" sizes=\"auto, (max-width: 1200px) 100vw, 1200px\" \/><\/a><figcaption class=\"wp-element-caption\">Gleich hinterm Deich eine m\u00e4rchenhafte Landschaft.<\/figcaption><\/figure>\n<\/div>\n\n<div class=\"wp-block-image\">\n<figure class=\"aligncenter size-large\"><a href=\"https:\/\/liebke-foto.de\/maerkischeslicht\/wp-content\/uploads\/2021\/08\/FZ25259_C1.jpg\"><img loading=\"lazy\" decoding=\"async\" width=\"1200\" height=\"800\" src=\"https:\/\/liebke-foto.de\/maerkischeslicht\/wp-content\/uploads\/2021\/08\/FZ25259_C1-1200x800.jpg\" alt=\"Landhaus Elbeflair in der Lenzerwische. Abendblick aus meinem Zimmerfenster.\" class=\"wp-image-4600\" srcset=\"https:\/\/liebke-foto.de\/maerkischeslicht\/wp-content\/uploads\/2021\/08\/FZ25259_C1-1200x800.jpg 1200w, https:\/\/liebke-foto.de\/maerkischeslicht\/wp-content\/uploads\/2021\/08\/FZ25259_C1-768x512.jpg 768w, https:\/\/liebke-foto.de\/maerkischeslicht\/wp-content\/uploads\/2021\/08\/FZ25259_C1.jpg 1300w\" sizes=\"auto, (max-width: 1200px) 100vw, 1200px\" \/><\/a><figcaption class=\"wp-element-caption\">Abendblick aus meinem Zimmerfenster<\/figcaption><\/figure>\n<\/div>\n\n<div class=\"wp-block-image\">\n<figure class=\"aligncenter size-large\"><a href=\"https:\/\/liebke-foto.de\/maerkischeslicht\/wp-content\/uploads\/2021\/08\/FZ25296_C1.jpg\"><img loading=\"lazy\" decoding=\"async\" width=\"1200\" height=\"800\" src=\"https:\/\/liebke-foto.de\/maerkischeslicht\/wp-content\/uploads\/2021\/08\/FZ25296_C1-1200x800.jpg\" alt=\"Landhaus Elbeflair in der Lenzerwische. Der Tag verabschiedet sich am Elbedeich und Elberadweg.\" class=\"wp-image-4601\" srcset=\"https:\/\/liebke-foto.de\/maerkischeslicht\/wp-content\/uploads\/2021\/08\/FZ25296_C1-1200x800.jpg 1200w, https:\/\/liebke-foto.de\/maerkischeslicht\/wp-content\/uploads\/2021\/08\/FZ25296_C1-768x512.jpg 768w, https:\/\/liebke-foto.de\/maerkischeslicht\/wp-content\/uploads\/2021\/08\/FZ25296_C1.jpg 1300w\" sizes=\"auto, (max-width: 1200px) 100vw, 1200px\" \/><\/a><figcaption class=\"wp-element-caption\">Der Tag verabschiedet sich am Elbedeich und Elberadweg in der Lenzerwische.<\/figcaption><\/figure>\n<\/div>\n\n\n<p>Ich habe nun keine allumfassende Reportage aus dem Landhaus gemacht. Nur Eindr\u00fccke im Au\u00dfenbereich gesammelt. Auch ist dies keine &#8222;Werbesendung&#8220; und Auftragsarbeit. Aber es hat uns dort so gut gefallen, dass ich aus meinen Bildern spontan einen Extrablog plante und nun ver\u00f6ffentliche. Das Fr\u00fchst\u00fcck war immer liebevoll zubereitet und mehr als ausreichend. Gut gest\u00e4rkt an K\u00f6rper und Seele, begleitet vom Zwitschern des Pirols ( den man schon beim Aufstehen klangvoll bemerkte), gingen wir dann mit vollstem Elan in den Tag, gespannt was uns erwartet. <\/p>\n\n\n\n<p>Wenn man will, gibt es auch die M\u00f6glichkeit Fahrr\u00e4der auzuleihen, denn der Elberadweg direkt vor dem Landhaus verleitet geradezu. Auch f\u00fcr Spazierg\u00e4nge ist er bestens geeignet. Und etwas weiter Richtung Westen, von keiner Mauer mehr verwehrt, kommt man an verschiedenen Stellen bis direkt an die Elbe. Aber das dann in den n\u00e4chsten Blogs. Hier noch der <a data-type=\"URL\" data-id=\"https:\/\/www.landhaus-elbeflair.de\" rel=\"noreferrer noopener\" href=\"https:\/\/www.landhaus-elbeflair.de\" target=\"_blank\">Link zum Landhaus Elbeflair, klick<\/a>. Und wer nun angeregt ist und eine Reise hierher plant, dem empfehlen wir rechtzeitige Buchung. Kleinode sind gern besucht \ud83d\ude00<\/p>\n\n\n\n<div style=\"padding:20px\" class=\"wp-block-tnp-minimal\"><p>Subscribe to our newsletter!<\/p><div><div class=\"tnp tnp-subscription \">\n<form method=\"post\" action=\"https:\/\/liebke-foto.de\/maerkischeslicht\/wp-admin\/admin-ajax.php?action=tnp&amp;na=s\">\n<input type=\"hidden\" name=\"nlang\" value=\"\">\n<div class=\"tnp-field tnp-field-firstname\"><label for=\"tnp-1\">Vorname oder ganzer Name<\/label>\n<input class=\"tnp-name\" type=\"text\" name=\"nn\" id=\"tnp-1\" value=\"\" placeholder=\"\"><\/div>\n<div class=\"tnp-field tnp-field-email\"><label for=\"tnp-2\">Email<\/label>\n<input class=\"tnp-email\" type=\"email\" name=\"ne\" id=\"tnp-2\" value=\"\" placeholder=\"\" required><\/div>\n<div class=\"tnp-field tnp-privacy-field\"><label><input type=\"checkbox\" name=\"ny\" required class=\"tnp-privacy\"> Indem Du fortf\u00e4hrst, akzeptierst Du unsere Datenschutzerkl\u00e4rung.<\/label><\/div><div class=\"tnp-field tnp-field-button\" style=\"text-align: left\"><input class=\"tnp-submit\" type=\"submit\" value=\"Abonnieren\" style=\"\">\n<\/div>\n<\/form>\n<\/div>\n<\/div><\/div>\n\n\n\n\n","protected":false},"excerpt":{"rendered":"<p>In der Lenzerwische Zu unserem Kurzurlaub in der Lenzerwische ben\u00f6tigten wir nat\u00fcrlich eine Unterkunft. Aber da fiel unsere Wahl auf das Landhaus Elbeflair&#8230;.<\/p>\n","protected":false},"author":1,"featured_media":4586,"comment_status":"open","ping_status":"open","sticky":false,"template":"","format":"image","meta":{"footnotes":""},"categories":[66],"tags":[],"class_list":["post-4614","post","type-post","status-publish","format-image","has-post-thumbnail","hentry","category-landpartie","post_format-post-format-image"],"yoast_head":"<!-- This site is optimized with the Yoast SEO plugin v27.4 - https:\/\/yoast.com\/product\/yoast-seo-wordpress\/ -->\n<title>Landhaus Elbeflair - M\u00e4rkisches Licht - Der Fotograf der Stille<\/title>\n<meta name=\"description\" content=\"Landhaus Elbeflair in der Lenzerwische war unsere Unterkunft f\u00fcr die Recherchereise der Romanautorin Patricia Koelle.\" \/>\n<meta name=\"robots\" content=\"index, follow, max-snippet:-1, max-image-preview:large, max-video-preview:-1\" \/>\n<link rel=\"canonical\" href=\"https:\/\/liebke-foto.de\/maerkischeslicht\/landhaus-elbeflair-in-der-lenzerwische\/\" \/>\n<meta property=\"og:locale\" content=\"de_DE\" \/>\n<meta property=\"og:type\" content=\"article\" \/>\n<meta property=\"og:title\" content=\"Landhaus Elbeflair - M\u00e4rkisches Licht - Der Fotograf der Stille\" \/>\n<meta property=\"og:description\" content=\"Landhaus Elbeflair in der Lenzerwische war unsere Unterkunft f\u00fcr die Recherchereise der Romanautorin Patricia Koelle.\" \/>\n<meta property=\"og:url\" content=\"https:\/\/liebke-foto.de\/maerkischeslicht\/landhaus-elbeflair-in-der-lenzerwische\/\" \/>\n<meta property=\"og:site_name\" content=\"M\u00e4rkisches Licht - Der Fotograf der Stille\" \/>\n<meta property=\"article:published_time\" content=\"2021-08-19T09:51:35+00:00\" \/>\n<meta property=\"article:modified_time\" content=\"2024-02-21T15:08:45+00:00\" \/>\n<meta property=\"og:image\" content=\"https:\/\/liebke-foto.de\/maerkischeslicht\/wp-content\/uploads\/2021\/08\/FZ24903_C1.jpg\" \/>\n\t<meta property=\"og:image:width\" content=\"1300\" \/>\n\t<meta property=\"og:image:height\" content=\"867\" \/>\n\t<meta property=\"og:image:type\" content=\"image\/jpeg\" \/>\n<meta name=\"author\" content=\"Frank Liebke\" \/>\n<meta name=\"twitter:card\" content=\"summary_large_image\" \/>\n<meta name=\"twitter:label1\" content=\"Verfasst von\" \/>\n\t<meta name=\"twitter:data1\" content=\"Frank Liebke\" \/>\n\t<meta name=\"twitter:label2\" content=\"Gesch\u00e4tzte Lesezeit\" \/>\n\t<meta name=\"twitter:data2\" content=\"8\u00a0Minuten\" \/>\n<script type=\"application\/ld+json\" class=\"yoast-schema-graph\">{\"@context\":\"https:\\\/\\\/schema.org\",\"@graph\":[{\"@type\":\"Article\",\"@id\":\"https:\\\/\\\/liebke-foto.de\\\/maerkischeslicht\\\/landhaus-elbeflair-in-der-lenzerwische\\\/#article\",\"isPartOf\":{\"@id\":\"https:\\\/\\\/liebke-foto.de\\\/maerkischeslicht\\\/landhaus-elbeflair-in-der-lenzerwische\\\/\"},\"author\":{\"name\":\"Frank Liebke\",\"@id\":\"https:\\\/\\\/liebke-foto.de\\\/maerkischeslicht\\\/#\\\/schema\\\/person\\\/d71108abc09a723daeeb8526a33137ee\"},\"headline\":\"Landhaus Elbeflair\",\"datePublished\":\"2021-08-19T09:51:35+00:00\",\"dateModified\":\"2024-02-21T15:08:45+00:00\",\"mainEntityOfPage\":{\"@id\":\"https:\\\/\\\/liebke-foto.de\\\/maerkischeslicht\\\/landhaus-elbeflair-in-der-lenzerwische\\\/\"},\"wordCount\":573,\"commentCount\":2,\"publisher\":{\"@id\":\"https:\\\/\\\/liebke-foto.de\\\/maerkischeslicht\\\/#\\\/schema\\\/person\\\/d71108abc09a723daeeb8526a33137ee\"},\"image\":{\"@id\":\"https:\\\/\\\/liebke-foto.de\\\/maerkischeslicht\\\/landhaus-elbeflair-in-der-lenzerwische\\\/#primaryimage\"},\"thumbnailUrl\":\"https:\\\/\\\/liebke-foto.de\\\/maerkischeslicht\\\/wp-content\\\/uploads\\\/2021\\\/08\\\/FZ24903_C1.jpg\",\"articleSection\":[\"LANDpartie, unterwegs in der Mark Brandenburg\"],\"inLanguage\":\"de\",\"potentialAction\":[{\"@type\":\"CommentAction\",\"name\":\"Comment\",\"target\":[\"https:\\\/\\\/liebke-foto.de\\\/maerkischeslicht\\\/landhaus-elbeflair-in-der-lenzerwische\\\/#respond\"]}]},{\"@type\":\"WebPage\",\"@id\":\"https:\\\/\\\/liebke-foto.de\\\/maerkischeslicht\\\/landhaus-elbeflair-in-der-lenzerwische\\\/\",\"url\":\"https:\\\/\\\/liebke-foto.de\\\/maerkischeslicht\\\/landhaus-elbeflair-in-der-lenzerwische\\\/\",\"name\":\"Landhaus Elbeflair - M\u00e4rkisches Licht - Der Fotograf der Stille\",\"isPartOf\":{\"@id\":\"https:\\\/\\\/liebke-foto.de\\\/maerkischeslicht\\\/#website\"},\"primaryImageOfPage\":{\"@id\":\"https:\\\/\\\/liebke-foto.de\\\/maerkischeslicht\\\/landhaus-elbeflair-in-der-lenzerwische\\\/#primaryimage\"},\"image\":{\"@id\":\"https:\\\/\\\/liebke-foto.de\\\/maerkischeslicht\\\/landhaus-elbeflair-in-der-lenzerwische\\\/#primaryimage\"},\"thumbnailUrl\":\"https:\\\/\\\/liebke-foto.de\\\/maerkischeslicht\\\/wp-content\\\/uploads\\\/2021\\\/08\\\/FZ24903_C1.jpg\",\"datePublished\":\"2021-08-19T09:51:35+00:00\",\"dateModified\":\"2024-02-21T15:08:45+00:00\",\"description\":\"Landhaus Elbeflair in der Lenzerwische war unsere Unterkunft f\u00fcr die Recherchereise der Romanautorin Patricia Koelle.\",\"breadcrumb\":{\"@id\":\"https:\\\/\\\/liebke-foto.de\\\/maerkischeslicht\\\/landhaus-elbeflair-in-der-lenzerwische\\\/#breadcrumb\"},\"inLanguage\":\"de\",\"potentialAction\":[{\"@type\":\"ReadAction\",\"target\":[\"https:\\\/\\\/liebke-foto.de\\\/maerkischeslicht\\\/landhaus-elbeflair-in-der-lenzerwische\\\/\"]}]},{\"@type\":\"ImageObject\",\"inLanguage\":\"de\",\"@id\":\"https:\\\/\\\/liebke-foto.de\\\/maerkischeslicht\\\/landhaus-elbeflair-in-der-lenzerwische\\\/#primaryimage\",\"url\":\"https:\\\/\\\/liebke-foto.de\\\/maerkischeslicht\\\/wp-content\\\/uploads\\\/2021\\\/08\\\/FZ24903_C1.jpg\",\"contentUrl\":\"https:\\\/\\\/liebke-foto.de\\\/maerkischeslicht\\\/wp-content\\\/uploads\\\/2021\\\/08\\\/FZ24903_C1.jpg\",\"width\":1300,\"height\":867},{\"@type\":\"BreadcrumbList\",\"@id\":\"https:\\\/\\\/liebke-foto.de\\\/maerkischeslicht\\\/landhaus-elbeflair-in-der-lenzerwische\\\/#breadcrumb\",\"itemListElement\":[{\"@type\":\"ListItem\",\"position\":1,\"name\":\"Startseite\",\"item\":\"https:\\\/\\\/liebke-foto.de\\\/maerkischeslicht\\\/\"},{\"@type\":\"ListItem\",\"position\":2,\"name\":\"Landhaus Elbeflair\"}]},{\"@type\":\"WebSite\",\"@id\":\"https:\\\/\\\/liebke-foto.de\\\/maerkischeslicht\\\/#website\",\"url\":\"https:\\\/\\\/liebke-foto.de\\\/maerkischeslicht\\\/\",\"name\":\"M\u00e4rkisches Licht - Der Fotograf der Stille\",\"description\":\"Die Liebe zum Leben...\",\"publisher\":{\"@id\":\"https:\\\/\\\/liebke-foto.de\\\/maerkischeslicht\\\/#\\\/schema\\\/person\\\/d71108abc09a723daeeb8526a33137ee\"},\"potentialAction\":[{\"@type\":\"SearchAction\",\"target\":{\"@type\":\"EntryPoint\",\"urlTemplate\":\"https:\\\/\\\/liebke-foto.de\\\/maerkischeslicht\\\/?s={search_term_string}\"},\"query-input\":{\"@type\":\"PropertyValueSpecification\",\"valueRequired\":true,\"valueName\":\"search_term_string\"}}],\"inLanguage\":\"de\"},{\"@type\":[\"Person\",\"Organization\"],\"@id\":\"https:\\\/\\\/liebke-foto.de\\\/maerkischeslicht\\\/#\\\/schema\\\/person\\\/d71108abc09a723daeeb8526a33137ee\",\"name\":\"Frank Liebke\",\"image\":{\"@type\":\"ImageObject\",\"inLanguage\":\"de\",\"@id\":\"https:\\\/\\\/liebke-foto.de\\\/maerkischeslicht\\\/wp-content\\\/uploads\\\/2021\\\/12\\\/IMG-20211024-WA0001.jpg\",\"url\":\"https:\\\/\\\/liebke-foto.de\\\/maerkischeslicht\\\/wp-content\\\/uploads\\\/2021\\\/12\\\/IMG-20211024-WA0001.jpg\",\"contentUrl\":\"https:\\\/\\\/liebke-foto.de\\\/maerkischeslicht\\\/wp-content\\\/uploads\\\/2021\\\/12\\\/IMG-20211024-WA0001.jpg\",\"width\":900,\"height\":1600,\"caption\":\"Frank Liebke\"},\"logo\":{\"@id\":\"https:\\\/\\\/liebke-foto.de\\\/maerkischeslicht\\\/wp-content\\\/uploads\\\/2021\\\/12\\\/IMG-20211024-WA0001.jpg\"},\"sameAs\":[\"https:\\\/\\\/liebke-foto.de\"],\"url\":\"https:\\\/\\\/liebke-foto.de\\\/maerkischeslicht\\\/author\\\/adminuser\\\/\"}]}<\/script>\n<!-- \/ Yoast SEO plugin. -->","yoast_head_json":{"title":"Landhaus Elbeflair - M\u00e4rkisches Licht - Der Fotograf der Stille","description":"Landhaus Elbeflair in der Lenzerwische war unsere Unterkunft f\u00fcr die Recherchereise der Romanautorin Patricia Koelle.","robots":{"index":"index","follow":"follow","max-snippet":"max-snippet:-1","max-image-preview":"max-image-preview:large","max-video-preview":"max-video-preview:-1"},"canonical":"https:\/\/liebke-foto.de\/maerkischeslicht\/landhaus-elbeflair-in-der-lenzerwische\/","og_locale":"de_DE","og_type":"article","og_title":"Landhaus Elbeflair - M\u00e4rkisches Licht - Der Fotograf der Stille","og_description":"Landhaus Elbeflair in der Lenzerwische war unsere Unterkunft f\u00fcr die Recherchereise der Romanautorin Patricia Koelle.","og_url":"https:\/\/liebke-foto.de\/maerkischeslicht\/landhaus-elbeflair-in-der-lenzerwische\/","og_site_name":"M\u00e4rkisches Licht - Der Fotograf der Stille","article_published_time":"2021-08-19T09:51:35+00:00","article_modified_time":"2024-02-21T15:08:45+00:00","og_image":[{"width":1300,"height":867,"url":"https:\/\/liebke-foto.de\/maerkischeslicht\/wp-content\/uploads\/2021\/08\/FZ24903_C1.jpg","type":"image\/jpeg"}],"author":"Frank Liebke","twitter_card":"summary_large_image","twitter_misc":{"Verfasst von":"Frank Liebke","Gesch\u00e4tzte Lesezeit":"8\u00a0Minuten"},"schema":{"@context":"https:\/\/schema.org","@graph":[{"@type":"Article","@id":"https:\/\/liebke-foto.de\/maerkischeslicht\/landhaus-elbeflair-in-der-lenzerwische\/#article","isPartOf":{"@id":"https:\/\/liebke-foto.de\/maerkischeslicht\/landhaus-elbeflair-in-der-lenzerwische\/"},"author":{"name":"Frank Liebke","@id":"https:\/\/liebke-foto.de\/maerkischeslicht\/#\/schema\/person\/d71108abc09a723daeeb8526a33137ee"},"headline":"Landhaus Elbeflair","datePublished":"2021-08-19T09:51:35+00:00","dateModified":"2024-02-21T15:08:45+00:00","mainEntityOfPage":{"@id":"https:\/\/liebke-foto.de\/maerkischeslicht\/landhaus-elbeflair-in-der-lenzerwische\/"},"wordCount":573,"commentCount":2,"publisher":{"@id":"https:\/\/liebke-foto.de\/maerkischeslicht\/#\/schema\/person\/d71108abc09a723daeeb8526a33137ee"},"image":{"@id":"https:\/\/liebke-foto.de\/maerkischeslicht\/landhaus-elbeflair-in-der-lenzerwische\/#primaryimage"},"thumbnailUrl":"https:\/\/liebke-foto.de\/maerkischeslicht\/wp-content\/uploads\/2021\/08\/FZ24903_C1.jpg","articleSection":["LANDpartie, unterwegs in der Mark Brandenburg"],"inLanguage":"de","potentialAction":[{"@type":"CommentAction","name":"Comment","target":["https:\/\/liebke-foto.de\/maerkischeslicht\/landhaus-elbeflair-in-der-lenzerwische\/#respond"]}]},{"@type":"WebPage","@id":"https:\/\/liebke-foto.de\/maerkischeslicht\/landhaus-elbeflair-in-der-lenzerwische\/","url":"https:\/\/liebke-foto.de\/maerkischeslicht\/landhaus-elbeflair-in-der-lenzerwische\/","name":"Landhaus Elbeflair - M\u00e4rkisches Licht - Der Fotograf der Stille","isPartOf":{"@id":"https:\/\/liebke-foto.de\/maerkischeslicht\/#website"},"primaryImageOfPage":{"@id":"https:\/\/liebke-foto.de\/maerkischeslicht\/landhaus-elbeflair-in-der-lenzerwische\/#primaryimage"},"image":{"@id":"https:\/\/liebke-foto.de\/maerkischeslicht\/landhaus-elbeflair-in-der-lenzerwische\/#primaryimage"},"thumbnailUrl":"https:\/\/liebke-foto.de\/maerkischeslicht\/wp-content\/uploads\/2021\/08\/FZ24903_C1.jpg","datePublished":"2021-08-19T09:51:35+00:00","dateModified":"2024-02-21T15:08:45+00:00","description":"Landhaus Elbeflair in der Lenzerwische war unsere Unterkunft f\u00fcr die Recherchereise der Romanautorin Patricia Koelle.","breadcrumb":{"@id":"https:\/\/liebke-foto.de\/maerkischeslicht\/landhaus-elbeflair-in-der-lenzerwische\/#breadcrumb"},"inLanguage":"de","potentialAction":[{"@type":"ReadAction","target":["https:\/\/liebke-foto.de\/maerkischeslicht\/landhaus-elbeflair-in-der-lenzerwische\/"]}]},{"@type":"ImageObject","inLanguage":"de","@id":"https:\/\/liebke-foto.de\/maerkischeslicht\/landhaus-elbeflair-in-der-lenzerwische\/#primaryimage","url":"https:\/\/liebke-foto.de\/maerkischeslicht\/wp-content\/uploads\/2021\/08\/FZ24903_C1.jpg","contentUrl":"https:\/\/liebke-foto.de\/maerkischeslicht\/wp-content\/uploads\/2021\/08\/FZ24903_C1.jpg","width":1300,"height":867},{"@type":"BreadcrumbList","@id":"https:\/\/liebke-foto.de\/maerkischeslicht\/landhaus-elbeflair-in-der-lenzerwische\/#breadcrumb","itemListElement":[{"@type":"ListItem","position":1,"name":"Startseite","item":"https:\/\/liebke-foto.de\/maerkischeslicht\/"},{"@type":"ListItem","position":2,"name":"Landhaus Elbeflair"}]},{"@type":"WebSite","@id":"https:\/\/liebke-foto.de\/maerkischeslicht\/#website","url":"https:\/\/liebke-foto.de\/maerkischeslicht\/","name":"M\u00e4rkisches Licht - Der Fotograf der Stille","description":"Die Liebe zum Leben...","publisher":{"@id":"https:\/\/liebke-foto.de\/maerkischeslicht\/#\/schema\/person\/d71108abc09a723daeeb8526a33137ee"},"potentialAction":[{"@type":"SearchAction","target":{"@type":"EntryPoint","urlTemplate":"https:\/\/liebke-foto.de\/maerkischeslicht\/?s={search_term_string}"},"query-input":{"@type":"PropertyValueSpecification","valueRequired":true,"valueName":"search_term_string"}}],"inLanguage":"de"},{"@type":["Person","Organization"],"@id":"https:\/\/liebke-foto.de\/maerkischeslicht\/#\/schema\/person\/d71108abc09a723daeeb8526a33137ee","name":"Frank Liebke","image":{"@type":"ImageObject","inLanguage":"de","@id":"https:\/\/liebke-foto.de\/maerkischeslicht\/wp-content\/uploads\/2021\/12\/IMG-20211024-WA0001.jpg","url":"https:\/\/liebke-foto.de\/maerkischeslicht\/wp-content\/uploads\/2021\/12\/IMG-20211024-WA0001.jpg","contentUrl":"https:\/\/liebke-foto.de\/maerkischeslicht\/wp-content\/uploads\/2021\/12\/IMG-20211024-WA0001.jpg","width":900,"height":1600,"caption":"Frank Liebke"},"logo":{"@id":"https:\/\/liebke-foto.de\/maerkischeslicht\/wp-content\/uploads\/2021\/12\/IMG-20211024-WA0001.jpg"},"sameAs":["https:\/\/liebke-foto.de"],"url":"https:\/\/liebke-foto.de\/maerkischeslicht\/author\/adminuser\/"}]}},"_links":{"self":[{"href":"https:\/\/liebke-foto.de\/maerkischeslicht\/wp-json\/wp\/v2\/posts\/4614","targetHints":{"allow":["GET"]}}],"collection":[{"href":"https:\/\/liebke-foto.de\/maerkischeslicht\/wp-json\/wp\/v2\/posts"}],"about":[{"href":"https:\/\/liebke-foto.de\/maerkischeslicht\/wp-json\/wp\/v2\/types\/post"}],"author":[{"embeddable":true,"href":"https:\/\/liebke-foto.de\/maerkischeslicht\/wp-json\/wp\/v2\/users\/1"}],"replies":[{"embeddable":true,"href":"https:\/\/liebke-foto.de\/maerkischeslicht\/wp-json\/wp\/v2\/comments?post=4614"}],"version-history":[{"count":18,"href":"https:\/\/liebke-foto.de\/maerkischeslicht\/wp-json\/wp\/v2\/posts\/4614\/revisions"}],"predecessor-version":[{"id":8325,"href":"https:\/\/liebke-foto.de\/maerkischeslicht\/wp-json\/wp\/v2\/posts\/4614\/revisions\/8325"}],"wp:featuredmedia":[{"embeddable":true,"href":"https:\/\/liebke-foto.de\/maerkischeslicht\/wp-json\/wp\/v2\/media\/4586"}],"wp:attachment":[{"href":"https:\/\/liebke-foto.de\/maerkischeslicht\/wp-json\/wp\/v2\/media?parent=4614"}],"wp:term":[{"taxonomy":"category","embeddable":true,"href":"https:\/\/liebke-foto.de\/maerkischeslicht\/wp-json\/wp\/v2\/categories?post=4614"},{"taxonomy":"post_tag","embeddable":true,"href":"https:\/\/liebke-foto.de\/maerkischeslicht\/wp-json\/wp\/v2\/tags?post=4614"}],"curies":[{"name":"wp","href":"https:\/\/api.w.org\/{rel}","templated":true}]}}