{"id":458,"date":"2014-03-21T19:42:25","date_gmt":"2014-03-21T17:42:25","guid":{"rendered":"http:\/\/liebke-foto.de\/maerkischeslicht\/?p=458"},"modified":"2022-07-03T23:31:37","modified_gmt":"2022-07-03T21:31:37","slug":"fruehlingsanfang","status":"publish","type":"post","link":"https:\/\/liebke-foto.de\/maerkischeslicht\/fruehlingsanfang\/","title":{"rendered":"Fr\u00fchlingsanfang&#8230;"},"content":{"rendered":"\n<p>\u2026 war gestern, und das Wetter dementsprechend pr\u00e4chtig \ud83d\ude42<br \/>Das hat mich dazu verleitet, meine Reihe &#8222;only 50mm&#8220; ,( Ihr wisst ja, alte Optik aus den 70er Jahren + Body mit modernstem Chip = au\u00dfergew\u00f6hnliche Bilder \ud83d\ude09 , demn\u00e4chst mal ein Extrabeitrag zu dieser Technik <a href=\"https:\/\/liebke-foto.de\/maerkischeslicht\/only-50-mm-was-soll-das\/\">hier in meinem Blog<\/a> weiterzuf\u00fchren. Einfach Bilder aufzunehmen, die mein Feeling in diesen Momenten zum Ausdruck bringen, Spa\u00df machen beim &#8222;Machen&#8220; und sp\u00e4ter immer wieder beim Anschauen. Geht mir jedenfalls so und ist der Grund, warum ich eigentlich fotografiere. Genie\u00dft die Sonne und die lauen L\u00fcfte, auch wenn es zum Wochenende etwas tr\u00fcber werden sollte. Dann macht es wie in meinem Vehlefanzer Naturalbum: &#8222;Es gibt kein schlechtes Wetter\u2026 \ud83d\ude09 &#8222;<\/p>\n\n\n\n<p>Ach ja, alle Fotos im Zentrum von Oranienburg aufgenommen&#8230;<\/p>\n\n\n<div class=\"wp-block-image is-style-default\">\n<figure class=\"aligncenter\"><a href=\"https:\/\/liebke-foto.de\/maerkischeslicht\/wp-content\/uploads\/2014\/03\/FL83314.jpg\"><img loading=\"lazy\" decoding=\"async\" width=\"1400\" height=\"934\" src=\"https:\/\/liebke-foto.de\/maerkischeslicht\/wp-content\/uploads\/2014\/03\/FL83314.jpg\" alt=\"Fr\u00fchlingabend in den Oranienburger Schreberg\u00e4rten\" class=\"wp-image-459\" srcset=\"https:\/\/liebke-foto.de\/maerkischeslicht\/wp-content\/uploads\/2014\/03\/FL83314.jpg 1400w, https:\/\/liebke-foto.de\/maerkischeslicht\/wp-content\/uploads\/2014\/03\/FL83314-1200x800.jpg 1200w, https:\/\/liebke-foto.de\/maerkischeslicht\/wp-content\/uploads\/2014\/03\/FL83314-1199x800.jpg 1199w, https:\/\/liebke-foto.de\/maerkischeslicht\/wp-content\/uploads\/2014\/03\/FL83314-450x300.jpg 450w\" sizes=\"auto, (max-width: 1400px) 100vw, 1400px\" \/><\/a><\/figure>\n<\/div>\n\n<div class=\"wp-block-image is-style-default\">\n<figure class=\"aligncenter\"><a href=\"https:\/\/liebke-foto.de\/maerkischeslicht\/wp-content\/uploads\/2014\/03\/FL83315.jpg\"><img loading=\"lazy\" decoding=\"async\" width=\"1400\" height=\"935\" src=\"https:\/\/liebke-foto.de\/maerkischeslicht\/wp-content\/uploads\/2014\/03\/FL83315.jpg\" alt=\"Fr\u00fchbl\u00fcher im M\u00e4rkischen Licht\" class=\"wp-image-460\" srcset=\"https:\/\/liebke-foto.de\/maerkischeslicht\/wp-content\/uploads\/2014\/03\/FL83315.jpg 1400w, https:\/\/liebke-foto.de\/maerkischeslicht\/wp-content\/uploads\/2014\/03\/FL83315-1197x800.jpg 1197w, https:\/\/liebke-foto.de\/maerkischeslicht\/wp-content\/uploads\/2014\/03\/FL83315-450x300.jpg 450w\" sizes=\"auto, (max-width: 1400px) 100vw, 1400px\" \/><\/a><\/figure>\n<\/div>\n\n<div class=\"wp-block-image is-style-default\">\n<figure class=\"aligncenter\"><a href=\"https:\/\/liebke-foto.de\/maerkischeslicht\/wp-content\/uploads\/2014\/03\/FL83320.jpg\"><img loading=\"lazy\" decoding=\"async\" width=\"1400\" height=\"923\" src=\"https:\/\/liebke-foto.de\/maerkischeslicht\/wp-content\/uploads\/2014\/03\/FL83320.jpg\" alt=\"Wasserwanderer und Spazierg\u00e4nger an der Havel in Oranienburg\" class=\"wp-image-461\" srcset=\"https:\/\/liebke-foto.de\/maerkischeslicht\/wp-content\/uploads\/2014\/03\/FL83320.jpg 1400w, https:\/\/liebke-foto.de\/maerkischeslicht\/wp-content\/uploads\/2014\/03\/FL83320-1200x791.jpg 1200w, https:\/\/liebke-foto.de\/maerkischeslicht\/wp-content\/uploads\/2014\/03\/FL83320-1213x800.jpg 1213w\" sizes=\"auto, (max-width: 1400px) 100vw, 1400px\" \/><\/a><\/figure>\n<\/div>\n\n<div class=\"wp-block-image is-style-default\">\n<figure class=\"aligncenter\"><a href=\"https:\/\/liebke-foto.de\/maerkischeslicht\/wp-content\/uploads\/2014\/03\/FL83328.jpg\"><img loading=\"lazy\" decoding=\"async\" width=\"1400\" height=\"935\" src=\"https:\/\/liebke-foto.de\/maerkischeslicht\/wp-content\/uploads\/2014\/03\/FL83328.jpg\" alt=\"Blaues Fr\u00fchlingswunder im Schrebergarten\" class=\"wp-image-462\" srcset=\"https:\/\/liebke-foto.de\/maerkischeslicht\/wp-content\/uploads\/2014\/03\/FL83328.jpg 1400w, https:\/\/liebke-foto.de\/maerkischeslicht\/wp-content\/uploads\/2014\/03\/FL83328-1197x800.jpg 1197w, https:\/\/liebke-foto.de\/maerkischeslicht\/wp-content\/uploads\/2014\/03\/FL83328-450x300.jpg 450w\" sizes=\"auto, (max-width: 1400px) 100vw, 1400px\" \/><\/a><\/figure>\n<\/div>\n\n<div class=\"wp-block-image is-style-default\">\n<figure class=\"aligncenter\"><a href=\"https:\/\/liebke-foto.de\/maerkischeslicht\/wp-content\/uploads\/2014\/03\/FL83331.jpg\"><img loading=\"lazy\" decoding=\"async\" width=\"1400\" height=\"935\" src=\"https:\/\/liebke-foto.de\/maerkischeslicht\/wp-content\/uploads\/2014\/03\/FL83331.jpg\" alt=\"Fr\u00fchbl\u00fcher vor m\u00e4rkischem Himmel wetteifern mit dem Strahlen der Abendsonne\" class=\"wp-image-463\" srcset=\"https:\/\/liebke-foto.de\/maerkischeslicht\/wp-content\/uploads\/2014\/03\/FL83331.jpg 1400w, https:\/\/liebke-foto.de\/maerkischeslicht\/wp-content\/uploads\/2014\/03\/FL83331-1197x800.jpg 1197w, https:\/\/liebke-foto.de\/maerkischeslicht\/wp-content\/uploads\/2014\/03\/FL83331-450x300.jpg 450w\" sizes=\"auto, (max-width: 1400px) 100vw, 1400px\" \/><\/a><\/figure>\n<\/div>\n\n\n<div style=\"padding:20px\" class=\"wp-block-tnp-minimal\"><p>Subscribe to our newsletter!<\/p><div><div class=\"tnp tnp-subscription \">\n<form method=\"post\" action=\"https:\/\/liebke-foto.de\/maerkischeslicht\/wp-admin\/admin-ajax.php?action=tnp&amp;na=s\">\n<input type=\"hidden\" name=\"nlang\" value=\"\">\n<div class=\"tnp-field tnp-field-firstname\"><label for=\"tnp-1\">Vorname oder ganzer Name<\/label>\n<input class=\"tnp-name\" type=\"text\" name=\"nn\" id=\"tnp-1\" value=\"\" placeholder=\"\"><\/div>\n<div class=\"tnp-field tnp-field-email\"><label for=\"tnp-2\">Email<\/label>\n<input class=\"tnp-email\" type=\"email\" name=\"ne\" id=\"tnp-2\" value=\"\" placeholder=\"\" required><\/div>\n<div class=\"tnp-field tnp-privacy-field\"><label><input type=\"checkbox\" name=\"ny\" required class=\"tnp-privacy\"> Indem Du fortf\u00e4hrst, akzeptierst Du unsere Datenschutzerkl\u00e4rung.<\/label><\/div><div class=\"tnp-field tnp-field-button\" style=\"text-align: left\"><input class=\"tnp-submit\" type=\"submit\" value=\"Abonnieren\" style=\"\">\n<\/div>\n<\/form>\n<\/div>\n<\/div><\/div>\n\n\n\n\n","protected":false},"excerpt":{"rendered":"<p>\u2026 war gestern, und das Wetter dementsprechend pr\u00e4chtig \ud83d\ude42Das hat mich dazu verleitet, meine Reihe &#8222;only 50mm&#8220; ,( Ihr wisst ja, alte Optik&#8230;<\/p>\n","protected":false},"author":1,"featured_media":462,"comment_status":"open","ping_status":"closed","sticky":false,"template":"","format":"standard","meta":{"footnotes":""},"categories":[11,4],"tags":[],"class_list":["post-458","post","type-post","status-publish","format-standard","has-post-thumbnail","hentry","category-im-land-brandenburg-unterwegs","category-equipment"],"yoast_head":"<!-- This site is optimized with the Yoast SEO plugin v27.5 - https:\/\/yoast.com\/product\/yoast-seo-wordpress\/ -->\n<title>Fr\u00fchlingsanfang... - M\u00e4rkisches Licht - Der Fotograf der Stille<\/title>\n<meta name=\"description\" content=\"Fr\u00fchlingsanfang... in Oranienburg, only 50mm-Beitrag\" \/>\n<meta name=\"robots\" content=\"index, follow, max-snippet:-1, max-image-preview:large, max-video-preview:-1\" \/>\n<link rel=\"canonical\" href=\"https:\/\/liebke-foto.de\/maerkischeslicht\/fruehlingsanfang\/\" \/>\n<meta property=\"og:locale\" content=\"de_DE\" \/>\n<meta property=\"og:type\" content=\"article\" \/>\n<meta property=\"og:title\" content=\"Fr\u00fchlingsanfang... - M\u00e4rkisches Licht - Der Fotograf der Stille\" \/>\n<meta property=\"og:description\" content=\"Fr\u00fchlingsanfang... in Oranienburg, only 50mm-Beitrag\" \/>\n<meta property=\"og:url\" content=\"https:\/\/liebke-foto.de\/maerkischeslicht\/fruehlingsanfang\/\" \/>\n<meta property=\"og:site_name\" content=\"M\u00e4rkisches Licht - Der Fotograf der Stille\" \/>\n<meta property=\"article:published_time\" content=\"2014-03-21T17:42:25+00:00\" \/>\n<meta property=\"article:modified_time\" content=\"2022-07-03T21:31:37+00:00\" \/>\n<meta property=\"og:image\" content=\"https:\/\/liebke-foto.de\/maerkischeslicht\/wp-content\/uploads\/2014\/03\/FL83328.jpg\" \/>\n\t<meta property=\"og:image:width\" content=\"1400\" \/>\n\t<meta property=\"og:image:height\" content=\"935\" \/>\n\t<meta property=\"og:image:type\" content=\"image\/jpeg\" \/>\n<meta name=\"author\" content=\"Frank Liebke\" \/>\n<meta name=\"twitter:card\" content=\"summary_large_image\" \/>\n<meta name=\"twitter:label1\" content=\"Verfasst von\" \/>\n\t<meta name=\"twitter:data1\" content=\"Frank Liebke\" \/>\n\t<meta name=\"twitter:label2\" content=\"Gesch\u00e4tzte Lesezeit\" \/>\n\t<meta name=\"twitter:data2\" content=\"2\u00a0Minuten\" \/>\n<script type=\"application\/ld+json\" class=\"yoast-schema-graph\">{\"@context\":\"https:\\\/\\\/schema.org\",\"@graph\":[{\"@type\":\"Article\",\"@id\":\"https:\\\/\\\/liebke-foto.de\\\/maerkischeslicht\\\/fruehlingsanfang\\\/#article\",\"isPartOf\":{\"@id\":\"https:\\\/\\\/liebke-foto.de\\\/maerkischeslicht\\\/fruehlingsanfang\\\/\"},\"author\":{\"name\":\"Frank Liebke\",\"@id\":\"https:\\\/\\\/liebke-foto.de\\\/maerkischeslicht\\\/#\\\/schema\\\/person\\\/d71108abc09a723daeeb8526a33137ee\"},\"headline\":\"Fr\u00fchlingsanfang&#8230;\",\"datePublished\":\"2014-03-21T17:42:25+00:00\",\"dateModified\":\"2022-07-03T21:31:37+00:00\",\"mainEntityOfPage\":{\"@id\":\"https:\\\/\\\/liebke-foto.de\\\/maerkischeslicht\\\/fruehlingsanfang\\\/\"},\"wordCount\":132,\"commentCount\":0,\"publisher\":{\"@id\":\"https:\\\/\\\/liebke-foto.de\\\/maerkischeslicht\\\/#\\\/schema\\\/person\\\/d71108abc09a723daeeb8526a33137ee\"},\"image\":{\"@id\":\"https:\\\/\\\/liebke-foto.de\\\/maerkischeslicht\\\/fruehlingsanfang\\\/#primaryimage\"},\"thumbnailUrl\":\"https:\\\/\\\/liebke-foto.de\\\/maerkischeslicht\\\/wp-content\\\/uploads\\\/2014\\\/03\\\/FL83328.jpg\",\"articleSection\":[\"Im Land Brandenburg unterwegs\",\"Technik\"],\"inLanguage\":\"de\",\"potentialAction\":[{\"@type\":\"CommentAction\",\"name\":\"Comment\",\"target\":[\"https:\\\/\\\/liebke-foto.de\\\/maerkischeslicht\\\/fruehlingsanfang\\\/#respond\"]}]},{\"@type\":\"WebPage\",\"@id\":\"https:\\\/\\\/liebke-foto.de\\\/maerkischeslicht\\\/fruehlingsanfang\\\/\",\"url\":\"https:\\\/\\\/liebke-foto.de\\\/maerkischeslicht\\\/fruehlingsanfang\\\/\",\"name\":\"Fr\u00fchlingsanfang... - M\u00e4rkisches Licht - Der Fotograf der Stille\",\"isPartOf\":{\"@id\":\"https:\\\/\\\/liebke-foto.de\\\/maerkischeslicht\\\/#website\"},\"primaryImageOfPage\":{\"@id\":\"https:\\\/\\\/liebke-foto.de\\\/maerkischeslicht\\\/fruehlingsanfang\\\/#primaryimage\"},\"image\":{\"@id\":\"https:\\\/\\\/liebke-foto.de\\\/maerkischeslicht\\\/fruehlingsanfang\\\/#primaryimage\"},\"thumbnailUrl\":\"https:\\\/\\\/liebke-foto.de\\\/maerkischeslicht\\\/wp-content\\\/uploads\\\/2014\\\/03\\\/FL83328.jpg\",\"datePublished\":\"2014-03-21T17:42:25+00:00\",\"dateModified\":\"2022-07-03T21:31:37+00:00\",\"description\":\"Fr\u00fchlingsanfang... in Oranienburg, only 50mm-Beitrag\",\"breadcrumb\":{\"@id\":\"https:\\\/\\\/liebke-foto.de\\\/maerkischeslicht\\\/fruehlingsanfang\\\/#breadcrumb\"},\"inLanguage\":\"de\",\"potentialAction\":[{\"@type\":\"ReadAction\",\"target\":[\"https:\\\/\\\/liebke-foto.de\\\/maerkischeslicht\\\/fruehlingsanfang\\\/\"]}]},{\"@type\":\"ImageObject\",\"inLanguage\":\"de\",\"@id\":\"https:\\\/\\\/liebke-foto.de\\\/maerkischeslicht\\\/fruehlingsanfang\\\/#primaryimage\",\"url\":\"https:\\\/\\\/liebke-foto.de\\\/maerkischeslicht\\\/wp-content\\\/uploads\\\/2014\\\/03\\\/FL83328.jpg\",\"contentUrl\":\"https:\\\/\\\/liebke-foto.de\\\/maerkischeslicht\\\/wp-content\\\/uploads\\\/2014\\\/03\\\/FL83328.jpg\",\"width\":1400,\"height\":935},{\"@type\":\"BreadcrumbList\",\"@id\":\"https:\\\/\\\/liebke-foto.de\\\/maerkischeslicht\\\/fruehlingsanfang\\\/#breadcrumb\",\"itemListElement\":[{\"@type\":\"ListItem\",\"position\":1,\"name\":\"Startseite\",\"item\":\"https:\\\/\\\/liebke-foto.de\\\/maerkischeslicht\\\/\"},{\"@type\":\"ListItem\",\"position\":2,\"name\":\"Fr\u00fchlingsanfang&#8230;\"}]},{\"@type\":\"WebSite\",\"@id\":\"https:\\\/\\\/liebke-foto.de\\\/maerkischeslicht\\\/#website\",\"url\":\"https:\\\/\\\/liebke-foto.de\\\/maerkischeslicht\\\/\",\"name\":\"M\u00e4rkisches Licht - Der Fotograf der Stille\",\"description\":\"Die Liebe zum Leben...\",\"publisher\":{\"@id\":\"https:\\\/\\\/liebke-foto.de\\\/maerkischeslicht\\\/#\\\/schema\\\/person\\\/d71108abc09a723daeeb8526a33137ee\"},\"potentialAction\":[{\"@type\":\"SearchAction\",\"target\":{\"@type\":\"EntryPoint\",\"urlTemplate\":\"https:\\\/\\\/liebke-foto.de\\\/maerkischeslicht\\\/?s={search_term_string}\"},\"query-input\":{\"@type\":\"PropertyValueSpecification\",\"valueRequired\":true,\"valueName\":\"search_term_string\"}}],\"inLanguage\":\"de\"},{\"@type\":[\"Person\",\"Organization\"],\"@id\":\"https:\\\/\\\/liebke-foto.de\\\/maerkischeslicht\\\/#\\\/schema\\\/person\\\/d71108abc09a723daeeb8526a33137ee\",\"name\":\"Frank Liebke\",\"image\":{\"@type\":\"ImageObject\",\"inLanguage\":\"de\",\"@id\":\"https:\\\/\\\/liebke-foto.de\\\/maerkischeslicht\\\/wp-content\\\/uploads\\\/2021\\\/12\\\/IMG-20211024-WA0001.jpg\",\"url\":\"https:\\\/\\\/liebke-foto.de\\\/maerkischeslicht\\\/wp-content\\\/uploads\\\/2021\\\/12\\\/IMG-20211024-WA0001.jpg\",\"contentUrl\":\"https:\\\/\\\/liebke-foto.de\\\/maerkischeslicht\\\/wp-content\\\/uploads\\\/2021\\\/12\\\/IMG-20211024-WA0001.jpg\",\"width\":900,\"height\":1600,\"caption\":\"Frank Liebke\"},\"logo\":{\"@id\":\"https:\\\/\\\/liebke-foto.de\\\/maerkischeslicht\\\/wp-content\\\/uploads\\\/2021\\\/12\\\/IMG-20211024-WA0001.jpg\"},\"sameAs\":[\"https:\\\/\\\/liebke-foto.de\"],\"url\":\"https:\\\/\\\/liebke-foto.de\\\/maerkischeslicht\\\/author\\\/adminuser\\\/\"}]}<\/script>\n<!-- \/ Yoast SEO plugin. -->","yoast_head_json":{"title":"Fr\u00fchlingsanfang... - M\u00e4rkisches Licht - Der Fotograf der Stille","description":"Fr\u00fchlingsanfang... in Oranienburg, only 50mm-Beitrag","robots":{"index":"index","follow":"follow","max-snippet":"max-snippet:-1","max-image-preview":"max-image-preview:large","max-video-preview":"max-video-preview:-1"},"canonical":"https:\/\/liebke-foto.de\/maerkischeslicht\/fruehlingsanfang\/","og_locale":"de_DE","og_type":"article","og_title":"Fr\u00fchlingsanfang... - M\u00e4rkisches Licht - Der Fotograf der Stille","og_description":"Fr\u00fchlingsanfang... in Oranienburg, only 50mm-Beitrag","og_url":"https:\/\/liebke-foto.de\/maerkischeslicht\/fruehlingsanfang\/","og_site_name":"M\u00e4rkisches Licht - Der Fotograf der Stille","article_published_time":"2014-03-21T17:42:25+00:00","article_modified_time":"2022-07-03T21:31:37+00:00","og_image":[{"width":1400,"height":935,"url":"https:\/\/liebke-foto.de\/maerkischeslicht\/wp-content\/uploads\/2014\/03\/FL83328.jpg","type":"image\/jpeg"}],"author":"Frank Liebke","twitter_card":"summary_large_image","twitter_misc":{"Verfasst von":"Frank Liebke","Gesch\u00e4tzte Lesezeit":"2\u00a0Minuten"},"schema":{"@context":"https:\/\/schema.org","@graph":[{"@type":"Article","@id":"https:\/\/liebke-foto.de\/maerkischeslicht\/fruehlingsanfang\/#article","isPartOf":{"@id":"https:\/\/liebke-foto.de\/maerkischeslicht\/fruehlingsanfang\/"},"author":{"name":"Frank Liebke","@id":"https:\/\/liebke-foto.de\/maerkischeslicht\/#\/schema\/person\/d71108abc09a723daeeb8526a33137ee"},"headline":"Fr\u00fchlingsanfang&#8230;","datePublished":"2014-03-21T17:42:25+00:00","dateModified":"2022-07-03T21:31:37+00:00","mainEntityOfPage":{"@id":"https:\/\/liebke-foto.de\/maerkischeslicht\/fruehlingsanfang\/"},"wordCount":132,"commentCount":0,"publisher":{"@id":"https:\/\/liebke-foto.de\/maerkischeslicht\/#\/schema\/person\/d71108abc09a723daeeb8526a33137ee"},"image":{"@id":"https:\/\/liebke-foto.de\/maerkischeslicht\/fruehlingsanfang\/#primaryimage"},"thumbnailUrl":"https:\/\/liebke-foto.de\/maerkischeslicht\/wp-content\/uploads\/2014\/03\/FL83328.jpg","articleSection":["Im Land Brandenburg unterwegs","Technik"],"inLanguage":"de","potentialAction":[{"@type":"CommentAction","name":"Comment","target":["https:\/\/liebke-foto.de\/maerkischeslicht\/fruehlingsanfang\/#respond"]}]},{"@type":"WebPage","@id":"https:\/\/liebke-foto.de\/maerkischeslicht\/fruehlingsanfang\/","url":"https:\/\/liebke-foto.de\/maerkischeslicht\/fruehlingsanfang\/","name":"Fr\u00fchlingsanfang... - M\u00e4rkisches Licht - Der Fotograf der Stille","isPartOf":{"@id":"https:\/\/liebke-foto.de\/maerkischeslicht\/#website"},"primaryImageOfPage":{"@id":"https:\/\/liebke-foto.de\/maerkischeslicht\/fruehlingsanfang\/#primaryimage"},"image":{"@id":"https:\/\/liebke-foto.de\/maerkischeslicht\/fruehlingsanfang\/#primaryimage"},"thumbnailUrl":"https:\/\/liebke-foto.de\/maerkischeslicht\/wp-content\/uploads\/2014\/03\/FL83328.jpg","datePublished":"2014-03-21T17:42:25+00:00","dateModified":"2022-07-03T21:31:37+00:00","description":"Fr\u00fchlingsanfang... in Oranienburg, only 50mm-Beitrag","breadcrumb":{"@id":"https:\/\/liebke-foto.de\/maerkischeslicht\/fruehlingsanfang\/#breadcrumb"},"inLanguage":"de","potentialAction":[{"@type":"ReadAction","target":["https:\/\/liebke-foto.de\/maerkischeslicht\/fruehlingsanfang\/"]}]},{"@type":"ImageObject","inLanguage":"de","@id":"https:\/\/liebke-foto.de\/maerkischeslicht\/fruehlingsanfang\/#primaryimage","url":"https:\/\/liebke-foto.de\/maerkischeslicht\/wp-content\/uploads\/2014\/03\/FL83328.jpg","contentUrl":"https:\/\/liebke-foto.de\/maerkischeslicht\/wp-content\/uploads\/2014\/03\/FL83328.jpg","width":1400,"height":935},{"@type":"BreadcrumbList","@id":"https:\/\/liebke-foto.de\/maerkischeslicht\/fruehlingsanfang\/#breadcrumb","itemListElement":[{"@type":"ListItem","position":1,"name":"Startseite","item":"https:\/\/liebke-foto.de\/maerkischeslicht\/"},{"@type":"ListItem","position":2,"name":"Fr\u00fchlingsanfang&#8230;"}]},{"@type":"WebSite","@id":"https:\/\/liebke-foto.de\/maerkischeslicht\/#website","url":"https:\/\/liebke-foto.de\/maerkischeslicht\/","name":"M\u00e4rkisches Licht - Der Fotograf der Stille","description":"Die Liebe zum Leben...","publisher":{"@id":"https:\/\/liebke-foto.de\/maerkischeslicht\/#\/schema\/person\/d71108abc09a723daeeb8526a33137ee"},"potentialAction":[{"@type":"SearchAction","target":{"@type":"EntryPoint","urlTemplate":"https:\/\/liebke-foto.de\/maerkischeslicht\/?s={search_term_string}"},"query-input":{"@type":"PropertyValueSpecification","valueRequired":true,"valueName":"search_term_string"}}],"inLanguage":"de"},{"@type":["Person","Organization"],"@id":"https:\/\/liebke-foto.de\/maerkischeslicht\/#\/schema\/person\/d71108abc09a723daeeb8526a33137ee","name":"Frank Liebke","image":{"@type":"ImageObject","inLanguage":"de","@id":"https:\/\/liebke-foto.de\/maerkischeslicht\/wp-content\/uploads\/2021\/12\/IMG-20211024-WA0001.jpg","url":"https:\/\/liebke-foto.de\/maerkischeslicht\/wp-content\/uploads\/2021\/12\/IMG-20211024-WA0001.jpg","contentUrl":"https:\/\/liebke-foto.de\/maerkischeslicht\/wp-content\/uploads\/2021\/12\/IMG-20211024-WA0001.jpg","width":900,"height":1600,"caption":"Frank Liebke"},"logo":{"@id":"https:\/\/liebke-foto.de\/maerkischeslicht\/wp-content\/uploads\/2021\/12\/IMG-20211024-WA0001.jpg"},"sameAs":["https:\/\/liebke-foto.de"],"url":"https:\/\/liebke-foto.de\/maerkischeslicht\/author\/adminuser\/"}]}},"_links":{"self":[{"href":"https:\/\/liebke-foto.de\/maerkischeslicht\/wp-json\/wp\/v2\/posts\/458","targetHints":{"allow":["GET"]}}],"collection":[{"href":"https:\/\/liebke-foto.de\/maerkischeslicht\/wp-json\/wp\/v2\/posts"}],"about":[{"href":"https:\/\/liebke-foto.de\/maerkischeslicht\/wp-json\/wp\/v2\/types\/post"}],"author":[{"embeddable":true,"href":"https:\/\/liebke-foto.de\/maerkischeslicht\/wp-json\/wp\/v2\/users\/1"}],"replies":[{"embeddable":true,"href":"https:\/\/liebke-foto.de\/maerkischeslicht\/wp-json\/wp\/v2\/comments?post=458"}],"version-history":[{"count":11,"href":"https:\/\/liebke-foto.de\/maerkischeslicht\/wp-json\/wp\/v2\/posts\/458\/revisions"}],"predecessor-version":[{"id":6008,"href":"https:\/\/liebke-foto.de\/maerkischeslicht\/wp-json\/wp\/v2\/posts\/458\/revisions\/6008"}],"wp:featuredmedia":[{"embeddable":true,"href":"https:\/\/liebke-foto.de\/maerkischeslicht\/wp-json\/wp\/v2\/media\/462"}],"wp:attachment":[{"href":"https:\/\/liebke-foto.de\/maerkischeslicht\/wp-json\/wp\/v2\/media?parent=458"}],"wp:term":[{"taxonomy":"category","embeddable":true,"href":"https:\/\/liebke-foto.de\/maerkischeslicht\/wp-json\/wp\/v2\/categories?post=458"},{"taxonomy":"post_tag","embeddable":true,"href":"https:\/\/liebke-foto.de\/maerkischeslicht\/wp-json\/wp\/v2\/tags?post=458"}],"curies":[{"name":"wp","href":"https:\/\/api.w.org\/{rel}","templated":true}]}}