{"id":4517,"date":"2021-08-14T15:12:26","date_gmt":"2021-08-14T13:12:26","guid":{"rendered":"https:\/\/liebke-foto.de\/maerkischeslicht\/?p=4517"},"modified":"2026-03-16T22:37:50","modified_gmt":"2026-03-16T20:37:50","slug":"die-lenzerwische-mit-putlitz-und-wittenberge","status":"publish","type":"post","link":"https:\/\/liebke-foto.de\/maerkischeslicht\/die-lenzerwische-mit-putlitz-und-wittenberge\/","title":{"rendered":"In die Lenzerwische"},"content":{"rendered":"<div class=\"wp-block-image\">\n<figure class=\"aligncenter size-large\"><a href=\"https:\/\/liebke-foto.de\/maerkischeslicht\/wp-content\/uploads\/2021\/08\/FZ24773_C1.jpg\"><img loading=\"lazy\" decoding=\"async\" width=\"1200\" height=\"800\" src=\"https:\/\/liebke-foto.de\/maerkischeslicht\/wp-content\/uploads\/2021\/08\/FZ24773_C1-1200x800.jpg\" alt=\"Elbdeich in der Lenzerwische, Wiese und Wolken, hinten die Elbe\" class=\"wp-image-4560\" srcset=\"https:\/\/liebke-foto.de\/maerkischeslicht\/wp-content\/uploads\/2021\/08\/FZ24773_C1-1200x800.jpg 1200w, https:\/\/liebke-foto.de\/maerkischeslicht\/wp-content\/uploads\/2021\/08\/FZ24773_C1-768x512.jpg 768w, https:\/\/liebke-foto.de\/maerkischeslicht\/wp-content\/uploads\/2021\/08\/FZ24773_C1.jpg 1300w\" sizes=\"auto, (max-width: 1200px) 100vw, 1200px\" \/><\/a><figcaption class=\"wp-element-caption\">Blick vom Elbdeich am Landhaus Elbeflair in die Lenzerwische. Jeden Tag ein neues Licht-Schauspiel. Die Akteure: Wolken, Wind und Sonnenschein. Dazu eine Ruhe, die kein St\u00e4dter mehr so kennt und der Sommerduft von frischem Heu. Ein Seelen-Geschenk \ud83d\ude42<\/figcaption><\/figure>\n<\/div>\n\n\n<h2 class=\"wp-block-heading\">Mit einem Besuch von Wittenberge und Putlitz in der Prignitz<\/h2>\n\n\n\n<p>Wir planten unseren ersten gemeinsamen Kurzurlaub (4Tage) in die Lenzerwische am Elbdeich im Landhaus Elbeflair. F\u00fcr Lucy (<a data-type=\"URL\" data-id=\"https:\/\/meerschreibfrau.blog\" rel=\"noreferrer noopener\" href=\"https:\/\/meerschreibfrau.blog\" target=\"_blank\">Patricia Koelle<\/a>) eine Recherchereise, auf der ich sie begleiten durfte. F\u00fcr mich sch\u00f6nste Aussichten, Bilder zu sammeln in einem weit abgelegenen Landschaftszipfel der Nordwestlichen Mark Brandenburg, der Prignitz. Und damit ein graues und noch unbekanntes Fleckchen mit eigenen Erlebnissen f\u00fcttern. <\/p>\n\n\n\n<p>Den Anreisetag begannen wir Fr\u00fchaufsteher mit einem leckeren und leichten Fr\u00fchst\u00fcck in Lucy\u00b4s Zaubergarten. Dann wurde das Gep\u00e4ck verstaut, alles nochmal gecheckt und der Filou gestartet, auf ins Abenteuer. \ud83d\ude00<\/p>\n\n\n\n<p>Die Erste Etappe f\u00fchrte uns \u00fcber die Autobahn A24 bis zur Abfahrt Putlitz. Eine recht geruhsame Fahrt, zumal am Donnerstag Morgen. Mittlerweile st\u00f6rte noch eine Baustelle, und die auch nicht wirklich. Und schon ging es wieder ab und an der alten Burgruine G\u00e4nseburg Putlitz die erste Pause. Da blieb die Kamera nicht im Auto, das Wetter war herrlich und die Wolken wie ein Sahnehaufen (so fett und lecker lagen sie auf der Landschaft \ud83d\ude00 ) oben drauf. Hier gleich noch der Direktlink zu <a rel=\"noreferrer noopener\" href=\"https:\/\/burgenarchiv.de\/burg_Putlitz_in_Brandenburg\" data-type=\"URL\" data-id=\"https:\/\/burgenarchiv.de\/burg_Putlitz_in_Brandenburg\" target=\"_blank\">Informationen \u00fcber die Burg, klick<\/a>. <\/p>\n\n\n<div class=\"wp-block-image\">\n<figure class=\"aligncenter size-large\"><a href=\"https:\/\/liebke-foto.de\/maerkischeslicht\/wp-content\/uploads\/2021\/08\/FZ24463_C1.jpg\"><img loading=\"lazy\" decoding=\"async\" width=\"1200\" height=\"800\" src=\"https:\/\/liebke-foto.de\/maerkischeslicht\/wp-content\/uploads\/2021\/08\/FZ24463_C1-1200x800.jpg\" alt=\"Burgruine G\u00e4nseburg Putlitz, Prignitz\" class=\"wp-image-4521\" srcset=\"https:\/\/liebke-foto.de\/maerkischeslicht\/wp-content\/uploads\/2021\/08\/FZ24463_C1-1200x800.jpg 1200w, https:\/\/liebke-foto.de\/maerkischeslicht\/wp-content\/uploads\/2021\/08\/FZ24463_C1-768x512.jpg 768w, https:\/\/liebke-foto.de\/maerkischeslicht\/wp-content\/uploads\/2021\/08\/FZ24463_C1.jpg 1300w\" sizes=\"auto, (max-width: 1200px) 100vw, 1200px\" \/><\/a><figcaption class=\"wp-element-caption\">Burgruine G\u00e4nseburg Putlitz<\/figcaption><\/figure>\n<\/div>\n\n<div class=\"wp-block-image\">\n<figure class=\"aligncenter size-large\"><a href=\"https:\/\/liebke-foto.de\/maerkischeslicht\/wp-content\/uploads\/2021\/08\/FZ24475_C1.jpg\"><img loading=\"lazy\" decoding=\"async\" width=\"1200\" height=\"800\" src=\"https:\/\/liebke-foto.de\/maerkischeslicht\/wp-content\/uploads\/2021\/08\/FZ24475_C1-1200x800.jpg\" alt=\"Burgruine G\u00e4nseburg Putlitz, Prignitz, Land Brandenburg\" class=\"wp-image-4523\" srcset=\"https:\/\/liebke-foto.de\/maerkischeslicht\/wp-content\/uploads\/2021\/08\/FZ24475_C1-1200x800.jpg 1200w, https:\/\/liebke-foto.de\/maerkischeslicht\/wp-content\/uploads\/2021\/08\/FZ24475_C1-768x512.jpg 768w, https:\/\/liebke-foto.de\/maerkischeslicht\/wp-content\/uploads\/2021\/08\/FZ24475_C1.jpg 1300w\" sizes=\"auto, (max-width: 1200px) 100vw, 1200px\" \/><\/a><figcaption class=\"wp-element-caption\">Im Hof der G\u00e4nseburg Putlitz in der Prignitz<\/figcaption><\/figure>\n<\/div>\n\n<div class=\"wp-block-image\">\n<figure class=\"aligncenter size-large\"><a href=\"https:\/\/liebke-foto.de\/maerkischeslicht\/wp-content\/uploads\/2021\/08\/FZ24466_C1.jpg\"><img loading=\"lazy\" decoding=\"async\" width=\"1200\" height=\"800\" src=\"https:\/\/liebke-foto.de\/maerkischeslicht\/wp-content\/uploads\/2021\/08\/FZ24466_C1-1200x800.jpg\" alt=\"Evangelische Kirche Putlitz, Putlitz Kirche\" class=\"wp-image-4522\" srcset=\"https:\/\/liebke-foto.de\/maerkischeslicht\/wp-content\/uploads\/2021\/08\/FZ24466_C1-1200x800.jpg 1200w, https:\/\/liebke-foto.de\/maerkischeslicht\/wp-content\/uploads\/2021\/08\/FZ24466_C1-768x512.jpg 768w, https:\/\/liebke-foto.de\/maerkischeslicht\/wp-content\/uploads\/2021\/08\/FZ24466_C1.jpg 1300w\" sizes=\"auto, (max-width: 1200px) 100vw, 1200px\" \/><\/a><figcaption class=\"wp-element-caption\">Evangelische Kirche Putlitz<\/figcaption><\/figure>\n<\/div>\n\n<div class=\"wp-block-image\">\n<figure class=\"aligncenter size-large\"><a href=\"https:\/\/liebke-foto.de\/maerkischeslicht\/wp-content\/uploads\/2021\/08\/FZ24495_C1.jpg\"><img loading=\"lazy\" decoding=\"async\" width=\"1200\" height=\"800\" src=\"https:\/\/liebke-foto.de\/maerkischeslicht\/wp-content\/uploads\/2021\/08\/FZ24495_C1-1200x800.jpg\" alt=\"Evangelische Kirche Putlitz, Putlitz Kirche\" class=\"wp-image-4524\" srcset=\"https:\/\/liebke-foto.de\/maerkischeslicht\/wp-content\/uploads\/2021\/08\/FZ24495_C1-1200x800.jpg 1200w, https:\/\/liebke-foto.de\/maerkischeslicht\/wp-content\/uploads\/2021\/08\/FZ24495_C1-768x512.jpg 768w, https:\/\/liebke-foto.de\/maerkischeslicht\/wp-content\/uploads\/2021\/08\/FZ24495_C1.jpg 1300w\" sizes=\"auto, (max-width: 1200px) 100vw, 1200px\" \/><\/a><\/figure>\n<\/div>\n\n\n<p><\/p>\n\n\n\n<p><\/p>\n\n\n<div class=\"wp-block-image\">\n<figure class=\"aligncenter size-large\"><a href=\"https:\/\/liebke-foto.de\/maerkischeslicht\/wp-content\/uploads\/2021\/08\/FZ24505_C1.jpg\"><img loading=\"lazy\" decoding=\"async\" width=\"1200\" height=\"800\" src=\"https:\/\/liebke-foto.de\/maerkischeslicht\/wp-content\/uploads\/2021\/08\/FZ24505_C1-1200x800.jpg\" alt=\"Prignitz, Wasser zur Stepenitz\" class=\"wp-image-4525\" srcset=\"https:\/\/liebke-foto.de\/maerkischeslicht\/wp-content\/uploads\/2021\/08\/FZ24505_C1-1200x800.jpg 1200w, https:\/\/liebke-foto.de\/maerkischeslicht\/wp-content\/uploads\/2021\/08\/FZ24505_C1-768x512.jpg 768w, https:\/\/liebke-foto.de\/maerkischeslicht\/wp-content\/uploads\/2021\/08\/FZ24505_C1.jpg 1300w\" sizes=\"auto, (max-width: 1200px) 100vw, 1200px\" \/><\/a><figcaption class=\"wp-element-caption\">Goldfarbenes W\u00e4sserchen pl\u00e4tscherte in die Stepenitz<\/figcaption><\/figure>\n<\/div>\n\n<div class=\"wp-block-image\">\n<figure class=\"aligncenter size-large\"><a href=\"https:\/\/liebke-foto.de\/maerkischeslicht\/wp-content\/uploads\/2021\/08\/FZ24530_C1.jpg\"><img loading=\"lazy\" decoding=\"async\" width=\"1200\" height=\"800\" src=\"https:\/\/liebke-foto.de\/maerkischeslicht\/wp-content\/uploads\/2021\/08\/FZ24530_C1-1200x800.jpg\" alt=\"Blick durch Baumwipfel zur Burgruine Putlitz, Prignitz\" class=\"wp-image-4526\" srcset=\"https:\/\/liebke-foto.de\/maerkischeslicht\/wp-content\/uploads\/2021\/08\/FZ24530_C1-1200x800.jpg 1200w, https:\/\/liebke-foto.de\/maerkischeslicht\/wp-content\/uploads\/2021\/08\/FZ24530_C1-768x512.jpg 768w, https:\/\/liebke-foto.de\/maerkischeslicht\/wp-content\/uploads\/2021\/08\/FZ24530_C1.jpg 1300w\" sizes=\"auto, (max-width: 1200px) 100vw, 1200px\" \/><\/a><figcaption class=\"wp-element-caption\">Noch ein himmlischer Blick durch uralte B\u00e4ume zum Burgturm, dann ging es weiter.<\/figcaption><\/figure>\n<\/div>\n\n\n<p>Hinter der Burgruine floss ein h\u00fcbscher, kleiner Fluss und Lucy schaute gleich per Maps, wie der hei\u00dft. Stepenitz, das kommt mir aber sehr bekannt vor. So hie\u00df doch, neben der Elbe, ein Fl\u00fcsschen in <a href=\"https:\/\/liebke-foto.de\/maerkischeslicht\/wittenberge-in-der-prignitz\/\" target=\"_blank\" rel=\"noreferrer noopener\">Wittenberge, meiner Geburtsstadt<\/a>! <\/p>\n\n\n\n<p>Und von Putlitz aus bis zur Lenzerwische liegt ein Umweg \u00fcber die ehemalige N\u00e4hmaschinenstadt doch fast auf dem Weg! Also los. In Perleberg habe ich mich schon \u00f6fter verfahren, die Verkehrsf\u00fchrung erschlie\u00dft sich mir einfach nicht. Aber diesmal haben wir die Stra\u00dfe nach Wittenberg fast auf Anhieb gefunden. Angekommen f\u00fchlte ich mich so, als ob ich nie fort war. <\/p>\n\n\n\n<p>Sogar das Wohnhaus meiner Gro\u00dfeltern in der Kyritzerstra\u00dfe 44 fand ich sofort. Kurzer Halt, das wollte ich mir genauer ansehen. Und Lucy zeigen, denn hier hatte ich die ersten vier Lebensjahre verbracht. War dann \u00f6fter in den Ferien hier, und bin sogar noch 1979 im Sommer mit meinem S50 von Sta\u00dffurt hierher gesummelt. <\/p>\n\n\n\n<p>Mein letzter freier Sommer, denn im n\u00e4chsten Jahr wurde ich zur Armee eingezogen. Diese ganzen Erinnerungen schossen mir im Schnellauf durch den Kopf. Alles gute, und gerade auch die meiner Kindheit. <\/p>\n\n\n\n<p>War doch die Wiese vor diesem Kleinwohnblock immer meine Spiel- und Abenteuerwiese gewesen. Und an der Stra\u00dfenecke war so ein Geb\u00fcsch aus Eichen, ebenfalls ein beliebter Spielplatz von mir. Den wollte ich Lucy auch zeigen und war entt\u00e4uscht dass er fort war. Na ja, hat wohl nicht so gepasst. Obwohl, nee, oder?? <\/p>\n\n\n\n<p>Na klar, es sind ja mittlerweile fast 60 Jahre ins Land gegangen. Und auch Eichenjunge haben die Angewohnheit wie alle Lebewesen, sie wachsen. Mein Blick ging an ihnen hoch. Sehr hoch und pr\u00e4chtig sind sie geworden. Lasst es Euch gut gehen, bleibt stark und werdet alt wie es sich einer Eiche geziemt \ud83d\ude00 . <\/p>\n\n\n\n<p><br \/>Den Hafen, ebenfalls schon aus meiner Kindheit ein Anlaufpunkt von mir, besuchten wir nat\u00fcrlich auch. Und dann die Stepenitz. Beim letzten Besuch hatte ich sie gar nicht mehr gefunden, zuviel hatte sich in den zig Jahren ver\u00e4ndert. Aber dieses Mal hatten wir Gl\u00fcck, alles war noch so da wie immer. <\/p>\n\n\n<div class=\"wp-block-image\">\n<figure class=\"aligncenter size-large\"><a href=\"https:\/\/liebke-foto.de\/maerkischeslicht\/wp-content\/uploads\/2021\/08\/FZ24573_C1.jpg\"><img loading=\"lazy\" decoding=\"async\" width=\"1200\" height=\"800\" src=\"https:\/\/liebke-foto.de\/maerkischeslicht\/wp-content\/uploads\/2021\/08\/FZ24573_C1-1200x800.jpg\" alt=\"Elbehafen von Wittenberge, Elbe, Hafen, Land Brandenburg\" class=\"wp-image-4530\" srcset=\"https:\/\/liebke-foto.de\/maerkischeslicht\/wp-content\/uploads\/2021\/08\/FZ24573_C1-1200x800.jpg 1200w, https:\/\/liebke-foto.de\/maerkischeslicht\/wp-content\/uploads\/2021\/08\/FZ24573_C1-768x512.jpg 768w, https:\/\/liebke-foto.de\/maerkischeslicht\/wp-content\/uploads\/2021\/08\/FZ24573_C1.jpg 1300w\" sizes=\"auto, (max-width: 1200px) 100vw, 1200px\" \/><\/a><figcaption class=\"wp-element-caption\">Elbehafen Wittenberge<\/figcaption><\/figure>\n<\/div>\n\n<div class=\"wp-block-image\">\n<figure class=\"aligncenter size-large\"><a href=\"https:\/\/liebke-foto.de\/maerkischeslicht\/wp-content\/uploads\/2021\/08\/FZ24576_C1.jpg\"><img loading=\"lazy\" decoding=\"async\" width=\"1200\" height=\"800\" src=\"https:\/\/liebke-foto.de\/maerkischeslicht\/wp-content\/uploads\/2021\/08\/FZ24576_C1-1200x800.jpg\" alt=\"Wittenberge, Elbe, Hafen, Prignitz\" class=\"wp-image-4531\" srcset=\"https:\/\/liebke-foto.de\/maerkischeslicht\/wp-content\/uploads\/2021\/08\/FZ24576_C1-1200x800.jpg 1200w, https:\/\/liebke-foto.de\/maerkischeslicht\/wp-content\/uploads\/2021\/08\/FZ24576_C1-768x512.jpg 768w, https:\/\/liebke-foto.de\/maerkischeslicht\/wp-content\/uploads\/2021\/08\/FZ24576_C1.jpg 1300w\" sizes=\"auto, (max-width: 1200px) 100vw, 1200px\" \/><\/a><figcaption class=\"wp-element-caption\">Wittenberge und sein Hafen an der Elbe<\/figcaption><\/figure>\n<\/div>\n\n<div class=\"wp-block-image\">\n<figure class=\"aligncenter size-large\"><a href=\"https:\/\/liebke-foto.de\/maerkischeslicht\/wp-content\/uploads\/2021\/08\/FZ24548_C1.jpg\"><img loading=\"lazy\" decoding=\"async\" width=\"1200\" height=\"800\" src=\"https:\/\/liebke-foto.de\/maerkischeslicht\/wp-content\/uploads\/2021\/08\/FZ24548_C1-1200x800.jpg\" alt=\"Wittenberge, Stepenitz, Patricia Koelle an der Stepenitz\" class=\"wp-image-4518\" srcset=\"https:\/\/liebke-foto.de\/maerkischeslicht\/wp-content\/uploads\/2021\/08\/FZ24548_C1-1200x800.jpg 1200w, https:\/\/liebke-foto.de\/maerkischeslicht\/wp-content\/uploads\/2021\/08\/FZ24548_C1-768x512.jpg 768w, https:\/\/liebke-foto.de\/maerkischeslicht\/wp-content\/uploads\/2021\/08\/FZ24548_C1.jpg 1300w\" sizes=\"auto, (max-width: 1200px) 100vw, 1200px\" \/><\/a><figcaption class=\"wp-element-caption\">An der Stepenitz in Wittenberge. So wie Lucy stand ich hier oft als kleines Kind mit meiner Mama, meinen Gro\u00dfeltern und meinem Onkel am Fl\u00fcsschen \ud83d\ude42<\/figcaption><\/figure>\n<\/div>\n\n<div class=\"wp-block-image\">\n<figure class=\"aligncenter size-large\"><a href=\"https:\/\/liebke-foto.de\/maerkischeslicht\/wp-content\/uploads\/2021\/08\/FZ24541_C1.jpg\"><img loading=\"lazy\" decoding=\"async\" width=\"1200\" height=\"800\" src=\"https:\/\/liebke-foto.de\/maerkischeslicht\/wp-content\/uploads\/2021\/08\/FZ24541_C1-1200x800.jpg\" alt=\"Wittenberge, an der Stepenitz, Prignitz\" class=\"wp-image-4527\" srcset=\"https:\/\/liebke-foto.de\/maerkischeslicht\/wp-content\/uploads\/2021\/08\/FZ24541_C1-1200x800.jpg 1200w, https:\/\/liebke-foto.de\/maerkischeslicht\/wp-content\/uploads\/2021\/08\/FZ24541_C1-768x512.jpg 768w, https:\/\/liebke-foto.de\/maerkischeslicht\/wp-content\/uploads\/2021\/08\/FZ24541_C1.jpg 1300w\" sizes=\"auto, (max-width: 1200px) 100vw, 1200px\" \/><\/a><figcaption class=\"wp-element-caption\">Wittenberge, im Stepenitzgebiet<\/figcaption><\/figure>\n<\/div>\n\n<div class=\"wp-block-image\">\n<figure class=\"aligncenter size-large\"><a href=\"https:\/\/liebke-foto.de\/maerkischeslicht\/wp-content\/uploads\/2021\/08\/FZ24561_C1.jpg\"><img loading=\"lazy\" decoding=\"async\" width=\"1200\" height=\"800\" src=\"https:\/\/liebke-foto.de\/maerkischeslicht\/wp-content\/uploads\/2021\/08\/FZ24561_C1-1200x800.jpg\" alt=\"\" class=\"wp-image-4528\" srcset=\"https:\/\/liebke-foto.de\/maerkischeslicht\/wp-content\/uploads\/2021\/08\/FZ24561_C1-1200x800.jpg 1200w, https:\/\/liebke-foto.de\/maerkischeslicht\/wp-content\/uploads\/2021\/08\/FZ24561_C1-768x512.jpg 768w, https:\/\/liebke-foto.de\/maerkischeslicht\/wp-content\/uploads\/2021\/08\/FZ24561_C1.jpg 1300w\" sizes=\"auto, (max-width: 1200px) 100vw, 1200px\" \/><\/a><\/figure>\n<\/div>\n\n\n<p><\/p>\n\n\n\n<p><\/p>\n\n\n<div class=\"wp-block-image\">\n<figure class=\"aligncenter size-large\"><a href=\"https:\/\/liebke-foto.de\/maerkischeslicht\/wp-content\/uploads\/2021\/08\/FZ24568_C1.jpg\"><img loading=\"lazy\" decoding=\"async\" width=\"1200\" height=\"800\" src=\"https:\/\/liebke-foto.de\/maerkischeslicht\/wp-content\/uploads\/2021\/08\/FZ24568_C1-1200x800.jpg\" alt=\"\" class=\"wp-image-4529\" srcset=\"https:\/\/liebke-foto.de\/maerkischeslicht\/wp-content\/uploads\/2021\/08\/FZ24568_C1-1200x800.jpg 1200w, https:\/\/liebke-foto.de\/maerkischeslicht\/wp-content\/uploads\/2021\/08\/FZ24568_C1-768x512.jpg 768w, https:\/\/liebke-foto.de\/maerkischeslicht\/wp-content\/uploads\/2021\/08\/FZ24568_C1.jpg 1300w\" sizes=\"auto, (max-width: 1200px) 100vw, 1200px\" \/><\/a><figcaption class=\"wp-element-caption\">Wittenberge<\/figcaption><\/figure>\n<\/div>\n\n\n<p>Das Gute an einer fr\u00fchen Abfahrt von zu Hause ist dass man den ganzen Tag voll aussch\u00f6pfen kann. Also nun ging es direkt weiter nach Lenzen. Und dort wollten wir die Burg besuchen. Speziell das sch\u00f6ne Umfeld der Burg, von dem ich hier nur ein paar Bilder zeige. Da mache ich noch einen <a href=\"https:\/\/liebke-foto.de\/maerkischeslicht\/besucht-im-urlaub-die-burg-lenzen\/\" data-type=\"URL\" data-id=\"https:\/\/liebke-foto.de\/maerkischeslicht\/besucht-im-urlaub-die-burg-lenzen\/\" target=\"_blank\" rel=\"noreferrer noopener\">extra Bilderblog zu<\/a>.<\/p>\n\n\n<div class=\"wp-block-image\">\n<figure class=\"aligncenter size-large\"><a href=\"https:\/\/liebke-foto.de\/maerkischeslicht\/wp-content\/uploads\/2021\/08\/FZ24616_C1.jpg\"><img loading=\"lazy\" decoding=\"async\" width=\"1200\" height=\"800\" src=\"https:\/\/liebke-foto.de\/maerkischeslicht\/wp-content\/uploads\/2021\/08\/FZ24616_C1-1200x800.jpg\" alt=\"Burg Lenzen, Prignitz\" class=\"wp-image-4537\" srcset=\"https:\/\/liebke-foto.de\/maerkischeslicht\/wp-content\/uploads\/2021\/08\/FZ24616_C1-1200x800.jpg 1200w, https:\/\/liebke-foto.de\/maerkischeslicht\/wp-content\/uploads\/2021\/08\/FZ24616_C1-768x512.jpg 768w, https:\/\/liebke-foto.de\/maerkischeslicht\/wp-content\/uploads\/2021\/08\/FZ24616_C1.jpg 1300w\" sizes=\"auto, (max-width: 1200px) 100vw, 1200px\" \/><\/a><figcaption class=\"wp-element-caption\">Burg Lenzen<\/figcaption><\/figure>\n<\/div>\n\n<div class=\"wp-block-image\">\n<figure class=\"aligncenter size-large\"><a href=\"https:\/\/liebke-foto.de\/maerkischeslicht\/wp-content\/uploads\/2021\/08\/FZ24589_C1.jpg\"><img loading=\"lazy\" decoding=\"async\" width=\"1200\" height=\"800\" src=\"https:\/\/liebke-foto.de\/maerkischeslicht\/wp-content\/uploads\/2021\/08\/FZ24589_C1-1200x800.jpg\" alt=\"Schlosspark der Burg Lenzen\" class=\"wp-image-4533\" srcset=\"https:\/\/liebke-foto.de\/maerkischeslicht\/wp-content\/uploads\/2021\/08\/FZ24589_C1-1200x800.jpg 1200w, https:\/\/liebke-foto.de\/maerkischeslicht\/wp-content\/uploads\/2021\/08\/FZ24589_C1-768x512.jpg 768w, https:\/\/liebke-foto.de\/maerkischeslicht\/wp-content\/uploads\/2021\/08\/FZ24589_C1.jpg 1300w\" sizes=\"auto, (max-width: 1200px) 100vw, 1200px\" \/><\/a><figcaption class=\"wp-element-caption\">Burg Lenzen, Schlosspark<\/figcaption><\/figure>\n<\/div>\n\n<div class=\"wp-block-image\">\n<figure class=\"aligncenter size-large\"><a href=\"https:\/\/liebke-foto.de\/maerkischeslicht\/wp-content\/uploads\/2021\/08\/FZ24682_C1.jpg\"><img loading=\"lazy\" decoding=\"async\" width=\"1200\" height=\"800\" src=\"https:\/\/liebke-foto.de\/maerkischeslicht\/wp-content\/uploads\/2021\/08\/FZ24682_C1-1200x800.jpg\" alt=\"Burg Lenzen, hinter dem Park flie\u00dft geruhsam die L\u00f6cknitz\" class=\"wp-image-4546\" srcset=\"https:\/\/liebke-foto.de\/maerkischeslicht\/wp-content\/uploads\/2021\/08\/FZ24682_C1-1200x800.jpg 1200w, https:\/\/liebke-foto.de\/maerkischeslicht\/wp-content\/uploads\/2021\/08\/FZ24682_C1-768x512.jpg 768w, https:\/\/liebke-foto.de\/maerkischeslicht\/wp-content\/uploads\/2021\/08\/FZ24682_C1.jpg 1300w\" sizes=\"auto, (max-width: 1200px) 100vw, 1200px\" \/><\/a><figcaption class=\"wp-element-caption\">Hinter dem Park flie\u00dft geruhsam die L\u00f6cknitz<\/figcaption><\/figure>\n<\/div>\n\n\n<p>In der N\u00e4he unserer Unterkunft \u00fcberkam uns doch langsam der Hunger. Also wo Mittag essen? Wir kamen auf der Strecke am Hotel Alte Fischerkate vorbei, was sehr einladend wirkte. Sogar ein Platz an einem kleinen Teich mit Springbrunnen war f\u00fcr uns frei, nur f\u00fcr ein warmes Mittagessen war leider schon die Zeit vorbei. Das gab es erst Abends, wof\u00fcr wir auch gleich zwei Pl\u00e4tze reservierten, denn hier war alles immer schnell ausgebucht und wir hatten Gl\u00fcck f\u00fcr die letzten Pl\u00e4tze. <\/p>\n\n\n\n<p>Aber Tee mit einem leckeren St\u00fcck Torte musste jetzt gleich sein. Und so machten wir die Pause zum Geburtstagkuchenessen f\u00fcr Lucy \ud83d\ude42 <\/p>\n\n\n\n<p><br \/>Nun aber weiter zum Landhaus Elbeflair. Der Name war ein Versprechen, und das Versprechen wurde f\u00fcr knapp vier Tage die Erf\u00fcllung unserer Tr\u00e4ume. Ruhig gelegen, direkt hinter dem Elbedeich, duckte sich das wundersch\u00f6ne Haus in die Landschaft. Und alles war so friedlich, ab und zu fuhren Radler den Deich entlang, ansonsten Stille. Wir checkten ein, wurden freundlich begr\u00fc\u00dft und brachten nur unser Gep\u00e4ck aufs Zimmer. Um dann schnellstens zu erschauen, was uns hinter dem Deich erwartet. <\/p>\n\n\n\n<p>Lucy kannte das alles ja schon. Spielt eine Rolle, Haus und Landschaft, in ihrem  neuesten Roman aus der <a data-type=\"URL\" data-id=\"https:\/\/www.fischerverlage.de\/buch\/patricia-koelle-das-geheimnis-der-grashuepfer-9783596706242\" rel=\"noreferrer noopener\" href=\"https:\/\/www.fischerverlage.de\/buch\/patricia-koelle-das-geheimnis-der-grashuepfer-9783596706242\" target=\"_blank\">Inselgarten-Reihe des Fischer-Verlags<\/a>. Dem vierten Band <a data-type=\"URL\" data-id=\"https:\/\/www.fischerverlage.de\/buch\/patricia-koelle-das-geheimnis-der-grashuepfer-9783596706242\" rel=\"noreferrer noopener\" href=\"https:\/\/www.fischerverlage.de\/buch\/patricia-koelle-das-geheimnis-der-grashuepfer-9783596706242\" target=\"_blank\">&#8222;Das Geheimnis der Grash\u00fcpfer&#8220;<\/a>, der im September in diesem Jahr erscheint. Um so spannender f\u00fcr mich, die Realschaupl\u00e4tze aus erster Hand sozusagen erleben zu k\u00f6nnen. <\/p>\n\n\n\n<p>Au\u00dfer die Leseprobe aus dem 3. Band habe ich auch noch nichts davon gelesen, aber schon das hatte gereicht, Bilder im Kopf entstehen zu lassen. Bilder, die sich erstaunlich gut mit dem deckten, was ich dann, auf dem Deich stehend, zu sehen bekam. Nun muss ich noch eins zu unserer Reise erw\u00e4hnen. Wie fast immer hatten wir auch dieses Mal das beneidenswerte Gl\u00fcck ein richtiges Bilderbuchwetter zu erwischen. Sonnig, dabei nicht zu warm. Immer mitunter heftiger Wind, der wie ein lauer F\u00f6hn \u00fcber unsere Haut fuhr. <\/p>\n\n\n\n<p>Gebunden mit einem Mischgeruch aus Bl\u00fcten, Kr\u00e4utern und Heu. Intensiv, Sommer wie aus Kinderzeiten. Diese Deichstelle war Liebe auf den ersten Blick. Tief und innig. Balsam auf unsere Seelen. Und erst nun waren wir bereit in die Zimmer zu gehen und uns um unser Gep\u00e4ck zu k\u00fcmmern. Auch hier wieder ein Gef\u00fchl von daheim. Nachdem wir uns etwas frisch gemacht hatten, trafen wir uns mit unserem &#8222;Arbeitszeug&#8220; im Au\u00dfenbereich des Caf\u00e9 zu einem leckeren Tee. Genossen die absolute Stille &#8230;<\/p>\n\n\n<div class=\"wp-block-image\">\n<figure class=\"aligncenter size-large\"><a href=\"https:\/\/liebke-foto.de\/maerkischeslicht\/wp-content\/uploads\/2021\/08\/FZ24954_C1.jpg\"><img loading=\"lazy\" decoding=\"async\" width=\"1200\" height=\"800\" src=\"https:\/\/liebke-foto.de\/maerkischeslicht\/wp-content\/uploads\/2021\/08\/FZ24954_C1-1200x800.jpg\" alt=\"Eingang zum Landhaus Elbeflair\" class=\"wp-image-4597\" srcset=\"https:\/\/liebke-foto.de\/maerkischeslicht\/wp-content\/uploads\/2021\/08\/FZ24954_C1-1200x800.jpg 1200w, https:\/\/liebke-foto.de\/maerkischeslicht\/wp-content\/uploads\/2021\/08\/FZ24954_C1-768x512.jpg 768w, https:\/\/liebke-foto.de\/maerkischeslicht\/wp-content\/uploads\/2021\/08\/FZ24954_C1.jpg 1300w\" sizes=\"auto, (max-width: 1200px) 100vw, 1200px\" \/><\/a><figcaption class=\"wp-element-caption\"><a rel=\"noreferrer noopener\" href=\"https:\/\/www.landhaus-elbeflair.de\" data-type=\"URL\" data-id=\"https:\/\/www.landhaus-elbeflair.de\" target=\"_blank\">Landhaus Elbeflair, Pension und Caf\u00e9 Bistro, am Elbdeich<\/a><\/figcaption><\/figure>\n<\/div>\n\n<div class=\"wp-block-image\">\n<figure class=\"aligncenter size-large\"><a href=\"https:\/\/liebke-foto.de\/maerkischeslicht\/wp-content\/uploads\/2021\/08\/FZ24700_C1.jpg\"><img loading=\"lazy\" decoding=\"async\" width=\"1200\" height=\"800\" src=\"https:\/\/liebke-foto.de\/maerkischeslicht\/wp-content\/uploads\/2021\/08\/FZ24700_C1-1200x800.jpg\" alt=\"Teepause am Landhaus Elbeflair, mit Patricia Koelle, Fischerverlag\" class=\"wp-image-4519\" srcset=\"https:\/\/liebke-foto.de\/maerkischeslicht\/wp-content\/uploads\/2021\/08\/FZ24700_C1-1200x800.jpg 1200w, https:\/\/liebke-foto.de\/maerkischeslicht\/wp-content\/uploads\/2021\/08\/FZ24700_C1-768x512.jpg 768w, https:\/\/liebke-foto.de\/maerkischeslicht\/wp-content\/uploads\/2021\/08\/FZ24700_C1.jpg 1300w\" sizes=\"auto, (max-width: 1200px) 100vw, 1200px\" \/><\/a><figcaption class=\"wp-element-caption\">Noch einen leckeren schwarzen Tee mit Blick zum Elbdeich und verhei\u00dfungsvollen Wolken<\/figcaption><\/figure>\n<\/div>\n\n\n<p>Nun war es Zeit die Ungeduld zu befriedigen und in die Wische, speziell die Landschaft hinterm Deich, zu erwandern und auszukundschaften. Gleich vorweg: Es war f\u00fcr mich die absolute Offenbarung! Eine so naturbelassene Landschaft, ich konnte mich auch gar nicht sattsehen. Und wir kamen nur ganz langsam voran, zeigte doch jeder Meter neue Sichten. Ich sah nur noch viereckig und meine Kameras hielten es f\u00fcr uns fest. An einem Gut mit Storchennest vorbei, die Eltern waren unterwegs. <\/p>\n\n\n\n<p>Dazu in einem sp\u00e4teren Blog etwas ausf\u00fchrlicher. Die vier Jungst\u00f6rche standen etwas gelangweilt im Horst, wir gr\u00fc\u00dften und fanden etwas sp\u00e4ter einen Pfad, der uns schlie\u00dflich direkt an die Elbe f\u00fchrte. Da war er, der m\u00e4chtige Elbestrom. Ruhig glitt er dahin. Auf dem ersten Blick. Beim genaueren Hinsehen aber merkten wir die ungeheuerliche Kraft, ein Ruderbot sp\u00e4ter sahen wir auch wie schnell es an uns vorbeihuschte, das Paddel nur zum steuern benutzt. Ich genoss es besonders, wieder an &#8222;meiner&#8220; Elbe zu stehen. <\/p>\n\n\n\n<p>Der typische Geruch, den ich so mag, dazu Erinnerungen an meinen letzten freien Sommer, bevor mich das Milit\u00e4r f\u00fcr einige Zeit vereinamte. Damals, 1979, stand ich auch oft auf so einer gemauerten Buhne, mein Kamerazeugs dabei, und genoss die W\u00e4rme, das Wasser, den Wind, den typischen Geruch nach Wasser, Tang, Elbe eben&#8230;<\/p>\n\n\n<div class=\"wp-block-image\">\n<figure class=\"aligncenter size-large\"><a href=\"https:\/\/liebke-foto.de\/maerkischeslicht\/wp-content\/uploads\/2021\/08\/FZ24714_C1.jpg\"><img loading=\"lazy\" decoding=\"async\" width=\"1200\" height=\"800\" src=\"https:\/\/liebke-foto.de\/maerkischeslicht\/wp-content\/uploads\/2021\/08\/FZ24714_C1-1200x800.jpg\" alt=\"Die Lenzerwische im Nachmittagslicht\" class=\"wp-image-4550\" srcset=\"https:\/\/liebke-foto.de\/maerkischeslicht\/wp-content\/uploads\/2021\/08\/FZ24714_C1-1200x800.jpg 1200w, https:\/\/liebke-foto.de\/maerkischeslicht\/wp-content\/uploads\/2021\/08\/FZ24714_C1-768x512.jpg 768w, https:\/\/liebke-foto.de\/maerkischeslicht\/wp-content\/uploads\/2021\/08\/FZ24714_C1.jpg 1300w\" sizes=\"auto, (max-width: 1200px) 100vw, 1200px\" \/><\/a><figcaption class=\"wp-element-caption\">Sch\u00f6nstes Licht im Elbdeichgebiet<\/figcaption><\/figure>\n<\/div>\n\n<div class=\"wp-block-image\">\n<figure class=\"aligncenter size-large\"><a href=\"https:\/\/liebke-foto.de\/maerkischeslicht\/wp-content\/uploads\/2021\/08\/FZ24716_C1.jpg\"><img loading=\"lazy\" decoding=\"async\" width=\"1200\" height=\"800\" src=\"https:\/\/liebke-foto.de\/maerkischeslicht\/wp-content\/uploads\/2021\/08\/FZ24716_C1-1200x800.jpg\" alt=\"Die Lenzerwische, Blick vom Elberadweg, Elbedeich\" class=\"wp-image-4551\" srcset=\"https:\/\/liebke-foto.de\/maerkischeslicht\/wp-content\/uploads\/2021\/08\/FZ24716_C1-1200x800.jpg 1200w, https:\/\/liebke-foto.de\/maerkischeslicht\/wp-content\/uploads\/2021\/08\/FZ24716_C1-768x512.jpg 768w, https:\/\/liebke-foto.de\/maerkischeslicht\/wp-content\/uploads\/2021\/08\/FZ24716_C1.jpg 1300w\" sizes=\"auto, (max-width: 1200px) 100vw, 1200px\" \/><\/a><figcaption class=\"wp-element-caption\">Die Lenzerwische, Blick vom Elberadweg<\/figcaption><\/figure>\n<\/div>\n\n<div class=\"wp-block-image\">\n<figure class=\"aligncenter size-large\"><a href=\"https:\/\/liebke-foto.de\/maerkischeslicht\/wp-content\/uploads\/2021\/08\/FZ24736_C1.jpg\"><img loading=\"lazy\" decoding=\"async\" width=\"1200\" height=\"800\" src=\"https:\/\/liebke-foto.de\/maerkischeslicht\/wp-content\/uploads\/2021\/08\/FZ24736_C1-1200x800.jpg\" alt=\"Die Lenzerwische, Lichtspiel der Sonne durch uralte Eichen\" class=\"wp-image-4554\" srcset=\"https:\/\/liebke-foto.de\/maerkischeslicht\/wp-content\/uploads\/2021\/08\/FZ24736_C1-1200x800.jpg 1200w, https:\/\/liebke-foto.de\/maerkischeslicht\/wp-content\/uploads\/2021\/08\/FZ24736_C1-768x512.jpg 768w, https:\/\/liebke-foto.de\/maerkischeslicht\/wp-content\/uploads\/2021\/08\/FZ24736_C1.jpg 1300w\" sizes=\"auto, (max-width: 1200px) 100vw, 1200px\" \/><\/a><figcaption class=\"wp-element-caption\">Uralte Eichen <\/figcaption><\/figure>\n<\/div>\n\n<div class=\"wp-block-image\">\n<figure class=\"aligncenter size-large\"><a href=\"https:\/\/liebke-foto.de\/maerkischeslicht\/wp-content\/uploads\/2021\/08\/FZ24725_C1.jpg\"><img loading=\"lazy\" decoding=\"async\" width=\"1200\" height=\"800\" src=\"https:\/\/liebke-foto.de\/maerkischeslicht\/wp-content\/uploads\/2021\/08\/FZ24725_C1-1200x800.jpg\" alt=\"Die Lenzerwische, am Elbedeich\" class=\"wp-image-4552\" srcset=\"https:\/\/liebke-foto.de\/maerkischeslicht\/wp-content\/uploads\/2021\/08\/FZ24725_C1-1200x800.jpg 1200w, https:\/\/liebke-foto.de\/maerkischeslicht\/wp-content\/uploads\/2021\/08\/FZ24725_C1-768x512.jpg 768w, https:\/\/liebke-foto.de\/maerkischeslicht\/wp-content\/uploads\/2021\/08\/FZ24725_C1.jpg 1300w\" sizes=\"auto, (max-width: 1200px) 100vw, 1200px\" \/><\/a><figcaption class=\"wp-element-caption\">Die Lenzerwische<\/figcaption><\/figure>\n<\/div>\n\n<div class=\"wp-block-image\">\n<figure class=\"aligncenter size-large\"><a href=\"https:\/\/liebke-foto.de\/maerkischeslicht\/wp-content\/uploads\/2021\/08\/FZ24757_C1.jpg\"><img loading=\"lazy\" decoding=\"async\" width=\"1200\" height=\"800\" src=\"https:\/\/liebke-foto.de\/maerkischeslicht\/wp-content\/uploads\/2021\/08\/FZ24757_C1-1200x800.jpg\" alt=\"Die Lenzerwische, Grundst\u00fcck am Elbedeich, Storchennest mit Jungst\u00f6rche\" class=\"wp-image-4557\" srcset=\"https:\/\/liebke-foto.de\/maerkischeslicht\/wp-content\/uploads\/2021\/08\/FZ24757_C1-1200x800.jpg 1200w, https:\/\/liebke-foto.de\/maerkischeslicht\/wp-content\/uploads\/2021\/08\/FZ24757_C1-768x512.jpg 768w, https:\/\/liebke-foto.de\/maerkischeslicht\/wp-content\/uploads\/2021\/08\/FZ24757_C1.jpg 1300w\" sizes=\"auto, (max-width: 1200px) 100vw, 1200px\" \/><\/a><figcaption class=\"wp-element-caption\">Grundst\u00fcck mit Storchennest hinter dem Elbedeich<\/figcaption><\/figure>\n<\/div>\n\n<div class=\"wp-block-image\">\n<figure class=\"aligncenter size-large\"><a href=\"https:\/\/liebke-foto.de\/maerkischeslicht\/wp-content\/uploads\/2021\/08\/FLZ0816_C1.jpg\"><img loading=\"lazy\" decoding=\"async\" width=\"1200\" height=\"800\" src=\"https:\/\/liebke-foto.de\/maerkischeslicht\/wp-content\/uploads\/2021\/08\/FLZ0816_C1-1200x800.jpg\" alt=\"Die Lenzerwische, Horst mit Jungst\u00f6rchen\" class=\"wp-image-4548\" srcset=\"https:\/\/liebke-foto.de\/maerkischeslicht\/wp-content\/uploads\/2021\/08\/FLZ0816_C1-1200x800.jpg 1200w, https:\/\/liebke-foto.de\/maerkischeslicht\/wp-content\/uploads\/2021\/08\/FLZ0816_C1-768x512.jpg 768w, https:\/\/liebke-foto.de\/maerkischeslicht\/wp-content\/uploads\/2021\/08\/FLZ0816_C1.jpg 1300w\" sizes=\"auto, (max-width: 1200px) 100vw, 1200px\" \/><\/a><figcaption class=\"wp-element-caption\">Die Lenzerwische, Jungst\u00f6rche im Horst<\/figcaption><\/figure>\n<\/div>\n\n<div class=\"wp-block-image\">\n<figure class=\"aligncenter size-large\"><a href=\"https:\/\/liebke-foto.de\/maerkischeslicht\/wp-content\/uploads\/2021\/08\/FLZ0828_C1.jpg\"><img loading=\"lazy\" decoding=\"async\" width=\"1200\" height=\"800\" src=\"https:\/\/liebke-foto.de\/maerkischeslicht\/wp-content\/uploads\/2021\/08\/FLZ0828_C1-1200x800.jpg\" alt=\"Die Lenzerwische, an der Elbe, Graureiher\" class=\"wp-image-4571\" srcset=\"https:\/\/liebke-foto.de\/maerkischeslicht\/wp-content\/uploads\/2021\/08\/FLZ0828_C1-1200x800.jpg 1200w, https:\/\/liebke-foto.de\/maerkischeslicht\/wp-content\/uploads\/2021\/08\/FLZ0828_C1-768x512.jpg 768w, https:\/\/liebke-foto.de\/maerkischeslicht\/wp-content\/uploads\/2021\/08\/FLZ0828_C1.jpg 1300w\" sizes=\"auto, (max-width: 1200px) 100vw, 1200px\" \/><\/a><figcaption class=\"wp-element-caption\">Reiher waren hier sehr oft zu sehen<\/figcaption><\/figure>\n<\/div>\n\n<div class=\"wp-block-image\">\n<figure class=\"aligncenter size-large\"><a href=\"https:\/\/liebke-foto.de\/maerkischeslicht\/wp-content\/uploads\/2021\/08\/FZ24804_C1.jpg\"><img loading=\"lazy\" decoding=\"async\" width=\"1200\" height=\"800\" src=\"https:\/\/liebke-foto.de\/maerkischeslicht\/wp-content\/uploads\/2021\/08\/FZ24804_C1-1200x800.jpg\" alt=\"Die Lenzerwische, an der Elbe\" class=\"wp-image-4572\" srcset=\"https:\/\/liebke-foto.de\/maerkischeslicht\/wp-content\/uploads\/2021\/08\/FZ24804_C1-1200x800.jpg 1200w, https:\/\/liebke-foto.de\/maerkischeslicht\/wp-content\/uploads\/2021\/08\/FZ24804_C1-768x512.jpg 768w, https:\/\/liebke-foto.de\/maerkischeslicht\/wp-content\/uploads\/2021\/08\/FZ24804_C1.jpg 1300w\" sizes=\"auto, (max-width: 1200px) 100vw, 1200px\" \/><\/a><figcaption class=\"wp-element-caption\">Magisches Licht \u00fcber der Elbe in der Lenzerwische<\/figcaption><\/figure>\n<\/div>\n\n<div class=\"wp-block-image\">\n<figure class=\"aligncenter size-large\"><a href=\"https:\/\/liebke-foto.de\/maerkischeslicht\/wp-content\/uploads\/2021\/08\/FZ24835_C1.jpg\"><img loading=\"lazy\" decoding=\"async\" width=\"1200\" height=\"800\" src=\"https:\/\/liebke-foto.de\/maerkischeslicht\/wp-content\/uploads\/2021\/08\/FZ24835_C1-1200x800.jpg\" alt=\"Die Lenzerwische, an der Elbe unter pr\u00e4chtigem Wolkenhimmel.\" class=\"wp-image-4576\" srcset=\"https:\/\/liebke-foto.de\/maerkischeslicht\/wp-content\/uploads\/2021\/08\/FZ24835_C1-1200x800.jpg 1200w, https:\/\/liebke-foto.de\/maerkischeslicht\/wp-content\/uploads\/2021\/08\/FZ24835_C1-768x512.jpg 768w, https:\/\/liebke-foto.de\/maerkischeslicht\/wp-content\/uploads\/2021\/08\/FZ24835_C1.jpg 1300w\" sizes=\"auto, (max-width: 1200px) 100vw, 1200px\" \/><\/a><figcaption class=\"wp-element-caption\">Die Lenzerwische, an der Elbe<\/figcaption><\/figure>\n<\/div>\n\n<div class=\"wp-block-image\">\n<figure class=\"aligncenter size-large\"><a href=\"https:\/\/liebke-foto.de\/maerkischeslicht\/wp-content\/uploads\/2021\/08\/FZ24831_C1.jpg\"><img loading=\"lazy\" decoding=\"async\" width=\"1200\" height=\"800\" src=\"https:\/\/liebke-foto.de\/maerkischeslicht\/wp-content\/uploads\/2021\/08\/FZ24831_C1-1200x800.jpg\" alt=\"Die Lenzerwische, an der Elbe, Prignitz\" class=\"wp-image-4575\" srcset=\"https:\/\/liebke-foto.de\/maerkischeslicht\/wp-content\/uploads\/2021\/08\/FZ24831_C1-1200x800.jpg 1200w, https:\/\/liebke-foto.de\/maerkischeslicht\/wp-content\/uploads\/2021\/08\/FZ24831_C1-768x512.jpg 768w, https:\/\/liebke-foto.de\/maerkischeslicht\/wp-content\/uploads\/2021\/08\/FZ24831_C1.jpg 1300w\" sizes=\"auto, (max-width: 1200px) 100vw, 1200px\" \/><\/a><figcaption class=\"wp-element-caption\">Ruhig flie\u00dft der Elbestrom durch die Lenzerwische<\/figcaption><\/figure>\n<\/div>\n\n<div class=\"wp-block-image\">\n<figure class=\"aligncenter size-large\"><a href=\"https:\/\/liebke-foto.de\/maerkischeslicht\/wp-content\/uploads\/2021\/08\/FZ24799_C1.jpg\"><img loading=\"lazy\" decoding=\"async\" width=\"1200\" height=\"800\" src=\"https:\/\/liebke-foto.de\/maerkischeslicht\/wp-content\/uploads\/2021\/08\/FZ24799_C1-1200x800.jpg\" alt=\"Die Lenzerwische, an der Elbe, Patricia Koelle filmt f\u00fcr ihr neues Buch Erinnerungen\" class=\"wp-image-4520\" srcset=\"https:\/\/liebke-foto.de\/maerkischeslicht\/wp-content\/uploads\/2021\/08\/FZ24799_C1-1200x800.jpg 1200w, https:\/\/liebke-foto.de\/maerkischeslicht\/wp-content\/uploads\/2021\/08\/FZ24799_C1-768x512.jpg 768w, https:\/\/liebke-foto.de\/maerkischeslicht\/wp-content\/uploads\/2021\/08\/FZ24799_C1.jpg 1300w\" sizes=\"auto, (max-width: 1200px) 100vw, 1200px\" \/><\/a><figcaption class=\"wp-element-caption\">Lucy sammelt Filmmaterial f\u00fcr ihren aktuellen Buchtrailer<\/figcaption><\/figure>\n<\/div>\n\n<div class=\"wp-block-image\">\n<figure class=\"aligncenter size-large\"><a href=\"https:\/\/liebke-foto.de\/maerkischeslicht\/wp-content\/uploads\/2021\/08\/FZ24828_C1.jpg\"><img loading=\"lazy\" decoding=\"async\" width=\"1200\" height=\"800\" src=\"https:\/\/liebke-foto.de\/maerkischeslicht\/wp-content\/uploads\/2021\/08\/FZ24828_C1-1200x800.jpg\" alt=\"Die Lenzerwische, an der Elbe mit sagenhaften Licht\" class=\"wp-image-4574\" srcset=\"https:\/\/liebke-foto.de\/maerkischeslicht\/wp-content\/uploads\/2021\/08\/FZ24828_C1-1200x800.jpg 1200w, https:\/\/liebke-foto.de\/maerkischeslicht\/wp-content\/uploads\/2021\/08\/FZ24828_C1-768x512.jpg 768w, https:\/\/liebke-foto.de\/maerkischeslicht\/wp-content\/uploads\/2021\/08\/FZ24828_C1.jpg 1300w\" sizes=\"auto, (max-width: 1200px) 100vw, 1200px\" \/><\/a><figcaption class=\"wp-element-caption\">Ruhig flie\u00dft die Elbe durch die Lenzerwische<\/figcaption><\/figure>\n<\/div>\n\n\n<p>Nun war es genug, unwahrscheinlich viel Input allein f\u00fcr einen Tag. Der Speicher war mittlerweile so voll, dass es f\u00fcr mich kaum noch m\u00f6glich war weiter Bilder einzusammeln. Und damit waren nicht die Speicherkarten der Kameras gemeint, da war noch mehr als genug Platz \ud83d\ude09 . Wir waren geschafft und \u00fcbergl\u00fccklich. Lucy hatte auch gutes Material f\u00fcr ihren Trailer sammeln k\u00f6nnen. <\/p>\n\n\n\n<p>Das Erlebte kann man eh kaum ausdr\u00fccken, ist ja schon schwer es einfach nur zu fassen. Zur\u00fcck aber zum Landhaus konnten wir uns noch nicht von den Lichtspielen trennen, die der Abend \u00fcber die Lenzerwische zauberte. Immer wieder war es mir unm\u00f6glich, die Kameras wegzupacken. Und so lasse ich den ersten Blog unserer Fahrt einfach noch mit ein paar bildhaften Eindr\u00fccken ausklingen. Ich hoffe, Ihr habt auch Freude dran wie wir \ud83d\ude00<\/p>\n\n\n<div class=\"wp-block-image\">\n<figure class=\"aligncenter size-large\"><a href=\"https:\/\/liebke-foto.de\/maerkischeslicht\/wp-content\/uploads\/2021\/08\/FZ24855_C1.jpg\"><img loading=\"lazy\" decoding=\"async\" width=\"1200\" height=\"800\" src=\"https:\/\/liebke-foto.de\/maerkischeslicht\/wp-content\/uploads\/2021\/08\/FZ24855_C1-1200x800.jpg\" alt=\"Die Lenzerwische, hinterm Elbdeich, am Abend\" class=\"wp-image-4566\" srcset=\"https:\/\/liebke-foto.de\/maerkischeslicht\/wp-content\/uploads\/2021\/08\/FZ24855_C1-1200x800.jpg 1200w, https:\/\/liebke-foto.de\/maerkischeslicht\/wp-content\/uploads\/2021\/08\/FZ24855_C1-768x512.jpg 768w, https:\/\/liebke-foto.de\/maerkischeslicht\/wp-content\/uploads\/2021\/08\/FZ24855_C1.jpg 1300w\" sizes=\"auto, (max-width: 1200px) 100vw, 1200px\" \/><\/a><\/figure>\n<\/div>\n\n\n<p><\/p>\n\n\n\n<p><\/p>\n\n\n<div class=\"wp-block-image\">\n<figure class=\"aligncenter size-large\"><a href=\"https:\/\/liebke-foto.de\/maerkischeslicht\/wp-content\/uploads\/2021\/08\/FZ24866_C1.jpg\"><img loading=\"lazy\" decoding=\"async\" width=\"1200\" height=\"800\" src=\"https:\/\/liebke-foto.de\/maerkischeslicht\/wp-content\/uploads\/2021\/08\/FZ24866_C1-1200x800.jpg\" alt=\"Die Lenzerwische, hinterm Elbdeich, am Abend, Prignitz\" class=\"wp-image-4569\" srcset=\"https:\/\/liebke-foto.de\/maerkischeslicht\/wp-content\/uploads\/2021\/08\/FZ24866_C1-1200x800.jpg 1200w, https:\/\/liebke-foto.de\/maerkischeslicht\/wp-content\/uploads\/2021\/08\/FZ24866_C1-768x512.jpg 768w, https:\/\/liebke-foto.de\/maerkischeslicht\/wp-content\/uploads\/2021\/08\/FZ24866_C1.jpg 1300w\" sizes=\"auto, (max-width: 1200px) 100vw, 1200px\" \/><\/a><figcaption class=\"wp-element-caption\">Die Lenzerwische, hinterm Elbdeich, am Abend<\/figcaption><\/figure>\n<\/div>\n\n<div class=\"wp-block-image\">\n<figure class=\"aligncenter size-large\"><a href=\"https:\/\/liebke-foto.de\/maerkischeslicht\/wp-content\/uploads\/2021\/08\/FZ24852_C1.jpg\"><img loading=\"lazy\" decoding=\"async\" width=\"1200\" height=\"800\" src=\"https:\/\/liebke-foto.de\/maerkischeslicht\/wp-content\/uploads\/2021\/08\/FZ24852_C1-1200x800.jpg\" alt=\"Die Lenzerwische, hinterm Elbdeich, am Abend, Storch vor hundertj\u00e4hrige Eichen\" class=\"wp-image-4565\" srcset=\"https:\/\/liebke-foto.de\/maerkischeslicht\/wp-content\/uploads\/2021\/08\/FZ24852_C1-1200x800.jpg 1200w, https:\/\/liebke-foto.de\/maerkischeslicht\/wp-content\/uploads\/2021\/08\/FZ24852_C1-768x512.jpg 768w, https:\/\/liebke-foto.de\/maerkischeslicht\/wp-content\/uploads\/2021\/08\/FZ24852_C1.jpg 1300w\" sizes=\"auto, (max-width: 1200px) 100vw, 1200px\" \/><\/a><\/figure>\n<\/div>\n\n\n<p><\/p>\n\n\n\n<p><\/p>\n\n\n<div class=\"wp-block-image\">\n<figure class=\"aligncenter size-large\"><a href=\"https:\/\/liebke-foto.de\/maerkischeslicht\/wp-content\/uploads\/2021\/08\/FZ24857_C1.jpg\"><img loading=\"lazy\" decoding=\"async\" width=\"1200\" height=\"800\" src=\"https:\/\/liebke-foto.de\/maerkischeslicht\/wp-content\/uploads\/2021\/08\/FZ24857_C1-1200x800.jpg\" alt=\"Die Lenzerwische, Elbdeich, am Abend, alte Eichen\" class=\"wp-image-4567\" srcset=\"https:\/\/liebke-foto.de\/maerkischeslicht\/wp-content\/uploads\/2021\/08\/FZ24857_C1-1200x800.jpg 1200w, https:\/\/liebke-foto.de\/maerkischeslicht\/wp-content\/uploads\/2021\/08\/FZ24857_C1-768x512.jpg 768w, https:\/\/liebke-foto.de\/maerkischeslicht\/wp-content\/uploads\/2021\/08\/FZ24857_C1.jpg 1300w\" sizes=\"auto, (max-width: 1200px) 100vw, 1200px\" \/><\/a><figcaption class=\"wp-element-caption\">Hinterm Elbdeich, am Abend<\/figcaption><\/figure>\n<\/div>\n\n<div class=\"wp-block-image\">\n<figure class=\"aligncenter size-large\"><a href=\"https:\/\/liebke-foto.de\/maerkischeslicht\/wp-content\/uploads\/2021\/08\/FZ24867_C1.jpg\"><img loading=\"lazy\" decoding=\"async\" width=\"1200\" height=\"800\" src=\"https:\/\/liebke-foto.de\/maerkischeslicht\/wp-content\/uploads\/2021\/08\/FZ24867_C1-1200x800.jpg\" alt=\"Die Lenzerwische, hinterm Elbdeich, am Abend, sehr alte Eichen und ihre Geschichten\" class=\"wp-image-4570\" srcset=\"https:\/\/liebke-foto.de\/maerkischeslicht\/wp-content\/uploads\/2021\/08\/FZ24867_C1-1200x800.jpg 1200w, https:\/\/liebke-foto.de\/maerkischeslicht\/wp-content\/uploads\/2021\/08\/FZ24867_C1-768x512.jpg 768w, https:\/\/liebke-foto.de\/maerkischeslicht\/wp-content\/uploads\/2021\/08\/FZ24867_C1.jpg 1300w\" sizes=\"auto, (max-width: 1200px) 100vw, 1200px\" \/><\/a><figcaption class=\"wp-element-caption\">Die Lenzerwische, hinterm Elbdeich, am Abend<\/figcaption><\/figure>\n<\/div>\n\n\n<div style=\"padding:20px\" class=\"wp-block-tnp-minimal\"><p>Anmelden f\u00fcr den Newsletter!<\/p><div><div class=\"tnp tnp-subscription \">\n<form method=\"post\" action=\"https:\/\/liebke-foto.de\/maerkischeslicht\/wp-admin\/admin-ajax.php?action=tnp&amp;na=s\">\n<input type=\"hidden\" name=\"nlang\" value=\"\">\n<div class=\"tnp-field tnp-field-firstname\"><label for=\"tnp-1\">Vorname oder ganzer Name<\/label>\n<input class=\"tnp-name\" type=\"text\" name=\"nn\" id=\"tnp-1\" value=\"\" placeholder=\"\"><\/div>\n<div class=\"tnp-field tnp-field-email\"><label for=\"tnp-2\">Email<\/label>\n<input class=\"tnp-email\" type=\"email\" name=\"ne\" id=\"tnp-2\" value=\"\" placeholder=\"\" required><\/div>\n<div class=\"tnp-field tnp-privacy-field\"><label><input type=\"checkbox\" name=\"ny\" required class=\"tnp-privacy\"> Indem Du fortf\u00e4hrst, akzeptierst Du unsere Datenschutzerkl\u00e4rung.<\/label><\/div><div class=\"tnp-field tnp-field-button\" style=\"text-align: left\"><input class=\"tnp-submit\" type=\"submit\" value=\"Abonnieren\" style=\"\">\n<\/div>\n<\/form>\n<\/div>\n<\/div><\/div>\n\n\n\n\n","protected":false},"excerpt":{"rendered":"<p>Mit einem Besuch von Wittenberge und Putlitz in der Prignitz Wir planten unseren ersten gemeinsamen Kurzurlaub (4Tage) in die Lenzerwische am Elbdeich im&#8230;<\/p>\n","protected":false},"author":1,"featured_media":4563,"comment_status":"open","ping_status":"open","sticky":false,"template":"","format":"image","meta":{"footnotes":""},"categories":[11,66,10,12],"tags":[67,28,84,327],"class_list":["post-4517","post","type-post","status-publish","format-image","has-post-thumbnail","hentry","category-im-land-brandenburg-unterwegs","category-landpartie","category-landschaft-mark-brandenburg-oberhavel-barnim","category-wildes-brandenburg","tag-mark-brandenburg","tag-maerkisches-licht","tag-prignitz","tag-putlitz","post_format-post-format-image"],"yoast_head":"<!-- This site is optimized with the Yoast SEO plugin v27.4 - https:\/\/yoast.com\/product\/yoast-seo-wordpress\/ -->\n<title>In die Lenzerwische - M\u00e4rkisches Licht - Der Fotograf der Stille<\/title>\n<meta name=\"description\" content=\"Unsere Fahrt in die Lenzerwische, mit Putlitz und Wittenberge. An die Elbe, die Stepenitz, die L\u00f6cknitz und G\u00e4nseburg Putlitz\" \/>\n<meta name=\"robots\" content=\"index, follow, max-snippet:-1, max-image-preview:large, max-video-preview:-1\" \/>\n<link rel=\"canonical\" href=\"https:\/\/liebke-foto.de\/maerkischeslicht\/die-lenzerwische-mit-putlitz-und-wittenberge\/\" \/>\n<meta property=\"og:locale\" content=\"de_DE\" \/>\n<meta property=\"og:type\" content=\"article\" \/>\n<meta property=\"og:title\" content=\"In die Lenzerwische - M\u00e4rkisches Licht - Der Fotograf der Stille\" \/>\n<meta property=\"og:description\" content=\"Unsere Fahrt in die Lenzerwische, mit Putlitz und Wittenberge. An die Elbe, die Stepenitz, die L\u00f6cknitz und G\u00e4nseburg Putlitz\" \/>\n<meta property=\"og:url\" content=\"https:\/\/liebke-foto.de\/maerkischeslicht\/die-lenzerwische-mit-putlitz-und-wittenberge\/\" \/>\n<meta property=\"og:site_name\" content=\"M\u00e4rkisches Licht - Der Fotograf der Stille\" \/>\n<meta property=\"article:published_time\" content=\"2021-08-14T13:12:26+00:00\" \/>\n<meta property=\"article:modified_time\" content=\"2026-03-16T20:37:50+00:00\" \/>\n<meta property=\"og:image\" content=\"https:\/\/liebke-foto.de\/maerkischeslicht\/wp-content\/uploads\/2021\/08\/FZ24791_C1.jpg\" \/>\n\t<meta property=\"og:image:width\" content=\"1300\" \/>\n\t<meta property=\"og:image:height\" content=\"867\" \/>\n\t<meta property=\"og:image:type\" content=\"image\/jpeg\" \/>\n<meta name=\"author\" content=\"Frank Liebke\" \/>\n<meta name=\"twitter:card\" content=\"summary_large_image\" \/>\n<meta name=\"twitter:label1\" content=\"Verfasst von\" \/>\n\t<meta name=\"twitter:data1\" content=\"Frank Liebke\" \/>\n\t<meta name=\"twitter:label2\" content=\"Gesch\u00e4tzte Lesezeit\" \/>\n\t<meta name=\"twitter:data2\" content=\"16\u00a0Minuten\" \/>\n<script type=\"application\/ld+json\" class=\"yoast-schema-graph\">{\"@context\":\"https:\\\/\\\/schema.org\",\"@graph\":[{\"@type\":\"Article\",\"@id\":\"https:\\\/\\\/liebke-foto.de\\\/maerkischeslicht\\\/die-lenzerwische-mit-putlitz-und-wittenberge\\\/#article\",\"isPartOf\":{\"@id\":\"https:\\\/\\\/liebke-foto.de\\\/maerkischeslicht\\\/die-lenzerwische-mit-putlitz-und-wittenberge\\\/\"},\"author\":{\"name\":\"Frank Liebke\",\"@id\":\"https:\\\/\\\/liebke-foto.de\\\/maerkischeslicht\\\/#\\\/schema\\\/person\\\/d71108abc09a723daeeb8526a33137ee\"},\"headline\":\"In die Lenzerwische\",\"datePublished\":\"2021-08-14T13:12:26+00:00\",\"dateModified\":\"2026-03-16T20:37:50+00:00\",\"mainEntityOfPage\":{\"@id\":\"https:\\\/\\\/liebke-foto.de\\\/maerkischeslicht\\\/die-lenzerwische-mit-putlitz-und-wittenberge\\\/\"},\"wordCount\":1639,\"commentCount\":3,\"publisher\":{\"@id\":\"https:\\\/\\\/liebke-foto.de\\\/maerkischeslicht\\\/#\\\/schema\\\/person\\\/d71108abc09a723daeeb8526a33137ee\"},\"image\":{\"@id\":\"https:\\\/\\\/liebke-foto.de\\\/maerkischeslicht\\\/die-lenzerwische-mit-putlitz-und-wittenberge\\\/#primaryimage\"},\"thumbnailUrl\":\"https:\\\/\\\/liebke-foto.de\\\/maerkischeslicht\\\/wp-content\\\/uploads\\\/2021\\\/08\\\/FZ24791_C1.jpg\",\"keywords\":[\"Mark Brandenburg\",\"M\u00e4rkisches Licht\",\"Prignitz\",\"Putlitz\"],\"articleSection\":[\"Im Land Brandenburg unterwegs\",\"LANDpartie, unterwegs in der Mark Brandenburg\",\"Landschaft\",\"Wildes Brandenburg\"],\"inLanguage\":\"de\",\"potentialAction\":[{\"@type\":\"CommentAction\",\"name\":\"Comment\",\"target\":[\"https:\\\/\\\/liebke-foto.de\\\/maerkischeslicht\\\/die-lenzerwische-mit-putlitz-und-wittenberge\\\/#respond\"]}]},{\"@type\":\"WebPage\",\"@id\":\"https:\\\/\\\/liebke-foto.de\\\/maerkischeslicht\\\/die-lenzerwische-mit-putlitz-und-wittenberge\\\/\",\"url\":\"https:\\\/\\\/liebke-foto.de\\\/maerkischeslicht\\\/die-lenzerwische-mit-putlitz-und-wittenberge\\\/\",\"name\":\"In die Lenzerwische - M\u00e4rkisches Licht - Der Fotograf der Stille\",\"isPartOf\":{\"@id\":\"https:\\\/\\\/liebke-foto.de\\\/maerkischeslicht\\\/#website\"},\"primaryImageOfPage\":{\"@id\":\"https:\\\/\\\/liebke-foto.de\\\/maerkischeslicht\\\/die-lenzerwische-mit-putlitz-und-wittenberge\\\/#primaryimage\"},\"image\":{\"@id\":\"https:\\\/\\\/liebke-foto.de\\\/maerkischeslicht\\\/die-lenzerwische-mit-putlitz-und-wittenberge\\\/#primaryimage\"},\"thumbnailUrl\":\"https:\\\/\\\/liebke-foto.de\\\/maerkischeslicht\\\/wp-content\\\/uploads\\\/2021\\\/08\\\/FZ24791_C1.jpg\",\"datePublished\":\"2021-08-14T13:12:26+00:00\",\"dateModified\":\"2026-03-16T20:37:50+00:00\",\"description\":\"Unsere Fahrt in die Lenzerwische, mit Putlitz und Wittenberge. An die Elbe, die Stepenitz, die L\u00f6cknitz und G\u00e4nseburg Putlitz\",\"breadcrumb\":{\"@id\":\"https:\\\/\\\/liebke-foto.de\\\/maerkischeslicht\\\/die-lenzerwische-mit-putlitz-und-wittenberge\\\/#breadcrumb\"},\"inLanguage\":\"de\",\"potentialAction\":[{\"@type\":\"ReadAction\",\"target\":[\"https:\\\/\\\/liebke-foto.de\\\/maerkischeslicht\\\/die-lenzerwische-mit-putlitz-und-wittenberge\\\/\"]}]},{\"@type\":\"ImageObject\",\"inLanguage\":\"de\",\"@id\":\"https:\\\/\\\/liebke-foto.de\\\/maerkischeslicht\\\/die-lenzerwische-mit-putlitz-und-wittenberge\\\/#primaryimage\",\"url\":\"https:\\\/\\\/liebke-foto.de\\\/maerkischeslicht\\\/wp-content\\\/uploads\\\/2021\\\/08\\\/FZ24791_C1.jpg\",\"contentUrl\":\"https:\\\/\\\/liebke-foto.de\\\/maerkischeslicht\\\/wp-content\\\/uploads\\\/2021\\\/08\\\/FZ24791_C1.jpg\",\"width\":1300,\"height\":867},{\"@type\":\"BreadcrumbList\",\"@id\":\"https:\\\/\\\/liebke-foto.de\\\/maerkischeslicht\\\/die-lenzerwische-mit-putlitz-und-wittenberge\\\/#breadcrumb\",\"itemListElement\":[{\"@type\":\"ListItem\",\"position\":1,\"name\":\"Startseite\",\"item\":\"https:\\\/\\\/liebke-foto.de\\\/maerkischeslicht\\\/\"},{\"@type\":\"ListItem\",\"position\":2,\"name\":\"In die Lenzerwische\"}]},{\"@type\":\"WebSite\",\"@id\":\"https:\\\/\\\/liebke-foto.de\\\/maerkischeslicht\\\/#website\",\"url\":\"https:\\\/\\\/liebke-foto.de\\\/maerkischeslicht\\\/\",\"name\":\"M\u00e4rkisches Licht - Der Fotograf der Stille\",\"description\":\"Die Liebe zum Leben...\",\"publisher\":{\"@id\":\"https:\\\/\\\/liebke-foto.de\\\/maerkischeslicht\\\/#\\\/schema\\\/person\\\/d71108abc09a723daeeb8526a33137ee\"},\"potentialAction\":[{\"@type\":\"SearchAction\",\"target\":{\"@type\":\"EntryPoint\",\"urlTemplate\":\"https:\\\/\\\/liebke-foto.de\\\/maerkischeslicht\\\/?s={search_term_string}\"},\"query-input\":{\"@type\":\"PropertyValueSpecification\",\"valueRequired\":true,\"valueName\":\"search_term_string\"}}],\"inLanguage\":\"de\"},{\"@type\":[\"Person\",\"Organization\"],\"@id\":\"https:\\\/\\\/liebke-foto.de\\\/maerkischeslicht\\\/#\\\/schema\\\/person\\\/d71108abc09a723daeeb8526a33137ee\",\"name\":\"Frank Liebke\",\"image\":{\"@type\":\"ImageObject\",\"inLanguage\":\"de\",\"@id\":\"https:\\\/\\\/liebke-foto.de\\\/maerkischeslicht\\\/wp-content\\\/uploads\\\/2021\\\/12\\\/IMG-20211024-WA0001.jpg\",\"url\":\"https:\\\/\\\/liebke-foto.de\\\/maerkischeslicht\\\/wp-content\\\/uploads\\\/2021\\\/12\\\/IMG-20211024-WA0001.jpg\",\"contentUrl\":\"https:\\\/\\\/liebke-foto.de\\\/maerkischeslicht\\\/wp-content\\\/uploads\\\/2021\\\/12\\\/IMG-20211024-WA0001.jpg\",\"width\":900,\"height\":1600,\"caption\":\"Frank Liebke\"},\"logo\":{\"@id\":\"https:\\\/\\\/liebke-foto.de\\\/maerkischeslicht\\\/wp-content\\\/uploads\\\/2021\\\/12\\\/IMG-20211024-WA0001.jpg\"},\"sameAs\":[\"https:\\\/\\\/liebke-foto.de\"],\"url\":\"https:\\\/\\\/liebke-foto.de\\\/maerkischeslicht\\\/author\\\/adminuser\\\/\"}]}<\/script>\n<!-- \/ Yoast SEO plugin. -->","yoast_head_json":{"title":"In die Lenzerwische - M\u00e4rkisches Licht - Der Fotograf der Stille","description":"Unsere Fahrt in die Lenzerwische, mit Putlitz und Wittenberge. An die Elbe, die Stepenitz, die L\u00f6cknitz und G\u00e4nseburg Putlitz","robots":{"index":"index","follow":"follow","max-snippet":"max-snippet:-1","max-image-preview":"max-image-preview:large","max-video-preview":"max-video-preview:-1"},"canonical":"https:\/\/liebke-foto.de\/maerkischeslicht\/die-lenzerwische-mit-putlitz-und-wittenberge\/","og_locale":"de_DE","og_type":"article","og_title":"In die Lenzerwische - M\u00e4rkisches Licht - Der Fotograf der Stille","og_description":"Unsere Fahrt in die Lenzerwische, mit Putlitz und Wittenberge. An die Elbe, die Stepenitz, die L\u00f6cknitz und G\u00e4nseburg Putlitz","og_url":"https:\/\/liebke-foto.de\/maerkischeslicht\/die-lenzerwische-mit-putlitz-und-wittenberge\/","og_site_name":"M\u00e4rkisches Licht - Der Fotograf der Stille","article_published_time":"2021-08-14T13:12:26+00:00","article_modified_time":"2026-03-16T20:37:50+00:00","og_image":[{"width":1300,"height":867,"url":"https:\/\/liebke-foto.de\/maerkischeslicht\/wp-content\/uploads\/2021\/08\/FZ24791_C1.jpg","type":"image\/jpeg"}],"author":"Frank Liebke","twitter_card":"summary_large_image","twitter_misc":{"Verfasst von":"Frank Liebke","Gesch\u00e4tzte Lesezeit":"16\u00a0Minuten"},"schema":{"@context":"https:\/\/schema.org","@graph":[{"@type":"Article","@id":"https:\/\/liebke-foto.de\/maerkischeslicht\/die-lenzerwische-mit-putlitz-und-wittenberge\/#article","isPartOf":{"@id":"https:\/\/liebke-foto.de\/maerkischeslicht\/die-lenzerwische-mit-putlitz-und-wittenberge\/"},"author":{"name":"Frank Liebke","@id":"https:\/\/liebke-foto.de\/maerkischeslicht\/#\/schema\/person\/d71108abc09a723daeeb8526a33137ee"},"headline":"In die Lenzerwische","datePublished":"2021-08-14T13:12:26+00:00","dateModified":"2026-03-16T20:37:50+00:00","mainEntityOfPage":{"@id":"https:\/\/liebke-foto.de\/maerkischeslicht\/die-lenzerwische-mit-putlitz-und-wittenberge\/"},"wordCount":1639,"commentCount":3,"publisher":{"@id":"https:\/\/liebke-foto.de\/maerkischeslicht\/#\/schema\/person\/d71108abc09a723daeeb8526a33137ee"},"image":{"@id":"https:\/\/liebke-foto.de\/maerkischeslicht\/die-lenzerwische-mit-putlitz-und-wittenberge\/#primaryimage"},"thumbnailUrl":"https:\/\/liebke-foto.de\/maerkischeslicht\/wp-content\/uploads\/2021\/08\/FZ24791_C1.jpg","keywords":["Mark Brandenburg","M\u00e4rkisches Licht","Prignitz","Putlitz"],"articleSection":["Im Land Brandenburg unterwegs","LANDpartie, unterwegs in der Mark Brandenburg","Landschaft","Wildes Brandenburg"],"inLanguage":"de","potentialAction":[{"@type":"CommentAction","name":"Comment","target":["https:\/\/liebke-foto.de\/maerkischeslicht\/die-lenzerwische-mit-putlitz-und-wittenberge\/#respond"]}]},{"@type":"WebPage","@id":"https:\/\/liebke-foto.de\/maerkischeslicht\/die-lenzerwische-mit-putlitz-und-wittenberge\/","url":"https:\/\/liebke-foto.de\/maerkischeslicht\/die-lenzerwische-mit-putlitz-und-wittenberge\/","name":"In die Lenzerwische - M\u00e4rkisches Licht - Der Fotograf der Stille","isPartOf":{"@id":"https:\/\/liebke-foto.de\/maerkischeslicht\/#website"},"primaryImageOfPage":{"@id":"https:\/\/liebke-foto.de\/maerkischeslicht\/die-lenzerwische-mit-putlitz-und-wittenberge\/#primaryimage"},"image":{"@id":"https:\/\/liebke-foto.de\/maerkischeslicht\/die-lenzerwische-mit-putlitz-und-wittenberge\/#primaryimage"},"thumbnailUrl":"https:\/\/liebke-foto.de\/maerkischeslicht\/wp-content\/uploads\/2021\/08\/FZ24791_C1.jpg","datePublished":"2021-08-14T13:12:26+00:00","dateModified":"2026-03-16T20:37:50+00:00","description":"Unsere Fahrt in die Lenzerwische, mit Putlitz und Wittenberge. An die Elbe, die Stepenitz, die L\u00f6cknitz und G\u00e4nseburg Putlitz","breadcrumb":{"@id":"https:\/\/liebke-foto.de\/maerkischeslicht\/die-lenzerwische-mit-putlitz-und-wittenberge\/#breadcrumb"},"inLanguage":"de","potentialAction":[{"@type":"ReadAction","target":["https:\/\/liebke-foto.de\/maerkischeslicht\/die-lenzerwische-mit-putlitz-und-wittenberge\/"]}]},{"@type":"ImageObject","inLanguage":"de","@id":"https:\/\/liebke-foto.de\/maerkischeslicht\/die-lenzerwische-mit-putlitz-und-wittenberge\/#primaryimage","url":"https:\/\/liebke-foto.de\/maerkischeslicht\/wp-content\/uploads\/2021\/08\/FZ24791_C1.jpg","contentUrl":"https:\/\/liebke-foto.de\/maerkischeslicht\/wp-content\/uploads\/2021\/08\/FZ24791_C1.jpg","width":1300,"height":867},{"@type":"BreadcrumbList","@id":"https:\/\/liebke-foto.de\/maerkischeslicht\/die-lenzerwische-mit-putlitz-und-wittenberge\/#breadcrumb","itemListElement":[{"@type":"ListItem","position":1,"name":"Startseite","item":"https:\/\/liebke-foto.de\/maerkischeslicht\/"},{"@type":"ListItem","position":2,"name":"In die Lenzerwische"}]},{"@type":"WebSite","@id":"https:\/\/liebke-foto.de\/maerkischeslicht\/#website","url":"https:\/\/liebke-foto.de\/maerkischeslicht\/","name":"M\u00e4rkisches Licht - Der Fotograf der Stille","description":"Die Liebe zum Leben...","publisher":{"@id":"https:\/\/liebke-foto.de\/maerkischeslicht\/#\/schema\/person\/d71108abc09a723daeeb8526a33137ee"},"potentialAction":[{"@type":"SearchAction","target":{"@type":"EntryPoint","urlTemplate":"https:\/\/liebke-foto.de\/maerkischeslicht\/?s={search_term_string}"},"query-input":{"@type":"PropertyValueSpecification","valueRequired":true,"valueName":"search_term_string"}}],"inLanguage":"de"},{"@type":["Person","Organization"],"@id":"https:\/\/liebke-foto.de\/maerkischeslicht\/#\/schema\/person\/d71108abc09a723daeeb8526a33137ee","name":"Frank Liebke","image":{"@type":"ImageObject","inLanguage":"de","@id":"https:\/\/liebke-foto.de\/maerkischeslicht\/wp-content\/uploads\/2021\/12\/IMG-20211024-WA0001.jpg","url":"https:\/\/liebke-foto.de\/maerkischeslicht\/wp-content\/uploads\/2021\/12\/IMG-20211024-WA0001.jpg","contentUrl":"https:\/\/liebke-foto.de\/maerkischeslicht\/wp-content\/uploads\/2021\/12\/IMG-20211024-WA0001.jpg","width":900,"height":1600,"caption":"Frank Liebke"},"logo":{"@id":"https:\/\/liebke-foto.de\/maerkischeslicht\/wp-content\/uploads\/2021\/12\/IMG-20211024-WA0001.jpg"},"sameAs":["https:\/\/liebke-foto.de"],"url":"https:\/\/liebke-foto.de\/maerkischeslicht\/author\/adminuser\/"}]}},"_links":{"self":[{"href":"https:\/\/liebke-foto.de\/maerkischeslicht\/wp-json\/wp\/v2\/posts\/4517","targetHints":{"allow":["GET"]}}],"collection":[{"href":"https:\/\/liebke-foto.de\/maerkischeslicht\/wp-json\/wp\/v2\/posts"}],"about":[{"href":"https:\/\/liebke-foto.de\/maerkischeslicht\/wp-json\/wp\/v2\/types\/post"}],"author":[{"embeddable":true,"href":"https:\/\/liebke-foto.de\/maerkischeslicht\/wp-json\/wp\/v2\/users\/1"}],"replies":[{"embeddable":true,"href":"https:\/\/liebke-foto.de\/maerkischeslicht\/wp-json\/wp\/v2\/comments?post=4517"}],"version-history":[{"count":47,"href":"https:\/\/liebke-foto.de\/maerkischeslicht\/wp-json\/wp\/v2\/posts\/4517\/revisions"}],"predecessor-version":[{"id":9678,"href":"https:\/\/liebke-foto.de\/maerkischeslicht\/wp-json\/wp\/v2\/posts\/4517\/revisions\/9678"}],"wp:featuredmedia":[{"embeddable":true,"href":"https:\/\/liebke-foto.de\/maerkischeslicht\/wp-json\/wp\/v2\/media\/4563"}],"wp:attachment":[{"href":"https:\/\/liebke-foto.de\/maerkischeslicht\/wp-json\/wp\/v2\/media?parent=4517"}],"wp:term":[{"taxonomy":"category","embeddable":true,"href":"https:\/\/liebke-foto.de\/maerkischeslicht\/wp-json\/wp\/v2\/categories?post=4517"},{"taxonomy":"post_tag","embeddable":true,"href":"https:\/\/liebke-foto.de\/maerkischeslicht\/wp-json\/wp\/v2\/tags?post=4517"}],"curies":[{"name":"wp","href":"https:\/\/api.w.org\/{rel}","templated":true}]}}