{"id":4353,"date":"2021-06-29T08:32:41","date_gmt":"2021-06-29T06:32:41","guid":{"rendered":"https:\/\/liebke-foto.de\/maerkischeslicht\/?p=4353"},"modified":"2023-11-06T22:55:11","modified_gmt":"2023-11-06T20:55:11","slug":"landpartie-zum-stechlin","status":"publish","type":"post","link":"https:\/\/liebke-foto.de\/maerkischeslicht\/landpartie-zum-stechlin\/","title":{"rendered":"LANDpartie zum Stechlin"},"content":{"rendered":"<div class=\"wp-block-image\">\n<figure class=\"aligncenter size-large\"><a href=\"https:\/\/liebke-foto.de\/maerkischeslicht\/wp-content\/uploads\/2021\/06\/FZ22695_C1.jpg\"><img loading=\"lazy\" decoding=\"async\" width=\"1200\" height=\"800\" src=\"https:\/\/liebke-foto.de\/maerkischeslicht\/wp-content\/uploads\/2021\/06\/FZ22695_C1-1200x800.jpg\" alt=\"\" class=\"wp-image-4378\" srcset=\"https:\/\/liebke-foto.de\/maerkischeslicht\/wp-content\/uploads\/2021\/06\/FZ22695_C1-1200x800.jpg 1200w, https:\/\/liebke-foto.de\/maerkischeslicht\/wp-content\/uploads\/2021\/06\/FZ22695_C1-768x512.jpg 768w, https:\/\/liebke-foto.de\/maerkischeslicht\/wp-content\/uploads\/2021\/06\/FZ22695_C1.jpg 1300w\" sizes=\"auto, (max-width: 1200px) 100vw, 1200px\" \/><\/a><figcaption class=\"wp-element-caption\">Sommer am Stechlinsee bei Neuglobsow. Stille, Weite und sch\u00f6nstes Licht<\/figcaption><\/figure>\n<\/div>\n\n\n<p>Der Stechlin, sagenumwoben und riesig gro\u00df. Tiefster und kristallklarer Binnensee, umgeben vom lauschigen, uralten Laubwald. Verhei\u00dfungen genug f\u00fcr einen Sommerbesuch um stundenlang nat\u00fcrliche Sch\u00f6nheit, frische Luft und absolute Stille zu genie\u00dfen und damit die Seele mit neuer Energie und Gelassenheit zu betanken. Und als &#8222;Obendrauf&#8220; geben die Wanderungen neue Ideen f\u00fcr Lucy, und mir, immer und bei jedem Wetter, neue Motive unserer sch\u00f6nen brandenburger Landschaft. <\/p>\n\n\n\n<p>Stichpunkt Wetter: Wir sind in diesem Jahr mitunter an Tagen gestartet, die erstens vom Wetterbericht allgemein als &#8222;schlechtes Wetter&#8220; eingestuft werden k\u00f6nnen und von vielen auch werden. Wir haben aber nun mal die Einstellung, dass Wetter eigentlich nie schlecht ist. Man kann sich entsprechend kleiden und wir erlebten so die erstaunlichsten Landschaften im sch\u00f6nsten Licht, fernab vom langweiligen blauen &#8222;Urlaubshimmel&#8220; und knallig harter Beleuchtung. Und so konnte ich Euch unser Land in den herrlichsten Momenten pr\u00e4sentieren. Und so war es auch vor knapp zwei Wochen als wir wieder morgens recht zeitig ins Land fuhren. Der Himmel in silberner Farbe mit Strukturen interessanter Wolkenformen, immer in Ver\u00e4nderung. <\/p>\n\n\n\n<p>Und weiches, trotzdem helles, Licht. m\u00e4rchenhaft und verhei\u00dfungsvoll. Und das Sch\u00f6ne daran, was viele nicht so wahrnehmen wenn sie ihre Erinnerungen mit Handy oder Kamera sammeln: Gerade das weiche Licht der durch eine Wolkendecke ged\u00e4mpften Sonne l\u00e4sst den Wald erst richtig leuchten und formen. Schaut Euch das ruhig mal bedacht an, wenn Ihr drau\u00dfen unterwegs seit. Wenn ein hartes Sonnenlicht in den Wald brennt gibt es so harte Kontraste, die kein Kamerachip der Welt befriedigend aufzeichnen kann. Und deshalb sind die Bilder davon sehr oft vom Erlebten weit entfernt und entt\u00e4uschen. Nun, wir hatten Ideallicht f\u00fcr Wald und ich eine relativ ruhige Hand, um ein paar sch\u00f6ne Eindr\u00fccke mitzubringen. <\/p>\n\n\n\n<p><br \/>Nun denn, gestartet von meiner Basis Oranienburg ist der beste Weg die B96 bis Gransee zu nehmen. F\u00fcr mich eigentlich eine der sch\u00f6nsten Stra\u00dfen, von uralten B\u00e4umen ges\u00e4umt. Nur f\u00fcr viele nicht schnell genug, die vorgeschriebenen 80km\/h werden oft ignoriert und man beobachtet dann die krassesten \u00dcberholman\u00f6ver. Die leider zu oft f\u00fcr Unf\u00e4lle sorgen, an denen dann auch immer wieder die Unschuldigen den Unsinn der Unbelehrbaren Egoisten ausbaden m\u00fcssen. \ud83d\ude41  <br \/>Ab Gransee wird die Fahrt, wenn man die Strecke \u00fcber Menz w\u00e4hlt wie wir, beschaulicher. Ich liebe diese Nebenstrecken \u00fcbers Land und gleich hinter Gransee wurden wir mit einem leuchtenden Mohnfeld begl\u00fcckt. Leider war nun gerade daf\u00fcr das Licht nicht so zu gebrauchen. Und so hofften wir auf die Zeit der R\u00fcckfahrt. Und das wurde dann zu einem Erlebnis, dass ich Euch in einem weiteren Blog zeigen werde.<\/p>\n\n\n\n<p><br \/>In Neuglobsow schlie\u00dflich angekommen, stellten wir das Fahrzeug auf einen der Parkpl\u00e4tze ab und per Pedes ging es dann zum See. Wenn man die letzten Meter bis dahin gekommen ist, zeigt er sich schon in der Ferne zwischen gro\u00dfen Buchen und der pl\u00f6tzliche Anblick suggeriert Ostseefeeling. Aber nur kurz, denn die Landschaft ist hier doch wieder so ganz anders. Durch die fehlende hei\u00dfe Sonne an dem Tag war auch der Besucher- und Badebetrieb am See sehr \u00fcberschaubar. F\u00fcr uns Naturliebhaber aber ein Geschenk. Wir w\u00e4hlten den Wanderweg nach rechts, an der Fischerei Stechlinsee vorbei. Und dann genossen wir die Ruhe, die eigentlich eine ganz gro\u00dfe Stille war. <\/p>\n\n\n\n<p>Nur der Wind s\u00e4uselte durch die Baumwipfel, das Wasser machte sich mit leichtem Pl\u00e4tschern an Ufern\u00e4he bemerkbar. Beim Blick nach oben in die Bl\u00e4tterd\u00e4cher der hunderte Jahre alten Baumriesen \u00fcberkam uns ein Gef\u00fchl der Andacht. Ja, wenn es einen Gott gibt, wovon wir \u00fcberzeugt sind, dann ist es auf jeden Fall nicht dieser von Menschen &#8222;gemachte&#8220;. Das wirklich g\u00f6ttliche sehen wir in allen Formen der Natur, und wie kann die sch\u00f6nste Kirche mithalten mit dem Erleben der &#8222;Kathedralen&#8220; die uns der Wald zu betreten auffordert. Und dann kann die Seele heilen, ohne Schuldgef\u00fchle und &#8222;Beichte&#8220;. Es ist gut, dass das Jeder auf seine Weise bestimmen kann, wir haben unseren Weg in den Wundern der Natur gefunden. <\/p>\n\n\n\n<p><br \/>Wenn man will und daf\u00fcr die Kondition besitzt, kann man den See umrunden, Wanderwege gibt es ja hier genug. Das aber ist f\u00fcr mich zu heftig und Pausen bestimmten unseren Weg. Sch\u00f6n dass Lucy immer f\u00fcr einen Imbiss alles im Rucksack dabei hat. Und so nutzten wir eine der vielen M\u00f6glichkeiten zu einer l\u00e4ngeren Rast. <br \/>Nach einer bestimmten Zeit war es dann f\u00fcr mich genug und der R\u00fcckweg war ja auch zu ber\u00fccksichtigen. Ein wieder wunderbarer Tag ging viel zu schnell zu Ende, die ersten H\u00e4user sagten uns dann, ganz sachte, wir sind zur\u00fcck in der Zivilisation \ud83d\ude09 . Und frische Luft macht heftigen Appetit. So schlossen wir unseren Stechlin-Besuch mit der Einkehr ins h\u00fcbsche Luisenhof Restaurant und Hotel. Von einer freundlichen Bedienung wurden uns leckere Spargelgerichte empfohlen und da gab es nur ein sehns\u00fcchtiges &#8222;JA!&#8220; \ud83d\ude00 von uns. Und ja, lecker!! <\/p>\n\n\n\n<p><br \/>Man sitzt so sch\u00f6n drau\u00dfen in dem geschmackvoll ausgebauten Kleinod, wof\u00fcr &#8222;Biergarten&#8220; als Bezeichnung einfach nicht reicht. Es ist eine wundervolle &#8222;Oase&#8220; f\u00fcr alle die geschafft von der Wanderung ihre Kr\u00e4fte erneuern wollen und die, die hier mal Urlaub machen. Und auch die Seele kommt dabei nicht zu kurz. Beim leisen Pl\u00e4tschern des h\u00fcbschen Wasserfalls am Teich in der Anlage, beim fabelhaften Essen, genossen wir unser Dasein und sahen nochmal die Bilder des eben erlebten im Geist vorbeiziehen. Es war einfach herrlich, einfach und empfehlenswert.<\/p>\n\n\n\n<p>Da es aber Euch wenig n\u00fctzt, die Bilder im Geist, hab ich nat\u00fcrlich viele davon mit meinen Kameras gesammelt und zeige Euch einige davon. Und w\u00fcnsche mir nur, dass Ihr eventuell auch ein wenig Seelenbalsam davon mitnehmen k\u00f6nnt. Und dazu w\u00fcnsche ich viel Spa\u00df \ud83d\ude00<\/p>\n\n\n<div class=\"wp-block-image\">\n<figure class=\"aligncenter size-large\"><a href=\"https:\/\/liebke-foto.de\/maerkischeslicht\/wp-content\/uploads\/2021\/06\/FLZ8344_C1.jpg\"><img loading=\"lazy\" decoding=\"async\" width=\"1200\" height=\"800\" src=\"https:\/\/liebke-foto.de\/maerkischeslicht\/wp-content\/uploads\/2021\/06\/FLZ8344_C1-1200x800.jpg\" alt=\"\" class=\"wp-image-4355\" srcset=\"https:\/\/liebke-foto.de\/maerkischeslicht\/wp-content\/uploads\/2021\/06\/FLZ8344_C1-1200x800.jpg 1200w, https:\/\/liebke-foto.de\/maerkischeslicht\/wp-content\/uploads\/2021\/06\/FLZ8344_C1-768x512.jpg 768w, https:\/\/liebke-foto.de\/maerkischeslicht\/wp-content\/uploads\/2021\/06\/FLZ8344_C1.jpg 1300w\" sizes=\"auto, (max-width: 1200px) 100vw, 1200px\" \/><\/a><\/figure>\n<\/div>\n\n\n<p><\/p>\n\n\n\n<p><\/p>\n\n\n<div class=\"wp-block-image\">\n<figure class=\"aligncenter size-large\"><a href=\"https:\/\/liebke-foto.de\/maerkischeslicht\/wp-content\/uploads\/2021\/06\/FLZ8337_C1.jpg\"><img loading=\"lazy\" decoding=\"async\" width=\"1200\" height=\"800\" src=\"https:\/\/liebke-foto.de\/maerkischeslicht\/wp-content\/uploads\/2021\/06\/FLZ8337_C1-1200x800.jpg\" alt=\"\" class=\"wp-image-4354\" srcset=\"https:\/\/liebke-foto.de\/maerkischeslicht\/wp-content\/uploads\/2021\/06\/FLZ8337_C1-1200x800.jpg 1200w, https:\/\/liebke-foto.de\/maerkischeslicht\/wp-content\/uploads\/2021\/06\/FLZ8337_C1-768x512.jpg 768w, https:\/\/liebke-foto.de\/maerkischeslicht\/wp-content\/uploads\/2021\/06\/FLZ8337_C1.jpg 1300w\" sizes=\"auto, (max-width: 1200px) 100vw, 1200px\" \/><\/a><\/figure>\n<\/div>\n\n\n<p><\/p>\n\n\n\n<p><\/p>\n\n\n<div class=\"wp-block-image\">\n<figure class=\"aligncenter size-large\"><a href=\"https:\/\/liebke-foto.de\/maerkischeslicht\/wp-content\/uploads\/2021\/06\/FLZ8349_C1.jpg\"><img loading=\"lazy\" decoding=\"async\" width=\"1200\" height=\"800\" src=\"https:\/\/liebke-foto.de\/maerkischeslicht\/wp-content\/uploads\/2021\/06\/FLZ8349_C1-1200x800.jpg\" alt=\"\" class=\"wp-image-4356\" srcset=\"https:\/\/liebke-foto.de\/maerkischeslicht\/wp-content\/uploads\/2021\/06\/FLZ8349_C1-1200x800.jpg 1200w, https:\/\/liebke-foto.de\/maerkischeslicht\/wp-content\/uploads\/2021\/06\/FLZ8349_C1-768x512.jpg 768w, https:\/\/liebke-foto.de\/maerkischeslicht\/wp-content\/uploads\/2021\/06\/FLZ8349_C1.jpg 1300w\" sizes=\"auto, (max-width: 1200px) 100vw, 1200px\" \/><\/a><figcaption class=\"wp-element-caption\"><em>Die nette Frau habe ich schon \u00f6fter dort sitzen sehen \ud83d\ude09<\/em><\/figcaption><\/figure>\n<\/div>\n\n<div class=\"wp-block-image\">\n<figure class=\"aligncenter size-large\"><a href=\"https:\/\/liebke-foto.de\/maerkischeslicht\/wp-content\/uploads\/2021\/06\/FZ22701_C1.jpg\"><img loading=\"lazy\" decoding=\"async\" width=\"1200\" height=\"800\" src=\"https:\/\/liebke-foto.de\/maerkischeslicht\/wp-content\/uploads\/2021\/06\/FZ22701_C1-1200x800.jpg\" alt=\"\" class=\"wp-image-4379\" srcset=\"https:\/\/liebke-foto.de\/maerkischeslicht\/wp-content\/uploads\/2021\/06\/FZ22701_C1-1200x800.jpg 1200w, https:\/\/liebke-foto.de\/maerkischeslicht\/wp-content\/uploads\/2021\/06\/FZ22701_C1-768x512.jpg 768w, https:\/\/liebke-foto.de\/maerkischeslicht\/wp-content\/uploads\/2021\/06\/FZ22701_C1.jpg 1300w\" sizes=\"auto, (max-width: 1200px) 100vw, 1200px\" \/><\/a><\/figure>\n<\/div>\n\n\n<p><\/p>\n\n\n\n<p><\/p>\n\n\n<div class=\"wp-block-image\">\n<figure class=\"aligncenter size-large\"><a href=\"https:\/\/liebke-foto.de\/maerkischeslicht\/wp-content\/uploads\/2021\/06\/FZ22688_C1.jpg\"><img loading=\"lazy\" decoding=\"async\" width=\"1200\" height=\"800\" src=\"https:\/\/liebke-foto.de\/maerkischeslicht\/wp-content\/uploads\/2021\/06\/FZ22688_C1-1200x800.jpg\" alt=\"\" class=\"wp-image-4377\" srcset=\"https:\/\/liebke-foto.de\/maerkischeslicht\/wp-content\/uploads\/2021\/06\/FZ22688_C1-1200x800.jpg 1200w, https:\/\/liebke-foto.de\/maerkischeslicht\/wp-content\/uploads\/2021\/06\/FZ22688_C1-768x512.jpg 768w, https:\/\/liebke-foto.de\/maerkischeslicht\/wp-content\/uploads\/2021\/06\/FZ22688_C1.jpg 1300w\" sizes=\"auto, (max-width: 1200px) 100vw, 1200px\" \/><\/a><figcaption class=\"wp-element-caption\"><em>Der Stechlin, wundert es da wenn ihn Wanderer Fontane zu seinem Altersroman inspirierte?<\/em><\/figcaption><\/figure>\n<\/div>\n\n<div class=\"wp-block-image\">\n<figure class=\"aligncenter size-large\"><a href=\"https:\/\/liebke-foto.de\/maerkischeslicht\/wp-content\/uploads\/2021\/06\/FZ22607_C1.jpg\"><img loading=\"lazy\" decoding=\"async\" width=\"1200\" height=\"800\" src=\"https:\/\/liebke-foto.de\/maerkischeslicht\/wp-content\/uploads\/2021\/06\/FZ22607_C1-1200x800.jpg\" alt=\"\" class=\"wp-image-4367\" srcset=\"https:\/\/liebke-foto.de\/maerkischeslicht\/wp-content\/uploads\/2021\/06\/FZ22607_C1-1200x800.jpg 1200w, https:\/\/liebke-foto.de\/maerkischeslicht\/wp-content\/uploads\/2021\/06\/FZ22607_C1-768x512.jpg 768w, https:\/\/liebke-foto.de\/maerkischeslicht\/wp-content\/uploads\/2021\/06\/FZ22607_C1.jpg 1300w\" sizes=\"auto, (max-width: 1200px) 100vw, 1200px\" \/><\/a><\/figure>\n<\/div>\n\n\n<p><\/p>\n\n\n\n<p><\/p>\n\n\n<div class=\"wp-block-image\">\n<figure class=\"aligncenter size-large\"><a href=\"https:\/\/liebke-foto.de\/maerkischeslicht\/wp-content\/uploads\/2021\/06\/FLZ8362_C1.jpg\"><img loading=\"lazy\" decoding=\"async\" width=\"1200\" height=\"800\" src=\"https:\/\/liebke-foto.de\/maerkischeslicht\/wp-content\/uploads\/2021\/06\/FLZ8362_C1-1200x800.jpg\" alt=\"\" class=\"wp-image-4357\" srcset=\"https:\/\/liebke-foto.de\/maerkischeslicht\/wp-content\/uploads\/2021\/06\/FLZ8362_C1-1200x800.jpg 1200w, https:\/\/liebke-foto.de\/maerkischeslicht\/wp-content\/uploads\/2021\/06\/FLZ8362_C1-768x512.jpg 768w, https:\/\/liebke-foto.de\/maerkischeslicht\/wp-content\/uploads\/2021\/06\/FLZ8362_C1.jpg 1300w\" sizes=\"auto, (max-width: 1200px) 100vw, 1200px\" \/><\/a><\/figure>\n<\/div>\n\n\n<p><\/p>\n\n\n\n<p><\/p>\n\n\n<div class=\"wp-block-image\">\n<figure class=\"aligncenter size-large\"><a href=\"https:\/\/liebke-foto.de\/maerkischeslicht\/wp-content\/uploads\/2021\/06\/FLZ8429_C1.jpg\"><img loading=\"lazy\" decoding=\"async\" width=\"1200\" height=\"800\" src=\"https:\/\/liebke-foto.de\/maerkischeslicht\/wp-content\/uploads\/2021\/06\/FLZ8429_C1-1200x800.jpg\" alt=\"\" class=\"wp-image-4358\" srcset=\"https:\/\/liebke-foto.de\/maerkischeslicht\/wp-content\/uploads\/2021\/06\/FLZ8429_C1-1200x800.jpg 1200w, https:\/\/liebke-foto.de\/maerkischeslicht\/wp-content\/uploads\/2021\/06\/FLZ8429_C1-768x512.jpg 768w, https:\/\/liebke-foto.de\/maerkischeslicht\/wp-content\/uploads\/2021\/06\/FLZ8429_C1.jpg 1300w\" sizes=\"auto, (max-width: 1200px) 100vw, 1200px\" \/><\/a><\/figure>\n<\/div>\n\n\n<p><\/p>\n\n\n\n<p><\/p>\n\n\n<div class=\"wp-block-image\">\n<figure class=\"aligncenter size-large\"><a href=\"https:\/\/liebke-foto.de\/maerkischeslicht\/wp-content\/uploads\/2021\/06\/FZ22514_C1.jpg\"><img loading=\"lazy\" decoding=\"async\" width=\"1200\" height=\"800\" src=\"https:\/\/liebke-foto.de\/maerkischeslicht\/wp-content\/uploads\/2021\/06\/FZ22514_C1-1200x800.jpg\" alt=\"\" class=\"wp-image-4361\" srcset=\"https:\/\/liebke-foto.de\/maerkischeslicht\/wp-content\/uploads\/2021\/06\/FZ22514_C1-1200x800.jpg 1200w, https:\/\/liebke-foto.de\/maerkischeslicht\/wp-content\/uploads\/2021\/06\/FZ22514_C1-768x512.jpg 768w, https:\/\/liebke-foto.de\/maerkischeslicht\/wp-content\/uploads\/2021\/06\/FZ22514_C1.jpg 1300w\" sizes=\"auto, (max-width: 1200px) 100vw, 1200px\" \/><\/a><\/figure>\n<\/div>\n\n\n<p><\/p>\n\n\n\n<p><\/p>\n\n\n<div class=\"wp-block-image\">\n<figure class=\"aligncenter size-large\"><a href=\"https:\/\/liebke-foto.de\/maerkischeslicht\/wp-content\/uploads\/2021\/06\/FZ22572_C1.jpg\"><img loading=\"lazy\" decoding=\"async\" width=\"1200\" height=\"800\" src=\"https:\/\/liebke-foto.de\/maerkischeslicht\/wp-content\/uploads\/2021\/06\/FZ22572_C1-1200x800.jpg\" alt=\"\" class=\"wp-image-4364\" srcset=\"https:\/\/liebke-foto.de\/maerkischeslicht\/wp-content\/uploads\/2021\/06\/FZ22572_C1-1200x800.jpg 1200w, https:\/\/liebke-foto.de\/maerkischeslicht\/wp-content\/uploads\/2021\/06\/FZ22572_C1-768x512.jpg 768w, https:\/\/liebke-foto.de\/maerkischeslicht\/wp-content\/uploads\/2021\/06\/FZ22572_C1.jpg 1300w\" sizes=\"auto, (max-width: 1200px) 100vw, 1200px\" \/><\/a><\/figure>\n<\/div>\n\n\n<p><\/p>\n\n\n\n<p><\/p>\n\n\n<div class=\"wp-block-image\">\n<figure class=\"aligncenter size-large\"><a href=\"https:\/\/liebke-foto.de\/maerkischeslicht\/wp-content\/uploads\/2021\/06\/FZ22585_C1.jpg\"><img loading=\"lazy\" decoding=\"async\" width=\"1200\" height=\"800\" src=\"https:\/\/liebke-foto.de\/maerkischeslicht\/wp-content\/uploads\/2021\/06\/FZ22585_C1-1200x800.jpg\" alt=\"\" class=\"wp-image-4384\" srcset=\"https:\/\/liebke-foto.de\/maerkischeslicht\/wp-content\/uploads\/2021\/06\/FZ22585_C1-1200x800.jpg 1200w, https:\/\/liebke-foto.de\/maerkischeslicht\/wp-content\/uploads\/2021\/06\/FZ22585_C1-768x512.jpg 768w, https:\/\/liebke-foto.de\/maerkischeslicht\/wp-content\/uploads\/2021\/06\/FZ22585_C1.jpg 1300w\" sizes=\"auto, (max-width: 1200px) 100vw, 1200px\" \/><\/a><figcaption class=\"wp-element-caption\"><em>Wir haben das Alter erreicht, wo &#8222;man wieder Kind sein darf&#8220; \ud83d\ude09 , besser ist es allemal wenn man es eigentlich nie verdr\u00e4ngt.<\/em><\/figcaption><\/figure>\n<\/div>\n\n<div class=\"wp-block-image\">\n<figure class=\"aligncenter size-large\"><a href=\"https:\/\/liebke-foto.de\/maerkischeslicht\/wp-content\/uploads\/2021\/06\/FZ22579_C1.jpg\"><img loading=\"lazy\" decoding=\"async\" width=\"1200\" height=\"800\" src=\"https:\/\/liebke-foto.de\/maerkischeslicht\/wp-content\/uploads\/2021\/06\/FZ22579_C1-1200x800.jpg\" alt=\"\" class=\"wp-image-4365\" srcset=\"https:\/\/liebke-foto.de\/maerkischeslicht\/wp-content\/uploads\/2021\/06\/FZ22579_C1-1200x800.jpg 1200w, https:\/\/liebke-foto.de\/maerkischeslicht\/wp-content\/uploads\/2021\/06\/FZ22579_C1-768x512.jpg 768w, https:\/\/liebke-foto.de\/maerkischeslicht\/wp-content\/uploads\/2021\/06\/FZ22579_C1.jpg 1300w\" sizes=\"auto, (max-width: 1200px) 100vw, 1200px\" \/><\/a><\/figure>\n<\/div>\n\n\n<p><\/p>\n\n\n\n<p><\/p>\n\n\n<div class=\"wp-block-image\">\n<figure class=\"aligncenter size-large\"><a href=\"https:\/\/liebke-foto.de\/maerkischeslicht\/wp-content\/uploads\/2021\/06\/FZ22526_C1.jpg\"><img loading=\"lazy\" decoding=\"async\" width=\"1200\" height=\"800\" src=\"https:\/\/liebke-foto.de\/maerkischeslicht\/wp-content\/uploads\/2021\/06\/FZ22526_C1-1200x800.jpg\" alt=\"\" class=\"wp-image-4362\" srcset=\"https:\/\/liebke-foto.de\/maerkischeslicht\/wp-content\/uploads\/2021\/06\/FZ22526_C1-1200x800.jpg 1200w, https:\/\/liebke-foto.de\/maerkischeslicht\/wp-content\/uploads\/2021\/06\/FZ22526_C1-768x512.jpg 768w, https:\/\/liebke-foto.de\/maerkischeslicht\/wp-content\/uploads\/2021\/06\/FZ22526_C1.jpg 1300w\" sizes=\"auto, (max-width: 1200px) 100vw, 1200px\" \/><\/a><\/figure>\n<\/div>\n\n\n<p><\/p>\n\n\n\n<p><\/p>\n\n\n<div class=\"wp-block-image\">\n<figure class=\"aligncenter size-large\"><a href=\"https:\/\/liebke-foto.de\/maerkischeslicht\/wp-content\/uploads\/2021\/06\/FZ22512_C1.jpg\"><img loading=\"lazy\" decoding=\"async\" width=\"1200\" height=\"800\" src=\"https:\/\/liebke-foto.de\/maerkischeslicht\/wp-content\/uploads\/2021\/06\/FZ22512_C1-1200x800.jpg\" alt=\"\" class=\"wp-image-4360\" srcset=\"https:\/\/liebke-foto.de\/maerkischeslicht\/wp-content\/uploads\/2021\/06\/FZ22512_C1-1200x800.jpg 1200w, https:\/\/liebke-foto.de\/maerkischeslicht\/wp-content\/uploads\/2021\/06\/FZ22512_C1-768x512.jpg 768w, https:\/\/liebke-foto.de\/maerkischeslicht\/wp-content\/uploads\/2021\/06\/FZ22512_C1.jpg 1300w\" sizes=\"auto, (max-width: 1200px) 100vw, 1200px\" \/><\/a><\/figure>\n<\/div>\n\n\n<p><\/p>\n\n\n\n<p><\/p>\n\n\n<div class=\"wp-block-image\">\n<figure class=\"aligncenter size-large\"><a href=\"https:\/\/liebke-foto.de\/maerkischeslicht\/wp-content\/uploads\/2021\/06\/FZ22533_C1.jpg\"><img loading=\"lazy\" decoding=\"async\" width=\"1200\" height=\"800\" src=\"https:\/\/liebke-foto.de\/maerkischeslicht\/wp-content\/uploads\/2021\/06\/FZ22533_C1-1200x800.jpg\" alt=\"\" class=\"wp-image-4363\" srcset=\"https:\/\/liebke-foto.de\/maerkischeslicht\/wp-content\/uploads\/2021\/06\/FZ22533_C1-1200x800.jpg 1200w, https:\/\/liebke-foto.de\/maerkischeslicht\/wp-content\/uploads\/2021\/06\/FZ22533_C1-768x512.jpg 768w, https:\/\/liebke-foto.de\/maerkischeslicht\/wp-content\/uploads\/2021\/06\/FZ22533_C1.jpg 1300w\" sizes=\"auto, (max-width: 1200px) 100vw, 1200px\" \/><\/a><\/figure>\n<\/div>\n\n\n<p><\/p>\n\n\n\n<p><\/p>\n\n\n<div class=\"wp-block-image\">\n<figure class=\"aligncenter size-large\"><a href=\"https:\/\/liebke-foto.de\/maerkischeslicht\/wp-content\/uploads\/2021\/06\/FZ22602_C1.jpg\"><img loading=\"lazy\" decoding=\"async\" width=\"1200\" height=\"800\" src=\"https:\/\/liebke-foto.de\/maerkischeslicht\/wp-content\/uploads\/2021\/06\/FZ22602_C1-1200x800.jpg\" alt=\"\" class=\"wp-image-4366\" srcset=\"https:\/\/liebke-foto.de\/maerkischeslicht\/wp-content\/uploads\/2021\/06\/FZ22602_C1-1200x800.jpg 1200w, https:\/\/liebke-foto.de\/maerkischeslicht\/wp-content\/uploads\/2021\/06\/FZ22602_C1-768x512.jpg 768w, https:\/\/liebke-foto.de\/maerkischeslicht\/wp-content\/uploads\/2021\/06\/FZ22602_C1.jpg 1300w\" sizes=\"auto, (max-width: 1200px) 100vw, 1200px\" \/><\/a><figcaption class=\"wp-element-caption\"><em>Schon die Wanderwege am Stechlin sind an sich ein Erlebnis<\/em><\/figcaption><\/figure>\n<\/div>\n\n<div class=\"wp-block-image\">\n<figure class=\"aligncenter size-large\"><a href=\"https:\/\/liebke-foto.de\/maerkischeslicht\/wp-content\/uploads\/2021\/06\/FZ22619_C1.jpg\"><img loading=\"lazy\" decoding=\"async\" width=\"1200\" height=\"800\" src=\"https:\/\/liebke-foto.de\/maerkischeslicht\/wp-content\/uploads\/2021\/06\/FZ22619_C1-1200x800.jpg\" alt=\"\" class=\"wp-image-4368\" srcset=\"https:\/\/liebke-foto.de\/maerkischeslicht\/wp-content\/uploads\/2021\/06\/FZ22619_C1-1200x800.jpg 1200w, https:\/\/liebke-foto.de\/maerkischeslicht\/wp-content\/uploads\/2021\/06\/FZ22619_C1-768x512.jpg 768w, https:\/\/liebke-foto.de\/maerkischeslicht\/wp-content\/uploads\/2021\/06\/FZ22619_C1.jpg 1300w\" sizes=\"auto, (max-width: 1200px) 100vw, 1200px\" \/><\/a><\/figure>\n<\/div>\n\n\n<p><\/p>\n\n\n\n<p><\/p>\n\n\n<div class=\"wp-block-image\">\n<figure class=\"aligncenter size-large\"><a href=\"https:\/\/liebke-foto.de\/maerkischeslicht\/wp-content\/uploads\/2021\/06\/FZ22624_C1.jpg\"><img loading=\"lazy\" decoding=\"async\" width=\"1200\" height=\"800\" src=\"https:\/\/liebke-foto.de\/maerkischeslicht\/wp-content\/uploads\/2021\/06\/FZ22624_C1-1200x800.jpg\" alt=\"\" class=\"wp-image-4369\" srcset=\"https:\/\/liebke-foto.de\/maerkischeslicht\/wp-content\/uploads\/2021\/06\/FZ22624_C1-1200x800.jpg 1200w, https:\/\/liebke-foto.de\/maerkischeslicht\/wp-content\/uploads\/2021\/06\/FZ22624_C1-768x512.jpg 768w, https:\/\/liebke-foto.de\/maerkischeslicht\/wp-content\/uploads\/2021\/06\/FZ22624_C1.jpg 1300w\" sizes=\"auto, (max-width: 1200px) 100vw, 1200px\" \/><\/a><\/figure>\n<\/div>\n\n\n<p><\/p>\n\n\n\n<p><\/p>\n\n\n<div class=\"wp-block-image\">\n<figure class=\"aligncenter size-large\"><a href=\"https:\/\/liebke-foto.de\/maerkischeslicht\/wp-content\/uploads\/2021\/06\/FZ22630_C1.jpg\"><img loading=\"lazy\" decoding=\"async\" width=\"1200\" height=\"800\" src=\"https:\/\/liebke-foto.de\/maerkischeslicht\/wp-content\/uploads\/2021\/06\/FZ22630_C1-1200x800.jpg\" alt=\"\" class=\"wp-image-4370\" srcset=\"https:\/\/liebke-foto.de\/maerkischeslicht\/wp-content\/uploads\/2021\/06\/FZ22630_C1-1200x800.jpg 1200w, https:\/\/liebke-foto.de\/maerkischeslicht\/wp-content\/uploads\/2021\/06\/FZ22630_C1-768x512.jpg 768w, https:\/\/liebke-foto.de\/maerkischeslicht\/wp-content\/uploads\/2021\/06\/FZ22630_C1.jpg 1300w\" sizes=\"auto, (max-width: 1200px) 100vw, 1200px\" \/><\/a><\/figure>\n<\/div>\n\n\n<p><\/p>\n\n\n\n<p><\/p>\n\n\n<div class=\"wp-block-image\">\n<figure class=\"aligncenter size-large\"><a href=\"https:\/\/liebke-foto.de\/maerkischeslicht\/wp-content\/uploads\/2021\/06\/FZ22648_C1.jpg\"><img loading=\"lazy\" decoding=\"async\" width=\"1200\" height=\"800\" src=\"https:\/\/liebke-foto.de\/maerkischeslicht\/wp-content\/uploads\/2021\/06\/FZ22648_C1-1200x800.jpg\" alt=\"\" class=\"wp-image-4372\" srcset=\"https:\/\/liebke-foto.de\/maerkischeslicht\/wp-content\/uploads\/2021\/06\/FZ22648_C1-1200x800.jpg 1200w, https:\/\/liebke-foto.de\/maerkischeslicht\/wp-content\/uploads\/2021\/06\/FZ22648_C1-768x512.jpg 768w, https:\/\/liebke-foto.de\/maerkischeslicht\/wp-content\/uploads\/2021\/06\/FZ22648_C1.jpg 1300w\" sizes=\"auto, (max-width: 1200px) 100vw, 1200px\" \/><\/a><\/figure>\n<\/div>\n\n\n<p><\/p>\n\n\n\n<p><\/p>\n\n\n<div class=\"wp-block-image\">\n<figure class=\"aligncenter size-large\"><a href=\"https:\/\/liebke-foto.de\/maerkischeslicht\/wp-content\/uploads\/2021\/06\/FZ22652_C1.jpg\"><img loading=\"lazy\" decoding=\"async\" width=\"1200\" height=\"800\" src=\"https:\/\/liebke-foto.de\/maerkischeslicht\/wp-content\/uploads\/2021\/06\/FZ22652_C1-1200x800.jpg\" alt=\"\" class=\"wp-image-4373\" srcset=\"https:\/\/liebke-foto.de\/maerkischeslicht\/wp-content\/uploads\/2021\/06\/FZ22652_C1-1200x800.jpg 1200w, https:\/\/liebke-foto.de\/maerkischeslicht\/wp-content\/uploads\/2021\/06\/FZ22652_C1-768x512.jpg 768w, https:\/\/liebke-foto.de\/maerkischeslicht\/wp-content\/uploads\/2021\/06\/FZ22652_C1.jpg 1300w\" sizes=\"auto, (max-width: 1200px) 100vw, 1200px\" \/><\/a><figcaption class=\"wp-element-caption\"><em>Die nat\u00fcrlichen &#8222;Kathedralen&#8220;<\/em><\/figcaption><\/figure>\n<\/div>\n\n<div class=\"wp-block-image\">\n<figure class=\"aligncenter size-large\"><a href=\"https:\/\/liebke-foto.de\/maerkischeslicht\/wp-content\/uploads\/2021\/06\/FZ22657_C1.jpg\"><img loading=\"lazy\" decoding=\"async\" width=\"1200\" height=\"800\" src=\"https:\/\/liebke-foto.de\/maerkischeslicht\/wp-content\/uploads\/2021\/06\/FZ22657_C1-1200x800.jpg\" alt=\"\" class=\"wp-image-4374\" srcset=\"https:\/\/liebke-foto.de\/maerkischeslicht\/wp-content\/uploads\/2021\/06\/FZ22657_C1-1200x800.jpg 1200w, https:\/\/liebke-foto.de\/maerkischeslicht\/wp-content\/uploads\/2021\/06\/FZ22657_C1-768x512.jpg 768w, https:\/\/liebke-foto.de\/maerkischeslicht\/wp-content\/uploads\/2021\/06\/FZ22657_C1.jpg 1300w\" sizes=\"auto, (max-width: 1200px) 100vw, 1200px\" \/><\/a><\/figure>\n<\/div>\n\n\n<p><\/p>\n\n\n\n<p><\/p>\n\n\n<div class=\"wp-block-image\">\n<figure class=\"aligncenter size-large\"><a href=\"https:\/\/liebke-foto.de\/maerkischeslicht\/wp-content\/uploads\/2021\/06\/FLZ8399_C1.jpg\"><img loading=\"lazy\" decoding=\"async\" width=\"1200\" height=\"800\" src=\"https:\/\/liebke-foto.de\/maerkischeslicht\/wp-content\/uploads\/2021\/06\/FLZ8399_C1-1200x800.jpg\" alt=\"\" class=\"wp-image-4382\" srcset=\"https:\/\/liebke-foto.de\/maerkischeslicht\/wp-content\/uploads\/2021\/06\/FLZ8399_C1-1200x800.jpg 1200w, https:\/\/liebke-foto.de\/maerkischeslicht\/wp-content\/uploads\/2021\/06\/FLZ8399_C1-768x512.jpg 768w, https:\/\/liebke-foto.de\/maerkischeslicht\/wp-content\/uploads\/2021\/06\/FLZ8399_C1.jpg 1300w\" sizes=\"auto, (max-width: 1200px) 100vw, 1200px\" \/><\/a><figcaption class=\"wp-element-caption\"><em>Lucy auf Recherche am Wasser&#8230;<\/em><\/figcaption><\/figure>\n<\/div>\n\n<div class=\"wp-block-image\">\n<figure class=\"aligncenter size-large\"><a href=\"https:\/\/liebke-foto.de\/maerkischeslicht\/wp-content\/uploads\/2021\/06\/FZ22563_C1.jpg\"><img loading=\"lazy\" decoding=\"async\" width=\"1200\" height=\"800\" src=\"https:\/\/liebke-foto.de\/maerkischeslicht\/wp-content\/uploads\/2021\/06\/FZ22563_C1-1200x800.jpg\" alt=\"\" class=\"wp-image-4383\" srcset=\"https:\/\/liebke-foto.de\/maerkischeslicht\/wp-content\/uploads\/2021\/06\/FZ22563_C1-1200x800.jpg 1200w, https:\/\/liebke-foto.de\/maerkischeslicht\/wp-content\/uploads\/2021\/06\/FZ22563_C1-768x512.jpg 768w, https:\/\/liebke-foto.de\/maerkischeslicht\/wp-content\/uploads\/2021\/06\/FZ22563_C1.jpg 1300w\" sizes=\"auto, (max-width: 1200px) 100vw, 1200px\" \/><\/a><figcaption class=\"wp-element-caption\"><em>&#8230; und im Wald.<\/em><\/figcaption><\/figure>\n<\/div>\n\n<div class=\"wp-block-image\">\n<figure class=\"aligncenter size-large\"><a href=\"https:\/\/liebke-foto.de\/maerkischeslicht\/wp-content\/uploads\/2021\/06\/FLZ8436_C1.jpg\"><img loading=\"lazy\" decoding=\"async\" width=\"1200\" height=\"800\" src=\"https:\/\/liebke-foto.de\/maerkischeslicht\/wp-content\/uploads\/2021\/06\/FLZ8436_C1-1200x800.jpg\" alt=\"\" class=\"wp-image-4359\" srcset=\"https:\/\/liebke-foto.de\/maerkischeslicht\/wp-content\/uploads\/2021\/06\/FLZ8436_C1-1200x800.jpg 1200w, https:\/\/liebke-foto.de\/maerkischeslicht\/wp-content\/uploads\/2021\/06\/FLZ8436_C1-768x512.jpg 768w, https:\/\/liebke-foto.de\/maerkischeslicht\/wp-content\/uploads\/2021\/06\/FLZ8436_C1.jpg 1300w\" sizes=\"auto, (max-width: 1200px) 100vw, 1200px\" \/><\/a><figcaption class=\"wp-element-caption\"><em>Ein letzter Blick \u00fcber den Stechlin. Die Wolken lockerten sich, ein wenig Blau kam zum Vorschein und weiche Sonnenstrahlen lie\u00dfen wie Spots landschaftliche Details aufleuchten.<\/em><\/figcaption><\/figure>\n<\/div>\n\n\n<div style=\"padding:20px\" class=\"wp-block-tnp-minimal\"><p>Subscribe to our newsletter!<\/p><div><div class=\"tnp tnp-subscription \">\n<form method=\"post\" action=\"https:\/\/liebke-foto.de\/maerkischeslicht\/wp-admin\/admin-ajax.php?action=tnp&amp;na=s\">\n<input type=\"hidden\" name=\"nlang\" value=\"\">\n<div class=\"tnp-field tnp-field-firstname\"><label for=\"tnp-1\">Vorname oder ganzer Name<\/label>\n<input class=\"tnp-name\" type=\"text\" name=\"nn\" id=\"tnp-1\" value=\"\" placeholder=\"\"><\/div>\n<div class=\"tnp-field tnp-field-email\"><label for=\"tnp-2\">Email<\/label>\n<input class=\"tnp-email\" type=\"email\" name=\"ne\" id=\"tnp-2\" value=\"\" placeholder=\"\" required><\/div>\n<div class=\"tnp-field tnp-privacy-field\"><label><input type=\"checkbox\" name=\"ny\" required class=\"tnp-privacy\"> Indem Du fortf\u00e4hrst, akzeptierst Du unsere Datenschutzerkl\u00e4rung.<\/label><\/div><div class=\"tnp-field tnp-field-button\" style=\"text-align: left\"><input class=\"tnp-submit\" type=\"submit\" value=\"Abonnieren\" style=\"\">\n<\/div>\n<\/form>\n<\/div>\n<\/div><\/div>\n\n\n\n\n","protected":false},"excerpt":{"rendered":"<p>Der Stechlin, sagenumwoben und riesig gro\u00df. Tiefster und kristallklarer Binnensee, umgeben vom lauschigen, uralten Laubwald. Verhei\u00dfungen genug f\u00fcr einen Sommerbesuch um stundenlang nat\u00fcrliche&#8230;<\/p>\n","protected":false},"author":1,"featured_media":4377,"comment_status":"open","ping_status":"open","sticky":false,"template":"","format":"image","meta":{"footnotes":""},"categories":[11,66,10,12],"tags":[],"class_list":["post-4353","post","type-post","status-publish","format-image","has-post-thumbnail","hentry","category-im-land-brandenburg-unterwegs","category-landpartie","category-landschaft-mark-brandenburg-oberhavel-barnim","category-wildes-brandenburg","post_format-post-format-image"],"yoast_head":"<!-- This site is optimized with the Yoast SEO plugin v27.4 - https:\/\/yoast.com\/product\/yoast-seo-wordpress\/ -->\n<title>LANDpartie zum Stechlin - M\u00e4rkisches Licht - Der Fotograf der Stille<\/title>\n<meta name=\"description\" content=\"Der Stechlin, sagenumwoben und riesig gro\u00df. Tiefster und kristallklarer Binnensee, umgeben vom lauschigen, uralten Laubwald.\" \/>\n<meta name=\"robots\" content=\"index, follow, max-snippet:-1, max-image-preview:large, max-video-preview:-1\" \/>\n<link rel=\"canonical\" href=\"https:\/\/liebke-foto.de\/maerkischeslicht\/landpartie-zum-stechlin\/\" \/>\n<meta property=\"og:locale\" content=\"de_DE\" \/>\n<meta property=\"og:type\" content=\"article\" \/>\n<meta property=\"og:title\" content=\"LANDpartie zum Stechlin - M\u00e4rkisches Licht - Der Fotograf der Stille\" \/>\n<meta property=\"og:description\" content=\"Der Stechlin, sagenumwoben und riesig gro\u00df. Tiefster und kristallklarer Binnensee, umgeben vom lauschigen, uralten Laubwald.\" \/>\n<meta property=\"og:url\" content=\"https:\/\/liebke-foto.de\/maerkischeslicht\/landpartie-zum-stechlin\/\" \/>\n<meta property=\"og:site_name\" content=\"M\u00e4rkisches Licht - Der Fotograf der Stille\" \/>\n<meta property=\"article:published_time\" content=\"2021-06-29T06:32:41+00:00\" \/>\n<meta property=\"article:modified_time\" content=\"2023-11-06T20:55:11+00:00\" \/>\n<meta property=\"og:image\" content=\"https:\/\/liebke-foto.de\/maerkischeslicht\/wp-content\/uploads\/2021\/06\/FZ22688_C1.jpg\" \/>\n\t<meta property=\"og:image:width\" content=\"1300\" \/>\n\t<meta property=\"og:image:height\" content=\"867\" \/>\n\t<meta property=\"og:image:type\" content=\"image\/jpeg\" \/>\n<meta name=\"author\" content=\"Frank Liebke\" \/>\n<meta name=\"twitter:card\" content=\"summary_large_image\" \/>\n<meta name=\"twitter:label1\" content=\"Verfasst von\" \/>\n\t<meta name=\"twitter:data1\" content=\"Frank Liebke\" \/>\n\t<meta name=\"twitter:label2\" content=\"Gesch\u00e4tzte Lesezeit\" \/>\n\t<meta name=\"twitter:data2\" content=\"11\u00a0Minuten\" \/>\n<script type=\"application\/ld+json\" class=\"yoast-schema-graph\">{\"@context\":\"https:\\\/\\\/schema.org\",\"@graph\":[{\"@type\":\"Article\",\"@id\":\"https:\\\/\\\/liebke-foto.de\\\/maerkischeslicht\\\/landpartie-zum-stechlin\\\/#article\",\"isPartOf\":{\"@id\":\"https:\\\/\\\/liebke-foto.de\\\/maerkischeslicht\\\/landpartie-zum-stechlin\\\/\"},\"author\":{\"name\":\"Frank Liebke\",\"@id\":\"https:\\\/\\\/liebke-foto.de\\\/maerkischeslicht\\\/#\\\/schema\\\/person\\\/d71108abc09a723daeeb8526a33137ee\"},\"headline\":\"LANDpartie zum Stechlin\",\"datePublished\":\"2021-06-29T06:32:41+00:00\",\"dateModified\":\"2023-11-06T20:55:11+00:00\",\"mainEntityOfPage\":{\"@id\":\"https:\\\/\\\/liebke-foto.de\\\/maerkischeslicht\\\/landpartie-zum-stechlin\\\/\"},\"wordCount\":1101,\"commentCount\":1,\"publisher\":{\"@id\":\"https:\\\/\\\/liebke-foto.de\\\/maerkischeslicht\\\/#\\\/schema\\\/person\\\/d71108abc09a723daeeb8526a33137ee\"},\"image\":{\"@id\":\"https:\\\/\\\/liebke-foto.de\\\/maerkischeslicht\\\/landpartie-zum-stechlin\\\/#primaryimage\"},\"thumbnailUrl\":\"https:\\\/\\\/liebke-foto.de\\\/maerkischeslicht\\\/wp-content\\\/uploads\\\/2021\\\/06\\\/FZ22688_C1.jpg\",\"articleSection\":[\"Im Land Brandenburg unterwegs\",\"LANDpartie, unterwegs in der Mark Brandenburg\",\"Landschaft\",\"Wildes Brandenburg\"],\"inLanguage\":\"de\",\"potentialAction\":[{\"@type\":\"CommentAction\",\"name\":\"Comment\",\"target\":[\"https:\\\/\\\/liebke-foto.de\\\/maerkischeslicht\\\/landpartie-zum-stechlin\\\/#respond\"]}]},{\"@type\":\"WebPage\",\"@id\":\"https:\\\/\\\/liebke-foto.de\\\/maerkischeslicht\\\/landpartie-zum-stechlin\\\/\",\"url\":\"https:\\\/\\\/liebke-foto.de\\\/maerkischeslicht\\\/landpartie-zum-stechlin\\\/\",\"name\":\"LANDpartie zum Stechlin - M\u00e4rkisches Licht - Der Fotograf der Stille\",\"isPartOf\":{\"@id\":\"https:\\\/\\\/liebke-foto.de\\\/maerkischeslicht\\\/#website\"},\"primaryImageOfPage\":{\"@id\":\"https:\\\/\\\/liebke-foto.de\\\/maerkischeslicht\\\/landpartie-zum-stechlin\\\/#primaryimage\"},\"image\":{\"@id\":\"https:\\\/\\\/liebke-foto.de\\\/maerkischeslicht\\\/landpartie-zum-stechlin\\\/#primaryimage\"},\"thumbnailUrl\":\"https:\\\/\\\/liebke-foto.de\\\/maerkischeslicht\\\/wp-content\\\/uploads\\\/2021\\\/06\\\/FZ22688_C1.jpg\",\"datePublished\":\"2021-06-29T06:32:41+00:00\",\"dateModified\":\"2023-11-06T20:55:11+00:00\",\"description\":\"Der Stechlin, sagenumwoben und riesig gro\u00df. Tiefster und kristallklarer Binnensee, umgeben vom lauschigen, uralten Laubwald.\",\"breadcrumb\":{\"@id\":\"https:\\\/\\\/liebke-foto.de\\\/maerkischeslicht\\\/landpartie-zum-stechlin\\\/#breadcrumb\"},\"inLanguage\":\"de\",\"potentialAction\":[{\"@type\":\"ReadAction\",\"target\":[\"https:\\\/\\\/liebke-foto.de\\\/maerkischeslicht\\\/landpartie-zum-stechlin\\\/\"]}]},{\"@type\":\"ImageObject\",\"inLanguage\":\"de\",\"@id\":\"https:\\\/\\\/liebke-foto.de\\\/maerkischeslicht\\\/landpartie-zum-stechlin\\\/#primaryimage\",\"url\":\"https:\\\/\\\/liebke-foto.de\\\/maerkischeslicht\\\/wp-content\\\/uploads\\\/2021\\\/06\\\/FZ22688_C1.jpg\",\"contentUrl\":\"https:\\\/\\\/liebke-foto.de\\\/maerkischeslicht\\\/wp-content\\\/uploads\\\/2021\\\/06\\\/FZ22688_C1.jpg\",\"width\":1300,\"height\":867},{\"@type\":\"BreadcrumbList\",\"@id\":\"https:\\\/\\\/liebke-foto.de\\\/maerkischeslicht\\\/landpartie-zum-stechlin\\\/#breadcrumb\",\"itemListElement\":[{\"@type\":\"ListItem\",\"position\":1,\"name\":\"Startseite\",\"item\":\"https:\\\/\\\/liebke-foto.de\\\/maerkischeslicht\\\/\"},{\"@type\":\"ListItem\",\"position\":2,\"name\":\"LANDpartie zum Stechlin\"}]},{\"@type\":\"WebSite\",\"@id\":\"https:\\\/\\\/liebke-foto.de\\\/maerkischeslicht\\\/#website\",\"url\":\"https:\\\/\\\/liebke-foto.de\\\/maerkischeslicht\\\/\",\"name\":\"M\u00e4rkisches Licht - Der Fotograf der Stille\",\"description\":\"Die Liebe zum Leben...\",\"publisher\":{\"@id\":\"https:\\\/\\\/liebke-foto.de\\\/maerkischeslicht\\\/#\\\/schema\\\/person\\\/d71108abc09a723daeeb8526a33137ee\"},\"potentialAction\":[{\"@type\":\"SearchAction\",\"target\":{\"@type\":\"EntryPoint\",\"urlTemplate\":\"https:\\\/\\\/liebke-foto.de\\\/maerkischeslicht\\\/?s={search_term_string}\"},\"query-input\":{\"@type\":\"PropertyValueSpecification\",\"valueRequired\":true,\"valueName\":\"search_term_string\"}}],\"inLanguage\":\"de\"},{\"@type\":[\"Person\",\"Organization\"],\"@id\":\"https:\\\/\\\/liebke-foto.de\\\/maerkischeslicht\\\/#\\\/schema\\\/person\\\/d71108abc09a723daeeb8526a33137ee\",\"name\":\"Frank Liebke\",\"image\":{\"@type\":\"ImageObject\",\"inLanguage\":\"de\",\"@id\":\"https:\\\/\\\/liebke-foto.de\\\/maerkischeslicht\\\/wp-content\\\/uploads\\\/2021\\\/12\\\/IMG-20211024-WA0001.jpg\",\"url\":\"https:\\\/\\\/liebke-foto.de\\\/maerkischeslicht\\\/wp-content\\\/uploads\\\/2021\\\/12\\\/IMG-20211024-WA0001.jpg\",\"contentUrl\":\"https:\\\/\\\/liebke-foto.de\\\/maerkischeslicht\\\/wp-content\\\/uploads\\\/2021\\\/12\\\/IMG-20211024-WA0001.jpg\",\"width\":900,\"height\":1600,\"caption\":\"Frank Liebke\"},\"logo\":{\"@id\":\"https:\\\/\\\/liebke-foto.de\\\/maerkischeslicht\\\/wp-content\\\/uploads\\\/2021\\\/12\\\/IMG-20211024-WA0001.jpg\"},\"sameAs\":[\"https:\\\/\\\/liebke-foto.de\"],\"url\":\"https:\\\/\\\/liebke-foto.de\\\/maerkischeslicht\\\/author\\\/adminuser\\\/\"}]}<\/script>\n<!-- \/ Yoast SEO plugin. -->","yoast_head_json":{"title":"LANDpartie zum Stechlin - M\u00e4rkisches Licht - Der Fotograf der Stille","description":"Der Stechlin, sagenumwoben und riesig gro\u00df. Tiefster und kristallklarer Binnensee, umgeben vom lauschigen, uralten Laubwald.","robots":{"index":"index","follow":"follow","max-snippet":"max-snippet:-1","max-image-preview":"max-image-preview:large","max-video-preview":"max-video-preview:-1"},"canonical":"https:\/\/liebke-foto.de\/maerkischeslicht\/landpartie-zum-stechlin\/","og_locale":"de_DE","og_type":"article","og_title":"LANDpartie zum Stechlin - M\u00e4rkisches Licht - Der Fotograf der Stille","og_description":"Der Stechlin, sagenumwoben und riesig gro\u00df. Tiefster und kristallklarer Binnensee, umgeben vom lauschigen, uralten Laubwald.","og_url":"https:\/\/liebke-foto.de\/maerkischeslicht\/landpartie-zum-stechlin\/","og_site_name":"M\u00e4rkisches Licht - Der Fotograf der Stille","article_published_time":"2021-06-29T06:32:41+00:00","article_modified_time":"2023-11-06T20:55:11+00:00","og_image":[{"width":1300,"height":867,"url":"https:\/\/liebke-foto.de\/maerkischeslicht\/wp-content\/uploads\/2021\/06\/FZ22688_C1.jpg","type":"image\/jpeg"}],"author":"Frank Liebke","twitter_card":"summary_large_image","twitter_misc":{"Verfasst von":"Frank Liebke","Gesch\u00e4tzte Lesezeit":"11\u00a0Minuten"},"schema":{"@context":"https:\/\/schema.org","@graph":[{"@type":"Article","@id":"https:\/\/liebke-foto.de\/maerkischeslicht\/landpartie-zum-stechlin\/#article","isPartOf":{"@id":"https:\/\/liebke-foto.de\/maerkischeslicht\/landpartie-zum-stechlin\/"},"author":{"name":"Frank Liebke","@id":"https:\/\/liebke-foto.de\/maerkischeslicht\/#\/schema\/person\/d71108abc09a723daeeb8526a33137ee"},"headline":"LANDpartie zum Stechlin","datePublished":"2021-06-29T06:32:41+00:00","dateModified":"2023-11-06T20:55:11+00:00","mainEntityOfPage":{"@id":"https:\/\/liebke-foto.de\/maerkischeslicht\/landpartie-zum-stechlin\/"},"wordCount":1101,"commentCount":1,"publisher":{"@id":"https:\/\/liebke-foto.de\/maerkischeslicht\/#\/schema\/person\/d71108abc09a723daeeb8526a33137ee"},"image":{"@id":"https:\/\/liebke-foto.de\/maerkischeslicht\/landpartie-zum-stechlin\/#primaryimage"},"thumbnailUrl":"https:\/\/liebke-foto.de\/maerkischeslicht\/wp-content\/uploads\/2021\/06\/FZ22688_C1.jpg","articleSection":["Im Land Brandenburg unterwegs","LANDpartie, unterwegs in der Mark Brandenburg","Landschaft","Wildes Brandenburg"],"inLanguage":"de","potentialAction":[{"@type":"CommentAction","name":"Comment","target":["https:\/\/liebke-foto.de\/maerkischeslicht\/landpartie-zum-stechlin\/#respond"]}]},{"@type":"WebPage","@id":"https:\/\/liebke-foto.de\/maerkischeslicht\/landpartie-zum-stechlin\/","url":"https:\/\/liebke-foto.de\/maerkischeslicht\/landpartie-zum-stechlin\/","name":"LANDpartie zum Stechlin - M\u00e4rkisches Licht - Der Fotograf der Stille","isPartOf":{"@id":"https:\/\/liebke-foto.de\/maerkischeslicht\/#website"},"primaryImageOfPage":{"@id":"https:\/\/liebke-foto.de\/maerkischeslicht\/landpartie-zum-stechlin\/#primaryimage"},"image":{"@id":"https:\/\/liebke-foto.de\/maerkischeslicht\/landpartie-zum-stechlin\/#primaryimage"},"thumbnailUrl":"https:\/\/liebke-foto.de\/maerkischeslicht\/wp-content\/uploads\/2021\/06\/FZ22688_C1.jpg","datePublished":"2021-06-29T06:32:41+00:00","dateModified":"2023-11-06T20:55:11+00:00","description":"Der Stechlin, sagenumwoben und riesig gro\u00df. Tiefster und kristallklarer Binnensee, umgeben vom lauschigen, uralten Laubwald.","breadcrumb":{"@id":"https:\/\/liebke-foto.de\/maerkischeslicht\/landpartie-zum-stechlin\/#breadcrumb"},"inLanguage":"de","potentialAction":[{"@type":"ReadAction","target":["https:\/\/liebke-foto.de\/maerkischeslicht\/landpartie-zum-stechlin\/"]}]},{"@type":"ImageObject","inLanguage":"de","@id":"https:\/\/liebke-foto.de\/maerkischeslicht\/landpartie-zum-stechlin\/#primaryimage","url":"https:\/\/liebke-foto.de\/maerkischeslicht\/wp-content\/uploads\/2021\/06\/FZ22688_C1.jpg","contentUrl":"https:\/\/liebke-foto.de\/maerkischeslicht\/wp-content\/uploads\/2021\/06\/FZ22688_C1.jpg","width":1300,"height":867},{"@type":"BreadcrumbList","@id":"https:\/\/liebke-foto.de\/maerkischeslicht\/landpartie-zum-stechlin\/#breadcrumb","itemListElement":[{"@type":"ListItem","position":1,"name":"Startseite","item":"https:\/\/liebke-foto.de\/maerkischeslicht\/"},{"@type":"ListItem","position":2,"name":"LANDpartie zum Stechlin"}]},{"@type":"WebSite","@id":"https:\/\/liebke-foto.de\/maerkischeslicht\/#website","url":"https:\/\/liebke-foto.de\/maerkischeslicht\/","name":"M\u00e4rkisches Licht - Der Fotograf der Stille","description":"Die Liebe zum Leben...","publisher":{"@id":"https:\/\/liebke-foto.de\/maerkischeslicht\/#\/schema\/person\/d71108abc09a723daeeb8526a33137ee"},"potentialAction":[{"@type":"SearchAction","target":{"@type":"EntryPoint","urlTemplate":"https:\/\/liebke-foto.de\/maerkischeslicht\/?s={search_term_string}"},"query-input":{"@type":"PropertyValueSpecification","valueRequired":true,"valueName":"search_term_string"}}],"inLanguage":"de"},{"@type":["Person","Organization"],"@id":"https:\/\/liebke-foto.de\/maerkischeslicht\/#\/schema\/person\/d71108abc09a723daeeb8526a33137ee","name":"Frank Liebke","image":{"@type":"ImageObject","inLanguage":"de","@id":"https:\/\/liebke-foto.de\/maerkischeslicht\/wp-content\/uploads\/2021\/12\/IMG-20211024-WA0001.jpg","url":"https:\/\/liebke-foto.de\/maerkischeslicht\/wp-content\/uploads\/2021\/12\/IMG-20211024-WA0001.jpg","contentUrl":"https:\/\/liebke-foto.de\/maerkischeslicht\/wp-content\/uploads\/2021\/12\/IMG-20211024-WA0001.jpg","width":900,"height":1600,"caption":"Frank Liebke"},"logo":{"@id":"https:\/\/liebke-foto.de\/maerkischeslicht\/wp-content\/uploads\/2021\/12\/IMG-20211024-WA0001.jpg"},"sameAs":["https:\/\/liebke-foto.de"],"url":"https:\/\/liebke-foto.de\/maerkischeslicht\/author\/adminuser\/"}]}},"_links":{"self":[{"href":"https:\/\/liebke-foto.de\/maerkischeslicht\/wp-json\/wp\/v2\/posts\/4353","targetHints":{"allow":["GET"]}}],"collection":[{"href":"https:\/\/liebke-foto.de\/maerkischeslicht\/wp-json\/wp\/v2\/posts"}],"about":[{"href":"https:\/\/liebke-foto.de\/maerkischeslicht\/wp-json\/wp\/v2\/types\/post"}],"author":[{"embeddable":true,"href":"https:\/\/liebke-foto.de\/maerkischeslicht\/wp-json\/wp\/v2\/users\/1"}],"replies":[{"embeddable":true,"href":"https:\/\/liebke-foto.de\/maerkischeslicht\/wp-json\/wp\/v2\/comments?post=4353"}],"version-history":[{"count":8,"href":"https:\/\/liebke-foto.de\/maerkischeslicht\/wp-json\/wp\/v2\/posts\/4353\/revisions"}],"predecessor-version":[{"id":7839,"href":"https:\/\/liebke-foto.de\/maerkischeslicht\/wp-json\/wp\/v2\/posts\/4353\/revisions\/7839"}],"wp:featuredmedia":[{"embeddable":true,"href":"https:\/\/liebke-foto.de\/maerkischeslicht\/wp-json\/wp\/v2\/media\/4377"}],"wp:attachment":[{"href":"https:\/\/liebke-foto.de\/maerkischeslicht\/wp-json\/wp\/v2\/media?parent=4353"}],"wp:term":[{"taxonomy":"category","embeddable":true,"href":"https:\/\/liebke-foto.de\/maerkischeslicht\/wp-json\/wp\/v2\/categories?post=4353"},{"taxonomy":"post_tag","embeddable":true,"href":"https:\/\/liebke-foto.de\/maerkischeslicht\/wp-json\/wp\/v2\/tags?post=4353"}],"curies":[{"name":"wp","href":"https:\/\/api.w.org\/{rel}","templated":true}]}}