{"id":4305,"date":"2021-06-17T15:48:57","date_gmt":"2021-06-17T13:48:57","guid":{"rendered":"https:\/\/liebke-foto.de\/maerkischeslicht\/?p=4305"},"modified":"2023-11-06T22:56:46","modified_gmt":"2023-11-06T20:56:46","slug":"wasser-gesucht-und-mohn-gefunden-in-oberhavel","status":"publish","type":"post","link":"https:\/\/liebke-foto.de\/maerkischeslicht\/wasser-gesucht-und-mohn-gefunden-in-oberhavel\/","title":{"rendered":"Wasser gesucht und Mohn gefunden, in Oberhavel"},"content":{"rendered":"<div class=\"wp-block-image\">\n<figure class=\"aligncenter size-large\"><a href=\"https:\/\/liebke-foto.de\/maerkischeslicht\/wp-content\/uploads\/2021\/06\/FZ22359_C1.jpg\"><img loading=\"lazy\" decoding=\"async\" width=\"1200\" height=\"800\" src=\"https:\/\/liebke-foto.de\/maerkischeslicht\/wp-content\/uploads\/2021\/06\/FZ22359_C1-1200x800.jpg\" alt=\"\" class=\"wp-image-4328\" srcset=\"https:\/\/liebke-foto.de\/maerkischeslicht\/wp-content\/uploads\/2021\/06\/FZ22359_C1-1200x800.jpg 1200w, https:\/\/liebke-foto.de\/maerkischeslicht\/wp-content\/uploads\/2021\/06\/FZ22359_C1-768x512.jpg 768w, https:\/\/liebke-foto.de\/maerkischeslicht\/wp-content\/uploads\/2021\/06\/FZ22359_C1.jpg 1300w\" sizes=\"auto, (max-width: 1200px) 100vw, 1200px\" \/><\/a><figcaption class=\"wp-element-caption\"><em>Wundervolle Landschaft an der Schnellen Havel bei Krewelin<\/em><\/figcaption><\/figure>\n<\/div>\n\n\n<p>Vorige Woche Dienstag waren wir wieder auf LANDpartie und Mohnsuche. Aber ohne Stress, denn es soll ja Erholung sein, zum Kraft tanken und Freude bereiten. Das Oberhavelland, von Oranienburg aus n\u00f6rdlich bis Himmelpfort, war unser Ziel. Und irgendwie ist schon im ganzen Jahr der Wettergott uns wohlgesonnen. <\/p>\n\n\n\n<p>Nicht zu warm, oft sonnig, verbunden mit einem weichen belebenden Wind und sch\u00f6nsten verschiedenartigen Wolken am Himmel. So ist es einfach, einfach herrlich. <\/p>\n\n\n\n<p><br \/>Unsere Strecke f\u00fchrte von Oranienburg \u00fcber Liebenwalde nach Zehdenick. Sp\u00e4ter dann weiter \u00fcber die Landstra\u00dfe \u00fcber Marienthal, Tornow und Blumenow nach Bredereiche und schlie\u00dflich nach Himmelpfort. Zur\u00fcck sollte dann auch Burgwall ein Besuchshalt werden. Aber davon sp\u00e4ter.<\/p>\n\n\n\n<p>In Liebenwalde kamen wir an und die Hubbr\u00fccke versperrte uns den Weg. Das war eine willkommene Rast und zu sehen gab es auch was. Sch\u00f6ne Boote querten auf dem Langen Tr\u00f6del. Das wollten wir uns nat\u00fcrlich nicht entgehen lassen. Also steuerten wir den Parkplatz an und schauten und fotografierten.<\/p>\n\n\n<div class=\"wp-block-image is-style-default\">\n<figure class=\"aligncenter size-large\"><a href=\"https:\/\/liebke-foto.de\/maerkischeslicht\/wp-content\/uploads\/2021\/06\/FZ22299_C1.jpg\"><img loading=\"lazy\" decoding=\"async\" width=\"1200\" height=\"800\" src=\"https:\/\/liebke-foto.de\/maerkischeslicht\/wp-content\/uploads\/2021\/06\/FZ22299_C1-1200x800.jpg\" alt=\"\" class=\"wp-image-4325\" srcset=\"https:\/\/liebke-foto.de\/maerkischeslicht\/wp-content\/uploads\/2021\/06\/FZ22299_C1-1200x800.jpg 1200w, https:\/\/liebke-foto.de\/maerkischeslicht\/wp-content\/uploads\/2021\/06\/FZ22299_C1-768x512.jpg 768w, https:\/\/liebke-foto.de\/maerkischeslicht\/wp-content\/uploads\/2021\/06\/FZ22299_C1.jpg 1300w\" sizes=\"auto, (max-width: 1200px) 100vw, 1200px\" \/><\/a><figcaption class=\"wp-element-caption\"><em>Hubbr\u00fccke in Liebenwalde ge\u00f6ffnet, seit ein paar Jahren ist der Lange Tr\u00f6del bis Zerpenschleuse wieder schiffbar<\/em><\/figcaption><\/figure>\n<\/div>\n\n<div class=\"wp-block-image is-style-default\">\n<figure class=\"aligncenter size-large\"><a href=\"https:\/\/liebke-foto.de\/maerkischeslicht\/wp-content\/uploads\/2021\/06\/FZ22306_C1.jpg\"><img loading=\"lazy\" decoding=\"async\" width=\"1200\" height=\"800\" src=\"https:\/\/liebke-foto.de\/maerkischeslicht\/wp-content\/uploads\/2021\/06\/FZ22306_C1-1200x800.jpg\" alt=\"\" class=\"wp-image-4326\" srcset=\"https:\/\/liebke-foto.de\/maerkischeslicht\/wp-content\/uploads\/2021\/06\/FZ22306_C1-1200x800.jpg 1200w, https:\/\/liebke-foto.de\/maerkischeslicht\/wp-content\/uploads\/2021\/06\/FZ22306_C1-768x512.jpg 768w, https:\/\/liebke-foto.de\/maerkischeslicht\/wp-content\/uploads\/2021\/06\/FZ22306_C1.jpg 1300w\" sizes=\"auto, (max-width: 1200px) 100vw, 1200px\" \/><\/a><figcaption class=\"wp-element-caption\"><em>Die h\u00fcbsche Marina in Liebenwalde<\/em><\/figcaption><\/figure>\n<\/div>\n\n\n<p>Weiter ging es Richtung Zehdenick. Krewelin, direkt auf dem Weg, war f\u00fcr mich immer ein Grund zum Halten und schauen was so los ist. Denn da flie\u00dft zum einen der Vo\u00dfkanal dran vorbei und zum anderen auch die Schnelle Havel in ihrer fast nat\u00fcrlichen Form. <\/p>\n\n\n\n<p>Und wir wurden vielfach belohnt. Auf dem Kanal fuhren Boote, auf der Schnellen Havel f\u00fchrten Schwaneltern ihren Nachwuchs in die Geheimnisse des Lebens ein. Mohn, lange gesucht, wuchs urw\u00fcchsig am Uferrand und auf einmal \u00fcberflog uns ein Wiedehopf. <\/p>\n\n\n\n<p>Mit dem hatte ich nun absolut nicht gerechnet, wir waren begeistert. Zumal es der erste war in unserem Leben, den wir in der Natur gesehen hatten.<\/p>\n\n\n<div class=\"wp-block-image is-style-default\">\n<figure class=\"aligncenter size-large\"><a href=\"https:\/\/liebke-foto.de\/maerkischeslicht\/wp-content\/uploads\/2021\/06\/FLZ8128_C1.jpg\"><img loading=\"lazy\" decoding=\"async\" width=\"1200\" height=\"800\" src=\"https:\/\/liebke-foto.de\/maerkischeslicht\/wp-content\/uploads\/2021\/06\/FLZ8128_C1-1200x800.jpg\" alt=\"\" class=\"wp-image-4313\" srcset=\"https:\/\/liebke-foto.de\/maerkischeslicht\/wp-content\/uploads\/2021\/06\/FLZ8128_C1-1200x800.jpg 1200w, https:\/\/liebke-foto.de\/maerkischeslicht\/wp-content\/uploads\/2021\/06\/FLZ8128_C1-768x512.jpg 768w, https:\/\/liebke-foto.de\/maerkischeslicht\/wp-content\/uploads\/2021\/06\/FLZ8128_C1.jpg 1300w\" sizes=\"auto, (max-width: 1200px) 100vw, 1200px\" \/><\/a><figcaption class=\"wp-element-caption\"><em>Auf dem Vo\u00dfkanal bei Krewelin<\/em><\/figcaption><\/figure>\n<\/div>\n\n<div class=\"wp-block-image is-style-default\">\n<figure class=\"aligncenter size-large\"><a href=\"https:\/\/liebke-foto.de\/maerkischeslicht\/wp-content\/uploads\/2021\/06\/FZ22382_C1.jpg\"><img loading=\"lazy\" decoding=\"async\" width=\"1200\" height=\"800\" src=\"https:\/\/liebke-foto.de\/maerkischeslicht\/wp-content\/uploads\/2021\/06\/FZ22382_C1-1200x800.jpg\" alt=\"\" class=\"wp-image-4330\" srcset=\"https:\/\/liebke-foto.de\/maerkischeslicht\/wp-content\/uploads\/2021\/06\/FZ22382_C1-1200x800.jpg 1200w, https:\/\/liebke-foto.de\/maerkischeslicht\/wp-content\/uploads\/2021\/06\/FZ22382_C1-768x512.jpg 768w, https:\/\/liebke-foto.de\/maerkischeslicht\/wp-content\/uploads\/2021\/06\/FZ22382_C1.jpg 1300w\" sizes=\"auto, (max-width: 1200px) 100vw, 1200px\" \/><\/a><\/figure>\n<\/div>\n\n\n<p><\/p>\n\n\n\n<p><\/p>\n\n\n<div class=\"wp-block-image is-style-default\">\n<figure class=\"aligncenter size-large\"><a href=\"https:\/\/liebke-foto.de\/maerkischeslicht\/wp-content\/uploads\/2021\/06\/FZ22372_C1.jpg\"><img loading=\"lazy\" decoding=\"async\" width=\"1200\" height=\"800\" src=\"https:\/\/liebke-foto.de\/maerkischeslicht\/wp-content\/uploads\/2021\/06\/FZ22372_C1-1200x800.jpg\" alt=\"\" class=\"wp-image-4329\" srcset=\"https:\/\/liebke-foto.de\/maerkischeslicht\/wp-content\/uploads\/2021\/06\/FZ22372_C1-1200x800.jpg 1200w, https:\/\/liebke-foto.de\/maerkischeslicht\/wp-content\/uploads\/2021\/06\/FZ22372_C1-768x512.jpg 768w, https:\/\/liebke-foto.de\/maerkischeslicht\/wp-content\/uploads\/2021\/06\/FZ22372_C1.jpg 1300w\" sizes=\"auto, (max-width: 1200px) 100vw, 1200px\" \/><\/a><figcaption class=\"wp-element-caption\"><em>Die Schnelle Havel schl\u00e4ngelt sich auch durch Krewelin<\/em><\/figcaption><\/figure>\n<\/div>\n\n<div class=\"wp-block-image is-style-default\">\n<figure class=\"aligncenter size-large\"><a href=\"https:\/\/liebke-foto.de\/maerkischeslicht\/wp-content\/uploads\/2021\/06\/FLZ8042_C1.jpg\"><img loading=\"lazy\" decoding=\"async\" width=\"1073\" height=\"800\" src=\"https:\/\/liebke-foto.de\/maerkischeslicht\/wp-content\/uploads\/2021\/06\/FLZ8042_C1-1073x800.jpg\" alt=\"\" class=\"wp-image-4308\" srcset=\"https:\/\/liebke-foto.de\/maerkischeslicht\/wp-content\/uploads\/2021\/06\/FLZ8042_C1-1073x800.jpg 1073w, https:\/\/liebke-foto.de\/maerkischeslicht\/wp-content\/uploads\/2021\/06\/FLZ8042_C1-768x572.jpg 768w, https:\/\/liebke-foto.de\/maerkischeslicht\/wp-content\/uploads\/2021\/06\/FLZ8042_C1.jpg 1300w\" sizes=\"auto, (max-width: 1073px) 100vw, 1073px\" \/><\/a><figcaption class=\"wp-element-caption\"><em>Ganz in Stolz: Familie Schwan auf der schnellen Havel<\/em><\/figcaption><\/figure>\n<\/div>\n\n<div class=\"wp-block-image is-style-default\">\n<figure class=\"aligncenter size-large\"><a href=\"https:\/\/liebke-foto.de\/maerkischeslicht\/wp-content\/uploads\/2021\/06\/FLZ8058_C1.jpg\"><img loading=\"lazy\" decoding=\"async\" width=\"1200\" height=\"800\" src=\"https:\/\/liebke-foto.de\/maerkischeslicht\/wp-content\/uploads\/2021\/06\/FLZ8058_C1-1200x800.jpg\" alt=\"\" class=\"wp-image-4309\" srcset=\"https:\/\/liebke-foto.de\/maerkischeslicht\/wp-content\/uploads\/2021\/06\/FLZ8058_C1-1200x800.jpg 1200w, https:\/\/liebke-foto.de\/maerkischeslicht\/wp-content\/uploads\/2021\/06\/FLZ8058_C1-768x512.jpg 768w, https:\/\/liebke-foto.de\/maerkischeslicht\/wp-content\/uploads\/2021\/06\/FLZ8058_C1.jpg 1300w\" sizes=\"auto, (max-width: 1200px) 100vw, 1200px\" \/><\/a><figcaption class=\"wp-element-caption\"><em>So, Kinder, diese Gr\u00f6\u00dfe bekommt ein gesunder Schwan wenn er erwachsen ist \ud83d\ude09<\/em><\/figcaption><\/figure>\n<\/div>\n\n<div class=\"wp-block-image is-style-default\">\n<figure class=\"aligncenter size-large\"><a href=\"https:\/\/liebke-foto.de\/maerkischeslicht\/wp-content\/uploads\/2021\/06\/FLZ8067_C1.jpg\"><img loading=\"lazy\" decoding=\"async\" width=\"1200\" height=\"800\" src=\"https:\/\/liebke-foto.de\/maerkischeslicht\/wp-content\/uploads\/2021\/06\/FLZ8067_C1-1200x800.jpg\" alt=\"\" class=\"wp-image-4310\" srcset=\"https:\/\/liebke-foto.de\/maerkischeslicht\/wp-content\/uploads\/2021\/06\/FLZ8067_C1-1200x800.jpg 1200w, https:\/\/liebke-foto.de\/maerkischeslicht\/wp-content\/uploads\/2021\/06\/FLZ8067_C1-768x512.jpg 768w, https:\/\/liebke-foto.de\/maerkischeslicht\/wp-content\/uploads\/2021\/06\/FLZ8067_C1.jpg 1300w\" sizes=\"auto, (max-width: 1200px) 100vw, 1200px\" \/><\/a><figcaption class=\"wp-element-caption\"><em>Da habt ihr noch einiges zu tun \ud83d\ude00<\/em><\/figcaption><\/figure>\n<\/div>\n\n<div class=\"wp-block-image is-style-default\">\n<figure class=\"aligncenter size-large\"><a href=\"https:\/\/liebke-foto.de\/maerkischeslicht\/wp-content\/uploads\/2021\/06\/FLZ8091_C1.jpg\"><img loading=\"lazy\" decoding=\"async\" width=\"1200\" height=\"800\" src=\"https:\/\/liebke-foto.de\/maerkischeslicht\/wp-content\/uploads\/2021\/06\/FLZ8091_C1-1200x800.jpg\" alt=\"\" class=\"wp-image-4312\" srcset=\"https:\/\/liebke-foto.de\/maerkischeslicht\/wp-content\/uploads\/2021\/06\/FLZ8091_C1-1200x800.jpg 1200w, https:\/\/liebke-foto.de\/maerkischeslicht\/wp-content\/uploads\/2021\/06\/FLZ8091_C1-768x512.jpg 768w, https:\/\/liebke-foto.de\/maerkischeslicht\/wp-content\/uploads\/2021\/06\/FLZ8091_C1.jpg 1300w\" sizes=\"auto, (max-width: 1200px) 100vw, 1200px\" \/><\/a><\/figure>\n<\/div>\n\n\n<p><\/p>\n\n\n\n<p><\/p>\n\n\n<div class=\"wp-block-image is-style-default\">\n<figure class=\"aligncenter size-large\"><a href=\"https:\/\/liebke-foto.de\/maerkischeslicht\/wp-content\/uploads\/2021\/06\/FZ22357_C1.jpg\"><img loading=\"lazy\" decoding=\"async\" width=\"1200\" height=\"800\" src=\"https:\/\/liebke-foto.de\/maerkischeslicht\/wp-content\/uploads\/2021\/06\/FZ22357_C1-1200x800.jpg\" alt=\"\" class=\"wp-image-4327\" srcset=\"https:\/\/liebke-foto.de\/maerkischeslicht\/wp-content\/uploads\/2021\/06\/FZ22357_C1-1200x800.jpg 1200w, https:\/\/liebke-foto.de\/maerkischeslicht\/wp-content\/uploads\/2021\/06\/FZ22357_C1-768x512.jpg 768w, https:\/\/liebke-foto.de\/maerkischeslicht\/wp-content\/uploads\/2021\/06\/FZ22357_C1.jpg 1300w\" sizes=\"auto, (max-width: 1200px) 100vw, 1200px\" \/><\/a><\/figure>\n<\/div>\n\n\n<p><\/p>\n\n\n\n<p><\/p>\n\n\n<div class=\"wp-block-image is-style-default\">\n<figure class=\"aligncenter size-large\"><a href=\"https:\/\/liebke-foto.de\/maerkischeslicht\/wp-content\/uploads\/2021\/06\/FLZ8079_C1.jpg\"><img loading=\"lazy\" decoding=\"async\" width=\"1200\" height=\"800\" src=\"https:\/\/liebke-foto.de\/maerkischeslicht\/wp-content\/uploads\/2021\/06\/FLZ8079_C1-1200x800.jpg\" alt=\"\" class=\"wp-image-4311\" srcset=\"https:\/\/liebke-foto.de\/maerkischeslicht\/wp-content\/uploads\/2021\/06\/FLZ8079_C1-1200x800.jpg 1200w, https:\/\/liebke-foto.de\/maerkischeslicht\/wp-content\/uploads\/2021\/06\/FLZ8079_C1-768x512.jpg 768w, https:\/\/liebke-foto.de\/maerkischeslicht\/wp-content\/uploads\/2021\/06\/FLZ8079_C1.jpg 1300w\" sizes=\"auto, (max-width: 1200px) 100vw, 1200px\" \/><\/a><\/figure>\n<\/div>\n\n\n<p>Sehr zufrieden mit dem Erlebten fuhren wir durch Zehdenick um dann gleich in Richtung Mildenberg abzubiegen. Den Ziegeleipark hatten wir aber dieses Mal nicht als Ziel. In der N\u00e4he von Ribbeck (nein nicht das von Fontane und dem Birnbaum bekannte \ud83d\ude09 ) sahen wir auf einmal ROT! Mohn zeigte sich nun in seiner ganzen Pracht. Im Verbund mit Kornblumen und Kamille (f\u00fcr die Bauern nicht so das Wahre) ein wundersch\u00f6nes Bild. <\/p>\n\n\n\n<p>Nein, viele Bilder. Wir hielten nat\u00fcrlich sofort und schauten erst mal um den Eindruck zu fassen. Und dann kamen auch die Bilder. Lucy nahm die Gelegenheit wahr, schon wieder zu arbeiten. Ihr wisst, das hat immer mit Geschichten und B\u00fccher zu tun, man kann also gespannt sein \ud83d\ude09 .<\/p>\n\n\n<div class=\"wp-block-image is-style-default\">\n<figure class=\"aligncenter size-large\"><a href=\"https:\/\/liebke-foto.de\/maerkischeslicht\/wp-content\/uploads\/2021\/06\/FLZ8129_C1.jpg\"><img loading=\"lazy\" decoding=\"async\" width=\"1200\" height=\"800\" src=\"https:\/\/liebke-foto.de\/maerkischeslicht\/wp-content\/uploads\/2021\/06\/FLZ8129_C1-1200x800.jpg\" alt=\"\" class=\"wp-image-4314\" srcset=\"https:\/\/liebke-foto.de\/maerkischeslicht\/wp-content\/uploads\/2021\/06\/FLZ8129_C1-1200x800.jpg 1200w, https:\/\/liebke-foto.de\/maerkischeslicht\/wp-content\/uploads\/2021\/06\/FLZ8129_C1-768x512.jpg 768w, https:\/\/liebke-foto.de\/maerkischeslicht\/wp-content\/uploads\/2021\/06\/FLZ8129_C1.jpg 1300w\" sizes=\"auto, (max-width: 1200px) 100vw, 1200px\" \/><\/a><\/figure>\n<\/div>\n\n\n<p><\/p>\n\n\n\n<p><\/p>\n\n\n<div class=\"wp-block-image is-style-default\">\n<figure class=\"aligncenter size-large\"><a href=\"https:\/\/liebke-foto.de\/maerkischeslicht\/wp-content\/uploads\/2021\/06\/FZ22395_C1.jpg\"><img loading=\"lazy\" decoding=\"async\" width=\"1200\" height=\"800\" src=\"https:\/\/liebke-foto.de\/maerkischeslicht\/wp-content\/uploads\/2021\/06\/FZ22395_C1-1200x800.jpg\" alt=\"\" class=\"wp-image-4306\" srcset=\"https:\/\/liebke-foto.de\/maerkischeslicht\/wp-content\/uploads\/2021\/06\/FZ22395_C1-1200x800.jpg 1200w, https:\/\/liebke-foto.de\/maerkischeslicht\/wp-content\/uploads\/2021\/06\/FZ22395_C1-768x512.jpg 768w, https:\/\/liebke-foto.de\/maerkischeslicht\/wp-content\/uploads\/2021\/06\/FZ22395_C1.jpg 1300w\" sizes=\"auto, (max-width: 1200px) 100vw, 1200px\" \/><\/a><figcaption class=\"wp-element-caption\"><em>Lucy bei Recherchearbeiten&#8230;<\/em><\/figcaption><\/figure>\n<\/div>\n\n<div class=\"wp-block-image is-style-default\">\n<figure class=\"aligncenter size-large\"><a href=\"https:\/\/liebke-foto.de\/maerkischeslicht\/wp-content\/uploads\/2021\/06\/FLZ8148_C1.jpg\"><img loading=\"lazy\" decoding=\"async\" width=\"1200\" height=\"800\" src=\"https:\/\/liebke-foto.de\/maerkischeslicht\/wp-content\/uploads\/2021\/06\/FLZ8148_C1-1200x800.jpg\" alt=\"\" class=\"wp-image-4315\" srcset=\"https:\/\/liebke-foto.de\/maerkischeslicht\/wp-content\/uploads\/2021\/06\/FLZ8148_C1-1200x800.jpg 1200w, https:\/\/liebke-foto.de\/maerkischeslicht\/wp-content\/uploads\/2021\/06\/FLZ8148_C1-768x512.jpg 768w, https:\/\/liebke-foto.de\/maerkischeslicht\/wp-content\/uploads\/2021\/06\/FLZ8148_C1.jpg 1300w\" sizes=\"auto, (max-width: 1200px) 100vw, 1200px\" \/><\/a><\/figure>\n<\/div>\n\n\n<p><\/p>\n\n\n\n<p><\/p>\n\n\n<div class=\"wp-block-image is-style-default\">\n<figure class=\"aligncenter size-large\"><a href=\"https:\/\/liebke-foto.de\/maerkischeslicht\/wp-content\/uploads\/2021\/06\/FLZ8164_C1.jpg\"><img loading=\"lazy\" decoding=\"async\" width=\"1200\" height=\"800\" src=\"https:\/\/liebke-foto.de\/maerkischeslicht\/wp-content\/uploads\/2021\/06\/FLZ8164_C1-1200x800.jpg\" alt=\"\" class=\"wp-image-4316\" srcset=\"https:\/\/liebke-foto.de\/maerkischeslicht\/wp-content\/uploads\/2021\/06\/FLZ8164_C1-1200x800.jpg 1200w, https:\/\/liebke-foto.de\/maerkischeslicht\/wp-content\/uploads\/2021\/06\/FLZ8164_C1-768x512.jpg 768w, https:\/\/liebke-foto.de\/maerkischeslicht\/wp-content\/uploads\/2021\/06\/FLZ8164_C1.jpg 1300w\" sizes=\"auto, (max-width: 1200px) 100vw, 1200px\" \/><\/a><\/figure>\n<\/div>\n\n\n<p><\/p>\n\n\n\n<p><\/p>\n\n\n<div class=\"wp-block-image is-style-default\">\n<figure class=\"aligncenter size-large\"><a href=\"https:\/\/liebke-foto.de\/maerkischeslicht\/wp-content\/uploads\/2021\/06\/FLZ8180_C1.jpg\"><img loading=\"lazy\" decoding=\"async\" width=\"1200\" height=\"800\" src=\"https:\/\/liebke-foto.de\/maerkischeslicht\/wp-content\/uploads\/2021\/06\/FLZ8180_C1-1200x800.jpg\" alt=\"\" class=\"wp-image-4317\" srcset=\"https:\/\/liebke-foto.de\/maerkischeslicht\/wp-content\/uploads\/2021\/06\/FLZ8180_C1-1200x800.jpg 1200w, https:\/\/liebke-foto.de\/maerkischeslicht\/wp-content\/uploads\/2021\/06\/FLZ8180_C1-768x512.jpg 768w, https:\/\/liebke-foto.de\/maerkischeslicht\/wp-content\/uploads\/2021\/06\/FLZ8180_C1.jpg 1300w\" sizes=\"auto, (max-width: 1200px) 100vw, 1200px\" \/><\/a><\/figure>\n<\/div>\n\n\n<p><\/p>\n\n\n\n<p><\/p>\n\n\n<div class=\"wp-block-image is-style-default\">\n<figure class=\"aligncenter size-large\"><a href=\"https:\/\/liebke-foto.de\/maerkischeslicht\/wp-content\/uploads\/2021\/06\/FLZ8187_C1.jpg\"><img loading=\"lazy\" decoding=\"async\" width=\"1200\" height=\"800\" src=\"https:\/\/liebke-foto.de\/maerkischeslicht\/wp-content\/uploads\/2021\/06\/FLZ8187_C1-1200x800.jpg\" alt=\"\" class=\"wp-image-4318\" srcset=\"https:\/\/liebke-foto.de\/maerkischeslicht\/wp-content\/uploads\/2021\/06\/FLZ8187_C1-1200x800.jpg 1200w, https:\/\/liebke-foto.de\/maerkischeslicht\/wp-content\/uploads\/2021\/06\/FLZ8187_C1-768x512.jpg 768w, https:\/\/liebke-foto.de\/maerkischeslicht\/wp-content\/uploads\/2021\/06\/FLZ8187_C1.jpg 1300w\" sizes=\"auto, (max-width: 1200px) 100vw, 1200px\" \/><\/a><\/figure>\n<\/div>\n\n\n<p><\/p>\n\n\n\n<p><\/p>\n\n\n<div class=\"wp-block-image is-style-default\">\n<figure class=\"aligncenter size-large\"><a href=\"https:\/\/liebke-foto.de\/maerkischeslicht\/wp-content\/uploads\/2021\/06\/FLZ8193_C1.jpg\"><img loading=\"lazy\" decoding=\"async\" width=\"1200\" height=\"800\" src=\"https:\/\/liebke-foto.de\/maerkischeslicht\/wp-content\/uploads\/2021\/06\/FLZ8193_C1-1200x800.jpg\" alt=\"\" class=\"wp-image-4319\" srcset=\"https:\/\/liebke-foto.de\/maerkischeslicht\/wp-content\/uploads\/2021\/06\/FLZ8193_C1-1200x800.jpg 1200w, https:\/\/liebke-foto.de\/maerkischeslicht\/wp-content\/uploads\/2021\/06\/FLZ8193_C1-768x512.jpg 768w, https:\/\/liebke-foto.de\/maerkischeslicht\/wp-content\/uploads\/2021\/06\/FLZ8193_C1.jpg 1300w\" sizes=\"auto, (max-width: 1200px) 100vw, 1200px\" \/><\/a><\/figure>\n<\/div>\n\n\n<p><\/p>\n\n\n\n<p><\/p>\n\n\n<div class=\"wp-block-image is-style-default\">\n<figure class=\"aligncenter size-large\"><a href=\"https:\/\/liebke-foto.de\/maerkischeslicht\/wp-content\/uploads\/2021\/06\/FZ22422_C1.jpg\"><img loading=\"lazy\" decoding=\"async\" width=\"1200\" height=\"800\" src=\"https:\/\/liebke-foto.de\/maerkischeslicht\/wp-content\/uploads\/2021\/06\/FZ22422_C1-1200x800.jpg\" alt=\"\" class=\"wp-image-4334\" srcset=\"https:\/\/liebke-foto.de\/maerkischeslicht\/wp-content\/uploads\/2021\/06\/FZ22422_C1-1200x800.jpg 1200w, https:\/\/liebke-foto.de\/maerkischeslicht\/wp-content\/uploads\/2021\/06\/FZ22422_C1-768x512.jpg 768w, https:\/\/liebke-foto.de\/maerkischeslicht\/wp-content\/uploads\/2021\/06\/FZ22422_C1.jpg 1300w\" sizes=\"auto, (max-width: 1200px) 100vw, 1200px\" \/><\/a><\/figure>\n<\/div>\n\n\n<p><\/p>\n\n\n\n<p><\/p>\n\n\n<div class=\"wp-block-image is-style-default\">\n<figure class=\"aligncenter size-large\"><a href=\"https:\/\/liebke-foto.de\/maerkischeslicht\/wp-content\/uploads\/2021\/06\/FZ22418_C1.jpg\"><img loading=\"lazy\" decoding=\"async\" width=\"1200\" height=\"800\" src=\"https:\/\/liebke-foto.de\/maerkischeslicht\/wp-content\/uploads\/2021\/06\/FZ22418_C1-1200x800.jpg\" alt=\"\" class=\"wp-image-4333\" srcset=\"https:\/\/liebke-foto.de\/maerkischeslicht\/wp-content\/uploads\/2021\/06\/FZ22418_C1-1200x800.jpg 1200w, https:\/\/liebke-foto.de\/maerkischeslicht\/wp-content\/uploads\/2021\/06\/FZ22418_C1-768x512.jpg 768w, https:\/\/liebke-foto.de\/maerkischeslicht\/wp-content\/uploads\/2021\/06\/FZ22418_C1.jpg 1300w\" sizes=\"auto, (max-width: 1200px) 100vw, 1200px\" \/><\/a><\/figure>\n<\/div>\n\n\n<p><\/p>\n\n\n\n<p><\/p>\n\n\n<div class=\"wp-block-image is-style-default\">\n<figure class=\"aligncenter size-large\"><a href=\"https:\/\/liebke-foto.de\/maerkischeslicht\/wp-content\/uploads\/2021\/06\/FZ22412_C1.jpg\"><img loading=\"lazy\" decoding=\"async\" width=\"1200\" height=\"800\" src=\"https:\/\/liebke-foto.de\/maerkischeslicht\/wp-content\/uploads\/2021\/06\/FZ22412_C1-1200x800.jpg\" alt=\"\" class=\"wp-image-4332\" srcset=\"https:\/\/liebke-foto.de\/maerkischeslicht\/wp-content\/uploads\/2021\/06\/FZ22412_C1-1200x800.jpg 1200w, https:\/\/liebke-foto.de\/maerkischeslicht\/wp-content\/uploads\/2021\/06\/FZ22412_C1-768x512.jpg 768w, https:\/\/liebke-foto.de\/maerkischeslicht\/wp-content\/uploads\/2021\/06\/FZ22412_C1.jpg 1300w\" sizes=\"auto, (max-width: 1200px) 100vw, 1200px\" \/><\/a><\/figure>\n<\/div>\n\n\n<p><\/p>\n\n\n\n<p><\/p>\n\n\n<div class=\"wp-block-image is-style-default\">\n<figure class=\"aligncenter size-large\"><a href=\"https:\/\/liebke-foto.de\/maerkischeslicht\/wp-content\/uploads\/2021\/06\/FZ22389_C1.jpg\"><img loading=\"lazy\" decoding=\"async\" width=\"1200\" height=\"800\" src=\"https:\/\/liebke-foto.de\/maerkischeslicht\/wp-content\/uploads\/2021\/06\/FZ22389_C1-1200x800.jpg\" alt=\"\" class=\"wp-image-4331\" srcset=\"https:\/\/liebke-foto.de\/maerkischeslicht\/wp-content\/uploads\/2021\/06\/FZ22389_C1-1200x800.jpg 1200w, https:\/\/liebke-foto.de\/maerkischeslicht\/wp-content\/uploads\/2021\/06\/FZ22389_C1-768x512.jpg 768w, https:\/\/liebke-foto.de\/maerkischeslicht\/wp-content\/uploads\/2021\/06\/FZ22389_C1.jpg 1300w\" sizes=\"auto, (max-width: 1200px) 100vw, 1200px\" \/><\/a><\/figure>\n<\/div>\n\n\n<p><\/p>\n\n\n\n<p><\/p>\n\n\n<div class=\"wp-block-image is-style-default\">\n<figure class=\"aligncenter size-large\"><a href=\"https:\/\/liebke-foto.de\/maerkischeslicht\/wp-content\/uploads\/2021\/06\/FLZ8201_C1.jpg\"><img loading=\"lazy\" decoding=\"async\" width=\"1200\" height=\"800\" src=\"https:\/\/liebke-foto.de\/maerkischeslicht\/wp-content\/uploads\/2021\/06\/FLZ8201_C1-1200x800.jpg\" alt=\"\" class=\"wp-image-4320\" srcset=\"https:\/\/liebke-foto.de\/maerkischeslicht\/wp-content\/uploads\/2021\/06\/FLZ8201_C1-1200x800.jpg 1200w, https:\/\/liebke-foto.de\/maerkischeslicht\/wp-content\/uploads\/2021\/06\/FLZ8201_C1-768x512.jpg 768w, https:\/\/liebke-foto.de\/maerkischeslicht\/wp-content\/uploads\/2021\/06\/FLZ8201_C1.jpg 1300w\" sizes=\"auto, (max-width: 1200px) 100vw, 1200px\" \/><\/a><figcaption class=\"wp-element-caption\"><em>\u00dcberall auf jeder Fahrt, begleitete uns auch Fula. Romanleser von Paricia Koelle wissen was ich meine \ud83d\ude09<\/em><\/figcaption><\/figure>\n<\/div>\n\n\n<p>Ges\u00e4ttigt von Farben und frischer Luft, gestreichelt die Seele, ging es dann weiter in Richtung Bredereiche. Das dann im <a href=\"https:\/\/liebke-foto.de\/maerkischeslicht\/wo-die-schiffe-durch-eine-wiese-fahren\/\" data-type=\"URL\" data-id=\"https:\/\/liebke-foto.de\/maerkischeslicht\/wo-die-schiffe-durch-eine-wiese-fahren\/\" target=\"_blank\" rel=\"noreferrer noopener\">zweiten Teil<\/a> als Fortsetzung der Geschichte \ud83d\ude42<\/p>\n\n\n\n<div style=\"padding:20px\" class=\"wp-block-tnp-minimal\"><p>Subscribe to our newsletter!<\/p><div><div class=\"tnp tnp-subscription \">\n<form method=\"post\" action=\"https:\/\/liebke-foto.de\/maerkischeslicht\/wp-admin\/admin-ajax.php?action=tnp&amp;na=s\">\n<input type=\"hidden\" name=\"nlang\" value=\"\">\n<div class=\"tnp-field tnp-field-firstname\"><label for=\"tnp-1\">Vorname oder ganzer Name<\/label>\n<input class=\"tnp-name\" type=\"text\" name=\"nn\" id=\"tnp-1\" value=\"\" placeholder=\"\"><\/div>\n<div class=\"tnp-field tnp-field-email\"><label for=\"tnp-2\">Email<\/label>\n<input class=\"tnp-email\" type=\"email\" name=\"ne\" id=\"tnp-2\" value=\"\" placeholder=\"\" required><\/div>\n<div class=\"tnp-field tnp-privacy-field\"><label><input type=\"checkbox\" name=\"ny\" required class=\"tnp-privacy\"> Indem Du fortf\u00e4hrst, akzeptierst Du unsere Datenschutzerkl\u00e4rung.<\/label><\/div><div class=\"tnp-field tnp-field-button\" style=\"text-align: left\"><input class=\"tnp-submit\" type=\"submit\" value=\"Abonnieren\" style=\"\">\n<\/div>\n<\/form>\n<\/div>\n<\/div><\/div>\n\n\n\n\n","protected":false},"excerpt":{"rendered":"<p>Vorige Woche Dienstag waren wir wieder auf LANDpartie und Mohnsuche. Aber ohne Stress, denn es soll ja Erholung sein, zum Kraft tanken und&#8230;<\/p>\n","protected":false},"author":1,"featured_media":4330,"comment_status":"open","ping_status":"open","sticky":false,"template":"","format":"image","meta":{"footnotes":""},"categories":[11,66,10,12],"tags":[],"class_list":["post-4305","post","type-post","status-publish","format-image","has-post-thumbnail","hentry","category-im-land-brandenburg-unterwegs","category-landpartie","category-landschaft-mark-brandenburg-oberhavel-barnim","category-wildes-brandenburg","post_format-post-format-image"],"yoast_head":"<!-- This site is optimized with the Yoast SEO plugin v27.4 - https:\/\/yoast.com\/product\/yoast-seo-wordpress\/ -->\n<title>Wasser gesucht und Mohn gefunden, in Oberhavel - M\u00e4rkisches Licht - Der Fotograf der Stille<\/title>\n<meta name=\"description\" content=\"Wasser gesucht und Mohn gefunden, in Oberhavel\" \/>\n<meta name=\"robots\" content=\"index, follow, max-snippet:-1, max-image-preview:large, max-video-preview:-1\" \/>\n<link rel=\"canonical\" href=\"https:\/\/liebke-foto.de\/maerkischeslicht\/wasser-gesucht-und-mohn-gefunden-in-oberhavel\/\" \/>\n<meta property=\"og:locale\" content=\"de_DE\" \/>\n<meta property=\"og:type\" content=\"article\" \/>\n<meta property=\"og:title\" content=\"Wasser gesucht und Mohn gefunden, in Oberhavel - M\u00e4rkisches Licht - Der Fotograf der Stille\" \/>\n<meta property=\"og:description\" content=\"Wasser gesucht und Mohn gefunden, in Oberhavel\" \/>\n<meta property=\"og:url\" content=\"https:\/\/liebke-foto.de\/maerkischeslicht\/wasser-gesucht-und-mohn-gefunden-in-oberhavel\/\" \/>\n<meta property=\"og:site_name\" content=\"M\u00e4rkisches Licht - Der Fotograf der Stille\" \/>\n<meta property=\"article:published_time\" content=\"2021-06-17T13:48:57+00:00\" \/>\n<meta property=\"article:modified_time\" content=\"2023-11-06T20:56:46+00:00\" \/>\n<meta property=\"og:image\" content=\"https:\/\/liebke-foto.de\/maerkischeslicht\/wp-content\/uploads\/2021\/06\/FZ22382_C1.jpg\" \/>\n\t<meta property=\"og:image:width\" content=\"1300\" \/>\n\t<meta property=\"og:image:height\" content=\"867\" \/>\n\t<meta property=\"og:image:type\" content=\"image\/jpeg\" \/>\n<meta name=\"author\" content=\"Frank Liebke\" \/>\n<meta name=\"twitter:card\" content=\"summary_large_image\" \/>\n<meta name=\"twitter:label1\" content=\"Verfasst von\" \/>\n\t<meta name=\"twitter:data1\" content=\"Frank Liebke\" \/>\n\t<meta name=\"twitter:label2\" content=\"Gesch\u00e4tzte Lesezeit\" \/>\n\t<meta name=\"twitter:data2\" content=\"8\u00a0Minuten\" \/>\n<script type=\"application\/ld+json\" class=\"yoast-schema-graph\">{\"@context\":\"https:\\\/\\\/schema.org\",\"@graph\":[{\"@type\":\"Article\",\"@id\":\"https:\\\/\\\/liebke-foto.de\\\/maerkischeslicht\\\/wasser-gesucht-und-mohn-gefunden-in-oberhavel\\\/#article\",\"isPartOf\":{\"@id\":\"https:\\\/\\\/liebke-foto.de\\\/maerkischeslicht\\\/wasser-gesucht-und-mohn-gefunden-in-oberhavel\\\/\"},\"author\":{\"name\":\"Frank Liebke\",\"@id\":\"https:\\\/\\\/liebke-foto.de\\\/maerkischeslicht\\\/#\\\/schema\\\/person\\\/d71108abc09a723daeeb8526a33137ee\"},\"headline\":\"Wasser gesucht und Mohn gefunden, in Oberhavel\",\"datePublished\":\"2021-06-17T13:48:57+00:00\",\"dateModified\":\"2023-11-06T20:56:46+00:00\",\"mainEntityOfPage\":{\"@id\":\"https:\\\/\\\/liebke-foto.de\\\/maerkischeslicht\\\/wasser-gesucht-und-mohn-gefunden-in-oberhavel\\\/\"},\"wordCount\":540,\"commentCount\":1,\"publisher\":{\"@id\":\"https:\\\/\\\/liebke-foto.de\\\/maerkischeslicht\\\/#\\\/schema\\\/person\\\/d71108abc09a723daeeb8526a33137ee\"},\"image\":{\"@id\":\"https:\\\/\\\/liebke-foto.de\\\/maerkischeslicht\\\/wasser-gesucht-und-mohn-gefunden-in-oberhavel\\\/#primaryimage\"},\"thumbnailUrl\":\"https:\\\/\\\/liebke-foto.de\\\/maerkischeslicht\\\/wp-content\\\/uploads\\\/2021\\\/06\\\/FZ22382_C1.jpg\",\"articleSection\":[\"Im Land Brandenburg unterwegs\",\"LANDpartie, unterwegs in der Mark Brandenburg\",\"Landschaft\",\"Wildes Brandenburg\"],\"inLanguage\":\"de\",\"potentialAction\":[{\"@type\":\"CommentAction\",\"name\":\"Comment\",\"target\":[\"https:\\\/\\\/liebke-foto.de\\\/maerkischeslicht\\\/wasser-gesucht-und-mohn-gefunden-in-oberhavel\\\/#respond\"]}]},{\"@type\":\"WebPage\",\"@id\":\"https:\\\/\\\/liebke-foto.de\\\/maerkischeslicht\\\/wasser-gesucht-und-mohn-gefunden-in-oberhavel\\\/\",\"url\":\"https:\\\/\\\/liebke-foto.de\\\/maerkischeslicht\\\/wasser-gesucht-und-mohn-gefunden-in-oberhavel\\\/\",\"name\":\"Wasser gesucht und Mohn gefunden, in Oberhavel - M\u00e4rkisches Licht - Der Fotograf der Stille\",\"isPartOf\":{\"@id\":\"https:\\\/\\\/liebke-foto.de\\\/maerkischeslicht\\\/#website\"},\"primaryImageOfPage\":{\"@id\":\"https:\\\/\\\/liebke-foto.de\\\/maerkischeslicht\\\/wasser-gesucht-und-mohn-gefunden-in-oberhavel\\\/#primaryimage\"},\"image\":{\"@id\":\"https:\\\/\\\/liebke-foto.de\\\/maerkischeslicht\\\/wasser-gesucht-und-mohn-gefunden-in-oberhavel\\\/#primaryimage\"},\"thumbnailUrl\":\"https:\\\/\\\/liebke-foto.de\\\/maerkischeslicht\\\/wp-content\\\/uploads\\\/2021\\\/06\\\/FZ22382_C1.jpg\",\"datePublished\":\"2021-06-17T13:48:57+00:00\",\"dateModified\":\"2023-11-06T20:56:46+00:00\",\"description\":\"Wasser gesucht und Mohn gefunden, in Oberhavel\",\"breadcrumb\":{\"@id\":\"https:\\\/\\\/liebke-foto.de\\\/maerkischeslicht\\\/wasser-gesucht-und-mohn-gefunden-in-oberhavel\\\/#breadcrumb\"},\"inLanguage\":\"de\",\"potentialAction\":[{\"@type\":\"ReadAction\",\"target\":[\"https:\\\/\\\/liebke-foto.de\\\/maerkischeslicht\\\/wasser-gesucht-und-mohn-gefunden-in-oberhavel\\\/\"]}]},{\"@type\":\"ImageObject\",\"inLanguage\":\"de\",\"@id\":\"https:\\\/\\\/liebke-foto.de\\\/maerkischeslicht\\\/wasser-gesucht-und-mohn-gefunden-in-oberhavel\\\/#primaryimage\",\"url\":\"https:\\\/\\\/liebke-foto.de\\\/maerkischeslicht\\\/wp-content\\\/uploads\\\/2021\\\/06\\\/FZ22382_C1.jpg\",\"contentUrl\":\"https:\\\/\\\/liebke-foto.de\\\/maerkischeslicht\\\/wp-content\\\/uploads\\\/2021\\\/06\\\/FZ22382_C1.jpg\",\"width\":1300,\"height\":867},{\"@type\":\"BreadcrumbList\",\"@id\":\"https:\\\/\\\/liebke-foto.de\\\/maerkischeslicht\\\/wasser-gesucht-und-mohn-gefunden-in-oberhavel\\\/#breadcrumb\",\"itemListElement\":[{\"@type\":\"ListItem\",\"position\":1,\"name\":\"Startseite\",\"item\":\"https:\\\/\\\/liebke-foto.de\\\/maerkischeslicht\\\/\"},{\"@type\":\"ListItem\",\"position\":2,\"name\":\"Wasser gesucht und Mohn gefunden, in Oberhavel\"}]},{\"@type\":\"WebSite\",\"@id\":\"https:\\\/\\\/liebke-foto.de\\\/maerkischeslicht\\\/#website\",\"url\":\"https:\\\/\\\/liebke-foto.de\\\/maerkischeslicht\\\/\",\"name\":\"M\u00e4rkisches Licht - Der Fotograf der Stille\",\"description\":\"Die Liebe zum Leben...\",\"publisher\":{\"@id\":\"https:\\\/\\\/liebke-foto.de\\\/maerkischeslicht\\\/#\\\/schema\\\/person\\\/d71108abc09a723daeeb8526a33137ee\"},\"potentialAction\":[{\"@type\":\"SearchAction\",\"target\":{\"@type\":\"EntryPoint\",\"urlTemplate\":\"https:\\\/\\\/liebke-foto.de\\\/maerkischeslicht\\\/?s={search_term_string}\"},\"query-input\":{\"@type\":\"PropertyValueSpecification\",\"valueRequired\":true,\"valueName\":\"search_term_string\"}}],\"inLanguage\":\"de\"},{\"@type\":[\"Person\",\"Organization\"],\"@id\":\"https:\\\/\\\/liebke-foto.de\\\/maerkischeslicht\\\/#\\\/schema\\\/person\\\/d71108abc09a723daeeb8526a33137ee\",\"name\":\"Frank Liebke\",\"image\":{\"@type\":\"ImageObject\",\"inLanguage\":\"de\",\"@id\":\"https:\\\/\\\/liebke-foto.de\\\/maerkischeslicht\\\/wp-content\\\/uploads\\\/2021\\\/12\\\/IMG-20211024-WA0001.jpg\",\"url\":\"https:\\\/\\\/liebke-foto.de\\\/maerkischeslicht\\\/wp-content\\\/uploads\\\/2021\\\/12\\\/IMG-20211024-WA0001.jpg\",\"contentUrl\":\"https:\\\/\\\/liebke-foto.de\\\/maerkischeslicht\\\/wp-content\\\/uploads\\\/2021\\\/12\\\/IMG-20211024-WA0001.jpg\",\"width\":900,\"height\":1600,\"caption\":\"Frank Liebke\"},\"logo\":{\"@id\":\"https:\\\/\\\/liebke-foto.de\\\/maerkischeslicht\\\/wp-content\\\/uploads\\\/2021\\\/12\\\/IMG-20211024-WA0001.jpg\"},\"sameAs\":[\"https:\\\/\\\/liebke-foto.de\"],\"url\":\"https:\\\/\\\/liebke-foto.de\\\/maerkischeslicht\\\/author\\\/adminuser\\\/\"}]}<\/script>\n<!-- \/ Yoast SEO plugin. -->","yoast_head_json":{"title":"Wasser gesucht und Mohn gefunden, in Oberhavel - M\u00e4rkisches Licht - Der Fotograf der Stille","description":"Wasser gesucht und Mohn gefunden, in Oberhavel","robots":{"index":"index","follow":"follow","max-snippet":"max-snippet:-1","max-image-preview":"max-image-preview:large","max-video-preview":"max-video-preview:-1"},"canonical":"https:\/\/liebke-foto.de\/maerkischeslicht\/wasser-gesucht-und-mohn-gefunden-in-oberhavel\/","og_locale":"de_DE","og_type":"article","og_title":"Wasser gesucht und Mohn gefunden, in Oberhavel - M\u00e4rkisches Licht - Der Fotograf der Stille","og_description":"Wasser gesucht und Mohn gefunden, in Oberhavel","og_url":"https:\/\/liebke-foto.de\/maerkischeslicht\/wasser-gesucht-und-mohn-gefunden-in-oberhavel\/","og_site_name":"M\u00e4rkisches Licht - Der Fotograf der Stille","article_published_time":"2021-06-17T13:48:57+00:00","article_modified_time":"2023-11-06T20:56:46+00:00","og_image":[{"width":1300,"height":867,"url":"https:\/\/liebke-foto.de\/maerkischeslicht\/wp-content\/uploads\/2021\/06\/FZ22382_C1.jpg","type":"image\/jpeg"}],"author":"Frank Liebke","twitter_card":"summary_large_image","twitter_misc":{"Verfasst von":"Frank Liebke","Gesch\u00e4tzte Lesezeit":"8\u00a0Minuten"},"schema":{"@context":"https:\/\/schema.org","@graph":[{"@type":"Article","@id":"https:\/\/liebke-foto.de\/maerkischeslicht\/wasser-gesucht-und-mohn-gefunden-in-oberhavel\/#article","isPartOf":{"@id":"https:\/\/liebke-foto.de\/maerkischeslicht\/wasser-gesucht-und-mohn-gefunden-in-oberhavel\/"},"author":{"name":"Frank Liebke","@id":"https:\/\/liebke-foto.de\/maerkischeslicht\/#\/schema\/person\/d71108abc09a723daeeb8526a33137ee"},"headline":"Wasser gesucht und Mohn gefunden, in Oberhavel","datePublished":"2021-06-17T13:48:57+00:00","dateModified":"2023-11-06T20:56:46+00:00","mainEntityOfPage":{"@id":"https:\/\/liebke-foto.de\/maerkischeslicht\/wasser-gesucht-und-mohn-gefunden-in-oberhavel\/"},"wordCount":540,"commentCount":1,"publisher":{"@id":"https:\/\/liebke-foto.de\/maerkischeslicht\/#\/schema\/person\/d71108abc09a723daeeb8526a33137ee"},"image":{"@id":"https:\/\/liebke-foto.de\/maerkischeslicht\/wasser-gesucht-und-mohn-gefunden-in-oberhavel\/#primaryimage"},"thumbnailUrl":"https:\/\/liebke-foto.de\/maerkischeslicht\/wp-content\/uploads\/2021\/06\/FZ22382_C1.jpg","articleSection":["Im Land Brandenburg unterwegs","LANDpartie, unterwegs in der Mark Brandenburg","Landschaft","Wildes Brandenburg"],"inLanguage":"de","potentialAction":[{"@type":"CommentAction","name":"Comment","target":["https:\/\/liebke-foto.de\/maerkischeslicht\/wasser-gesucht-und-mohn-gefunden-in-oberhavel\/#respond"]}]},{"@type":"WebPage","@id":"https:\/\/liebke-foto.de\/maerkischeslicht\/wasser-gesucht-und-mohn-gefunden-in-oberhavel\/","url":"https:\/\/liebke-foto.de\/maerkischeslicht\/wasser-gesucht-und-mohn-gefunden-in-oberhavel\/","name":"Wasser gesucht und Mohn gefunden, in Oberhavel - M\u00e4rkisches Licht - Der Fotograf der Stille","isPartOf":{"@id":"https:\/\/liebke-foto.de\/maerkischeslicht\/#website"},"primaryImageOfPage":{"@id":"https:\/\/liebke-foto.de\/maerkischeslicht\/wasser-gesucht-und-mohn-gefunden-in-oberhavel\/#primaryimage"},"image":{"@id":"https:\/\/liebke-foto.de\/maerkischeslicht\/wasser-gesucht-und-mohn-gefunden-in-oberhavel\/#primaryimage"},"thumbnailUrl":"https:\/\/liebke-foto.de\/maerkischeslicht\/wp-content\/uploads\/2021\/06\/FZ22382_C1.jpg","datePublished":"2021-06-17T13:48:57+00:00","dateModified":"2023-11-06T20:56:46+00:00","description":"Wasser gesucht und Mohn gefunden, in Oberhavel","breadcrumb":{"@id":"https:\/\/liebke-foto.de\/maerkischeslicht\/wasser-gesucht-und-mohn-gefunden-in-oberhavel\/#breadcrumb"},"inLanguage":"de","potentialAction":[{"@type":"ReadAction","target":["https:\/\/liebke-foto.de\/maerkischeslicht\/wasser-gesucht-und-mohn-gefunden-in-oberhavel\/"]}]},{"@type":"ImageObject","inLanguage":"de","@id":"https:\/\/liebke-foto.de\/maerkischeslicht\/wasser-gesucht-und-mohn-gefunden-in-oberhavel\/#primaryimage","url":"https:\/\/liebke-foto.de\/maerkischeslicht\/wp-content\/uploads\/2021\/06\/FZ22382_C1.jpg","contentUrl":"https:\/\/liebke-foto.de\/maerkischeslicht\/wp-content\/uploads\/2021\/06\/FZ22382_C1.jpg","width":1300,"height":867},{"@type":"BreadcrumbList","@id":"https:\/\/liebke-foto.de\/maerkischeslicht\/wasser-gesucht-und-mohn-gefunden-in-oberhavel\/#breadcrumb","itemListElement":[{"@type":"ListItem","position":1,"name":"Startseite","item":"https:\/\/liebke-foto.de\/maerkischeslicht\/"},{"@type":"ListItem","position":2,"name":"Wasser gesucht und Mohn gefunden, in Oberhavel"}]},{"@type":"WebSite","@id":"https:\/\/liebke-foto.de\/maerkischeslicht\/#website","url":"https:\/\/liebke-foto.de\/maerkischeslicht\/","name":"M\u00e4rkisches Licht - Der Fotograf der Stille","description":"Die Liebe zum Leben...","publisher":{"@id":"https:\/\/liebke-foto.de\/maerkischeslicht\/#\/schema\/person\/d71108abc09a723daeeb8526a33137ee"},"potentialAction":[{"@type":"SearchAction","target":{"@type":"EntryPoint","urlTemplate":"https:\/\/liebke-foto.de\/maerkischeslicht\/?s={search_term_string}"},"query-input":{"@type":"PropertyValueSpecification","valueRequired":true,"valueName":"search_term_string"}}],"inLanguage":"de"},{"@type":["Person","Organization"],"@id":"https:\/\/liebke-foto.de\/maerkischeslicht\/#\/schema\/person\/d71108abc09a723daeeb8526a33137ee","name":"Frank Liebke","image":{"@type":"ImageObject","inLanguage":"de","@id":"https:\/\/liebke-foto.de\/maerkischeslicht\/wp-content\/uploads\/2021\/12\/IMG-20211024-WA0001.jpg","url":"https:\/\/liebke-foto.de\/maerkischeslicht\/wp-content\/uploads\/2021\/12\/IMG-20211024-WA0001.jpg","contentUrl":"https:\/\/liebke-foto.de\/maerkischeslicht\/wp-content\/uploads\/2021\/12\/IMG-20211024-WA0001.jpg","width":900,"height":1600,"caption":"Frank Liebke"},"logo":{"@id":"https:\/\/liebke-foto.de\/maerkischeslicht\/wp-content\/uploads\/2021\/12\/IMG-20211024-WA0001.jpg"},"sameAs":["https:\/\/liebke-foto.de"],"url":"https:\/\/liebke-foto.de\/maerkischeslicht\/author\/adminuser\/"}]}},"_links":{"self":[{"href":"https:\/\/liebke-foto.de\/maerkischeslicht\/wp-json\/wp\/v2\/posts\/4305","targetHints":{"allow":["GET"]}}],"collection":[{"href":"https:\/\/liebke-foto.de\/maerkischeslicht\/wp-json\/wp\/v2\/posts"}],"about":[{"href":"https:\/\/liebke-foto.de\/maerkischeslicht\/wp-json\/wp\/v2\/types\/post"}],"author":[{"embeddable":true,"href":"https:\/\/liebke-foto.de\/maerkischeslicht\/wp-json\/wp\/v2\/users\/1"}],"replies":[{"embeddable":true,"href":"https:\/\/liebke-foto.de\/maerkischeslicht\/wp-json\/wp\/v2\/comments?post=4305"}],"version-history":[{"count":9,"href":"https:\/\/liebke-foto.de\/maerkischeslicht\/wp-json\/wp\/v2\/posts\/4305\/revisions"}],"predecessor-version":[{"id":7841,"href":"https:\/\/liebke-foto.de\/maerkischeslicht\/wp-json\/wp\/v2\/posts\/4305\/revisions\/7841"}],"wp:featuredmedia":[{"embeddable":true,"href":"https:\/\/liebke-foto.de\/maerkischeslicht\/wp-json\/wp\/v2\/media\/4330"}],"wp:attachment":[{"href":"https:\/\/liebke-foto.de\/maerkischeslicht\/wp-json\/wp\/v2\/media?parent=4305"}],"wp:term":[{"taxonomy":"category","embeddable":true,"href":"https:\/\/liebke-foto.de\/maerkischeslicht\/wp-json\/wp\/v2\/categories?post=4305"},{"taxonomy":"post_tag","embeddable":true,"href":"https:\/\/liebke-foto.de\/maerkischeslicht\/wp-json\/wp\/v2\/tags?post=4305"}],"curies":[{"name":"wp","href":"https:\/\/api.w.org\/{rel}","templated":true}]}}