{"id":4270,"date":"2021-06-12T13:35:15","date_gmt":"2021-06-12T11:35:15","guid":{"rendered":"https:\/\/liebke-foto.de\/maerkischeslicht\/?p=4270"},"modified":"2023-11-06T22:58:42","modified_gmt":"2023-11-06T20:58:42","slug":"ein-schoener-tag-im-norden-berlins","status":"publish","type":"post","link":"https:\/\/liebke-foto.de\/maerkischeslicht\/ein-schoener-tag-im-norden-berlins\/","title":{"rendered":"Ein sch\u00f6ner Tag im Norden Berlins"},"content":{"rendered":"<div class=\"wp-block-image\">\n<figure class=\"aligncenter size-large\"><a href=\"https:\/\/liebke-foto.de\/maerkischeslicht\/wp-content\/uploads\/2021\/06\/FLZ8260_C1.jpg\"><img loading=\"lazy\" decoding=\"async\" width=\"1200\" height=\"800\" src=\"https:\/\/liebke-foto.de\/maerkischeslicht\/wp-content\/uploads\/2021\/06\/FLZ8260_C1-1200x800.jpg\" alt=\"Blick von den L\u00fcbarser H\u00f6he ins M\u00e4rkische Viertel von Berlin\" class=\"wp-image-4273\" srcset=\"https:\/\/liebke-foto.de\/maerkischeslicht\/wp-content\/uploads\/2021\/06\/FLZ8260_C1-1200x800.jpg 1200w, https:\/\/liebke-foto.de\/maerkischeslicht\/wp-content\/uploads\/2021\/06\/FLZ8260_C1-768x512.jpg 768w, https:\/\/liebke-foto.de\/maerkischeslicht\/wp-content\/uploads\/2021\/06\/FLZ8260_C1.jpg 1300w\" sizes=\"auto, (max-width: 1200px) 100vw, 1200px\" \/><\/a><figcaption class=\"wp-element-caption\">Blick von den L\u00fcbarser H\u00f6he ins M\u00e4rkische Viertel von Berlin<\/figcaption><\/figure>\n<\/div>\n\n\n<p>Nun hab ich am Mittwoch meine erste Corona-Spritze erhalten und das sehr gut vertragen. Nat\u00fcrlich kamen die Nebenwirkungen, zum einen der etwas schmerzende Arm und zum anderen aber eine unwahrscheinliche M\u00fcdigkeit. So lange immer wieder am St\u00fcck habe ich selten geschlafen. Wow! Gestern nun war ich zu Lucy nach Nordberlin eingeladen, mich in ihren Zaubergarten zu erholen, was Geist und Seele erfrischte. <\/p>\n\n\n\n<p>Der M\u00fcdigkeit wollte ich auf keinem Fall weiter nachgeben und so war eine Wanderung zur L\u00fcbarser H\u00f6he beschlossene Sache. Ich hatte nur vage Vorstellungen davon und eigentlich nicht gedacht dabei Fotos mitzubringen. Was soll es da schon geben? Viel kann ich im Nachhinein nur sagen! <\/p>\n\n\n\n<p>Zum Gl\u00fcck hatte ich die Fototasche doch mitgenommen. Hier kam nur die Nikon Z7 mit dem Nikkor 70-300 zum Einsatz, denn diese Landschaft brauchte die optische Verdichtung durch die Telebrennweite. Und nat\u00fcrlich das Polfilter, das eh immer vor der Frontlinse sitzt. Dank VR war ein Stativ nicht n\u00f6tig, was der spontanen Bildwahl und meiner Art zu fotografieren sehr entgegenkommt.<\/p>\n\n\n\n<p> <br \/>Es war fantastisch! Wolkenschiffe fuhren \u00fcbers Land und die Sichten auf den Norden Berlins waren erf\u00fcllt von sch\u00f6nster Landschaft. Schwalben pfeilten \u00fcber sattes Gr\u00fcn, es bl\u00fchte an allen Ecken mit dem dazugeh\u00f6rigen Summkonzert unserer winzigen Freunde. Paradisische Erlebnisse f\u00fcr Leib und Seele. <\/p>\n\n\n\n<p>Und die Bewegung an frischer Luft tat einfach gut. Man kann es gar nicht glauben dass man hier am Rand der &#8222;Betonw\u00fcste&#8220; einer Gro\u00dfstatt ist. Dankbar sind wir daf\u00fcr, dass es das gibt. Und nun noch ein paar Bilder, der Worte sind genug. Viel Spa\u00df beim schauen \ud83d\ude00<\/p>\n\n\n<div class=\"wp-block-image is-style-default\">\n<figure class=\"aligncenter size-large\"><a href=\"https:\/\/liebke-foto.de\/maerkischeslicht\/wp-content\/uploads\/2021\/06\/FLZ8241_C1.jpg\"><img loading=\"lazy\" decoding=\"async\" width=\"1200\" height=\"800\" src=\"https:\/\/liebke-foto.de\/maerkischeslicht\/wp-content\/uploads\/2021\/06\/FLZ8241_C1-1200x800.jpg\" alt=\"Wer denkt hier an Berlin?? Und doch sind wir dort :D\" class=\"wp-image-4271\" srcset=\"https:\/\/liebke-foto.de\/maerkischeslicht\/wp-content\/uploads\/2021\/06\/FLZ8241_C1-1200x800.jpg 1200w, https:\/\/liebke-foto.de\/maerkischeslicht\/wp-content\/uploads\/2021\/06\/FLZ8241_C1-768x512.jpg 768w, https:\/\/liebke-foto.de\/maerkischeslicht\/wp-content\/uploads\/2021\/06\/FLZ8241_C1.jpg 1300w\" sizes=\"auto, (max-width: 1200px) 100vw, 1200px\" \/><\/a><figcaption class=\"wp-element-caption\">Wer denkt hier an Berlin?? Und doch sind wir dort \ud83d\ude00<\/figcaption><\/figure>\n<\/div>\n\n<div class=\"wp-block-image is-style-default\">\n<figure class=\"aligncenter size-large\"><a href=\"https:\/\/liebke-foto.de\/maerkischeslicht\/wp-content\/uploads\/2021\/06\/FLZ8257_C1.jpg\"><img loading=\"lazy\" decoding=\"async\" width=\"1200\" height=\"800\" src=\"https:\/\/liebke-foto.de\/maerkischeslicht\/wp-content\/uploads\/2021\/06\/FLZ8257_C1-1200x800.jpg\" alt=\"Blick von den L\u00fcbarser H\u00f6he ins M\u00e4rkische Viertel von Berlin\" class=\"wp-image-4272\" srcset=\"https:\/\/liebke-foto.de\/maerkischeslicht\/wp-content\/uploads\/2021\/06\/FLZ8257_C1-1200x800.jpg 1200w, https:\/\/liebke-foto.de\/maerkischeslicht\/wp-content\/uploads\/2021\/06\/FLZ8257_C1-768x512.jpg 768w, https:\/\/liebke-foto.de\/maerkischeslicht\/wp-content\/uploads\/2021\/06\/FLZ8257_C1.jpg 1300w\" sizes=\"auto, (max-width: 1200px) 100vw, 1200px\" \/><\/a><\/figure>\n<\/div>\n\n\n<p><\/p>\n\n\n\n<p><\/p>\n\n\n<div class=\"wp-block-image is-style-default\">\n<figure class=\"aligncenter size-large\"><a href=\"https:\/\/liebke-foto.de\/maerkischeslicht\/wp-content\/uploads\/2021\/06\/FLZ8283_C1.jpg\"><img loading=\"lazy\" decoding=\"async\" width=\"1200\" height=\"800\" src=\"https:\/\/liebke-foto.de\/maerkischeslicht\/wp-content\/uploads\/2021\/06\/FLZ8283_C1-1200x800.jpg\" alt=\"\" class=\"wp-image-4274\" srcset=\"https:\/\/liebke-foto.de\/maerkischeslicht\/wp-content\/uploads\/2021\/06\/FLZ8283_C1-1200x800.jpg 1200w, https:\/\/liebke-foto.de\/maerkischeslicht\/wp-content\/uploads\/2021\/06\/FLZ8283_C1-768x512.jpg 768w, https:\/\/liebke-foto.de\/maerkischeslicht\/wp-content\/uploads\/2021\/06\/FLZ8283_C1.jpg 1300w\" sizes=\"auto, (max-width: 1200px) 100vw, 1200px\" \/><\/a><\/figure>\n<\/div>\n\n\n<p><\/p>\n\n\n\n<p><\/p>\n\n\n<div class=\"wp-block-image is-style-default\">\n<figure class=\"aligncenter size-large\"><a href=\"https:\/\/liebke-foto.de\/maerkischeslicht\/wp-content\/uploads\/2021\/06\/FLZ8292_C1.jpg\"><img loading=\"lazy\" decoding=\"async\" width=\"1200\" height=\"800\" src=\"https:\/\/liebke-foto.de\/maerkischeslicht\/wp-content\/uploads\/2021\/06\/FLZ8292_C1-1200x800.jpg\" alt=\"Blick von den L\u00fcbarser H\u00f6he ins M\u00e4rkische Viertel von Berlin\" class=\"wp-image-4275\" srcset=\"https:\/\/liebke-foto.de\/maerkischeslicht\/wp-content\/uploads\/2021\/06\/FLZ8292_C1-1200x800.jpg 1200w, https:\/\/liebke-foto.de\/maerkischeslicht\/wp-content\/uploads\/2021\/06\/FLZ8292_C1-768x512.jpg 768w, https:\/\/liebke-foto.de\/maerkischeslicht\/wp-content\/uploads\/2021\/06\/FLZ8292_C1.jpg 1300w\" sizes=\"auto, (max-width: 1200px) 100vw, 1200px\" \/><\/a><figcaption class=\"wp-element-caption\">Landwirtschaft in der Gro\u00dfstadt, und der Mohn gibt sich ein Stelldichein \ud83d\ude00<\/figcaption><\/figure>\n<\/div>\n\n<div class=\"wp-block-image is-style-default\">\n<figure class=\"aligncenter size-large\"><a href=\"https:\/\/liebke-foto.de\/maerkischeslicht\/wp-content\/uploads\/2021\/06\/FLZ8294_C1.jpg\"><img loading=\"lazy\" decoding=\"async\" width=\"1200\" height=\"800\" src=\"https:\/\/liebke-foto.de\/maerkischeslicht\/wp-content\/uploads\/2021\/06\/FLZ8294_C1-1200x800.jpg\" alt=\"Blick von den L\u00fcbarser H\u00f6he ins M\u00e4rkische Viertel von Berlin\" class=\"wp-image-4276\" srcset=\"https:\/\/liebke-foto.de\/maerkischeslicht\/wp-content\/uploads\/2021\/06\/FLZ8294_C1-1200x800.jpg 1200w, https:\/\/liebke-foto.de\/maerkischeslicht\/wp-content\/uploads\/2021\/06\/FLZ8294_C1-768x512.jpg 768w, https:\/\/liebke-foto.de\/maerkischeslicht\/wp-content\/uploads\/2021\/06\/FLZ8294_C1.jpg 1300w\" sizes=\"auto, (max-width: 1200px) 100vw, 1200px\" \/><\/a><\/figure>\n<\/div>\n\n\n<div style=\"padding:20px\" class=\"wp-block-tnp-minimal\"><p>Subscribe to our newsletter!<\/p><div><div class=\"tnp tnp-subscription \">\n<form method=\"post\" action=\"https:\/\/liebke-foto.de\/maerkischeslicht\/wp-admin\/admin-ajax.php?action=tnp&amp;na=s\">\n<input type=\"hidden\" name=\"nlang\" value=\"\">\n<div class=\"tnp-field tnp-field-firstname\"><label for=\"tnp-1\">Vorname oder ganzer Name<\/label>\n<input class=\"tnp-name\" type=\"text\" name=\"nn\" id=\"tnp-1\" value=\"\" placeholder=\"\"><\/div>\n<div class=\"tnp-field tnp-field-email\"><label for=\"tnp-2\">Email<\/label>\n<input class=\"tnp-email\" type=\"email\" name=\"ne\" id=\"tnp-2\" value=\"\" placeholder=\"\" required><\/div>\n<div class=\"tnp-field tnp-privacy-field\"><label><input type=\"checkbox\" name=\"ny\" required class=\"tnp-privacy\"> Indem Du fortf\u00e4hrst, akzeptierst Du unsere Datenschutzerkl\u00e4rung.<\/label><\/div><div class=\"tnp-field tnp-field-button\" style=\"text-align: left\"><input class=\"tnp-submit\" type=\"submit\" value=\"Abonnieren\" style=\"\">\n<\/div>\n<\/form>\n<\/div>\n<\/div><\/div>\n\n\n\n\n","protected":false},"excerpt":{"rendered":"<p>Nun hab ich am Mittwoch meine erste Corona-Spritze erhalten und das sehr gut vertragen. Nat\u00fcrlich kamen die Nebenwirkungen, zum einen der etwas schmerzende&#8230;<\/p>\n","protected":false},"author":1,"featured_media":4273,"comment_status":"open","ping_status":"open","sticky":false,"template":"","format":"image","meta":{"footnotes":""},"categories":[10,174],"tags":[],"class_list":["post-4270","post","type-post","status-publish","format-image","has-post-thumbnail","hentry","category-landschaft-mark-brandenburg-oberhavel-barnim","category-reisen","post_format-post-format-image"],"yoast_head":"<!-- This site is optimized with the Yoast SEO plugin v27.4 - https:\/\/yoast.com\/product\/yoast-seo-wordpress\/ -->\n<title>Ein sch\u00f6ner Tag im Norden Berlins - M\u00e4rkisches Licht - Der Fotograf der Stille<\/title>\n<meta name=\"description\" content=\"Es war fantastisch! Wolkenschiffe fuhren \u00fcbers Land und die Sichten auf den Norden Berlins waren erf\u00fcllt von sch\u00f6nster Landschaft.\" \/>\n<meta name=\"robots\" content=\"index, follow, max-snippet:-1, max-image-preview:large, max-video-preview:-1\" \/>\n<link rel=\"canonical\" href=\"https:\/\/liebke-foto.de\/maerkischeslicht\/ein-schoener-tag-im-norden-berlins\/\" \/>\n<meta property=\"og:locale\" content=\"de_DE\" \/>\n<meta property=\"og:type\" content=\"article\" \/>\n<meta property=\"og:title\" content=\"Ein sch\u00f6ner Tag im Norden Berlins - M\u00e4rkisches Licht - Der Fotograf der Stille\" \/>\n<meta property=\"og:description\" content=\"Es war fantastisch! Wolkenschiffe fuhren \u00fcbers Land und die Sichten auf den Norden Berlins waren erf\u00fcllt von sch\u00f6nster Landschaft.\" \/>\n<meta property=\"og:url\" content=\"https:\/\/liebke-foto.de\/maerkischeslicht\/ein-schoener-tag-im-norden-berlins\/\" \/>\n<meta property=\"og:site_name\" content=\"M\u00e4rkisches Licht - Der Fotograf der Stille\" \/>\n<meta property=\"article:published_time\" content=\"2021-06-12T11:35:15+00:00\" \/>\n<meta property=\"article:modified_time\" content=\"2023-11-06T20:58:42+00:00\" \/>\n<meta property=\"og:image\" content=\"https:\/\/liebke-foto.de\/maerkischeslicht\/wp-content\/uploads\/2021\/06\/FLZ8260_C1.jpg\" \/>\n\t<meta property=\"og:image:width\" content=\"1300\" \/>\n\t<meta property=\"og:image:height\" content=\"867\" \/>\n\t<meta property=\"og:image:type\" content=\"image\/jpeg\" \/>\n<meta name=\"author\" content=\"Frank Liebke\" \/>\n<meta name=\"twitter:card\" content=\"summary_large_image\" \/>\n<meta name=\"twitter:label1\" content=\"Verfasst von\" \/>\n\t<meta name=\"twitter:data1\" content=\"Frank Liebke\" \/>\n\t<meta name=\"twitter:label2\" content=\"Gesch\u00e4tzte Lesezeit\" \/>\n\t<meta name=\"twitter:data2\" content=\"3\u00a0Minuten\" \/>\n<script type=\"application\/ld+json\" class=\"yoast-schema-graph\">{\"@context\":\"https:\\\/\\\/schema.org\",\"@graph\":[{\"@type\":\"Article\",\"@id\":\"https:\\\/\\\/liebke-foto.de\\\/maerkischeslicht\\\/ein-schoener-tag-im-norden-berlins\\\/#article\",\"isPartOf\":{\"@id\":\"https:\\\/\\\/liebke-foto.de\\\/maerkischeslicht\\\/ein-schoener-tag-im-norden-berlins\\\/\"},\"author\":{\"name\":\"Frank Liebke\",\"@id\":\"https:\\\/\\\/liebke-foto.de\\\/maerkischeslicht\\\/#\\\/schema\\\/person\\\/d71108abc09a723daeeb8526a33137ee\"},\"headline\":\"Ein sch\u00f6ner Tag im Norden Berlins\",\"datePublished\":\"2021-06-12T11:35:15+00:00\",\"dateModified\":\"2023-11-06T20:58:42+00:00\",\"mainEntityOfPage\":{\"@id\":\"https:\\\/\\\/liebke-foto.de\\\/maerkischeslicht\\\/ein-schoener-tag-im-norden-berlins\\\/\"},\"wordCount\":324,\"commentCount\":0,\"publisher\":{\"@id\":\"https:\\\/\\\/liebke-foto.de\\\/maerkischeslicht\\\/#\\\/schema\\\/person\\\/d71108abc09a723daeeb8526a33137ee\"},\"image\":{\"@id\":\"https:\\\/\\\/liebke-foto.de\\\/maerkischeslicht\\\/ein-schoener-tag-im-norden-berlins\\\/#primaryimage\"},\"thumbnailUrl\":\"https:\\\/\\\/liebke-foto.de\\\/maerkischeslicht\\\/wp-content\\\/uploads\\\/2021\\\/06\\\/FLZ8260_C1.jpg\",\"articleSection\":[\"Landschaft\",\"Reisen\"],\"inLanguage\":\"de\",\"potentialAction\":[{\"@type\":\"CommentAction\",\"name\":\"Comment\",\"target\":[\"https:\\\/\\\/liebke-foto.de\\\/maerkischeslicht\\\/ein-schoener-tag-im-norden-berlins\\\/#respond\"]}]},{\"@type\":\"WebPage\",\"@id\":\"https:\\\/\\\/liebke-foto.de\\\/maerkischeslicht\\\/ein-schoener-tag-im-norden-berlins\\\/\",\"url\":\"https:\\\/\\\/liebke-foto.de\\\/maerkischeslicht\\\/ein-schoener-tag-im-norden-berlins\\\/\",\"name\":\"Ein sch\u00f6ner Tag im Norden Berlins - M\u00e4rkisches Licht - Der Fotograf der Stille\",\"isPartOf\":{\"@id\":\"https:\\\/\\\/liebke-foto.de\\\/maerkischeslicht\\\/#website\"},\"primaryImageOfPage\":{\"@id\":\"https:\\\/\\\/liebke-foto.de\\\/maerkischeslicht\\\/ein-schoener-tag-im-norden-berlins\\\/#primaryimage\"},\"image\":{\"@id\":\"https:\\\/\\\/liebke-foto.de\\\/maerkischeslicht\\\/ein-schoener-tag-im-norden-berlins\\\/#primaryimage\"},\"thumbnailUrl\":\"https:\\\/\\\/liebke-foto.de\\\/maerkischeslicht\\\/wp-content\\\/uploads\\\/2021\\\/06\\\/FLZ8260_C1.jpg\",\"datePublished\":\"2021-06-12T11:35:15+00:00\",\"dateModified\":\"2023-11-06T20:58:42+00:00\",\"description\":\"Es war fantastisch! Wolkenschiffe fuhren \u00fcbers Land und die Sichten auf den Norden Berlins waren erf\u00fcllt von sch\u00f6nster Landschaft.\",\"breadcrumb\":{\"@id\":\"https:\\\/\\\/liebke-foto.de\\\/maerkischeslicht\\\/ein-schoener-tag-im-norden-berlins\\\/#breadcrumb\"},\"inLanguage\":\"de\",\"potentialAction\":[{\"@type\":\"ReadAction\",\"target\":[\"https:\\\/\\\/liebke-foto.de\\\/maerkischeslicht\\\/ein-schoener-tag-im-norden-berlins\\\/\"]}]},{\"@type\":\"ImageObject\",\"inLanguage\":\"de\",\"@id\":\"https:\\\/\\\/liebke-foto.de\\\/maerkischeslicht\\\/ein-schoener-tag-im-norden-berlins\\\/#primaryimage\",\"url\":\"https:\\\/\\\/liebke-foto.de\\\/maerkischeslicht\\\/wp-content\\\/uploads\\\/2021\\\/06\\\/FLZ8260_C1.jpg\",\"contentUrl\":\"https:\\\/\\\/liebke-foto.de\\\/maerkischeslicht\\\/wp-content\\\/uploads\\\/2021\\\/06\\\/FLZ8260_C1.jpg\",\"width\":1300,\"height\":867},{\"@type\":\"BreadcrumbList\",\"@id\":\"https:\\\/\\\/liebke-foto.de\\\/maerkischeslicht\\\/ein-schoener-tag-im-norden-berlins\\\/#breadcrumb\",\"itemListElement\":[{\"@type\":\"ListItem\",\"position\":1,\"name\":\"Startseite\",\"item\":\"https:\\\/\\\/liebke-foto.de\\\/maerkischeslicht\\\/\"},{\"@type\":\"ListItem\",\"position\":2,\"name\":\"Ein sch\u00f6ner Tag im Norden Berlins\"}]},{\"@type\":\"WebSite\",\"@id\":\"https:\\\/\\\/liebke-foto.de\\\/maerkischeslicht\\\/#website\",\"url\":\"https:\\\/\\\/liebke-foto.de\\\/maerkischeslicht\\\/\",\"name\":\"M\u00e4rkisches Licht - Der Fotograf der Stille\",\"description\":\"Die Liebe zum Leben...\",\"publisher\":{\"@id\":\"https:\\\/\\\/liebke-foto.de\\\/maerkischeslicht\\\/#\\\/schema\\\/person\\\/d71108abc09a723daeeb8526a33137ee\"},\"potentialAction\":[{\"@type\":\"SearchAction\",\"target\":{\"@type\":\"EntryPoint\",\"urlTemplate\":\"https:\\\/\\\/liebke-foto.de\\\/maerkischeslicht\\\/?s={search_term_string}\"},\"query-input\":{\"@type\":\"PropertyValueSpecification\",\"valueRequired\":true,\"valueName\":\"search_term_string\"}}],\"inLanguage\":\"de\"},{\"@type\":[\"Person\",\"Organization\"],\"@id\":\"https:\\\/\\\/liebke-foto.de\\\/maerkischeslicht\\\/#\\\/schema\\\/person\\\/d71108abc09a723daeeb8526a33137ee\",\"name\":\"Frank Liebke\",\"image\":{\"@type\":\"ImageObject\",\"inLanguage\":\"de\",\"@id\":\"https:\\\/\\\/liebke-foto.de\\\/maerkischeslicht\\\/wp-content\\\/uploads\\\/2021\\\/12\\\/IMG-20211024-WA0001.jpg\",\"url\":\"https:\\\/\\\/liebke-foto.de\\\/maerkischeslicht\\\/wp-content\\\/uploads\\\/2021\\\/12\\\/IMG-20211024-WA0001.jpg\",\"contentUrl\":\"https:\\\/\\\/liebke-foto.de\\\/maerkischeslicht\\\/wp-content\\\/uploads\\\/2021\\\/12\\\/IMG-20211024-WA0001.jpg\",\"width\":900,\"height\":1600,\"caption\":\"Frank Liebke\"},\"logo\":{\"@id\":\"https:\\\/\\\/liebke-foto.de\\\/maerkischeslicht\\\/wp-content\\\/uploads\\\/2021\\\/12\\\/IMG-20211024-WA0001.jpg\"},\"sameAs\":[\"https:\\\/\\\/liebke-foto.de\"],\"url\":\"https:\\\/\\\/liebke-foto.de\\\/maerkischeslicht\\\/author\\\/adminuser\\\/\"}]}<\/script>\n<!-- \/ Yoast SEO plugin. -->","yoast_head_json":{"title":"Ein sch\u00f6ner Tag im Norden Berlins - M\u00e4rkisches Licht - Der Fotograf der Stille","description":"Es war fantastisch! Wolkenschiffe fuhren \u00fcbers Land und die Sichten auf den Norden Berlins waren erf\u00fcllt von sch\u00f6nster Landschaft.","robots":{"index":"index","follow":"follow","max-snippet":"max-snippet:-1","max-image-preview":"max-image-preview:large","max-video-preview":"max-video-preview:-1"},"canonical":"https:\/\/liebke-foto.de\/maerkischeslicht\/ein-schoener-tag-im-norden-berlins\/","og_locale":"de_DE","og_type":"article","og_title":"Ein sch\u00f6ner Tag im Norden Berlins - M\u00e4rkisches Licht - Der Fotograf der Stille","og_description":"Es war fantastisch! Wolkenschiffe fuhren \u00fcbers Land und die Sichten auf den Norden Berlins waren erf\u00fcllt von sch\u00f6nster Landschaft.","og_url":"https:\/\/liebke-foto.de\/maerkischeslicht\/ein-schoener-tag-im-norden-berlins\/","og_site_name":"M\u00e4rkisches Licht - Der Fotograf der Stille","article_published_time":"2021-06-12T11:35:15+00:00","article_modified_time":"2023-11-06T20:58:42+00:00","og_image":[{"width":1300,"height":867,"url":"https:\/\/liebke-foto.de\/maerkischeslicht\/wp-content\/uploads\/2021\/06\/FLZ8260_C1.jpg","type":"image\/jpeg"}],"author":"Frank Liebke","twitter_card":"summary_large_image","twitter_misc":{"Verfasst von":"Frank Liebke","Gesch\u00e4tzte Lesezeit":"3\u00a0Minuten"},"schema":{"@context":"https:\/\/schema.org","@graph":[{"@type":"Article","@id":"https:\/\/liebke-foto.de\/maerkischeslicht\/ein-schoener-tag-im-norden-berlins\/#article","isPartOf":{"@id":"https:\/\/liebke-foto.de\/maerkischeslicht\/ein-schoener-tag-im-norden-berlins\/"},"author":{"name":"Frank Liebke","@id":"https:\/\/liebke-foto.de\/maerkischeslicht\/#\/schema\/person\/d71108abc09a723daeeb8526a33137ee"},"headline":"Ein sch\u00f6ner Tag im Norden Berlins","datePublished":"2021-06-12T11:35:15+00:00","dateModified":"2023-11-06T20:58:42+00:00","mainEntityOfPage":{"@id":"https:\/\/liebke-foto.de\/maerkischeslicht\/ein-schoener-tag-im-norden-berlins\/"},"wordCount":324,"commentCount":0,"publisher":{"@id":"https:\/\/liebke-foto.de\/maerkischeslicht\/#\/schema\/person\/d71108abc09a723daeeb8526a33137ee"},"image":{"@id":"https:\/\/liebke-foto.de\/maerkischeslicht\/ein-schoener-tag-im-norden-berlins\/#primaryimage"},"thumbnailUrl":"https:\/\/liebke-foto.de\/maerkischeslicht\/wp-content\/uploads\/2021\/06\/FLZ8260_C1.jpg","articleSection":["Landschaft","Reisen"],"inLanguage":"de","potentialAction":[{"@type":"CommentAction","name":"Comment","target":["https:\/\/liebke-foto.de\/maerkischeslicht\/ein-schoener-tag-im-norden-berlins\/#respond"]}]},{"@type":"WebPage","@id":"https:\/\/liebke-foto.de\/maerkischeslicht\/ein-schoener-tag-im-norden-berlins\/","url":"https:\/\/liebke-foto.de\/maerkischeslicht\/ein-schoener-tag-im-norden-berlins\/","name":"Ein sch\u00f6ner Tag im Norden Berlins - M\u00e4rkisches Licht - Der Fotograf der Stille","isPartOf":{"@id":"https:\/\/liebke-foto.de\/maerkischeslicht\/#website"},"primaryImageOfPage":{"@id":"https:\/\/liebke-foto.de\/maerkischeslicht\/ein-schoener-tag-im-norden-berlins\/#primaryimage"},"image":{"@id":"https:\/\/liebke-foto.de\/maerkischeslicht\/ein-schoener-tag-im-norden-berlins\/#primaryimage"},"thumbnailUrl":"https:\/\/liebke-foto.de\/maerkischeslicht\/wp-content\/uploads\/2021\/06\/FLZ8260_C1.jpg","datePublished":"2021-06-12T11:35:15+00:00","dateModified":"2023-11-06T20:58:42+00:00","description":"Es war fantastisch! Wolkenschiffe fuhren \u00fcbers Land und die Sichten auf den Norden Berlins waren erf\u00fcllt von sch\u00f6nster Landschaft.","breadcrumb":{"@id":"https:\/\/liebke-foto.de\/maerkischeslicht\/ein-schoener-tag-im-norden-berlins\/#breadcrumb"},"inLanguage":"de","potentialAction":[{"@type":"ReadAction","target":["https:\/\/liebke-foto.de\/maerkischeslicht\/ein-schoener-tag-im-norden-berlins\/"]}]},{"@type":"ImageObject","inLanguage":"de","@id":"https:\/\/liebke-foto.de\/maerkischeslicht\/ein-schoener-tag-im-norden-berlins\/#primaryimage","url":"https:\/\/liebke-foto.de\/maerkischeslicht\/wp-content\/uploads\/2021\/06\/FLZ8260_C1.jpg","contentUrl":"https:\/\/liebke-foto.de\/maerkischeslicht\/wp-content\/uploads\/2021\/06\/FLZ8260_C1.jpg","width":1300,"height":867},{"@type":"BreadcrumbList","@id":"https:\/\/liebke-foto.de\/maerkischeslicht\/ein-schoener-tag-im-norden-berlins\/#breadcrumb","itemListElement":[{"@type":"ListItem","position":1,"name":"Startseite","item":"https:\/\/liebke-foto.de\/maerkischeslicht\/"},{"@type":"ListItem","position":2,"name":"Ein sch\u00f6ner Tag im Norden Berlins"}]},{"@type":"WebSite","@id":"https:\/\/liebke-foto.de\/maerkischeslicht\/#website","url":"https:\/\/liebke-foto.de\/maerkischeslicht\/","name":"M\u00e4rkisches Licht - Der Fotograf der Stille","description":"Die Liebe zum Leben...","publisher":{"@id":"https:\/\/liebke-foto.de\/maerkischeslicht\/#\/schema\/person\/d71108abc09a723daeeb8526a33137ee"},"potentialAction":[{"@type":"SearchAction","target":{"@type":"EntryPoint","urlTemplate":"https:\/\/liebke-foto.de\/maerkischeslicht\/?s={search_term_string}"},"query-input":{"@type":"PropertyValueSpecification","valueRequired":true,"valueName":"search_term_string"}}],"inLanguage":"de"},{"@type":["Person","Organization"],"@id":"https:\/\/liebke-foto.de\/maerkischeslicht\/#\/schema\/person\/d71108abc09a723daeeb8526a33137ee","name":"Frank Liebke","image":{"@type":"ImageObject","inLanguage":"de","@id":"https:\/\/liebke-foto.de\/maerkischeslicht\/wp-content\/uploads\/2021\/12\/IMG-20211024-WA0001.jpg","url":"https:\/\/liebke-foto.de\/maerkischeslicht\/wp-content\/uploads\/2021\/12\/IMG-20211024-WA0001.jpg","contentUrl":"https:\/\/liebke-foto.de\/maerkischeslicht\/wp-content\/uploads\/2021\/12\/IMG-20211024-WA0001.jpg","width":900,"height":1600,"caption":"Frank Liebke"},"logo":{"@id":"https:\/\/liebke-foto.de\/maerkischeslicht\/wp-content\/uploads\/2021\/12\/IMG-20211024-WA0001.jpg"},"sameAs":["https:\/\/liebke-foto.de"],"url":"https:\/\/liebke-foto.de\/maerkischeslicht\/author\/adminuser\/"}]}},"_links":{"self":[{"href":"https:\/\/liebke-foto.de\/maerkischeslicht\/wp-json\/wp\/v2\/posts\/4270","targetHints":{"allow":["GET"]}}],"collection":[{"href":"https:\/\/liebke-foto.de\/maerkischeslicht\/wp-json\/wp\/v2\/posts"}],"about":[{"href":"https:\/\/liebke-foto.de\/maerkischeslicht\/wp-json\/wp\/v2\/types\/post"}],"author":[{"embeddable":true,"href":"https:\/\/liebke-foto.de\/maerkischeslicht\/wp-json\/wp\/v2\/users\/1"}],"replies":[{"embeddable":true,"href":"https:\/\/liebke-foto.de\/maerkischeslicht\/wp-json\/wp\/v2\/comments?post=4270"}],"version-history":[{"count":6,"href":"https:\/\/liebke-foto.de\/maerkischeslicht\/wp-json\/wp\/v2\/posts\/4270\/revisions"}],"predecessor-version":[{"id":7843,"href":"https:\/\/liebke-foto.de\/maerkischeslicht\/wp-json\/wp\/v2\/posts\/4270\/revisions\/7843"}],"wp:featuredmedia":[{"embeddable":true,"href":"https:\/\/liebke-foto.de\/maerkischeslicht\/wp-json\/wp\/v2\/media\/4273"}],"wp:attachment":[{"href":"https:\/\/liebke-foto.de\/maerkischeslicht\/wp-json\/wp\/v2\/media?parent=4270"}],"wp:term":[{"taxonomy":"category","embeddable":true,"href":"https:\/\/liebke-foto.de\/maerkischeslicht\/wp-json\/wp\/v2\/categories?post=4270"},{"taxonomy":"post_tag","embeddable":true,"href":"https:\/\/liebke-foto.de\/maerkischeslicht\/wp-json\/wp\/v2\/tags?post=4270"}],"curies":[{"name":"wp","href":"https:\/\/api.w.org\/{rel}","templated":true}]}}