{"id":3554,"date":"2021-02-15T17:32:15","date_gmt":"2021-02-15T15:32:15","guid":{"rendered":"http:\/\/liebke-foto.de\/maerkischeslicht\/?p=3554"},"modified":"2025-02-05T13:44:33","modified_gmt":"2025-02-05T11:44:33","slug":"bildband-kremmen","status":"publish","type":"post","link":"https:\/\/liebke-foto.de\/maerkischeslicht\/bildband-kremmen\/","title":{"rendered":"Bildband Kremmen"},"content":{"rendered":"<div class=\"wp-block-image\">\n<figure class=\"aligncenter size-large\"><a href=\"https:\/\/liebke-foto.de\/maerkischeslicht\/wp-content\/uploads\/2021\/02\/FLZ3877_C1.jpg\"><img loading=\"lazy\" decoding=\"async\" width=\"1165\" height=\"800\" src=\"https:\/\/liebke-foto.de\/maerkischeslicht\/wp-content\/uploads\/2021\/02\/FLZ3877_C1-1165x800.jpg\" alt=\"Titelbild Kirche Kremmen am Adventsabend, Foto: Frank Liebke\" class=\"wp-image-3555\" srcset=\"https:\/\/liebke-foto.de\/maerkischeslicht\/wp-content\/uploads\/2021\/02\/FLZ3877_C1-1165x800.jpg 1165w, https:\/\/liebke-foto.de\/maerkischeslicht\/wp-content\/uploads\/2021\/02\/FLZ3877_C1-768x528.jpg 768w, https:\/\/liebke-foto.de\/maerkischeslicht\/wp-content\/uploads\/2021\/02\/FLZ3877_C1.jpg 1300w\" sizes=\"auto, (max-width: 1165px) 100vw, 1165px\" \/><\/a><figcaption class=\"wp-element-caption\">Titelbild Kirche Kremmen am Adventsabend, Foto: Frank Liebke<\/figcaption><\/figure>\n<\/div>\n\n\n<p>Vor ungef\u00e4hr einem Jahr wurde der nette, kleine Bildband endlich herausgegeben. Hergestellt vom Stadtbild &#8211; Verlag &#8211; Leipzig. Er misst ungef\u00e4hr 21cm x 21cm und ist best\u00fcckt mit vielen Fotos und Texten zur Geschichte und Gegenwart der sch\u00f6nen Ackerb\u00fcrgerstadt und seiner Ortsteile. <\/p>\n\n\n\n<p>Durch Zufall erfuhr ich vom Erscheinen des Buches erst Monate sp\u00e4ter, der Verlag hatte es sicher &#8222;vergessen&#8220; mich davon zu informieren. Ebenso wie er es sicher &#8222;vergessen&#8220; hatte, mir ein Belegexemplar zu schicken, (das Titelbild, der R\u00fccktitel und au\u00dferdem insgesamt 33 Bilder sind von mir). <\/p>\n\n\n\n<p>Und weiterhin hat der Verlag sicher &#8222;vergessen&#8220; mich auch nur ansatzweise im Buch zu erw\u00e4hnen. Was sich aber nun mal geh\u00f6rt! Der Herr B\u00fcrgermeister Sebastian Busse und Frau Busse vom Tourismusverband waren dann so lieb und schickten mir einen Band kostenlos als Belegexemplar zu, wor\u00fcber ich mich sehr gefreut habe. Vielen Dank nochmals daf\u00fcr.<\/p>\n\n\n\n<p>Nun habe ich mich da ja nicht reingedr\u00e4ngt, wurde 2017 vom Verlag angesprochen, ob ich nicht mit meinen Bildern den Band erg\u00e4nzen m\u00f6chte. Zu der Zeit lebte ich gerade in K\u00f6nigs Wusterhausen, also war ein Besuch der Stadt mit jeweils 200km (hin und zur\u00fcck) Fahrt verbunden. Auch war das angebotene Honorar alles andere als \u00fcppig, b\u00f6se Zungen w\u00fcrden behaupten, es w\u00e4re mies \ud83d\ude09 <\/p>\n\n\n\n<p>Es ist aber ein sehr sch\u00f6ner Ort, in meiner alten Heimat im Oberhavelland. (Wohin ich ein knappes Jahr sp\u00e4ter auch wieder zur\u00fcckzog, nach Oranienburg). Mit Herrn Busse hatte ich immer eine sehr gute Zusammenarbeit, sei es bei der Anfertigung von Karten zum Neujahrsempfang oder Kalender, die ich zu dem Zeitpunkt f\u00fcr Kremmen produzierte. So war die Produktion neuer Bilder kein so gro\u00dfer finanzieller Verlust. Das Wetter war m\u00e4rchenhaft gut und es machte einfach Spa\u00df. <\/p>\n\n\n\n<p><br \/>Aber dass man mich nun im Band einfach wegl\u00e4sst als Mitautor, kein Belegexemplar zusendet, noch nicht mal vom Erscheinen informiert, DAS nehme ich dann dem Verlag doch recht \u00fcbel. Das ist kein Umgang. Und gesch\u00e4ftssch\u00e4digend auch. Denn es wollte jemand seine neuen Gesch\u00e4ftsr\u00e4ume mit Gro\u00dffotos von Kremmen ausstatten, Heimatverbunden eben. <\/p>\n\n\n\n<p>Dieser Jemand sah die Bilder im Bildband, genau gesagt, MEINE BILDER. Nur dadurch dass ich weder im Impressum noch woanders im Buch namentlich erw\u00e4hnt wurde, war das schon Dedektivarbeit, den Urheber herauszufinden. <\/p>\n\n\n\n<p>Zu meinem Gl\u00fcck hatte die nette Dame nicht aufgegeben und durch Zufall meine Kontaktdaten gefunden und so wurde daraus ein gutes Ende, f\u00fcr beide. Nun schm\u00fccken meine Bilder im Gro\u00dfformat die Praxis.<\/p>\n\n\n\n<p>Und somit war mir dieses Blog einfach wichtig, nicht zur Selbstdarstellung und f\u00fcr mein Ego, sondern weil gute Arbeit auch gezeigt werden darf, finde ich \ud83d\ude42<\/p>\n\n\n<div class=\"wp-block-image is-style-default\">\n<figure class=\"aligncenter size-large\"><a href=\"https:\/\/liebke-foto.de\/maerkischeslicht\/wp-content\/uploads\/2021\/02\/FLZ3880_C1.jpg\"><img loading=\"lazy\" decoding=\"async\" width=\"1165\" height=\"800\" src=\"https:\/\/liebke-foto.de\/maerkischeslicht\/wp-content\/uploads\/2021\/02\/FLZ3880_C1-1165x800.jpg\" alt=\"\" class=\"wp-image-3556\" srcset=\"https:\/\/liebke-foto.de\/maerkischeslicht\/wp-content\/uploads\/2021\/02\/FLZ3880_C1-1165x800.jpg 1165w, https:\/\/liebke-foto.de\/maerkischeslicht\/wp-content\/uploads\/2021\/02\/FLZ3880_C1-768x528.jpg 768w, https:\/\/liebke-foto.de\/maerkischeslicht\/wp-content\/uploads\/2021\/02\/FLZ3880_C1.jpg 1300w\" sizes=\"auto, (max-width: 1165px) 100vw, 1165px\" \/><\/a><figcaption class=\"wp-element-caption\">R\u00fccktitel<\/figcaption><\/figure>\n<\/div>\n\n<div class=\"wp-block-image is-style-default\">\n<figure class=\"aligncenter size-large\"><a href=\"https:\/\/liebke-foto.de\/maerkischeslicht\/wp-content\/uploads\/2021\/02\/FLZ3881_C1.jpg\"><img loading=\"lazy\" decoding=\"async\" width=\"1165\" height=\"800\" src=\"https:\/\/liebke-foto.de\/maerkischeslicht\/wp-content\/uploads\/2021\/02\/FLZ3881_C1-1165x800.jpg\" alt=\"\" class=\"wp-image-3557\" srcset=\"https:\/\/liebke-foto.de\/maerkischeslicht\/wp-content\/uploads\/2021\/02\/FLZ3881_C1-1165x800.jpg 1165w, https:\/\/liebke-foto.de\/maerkischeslicht\/wp-content\/uploads\/2021\/02\/FLZ3881_C1-768x528.jpg 768w, https:\/\/liebke-foto.de\/maerkischeslicht\/wp-content\/uploads\/2021\/02\/FLZ3881_C1.jpg 1300w\" sizes=\"auto, (max-width: 1165px) 100vw, 1165px\" \/><\/a><figcaption class=\"wp-element-caption\">Ein paar weitere Beispielbilder von mir<\/figcaption><\/figure>\n<\/div>\n\n<div class=\"wp-block-image is-style-default\">\n<figure class=\"aligncenter size-large\"><a href=\"https:\/\/liebke-foto.de\/maerkischeslicht\/wp-content\/uploads\/2021\/02\/FLZ3885_C1.jpg\"><img loading=\"lazy\" decoding=\"async\" width=\"1165\" height=\"800\" src=\"https:\/\/liebke-foto.de\/maerkischeslicht\/wp-content\/uploads\/2021\/02\/FLZ3885_C1-1165x800.jpg\" alt=\"\" class=\"wp-image-3558\" srcset=\"https:\/\/liebke-foto.de\/maerkischeslicht\/wp-content\/uploads\/2021\/02\/FLZ3885_C1-1165x800.jpg 1165w, https:\/\/liebke-foto.de\/maerkischeslicht\/wp-content\/uploads\/2021\/02\/FLZ3885_C1-768x528.jpg 768w, https:\/\/liebke-foto.de\/maerkischeslicht\/wp-content\/uploads\/2021\/02\/FLZ3885_C1.jpg 1300w\" sizes=\"auto, (max-width: 1165px) 100vw, 1165px\" \/><\/a><\/figure>\n<\/div>\n\n<div class=\"wp-block-image is-style-default\">\n<figure class=\"aligncenter size-large\"><a href=\"https:\/\/liebke-foto.de\/maerkischeslicht\/wp-content\/uploads\/2021\/02\/FLZ3890_C1.jpg\"><img loading=\"lazy\" decoding=\"async\" width=\"1165\" height=\"800\" src=\"https:\/\/liebke-foto.de\/maerkischeslicht\/wp-content\/uploads\/2021\/02\/FLZ3890_C1-1165x800.jpg\" alt=\"\" class=\"wp-image-3559\" srcset=\"https:\/\/liebke-foto.de\/maerkischeslicht\/wp-content\/uploads\/2021\/02\/FLZ3890_C1-1165x800.jpg 1165w, https:\/\/liebke-foto.de\/maerkischeslicht\/wp-content\/uploads\/2021\/02\/FLZ3890_C1-768x528.jpg 768w, https:\/\/liebke-foto.de\/maerkischeslicht\/wp-content\/uploads\/2021\/02\/FLZ3890_C1.jpg 1300w\" sizes=\"auto, (max-width: 1165px) 100vw, 1165px\" \/><\/a><\/figure>\n<\/div>\n\n<div class=\"wp-block-image is-style-default\">\n<figure class=\"aligncenter size-large\"><a href=\"https:\/\/liebke-foto.de\/maerkischeslicht\/wp-content\/uploads\/2021\/02\/FLZ3893_C1.jpg\"><img loading=\"lazy\" decoding=\"async\" width=\"1165\" height=\"800\" src=\"https:\/\/liebke-foto.de\/maerkischeslicht\/wp-content\/uploads\/2021\/02\/FLZ3893_C1-1165x800.jpg\" alt=\"\" class=\"wp-image-3560\" srcset=\"https:\/\/liebke-foto.de\/maerkischeslicht\/wp-content\/uploads\/2021\/02\/FLZ3893_C1-1165x800.jpg 1165w, https:\/\/liebke-foto.de\/maerkischeslicht\/wp-content\/uploads\/2021\/02\/FLZ3893_C1-768x528.jpg 768w, https:\/\/liebke-foto.de\/maerkischeslicht\/wp-content\/uploads\/2021\/02\/FLZ3893_C1.jpg 1300w\" sizes=\"auto, (max-width: 1165px) 100vw, 1165px\" \/><\/a><\/figure>\n<\/div>\n\n\n<div style=\"padding:20px\" class=\"wp-block-tnp-minimal\"><p>Subscribe to our newsletter!<\/p><div><div class=\"tnp tnp-subscription \">\n<form method=\"post\" action=\"https:\/\/liebke-foto.de\/maerkischeslicht\/wp-admin\/admin-ajax.php?action=tnp&amp;na=s\">\n<input type=\"hidden\" name=\"nlang\" value=\"\">\n<div class=\"tnp-field tnp-field-firstname\"><label for=\"tnp-1\">Vorname oder ganzer Name<\/label>\n<input class=\"tnp-name\" type=\"text\" name=\"nn\" id=\"tnp-1\" value=\"\" placeholder=\"\"><\/div>\n<div class=\"tnp-field tnp-field-email\"><label for=\"tnp-2\">Email<\/label>\n<input class=\"tnp-email\" type=\"email\" name=\"ne\" id=\"tnp-2\" value=\"\" placeholder=\"\" required><\/div>\n<div class=\"tnp-field tnp-privacy-field\"><label><input type=\"checkbox\" name=\"ny\" required class=\"tnp-privacy\"> Indem Du fortf\u00e4hrst, akzeptierst Du unsere Datenschutzerkl\u00e4rung.<\/label><\/div><div class=\"tnp-field tnp-field-button\" style=\"text-align: left\"><input class=\"tnp-submit\" type=\"submit\" value=\"Abonnieren\" style=\"\">\n<\/div>\n<\/form>\n<\/div>\n<\/div><\/div>\n\n\n\n\n","protected":false},"excerpt":{"rendered":"<p>Vor ungef\u00e4hr einem Jahr wurde der nette, kleine Bildband endlich herausgegeben. Hergestellt vom Stadtbild &#8211; Verlag &#8211; Leipzig. Er misst ungef\u00e4hr 21cm x&#8230;<\/p>\n","protected":false},"author":1,"featured_media":3555,"comment_status":"open","ping_status":"closed","sticky":false,"template":"","format":"image","meta":{"footnotes":""},"categories":[11,66,38],"tags":[],"class_list":["post-3554","post","type-post","status-publish","format-image","has-post-thumbnail","hentry","category-im-land-brandenburg-unterwegs","category-landpartie","category-menschliches-aus-der-mark","post_format-post-format-image"],"yoast_head":"<!-- This site is optimized with the Yoast SEO plugin v27.5 - https:\/\/yoast.com\/product\/yoast-seo-wordpress\/ -->\n<title>Bildband Kremmen - M\u00e4rkisches Licht - Der Fotograf der Stille<\/title>\n<meta name=\"description\" content=\"Bildband Kremmen mit Fotos von Frank Liebke\" \/>\n<meta name=\"robots\" content=\"index, follow, max-snippet:-1, max-image-preview:large, max-video-preview:-1\" \/>\n<link rel=\"canonical\" href=\"https:\/\/liebke-foto.de\/maerkischeslicht\/bildband-kremmen\/\" \/>\n<meta property=\"og:locale\" content=\"de_DE\" \/>\n<meta property=\"og:type\" content=\"article\" \/>\n<meta property=\"og:title\" content=\"Bildband Kremmen - M\u00e4rkisches Licht - Der Fotograf der Stille\" \/>\n<meta property=\"og:description\" content=\"Bildband Kremmen mit Fotos von Frank Liebke\" \/>\n<meta property=\"og:url\" content=\"https:\/\/liebke-foto.de\/maerkischeslicht\/bildband-kremmen\/\" \/>\n<meta property=\"og:site_name\" content=\"M\u00e4rkisches Licht - Der Fotograf der Stille\" \/>\n<meta property=\"article:published_time\" content=\"2021-02-15T15:32:15+00:00\" \/>\n<meta property=\"article:modified_time\" content=\"2025-02-05T11:44:33+00:00\" \/>\n<meta property=\"og:image\" content=\"https:\/\/liebke-foto.de\/maerkischeslicht\/wp-content\/uploads\/2021\/02\/FLZ3877_C1.jpg\" \/>\n\t<meta property=\"og:image:width\" content=\"1300\" \/>\n\t<meta property=\"og:image:height\" content=\"893\" \/>\n\t<meta property=\"og:image:type\" content=\"image\/jpeg\" \/>\n<meta name=\"author\" content=\"Frank Liebke\" \/>\n<meta name=\"twitter:card\" content=\"summary_large_image\" \/>\n<meta name=\"twitter:label1\" content=\"Verfasst von\" \/>\n\t<meta name=\"twitter:data1\" content=\"Frank Liebke\" \/>\n\t<meta name=\"twitter:label2\" content=\"Gesch\u00e4tzte Lesezeit\" \/>\n\t<meta name=\"twitter:data2\" content=\"4\u00a0Minuten\" \/>\n<script type=\"application\/ld+json\" class=\"yoast-schema-graph\">{\"@context\":\"https:\\\/\\\/schema.org\",\"@graph\":[{\"@type\":\"Article\",\"@id\":\"https:\\\/\\\/liebke-foto.de\\\/maerkischeslicht\\\/bildband-kremmen\\\/#article\",\"isPartOf\":{\"@id\":\"https:\\\/\\\/liebke-foto.de\\\/maerkischeslicht\\\/bildband-kremmen\\\/\"},\"author\":{\"name\":\"Frank Liebke\",\"@id\":\"https:\\\/\\\/liebke-foto.de\\\/maerkischeslicht\\\/#\\\/schema\\\/person\\\/d71108abc09a723daeeb8526a33137ee\"},\"headline\":\"Bildband Kremmen\",\"datePublished\":\"2021-02-15T15:32:15+00:00\",\"dateModified\":\"2025-02-05T11:44:33+00:00\",\"mainEntityOfPage\":{\"@id\":\"https:\\\/\\\/liebke-foto.de\\\/maerkischeslicht\\\/bildband-kremmen\\\/\"},\"wordCount\":477,\"commentCount\":0,\"publisher\":{\"@id\":\"https:\\\/\\\/liebke-foto.de\\\/maerkischeslicht\\\/#\\\/schema\\\/person\\\/d71108abc09a723daeeb8526a33137ee\"},\"image\":{\"@id\":\"https:\\\/\\\/liebke-foto.de\\\/maerkischeslicht\\\/bildband-kremmen\\\/#primaryimage\"},\"thumbnailUrl\":\"https:\\\/\\\/liebke-foto.de\\\/maerkischeslicht\\\/wp-content\\\/uploads\\\/2021\\\/02\\\/FLZ3877_C1.jpg\",\"articleSection\":[\"Im Land Brandenburg unterwegs\",\"LANDpartie, unterwegs in der Mark Brandenburg\",\"Menschliches aus der Mark\"],\"inLanguage\":\"de\",\"potentialAction\":[{\"@type\":\"CommentAction\",\"name\":\"Comment\",\"target\":[\"https:\\\/\\\/liebke-foto.de\\\/maerkischeslicht\\\/bildband-kremmen\\\/#respond\"]}]},{\"@type\":\"WebPage\",\"@id\":\"https:\\\/\\\/liebke-foto.de\\\/maerkischeslicht\\\/bildband-kremmen\\\/\",\"url\":\"https:\\\/\\\/liebke-foto.de\\\/maerkischeslicht\\\/bildband-kremmen\\\/\",\"name\":\"Bildband Kremmen - M\u00e4rkisches Licht - Der Fotograf der Stille\",\"isPartOf\":{\"@id\":\"https:\\\/\\\/liebke-foto.de\\\/maerkischeslicht\\\/#website\"},\"primaryImageOfPage\":{\"@id\":\"https:\\\/\\\/liebke-foto.de\\\/maerkischeslicht\\\/bildband-kremmen\\\/#primaryimage\"},\"image\":{\"@id\":\"https:\\\/\\\/liebke-foto.de\\\/maerkischeslicht\\\/bildband-kremmen\\\/#primaryimage\"},\"thumbnailUrl\":\"https:\\\/\\\/liebke-foto.de\\\/maerkischeslicht\\\/wp-content\\\/uploads\\\/2021\\\/02\\\/FLZ3877_C1.jpg\",\"datePublished\":\"2021-02-15T15:32:15+00:00\",\"dateModified\":\"2025-02-05T11:44:33+00:00\",\"description\":\"Bildband Kremmen mit Fotos von Frank Liebke\",\"breadcrumb\":{\"@id\":\"https:\\\/\\\/liebke-foto.de\\\/maerkischeslicht\\\/bildband-kremmen\\\/#breadcrumb\"},\"inLanguage\":\"de\",\"potentialAction\":[{\"@type\":\"ReadAction\",\"target\":[\"https:\\\/\\\/liebke-foto.de\\\/maerkischeslicht\\\/bildband-kremmen\\\/\"]}]},{\"@type\":\"ImageObject\",\"inLanguage\":\"de\",\"@id\":\"https:\\\/\\\/liebke-foto.de\\\/maerkischeslicht\\\/bildband-kremmen\\\/#primaryimage\",\"url\":\"https:\\\/\\\/liebke-foto.de\\\/maerkischeslicht\\\/wp-content\\\/uploads\\\/2021\\\/02\\\/FLZ3877_C1.jpg\",\"contentUrl\":\"https:\\\/\\\/liebke-foto.de\\\/maerkischeslicht\\\/wp-content\\\/uploads\\\/2021\\\/02\\\/FLZ3877_C1.jpg\",\"width\":1300,\"height\":893},{\"@type\":\"BreadcrumbList\",\"@id\":\"https:\\\/\\\/liebke-foto.de\\\/maerkischeslicht\\\/bildband-kremmen\\\/#breadcrumb\",\"itemListElement\":[{\"@type\":\"ListItem\",\"position\":1,\"name\":\"Startseite\",\"item\":\"https:\\\/\\\/liebke-foto.de\\\/maerkischeslicht\\\/\"},{\"@type\":\"ListItem\",\"position\":2,\"name\":\"Bildband Kremmen\"}]},{\"@type\":\"WebSite\",\"@id\":\"https:\\\/\\\/liebke-foto.de\\\/maerkischeslicht\\\/#website\",\"url\":\"https:\\\/\\\/liebke-foto.de\\\/maerkischeslicht\\\/\",\"name\":\"M\u00e4rkisches Licht - Der Fotograf der Stille\",\"description\":\"Die Liebe zum Leben...\",\"publisher\":{\"@id\":\"https:\\\/\\\/liebke-foto.de\\\/maerkischeslicht\\\/#\\\/schema\\\/person\\\/d71108abc09a723daeeb8526a33137ee\"},\"potentialAction\":[{\"@type\":\"SearchAction\",\"target\":{\"@type\":\"EntryPoint\",\"urlTemplate\":\"https:\\\/\\\/liebke-foto.de\\\/maerkischeslicht\\\/?s={search_term_string}\"},\"query-input\":{\"@type\":\"PropertyValueSpecification\",\"valueRequired\":true,\"valueName\":\"search_term_string\"}}],\"inLanguage\":\"de\"},{\"@type\":[\"Person\",\"Organization\"],\"@id\":\"https:\\\/\\\/liebke-foto.de\\\/maerkischeslicht\\\/#\\\/schema\\\/person\\\/d71108abc09a723daeeb8526a33137ee\",\"name\":\"Frank Liebke\",\"image\":{\"@type\":\"ImageObject\",\"inLanguage\":\"de\",\"@id\":\"https:\\\/\\\/liebke-foto.de\\\/maerkischeslicht\\\/wp-content\\\/uploads\\\/2021\\\/12\\\/IMG-20211024-WA0001.jpg\",\"url\":\"https:\\\/\\\/liebke-foto.de\\\/maerkischeslicht\\\/wp-content\\\/uploads\\\/2021\\\/12\\\/IMG-20211024-WA0001.jpg\",\"contentUrl\":\"https:\\\/\\\/liebke-foto.de\\\/maerkischeslicht\\\/wp-content\\\/uploads\\\/2021\\\/12\\\/IMG-20211024-WA0001.jpg\",\"width\":900,\"height\":1600,\"caption\":\"Frank Liebke\"},\"logo\":{\"@id\":\"https:\\\/\\\/liebke-foto.de\\\/maerkischeslicht\\\/wp-content\\\/uploads\\\/2021\\\/12\\\/IMG-20211024-WA0001.jpg\"},\"sameAs\":[\"https:\\\/\\\/liebke-foto.de\"],\"url\":\"https:\\\/\\\/liebke-foto.de\\\/maerkischeslicht\\\/author\\\/adminuser\\\/\"}]}<\/script>\n<!-- \/ Yoast SEO plugin. -->","yoast_head_json":{"title":"Bildband Kremmen - M\u00e4rkisches Licht - Der Fotograf der Stille","description":"Bildband Kremmen mit Fotos von Frank Liebke","robots":{"index":"index","follow":"follow","max-snippet":"max-snippet:-1","max-image-preview":"max-image-preview:large","max-video-preview":"max-video-preview:-1"},"canonical":"https:\/\/liebke-foto.de\/maerkischeslicht\/bildband-kremmen\/","og_locale":"de_DE","og_type":"article","og_title":"Bildband Kremmen - M\u00e4rkisches Licht - Der Fotograf der Stille","og_description":"Bildband Kremmen mit Fotos von Frank Liebke","og_url":"https:\/\/liebke-foto.de\/maerkischeslicht\/bildband-kremmen\/","og_site_name":"M\u00e4rkisches Licht - Der Fotograf der Stille","article_published_time":"2021-02-15T15:32:15+00:00","article_modified_time":"2025-02-05T11:44:33+00:00","og_image":[{"width":1300,"height":893,"url":"https:\/\/liebke-foto.de\/maerkischeslicht\/wp-content\/uploads\/2021\/02\/FLZ3877_C1.jpg","type":"image\/jpeg"}],"author":"Frank Liebke","twitter_card":"summary_large_image","twitter_misc":{"Verfasst von":"Frank Liebke","Gesch\u00e4tzte Lesezeit":"4\u00a0Minuten"},"schema":{"@context":"https:\/\/schema.org","@graph":[{"@type":"Article","@id":"https:\/\/liebke-foto.de\/maerkischeslicht\/bildband-kremmen\/#article","isPartOf":{"@id":"https:\/\/liebke-foto.de\/maerkischeslicht\/bildband-kremmen\/"},"author":{"name":"Frank Liebke","@id":"https:\/\/liebke-foto.de\/maerkischeslicht\/#\/schema\/person\/d71108abc09a723daeeb8526a33137ee"},"headline":"Bildband Kremmen","datePublished":"2021-02-15T15:32:15+00:00","dateModified":"2025-02-05T11:44:33+00:00","mainEntityOfPage":{"@id":"https:\/\/liebke-foto.de\/maerkischeslicht\/bildband-kremmen\/"},"wordCount":477,"commentCount":0,"publisher":{"@id":"https:\/\/liebke-foto.de\/maerkischeslicht\/#\/schema\/person\/d71108abc09a723daeeb8526a33137ee"},"image":{"@id":"https:\/\/liebke-foto.de\/maerkischeslicht\/bildband-kremmen\/#primaryimage"},"thumbnailUrl":"https:\/\/liebke-foto.de\/maerkischeslicht\/wp-content\/uploads\/2021\/02\/FLZ3877_C1.jpg","articleSection":["Im Land Brandenburg unterwegs","LANDpartie, unterwegs in der Mark Brandenburg","Menschliches aus der Mark"],"inLanguage":"de","potentialAction":[{"@type":"CommentAction","name":"Comment","target":["https:\/\/liebke-foto.de\/maerkischeslicht\/bildband-kremmen\/#respond"]}]},{"@type":"WebPage","@id":"https:\/\/liebke-foto.de\/maerkischeslicht\/bildband-kremmen\/","url":"https:\/\/liebke-foto.de\/maerkischeslicht\/bildband-kremmen\/","name":"Bildband Kremmen - M\u00e4rkisches Licht - Der Fotograf der Stille","isPartOf":{"@id":"https:\/\/liebke-foto.de\/maerkischeslicht\/#website"},"primaryImageOfPage":{"@id":"https:\/\/liebke-foto.de\/maerkischeslicht\/bildband-kremmen\/#primaryimage"},"image":{"@id":"https:\/\/liebke-foto.de\/maerkischeslicht\/bildband-kremmen\/#primaryimage"},"thumbnailUrl":"https:\/\/liebke-foto.de\/maerkischeslicht\/wp-content\/uploads\/2021\/02\/FLZ3877_C1.jpg","datePublished":"2021-02-15T15:32:15+00:00","dateModified":"2025-02-05T11:44:33+00:00","description":"Bildband Kremmen mit Fotos von Frank Liebke","breadcrumb":{"@id":"https:\/\/liebke-foto.de\/maerkischeslicht\/bildband-kremmen\/#breadcrumb"},"inLanguage":"de","potentialAction":[{"@type":"ReadAction","target":["https:\/\/liebke-foto.de\/maerkischeslicht\/bildband-kremmen\/"]}]},{"@type":"ImageObject","inLanguage":"de","@id":"https:\/\/liebke-foto.de\/maerkischeslicht\/bildband-kremmen\/#primaryimage","url":"https:\/\/liebke-foto.de\/maerkischeslicht\/wp-content\/uploads\/2021\/02\/FLZ3877_C1.jpg","contentUrl":"https:\/\/liebke-foto.de\/maerkischeslicht\/wp-content\/uploads\/2021\/02\/FLZ3877_C1.jpg","width":1300,"height":893},{"@type":"BreadcrumbList","@id":"https:\/\/liebke-foto.de\/maerkischeslicht\/bildband-kremmen\/#breadcrumb","itemListElement":[{"@type":"ListItem","position":1,"name":"Startseite","item":"https:\/\/liebke-foto.de\/maerkischeslicht\/"},{"@type":"ListItem","position":2,"name":"Bildband Kremmen"}]},{"@type":"WebSite","@id":"https:\/\/liebke-foto.de\/maerkischeslicht\/#website","url":"https:\/\/liebke-foto.de\/maerkischeslicht\/","name":"M\u00e4rkisches Licht - Der Fotograf der Stille","description":"Die Liebe zum Leben...","publisher":{"@id":"https:\/\/liebke-foto.de\/maerkischeslicht\/#\/schema\/person\/d71108abc09a723daeeb8526a33137ee"},"potentialAction":[{"@type":"SearchAction","target":{"@type":"EntryPoint","urlTemplate":"https:\/\/liebke-foto.de\/maerkischeslicht\/?s={search_term_string}"},"query-input":{"@type":"PropertyValueSpecification","valueRequired":true,"valueName":"search_term_string"}}],"inLanguage":"de"},{"@type":["Person","Organization"],"@id":"https:\/\/liebke-foto.de\/maerkischeslicht\/#\/schema\/person\/d71108abc09a723daeeb8526a33137ee","name":"Frank Liebke","image":{"@type":"ImageObject","inLanguage":"de","@id":"https:\/\/liebke-foto.de\/maerkischeslicht\/wp-content\/uploads\/2021\/12\/IMG-20211024-WA0001.jpg","url":"https:\/\/liebke-foto.de\/maerkischeslicht\/wp-content\/uploads\/2021\/12\/IMG-20211024-WA0001.jpg","contentUrl":"https:\/\/liebke-foto.de\/maerkischeslicht\/wp-content\/uploads\/2021\/12\/IMG-20211024-WA0001.jpg","width":900,"height":1600,"caption":"Frank Liebke"},"logo":{"@id":"https:\/\/liebke-foto.de\/maerkischeslicht\/wp-content\/uploads\/2021\/12\/IMG-20211024-WA0001.jpg"},"sameAs":["https:\/\/liebke-foto.de"],"url":"https:\/\/liebke-foto.de\/maerkischeslicht\/author\/adminuser\/"}]}},"_links":{"self":[{"href":"https:\/\/liebke-foto.de\/maerkischeslicht\/wp-json\/wp\/v2\/posts\/3554","targetHints":{"allow":["GET"]}}],"collection":[{"href":"https:\/\/liebke-foto.de\/maerkischeslicht\/wp-json\/wp\/v2\/posts"}],"about":[{"href":"https:\/\/liebke-foto.de\/maerkischeslicht\/wp-json\/wp\/v2\/types\/post"}],"author":[{"embeddable":true,"href":"https:\/\/liebke-foto.de\/maerkischeslicht\/wp-json\/wp\/v2\/users\/1"}],"replies":[{"embeddable":true,"href":"https:\/\/liebke-foto.de\/maerkischeslicht\/wp-json\/wp\/v2\/comments?post=3554"}],"version-history":[{"count":5,"href":"https:\/\/liebke-foto.de\/maerkischeslicht\/wp-json\/wp\/v2\/posts\/3554\/revisions"}],"predecessor-version":[{"id":9154,"href":"https:\/\/liebke-foto.de\/maerkischeslicht\/wp-json\/wp\/v2\/posts\/3554\/revisions\/9154"}],"wp:featuredmedia":[{"embeddable":true,"href":"https:\/\/liebke-foto.de\/maerkischeslicht\/wp-json\/wp\/v2\/media\/3555"}],"wp:attachment":[{"href":"https:\/\/liebke-foto.de\/maerkischeslicht\/wp-json\/wp\/v2\/media?parent=3554"}],"wp:term":[{"taxonomy":"category","embeddable":true,"href":"https:\/\/liebke-foto.de\/maerkischeslicht\/wp-json\/wp\/v2\/categories?post=3554"},{"taxonomy":"post_tag","embeddable":true,"href":"https:\/\/liebke-foto.de\/maerkischeslicht\/wp-json\/wp\/v2\/tags?post=3554"}],"curies":[{"name":"wp","href":"https:\/\/api.w.org\/{rel}","templated":true}]}}