{"id":3413,"date":"2020-12-27T18:48:42","date_gmt":"2020-12-27T16:48:42","guid":{"rendered":"http:\/\/liebke-foto.de\/maerkischeslicht\/?p=3413"},"modified":"2026-04-09T21:17:51","modified_gmt":"2026-04-09T19:17:51","slug":"weihnachten-2020-dazu-ein-spaziergang","status":"publish","type":"post","link":"https:\/\/liebke-foto.de\/maerkischeslicht\/weihnachten-2020-dazu-ein-spaziergang\/","title":{"rendered":"Weihnachten 2020, dazu ein Spaziergang"},"content":{"rendered":"<div class=\"wp-block-image\">\n<figure class=\"aligncenter size-large\"><a href=\"https:\/\/liebke-foto.de\/maerkischeslicht\/wp-content\/uploads\/2020\/12\/FLZ2487_C1.jpg\"><img loading=\"lazy\" decoding=\"async\" width=\"1200\" height=\"800\" src=\"https:\/\/liebke-foto.de\/maerkischeslicht\/wp-content\/uploads\/2020\/12\/FLZ2487_C1-1200x800.jpg\" alt=\"Lehnitzschleuse Oranienburg\" class=\"wp-image-3414\" srcset=\"https:\/\/liebke-foto.de\/maerkischeslicht\/wp-content\/uploads\/2020\/12\/FLZ2487_C1-1200x800.jpg 1200w, https:\/\/liebke-foto.de\/maerkischeslicht\/wp-content\/uploads\/2020\/12\/FLZ2487_C1-768x512.jpg 768w, https:\/\/liebke-foto.de\/maerkischeslicht\/wp-content\/uploads\/2020\/12\/FLZ2487_C1.jpg 1300w\" sizes=\"auto, (max-width: 1200px) 100vw, 1200px\" \/><\/a><figcaption class=\"wp-element-caption\">Lehnitzschleuse Oranienburg<\/figcaption><\/figure>\n<\/div>\n\n\n<p>Ein Weihnachtsfest, Weihnachten 2020, ganz allein. Davor hat mir immer gegrault. Aber, so schlimm ist das gar nicht, im Gegenteil. Wenn ich an die letzten zwei Feste denke und die Kommentare die ich dazu bekam, ist mir das jetzt tausendmal lieber. Da macht man alles damit sich alle wohl f\u00fchlen und hinterher bekommt man solche Spr\u00fcche wie &#8222;War nur gute Miene zum b\u00f6sen Spiel!&#8220;<\/p>\n\n\n\n<p> Ich will das nicht weiter ausweiten, ist privat und geht nur mich was an. Aber es soll kurz verdeutlichen, warum mir mein Weihnachten wirklich sch\u00f6n war, trotzdem ich es allein verbrachte. <\/p>\n\n\n\n<p>Diese ganze Corona-Misere hat ja noch den Punkt aufs i gemacht. Die Eltern werden n\u00e4chstes Jahr 80, ich bin zur Risikogruppe durch meine vorj\u00e4hrige krasse Krankheit zugeh\u00f6rig. Und bevor man was macht, was man ewig bereut, bleibt man lieber zu Hause. Das haben sicher in diesem Jahr viele erleben m\u00fcssen. <\/p>\n\n\n\n<p>Gut, die kulinarische Versorgung war gesichert, K\u00fchlschrank und Tiefk\u00fchler belegt. Bezahlte Kalender wurden noch verschickt, nun kam nur noch das Genie\u00dfen der sch\u00f6nen Tage. Das Wetter war leider wie immer. Kein Schnee, daf\u00fcr K\u00e4lte und Gr\u00e4ue. <\/p>\n\n\n\n<p>Zu Hause helfen Kerzen, aber irgendwie sollte man auch mal wieder rausgehen. Die Entscheidung f\u00e4llt schwer, am zweiten Weihnachtstag war ich so eingerostet dass ich raus musste und unbedingt wollte. <\/p>\n\n\n\n<p>Wohin? Immer dieselbe Frage, denn meine treue Kamera begleitet mich dabei auf Schritt und Tritt. Und sie will sich ja nicht langweilen, will was geboten bekommen. Im grauen Einerlei. <\/p>\n\n\n\n<p>Den M\u00fchlensee habe ich diesmal verworfen, war schon sehr oft dort. Also, die &#8222;Liebesinsel&#8220; zwischen Oranienburg und Lehnitz am Lehnitzsee war diesmal wieder mein Ziel. Das Auge gesch\u00e4rft, die Sinne sowieso und los geht es. <\/p>\n\n\n\n<p>Gleich vorweg, mir ist es diesmal wirklich nicht leicht gefallen, Motive zu finden. Ich hatte auch ein paar ganz alte Objektive dabei. Die sollten mal an meine moderne Nikon Z7 um Schwarz-Weis-Fotos zu ernten. Hab ich dann nach ein paar Versuchen gelassen und die 24-70\/4S &#8211; Optik wieder angesetzt. Und mit der konsequent nur mit der Brennweite 50mm fotografiert. <\/p>\n\n\n\n<p>Es ist die sogenannte Normalbrennweite f\u00fcr das Vollformat, oder zu Analogzeiten, das Kleinbild-Filmformat, sprich 24x36mm Bildfl\u00e4che. <\/p>\n\n\n\n<p>Diese Normalbrennweite eben hat den gro\u00dfen Vorteil (deswegen auch Normal) sie entspricht dem direkten normalen Sehwinkel des Menschen. Und damit kann man sehr gute Bilder einsammeln. Vorausgesetzt man kann es auch. Da muss man schon genau den Ausschnitt bestimmen, kann nicht einfach ranzoomen, wenn es nicht passt, oder den Weitwinkel einklinken, damit noch mehr Leere ins Viereck kommt. <\/p>\n\n\n\n<p>Nein, und davon bin ich immer wieder \u00fcberzeugt, das Normalobjektiv ist eine sehr gute Seh-Schule, man muss sich eben wieder selbst bewegen wenn was nicht passt. N\u00e4her heran, weiter weg, ein paar Zentimeter nach links oder rechts machen es aus ob das ein Bild wird oder Murks. <\/p>\n\n\n\n<p>Gro\u00dfe Altmeister der Fotografie wie Henri Cartier Bresson oder Steve McCurry haben den gr\u00f6\u00dften Teil ihrer bekanntesten und weltweit pr\u00e4mierten Bilder mit denau diesen 50mm gemacht. Sollte eigentlich jeder Fotograf, oder der sich daf\u00fcr h\u00e4lt, verinnerlichen, zumindest mal dr\u00fcber nachdenken.<\/p>\n\n\n\n<p><\/p>\n\n\n\n<p><\/p>\n\n\n\n<p>Ich parkte oben am Parkplatz vor der Br\u00fccke und ging \u00fcber die Br\u00fccke zur Liebesinsel. Ein kleiner Blick zur Lehnitzschleuse und ein melancholisches Bild nahm ich mit. Mehr war nicht drin. Es wehte ein frischer, belebender Wind, kleine Wellen klatschten ans Ufer. <\/p>\n\n\n\n<p>Warm eingepackt f\u00fchlte ich mich einfach nur wohl. Und mit der Zeit sch\u00e4rfte sich wieder der Blick f\u00fcr Motive. Ein fast monochromer Blick am Schilf vorbei auf den See, ein paar Kleinigkeiten am Wegesrand. <\/p>\n\n\n\n<p>Der Stintgraben, an dem ich wieder meine Freundin, die Wasseramsel, erhoffte, war leider ausgetrocknet. Schade.<\/p>\n\n\n\n<p>Ein guter Spaziergang und langsam ging es zur\u00fcck zum Auto. Die Finger wurden schon so klamm dass es etwas schwierig wurde, das Fotoger\u00e4t zu bedienen. Aber nach Hause wollte ich noch nicht. Ich fuhr weiter nach Schmachtenhagen zur &#8222;Russenstra\u00dfe&#8220; die zum Grabowsee f\u00fchrt. <\/p>\n\n\n\n<p>Stra\u00dfe ist eigentlich geprahlt, durch die vielen Schlagl\u00f6cher ist gr\u00f6\u00dftenteils Schrittempo angesagt. An einer Stelle kann man das Auto gut abstellen und sich in die Landschaft zur B\u00e4ke, einen kleinen Bach, verdr\u00fccken. Und der hatte Wasser, wie immer. <\/p>\n\n\n\n<p>Sch\u00f6n ist es hier auch immer, sogar jetzt. Und wie zur Belohnung fing es urpl\u00f6tzlich an zu schneien, so wie man sich das zu Weihnachten w\u00fcnscht. <\/p>\n\n\n\n<p>Und die Kamera war mit ein paar Handgriffen in Sekunden bereit, diese Stimmung mit dicken Schneeflocken auch festzuhalten. Ich war einfach gl\u00fccklich. Drei Minuten sp\u00e4ter war alles vorbei, als h\u00e4tte ich es nur getr\u00e4umt. <\/p>\n\n\n\n<p>Aber ich hab ja die Fotos, und eins davon m\u00f6chte ich Euch auch zeigen. Nun war ich gut bewegt, aber auch gut durchgefroren. Und zufrieden fuhr ich nach Hause, ein kr\u00e4ftiger hei\u00dfer Ostfriesentee brachte alles wieder gut in Schwung. Und am Bildschirm freute ich mich \u00fcber meine &#8222;Bilderernte&#8220;. \ud83d\ude42<\/p>\n\n\n<div class=\"wp-block-image is-style-default\">\n<figure class=\"aligncenter size-large\"><a href=\"https:\/\/liebke-foto.de\/maerkischeslicht\/wp-content\/uploads\/2020\/12\/FLZ2492_C1.jpg\"><img loading=\"lazy\" decoding=\"async\" width=\"1200\" height=\"800\" src=\"https:\/\/liebke-foto.de\/maerkischeslicht\/wp-content\/uploads\/2020\/12\/FLZ2492_C1-1200x800.jpg\" alt=\"\" class=\"wp-image-3417\" srcset=\"https:\/\/liebke-foto.de\/maerkischeslicht\/wp-content\/uploads\/2020\/12\/FLZ2492_C1-1200x800.jpg 1200w, https:\/\/liebke-foto.de\/maerkischeslicht\/wp-content\/uploads\/2020\/12\/FLZ2492_C1-768x512.jpg 768w, https:\/\/liebke-foto.de\/maerkischeslicht\/wp-content\/uploads\/2020\/12\/FLZ2492_C1.jpg 1300w\" sizes=\"auto, (max-width: 1200px) 100vw, 1200px\" \/><\/a><\/figure>\n<\/div>\n\n\n<p><\/p>\n\n\n\n<p><\/p>\n\n\n<div class=\"wp-block-image is-style-default\">\n<figure class=\"aligncenter size-large\"><a href=\"https:\/\/liebke-foto.de\/maerkischeslicht\/wp-content\/uploads\/2020\/12\/FLZ2503_C1.jpg\"><img loading=\"lazy\" decoding=\"async\" width=\"1200\" height=\"800\" src=\"https:\/\/liebke-foto.de\/maerkischeslicht\/wp-content\/uploads\/2020\/12\/FLZ2503_C1-1200x800.jpg\" alt=\"\" class=\"wp-image-3418\" srcset=\"https:\/\/liebke-foto.de\/maerkischeslicht\/wp-content\/uploads\/2020\/12\/FLZ2503_C1-1200x800.jpg 1200w, https:\/\/liebke-foto.de\/maerkischeslicht\/wp-content\/uploads\/2020\/12\/FLZ2503_C1-768x512.jpg 768w, https:\/\/liebke-foto.de\/maerkischeslicht\/wp-content\/uploads\/2020\/12\/FLZ2503_C1.jpg 1300w\" sizes=\"auto, (max-width: 1200px) 100vw, 1200px\" \/><\/a><\/figure>\n<\/div>\n\n\n<p><\/p>\n\n\n\n<p><\/p>\n\n\n<div class=\"wp-block-image is-style-default\">\n<figure class=\"aligncenter size-large\"><a href=\"https:\/\/liebke-foto.de\/maerkischeslicht\/wp-content\/uploads\/2020\/12\/FLZ2510_C1.jpg\"><img loading=\"lazy\" decoding=\"async\" width=\"1200\" height=\"800\" src=\"https:\/\/liebke-foto.de\/maerkischeslicht\/wp-content\/uploads\/2020\/12\/FLZ2510_C1-1200x800.jpg\" alt=\"Blick von der &quot;Liebesinsel&quot; zum Lehnitzsee\" class=\"wp-image-3419\" srcset=\"https:\/\/liebke-foto.de\/maerkischeslicht\/wp-content\/uploads\/2020\/12\/FLZ2510_C1-1200x800.jpg 1200w, https:\/\/liebke-foto.de\/maerkischeslicht\/wp-content\/uploads\/2020\/12\/FLZ2510_C1-768x512.jpg 768w, https:\/\/liebke-foto.de\/maerkischeslicht\/wp-content\/uploads\/2020\/12\/FLZ2510_C1.jpg 1300w\" sizes=\"auto, (max-width: 1200px) 100vw, 1200px\" \/><\/a><figcaption class=\"wp-element-caption\">Blick von der &#8222;Liebesinsel&#8220; zum Lehnitzsee<\/figcaption><\/figure>\n<\/div>\n\n<div class=\"wp-block-image is-style-default\">\n<figure class=\"aligncenter size-large\"><a href=\"https:\/\/liebke-foto.de\/maerkischeslicht\/wp-content\/uploads\/2020\/12\/FLZ2535_C1.jpg\"><img loading=\"lazy\" decoding=\"async\" width=\"1200\" height=\"800\" src=\"https:\/\/liebke-foto.de\/maerkischeslicht\/wp-content\/uploads\/2020\/12\/FLZ2535_C1-1200x800.jpg\" alt=\"Baumpilz \" class=\"wp-image-3420\" srcset=\"https:\/\/liebke-foto.de\/maerkischeslicht\/wp-content\/uploads\/2020\/12\/FLZ2535_C1-1200x800.jpg 1200w, https:\/\/liebke-foto.de\/maerkischeslicht\/wp-content\/uploads\/2020\/12\/FLZ2535_C1-768x512.jpg 768w, https:\/\/liebke-foto.de\/maerkischeslicht\/wp-content\/uploads\/2020\/12\/FLZ2535_C1.jpg 1300w\" sizes=\"auto, (max-width: 1200px) 100vw, 1200px\" \/><\/a><figcaption class=\"wp-element-caption\">Baumpilz <\/figcaption><\/figure>\n<\/div>\n\n<div class=\"wp-block-image is-style-default\">\n<figure class=\"aligncenter size-large\"><a href=\"https:\/\/liebke-foto.de\/maerkischeslicht\/wp-content\/uploads\/2020\/12\/FLZ2585_C1.jpg\"><img loading=\"lazy\" decoding=\"async\" width=\"1200\" height=\"800\" src=\"https:\/\/liebke-foto.de\/maerkischeslicht\/wp-content\/uploads\/2020\/12\/FLZ2585_C1-1200x800.jpg\" alt=\"Die B\u00e4ke im Schneefall, bei Schmachtenhagen\" class=\"wp-image-3421\" srcset=\"https:\/\/liebke-foto.de\/maerkischeslicht\/wp-content\/uploads\/2020\/12\/FLZ2585_C1-1200x800.jpg 1200w, https:\/\/liebke-foto.de\/maerkischeslicht\/wp-content\/uploads\/2020\/12\/FLZ2585_C1-768x512.jpg 768w, https:\/\/liebke-foto.de\/maerkischeslicht\/wp-content\/uploads\/2020\/12\/FLZ2585_C1.jpg 1300w\" sizes=\"auto, (max-width: 1200px) 100vw, 1200px\" \/><\/a><figcaption class=\"wp-element-caption\">Die B\u00e4ke im Schneefall, bei Schmachtenhagen<\/figcaption><\/figure>\n<\/div>\n\n<div class=\"wp-block-image is-style-default\">\n<figure class=\"aligncenter size-large\"><a href=\"https:\/\/liebke-foto.de\/maerkischeslicht\/wp-content\/uploads\/2020\/12\/FLZ2556_C1.jpg\"><img loading=\"lazy\" decoding=\"async\" width=\"1200\" height=\"800\" src=\"https:\/\/liebke-foto.de\/maerkischeslicht\/wp-content\/uploads\/2020\/12\/FLZ2556_C1-1200x800.jpg\" alt=\"Die B\u00e4ke im Schneefall, bei Schmachtenhagen\" class=\"wp-image-3426\" srcset=\"https:\/\/liebke-foto.de\/maerkischeslicht\/wp-content\/uploads\/2020\/12\/FLZ2556_C1-1200x800.jpg 1200w, https:\/\/liebke-foto.de\/maerkischeslicht\/wp-content\/uploads\/2020\/12\/FLZ2556_C1-768x512.jpg 768w, https:\/\/liebke-foto.de\/maerkischeslicht\/wp-content\/uploads\/2020\/12\/FLZ2556_C1.jpg 1300w\" sizes=\"auto, (max-width: 1200px) 100vw, 1200px\" \/><\/a><\/figure>\n<\/div>\n\n\n<p><\/p>\n\n\n\n<p><\/p>\n\n\n<div class=\"wp-block-image is-style-default\">\n<figure class=\"aligncenter size-large\"><a href=\"https:\/\/liebke-foto.de\/maerkischeslicht\/wp-content\/uploads\/2020\/12\/FLZ2558_C1.jpg\"><img loading=\"lazy\" decoding=\"async\" width=\"1200\" height=\"800\" src=\"https:\/\/liebke-foto.de\/maerkischeslicht\/wp-content\/uploads\/2020\/12\/FLZ2558_C1-1200x800.jpg\" alt=\"Die B\u00e4ke im Schneefall, bei Schmachtenhagen\" class=\"wp-image-3429\" srcset=\"https:\/\/liebke-foto.de\/maerkischeslicht\/wp-content\/uploads\/2020\/12\/FLZ2558_C1-1200x800.jpg 1200w, https:\/\/liebke-foto.de\/maerkischeslicht\/wp-content\/uploads\/2020\/12\/FLZ2558_C1-768x512.jpg 768w, https:\/\/liebke-foto.de\/maerkischeslicht\/wp-content\/uploads\/2020\/12\/FLZ2558_C1.jpg 1300w\" sizes=\"auto, (max-width: 1200px) 100vw, 1200px\" \/><\/a><figcaption class=\"wp-element-caption\">Die B\u00e4ke im Schneefall, bei Schmachtenhagen<\/figcaption><\/figure>\n<\/div>\n\n<div class=\"wp-block-image is-style-default\">\n<figure class=\"aligncenter size-large\"><a href=\"https:\/\/liebke-foto.de\/maerkischeslicht\/wp-content\/uploads\/2020\/12\/FLZ2574_C1.jpg\"><img loading=\"lazy\" decoding=\"async\" width=\"1200\" height=\"800\" src=\"https:\/\/liebke-foto.de\/maerkischeslicht\/wp-content\/uploads\/2020\/12\/FLZ2574_C1-1200x800.jpg\" alt=\"Die B\u00e4ke im Schneefall, bei Schmachtenhagen\" class=\"wp-image-3431\" srcset=\"https:\/\/liebke-foto.de\/maerkischeslicht\/wp-content\/uploads\/2020\/12\/FLZ2574_C1-1200x800.jpg 1200w, https:\/\/liebke-foto.de\/maerkischeslicht\/wp-content\/uploads\/2020\/12\/FLZ2574_C1-768x512.jpg 768w, https:\/\/liebke-foto.de\/maerkischeslicht\/wp-content\/uploads\/2020\/12\/FLZ2574_C1.jpg 1300w\" sizes=\"auto, (max-width: 1200px) 100vw, 1200px\" \/><\/a><\/figure>\n<\/div>\n\n\n<div style=\"padding:20px\" class=\"wp-block-tnp-minimal\"><p>Subscribe to our newsletter!<\/p><div><div class=\"tnp tnp-subscription \">\n<form method=\"post\" action=\"https:\/\/liebke-foto.de\/maerkischeslicht\/wp-admin\/admin-ajax.php?action=tnp&amp;na=s\">\n<input type=\"hidden\" name=\"nlang\" value=\"\">\n<div class=\"tnp-field tnp-field-firstname\"><label for=\"tnp-1\">Vorname oder ganzer Name<\/label>\n<input class=\"tnp-name\" type=\"text\" name=\"nn\" id=\"tnp-1\" value=\"\" placeholder=\"\"><\/div>\n<div class=\"tnp-field tnp-field-email\"><label for=\"tnp-2\">Email<\/label>\n<input class=\"tnp-email\" type=\"email\" name=\"ne\" id=\"tnp-2\" value=\"\" placeholder=\"\" required><\/div>\n<div class=\"tnp-field tnp-privacy-field\"><label><input type=\"checkbox\" name=\"ny\" required class=\"tnp-privacy\"> Indem Du fortf\u00e4hrst, akzeptierst Du unsere Datenschutzerkl\u00e4rung.<\/label><\/div><div class=\"tnp-field tnp-field-button\" style=\"text-align: left\"><input class=\"tnp-submit\" type=\"submit\" value=\"Abonnieren\" style=\"\">\n<\/div>\n<\/form>\n<\/div>\n<\/div><\/div>\n\n\n\n\n","protected":false},"excerpt":{"rendered":"<p>Ein Weihnachtsfest, Weihnachten 2020, ganz allein. Davor hat mir immer gegrault. Aber, so schlimm ist das gar nicht, im Gegenteil. Wenn ich an&#8230;<\/p>\n","protected":false},"author":1,"featured_media":3421,"comment_status":"open","ping_status":"closed","sticky":false,"template":"","format":"image","meta":{"footnotes":""},"categories":[11,66,10,34,12],"tags":[],"class_list":["post-3413","post","type-post","status-publish","format-image","has-post-thumbnail","hentry","category-im-land-brandenburg-unterwegs","category-landpartie","category-landschaft-mark-brandenburg-oberhavel-barnim","category-naturpark-barnim","category-wildes-brandenburg","post_format-post-format-image"],"yoast_head":"<!-- This site is optimized with the Yoast SEO plugin v27.5 - https:\/\/yoast.com\/product\/yoast-seo-wordpress\/ -->\n<title>Weihnachten 2020, dazu ein Spaziergang - M\u00e4rkisches Licht - Der Fotograf der Stille<\/title>\n<meta name=\"description\" content=\"Ein Weihnachtsfest, Weihnachten 2020, ganz allein. Davor hat mir immer gegrault. Aber, so schlimm ist das gar nicht, im Gegenteil.\" \/>\n<meta name=\"robots\" content=\"index, follow, max-snippet:-1, max-image-preview:large, max-video-preview:-1\" \/>\n<link rel=\"canonical\" href=\"https:\/\/liebke-foto.de\/maerkischeslicht\/weihnachten-2020-dazu-ein-spaziergang\/\" \/>\n<meta property=\"og:locale\" content=\"de_DE\" \/>\n<meta property=\"og:type\" content=\"article\" \/>\n<meta property=\"og:title\" content=\"Weihnachten 2020, dazu ein Spaziergang - M\u00e4rkisches Licht - Der Fotograf der Stille\" \/>\n<meta property=\"og:description\" content=\"Ein Weihnachtsfest, Weihnachten 2020, ganz allein. Davor hat mir immer gegrault. Aber, so schlimm ist das gar nicht, im Gegenteil.\" \/>\n<meta property=\"og:url\" content=\"https:\/\/liebke-foto.de\/maerkischeslicht\/weihnachten-2020-dazu-ein-spaziergang\/\" \/>\n<meta property=\"og:site_name\" content=\"M\u00e4rkisches Licht - Der Fotograf der Stille\" \/>\n<meta property=\"article:published_time\" content=\"2020-12-27T16:48:42+00:00\" \/>\n<meta property=\"article:modified_time\" content=\"2026-04-09T19:17:51+00:00\" \/>\n<meta property=\"og:image\" content=\"https:\/\/liebke-foto.de\/maerkischeslicht\/wp-content\/uploads\/2020\/12\/FLZ2585_C1.jpg\" \/>\n\t<meta property=\"og:image:width\" content=\"1300\" \/>\n\t<meta property=\"og:image:height\" content=\"867\" \/>\n\t<meta property=\"og:image:type\" content=\"image\/jpeg\" \/>\n<meta name=\"author\" content=\"Frank Liebke\" \/>\n<meta name=\"twitter:card\" content=\"summary_large_image\" \/>\n<meta name=\"twitter:label1\" content=\"Verfasst von\" \/>\n\t<meta name=\"twitter:data1\" content=\"Frank Liebke\" \/>\n\t<meta name=\"twitter:label2\" content=\"Gesch\u00e4tzte Lesezeit\" \/>\n\t<meta name=\"twitter:data2\" content=\"8\u00a0Minuten\" \/>\n<script type=\"application\/ld+json\" class=\"yoast-schema-graph\">{\"@context\":\"https:\\\/\\\/schema.org\",\"@graph\":[{\"@type\":\"Article\",\"@id\":\"https:\\\/\\\/liebke-foto.de\\\/maerkischeslicht\\\/weihnachten-2020-dazu-ein-spaziergang\\\/#article\",\"isPartOf\":{\"@id\":\"https:\\\/\\\/liebke-foto.de\\\/maerkischeslicht\\\/weihnachten-2020-dazu-ein-spaziergang\\\/\"},\"author\":{\"name\":\"Frank Liebke\",\"@id\":\"https:\\\/\\\/liebke-foto.de\\\/maerkischeslicht\\\/#\\\/schema\\\/person\\\/d71108abc09a723daeeb8526a33137ee\"},\"headline\":\"Weihnachten 2020, dazu ein Spaziergang\",\"datePublished\":\"2020-12-27T16:48:42+00:00\",\"dateModified\":\"2026-04-09T19:17:51+00:00\",\"mainEntityOfPage\":{\"@id\":\"https:\\\/\\\/liebke-foto.de\\\/maerkischeslicht\\\/weihnachten-2020-dazu-ein-spaziergang\\\/\"},\"wordCount\":860,\"commentCount\":0,\"publisher\":{\"@id\":\"https:\\\/\\\/liebke-foto.de\\\/maerkischeslicht\\\/#\\\/schema\\\/person\\\/d71108abc09a723daeeb8526a33137ee\"},\"image\":{\"@id\":\"https:\\\/\\\/liebke-foto.de\\\/maerkischeslicht\\\/weihnachten-2020-dazu-ein-spaziergang\\\/#primaryimage\"},\"thumbnailUrl\":\"https:\\\/\\\/liebke-foto.de\\\/maerkischeslicht\\\/wp-content\\\/uploads\\\/2020\\\/12\\\/FLZ2585_C1.jpg\",\"articleSection\":[\"Im Land Brandenburg unterwegs\",\"LANDpartie, unterwegs in der Mark Brandenburg\",\"Landschaft\",\"Naturpark Barnim\",\"Wildes Brandenburg\"],\"inLanguage\":\"de\",\"potentialAction\":[{\"@type\":\"CommentAction\",\"name\":\"Comment\",\"target\":[\"https:\\\/\\\/liebke-foto.de\\\/maerkischeslicht\\\/weihnachten-2020-dazu-ein-spaziergang\\\/#respond\"]}]},{\"@type\":\"WebPage\",\"@id\":\"https:\\\/\\\/liebke-foto.de\\\/maerkischeslicht\\\/weihnachten-2020-dazu-ein-spaziergang\\\/\",\"url\":\"https:\\\/\\\/liebke-foto.de\\\/maerkischeslicht\\\/weihnachten-2020-dazu-ein-spaziergang\\\/\",\"name\":\"Weihnachten 2020, dazu ein Spaziergang - M\u00e4rkisches Licht - Der Fotograf der Stille\",\"isPartOf\":{\"@id\":\"https:\\\/\\\/liebke-foto.de\\\/maerkischeslicht\\\/#website\"},\"primaryImageOfPage\":{\"@id\":\"https:\\\/\\\/liebke-foto.de\\\/maerkischeslicht\\\/weihnachten-2020-dazu-ein-spaziergang\\\/#primaryimage\"},\"image\":{\"@id\":\"https:\\\/\\\/liebke-foto.de\\\/maerkischeslicht\\\/weihnachten-2020-dazu-ein-spaziergang\\\/#primaryimage\"},\"thumbnailUrl\":\"https:\\\/\\\/liebke-foto.de\\\/maerkischeslicht\\\/wp-content\\\/uploads\\\/2020\\\/12\\\/FLZ2585_C1.jpg\",\"datePublished\":\"2020-12-27T16:48:42+00:00\",\"dateModified\":\"2026-04-09T19:17:51+00:00\",\"description\":\"Ein Weihnachtsfest, Weihnachten 2020, ganz allein. Davor hat mir immer gegrault. Aber, so schlimm ist das gar nicht, im Gegenteil.\",\"breadcrumb\":{\"@id\":\"https:\\\/\\\/liebke-foto.de\\\/maerkischeslicht\\\/weihnachten-2020-dazu-ein-spaziergang\\\/#breadcrumb\"},\"inLanguage\":\"de\",\"potentialAction\":[{\"@type\":\"ReadAction\",\"target\":[\"https:\\\/\\\/liebke-foto.de\\\/maerkischeslicht\\\/weihnachten-2020-dazu-ein-spaziergang\\\/\"]}]},{\"@type\":\"ImageObject\",\"inLanguage\":\"de\",\"@id\":\"https:\\\/\\\/liebke-foto.de\\\/maerkischeslicht\\\/weihnachten-2020-dazu-ein-spaziergang\\\/#primaryimage\",\"url\":\"https:\\\/\\\/liebke-foto.de\\\/maerkischeslicht\\\/wp-content\\\/uploads\\\/2020\\\/12\\\/FLZ2585_C1.jpg\",\"contentUrl\":\"https:\\\/\\\/liebke-foto.de\\\/maerkischeslicht\\\/wp-content\\\/uploads\\\/2020\\\/12\\\/FLZ2585_C1.jpg\",\"width\":1300,\"height\":867},{\"@type\":\"BreadcrumbList\",\"@id\":\"https:\\\/\\\/liebke-foto.de\\\/maerkischeslicht\\\/weihnachten-2020-dazu-ein-spaziergang\\\/#breadcrumb\",\"itemListElement\":[{\"@type\":\"ListItem\",\"position\":1,\"name\":\"Startseite\",\"item\":\"https:\\\/\\\/liebke-foto.de\\\/maerkischeslicht\\\/\"},{\"@type\":\"ListItem\",\"position\":2,\"name\":\"Weihnachten 2020, dazu ein Spaziergang\"}]},{\"@type\":\"WebSite\",\"@id\":\"https:\\\/\\\/liebke-foto.de\\\/maerkischeslicht\\\/#website\",\"url\":\"https:\\\/\\\/liebke-foto.de\\\/maerkischeslicht\\\/\",\"name\":\"M\u00e4rkisches Licht - Der Fotograf der Stille\",\"description\":\"Die Liebe zum Leben...\",\"publisher\":{\"@id\":\"https:\\\/\\\/liebke-foto.de\\\/maerkischeslicht\\\/#\\\/schema\\\/person\\\/d71108abc09a723daeeb8526a33137ee\"},\"potentialAction\":[{\"@type\":\"SearchAction\",\"target\":{\"@type\":\"EntryPoint\",\"urlTemplate\":\"https:\\\/\\\/liebke-foto.de\\\/maerkischeslicht\\\/?s={search_term_string}\"},\"query-input\":{\"@type\":\"PropertyValueSpecification\",\"valueRequired\":true,\"valueName\":\"search_term_string\"}}],\"inLanguage\":\"de\"},{\"@type\":[\"Person\",\"Organization\"],\"@id\":\"https:\\\/\\\/liebke-foto.de\\\/maerkischeslicht\\\/#\\\/schema\\\/person\\\/d71108abc09a723daeeb8526a33137ee\",\"name\":\"Frank Liebke\",\"image\":{\"@type\":\"ImageObject\",\"inLanguage\":\"de\",\"@id\":\"https:\\\/\\\/liebke-foto.de\\\/maerkischeslicht\\\/wp-content\\\/uploads\\\/2021\\\/12\\\/IMG-20211024-WA0001.jpg\",\"url\":\"https:\\\/\\\/liebke-foto.de\\\/maerkischeslicht\\\/wp-content\\\/uploads\\\/2021\\\/12\\\/IMG-20211024-WA0001.jpg\",\"contentUrl\":\"https:\\\/\\\/liebke-foto.de\\\/maerkischeslicht\\\/wp-content\\\/uploads\\\/2021\\\/12\\\/IMG-20211024-WA0001.jpg\",\"width\":900,\"height\":1600,\"caption\":\"Frank Liebke\"},\"logo\":{\"@id\":\"https:\\\/\\\/liebke-foto.de\\\/maerkischeslicht\\\/wp-content\\\/uploads\\\/2021\\\/12\\\/IMG-20211024-WA0001.jpg\"},\"sameAs\":[\"https:\\\/\\\/liebke-foto.de\"],\"url\":\"https:\\\/\\\/liebke-foto.de\\\/maerkischeslicht\\\/author\\\/adminuser\\\/\"}]}<\/script>\n<!-- \/ Yoast SEO plugin. -->","yoast_head_json":{"title":"Weihnachten 2020, dazu ein Spaziergang - M\u00e4rkisches Licht - Der Fotograf der Stille","description":"Ein Weihnachtsfest, Weihnachten 2020, ganz allein. Davor hat mir immer gegrault. Aber, so schlimm ist das gar nicht, im Gegenteil.","robots":{"index":"index","follow":"follow","max-snippet":"max-snippet:-1","max-image-preview":"max-image-preview:large","max-video-preview":"max-video-preview:-1"},"canonical":"https:\/\/liebke-foto.de\/maerkischeslicht\/weihnachten-2020-dazu-ein-spaziergang\/","og_locale":"de_DE","og_type":"article","og_title":"Weihnachten 2020, dazu ein Spaziergang - M\u00e4rkisches Licht - Der Fotograf der Stille","og_description":"Ein Weihnachtsfest, Weihnachten 2020, ganz allein. Davor hat mir immer gegrault. Aber, so schlimm ist das gar nicht, im Gegenteil.","og_url":"https:\/\/liebke-foto.de\/maerkischeslicht\/weihnachten-2020-dazu-ein-spaziergang\/","og_site_name":"M\u00e4rkisches Licht - Der Fotograf der Stille","article_published_time":"2020-12-27T16:48:42+00:00","article_modified_time":"2026-04-09T19:17:51+00:00","og_image":[{"width":1300,"height":867,"url":"https:\/\/liebke-foto.de\/maerkischeslicht\/wp-content\/uploads\/2020\/12\/FLZ2585_C1.jpg","type":"image\/jpeg"}],"author":"Frank Liebke","twitter_card":"summary_large_image","twitter_misc":{"Verfasst von":"Frank Liebke","Gesch\u00e4tzte Lesezeit":"8\u00a0Minuten"},"schema":{"@context":"https:\/\/schema.org","@graph":[{"@type":"Article","@id":"https:\/\/liebke-foto.de\/maerkischeslicht\/weihnachten-2020-dazu-ein-spaziergang\/#article","isPartOf":{"@id":"https:\/\/liebke-foto.de\/maerkischeslicht\/weihnachten-2020-dazu-ein-spaziergang\/"},"author":{"name":"Frank Liebke","@id":"https:\/\/liebke-foto.de\/maerkischeslicht\/#\/schema\/person\/d71108abc09a723daeeb8526a33137ee"},"headline":"Weihnachten 2020, dazu ein Spaziergang","datePublished":"2020-12-27T16:48:42+00:00","dateModified":"2026-04-09T19:17:51+00:00","mainEntityOfPage":{"@id":"https:\/\/liebke-foto.de\/maerkischeslicht\/weihnachten-2020-dazu-ein-spaziergang\/"},"wordCount":860,"commentCount":0,"publisher":{"@id":"https:\/\/liebke-foto.de\/maerkischeslicht\/#\/schema\/person\/d71108abc09a723daeeb8526a33137ee"},"image":{"@id":"https:\/\/liebke-foto.de\/maerkischeslicht\/weihnachten-2020-dazu-ein-spaziergang\/#primaryimage"},"thumbnailUrl":"https:\/\/liebke-foto.de\/maerkischeslicht\/wp-content\/uploads\/2020\/12\/FLZ2585_C1.jpg","articleSection":["Im Land Brandenburg unterwegs","LANDpartie, unterwegs in der Mark Brandenburg","Landschaft","Naturpark Barnim","Wildes Brandenburg"],"inLanguage":"de","potentialAction":[{"@type":"CommentAction","name":"Comment","target":["https:\/\/liebke-foto.de\/maerkischeslicht\/weihnachten-2020-dazu-ein-spaziergang\/#respond"]}]},{"@type":"WebPage","@id":"https:\/\/liebke-foto.de\/maerkischeslicht\/weihnachten-2020-dazu-ein-spaziergang\/","url":"https:\/\/liebke-foto.de\/maerkischeslicht\/weihnachten-2020-dazu-ein-spaziergang\/","name":"Weihnachten 2020, dazu ein Spaziergang - M\u00e4rkisches Licht - Der Fotograf der Stille","isPartOf":{"@id":"https:\/\/liebke-foto.de\/maerkischeslicht\/#website"},"primaryImageOfPage":{"@id":"https:\/\/liebke-foto.de\/maerkischeslicht\/weihnachten-2020-dazu-ein-spaziergang\/#primaryimage"},"image":{"@id":"https:\/\/liebke-foto.de\/maerkischeslicht\/weihnachten-2020-dazu-ein-spaziergang\/#primaryimage"},"thumbnailUrl":"https:\/\/liebke-foto.de\/maerkischeslicht\/wp-content\/uploads\/2020\/12\/FLZ2585_C1.jpg","datePublished":"2020-12-27T16:48:42+00:00","dateModified":"2026-04-09T19:17:51+00:00","description":"Ein Weihnachtsfest, Weihnachten 2020, ganz allein. Davor hat mir immer gegrault. Aber, so schlimm ist das gar nicht, im Gegenteil.","breadcrumb":{"@id":"https:\/\/liebke-foto.de\/maerkischeslicht\/weihnachten-2020-dazu-ein-spaziergang\/#breadcrumb"},"inLanguage":"de","potentialAction":[{"@type":"ReadAction","target":["https:\/\/liebke-foto.de\/maerkischeslicht\/weihnachten-2020-dazu-ein-spaziergang\/"]}]},{"@type":"ImageObject","inLanguage":"de","@id":"https:\/\/liebke-foto.de\/maerkischeslicht\/weihnachten-2020-dazu-ein-spaziergang\/#primaryimage","url":"https:\/\/liebke-foto.de\/maerkischeslicht\/wp-content\/uploads\/2020\/12\/FLZ2585_C1.jpg","contentUrl":"https:\/\/liebke-foto.de\/maerkischeslicht\/wp-content\/uploads\/2020\/12\/FLZ2585_C1.jpg","width":1300,"height":867},{"@type":"BreadcrumbList","@id":"https:\/\/liebke-foto.de\/maerkischeslicht\/weihnachten-2020-dazu-ein-spaziergang\/#breadcrumb","itemListElement":[{"@type":"ListItem","position":1,"name":"Startseite","item":"https:\/\/liebke-foto.de\/maerkischeslicht\/"},{"@type":"ListItem","position":2,"name":"Weihnachten 2020, dazu ein Spaziergang"}]},{"@type":"WebSite","@id":"https:\/\/liebke-foto.de\/maerkischeslicht\/#website","url":"https:\/\/liebke-foto.de\/maerkischeslicht\/","name":"M\u00e4rkisches Licht - Der Fotograf der Stille","description":"Die Liebe zum Leben...","publisher":{"@id":"https:\/\/liebke-foto.de\/maerkischeslicht\/#\/schema\/person\/d71108abc09a723daeeb8526a33137ee"},"potentialAction":[{"@type":"SearchAction","target":{"@type":"EntryPoint","urlTemplate":"https:\/\/liebke-foto.de\/maerkischeslicht\/?s={search_term_string}"},"query-input":{"@type":"PropertyValueSpecification","valueRequired":true,"valueName":"search_term_string"}}],"inLanguage":"de"},{"@type":["Person","Organization"],"@id":"https:\/\/liebke-foto.de\/maerkischeslicht\/#\/schema\/person\/d71108abc09a723daeeb8526a33137ee","name":"Frank Liebke","image":{"@type":"ImageObject","inLanguage":"de","@id":"https:\/\/liebke-foto.de\/maerkischeslicht\/wp-content\/uploads\/2021\/12\/IMG-20211024-WA0001.jpg","url":"https:\/\/liebke-foto.de\/maerkischeslicht\/wp-content\/uploads\/2021\/12\/IMG-20211024-WA0001.jpg","contentUrl":"https:\/\/liebke-foto.de\/maerkischeslicht\/wp-content\/uploads\/2021\/12\/IMG-20211024-WA0001.jpg","width":900,"height":1600,"caption":"Frank Liebke"},"logo":{"@id":"https:\/\/liebke-foto.de\/maerkischeslicht\/wp-content\/uploads\/2021\/12\/IMG-20211024-WA0001.jpg"},"sameAs":["https:\/\/liebke-foto.de"],"url":"https:\/\/liebke-foto.de\/maerkischeslicht\/author\/adminuser\/"}]}},"_links":{"self":[{"href":"https:\/\/liebke-foto.de\/maerkischeslicht\/wp-json\/wp\/v2\/posts\/3413","targetHints":{"allow":["GET"]}}],"collection":[{"href":"https:\/\/liebke-foto.de\/maerkischeslicht\/wp-json\/wp\/v2\/posts"}],"about":[{"href":"https:\/\/liebke-foto.de\/maerkischeslicht\/wp-json\/wp\/v2\/types\/post"}],"author":[{"embeddable":true,"href":"https:\/\/liebke-foto.de\/maerkischeslicht\/wp-json\/wp\/v2\/users\/1"}],"replies":[{"embeddable":true,"href":"https:\/\/liebke-foto.de\/maerkischeslicht\/wp-json\/wp\/v2\/comments?post=3413"}],"version-history":[{"count":22,"href":"https:\/\/liebke-foto.de\/maerkischeslicht\/wp-json\/wp\/v2\/posts\/3413\/revisions"}],"predecessor-version":[{"id":9819,"href":"https:\/\/liebke-foto.de\/maerkischeslicht\/wp-json\/wp\/v2\/posts\/3413\/revisions\/9819"}],"wp:featuredmedia":[{"embeddable":true,"href":"https:\/\/liebke-foto.de\/maerkischeslicht\/wp-json\/wp\/v2\/media\/3421"}],"wp:attachment":[{"href":"https:\/\/liebke-foto.de\/maerkischeslicht\/wp-json\/wp\/v2\/media?parent=3413"}],"wp:term":[{"taxonomy":"category","embeddable":true,"href":"https:\/\/liebke-foto.de\/maerkischeslicht\/wp-json\/wp\/v2\/categories?post=3413"},{"taxonomy":"post_tag","embeddable":true,"href":"https:\/\/liebke-foto.de\/maerkischeslicht\/wp-json\/wp\/v2\/tags?post=3413"}],"curies":[{"name":"wp","href":"https:\/\/api.w.org\/{rel}","templated":true}]}}