{"id":3385,"date":"2020-11-11T11:10:46","date_gmt":"2020-11-11T09:10:46","guid":{"rendered":"http:\/\/liebke-foto.de\/maerkischeslicht\/?p=3385"},"modified":"2022-07-04T10:26:19","modified_gmt":"2022-07-04T08:26:19","slug":"a2-kalender-2021-maerkisches-licht","status":"publish","type":"post","link":"https:\/\/liebke-foto.de\/maerkischeslicht\/a2-kalender-2021-maerkisches-licht\/","title":{"rendered":"A2 &#8211; Kalender 2021 M\u00e4rkisches Licht"},"content":{"rendered":"<div class=\"wp-block-image\">\n<figure class=\"aligncenter size-large\"><a href=\"https:\/\/liebke-foto.de\/maerkischeslicht\/wp-content\/uploads\/2020\/11\/Titel.jpg\"><img loading=\"lazy\" decoding=\"async\" width=\"1132\" height=\"800\" src=\"https:\/\/liebke-foto.de\/maerkischeslicht\/wp-content\/uploads\/2020\/11\/Titel-1132x800.jpg\" alt=\"\" class=\"wp-image-3387\" srcset=\"https:\/\/liebke-foto.de\/maerkischeslicht\/wp-content\/uploads\/2020\/11\/Titel-1132x800.jpg 1132w, https:\/\/liebke-foto.de\/maerkischeslicht\/wp-content\/uploads\/2020\/11\/Titel-768x543.jpg 768w, https:\/\/liebke-foto.de\/maerkischeslicht\/wp-content\/uploads\/2020\/11\/Titel.jpg 1300w\" sizes=\"auto, (max-width: 1132px) 100vw, 1132px\" \/><\/a><\/figure>\n<\/div>\n\n\n<p>Nun ist es endlich soweit und der neue Kalender f\u00fcr 2021 geliefert aus der Druckerei. Und ohne gro\u00dfes Selbstlob, er ist einfach schick geworden \ud83d\ude42 . Vielen waren die vorigen Kalender doch etwas zu klein und auch mir kam er an einer gr\u00f6\u00dferen Wand recht verloren vor. Gute Fotos entfalten ihre Wirkung auch durch Gr\u00f6\u00dfe und so habe ich mich in diesem Jahr dazu entschlossen, aufzustocken auf A2, das sind dann 59,4cm x 42cm. Das geht nat\u00fcrlich auch in der Druckerei ins Geld und so betr\u00e4gt der Verkaufspreis nun 29,00\u20ac. Inclusive Versand. <\/p>\n\n\n\n<p>Nur bei gr\u00f6\u00dferen Abnahmemengen muss ich noch etwas Versandkosten aufschlagen. Wer ein wirkliches Interesse hat benachrichtigt mich bitte \u00fcber meine E-Mailadresse ( <a href=\"mailto:frank@fotoliebke.de\">frank@fotoliebke.de<\/a> ), und nur \u00fcber die. Sonst wird das ein Durcheinander, was ich gerne vermeiden m\u00f6chte. Ich schicke dann die Kontodaten f\u00fcr die \u00dcberweisung und lege die Kalender schon mal beiseite. Sowie das Geld auf meinem Konto ist, wird verpackt und verschickt. Klingt etwas umst\u00e4ndlich, ist es auch, leider. Aber ich muss einfach sicher gehen, hab in der Vergangenheit ein paar unsch\u00f6ne Erfahrungen gemacht. Und ich kann garantieren, jeder der bezahlt hat, bekam auch seine Kalender. <\/p>\n\n\n\n<p>Ein paar Exemplare sind auch wieder bei Dussmann-Das Kulturkaufhaus in der Berlinder Friedrichstra\u00dfe zu bekommen, interessant sicher f\u00fcr Berliner Interessenten. In der jetzigen Pandemie wei\u00df ich nicht wie das gehandhabt wird, <a href=\"https:\/\/www.kulturkaufhaus.de\/de\/kulturkaufhaus\">hier der Link zur Seite<\/a>, dort ist die Telefonnummer vermerkt.<\/p>\n\n\n\n<p>Ich habe mich auch entschlossen, dass er wieder das Hochglanz-Outfit wie die Panoramakalender erh\u00e4lt. Ich finde es einfach sch\u00f6n so, die Farben, die Sch\u00e4rfe und die Details wirken so noch brillianter. Und damit keiner &#8222;die Katze im Sack&#8220; kauft, kommt hier die gesamte Kalendervorschau. Ich freue mich auf Eure Bestellungen und Euer Interesse, danke! \ud83d\ude42<\/p>\n\n\n<div class=\"wp-block-image is-style-default\">\n<figure class=\"aligncenter size-large\"><a href=\"https:\/\/liebke-foto.de\/maerkischeslicht\/wp-content\/uploads\/2020\/11\/Januar.jpg\"><img loading=\"lazy\" decoding=\"async\" width=\"1132\" height=\"800\" src=\"https:\/\/liebke-foto.de\/maerkischeslicht\/wp-content\/uploads\/2020\/11\/Januar-1132x800.jpg\" alt=\"\" class=\"wp-image-3389\" srcset=\"https:\/\/liebke-foto.de\/maerkischeslicht\/wp-content\/uploads\/2020\/11\/Januar-1132x800.jpg 1132w, https:\/\/liebke-foto.de\/maerkischeslicht\/wp-content\/uploads\/2020\/11\/Januar-768x543.jpg 768w, https:\/\/liebke-foto.de\/maerkischeslicht\/wp-content\/uploads\/2020\/11\/Januar.jpg 1300w\" sizes=\"auto, (max-width: 1132px) 100vw, 1132px\" \/><\/a><\/figure>\n<\/div>\n\n\n<figure class=\"wp-block-image size-large is-style-default\"><a href=\"https:\/\/liebke-foto.de\/maerkischeslicht\/wp-content\/uploads\/2020\/11\/Februar.jpg\"><img loading=\"lazy\" decoding=\"async\" width=\"1132\" height=\"800\" src=\"https:\/\/liebke-foto.de\/maerkischeslicht\/wp-content\/uploads\/2020\/11\/Februar-1132x800.jpg\" alt=\"\" class=\"wp-image-3390\" srcset=\"https:\/\/liebke-foto.de\/maerkischeslicht\/wp-content\/uploads\/2020\/11\/Februar-1132x800.jpg 1132w, https:\/\/liebke-foto.de\/maerkischeslicht\/wp-content\/uploads\/2020\/11\/Februar-768x543.jpg 768w, https:\/\/liebke-foto.de\/maerkischeslicht\/wp-content\/uploads\/2020\/11\/Februar.jpg 1300w\" sizes=\"auto, (max-width: 1132px) 100vw, 1132px\" \/><\/a><\/figure>\n\n\n<div class=\"wp-block-image is-style-default\">\n<figure class=\"aligncenter size-large\"><a href=\"https:\/\/liebke-foto.de\/maerkischeslicht\/wp-content\/uploads\/2020\/11\/Maerz.jpg\"><img loading=\"lazy\" decoding=\"async\" width=\"1132\" height=\"800\" src=\"https:\/\/liebke-foto.de\/maerkischeslicht\/wp-content\/uploads\/2020\/11\/Maerz-1132x800.jpg\" alt=\"\" class=\"wp-image-3391\" srcset=\"https:\/\/liebke-foto.de\/maerkischeslicht\/wp-content\/uploads\/2020\/11\/Maerz-1132x800.jpg 1132w, https:\/\/liebke-foto.de\/maerkischeslicht\/wp-content\/uploads\/2020\/11\/Maerz-768x543.jpg 768w, https:\/\/liebke-foto.de\/maerkischeslicht\/wp-content\/uploads\/2020\/11\/Maerz.jpg 1300w\" sizes=\"auto, (max-width: 1132px) 100vw, 1132px\" \/><\/a><\/figure>\n<\/div>\n\n<div class=\"wp-block-image is-style-default\">\n<figure class=\"aligncenter size-large\"><a href=\"https:\/\/liebke-foto.de\/maerkischeslicht\/wp-content\/uploads\/2020\/11\/April.jpg\"><img loading=\"lazy\" decoding=\"async\" width=\"1132\" height=\"800\" src=\"https:\/\/liebke-foto.de\/maerkischeslicht\/wp-content\/uploads\/2020\/11\/April-1132x800.jpg\" alt=\"\" class=\"wp-image-3392\" srcset=\"https:\/\/liebke-foto.de\/maerkischeslicht\/wp-content\/uploads\/2020\/11\/April-1132x800.jpg 1132w, https:\/\/liebke-foto.de\/maerkischeslicht\/wp-content\/uploads\/2020\/11\/April-768x543.jpg 768w, https:\/\/liebke-foto.de\/maerkischeslicht\/wp-content\/uploads\/2020\/11\/April.jpg 1300w\" sizes=\"auto, (max-width: 1132px) 100vw, 1132px\" \/><\/a><\/figure>\n<\/div>\n\n<div class=\"wp-block-image is-style-default\">\n<figure class=\"aligncenter size-large\"><a href=\"https:\/\/liebke-foto.de\/maerkischeslicht\/wp-content\/uploads\/2020\/11\/Mai.jpg\"><img loading=\"lazy\" decoding=\"async\" width=\"1132\" height=\"800\" src=\"https:\/\/liebke-foto.de\/maerkischeslicht\/wp-content\/uploads\/2020\/11\/Mai-1132x800.jpg\" alt=\"\" class=\"wp-image-3393\" srcset=\"https:\/\/liebke-foto.de\/maerkischeslicht\/wp-content\/uploads\/2020\/11\/Mai-1132x800.jpg 1132w, https:\/\/liebke-foto.de\/maerkischeslicht\/wp-content\/uploads\/2020\/11\/Mai-768x543.jpg 768w, https:\/\/liebke-foto.de\/maerkischeslicht\/wp-content\/uploads\/2020\/11\/Mai.jpg 1300w\" sizes=\"auto, (max-width: 1132px) 100vw, 1132px\" \/><\/a><\/figure>\n<\/div>\n\n<div class=\"wp-block-image is-style-default\">\n<figure class=\"aligncenter size-large\"><a href=\"https:\/\/liebke-foto.de\/maerkischeslicht\/wp-content\/uploads\/2020\/11\/Juni.jpg\"><img loading=\"lazy\" decoding=\"async\" width=\"1132\" height=\"800\" src=\"https:\/\/liebke-foto.de\/maerkischeslicht\/wp-content\/uploads\/2020\/11\/Juni-1132x800.jpg\" alt=\"\" class=\"wp-image-3394\" srcset=\"https:\/\/liebke-foto.de\/maerkischeslicht\/wp-content\/uploads\/2020\/11\/Juni-1132x800.jpg 1132w, https:\/\/liebke-foto.de\/maerkischeslicht\/wp-content\/uploads\/2020\/11\/Juni-768x543.jpg 768w, https:\/\/liebke-foto.de\/maerkischeslicht\/wp-content\/uploads\/2020\/11\/Juni.jpg 1300w\" sizes=\"auto, (max-width: 1132px) 100vw, 1132px\" \/><\/a><\/figure>\n<\/div>\n\n<div class=\"wp-block-image is-style-default\">\n<figure class=\"aligncenter size-large\"><a href=\"https:\/\/liebke-foto.de\/maerkischeslicht\/wp-content\/uploads\/2020\/11\/Juli.jpg\"><img loading=\"lazy\" decoding=\"async\" width=\"1132\" height=\"800\" src=\"https:\/\/liebke-foto.de\/maerkischeslicht\/wp-content\/uploads\/2020\/11\/Juli-1132x800.jpg\" alt=\"\" class=\"wp-image-3395\" srcset=\"https:\/\/liebke-foto.de\/maerkischeslicht\/wp-content\/uploads\/2020\/11\/Juli-1132x800.jpg 1132w, https:\/\/liebke-foto.de\/maerkischeslicht\/wp-content\/uploads\/2020\/11\/Juli-768x543.jpg 768w, https:\/\/liebke-foto.de\/maerkischeslicht\/wp-content\/uploads\/2020\/11\/Juli.jpg 1300w\" sizes=\"auto, (max-width: 1132px) 100vw, 1132px\" \/><\/a><\/figure>\n<\/div>\n\n<div class=\"wp-block-image is-style-default\">\n<figure class=\"aligncenter size-large\"><a href=\"https:\/\/liebke-foto.de\/maerkischeslicht\/wp-content\/uploads\/2020\/11\/August.jpg\"><img loading=\"lazy\" decoding=\"async\" width=\"1132\" height=\"800\" src=\"https:\/\/liebke-foto.de\/maerkischeslicht\/wp-content\/uploads\/2020\/11\/August-1132x800.jpg\" alt=\"\" class=\"wp-image-3396\" srcset=\"https:\/\/liebke-foto.de\/maerkischeslicht\/wp-content\/uploads\/2020\/11\/August-1132x800.jpg 1132w, https:\/\/liebke-foto.de\/maerkischeslicht\/wp-content\/uploads\/2020\/11\/August-768x543.jpg 768w, https:\/\/liebke-foto.de\/maerkischeslicht\/wp-content\/uploads\/2020\/11\/August.jpg 1300w\" sizes=\"auto, (max-width: 1132px) 100vw, 1132px\" \/><\/a><\/figure>\n<\/div>\n\n<div class=\"wp-block-image is-style-default\">\n<figure class=\"aligncenter size-large\"><a href=\"https:\/\/liebke-foto.de\/maerkischeslicht\/wp-content\/uploads\/2020\/11\/September.jpg\"><img loading=\"lazy\" decoding=\"async\" width=\"1132\" height=\"800\" src=\"https:\/\/liebke-foto.de\/maerkischeslicht\/wp-content\/uploads\/2020\/11\/September-1132x800.jpg\" alt=\"\" class=\"wp-image-3397\" srcset=\"https:\/\/liebke-foto.de\/maerkischeslicht\/wp-content\/uploads\/2020\/11\/September-1132x800.jpg 1132w, https:\/\/liebke-foto.de\/maerkischeslicht\/wp-content\/uploads\/2020\/11\/September-768x543.jpg 768w, https:\/\/liebke-foto.de\/maerkischeslicht\/wp-content\/uploads\/2020\/11\/September.jpg 1300w\" sizes=\"auto, (max-width: 1132px) 100vw, 1132px\" \/><\/a><\/figure>\n<\/div>\n\n<div class=\"wp-block-image is-style-default\">\n<figure class=\"aligncenter size-large\"><a href=\"https:\/\/liebke-foto.de\/maerkischeslicht\/wp-content\/uploads\/2020\/11\/Oktober.jpg\"><img loading=\"lazy\" decoding=\"async\" width=\"1132\" height=\"800\" src=\"https:\/\/liebke-foto.de\/maerkischeslicht\/wp-content\/uploads\/2020\/11\/Oktober-1132x800.jpg\" alt=\"\" class=\"wp-image-3398\" srcset=\"https:\/\/liebke-foto.de\/maerkischeslicht\/wp-content\/uploads\/2020\/11\/Oktober-1132x800.jpg 1132w, https:\/\/liebke-foto.de\/maerkischeslicht\/wp-content\/uploads\/2020\/11\/Oktober-768x543.jpg 768w, https:\/\/liebke-foto.de\/maerkischeslicht\/wp-content\/uploads\/2020\/11\/Oktober.jpg 1300w\" sizes=\"auto, (max-width: 1132px) 100vw, 1132px\" \/><\/a><\/figure>\n<\/div>\n\n<div class=\"wp-block-image is-style-default\">\n<figure class=\"aligncenter size-large\"><a href=\"https:\/\/liebke-foto.de\/maerkischeslicht\/wp-content\/uploads\/2020\/11\/November.jpg\"><img loading=\"lazy\" decoding=\"async\" width=\"1132\" height=\"800\" src=\"https:\/\/liebke-foto.de\/maerkischeslicht\/wp-content\/uploads\/2020\/11\/November-1132x800.jpg\" alt=\"\" class=\"wp-image-3399\" srcset=\"https:\/\/liebke-foto.de\/maerkischeslicht\/wp-content\/uploads\/2020\/11\/November-1132x800.jpg 1132w, https:\/\/liebke-foto.de\/maerkischeslicht\/wp-content\/uploads\/2020\/11\/November-768x543.jpg 768w, https:\/\/liebke-foto.de\/maerkischeslicht\/wp-content\/uploads\/2020\/11\/November.jpg 1300w\" sizes=\"auto, (max-width: 1132px) 100vw, 1132px\" \/><\/a><\/figure>\n<\/div>\n\n<div class=\"wp-block-image is-style-default\">\n<figure class=\"aligncenter size-large\"><a href=\"https:\/\/liebke-foto.de\/maerkischeslicht\/wp-content\/uploads\/2020\/11\/Dezember.jpg\"><img loading=\"lazy\" decoding=\"async\" width=\"1132\" height=\"800\" src=\"https:\/\/liebke-foto.de\/maerkischeslicht\/wp-content\/uploads\/2020\/11\/Dezember-1132x800.jpg\" alt=\"\" class=\"wp-image-3400\" srcset=\"https:\/\/liebke-foto.de\/maerkischeslicht\/wp-content\/uploads\/2020\/11\/Dezember-1132x800.jpg 1132w, https:\/\/liebke-foto.de\/maerkischeslicht\/wp-content\/uploads\/2020\/11\/Dezember-768x543.jpg 768w, https:\/\/liebke-foto.de\/maerkischeslicht\/wp-content\/uploads\/2020\/11\/Dezember.jpg 1300w\" sizes=\"auto, (max-width: 1132px) 100vw, 1132px\" \/><\/a><\/figure>\n<\/div>\n\n\n<div style=\"padding:20px\" class=\"wp-block-tnp-minimal\"><p>Subscribe to our newsletter!<\/p><div><div class=\"tnp tnp-subscription \">\n<form method=\"post\" action=\"https:\/\/liebke-foto.de\/maerkischeslicht\/wp-admin\/admin-ajax.php?action=tnp&amp;na=s\">\n<input type=\"hidden\" name=\"nlang\" value=\"\">\n<div class=\"tnp-field tnp-field-firstname\"><label for=\"tnp-1\">Vorname oder ganzer Name<\/label>\n<input class=\"tnp-name\" type=\"text\" name=\"nn\" id=\"tnp-1\" value=\"\" placeholder=\"\"><\/div>\n<div class=\"tnp-field tnp-field-email\"><label for=\"tnp-2\">Email<\/label>\n<input class=\"tnp-email\" type=\"email\" name=\"ne\" id=\"tnp-2\" value=\"\" placeholder=\"\" required><\/div>\n<div class=\"tnp-field tnp-privacy-field\"><label><input type=\"checkbox\" name=\"ny\" required class=\"tnp-privacy\"> Indem Du fortf\u00e4hrst, akzeptierst Du unsere Datenschutzerkl\u00e4rung.<\/label><\/div><div class=\"tnp-field tnp-field-button\" style=\"text-align: left\"><input class=\"tnp-submit\" type=\"submit\" value=\"Abonnieren\" style=\"\">\n<\/div>\n<\/form>\n<\/div>\n<\/div><\/div>\n\n\n\n\n","protected":false},"excerpt":{"rendered":"<p>Nun ist es endlich soweit und der neue Kalender f\u00fcr 2021 geliefert aus der Druckerei. Und ohne gro\u00dfes Selbstlob, er ist einfach schick&#8230;<\/p>\n","protected":false},"author":1,"featured_media":3387,"comment_status":"open","ping_status":"closed","sticky":false,"template":"","format":"image","meta":{"footnotes":""},"categories":[11,66,10,12],"tags":[],"class_list":["post-3385","post","type-post","status-publish","format-image","has-post-thumbnail","hentry","category-im-land-brandenburg-unterwegs","category-landpartie","category-landschaft-mark-brandenburg-oberhavel-barnim","category-wildes-brandenburg","post_format-post-format-image"],"yoast_head":"<!-- This site is optimized with the Yoast SEO plugin v27.5 - https:\/\/yoast.com\/product\/yoast-seo-wordpress\/ -->\n<title>A2 - Kalender 2021 M\u00e4rkisches Licht - M\u00e4rkisches Licht - Der Fotograf der Stille<\/title>\n<meta name=\"description\" content=\"A2 - Kalender 2021 M\u00e4rkisches Licht\" \/>\n<meta name=\"robots\" content=\"index, follow, max-snippet:-1, max-image-preview:large, max-video-preview:-1\" \/>\n<link rel=\"canonical\" href=\"https:\/\/liebke-foto.de\/maerkischeslicht\/a2-kalender-2021-maerkisches-licht\/\" \/>\n<meta property=\"og:locale\" content=\"de_DE\" \/>\n<meta property=\"og:type\" content=\"article\" \/>\n<meta property=\"og:title\" content=\"A2 - Kalender 2021 M\u00e4rkisches Licht - M\u00e4rkisches Licht - Der Fotograf der Stille\" \/>\n<meta property=\"og:description\" content=\"A2 - Kalender 2021 M\u00e4rkisches Licht\" \/>\n<meta property=\"og:url\" content=\"https:\/\/liebke-foto.de\/maerkischeslicht\/a2-kalender-2021-maerkisches-licht\/\" \/>\n<meta property=\"og:site_name\" content=\"M\u00e4rkisches Licht - Der Fotograf der Stille\" \/>\n<meta property=\"article:published_time\" content=\"2020-11-11T09:10:46+00:00\" \/>\n<meta property=\"article:modified_time\" content=\"2022-07-04T08:26:19+00:00\" \/>\n<meta property=\"og:image\" content=\"https:\/\/liebke-foto.de\/maerkischeslicht\/wp-content\/uploads\/2020\/11\/Titel.jpg\" \/>\n\t<meta property=\"og:image:width\" content=\"1300\" \/>\n\t<meta property=\"og:image:height\" content=\"919\" \/>\n\t<meta property=\"og:image:type\" content=\"image\/jpeg\" \/>\n<meta name=\"author\" content=\"Frank Liebke\" \/>\n<meta name=\"twitter:card\" content=\"summary_large_image\" \/>\n<meta name=\"twitter:label1\" content=\"Verfasst von\" \/>\n\t<meta name=\"twitter:data1\" content=\"Frank Liebke\" \/>\n\t<meta name=\"twitter:label2\" content=\"Gesch\u00e4tzte Lesezeit\" \/>\n\t<meta name=\"twitter:data2\" content=\"5\u00a0Minuten\" \/>\n<script type=\"application\/ld+json\" class=\"yoast-schema-graph\">{\"@context\":\"https:\\\/\\\/schema.org\",\"@graph\":[{\"@type\":\"Article\",\"@id\":\"https:\\\/\\\/liebke-foto.de\\\/maerkischeslicht\\\/a2-kalender-2021-maerkisches-licht\\\/#article\",\"isPartOf\":{\"@id\":\"https:\\\/\\\/liebke-foto.de\\\/maerkischeslicht\\\/a2-kalender-2021-maerkisches-licht\\\/\"},\"author\":{\"name\":\"Frank Liebke\",\"@id\":\"https:\\\/\\\/liebke-foto.de\\\/maerkischeslicht\\\/#\\\/schema\\\/person\\\/d71108abc09a723daeeb8526a33137ee\"},\"headline\":\"A2 &#8211; Kalender 2021 M\u00e4rkisches Licht\",\"datePublished\":\"2020-11-11T09:10:46+00:00\",\"dateModified\":\"2022-07-04T08:26:19+00:00\",\"mainEntityOfPage\":{\"@id\":\"https:\\\/\\\/liebke-foto.de\\\/maerkischeslicht\\\/a2-kalender-2021-maerkisches-licht\\\/\"},\"wordCount\":309,\"commentCount\":0,\"publisher\":{\"@id\":\"https:\\\/\\\/liebke-foto.de\\\/maerkischeslicht\\\/#\\\/schema\\\/person\\\/d71108abc09a723daeeb8526a33137ee\"},\"image\":{\"@id\":\"https:\\\/\\\/liebke-foto.de\\\/maerkischeslicht\\\/a2-kalender-2021-maerkisches-licht\\\/#primaryimage\"},\"thumbnailUrl\":\"https:\\\/\\\/liebke-foto.de\\\/maerkischeslicht\\\/wp-content\\\/uploads\\\/2020\\\/11\\\/Titel.jpg\",\"articleSection\":[\"Im Land Brandenburg unterwegs\",\"LANDpartie, unterwegs in der Mark Brandenburg\",\"Landschaft\",\"Wildes Brandenburg\"],\"inLanguage\":\"de\",\"potentialAction\":[{\"@type\":\"CommentAction\",\"name\":\"Comment\",\"target\":[\"https:\\\/\\\/liebke-foto.de\\\/maerkischeslicht\\\/a2-kalender-2021-maerkisches-licht\\\/#respond\"]}]},{\"@type\":\"WebPage\",\"@id\":\"https:\\\/\\\/liebke-foto.de\\\/maerkischeslicht\\\/a2-kalender-2021-maerkisches-licht\\\/\",\"url\":\"https:\\\/\\\/liebke-foto.de\\\/maerkischeslicht\\\/a2-kalender-2021-maerkisches-licht\\\/\",\"name\":\"A2 - Kalender 2021 M\u00e4rkisches Licht - M\u00e4rkisches Licht - Der Fotograf der Stille\",\"isPartOf\":{\"@id\":\"https:\\\/\\\/liebke-foto.de\\\/maerkischeslicht\\\/#website\"},\"primaryImageOfPage\":{\"@id\":\"https:\\\/\\\/liebke-foto.de\\\/maerkischeslicht\\\/a2-kalender-2021-maerkisches-licht\\\/#primaryimage\"},\"image\":{\"@id\":\"https:\\\/\\\/liebke-foto.de\\\/maerkischeslicht\\\/a2-kalender-2021-maerkisches-licht\\\/#primaryimage\"},\"thumbnailUrl\":\"https:\\\/\\\/liebke-foto.de\\\/maerkischeslicht\\\/wp-content\\\/uploads\\\/2020\\\/11\\\/Titel.jpg\",\"datePublished\":\"2020-11-11T09:10:46+00:00\",\"dateModified\":\"2022-07-04T08:26:19+00:00\",\"description\":\"A2 - Kalender 2021 M\u00e4rkisches Licht\",\"breadcrumb\":{\"@id\":\"https:\\\/\\\/liebke-foto.de\\\/maerkischeslicht\\\/a2-kalender-2021-maerkisches-licht\\\/#breadcrumb\"},\"inLanguage\":\"de\",\"potentialAction\":[{\"@type\":\"ReadAction\",\"target\":[\"https:\\\/\\\/liebke-foto.de\\\/maerkischeslicht\\\/a2-kalender-2021-maerkisches-licht\\\/\"]}]},{\"@type\":\"ImageObject\",\"inLanguage\":\"de\",\"@id\":\"https:\\\/\\\/liebke-foto.de\\\/maerkischeslicht\\\/a2-kalender-2021-maerkisches-licht\\\/#primaryimage\",\"url\":\"https:\\\/\\\/liebke-foto.de\\\/maerkischeslicht\\\/wp-content\\\/uploads\\\/2020\\\/11\\\/Titel.jpg\",\"contentUrl\":\"https:\\\/\\\/liebke-foto.de\\\/maerkischeslicht\\\/wp-content\\\/uploads\\\/2020\\\/11\\\/Titel.jpg\",\"width\":1300,\"height\":919},{\"@type\":\"BreadcrumbList\",\"@id\":\"https:\\\/\\\/liebke-foto.de\\\/maerkischeslicht\\\/a2-kalender-2021-maerkisches-licht\\\/#breadcrumb\",\"itemListElement\":[{\"@type\":\"ListItem\",\"position\":1,\"name\":\"Startseite\",\"item\":\"https:\\\/\\\/liebke-foto.de\\\/maerkischeslicht\\\/\"},{\"@type\":\"ListItem\",\"position\":2,\"name\":\"A2 &#8211; Kalender 2021 M\u00e4rkisches Licht\"}]},{\"@type\":\"WebSite\",\"@id\":\"https:\\\/\\\/liebke-foto.de\\\/maerkischeslicht\\\/#website\",\"url\":\"https:\\\/\\\/liebke-foto.de\\\/maerkischeslicht\\\/\",\"name\":\"M\u00e4rkisches Licht - Der Fotograf der Stille\",\"description\":\"Die Liebe zum Leben...\",\"publisher\":{\"@id\":\"https:\\\/\\\/liebke-foto.de\\\/maerkischeslicht\\\/#\\\/schema\\\/person\\\/d71108abc09a723daeeb8526a33137ee\"},\"potentialAction\":[{\"@type\":\"SearchAction\",\"target\":{\"@type\":\"EntryPoint\",\"urlTemplate\":\"https:\\\/\\\/liebke-foto.de\\\/maerkischeslicht\\\/?s={search_term_string}\"},\"query-input\":{\"@type\":\"PropertyValueSpecification\",\"valueRequired\":true,\"valueName\":\"search_term_string\"}}],\"inLanguage\":\"de\"},{\"@type\":[\"Person\",\"Organization\"],\"@id\":\"https:\\\/\\\/liebke-foto.de\\\/maerkischeslicht\\\/#\\\/schema\\\/person\\\/d71108abc09a723daeeb8526a33137ee\",\"name\":\"Frank Liebke\",\"image\":{\"@type\":\"ImageObject\",\"inLanguage\":\"de\",\"@id\":\"https:\\\/\\\/liebke-foto.de\\\/maerkischeslicht\\\/wp-content\\\/uploads\\\/2021\\\/12\\\/IMG-20211024-WA0001.jpg\",\"url\":\"https:\\\/\\\/liebke-foto.de\\\/maerkischeslicht\\\/wp-content\\\/uploads\\\/2021\\\/12\\\/IMG-20211024-WA0001.jpg\",\"contentUrl\":\"https:\\\/\\\/liebke-foto.de\\\/maerkischeslicht\\\/wp-content\\\/uploads\\\/2021\\\/12\\\/IMG-20211024-WA0001.jpg\",\"width\":900,\"height\":1600,\"caption\":\"Frank Liebke\"},\"logo\":{\"@id\":\"https:\\\/\\\/liebke-foto.de\\\/maerkischeslicht\\\/wp-content\\\/uploads\\\/2021\\\/12\\\/IMG-20211024-WA0001.jpg\"},\"sameAs\":[\"https:\\\/\\\/liebke-foto.de\"],\"url\":\"https:\\\/\\\/liebke-foto.de\\\/maerkischeslicht\\\/author\\\/adminuser\\\/\"}]}<\/script>\n<!-- \/ Yoast SEO plugin. -->","yoast_head_json":{"title":"A2 - Kalender 2021 M\u00e4rkisches Licht - M\u00e4rkisches Licht - Der Fotograf der Stille","description":"A2 - Kalender 2021 M\u00e4rkisches Licht","robots":{"index":"index","follow":"follow","max-snippet":"max-snippet:-1","max-image-preview":"max-image-preview:large","max-video-preview":"max-video-preview:-1"},"canonical":"https:\/\/liebke-foto.de\/maerkischeslicht\/a2-kalender-2021-maerkisches-licht\/","og_locale":"de_DE","og_type":"article","og_title":"A2 - Kalender 2021 M\u00e4rkisches Licht - M\u00e4rkisches Licht - Der Fotograf der Stille","og_description":"A2 - Kalender 2021 M\u00e4rkisches Licht","og_url":"https:\/\/liebke-foto.de\/maerkischeslicht\/a2-kalender-2021-maerkisches-licht\/","og_site_name":"M\u00e4rkisches Licht - Der Fotograf der Stille","article_published_time":"2020-11-11T09:10:46+00:00","article_modified_time":"2022-07-04T08:26:19+00:00","og_image":[{"width":1300,"height":919,"url":"https:\/\/liebke-foto.de\/maerkischeslicht\/wp-content\/uploads\/2020\/11\/Titel.jpg","type":"image\/jpeg"}],"author":"Frank Liebke","twitter_card":"summary_large_image","twitter_misc":{"Verfasst von":"Frank Liebke","Gesch\u00e4tzte Lesezeit":"5\u00a0Minuten"},"schema":{"@context":"https:\/\/schema.org","@graph":[{"@type":"Article","@id":"https:\/\/liebke-foto.de\/maerkischeslicht\/a2-kalender-2021-maerkisches-licht\/#article","isPartOf":{"@id":"https:\/\/liebke-foto.de\/maerkischeslicht\/a2-kalender-2021-maerkisches-licht\/"},"author":{"name":"Frank Liebke","@id":"https:\/\/liebke-foto.de\/maerkischeslicht\/#\/schema\/person\/d71108abc09a723daeeb8526a33137ee"},"headline":"A2 &#8211; Kalender 2021 M\u00e4rkisches Licht","datePublished":"2020-11-11T09:10:46+00:00","dateModified":"2022-07-04T08:26:19+00:00","mainEntityOfPage":{"@id":"https:\/\/liebke-foto.de\/maerkischeslicht\/a2-kalender-2021-maerkisches-licht\/"},"wordCount":309,"commentCount":0,"publisher":{"@id":"https:\/\/liebke-foto.de\/maerkischeslicht\/#\/schema\/person\/d71108abc09a723daeeb8526a33137ee"},"image":{"@id":"https:\/\/liebke-foto.de\/maerkischeslicht\/a2-kalender-2021-maerkisches-licht\/#primaryimage"},"thumbnailUrl":"https:\/\/liebke-foto.de\/maerkischeslicht\/wp-content\/uploads\/2020\/11\/Titel.jpg","articleSection":["Im Land Brandenburg unterwegs","LANDpartie, unterwegs in der Mark Brandenburg","Landschaft","Wildes Brandenburg"],"inLanguage":"de","potentialAction":[{"@type":"CommentAction","name":"Comment","target":["https:\/\/liebke-foto.de\/maerkischeslicht\/a2-kalender-2021-maerkisches-licht\/#respond"]}]},{"@type":"WebPage","@id":"https:\/\/liebke-foto.de\/maerkischeslicht\/a2-kalender-2021-maerkisches-licht\/","url":"https:\/\/liebke-foto.de\/maerkischeslicht\/a2-kalender-2021-maerkisches-licht\/","name":"A2 - Kalender 2021 M\u00e4rkisches Licht - M\u00e4rkisches Licht - Der Fotograf der Stille","isPartOf":{"@id":"https:\/\/liebke-foto.de\/maerkischeslicht\/#website"},"primaryImageOfPage":{"@id":"https:\/\/liebke-foto.de\/maerkischeslicht\/a2-kalender-2021-maerkisches-licht\/#primaryimage"},"image":{"@id":"https:\/\/liebke-foto.de\/maerkischeslicht\/a2-kalender-2021-maerkisches-licht\/#primaryimage"},"thumbnailUrl":"https:\/\/liebke-foto.de\/maerkischeslicht\/wp-content\/uploads\/2020\/11\/Titel.jpg","datePublished":"2020-11-11T09:10:46+00:00","dateModified":"2022-07-04T08:26:19+00:00","description":"A2 - Kalender 2021 M\u00e4rkisches Licht","breadcrumb":{"@id":"https:\/\/liebke-foto.de\/maerkischeslicht\/a2-kalender-2021-maerkisches-licht\/#breadcrumb"},"inLanguage":"de","potentialAction":[{"@type":"ReadAction","target":["https:\/\/liebke-foto.de\/maerkischeslicht\/a2-kalender-2021-maerkisches-licht\/"]}]},{"@type":"ImageObject","inLanguage":"de","@id":"https:\/\/liebke-foto.de\/maerkischeslicht\/a2-kalender-2021-maerkisches-licht\/#primaryimage","url":"https:\/\/liebke-foto.de\/maerkischeslicht\/wp-content\/uploads\/2020\/11\/Titel.jpg","contentUrl":"https:\/\/liebke-foto.de\/maerkischeslicht\/wp-content\/uploads\/2020\/11\/Titel.jpg","width":1300,"height":919},{"@type":"BreadcrumbList","@id":"https:\/\/liebke-foto.de\/maerkischeslicht\/a2-kalender-2021-maerkisches-licht\/#breadcrumb","itemListElement":[{"@type":"ListItem","position":1,"name":"Startseite","item":"https:\/\/liebke-foto.de\/maerkischeslicht\/"},{"@type":"ListItem","position":2,"name":"A2 &#8211; Kalender 2021 M\u00e4rkisches Licht"}]},{"@type":"WebSite","@id":"https:\/\/liebke-foto.de\/maerkischeslicht\/#website","url":"https:\/\/liebke-foto.de\/maerkischeslicht\/","name":"M\u00e4rkisches Licht - Der Fotograf der Stille","description":"Die Liebe zum Leben...","publisher":{"@id":"https:\/\/liebke-foto.de\/maerkischeslicht\/#\/schema\/person\/d71108abc09a723daeeb8526a33137ee"},"potentialAction":[{"@type":"SearchAction","target":{"@type":"EntryPoint","urlTemplate":"https:\/\/liebke-foto.de\/maerkischeslicht\/?s={search_term_string}"},"query-input":{"@type":"PropertyValueSpecification","valueRequired":true,"valueName":"search_term_string"}}],"inLanguage":"de"},{"@type":["Person","Organization"],"@id":"https:\/\/liebke-foto.de\/maerkischeslicht\/#\/schema\/person\/d71108abc09a723daeeb8526a33137ee","name":"Frank Liebke","image":{"@type":"ImageObject","inLanguage":"de","@id":"https:\/\/liebke-foto.de\/maerkischeslicht\/wp-content\/uploads\/2021\/12\/IMG-20211024-WA0001.jpg","url":"https:\/\/liebke-foto.de\/maerkischeslicht\/wp-content\/uploads\/2021\/12\/IMG-20211024-WA0001.jpg","contentUrl":"https:\/\/liebke-foto.de\/maerkischeslicht\/wp-content\/uploads\/2021\/12\/IMG-20211024-WA0001.jpg","width":900,"height":1600,"caption":"Frank Liebke"},"logo":{"@id":"https:\/\/liebke-foto.de\/maerkischeslicht\/wp-content\/uploads\/2021\/12\/IMG-20211024-WA0001.jpg"},"sameAs":["https:\/\/liebke-foto.de"],"url":"https:\/\/liebke-foto.de\/maerkischeslicht\/author\/adminuser\/"}]}},"_links":{"self":[{"href":"https:\/\/liebke-foto.de\/maerkischeslicht\/wp-json\/wp\/v2\/posts\/3385","targetHints":{"allow":["GET"]}}],"collection":[{"href":"https:\/\/liebke-foto.de\/maerkischeslicht\/wp-json\/wp\/v2\/posts"}],"about":[{"href":"https:\/\/liebke-foto.de\/maerkischeslicht\/wp-json\/wp\/v2\/types\/post"}],"author":[{"embeddable":true,"href":"https:\/\/liebke-foto.de\/maerkischeslicht\/wp-json\/wp\/v2\/users\/1"}],"replies":[{"embeddable":true,"href":"https:\/\/liebke-foto.de\/maerkischeslicht\/wp-json\/wp\/v2\/comments?post=3385"}],"version-history":[{"count":6,"href":"https:\/\/liebke-foto.de\/maerkischeslicht\/wp-json\/wp\/v2\/posts\/3385\/revisions"}],"predecessor-version":[{"id":6145,"href":"https:\/\/liebke-foto.de\/maerkischeslicht\/wp-json\/wp\/v2\/posts\/3385\/revisions\/6145"}],"wp:featuredmedia":[{"embeddable":true,"href":"https:\/\/liebke-foto.de\/maerkischeslicht\/wp-json\/wp\/v2\/media\/3387"}],"wp:attachment":[{"href":"https:\/\/liebke-foto.de\/maerkischeslicht\/wp-json\/wp\/v2\/media?parent=3385"}],"wp:term":[{"taxonomy":"category","embeddable":true,"href":"https:\/\/liebke-foto.de\/maerkischeslicht\/wp-json\/wp\/v2\/categories?post=3385"},{"taxonomy":"post_tag","embeddable":true,"href":"https:\/\/liebke-foto.de\/maerkischeslicht\/wp-json\/wp\/v2\/tags?post=3385"}],"curies":[{"name":"wp","href":"https:\/\/api.w.org\/{rel}","templated":true}]}}