{"id":329,"date":"2014-02-01T20:46:34","date_gmt":"2014-02-01T18:46:34","guid":{"rendered":"http:\/\/liebke-foto.de\/maerkischeslicht\/?p=329"},"modified":"2022-07-03T16:33:22","modified_gmt":"2022-07-03T14:33:22","slug":"winterwanderungen-fuer-kalenderbilder","status":"publish","type":"post","link":"https:\/\/liebke-foto.de\/maerkischeslicht\/winterwanderungen-fuer-kalenderbilder\/","title":{"rendered":"Winterwanderungen f\u00fcr Kalenderbilder"},"content":{"rendered":"\n<p>Heute war mal wieder ein zauberhaftes Winterwetter,bei dem alles stimmte und das Fotografenherz gleich etwas h\u00f6her schlagen lie\u00df. Und so nehme ich den Tagesabschluss um Euch ein paar Gedanken mitzuteilen und ein kleines Res\u00fcmee zu ziehen.<\/p>\n\n\n\n<p>In unseren Breiten ist es ja nun leider nicht normal, dass wenn die Zeit ran ist und der Kalender sagt: &#8222;Winter!&#8220;, man auch mit dem n\u00f6tigen &#8222;Zubeh\u00f6r&#8220; zu rechnen hat. So wurde man ja in dieser Wintersaison zu Weihnachten eher an Ostern erinnert, zumindest vom Wetter her. <\/p>\n\n\n\n<p>Ein kleines Schneeschauerchen gerade mal zum Weihnachtsmarkt sagt da auch nicht viel, denn sowas gibt es auch im April. Das nur nebenbei.<\/p>\n\n\n<div class=\"wp-block-image is-style-default\">\n<figure class=\"aligncenter\"><a href=\"https:\/\/liebke-foto.de\/maerkischeslicht\/wp-content\/uploads\/2014\/02\/FL80725.jpg\"><img loading=\"lazy\" decoding=\"async\" width=\"1200\" height=\"801\" src=\"https:\/\/liebke-foto.de\/maerkischeslicht\/wp-content\/uploads\/2014\/02\/FL80725.jpg\" alt=\"Havelhausen in Oranienburg\" class=\"wp-image-354\" srcset=\"https:\/\/liebke-foto.de\/maerkischeslicht\/wp-content\/uploads\/2014\/02\/FL80725.jpg 1200w, https:\/\/liebke-foto.de\/maerkischeslicht\/wp-content\/uploads\/2014\/02\/FL80725-1198x800.jpg 1198w, https:\/\/liebke-foto.de\/maerkischeslicht\/wp-content\/uploads\/2014\/02\/FL80725-450x300.jpg 450w\" sizes=\"auto, (max-width: 1200px) 100vw, 1200px\" \/><\/a><figcaption>Havelhausen in Oranienburg<\/figcaption><\/figure>\n<\/div>\n\n\n<p>Worum es mir ja in der Hauptsache dabei geht, wenn man vom Wetter spricht, sind nat\u00fcrlich FOTOS \ud83d\ude09 , wer h\u00e4tte das gedacht \ud83d\ude42 . Und in meinem Fall speziell die Panoramafotos f\u00fcr die kommenden Kalender. Da m\u00f6chte man doch wenigstens f\u00fcr die Monate Januar und Dezember etwas wei\u00dfes \u00fcberst\u00e4ubtes auf den Motiven haben. Und das ist nun mal mein allj\u00e4hrliches Dilemma. Jeder gute Fotograf sieht meistens schon vor der Aufnahme vor seinem inneren Auge f\u00f6rmlich das Bild entstehen. Mit der Technik (Kameraformat, Brennweite, Abstand, Belichtung\u2026 usw.) wird das dann ins Viereck gebracht. Und f\u00fcr die Winteraufnahmen im Besonderen hat man dann schon (im stillen K\u00e4mmerlein \ud83d\ude09 ) grandiose Bilder in der Vorstellung. Und dann kommts \ud83d\ude41 &nbsp;: Es gibt wunderbaren Schneefall (freu!) ABER: Plusgrade, alles taut, keine Sonne, grau, und schon ist der Zauber wieder weg, wie ein Spuk. Oder: Es sind Minusgrade, \u00fcber Nacht schneit es wunderbar, die Minusgrade halten sich, addieren sich zu einer &#8222;Schei\u00dfk\u00e4lte&#8220; , alles toll, und: Tagelang absolut KEINE Sonne, nicht mal ein S\u00f6nnchen. Grauer Himmel. Ich mag das trotzdem, ich mag diese ganzen &#8222;Wetterintrigen&#8220;, bin auch oft drau\u00dfen, halte so etwas nat\u00fcrlich fest, tolle Bilder, wenn der wei\u00dfe Schnee viel heller als der Himmel leuchtet, in der Entfernung noch zwei Pferde, die genauso frieren wie ich. Sehr stimmungsvoll, preisverd\u00e4chtig. Und dann kommt die Realit\u00e4t: WER will wirklich so ein Bild auf einen Kalendermonat wiederfinden und das eben den ganzen Monat an der Wand h\u00e4ngen haben? Man sieht aus dem Fenster, depriemierendes Wetter, dann blickt man zum Kalender, ebenfalls deprimierend? Ich will doch meine Anh\u00e4nger nicht in den Wahnsinn (oder schlimmer) treiben. Also was braucht der Kalenderfotograf? Richtig, Schnee, Sonne, Farbe (oder auch schickes SW) aber eben vor allem Sonne. Und wann haben wir in unseren Breiten solche idealen Winterwetter? Richtig, seeehr selten&#8230;<\/p>\n\n\n\n<p>Im vorigen Jahr war das so selten, dass es im Januar genau EINEN Wintersonnentag MIT Schnee wie oben beschrieben gab. Und genau an dem Tag hatte ich einen (allerdings super sch\u00f6nen) Termin f\u00fcr einen sehr guten Kunden. Fr\u00fch bis Mittag in Potsdam, Mittags bis Abends dann in Berlin. Als die Sonne so richtig sch\u00f6nes Licht machte stand ich in der Reichstagskuppel und machte Bilder f\u00fcr meinen Auftrag, auch sehr sch\u00f6n. Vor allem mit Sonne, dort hatte ich zur selben Zeit ein paar Jahre vorher schon mal gestanden, auch sehr kalt und alles grau.<\/p>\n\n\n\n<p>F\u00fcr meinen zweiten Panoramakalender &#8222;Oranienburger Ansichten&#8220; vor einigen Jahren hatte ich das Jahr davor im Winter genau EINEN Tag mit Schnee, oder besser gesagt, einen Halben. Morgens war alles wei\u00df (nat\u00fcrlich ohne Sonne, grau \ud83d\ude09 ), ich freute mich wie ein D\u00f6del, schaffte genau zwei Panos in Malz und in Friedrichsthal, gegen Mittag taute es dann und formte sich zu Matsch, noch grauer. Aber ich hatte ZWEI Panos, Januar und Februar waren gerettet. Und so geht das nun jedes Jahr aufs neue. Das Gute daran ist, dass man mit den Jahren ein paar Motive mehr gesammelt hat, denn wenn mal Wetter war hat man eben fotografiert. Nun gibt es einen zweiten Ort f\u00fcr den ich Panoramakalender produziere, Hennigsdorf, und da kann ich nicht so einfach was aus der &#8222;Zauberkiste&#8220; ziehen, Grund genug bei den Wetterverh\u00e4ltnissen der letzten Tage in Aufregung und ins Gr\u00fcbeln zu kommen. Klar, wir haben erst den 1. Februar, da gibt es sicher noch Schneetage bis zum Fr\u00fchling, aber vielleicht ja auch nicht (siehe oben \ud83d\ude09 ).<\/p>\n\n\n\n<p>Um es langsam zu Ende zu bringen, es war wie gesagt heute ein idealer Tag. Alles stimmte (klar, ideal w\u00e4re eben kein Tauwetter, trotzdem Sonne, der Schnee wenigstens 20cm h\u00f6her und das am besten gaaanz frisch \ud83d\ude09 ). Aber ich bin ja schon immer bescheiden gewesen, freue mich \u00fcber alles Positive.<br \/>Ich fuhr am Vormittag erst mal nach Hennigsdorf, anschlie\u00dfend nach Nieder Neuendorf (auch Hennigsdorf \ud83d\ude09 ). Es machte richtig gut Spa\u00df und ich richtig gut &#8222;Beute&#8220;. Danach ging es kurz nach Birkenwerder, da war ein Fotowunsch-Auftrag das Rathaus mit etwas Schnee. Als ich dann \u00fcber Havelhausen in Oranienburg einfuhr blickte ich kurz nach rechts zum Havelkanal, h\u00fcbsch, dachte ich, und fuhr weiter. Und fuhr weiter. War wirklich h\u00fcbsch\u2026 , &#8222;Mensch Du Knaller, DAS WAR WIRKLICH H\u00dcBSCH!! Dreh endlich um, beweg Deine Beine und mach Deine Fotos!&#8220; Wie schon mal gesagt, es gibt da so eine innere Stimme\u2026 \ud83d\ude09<\/p>\n\n\n\n<p>Klar drehte ich auf dem Parkplatz der B\u00e4ckerei &#8222;Gr\u00fcnler&#8220; schnell um, parkte mein Auto und machte mich auf den Weg. War im Endeffekt noch besser als gedacht. Ich wusste es ja, auf meine innere Stimme kann ich mich jederzeit verlassen, auch wenn sie manchmal etwas penetrant erscheint \ud83d\ude09<br \/>Ich denke, mir sind da ein paar ganz gute Sachen gelungen, vor allem der Spa\u00df am Tun, die frische Luft, Sonne; man tankt mit den Sinnen auf. Sogar ein Pano aus der Hand von der Br\u00fccke ist mir gelungen. Falls es wieder einen Oranienburger Kalender geben sollte. Aber DAS steht im Moment noch in den Sternen&#8230;<\/p>\n\n\n\n<p>So &#8222;Nebenbei&#8220; und auch direkt sind etliche sch\u00f6ne Motive entstanden, die ich Euch hier mal in der Galerie eingestellt habe. Ist nur eine kleine Auswahl, es sind auch ein Paar von dem Tag, als der Schnee fiel (und es dabei grau war \ud83d\ude09 ) dabei, weil ich die Stimmung einfach mag.<\/p>\n\n\n\n<p>Und eins noch, was f\u00fcr mich beim Fotografieren das Wichtigste ist, es macht mich richtig gl\u00fccklich&#8230;<\/p>\n\n\n<div class=\"wp-block-image\">\n<figure class=\"aligncenter size-large\"><a href=\"https:\/\/liebke-foto.de\/maerkischeslicht\/wp-content\/uploads\/2014\/02\/FL80616.jpg\"><img loading=\"lazy\" decoding=\"async\" width=\"1200\" height=\"801\" src=\"https:\/\/liebke-foto.de\/maerkischeslicht\/wp-content\/uploads\/2014\/02\/FL80616.jpg\" alt=\"Am Nieder Neuendorfer See Hennigsdorf\" class=\"wp-image-333\" srcset=\"https:\/\/liebke-foto.de\/maerkischeslicht\/wp-content\/uploads\/2014\/02\/FL80616.jpg 1200w, https:\/\/liebke-foto.de\/maerkischeslicht\/wp-content\/uploads\/2014\/02\/FL80616-1198x800.jpg 1198w, https:\/\/liebke-foto.de\/maerkischeslicht\/wp-content\/uploads\/2014\/02\/FL80616-450x300.jpg 450w\" sizes=\"auto, (max-width: 1200px) 100vw, 1200px\" \/><\/a><\/figure>\n<\/div>\n\n<div class=\"wp-block-image\">\n<figure class=\"aligncenter size-large\"><a href=\"https:\/\/liebke-foto.de\/maerkischeslicht\/wp-content\/uploads\/2014\/02\/FL80624.jpg\"><img loading=\"lazy\" decoding=\"async\" width=\"1200\" height=\"801\" src=\"https:\/\/liebke-foto.de\/maerkischeslicht\/wp-content\/uploads\/2014\/02\/FL80624.jpg\" alt=\"\" class=\"wp-image-334\" srcset=\"https:\/\/liebke-foto.de\/maerkischeslicht\/wp-content\/uploads\/2014\/02\/FL80624.jpg 1200w, https:\/\/liebke-foto.de\/maerkischeslicht\/wp-content\/uploads\/2014\/02\/FL80624-1198x800.jpg 1198w, https:\/\/liebke-foto.de\/maerkischeslicht\/wp-content\/uploads\/2014\/02\/FL80624-450x300.jpg 450w\" sizes=\"auto, (max-width: 1200px) 100vw, 1200px\" \/><\/a><\/figure>\n<\/div>\n\n<div class=\"wp-block-image\">\n<figure class=\"aligncenter size-large\"><a href=\"https:\/\/liebke-foto.de\/maerkischeslicht\/wp-content\/uploads\/2014\/02\/FL80632.jpg\"><img loading=\"lazy\" decoding=\"async\" width=\"1200\" height=\"801\" src=\"https:\/\/liebke-foto.de\/maerkischeslicht\/wp-content\/uploads\/2014\/02\/FL80632.jpg\" alt=\"\" class=\"wp-image-335\" srcset=\"https:\/\/liebke-foto.de\/maerkischeslicht\/wp-content\/uploads\/2014\/02\/FL80632.jpg 1200w, https:\/\/liebke-foto.de\/maerkischeslicht\/wp-content\/uploads\/2014\/02\/FL80632-1198x800.jpg 1198w, https:\/\/liebke-foto.de\/maerkischeslicht\/wp-content\/uploads\/2014\/02\/FL80632-450x300.jpg 450w\" sizes=\"auto, (max-width: 1200px) 100vw, 1200px\" \/><\/a><\/figure>\n<\/div>\n\n<div class=\"wp-block-image\">\n<figure class=\"aligncenter size-large\"><a href=\"https:\/\/liebke-foto.de\/maerkischeslicht\/wp-content\/uploads\/2014\/02\/FL80646.jpg\"><img loading=\"lazy\" decoding=\"async\" width=\"1200\" height=\"801\" src=\"https:\/\/liebke-foto.de\/maerkischeslicht\/wp-content\/uploads\/2014\/02\/FL80646.jpg\" alt=\"\" class=\"wp-image-336\" srcset=\"https:\/\/liebke-foto.de\/maerkischeslicht\/wp-content\/uploads\/2014\/02\/FL80646.jpg 1200w, https:\/\/liebke-foto.de\/maerkischeslicht\/wp-content\/uploads\/2014\/02\/FL80646-1198x800.jpg 1198w, https:\/\/liebke-foto.de\/maerkischeslicht\/wp-content\/uploads\/2014\/02\/FL80646-450x300.jpg 450w\" sizes=\"auto, (max-width: 1200px) 100vw, 1200px\" \/><\/a><\/figure>\n<\/div>\n\n<div class=\"wp-block-image\">\n<figure class=\"aligncenter size-large\"><a href=\"https:\/\/liebke-foto.de\/maerkischeslicht\/wp-content\/uploads\/2014\/02\/FL80596.jpg\"><img loading=\"lazy\" decoding=\"async\" width=\"1200\" height=\"801\" src=\"https:\/\/liebke-foto.de\/maerkischeslicht\/wp-content\/uploads\/2014\/02\/FL80596.jpg\" alt=\"\" class=\"wp-image-331\" srcset=\"https:\/\/liebke-foto.de\/maerkischeslicht\/wp-content\/uploads\/2014\/02\/FL80596.jpg 1200w, https:\/\/liebke-foto.de\/maerkischeslicht\/wp-content\/uploads\/2014\/02\/FL80596-1198x800.jpg 1198w, https:\/\/liebke-foto.de\/maerkischeslicht\/wp-content\/uploads\/2014\/02\/FL80596-450x300.jpg 450w\" sizes=\"auto, (max-width: 1200px) 100vw, 1200px\" \/><\/a><\/figure>\n<\/div>\n\n<div class=\"wp-block-image\">\n<figure class=\"aligncenter size-large\"><a href=\"https:\/\/liebke-foto.de\/maerkischeslicht\/wp-content\/uploads\/2014\/02\/FL80606.jpg\"><img loading=\"lazy\" decoding=\"async\" width=\"1200\" height=\"801\" src=\"https:\/\/liebke-foto.de\/maerkischeslicht\/wp-content\/uploads\/2014\/02\/FL80606.jpg\" alt=\"\" class=\"wp-image-332\" srcset=\"https:\/\/liebke-foto.de\/maerkischeslicht\/wp-content\/uploads\/2014\/02\/FL80606.jpg 1200w, https:\/\/liebke-foto.de\/maerkischeslicht\/wp-content\/uploads\/2014\/02\/FL80606-1198x800.jpg 1198w, https:\/\/liebke-foto.de\/maerkischeslicht\/wp-content\/uploads\/2014\/02\/FL80606-450x300.jpg 450w\" sizes=\"auto, (max-width: 1200px) 100vw, 1200px\" \/><\/a><\/figure>\n<\/div>\n\n<div class=\"wp-block-image\">\n<figure class=\"aligncenter size-large\"><a href=\"https:\/\/liebke-foto.de\/maerkischeslicht\/wp-content\/uploads\/2014\/02\/FL80653.jpg\"><img loading=\"lazy\" decoding=\"async\" width=\"1200\" height=\"801\" src=\"https:\/\/liebke-foto.de\/maerkischeslicht\/wp-content\/uploads\/2014\/02\/FL80653.jpg\" alt=\"\" class=\"wp-image-337\" srcset=\"https:\/\/liebke-foto.de\/maerkischeslicht\/wp-content\/uploads\/2014\/02\/FL80653.jpg 1200w, https:\/\/liebke-foto.de\/maerkischeslicht\/wp-content\/uploads\/2014\/02\/FL80653-1198x800.jpg 1198w, https:\/\/liebke-foto.de\/maerkischeslicht\/wp-content\/uploads\/2014\/02\/FL80653-450x300.jpg 450w\" sizes=\"auto, (max-width: 1200px) 100vw, 1200px\" \/><\/a><\/figure>\n<\/div>\n\n<div class=\"wp-block-image\">\n<figure class=\"aligncenter size-large\"><a href=\"https:\/\/liebke-foto.de\/maerkischeslicht\/wp-content\/uploads\/2014\/02\/FL80656.jpg\"><img loading=\"lazy\" decoding=\"async\" width=\"1200\" height=\"801\" src=\"https:\/\/liebke-foto.de\/maerkischeslicht\/wp-content\/uploads\/2014\/02\/FL80656.jpg\" alt=\"\" class=\"wp-image-338\" srcset=\"https:\/\/liebke-foto.de\/maerkischeslicht\/wp-content\/uploads\/2014\/02\/FL80656.jpg 1200w, https:\/\/liebke-foto.de\/maerkischeslicht\/wp-content\/uploads\/2014\/02\/FL80656-1198x800.jpg 1198w, https:\/\/liebke-foto.de\/maerkischeslicht\/wp-content\/uploads\/2014\/02\/FL80656-450x300.jpg 450w\" sizes=\"auto, (max-width: 1200px) 100vw, 1200px\" \/><\/a><\/figure>\n<\/div>\n\n<div class=\"wp-block-image\">\n<figure class=\"aligncenter size-large\"><a href=\"https:\/\/liebke-foto.de\/maerkischeslicht\/wp-content\/uploads\/2014\/02\/FL80657.jpg\"><img loading=\"lazy\" decoding=\"async\" width=\"1200\" height=\"801\" src=\"https:\/\/liebke-foto.de\/maerkischeslicht\/wp-content\/uploads\/2014\/02\/FL80657.jpg\" alt=\"\" class=\"wp-image-339\" srcset=\"https:\/\/liebke-foto.de\/maerkischeslicht\/wp-content\/uploads\/2014\/02\/FL80657.jpg 1200w, https:\/\/liebke-foto.de\/maerkischeslicht\/wp-content\/uploads\/2014\/02\/FL80657-1198x800.jpg 1198w, https:\/\/liebke-foto.de\/maerkischeslicht\/wp-content\/uploads\/2014\/02\/FL80657-450x300.jpg 450w\" sizes=\"auto, (max-width: 1200px) 100vw, 1200px\" \/><\/a><\/figure>\n<\/div>\n\n<div class=\"wp-block-image\">\n<figure class=\"aligncenter size-large\"><a href=\"https:\/\/liebke-foto.de\/maerkischeslicht\/wp-content\/uploads\/2014\/02\/FL80663.jpg\"><img loading=\"lazy\" decoding=\"async\" width=\"1200\" height=\"801\" src=\"https:\/\/liebke-foto.de\/maerkischeslicht\/wp-content\/uploads\/2014\/02\/FL80663.jpg\" alt=\"\" class=\"wp-image-340\" srcset=\"https:\/\/liebke-foto.de\/maerkischeslicht\/wp-content\/uploads\/2014\/02\/FL80663.jpg 1200w, https:\/\/liebke-foto.de\/maerkischeslicht\/wp-content\/uploads\/2014\/02\/FL80663-1198x800.jpg 1198w, https:\/\/liebke-foto.de\/maerkischeslicht\/wp-content\/uploads\/2014\/02\/FL80663-450x300.jpg 450w\" sizes=\"auto, (max-width: 1200px) 100vw, 1200px\" \/><\/a><\/figure>\n<\/div>\n\n<div class=\"wp-block-image\">\n<figure class=\"aligncenter size-large\"><a href=\"https:\/\/liebke-foto.de\/maerkischeslicht\/wp-content\/uploads\/2014\/02\/FL80665.jpg\"><img loading=\"lazy\" decoding=\"async\" width=\"1200\" height=\"801\" src=\"https:\/\/liebke-foto.de\/maerkischeslicht\/wp-content\/uploads\/2014\/02\/FL80665.jpg\" alt=\"\" class=\"wp-image-341\" srcset=\"https:\/\/liebke-foto.de\/maerkischeslicht\/wp-content\/uploads\/2014\/02\/FL80665.jpg 1200w, https:\/\/liebke-foto.de\/maerkischeslicht\/wp-content\/uploads\/2014\/02\/FL80665-1198x800.jpg 1198w, https:\/\/liebke-foto.de\/maerkischeslicht\/wp-content\/uploads\/2014\/02\/FL80665-450x300.jpg 450w\" sizes=\"auto, (max-width: 1200px) 100vw, 1200px\" \/><\/a><\/figure>\n<\/div>\n\n<div class=\"wp-block-image\">\n<figure class=\"aligncenter size-large\"><a href=\"https:\/\/liebke-foto.de\/maerkischeslicht\/wp-content\/uploads\/2014\/02\/FL80667.jpg\"><img loading=\"lazy\" decoding=\"async\" width=\"1200\" height=\"801\" src=\"https:\/\/liebke-foto.de\/maerkischeslicht\/wp-content\/uploads\/2014\/02\/FL80667.jpg\" alt=\"\" class=\"wp-image-342\" srcset=\"https:\/\/liebke-foto.de\/maerkischeslicht\/wp-content\/uploads\/2014\/02\/FL80667.jpg 1200w, https:\/\/liebke-foto.de\/maerkischeslicht\/wp-content\/uploads\/2014\/02\/FL80667-1198x800.jpg 1198w, https:\/\/liebke-foto.de\/maerkischeslicht\/wp-content\/uploads\/2014\/02\/FL80667-450x300.jpg 450w\" sizes=\"auto, (max-width: 1200px) 100vw, 1200px\" \/><\/a><\/figure>\n<\/div>\n\n<div class=\"wp-block-image\">\n<figure class=\"aligncenter size-large\"><a href=\"https:\/\/liebke-foto.de\/maerkischeslicht\/wp-content\/uploads\/2014\/02\/FL80671.jpg\"><img loading=\"lazy\" decoding=\"async\" width=\"1200\" height=\"801\" src=\"https:\/\/liebke-foto.de\/maerkischeslicht\/wp-content\/uploads\/2014\/02\/FL80671.jpg\" alt=\"\" class=\"wp-image-343\" srcset=\"https:\/\/liebke-foto.de\/maerkischeslicht\/wp-content\/uploads\/2014\/02\/FL80671.jpg 1200w, https:\/\/liebke-foto.de\/maerkischeslicht\/wp-content\/uploads\/2014\/02\/FL80671-1198x800.jpg 1198w, https:\/\/liebke-foto.de\/maerkischeslicht\/wp-content\/uploads\/2014\/02\/FL80671-450x300.jpg 450w\" sizes=\"auto, (max-width: 1200px) 100vw, 1200px\" \/><\/a><\/figure>\n<\/div>\n\n<div class=\"wp-block-image\">\n<figure class=\"aligncenter size-large\"><a href=\"https:\/\/liebke-foto.de\/maerkischeslicht\/wp-content\/uploads\/2014\/02\/FL80702.jpg\"><img loading=\"lazy\" decoding=\"async\" width=\"1200\" height=\"801\" src=\"https:\/\/liebke-foto.de\/maerkischeslicht\/wp-content\/uploads\/2014\/02\/FL80702.jpg\" alt=\"\" class=\"wp-image-344\" srcset=\"https:\/\/liebke-foto.de\/maerkischeslicht\/wp-content\/uploads\/2014\/02\/FL80702.jpg 1200w, https:\/\/liebke-foto.de\/maerkischeslicht\/wp-content\/uploads\/2014\/02\/FL80702-1198x800.jpg 1198w, https:\/\/liebke-foto.de\/maerkischeslicht\/wp-content\/uploads\/2014\/02\/FL80702-450x300.jpg 450w\" sizes=\"auto, (max-width: 1200px) 100vw, 1200px\" \/><\/a><\/figure>\n<\/div>\n\n<div class=\"wp-block-image\">\n<figure class=\"aligncenter size-large\"><a href=\"https:\/\/liebke-foto.de\/maerkischeslicht\/wp-content\/uploads\/2014\/02\/FL80704.jpg\"><img loading=\"lazy\" decoding=\"async\" width=\"1200\" height=\"801\" src=\"https:\/\/liebke-foto.de\/maerkischeslicht\/wp-content\/uploads\/2014\/02\/FL80704.jpg\" alt=\"\" class=\"wp-image-345\" srcset=\"https:\/\/liebke-foto.de\/maerkischeslicht\/wp-content\/uploads\/2014\/02\/FL80704.jpg 1200w, https:\/\/liebke-foto.de\/maerkischeslicht\/wp-content\/uploads\/2014\/02\/FL80704-1198x800.jpg 1198w, https:\/\/liebke-foto.de\/maerkischeslicht\/wp-content\/uploads\/2014\/02\/FL80704-450x300.jpg 450w\" sizes=\"auto, (max-width: 1200px) 100vw, 1200px\" \/><\/a><\/figure>\n<\/div>\n\n<div class=\"wp-block-image\">\n<figure class=\"aligncenter size-large\"><a href=\"https:\/\/liebke-foto.de\/maerkischeslicht\/wp-content\/uploads\/2014\/02\/FL80719.jpg\"><img loading=\"lazy\" decoding=\"async\" width=\"1200\" height=\"801\" src=\"https:\/\/liebke-foto.de\/maerkischeslicht\/wp-content\/uploads\/2014\/02\/FL80719.jpg\" alt=\"\" class=\"wp-image-346\" srcset=\"https:\/\/liebke-foto.de\/maerkischeslicht\/wp-content\/uploads\/2014\/02\/FL80719.jpg 1200w, https:\/\/liebke-foto.de\/maerkischeslicht\/wp-content\/uploads\/2014\/02\/FL80719-1198x800.jpg 1198w, https:\/\/liebke-foto.de\/maerkischeslicht\/wp-content\/uploads\/2014\/02\/FL80719-450x300.jpg 450w\" sizes=\"auto, (max-width: 1200px) 100vw, 1200px\" \/><\/a><\/figure>\n<\/div>\n\n<div class=\"wp-block-image\">\n<figure class=\"aligncenter size-large\"><a href=\"https:\/\/liebke-foto.de\/maerkischeslicht\/wp-content\/uploads\/2014\/02\/FL80720.jpg\"><img loading=\"lazy\" decoding=\"async\" width=\"1200\" height=\"801\" src=\"https:\/\/liebke-foto.de\/maerkischeslicht\/wp-content\/uploads\/2014\/02\/FL80720.jpg\" alt=\"\" class=\"wp-image-347\" srcset=\"https:\/\/liebke-foto.de\/maerkischeslicht\/wp-content\/uploads\/2014\/02\/FL80720.jpg 1200w, https:\/\/liebke-foto.de\/maerkischeslicht\/wp-content\/uploads\/2014\/02\/FL80720-1198x800.jpg 1198w, https:\/\/liebke-foto.de\/maerkischeslicht\/wp-content\/uploads\/2014\/02\/FL80720-450x300.jpg 450w\" sizes=\"auto, (max-width: 1200px) 100vw, 1200px\" \/><\/a><\/figure>\n<\/div>\n\n<div class=\"wp-block-image\">\n<figure class=\"aligncenter size-large\"><a href=\"https:\/\/liebke-foto.de\/maerkischeslicht\/wp-content\/uploads\/2014\/02\/FL8_9431.jpg\"><img loading=\"lazy\" decoding=\"async\" width=\"1200\" height=\"737\" src=\"https:\/\/liebke-foto.de\/maerkischeslicht\/wp-content\/uploads\/2014\/02\/FL8_9431.jpg\" alt=\"Altes Rathaus Hennigsdorf\" class=\"wp-image-348\"\/><\/a><figcaption>Altes Rathaus Hennigsdorf<\/figcaption><\/figure>\n<\/div>\n\n<div class=\"wp-block-image\">\n<figure class=\"aligncenter size-large\"><a href=\"https:\/\/liebke-foto.de\/maerkischeslicht\/wp-content\/uploads\/2014\/02\/FL8_9468.jpg\"><img loading=\"lazy\" decoding=\"async\" width=\"1200\" height=\"801\" src=\"https:\/\/liebke-foto.de\/maerkischeslicht\/wp-content\/uploads\/2014\/02\/FL8_9468.jpg\" alt=\"\" class=\"wp-image-349\" srcset=\"https:\/\/liebke-foto.de\/maerkischeslicht\/wp-content\/uploads\/2014\/02\/FL8_9468.jpg 1200w, https:\/\/liebke-foto.de\/maerkischeslicht\/wp-content\/uploads\/2014\/02\/FL8_9468-1198x800.jpg 1198w, https:\/\/liebke-foto.de\/maerkischeslicht\/wp-content\/uploads\/2014\/02\/FL8_9468-450x300.jpg 450w\" sizes=\"auto, (max-width: 1200px) 100vw, 1200px\" \/><\/a><\/figure>\n<\/div>\n\n<div class=\"wp-block-image\">\n<figure class=\"aligncenter size-large\"><a href=\"https:\/\/liebke-foto.de\/maerkischeslicht\/wp-content\/uploads\/2014\/02\/FL8_9534.jpg\"><img loading=\"lazy\" decoding=\"async\" width=\"1200\" height=\"801\" src=\"https:\/\/liebke-foto.de\/maerkischeslicht\/wp-content\/uploads\/2014\/02\/FL8_9534.jpg\" alt=\"Hennigsdorfer Rathaus\" class=\"wp-image-350\" srcset=\"https:\/\/liebke-foto.de\/maerkischeslicht\/wp-content\/uploads\/2014\/02\/FL8_9534.jpg 1200w, https:\/\/liebke-foto.de\/maerkischeslicht\/wp-content\/uploads\/2014\/02\/FL8_9534-1198x800.jpg 1198w, https:\/\/liebke-foto.de\/maerkischeslicht\/wp-content\/uploads\/2014\/02\/FL8_9534-450x300.jpg 450w\" sizes=\"auto, (max-width: 1200px) 100vw, 1200px\" \/><\/a><figcaption>Hennigsdorfer Rathaus<\/figcaption><\/figure>\n<\/div>\n\n<div class=\"wp-block-image\">\n<figure class=\"aligncenter size-large\"><a href=\"https:\/\/liebke-foto.de\/maerkischeslicht\/wp-content\/uploads\/2014\/02\/FL80547.jpg\"><img loading=\"lazy\" decoding=\"async\" width=\"1200\" height=\"801\" src=\"https:\/\/liebke-foto.de\/maerkischeslicht\/wp-content\/uploads\/2014\/02\/FL80547.jpg\" alt=\"Bahnhof Hennigsdorf\" class=\"wp-image-330\" srcset=\"https:\/\/liebke-foto.de\/maerkischeslicht\/wp-content\/uploads\/2014\/02\/FL80547.jpg 1200w, https:\/\/liebke-foto.de\/maerkischeslicht\/wp-content\/uploads\/2014\/02\/FL80547-1198x800.jpg 1198w, https:\/\/liebke-foto.de\/maerkischeslicht\/wp-content\/uploads\/2014\/02\/FL80547-450x300.jpg 450w\" sizes=\"auto, (max-width: 1200px) 100vw, 1200px\" \/><\/a><figcaption>Bahnhof Hennigsdorf<\/figcaption><\/figure>\n<\/div>\n\n<div class=\"wp-block-image\">\n<figure class=\"aligncenter size-large\"><a href=\"https:\/\/liebke-foto.de\/maerkischeslicht\/wp-content\/uploads\/2014\/02\/FL8_9730.jpg\"><img loading=\"lazy\" decoding=\"async\" width=\"1200\" height=\"801\" src=\"https:\/\/liebke-foto.de\/maerkischeslicht\/wp-content\/uploads\/2014\/02\/FL8_9730.jpg\" alt=\"Niederneuendorfer See\" class=\"wp-image-351\" srcset=\"https:\/\/liebke-foto.de\/maerkischeslicht\/wp-content\/uploads\/2014\/02\/FL8_9730.jpg 1200w, https:\/\/liebke-foto.de\/maerkischeslicht\/wp-content\/uploads\/2014\/02\/FL8_9730-1198x800.jpg 1198w, https:\/\/liebke-foto.de\/maerkischeslicht\/wp-content\/uploads\/2014\/02\/FL8_9730-450x300.jpg 450w\" sizes=\"auto, (max-width: 1200px) 100vw, 1200px\" \/><\/a><figcaption>Niederneuendorfer See<\/figcaption><\/figure>\n<\/div>\n\n<div class=\"wp-block-image\">\n<figure class=\"aligncenter size-large\"><a href=\"https:\/\/liebke-foto.de\/maerkischeslicht\/wp-content\/uploads\/2014\/02\/FL8_9762.jpg\"><img loading=\"lazy\" decoding=\"async\" width=\"1200\" height=\"801\" src=\"https:\/\/liebke-foto.de\/maerkischeslicht\/wp-content\/uploads\/2014\/02\/FL8_9762.jpg\" alt=\"Niederneuendorfer See\" class=\"wp-image-352\" srcset=\"https:\/\/liebke-foto.de\/maerkischeslicht\/wp-content\/uploads\/2014\/02\/FL8_9762.jpg 1200w, https:\/\/liebke-foto.de\/maerkischeslicht\/wp-content\/uploads\/2014\/02\/FL8_9762-1198x800.jpg 1198w, https:\/\/liebke-foto.de\/maerkischeslicht\/wp-content\/uploads\/2014\/02\/FL8_9762-450x300.jpg 450w\" sizes=\"auto, (max-width: 1200px) 100vw, 1200px\" \/><\/a><figcaption>Niederneuendorfer See<\/figcaption><\/figure>\n<\/div>\n\n\n<div style=\"padding:20px\" class=\"wp-block-tnp-minimal\"><p>Subscribe to our newsletter!<\/p><div><div class=\"tnp tnp-subscription \">\n<form method=\"post\" action=\"https:\/\/liebke-foto.de\/maerkischeslicht\/wp-admin\/admin-ajax.php?action=tnp&amp;na=s\">\n<input type=\"hidden\" name=\"nlang\" value=\"\">\n<div class=\"tnp-field tnp-field-firstname\"><label for=\"tnp-1\">Vorname oder ganzer Name<\/label>\n<input class=\"tnp-name\" type=\"text\" name=\"nn\" id=\"tnp-1\" value=\"\" placeholder=\"\"><\/div>\n<div class=\"tnp-field tnp-field-email\"><label for=\"tnp-2\">Email<\/label>\n<input class=\"tnp-email\" type=\"email\" name=\"ne\" id=\"tnp-2\" value=\"\" placeholder=\"\" required><\/div>\n<div class=\"tnp-field tnp-privacy-field\"><label><input type=\"checkbox\" name=\"ny\" required class=\"tnp-privacy\"> Indem Du fortf\u00e4hrst, akzeptierst Du unsere Datenschutzerkl\u00e4rung.<\/label><\/div><div class=\"tnp-field tnp-field-button\" style=\"text-align: left\"><input class=\"tnp-submit\" type=\"submit\" value=\"Abonnieren\" style=\"\">\n<\/div>\n<\/form>\n<\/div>\n<\/div><\/div>\n\n\n\n\n","protected":false},"excerpt":{"rendered":"<p>Heute war mal wieder ein zauberhaftes Winterwetter,bei dem alles stimmte und das Fotografenherz gleich etwas h\u00f6her schlagen lie\u00df. Und so nehme ich den&#8230;<\/p>\n","protected":false},"author":1,"featured_media":333,"comment_status":"open","ping_status":"open","sticky":false,"template":"","format":"gallery","meta":{"footnotes":""},"categories":[11,66,10],"tags":[],"class_list":["post-329","post","type-post","status-publish","format-gallery","has-post-thumbnail","hentry","category-im-land-brandenburg-unterwegs","category-landpartie","category-landschaft-mark-brandenburg-oberhavel-barnim","post_format-post-format-gallery"],"yoast_head":"<!-- This site is optimized with the Yoast SEO plugin v27.5 - https:\/\/yoast.com\/product\/yoast-seo-wordpress\/ -->\n<title>Winterwanderungen f\u00fcr Kalenderbilder - M\u00e4rkisches Licht - Der Fotograf der Stille<\/title>\n<meta name=\"description\" content=\"Winterwanderungen f\u00fcr Kalenderbilder\" \/>\n<meta name=\"robots\" content=\"index, follow, max-snippet:-1, max-image-preview:large, max-video-preview:-1\" \/>\n<link rel=\"canonical\" href=\"https:\/\/liebke-foto.de\/maerkischeslicht\/winterwanderungen-fuer-kalenderbilder\/\" \/>\n<meta property=\"og:locale\" content=\"de_DE\" \/>\n<meta property=\"og:type\" content=\"article\" \/>\n<meta property=\"og:title\" content=\"Winterwanderungen f\u00fcr Kalenderbilder - M\u00e4rkisches Licht - Der Fotograf der Stille\" \/>\n<meta property=\"og:description\" content=\"Winterwanderungen f\u00fcr Kalenderbilder\" \/>\n<meta property=\"og:url\" content=\"https:\/\/liebke-foto.de\/maerkischeslicht\/winterwanderungen-fuer-kalenderbilder\/\" \/>\n<meta property=\"og:site_name\" content=\"M\u00e4rkisches Licht - Der Fotograf der Stille\" \/>\n<meta property=\"article:published_time\" content=\"2014-02-01T18:46:34+00:00\" \/>\n<meta property=\"article:modified_time\" content=\"2022-07-03T14:33:22+00:00\" \/>\n<meta property=\"og:image\" content=\"https:\/\/liebke-foto.de\/maerkischeslicht\/wp-content\/uploads\/2014\/02\/FL80616.jpg\" \/>\n\t<meta property=\"og:image:width\" content=\"1200\" \/>\n\t<meta property=\"og:image:height\" content=\"801\" \/>\n\t<meta property=\"og:image:type\" content=\"image\/jpeg\" \/>\n<meta name=\"author\" content=\"Frank Liebke\" \/>\n<meta name=\"twitter:card\" content=\"summary_large_image\" \/>\n<meta name=\"twitter:label1\" content=\"Verfasst von\" \/>\n\t<meta name=\"twitter:data1\" content=\"Frank Liebke\" \/>\n\t<meta name=\"twitter:label2\" content=\"Gesch\u00e4tzte Lesezeit\" \/>\n\t<meta name=\"twitter:data2\" content=\"11\u00a0Minuten\" \/>\n<script type=\"application\/ld+json\" class=\"yoast-schema-graph\">{\"@context\":\"https:\\\/\\\/schema.org\",\"@graph\":[{\"@type\":\"Article\",\"@id\":\"https:\\\/\\\/liebke-foto.de\\\/maerkischeslicht\\\/winterwanderungen-fuer-kalenderbilder\\\/#article\",\"isPartOf\":{\"@id\":\"https:\\\/\\\/liebke-foto.de\\\/maerkischeslicht\\\/winterwanderungen-fuer-kalenderbilder\\\/\"},\"author\":{\"name\":\"Frank Liebke\",\"@id\":\"https:\\\/\\\/liebke-foto.de\\\/maerkischeslicht\\\/#\\\/schema\\\/person\\\/d71108abc09a723daeeb8526a33137ee\"},\"headline\":\"Winterwanderungen f\u00fcr Kalenderbilder\",\"datePublished\":\"2014-02-01T18:46:34+00:00\",\"dateModified\":\"2022-07-03T14:33:22+00:00\",\"mainEntityOfPage\":{\"@id\":\"https:\\\/\\\/liebke-foto.de\\\/maerkischeslicht\\\/winterwanderungen-fuer-kalenderbilder\\\/\"},\"wordCount\":1040,\"commentCount\":0,\"publisher\":{\"@id\":\"https:\\\/\\\/liebke-foto.de\\\/maerkischeslicht\\\/#\\\/schema\\\/person\\\/d71108abc09a723daeeb8526a33137ee\"},\"image\":{\"@id\":\"https:\\\/\\\/liebke-foto.de\\\/maerkischeslicht\\\/winterwanderungen-fuer-kalenderbilder\\\/#primaryimage\"},\"thumbnailUrl\":\"https:\\\/\\\/liebke-foto.de\\\/maerkischeslicht\\\/wp-content\\\/uploads\\\/2014\\\/02\\\/FL80616.jpg\",\"articleSection\":[\"Im Land Brandenburg unterwegs\",\"LANDpartie, unterwegs in der Mark Brandenburg\",\"Landschaft\"],\"inLanguage\":\"de\",\"potentialAction\":[{\"@type\":\"CommentAction\",\"name\":\"Comment\",\"target\":[\"https:\\\/\\\/liebke-foto.de\\\/maerkischeslicht\\\/winterwanderungen-fuer-kalenderbilder\\\/#respond\"]}]},{\"@type\":\"WebPage\",\"@id\":\"https:\\\/\\\/liebke-foto.de\\\/maerkischeslicht\\\/winterwanderungen-fuer-kalenderbilder\\\/\",\"url\":\"https:\\\/\\\/liebke-foto.de\\\/maerkischeslicht\\\/winterwanderungen-fuer-kalenderbilder\\\/\",\"name\":\"Winterwanderungen f\u00fcr Kalenderbilder - M\u00e4rkisches Licht - Der Fotograf der Stille\",\"isPartOf\":{\"@id\":\"https:\\\/\\\/liebke-foto.de\\\/maerkischeslicht\\\/#website\"},\"primaryImageOfPage\":{\"@id\":\"https:\\\/\\\/liebke-foto.de\\\/maerkischeslicht\\\/winterwanderungen-fuer-kalenderbilder\\\/#primaryimage\"},\"image\":{\"@id\":\"https:\\\/\\\/liebke-foto.de\\\/maerkischeslicht\\\/winterwanderungen-fuer-kalenderbilder\\\/#primaryimage\"},\"thumbnailUrl\":\"https:\\\/\\\/liebke-foto.de\\\/maerkischeslicht\\\/wp-content\\\/uploads\\\/2014\\\/02\\\/FL80616.jpg\",\"datePublished\":\"2014-02-01T18:46:34+00:00\",\"dateModified\":\"2022-07-03T14:33:22+00:00\",\"description\":\"Winterwanderungen f\u00fcr Kalenderbilder\",\"breadcrumb\":{\"@id\":\"https:\\\/\\\/liebke-foto.de\\\/maerkischeslicht\\\/winterwanderungen-fuer-kalenderbilder\\\/#breadcrumb\"},\"inLanguage\":\"de\",\"potentialAction\":[{\"@type\":\"ReadAction\",\"target\":[\"https:\\\/\\\/liebke-foto.de\\\/maerkischeslicht\\\/winterwanderungen-fuer-kalenderbilder\\\/\"]}]},{\"@type\":\"ImageObject\",\"inLanguage\":\"de\",\"@id\":\"https:\\\/\\\/liebke-foto.de\\\/maerkischeslicht\\\/winterwanderungen-fuer-kalenderbilder\\\/#primaryimage\",\"url\":\"https:\\\/\\\/liebke-foto.de\\\/maerkischeslicht\\\/wp-content\\\/uploads\\\/2014\\\/02\\\/FL80616.jpg\",\"contentUrl\":\"https:\\\/\\\/liebke-foto.de\\\/maerkischeslicht\\\/wp-content\\\/uploads\\\/2014\\\/02\\\/FL80616.jpg\",\"width\":1200,\"height\":801,\"caption\":\"Am Nieder Neuendorfer See Hennigsdorf\"},{\"@type\":\"BreadcrumbList\",\"@id\":\"https:\\\/\\\/liebke-foto.de\\\/maerkischeslicht\\\/winterwanderungen-fuer-kalenderbilder\\\/#breadcrumb\",\"itemListElement\":[{\"@type\":\"ListItem\",\"position\":1,\"name\":\"Startseite\",\"item\":\"https:\\\/\\\/liebke-foto.de\\\/maerkischeslicht\\\/\"},{\"@type\":\"ListItem\",\"position\":2,\"name\":\"Winterwanderungen f\u00fcr Kalenderbilder\"}]},{\"@type\":\"WebSite\",\"@id\":\"https:\\\/\\\/liebke-foto.de\\\/maerkischeslicht\\\/#website\",\"url\":\"https:\\\/\\\/liebke-foto.de\\\/maerkischeslicht\\\/\",\"name\":\"M\u00e4rkisches Licht - Der Fotograf der Stille\",\"description\":\"Die Liebe zum Leben...\",\"publisher\":{\"@id\":\"https:\\\/\\\/liebke-foto.de\\\/maerkischeslicht\\\/#\\\/schema\\\/person\\\/d71108abc09a723daeeb8526a33137ee\"},\"potentialAction\":[{\"@type\":\"SearchAction\",\"target\":{\"@type\":\"EntryPoint\",\"urlTemplate\":\"https:\\\/\\\/liebke-foto.de\\\/maerkischeslicht\\\/?s={search_term_string}\"},\"query-input\":{\"@type\":\"PropertyValueSpecification\",\"valueRequired\":true,\"valueName\":\"search_term_string\"}}],\"inLanguage\":\"de\"},{\"@type\":[\"Person\",\"Organization\"],\"@id\":\"https:\\\/\\\/liebke-foto.de\\\/maerkischeslicht\\\/#\\\/schema\\\/person\\\/d71108abc09a723daeeb8526a33137ee\",\"name\":\"Frank Liebke\",\"image\":{\"@type\":\"ImageObject\",\"inLanguage\":\"de\",\"@id\":\"https:\\\/\\\/liebke-foto.de\\\/maerkischeslicht\\\/wp-content\\\/uploads\\\/2021\\\/12\\\/IMG-20211024-WA0001.jpg\",\"url\":\"https:\\\/\\\/liebke-foto.de\\\/maerkischeslicht\\\/wp-content\\\/uploads\\\/2021\\\/12\\\/IMG-20211024-WA0001.jpg\",\"contentUrl\":\"https:\\\/\\\/liebke-foto.de\\\/maerkischeslicht\\\/wp-content\\\/uploads\\\/2021\\\/12\\\/IMG-20211024-WA0001.jpg\",\"width\":900,\"height\":1600,\"caption\":\"Frank Liebke\"},\"logo\":{\"@id\":\"https:\\\/\\\/liebke-foto.de\\\/maerkischeslicht\\\/wp-content\\\/uploads\\\/2021\\\/12\\\/IMG-20211024-WA0001.jpg\"},\"sameAs\":[\"https:\\\/\\\/liebke-foto.de\"],\"url\":\"https:\\\/\\\/liebke-foto.de\\\/maerkischeslicht\\\/author\\\/adminuser\\\/\"}]}<\/script>\n<!-- \/ Yoast SEO plugin. -->","yoast_head_json":{"title":"Winterwanderungen f\u00fcr Kalenderbilder - M\u00e4rkisches Licht - Der Fotograf der Stille","description":"Winterwanderungen f\u00fcr Kalenderbilder","robots":{"index":"index","follow":"follow","max-snippet":"max-snippet:-1","max-image-preview":"max-image-preview:large","max-video-preview":"max-video-preview:-1"},"canonical":"https:\/\/liebke-foto.de\/maerkischeslicht\/winterwanderungen-fuer-kalenderbilder\/","og_locale":"de_DE","og_type":"article","og_title":"Winterwanderungen f\u00fcr Kalenderbilder - M\u00e4rkisches Licht - Der Fotograf der Stille","og_description":"Winterwanderungen f\u00fcr Kalenderbilder","og_url":"https:\/\/liebke-foto.de\/maerkischeslicht\/winterwanderungen-fuer-kalenderbilder\/","og_site_name":"M\u00e4rkisches Licht - Der Fotograf der Stille","article_published_time":"2014-02-01T18:46:34+00:00","article_modified_time":"2022-07-03T14:33:22+00:00","og_image":[{"width":1200,"height":801,"url":"https:\/\/liebke-foto.de\/maerkischeslicht\/wp-content\/uploads\/2014\/02\/FL80616.jpg","type":"image\/jpeg"}],"author":"Frank Liebke","twitter_card":"summary_large_image","twitter_misc":{"Verfasst von":"Frank Liebke","Gesch\u00e4tzte Lesezeit":"11\u00a0Minuten"},"schema":{"@context":"https:\/\/schema.org","@graph":[{"@type":"Article","@id":"https:\/\/liebke-foto.de\/maerkischeslicht\/winterwanderungen-fuer-kalenderbilder\/#article","isPartOf":{"@id":"https:\/\/liebke-foto.de\/maerkischeslicht\/winterwanderungen-fuer-kalenderbilder\/"},"author":{"name":"Frank Liebke","@id":"https:\/\/liebke-foto.de\/maerkischeslicht\/#\/schema\/person\/d71108abc09a723daeeb8526a33137ee"},"headline":"Winterwanderungen f\u00fcr Kalenderbilder","datePublished":"2014-02-01T18:46:34+00:00","dateModified":"2022-07-03T14:33:22+00:00","mainEntityOfPage":{"@id":"https:\/\/liebke-foto.de\/maerkischeslicht\/winterwanderungen-fuer-kalenderbilder\/"},"wordCount":1040,"commentCount":0,"publisher":{"@id":"https:\/\/liebke-foto.de\/maerkischeslicht\/#\/schema\/person\/d71108abc09a723daeeb8526a33137ee"},"image":{"@id":"https:\/\/liebke-foto.de\/maerkischeslicht\/winterwanderungen-fuer-kalenderbilder\/#primaryimage"},"thumbnailUrl":"https:\/\/liebke-foto.de\/maerkischeslicht\/wp-content\/uploads\/2014\/02\/FL80616.jpg","articleSection":["Im Land Brandenburg unterwegs","LANDpartie, unterwegs in der Mark Brandenburg","Landschaft"],"inLanguage":"de","potentialAction":[{"@type":"CommentAction","name":"Comment","target":["https:\/\/liebke-foto.de\/maerkischeslicht\/winterwanderungen-fuer-kalenderbilder\/#respond"]}]},{"@type":"WebPage","@id":"https:\/\/liebke-foto.de\/maerkischeslicht\/winterwanderungen-fuer-kalenderbilder\/","url":"https:\/\/liebke-foto.de\/maerkischeslicht\/winterwanderungen-fuer-kalenderbilder\/","name":"Winterwanderungen f\u00fcr Kalenderbilder - M\u00e4rkisches Licht - Der Fotograf der Stille","isPartOf":{"@id":"https:\/\/liebke-foto.de\/maerkischeslicht\/#website"},"primaryImageOfPage":{"@id":"https:\/\/liebke-foto.de\/maerkischeslicht\/winterwanderungen-fuer-kalenderbilder\/#primaryimage"},"image":{"@id":"https:\/\/liebke-foto.de\/maerkischeslicht\/winterwanderungen-fuer-kalenderbilder\/#primaryimage"},"thumbnailUrl":"https:\/\/liebke-foto.de\/maerkischeslicht\/wp-content\/uploads\/2014\/02\/FL80616.jpg","datePublished":"2014-02-01T18:46:34+00:00","dateModified":"2022-07-03T14:33:22+00:00","description":"Winterwanderungen f\u00fcr Kalenderbilder","breadcrumb":{"@id":"https:\/\/liebke-foto.de\/maerkischeslicht\/winterwanderungen-fuer-kalenderbilder\/#breadcrumb"},"inLanguage":"de","potentialAction":[{"@type":"ReadAction","target":["https:\/\/liebke-foto.de\/maerkischeslicht\/winterwanderungen-fuer-kalenderbilder\/"]}]},{"@type":"ImageObject","inLanguage":"de","@id":"https:\/\/liebke-foto.de\/maerkischeslicht\/winterwanderungen-fuer-kalenderbilder\/#primaryimage","url":"https:\/\/liebke-foto.de\/maerkischeslicht\/wp-content\/uploads\/2014\/02\/FL80616.jpg","contentUrl":"https:\/\/liebke-foto.de\/maerkischeslicht\/wp-content\/uploads\/2014\/02\/FL80616.jpg","width":1200,"height":801,"caption":"Am Nieder Neuendorfer See Hennigsdorf"},{"@type":"BreadcrumbList","@id":"https:\/\/liebke-foto.de\/maerkischeslicht\/winterwanderungen-fuer-kalenderbilder\/#breadcrumb","itemListElement":[{"@type":"ListItem","position":1,"name":"Startseite","item":"https:\/\/liebke-foto.de\/maerkischeslicht\/"},{"@type":"ListItem","position":2,"name":"Winterwanderungen f\u00fcr Kalenderbilder"}]},{"@type":"WebSite","@id":"https:\/\/liebke-foto.de\/maerkischeslicht\/#website","url":"https:\/\/liebke-foto.de\/maerkischeslicht\/","name":"M\u00e4rkisches Licht - Der Fotograf der Stille","description":"Die Liebe zum Leben...","publisher":{"@id":"https:\/\/liebke-foto.de\/maerkischeslicht\/#\/schema\/person\/d71108abc09a723daeeb8526a33137ee"},"potentialAction":[{"@type":"SearchAction","target":{"@type":"EntryPoint","urlTemplate":"https:\/\/liebke-foto.de\/maerkischeslicht\/?s={search_term_string}"},"query-input":{"@type":"PropertyValueSpecification","valueRequired":true,"valueName":"search_term_string"}}],"inLanguage":"de"},{"@type":["Person","Organization"],"@id":"https:\/\/liebke-foto.de\/maerkischeslicht\/#\/schema\/person\/d71108abc09a723daeeb8526a33137ee","name":"Frank Liebke","image":{"@type":"ImageObject","inLanguage":"de","@id":"https:\/\/liebke-foto.de\/maerkischeslicht\/wp-content\/uploads\/2021\/12\/IMG-20211024-WA0001.jpg","url":"https:\/\/liebke-foto.de\/maerkischeslicht\/wp-content\/uploads\/2021\/12\/IMG-20211024-WA0001.jpg","contentUrl":"https:\/\/liebke-foto.de\/maerkischeslicht\/wp-content\/uploads\/2021\/12\/IMG-20211024-WA0001.jpg","width":900,"height":1600,"caption":"Frank Liebke"},"logo":{"@id":"https:\/\/liebke-foto.de\/maerkischeslicht\/wp-content\/uploads\/2021\/12\/IMG-20211024-WA0001.jpg"},"sameAs":["https:\/\/liebke-foto.de"],"url":"https:\/\/liebke-foto.de\/maerkischeslicht\/author\/adminuser\/"}]}},"_links":{"self":[{"href":"https:\/\/liebke-foto.de\/maerkischeslicht\/wp-json\/wp\/v2\/posts\/329","targetHints":{"allow":["GET"]}}],"collection":[{"href":"https:\/\/liebke-foto.de\/maerkischeslicht\/wp-json\/wp\/v2\/posts"}],"about":[{"href":"https:\/\/liebke-foto.de\/maerkischeslicht\/wp-json\/wp\/v2\/types\/post"}],"author":[{"embeddable":true,"href":"https:\/\/liebke-foto.de\/maerkischeslicht\/wp-json\/wp\/v2\/users\/1"}],"replies":[{"embeddable":true,"href":"https:\/\/liebke-foto.de\/maerkischeslicht\/wp-json\/wp\/v2\/comments?post=329"}],"version-history":[{"count":19,"href":"https:\/\/liebke-foto.de\/maerkischeslicht\/wp-json\/wp\/v2\/posts\/329\/revisions"}],"predecessor-version":[{"id":6003,"href":"https:\/\/liebke-foto.de\/maerkischeslicht\/wp-json\/wp\/v2\/posts\/329\/revisions\/6003"}],"wp:featuredmedia":[{"embeddable":true,"href":"https:\/\/liebke-foto.de\/maerkischeslicht\/wp-json\/wp\/v2\/media\/333"}],"wp:attachment":[{"href":"https:\/\/liebke-foto.de\/maerkischeslicht\/wp-json\/wp\/v2\/media?parent=329"}],"wp:term":[{"taxonomy":"category","embeddable":true,"href":"https:\/\/liebke-foto.de\/maerkischeslicht\/wp-json\/wp\/v2\/categories?post=329"},{"taxonomy":"post_tag","embeddable":true,"href":"https:\/\/liebke-foto.de\/maerkischeslicht\/wp-json\/wp\/v2\/tags?post=329"}],"curies":[{"name":"wp","href":"https:\/\/api.w.org\/{rel}","templated":true}]}}