{"id":3242,"date":"2020-09-24T19:14:21","date_gmt":"2020-09-24T17:14:21","guid":{"rendered":"http:\/\/liebke-foto.de\/maerkischeslicht\/?p=3242"},"modified":"2022-07-04T10:21:49","modified_gmt":"2022-07-04T08:21:49","slug":"test-nikkor-z-70-200-28-vr-s-an-meiner-nikon-z7-teil-1","status":"publish","type":"post","link":"https:\/\/liebke-foto.de\/maerkischeslicht\/test-nikkor-z-70-200-28-vr-s-an-meiner-nikon-z7-teil-1\/","title":{"rendered":"Test Nikkor Z 70-200\/2,8 VR S an meiner Nikon Z7, Teil 1"},"content":{"rendered":"\n<figure class=\"wp-block-image size-large\"><a href=\"https:\/\/liebke-foto.de\/maerkischeslicht\/wp-content\/uploads\/2020\/09\/DSC5301_C1.jpg\"><img loading=\"lazy\" decoding=\"async\" width=\"1274\" height=\"800\" src=\"https:\/\/liebke-foto.de\/maerkischeslicht\/wp-content\/uploads\/2020\/09\/DSC5301_C1-1274x800.jpg\" alt=\"\" class=\"wp-image-3244\" srcset=\"https:\/\/liebke-foto.de\/maerkischeslicht\/wp-content\/uploads\/2020\/09\/DSC5301_C1-1274x800.jpg 1274w, https:\/\/liebke-foto.de\/maerkischeslicht\/wp-content\/uploads\/2020\/09\/DSC5301_C1-768x482.jpg 768w, https:\/\/liebke-foto.de\/maerkischeslicht\/wp-content\/uploads\/2020\/09\/DSC5301_C1-542x340.jpg 542w, https:\/\/liebke-foto.de\/maerkischeslicht\/wp-content\/uploads\/2020\/09\/DSC5301_C1.jpg 1400w\" sizes=\"auto, (max-width: 1274px) 100vw, 1274px\" \/><\/a><\/figure>\n\n\n\n<p>Wie fange ich am Besten an ohne Euch zu langweilen? Ich wei\u00df es nicht, also schreibe ich wie immer, lest es oder nicht, Ihr entscheidet \ud83d\ude09 \ud83d\ude00<\/p>\n\n\n\n<p><br \/>Also, der <a href=\"https:\/\/www.facebook.com\/NikonServicepointDresden\/\" target=\"_blank\" rel=\"noreferrer noopener\">Nikon Service Point Dresden<\/a> ist mein Top-Service-Point wenn mal ein Nikon Teil krank wird. Hab ich schon ein paar Mal in Anspruch nehmen m\u00fcssen und war mit dem Service sehr! zufrieden. Also folgerichtig ist er auch ein Kontakt meiner Facebook-Gemeinde und ich erhalte somit immer alle Neuigkeiten \u00fcber Nikon. Und gerade im spiegellosen Lager passiert seit zwei Jahren enorm viel. <\/p>\n\n\n\n<p>Nun bin ich auch gerade Besitzer einer Nikon Z7, hab <a href=\"https:\/\/liebke-foto.de\/maerkischeslicht\/von-nikon-d800-auf-z7\/\" target=\"_blank\" rel=\"noreferrer noopener\">hier<\/a> ausgiebig dr\u00fcber geschrieben, begeistert und sehr interessiert f\u00fcr Neues zum System. Und vor ungef\u00e4hr zwei Wochen gab es eine Ank\u00fcndigung beim Nikon Service Point Dresden, dass das neue Superobjektiv Nikkor Z 70-200\/2,8 VR S nun herausgekommen ist. <\/p>\n\n\n\n<p>Und das Team setzt gleich noch einen drauf, &#8222;&#8230;postet im Kommentar unter der Ank\u00fcndigung ein bestes Bild von Euch. Wer es schafft ganz vorne zu sein gewinnt ein Testwochenende mit der Traumoptik&#8220;. DAS hat dann doch ein Kribbeln bei mir verursacht und ich denke ich habe gerade mit der neuen Z7 ein sehr gutes Bild gemacht. Und hab es gleich gepostet. Dieses hier, kennen nun schon viele:<\/p>\n\n\n\n<figure class=\"wp-block-image size-large\"><a href=\"https:\/\/liebke-foto.de\/maerkischeslicht\/wp-content\/uploads\/2020\/09\/FLZ0235_C1.jpg\"><img loading=\"lazy\" decoding=\"async\" width=\"1200\" height=\"800\" src=\"https:\/\/liebke-foto.de\/maerkischeslicht\/wp-content\/uploads\/2020\/09\/FLZ0235_C1-1200x800.jpg\" alt=\"Abends im Kremmener Land bei Hohenbruch, Nikon Z7, Nikkor Z 24-70\/4S \" class=\"wp-image-3238\" srcset=\"https:\/\/liebke-foto.de\/maerkischeslicht\/wp-content\/uploads\/2020\/09\/FLZ0235_C1-1200x800.jpg 1200w, https:\/\/liebke-foto.de\/maerkischeslicht\/wp-content\/uploads\/2020\/09\/FLZ0235_C1-768x512.jpg 768w, https:\/\/liebke-foto.de\/maerkischeslicht\/wp-content\/uploads\/2020\/09\/FLZ0235_C1.jpg 1300w\" sizes=\"auto, (max-width: 1200px) 100vw, 1200px\" \/><\/a><figcaption>Abends im Kremmener Land bei Hohenbruch, Nikon Z7, Nikkor Z 24-70\/4S <\/figcaption><\/figure>\n\n\n\n<p>Und was soll ich sagen, ausgerechnet ich, der niemals etwas gewinnt, hat hier als Erster abgeschlossen. Die Jungs von Nikon hatten wirklich gute Worte f\u00fcr mein Bild und mich und das Traumobjektiv ging auf die Reise, damit es p\u00fcnktlich am Freitag Nachmittag bei mir war. Es hatte alles super geklappt und auf einmal stand das Teil auf meinem Tisch und wenig sp\u00e4ter an meiner Z7. Bisschen rumknipsen damit, Handling ausprobieren, kennt ja jeder. <\/p>\n\n\n\n<p><br \/>Nun noch ein paar kurze Worte zum Test, bevor das hier zu riesen Diskussionen ausartet. Bei mir l\u00e4uft ein Test super einfach. Ich nehme das Werkzeug, mache mich damit kurz vertraut und dann geht es sofort raus in die Praxis. Keine Spielzeugaufbauten im Studio oder anderer Kikkifax, auch keine &#8222;Mauerfotos&#8220; vom Stativ, um zu beweisen, gaaaanz hinten am Rand, in der Ecke, links unten, ja genau da. Na da isses bei 200%Vergr\u00f6\u00dferung nicht gaaaanz so scharf. <\/p>\n\n\n\n<p>Und das bei so einer teuren Linse&#8230;.<\/p>\n\n\n\n<p><br \/>Ich erspare Euch das Weitere, regelm\u00e4\u00dfige Forenbesucher wissen sicher genau was ich meine.<br \/>Zur\u00fcck zu meinem Test. Also das Handling ist genauso gut wie das meines F-Mount Nikkor 2,8\/70-200 VR II. Die sch\u00f6nen Kn\u00f6pfe am Objektiv habe ich v\u00f6llig au\u00dfer Acht gelassen, brauche ich nicht. Also los, entweder kann ich damit sofort gute Bilder machen oder das Werkzeug versagt. So einfach sehe ich das. So war es immer bei Nikon (und so war es immer wieder, freu \ud83d\ude00 ) . <\/p>\n\n\n\n<p><br \/>Es war die Zeit, wo es auf Sonnenuntergang zuging. Ich kenne da eine l\u00e4ndliche Gegend im Kremmener Land, wo ich mich sehr wohlf\u00fchle, da ging es hin, nach Staffelde. Vor Gro\u00df Ziethen sah ich am Acker eine gro\u00dfe Staubwolke im Gegenlich, hmm, interessant. Und dann sah ich ein Bild was mich elektrisierte. <\/p>\n\n\n\n<p>Zwei junge Frauen, mit ihren Pferden und Hund, im Gegenlich im Staub, Silhouetten, hell, traumhaft. Aber leider kein Bild. Denn ich habe den gro\u00dfen Fehler gemacht, nicht mehr dran zu denken, wie ich sonst ins Land gefahren bin. Da lag die Kamera mit Objektiv, eingestellt und aufnahmebereit, rechts angeschnallt auf dem Beifahrersitz, um jede Situation schnellstens parieren zu k\u00f6nnen. <\/p>\n\n\n\n<p>Jetzt lag alles im Rucksack, an der Cam die k\u00fcrzere Zoomoptik, im Rucksach im Kofferraum. Klar ich versuchte es doch, mit Vollbremsung und rekordverd\u00e4chtigen Objektivwechsel. Aber als ich dann endlich auf dem Acker stand war das Bild nicht mehr da. Sie waren mittlerweile im Schatten, alles vorbei. Und ja, w\u00e4re ich schon Gebisstr\u00e4ger, ich h\u00e4tte mir wirklich in den Ars&#8230;.. gebissen vor Wut. <\/p>\n\n\n\n<p><br \/>Okay, das n\u00e4chste Mal. Auf dem Weg vor Gro\u00df Ziethen stand dann die sch\u00f6ne Allee im heftigen Gegenlich, da probierte ich die ersten Aufnahmen. Und erste Begeisterung l\u00f6ste aus als ich die Ergebnisse bei 100% auf dem Display sah. Sehr vielversprechend! <\/p>\n\n\n\n<figure class=\"wp-block-image size-large\"><a href=\"https:\/\/liebke-foto.de\/maerkischeslicht\/wp-content\/uploads\/2020\/09\/FLZ0824_C1.jpg\"><img loading=\"lazy\" decoding=\"async\" width=\"1200\" height=\"800\" src=\"https:\/\/liebke-foto.de\/maerkischeslicht\/wp-content\/uploads\/2020\/09\/FLZ0824_C1-1200x800.jpg\" alt=\"Allee vor Gro\u00df Ziethen\" class=\"wp-image-3248\" srcset=\"https:\/\/liebke-foto.de\/maerkischeslicht\/wp-content\/uploads\/2020\/09\/FLZ0824_C1-1200x800.jpg 1200w, https:\/\/liebke-foto.de\/maerkischeslicht\/wp-content\/uploads\/2020\/09\/FLZ0824_C1-768x512.jpg 768w, https:\/\/liebke-foto.de\/maerkischeslicht\/wp-content\/uploads\/2020\/09\/FLZ0824_C1.jpg 1300w\" sizes=\"auto, (max-width: 1200px) 100vw, 1200px\" \/><\/a><figcaption>Allee vor Gro\u00df Ziethen<\/figcaption><\/figure>\n\n\n<div class=\"wp-block-image\">\n<figure class=\"aligncenter size-large\"><a href=\"https:\/\/liebke-foto.de\/maerkischeslicht\/wp-content\/uploads\/2020\/09\/FLZ0838_C1.jpg\"><img loading=\"lazy\" decoding=\"async\" width=\"1200\" height=\"800\" src=\"https:\/\/liebke-foto.de\/maerkischeslicht\/wp-content\/uploads\/2020\/09\/FLZ0838_C1-1200x800.jpg\" alt=\"Allee vor Gro\u00df Ziethen\" class=\"wp-image-3249\" srcset=\"https:\/\/liebke-foto.de\/maerkischeslicht\/wp-content\/uploads\/2020\/09\/FLZ0838_C1-1200x800.jpg 1200w, https:\/\/liebke-foto.de\/maerkischeslicht\/wp-content\/uploads\/2020\/09\/FLZ0838_C1-768x512.jpg 768w, https:\/\/liebke-foto.de\/maerkischeslicht\/wp-content\/uploads\/2020\/09\/FLZ0838_C1.jpg 1300w\" sizes=\"auto, (max-width: 1200px) 100vw, 1200px\" \/><\/a><figcaption>Allee vor Gro\u00df Ziethen<\/figcaption><\/figure>\n<\/div>\n\n\n<p>Hinter dem Dorf, kurz vor Staffelde wurde ich dann doch noch stimmungsm\u00e4\u00dfig entsch\u00e4digt. Die enorme Trockenheit, die nicht nur unsere Bauern fertig macht, hatte in diesem Fall durch den Staub, der in der Luft hing, eine spannende Atmosph\u00e4re ins Bild gezaubert. Seht selbst:<\/p>\n\n\n<div class=\"wp-block-image\">\n<figure class=\"aligncenter size-large\"><a href=\"https:\/\/liebke-foto.de\/maerkischeslicht\/wp-content\/uploads\/2020\/09\/FLZ0868_C1.jpg\"><img loading=\"lazy\" decoding=\"async\" width=\"1200\" height=\"800\" src=\"https:\/\/liebke-foto.de\/maerkischeslicht\/wp-content\/uploads\/2020\/09\/FLZ0868_C1-1200x800.jpg\" alt=\"Tagesausklang bei Staffelde\" class=\"wp-image-3251\" srcset=\"https:\/\/liebke-foto.de\/maerkischeslicht\/wp-content\/uploads\/2020\/09\/FLZ0868_C1-1200x800.jpg 1200w, https:\/\/liebke-foto.de\/maerkischeslicht\/wp-content\/uploads\/2020\/09\/FLZ0868_C1-768x512.jpg 768w, https:\/\/liebke-foto.de\/maerkischeslicht\/wp-content\/uploads\/2020\/09\/FLZ0868_C1.jpg 1300w\" sizes=\"auto, (max-width: 1200px) 100vw, 1200px\" \/><\/a><figcaption>Tagesausklang bei Staffelde<\/figcaption><\/figure>\n<\/div>\n\n<div class=\"wp-block-image\">\n<figure class=\"aligncenter size-large\"><a href=\"https:\/\/liebke-foto.de\/maerkischeslicht\/wp-content\/uploads\/2020\/09\/FLZ0883_C1.jpg\"><img loading=\"lazy\" decoding=\"async\" width=\"1200\" height=\"800\" src=\"https:\/\/liebke-foto.de\/maerkischeslicht\/wp-content\/uploads\/2020\/09\/FLZ0883_C1-1200x800.jpg\" alt=\"Tagesausklang bei Staffelde\" class=\"wp-image-3252\" srcset=\"https:\/\/liebke-foto.de\/maerkischeslicht\/wp-content\/uploads\/2020\/09\/FLZ0883_C1-1200x800.jpg 1200w, https:\/\/liebke-foto.de\/maerkischeslicht\/wp-content\/uploads\/2020\/09\/FLZ0883_C1-768x512.jpg 768w, https:\/\/liebke-foto.de\/maerkischeslicht\/wp-content\/uploads\/2020\/09\/FLZ0883_C1.jpg 1300w\" sizes=\"auto, (max-width: 1200px) 100vw, 1200px\" \/><\/a><figcaption>Tagesausklang bei Staffelde<\/figcaption><\/figure>\n<\/div>\n\n\n<p>Mit den ersten Ergebnissen ganz zufrieden fuhr ich wieder nach Hause und lud die Bilder gleich auf den Rechner, um ein Bild auf FB zu posten. Die Qualit\u00e4t des  Z 2,8\/70-200 VR S versprach noch sch\u00f6ne weitere Bilder. Ich war schon mal sehr beeindruckt und begeistert, das wird sicher noch ein klasse Wochenende. <\/p>\n\n\n\n<p><br \/>Nun denn, im <a href=\"https:\/\/liebke-foto.de\/maerkischeslicht\/test-nikkor-z-70-200-28-vr-s-an-meiner-nikon-z7-teil-2-1\/\" target=\"_blank\" rel=\"noreferrer noopener\">n\u00e4chsten Teil<\/a> berichte ich \u00fcber einen verpennten Sonnenaufgang und wie dann doch alles wieder super sch\u00f6n wurde. Mit einer sehr gro\u00dfen Bildausbeute. \ud83d\ude42<\/p>\n\n\n\n<div style=\"padding:20px\" class=\"wp-block-tnp-minimal\"><p>Subscribe to our newsletter!<\/p><div><div class=\"tnp tnp-subscription \">\n<form method=\"post\" action=\"https:\/\/liebke-foto.de\/maerkischeslicht\/wp-admin\/admin-ajax.php?action=tnp&amp;na=s\">\n<input type=\"hidden\" name=\"nlang\" value=\"\">\n<div class=\"tnp-field tnp-field-firstname\"><label for=\"tnp-1\">Vorname oder ganzer Name<\/label>\n<input class=\"tnp-name\" type=\"text\" name=\"nn\" id=\"tnp-1\" value=\"\" placeholder=\"\"><\/div>\n<div class=\"tnp-field tnp-field-email\"><label for=\"tnp-2\">Email<\/label>\n<input class=\"tnp-email\" type=\"email\" name=\"ne\" id=\"tnp-2\" value=\"\" placeholder=\"\" required><\/div>\n<div class=\"tnp-field tnp-privacy-field\"><label><input type=\"checkbox\" name=\"ny\" required class=\"tnp-privacy\"> Indem Du fortf\u00e4hrst, akzeptierst Du unsere Datenschutzerkl\u00e4rung.<\/label><\/div><div class=\"tnp-field tnp-field-button\" style=\"text-align: left\"><input class=\"tnp-submit\" type=\"submit\" value=\"Abonnieren\" style=\"\">\n<\/div>\n<\/form>\n<\/div>\n<\/div><\/div>\n\n\n\n\n","protected":false},"excerpt":{"rendered":"<p>Wie fange ich am Besten an ohne Euch zu langweilen? Ich wei\u00df es nicht, also schreibe ich wie immer, lest es oder nicht,&#8230;<\/p>\n","protected":false},"author":1,"featured_media":3244,"comment_status":"open","ping_status":"closed","sticky":false,"template":"","format":"image","meta":{"footnotes":""},"categories":[11,10,4,12],"tags":[],"class_list":["post-3242","post","type-post","status-publish","format-image","has-post-thumbnail","hentry","category-im-land-brandenburg-unterwegs","category-landschaft-mark-brandenburg-oberhavel-barnim","category-equipment","category-wildes-brandenburg","post_format-post-format-image"],"yoast_head":"<!-- This site is optimized with the Yoast SEO plugin v27.4 - https:\/\/yoast.com\/product\/yoast-seo-wordpress\/ -->\n<title>Test Nikkor Z 70-200\/2,8 VR S an meiner Nikon Z7, Teil 1 - M\u00e4rkisches Licht - Der Fotograf der Stille<\/title>\n<meta name=\"description\" content=\"Test Nikkor Z 70-200\/2,8 VR S an meiner Nikon Z7, Teil 1\" \/>\n<meta name=\"robots\" content=\"index, follow, max-snippet:-1, max-image-preview:large, max-video-preview:-1\" \/>\n<link rel=\"canonical\" href=\"https:\/\/liebke-foto.de\/maerkischeslicht\/test-nikkor-z-70-200-28-vr-s-an-meiner-nikon-z7-teil-1\/\" \/>\n<meta property=\"og:locale\" content=\"de_DE\" \/>\n<meta property=\"og:type\" content=\"article\" \/>\n<meta property=\"og:title\" content=\"Test Nikkor Z 70-200\/2,8 VR S an meiner Nikon Z7, Teil 1 - M\u00e4rkisches Licht - Der Fotograf der Stille\" \/>\n<meta property=\"og:description\" content=\"Test Nikkor Z 70-200\/2,8 VR S an meiner Nikon Z7, Teil 1\" \/>\n<meta property=\"og:url\" content=\"https:\/\/liebke-foto.de\/maerkischeslicht\/test-nikkor-z-70-200-28-vr-s-an-meiner-nikon-z7-teil-1\/\" \/>\n<meta property=\"og:site_name\" content=\"M\u00e4rkisches Licht - Der Fotograf der Stille\" \/>\n<meta property=\"article:published_time\" content=\"2020-09-24T17:14:21+00:00\" \/>\n<meta property=\"article:modified_time\" content=\"2022-07-04T08:21:49+00:00\" \/>\n<meta property=\"og:image\" content=\"https:\/\/liebke-foto.de\/maerkischeslicht\/wp-content\/uploads\/2020\/09\/DSC5301_C1.jpg\" \/>\n\t<meta property=\"og:image:width\" content=\"1400\" \/>\n\t<meta property=\"og:image:height\" content=\"879\" \/>\n\t<meta property=\"og:image:type\" content=\"image\/jpeg\" \/>\n<meta name=\"author\" content=\"Frank Liebke\" \/>\n<meta name=\"twitter:card\" content=\"summary_large_image\" \/>\n<meta name=\"twitter:label1\" content=\"Verfasst von\" \/>\n\t<meta name=\"twitter:data1\" content=\"Frank Liebke\" \/>\n\t<meta name=\"twitter:label2\" content=\"Gesch\u00e4tzte Lesezeit\" \/>\n\t<meta name=\"twitter:data2\" content=\"6\u00a0Minuten\" \/>\n<script type=\"application\/ld+json\" class=\"yoast-schema-graph\">{\"@context\":\"https:\\\/\\\/schema.org\",\"@graph\":[{\"@type\":\"Article\",\"@id\":\"https:\\\/\\\/liebke-foto.de\\\/maerkischeslicht\\\/test-nikkor-z-70-200-28-vr-s-an-meiner-nikon-z7-teil-1\\\/#article\",\"isPartOf\":{\"@id\":\"https:\\\/\\\/liebke-foto.de\\\/maerkischeslicht\\\/test-nikkor-z-70-200-28-vr-s-an-meiner-nikon-z7-teil-1\\\/\"},\"author\":{\"name\":\"Frank Liebke\",\"@id\":\"https:\\\/\\\/liebke-foto.de\\\/maerkischeslicht\\\/#\\\/schema\\\/person\\\/d71108abc09a723daeeb8526a33137ee\"},\"headline\":\"Test Nikkor Z 70-200\\\/2,8 VR S an meiner Nikon Z7, Teil 1\",\"datePublished\":\"2020-09-24T17:14:21+00:00\",\"dateModified\":\"2022-07-04T08:21:49+00:00\",\"mainEntityOfPage\":{\"@id\":\"https:\\\/\\\/liebke-foto.de\\\/maerkischeslicht\\\/test-nikkor-z-70-200-28-vr-s-an-meiner-nikon-z7-teil-1\\\/\"},\"wordCount\":853,\"commentCount\":0,\"publisher\":{\"@id\":\"https:\\\/\\\/liebke-foto.de\\\/maerkischeslicht\\\/#\\\/schema\\\/person\\\/d71108abc09a723daeeb8526a33137ee\"},\"image\":{\"@id\":\"https:\\\/\\\/liebke-foto.de\\\/maerkischeslicht\\\/test-nikkor-z-70-200-28-vr-s-an-meiner-nikon-z7-teil-1\\\/#primaryimage\"},\"thumbnailUrl\":\"https:\\\/\\\/liebke-foto.de\\\/maerkischeslicht\\\/wp-content\\\/uploads\\\/2020\\\/09\\\/DSC5301_C1.jpg\",\"articleSection\":[\"Im Land Brandenburg unterwegs\",\"Landschaft\",\"Technik\",\"Wildes Brandenburg\"],\"inLanguage\":\"de\",\"potentialAction\":[{\"@type\":\"CommentAction\",\"name\":\"Comment\",\"target\":[\"https:\\\/\\\/liebke-foto.de\\\/maerkischeslicht\\\/test-nikkor-z-70-200-28-vr-s-an-meiner-nikon-z7-teil-1\\\/#respond\"]}]},{\"@type\":\"WebPage\",\"@id\":\"https:\\\/\\\/liebke-foto.de\\\/maerkischeslicht\\\/test-nikkor-z-70-200-28-vr-s-an-meiner-nikon-z7-teil-1\\\/\",\"url\":\"https:\\\/\\\/liebke-foto.de\\\/maerkischeslicht\\\/test-nikkor-z-70-200-28-vr-s-an-meiner-nikon-z7-teil-1\\\/\",\"name\":\"Test Nikkor Z 70-200\\\/2,8 VR S an meiner Nikon Z7, Teil 1 - M\u00e4rkisches Licht - Der Fotograf der Stille\",\"isPartOf\":{\"@id\":\"https:\\\/\\\/liebke-foto.de\\\/maerkischeslicht\\\/#website\"},\"primaryImageOfPage\":{\"@id\":\"https:\\\/\\\/liebke-foto.de\\\/maerkischeslicht\\\/test-nikkor-z-70-200-28-vr-s-an-meiner-nikon-z7-teil-1\\\/#primaryimage\"},\"image\":{\"@id\":\"https:\\\/\\\/liebke-foto.de\\\/maerkischeslicht\\\/test-nikkor-z-70-200-28-vr-s-an-meiner-nikon-z7-teil-1\\\/#primaryimage\"},\"thumbnailUrl\":\"https:\\\/\\\/liebke-foto.de\\\/maerkischeslicht\\\/wp-content\\\/uploads\\\/2020\\\/09\\\/DSC5301_C1.jpg\",\"datePublished\":\"2020-09-24T17:14:21+00:00\",\"dateModified\":\"2022-07-04T08:21:49+00:00\",\"description\":\"Test Nikkor Z 70-200\\\/2,8 VR S an meiner Nikon Z7, Teil 1\",\"breadcrumb\":{\"@id\":\"https:\\\/\\\/liebke-foto.de\\\/maerkischeslicht\\\/test-nikkor-z-70-200-28-vr-s-an-meiner-nikon-z7-teil-1\\\/#breadcrumb\"},\"inLanguage\":\"de\",\"potentialAction\":[{\"@type\":\"ReadAction\",\"target\":[\"https:\\\/\\\/liebke-foto.de\\\/maerkischeslicht\\\/test-nikkor-z-70-200-28-vr-s-an-meiner-nikon-z7-teil-1\\\/\"]}]},{\"@type\":\"ImageObject\",\"inLanguage\":\"de\",\"@id\":\"https:\\\/\\\/liebke-foto.de\\\/maerkischeslicht\\\/test-nikkor-z-70-200-28-vr-s-an-meiner-nikon-z7-teil-1\\\/#primaryimage\",\"url\":\"https:\\\/\\\/liebke-foto.de\\\/maerkischeslicht\\\/wp-content\\\/uploads\\\/2020\\\/09\\\/DSC5301_C1.jpg\",\"contentUrl\":\"https:\\\/\\\/liebke-foto.de\\\/maerkischeslicht\\\/wp-content\\\/uploads\\\/2020\\\/09\\\/DSC5301_C1.jpg\",\"width\":1400,\"height\":879},{\"@type\":\"BreadcrumbList\",\"@id\":\"https:\\\/\\\/liebke-foto.de\\\/maerkischeslicht\\\/test-nikkor-z-70-200-28-vr-s-an-meiner-nikon-z7-teil-1\\\/#breadcrumb\",\"itemListElement\":[{\"@type\":\"ListItem\",\"position\":1,\"name\":\"Startseite\",\"item\":\"https:\\\/\\\/liebke-foto.de\\\/maerkischeslicht\\\/\"},{\"@type\":\"ListItem\",\"position\":2,\"name\":\"Test Nikkor Z 70-200\\\/2,8 VR S an meiner Nikon Z7, Teil 1\"}]},{\"@type\":\"WebSite\",\"@id\":\"https:\\\/\\\/liebke-foto.de\\\/maerkischeslicht\\\/#website\",\"url\":\"https:\\\/\\\/liebke-foto.de\\\/maerkischeslicht\\\/\",\"name\":\"M\u00e4rkisches Licht - Der Fotograf der Stille\",\"description\":\"Die Liebe zum Leben...\",\"publisher\":{\"@id\":\"https:\\\/\\\/liebke-foto.de\\\/maerkischeslicht\\\/#\\\/schema\\\/person\\\/d71108abc09a723daeeb8526a33137ee\"},\"potentialAction\":[{\"@type\":\"SearchAction\",\"target\":{\"@type\":\"EntryPoint\",\"urlTemplate\":\"https:\\\/\\\/liebke-foto.de\\\/maerkischeslicht\\\/?s={search_term_string}\"},\"query-input\":{\"@type\":\"PropertyValueSpecification\",\"valueRequired\":true,\"valueName\":\"search_term_string\"}}],\"inLanguage\":\"de\"},{\"@type\":[\"Person\",\"Organization\"],\"@id\":\"https:\\\/\\\/liebke-foto.de\\\/maerkischeslicht\\\/#\\\/schema\\\/person\\\/d71108abc09a723daeeb8526a33137ee\",\"name\":\"Frank Liebke\",\"image\":{\"@type\":\"ImageObject\",\"inLanguage\":\"de\",\"@id\":\"https:\\\/\\\/liebke-foto.de\\\/maerkischeslicht\\\/wp-content\\\/uploads\\\/2021\\\/12\\\/IMG-20211024-WA0001.jpg\",\"url\":\"https:\\\/\\\/liebke-foto.de\\\/maerkischeslicht\\\/wp-content\\\/uploads\\\/2021\\\/12\\\/IMG-20211024-WA0001.jpg\",\"contentUrl\":\"https:\\\/\\\/liebke-foto.de\\\/maerkischeslicht\\\/wp-content\\\/uploads\\\/2021\\\/12\\\/IMG-20211024-WA0001.jpg\",\"width\":900,\"height\":1600,\"caption\":\"Frank Liebke\"},\"logo\":{\"@id\":\"https:\\\/\\\/liebke-foto.de\\\/maerkischeslicht\\\/wp-content\\\/uploads\\\/2021\\\/12\\\/IMG-20211024-WA0001.jpg\"},\"sameAs\":[\"https:\\\/\\\/liebke-foto.de\"],\"url\":\"https:\\\/\\\/liebke-foto.de\\\/maerkischeslicht\\\/author\\\/adminuser\\\/\"}]}<\/script>\n<!-- \/ Yoast SEO plugin. -->","yoast_head_json":{"title":"Test Nikkor Z 70-200\/2,8 VR S an meiner Nikon Z7, Teil 1 - M\u00e4rkisches Licht - Der Fotograf der Stille","description":"Test Nikkor Z 70-200\/2,8 VR S an meiner Nikon Z7, Teil 1","robots":{"index":"index","follow":"follow","max-snippet":"max-snippet:-1","max-image-preview":"max-image-preview:large","max-video-preview":"max-video-preview:-1"},"canonical":"https:\/\/liebke-foto.de\/maerkischeslicht\/test-nikkor-z-70-200-28-vr-s-an-meiner-nikon-z7-teil-1\/","og_locale":"de_DE","og_type":"article","og_title":"Test Nikkor Z 70-200\/2,8 VR S an meiner Nikon Z7, Teil 1 - M\u00e4rkisches Licht - Der Fotograf der Stille","og_description":"Test Nikkor Z 70-200\/2,8 VR S an meiner Nikon Z7, Teil 1","og_url":"https:\/\/liebke-foto.de\/maerkischeslicht\/test-nikkor-z-70-200-28-vr-s-an-meiner-nikon-z7-teil-1\/","og_site_name":"M\u00e4rkisches Licht - Der Fotograf der Stille","article_published_time":"2020-09-24T17:14:21+00:00","article_modified_time":"2022-07-04T08:21:49+00:00","og_image":[{"width":1400,"height":879,"url":"https:\/\/liebke-foto.de\/maerkischeslicht\/wp-content\/uploads\/2020\/09\/DSC5301_C1.jpg","type":"image\/jpeg"}],"author":"Frank Liebke","twitter_card":"summary_large_image","twitter_misc":{"Verfasst von":"Frank Liebke","Gesch\u00e4tzte Lesezeit":"6\u00a0Minuten"},"schema":{"@context":"https:\/\/schema.org","@graph":[{"@type":"Article","@id":"https:\/\/liebke-foto.de\/maerkischeslicht\/test-nikkor-z-70-200-28-vr-s-an-meiner-nikon-z7-teil-1\/#article","isPartOf":{"@id":"https:\/\/liebke-foto.de\/maerkischeslicht\/test-nikkor-z-70-200-28-vr-s-an-meiner-nikon-z7-teil-1\/"},"author":{"name":"Frank Liebke","@id":"https:\/\/liebke-foto.de\/maerkischeslicht\/#\/schema\/person\/d71108abc09a723daeeb8526a33137ee"},"headline":"Test Nikkor Z 70-200\/2,8 VR S an meiner Nikon Z7, Teil 1","datePublished":"2020-09-24T17:14:21+00:00","dateModified":"2022-07-04T08:21:49+00:00","mainEntityOfPage":{"@id":"https:\/\/liebke-foto.de\/maerkischeslicht\/test-nikkor-z-70-200-28-vr-s-an-meiner-nikon-z7-teil-1\/"},"wordCount":853,"commentCount":0,"publisher":{"@id":"https:\/\/liebke-foto.de\/maerkischeslicht\/#\/schema\/person\/d71108abc09a723daeeb8526a33137ee"},"image":{"@id":"https:\/\/liebke-foto.de\/maerkischeslicht\/test-nikkor-z-70-200-28-vr-s-an-meiner-nikon-z7-teil-1\/#primaryimage"},"thumbnailUrl":"https:\/\/liebke-foto.de\/maerkischeslicht\/wp-content\/uploads\/2020\/09\/DSC5301_C1.jpg","articleSection":["Im Land Brandenburg unterwegs","Landschaft","Technik","Wildes Brandenburg"],"inLanguage":"de","potentialAction":[{"@type":"CommentAction","name":"Comment","target":["https:\/\/liebke-foto.de\/maerkischeslicht\/test-nikkor-z-70-200-28-vr-s-an-meiner-nikon-z7-teil-1\/#respond"]}]},{"@type":"WebPage","@id":"https:\/\/liebke-foto.de\/maerkischeslicht\/test-nikkor-z-70-200-28-vr-s-an-meiner-nikon-z7-teil-1\/","url":"https:\/\/liebke-foto.de\/maerkischeslicht\/test-nikkor-z-70-200-28-vr-s-an-meiner-nikon-z7-teil-1\/","name":"Test Nikkor Z 70-200\/2,8 VR S an meiner Nikon Z7, Teil 1 - M\u00e4rkisches Licht - Der Fotograf der Stille","isPartOf":{"@id":"https:\/\/liebke-foto.de\/maerkischeslicht\/#website"},"primaryImageOfPage":{"@id":"https:\/\/liebke-foto.de\/maerkischeslicht\/test-nikkor-z-70-200-28-vr-s-an-meiner-nikon-z7-teil-1\/#primaryimage"},"image":{"@id":"https:\/\/liebke-foto.de\/maerkischeslicht\/test-nikkor-z-70-200-28-vr-s-an-meiner-nikon-z7-teil-1\/#primaryimage"},"thumbnailUrl":"https:\/\/liebke-foto.de\/maerkischeslicht\/wp-content\/uploads\/2020\/09\/DSC5301_C1.jpg","datePublished":"2020-09-24T17:14:21+00:00","dateModified":"2022-07-04T08:21:49+00:00","description":"Test Nikkor Z 70-200\/2,8 VR S an meiner Nikon Z7, Teil 1","breadcrumb":{"@id":"https:\/\/liebke-foto.de\/maerkischeslicht\/test-nikkor-z-70-200-28-vr-s-an-meiner-nikon-z7-teil-1\/#breadcrumb"},"inLanguage":"de","potentialAction":[{"@type":"ReadAction","target":["https:\/\/liebke-foto.de\/maerkischeslicht\/test-nikkor-z-70-200-28-vr-s-an-meiner-nikon-z7-teil-1\/"]}]},{"@type":"ImageObject","inLanguage":"de","@id":"https:\/\/liebke-foto.de\/maerkischeslicht\/test-nikkor-z-70-200-28-vr-s-an-meiner-nikon-z7-teil-1\/#primaryimage","url":"https:\/\/liebke-foto.de\/maerkischeslicht\/wp-content\/uploads\/2020\/09\/DSC5301_C1.jpg","contentUrl":"https:\/\/liebke-foto.de\/maerkischeslicht\/wp-content\/uploads\/2020\/09\/DSC5301_C1.jpg","width":1400,"height":879},{"@type":"BreadcrumbList","@id":"https:\/\/liebke-foto.de\/maerkischeslicht\/test-nikkor-z-70-200-28-vr-s-an-meiner-nikon-z7-teil-1\/#breadcrumb","itemListElement":[{"@type":"ListItem","position":1,"name":"Startseite","item":"https:\/\/liebke-foto.de\/maerkischeslicht\/"},{"@type":"ListItem","position":2,"name":"Test Nikkor Z 70-200\/2,8 VR S an meiner Nikon Z7, Teil 1"}]},{"@type":"WebSite","@id":"https:\/\/liebke-foto.de\/maerkischeslicht\/#website","url":"https:\/\/liebke-foto.de\/maerkischeslicht\/","name":"M\u00e4rkisches Licht - Der Fotograf der Stille","description":"Die Liebe zum Leben...","publisher":{"@id":"https:\/\/liebke-foto.de\/maerkischeslicht\/#\/schema\/person\/d71108abc09a723daeeb8526a33137ee"},"potentialAction":[{"@type":"SearchAction","target":{"@type":"EntryPoint","urlTemplate":"https:\/\/liebke-foto.de\/maerkischeslicht\/?s={search_term_string}"},"query-input":{"@type":"PropertyValueSpecification","valueRequired":true,"valueName":"search_term_string"}}],"inLanguage":"de"},{"@type":["Person","Organization"],"@id":"https:\/\/liebke-foto.de\/maerkischeslicht\/#\/schema\/person\/d71108abc09a723daeeb8526a33137ee","name":"Frank Liebke","image":{"@type":"ImageObject","inLanguage":"de","@id":"https:\/\/liebke-foto.de\/maerkischeslicht\/wp-content\/uploads\/2021\/12\/IMG-20211024-WA0001.jpg","url":"https:\/\/liebke-foto.de\/maerkischeslicht\/wp-content\/uploads\/2021\/12\/IMG-20211024-WA0001.jpg","contentUrl":"https:\/\/liebke-foto.de\/maerkischeslicht\/wp-content\/uploads\/2021\/12\/IMG-20211024-WA0001.jpg","width":900,"height":1600,"caption":"Frank Liebke"},"logo":{"@id":"https:\/\/liebke-foto.de\/maerkischeslicht\/wp-content\/uploads\/2021\/12\/IMG-20211024-WA0001.jpg"},"sameAs":["https:\/\/liebke-foto.de"],"url":"https:\/\/liebke-foto.de\/maerkischeslicht\/author\/adminuser\/"}]}},"_links":{"self":[{"href":"https:\/\/liebke-foto.de\/maerkischeslicht\/wp-json\/wp\/v2\/posts\/3242","targetHints":{"allow":["GET"]}}],"collection":[{"href":"https:\/\/liebke-foto.de\/maerkischeslicht\/wp-json\/wp\/v2\/posts"}],"about":[{"href":"https:\/\/liebke-foto.de\/maerkischeslicht\/wp-json\/wp\/v2\/types\/post"}],"author":[{"embeddable":true,"href":"https:\/\/liebke-foto.de\/maerkischeslicht\/wp-json\/wp\/v2\/users\/1"}],"replies":[{"embeddable":true,"href":"https:\/\/liebke-foto.de\/maerkischeslicht\/wp-json\/wp\/v2\/comments?post=3242"}],"version-history":[{"count":15,"href":"https:\/\/liebke-foto.de\/maerkischeslicht\/wp-json\/wp\/v2\/posts\/3242\/revisions"}],"predecessor-version":[{"id":6140,"href":"https:\/\/liebke-foto.de\/maerkischeslicht\/wp-json\/wp\/v2\/posts\/3242\/revisions\/6140"}],"wp:featuredmedia":[{"embeddable":true,"href":"https:\/\/liebke-foto.de\/maerkischeslicht\/wp-json\/wp\/v2\/media\/3244"}],"wp:attachment":[{"href":"https:\/\/liebke-foto.de\/maerkischeslicht\/wp-json\/wp\/v2\/media?parent=3242"}],"wp:term":[{"taxonomy":"category","embeddable":true,"href":"https:\/\/liebke-foto.de\/maerkischeslicht\/wp-json\/wp\/v2\/categories?post=3242"},{"taxonomy":"post_tag","embeddable":true,"href":"https:\/\/liebke-foto.de\/maerkischeslicht\/wp-json\/wp\/v2\/tags?post=3242"}],"curies":[{"name":"wp","href":"https:\/\/api.w.org\/{rel}","templated":true}]}}