{"id":3227,"date":"2020-09-23T01:40:27","date_gmt":"2020-09-22T23:40:27","guid":{"rendered":"http:\/\/liebke-foto.de\/maerkischeslicht\/?p=3227"},"modified":"2022-07-24T11:32:52","modified_gmt":"2022-07-24T09:32:52","slug":"von-nikon-d800-auf-z7","status":"publish","type":"post","link":"https:\/\/liebke-foto.de\/maerkischeslicht\/von-nikon-d800-auf-z7\/","title":{"rendered":"Von Nikon D800 auf Nikon Z7"},"content":{"rendered":"<div class=\"wp-block-image\">\n<figure class=\"aligncenter size-large\"><a href=\"https:\/\/liebke-foto.de\/maerkischeslicht\/wp-content\/uploads\/2020\/09\/DSC5297_C1.jpg\"><img loading=\"lazy\" decoding=\"async\" width=\"1271\" height=\"800\" src=\"https:\/\/liebke-foto.de\/maerkischeslicht\/wp-content\/uploads\/2020\/09\/DSC5297_C1-1271x800.jpg\" alt=\"Die neue Nikon Z7 mit dem Nikkor 24-70\/4 S\" class=\"wp-image-3231\" srcset=\"https:\/\/liebke-foto.de\/maerkischeslicht\/wp-content\/uploads\/2020\/09\/DSC5297_C1-1271x800.jpg 1271w, https:\/\/liebke-foto.de\/maerkischeslicht\/wp-content\/uploads\/2020\/09\/DSC5297_C1-768x483.jpg 768w, https:\/\/liebke-foto.de\/maerkischeslicht\/wp-content\/uploads\/2020\/09\/DSC5297_C1-1536x967.jpg 1536w, https:\/\/liebke-foto.de\/maerkischeslicht\/wp-content\/uploads\/2020\/09\/DSC5297_C1-542x340.jpg 542w, https:\/\/liebke-foto.de\/maerkischeslicht\/wp-content\/uploads\/2020\/09\/DSC5297_C1.jpg 2000w\" sizes=\"auto, (max-width: 1271px) 100vw, 1271px\" \/><\/a><figcaption>Die neue Nikon Z7 mit dem Nikkor 24-70\/4 S<\/figcaption><\/figure>\n<\/div>\n\n\n<p>Als ich im Herbst 2012 meinen Pixelboliden Nikon D800 mit 36MP kaufte, war das f\u00fcr mich soviel wie &#8222;zur\u00fcck zu den Wurzeln&#8220;, Kleinbildfotografie mit der Qualit\u00e4t einer Gro\u00dfformatkamera. Was in dieser Zahl 36 steckt, sah ich dann das erste Mal so richtig 2015 in der Ausstellung &#8222;Sagenhaftes Oberhavel&#8220; im Schloss Oranienburg. Dort wurden, zu Sagen des Kreises, auch 50 Fotografien gezeigt. <\/p>\n\n\n\n<p>Davon waren 37 von mir dabei. Und davon wiederum f\u00fcnf ausgew\u00e4hlte im sagenhaften Format 3m x 1,5m Gr\u00f6\u00dfe. Und ja, DAS war wirklich Gr\u00f6\u00dfe. Ich selbst hatte das erste Mal gesehen, was in den Daten der D800 steckt, stand vor meinen Bildern und staunte wie ein kleines Kind zur Bescherung. <\/p>\n\n\n\n<p>Man sah darauf Details, die auf meinem Arbeitsbildschirm nur in 100facher Vergr\u00f6\u00dferung sichtbar wurden. Das Erlebnis, eine Offenbarung. Ich bin dann, heimlich und unbeobachtet, nach der Ausstellungser\u00f6ffnung noch einige Male hingegangen, um mir das Schauwerk immer wieder anzusehen.<\/p>\n\n\n\n<p> Heute h\u00e4ngen die riesigen Bilder im Landratsamt in Oranienburg. Und damit will ich gleich alles gesagt haben zur immer wieder aufgeworfenen Frage der &#8222;Fotoexperten&#8220;, &#8222;wer braucht schon 36MP, ist doch viel zu viel&#8230;&#8220; die einfache Antwort: &#8222;ICH&#8220;! Punkt.<\/p>\n\n\n<div class=\"wp-block-image\">\n<figure class=\"aligncenter size-large\"><a href=\"https:\/\/liebke-foto.de\/maerkischeslicht\/wp-content\/uploads\/2015\/04\/Oranienburg2015_FL8_0053_C1.jpg\"><img loading=\"lazy\" decoding=\"async\" width=\"1199\" height=\"800\" src=\"https:\/\/liebke-foto.de\/maerkischeslicht\/wp-content\/uploads\/2015\/04\/Oranienburg2015_FL8_0053_C1-1199x800.jpg\" alt=\"Die Ausstellung &quot;Sagenhaftes Oberhavel&quot;\" class=\"wp-image-2202\" srcset=\"https:\/\/liebke-foto.de\/maerkischeslicht\/wp-content\/uploads\/2015\/04\/Oranienburg2015_FL8_0053_C1-1199x800.jpg 1199w, https:\/\/liebke-foto.de\/maerkischeslicht\/wp-content\/uploads\/2015\/04\/Oranienburg2015_FL8_0053_C1.jpg 1400w\" sizes=\"auto, (max-width: 1199px) 100vw, 1199px\" \/><\/a><figcaption>Die Ausstellung &#8222;Sagenhaftes Oberhavel&#8220;<\/figcaption><\/figure>\n<\/div>\n\n\n<p>Diese Kamera ist ein Arbeitstier und hat mir in den Jahren tausende gute Bilder produziert. Die garantierte Leistung des Verschlusses wird von Nikon mit 150 000 Ausl\u00f6sungen hoch angesetzt. Mittlerweile hat meine Kamera schon weit mehr auf dem Z\u00e4hler und ich bekomme manchmal ein mulmiges Gef\u00fchl, wird sie noch ein Weilchen durchhalten? <\/p>\n\n\n\n<p>Nun, habe ich mich auch schon eine Zeit mit den neuen spiegellosen Kameras befasst. Ganz vorn dabei Sony. Und Vollformat sollte es schon sein. Vor zwei Jahren brachte nun Nikon auch zwei neue Kameras daf\u00fcr auf den Markt, mittlerweile mit einer guten Anzahl neuentwickelter Objektive. Eine ehemalige Bekannte von mir fotografiert seit Jahren nur noch mit Sony und ist davon begeistert. Sie hat ein Geh\u00e4use mit 42MP und eine 24-105\/4 Optik. <\/p>\n\n\n\n<p>Das &#8222;Gespann&#8220; durfte ich mal einen Tag lang benutzen, testen, mit sch\u00f6nen Fr\u00fchlingsbildern als Ergebnis. Und ja, die Daten waren klasse, nur, mit der Kamera konnte ich mich einfach nicht anfreunden. Also schlug ich mir einen Systemwechsel damit endg\u00fcltig aus den Kopf. Und dann auf einmal Nikon, ebenfalls spiegellos. Auch sch\u00f6n klein die Geh\u00e4use, aber eben alles Nikon-like \ud83d\ude42 <\/p>\n\n\n\n<p>Zwei Geh\u00e4use vorerst. Die Z7 mit 45MP und die Z6 mit 24MP. \u00c4u\u00dferlich nicht zu unterscheiden, au\u00dfer die Zahl eben. Und dann die ganzen technischen Daten. Vor allem, ein in das Geh\u00e4use integrierter VR, Ausl\u00f6seruhe ohne Stativ vorprogrammiert. <\/p>\n\n\n\n<p>Tja, was nun, eine Z7 oder eine D850 ?? Ich wollte endlich das Gewicht meiner Ausr\u00fcstung reduzieren, seit meiner Krankheit 2019 bin ich einfach nicht mehr so leistungsf\u00e4hig. Dann ein Besuch im Technik-Supermarkt, eine Z6 war da mit der 24-70er Optik. Zum Anfassen und probieren. Ein Traum! Der Sucher eine Offenbarung. Und das ganze Teil, man hat sofort wieder das Nikon-Feeling, griffig, einfache Bedienung und alles dort, wo man es als Nikon-Fotograf gew\u00f6hnt war. Nur die Finanzierung&#8230;.<\/p>\n\n\n\n<p>Der Entschluss stand fest. Wenn eine Neue, dann die Z7. Mit Objektivadapter und dem 24-70\/4 S Nikkor. So kann ich mein 2,8\/24-70VR ersetzen. was eine super Optik ist, aber eben einfach zu schwer. Und f\u00fcr meine Landschaften ben\u00f6tige ich keine 2,8 Anfangs\u00f6ffnung. <\/p>\n\n\n\n<p>Nun ja, vor knapp zwei Wochen habe ich mir das Kit bestellt bei Calumet, meinem bevorzugten &#8222;Foto-Dealer&#8220; \ud83d\ude09 Und umgehend geliefert bekommen. Wie schon \u00f6fter angesprochen, Nikon-Like eben. Es war wie Weihnachten, als ich das Paket \u00f6ffnete und alles zusammensetzte. Die Batterie musste erst mal geladen werden, nichts f\u00fcr meine Ungeduld. <\/p>\n\n\n\n<p>Aber, und ja, auch das ist eben Nikon, in der Z7 passen auch alle Accus der D800 und D750. Rein damit und schon konnte es losgehen. Nach der Einrichtung auf meine Bed\u00fcrfnisse gleich die ersten &#8222;\u00fcber den Balkon-Tests&#8220; mit allen verf\u00fcgbaren Brennweiten und dem Objektivadapter. Keine Einbu\u00dfen, weder in Qualit\u00e4t noch in Schnelligkeit von Autofocus und Handling. Klasse. <\/p>\n\n\n\n<p>Und das ganz irre, mein 1,8\/50, Non-VR, ist durch diese Cam so ruhig zu halten. Der VR in der Cam ist so pr\u00e4ziese, ich habe das erste Mal erlebt, wie scharf dieses Objektiv zeichnet!<\/p>\n\n\n\n<p> <br \/>Und dann hielt es mich nicht mehr zu Hause. Nur mit Kamera und 24-70er (sowieso meine bevorzugte Landschaftskombi) ab ins Auto und raus ins M\u00e4rkische Land. Ins Kremmener Land, genau wie fr\u00fcher, schaun was passiert und mitnehmen. Erstes Objekt, die M\u00fchle Vehlefanz aus mal einer anderen Perspektive. Es ist so wahnsinnig cool sofort im Sucher jede Belichtungsver\u00e4nderung zu sehen. Man sieht eigentlich gleich immer das fertige Bild, in Echtzeit! Grandios! <\/p>\n\n\n\n<p>Und hier auch mein einziger Kritikpunkt an die Kamera: Ich war es bei meinen D800 und D750 gewohnt, im Sucher immer! die Wasserwaage eingeschaltet dezent am Bildrand zu sehen. Jeder wei\u00df wie bl\u00f6d es ist einen See zu fotografieren, der im Bild dann &#8222;ausl\u00e4uft&#8220;, nur weil die Kamera leicht schief gehalten wurde. Passiert mit Weitwinkel sehr leicht, die Wasserwaage hilft da. <\/p>\n\n\n\n<p>Und die gibt es nat\u00fcrlich auch in der Z7. Und es ist auch okay wenn auf dem Display das Ding recht gro\u00df im Zentrum sitzt. Gerade wenn man f\u00fcr nah eine Brille ben\u00f6tigt wie ich. Aber so ein RiesenWasserwaagending im Sucher??? Also das ist voll daneben! Ich denke da manchmal mit etwas Wehmut an meine geliebte Nikon F3 aus Filmzeiten. <\/p>\n\n\n\n<p>Der Sucher zeigte 100% Bildfl\u00e4che, Blende und Verschlusszeit waren gaaaanz dezent au\u00dferhalb des Bildfeldes zu sehen, zur Kontrolle. So will der K\u00fcnstler gerne seinen Sucher haben. Denn der Sucher des Fotok\u00fcnstlers ist wie die Leinwand des Malers. Man will doch (zumindest ich) sein Bild komponieren. Also Nikon, ganz ganz gro\u00dfer Wunsch, ich brauche die Wasserwaage im Sucher, unbedingt!! Aber BITTE! Dezenter!!!<\/p>\n\n\n\n<p>Und das war schon die ganze Kritik. Klar, als Praktiker gab es nie die 100% Zufriedenheit, ich komme auch so klar, aber wenn man einen Wunsch frei h\u00e4tte&#8230;.<\/p>\n\n\n\n<p><br \/>Zur\u00fcck zum Thema, erste Ausfahrt mit der Z7. Am M\u00fchlensee dann ein recht unspektukal\u00e4res Bild, aber eine Randsch\u00e4rfe, Super! Viel geknipst und mitgenommen, aber eben nicht der Rede wert. Hat trotzdem Spa\u00df gemacht. Wenn man das Ausl\u00f6seger\u00e4usch der D800 gew\u00f6hnt ist (bei Hochzeiten schon ein Grund sich zu sch\u00e4men so die Ruhe zu st\u00f6ren), jetzt eine Offenbarung. Weich und ruhig. <\/p>\n\n\n\n<p>Gut, sch\u00f6n, aber einen Knaller wollte ich mit nach Hause nehmen. Es ist schon verr\u00fcckt wie eine neue Errungenschaft den Ergeiz und den Spa\u00df wieder anfachen kann! <\/p>\n\n\n\n<p><br \/>Nun kenne ich mich in meiner Heimat ja aus wie in meiner Westentasche und ich hatte da so ein Bild vor meinem inneren Auge. Den Sonnenuntergang an einer bestimmten Stelle in Hohenbruch. Und ich wurde nicht entt\u00e4uscht, sogar den &#8222;Sonnenstern&#8220; bringt das Objektiv hervorragend \ud83d\ude09 <\/p>\n\n\n\n<p><br \/>Es war ein Neuanfang in Sachen technik und damit auch ein Aufwachen aus einer Lethargie, der ich schon verfallen war. Mir rasen neue Ideen durch den Kopf, und ich bin mir bewusst dass ich das alles schaffen kann. Weil mich die Technik dabei unterst\u00fctzen wird. Und somit bin ich Nikon dankbar dass sie so sind wie sie sind. In erster Linie Werkzeuge f\u00fcr die Kreativit\u00e4t. I\u00b4m so happy \ud83d\ude00 \ud83d\ude00<\/p>\n\n\n\n<p>PS: Vom Nikon Service Point Dresden habe ich zu Testzwecken an einem Wochenende ein 70-200\/2,8 VR S gewonnen. Dar\u00fcber gibt es dann die <a href=\"https:\/\/liebke-foto.de\/maerkischeslicht\/test-nikkor-z-70-200-28-vr-s-an-meiner-nikon-z7-teil-1\/\" target=\"_blank\" rel=\"noreferrer noopener\">n\u00e4chsten Blogs<\/a>, denn das hat viele Momente eingefangen. Lasst Euch \u00fcberraschen, nur eins vorweg, eine so brachiale Qualit\u00e4tslinse, die JEDEN Cent wert ist. Ich bin davon absolut begeistert.<\/p>\n\n\n\n<figure class=\"wp-block-image size-large\"><a href=\"https:\/\/liebke-foto.de\/maerkischeslicht\/wp-content\/uploads\/2020\/09\/FLZ0128_C1.jpg\"><img loading=\"lazy\" decoding=\"async\" width=\"1200\" height=\"800\" src=\"https:\/\/liebke-foto.de\/maerkischeslicht\/wp-content\/uploads\/2020\/09\/FLZ0128_C1-1200x800.jpg\" alt=\"M\u00fchle Vehlefanz\" class=\"wp-image-3236\" srcset=\"https:\/\/liebke-foto.de\/maerkischeslicht\/wp-content\/uploads\/2020\/09\/FLZ0128_C1-1200x800.jpg 1200w, https:\/\/liebke-foto.de\/maerkischeslicht\/wp-content\/uploads\/2020\/09\/FLZ0128_C1-768x512.jpg 768w, https:\/\/liebke-foto.de\/maerkischeslicht\/wp-content\/uploads\/2020\/09\/FLZ0128_C1.jpg 1300w\" sizes=\"auto, (max-width: 1200px) 100vw, 1200px\" \/><\/a><figcaption>M\u00fchle Vehlefanz<\/figcaption><\/figure>\n\n\n\n<figure class=\"wp-block-image size-large\"><a href=\"https:\/\/liebke-foto.de\/maerkischeslicht\/wp-content\/uploads\/2020\/09\/FLZ0173_C1.jpg\"><img loading=\"lazy\" decoding=\"async\" width=\"1200\" height=\"800\" src=\"https:\/\/liebke-foto.de\/maerkischeslicht\/wp-content\/uploads\/2020\/09\/FLZ0173_C1-1200x800.jpg\" alt=\"M\u00fchlensee bei Vehlefanz\" class=\"wp-image-3237\" srcset=\"https:\/\/liebke-foto.de\/maerkischeslicht\/wp-content\/uploads\/2020\/09\/FLZ0173_C1-1200x800.jpg 1200w, https:\/\/liebke-foto.de\/maerkischeslicht\/wp-content\/uploads\/2020\/09\/FLZ0173_C1-768x512.jpg 768w, https:\/\/liebke-foto.de\/maerkischeslicht\/wp-content\/uploads\/2020\/09\/FLZ0173_C1.jpg 1300w\" sizes=\"auto, (max-width: 1200px) 100vw, 1200px\" \/><\/a><figcaption>M\u00fchlensee bei Vehlefanz<\/figcaption><\/figure>\n\n\n<div class=\"wp-block-image\">\n<figure class=\"aligncenter size-large\"><a href=\"https:\/\/liebke-foto.de\/maerkischeslicht\/wp-content\/uploads\/2020\/09\/FLZ0235_C1.jpg\"><img loading=\"lazy\" decoding=\"async\" width=\"1200\" height=\"800\" src=\"https:\/\/liebke-foto.de\/maerkischeslicht\/wp-content\/uploads\/2020\/09\/FLZ0235_C1-1200x800.jpg\" alt=\"Abends in Hohenbruch\" class=\"wp-image-3238\" srcset=\"https:\/\/liebke-foto.de\/maerkischeslicht\/wp-content\/uploads\/2020\/09\/FLZ0235_C1-1200x800.jpg 1200w, https:\/\/liebke-foto.de\/maerkischeslicht\/wp-content\/uploads\/2020\/09\/FLZ0235_C1-768x512.jpg 768w, https:\/\/liebke-foto.de\/maerkischeslicht\/wp-content\/uploads\/2020\/09\/FLZ0235_C1.jpg 1300w\" sizes=\"auto, (max-width: 1200px) 100vw, 1200px\" \/><\/a><figcaption>Abends in Hohenbruch<\/figcaption><\/figure>\n<\/div>\n\n<div class=\"wp-block-image\">\n<figure class=\"aligncenter size-large\"><a href=\"https:\/\/liebke-foto.de\/maerkischeslicht\/wp-content\/uploads\/2020\/09\/FLZ0259_C1.jpg\"><img loading=\"lazy\" decoding=\"async\" width=\"1200\" height=\"800\" src=\"https:\/\/liebke-foto.de\/maerkischeslicht\/wp-content\/uploads\/2020\/09\/FLZ0259_C1-1200x800.jpg\" alt=\"Abends in Hohenbruch\" class=\"wp-image-3239\" srcset=\"https:\/\/liebke-foto.de\/maerkischeslicht\/wp-content\/uploads\/2020\/09\/FLZ0259_C1-1200x800.jpg 1200w, https:\/\/liebke-foto.de\/maerkischeslicht\/wp-content\/uploads\/2020\/09\/FLZ0259_C1-768x512.jpg 768w, https:\/\/liebke-foto.de\/maerkischeslicht\/wp-content\/uploads\/2020\/09\/FLZ0259_C1.jpg 1300w\" sizes=\"auto, (max-width: 1200px) 100vw, 1200px\" \/><\/a><figcaption>Abends in Hohenbruch<\/figcaption><\/figure>\n<\/div>\n\n<div class=\"wp-block-image\">\n<figure class=\"aligncenter size-large\"><a href=\"https:\/\/liebke-foto.de\/maerkischeslicht\/wp-content\/uploads\/2020\/09\/FLZ0270_C1.jpg\"><img loading=\"lazy\" decoding=\"async\" width=\"1200\" height=\"800\" src=\"https:\/\/liebke-foto.de\/maerkischeslicht\/wp-content\/uploads\/2020\/09\/FLZ0270_C1-1200x800.jpg\" alt=\"Abends in Hohenbruch\" class=\"wp-image-3240\" srcset=\"https:\/\/liebke-foto.de\/maerkischeslicht\/wp-content\/uploads\/2020\/09\/FLZ0270_C1-1200x800.jpg 1200w, https:\/\/liebke-foto.de\/maerkischeslicht\/wp-content\/uploads\/2020\/09\/FLZ0270_C1-768x512.jpg 768w, https:\/\/liebke-foto.de\/maerkischeslicht\/wp-content\/uploads\/2020\/09\/FLZ0270_C1.jpg 1300w\" sizes=\"auto, (max-width: 1200px) 100vw, 1200px\" \/><\/a><figcaption>Abends in Hohenbruch<\/figcaption><\/figure>\n<\/div>\n\n\n<div style=\"padding:20px\" class=\"wp-block-tnp-minimal\"><p>Subscribe to our newsletter!<\/p><div><div class=\"tnp tnp-subscription \">\n<form method=\"post\" action=\"https:\/\/liebke-foto.de\/maerkischeslicht\/wp-admin\/admin-ajax.php?action=tnp&amp;na=s\">\n<input type=\"hidden\" name=\"nlang\" value=\"\">\n<div class=\"tnp-field tnp-field-firstname\"><label for=\"tnp-1\">Vorname oder ganzer Name<\/label>\n<input class=\"tnp-name\" type=\"text\" name=\"nn\" id=\"tnp-1\" value=\"\" placeholder=\"\"><\/div>\n<div class=\"tnp-field tnp-field-email\"><label for=\"tnp-2\">Email<\/label>\n<input class=\"tnp-email\" type=\"email\" name=\"ne\" id=\"tnp-2\" value=\"\" placeholder=\"\" required><\/div>\n<div class=\"tnp-field tnp-privacy-field\"><label><input type=\"checkbox\" name=\"ny\" required class=\"tnp-privacy\"> Indem Du fortf\u00e4hrst, akzeptierst Du unsere Datenschutzerkl\u00e4rung.<\/label><\/div><div class=\"tnp-field tnp-field-button\" style=\"text-align: left\"><input class=\"tnp-submit\" type=\"submit\" value=\"Abonnieren\" style=\"\">\n<\/div>\n<\/form>\n<\/div>\n<\/div><\/div>\n\n\n\n\n","protected":false},"excerpt":{"rendered":"<p>Als ich im Herbst 2012 meinen Pixelboliden Nikon D800 mit 36MP kaufte, war das f\u00fcr mich soviel wie &#8222;zur\u00fcck zu den Wurzeln&#8220;, Kleinbildfotografie&#8230;<\/p>\n","protected":false},"author":1,"featured_media":3231,"comment_status":"open","ping_status":"closed","sticky":false,"template":"","format":"image","meta":{"footnotes":""},"categories":[4],"tags":[],"class_list":["post-3227","post","type-post","status-publish","format-image","has-post-thumbnail","hentry","category-equipment","post_format-post-format-image"],"yoast_head":"<!-- This site is optimized with the Yoast SEO plugin v27.4 - https:\/\/yoast.com\/product\/yoast-seo-wordpress\/ -->\n<title>Von Nikon D800 auf Nikon Z7 - M\u00e4rkisches Licht - Der Fotograf der Stille<\/title>\n<meta name=\"description\" content=\"Von Nikon D800 auf Nikon Z7\" \/>\n<meta name=\"robots\" content=\"index, follow, max-snippet:-1, max-image-preview:large, max-video-preview:-1\" \/>\n<link rel=\"canonical\" href=\"https:\/\/liebke-foto.de\/maerkischeslicht\/von-nikon-d800-auf-z7\/\" \/>\n<meta property=\"og:locale\" content=\"de_DE\" \/>\n<meta property=\"og:type\" content=\"article\" \/>\n<meta property=\"og:title\" content=\"Von Nikon D800 auf Nikon Z7 - M\u00e4rkisches Licht - Der Fotograf der Stille\" \/>\n<meta property=\"og:description\" content=\"Von Nikon D800 auf Nikon Z7\" \/>\n<meta property=\"og:url\" content=\"https:\/\/liebke-foto.de\/maerkischeslicht\/von-nikon-d800-auf-z7\/\" \/>\n<meta property=\"og:site_name\" content=\"M\u00e4rkisches Licht - Der Fotograf der Stille\" \/>\n<meta property=\"article:published_time\" content=\"2020-09-22T23:40:27+00:00\" \/>\n<meta property=\"article:modified_time\" content=\"2022-07-24T09:32:52+00:00\" \/>\n<meta property=\"og:image\" content=\"https:\/\/liebke-foto.de\/maerkischeslicht\/wp-content\/uploads\/2020\/09\/DSC5297_C1.jpg\" \/>\n\t<meta property=\"og:image:width\" content=\"2000\" \/>\n\t<meta property=\"og:image:height\" content=\"1259\" \/>\n\t<meta property=\"og:image:type\" content=\"image\/jpeg\" \/>\n<meta name=\"author\" content=\"Frank Liebke\" \/>\n<meta name=\"twitter:card\" content=\"summary_large_image\" \/>\n<meta name=\"twitter:label1\" content=\"Verfasst von\" \/>\n\t<meta name=\"twitter:data1\" content=\"Frank Liebke\" \/>\n\t<meta name=\"twitter:label2\" content=\"Gesch\u00e4tzte Lesezeit\" \/>\n\t<meta name=\"twitter:data2\" content=\"9\u00a0Minuten\" \/>\n<script type=\"application\/ld+json\" class=\"yoast-schema-graph\">{\"@context\":\"https:\\\/\\\/schema.org\",\"@graph\":[{\"@type\":\"Article\",\"@id\":\"https:\\\/\\\/liebke-foto.de\\\/maerkischeslicht\\\/von-nikon-d800-auf-z7\\\/#article\",\"isPartOf\":{\"@id\":\"https:\\\/\\\/liebke-foto.de\\\/maerkischeslicht\\\/von-nikon-d800-auf-z7\\\/\"},\"author\":{\"name\":\"Frank Liebke\",\"@id\":\"https:\\\/\\\/liebke-foto.de\\\/maerkischeslicht\\\/#\\\/schema\\\/person\\\/d71108abc09a723daeeb8526a33137ee\"},\"headline\":\"Von Nikon D800 auf Nikon Z7\",\"datePublished\":\"2020-09-22T23:40:27+00:00\",\"dateModified\":\"2022-07-24T09:32:52+00:00\",\"mainEntityOfPage\":{\"@id\":\"https:\\\/\\\/liebke-foto.de\\\/maerkischeslicht\\\/von-nikon-d800-auf-z7\\\/\"},\"wordCount\":1302,\"commentCount\":0,\"publisher\":{\"@id\":\"https:\\\/\\\/liebke-foto.de\\\/maerkischeslicht\\\/#\\\/schema\\\/person\\\/d71108abc09a723daeeb8526a33137ee\"},\"image\":{\"@id\":\"https:\\\/\\\/liebke-foto.de\\\/maerkischeslicht\\\/von-nikon-d800-auf-z7\\\/#primaryimage\"},\"thumbnailUrl\":\"https:\\\/\\\/liebke-foto.de\\\/maerkischeslicht\\\/wp-content\\\/uploads\\\/2020\\\/09\\\/DSC5297_C1.jpg\",\"articleSection\":[\"Technik\"],\"inLanguage\":\"de\",\"potentialAction\":[{\"@type\":\"CommentAction\",\"name\":\"Comment\",\"target\":[\"https:\\\/\\\/liebke-foto.de\\\/maerkischeslicht\\\/von-nikon-d800-auf-z7\\\/#respond\"]}]},{\"@type\":\"WebPage\",\"@id\":\"https:\\\/\\\/liebke-foto.de\\\/maerkischeslicht\\\/von-nikon-d800-auf-z7\\\/\",\"url\":\"https:\\\/\\\/liebke-foto.de\\\/maerkischeslicht\\\/von-nikon-d800-auf-z7\\\/\",\"name\":\"Von Nikon D800 auf Nikon Z7 - M\u00e4rkisches Licht - Der Fotograf der Stille\",\"isPartOf\":{\"@id\":\"https:\\\/\\\/liebke-foto.de\\\/maerkischeslicht\\\/#website\"},\"primaryImageOfPage\":{\"@id\":\"https:\\\/\\\/liebke-foto.de\\\/maerkischeslicht\\\/von-nikon-d800-auf-z7\\\/#primaryimage\"},\"image\":{\"@id\":\"https:\\\/\\\/liebke-foto.de\\\/maerkischeslicht\\\/von-nikon-d800-auf-z7\\\/#primaryimage\"},\"thumbnailUrl\":\"https:\\\/\\\/liebke-foto.de\\\/maerkischeslicht\\\/wp-content\\\/uploads\\\/2020\\\/09\\\/DSC5297_C1.jpg\",\"datePublished\":\"2020-09-22T23:40:27+00:00\",\"dateModified\":\"2022-07-24T09:32:52+00:00\",\"description\":\"Von Nikon D800 auf Nikon Z7\",\"breadcrumb\":{\"@id\":\"https:\\\/\\\/liebke-foto.de\\\/maerkischeslicht\\\/von-nikon-d800-auf-z7\\\/#breadcrumb\"},\"inLanguage\":\"de\",\"potentialAction\":[{\"@type\":\"ReadAction\",\"target\":[\"https:\\\/\\\/liebke-foto.de\\\/maerkischeslicht\\\/von-nikon-d800-auf-z7\\\/\"]}]},{\"@type\":\"ImageObject\",\"inLanguage\":\"de\",\"@id\":\"https:\\\/\\\/liebke-foto.de\\\/maerkischeslicht\\\/von-nikon-d800-auf-z7\\\/#primaryimage\",\"url\":\"https:\\\/\\\/liebke-foto.de\\\/maerkischeslicht\\\/wp-content\\\/uploads\\\/2020\\\/09\\\/DSC5297_C1.jpg\",\"contentUrl\":\"https:\\\/\\\/liebke-foto.de\\\/maerkischeslicht\\\/wp-content\\\/uploads\\\/2020\\\/09\\\/DSC5297_C1.jpg\",\"width\":2000,\"height\":1259},{\"@type\":\"BreadcrumbList\",\"@id\":\"https:\\\/\\\/liebke-foto.de\\\/maerkischeslicht\\\/von-nikon-d800-auf-z7\\\/#breadcrumb\",\"itemListElement\":[{\"@type\":\"ListItem\",\"position\":1,\"name\":\"Startseite\",\"item\":\"https:\\\/\\\/liebke-foto.de\\\/maerkischeslicht\\\/\"},{\"@type\":\"ListItem\",\"position\":2,\"name\":\"Von Nikon D800 auf Nikon Z7\"}]},{\"@type\":\"WebSite\",\"@id\":\"https:\\\/\\\/liebke-foto.de\\\/maerkischeslicht\\\/#website\",\"url\":\"https:\\\/\\\/liebke-foto.de\\\/maerkischeslicht\\\/\",\"name\":\"M\u00e4rkisches Licht - Der Fotograf der Stille\",\"description\":\"Die Liebe zum Leben...\",\"publisher\":{\"@id\":\"https:\\\/\\\/liebke-foto.de\\\/maerkischeslicht\\\/#\\\/schema\\\/person\\\/d71108abc09a723daeeb8526a33137ee\"},\"potentialAction\":[{\"@type\":\"SearchAction\",\"target\":{\"@type\":\"EntryPoint\",\"urlTemplate\":\"https:\\\/\\\/liebke-foto.de\\\/maerkischeslicht\\\/?s={search_term_string}\"},\"query-input\":{\"@type\":\"PropertyValueSpecification\",\"valueRequired\":true,\"valueName\":\"search_term_string\"}}],\"inLanguage\":\"de\"},{\"@type\":[\"Person\",\"Organization\"],\"@id\":\"https:\\\/\\\/liebke-foto.de\\\/maerkischeslicht\\\/#\\\/schema\\\/person\\\/d71108abc09a723daeeb8526a33137ee\",\"name\":\"Frank Liebke\",\"image\":{\"@type\":\"ImageObject\",\"inLanguage\":\"de\",\"@id\":\"https:\\\/\\\/liebke-foto.de\\\/maerkischeslicht\\\/wp-content\\\/uploads\\\/2021\\\/12\\\/IMG-20211024-WA0001.jpg\",\"url\":\"https:\\\/\\\/liebke-foto.de\\\/maerkischeslicht\\\/wp-content\\\/uploads\\\/2021\\\/12\\\/IMG-20211024-WA0001.jpg\",\"contentUrl\":\"https:\\\/\\\/liebke-foto.de\\\/maerkischeslicht\\\/wp-content\\\/uploads\\\/2021\\\/12\\\/IMG-20211024-WA0001.jpg\",\"width\":900,\"height\":1600,\"caption\":\"Frank Liebke\"},\"logo\":{\"@id\":\"https:\\\/\\\/liebke-foto.de\\\/maerkischeslicht\\\/wp-content\\\/uploads\\\/2021\\\/12\\\/IMG-20211024-WA0001.jpg\"},\"sameAs\":[\"https:\\\/\\\/liebke-foto.de\"],\"url\":\"https:\\\/\\\/liebke-foto.de\\\/maerkischeslicht\\\/author\\\/adminuser\\\/\"}]}<\/script>\n<!-- \/ Yoast SEO plugin. -->","yoast_head_json":{"title":"Von Nikon D800 auf Nikon Z7 - M\u00e4rkisches Licht - Der Fotograf der Stille","description":"Von Nikon D800 auf Nikon Z7","robots":{"index":"index","follow":"follow","max-snippet":"max-snippet:-1","max-image-preview":"max-image-preview:large","max-video-preview":"max-video-preview:-1"},"canonical":"https:\/\/liebke-foto.de\/maerkischeslicht\/von-nikon-d800-auf-z7\/","og_locale":"de_DE","og_type":"article","og_title":"Von Nikon D800 auf Nikon Z7 - M\u00e4rkisches Licht - Der Fotograf der Stille","og_description":"Von Nikon D800 auf Nikon Z7","og_url":"https:\/\/liebke-foto.de\/maerkischeslicht\/von-nikon-d800-auf-z7\/","og_site_name":"M\u00e4rkisches Licht - Der Fotograf der Stille","article_published_time":"2020-09-22T23:40:27+00:00","article_modified_time":"2022-07-24T09:32:52+00:00","og_image":[{"width":2000,"height":1259,"url":"https:\/\/liebke-foto.de\/maerkischeslicht\/wp-content\/uploads\/2020\/09\/DSC5297_C1.jpg","type":"image\/jpeg"}],"author":"Frank Liebke","twitter_card":"summary_large_image","twitter_misc":{"Verfasst von":"Frank Liebke","Gesch\u00e4tzte Lesezeit":"9\u00a0Minuten"},"schema":{"@context":"https:\/\/schema.org","@graph":[{"@type":"Article","@id":"https:\/\/liebke-foto.de\/maerkischeslicht\/von-nikon-d800-auf-z7\/#article","isPartOf":{"@id":"https:\/\/liebke-foto.de\/maerkischeslicht\/von-nikon-d800-auf-z7\/"},"author":{"name":"Frank Liebke","@id":"https:\/\/liebke-foto.de\/maerkischeslicht\/#\/schema\/person\/d71108abc09a723daeeb8526a33137ee"},"headline":"Von Nikon D800 auf Nikon Z7","datePublished":"2020-09-22T23:40:27+00:00","dateModified":"2022-07-24T09:32:52+00:00","mainEntityOfPage":{"@id":"https:\/\/liebke-foto.de\/maerkischeslicht\/von-nikon-d800-auf-z7\/"},"wordCount":1302,"commentCount":0,"publisher":{"@id":"https:\/\/liebke-foto.de\/maerkischeslicht\/#\/schema\/person\/d71108abc09a723daeeb8526a33137ee"},"image":{"@id":"https:\/\/liebke-foto.de\/maerkischeslicht\/von-nikon-d800-auf-z7\/#primaryimage"},"thumbnailUrl":"https:\/\/liebke-foto.de\/maerkischeslicht\/wp-content\/uploads\/2020\/09\/DSC5297_C1.jpg","articleSection":["Technik"],"inLanguage":"de","potentialAction":[{"@type":"CommentAction","name":"Comment","target":["https:\/\/liebke-foto.de\/maerkischeslicht\/von-nikon-d800-auf-z7\/#respond"]}]},{"@type":"WebPage","@id":"https:\/\/liebke-foto.de\/maerkischeslicht\/von-nikon-d800-auf-z7\/","url":"https:\/\/liebke-foto.de\/maerkischeslicht\/von-nikon-d800-auf-z7\/","name":"Von Nikon D800 auf Nikon Z7 - M\u00e4rkisches Licht - Der Fotograf der Stille","isPartOf":{"@id":"https:\/\/liebke-foto.de\/maerkischeslicht\/#website"},"primaryImageOfPage":{"@id":"https:\/\/liebke-foto.de\/maerkischeslicht\/von-nikon-d800-auf-z7\/#primaryimage"},"image":{"@id":"https:\/\/liebke-foto.de\/maerkischeslicht\/von-nikon-d800-auf-z7\/#primaryimage"},"thumbnailUrl":"https:\/\/liebke-foto.de\/maerkischeslicht\/wp-content\/uploads\/2020\/09\/DSC5297_C1.jpg","datePublished":"2020-09-22T23:40:27+00:00","dateModified":"2022-07-24T09:32:52+00:00","description":"Von Nikon D800 auf Nikon Z7","breadcrumb":{"@id":"https:\/\/liebke-foto.de\/maerkischeslicht\/von-nikon-d800-auf-z7\/#breadcrumb"},"inLanguage":"de","potentialAction":[{"@type":"ReadAction","target":["https:\/\/liebke-foto.de\/maerkischeslicht\/von-nikon-d800-auf-z7\/"]}]},{"@type":"ImageObject","inLanguage":"de","@id":"https:\/\/liebke-foto.de\/maerkischeslicht\/von-nikon-d800-auf-z7\/#primaryimage","url":"https:\/\/liebke-foto.de\/maerkischeslicht\/wp-content\/uploads\/2020\/09\/DSC5297_C1.jpg","contentUrl":"https:\/\/liebke-foto.de\/maerkischeslicht\/wp-content\/uploads\/2020\/09\/DSC5297_C1.jpg","width":2000,"height":1259},{"@type":"BreadcrumbList","@id":"https:\/\/liebke-foto.de\/maerkischeslicht\/von-nikon-d800-auf-z7\/#breadcrumb","itemListElement":[{"@type":"ListItem","position":1,"name":"Startseite","item":"https:\/\/liebke-foto.de\/maerkischeslicht\/"},{"@type":"ListItem","position":2,"name":"Von Nikon D800 auf Nikon Z7"}]},{"@type":"WebSite","@id":"https:\/\/liebke-foto.de\/maerkischeslicht\/#website","url":"https:\/\/liebke-foto.de\/maerkischeslicht\/","name":"M\u00e4rkisches Licht - Der Fotograf der Stille","description":"Die Liebe zum Leben...","publisher":{"@id":"https:\/\/liebke-foto.de\/maerkischeslicht\/#\/schema\/person\/d71108abc09a723daeeb8526a33137ee"},"potentialAction":[{"@type":"SearchAction","target":{"@type":"EntryPoint","urlTemplate":"https:\/\/liebke-foto.de\/maerkischeslicht\/?s={search_term_string}"},"query-input":{"@type":"PropertyValueSpecification","valueRequired":true,"valueName":"search_term_string"}}],"inLanguage":"de"},{"@type":["Person","Organization"],"@id":"https:\/\/liebke-foto.de\/maerkischeslicht\/#\/schema\/person\/d71108abc09a723daeeb8526a33137ee","name":"Frank Liebke","image":{"@type":"ImageObject","inLanguage":"de","@id":"https:\/\/liebke-foto.de\/maerkischeslicht\/wp-content\/uploads\/2021\/12\/IMG-20211024-WA0001.jpg","url":"https:\/\/liebke-foto.de\/maerkischeslicht\/wp-content\/uploads\/2021\/12\/IMG-20211024-WA0001.jpg","contentUrl":"https:\/\/liebke-foto.de\/maerkischeslicht\/wp-content\/uploads\/2021\/12\/IMG-20211024-WA0001.jpg","width":900,"height":1600,"caption":"Frank Liebke"},"logo":{"@id":"https:\/\/liebke-foto.de\/maerkischeslicht\/wp-content\/uploads\/2021\/12\/IMG-20211024-WA0001.jpg"},"sameAs":["https:\/\/liebke-foto.de"],"url":"https:\/\/liebke-foto.de\/maerkischeslicht\/author\/adminuser\/"}]}},"_links":{"self":[{"href":"https:\/\/liebke-foto.de\/maerkischeslicht\/wp-json\/wp\/v2\/posts\/3227","targetHints":{"allow":["GET"]}}],"collection":[{"href":"https:\/\/liebke-foto.de\/maerkischeslicht\/wp-json\/wp\/v2\/posts"}],"about":[{"href":"https:\/\/liebke-foto.de\/maerkischeslicht\/wp-json\/wp\/v2\/types\/post"}],"author":[{"embeddable":true,"href":"https:\/\/liebke-foto.de\/maerkischeslicht\/wp-json\/wp\/v2\/users\/1"}],"replies":[{"embeddable":true,"href":"https:\/\/liebke-foto.de\/maerkischeslicht\/wp-json\/wp\/v2\/comments?post=3227"}],"version-history":[{"count":15,"href":"https:\/\/liebke-foto.de\/maerkischeslicht\/wp-json\/wp\/v2\/posts\/3227\/revisions"}],"predecessor-version":[{"id":6298,"href":"https:\/\/liebke-foto.de\/maerkischeslicht\/wp-json\/wp\/v2\/posts\/3227\/revisions\/6298"}],"wp:featuredmedia":[{"embeddable":true,"href":"https:\/\/liebke-foto.de\/maerkischeslicht\/wp-json\/wp\/v2\/media\/3231"}],"wp:attachment":[{"href":"https:\/\/liebke-foto.de\/maerkischeslicht\/wp-json\/wp\/v2\/media?parent=3227"}],"wp:term":[{"taxonomy":"category","embeddable":true,"href":"https:\/\/liebke-foto.de\/maerkischeslicht\/wp-json\/wp\/v2\/categories?post=3227"},{"taxonomy":"post_tag","embeddable":true,"href":"https:\/\/liebke-foto.de\/maerkischeslicht\/wp-json\/wp\/v2\/tags?post=3227"}],"curies":[{"name":"wp","href":"https:\/\/api.w.org\/{rel}","templated":true}]}}