{"id":3191,"date":"2020-03-15T14:10:32","date_gmt":"2020-03-15T12:10:32","guid":{"rendered":"http:\/\/liebke-foto.de\/maerkischeslicht\/?p=3191"},"modified":"2023-01-30T12:05:46","modified_gmt":"2023-01-30T10:05:46","slug":"sehnsucht-im-alter","status":"publish","type":"post","link":"https:\/\/liebke-foto.de\/maerkischeslicht\/sehnsucht-im-alter\/","title":{"rendered":"Sehnsucht im Alter&#8230;"},"content":{"rendered":"<div class=\"wp-block-image is-style-default\">\n<figure class=\"aligncenter size-large\"><a href=\"https:\/\/liebke-foto.de\/maerkischeslicht\/wp-content\/uploads\/2020\/03\/FL84722_C1.jpg\"><img loading=\"lazy\" decoding=\"async\" width=\"1198\" height=\"800\" src=\"https:\/\/liebke-foto.de\/maerkischeslicht\/wp-content\/uploads\/2020\/03\/FL84722_C1-1198x800.jpg\" alt=\"Zweisamkeit zum Sonnenuntergang, Traum....\" class=\"wp-image-3192\" srcset=\"https:\/\/liebke-foto.de\/maerkischeslicht\/wp-content\/uploads\/2020\/03\/FL84722_C1-1198x800.jpg 1198w, https:\/\/liebke-foto.de\/maerkischeslicht\/wp-content\/uploads\/2020\/03\/FL84722_C1-768x513.jpg 768w, https:\/\/liebke-foto.de\/maerkischeslicht\/wp-content\/uploads\/2020\/03\/FL84722_C1.jpg 1300w\" sizes=\"auto, (max-width: 1198px) 100vw, 1198px\" \/><\/a><figcaption class=\"wp-element-caption\">Zweisamkeit zum Sonnenuntergang, Traum&#8230;.<\/figcaption><\/figure>\n<\/div>\n\n\n<p>&#8230; ist die See, das Wasser oder das Meer. Warum? Die &#8222;H\u00f6rner sind abgesto\u00dfen&#8220;, mit 60 und dr\u00fcber hat man schon ganz sch\u00f6n lange gelebt. Es ist viel passiert, Gutes und weniger Gutes. Und viel zu viele liebe Menschen haben viel zu lange Zeit so schlechte Dinge \u00fcber sich ergehen lassen, dass schon das Erz\u00e4hlte einem Menschen mit starker Emphatie das gro\u00dfe Heulen bringen kann. Ich habe mittlerweile einige dieser Geschichten geh\u00f6rt und ich sch\u00e4me mich daf\u00fcr, was manche den lieben Menschen so antun. <\/p>\n\n\n\n<p>Dass deren Seele so viel abbekommt, dass sie dauerhaft krank wird. Und wenn dann das Letzte mehr oder weniger gl\u00fccklich \u00fcberwunden ist, tritt irgendwann die Ruhe ins Leben. Und genau das braucht man dann, Ruhe, Entspannung von Geist und K\u00f6rper. Damit wieder Platz, zum Freuen und vielleicht sogar zum Lieben, entstehen kann.<\/p>\n\n\n\n<p>Man will durchatmen, mit jeder Faser des K\u00f6rpers die nat\u00fcrlichen Urgewalten sp\u00fcren. Das hilft, nachweislich. Und das findet man nat\u00fcrlich am besten am Meer. Ob Ostsee oder das Meer im Norden, mit Ebbe und Flut, ist dabei zweitrangig. Das Gekreisch der M\u00f6wen, das Rauschen der Wellen, der Dauerlauf der Wolken am Himmel durch den fast immer zuverl\u00e4ssig vorhandenen Wind, die sch\u00f6nste Sinfonie f\u00fcr die Sinne und die geschundene Seele.  <br \/><br \/>Vielen ist gar nicht bewusst dass der menschliche K\u00f6rper zum gro\u00dfen Teil aus Wasser besteht. Richtig geh\u00f6rt \ud83d\ude42 , na und da ist es doch kein Wunder dass man sich immer wieder zum Ursprung hingezogen f\u00fchlt. Die See ist ein Traum, leider nicht f\u00fcr jeden zu erreichen, dort f\u00fcr den Rest des Lebens die Zelte aufzuschlagen. Finanzielle Tatsachen sind auch selten mit Lotto wettzumachen \ud83d\ude09 Aber es gibt ja noch die Kompromisse. <\/p>\n\n\n\n<p>Einer ist, f\u00fcr mich zumindest, meine Heimat Brandenburg, die von Fontane bewanderte Mark. Und ob nun wie hier Oranienburg, oder Neuruppin, Wustrau, P\u00e4tz, Storkow oder M\u00fchlberg. Die Aufz\u00e4hlung k\u00f6nnte noch unaufh\u00f6rlich weiter gehen im Land der \u00fcber 3000 Seen. Richtig gelesen, wir sind ein wassereiches Land, wenn nicht sogar das wassereichste in Deutschland. Da findet sich immer auch ein beschaulicher Fleck zum leben. <\/p>\n\n\n\n<p>Und im Alter wird die Infrastruktur ja auch immer wichtiger, wie schnell braucht man mal einen Arzt oder gar eine Intensivstation? Und das m\u00f6glichst schnell? Als junger Mensch war das nie ein Gedanke, man lebte doch unendlich \ud83d\ude09 60 Jahre alt? Ha, ewig hin. <\/p>\n\n\n\n<p>Na, und wie schnell ging das? Man hat Kinder in die Welt gesetzt, sie bis zur Selbstst\u00e4ndigkeit begleitet, viel erlebt, ich will das gar nicht ausweiten. Und nun ist man hier mit seinen Gedanken. Hilft anderen ein wenig damit es ihnen seelisch besser gehen kann und wird von anderen aus dem gleichen Grund geholfen. <\/p>\n\n\n\n<p>Man wei\u00df ja was los ist, wie man sich so f\u00fchlt. Und ich merke immer deutlicher, wichtig ist der Respekt des anderen gegen\u00fcber und der Respekt der anderen f\u00fcr einen selbst. Reden ist so wichtig, Zuh\u00f6ren und ausreden lassen noch viel wichtiger. Aber nur vor sich hindenken und meinen, der\/die andere muss ja wissen was los ist, ist zum Scheitern verurteilt und geht nach hinten los. Also, redet miteinander, h\u00f6rt gut zu und geht \u00f6fter mal ans Wasser \ud83d\ude09<\/p>\n\n\n\n<p>Wenn mir noch was sinniges dazu einf\u00e4llt, schreibe ich es noch dazu \ud83d\ude09 wollte mal heute meine Gedanken loswerden, ohne gleich &#8222;Das Wort zum Sonntag&#8220; draus zu machen. Genie\u00dft Euren Tag, lasst die Natur auf Eure Haut und h\u00f6rt mal bis zu Ende zu wenn Euch jemand was anvertrauen will. Manchmal kommt die Pointe erst zum Schluss&#8230;. \ud83d\ude00<\/p>\n\n\n\n<p>UPDATE 2023:<\/p>\n\n\n\n<p>Es hat sich mir Anfang 2021 ein gr\u00f6\u00dfter und jahrzehntelanger Wunsch erf\u00fcllt. Nun habe ich auch einen Lieblingsmenschen, der mich versteht, mich so nimmt, wie ich bin und mich nicht verbiegen will. Umgedreht nat\u00fcrlich genauso. Wir beide, die Lebensfreudegef\u00e4hrten \ud83d\ude42<\/p>\n\n\n<div class=\"wp-block-image\">\n<figure class=\"aligncenter size-full\"><a href=\"https:\/\/liebke-foto.de\/maerkischeslicht\/wp-content\/uploads\/2020\/03\/Logo-Lebensfreudegefaehrten03.jpg\"><img loading=\"lazy\" decoding=\"async\" width=\"1443\" height=\"236\" src=\"https:\/\/liebke-foto.de\/maerkischeslicht\/wp-content\/uploads\/2020\/03\/Logo-Lebensfreudegefaehrten03.jpg\" alt=\"\" class=\"wp-image-6952\" srcset=\"https:\/\/liebke-foto.de\/maerkischeslicht\/wp-content\/uploads\/2020\/03\/Logo-Lebensfreudegefaehrten03.jpg 1443w, https:\/\/liebke-foto.de\/maerkischeslicht\/wp-content\/uploads\/2020\/03\/Logo-Lebensfreudegefaehrten03-1400x229.jpg 1400w, https:\/\/liebke-foto.de\/maerkischeslicht\/wp-content\/uploads\/2020\/03\/Logo-Lebensfreudegefaehrten03-768x126.jpg 768w\" sizes=\"auto, (max-width: 1443px) 100vw, 1443px\" \/><\/a><\/figure>\n<\/div>\n\n<div class=\"wp-block-image\">\n<figure class=\"aligncenter size-large\"><a href=\"https:\/\/liebke-foto.de\/maerkischeslicht\/wp-content\/uploads\/2020\/03\/FL84788_C1.jpg\"><img loading=\"lazy\" decoding=\"async\" width=\"1198\" height=\"800\" src=\"https:\/\/liebke-foto.de\/maerkischeslicht\/wp-content\/uploads\/2020\/03\/FL84788_C1-1198x800.jpg\" alt=\"St\u00fcrmische Ostsee auf Usedom\" class=\"wp-image-3196\" srcset=\"https:\/\/liebke-foto.de\/maerkischeslicht\/wp-content\/uploads\/2020\/03\/FL84788_C1-1198x800.jpg 1198w, https:\/\/liebke-foto.de\/maerkischeslicht\/wp-content\/uploads\/2020\/03\/FL84788_C1-768x513.jpg 768w, https:\/\/liebke-foto.de\/maerkischeslicht\/wp-content\/uploads\/2020\/03\/FL84788_C1.jpg 1300w\" sizes=\"auto, (max-width: 1198px) 100vw, 1198px\" \/><\/a><figcaption class=\"wp-element-caption\">St\u00fcrmische Ostsee auf Usedom<\/figcaption><\/figure>\n<\/div>\n\n<div class=\"wp-block-image\">\n<figure class=\"aligncenter size-large\"><a href=\"https:\/\/liebke-foto.de\/maerkischeslicht\/wp-content\/uploads\/2020\/03\/FZ27773_C1.jpg\"><img loading=\"lazy\" decoding=\"async\" width=\"1200\" height=\"800\" src=\"https:\/\/liebke-foto.de\/maerkischeslicht\/wp-content\/uploads\/2020\/03\/FZ27773_C1-1200x800.jpg\" alt=\"\" class=\"wp-image-6939\" srcset=\"https:\/\/liebke-foto.de\/maerkischeslicht\/wp-content\/uploads\/2020\/03\/FZ27773_C1-1200x800.jpg 1200w, https:\/\/liebke-foto.de\/maerkischeslicht\/wp-content\/uploads\/2020\/03\/FZ27773_C1-768x512.jpg 768w, https:\/\/liebke-foto.de\/maerkischeslicht\/wp-content\/uploads\/2020\/03\/FZ27773_C1.jpg 1400w\" sizes=\"auto, (max-width: 1200px) 100vw, 1200px\" \/><\/a><figcaption class=\"wp-element-caption\">St\u00fcrmische Nordsee auf Amrum, Land der Spiegel<\/figcaption><\/figure>\n<\/div>\n\n<div class=\"wp-block-image\">\n<figure class=\"aligncenter size-large\"><a href=\"https:\/\/liebke-foto.de\/maerkischeslicht\/wp-content\/uploads\/2020\/03\/FLZ7281_C1.jpg\"><img loading=\"lazy\" decoding=\"async\" width=\"1200\" height=\"800\" src=\"https:\/\/liebke-foto.de\/maerkischeslicht\/wp-content\/uploads\/2020\/03\/FLZ7281_C1-1200x800.jpg\" alt=\"\" class=\"wp-image-6942\" srcset=\"https:\/\/liebke-foto.de\/maerkischeslicht\/wp-content\/uploads\/2020\/03\/FLZ7281_C1-1200x800.jpg 1200w, https:\/\/liebke-foto.de\/maerkischeslicht\/wp-content\/uploads\/2020\/03\/FLZ7281_C1-768x512.jpg 768w, https:\/\/liebke-foto.de\/maerkischeslicht\/wp-content\/uploads\/2020\/03\/FLZ7281_C1.jpg 1400w\" sizes=\"auto, (max-width: 1200px) 100vw, 1200px\" \/><\/a><figcaption class=\"wp-element-caption\">Lichtspiele hinterm Deich, Sonnenaufgang auf Amrum<\/figcaption><\/figure>\n<\/div>\n\n<div class=\"wp-block-image\">\n<figure class=\"aligncenter size-large\"><a href=\"https:\/\/liebke-foto.de\/maerkischeslicht\/wp-content\/uploads\/2020\/03\/FZ26332_C1.jpg\"><img loading=\"lazy\" decoding=\"async\" width=\"1200\" height=\"800\" src=\"https:\/\/liebke-foto.de\/maerkischeslicht\/wp-content\/uploads\/2020\/03\/FZ26332_C1-1200x800.jpg\" alt=\"\" class=\"wp-image-6945\" srcset=\"https:\/\/liebke-foto.de\/maerkischeslicht\/wp-content\/uploads\/2020\/03\/FZ26332_C1-1200x800.jpg 1200w, https:\/\/liebke-foto.de\/maerkischeslicht\/wp-content\/uploads\/2020\/03\/FZ26332_C1-768x512.jpg 768w, https:\/\/liebke-foto.de\/maerkischeslicht\/wp-content\/uploads\/2020\/03\/FZ26332_C1.jpg 1400w\" sizes=\"auto, (max-width: 1200px) 100vw, 1200px\" \/><\/a><figcaption class=\"wp-element-caption\">Zeesboote im Hafen von Althagen, auf dem Darss<\/figcaption><\/figure>\n<\/div>\n\n<div class=\"wp-block-image\">\n<figure class=\"aligncenter size-large\"><a href=\"https:\/\/liebke-foto.de\/maerkischeslicht\/wp-content\/uploads\/2020\/03\/FZ26264_C1.jpg\"><img loading=\"lazy\" decoding=\"async\" width=\"1200\" height=\"800\" src=\"https:\/\/liebke-foto.de\/maerkischeslicht\/wp-content\/uploads\/2020\/03\/FZ26264_C1-1200x800.jpg\" alt=\"\" class=\"wp-image-6946\" srcset=\"https:\/\/liebke-foto.de\/maerkischeslicht\/wp-content\/uploads\/2020\/03\/FZ26264_C1-1200x800.jpg 1200w, https:\/\/liebke-foto.de\/maerkischeslicht\/wp-content\/uploads\/2020\/03\/FZ26264_C1-768x512.jpg 768w, https:\/\/liebke-foto.de\/maerkischeslicht\/wp-content\/uploads\/2020\/03\/FZ26264_C1.jpg 1400w\" sizes=\"auto, (max-width: 1200px) 100vw, 1200px\" \/><\/a><figcaption class=\"wp-element-caption\">Abends am Strand von Ahrenshoop<\/figcaption><\/figure>\n<\/div>\n\n<div class=\"wp-block-image\">\n<figure class=\"aligncenter size-large\"><a href=\"https:\/\/liebke-foto.de\/maerkischeslicht\/wp-content\/uploads\/2020\/03\/FZ27489_C1.jpg\"><img loading=\"lazy\" decoding=\"async\" width=\"1200\" height=\"800\" src=\"https:\/\/liebke-foto.de\/maerkischeslicht\/wp-content\/uploads\/2020\/03\/FZ27489_C1-1200x800.jpg\" alt=\"\" class=\"wp-image-6947\" srcset=\"https:\/\/liebke-foto.de\/maerkischeslicht\/wp-content\/uploads\/2020\/03\/FZ27489_C1-1200x800.jpg 1200w, https:\/\/liebke-foto.de\/maerkischeslicht\/wp-content\/uploads\/2020\/03\/FZ27489_C1-768x512.jpg 768w, https:\/\/liebke-foto.de\/maerkischeslicht\/wp-content\/uploads\/2020\/03\/FZ27489_C1.jpg 1300w\" sizes=\"auto, (max-width: 1200px) 100vw, 1200px\" \/><\/a><figcaption class=\"wp-element-caption\">Am Gespensterwald von Nienhagen<\/figcaption><\/figure>\n<\/div>\n\n<div class=\"wp-block-image\">\n<figure class=\"aligncenter size-large\"><a href=\"https:\/\/liebke-foto.de\/maerkischeslicht\/wp-content\/uploads\/2020\/03\/FZ28282_C1.jpg\"><img loading=\"lazy\" decoding=\"async\" width=\"1200\" height=\"800\" src=\"https:\/\/liebke-foto.de\/maerkischeslicht\/wp-content\/uploads\/2020\/03\/FZ28282_C1-1200x800.jpg\" alt=\"\" class=\"wp-image-6948\" srcset=\"https:\/\/liebke-foto.de\/maerkischeslicht\/wp-content\/uploads\/2020\/03\/FZ28282_C1-1200x800.jpg 1200w, https:\/\/liebke-foto.de\/maerkischeslicht\/wp-content\/uploads\/2020\/03\/FZ28282_C1-768x512.jpg 768w, https:\/\/liebke-foto.de\/maerkischeslicht\/wp-content\/uploads\/2020\/03\/FZ28282_C1.jpg 1400w\" sizes=\"auto, (max-width: 1200px) 100vw, 1200px\" \/><\/a><figcaption class=\"wp-element-caption\">Die sprechenden Steine in der Brandung bei Sellin auf R\u00fcgen<\/figcaption><\/figure>\n<\/div>\n\n<div class=\"wp-block-image\">\n<figure class=\"aligncenter size-large\"><a href=\"https:\/\/liebke-foto.de\/maerkischeslicht\/wp-content\/uploads\/2020\/03\/FZ20117_C1.jpg\"><img loading=\"lazy\" decoding=\"async\" width=\"1200\" height=\"800\" src=\"https:\/\/liebke-foto.de\/maerkischeslicht\/wp-content\/uploads\/2020\/03\/FZ20117_C1-1200x800.jpg\" alt=\"\" class=\"wp-image-6949\" srcset=\"https:\/\/liebke-foto.de\/maerkischeslicht\/wp-content\/uploads\/2020\/03\/FZ20117_C1-1200x800.jpg 1200w, https:\/\/liebke-foto.de\/maerkischeslicht\/wp-content\/uploads\/2020\/03\/FZ20117_C1-768x512.jpg 768w, https:\/\/liebke-foto.de\/maerkischeslicht\/wp-content\/uploads\/2020\/03\/FZ20117_C1.jpg 1300w\" sizes=\"auto, (max-width: 1200px) 100vw, 1200px\" \/><\/a><figcaption class=\"wp-element-caption\">Das Licht, die Wolken und die See auf Poel, ein Versprechen<\/figcaption><\/figure>\n<\/div>\n\n<div class=\"wp-block-image\">\n<figure class=\"aligncenter size-large\"><a href=\"https:\/\/liebke-foto.de\/maerkischeslicht\/wp-content\/uploads\/2020\/03\/FL83368_C1.jpg\"><img loading=\"lazy\" decoding=\"async\" width=\"1198\" height=\"800\" src=\"https:\/\/liebke-foto.de\/maerkischeslicht\/wp-content\/uploads\/2020\/03\/FL83368_C1-1198x800.jpg\" alt=\"Schutzengel \u00fcber Usedom\" class=\"wp-image-3197\" srcset=\"https:\/\/liebke-foto.de\/maerkischeslicht\/wp-content\/uploads\/2020\/03\/FL83368_C1-1198x800.jpg 1198w, https:\/\/liebke-foto.de\/maerkischeslicht\/wp-content\/uploads\/2020\/03\/FL83368_C1-768x513.jpg 768w, https:\/\/liebke-foto.de\/maerkischeslicht\/wp-content\/uploads\/2020\/03\/FL83368_C1.jpg 1300w\" sizes=\"auto, (max-width: 1198px) 100vw, 1198px\" \/><\/a><figcaption class=\"wp-element-caption\">Schutzengel \u00fcber Usedom<\/figcaption><\/figure>\n<\/div>\n\n<div class=\"wp-block-image\">\n<figure class=\"aligncenter size-large\"><a href=\"https:\/\/liebke-foto.de\/maerkischeslicht\/wp-content\/uploads\/2020\/03\/FZ22234_C1.jpg\"><img loading=\"lazy\" decoding=\"async\" width=\"1200\" height=\"800\" src=\"https:\/\/liebke-foto.de\/maerkischeslicht\/wp-content\/uploads\/2020\/03\/FZ22234_C1-1200x800.jpg\" alt=\"\" class=\"wp-image-6956\" srcset=\"https:\/\/liebke-foto.de\/maerkischeslicht\/wp-content\/uploads\/2020\/03\/FZ22234_C1-1200x800.jpg 1200w, https:\/\/liebke-foto.de\/maerkischeslicht\/wp-content\/uploads\/2020\/03\/FZ22234_C1-768x512.jpg 768w, https:\/\/liebke-foto.de\/maerkischeslicht\/wp-content\/uploads\/2020\/03\/FZ22234_C1.jpg 1300w\" sizes=\"auto, (max-width: 1200px) 100vw, 1200px\" \/><\/a><figcaption class=\"wp-element-caption\">Mein lieber Vater beim Entenf\u00fcttern an der Bode in Sta\u00dffurt. Hier sind meine Wurzeln, Urspr\u00fcnge. Hier bin ich aufgewachsen und habe schon fr\u00fch meine Liebe zu Natur, Land und Umwelt gelebt.<\/figcaption><\/figure>\n<\/div>\n\n<div class=\"wp-block-image\">\n<figure class=\"aligncenter size-large\"><a href=\"https:\/\/liebke-foto.de\/maerkischeslicht\/wp-content\/uploads\/2020\/03\/Oranienburg_FL8_5445_C1.jpg\"><img loading=\"lazy\" decoding=\"async\" width=\"1199\" height=\"800\" src=\"https:\/\/liebke-foto.de\/maerkischeslicht\/wp-content\/uploads\/2020\/03\/Oranienburg_FL8_5445_C1-1199x800.jpg\" alt=\"Sommermorgen am Lehnitzsee in Oranienburg\" class=\"wp-image-3198\" srcset=\"https:\/\/liebke-foto.de\/maerkischeslicht\/wp-content\/uploads\/2020\/03\/Oranienburg_FL8_5445_C1-1199x800.jpg 1199w, https:\/\/liebke-foto.de\/maerkischeslicht\/wp-content\/uploads\/2020\/03\/Oranienburg_FL8_5445_C1-768x512.jpg 768w, https:\/\/liebke-foto.de\/maerkischeslicht\/wp-content\/uploads\/2020\/03\/Oranienburg_FL8_5445_C1.jpg 1400w\" sizes=\"auto, (max-width: 1199px) 100vw, 1199px\" \/><\/a><figcaption class=\"wp-element-caption\">Sommermorgen am Lehnitzsee in Oranienburg<\/figcaption><\/figure>\n<\/div>\n\n<div class=\"wp-block-image\">\n<figure class=\"aligncenter size-large\"><a href=\"https:\/\/liebke-foto.de\/maerkischeslicht\/wp-content\/uploads\/2020\/03\/FL81026_C1_edit.jpg\"><img loading=\"lazy\" decoding=\"async\" width=\"1198\" height=\"800\" src=\"https:\/\/liebke-foto.de\/maerkischeslicht\/wp-content\/uploads\/2020\/03\/FL81026_C1_edit-1198x800.jpg\" alt=\"Herbstabend am Ruppiner See mit Blick auf Neuruppin\" class=\"wp-image-3199\" srcset=\"https:\/\/liebke-foto.de\/maerkischeslicht\/wp-content\/uploads\/2020\/03\/FL81026_C1_edit-1198x800.jpg 1198w, https:\/\/liebke-foto.de\/maerkischeslicht\/wp-content\/uploads\/2020\/03\/FL81026_C1_edit-768x513.jpg 768w, https:\/\/liebke-foto.de\/maerkischeslicht\/wp-content\/uploads\/2020\/03\/FL81026_C1_edit.jpg 1300w\" sizes=\"auto, (max-width: 1198px) 100vw, 1198px\" \/><\/a><figcaption class=\"wp-element-caption\">Herbstabend am Ruppiner See mit Blick auf Neuruppin<\/figcaption><\/figure>\n<\/div>\n\n<div class=\"wp-block-image\">\n<figure class=\"aligncenter size-large\"><a href=\"https:\/\/liebke-foto.de\/maerkischeslicht\/wp-content\/uploads\/2020\/03\/Himmelpfort_FL8_5306_C1.jpg\"><img loading=\"lazy\" decoding=\"async\" width=\"1199\" height=\"800\" src=\"https:\/\/liebke-foto.de\/maerkischeslicht\/wp-content\/uploads\/2020\/03\/Himmelpfort_FL8_5306_C1-1199x800.jpg\" alt=\"Himmelpfort, hier kann es nur himmlisch sein\" class=\"wp-image-3200\" srcset=\"https:\/\/liebke-foto.de\/maerkischeslicht\/wp-content\/uploads\/2020\/03\/Himmelpfort_FL8_5306_C1-1199x800.jpg 1199w, https:\/\/liebke-foto.de\/maerkischeslicht\/wp-content\/uploads\/2020\/03\/Himmelpfort_FL8_5306_C1-768x512.jpg 768w, https:\/\/liebke-foto.de\/maerkischeslicht\/wp-content\/uploads\/2020\/03\/Himmelpfort_FL8_5306_C1.jpg 1400w\" sizes=\"auto, (max-width: 1199px) 100vw, 1199px\" \/><\/a><figcaption class=\"wp-element-caption\">Himmelpfort, hier kann es nur himmlisch sein<\/figcaption><\/figure>\n<\/div>\n\n\n<div style=\"padding:20px\" class=\"wp-block-tnp-minimal\"><p>Subscribe to our newsletter!<\/p><div><div class=\"tnp tnp-subscription \">\n<form method=\"post\" action=\"https:\/\/liebke-foto.de\/maerkischeslicht\/wp-admin\/admin-ajax.php?action=tnp&amp;na=s\">\n<input type=\"hidden\" name=\"nlang\" value=\"\">\n<div class=\"tnp-field tnp-field-firstname\"><label for=\"tnp-1\">Vorname oder ganzer Name<\/label>\n<input class=\"tnp-name\" type=\"text\" name=\"nn\" id=\"tnp-1\" value=\"\" placeholder=\"\"><\/div>\n<div class=\"tnp-field tnp-field-email\"><label for=\"tnp-2\">Email<\/label>\n<input class=\"tnp-email\" type=\"email\" name=\"ne\" id=\"tnp-2\" value=\"\" placeholder=\"\" required><\/div>\n<div class=\"tnp-field tnp-privacy-field\"><label><input type=\"checkbox\" name=\"ny\" required class=\"tnp-privacy\"> Indem Du fortf\u00e4hrst, akzeptierst Du unsere Datenschutzerkl\u00e4rung.<\/label><\/div><div class=\"tnp-field tnp-field-button\" style=\"text-align: left\"><input class=\"tnp-submit\" type=\"submit\" value=\"Abonnieren\" style=\"\">\n<\/div>\n<\/form>\n<\/div>\n<\/div><\/div>\n\n\n\n\n","protected":false},"excerpt":{"rendered":"<p>&#8230; ist die See, das Wasser oder das Meer. Warum? Die &#8222;H\u00f6rner sind abgesto\u00dfen&#8220;, mit 60 und dr\u00fcber hat man schon ganz sch\u00f6n&#8230;<\/p>\n","protected":false},"author":1,"featured_media":3192,"comment_status":"open","ping_status":"closed","sticky":false,"template":"","format":"image","meta":{"footnotes":""},"categories":[10,38,141,174,12],"tags":[],"class_list":["post-3191","post","type-post","status-publish","format-image","has-post-thumbnail","hentry","category-landschaft-mark-brandenburg-oberhavel-barnim","category-menschliches-aus-der-mark","category-ostsee","category-reisen","category-wildes-brandenburg","post_format-post-format-image"],"yoast_head":"<!-- This site is optimized with the Yoast SEO plugin v27.4 - https:\/\/yoast.com\/product\/yoast-seo-wordpress\/ -->\n<title>Sehnsucht im Alter... - M\u00e4rkisches Licht - Der Fotograf der Stille<\/title>\n<meta name=\"description\" content=\"Sehnsucht im Alter...\" \/>\n<meta name=\"robots\" content=\"index, follow, max-snippet:-1, max-image-preview:large, max-video-preview:-1\" \/>\n<link rel=\"canonical\" href=\"https:\/\/liebke-foto.de\/maerkischeslicht\/sehnsucht-im-alter\/\" \/>\n<meta property=\"og:locale\" content=\"de_DE\" \/>\n<meta property=\"og:type\" content=\"article\" \/>\n<meta property=\"og:title\" content=\"Sehnsucht im Alter... - M\u00e4rkisches Licht - Der Fotograf der Stille\" \/>\n<meta property=\"og:description\" content=\"Sehnsucht im Alter...\" \/>\n<meta property=\"og:url\" content=\"https:\/\/liebke-foto.de\/maerkischeslicht\/sehnsucht-im-alter\/\" \/>\n<meta property=\"og:site_name\" content=\"M\u00e4rkisches Licht - Der Fotograf der Stille\" \/>\n<meta property=\"article:published_time\" content=\"2020-03-15T12:10:32+00:00\" \/>\n<meta property=\"article:modified_time\" content=\"2023-01-30T10:05:46+00:00\" \/>\n<meta property=\"og:image\" content=\"https:\/\/liebke-foto.de\/maerkischeslicht\/wp-content\/uploads\/2020\/03\/FL84722_C1.jpg\" \/>\n\t<meta property=\"og:image:width\" content=\"1300\" \/>\n\t<meta property=\"og:image:height\" content=\"868\" \/>\n\t<meta property=\"og:image:type\" content=\"image\/jpeg\" \/>\n<meta name=\"author\" content=\"Frank Liebke\" \/>\n<meta name=\"twitter:card\" content=\"summary_large_image\" \/>\n<meta name=\"twitter:label1\" content=\"Verfasst von\" \/>\n\t<meta name=\"twitter:data1\" content=\"Frank Liebke\" \/>\n\t<meta name=\"twitter:label2\" content=\"Gesch\u00e4tzte Lesezeit\" \/>\n\t<meta name=\"twitter:data2\" content=\"5\u00a0Minuten\" \/>\n<script type=\"application\/ld+json\" class=\"yoast-schema-graph\">{\"@context\":\"https:\\\/\\\/schema.org\",\"@graph\":[{\"@type\":\"Article\",\"@id\":\"https:\\\/\\\/liebke-foto.de\\\/maerkischeslicht\\\/sehnsucht-im-alter\\\/#article\",\"isPartOf\":{\"@id\":\"https:\\\/\\\/liebke-foto.de\\\/maerkischeslicht\\\/sehnsucht-im-alter\\\/\"},\"author\":{\"name\":\"Frank Liebke\",\"@id\":\"https:\\\/\\\/liebke-foto.de\\\/maerkischeslicht\\\/#\\\/schema\\\/person\\\/d71108abc09a723daeeb8526a33137ee\"},\"headline\":\"Sehnsucht im Alter&#8230;\",\"datePublished\":\"2020-03-15T12:10:32+00:00\",\"dateModified\":\"2023-01-30T10:05:46+00:00\",\"mainEntityOfPage\":{\"@id\":\"https:\\\/\\\/liebke-foto.de\\\/maerkischeslicht\\\/sehnsucht-im-alter\\\/\"},\"wordCount\":779,\"commentCount\":15,\"publisher\":{\"@id\":\"https:\\\/\\\/liebke-foto.de\\\/maerkischeslicht\\\/#\\\/schema\\\/person\\\/d71108abc09a723daeeb8526a33137ee\"},\"image\":{\"@id\":\"https:\\\/\\\/liebke-foto.de\\\/maerkischeslicht\\\/sehnsucht-im-alter\\\/#primaryimage\"},\"thumbnailUrl\":\"https:\\\/\\\/liebke-foto.de\\\/maerkischeslicht\\\/wp-content\\\/uploads\\\/2020\\\/03\\\/FL84722_C1.jpg\",\"articleSection\":[\"Landschaft\",\"Menschliches aus der Mark\",\"Ostsee\",\"Reisen\",\"Wildes Brandenburg\"],\"inLanguage\":\"de\",\"potentialAction\":[{\"@type\":\"CommentAction\",\"name\":\"Comment\",\"target\":[\"https:\\\/\\\/liebke-foto.de\\\/maerkischeslicht\\\/sehnsucht-im-alter\\\/#respond\"]}]},{\"@type\":\"WebPage\",\"@id\":\"https:\\\/\\\/liebke-foto.de\\\/maerkischeslicht\\\/sehnsucht-im-alter\\\/\",\"url\":\"https:\\\/\\\/liebke-foto.de\\\/maerkischeslicht\\\/sehnsucht-im-alter\\\/\",\"name\":\"Sehnsucht im Alter... - M\u00e4rkisches Licht - Der Fotograf der Stille\",\"isPartOf\":{\"@id\":\"https:\\\/\\\/liebke-foto.de\\\/maerkischeslicht\\\/#website\"},\"primaryImageOfPage\":{\"@id\":\"https:\\\/\\\/liebke-foto.de\\\/maerkischeslicht\\\/sehnsucht-im-alter\\\/#primaryimage\"},\"image\":{\"@id\":\"https:\\\/\\\/liebke-foto.de\\\/maerkischeslicht\\\/sehnsucht-im-alter\\\/#primaryimage\"},\"thumbnailUrl\":\"https:\\\/\\\/liebke-foto.de\\\/maerkischeslicht\\\/wp-content\\\/uploads\\\/2020\\\/03\\\/FL84722_C1.jpg\",\"datePublished\":\"2020-03-15T12:10:32+00:00\",\"dateModified\":\"2023-01-30T10:05:46+00:00\",\"description\":\"Sehnsucht im Alter...\",\"breadcrumb\":{\"@id\":\"https:\\\/\\\/liebke-foto.de\\\/maerkischeslicht\\\/sehnsucht-im-alter\\\/#breadcrumb\"},\"inLanguage\":\"de\",\"potentialAction\":[{\"@type\":\"ReadAction\",\"target\":[\"https:\\\/\\\/liebke-foto.de\\\/maerkischeslicht\\\/sehnsucht-im-alter\\\/\"]}]},{\"@type\":\"ImageObject\",\"inLanguage\":\"de\",\"@id\":\"https:\\\/\\\/liebke-foto.de\\\/maerkischeslicht\\\/sehnsucht-im-alter\\\/#primaryimage\",\"url\":\"https:\\\/\\\/liebke-foto.de\\\/maerkischeslicht\\\/wp-content\\\/uploads\\\/2020\\\/03\\\/FL84722_C1.jpg\",\"contentUrl\":\"https:\\\/\\\/liebke-foto.de\\\/maerkischeslicht\\\/wp-content\\\/uploads\\\/2020\\\/03\\\/FL84722_C1.jpg\",\"width\":1300,\"height\":868,\"caption\":\"Abends auf Usedom\"},{\"@type\":\"BreadcrumbList\",\"@id\":\"https:\\\/\\\/liebke-foto.de\\\/maerkischeslicht\\\/sehnsucht-im-alter\\\/#breadcrumb\",\"itemListElement\":[{\"@type\":\"ListItem\",\"position\":1,\"name\":\"Startseite\",\"item\":\"https:\\\/\\\/liebke-foto.de\\\/maerkischeslicht\\\/\"},{\"@type\":\"ListItem\",\"position\":2,\"name\":\"Sehnsucht im Alter&#8230;\"}]},{\"@type\":\"WebSite\",\"@id\":\"https:\\\/\\\/liebke-foto.de\\\/maerkischeslicht\\\/#website\",\"url\":\"https:\\\/\\\/liebke-foto.de\\\/maerkischeslicht\\\/\",\"name\":\"M\u00e4rkisches Licht - Der Fotograf der Stille\",\"description\":\"Die Liebe zum Leben...\",\"publisher\":{\"@id\":\"https:\\\/\\\/liebke-foto.de\\\/maerkischeslicht\\\/#\\\/schema\\\/person\\\/d71108abc09a723daeeb8526a33137ee\"},\"potentialAction\":[{\"@type\":\"SearchAction\",\"target\":{\"@type\":\"EntryPoint\",\"urlTemplate\":\"https:\\\/\\\/liebke-foto.de\\\/maerkischeslicht\\\/?s={search_term_string}\"},\"query-input\":{\"@type\":\"PropertyValueSpecification\",\"valueRequired\":true,\"valueName\":\"search_term_string\"}}],\"inLanguage\":\"de\"},{\"@type\":[\"Person\",\"Organization\"],\"@id\":\"https:\\\/\\\/liebke-foto.de\\\/maerkischeslicht\\\/#\\\/schema\\\/person\\\/d71108abc09a723daeeb8526a33137ee\",\"name\":\"Frank Liebke\",\"image\":{\"@type\":\"ImageObject\",\"inLanguage\":\"de\",\"@id\":\"https:\\\/\\\/liebke-foto.de\\\/maerkischeslicht\\\/wp-content\\\/uploads\\\/2021\\\/12\\\/IMG-20211024-WA0001.jpg\",\"url\":\"https:\\\/\\\/liebke-foto.de\\\/maerkischeslicht\\\/wp-content\\\/uploads\\\/2021\\\/12\\\/IMG-20211024-WA0001.jpg\",\"contentUrl\":\"https:\\\/\\\/liebke-foto.de\\\/maerkischeslicht\\\/wp-content\\\/uploads\\\/2021\\\/12\\\/IMG-20211024-WA0001.jpg\",\"width\":900,\"height\":1600,\"caption\":\"Frank Liebke\"},\"logo\":{\"@id\":\"https:\\\/\\\/liebke-foto.de\\\/maerkischeslicht\\\/wp-content\\\/uploads\\\/2021\\\/12\\\/IMG-20211024-WA0001.jpg\"},\"sameAs\":[\"https:\\\/\\\/liebke-foto.de\"],\"url\":\"https:\\\/\\\/liebke-foto.de\\\/maerkischeslicht\\\/author\\\/adminuser\\\/\"}]}<\/script>\n<!-- \/ Yoast SEO plugin. -->","yoast_head_json":{"title":"Sehnsucht im Alter... - M\u00e4rkisches Licht - Der Fotograf der Stille","description":"Sehnsucht im Alter...","robots":{"index":"index","follow":"follow","max-snippet":"max-snippet:-1","max-image-preview":"max-image-preview:large","max-video-preview":"max-video-preview:-1"},"canonical":"https:\/\/liebke-foto.de\/maerkischeslicht\/sehnsucht-im-alter\/","og_locale":"de_DE","og_type":"article","og_title":"Sehnsucht im Alter... - M\u00e4rkisches Licht - Der Fotograf der Stille","og_description":"Sehnsucht im Alter...","og_url":"https:\/\/liebke-foto.de\/maerkischeslicht\/sehnsucht-im-alter\/","og_site_name":"M\u00e4rkisches Licht - Der Fotograf der Stille","article_published_time":"2020-03-15T12:10:32+00:00","article_modified_time":"2023-01-30T10:05:46+00:00","og_image":[{"width":1300,"height":868,"url":"https:\/\/liebke-foto.de\/maerkischeslicht\/wp-content\/uploads\/2020\/03\/FL84722_C1.jpg","type":"image\/jpeg"}],"author":"Frank Liebke","twitter_card":"summary_large_image","twitter_misc":{"Verfasst von":"Frank Liebke","Gesch\u00e4tzte Lesezeit":"5\u00a0Minuten"},"schema":{"@context":"https:\/\/schema.org","@graph":[{"@type":"Article","@id":"https:\/\/liebke-foto.de\/maerkischeslicht\/sehnsucht-im-alter\/#article","isPartOf":{"@id":"https:\/\/liebke-foto.de\/maerkischeslicht\/sehnsucht-im-alter\/"},"author":{"name":"Frank Liebke","@id":"https:\/\/liebke-foto.de\/maerkischeslicht\/#\/schema\/person\/d71108abc09a723daeeb8526a33137ee"},"headline":"Sehnsucht im Alter&#8230;","datePublished":"2020-03-15T12:10:32+00:00","dateModified":"2023-01-30T10:05:46+00:00","mainEntityOfPage":{"@id":"https:\/\/liebke-foto.de\/maerkischeslicht\/sehnsucht-im-alter\/"},"wordCount":779,"commentCount":15,"publisher":{"@id":"https:\/\/liebke-foto.de\/maerkischeslicht\/#\/schema\/person\/d71108abc09a723daeeb8526a33137ee"},"image":{"@id":"https:\/\/liebke-foto.de\/maerkischeslicht\/sehnsucht-im-alter\/#primaryimage"},"thumbnailUrl":"https:\/\/liebke-foto.de\/maerkischeslicht\/wp-content\/uploads\/2020\/03\/FL84722_C1.jpg","articleSection":["Landschaft","Menschliches aus der Mark","Ostsee","Reisen","Wildes Brandenburg"],"inLanguage":"de","potentialAction":[{"@type":"CommentAction","name":"Comment","target":["https:\/\/liebke-foto.de\/maerkischeslicht\/sehnsucht-im-alter\/#respond"]}]},{"@type":"WebPage","@id":"https:\/\/liebke-foto.de\/maerkischeslicht\/sehnsucht-im-alter\/","url":"https:\/\/liebke-foto.de\/maerkischeslicht\/sehnsucht-im-alter\/","name":"Sehnsucht im Alter... - M\u00e4rkisches Licht - Der Fotograf der Stille","isPartOf":{"@id":"https:\/\/liebke-foto.de\/maerkischeslicht\/#website"},"primaryImageOfPage":{"@id":"https:\/\/liebke-foto.de\/maerkischeslicht\/sehnsucht-im-alter\/#primaryimage"},"image":{"@id":"https:\/\/liebke-foto.de\/maerkischeslicht\/sehnsucht-im-alter\/#primaryimage"},"thumbnailUrl":"https:\/\/liebke-foto.de\/maerkischeslicht\/wp-content\/uploads\/2020\/03\/FL84722_C1.jpg","datePublished":"2020-03-15T12:10:32+00:00","dateModified":"2023-01-30T10:05:46+00:00","description":"Sehnsucht im Alter...","breadcrumb":{"@id":"https:\/\/liebke-foto.de\/maerkischeslicht\/sehnsucht-im-alter\/#breadcrumb"},"inLanguage":"de","potentialAction":[{"@type":"ReadAction","target":["https:\/\/liebke-foto.de\/maerkischeslicht\/sehnsucht-im-alter\/"]}]},{"@type":"ImageObject","inLanguage":"de","@id":"https:\/\/liebke-foto.de\/maerkischeslicht\/sehnsucht-im-alter\/#primaryimage","url":"https:\/\/liebke-foto.de\/maerkischeslicht\/wp-content\/uploads\/2020\/03\/FL84722_C1.jpg","contentUrl":"https:\/\/liebke-foto.de\/maerkischeslicht\/wp-content\/uploads\/2020\/03\/FL84722_C1.jpg","width":1300,"height":868,"caption":"Abends auf Usedom"},{"@type":"BreadcrumbList","@id":"https:\/\/liebke-foto.de\/maerkischeslicht\/sehnsucht-im-alter\/#breadcrumb","itemListElement":[{"@type":"ListItem","position":1,"name":"Startseite","item":"https:\/\/liebke-foto.de\/maerkischeslicht\/"},{"@type":"ListItem","position":2,"name":"Sehnsucht im Alter&#8230;"}]},{"@type":"WebSite","@id":"https:\/\/liebke-foto.de\/maerkischeslicht\/#website","url":"https:\/\/liebke-foto.de\/maerkischeslicht\/","name":"M\u00e4rkisches Licht - Der Fotograf der Stille","description":"Die Liebe zum Leben...","publisher":{"@id":"https:\/\/liebke-foto.de\/maerkischeslicht\/#\/schema\/person\/d71108abc09a723daeeb8526a33137ee"},"potentialAction":[{"@type":"SearchAction","target":{"@type":"EntryPoint","urlTemplate":"https:\/\/liebke-foto.de\/maerkischeslicht\/?s={search_term_string}"},"query-input":{"@type":"PropertyValueSpecification","valueRequired":true,"valueName":"search_term_string"}}],"inLanguage":"de"},{"@type":["Person","Organization"],"@id":"https:\/\/liebke-foto.de\/maerkischeslicht\/#\/schema\/person\/d71108abc09a723daeeb8526a33137ee","name":"Frank Liebke","image":{"@type":"ImageObject","inLanguage":"de","@id":"https:\/\/liebke-foto.de\/maerkischeslicht\/wp-content\/uploads\/2021\/12\/IMG-20211024-WA0001.jpg","url":"https:\/\/liebke-foto.de\/maerkischeslicht\/wp-content\/uploads\/2021\/12\/IMG-20211024-WA0001.jpg","contentUrl":"https:\/\/liebke-foto.de\/maerkischeslicht\/wp-content\/uploads\/2021\/12\/IMG-20211024-WA0001.jpg","width":900,"height":1600,"caption":"Frank Liebke"},"logo":{"@id":"https:\/\/liebke-foto.de\/maerkischeslicht\/wp-content\/uploads\/2021\/12\/IMG-20211024-WA0001.jpg"},"sameAs":["https:\/\/liebke-foto.de"],"url":"https:\/\/liebke-foto.de\/maerkischeslicht\/author\/adminuser\/"}]}},"_links":{"self":[{"href":"https:\/\/liebke-foto.de\/maerkischeslicht\/wp-json\/wp\/v2\/posts\/3191","targetHints":{"allow":["GET"]}}],"collection":[{"href":"https:\/\/liebke-foto.de\/maerkischeslicht\/wp-json\/wp\/v2\/posts"}],"about":[{"href":"https:\/\/liebke-foto.de\/maerkischeslicht\/wp-json\/wp\/v2\/types\/post"}],"author":[{"embeddable":true,"href":"https:\/\/liebke-foto.de\/maerkischeslicht\/wp-json\/wp\/v2\/users\/1"}],"replies":[{"embeddable":true,"href":"https:\/\/liebke-foto.de\/maerkischeslicht\/wp-json\/wp\/v2\/comments?post=3191"}],"version-history":[{"count":15,"href":"https:\/\/liebke-foto.de\/maerkischeslicht\/wp-json\/wp\/v2\/posts\/3191\/revisions"}],"predecessor-version":[{"id":6957,"href":"https:\/\/liebke-foto.de\/maerkischeslicht\/wp-json\/wp\/v2\/posts\/3191\/revisions\/6957"}],"wp:featuredmedia":[{"embeddable":true,"href":"https:\/\/liebke-foto.de\/maerkischeslicht\/wp-json\/wp\/v2\/media\/3192"}],"wp:attachment":[{"href":"https:\/\/liebke-foto.de\/maerkischeslicht\/wp-json\/wp\/v2\/media?parent=3191"}],"wp:term":[{"taxonomy":"category","embeddable":true,"href":"https:\/\/liebke-foto.de\/maerkischeslicht\/wp-json\/wp\/v2\/categories?post=3191"},{"taxonomy":"post_tag","embeddable":true,"href":"https:\/\/liebke-foto.de\/maerkischeslicht\/wp-json\/wp\/v2\/tags?post=3191"}],"curies":[{"name":"wp","href":"https:\/\/api.w.org\/{rel}","templated":true}]}}