{"id":2889,"date":"2018-12-19T13:42:52","date_gmt":"2018-12-19T11:42:52","guid":{"rendered":"http:\/\/liebke-foto.de\/maerkischeslicht\/?p=2889"},"modified":"2023-01-10T09:31:20","modified_gmt":"2023-01-10T07:31:20","slug":"maerkisches-licht-besucht-den-harz","status":"publish","type":"post","link":"https:\/\/liebke-foto.de\/maerkischeslicht\/maerkisches-licht-besucht-den-harz\/","title":{"rendered":"M\u00e4rkisches Licht besucht den Harz"},"content":{"rendered":"<div class=\"wp-block-image is-style-default\">\n<figure class=\"aligncenter\"><a href=\"https:\/\/liebke-foto.de\/maerkischeslicht\/wp-content\/uploads\/2018\/12\/FL86269_C1.jpg\"><img loading=\"lazy\" decoding=\"async\" width=\"1198\" height=\"800\" src=\"https:\/\/liebke-foto.de\/maerkischeslicht\/wp-content\/uploads\/2018\/12\/FL86269_C1-1198x800.jpg\" alt=\"Blick von der Teufelsmauer (Gegensteine) in den Harz, links hinten die Roseburg\" class=\"wp-image-2897\" srcset=\"https:\/\/liebke-foto.de\/maerkischeslicht\/wp-content\/uploads\/2018\/12\/FL86269_C1-1198x800.jpg 1198w, https:\/\/liebke-foto.de\/maerkischeslicht\/wp-content\/uploads\/2018\/12\/FL86269_C1-768x513.jpg 768w, https:\/\/liebke-foto.de\/maerkischeslicht\/wp-content\/uploads\/2018\/12\/FL86269_C1.jpg 1300w\" sizes=\"auto, (max-width: 1198px) 100vw, 1198px\" \/><\/a><figcaption class=\"wp-element-caption\">Blick von der Teufelsmauer (Gegensteine) in den Harz, links hinten die Roseburg<\/figcaption><\/figure>\n<\/div>\n\n\n<p>M\u00e4rkisches Licht besucht den Harz. Lange war es schon mein Wunsch aber erst im sp\u00e4ten Sp\u00e4therbst hatte ich es geschafft meine alte Heimat und damit auch den Harz zu besuchen. Das Selketal und sein kleiner Wasserfall in der N\u00e4he von Alexisbad war schon lange auf meiner Liste. Am liebsten im Herbst mit flammenden Farben. Daf\u00fcr war es nun doch schon zu sp\u00e4t aber einen Versuch wert. Manchmal hat man so Bildvorstellungen im Kopf und ruht nicht eher, bis man es wenigstens versucht hat.<\/p>\n\n\n\n<p>Um das Ziel zu erreichen f\u00e4hrt man vorher durch den h\u00fcbschen Ort Ballenstedt mit seinem imposanten Schloss und anliegenden Schlosspark. Dort hatte ich schon vor Jahren das Gl\u00fcck die Anlage in sch\u00f6nsten Herbstfarben zu erwischen. Deswegen auch dort keinen Halt. Aber, von dem Ort sieht man immer in der Ferne auf Erhebungen gro\u00dfe Felsformationen. Schon in der Kindheit bei unseren Harzausfl\u00fcgen mit meinen Eltern war dann immer von der &#8222;Teufelsmauer&#8220; die Rede. Der Begriff pr\u00e4gt sich ein.<\/p>\n\n\n\n<p>Das Wetter war an meinem Ausflug noch sehr sch\u00f6n, ideal mal der Teufelsmauer endlich einen Besuch abzustatten. Denn das habe ich noch nie geschafft, da musste ich doch erst 58 Jahre alt werden \ud83d\ude09 Bald hatte ich eine kleine Stra\u00dfe ausgemacht, die genau dort hin f\u00fchrt. Es ist ein eindrucksvoller Moment wenn man dann am Fu\u00dfe der &#8222;Gegensteine&#8220;, denn das ist die offizielle Bezeichnung der &#8222;Teufelsmauer&#8220;, entlang wandert. Den gr\u00f6\u00dferen der beiden Gegensteine kann man sogar durch eine in den Fels gehauene Treppe besteigen. Und das Licht spielte wundersch\u00f6n mit. Von dort oben konnte ich in der Ferne das Schloss Ballenstedt und die Roseburg ausmachen. Meine Bilder sollen Euch einen kleinen Eindruck vermitteln.<\/p>\n\n\n\n<p>Dann aber weiter ins Selketal, bis Alexisbad ist das noch eine Strecke. Als ich in die Waldungen fuhr, verdunkelte sich der Himmel und alles wurde farblos und grau. Bestes Licht f\u00fcr Fotos im Wald. Und genau dort ist der kleine Selke-Wasserfall, den ich schon aus meiner Kindheit und Jugend kannte. Mein vorrangiges Ziel. Mir schwebten Langzeiaufnahmen vor, um das Wasser magisch erscheinen zu lassen. Das versuchte ich mit Polfilter einerseits und auch das Schwarzfilter f\u00fcr wirklich lange Belichtungen war mit im Gep\u00e4ck. Um es vorweg zu nehmen, das Polfilter h\u00e4tte vollkommen gereicht, die knapp drei Minuten Belichtung mit dem Schwarzfilter sollte einen Nebeleindruck vermitteln, was aber so nicht klappte. Trotzdem bin ich sehr zufrieden.<\/p>\n\n\n\n<p>Der Abschluss meines Harzbesuchs war dann sehr unspektakul\u00e4r, ein fetter Wolkendeckel hatte sich \u00fcber den ganzen Harz gezogen. So stark dass man schon von D\u00e4mmerung sprechen kann. Ich bin zwar noch bis G\u00fcntersberge gefahren aber das Licht gab keine sch\u00f6nen Motive mehr her. F\u00fcr meine Erinnerungen war die Reise aber trotzdem sehr sch\u00f6n. Als ich aus den Harz bei Ballenstedt ins Vorland fuhr, kam ich auch aus dem &#8222;Deckel&#8220; wieder heraus und damit in sch\u00f6nstes Sonnenlicht. Aber vorbei, die Ausbeute gut und der Fotograf ganz zufrieden. Bei meinen lieben Eltern im Garten von Sta\u00dffurt lie\u00dfen wir an Holzfeuerstelle mit Bierchen, Kr\u00e4uter und endlosen Gespr\u00e4chen den tollen Tag ausklingen \ud83d\ude42<\/p>\n\n\n<div class=\"wp-block-image is-style-default\">\n<figure class=\"aligncenter\"><a href=\"https:\/\/liebke-foto.de\/maerkischeslicht\/wp-content\/uploads\/2018\/12\/FL86302_C1.jpg\"><img loading=\"lazy\" decoding=\"async\" width=\"1300\" height=\"868\" src=\"https:\/\/liebke-foto.de\/maerkischeslicht\/wp-content\/uploads\/2018\/12\/FL86302_C1.jpg\" alt=\"Blick ins Licht \u00fcber Ballenstedt\" class=\"wp-image-2900\" srcset=\"https:\/\/liebke-foto.de\/maerkischeslicht\/wp-content\/uploads\/2018\/12\/FL86302_C1.jpg 1300w, https:\/\/liebke-foto.de\/maerkischeslicht\/wp-content\/uploads\/2018\/12\/FL86302_C1-1198x800.jpg 1198w, https:\/\/liebke-foto.de\/maerkischeslicht\/wp-content\/uploads\/2018\/12\/FL86302_C1-768x513.jpg 768w\" sizes=\"auto, (max-width: 1300px) 100vw, 1300px\" \/><\/a><figcaption class=\"wp-element-caption\">Blick ins Licht \u00fcber Ballenstedt<\/figcaption><\/figure>\n<\/div>\n\n<div class=\"wp-block-image is-style-default\">\n<figure class=\"aligncenter\"><a href=\"https:\/\/liebke-foto.de\/maerkischeslicht\/wp-content\/uploads\/2018\/12\/FL86293_C1.jpg\"><img loading=\"lazy\" decoding=\"async\" width=\"1300\" height=\"868\" src=\"https:\/\/liebke-foto.de\/maerkischeslicht\/wp-content\/uploads\/2018\/12\/FL86293_C1.jpg\" alt=\"Blick von der Teufelsmauer (Gegensteine) in den Harz, links hinten die Roseburg\" class=\"wp-image-2899\" srcset=\"https:\/\/liebke-foto.de\/maerkischeslicht\/wp-content\/uploads\/2018\/12\/FL86293_C1.jpg 1300w, https:\/\/liebke-foto.de\/maerkischeslicht\/wp-content\/uploads\/2018\/12\/FL86293_C1-1198x800.jpg 1198w, https:\/\/liebke-foto.de\/maerkischeslicht\/wp-content\/uploads\/2018\/12\/FL86293_C1-768x513.jpg 768w\" sizes=\"auto, (max-width: 1300px) 100vw, 1300px\" \/><\/a><\/figure>\n<\/div>\n\n\n<p><\/p>\n\n\n<div class=\"wp-block-image is-style-default\">\n<figure class=\"aligncenter\"><a href=\"https:\/\/liebke-foto.de\/maerkischeslicht\/wp-content\/uploads\/2018\/12\/FL86288_C1.jpg\"><img loading=\"lazy\" decoding=\"async\" width=\"1300\" height=\"868\" src=\"https:\/\/liebke-foto.de\/maerkischeslicht\/wp-content\/uploads\/2018\/12\/FL86288_C1.jpg\" alt=\"Blick von der Teufelsmauer (Gegensteine) in den Harz, links hinten die Roseburg\" class=\"wp-image-2898\" srcset=\"https:\/\/liebke-foto.de\/maerkischeslicht\/wp-content\/uploads\/2018\/12\/FL86288_C1.jpg 1300w, https:\/\/liebke-foto.de\/maerkischeslicht\/wp-content\/uploads\/2018\/12\/FL86288_C1-1198x800.jpg 1198w, https:\/\/liebke-foto.de\/maerkischeslicht\/wp-content\/uploads\/2018\/12\/FL86288_C1-768x513.jpg 768w\" sizes=\"auto, (max-width: 1300px) 100vw, 1300px\" \/><\/a><figcaption class=\"wp-element-caption\">Blick von der Teufelsmauer (Gegensteine) in den Harz, links hinten die Roseburg<\/figcaption><\/figure>\n<\/div>\n\n<div class=\"wp-block-image is-style-default\">\n<figure class=\"aligncenter\"><a href=\"https:\/\/liebke-foto.de\/maerkischeslicht\/wp-content\/uploads\/2018\/12\/FL86266_C1.jpg\"><img loading=\"lazy\" decoding=\"async\" width=\"1300\" height=\"868\" src=\"https:\/\/liebke-foto.de\/maerkischeslicht\/wp-content\/uploads\/2018\/12\/FL86266_C1.jpg\" alt=\"Blick von der Teufelsmauer (Gegensteine) in den Harz, links hinten die Roseburg\" class=\"wp-image-2896\" srcset=\"https:\/\/liebke-foto.de\/maerkischeslicht\/wp-content\/uploads\/2018\/12\/FL86266_C1.jpg 1300w, https:\/\/liebke-foto.de\/maerkischeslicht\/wp-content\/uploads\/2018\/12\/FL86266_C1-1198x800.jpg 1198w, https:\/\/liebke-foto.de\/maerkischeslicht\/wp-content\/uploads\/2018\/12\/FL86266_C1-768x513.jpg 768w\" sizes=\"auto, (max-width: 1300px) 100vw, 1300px\" \/><\/a><\/figure>\n<\/div>\n\n\n<p><\/p>\n\n\n<div class=\"wp-block-image is-style-default\">\n<figure class=\"aligncenter\"><a href=\"https:\/\/liebke-foto.de\/maerkischeslicht\/wp-content\/uploads\/2018\/12\/FL86244_C1.jpg\"><img loading=\"lazy\" decoding=\"async\" width=\"1300\" height=\"868\" src=\"https:\/\/liebke-foto.de\/maerkischeslicht\/wp-content\/uploads\/2018\/12\/FL86244_C1.jpg\" alt=\"Der kleine Gegenstein\" class=\"wp-image-2895\" srcset=\"https:\/\/liebke-foto.de\/maerkischeslicht\/wp-content\/uploads\/2018\/12\/FL86244_C1.jpg 1300w, https:\/\/liebke-foto.de\/maerkischeslicht\/wp-content\/uploads\/2018\/12\/FL86244_C1-1198x800.jpg 1198w, https:\/\/liebke-foto.de\/maerkischeslicht\/wp-content\/uploads\/2018\/12\/FL86244_C1-768x513.jpg 768w\" sizes=\"auto, (max-width: 1300px) 100vw, 1300px\" \/><\/a><figcaption class=\"wp-element-caption\">Der kleine Gegenstein<\/figcaption><\/figure>\n<\/div>\n\n<div class=\"wp-block-image is-style-default\">\n<figure class=\"aligncenter\"><a href=\"https:\/\/liebke-foto.de\/maerkischeslicht\/wp-content\/uploads\/2018\/12\/FL86240_C1.jpg\"><img loading=\"lazy\" decoding=\"async\" width=\"1300\" height=\"868\" src=\"https:\/\/liebke-foto.de\/maerkischeslicht\/wp-content\/uploads\/2018\/12\/FL86240_C1.jpg\" alt=\"Blick von den Gegensteinen nach Ballenstedt\" class=\"wp-image-2894\" srcset=\"https:\/\/liebke-foto.de\/maerkischeslicht\/wp-content\/uploads\/2018\/12\/FL86240_C1.jpg 1300w, https:\/\/liebke-foto.de\/maerkischeslicht\/wp-content\/uploads\/2018\/12\/FL86240_C1-1198x800.jpg 1198w, https:\/\/liebke-foto.de\/maerkischeslicht\/wp-content\/uploads\/2018\/12\/FL86240_C1-768x513.jpg 768w\" sizes=\"auto, (max-width: 1300px) 100vw, 1300px\" \/><\/a><figcaption class=\"wp-element-caption\">Blick von den Gegensteinen nach Ballenstedt<\/figcaption><\/figure>\n<\/div>\n\n<div class=\"wp-block-image is-style-default\">\n<figure class=\"aligncenter\"><a href=\"https:\/\/liebke-foto.de\/maerkischeslicht\/wp-content\/uploads\/2018\/12\/FL86237_C1.jpg\"><img loading=\"lazy\" decoding=\"async\" width=\"1300\" height=\"868\" src=\"https:\/\/liebke-foto.de\/maerkischeslicht\/wp-content\/uploads\/2018\/12\/FL86237_C1.jpg\" alt=\"Am Fu\u00dfe des kleineren Gegensteins\" class=\"wp-image-2893\" srcset=\"https:\/\/liebke-foto.de\/maerkischeslicht\/wp-content\/uploads\/2018\/12\/FL86237_C1.jpg 1300w, https:\/\/liebke-foto.de\/maerkischeslicht\/wp-content\/uploads\/2018\/12\/FL86237_C1-1198x800.jpg 1198w, https:\/\/liebke-foto.de\/maerkischeslicht\/wp-content\/uploads\/2018\/12\/FL86237_C1-768x513.jpg 768w\" sizes=\"auto, (max-width: 1300px) 100vw, 1300px\" \/><\/a><figcaption class=\"wp-element-caption\">Am Fu\u00dfe des kleineren Gegensteins<\/figcaption><\/figure>\n<\/div>\n\n<div class=\"wp-block-image is-style-default\">\n<figure class=\"aligncenter\"><a href=\"https:\/\/liebke-foto.de\/maerkischeslicht\/wp-content\/uploads\/2018\/12\/FL86221_C1.jpg\"><img loading=\"lazy\" decoding=\"async\" width=\"1300\" height=\"868\" src=\"https:\/\/liebke-foto.de\/maerkischeslicht\/wp-content\/uploads\/2018\/12\/FL86221_C1.jpg\" alt=\"Ballenstedt\" class=\"wp-image-2892\" srcset=\"https:\/\/liebke-foto.de\/maerkischeslicht\/wp-content\/uploads\/2018\/12\/FL86221_C1.jpg 1300w, https:\/\/liebke-foto.de\/maerkischeslicht\/wp-content\/uploads\/2018\/12\/FL86221_C1-1198x800.jpg 1198w, https:\/\/liebke-foto.de\/maerkischeslicht\/wp-content\/uploads\/2018\/12\/FL86221_C1-768x513.jpg 768w\" sizes=\"auto, (max-width: 1300px) 100vw, 1300px\" \/><\/a><\/figure>\n<\/div>\n\n\n<p><\/p>\n\n\n<div class=\"wp-block-image is-style-default\">\n<figure class=\"aligncenter\"><a href=\"https:\/\/liebke-foto.de\/maerkischeslicht\/wp-content\/uploads\/2018\/12\/FL86334_C1.jpg\"><img loading=\"lazy\" decoding=\"async\" width=\"1300\" height=\"868\" src=\"https:\/\/liebke-foto.de\/maerkischeslicht\/wp-content\/uploads\/2018\/12\/FL86334_C1.jpg\" alt=\"Der Selke-Wasserfall bei Alexisbad\" class=\"wp-image-2891\" srcset=\"https:\/\/liebke-foto.de\/maerkischeslicht\/wp-content\/uploads\/2018\/12\/FL86334_C1.jpg 1300w, https:\/\/liebke-foto.de\/maerkischeslicht\/wp-content\/uploads\/2018\/12\/FL86334_C1-1198x800.jpg 1198w, https:\/\/liebke-foto.de\/maerkischeslicht\/wp-content\/uploads\/2018\/12\/FL86334_C1-768x513.jpg 768w\" sizes=\"auto, (max-width: 1300px) 100vw, 1300px\" \/><\/a><figcaption class=\"wp-element-caption\">Der Selke-Wasserfall bei Alexisbad<\/figcaption><\/figure>\n<\/div>\n\n<div class=\"wp-block-image is-style-default\">\n<figure class=\"aligncenter\"><a href=\"https:\/\/liebke-foto.de\/maerkischeslicht\/wp-content\/uploads\/2018\/12\/FL86310_C1.jpg\"><img loading=\"lazy\" decoding=\"async\" width=\"1300\" height=\"868\" src=\"https:\/\/liebke-foto.de\/maerkischeslicht\/wp-content\/uploads\/2018\/12\/FL86310_C1.jpg\" alt=\"Der Selke-Wasserfall bei Alexisbad\" class=\"wp-image-2890\" srcset=\"https:\/\/liebke-foto.de\/maerkischeslicht\/wp-content\/uploads\/2018\/12\/FL86310_C1.jpg 1300w, https:\/\/liebke-foto.de\/maerkischeslicht\/wp-content\/uploads\/2018\/12\/FL86310_C1-1198x800.jpg 1198w, https:\/\/liebke-foto.de\/maerkischeslicht\/wp-content\/uploads\/2018\/12\/FL86310_C1-768x513.jpg 768w\" sizes=\"auto, (max-width: 1300px) 100vw, 1300px\" \/><\/a><\/figure>\n<\/div>\n\n\n<p><\/p>\n\n\n\n<div style=\"padding:20px\" class=\"wp-block-tnp-minimal\"><p>Subscribe to our newsletter!<\/p><div><div class=\"tnp tnp-subscription \">\n<form method=\"post\" action=\"https:\/\/liebke-foto.de\/maerkischeslicht\/wp-admin\/admin-ajax.php?action=tnp&amp;na=s\">\n<input type=\"hidden\" name=\"nlang\" value=\"\">\n<div class=\"tnp-field tnp-field-firstname\"><label for=\"tnp-1\">Vorname oder ganzer Name<\/label>\n<input class=\"tnp-name\" type=\"text\" name=\"nn\" id=\"tnp-1\" value=\"\" placeholder=\"\"><\/div>\n<div class=\"tnp-field tnp-field-email\"><label for=\"tnp-2\">Email<\/label>\n<input class=\"tnp-email\" type=\"email\" name=\"ne\" id=\"tnp-2\" value=\"\" placeholder=\"\" required><\/div>\n<div class=\"tnp-field tnp-privacy-field\"><label><input type=\"checkbox\" name=\"ny\" required class=\"tnp-privacy\"> Indem Du fortf\u00e4hrst, akzeptierst Du unsere Datenschutzerkl\u00e4rung.<\/label><\/div><div class=\"tnp-field tnp-field-button\" style=\"text-align: left\"><input class=\"tnp-submit\" type=\"submit\" value=\"Abonnieren\" style=\"\">\n<\/div>\n<\/form>\n<\/div>\n<\/div><\/div>\n\n\n\n\n","protected":false},"excerpt":{"rendered":"<p>M\u00e4rkisches Licht besucht den Harz. Lange war es schon mein Wunsch aber erst im sp\u00e4ten Sp\u00e4therbst hatte ich es geschafft meine alte Heimat&#8230;<\/p>\n","protected":false},"author":1,"featured_media":2891,"comment_status":"open","ping_status":"open","sticky":false,"template":"","format":"image","meta":{"footnotes":""},"categories":[1,10,4],"tags":[114,113,110,111,112],"class_list":["post-2889","post","type-post","status-publish","format-image","has-post-thumbnail","hentry","category-allgemein","category-landschaft-mark-brandenburg-oberhavel-barnim","category-equipment","tag-ballenstedt","tag-gegensteine","tag-harz","tag-selketal","tag-teufelsmauer","post_format-post-format-image"],"yoast_head":"<!-- This site is optimized with the Yoast SEO plugin v27.4 - https:\/\/yoast.com\/product\/yoast-seo-wordpress\/ -->\n<title>M\u00e4rkisches Licht besucht den Harz - M\u00e4rkisches Licht - Der Fotograf der Stille<\/title>\n<meta name=\"description\" content=\"M\u00e4rkisches Licht besucht den Harz. Speziell das Selketal und die Gegensteine (Teufelsmauer) bei Ballenstedt.\" \/>\n<meta name=\"robots\" content=\"index, follow, max-snippet:-1, max-image-preview:large, max-video-preview:-1\" \/>\n<link rel=\"canonical\" href=\"https:\/\/liebke-foto.de\/maerkischeslicht\/maerkisches-licht-besucht-den-harz\/\" \/>\n<meta property=\"og:locale\" content=\"de_DE\" \/>\n<meta property=\"og:type\" content=\"article\" \/>\n<meta property=\"og:title\" content=\"M\u00e4rkisches Licht besucht den Harz - M\u00e4rkisches Licht - Der Fotograf der Stille\" \/>\n<meta property=\"og:description\" content=\"M\u00e4rkisches Licht besucht den Harz. Speziell das Selketal und die Gegensteine (Teufelsmauer) bei Ballenstedt.\" \/>\n<meta property=\"og:url\" content=\"https:\/\/liebke-foto.de\/maerkischeslicht\/maerkisches-licht-besucht-den-harz\/\" \/>\n<meta property=\"og:site_name\" content=\"M\u00e4rkisches Licht - Der Fotograf der Stille\" \/>\n<meta property=\"article:published_time\" content=\"2018-12-19T11:42:52+00:00\" \/>\n<meta property=\"article:modified_time\" content=\"2023-01-10T07:31:20+00:00\" \/>\n<meta property=\"og:image\" content=\"https:\/\/liebke-foto.de\/maerkischeslicht\/wp-content\/uploads\/2018\/12\/FL86334_C1.jpg\" \/>\n\t<meta property=\"og:image:width\" content=\"1300\" \/>\n\t<meta property=\"og:image:height\" content=\"868\" \/>\n\t<meta property=\"og:image:type\" content=\"image\/jpeg\" \/>\n<meta name=\"author\" content=\"Frank Liebke\" \/>\n<meta name=\"twitter:card\" content=\"summary_large_image\" \/>\n<meta name=\"twitter:label1\" content=\"Verfasst von\" \/>\n\t<meta name=\"twitter:data1\" content=\"Frank Liebke\" \/>\n\t<meta name=\"twitter:label2\" content=\"Gesch\u00e4tzte Lesezeit\" \/>\n\t<meta name=\"twitter:data2\" content=\"6\u00a0Minuten\" \/>\n<script type=\"application\/ld+json\" class=\"yoast-schema-graph\">{\"@context\":\"https:\\\/\\\/schema.org\",\"@graph\":[{\"@type\":\"Article\",\"@id\":\"https:\\\/\\\/liebke-foto.de\\\/maerkischeslicht\\\/maerkisches-licht-besucht-den-harz\\\/#article\",\"isPartOf\":{\"@id\":\"https:\\\/\\\/liebke-foto.de\\\/maerkischeslicht\\\/maerkisches-licht-besucht-den-harz\\\/\"},\"author\":{\"name\":\"Frank Liebke\",\"@id\":\"https:\\\/\\\/liebke-foto.de\\\/maerkischeslicht\\\/#\\\/schema\\\/person\\\/d71108abc09a723daeeb8526a33137ee\"},\"headline\":\"M\u00e4rkisches Licht besucht den Harz\",\"datePublished\":\"2018-12-19T11:42:52+00:00\",\"dateModified\":\"2023-01-10T07:31:20+00:00\",\"mainEntityOfPage\":{\"@id\":\"https:\\\/\\\/liebke-foto.de\\\/maerkischeslicht\\\/maerkisches-licht-besucht-den-harz\\\/\"},\"wordCount\":587,\"commentCount\":0,\"publisher\":{\"@id\":\"https:\\\/\\\/liebke-foto.de\\\/maerkischeslicht\\\/#\\\/schema\\\/person\\\/d71108abc09a723daeeb8526a33137ee\"},\"image\":{\"@id\":\"https:\\\/\\\/liebke-foto.de\\\/maerkischeslicht\\\/maerkisches-licht-besucht-den-harz\\\/#primaryimage\"},\"thumbnailUrl\":\"https:\\\/\\\/liebke-foto.de\\\/maerkischeslicht\\\/wp-content\\\/uploads\\\/2018\\\/12\\\/FL86334_C1.jpg\",\"keywords\":[\"Ballenstedt\",\"Gegensteine\",\"Harz\",\"Selketal\",\"Teufelsmauer\"],\"articleSection\":{\"1\":\"Landschaft\",\"2\":\"Technik\"},\"inLanguage\":\"de\",\"potentialAction\":[{\"@type\":\"CommentAction\",\"name\":\"Comment\",\"target\":[\"https:\\\/\\\/liebke-foto.de\\\/maerkischeslicht\\\/maerkisches-licht-besucht-den-harz\\\/#respond\"]}]},{\"@type\":\"WebPage\",\"@id\":\"https:\\\/\\\/liebke-foto.de\\\/maerkischeslicht\\\/maerkisches-licht-besucht-den-harz\\\/\",\"url\":\"https:\\\/\\\/liebke-foto.de\\\/maerkischeslicht\\\/maerkisches-licht-besucht-den-harz\\\/\",\"name\":\"M\u00e4rkisches Licht besucht den Harz - M\u00e4rkisches Licht - Der Fotograf der Stille\",\"isPartOf\":{\"@id\":\"https:\\\/\\\/liebke-foto.de\\\/maerkischeslicht\\\/#website\"},\"primaryImageOfPage\":{\"@id\":\"https:\\\/\\\/liebke-foto.de\\\/maerkischeslicht\\\/maerkisches-licht-besucht-den-harz\\\/#primaryimage\"},\"image\":{\"@id\":\"https:\\\/\\\/liebke-foto.de\\\/maerkischeslicht\\\/maerkisches-licht-besucht-den-harz\\\/#primaryimage\"},\"thumbnailUrl\":\"https:\\\/\\\/liebke-foto.de\\\/maerkischeslicht\\\/wp-content\\\/uploads\\\/2018\\\/12\\\/FL86334_C1.jpg\",\"datePublished\":\"2018-12-19T11:42:52+00:00\",\"dateModified\":\"2023-01-10T07:31:20+00:00\",\"description\":\"M\u00e4rkisches Licht besucht den Harz. Speziell das Selketal und die Gegensteine (Teufelsmauer) bei Ballenstedt.\",\"breadcrumb\":{\"@id\":\"https:\\\/\\\/liebke-foto.de\\\/maerkischeslicht\\\/maerkisches-licht-besucht-den-harz\\\/#breadcrumb\"},\"inLanguage\":\"de\",\"potentialAction\":[{\"@type\":\"ReadAction\",\"target\":[\"https:\\\/\\\/liebke-foto.de\\\/maerkischeslicht\\\/maerkisches-licht-besucht-den-harz\\\/\"]}]},{\"@type\":\"ImageObject\",\"inLanguage\":\"de\",\"@id\":\"https:\\\/\\\/liebke-foto.de\\\/maerkischeslicht\\\/maerkisches-licht-besucht-den-harz\\\/#primaryimage\",\"url\":\"https:\\\/\\\/liebke-foto.de\\\/maerkischeslicht\\\/wp-content\\\/uploads\\\/2018\\\/12\\\/FL86334_C1.jpg\",\"contentUrl\":\"https:\\\/\\\/liebke-foto.de\\\/maerkischeslicht\\\/wp-content\\\/uploads\\\/2018\\\/12\\\/FL86334_C1.jpg\",\"width\":1300,\"height\":868},{\"@type\":\"BreadcrumbList\",\"@id\":\"https:\\\/\\\/liebke-foto.de\\\/maerkischeslicht\\\/maerkisches-licht-besucht-den-harz\\\/#breadcrumb\",\"itemListElement\":[{\"@type\":\"ListItem\",\"position\":1,\"name\":\"Startseite\",\"item\":\"https:\\\/\\\/liebke-foto.de\\\/maerkischeslicht\\\/\"},{\"@type\":\"ListItem\",\"position\":2,\"name\":\"M\u00e4rkisches Licht besucht den Harz\"}]},{\"@type\":\"WebSite\",\"@id\":\"https:\\\/\\\/liebke-foto.de\\\/maerkischeslicht\\\/#website\",\"url\":\"https:\\\/\\\/liebke-foto.de\\\/maerkischeslicht\\\/\",\"name\":\"M\u00e4rkisches Licht - Der Fotograf der Stille\",\"description\":\"Die Liebe zum Leben...\",\"publisher\":{\"@id\":\"https:\\\/\\\/liebke-foto.de\\\/maerkischeslicht\\\/#\\\/schema\\\/person\\\/d71108abc09a723daeeb8526a33137ee\"},\"potentialAction\":[{\"@type\":\"SearchAction\",\"target\":{\"@type\":\"EntryPoint\",\"urlTemplate\":\"https:\\\/\\\/liebke-foto.de\\\/maerkischeslicht\\\/?s={search_term_string}\"},\"query-input\":{\"@type\":\"PropertyValueSpecification\",\"valueRequired\":true,\"valueName\":\"search_term_string\"}}],\"inLanguage\":\"de\"},{\"@type\":[\"Person\",\"Organization\"],\"@id\":\"https:\\\/\\\/liebke-foto.de\\\/maerkischeslicht\\\/#\\\/schema\\\/person\\\/d71108abc09a723daeeb8526a33137ee\",\"name\":\"Frank Liebke\",\"image\":{\"@type\":\"ImageObject\",\"inLanguage\":\"de\",\"@id\":\"https:\\\/\\\/liebke-foto.de\\\/maerkischeslicht\\\/wp-content\\\/uploads\\\/2021\\\/12\\\/IMG-20211024-WA0001.jpg\",\"url\":\"https:\\\/\\\/liebke-foto.de\\\/maerkischeslicht\\\/wp-content\\\/uploads\\\/2021\\\/12\\\/IMG-20211024-WA0001.jpg\",\"contentUrl\":\"https:\\\/\\\/liebke-foto.de\\\/maerkischeslicht\\\/wp-content\\\/uploads\\\/2021\\\/12\\\/IMG-20211024-WA0001.jpg\",\"width\":900,\"height\":1600,\"caption\":\"Frank Liebke\"},\"logo\":{\"@id\":\"https:\\\/\\\/liebke-foto.de\\\/maerkischeslicht\\\/wp-content\\\/uploads\\\/2021\\\/12\\\/IMG-20211024-WA0001.jpg\"},\"sameAs\":[\"https:\\\/\\\/liebke-foto.de\"],\"url\":\"https:\\\/\\\/liebke-foto.de\\\/maerkischeslicht\\\/author\\\/adminuser\\\/\"}]}<\/script>\n<!-- \/ Yoast SEO plugin. -->","yoast_head_json":{"title":"M\u00e4rkisches Licht besucht den Harz - M\u00e4rkisches Licht - Der Fotograf der Stille","description":"M\u00e4rkisches Licht besucht den Harz. Speziell das Selketal und die Gegensteine (Teufelsmauer) bei Ballenstedt.","robots":{"index":"index","follow":"follow","max-snippet":"max-snippet:-1","max-image-preview":"max-image-preview:large","max-video-preview":"max-video-preview:-1"},"canonical":"https:\/\/liebke-foto.de\/maerkischeslicht\/maerkisches-licht-besucht-den-harz\/","og_locale":"de_DE","og_type":"article","og_title":"M\u00e4rkisches Licht besucht den Harz - M\u00e4rkisches Licht - Der Fotograf der Stille","og_description":"M\u00e4rkisches Licht besucht den Harz. Speziell das Selketal und die Gegensteine (Teufelsmauer) bei Ballenstedt.","og_url":"https:\/\/liebke-foto.de\/maerkischeslicht\/maerkisches-licht-besucht-den-harz\/","og_site_name":"M\u00e4rkisches Licht - Der Fotograf der Stille","article_published_time":"2018-12-19T11:42:52+00:00","article_modified_time":"2023-01-10T07:31:20+00:00","og_image":[{"width":1300,"height":868,"url":"https:\/\/liebke-foto.de\/maerkischeslicht\/wp-content\/uploads\/2018\/12\/FL86334_C1.jpg","type":"image\/jpeg"}],"author":"Frank Liebke","twitter_card":"summary_large_image","twitter_misc":{"Verfasst von":"Frank Liebke","Gesch\u00e4tzte Lesezeit":"6\u00a0Minuten"},"schema":{"@context":"https:\/\/schema.org","@graph":[{"@type":"Article","@id":"https:\/\/liebke-foto.de\/maerkischeslicht\/maerkisches-licht-besucht-den-harz\/#article","isPartOf":{"@id":"https:\/\/liebke-foto.de\/maerkischeslicht\/maerkisches-licht-besucht-den-harz\/"},"author":{"name":"Frank Liebke","@id":"https:\/\/liebke-foto.de\/maerkischeslicht\/#\/schema\/person\/d71108abc09a723daeeb8526a33137ee"},"headline":"M\u00e4rkisches Licht besucht den Harz","datePublished":"2018-12-19T11:42:52+00:00","dateModified":"2023-01-10T07:31:20+00:00","mainEntityOfPage":{"@id":"https:\/\/liebke-foto.de\/maerkischeslicht\/maerkisches-licht-besucht-den-harz\/"},"wordCount":587,"commentCount":0,"publisher":{"@id":"https:\/\/liebke-foto.de\/maerkischeslicht\/#\/schema\/person\/d71108abc09a723daeeb8526a33137ee"},"image":{"@id":"https:\/\/liebke-foto.de\/maerkischeslicht\/maerkisches-licht-besucht-den-harz\/#primaryimage"},"thumbnailUrl":"https:\/\/liebke-foto.de\/maerkischeslicht\/wp-content\/uploads\/2018\/12\/FL86334_C1.jpg","keywords":["Ballenstedt","Gegensteine","Harz","Selketal","Teufelsmauer"],"articleSection":{"1":"Landschaft","2":"Technik"},"inLanguage":"de","potentialAction":[{"@type":"CommentAction","name":"Comment","target":["https:\/\/liebke-foto.de\/maerkischeslicht\/maerkisches-licht-besucht-den-harz\/#respond"]}]},{"@type":"WebPage","@id":"https:\/\/liebke-foto.de\/maerkischeslicht\/maerkisches-licht-besucht-den-harz\/","url":"https:\/\/liebke-foto.de\/maerkischeslicht\/maerkisches-licht-besucht-den-harz\/","name":"M\u00e4rkisches Licht besucht den Harz - M\u00e4rkisches Licht - Der Fotograf der Stille","isPartOf":{"@id":"https:\/\/liebke-foto.de\/maerkischeslicht\/#website"},"primaryImageOfPage":{"@id":"https:\/\/liebke-foto.de\/maerkischeslicht\/maerkisches-licht-besucht-den-harz\/#primaryimage"},"image":{"@id":"https:\/\/liebke-foto.de\/maerkischeslicht\/maerkisches-licht-besucht-den-harz\/#primaryimage"},"thumbnailUrl":"https:\/\/liebke-foto.de\/maerkischeslicht\/wp-content\/uploads\/2018\/12\/FL86334_C1.jpg","datePublished":"2018-12-19T11:42:52+00:00","dateModified":"2023-01-10T07:31:20+00:00","description":"M\u00e4rkisches Licht besucht den Harz. Speziell das Selketal und die Gegensteine (Teufelsmauer) bei Ballenstedt.","breadcrumb":{"@id":"https:\/\/liebke-foto.de\/maerkischeslicht\/maerkisches-licht-besucht-den-harz\/#breadcrumb"},"inLanguage":"de","potentialAction":[{"@type":"ReadAction","target":["https:\/\/liebke-foto.de\/maerkischeslicht\/maerkisches-licht-besucht-den-harz\/"]}]},{"@type":"ImageObject","inLanguage":"de","@id":"https:\/\/liebke-foto.de\/maerkischeslicht\/maerkisches-licht-besucht-den-harz\/#primaryimage","url":"https:\/\/liebke-foto.de\/maerkischeslicht\/wp-content\/uploads\/2018\/12\/FL86334_C1.jpg","contentUrl":"https:\/\/liebke-foto.de\/maerkischeslicht\/wp-content\/uploads\/2018\/12\/FL86334_C1.jpg","width":1300,"height":868},{"@type":"BreadcrumbList","@id":"https:\/\/liebke-foto.de\/maerkischeslicht\/maerkisches-licht-besucht-den-harz\/#breadcrumb","itemListElement":[{"@type":"ListItem","position":1,"name":"Startseite","item":"https:\/\/liebke-foto.de\/maerkischeslicht\/"},{"@type":"ListItem","position":2,"name":"M\u00e4rkisches Licht besucht den Harz"}]},{"@type":"WebSite","@id":"https:\/\/liebke-foto.de\/maerkischeslicht\/#website","url":"https:\/\/liebke-foto.de\/maerkischeslicht\/","name":"M\u00e4rkisches Licht - Der Fotograf der Stille","description":"Die Liebe zum Leben...","publisher":{"@id":"https:\/\/liebke-foto.de\/maerkischeslicht\/#\/schema\/person\/d71108abc09a723daeeb8526a33137ee"},"potentialAction":[{"@type":"SearchAction","target":{"@type":"EntryPoint","urlTemplate":"https:\/\/liebke-foto.de\/maerkischeslicht\/?s={search_term_string}"},"query-input":{"@type":"PropertyValueSpecification","valueRequired":true,"valueName":"search_term_string"}}],"inLanguage":"de"},{"@type":["Person","Organization"],"@id":"https:\/\/liebke-foto.de\/maerkischeslicht\/#\/schema\/person\/d71108abc09a723daeeb8526a33137ee","name":"Frank Liebke","image":{"@type":"ImageObject","inLanguage":"de","@id":"https:\/\/liebke-foto.de\/maerkischeslicht\/wp-content\/uploads\/2021\/12\/IMG-20211024-WA0001.jpg","url":"https:\/\/liebke-foto.de\/maerkischeslicht\/wp-content\/uploads\/2021\/12\/IMG-20211024-WA0001.jpg","contentUrl":"https:\/\/liebke-foto.de\/maerkischeslicht\/wp-content\/uploads\/2021\/12\/IMG-20211024-WA0001.jpg","width":900,"height":1600,"caption":"Frank Liebke"},"logo":{"@id":"https:\/\/liebke-foto.de\/maerkischeslicht\/wp-content\/uploads\/2021\/12\/IMG-20211024-WA0001.jpg"},"sameAs":["https:\/\/liebke-foto.de"],"url":"https:\/\/liebke-foto.de\/maerkischeslicht\/author\/adminuser\/"}]}},"_links":{"self":[{"href":"https:\/\/liebke-foto.de\/maerkischeslicht\/wp-json\/wp\/v2\/posts\/2889","targetHints":{"allow":["GET"]}}],"collection":[{"href":"https:\/\/liebke-foto.de\/maerkischeslicht\/wp-json\/wp\/v2\/posts"}],"about":[{"href":"https:\/\/liebke-foto.de\/maerkischeslicht\/wp-json\/wp\/v2\/types\/post"}],"author":[{"embeddable":true,"href":"https:\/\/liebke-foto.de\/maerkischeslicht\/wp-json\/wp\/v2\/users\/1"}],"replies":[{"embeddable":true,"href":"https:\/\/liebke-foto.de\/maerkischeslicht\/wp-json\/wp\/v2\/comments?post=2889"}],"version-history":[{"count":11,"href":"https:\/\/liebke-foto.de\/maerkischeslicht\/wp-json\/wp\/v2\/posts\/2889\/revisions"}],"predecessor-version":[{"id":6837,"href":"https:\/\/liebke-foto.de\/maerkischeslicht\/wp-json\/wp\/v2\/posts\/2889\/revisions\/6837"}],"wp:featuredmedia":[{"embeddable":true,"href":"https:\/\/liebke-foto.de\/maerkischeslicht\/wp-json\/wp\/v2\/media\/2891"}],"wp:attachment":[{"href":"https:\/\/liebke-foto.de\/maerkischeslicht\/wp-json\/wp\/v2\/media?parent=2889"}],"wp:term":[{"taxonomy":"category","embeddable":true,"href":"https:\/\/liebke-foto.de\/maerkischeslicht\/wp-json\/wp\/v2\/categories?post=2889"},{"taxonomy":"post_tag","embeddable":true,"href":"https:\/\/liebke-foto.de\/maerkischeslicht\/wp-json\/wp\/v2\/tags?post=2889"}],"curies":[{"name":"wp","href":"https:\/\/api.w.org\/{rel}","templated":true}]}}