{"id":2866,"date":"2018-12-03T12:41:22","date_gmt":"2018-12-03T10:41:22","guid":{"rendered":"http:\/\/liebke-foto.de\/maerkischeslicht\/?p=2866"},"modified":"2023-01-10T09:28:56","modified_gmt":"2023-01-10T07:28:56","slug":"kalender-maerkisches-licht-2019","status":"publish","type":"post","link":"https:\/\/liebke-foto.de\/maerkischeslicht\/kalender-maerkisches-licht-2019\/","title":{"rendered":"Kalender M\u00e4rkisches Licht 2019"},"content":{"rendered":"<div class=\"wp-block-image\">\n<figure class=\"aligncenter\"><a href=\"https:\/\/liebke-foto.de\/maerkischeslicht\/wp-content\/uploads\/2018\/12\/Titel.jpg\"><img loading=\"lazy\" decoding=\"async\" width=\"1127\" height=\"800\" src=\"https:\/\/liebke-foto.de\/maerkischeslicht\/wp-content\/uploads\/2018\/12\/Titel-1127x800.jpg\" alt=\"\" class=\"wp-image-2880\" srcset=\"https:\/\/liebke-foto.de\/maerkischeslicht\/wp-content\/uploads\/2018\/12\/Titel-1127x800.jpg 1127w, https:\/\/liebke-foto.de\/maerkischeslicht\/wp-content\/uploads\/2018\/12\/Titel-768x545.jpg 768w, https:\/\/liebke-foto.de\/maerkischeslicht\/wp-content\/uploads\/2018\/12\/Titel.jpg 1300w\" sizes=\"auto, (max-width: 1127px) 100vw, 1127px\" \/><\/a><\/figure>\n<\/div>\n\n\n<p>In diesem Jahr gibt es meinen Kalender &#8222;Romantische Mark Brandenburg 2019&#8220; wieder in der Gr\u00f6\u00dfe A3. Und dazu hier schon mal eine Vorschau. Der Verkaufspreis ist 15,90 \u20ac plus Versandgeb\u00fchr beim Verschicken. In Berlin ist er wieder bei Dussmann, das Kulturkaufhaus in der Friedrichstra\u00dfe zu haben und in Brandenburg in der Tourismusinformation Oranienburg (gegen\u00fcber vom Schloss).<\/p>\n\n\n\n<p>Versandgeb\u00fchr von 6,00 \u20ac (Deutschland) kommt dann jeweils noch dazu, bei gr\u00f6\u00dferen Mengen nur einmal.<\/p>\n\n\n\n<p><br \/>Wer ihn gern bei mir bestellen m\u00f6chte schickt mir wieder bitte, wie in den vorigen Jahren, eine <a href=\"mailto:frank@fotoliebke.de\">Mail<\/a>, oder kann ihn auch bei mir direkt in Oranienburg abholen.<br \/>Ich schicke dann meine \u00dcberweisungsdaten, ist das Geld gebucht gehen die Kalender umgehend auf die Reise. Hier nochmal meine Mailadresse: <a href=\"mailto:frank@fotoliebke.de\">frank@fotoliebke.de<\/a><\/p>\n\n\n\n<p>Eine Vorschau auf die Monatsmotive sind hier zu sehen:<\/p>\n\n\n<div class=\"wp-block-image\">\n<figure class=\"aligncenter size-large\"><a href=\"https:\/\/liebke-foto.de\/maerkischeslicht\/wp-content\/uploads\/2018\/12\/Januar.jpg\"><img loading=\"lazy\" decoding=\"async\" width=\"1300\" height=\"923\" src=\"https:\/\/liebke-foto.de\/maerkischeslicht\/wp-content\/uploads\/2018\/12\/Januar.jpg\" alt=\"\" class=\"wp-image-2872\" srcset=\"https:\/\/liebke-foto.de\/maerkischeslicht\/wp-content\/uploads\/2018\/12\/Januar.jpg 1300w, https:\/\/liebke-foto.de\/maerkischeslicht\/wp-content\/uploads\/2018\/12\/Januar-1127x800.jpg 1127w, https:\/\/liebke-foto.de\/maerkischeslicht\/wp-content\/uploads\/2018\/12\/Januar-768x545.jpg 768w\" sizes=\"auto, (max-width: 1300px) 100vw, 1300px\" \/><\/a><\/figure>\n<\/div>\n\n\n<p><\/p>\n\n\n<div class=\"wp-block-image\">\n<figure class=\"aligncenter size-large\"><a href=\"https:\/\/liebke-foto.de\/maerkischeslicht\/wp-content\/uploads\/2018\/12\/Februar.jpg\"><img loading=\"lazy\" decoding=\"async\" width=\"1300\" height=\"923\" src=\"https:\/\/liebke-foto.de\/maerkischeslicht\/wp-content\/uploads\/2018\/12\/Februar.jpg\" alt=\"\" class=\"wp-image-2871\" srcset=\"https:\/\/liebke-foto.de\/maerkischeslicht\/wp-content\/uploads\/2018\/12\/Februar.jpg 1300w, https:\/\/liebke-foto.de\/maerkischeslicht\/wp-content\/uploads\/2018\/12\/Februar-1127x800.jpg 1127w, https:\/\/liebke-foto.de\/maerkischeslicht\/wp-content\/uploads\/2018\/12\/Februar-768x545.jpg 768w\" sizes=\"auto, (max-width: 1300px) 100vw, 1300px\" \/><\/a><\/figure>\n<\/div>\n\n\n<p><\/p>\n\n\n<div class=\"wp-block-image\">\n<figure class=\"aligncenter size-large\"><a href=\"https:\/\/liebke-foto.de\/maerkischeslicht\/wp-content\/uploads\/2018\/12\/Maerz.jpg\"><img loading=\"lazy\" decoding=\"async\" width=\"1300\" height=\"923\" src=\"https:\/\/liebke-foto.de\/maerkischeslicht\/wp-content\/uploads\/2018\/12\/Maerz.jpg\" alt=\"\" class=\"wp-image-2875\" srcset=\"https:\/\/liebke-foto.de\/maerkischeslicht\/wp-content\/uploads\/2018\/12\/Maerz.jpg 1300w, https:\/\/liebke-foto.de\/maerkischeslicht\/wp-content\/uploads\/2018\/12\/Maerz-1127x800.jpg 1127w, https:\/\/liebke-foto.de\/maerkischeslicht\/wp-content\/uploads\/2018\/12\/Maerz-768x545.jpg 768w\" sizes=\"auto, (max-width: 1300px) 100vw, 1300px\" \/><\/a><\/figure>\n<\/div>\n\n\n<p><\/p>\n\n\n<div class=\"wp-block-image\">\n<figure class=\"aligncenter size-large\"><a href=\"https:\/\/liebke-foto.de\/maerkischeslicht\/wp-content\/uploads\/2018\/12\/April.jpg\"><img loading=\"lazy\" decoding=\"async\" width=\"1300\" height=\"923\" src=\"https:\/\/liebke-foto.de\/maerkischeslicht\/wp-content\/uploads\/2018\/12\/April.jpg\" alt=\"\" class=\"wp-image-2868\" srcset=\"https:\/\/liebke-foto.de\/maerkischeslicht\/wp-content\/uploads\/2018\/12\/April.jpg 1300w, https:\/\/liebke-foto.de\/maerkischeslicht\/wp-content\/uploads\/2018\/12\/April-1127x800.jpg 1127w, https:\/\/liebke-foto.de\/maerkischeslicht\/wp-content\/uploads\/2018\/12\/April-768x545.jpg 768w\" sizes=\"auto, (max-width: 1300px) 100vw, 1300px\" \/><\/a><\/figure>\n<\/div>\n\n\n<p><\/p>\n\n\n<div class=\"wp-block-image\">\n<figure class=\"aligncenter size-large\"><a href=\"https:\/\/liebke-foto.de\/maerkischeslicht\/wp-content\/uploads\/2018\/12\/Mai.jpg\"><img loading=\"lazy\" decoding=\"async\" width=\"1300\" height=\"923\" src=\"https:\/\/liebke-foto.de\/maerkischeslicht\/wp-content\/uploads\/2018\/12\/Mai.jpg\" alt=\"\" class=\"wp-image-2876\" srcset=\"https:\/\/liebke-foto.de\/maerkischeslicht\/wp-content\/uploads\/2018\/12\/Mai.jpg 1300w, https:\/\/liebke-foto.de\/maerkischeslicht\/wp-content\/uploads\/2018\/12\/Mai-1127x800.jpg 1127w, https:\/\/liebke-foto.de\/maerkischeslicht\/wp-content\/uploads\/2018\/12\/Mai-768x545.jpg 768w\" sizes=\"auto, (max-width: 1300px) 100vw, 1300px\" \/><\/a><\/figure>\n<\/div>\n\n\n<p><\/p>\n\n\n<div class=\"wp-block-image\">\n<figure class=\"aligncenter size-large\"><a href=\"https:\/\/liebke-foto.de\/maerkischeslicht\/wp-content\/uploads\/2018\/12\/Juni.jpg\"><img loading=\"lazy\" decoding=\"async\" width=\"1300\" height=\"923\" src=\"https:\/\/liebke-foto.de\/maerkischeslicht\/wp-content\/uploads\/2018\/12\/Juni.jpg\" alt=\"\" class=\"wp-image-2874\" srcset=\"https:\/\/liebke-foto.de\/maerkischeslicht\/wp-content\/uploads\/2018\/12\/Juni.jpg 1300w, https:\/\/liebke-foto.de\/maerkischeslicht\/wp-content\/uploads\/2018\/12\/Juni-1127x800.jpg 1127w, https:\/\/liebke-foto.de\/maerkischeslicht\/wp-content\/uploads\/2018\/12\/Juni-768x545.jpg 768w\" sizes=\"auto, (max-width: 1300px) 100vw, 1300px\" \/><\/a><\/figure>\n<\/div>\n\n\n<p><\/p>\n\n\n<div class=\"wp-block-image\">\n<figure class=\"aligncenter size-large\"><a href=\"https:\/\/liebke-foto.de\/maerkischeslicht\/wp-content\/uploads\/2018\/12\/Juli.jpg\"><img loading=\"lazy\" decoding=\"async\" width=\"1300\" height=\"923\" src=\"https:\/\/liebke-foto.de\/maerkischeslicht\/wp-content\/uploads\/2018\/12\/Juli.jpg\" alt=\"\" class=\"wp-image-2873\" srcset=\"https:\/\/liebke-foto.de\/maerkischeslicht\/wp-content\/uploads\/2018\/12\/Juli.jpg 1300w, https:\/\/liebke-foto.de\/maerkischeslicht\/wp-content\/uploads\/2018\/12\/Juli-1127x800.jpg 1127w, https:\/\/liebke-foto.de\/maerkischeslicht\/wp-content\/uploads\/2018\/12\/Juli-768x545.jpg 768w\" sizes=\"auto, (max-width: 1300px) 100vw, 1300px\" \/><\/a><\/figure>\n<\/div>\n\n\n<p><\/p>\n\n\n<div class=\"wp-block-image\">\n<figure class=\"aligncenter size-large\"><a href=\"https:\/\/liebke-foto.de\/maerkischeslicht\/wp-content\/uploads\/2018\/12\/August.jpg\"><img loading=\"lazy\" decoding=\"async\" width=\"1300\" height=\"923\" src=\"https:\/\/liebke-foto.de\/maerkischeslicht\/wp-content\/uploads\/2018\/12\/August.jpg\" alt=\"\" class=\"wp-image-2869\" srcset=\"https:\/\/liebke-foto.de\/maerkischeslicht\/wp-content\/uploads\/2018\/12\/August.jpg 1300w, https:\/\/liebke-foto.de\/maerkischeslicht\/wp-content\/uploads\/2018\/12\/August-1127x800.jpg 1127w, https:\/\/liebke-foto.de\/maerkischeslicht\/wp-content\/uploads\/2018\/12\/August-768x545.jpg 768w\" sizes=\"auto, (max-width: 1300px) 100vw, 1300px\" \/><\/a><\/figure>\n<\/div>\n\n\n<p><\/p>\n\n\n<div class=\"wp-block-image\">\n<figure class=\"aligncenter size-large\"><a href=\"https:\/\/liebke-foto.de\/maerkischeslicht\/wp-content\/uploads\/2018\/12\/September.jpg\"><img loading=\"lazy\" decoding=\"async\" width=\"1300\" height=\"923\" src=\"https:\/\/liebke-foto.de\/maerkischeslicht\/wp-content\/uploads\/2018\/12\/September.jpg\" alt=\"\" class=\"wp-image-2879\" srcset=\"https:\/\/liebke-foto.de\/maerkischeslicht\/wp-content\/uploads\/2018\/12\/September.jpg 1300w, https:\/\/liebke-foto.de\/maerkischeslicht\/wp-content\/uploads\/2018\/12\/September-1127x800.jpg 1127w, https:\/\/liebke-foto.de\/maerkischeslicht\/wp-content\/uploads\/2018\/12\/September-768x545.jpg 768w\" sizes=\"auto, (max-width: 1300px) 100vw, 1300px\" \/><\/a><\/figure>\n<\/div>\n\n\n<p><\/p>\n\n\n<div class=\"wp-block-image\">\n<figure class=\"aligncenter size-large\"><a href=\"https:\/\/liebke-foto.de\/maerkischeslicht\/wp-content\/uploads\/2018\/12\/Oktober.jpg\"><img loading=\"lazy\" decoding=\"async\" width=\"1300\" height=\"923\" src=\"https:\/\/liebke-foto.de\/maerkischeslicht\/wp-content\/uploads\/2018\/12\/Oktober.jpg\" alt=\"\" class=\"wp-image-2878\" srcset=\"https:\/\/liebke-foto.de\/maerkischeslicht\/wp-content\/uploads\/2018\/12\/Oktober.jpg 1300w, https:\/\/liebke-foto.de\/maerkischeslicht\/wp-content\/uploads\/2018\/12\/Oktober-1127x800.jpg 1127w, https:\/\/liebke-foto.de\/maerkischeslicht\/wp-content\/uploads\/2018\/12\/Oktober-768x545.jpg 768w\" sizes=\"auto, (max-width: 1300px) 100vw, 1300px\" \/><\/a><\/figure>\n<\/div>\n\n\n<p><\/p>\n\n\n<div class=\"wp-block-image\">\n<figure class=\"aligncenter size-large\"><a href=\"https:\/\/liebke-foto.de\/maerkischeslicht\/wp-content\/uploads\/2018\/12\/November.jpg\"><img loading=\"lazy\" decoding=\"async\" width=\"1300\" height=\"923\" src=\"https:\/\/liebke-foto.de\/maerkischeslicht\/wp-content\/uploads\/2018\/12\/November.jpg\" alt=\"\" class=\"wp-image-2877\" srcset=\"https:\/\/liebke-foto.de\/maerkischeslicht\/wp-content\/uploads\/2018\/12\/November.jpg 1300w, https:\/\/liebke-foto.de\/maerkischeslicht\/wp-content\/uploads\/2018\/12\/November-1127x800.jpg 1127w, https:\/\/liebke-foto.de\/maerkischeslicht\/wp-content\/uploads\/2018\/12\/November-768x545.jpg 768w\" sizes=\"auto, (max-width: 1300px) 100vw, 1300px\" \/><\/a><\/figure>\n<\/div>\n\n\n<p><\/p>\n\n\n<div class=\"wp-block-image\">\n<figure class=\"aligncenter size-large\"><a href=\"https:\/\/liebke-foto.de\/maerkischeslicht\/wp-content\/uploads\/2018\/12\/Dezember.jpg\"><img loading=\"lazy\" decoding=\"async\" width=\"1300\" height=\"923\" src=\"https:\/\/liebke-foto.de\/maerkischeslicht\/wp-content\/uploads\/2018\/12\/Dezember.jpg\" alt=\"\" class=\"wp-image-2870\" srcset=\"https:\/\/liebke-foto.de\/maerkischeslicht\/wp-content\/uploads\/2018\/12\/Dezember.jpg 1300w, https:\/\/liebke-foto.de\/maerkischeslicht\/wp-content\/uploads\/2018\/12\/Dezember-1127x800.jpg 1127w, https:\/\/liebke-foto.de\/maerkischeslicht\/wp-content\/uploads\/2018\/12\/Dezember-768x545.jpg 768w\" sizes=\"auto, (max-width: 1300px) 100vw, 1300px\" \/><\/a><\/figure>\n<\/div>\n\n\n<p><\/p>\n\n\n\n<div style=\"padding:20px\" class=\"wp-block-tnp-minimal\"><p>Subscribe to our newsletter!<\/p><div><div class=\"tnp tnp-subscription \">\n<form method=\"post\" action=\"https:\/\/liebke-foto.de\/maerkischeslicht\/wp-admin\/admin-ajax.php?action=tnp&amp;na=s\">\n<input type=\"hidden\" name=\"nlang\" value=\"\">\n<div class=\"tnp-field tnp-field-firstname\"><label for=\"tnp-1\">Vorname oder ganzer Name<\/label>\n<input class=\"tnp-name\" type=\"text\" name=\"nn\" id=\"tnp-1\" value=\"\" placeholder=\"\"><\/div>\n<div class=\"tnp-field tnp-field-email\"><label for=\"tnp-2\">Email<\/label>\n<input class=\"tnp-email\" type=\"email\" name=\"ne\" id=\"tnp-2\" value=\"\" placeholder=\"\" required><\/div>\n<div class=\"tnp-field tnp-privacy-field\"><label><input type=\"checkbox\" name=\"ny\" required class=\"tnp-privacy\"> Indem Du fortf\u00e4hrst, akzeptierst Du unsere Datenschutzerkl\u00e4rung.<\/label><\/div><div class=\"tnp-field tnp-field-button\" style=\"text-align: left\"><input class=\"tnp-submit\" type=\"submit\" value=\"Abonnieren\" style=\"\">\n<\/div>\n<\/form>\n<\/div>\n<\/div><\/div>\n\n\n\n\n","protected":false},"excerpt":{"rendered":"<p>In diesem Jahr gibt es meinen Kalender &#8222;Romantische Mark Brandenburg 2019&#8220; wieder in der Gr\u00f6\u00dfe A3. Und dazu hier schon mal eine Vorschau&#8230;.<\/p>\n","protected":false},"author":1,"featured_media":2880,"comment_status":"open","ping_status":"open","sticky":false,"template":"","format":"image","meta":{"footnotes":""},"categories":[1,11,10,34,12],"tags":[],"class_list":["post-2866","post","type-post","status-publish","format-image","has-post-thumbnail","hentry","category-allgemein","category-im-land-brandenburg-unterwegs","category-landschaft-mark-brandenburg-oberhavel-barnim","category-naturpark-barnim","category-wildes-brandenburg","post_format-post-format-image"],"yoast_head":"<!-- This site is optimized with the Yoast SEO plugin v27.4 - https:\/\/yoast.com\/product\/yoast-seo-wordpress\/ -->\n<title>Kalender M\u00e4rkisches Licht 2019 - M\u00e4rkisches Licht - Der Fotograf der Stille<\/title>\n<meta name=\"description\" content=\"Kalender M\u00e4rkisches Licht 2019\" \/>\n<meta name=\"robots\" content=\"index, follow, max-snippet:-1, max-image-preview:large, max-video-preview:-1\" \/>\n<link rel=\"canonical\" href=\"https:\/\/liebke-foto.de\/maerkischeslicht\/kalender-maerkisches-licht-2019\/\" \/>\n<meta property=\"og:locale\" content=\"de_DE\" \/>\n<meta property=\"og:type\" content=\"article\" \/>\n<meta property=\"og:title\" content=\"Kalender M\u00e4rkisches Licht 2019 - M\u00e4rkisches Licht - Der Fotograf der Stille\" \/>\n<meta property=\"og:description\" content=\"Kalender M\u00e4rkisches Licht 2019\" \/>\n<meta property=\"og:url\" content=\"https:\/\/liebke-foto.de\/maerkischeslicht\/kalender-maerkisches-licht-2019\/\" \/>\n<meta property=\"og:site_name\" content=\"M\u00e4rkisches Licht - Der Fotograf der Stille\" \/>\n<meta property=\"article:published_time\" content=\"2018-12-03T10:41:22+00:00\" \/>\n<meta property=\"article:modified_time\" content=\"2023-01-10T07:28:56+00:00\" \/>\n<meta property=\"og:image\" content=\"https:\/\/liebke-foto.de\/maerkischeslicht\/wp-content\/uploads\/2018\/12\/Titel.jpg\" \/>\n\t<meta property=\"og:image:width\" content=\"1300\" \/>\n\t<meta property=\"og:image:height\" content=\"923\" \/>\n\t<meta property=\"og:image:type\" content=\"image\/jpeg\" \/>\n<meta name=\"author\" content=\"Frank Liebke\" \/>\n<meta name=\"twitter:card\" content=\"summary_large_image\" \/>\n<meta name=\"twitter:label1\" content=\"Verfasst von\" \/>\n\t<meta name=\"twitter:data1\" content=\"Frank Liebke\" \/>\n\t<meta name=\"twitter:label2\" content=\"Gesch\u00e4tzte Lesezeit\" \/>\n\t<meta name=\"twitter:data2\" content=\"4\u00a0Minuten\" \/>\n<script type=\"application\/ld+json\" class=\"yoast-schema-graph\">{\"@context\":\"https:\\\/\\\/schema.org\",\"@graph\":[{\"@type\":\"Article\",\"@id\":\"https:\\\/\\\/liebke-foto.de\\\/maerkischeslicht\\\/kalender-maerkisches-licht-2019\\\/#article\",\"isPartOf\":{\"@id\":\"https:\\\/\\\/liebke-foto.de\\\/maerkischeslicht\\\/kalender-maerkisches-licht-2019\\\/\"},\"author\":{\"name\":\"Frank Liebke\",\"@id\":\"https:\\\/\\\/liebke-foto.de\\\/maerkischeslicht\\\/#\\\/schema\\\/person\\\/d71108abc09a723daeeb8526a33137ee\"},\"headline\":\"Kalender M\u00e4rkisches Licht 2019\",\"datePublished\":\"2018-12-03T10:41:22+00:00\",\"dateModified\":\"2023-01-10T07:28:56+00:00\",\"mainEntityOfPage\":{\"@id\":\"https:\\\/\\\/liebke-foto.de\\\/maerkischeslicht\\\/kalender-maerkisches-licht-2019\\\/\"},\"wordCount\":143,\"commentCount\":0,\"publisher\":{\"@id\":\"https:\\\/\\\/liebke-foto.de\\\/maerkischeslicht\\\/#\\\/schema\\\/person\\\/d71108abc09a723daeeb8526a33137ee\"},\"image\":{\"@id\":\"https:\\\/\\\/liebke-foto.de\\\/maerkischeslicht\\\/kalender-maerkisches-licht-2019\\\/#primaryimage\"},\"thumbnailUrl\":\"https:\\\/\\\/liebke-foto.de\\\/maerkischeslicht\\\/wp-content\\\/uploads\\\/2018\\\/12\\\/Titel.jpg\",\"articleSection\":{\"1\":\"Im Land Brandenburg unterwegs\",\"2\":\"Landschaft\",\"3\":\"Naturpark Barnim\",\"4\":\"Wildes Brandenburg\"},\"inLanguage\":\"de\",\"potentialAction\":[{\"@type\":\"CommentAction\",\"name\":\"Comment\",\"target\":[\"https:\\\/\\\/liebke-foto.de\\\/maerkischeslicht\\\/kalender-maerkisches-licht-2019\\\/#respond\"]}]},{\"@type\":\"WebPage\",\"@id\":\"https:\\\/\\\/liebke-foto.de\\\/maerkischeslicht\\\/kalender-maerkisches-licht-2019\\\/\",\"url\":\"https:\\\/\\\/liebke-foto.de\\\/maerkischeslicht\\\/kalender-maerkisches-licht-2019\\\/\",\"name\":\"Kalender M\u00e4rkisches Licht 2019 - M\u00e4rkisches Licht - Der Fotograf der Stille\",\"isPartOf\":{\"@id\":\"https:\\\/\\\/liebke-foto.de\\\/maerkischeslicht\\\/#website\"},\"primaryImageOfPage\":{\"@id\":\"https:\\\/\\\/liebke-foto.de\\\/maerkischeslicht\\\/kalender-maerkisches-licht-2019\\\/#primaryimage\"},\"image\":{\"@id\":\"https:\\\/\\\/liebke-foto.de\\\/maerkischeslicht\\\/kalender-maerkisches-licht-2019\\\/#primaryimage\"},\"thumbnailUrl\":\"https:\\\/\\\/liebke-foto.de\\\/maerkischeslicht\\\/wp-content\\\/uploads\\\/2018\\\/12\\\/Titel.jpg\",\"datePublished\":\"2018-12-03T10:41:22+00:00\",\"dateModified\":\"2023-01-10T07:28:56+00:00\",\"description\":\"Kalender M\u00e4rkisches Licht 2019\",\"breadcrumb\":{\"@id\":\"https:\\\/\\\/liebke-foto.de\\\/maerkischeslicht\\\/kalender-maerkisches-licht-2019\\\/#breadcrumb\"},\"inLanguage\":\"de\",\"potentialAction\":[{\"@type\":\"ReadAction\",\"target\":[\"https:\\\/\\\/liebke-foto.de\\\/maerkischeslicht\\\/kalender-maerkisches-licht-2019\\\/\"]}]},{\"@type\":\"ImageObject\",\"inLanguage\":\"de\",\"@id\":\"https:\\\/\\\/liebke-foto.de\\\/maerkischeslicht\\\/kalender-maerkisches-licht-2019\\\/#primaryimage\",\"url\":\"https:\\\/\\\/liebke-foto.de\\\/maerkischeslicht\\\/wp-content\\\/uploads\\\/2018\\\/12\\\/Titel.jpg\",\"contentUrl\":\"https:\\\/\\\/liebke-foto.de\\\/maerkischeslicht\\\/wp-content\\\/uploads\\\/2018\\\/12\\\/Titel.jpg\",\"width\":1300,\"height\":923},{\"@type\":\"BreadcrumbList\",\"@id\":\"https:\\\/\\\/liebke-foto.de\\\/maerkischeslicht\\\/kalender-maerkisches-licht-2019\\\/#breadcrumb\",\"itemListElement\":[{\"@type\":\"ListItem\",\"position\":1,\"name\":\"Startseite\",\"item\":\"https:\\\/\\\/liebke-foto.de\\\/maerkischeslicht\\\/\"},{\"@type\":\"ListItem\",\"position\":2,\"name\":\"Kalender M\u00e4rkisches Licht 2019\"}]},{\"@type\":\"WebSite\",\"@id\":\"https:\\\/\\\/liebke-foto.de\\\/maerkischeslicht\\\/#website\",\"url\":\"https:\\\/\\\/liebke-foto.de\\\/maerkischeslicht\\\/\",\"name\":\"M\u00e4rkisches Licht - Der Fotograf der Stille\",\"description\":\"Die Liebe zum Leben...\",\"publisher\":{\"@id\":\"https:\\\/\\\/liebke-foto.de\\\/maerkischeslicht\\\/#\\\/schema\\\/person\\\/d71108abc09a723daeeb8526a33137ee\"},\"potentialAction\":[{\"@type\":\"SearchAction\",\"target\":{\"@type\":\"EntryPoint\",\"urlTemplate\":\"https:\\\/\\\/liebke-foto.de\\\/maerkischeslicht\\\/?s={search_term_string}\"},\"query-input\":{\"@type\":\"PropertyValueSpecification\",\"valueRequired\":true,\"valueName\":\"search_term_string\"}}],\"inLanguage\":\"de\"},{\"@type\":[\"Person\",\"Organization\"],\"@id\":\"https:\\\/\\\/liebke-foto.de\\\/maerkischeslicht\\\/#\\\/schema\\\/person\\\/d71108abc09a723daeeb8526a33137ee\",\"name\":\"Frank Liebke\",\"image\":{\"@type\":\"ImageObject\",\"inLanguage\":\"de\",\"@id\":\"https:\\\/\\\/liebke-foto.de\\\/maerkischeslicht\\\/wp-content\\\/uploads\\\/2021\\\/12\\\/IMG-20211024-WA0001.jpg\",\"url\":\"https:\\\/\\\/liebke-foto.de\\\/maerkischeslicht\\\/wp-content\\\/uploads\\\/2021\\\/12\\\/IMG-20211024-WA0001.jpg\",\"contentUrl\":\"https:\\\/\\\/liebke-foto.de\\\/maerkischeslicht\\\/wp-content\\\/uploads\\\/2021\\\/12\\\/IMG-20211024-WA0001.jpg\",\"width\":900,\"height\":1600,\"caption\":\"Frank Liebke\"},\"logo\":{\"@id\":\"https:\\\/\\\/liebke-foto.de\\\/maerkischeslicht\\\/wp-content\\\/uploads\\\/2021\\\/12\\\/IMG-20211024-WA0001.jpg\"},\"sameAs\":[\"https:\\\/\\\/liebke-foto.de\"],\"url\":\"https:\\\/\\\/liebke-foto.de\\\/maerkischeslicht\\\/author\\\/adminuser\\\/\"}]}<\/script>\n<!-- \/ Yoast SEO plugin. -->","yoast_head_json":{"title":"Kalender M\u00e4rkisches Licht 2019 - M\u00e4rkisches Licht - Der Fotograf der Stille","description":"Kalender M\u00e4rkisches Licht 2019","robots":{"index":"index","follow":"follow","max-snippet":"max-snippet:-1","max-image-preview":"max-image-preview:large","max-video-preview":"max-video-preview:-1"},"canonical":"https:\/\/liebke-foto.de\/maerkischeslicht\/kalender-maerkisches-licht-2019\/","og_locale":"de_DE","og_type":"article","og_title":"Kalender M\u00e4rkisches Licht 2019 - M\u00e4rkisches Licht - Der Fotograf der Stille","og_description":"Kalender M\u00e4rkisches Licht 2019","og_url":"https:\/\/liebke-foto.de\/maerkischeslicht\/kalender-maerkisches-licht-2019\/","og_site_name":"M\u00e4rkisches Licht - Der Fotograf der Stille","article_published_time":"2018-12-03T10:41:22+00:00","article_modified_time":"2023-01-10T07:28:56+00:00","og_image":[{"width":1300,"height":923,"url":"https:\/\/liebke-foto.de\/maerkischeslicht\/wp-content\/uploads\/2018\/12\/Titel.jpg","type":"image\/jpeg"}],"author":"Frank Liebke","twitter_card":"summary_large_image","twitter_misc":{"Verfasst von":"Frank Liebke","Gesch\u00e4tzte Lesezeit":"4\u00a0Minuten"},"schema":{"@context":"https:\/\/schema.org","@graph":[{"@type":"Article","@id":"https:\/\/liebke-foto.de\/maerkischeslicht\/kalender-maerkisches-licht-2019\/#article","isPartOf":{"@id":"https:\/\/liebke-foto.de\/maerkischeslicht\/kalender-maerkisches-licht-2019\/"},"author":{"name":"Frank Liebke","@id":"https:\/\/liebke-foto.de\/maerkischeslicht\/#\/schema\/person\/d71108abc09a723daeeb8526a33137ee"},"headline":"Kalender M\u00e4rkisches Licht 2019","datePublished":"2018-12-03T10:41:22+00:00","dateModified":"2023-01-10T07:28:56+00:00","mainEntityOfPage":{"@id":"https:\/\/liebke-foto.de\/maerkischeslicht\/kalender-maerkisches-licht-2019\/"},"wordCount":143,"commentCount":0,"publisher":{"@id":"https:\/\/liebke-foto.de\/maerkischeslicht\/#\/schema\/person\/d71108abc09a723daeeb8526a33137ee"},"image":{"@id":"https:\/\/liebke-foto.de\/maerkischeslicht\/kalender-maerkisches-licht-2019\/#primaryimage"},"thumbnailUrl":"https:\/\/liebke-foto.de\/maerkischeslicht\/wp-content\/uploads\/2018\/12\/Titel.jpg","articleSection":{"1":"Im Land Brandenburg unterwegs","2":"Landschaft","3":"Naturpark Barnim","4":"Wildes Brandenburg"},"inLanguage":"de","potentialAction":[{"@type":"CommentAction","name":"Comment","target":["https:\/\/liebke-foto.de\/maerkischeslicht\/kalender-maerkisches-licht-2019\/#respond"]}]},{"@type":"WebPage","@id":"https:\/\/liebke-foto.de\/maerkischeslicht\/kalender-maerkisches-licht-2019\/","url":"https:\/\/liebke-foto.de\/maerkischeslicht\/kalender-maerkisches-licht-2019\/","name":"Kalender M\u00e4rkisches Licht 2019 - M\u00e4rkisches Licht - Der Fotograf der Stille","isPartOf":{"@id":"https:\/\/liebke-foto.de\/maerkischeslicht\/#website"},"primaryImageOfPage":{"@id":"https:\/\/liebke-foto.de\/maerkischeslicht\/kalender-maerkisches-licht-2019\/#primaryimage"},"image":{"@id":"https:\/\/liebke-foto.de\/maerkischeslicht\/kalender-maerkisches-licht-2019\/#primaryimage"},"thumbnailUrl":"https:\/\/liebke-foto.de\/maerkischeslicht\/wp-content\/uploads\/2018\/12\/Titel.jpg","datePublished":"2018-12-03T10:41:22+00:00","dateModified":"2023-01-10T07:28:56+00:00","description":"Kalender M\u00e4rkisches Licht 2019","breadcrumb":{"@id":"https:\/\/liebke-foto.de\/maerkischeslicht\/kalender-maerkisches-licht-2019\/#breadcrumb"},"inLanguage":"de","potentialAction":[{"@type":"ReadAction","target":["https:\/\/liebke-foto.de\/maerkischeslicht\/kalender-maerkisches-licht-2019\/"]}]},{"@type":"ImageObject","inLanguage":"de","@id":"https:\/\/liebke-foto.de\/maerkischeslicht\/kalender-maerkisches-licht-2019\/#primaryimage","url":"https:\/\/liebke-foto.de\/maerkischeslicht\/wp-content\/uploads\/2018\/12\/Titel.jpg","contentUrl":"https:\/\/liebke-foto.de\/maerkischeslicht\/wp-content\/uploads\/2018\/12\/Titel.jpg","width":1300,"height":923},{"@type":"BreadcrumbList","@id":"https:\/\/liebke-foto.de\/maerkischeslicht\/kalender-maerkisches-licht-2019\/#breadcrumb","itemListElement":[{"@type":"ListItem","position":1,"name":"Startseite","item":"https:\/\/liebke-foto.de\/maerkischeslicht\/"},{"@type":"ListItem","position":2,"name":"Kalender M\u00e4rkisches Licht 2019"}]},{"@type":"WebSite","@id":"https:\/\/liebke-foto.de\/maerkischeslicht\/#website","url":"https:\/\/liebke-foto.de\/maerkischeslicht\/","name":"M\u00e4rkisches Licht - Der Fotograf der Stille","description":"Die Liebe zum Leben...","publisher":{"@id":"https:\/\/liebke-foto.de\/maerkischeslicht\/#\/schema\/person\/d71108abc09a723daeeb8526a33137ee"},"potentialAction":[{"@type":"SearchAction","target":{"@type":"EntryPoint","urlTemplate":"https:\/\/liebke-foto.de\/maerkischeslicht\/?s={search_term_string}"},"query-input":{"@type":"PropertyValueSpecification","valueRequired":true,"valueName":"search_term_string"}}],"inLanguage":"de"},{"@type":["Person","Organization"],"@id":"https:\/\/liebke-foto.de\/maerkischeslicht\/#\/schema\/person\/d71108abc09a723daeeb8526a33137ee","name":"Frank Liebke","image":{"@type":"ImageObject","inLanguage":"de","@id":"https:\/\/liebke-foto.de\/maerkischeslicht\/wp-content\/uploads\/2021\/12\/IMG-20211024-WA0001.jpg","url":"https:\/\/liebke-foto.de\/maerkischeslicht\/wp-content\/uploads\/2021\/12\/IMG-20211024-WA0001.jpg","contentUrl":"https:\/\/liebke-foto.de\/maerkischeslicht\/wp-content\/uploads\/2021\/12\/IMG-20211024-WA0001.jpg","width":900,"height":1600,"caption":"Frank Liebke"},"logo":{"@id":"https:\/\/liebke-foto.de\/maerkischeslicht\/wp-content\/uploads\/2021\/12\/IMG-20211024-WA0001.jpg"},"sameAs":["https:\/\/liebke-foto.de"],"url":"https:\/\/liebke-foto.de\/maerkischeslicht\/author\/adminuser\/"}]}},"_links":{"self":[{"href":"https:\/\/liebke-foto.de\/maerkischeslicht\/wp-json\/wp\/v2\/posts\/2866","targetHints":{"allow":["GET"]}}],"collection":[{"href":"https:\/\/liebke-foto.de\/maerkischeslicht\/wp-json\/wp\/v2\/posts"}],"about":[{"href":"https:\/\/liebke-foto.de\/maerkischeslicht\/wp-json\/wp\/v2\/types\/post"}],"author":[{"embeddable":true,"href":"https:\/\/liebke-foto.de\/maerkischeslicht\/wp-json\/wp\/v2\/users\/1"}],"replies":[{"embeddable":true,"href":"https:\/\/liebke-foto.de\/maerkischeslicht\/wp-json\/wp\/v2\/comments?post=2866"}],"version-history":[{"count":11,"href":"https:\/\/liebke-foto.de\/maerkischeslicht\/wp-json\/wp\/v2\/posts\/2866\/revisions"}],"predecessor-version":[{"id":6835,"href":"https:\/\/liebke-foto.de\/maerkischeslicht\/wp-json\/wp\/v2\/posts\/2866\/revisions\/6835"}],"wp:featuredmedia":[{"embeddable":true,"href":"https:\/\/liebke-foto.de\/maerkischeslicht\/wp-json\/wp\/v2\/media\/2880"}],"wp:attachment":[{"href":"https:\/\/liebke-foto.de\/maerkischeslicht\/wp-json\/wp\/v2\/media?parent=2866"}],"wp:term":[{"taxonomy":"category","embeddable":true,"href":"https:\/\/liebke-foto.de\/maerkischeslicht\/wp-json\/wp\/v2\/categories?post=2866"},{"taxonomy":"post_tag","embeddable":true,"href":"https:\/\/liebke-foto.de\/maerkischeslicht\/wp-json\/wp\/v2\/tags?post=2866"}],"curies":[{"name":"wp","href":"https:\/\/api.w.org\/{rel}","templated":true}]}}