{"id":285,"date":"2014-01-15T11:55:51","date_gmt":"2014-01-15T09:55:51","guid":{"rendered":"http:\/\/liebke-foto.de\/maerkischeslicht\/?p=285"},"modified":"2023-01-30T09:33:56","modified_gmt":"2023-01-30T07:33:56","slug":"ein-winterpanorama-von-2009","status":"publish","type":"post","link":"https:\/\/liebke-foto.de\/maerkischeslicht\/ein-winterpanorama-von-2009\/","title":{"rendered":"Ein Winterpanorama von 2009"},"content":{"rendered":"\n<p>Ich sehe es schon deutlich kommen, viele jammern dass es keinen richtigen Winter gibt, kein Schnee, oh je \ud83d\ude09<\/p>\n\n\n\n<p>Wenn er dann aber wieder zuschl\u00e4gt, beispielsweise wie im letzten Jahr (und die M\u00f6glichkeit dazu besteht ja immer wieder), geht der Tenor dann in die andere Richtung. Aber eigentlich kann man es nie recht machen, der Mensch braucht was zu jammern und das Thema &#8222;Wetter&#8220; ist ja eh immer pr\u00e4sent. Wenn einem nichts Gescheites einf\u00e4llt \ud83d\ude09 Weiter vertiefen kann nun das Thema Jeder wie er will&#8230;<\/p>\n\n\n\n<p>Ich gebe es offen zu, ich bin auch so ein &#8222;Weichei&#8220;, das es lieber richtig sch\u00f6n warm hat, Minustemperaturen sind nicht so mein Ding, obwohl auch das seine Reize hat. Andererseits h\u00e4tte ich schon gern etwas Schnee (f\u00fcr nur ein paar Tage), aber dann bitte mit K\u00e4lte UND Sonne UND blauen Himmel, denn ich brauche ein paar neue Winterbilder, und die bitte Bilderbuchm\u00e4\u00dfig \ud83d\ude09 . Denn Kalender ohne Winterbilder sind nicht so richtig gut.<\/p>\n\n\n\n<p>Zur Erinnerung, wie es auch in unseren Breiten einen sch\u00f6nen Winter geben kann habe ich mal ins Archiv geschaut und dieses Panorama von der Havel in Oranienburg herausgekramt. Da passte einfach alles zusammen. Ganz frischer Schneefall, Sonne und ein richtig sch\u00f6ner, klarer, blauer Himmel. <\/p>\n\n\n\n<p>Ich habe sofort eine kleine Havelwanderung mit der Kamera unternommen, weil es da noch nicht absehbar war, dass dieses Wetter ein paar Tage so bleiben wird. Deshalb wollte ich gleich &#8222;ernten&#8220;, was so vor die Linse kommt. Stativ lag im Auto, aber ein Pano h\u00e4tte ich schon gern gehabt. <\/p>\n\n\n\n<p>Also kurzerhand die 28er auf die Kamera gesetzt und Pi mal Daumen ein Freihandpano gemacht. Es l\u00e4sst sich erstaunlich gut und fehlerfrei stitchen und wurde das Januarmotiv vom Panokalender im darauf folgendem Jahr. <\/p>\n\n\n\n<p>Durch das Stitchen, also das nahtlose &#8222;Zusammenn\u00e4hen&#8220; einer Reihe von Hochformataufnahmen zu einem Pano, erh\u00e4lt man &#8222;nebenbei&#8220; eine Bildgr\u00f6\u00dfe, die es schafft, in bester Qualit\u00e4t eine Wand zu plakatieren. Der Schnee im Gegenlicht ist dabei so scharf und plastisch, das man Handschuhe anziehen und einen Schneemann bauen m\u00f6chte.<\/p>\n\n\n\n<p>Lasst Euch von dem Bild ein bisschen Winter-Ahnung ins Heim bringen (und \u00fcberlegt, ob Ihr den wirklich wollt \ud83d\ude09 ).<\/p>\n\n\n\n<p>Ach ja, aufs Bild klicken und es zeigt sich in guter Bildschirmgr\u00f6\u00dfe, viel Spa\u00df&#8230;<\/p>\n\n\n<div class=\"wp-block-image is-style-default\">\n<figure class=\"aligncenter\"><a href=\"https:\/\/liebke-foto.de\/maerkischeslicht\/wp-content\/uploads\/2014\/01\/ptgtmp_SD4S6N.jpg\"><img loading=\"lazy\" decoding=\"async\" width=\"2000\" height=\"445\" src=\"https:\/\/liebke-foto.de\/maerkischeslicht\/wp-content\/uploads\/2014\/01\/ptgtmp_SD4S6N.jpg\" alt=\"Winter-Havel-Oranienburg\" class=\"wp-image-287\" srcset=\"https:\/\/liebke-foto.de\/maerkischeslicht\/wp-content\/uploads\/2014\/01\/ptgtmp_SD4S6N.jpg 2000w, https:\/\/liebke-foto.de\/maerkischeslicht\/wp-content\/uploads\/2014\/01\/ptgtmp_SD4S6N-1200x267.jpg 1200w, https:\/\/liebke-foto.de\/maerkischeslicht\/wp-content\/uploads\/2014\/01\/ptgtmp_SD4S6N-1600x356.jpg 1600w\" sizes=\"auto, (max-width: 2000px) 100vw, 2000px\" \/><\/a><figcaption class=\"wp-element-caption\">Winter-Havel-Oranienburg<\/figcaption><\/figure>\n<\/div>\n\n\n<div style=\"padding:20px\" class=\"wp-block-tnp-minimal\"><p>Subscribe to our newsletter!<\/p><div><div class=\"tnp tnp-subscription \">\n<form method=\"post\" action=\"https:\/\/liebke-foto.de\/maerkischeslicht\/wp-admin\/admin-ajax.php?action=tnp&amp;na=s\">\n<input type=\"hidden\" name=\"nlang\" value=\"\">\n<div class=\"tnp-field tnp-field-firstname\"><label for=\"tnp-1\">Vorname oder ganzer Name<\/label>\n<input class=\"tnp-name\" type=\"text\" name=\"nn\" id=\"tnp-1\" value=\"\" placeholder=\"\"><\/div>\n<div class=\"tnp-field tnp-field-email\"><label for=\"tnp-2\">Email<\/label>\n<input class=\"tnp-email\" type=\"email\" name=\"ne\" id=\"tnp-2\" value=\"\" placeholder=\"\" required><\/div>\n<div class=\"tnp-field tnp-privacy-field\"><label><input type=\"checkbox\" name=\"ny\" required class=\"tnp-privacy\"> Indem Du fortf\u00e4hrst, akzeptierst Du unsere Datenschutzerkl\u00e4rung.<\/label><\/div><div class=\"tnp-field tnp-field-button\" style=\"text-align: left\"><input class=\"tnp-submit\" type=\"submit\" value=\"Abonnieren\" style=\"\">\n<\/div>\n<\/form>\n<\/div>\n<\/div><\/div>\n\n\n\n\n","protected":false},"excerpt":{"rendered":"<p>Ich sehe es schon deutlich kommen, viele jammern dass es keinen richtigen Winter gibt, kein Schnee, oh je \ud83d\ude09 Wenn er dann aber&#8230;<\/p>\n","protected":false},"author":1,"featured_media":287,"comment_status":"open","ping_status":"closed","sticky":false,"template":"","format":"standard","meta":{"footnotes":""},"categories":[11,10,2,4],"tags":[],"class_list":["post-285","post","type-post","status-publish","format-standard","has-post-thumbnail","hentry","category-im-land-brandenburg-unterwegs","category-landschaft-mark-brandenburg-oberhavel-barnim","category-panoramafotos","category-equipment"],"yoast_head":"<!-- This site is optimized with the Yoast SEO plugin v27.5 - https:\/\/yoast.com\/product\/yoast-seo-wordpress\/ -->\n<title>Ein Winterpanorama von 2009 - M\u00e4rkisches Licht - Der Fotograf der Stille<\/title>\n<meta name=\"description\" content=\"Ein Winterpanorama von 2009\" \/>\n<meta name=\"robots\" content=\"index, follow, max-snippet:-1, max-image-preview:large, max-video-preview:-1\" \/>\n<link rel=\"canonical\" href=\"https:\/\/liebke-foto.de\/maerkischeslicht\/ein-winterpanorama-von-2009\/\" \/>\n<meta property=\"og:locale\" content=\"de_DE\" \/>\n<meta property=\"og:type\" content=\"article\" \/>\n<meta property=\"og:title\" content=\"Ein Winterpanorama von 2009 - M\u00e4rkisches Licht - Der Fotograf der Stille\" \/>\n<meta property=\"og:description\" content=\"Ein Winterpanorama von 2009\" \/>\n<meta property=\"og:url\" content=\"https:\/\/liebke-foto.de\/maerkischeslicht\/ein-winterpanorama-von-2009\/\" \/>\n<meta property=\"og:site_name\" content=\"M\u00e4rkisches Licht - Der Fotograf der Stille\" \/>\n<meta property=\"article:published_time\" content=\"2014-01-15T09:55:51+00:00\" \/>\n<meta property=\"article:modified_time\" content=\"2023-01-30T07:33:56+00:00\" \/>\n<meta property=\"og:image\" content=\"https:\/\/liebke-foto.de\/maerkischeslicht\/wp-content\/uploads\/2014\/01\/ptgtmp_SD4S6N.jpg\" \/>\n\t<meta property=\"og:image:width\" content=\"2000\" \/>\n\t<meta property=\"og:image:height\" content=\"445\" \/>\n\t<meta property=\"og:image:type\" content=\"image\/jpeg\" \/>\n<meta name=\"author\" content=\"Frank Liebke\" \/>\n<meta name=\"twitter:card\" content=\"summary_large_image\" \/>\n<meta name=\"twitter:label1\" content=\"Verfasst von\" \/>\n\t<meta name=\"twitter:data1\" content=\"Frank Liebke\" \/>\n\t<meta name=\"twitter:label2\" content=\"Gesch\u00e4tzte Lesezeit\" \/>\n\t<meta name=\"twitter:data2\" content=\"3\u00a0Minuten\" \/>\n<script type=\"application\/ld+json\" class=\"yoast-schema-graph\">{\"@context\":\"https:\\\/\\\/schema.org\",\"@graph\":[{\"@type\":\"Article\",\"@id\":\"https:\\\/\\\/liebke-foto.de\\\/maerkischeslicht\\\/ein-winterpanorama-von-2009\\\/#article\",\"isPartOf\":{\"@id\":\"https:\\\/\\\/liebke-foto.de\\\/maerkischeslicht\\\/ein-winterpanorama-von-2009\\\/\"},\"author\":{\"name\":\"Frank Liebke\",\"@id\":\"https:\\\/\\\/liebke-foto.de\\\/maerkischeslicht\\\/#\\\/schema\\\/person\\\/d71108abc09a723daeeb8526a33137ee\"},\"headline\":\"Ein Winterpanorama von 2009\",\"datePublished\":\"2014-01-15T09:55:51+00:00\",\"dateModified\":\"2023-01-30T07:33:56+00:00\",\"mainEntityOfPage\":{\"@id\":\"https:\\\/\\\/liebke-foto.de\\\/maerkischeslicht\\\/ein-winterpanorama-von-2009\\\/\"},\"wordCount\":390,\"commentCount\":0,\"publisher\":{\"@id\":\"https:\\\/\\\/liebke-foto.de\\\/maerkischeslicht\\\/#\\\/schema\\\/person\\\/d71108abc09a723daeeb8526a33137ee\"},\"image\":{\"@id\":\"https:\\\/\\\/liebke-foto.de\\\/maerkischeslicht\\\/ein-winterpanorama-von-2009\\\/#primaryimage\"},\"thumbnailUrl\":\"https:\\\/\\\/liebke-foto.de\\\/maerkischeslicht\\\/wp-content\\\/uploads\\\/2014\\\/01\\\/ptgtmp_SD4S6N.jpg\",\"articleSection\":[\"Im Land Brandenburg unterwegs\",\"Landschaft\",\"Panoramafotografie\",\"Technik\"],\"inLanguage\":\"de\",\"potentialAction\":[{\"@type\":\"CommentAction\",\"name\":\"Comment\",\"target\":[\"https:\\\/\\\/liebke-foto.de\\\/maerkischeslicht\\\/ein-winterpanorama-von-2009\\\/#respond\"]}]},{\"@type\":\"WebPage\",\"@id\":\"https:\\\/\\\/liebke-foto.de\\\/maerkischeslicht\\\/ein-winterpanorama-von-2009\\\/\",\"url\":\"https:\\\/\\\/liebke-foto.de\\\/maerkischeslicht\\\/ein-winterpanorama-von-2009\\\/\",\"name\":\"Ein Winterpanorama von 2009 - M\u00e4rkisches Licht - Der Fotograf der Stille\",\"isPartOf\":{\"@id\":\"https:\\\/\\\/liebke-foto.de\\\/maerkischeslicht\\\/#website\"},\"primaryImageOfPage\":{\"@id\":\"https:\\\/\\\/liebke-foto.de\\\/maerkischeslicht\\\/ein-winterpanorama-von-2009\\\/#primaryimage\"},\"image\":{\"@id\":\"https:\\\/\\\/liebke-foto.de\\\/maerkischeslicht\\\/ein-winterpanorama-von-2009\\\/#primaryimage\"},\"thumbnailUrl\":\"https:\\\/\\\/liebke-foto.de\\\/maerkischeslicht\\\/wp-content\\\/uploads\\\/2014\\\/01\\\/ptgtmp_SD4S6N.jpg\",\"datePublished\":\"2014-01-15T09:55:51+00:00\",\"dateModified\":\"2023-01-30T07:33:56+00:00\",\"description\":\"Ein Winterpanorama von 2009\",\"breadcrumb\":{\"@id\":\"https:\\\/\\\/liebke-foto.de\\\/maerkischeslicht\\\/ein-winterpanorama-von-2009\\\/#breadcrumb\"},\"inLanguage\":\"de\",\"potentialAction\":[{\"@type\":\"ReadAction\",\"target\":[\"https:\\\/\\\/liebke-foto.de\\\/maerkischeslicht\\\/ein-winterpanorama-von-2009\\\/\"]}]},{\"@type\":\"ImageObject\",\"inLanguage\":\"de\",\"@id\":\"https:\\\/\\\/liebke-foto.de\\\/maerkischeslicht\\\/ein-winterpanorama-von-2009\\\/#primaryimage\",\"url\":\"https:\\\/\\\/liebke-foto.de\\\/maerkischeslicht\\\/wp-content\\\/uploads\\\/2014\\\/01\\\/ptgtmp_SD4S6N.jpg\",\"contentUrl\":\"https:\\\/\\\/liebke-foto.de\\\/maerkischeslicht\\\/wp-content\\\/uploads\\\/2014\\\/01\\\/ptgtmp_SD4S6N.jpg\",\"width\":2000,\"height\":445,\"caption\":\"Winter-Havel-Oranienburg\"},{\"@type\":\"BreadcrumbList\",\"@id\":\"https:\\\/\\\/liebke-foto.de\\\/maerkischeslicht\\\/ein-winterpanorama-von-2009\\\/#breadcrumb\",\"itemListElement\":[{\"@type\":\"ListItem\",\"position\":1,\"name\":\"Startseite\",\"item\":\"https:\\\/\\\/liebke-foto.de\\\/maerkischeslicht\\\/\"},{\"@type\":\"ListItem\",\"position\":2,\"name\":\"Ein Winterpanorama von 2009\"}]},{\"@type\":\"WebSite\",\"@id\":\"https:\\\/\\\/liebke-foto.de\\\/maerkischeslicht\\\/#website\",\"url\":\"https:\\\/\\\/liebke-foto.de\\\/maerkischeslicht\\\/\",\"name\":\"M\u00e4rkisches Licht - Der Fotograf der Stille\",\"description\":\"Die Liebe zum Leben...\",\"publisher\":{\"@id\":\"https:\\\/\\\/liebke-foto.de\\\/maerkischeslicht\\\/#\\\/schema\\\/person\\\/d71108abc09a723daeeb8526a33137ee\"},\"potentialAction\":[{\"@type\":\"SearchAction\",\"target\":{\"@type\":\"EntryPoint\",\"urlTemplate\":\"https:\\\/\\\/liebke-foto.de\\\/maerkischeslicht\\\/?s={search_term_string}\"},\"query-input\":{\"@type\":\"PropertyValueSpecification\",\"valueRequired\":true,\"valueName\":\"search_term_string\"}}],\"inLanguage\":\"de\"},{\"@type\":[\"Person\",\"Organization\"],\"@id\":\"https:\\\/\\\/liebke-foto.de\\\/maerkischeslicht\\\/#\\\/schema\\\/person\\\/d71108abc09a723daeeb8526a33137ee\",\"name\":\"Frank Liebke\",\"image\":{\"@type\":\"ImageObject\",\"inLanguage\":\"de\",\"@id\":\"https:\\\/\\\/liebke-foto.de\\\/maerkischeslicht\\\/wp-content\\\/uploads\\\/2021\\\/12\\\/IMG-20211024-WA0001.jpg\",\"url\":\"https:\\\/\\\/liebke-foto.de\\\/maerkischeslicht\\\/wp-content\\\/uploads\\\/2021\\\/12\\\/IMG-20211024-WA0001.jpg\",\"contentUrl\":\"https:\\\/\\\/liebke-foto.de\\\/maerkischeslicht\\\/wp-content\\\/uploads\\\/2021\\\/12\\\/IMG-20211024-WA0001.jpg\",\"width\":900,\"height\":1600,\"caption\":\"Frank Liebke\"},\"logo\":{\"@id\":\"https:\\\/\\\/liebke-foto.de\\\/maerkischeslicht\\\/wp-content\\\/uploads\\\/2021\\\/12\\\/IMG-20211024-WA0001.jpg\"},\"sameAs\":[\"https:\\\/\\\/liebke-foto.de\"],\"url\":\"https:\\\/\\\/liebke-foto.de\\\/maerkischeslicht\\\/author\\\/adminuser\\\/\"}]}<\/script>\n<!-- \/ Yoast SEO plugin. -->","yoast_head_json":{"title":"Ein Winterpanorama von 2009 - M\u00e4rkisches Licht - Der Fotograf der Stille","description":"Ein Winterpanorama von 2009","robots":{"index":"index","follow":"follow","max-snippet":"max-snippet:-1","max-image-preview":"max-image-preview:large","max-video-preview":"max-video-preview:-1"},"canonical":"https:\/\/liebke-foto.de\/maerkischeslicht\/ein-winterpanorama-von-2009\/","og_locale":"de_DE","og_type":"article","og_title":"Ein Winterpanorama von 2009 - M\u00e4rkisches Licht - Der Fotograf der Stille","og_description":"Ein Winterpanorama von 2009","og_url":"https:\/\/liebke-foto.de\/maerkischeslicht\/ein-winterpanorama-von-2009\/","og_site_name":"M\u00e4rkisches Licht - Der Fotograf der Stille","article_published_time":"2014-01-15T09:55:51+00:00","article_modified_time":"2023-01-30T07:33:56+00:00","og_image":[{"width":2000,"height":445,"url":"https:\/\/liebke-foto.de\/maerkischeslicht\/wp-content\/uploads\/2014\/01\/ptgtmp_SD4S6N.jpg","type":"image\/jpeg"}],"author":"Frank Liebke","twitter_card":"summary_large_image","twitter_misc":{"Verfasst von":"Frank Liebke","Gesch\u00e4tzte Lesezeit":"3\u00a0Minuten"},"schema":{"@context":"https:\/\/schema.org","@graph":[{"@type":"Article","@id":"https:\/\/liebke-foto.de\/maerkischeslicht\/ein-winterpanorama-von-2009\/#article","isPartOf":{"@id":"https:\/\/liebke-foto.de\/maerkischeslicht\/ein-winterpanorama-von-2009\/"},"author":{"name":"Frank Liebke","@id":"https:\/\/liebke-foto.de\/maerkischeslicht\/#\/schema\/person\/d71108abc09a723daeeb8526a33137ee"},"headline":"Ein Winterpanorama von 2009","datePublished":"2014-01-15T09:55:51+00:00","dateModified":"2023-01-30T07:33:56+00:00","mainEntityOfPage":{"@id":"https:\/\/liebke-foto.de\/maerkischeslicht\/ein-winterpanorama-von-2009\/"},"wordCount":390,"commentCount":0,"publisher":{"@id":"https:\/\/liebke-foto.de\/maerkischeslicht\/#\/schema\/person\/d71108abc09a723daeeb8526a33137ee"},"image":{"@id":"https:\/\/liebke-foto.de\/maerkischeslicht\/ein-winterpanorama-von-2009\/#primaryimage"},"thumbnailUrl":"https:\/\/liebke-foto.de\/maerkischeslicht\/wp-content\/uploads\/2014\/01\/ptgtmp_SD4S6N.jpg","articleSection":["Im Land Brandenburg unterwegs","Landschaft","Panoramafotografie","Technik"],"inLanguage":"de","potentialAction":[{"@type":"CommentAction","name":"Comment","target":["https:\/\/liebke-foto.de\/maerkischeslicht\/ein-winterpanorama-von-2009\/#respond"]}]},{"@type":"WebPage","@id":"https:\/\/liebke-foto.de\/maerkischeslicht\/ein-winterpanorama-von-2009\/","url":"https:\/\/liebke-foto.de\/maerkischeslicht\/ein-winterpanorama-von-2009\/","name":"Ein Winterpanorama von 2009 - M\u00e4rkisches Licht - Der Fotograf der Stille","isPartOf":{"@id":"https:\/\/liebke-foto.de\/maerkischeslicht\/#website"},"primaryImageOfPage":{"@id":"https:\/\/liebke-foto.de\/maerkischeslicht\/ein-winterpanorama-von-2009\/#primaryimage"},"image":{"@id":"https:\/\/liebke-foto.de\/maerkischeslicht\/ein-winterpanorama-von-2009\/#primaryimage"},"thumbnailUrl":"https:\/\/liebke-foto.de\/maerkischeslicht\/wp-content\/uploads\/2014\/01\/ptgtmp_SD4S6N.jpg","datePublished":"2014-01-15T09:55:51+00:00","dateModified":"2023-01-30T07:33:56+00:00","description":"Ein Winterpanorama von 2009","breadcrumb":{"@id":"https:\/\/liebke-foto.de\/maerkischeslicht\/ein-winterpanorama-von-2009\/#breadcrumb"},"inLanguage":"de","potentialAction":[{"@type":"ReadAction","target":["https:\/\/liebke-foto.de\/maerkischeslicht\/ein-winterpanorama-von-2009\/"]}]},{"@type":"ImageObject","inLanguage":"de","@id":"https:\/\/liebke-foto.de\/maerkischeslicht\/ein-winterpanorama-von-2009\/#primaryimage","url":"https:\/\/liebke-foto.de\/maerkischeslicht\/wp-content\/uploads\/2014\/01\/ptgtmp_SD4S6N.jpg","contentUrl":"https:\/\/liebke-foto.de\/maerkischeslicht\/wp-content\/uploads\/2014\/01\/ptgtmp_SD4S6N.jpg","width":2000,"height":445,"caption":"Winter-Havel-Oranienburg"},{"@type":"BreadcrumbList","@id":"https:\/\/liebke-foto.de\/maerkischeslicht\/ein-winterpanorama-von-2009\/#breadcrumb","itemListElement":[{"@type":"ListItem","position":1,"name":"Startseite","item":"https:\/\/liebke-foto.de\/maerkischeslicht\/"},{"@type":"ListItem","position":2,"name":"Ein Winterpanorama von 2009"}]},{"@type":"WebSite","@id":"https:\/\/liebke-foto.de\/maerkischeslicht\/#website","url":"https:\/\/liebke-foto.de\/maerkischeslicht\/","name":"M\u00e4rkisches Licht - Der Fotograf der Stille","description":"Die Liebe zum Leben...","publisher":{"@id":"https:\/\/liebke-foto.de\/maerkischeslicht\/#\/schema\/person\/d71108abc09a723daeeb8526a33137ee"},"potentialAction":[{"@type":"SearchAction","target":{"@type":"EntryPoint","urlTemplate":"https:\/\/liebke-foto.de\/maerkischeslicht\/?s={search_term_string}"},"query-input":{"@type":"PropertyValueSpecification","valueRequired":true,"valueName":"search_term_string"}}],"inLanguage":"de"},{"@type":["Person","Organization"],"@id":"https:\/\/liebke-foto.de\/maerkischeslicht\/#\/schema\/person\/d71108abc09a723daeeb8526a33137ee","name":"Frank Liebke","image":{"@type":"ImageObject","inLanguage":"de","@id":"https:\/\/liebke-foto.de\/maerkischeslicht\/wp-content\/uploads\/2021\/12\/IMG-20211024-WA0001.jpg","url":"https:\/\/liebke-foto.de\/maerkischeslicht\/wp-content\/uploads\/2021\/12\/IMG-20211024-WA0001.jpg","contentUrl":"https:\/\/liebke-foto.de\/maerkischeslicht\/wp-content\/uploads\/2021\/12\/IMG-20211024-WA0001.jpg","width":900,"height":1600,"caption":"Frank Liebke"},"logo":{"@id":"https:\/\/liebke-foto.de\/maerkischeslicht\/wp-content\/uploads\/2021\/12\/IMG-20211024-WA0001.jpg"},"sameAs":["https:\/\/liebke-foto.de"],"url":"https:\/\/liebke-foto.de\/maerkischeslicht\/author\/adminuser\/"}]}},"_links":{"self":[{"href":"https:\/\/liebke-foto.de\/maerkischeslicht\/wp-json\/wp\/v2\/posts\/285","targetHints":{"allow":["GET"]}}],"collection":[{"href":"https:\/\/liebke-foto.de\/maerkischeslicht\/wp-json\/wp\/v2\/posts"}],"about":[{"href":"https:\/\/liebke-foto.de\/maerkischeslicht\/wp-json\/wp\/v2\/types\/post"}],"author":[{"embeddable":true,"href":"https:\/\/liebke-foto.de\/maerkischeslicht\/wp-json\/wp\/v2\/users\/1"}],"replies":[{"embeddable":true,"href":"https:\/\/liebke-foto.de\/maerkischeslicht\/wp-json\/wp\/v2\/comments?post=285"}],"version-history":[{"count":12,"href":"https:\/\/liebke-foto.de\/maerkischeslicht\/wp-json\/wp\/v2\/posts\/285\/revisions"}],"predecessor-version":[{"id":6933,"href":"https:\/\/liebke-foto.de\/maerkischeslicht\/wp-json\/wp\/v2\/posts\/285\/revisions\/6933"}],"wp:featuredmedia":[{"embeddable":true,"href":"https:\/\/liebke-foto.de\/maerkischeslicht\/wp-json\/wp\/v2\/media\/287"}],"wp:attachment":[{"href":"https:\/\/liebke-foto.de\/maerkischeslicht\/wp-json\/wp\/v2\/media?parent=285"}],"wp:term":[{"taxonomy":"category","embeddable":true,"href":"https:\/\/liebke-foto.de\/maerkischeslicht\/wp-json\/wp\/v2\/categories?post=285"},{"taxonomy":"post_tag","embeddable":true,"href":"https:\/\/liebke-foto.de\/maerkischeslicht\/wp-json\/wp\/v2\/tags?post=285"}],"curies":[{"name":"wp","href":"https:\/\/api.w.org\/{rel}","templated":true}]}}