{"id":2780,"date":"2018-04-10T12:19:26","date_gmt":"2018-04-10T10:19:26","guid":{"rendered":"http:\/\/liebke-foto.de\/maerkischeslicht\/?p=2780"},"modified":"2023-01-10T09:25:33","modified_gmt":"2023-01-10T07:25:33","slug":"ins-sutschketal-mit-fotorucksack","status":"publish","type":"post","link":"https:\/\/liebke-foto.de\/maerkischeslicht\/ins-sutschketal-mit-fotorucksack\/","title":{"rendered":"Ins Sutschketal mit Fotorucksack"},"content":{"rendered":"<div class=\"wp-block-image is-style-default\">\n<figure class=\"aligncenter\"><a href=\"https:\/\/liebke-foto.de\/maerkischeslicht\/wp-content\/uploads\/2018\/04\/FL88624_C1.jpg\"><img loading=\"lazy\" decoding=\"async\" width=\"1300\" height=\"868\" src=\"https:\/\/liebke-foto.de\/maerkischeslicht\/wp-content\/uploads\/2018\/04\/FL88624_C1.jpg\" alt=\"Der See im Naturschutzgebiet &quot;Sutschketal&quot;\" class=\"wp-image-2795\" srcset=\"https:\/\/liebke-foto.de\/maerkischeslicht\/wp-content\/uploads\/2018\/04\/FL88624_C1.jpg 1300w, https:\/\/liebke-foto.de\/maerkischeslicht\/wp-content\/uploads\/2018\/04\/FL88624_C1-1198x800.jpg 1198w, https:\/\/liebke-foto.de\/maerkischeslicht\/wp-content\/uploads\/2018\/04\/FL88624_C1-768x513.jpg 768w\" sizes=\"auto, (max-width: 1300px) 100vw, 1300px\" \/><\/a><figcaption class=\"wp-element-caption\">Der See im Naturschutzgebiet &#8222;Sutschketal&#8220;<\/figcaption><\/figure>\n<\/div>\n\n\n<p>Endlich Fr\u00fchling und eine Sonne aus einem durchgehend blauen Himmel. Dazu angenehme 16-22\u00b0, ideal f\u00fcr einen kleinen Ausflug ins nahe gelegene <a rel=\"noopener noreferrer\" href=\"https:\/\/de.wikipedia.org\/wiki\/Naturschutzgebiet_Sutschketal\" target=\"_blank\">Naturschutzgebiet Sutschketal<\/a> bei Krummensee. Mit dabei mein neuer Fotorucksack &#8222;Flipside 500 AW&#8220; von Lowepro. Und darin ist nun endlich gen\u00fcgend Platz auch f\u00fcr meine lange Brennweite. So begleiteten mich dazu meine Nikons D800 und D750, die Nikkore 5,6\/200-500VR, 2,8\/24-70VR, 2,8\/70-200VRII und das 4\/16-35VR. Polfilter sind auch immer dabei. Und kleineres Zubeh\u00f6r wie Accus, Speicherkarten&#8230;<\/p>\n\n\n\n<p><br \/>Das passt nun alles hinein, da war der Vorg\u00e4nger deutlich kleiner und unpraktischer. Stabiler ist der Lowe zumal und sehr praktisch. Gleich unten am See angekommen wollte ich ein paar Aufnahmen machen denn das Blau und die frischen Farben reizten meine Sinne. Auch wenn ich ziehende Wolken, durch die unsere Sonne ihre Strahlen zur Erde schickt, bevorzuge. Und kr\u00e4ftigen Wind dazu, das ergibt dann das f\u00fcr mich typische M\u00e4rkische Licht \ud83d\ude42 Nach dem langanhaltenden Winter, meistens grau und diesig, kalt, saugt meine Seele alle Farben und W\u00e4rme intensiv auf. Und das steckt dann auch in meinen Fotos.<\/p>\n\n\n\n<p><br \/>Zur\u00fcck zum Rucksack. Der ist dabei so praktisch, den kann man nach vorne drehen und er wird von innen ge\u00f6ffnet. Da liegt er dann, vom H\u00fcftgurt gehalten, vor mir wie ein Tisch. Bereit zur Entnahme der Ger\u00e4te ohne ihn auf den Boden legen zu m\u00fcssen. Und trotz des recht hohen Gewichts macht er seinen Job fabelhaft. Ich r\u00fcstete mich mit den Kombis D800+2,8\/24-70VR f\u00fcr die Landschaften und der D750+5,6\/200-500VR f\u00fcr Tiere und Details.<\/p>\n\n\n\n<p>Update Februar 2021:<\/p>\n\n\n\n<p>Die beiden genannten Kameras wurden nun durch zwei Z7-Geh\u00e4use ersetzt, das 2,8\/24-70VR durch das Z 24-70\/S, was f\u00fcr eine Erleichterung. Und f\u00fcr kleinere Ausfl\u00fcge hat sich die Tasche Domke F-2 dazu gesellt. Der Rucksack bleibt nur noch zu Hause. Zu gro\u00df, zu schwer, unhandlich \ud83d\ude41<\/p>\n\n\n<div class=\"wp-block-image is-style-default\">\n<figure class=\"aligncenter\"><a href=\"https:\/\/liebke-foto.de\/maerkischeslicht\/wp-content\/uploads\/2018\/04\/FL88599_C1.jpg\"><img loading=\"lazy\" decoding=\"async\" width=\"1300\" height=\"868\" src=\"https:\/\/liebke-foto.de\/maerkischeslicht\/wp-content\/uploads\/2018\/04\/FL88599_C1.jpg\" alt=\"Blick \u00fcber den Krummer See nach Krummensee\" class=\"wp-image-2793\" srcset=\"https:\/\/liebke-foto.de\/maerkischeslicht\/wp-content\/uploads\/2018\/04\/FL88599_C1.jpg 1300w, https:\/\/liebke-foto.de\/maerkischeslicht\/wp-content\/uploads\/2018\/04\/FL88599_C1-1198x800.jpg 1198w, https:\/\/liebke-foto.de\/maerkischeslicht\/wp-content\/uploads\/2018\/04\/FL88599_C1-768x513.jpg 768w\" sizes=\"auto, (max-width: 1300px) 100vw, 1300px\" \/><\/a><figcaption class=\"wp-element-caption\">Blick \u00fcber den Krummer See nach Krummensee<\/figcaption><\/figure>\n<\/div>\n\n<div class=\"wp-block-image is-style-default\">\n<figure class=\"aligncenter\"><a href=\"https:\/\/liebke-foto.de\/maerkischeslicht\/wp-content\/uploads\/2018\/04\/FL88588_C1.jpg\"><img loading=\"lazy\" decoding=\"async\" width=\"1300\" height=\"868\" src=\"https:\/\/liebke-foto.de\/maerkischeslicht\/wp-content\/uploads\/2018\/04\/FL88588_C1.jpg\" alt=\"Der Krummer See bei Krummensee\" class=\"wp-image-2792\" srcset=\"https:\/\/liebke-foto.de\/maerkischeslicht\/wp-content\/uploads\/2018\/04\/FL88588_C1.jpg 1300w, https:\/\/liebke-foto.de\/maerkischeslicht\/wp-content\/uploads\/2018\/04\/FL88588_C1-1198x800.jpg 1198w, https:\/\/liebke-foto.de\/maerkischeslicht\/wp-content\/uploads\/2018\/04\/FL88588_C1-768x513.jpg 768w\" sizes=\"auto, (max-width: 1300px) 100vw, 1300px\" \/><\/a><figcaption class=\"wp-element-caption\">Der Krummer See bei Krummensee<\/figcaption><\/figure>\n<\/div>\n\n\n<p>Oben die ersten Aufnahmen (2) vom &#8222;Krummer See&#8220;, dann weiter in Richtung Sutschketal. Au\u00dfer ein paar weiteren Wanderern war keine Menschenseele unterwegs. Tierseelen aber zu Hauf, ein Gezwitscher, Geschnarre, Platschen, es war die reinste Freude f\u00fcr einen Naturliebhaber wie mich. Die Landschaften sind mit der D800 und den guten Nikkor-Objektiven immer perfekt. Nur f\u00fcr die ganz lange Optik ist diese Kamera mitunter zu langsam, auch und gerade im Autofokus. <\/p>\n\n\n\n<p>Und dabei leider oft nicht auf den Punkt scharf, den ich angepeilt hatte. Da schl\u00e4gt sich die D750 um L\u00e4ngen besser. Bei der hatte ich jetzt mal den Verfolgungsautofokus im 3-D-Modus probiert. Das klappt erstaunlich pr\u00e4zise! Ern\u00fcchterung kam dann aber bei l\u00e4ngster Brennweite und auf einmal von rechts einfliegende G\u00e4nse. Obwohl ich sie alle gut im Sucher hatte blieb der Autofokus auf den Hintergrund h\u00e4ngen, kein einziges Bild scharf \ud83d\ude41 Und das ist echt bl\u00f6d, da sollte doch wenn schon der Indikator das Tier erfasst es auch scharf abbilden k\u00f6nnen. War schon deprimierend f\u00fcr mich. Oder ist die Optik daf\u00fcr doch nicht schnell genug? Muss ich mal weiter beobachten, demn\u00e4chst. Bin auch gespannt ob die neue D850 das dann problemlos und sicher packt. Aber noch ist sie nicht bei mir&#8230;<\/p>\n\n\n\n<p><br \/>An meinem Lieblingsplatz mit der Rastbank angekommen schwamm das Schwanp\u00e4rchen wie zur Begr\u00fc\u00dfung zweimal ins Bild, was zum Foto (ganz oben) und auch zum Schwanportr\u00e4t langte. Unterwegs hatte ich das Gl\u00fcck eine nestbauende Schwanzmeise zu beobachten. Nach mehreren Versuchen blieb dann das nerv\u00f6se Tierchen einen Moment lang an einem Baum sitzen so dass mir auch ein Bild gelang. Am See selbst hoffte ich auf Ringelnattern zu treffen, die dort in der N\u00e4he sehr gerne ihre Lieblingspl\u00e4tze zum Sonnenbaden aufsuchen. <\/p>\n\n\n\n<p>Eine hatte ich dann zu Gesicht bekommen und durch gaaaanz langsames Heranpirschen, Kamera im Anschlag, lies sie es zu dass ich ihr fast zu nahe kam. Aufgeregt z\u00fcngelte sie, denn damit riecht sie ihre Umgebung und ihre K\u00f6rpersensoren sind so empfindlich, dass sie jede kleinste Trittbewegung von mir damit &#8222;h\u00f6rte&#8220;. Es war noch ein gan junges Tier, der Kopf gerade mal ca. 2cm gro\u00df. Dabei sch\u00e4tze ich die Naheinstellung meiner 500mm Brennweite, um doch ein ansprechendes Portr\u00e4t zu erhalten. Als ich noch ein St\u00fcckchen n\u00e4her wollte zog sie dann schnell schl\u00e4ngelnd ihren Tarnplatz unter abgeschnittenen Schilfresten vor. Sp\u00e4ter &#8222;erwischte&#8220; ich sie nochmal \ud83d\ude09<\/p>\n\n\n\n<p><br \/>Am See selbst war Stress, denn die Fr\u00fchlingsgef\u00fchle lassen der Tierwelt keine Zeit, es ist sp\u00e4t dran und die Gene sollen weitervererbt werden. Ein Entenpaar konnte ich das erste Mal bei der Balz und anschlie\u00dfender Hochzeit beobachten. Im Vorspiel umkreisen sich beide, wobei (auch beide abwechselnd) ihren Hals zusammenziehen und wieder strecken. Ein h\u00fcbscher Anblick. Dann schwimmt das bereite Weibchen los und der Erpel hinterher und auf sie drauf. Dabei schaut sie gerade noch knapp \u00fcber die Wasserfl\u00e4che. Nach &#8222;dem Akt&#8220; schwammen beide zur vorbereiteten Neststelle und putzten sich einvernehmlich.<\/p>\n\n\n\n<p><br \/>Ganz intesives Paaren sah ich in Ufern\u00e4he bei den Kr\u00f6ten. Die k\u00f6rperlich kleineren M\u00e4nnchen &#8222;buhlten&#8220; um ein bereites Weibchen, was im ganzen Uferbereich ein lautes Platschen hervorbrachte. Sehr aktiv im Wasser sind sie doch recht tr\u00e4ge auf dem Land unterwegs. Ich hielt mich sehr ruhig auf der Bank auf und beobachtete. Obwohl noch ein paar Meter von mir entfernt, brauchte ich nur die Kamera mit Tele zu schnell ans Auge zu nehmen und ein kleiner Wellenschlag war nur noch alles was an die Kr\u00f6te erinnerte. Es waren aber so viele unterwegs und so auf ihren Trieb konzentriert, dass es mir doch gelang mit etwas Geduld ein paar sch\u00f6ne Exemplare ins Bild zu bekommen.<\/p>\n\n\n\n<p>Nach ein paar wundersch\u00f6nen Stunden trat ich wieder den Heimweg an. Ich w\u00fcnschte mir manchmal dass die Naturfotografie allein genug Geld zum Leben einbringt. Da das aber nicht der Fall ist musste ich nun wieder zur\u00fcck an den Schreibtisch und die anderen Arbeiten erledigen. Es waren Momente, die ich nicht missen m\u00f6chte.<\/p>\n\n\n<div class=\"wp-block-image\">\n<figure class=\"aligncenter size-large\"><a href=\"https:\/\/liebke-foto.de\/maerkischeslicht\/wp-content\/uploads\/2018\/04\/DSC6711_C1.jpg\"><img loading=\"lazy\" decoding=\"async\" width=\"1300\" height=\"868\" src=\"https:\/\/liebke-foto.de\/maerkischeslicht\/wp-content\/uploads\/2018\/04\/DSC6711_C1.jpg\" alt=\"\" class=\"wp-image-2781\" srcset=\"https:\/\/liebke-foto.de\/maerkischeslicht\/wp-content\/uploads\/2018\/04\/DSC6711_C1.jpg 1300w, https:\/\/liebke-foto.de\/maerkischeslicht\/wp-content\/uploads\/2018\/04\/DSC6711_C1-1198x800.jpg 1198w, https:\/\/liebke-foto.de\/maerkischeslicht\/wp-content\/uploads\/2018\/04\/DSC6711_C1-768x513.jpg 768w\" sizes=\"auto, (max-width: 1300px) 100vw, 1300px\" \/><\/a><\/figure>\n<\/div>\n\n<div class=\"wp-block-image\">\n<figure class=\"aligncenter size-large\"><a href=\"https:\/\/liebke-foto.de\/maerkischeslicht\/wp-content\/uploads\/2018\/04\/DSC6732_C1.jpg\"><img loading=\"lazy\" decoding=\"async\" width=\"1300\" height=\"948\" src=\"https:\/\/liebke-foto.de\/maerkischeslicht\/wp-content\/uploads\/2018\/04\/DSC6732_C1.jpg\" alt=\"\" class=\"wp-image-2786\" srcset=\"https:\/\/liebke-foto.de\/maerkischeslicht\/wp-content\/uploads\/2018\/04\/DSC6732_C1.jpg 1300w, https:\/\/liebke-foto.de\/maerkischeslicht\/wp-content\/uploads\/2018\/04\/DSC6732_C1-1097x800.jpg 1097w, https:\/\/liebke-foto.de\/maerkischeslicht\/wp-content\/uploads\/2018\/04\/DSC6732_C1-768x560.jpg 768w\" sizes=\"auto, (max-width: 1300px) 100vw, 1300px\" \/><\/a><\/figure>\n<\/div>\n\n<div class=\"wp-block-image\">\n<figure class=\"aligncenter size-large\"><a href=\"https:\/\/liebke-foto.de\/maerkischeslicht\/wp-content\/uploads\/2018\/04\/DSC6718_C1.jpg\"><img loading=\"lazy\" decoding=\"async\" width=\"1300\" height=\"783\" src=\"https:\/\/liebke-foto.de\/maerkischeslicht\/wp-content\/uploads\/2018\/04\/DSC6718_C1.jpg\" alt=\"Ein Kleiber\" class=\"wp-image-2784\" srcset=\"https:\/\/liebke-foto.de\/maerkischeslicht\/wp-content\/uploads\/2018\/04\/DSC6718_C1.jpg 1300w, https:\/\/liebke-foto.de\/maerkischeslicht\/wp-content\/uploads\/2018\/04\/DSC6718_C1-768x463.jpg 768w\" sizes=\"auto, (max-width: 1300px) 100vw, 1300px\" \/><\/a><figcaption class=\"wp-element-caption\">Ein Kleiber<\/figcaption><\/figure>\n<\/div>\n\n<div class=\"wp-block-image\">\n<figure class=\"aligncenter size-large\"><a href=\"https:\/\/liebke-foto.de\/maerkischeslicht\/wp-content\/uploads\/2018\/04\/DSC6714_C1.jpg\"><img loading=\"lazy\" decoding=\"async\" width=\"1300\" height=\"868\" src=\"https:\/\/liebke-foto.de\/maerkischeslicht\/wp-content\/uploads\/2018\/04\/DSC6714_C1.jpg\" alt=\"\" class=\"wp-image-2783\" srcset=\"https:\/\/liebke-foto.de\/maerkischeslicht\/wp-content\/uploads\/2018\/04\/DSC6714_C1.jpg 1300w, https:\/\/liebke-foto.de\/maerkischeslicht\/wp-content\/uploads\/2018\/04\/DSC6714_C1-1198x800.jpg 1198w, https:\/\/liebke-foto.de\/maerkischeslicht\/wp-content\/uploads\/2018\/04\/DSC6714_C1-768x513.jpg 768w\" sizes=\"auto, (max-width: 1300px) 100vw, 1300px\" \/><\/a><\/figure>\n<\/div>\n\n<div class=\"wp-block-image\">\n<figure class=\"aligncenter size-large\"><a href=\"https:\/\/liebke-foto.de\/maerkischeslicht\/wp-content\/uploads\/2018\/04\/DSC6723_C1.jpg\"><img loading=\"lazy\" decoding=\"async\" width=\"1300\" height=\"868\" src=\"https:\/\/liebke-foto.de\/maerkischeslicht\/wp-content\/uploads\/2018\/04\/DSC6723_C1.jpg\" alt=\"Wunder der Natur\" class=\"wp-image-2785\" srcset=\"https:\/\/liebke-foto.de\/maerkischeslicht\/wp-content\/uploads\/2018\/04\/DSC6723_C1.jpg 1300w, https:\/\/liebke-foto.de\/maerkischeslicht\/wp-content\/uploads\/2018\/04\/DSC6723_C1-1198x800.jpg 1198w, https:\/\/liebke-foto.de\/maerkischeslicht\/wp-content\/uploads\/2018\/04\/DSC6723_C1-768x513.jpg 768w\" sizes=\"auto, (max-width: 1300px) 100vw, 1300px\" \/><\/a><figcaption class=\"wp-element-caption\">Wunder der Natur<\/figcaption><\/figure>\n<\/div>\n\n<div class=\"wp-block-image\">\n<figure class=\"aligncenter size-large\"><a href=\"https:\/\/liebke-foto.de\/maerkischeslicht\/wp-content\/uploads\/2018\/04\/DSC6713_C1.jpg\"><img loading=\"lazy\" decoding=\"async\" width=\"1300\" height=\"868\" src=\"https:\/\/liebke-foto.de\/maerkischeslicht\/wp-content\/uploads\/2018\/04\/DSC6713_C1.jpg\" alt=\"\" class=\"wp-image-2782\" srcset=\"https:\/\/liebke-foto.de\/maerkischeslicht\/wp-content\/uploads\/2018\/04\/DSC6713_C1.jpg 1300w, https:\/\/liebke-foto.de\/maerkischeslicht\/wp-content\/uploads\/2018\/04\/DSC6713_C1-1198x800.jpg 1198w, https:\/\/liebke-foto.de\/maerkischeslicht\/wp-content\/uploads\/2018\/04\/DSC6713_C1-768x513.jpg 768w\" sizes=\"auto, (max-width: 1300px) 100vw, 1300px\" \/><\/a><\/figure>\n<\/div>\n\n<div class=\"wp-block-image\">\n<figure class=\"aligncenter size-large\"><a href=\"https:\/\/liebke-foto.de\/maerkischeslicht\/wp-content\/uploads\/2018\/04\/DSC7038_C1.jpg\"><img loading=\"lazy\" decoding=\"async\" width=\"1300\" height=\"881\" src=\"https:\/\/liebke-foto.de\/maerkischeslicht\/wp-content\/uploads\/2018\/04\/DSC7038_C1.jpg\" alt=\"\" class=\"wp-image-2791\" srcset=\"https:\/\/liebke-foto.de\/maerkischeslicht\/wp-content\/uploads\/2018\/04\/DSC7038_C1.jpg 1300w, https:\/\/liebke-foto.de\/maerkischeslicht\/wp-content\/uploads\/2018\/04\/DSC7038_C1-1180x800.jpg 1180w, https:\/\/liebke-foto.de\/maerkischeslicht\/wp-content\/uploads\/2018\/04\/DSC7038_C1-768x520.jpg 768w\" sizes=\"auto, (max-width: 1300px) 100vw, 1300px\" \/><\/a><\/figure>\n<\/div>\n\n<div class=\"wp-block-image\">\n<figure class=\"aligncenter size-large\"><a href=\"https:\/\/liebke-foto.de\/maerkischeslicht\/wp-content\/uploads\/2018\/04\/DSC6838_C1.jpg\"><img loading=\"lazy\" decoding=\"async\" width=\"1300\" height=\"868\" src=\"https:\/\/liebke-foto.de\/maerkischeslicht\/wp-content\/uploads\/2018\/04\/DSC6838_C1.jpg\" alt=\"\" class=\"wp-image-2789\" srcset=\"https:\/\/liebke-foto.de\/maerkischeslicht\/wp-content\/uploads\/2018\/04\/DSC6838_C1.jpg 1300w, https:\/\/liebke-foto.de\/maerkischeslicht\/wp-content\/uploads\/2018\/04\/DSC6838_C1-1198x800.jpg 1198w, https:\/\/liebke-foto.de\/maerkischeslicht\/wp-content\/uploads\/2018\/04\/DSC6838_C1-768x513.jpg 768w\" sizes=\"auto, (max-width: 1300px) 100vw, 1300px\" \/><\/a><\/figure>\n<\/div>\n\n<div class=\"wp-block-image\">\n<figure class=\"aligncenter size-large\"><a href=\"https:\/\/liebke-foto.de\/maerkischeslicht\/wp-content\/uploads\/2018\/04\/DSC6792_C1.jpg\"><img loading=\"lazy\" decoding=\"async\" width=\"1300\" height=\"897\" src=\"https:\/\/liebke-foto.de\/maerkischeslicht\/wp-content\/uploads\/2018\/04\/DSC6792_C1.jpg\" alt=\"Auffliegender Erpel\" class=\"wp-image-2788\" srcset=\"https:\/\/liebke-foto.de\/maerkischeslicht\/wp-content\/uploads\/2018\/04\/DSC6792_C1.jpg 1300w, https:\/\/liebke-foto.de\/maerkischeslicht\/wp-content\/uploads\/2018\/04\/DSC6792_C1-1159x800.jpg 1159w, https:\/\/liebke-foto.de\/maerkischeslicht\/wp-content\/uploads\/2018\/04\/DSC6792_C1-768x530.jpg 768w\" sizes=\"auto, (max-width: 1300px) 100vw, 1300px\" \/><\/a><figcaption class=\"wp-element-caption\">Auffliegender Erpel<\/figcaption><\/figure>\n<\/div>\n\n<div class=\"wp-block-image\">\n<figure class=\"aligncenter size-large\"><a href=\"https:\/\/liebke-foto.de\/maerkischeslicht\/wp-content\/uploads\/2018\/04\/DSC6775_C1.jpg\"><img loading=\"lazy\" decoding=\"async\" width=\"1300\" height=\"851\" src=\"https:\/\/liebke-foto.de\/maerkischeslicht\/wp-content\/uploads\/2018\/04\/DSC6775_C1.jpg\" alt=\"Paarungsritual der Stockenten\" class=\"wp-image-2787\" srcset=\"https:\/\/liebke-foto.de\/maerkischeslicht\/wp-content\/uploads\/2018\/04\/DSC6775_C1.jpg 1300w, https:\/\/liebke-foto.de\/maerkischeslicht\/wp-content\/uploads\/2018\/04\/DSC6775_C1-1222x800.jpg 1222w, https:\/\/liebke-foto.de\/maerkischeslicht\/wp-content\/uploads\/2018\/04\/DSC6775_C1-768x503.jpg 768w\" sizes=\"auto, (max-width: 1300px) 100vw, 1300px\" \/><\/a><figcaption class=\"wp-element-caption\">Paarungsritual der Stockenten<\/figcaption><\/figure>\n<\/div>\n\n<div class=\"wp-block-image\">\n<figure class=\"aligncenter size-large\"><a href=\"https:\/\/liebke-foto.de\/maerkischeslicht\/wp-content\/uploads\/2018\/04\/DSC7002_C1.jpg\"><img loading=\"lazy\" decoding=\"async\" width=\"1300\" height=\"868\" src=\"https:\/\/liebke-foto.de\/maerkischeslicht\/wp-content\/uploads\/2018\/04\/DSC7002_C1.jpg\" alt=\"\" class=\"wp-image-2790\" srcset=\"https:\/\/liebke-foto.de\/maerkischeslicht\/wp-content\/uploads\/2018\/04\/DSC7002_C1.jpg 1300w, https:\/\/liebke-foto.de\/maerkischeslicht\/wp-content\/uploads\/2018\/04\/DSC7002_C1-1198x800.jpg 1198w, https:\/\/liebke-foto.de\/maerkischeslicht\/wp-content\/uploads\/2018\/04\/DSC7002_C1-768x513.jpg 768w\" sizes=\"auto, (max-width: 1300px) 100vw, 1300px\" \/><\/a><\/figure>\n<\/div>\n\n<div class=\"wp-block-image\">\n<figure class=\"aligncenter size-large\"><a href=\"https:\/\/liebke-foto.de\/maerkischeslicht\/wp-content\/uploads\/2018\/04\/30122253_1894802760558572_203185514_o.jpg\"><img loading=\"lazy\" decoding=\"async\" width=\"1776\" height=\"1332\" src=\"https:\/\/liebke-foto.de\/maerkischeslicht\/wp-content\/uploads\/2018\/04\/30122253_1894802760558572_203185514_o.jpg\" alt=\"Meine (alten) Nikons und der Fotorucksack von Lowepro\" class=\"wp-image-2800\" srcset=\"https:\/\/liebke-foto.de\/maerkischeslicht\/wp-content\/uploads\/2018\/04\/30122253_1894802760558572_203185514_o.jpg 1776w, https:\/\/liebke-foto.de\/maerkischeslicht\/wp-content\/uploads\/2018\/04\/30122253_1894802760558572_203185514_o-1067x800.jpg 1067w, https:\/\/liebke-foto.de\/maerkischeslicht\/wp-content\/uploads\/2018\/04\/30122253_1894802760558572_203185514_o-768x576.jpg 768w\" sizes=\"auto, (max-width: 1776px) 100vw, 1776px\" \/><\/a><figcaption class=\"wp-element-caption\">Meine (alten) Nikons und der Fotorucksack von Lowepro<\/figcaption><\/figure>\n<\/div>\n\n\n<div style=\"padding:20px\" class=\"wp-block-tnp-minimal\"><p>Subscribe to our newsletter!<\/p><div><div class=\"tnp tnp-subscription \">\n<form method=\"post\" action=\"https:\/\/liebke-foto.de\/maerkischeslicht\/wp-admin\/admin-ajax.php?action=tnp&amp;na=s\">\n<input type=\"hidden\" name=\"nlang\" value=\"\">\n<div class=\"tnp-field tnp-field-firstname\"><label for=\"tnp-1\">Vorname oder ganzer Name<\/label>\n<input class=\"tnp-name\" type=\"text\" name=\"nn\" id=\"tnp-1\" value=\"\" placeholder=\"\"><\/div>\n<div class=\"tnp-field tnp-field-email\"><label for=\"tnp-2\">Email<\/label>\n<input class=\"tnp-email\" type=\"email\" name=\"ne\" id=\"tnp-2\" value=\"\" placeholder=\"\" required><\/div>\n<div class=\"tnp-field tnp-privacy-field\"><label><input type=\"checkbox\" name=\"ny\" required class=\"tnp-privacy\"> Indem Du fortf\u00e4hrst, akzeptierst Du unsere Datenschutzerkl\u00e4rung.<\/label><\/div><div class=\"tnp-field tnp-field-button\" style=\"text-align: left\"><input class=\"tnp-submit\" type=\"submit\" value=\"Abonnieren\" style=\"\">\n<\/div>\n<\/form>\n<\/div>\n<\/div><\/div>\n\n\n\n\n","protected":false},"excerpt":{"rendered":"<p>Endlich Fr\u00fchling und eine Sonne aus einem durchgehend blauen Himmel. Dazu angenehme 16-22\u00b0, ideal f\u00fcr einen kleinen Ausflug ins nahe gelegene Naturschutzgebiet Sutschketal&#8230;<\/p>\n","protected":false},"author":1,"featured_media":2795,"comment_status":"open","ping_status":"closed","sticky":false,"template":"","format":"image","meta":{"footnotes":""},"categories":[66,10,4,12],"tags":[],"class_list":["post-2780","post","type-post","status-publish","format-image","has-post-thumbnail","hentry","category-landpartie","category-landschaft-mark-brandenburg-oberhavel-barnim","category-equipment","category-wildes-brandenburg","post_format-post-format-image"],"yoast_head":"<!-- This site is optimized with the Yoast SEO plugin v27.5 - https:\/\/yoast.com\/product\/yoast-seo-wordpress\/ -->\n<title>Ins Sutschketal mit Fotorucksack - M\u00e4rkisches Licht - Der Fotograf der Stille<\/title>\n<meta name=\"description\" content=\"Ins Sutschketal ging es mit Kameras und Fotorucksack. Ein Kleinod der Natur nahe Bestensee bei K\u00f6nigs Wusterhausen\" \/>\n<meta name=\"robots\" content=\"index, follow, max-snippet:-1, max-image-preview:large, max-video-preview:-1\" \/>\n<link rel=\"canonical\" href=\"https:\/\/liebke-foto.de\/maerkischeslicht\/ins-sutschketal-mit-fotorucksack\/\" \/>\n<meta property=\"og:locale\" content=\"de_DE\" \/>\n<meta property=\"og:type\" content=\"article\" \/>\n<meta property=\"og:title\" content=\"Ins Sutschketal mit Fotorucksack - M\u00e4rkisches Licht - Der Fotograf der Stille\" \/>\n<meta property=\"og:description\" content=\"Ins Sutschketal ging es mit Kameras und Fotorucksack. Ein Kleinod der Natur nahe Bestensee bei K\u00f6nigs Wusterhausen\" \/>\n<meta property=\"og:url\" content=\"https:\/\/liebke-foto.de\/maerkischeslicht\/ins-sutschketal-mit-fotorucksack\/\" \/>\n<meta property=\"og:site_name\" content=\"M\u00e4rkisches Licht - Der Fotograf der Stille\" \/>\n<meta property=\"article:published_time\" content=\"2018-04-10T10:19:26+00:00\" \/>\n<meta property=\"article:modified_time\" content=\"2023-01-10T07:25:33+00:00\" \/>\n<meta property=\"og:image\" content=\"https:\/\/liebke-foto.de\/maerkischeslicht\/wp-content\/uploads\/2018\/04\/FL88624_C1.jpg\" \/>\n\t<meta property=\"og:image:width\" content=\"1300\" \/>\n\t<meta property=\"og:image:height\" content=\"868\" \/>\n\t<meta property=\"og:image:type\" content=\"image\/jpeg\" \/>\n<meta name=\"author\" content=\"Frank Liebke\" \/>\n<meta name=\"twitter:card\" content=\"summary_large_image\" \/>\n<meta name=\"twitter:label1\" content=\"Verfasst von\" \/>\n\t<meta name=\"twitter:data1\" content=\"Frank Liebke\" \/>\n\t<meta name=\"twitter:label2\" content=\"Gesch\u00e4tzte Lesezeit\" \/>\n\t<meta name=\"twitter:data2\" content=\"9\u00a0Minuten\" \/>\n<script type=\"application\/ld+json\" class=\"yoast-schema-graph\">{\"@context\":\"https:\\\/\\\/schema.org\",\"@graph\":[{\"@type\":\"Article\",\"@id\":\"https:\\\/\\\/liebke-foto.de\\\/maerkischeslicht\\\/ins-sutschketal-mit-fotorucksack\\\/#article\",\"isPartOf\":{\"@id\":\"https:\\\/\\\/liebke-foto.de\\\/maerkischeslicht\\\/ins-sutschketal-mit-fotorucksack\\\/\"},\"author\":{\"name\":\"Frank Liebke\",\"@id\":\"https:\\\/\\\/liebke-foto.de\\\/maerkischeslicht\\\/#\\\/schema\\\/person\\\/d71108abc09a723daeeb8526a33137ee\"},\"headline\":\"Ins Sutschketal mit Fotorucksack\",\"datePublished\":\"2018-04-10T10:19:26+00:00\",\"dateModified\":\"2023-01-10T07:25:33+00:00\",\"mainEntityOfPage\":{\"@id\":\"https:\\\/\\\/liebke-foto.de\\\/maerkischeslicht\\\/ins-sutschketal-mit-fotorucksack\\\/\"},\"wordCount\":1048,\"commentCount\":0,\"publisher\":{\"@id\":\"https:\\\/\\\/liebke-foto.de\\\/maerkischeslicht\\\/#\\\/schema\\\/person\\\/d71108abc09a723daeeb8526a33137ee\"},\"image\":{\"@id\":\"https:\\\/\\\/liebke-foto.de\\\/maerkischeslicht\\\/ins-sutschketal-mit-fotorucksack\\\/#primaryimage\"},\"thumbnailUrl\":\"https:\\\/\\\/liebke-foto.de\\\/maerkischeslicht\\\/wp-content\\\/uploads\\\/2018\\\/04\\\/FL88624_C1.jpg\",\"articleSection\":[\"LANDpartie, unterwegs in der Mark Brandenburg\",\"Landschaft\",\"Technik\",\"Wildes Brandenburg\"],\"inLanguage\":\"de\",\"potentialAction\":[{\"@type\":\"CommentAction\",\"name\":\"Comment\",\"target\":[\"https:\\\/\\\/liebke-foto.de\\\/maerkischeslicht\\\/ins-sutschketal-mit-fotorucksack\\\/#respond\"]}]},{\"@type\":\"WebPage\",\"@id\":\"https:\\\/\\\/liebke-foto.de\\\/maerkischeslicht\\\/ins-sutschketal-mit-fotorucksack\\\/\",\"url\":\"https:\\\/\\\/liebke-foto.de\\\/maerkischeslicht\\\/ins-sutschketal-mit-fotorucksack\\\/\",\"name\":\"Ins Sutschketal mit Fotorucksack - M\u00e4rkisches Licht - Der Fotograf der Stille\",\"isPartOf\":{\"@id\":\"https:\\\/\\\/liebke-foto.de\\\/maerkischeslicht\\\/#website\"},\"primaryImageOfPage\":{\"@id\":\"https:\\\/\\\/liebke-foto.de\\\/maerkischeslicht\\\/ins-sutschketal-mit-fotorucksack\\\/#primaryimage\"},\"image\":{\"@id\":\"https:\\\/\\\/liebke-foto.de\\\/maerkischeslicht\\\/ins-sutschketal-mit-fotorucksack\\\/#primaryimage\"},\"thumbnailUrl\":\"https:\\\/\\\/liebke-foto.de\\\/maerkischeslicht\\\/wp-content\\\/uploads\\\/2018\\\/04\\\/FL88624_C1.jpg\",\"datePublished\":\"2018-04-10T10:19:26+00:00\",\"dateModified\":\"2023-01-10T07:25:33+00:00\",\"description\":\"Ins Sutschketal ging es mit Kameras und Fotorucksack. Ein Kleinod der Natur nahe Bestensee bei K\u00f6nigs Wusterhausen\",\"breadcrumb\":{\"@id\":\"https:\\\/\\\/liebke-foto.de\\\/maerkischeslicht\\\/ins-sutschketal-mit-fotorucksack\\\/#breadcrumb\"},\"inLanguage\":\"de\",\"potentialAction\":[{\"@type\":\"ReadAction\",\"target\":[\"https:\\\/\\\/liebke-foto.de\\\/maerkischeslicht\\\/ins-sutschketal-mit-fotorucksack\\\/\"]}]},{\"@type\":\"ImageObject\",\"inLanguage\":\"de\",\"@id\":\"https:\\\/\\\/liebke-foto.de\\\/maerkischeslicht\\\/ins-sutschketal-mit-fotorucksack\\\/#primaryimage\",\"url\":\"https:\\\/\\\/liebke-foto.de\\\/maerkischeslicht\\\/wp-content\\\/uploads\\\/2018\\\/04\\\/FL88624_C1.jpg\",\"contentUrl\":\"https:\\\/\\\/liebke-foto.de\\\/maerkischeslicht\\\/wp-content\\\/uploads\\\/2018\\\/04\\\/FL88624_C1.jpg\",\"width\":1300,\"height\":868},{\"@type\":\"BreadcrumbList\",\"@id\":\"https:\\\/\\\/liebke-foto.de\\\/maerkischeslicht\\\/ins-sutschketal-mit-fotorucksack\\\/#breadcrumb\",\"itemListElement\":[{\"@type\":\"ListItem\",\"position\":1,\"name\":\"Startseite\",\"item\":\"https:\\\/\\\/liebke-foto.de\\\/maerkischeslicht\\\/\"},{\"@type\":\"ListItem\",\"position\":2,\"name\":\"Ins Sutschketal mit Fotorucksack\"}]},{\"@type\":\"WebSite\",\"@id\":\"https:\\\/\\\/liebke-foto.de\\\/maerkischeslicht\\\/#website\",\"url\":\"https:\\\/\\\/liebke-foto.de\\\/maerkischeslicht\\\/\",\"name\":\"M\u00e4rkisches Licht - Der Fotograf der Stille\",\"description\":\"Die Liebe zum Leben...\",\"publisher\":{\"@id\":\"https:\\\/\\\/liebke-foto.de\\\/maerkischeslicht\\\/#\\\/schema\\\/person\\\/d71108abc09a723daeeb8526a33137ee\"},\"potentialAction\":[{\"@type\":\"SearchAction\",\"target\":{\"@type\":\"EntryPoint\",\"urlTemplate\":\"https:\\\/\\\/liebke-foto.de\\\/maerkischeslicht\\\/?s={search_term_string}\"},\"query-input\":{\"@type\":\"PropertyValueSpecification\",\"valueRequired\":true,\"valueName\":\"search_term_string\"}}],\"inLanguage\":\"de\"},{\"@type\":[\"Person\",\"Organization\"],\"@id\":\"https:\\\/\\\/liebke-foto.de\\\/maerkischeslicht\\\/#\\\/schema\\\/person\\\/d71108abc09a723daeeb8526a33137ee\",\"name\":\"Frank Liebke\",\"image\":{\"@type\":\"ImageObject\",\"inLanguage\":\"de\",\"@id\":\"https:\\\/\\\/liebke-foto.de\\\/maerkischeslicht\\\/wp-content\\\/uploads\\\/2021\\\/12\\\/IMG-20211024-WA0001.jpg\",\"url\":\"https:\\\/\\\/liebke-foto.de\\\/maerkischeslicht\\\/wp-content\\\/uploads\\\/2021\\\/12\\\/IMG-20211024-WA0001.jpg\",\"contentUrl\":\"https:\\\/\\\/liebke-foto.de\\\/maerkischeslicht\\\/wp-content\\\/uploads\\\/2021\\\/12\\\/IMG-20211024-WA0001.jpg\",\"width\":900,\"height\":1600,\"caption\":\"Frank Liebke\"},\"logo\":{\"@id\":\"https:\\\/\\\/liebke-foto.de\\\/maerkischeslicht\\\/wp-content\\\/uploads\\\/2021\\\/12\\\/IMG-20211024-WA0001.jpg\"},\"sameAs\":[\"https:\\\/\\\/liebke-foto.de\"],\"url\":\"https:\\\/\\\/liebke-foto.de\\\/maerkischeslicht\\\/author\\\/adminuser\\\/\"}]}<\/script>\n<!-- \/ Yoast SEO plugin. -->","yoast_head_json":{"title":"Ins Sutschketal mit Fotorucksack - M\u00e4rkisches Licht - Der Fotograf der Stille","description":"Ins Sutschketal ging es mit Kameras und Fotorucksack. Ein Kleinod der Natur nahe Bestensee bei K\u00f6nigs Wusterhausen","robots":{"index":"index","follow":"follow","max-snippet":"max-snippet:-1","max-image-preview":"max-image-preview:large","max-video-preview":"max-video-preview:-1"},"canonical":"https:\/\/liebke-foto.de\/maerkischeslicht\/ins-sutschketal-mit-fotorucksack\/","og_locale":"de_DE","og_type":"article","og_title":"Ins Sutschketal mit Fotorucksack - M\u00e4rkisches Licht - Der Fotograf der Stille","og_description":"Ins Sutschketal ging es mit Kameras und Fotorucksack. Ein Kleinod der Natur nahe Bestensee bei K\u00f6nigs Wusterhausen","og_url":"https:\/\/liebke-foto.de\/maerkischeslicht\/ins-sutschketal-mit-fotorucksack\/","og_site_name":"M\u00e4rkisches Licht - Der Fotograf der Stille","article_published_time":"2018-04-10T10:19:26+00:00","article_modified_time":"2023-01-10T07:25:33+00:00","og_image":[{"width":1300,"height":868,"url":"https:\/\/liebke-foto.de\/maerkischeslicht\/wp-content\/uploads\/2018\/04\/FL88624_C1.jpg","type":"image\/jpeg"}],"author":"Frank Liebke","twitter_card":"summary_large_image","twitter_misc":{"Verfasst von":"Frank Liebke","Gesch\u00e4tzte Lesezeit":"9\u00a0Minuten"},"schema":{"@context":"https:\/\/schema.org","@graph":[{"@type":"Article","@id":"https:\/\/liebke-foto.de\/maerkischeslicht\/ins-sutschketal-mit-fotorucksack\/#article","isPartOf":{"@id":"https:\/\/liebke-foto.de\/maerkischeslicht\/ins-sutschketal-mit-fotorucksack\/"},"author":{"name":"Frank Liebke","@id":"https:\/\/liebke-foto.de\/maerkischeslicht\/#\/schema\/person\/d71108abc09a723daeeb8526a33137ee"},"headline":"Ins Sutschketal mit Fotorucksack","datePublished":"2018-04-10T10:19:26+00:00","dateModified":"2023-01-10T07:25:33+00:00","mainEntityOfPage":{"@id":"https:\/\/liebke-foto.de\/maerkischeslicht\/ins-sutschketal-mit-fotorucksack\/"},"wordCount":1048,"commentCount":0,"publisher":{"@id":"https:\/\/liebke-foto.de\/maerkischeslicht\/#\/schema\/person\/d71108abc09a723daeeb8526a33137ee"},"image":{"@id":"https:\/\/liebke-foto.de\/maerkischeslicht\/ins-sutschketal-mit-fotorucksack\/#primaryimage"},"thumbnailUrl":"https:\/\/liebke-foto.de\/maerkischeslicht\/wp-content\/uploads\/2018\/04\/FL88624_C1.jpg","articleSection":["LANDpartie, unterwegs in der Mark Brandenburg","Landschaft","Technik","Wildes Brandenburg"],"inLanguage":"de","potentialAction":[{"@type":"CommentAction","name":"Comment","target":["https:\/\/liebke-foto.de\/maerkischeslicht\/ins-sutschketal-mit-fotorucksack\/#respond"]}]},{"@type":"WebPage","@id":"https:\/\/liebke-foto.de\/maerkischeslicht\/ins-sutschketal-mit-fotorucksack\/","url":"https:\/\/liebke-foto.de\/maerkischeslicht\/ins-sutschketal-mit-fotorucksack\/","name":"Ins Sutschketal mit Fotorucksack - M\u00e4rkisches Licht - Der Fotograf der Stille","isPartOf":{"@id":"https:\/\/liebke-foto.de\/maerkischeslicht\/#website"},"primaryImageOfPage":{"@id":"https:\/\/liebke-foto.de\/maerkischeslicht\/ins-sutschketal-mit-fotorucksack\/#primaryimage"},"image":{"@id":"https:\/\/liebke-foto.de\/maerkischeslicht\/ins-sutschketal-mit-fotorucksack\/#primaryimage"},"thumbnailUrl":"https:\/\/liebke-foto.de\/maerkischeslicht\/wp-content\/uploads\/2018\/04\/FL88624_C1.jpg","datePublished":"2018-04-10T10:19:26+00:00","dateModified":"2023-01-10T07:25:33+00:00","description":"Ins Sutschketal ging es mit Kameras und Fotorucksack. Ein Kleinod der Natur nahe Bestensee bei K\u00f6nigs Wusterhausen","breadcrumb":{"@id":"https:\/\/liebke-foto.de\/maerkischeslicht\/ins-sutschketal-mit-fotorucksack\/#breadcrumb"},"inLanguage":"de","potentialAction":[{"@type":"ReadAction","target":["https:\/\/liebke-foto.de\/maerkischeslicht\/ins-sutschketal-mit-fotorucksack\/"]}]},{"@type":"ImageObject","inLanguage":"de","@id":"https:\/\/liebke-foto.de\/maerkischeslicht\/ins-sutschketal-mit-fotorucksack\/#primaryimage","url":"https:\/\/liebke-foto.de\/maerkischeslicht\/wp-content\/uploads\/2018\/04\/FL88624_C1.jpg","contentUrl":"https:\/\/liebke-foto.de\/maerkischeslicht\/wp-content\/uploads\/2018\/04\/FL88624_C1.jpg","width":1300,"height":868},{"@type":"BreadcrumbList","@id":"https:\/\/liebke-foto.de\/maerkischeslicht\/ins-sutschketal-mit-fotorucksack\/#breadcrumb","itemListElement":[{"@type":"ListItem","position":1,"name":"Startseite","item":"https:\/\/liebke-foto.de\/maerkischeslicht\/"},{"@type":"ListItem","position":2,"name":"Ins Sutschketal mit Fotorucksack"}]},{"@type":"WebSite","@id":"https:\/\/liebke-foto.de\/maerkischeslicht\/#website","url":"https:\/\/liebke-foto.de\/maerkischeslicht\/","name":"M\u00e4rkisches Licht - Der Fotograf der Stille","description":"Die Liebe zum Leben...","publisher":{"@id":"https:\/\/liebke-foto.de\/maerkischeslicht\/#\/schema\/person\/d71108abc09a723daeeb8526a33137ee"},"potentialAction":[{"@type":"SearchAction","target":{"@type":"EntryPoint","urlTemplate":"https:\/\/liebke-foto.de\/maerkischeslicht\/?s={search_term_string}"},"query-input":{"@type":"PropertyValueSpecification","valueRequired":true,"valueName":"search_term_string"}}],"inLanguage":"de"},{"@type":["Person","Organization"],"@id":"https:\/\/liebke-foto.de\/maerkischeslicht\/#\/schema\/person\/d71108abc09a723daeeb8526a33137ee","name":"Frank Liebke","image":{"@type":"ImageObject","inLanguage":"de","@id":"https:\/\/liebke-foto.de\/maerkischeslicht\/wp-content\/uploads\/2021\/12\/IMG-20211024-WA0001.jpg","url":"https:\/\/liebke-foto.de\/maerkischeslicht\/wp-content\/uploads\/2021\/12\/IMG-20211024-WA0001.jpg","contentUrl":"https:\/\/liebke-foto.de\/maerkischeslicht\/wp-content\/uploads\/2021\/12\/IMG-20211024-WA0001.jpg","width":900,"height":1600,"caption":"Frank Liebke"},"logo":{"@id":"https:\/\/liebke-foto.de\/maerkischeslicht\/wp-content\/uploads\/2021\/12\/IMG-20211024-WA0001.jpg"},"sameAs":["https:\/\/liebke-foto.de"],"url":"https:\/\/liebke-foto.de\/maerkischeslicht\/author\/adminuser\/"}]}},"_links":{"self":[{"href":"https:\/\/liebke-foto.de\/maerkischeslicht\/wp-json\/wp\/v2\/posts\/2780","targetHints":{"allow":["GET"]}}],"collection":[{"href":"https:\/\/liebke-foto.de\/maerkischeslicht\/wp-json\/wp\/v2\/posts"}],"about":[{"href":"https:\/\/liebke-foto.de\/maerkischeslicht\/wp-json\/wp\/v2\/types\/post"}],"author":[{"embeddable":true,"href":"https:\/\/liebke-foto.de\/maerkischeslicht\/wp-json\/wp\/v2\/users\/1"}],"replies":[{"embeddable":true,"href":"https:\/\/liebke-foto.de\/maerkischeslicht\/wp-json\/wp\/v2\/comments?post=2780"}],"version-history":[{"count":12,"href":"https:\/\/liebke-foto.de\/maerkischeslicht\/wp-json\/wp\/v2\/posts\/2780\/revisions"}],"predecessor-version":[{"id":6834,"href":"https:\/\/liebke-foto.de\/maerkischeslicht\/wp-json\/wp\/v2\/posts\/2780\/revisions\/6834"}],"wp:featuredmedia":[{"embeddable":true,"href":"https:\/\/liebke-foto.de\/maerkischeslicht\/wp-json\/wp\/v2\/media\/2795"}],"wp:attachment":[{"href":"https:\/\/liebke-foto.de\/maerkischeslicht\/wp-json\/wp\/v2\/media?parent=2780"}],"wp:term":[{"taxonomy":"category","embeddable":true,"href":"https:\/\/liebke-foto.de\/maerkischeslicht\/wp-json\/wp\/v2\/categories?post=2780"},{"taxonomy":"post_tag","embeddable":true,"href":"https:\/\/liebke-foto.de\/maerkischeslicht\/wp-json\/wp\/v2\/tags?post=2780"}],"curies":[{"name":"wp","href":"https:\/\/api.w.org\/{rel}","templated":true}]}}